{"id":44577,"date":"2019-02-28T19:00:05","date_gmt":"2019-02-28T17:00:05","guid":{"rendered":"https:\/\/blog.cofb.cat\/?p=44577"},"modified":"2019-02-28T19:00:05","modified_gmt":"2019-02-28T17:00:05","slug":"infarma-solidari-recaptara-fons-per-dotar-amb-mes-recursos-el-servei-de-farmacia-de-lhospital-de-gambo-detiopia","status":"publish","type":"post","link":"https:\/\/www.cofb.org\/es\/2019\/02\/28\/infarma-solidari-recaptara-fons-per-dotar-amb-mes-recursos-el-servei-de-farmacia-de-lhospital-de-gambo-detiopia\/","title":{"rendered":"Infarma Solidario recaudar\u00e1 fondos para dotar de m\u00e1s recursos al servicio de Farmacia del Hospital de Gambo de Etiop\u00eda"},"content":{"rendered":"<p>En el marco de<a href=\"https:\/\/www.infarma.es\/\" target=\"_blank\" rel=\"noopener\">Infarma<\/a>, que se celebrar\u00e1 del 19 al 21 de marzo, tendr\u00e1 lugar, un a\u00f1o m\u00e1s, la iniciativa Infarma Solidario. Este a\u00f1o, el proyecto <strong>&quot;Supervisi\u00f3n del servicio de Farmacia del Hospital de Gambo&quot;<\/strong>, de la <a href=\"https:\/\/www.fundacionelalto.es\/\" target=\"_blank\" rel=\"noopener\">Fundaci\u00f3n El Alto<\/a>, ha recibido la <strong>m\u00e1xima puntuaci\u00f3n<\/strong> en la convocatoria p\u00fablica realizada por esta iniciativa solidaria.<\/p>\n<p>As\u00ed pues, recibir\u00e1 los recursos obtenidos con la venta de entradas (disponibles en\u00a0<a href=\"https:\/\/www.infarma.es\/infarma-solidario\" target=\"_blank\" rel=\"noopener\">www.infarma.es\/infarma-solidario<\/a>) y los patrocinios del <strong>concierto ben\u00e9fico<\/strong> que el grupo <strong>Los Manolos<\/strong> ofrecer\u00e1 a la <strong>Sala Luz de Gas<\/strong> el <strong>pr\u00f3ximo 19 de marzo<\/strong>. En caso de que la cantidad recaudada supere la que el ganador ha presupuestado, la cantidad restante se repartir\u00e1 a partes iguales entre el resto de proyectos finalistas.<\/p>\n<figure id=\"attachment_44597\" aria-describedby=\"caption-attachment-44597\" style=\"width: 711px\" class=\"wp-caption aligncenter\"><a href=\"https:\/\/blog.cofb.cat\/wp-content\/uploads\/2019\/02\/El-Alto-4.jpg\"><img fetchpriority=\"high\" decoding=\"async\" class=\"wp-image-44597 size-full\" src=\"https:\/\/blog.cofb.cat\/wp-content\/uploads\/2019\/02\/El-Alto-4.jpg\" alt=\"\" width=\"711\" height=\"533\" \/><\/a><figcaption id=\"caption-attachment-44597\" class=\"wp-caption-text\">Infarma Solidario ha seleccionado el proyecto &quot;Supervisi\u00f3n del servicio de Farmacia del Hospital de Gambo&quot; de la Fundaci\u00f3n El Alto.<\/figcaption><\/figure>\n<h1><span style=\"color: #008080;\"><strong>Objetivos y l\u00edneas de actuaci\u00f3n del proyecto seleccionado<\/strong><\/span><\/h1>\n<p>La Fundaci\u00f3n El Alto trabaja en la <strong>mejora de las condiciones sanitarias de varios hospitales de \u00c1frica<\/strong>, implantando un servicio de Farmacia Hospitalaria que cumpla con las normas internacionales de calidad. El <strong>proyecto seleccionado<\/strong> por Infarma Solidario parte de <strong>dos grandes objetivos<\/strong>: la <strong>capacitaci\u00f3n farmac\u00e9utica en el medio rural et\u00edope<\/strong> y la <strong>mejora de la gesti\u00f3n farmac\u00e9utica en el Hospital General Rural de Gambo<\/strong>.<\/p>\n<p>Estos <strong>objetivos<\/strong>, a su vez, se traducen en <strong>5 l\u00edneas de actuaci\u00f3n centradas en el Hospital General Rural de Gambo<\/strong>:<\/p>\n<ul>\n<li>integraci\u00f3n y consolidaci\u00f3n del programa formador de formadores<\/li>\n<li>supervisi\u00f3n de la medicina tradicional<\/li>\n<li>supervisi\u00f3n, consolidaci\u00f3n e integraci\u00f3n de la gesti\u00f3n del Servicio de Farmacia<\/li>\n<li>supervisi\u00f3n y consolidaci\u00f3n del equipo de profesionales locales que trabajan en el servicio de Farmacia Hospitalaria<\/li>\n<li>supervisi\u00f3n e implantaci\u00f3n de una Oficina de Farmacia para poder suministrar los medicamentos a pacientes que los necesitan y est\u00e1n muy alejados geogr\u00e1ficamente del Hospital, y donde tambi\u00e9n se ofrecer\u00e1 educaci\u00f3n sanitaria<\/li>\n<\/ul>\n<figure id=\"attachment_44596\" aria-describedby=\"caption-attachment-44596\" style=\"width: 885px\" class=\"wp-caption aligncenter\"><a href=\"https:\/\/blog.cofb.cat\/wp-content\/uploads\/2019\/02\/El-Alto-2.jpg\"><img decoding=\"async\" class=\"wp-image-44596 size-full\" title=\"La Fundaci\u00f3n El Alto trabaja en la mejora de las condiciones sanitarias de varios hospitales de \u00c1frica.\" src=\"https:\/\/blog.cofb.cat\/wp-content\/uploads\/2019\/02\/El-Alto-2.jpg\" alt=\"La Fundaci\u00f3 El Alto treballa en la millora de les condicions sanit\u00e0ries de diversos hospitals de l\u2019\u00c0frica.\" width=\"885\" height=\"666\" \/><\/a><figcaption id=\"caption-attachment-44596\" class=\"wp-caption-text\">La Fundaci\u00f3n El Alto trabaja en la mejora de las condiciones sanitarias de varios hospitales de \u00c1frica.<\/figcaption><\/figure>\n<div class=\"box success\"><\/div>\n<h1><span style=\"color: #008080;\"><strong>Prop\u00f3sitos de Infarma Solidario<\/strong><\/span><\/h1>\n<ul>\n<li>Concienciar de la <strong>necesidad de dedicar esfuerzos al compromiso social<\/strong><\/li>\n<li><strong>Divulgar la acci\u00f3n social y solidaria de los distintos agentes del sector farmac\u00e9utico\u00a0<\/strong>que participan en las actividades de Infarma<\/li>\n<li>Organizar actividades con el fin de <strong>recaudar fondos solidarios destinados \u00edntegramente a la financiaci\u00f3n de proyectos de \u00e1mbito humanitario y social<\/strong><\/li>\n<\/ul>\n<\/div>\n<h1><span style=\"color: #008080;\"><strong>P\u00f3steres de Responsabilidad Social Corporativa de los expositores<\/strong><\/span><\/h1>\n<p><strong>Infarma Solidario<\/strong> ofrece la oportunidad a los <strong>expositores que lo deseen de poder mostrar sus acciones m\u00e1s relevantes de Responsabilidad Social Corporativa<\/strong> a todos los congresistas y visitantes. Los expositores pueden presentar tantos p\u00f3sters como consideren, teniendo en cuenta que cada p\u00f3ster debe centrarse en un solo proyecto.<\/p>\n<div class=\"destacat-blog\">\n<p>Los <strong>patrocinios confirmados<\/strong> hasta el momento son <strong>A-Derma, Av\u00e8ne, Ducray, Elancyl, Exeltis, Gal\u00e9nico, Klorane, Pierre Fabre <\/strong>y<strong> Rene Furterer<\/strong> como <strong>patrocinadores oro<\/strong>; <strong>Cinfa<\/strong> y <strong>Grupo Hefame<\/strong> como <strong>patrocinadores plata<\/strong> y <strong>Farmaconsulting Transacciones, <\/strong>fede<strong>farma <\/strong>y el <strong>Consejo General de Colegios Oficiales de Farmac\u00e9uticos<\/strong>\u00a0como <strong>patrocinador bronce<\/strong>. Adem\u00e1s, tiene la colaboraci\u00f3n de la <strong>Sala Luz de Gas<\/strong> y de<strong>El Global<\/strong> .<\/p>\n<p><a href=\"https:\/\/blog.cofb.cat\/wp-content\/uploads\/2019\/02\/Patrocinadors-Infarma-Solidario-Ok-270319.jpg\"><img decoding=\"async\" class=\"aligncenter size-full wp-image-44979\" src=\"https:\/\/blog.cofb.cat\/wp-content\/uploads\/2019\/02\/Patrocinadors-Infarma-Solidario-Ok-270319.jpg\" alt=\"\" width=\"756\" height=\"411\" \/><\/a><span style=\"color: #993366;\"><strong>Aquellos laboratorios o instituciones que deseen colaborar con el concierto solidario pueden hacerlo hasta el 4 de marzo.<\/strong><\/span><\/p>\n<\/div>\n<p style=\"text-align: center;\"><strong>Puede consultar <a href=\"http:\/\/www.cofb.org\/es\/web\/guest\/Noticia\/-\/journal_content\/56_INSTANCE_V6ao\/10136\/1087729\/\" target=\"_blank\" rel=\"noopener\">aqu\u00ed<\/a> la nota de prensa enviada a los medios de comunicaci\u00f3n.\u00a0<\/strong><\/p>\n<p><strong>Otras publicaciones de inter\u00e9s:<\/strong><\/p>\n<ul>\n<li><a href=\"https:\/\/blog.cofb.cat\/infarma-solidari-recapta-mes-de-15-400e-per-impulsar-quatre-projectes-benefics-relacionats-amb-la-farmacia\/\" target=\"_blank\" rel=\"noopener\">Infarma Solidario recauda m\u00e1s de 15.400 \u20ac para impulsar cuatro proyectos ben\u00e9ficos relacionados con la farmacia (Mayo 2017)<\/a><\/li>\n<li><a href=\"https:\/\/blog.cofb.cat\/infarma-solidari-farmaidearium-compromis-social-xarxes-socials\/\" target=\"_blank\" rel=\"noopener\">Infarma Solidario y #Farmaidearium: compromiso social y redes sociales (Marzo 2017)<\/a><\/li>\n<\/ul>","protected":false},"excerpt":{"rendered":"<p>En el marco de Infarma, que se celebrar\u00e1 del 19 al 21 de marzo, tendr\u00e1 lugar, un a\u00f1o m\u00e1s, la iniciativa Infarma Solidari. Este a\u00f1o, el proyecto &quot;Supervisi\u00f3n del servicio de Farmacia del Hospital de Gambo&quot;, de la Fundaci\u00f3n El Alto, ha recibido la m\u00e1xima puntuaci\u00f3n en la convocatoria p\u00fablica realizada por \u00e9sta [\u2026]<\/p>","protected":false},"author":1,"featured_media":44621,"comment_status":"open","ping_status":"open","sticky":false,"template":"","format":"standard","meta":{"_uag_custom_page_level_css":"","site-sidebar-layout":"default","site-content-layout":"","ast-site-content-layout":"default","site-content-style":"default","site-sidebar-style":"default","ast-global-header-display":"","ast-banner-title-visibility":"","ast-main-header-display":"","ast-hfb-above-header-display":"","ast-hfb-below-header-display":"","ast-hfb-mobile-header-display":"","site-post-title":"","ast-breadcrumbs-content":"","ast-featured-img":"disabled","footer-sml-layout":"","theme-transparent-header-meta":"","adv-header-id-meta":"","stick-header-meta":"","header-above-stick-meta":"","header-main-stick-meta":"","header-below-stick-meta":"","astra-migrate-meta-layouts":"default","ast-page-background-enabled":"default","ast-page-background-meta":{"desktop":{"background-color":"var(--ast-global-color-4)","background-image":"","background-repeat":"repeat","background-position":"center center","background-size":"auto","background-attachment":"scroll","background-type":"","background-media":"","overlay-type":"","overlay-color":"","overlay-opacity":"","overlay-gradient":""},"tablet":{"background-color":"","background-image":"","background-repeat":"repeat","background-position":"center center","background-size":"auto","background-attachment":"scroll","background-type":"","background-media":"","overlay-type":"","overlay-color":"","overlay-opacity":"","overlay-gradient":""},"mobile":{"background-color":"","background-image":"","background-repeat":"repeat","background-position":"center center","background-size":"auto","background-attachment":"scroll","background-type":"","background-media":"","overlay-type":"","overlay-color":"","overlay-opacity":"","overlay-gradient":""}},"ast-content-background-meta":{"desktop":{"background-color":"var(--ast-global-color-5)","background-image":"","background-repeat":"repeat","background-position":"center center","background-size":"auto","background-attachment":"scroll","background-type":"","background-media":"","overlay-type":"","overlay-color":"","overlay-opacity":"","overlay-gradient":""},"tablet":{"background-color":"var(--ast-global-color-5)","background-image":"","background-repeat":"repeat","background-position":"center center","background-size":"auto","background-attachment":"scroll","background-type":"","background-media":"","overlay-type":"","overlay-color":"","overlay-opacity":"","overlay-gradient":""},"mobile":{"background-color":"var(--ast-global-color-5)","background-image":"","background-repeat":"repeat","background-position":"center center","background-size":"auto","background-attachment":"scroll","background-type":"","background-media":"","overlay-type":"","overlay-color":"","overlay-opacity":"","overlay-gradient":""}},"footnotes":""},"categories":[2165],"tags":[18,19,2521,160,234,2717,111,187,53,69,28,3176,29,164,3448,3109,586],"class_list":["post-44577","post","type-post","status-publish","format-standard","has-post-thumbnail","hentry","category-infarma","tag-cofb","tag-collegi-de-farmaceutics-de-barcelona","tag-comissio-compromis-social","tag-compromis-social","tag-concert-benefic","tag-concert-solidari","tag-congres","tag-congres-i-salo","tag-farmaceutics","tag-farmacia-comunitaria","tag-infarma","tag-infarma-2019","tag-infarma-barcelona","tag-infarma-solidari","tag-iniciativa-benefica","tag-professionals-farmaceutics","tag-solidaritat"],"yoast_head":"<!-- This site is optimized with the Yoast SEO plugin v22.4 - https:\/\/yoast.com\/wordpress\/plugins\/seo\/ -->\n<title>Infarma Solidari recaptar\u00e0 fons per dotar de m\u00e9s recursos el servei de Farm\u00e0cia de l&#039;Hospital de Gambo d&#039;Eti\u00f2pia - Col\u00b7legi de Farmac\u00e8utics de Barcelona<\/title>\n<meta name=\"description\" content=\"En el marc d&#039;Infarma, que se celebrar\u00e0 del 19 al 21 de mar\u00e7, tindr\u00e0 lloc, un any m\u00e9s, la inciativa Infarma Solidari.\" \/>\n<meta name=\"robots\" content=\"index, follow, max-snippet:-1, max-image-preview:large, max-video-preview:-1\" \/>\n<link rel=\"canonical\" href=\"https:\/\/www.cofb.org\/es\/2019\/02\/28\/infarma-solidari-recaptara-fons-per-dotar-amb-mes-recursos-el-servei-de-farmacia-de-lhospital-de-gambo-detiopia\/\" \/>\n<meta property=\"og:locale\" content=\"es_ES\" \/>\n<meta property=\"og:type\" content=\"article\" \/>\n<meta property=\"og:title\" content=\"Infarma Solidari recaptar\u00e0 fons per dotar de m\u00e9s recursos el servei de Farm\u00e0cia de l&#039;Hospital de Gambo d&#039;Eti\u00f2pia - Col\u00b7legi de Farmac\u00e8utics de Barcelona\" \/>\n<meta property=\"og:description\" content=\"En el marc d&#039;Infarma, que se celebrar\u00e0 del 19 al 21 de mar\u00e7, tindr\u00e0 lloc, un any m\u00e9s, la inciativa Infarma Solidari.\" \/>\n<meta property=\"og:url\" content=\"https:\/\/www.cofb.org\/es\/2019\/02\/28\/infarma-solidari-recaptara-fons-per-dotar-amb-mes-recursos-el-servei-de-farmacia-de-lhospital-de-gambo-detiopia\/\" \/>\n<meta property=\"og:site_name\" content=\"Col\u00b7legi de Farmac\u00e8utics de Barcelona\" \/>\n<meta property=\"article:publisher\" content=\"https:\/\/www.facebook.com\/farmaceuticsbcn\/\" \/>\n<meta property=\"article:published_time\" content=\"2019-02-28T17:00:05+00:00\" \/>\n<meta name=\"author\" content=\"wpAdminCofbOrg\" \/>\n<meta name=\"twitter:card\" content=\"summary_large_image\" \/>\n<meta name=\"twitter:creator\" content=\"@farmaceuticsbcn\" \/>\n<meta name=\"twitter:site\" content=\"@farmaceuticsbcn\" \/>\n<meta name=\"twitter:label1\" content=\"Escrito por\" \/>\n\t<meta name=\"twitter:data1\" content=\"wpAdminCofbOrg\" \/>\n\t<meta name=\"twitter:label2\" content=\"Tiempo de lectura\" \/>\n\t<meta name=\"twitter:data2\" content=\"3 minutos\" \/>\n<script type=\"application\/ld+json\" class=\"yoast-schema-graph\">{\"@context\":\"https:\/\/schema.org\",\"@graph\":[{\"@type\":\"Article\",\"@id\":\"https:\/\/www.cofb.org\/2019\/02\/28\/infarma-solidari-recaptara-fons-per-dotar-amb-mes-recursos-el-servei-de-farmacia-de-lhospital-de-gambo-detiopia\/#article\",\"isPartOf\":{\"@id\":\"https:\/\/www.cofb.org\/2019\/02\/28\/infarma-solidari-recaptara-fons-per-dotar-amb-mes-recursos-el-servei-de-farmacia-de-lhospital-de-gambo-detiopia\/\"},\"author\":{\"name\":\"wpAdminCofbOrg\",\"@id\":\"https:\/\/www.cofb.org\/#\/schema\/person\/22ed7eea88da74b0fa4d3154ad87ffcb\"},\"headline\":\"Infarma Solidari recaptar\u00e0 fons per dotar de m\u00e9s recursos el servei de Farm\u00e0cia de l&#8217;Hospital de Gambo d&#8217;Eti\u00f2pia\",\"datePublished\":\"2019-02-28T17:00:05+00:00\",\"dateModified\":\"2019-02-28T17:00:05+00:00\",\"mainEntityOfPage\":{\"@id\":\"https:\/\/www.cofb.org\/2019\/02\/28\/infarma-solidari-recaptara-fons-per-dotar-amb-mes-recursos-el-servei-de-farmacia-de-lhospital-de-gambo-detiopia\/\"},\"wordCount\":641,\"commentCount\":0,\"publisher\":{\"@id\":\"https:\/\/www.cofb.org\/#organization\"},\"image\":{\"@id\":\"https:\/\/www.cofb.org\/2019\/02\/28\/infarma-solidari-recaptara-fons-per-dotar-amb-mes-recursos-el-servei-de-farmacia-de-lhospital-de-gambo-detiopia\/#primaryimage\"},\"thumbnailUrl\":\"\",\"keywords\":[\"COFB\",\"Col\u00b7legi de Farmac\u00e8utics de Barcelona\",\"Comissi\u00f3 Comprom\u00eds Social\",\"comprom\u00eds social\",\"concert ben\u00e8fic\",\"concert solidari\",\"Congr\u00e8s\",\"Congr\u00e9s i Sal\u00f3\",\"farmac\u00e8utics\",\"farm\u00e0cia comunit\u00e0ria\",\"Infarma\",\"Infarma 2019\",\"Infarma Barcelona\",\"Infarma Solidari\",\"iniciativa ben\u00e8fica\",\"professionals farmac\u00e8utics\",\"solidaritat\"],\"articleSection\":[\"Infarma\"],\"inLanguage\":\"es\",\"potentialAction\":[{\"@type\":\"CommentAction\",\"name\":\"Comment\",\"target\":[\"https:\/\/www.cofb.org\/2019\/02\/28\/infarma-solidari-recaptara-fons-per-dotar-amb-mes-recursos-el-servei-de-farmacia-de-lhospital-de-gambo-detiopia\/#respond\"]}]},{\"@type\":\"WebPage\",\"@id\":\"https:\/\/www.cofb.org\/2019\/02\/28\/infarma-solidari-recaptara-fons-per-dotar-amb-mes-recursos-el-servei-de-farmacia-de-lhospital-de-gambo-detiopia\/\",\"url\":\"https:\/\/www.cofb.org\/2019\/02\/28\/infarma-solidari-recaptara-fons-per-dotar-amb-mes-recursos-el-servei-de-farmacia-de-lhospital-de-gambo-detiopia\/\",\"name\":\"Infarma Solidari recaptar\u00e0 fons per dotar de m\u00e9s recursos el servei de Farm\u00e0cia de l'Hospital de Gambo d'Eti\u00f2pia - Col\u00b7legi de Farmac\u00e8utics de Barcelona\",\"isPartOf\":{\"@id\":\"https:\/\/www.cofb.org\/#website\"},\"primaryImageOfPage\":{\"@id\":\"https:\/\/www.cofb.org\/2019\/02\/28\/infarma-solidari-recaptara-fons-per-dotar-amb-mes-recursos-el-servei-de-farmacia-de-lhospital-de-gambo-detiopia\/#primaryimage\"},\"image\":{\"@id\":\"https:\/\/www.cofb.org\/2019\/02\/28\/infarma-solidari-recaptara-fons-per-dotar-amb-mes-recursos-el-servei-de-farmacia-de-lhospital-de-gambo-detiopia\/#primaryimage\"},\"thumbnailUrl\":\"\",\"datePublished\":\"2019-02-28T17:00:05+00:00\",\"dateModified\":\"2019-02-28T17:00:05+00:00\",\"description\":\"En el marc d'Infarma, que se celebrar\u00e0 del 19 al 21 de mar\u00e7, tindr\u00e0 lloc, un any m\u00e9s, la inciativa Infarma Solidari.\",\"breadcrumb\":{\"@id\":\"https:\/\/www.cofb.org\/2019\/02\/28\/infarma-solidari-recaptara-fons-per-dotar-amb-mes-recursos-el-servei-de-farmacia-de-lhospital-de-gambo-detiopia\/#breadcrumb\"},\"inLanguage\":\"es\",\"potentialAction\":[{\"@type\":\"ReadAction\",\"target\":[\"https:\/\/www.cofb.org\/2019\/02\/28\/infarma-solidari-recaptara-fons-per-dotar-amb-mes-recursos-el-servei-de-farmacia-de-lhospital-de-gambo-detiopia\/\"]}]},{\"@type\":\"ImageObject\",\"inLanguage\":\"es\",\"@id\":\"https:\/\/www.cofb.org\/2019\/02\/28\/infarma-solidari-recaptara-fons-per-dotar-amb-mes-recursos-el-servei-de-farmacia-de-lhospital-de-gambo-detiopia\/#primaryimage\",\"url\":\"\",\"contentUrl\":\"\"},{\"@type\":\"BreadcrumbList\",\"@id\":\"https:\/\/www.cofb.org\/2019\/02\/28\/infarma-solidari-recaptara-fons-per-dotar-amb-mes-recursos-el-servei-de-farmacia-de-lhospital-de-gambo-detiopia\/#breadcrumb\",\"itemListElement\":[{\"@type\":\"ListItem\",\"position\":1,\"name\":\"Inici\",\"item\":\"https:\/\/novaorg.cofb.net\/\"},{\"@type\":\"ListItem\",\"position\":2,\"name\":\"Infarma Solidari recaptar\u00e0 fons per dotar de m\u00e9s recursos el servei de Farm\u00e0cia de l&#8217;Hospital de Gambo d&#8217;Eti\u00f2pia\"}]},{\"@type\":\"WebSite\",\"@id\":\"https:\/\/www.cofb.org\/#website\",\"url\":\"https:\/\/www.cofb.org\/\",\"name\":\"Col\u00b7legi de Farmac\u00e8utics de Barcelona\",\"description\":\"\",\"publisher\":{\"@id\":\"https:\/\/www.cofb.org\/#organization\"},\"potentialAction\":[{\"@type\":\"SearchAction\",\"target\":{\"@type\":\"EntryPoint\",\"urlTemplate\":\"https:\/\/www.cofb.org\/?s={search_term_string}\"},\"query-input\":\"required name=search_term_string\"}],\"inLanguage\":\"es\"},{\"@type\":\"Organization\",\"@id\":\"https:\/\/www.cofb.org\/#organization\",\"name\":\"Col\u00b7legi de Farmac\u00e8utics de Barcelona\",\"url\":\"https:\/\/www.cofb.org\/\",\"logo\":{\"@type\":\"ImageObject\",\"inLanguage\":\"es\",\"@id\":\"https:\/\/www.cofb.org\/#\/schema\/logo\/image\/\",\"url\":\"https:\/\/www.cofb.org\/wp-content\/uploads\/2023\/11\/cropped-Logotip-COFB.png\",\"contentUrl\":\"https:\/\/www.cofb.org\/wp-content\/uploads\/2023\/11\/cropped-Logotip-COFB.png\",\"width\":500,\"height\":105,\"caption\":\"Col\u00b7legi de Farmac\u00e8utics de Barcelona\"},\"image\":{\"@id\":\"https:\/\/www.cofb.org\/#\/schema\/logo\/image\/\"},\"sameAs\":[\"https:\/\/www.facebook.com\/farmaceuticsbcn\/\",\"https:\/\/twitter.com\/farmaceuticsbcn\",\"https:\/\/www.instagram.com\/farmaceuticsbcn\/\",\"https:\/\/www.linkedin.com\/company\/farmaceuticsbcn\/\"]},{\"@type\":\"Person\",\"@id\":\"https:\/\/www.cofb.org\/#\/schema\/person\/22ed7eea88da74b0fa4d3154ad87ffcb\",\"name\":\"wpAdminCofbOrg\",\"image\":{\"@type\":\"ImageObject\",\"inLanguage\":\"es\",\"@id\":\"https:\/\/www.cofb.org\/#\/schema\/person\/image\/\",\"url\":\"https:\/\/secure.gravatar.com\/avatar\/1721b20b3b8ca882c3b56ec6c978c594fff670e40c0718e9190eaeeb76aae7d8?s=96&d=mm&r=g\",\"contentUrl\":\"https:\/\/secure.gravatar.com\/avatar\/1721b20b3b8ca882c3b56ec6c978c594fff670e40c0718e9190eaeeb76aae7d8?s=96&d=mm&r=g\",\"caption\":\"wpAdminCofbOrg\"},\"sameAs\":[\"http:\/\/192.168.64.122\/wordpress\"],\"url\":\"https:\/\/www.cofb.org\/es\/author\/wpadmincofborg\/\"}]}<\/script>\n<!-- \/ Yoast SEO plugin. -->","yoast_head_json":{"title":"Infarma Solidari recaptar\u00e0 fons per dotar de m\u00e9s recursos el servei de Farm\u00e0cia de l'Hospital de Gambo d'Eti\u00f2pia - Col\u00b7legi de Farmac\u00e8utics de Barcelona","description":"En el marc d'Infarma, que se celebrar\u00e0 del 19 al 21 de mar\u00e7, tindr\u00e0 lloc, un any m\u00e9s, la inciativa Infarma Solidari.","robots":{"index":"index","follow":"follow","max-snippet":"max-snippet:-1","max-image-preview":"max-image-preview:large","max-video-preview":"max-video-preview:-1"},"canonical":"https:\/\/www.cofb.org\/es\/2019\/02\/28\/infarma-solidari-recaptara-fons-per-dotar-amb-mes-recursos-el-servei-de-farmacia-de-lhospital-de-gambo-detiopia\/","og_locale":"es_ES","og_type":"article","og_title":"Infarma Solidari recaptar\u00e0 fons per dotar de m\u00e9s recursos el servei de Farm\u00e0cia de l'Hospital de Gambo d'Eti\u00f2pia - Col\u00b7legi de Farmac\u00e8utics de Barcelona","og_description":"En el marc d'Infarma, que se celebrar\u00e0 del 19 al 21 de mar\u00e7, tindr\u00e0 lloc, un any m\u00e9s, la inciativa Infarma Solidari.","og_url":"https:\/\/www.cofb.org\/es\/2019\/02\/28\/infarma-solidari-recaptara-fons-per-dotar-amb-mes-recursos-el-servei-de-farmacia-de-lhospital-de-gambo-detiopia\/","og_site_name":"Col\u00b7legi de Farmac\u00e8utics de Barcelona","article_publisher":"https:\/\/www.facebook.com\/farmaceuticsbcn\/","article_published_time":"2019-02-28T17:00:05+00:00","author":"wpAdminCofbOrg","twitter_card":"summary_large_image","twitter_creator":"@farmaceuticsbcn","twitter_site":"@farmaceuticsbcn","twitter_misc":{"Escrito por":"wpAdminCofbOrg","Tiempo de lectura":"3 minutos"},"schema":{"@context":"https:\/\/schema.org","@graph":[{"@type":"Article","@id":"https:\/\/www.cofb.org\/2019\/02\/28\/infarma-solidari-recaptara-fons-per-dotar-amb-mes-recursos-el-servei-de-farmacia-de-lhospital-de-gambo-detiopia\/#article","isPartOf":{"@id":"https:\/\/www.cofb.org\/2019\/02\/28\/infarma-solidari-recaptara-fons-per-dotar-amb-mes-recursos-el-servei-de-farmacia-de-lhospital-de-gambo-detiopia\/"},"author":{"name":"wpAdminCofbOrg","@id":"https:\/\/www.cofb.org\/#\/schema\/person\/22ed7eea88da74b0fa4d3154ad87ffcb"},"headline":"Infarma Solidari recaptar\u00e0 fons per dotar de m\u00e9s recursos el servei de Farm\u00e0cia de l&#8217;Hospital de Gambo d&#8217;Eti\u00f2pia","datePublished":"2019-02-28T17:00:05+00:00","dateModified":"2019-02-28T17:00:05+00:00","mainEntityOfPage":{"@id":"https:\/\/www.cofb.org\/2019\/02\/28\/infarma-solidari-recaptara-fons-per-dotar-amb-mes-recursos-el-servei-de-farmacia-de-lhospital-de-gambo-detiopia\/"},"wordCount":641,"commentCount":0,"publisher":{"@id":"https:\/\/www.cofb.org\/#organization"},"image":{"@id":"https:\/\/www.cofb.org\/2019\/02\/28\/infarma-solidari-recaptara-fons-per-dotar-amb-mes-recursos-el-servei-de-farmacia-de-lhospital-de-gambo-detiopia\/#primaryimage"},"thumbnailUrl":"","keywords":["COFB","Col\u00b7legi de Farmac\u00e8utics de Barcelona","Comissi\u00f3 Comprom\u00eds Social","comprom\u00eds social","concert ben\u00e8fic","concert solidari","Congr\u00e8s","Congr\u00e9s i Sal\u00f3","farmac\u00e8utics","farm\u00e0cia comunit\u00e0ria","Infarma","Infarma 2019","Infarma Barcelona","Infarma Solidari","iniciativa ben\u00e8fica","professionals farmac\u00e8utics","solidaritat"],"articleSection":["Infarma"],"inLanguage":"es","potentialAction":[{"@type":"CommentAction","name":"Comment","target":["https:\/\/www.cofb.org\/2019\/02\/28\/infarma-solidari-recaptara-fons-per-dotar-amb-mes-recursos-el-servei-de-farmacia-de-lhospital-de-gambo-detiopia\/#respond"]}]},{"@type":"WebPage","@id":"https:\/\/www.cofb.org\/2019\/02\/28\/infarma-solidari-recaptara-fons-per-dotar-amb-mes-recursos-el-servei-de-farmacia-de-lhospital-de-gambo-detiopia\/","url":"https:\/\/www.cofb.org\/2019\/02\/28\/infarma-solidari-recaptara-fons-per-dotar-amb-mes-recursos-el-servei-de-farmacia-de-lhospital-de-gambo-detiopia\/","name":"Infarma Solidari recaptar\u00e0 fons per dotar de m\u00e9s recursos el servei de Farm\u00e0cia de l'Hospital de Gambo d'Eti\u00f2pia - Col\u00b7legi de Farmac\u00e8utics de Barcelona","isPartOf":{"@id":"https:\/\/www.cofb.org\/#website"},"primaryImageOfPage":{"@id":"https:\/\/www.cofb.org\/2019\/02\/28\/infarma-solidari-recaptara-fons-per-dotar-amb-mes-recursos-el-servei-de-farmacia-de-lhospital-de-gambo-detiopia\/#primaryimage"},"image":{"@id":"https:\/\/www.cofb.org\/2019\/02\/28\/infarma-solidari-recaptara-fons-per-dotar-amb-mes-recursos-el-servei-de-farmacia-de-lhospital-de-gambo-detiopia\/#primaryimage"},"thumbnailUrl":"","datePublished":"2019-02-28T17:00:05+00:00","dateModified":"2019-02-28T17:00:05+00:00","description":"En el marc d'Infarma, que se celebrar\u00e0 del 19 al 21 de mar\u00e7, tindr\u00e0 lloc, un any m\u00e9s, la inciativa Infarma Solidari.","breadcrumb":{"@id":"https:\/\/www.cofb.org\/2019\/02\/28\/infarma-solidari-recaptara-fons-per-dotar-amb-mes-recursos-el-servei-de-farmacia-de-lhospital-de-gambo-detiopia\/#breadcrumb"},"inLanguage":"es","potentialAction":[{"@type":"ReadAction","target":["https:\/\/www.cofb.org\/2019\/02\/28\/infarma-solidari-recaptara-fons-per-dotar-amb-mes-recursos-el-servei-de-farmacia-de-lhospital-de-gambo-detiopia\/"]}]},{"@type":"ImageObject","inLanguage":"es","@id":"https:\/\/www.cofb.org\/2019\/02\/28\/infarma-solidari-recaptara-fons-per-dotar-amb-mes-recursos-el-servei-de-farmacia-de-lhospital-de-gambo-detiopia\/#primaryimage","url":"","contentUrl":""},{"@type":"BreadcrumbList","@id":"https:\/\/www.cofb.org\/2019\/02\/28\/infarma-solidari-recaptara-fons-per-dotar-amb-mes-recursos-el-servei-de-farmacia-de-lhospital-de-gambo-detiopia\/#breadcrumb","itemListElement":[{"@type":"ListItem","position":1,"name":"Inici","item":"https:\/\/novaorg.cofb.net\/"},{"@type":"ListItem","position":2,"name":"Infarma Solidari recaptar\u00e0 fons per dotar de m\u00e9s recursos el servei de Farm\u00e0cia de l&#8217;Hospital de Gambo d&#8217;Eti\u00f2pia"}]},{"@type":"WebSite","@id":"https:\/\/www.cofb.org\/#website","url":"https:\/\/www.cofb.org\/","name":"Col\u00b7legi de Farmac\u00e8utics de Barcelona","description":"","publisher":{"@id":"https:\/\/www.cofb.org\/#organization"},"potentialAction":[{"@type":"SearchAction","target":{"@type":"EntryPoint","urlTemplate":"https:\/\/www.cofb.org\/?s={search_term_string}"},"query-input":"required name=search_term_string"}],"inLanguage":"es"},{"@type":"Organization","@id":"https:\/\/www.cofb.org\/#organization","name":"Col\u00b7legi de Farmac\u00e8utics de Barcelona","url":"https:\/\/www.cofb.org\/","logo":{"@type":"ImageObject","inLanguage":"es","@id":"https:\/\/www.cofb.org\/#\/schema\/logo\/image\/","url":"https:\/\/www.cofb.org\/wp-content\/uploads\/2023\/11\/cropped-Logotip-COFB.png","contentUrl":"https:\/\/www.cofb.org\/wp-content\/uploads\/2023\/11\/cropped-Logotip-COFB.png","width":500,"height":105,"caption":"Col\u00b7legi de Farmac\u00e8utics de Barcelona"},"image":{"@id":"https:\/\/www.cofb.org\/#\/schema\/logo\/image\/"},"sameAs":["https:\/\/www.facebook.com\/farmaceuticsbcn\/","https:\/\/twitter.com\/farmaceuticsbcn","https:\/\/www.instagram.com\/farmaceuticsbcn\/","https:\/\/www.linkedin.com\/company\/farmaceuticsbcn\/"]},{"@type":"Person","@id":"https:\/\/www.cofb.org\/#\/schema\/person\/22ed7eea88da74b0fa4d3154ad87ffcb","name":"wpAdminCofbOrg","image":{"@type":"ImageObject","inLanguage":"es","@id":"https:\/\/www.cofb.org\/#\/schema\/person\/image\/","url":"https:\/\/secure.gravatar.com\/avatar\/1721b20b3b8ca882c3b56ec6c978c594fff670e40c0718e9190eaeeb76aae7d8?s=96&d=mm&r=g","contentUrl":"https:\/\/secure.gravatar.com\/avatar\/1721b20b3b8ca882c3b56ec6c978c594fff670e40c0718e9190eaeeb76aae7d8?s=96&d=mm&r=g","caption":"wpAdminCofbOrg"},"sameAs":["http:\/\/192.168.64.122\/wordpress"],"url":"https:\/\/www.cofb.org\/es\/author\/wpadmincofborg\/"}]}},"uagb_featured_image_src":{"full":false,"thumbnail":false,"medium":false,"medium_large":false,"large":false,"1536x1536":false,"2048x2048":false,"trp-custom-language-flag":false},"uagb_author_info":{"display_name":"wpAdminCofbOrg","author_link":"https:\/\/www.cofb.org\/es\/author\/wpadmincofborg\/"},"uagb_comment_info":0,"uagb_excerpt":"En el marc d&#8217;Infarma, que se celebrar\u00e0 del 19 al 21 de mar\u00e7, tindr\u00e0 lloc, un any m\u00e9s, la iniciativa Infarma Solidari.\u00a0Enguany, el projecte &#8220;Supervisi\u00f3 del servei de Farm\u00e0cia de l&#8217;Hospital de Gambo&#8221;, de la Fundaci\u00f3 El Alto, ha rebut la m\u00e0xima puntuaci\u00f3 en la convocat\u00f2ria p\u00fablica realitzada per aquesta [&hellip;]","_links":{"self":[{"href":"https:\/\/www.cofb.org\/es\/wp-json\/wp\/v2\/posts\/44577","targetHints":{"allow":["GET"]}}],"collection":[{"href":"https:\/\/www.cofb.org\/es\/wp-json\/wp\/v2\/posts"}],"about":[{"href":"https:\/\/www.cofb.org\/es\/wp-json\/wp\/v2\/types\/post"}],"author":[{"embeddable":true,"href":"https:\/\/www.cofb.org\/es\/wp-json\/wp\/v2\/users\/1"}],"replies":[{"embeddable":true,"href":"https:\/\/www.cofb.org\/es\/wp-json\/wp\/v2\/comments?post=44577"}],"version-history":[{"count":0,"href":"https:\/\/www.cofb.org\/es\/wp-json\/wp\/v2\/posts\/44577\/revisions"}],"wp:featuredmedia":[{"embeddable":true,"href":"https:\/\/www.cofb.org\/es\/wp-json\/"}],"wp:attachment":[{"href":"https:\/\/www.cofb.org\/es\/wp-json\/wp\/v2\/media?parent=44577"}],"wp:term":[{"taxonomy":"category","embeddable":true,"href":"https:\/\/www.cofb.org\/es\/wp-json\/wp\/v2\/categories?post=44577"},{"taxonomy":"post_tag","embeddable":true,"href":"https:\/\/www.cofb.org\/es\/wp-json\/wp\/v2\/tags?post=44577"}],"curies":[{"name":"wp","href":"https:\/\/api.w.org\/{rel}","templated":true}]}}