{"id":43419,"date":"2018-12-27T14:53:11","date_gmt":"2018-12-27T12:53:11","guid":{"rendered":"https:\/\/blog.cofb.cat\/?p=43419"},"modified":"2018-12-27T14:53:11","modified_gmt":"2018-12-27T12:53:11","slug":"novembre-efectes-secundaris-metamizol-infarma-lapp-cofb-temes-mes-destacats-als-mitjans","status":"publish","type":"post","link":"https:\/\/www.cofb.org\/es\/2018\/12\/27\/novembre-efectes-secundaris-metamizol-infarma-lapp-cofb-temes-mes-destacats-als-mitjans\/","title":{"rendered":"Noviembre: efectos secundarios del metamizol, Infarma y la app del COFB, temas m\u00e1s destacados en los medios"},"content":{"rendered":"<h1><strong><span style=\"color: #008080;\">Efectos secundarios del metamizol (Nolotil)<\/span><\/strong><\/h1>\n<p>Maria Perell\u00f3, responsable del Centro de Informaci\u00f3n del Medicamento (CIM) del Colegio de Farmac\u00e9uticos de Barcelona, fue la portavoz en relaci\u00f3n a la alerta sobre los efectos secundarios del Nolotil (metamizol), que hab\u00edan provocado la muerte de una decena de turistas brit\u00e1nicos. En concreto, Perell\u00f3 proporcion\u00f3 informaci\u00f3n en una <a href=\"https:\/\/www.ccma.cat\/tv3\/alacarta\/tot-es-mou\/que-passa-amb-el-nolotil\/video\/5798438\/\" target=\"_blank\" rel=\"noopener\">conexi\u00f3n en directo del programa \u201cTot se mou\u201d de TV3<\/a> y en una entrevista en el marco de <a href=\"https:\/\/beteve.cat\/btv-noticies-vespre\/btv-noticies-vespre-1081\/\" target=\"_blank\" rel=\"noopener\">el Informativo Noticias Noche de Betev\u00e9<\/a> (a partir del minuto 24:45). Tambi\u00e9n hizo declaraciones para el medio Correo Farmac\u00e9utico, recogidas en la pieza <a href=\"https:\/\/www.correofarmaceutico.com\/farmacologia\/ojo-al-consumo-de-metamizol-en-mayores-y-en-terapias-prolongadas.html\" target=\"_blank\" rel=\"noopener\">\u201cOjo al consumo de metamizol en mayores\u201d<\/a>.<\/p>\n<p><a href=\"https:\/\/blog.cofb.cat\/wp-content\/uploads\/2018\/12\/Efectes-secundaris-del-Metamizol-Nolotil.png\"><img fetchpriority=\"high\" decoding=\"async\" class=\"aligncenter size-full wp-image-43428\" src=\"https:\/\/blog.cofb.cat\/wp-content\/uploads\/2018\/12\/Efectes-secundaris-del-Metamizol-Nolotil.png\" alt=\"\" width=\"618\" height=\"240\" \/><\/a><\/p>\n<div class=\"custom-divider\"><\/div>\n<h1><span style=\"color: #008080;\"><strong>Renovaci\u00f3n de la app del COFB<\/strong><\/span><\/h1>\n<p>El Colegio de Farmac\u00e9uticos de Barcelona ha renovado su app, que incluye nuevas funcionalidades y un dise\u00f1o m\u00e1s atractivo y visual. Varios medios como <a href=\"http:\/\/www.elglobal.net\/suplementos-y-especiales\/gestion-farmaceutica\/el-cofb-renueva-su-app-e-incluye-funcionalidades-para-el-dia-a-dia-BM1842175\" target=\"_blank\" rel=\"noopener\">El Global<\/a>, <a href=\"http:\/\/www.revistaacofar.com\/revista\/actualidad\/actualidades\/11027-el-cof-de-barcelona-renueva-su-app-con-nuevas-funcionalidades-que-facilitan-la-actividad-diaria-de-los-farmaceuticos\" target=\"_blank\" rel=\"noopener\">Revista Acofar<\/a>, <a href=\"http:\/\/revistafarmanatur.com\/gestion-farmaceutica\/cof-barcelona-renueva-app-nuevas-funcionalidades-facilitan-la-actividad-diaria-los-farmaceuticos\/\" target=\"_blank\" rel=\"noopener\">Farmanaturo<\/a>, <a href=\"https:\/\/www.correofarmaceutico.com\/gestion\/oficina-de-farmacia\/el-cof-de-barcelona-renueva-su-app-con-nuevas-funcionalidades.html\" target=\"_blank\" rel=\"noopener\">Correo Farmac\u00e9utico<\/a>, <a href=\"https:\/\/www.imfarmacias.es\/noticia\/16680\/el-cof-de-barcelona-actualiza-su-app\" target=\"_blank\" rel=\"noopener\">imFarmacias<\/a>, <a href=\"http:\/\/elfarmaceutico.es\/index.php\/noticias-actualidad-farmaceutica\/item\/9614-el-colegio-de-farmaceuticos-de-barcelona-renueva-su-app#.XBjNGtv0mUl\" target=\"_blank\" rel=\"noopener\">El Farmac\u00e9utico<\/a>, recogieron la nota de prensa, que explicaba m\u00e1s novedades en torno a esta actualizaci\u00f3n.<\/p>\n<p><a href=\"https:\/\/blog.cofb.cat\/wp-content\/uploads\/2018\/12\/final.png\"><img decoding=\"async\" class=\"aligncenter size-full wp-image-43430\" src=\"https:\/\/blog.cofb.cat\/wp-content\/uploads\/2018\/12\/final.png\" alt=\"\" width=\"618\" height=\"240\" \/><\/a><\/p>\n<div class=\"custom-divider\"><\/div>\n<h1><strong><span style=\"color: #008080;\">3a Jornada del CCFC \u201cEl futuro es la integraci\u00f3n\u201d<\/span><\/strong><\/h1>\n<p>El Consejo de Colegios Farmac\u00e9uticos de Catalunya (CCFC) celebr\u00f3 el pasado 27 de noviembre la <strong>3a Jornada del Consejo de Colegios Farmac\u00e9uticos de Catalu\u00f1a \u201cEl futuro es la integraci\u00f3n\u201d. <\/strong>Se hicieron eco medios como Sanifax, <a href=\"https:\/\/www.imfarmacias.es\/noticia\/16675\/la-farmacia-catalana-defiende-su-integracion-en-el-sistema-sanitario\" target=\"_blank\" rel=\"noopener\">imFarmacias<\/a>, <a href=\"http:\/\/www.elfarmaceutico.es\/index.php\/noticias-actualidad-farmaceutica\/item\/9611-la-farmacia-catalana-apuesta-por-un-sistema-sanitario-integrado-y-por-el-registro-de-datos-para-seguir-aportando-valor-a-los-pacientes#.XAD-4tv0mUk\" target=\"_blank\" rel=\"noopener\">El Farmac\u00e9utico<\/a>, <a href=\"https:\/\/www.correofarmaceutico.com\/profesion\/farmacia-comunitaria\/cataluna-reforzara-la-af-a-pacientes-institucionalizados-y-a-domicilio.html\" target=\"_blank\" rel=\"noopener\">Correo Farmac\u00e9utico<\/a>, <a href=\"http:\/\/revistafarmanatur.com\/home-izq\/la-farmacia-catalana-destaca-la-importancia-formar-parte-sistema-sanitario-integrado\/\" target=\"_blank\" rel=\"noopener\">Farmanaturo<\/a>, <a href=\"https:\/\/www.diariofarma.com\/2018\/12\/03\/la-farmacia-catalana-aspira-a-estar-mas-integrada-en-el-sistema-sanitario\" target=\"_blank\" rel=\"noopener\">Diariofarma<\/a>, <a href=\"http:\/\/www.elglobal.net\/portada\/registrar-los-datos-para-aportar-valor-a-los-pacientes-GL1836668\" target=\"_blank\" rel=\"noopener\">El Global<\/a>, <a href=\"http:\/\/www.farmaventas.es\/noticias-del-sector\/otras-noticias\/8305-la-farmacia-catalana-destaca-la-importancia-de-seguir-ofreciendo-un-valor-anadido-a-los-pacientes.html\" target=\"_blank\" rel=\"noopener\">Farmaventas<\/a> o <a href=\"http:\/\/www.consejosdetufarmaceutico.com\/la-farmacia-catalana-destaca-la-importancia-de-formar-parte-de-un-sistema-sanitario-integrado\/\" target=\"_blank\" rel=\"noopener\">Consejos de ti Farmac\u00e9utico.<\/a><\/p>\n<p><a href=\"https:\/\/blog.cofb.cat\/wp-content\/uploads\/2018\/12\/La-farmacia-catalana-defiende-su-integraci\u00f3n-en-el-sistema-sanitario..png\"><img decoding=\"async\" class=\"aligncenter size-full wp-image-43431\" src=\"https:\/\/blog.cofb.cat\/wp-content\/uploads\/2018\/12\/La-farmacia-catalana-defiende-su-integraci\u00f3n-en-el-sistema-sanitario..png\" alt=\"\" width=\"618\" height=\"240\" \/><\/a><\/p>\n<div class=\"custom-divider\"><\/div>\n<h1><strong><span style=\"color: #008080;\">Protecci\u00f3n de datos<\/span><\/strong><\/h1>\n<p>Merc\u00e8 Gras, directora del \u00c1rea Jur\u00eddica, Administrativa, Deontol\u00f3gica y de Inspecci\u00f3n del COFB, escribi\u00f3 en El Farmac\u00e9utico un art\u00edculo titulado <strong>&quot;Gesti\u00f3n de protecci\u00f3n de datos en la oficina de farmacia&quot;<\/strong>. En este art\u00edculo, Gras abordaba c\u00f3mo afecta a la oficina de farmacia el Reglamento (UE) 2016\/679 del Parlamento Europeo y del Consejo de 27 de abril de 2016, que hace referencia a la protecci\u00f3n de las personas f\u00edsicas respecto al tratamiento de datos personales ya la libre circulaci\u00f3n de \u00e9stos.<\/p>\n<div class=\"custom-divider\"><\/div>\n<h1><strong><span style=\"color: #008080;\">El Colegio como fuente de informaci\u00f3n<\/span> <\/strong><\/h1>\n<h3><strong>Automedicaci\u00f3n<\/strong><\/h3>\n<p>El programa El Faro de La Red (Radio Arenys) realiz\u00f3 una tertulia sobre automedicaci\u00f3n que cont\u00f3 con la participaci\u00f3n de la vicepresidenta del COFB, N\u00faria Bosch.<\/p>\n<h3><strong>Agua mineral y beb\u00e9s<\/strong><\/h3>\n<p>La vocal de Alimentaci\u00f3n y Nutrici\u00f3n del COFB, Anna Bach, y Montse Rivero, presidenta de la Asociaci\u00f3n Catalana de Ciencias de la Alimentaci\u00f3n (ACCA), participaron en la publicaci\u00f3n <a href=\"https:\/\/www.correofarmaceutico.com\/autocuidado\/agua-mineral-y-bebes-cuanta-como-y-por-que.html\" target=\"_blank\" rel=\"noopener\">\u201cAgua mineral y beb\u00e9s\u201d<\/a> de Correo Farmac\u00e9utico, que tambi\u00e9n tuvo repercusi\u00f3n en <a href=\"https:\/\/cuidateplus.marca.com\/familia\/bebe\/2018\/11\/15\/agua-mineral-bebes-cuanta-como-168091.html\" target=\"_blank\" rel=\"noopener\">Cu\u00eddate Plus<\/a>. En esta publicaci\u00f3n, se daban una serie de recomendaciones en torno a la preparaci\u00f3n de biberones para beb\u00e9s y la importancia de los minerales. Asimismo, tambi\u00e9n se repasaba los falsos mitos relacionados con este tema.<\/p>\n<h3><strong>Desabastecimiento<\/strong><\/h3>\n<p>La carencia de algunos medicamentos como Adiro o Dalsy en las farmacias fue otro de los temas recogidos por los medios. TV L&#039;Hospitalet hizo una <a href=\"https:\/\/lhdigital.cat\/web\/digital-h\/televisio\/veure-video\/-\/journal_content\/56_INSTANCE_ZrP3\/11023\/13552751\" target=\"_blank\" rel=\"noopener\">pieza para el Informativo del 5 de noviembre<\/a> (del minuto 10&#039;41&#039;&#039; al 13&#039;03&#039;&#039;) que cont\u00f3 con las declaraciones de la farmac\u00e9utica comunitaria Marta De Bol\u00f3s. De Bol\u00f3s lanz\u00f3 un mensaje tranquilizador y resalt\u00f3 que ante la carencia de algunos f\u00e1rmacos los farmac\u00e9uticos pod\u00edan dispensar a los pacientes gen\u00e9ricos con la misma eficacia.<\/p>\n<h3><strong>Homeopat\u00eda<\/strong><\/h3>\n<p>El vocal de Homeopat\u00eda y Plantas Medicinales del COFB, Josep Allu\u00e9, particip\u00f3 en una publicaci\u00f3n de Correo Farmac\u00e9utico titulada <a href=\"https:\/\/www.correofarmaceutico.com\/profesion\/farmacia-comunitaria\/homeopatia-dudas-sobre-como-laboratorios-y-farmacias-deben-retirar-los-productos-no-registrados.html\" target=\"_blank\" rel=\"noopener\">\u201cHomeopat\u00eda: dudas sobre c\u00f3mo laboratorios y farmacias deben retirar los productos no registrados\u201d<\/a> a ra\u00edz de la nueva Orden Ministerial para regular los productos homeop\u00e1ticos.<\/p>\n<p>De esta cuesti\u00f3n tambi\u00e9n habl\u00f3 la farmac\u00e9utica Merc\u00e8 Sell\u00e9s en <a href=\"https:\/\/www.ccma.cat\/tv3\/alacarta\/els-matins\/lhomeopatia-es-una-pseudociencia\/video\/5796214\/\" target=\"_blank\" rel=\"noopener\">declaraciones a Els Matins de TV3<\/a> (a partir del minuto 20:08), en una tertulia en <a href=\"https:\/\/beteve.cat\/el-mati-de-barcelona-910fm\/lhomeopatia-a-debat\/\" target=\"_blank\" rel=\"noopener\">Radio Betev\u00e9<\/a> (a partir del minuto 1:51:00) y al<a href=\"https:\/\/lhdigital.cat\/web\/digital-h\/televisio\/veure-video\/-\/journal_content\/56_INSTANCE_ZrP3\/11023\/13552751\" target=\"_blank\" rel=\"noopener\">informativo del 5 de noviembre de TV L&#039;Hospitalet<\/a> (del minuto 13&#039;03&#039;&#039; al 14&#039;21&#039;&#039;).<\/p>\n<h3><strong>Cuidado de la piel e higiene personal<\/strong><\/h3>\n<p>La vocal de Dermofarmacia y Productos Sanitarios del COFB, Marta Alcalde, particip\u00f3 en una publicaci\u00f3n de Todo Dermo (Correo Farmac\u00e9utico) sobre cuidado de la piel e higiene personal titulada <a href=\"https:\/\/www.correofarmaceutico.com\/tododermo\/cuidados-de-la-piel\/desodorantes-para-todos-los-gustos.html\" target=\"_blank\" rel=\"noopener\">\u201cDesodorantes para todos los gustos\u201d<\/a>, en los que se daban algunos consejos para elegir el desodorante m\u00e1s adecuado.<\/p>\n<p><a href=\"https:\/\/blog.cofb.cat\/wp-content\/uploads\/2018\/12\/el-col\u00b7legi-com-a-font-dinformacio.png\"><img loading=\"lazy\" decoding=\"async\" class=\"aligncenter size-full wp-image-43441\" src=\"https:\/\/blog.cofb.cat\/wp-content\/uploads\/2018\/12\/el-col\u00b7legi-com-a-font-dinformacio.png\" alt=\"\" width=\"618\" height=\"240\" \/><\/a><\/p>\n<div class=\"custom-divider\"><\/div>\n<h1><span style=\"color: #008080;\"><strong>Menciones en el COFB<\/strong><\/span><\/h1>\n<h3><strong>Entrevistas a farmac\u00e9uticos comunitarios de Barcelona<\/strong><\/h3>\n<p>Masha Sanatgar y Jordi Picas, ambos colegiados del COFB, formaron parte de un <a href=\"https:\/\/www.imfarmacias.es\/revista\/89\/20\/\" target=\"_blank\" rel=\"noopener\">reportaje de imFarmacias<\/a> (p\u00e1ginas 20 y 22) en el que explicaban su trayectoria profesional en el mundo de la oficina de farmacia y valoraban algunos temas de la actualidad farmac\u00e9utica.<\/p>\n<p><a href=\"https:\/\/blog.cofb.cat\/wp-content\/uploads\/2018\/12\/Entrevistes-a-farmac\u00e8utics-comunitaris-de-Barcelona.png\"><img loading=\"lazy\" decoding=\"async\" class=\"aligncenter size-full wp-image-43439\" src=\"https:\/\/blog.cofb.cat\/wp-content\/uploads\/2018\/12\/Entrevistes-a-farmac\u00e8utics-comunitaris-de-Barcelona.png\" alt=\"\" width=\"618\" height=\"240\" \/><\/a><\/p>\n<h3><strong>Intervenci\u00f3n comunitaria en tabaquismo<\/strong><\/h3>\n<p>El programa <a href=\"http:\/\/alacarta.radiopineda.cat\/#!\/programs\/salutimes\/radiopineda_podcast_4744\" target=\"_blank\" rel=\"noopener\">\u201cSalud y M\u00e1s\u201d<\/a> de Radio Pineda dedic\u00f3 una de sus ediciones a tratar la intervenci\u00f3n comunitaria en tabaquismo y cont\u00f3 con la participaci\u00f3n de los farmac\u00e9uticos de Pineda de Mar, Teresa Badia y Jaume Pombo, y la farmac\u00e9utica Victoria Arniges, coordinadora de farmacia comunitaria de Girona Sud.<\/p>\n<div class=\"custom-divider\"><\/div>\n<h1><strong><span style=\"color: #008080;\">Infarma Barcelona 2019<\/span><\/strong><\/h1>\n<h3><strong>Lema<\/strong><\/h3>\n<p>La publicaci\u00f3n del lema de Infarma Barcelona 2019 continu\u00f3 teniendo repercusiones en los medios de comunicaci\u00f3n en noviembre. <a href=\"https:\/\/www.diariofarma.com\/2018\/11\/01\/infarma-barcelona-2019-incidira-en-que-la-salud-nos-conecta\" target=\"_blank\" rel=\"noopener\">Diariofarma<\/a>, <a href=\"http:\/\/www.elglobal.net\/farmacia\/la-salud-nos-conecta-lema-de-infarma-barcelona-2019-BG1796672\" target=\"_blank\" rel=\"noopener\">El Global<\/a>, <a href=\"http:\/\/www.farmaventas.es\/noticias-del-sector\/8185-la-salud-nos-conecta-lema-de-infarma-barcelona-2019.html\" target=\"_blank\" rel=\"noopener\">Farmaventas<\/a>, <a href=\"https:\/\/www.correofarmaceutico.com\/especiales\/farmacia-comunitaria-especiales\/la-salud-nos-conecta-lema-de-infarma-barcelona-2019.html\" target=\"_blank\" rel=\"noopener\">Correo Farmac\u00e9utico<\/a> y Sanifax se hicieron eco.<\/p>\n<h3><strong>Infarma Solidario<\/strong><\/h3>\n<p>La iniciativa Infarma Solidario, celebrada en el marco del Congreso y Sal\u00f3n Europeo de Oficina de Farmacia, result\u00f3 ganadora de la XVIII edici\u00f3n del Premio de la Fundaci\u00f3n Cofares. Se hicieron eco medios especializados como <a href=\"https:\/\/www.imfarmacias.es\/noticia\/16683\/infarma-solidario-gana-el-premio-fundacion-cofares\" target=\"_blank\" rel=\"noopener\">imFarmacias<\/a>, <a href=\"http:\/\/www.elfarmaceutico.es\/index.php\/noticias-actualidad-farmaceutica\/item\/9613-la-iniciativa-infarma-solidario-gana-la-xviii-edicion-del-premio-fundacion-cofares#.XBfe-dv0mUl\" target=\"_blank\" rel=\"noopener\">El Farmac\u00e9utico<\/a>, <a href=\"http:\/\/revistafarmanatur.com\/gestion-farmaceutica\/la-iniciativa-conjunta-los-cof-madrid-barcelona-infarma-solidario-gana-la-xviii-edicion-del-premio-fundacion-cofares\/\" target=\"_blank\" rel=\"noopener\">Farmanaturo<\/a>, <a href=\"https:\/\/www.consalud.es\/ecsalud\/nacional\/la-iniciativa-infarma-solidario-gana-la-xviii-edicion-del-premio-fundacion-cofares_57583_102.html\" target=\"_blank\" rel=\"noopener\">Cono Salud<\/a> y Sanifax y tambi\u00e9n generalistas como <a href=\"https:\/\/www.lavanguardia.com\/vida\/20181214\/453545529452\/colegios-farmaceuticos-madrid-y-barcelona-premio-conjunto-fundacion-cofares.html\" target=\"_blank\" rel=\"noopener\">La Vanguardia<\/a>.<\/p>\n<p><a href=\"https:\/\/blog.cofb.cat\/wp-content\/uploads\/2018\/12\/Infarma-Barcelona-2019.png\"><img loading=\"lazy\" decoding=\"async\" class=\"aligncenter size-full wp-image-43434\" src=\"https:\/\/blog.cofb.cat\/wp-content\/uploads\/2018\/12\/Infarma-Barcelona-2019.png\" alt=\"\" width=\"618\" height=\"240\" \/><\/a><\/p>\n<div class=\"custom-divider\"><\/div>","protected":false},"excerpt":{"rendered":"<p>Efectos secundarios del metamizol (Nolotil) Maria Perell\u00f3, responsable del Centro de Informaci\u00f3n del Medicamento (CIM) del Colegio de Farmac\u00e9uticos de Barcelona, fue la portavoz en relaci\u00f3n a la alerta sobre los efectos secundarios del Nolotil (metamizol), que hab\u00edan provocado la muerte de una decena de turistas brit\u00e1nicos. En concreto, Perell\u00f3 proporcion\u00f3 [\u2026]<\/p>","protected":false},"author":1,"featured_media":43446,"comment_status":"open","ping_status":"open","sticky":false,"template":"","format":"standard","meta":{"_uag_custom_page_level_css":"","site-sidebar-layout":"default","site-content-layout":"","ast-site-content-layout":"default","site-content-style":"default","site-sidebar-style":"default","ast-global-header-display":"","ast-banner-title-visibility":"","ast-main-header-display":"","ast-hfb-above-header-display":"","ast-hfb-below-header-display":"","ast-hfb-mobile-header-display":"","site-post-title":"","ast-breadcrumbs-content":"","ast-featured-img":"disabled","footer-sml-layout":"","theme-transparent-header-meta":"","adv-header-id-meta":"","stick-header-meta":"","header-above-stick-meta":"","header-main-stick-meta":"","header-below-stick-meta":"","astra-migrate-meta-layouts":"default","ast-page-background-enabled":"default","ast-page-background-meta":{"desktop":{"background-color":"var(--ast-global-color-4)","background-image":"","background-repeat":"repeat","background-position":"center center","background-size":"auto","background-attachment":"scroll","background-type":"","background-media":"","overlay-type":"","overlay-color":"","overlay-opacity":"","overlay-gradient":""},"tablet":{"background-color":"","background-image":"","background-repeat":"repeat","background-position":"center center","background-size":"auto","background-attachment":"scroll","background-type":"","background-media":"","overlay-type":"","overlay-color":"","overlay-opacity":"","overlay-gradient":""},"mobile":{"background-color":"","background-image":"","background-repeat":"repeat","background-position":"center center","background-size":"auto","background-attachment":"scroll","background-type":"","background-media":"","overlay-type":"","overlay-color":"","overlay-opacity":"","overlay-gradient":""}},"ast-content-background-meta":{"desktop":{"background-color":"var(--ast-global-color-5)","background-image":"","background-repeat":"repeat","background-position":"center center","background-size":"auto","background-attachment":"scroll","background-type":"","background-media":"","overlay-type":"","overlay-color":"","overlay-opacity":"","overlay-gradient":""},"tablet":{"background-color":"var(--ast-global-color-5)","background-image":"","background-repeat":"repeat","background-position":"center center","background-size":"auto","background-attachment":"scroll","background-type":"","background-media":"","overlay-type":"","overlay-color":"","overlay-opacity":"","overlay-gradient":""},"mobile":{"background-color":"var(--ast-global-color-5)","background-image":"","background-repeat":"repeat","background-position":"center center","background-size":"auto","background-attachment":"scroll","background-type":"","background-media":"","overlay-type":"","overlay-color":"","overlay-opacity":"","overlay-gradient":""}},"footnotes":""},"categories":[32],"tags":[3394,3395,3376,3221,18,19,3396,3397,3211,164,459,31,3398,2920,3114,460,3116],"class_list":["post-43419","post","type-post","status-publish","format-standard","has-post-thumbnail","hentry","category-noticies-farmacia","tag-3a-jornada-del-consell-de-collegis-farmaceutics-de-catalunya","tag-adiro","tag-app-del-cofb","tag-campanyes","tag-cofb","tag-collegi-de-farmaceutics-de-barcelona","tag-dalsy","tag-gestio-de-proteccio-de-dades-a-loficina-de-farmacia","tag-infarma-barcelona-2019","tag-infarma-solidari","tag-mitjans","tag-mitjans-de-comunicacio","tag-nolotil","tag-noticia-mitjans","tag-proteccio-de-dades","tag-recull-de-mitjans","tag-reglament-europeu-de-proteccio-de-dades"],"yoast_head":"<!-- This site is optimized with the Yoast SEO plugin v22.4 - https:\/\/yoast.com\/wordpress\/plugins\/seo\/ -->\n<title>Novembre: efectes secundaris del metamizol, Infarma i l\u2019app del COFB, temes m\u00e9s destacats als mitjans - Col\u00b7legi de Farmac\u00e8utics de Barcelona<\/title>\n<meta name=\"robots\" content=\"index, follow, max-snippet:-1, max-image-preview:large, max-video-preview:-1\" \/>\n<link rel=\"canonical\" href=\"https:\/\/novaorg.cofb.net\/2018\/12\/27\/novembre-efectes-secundaris-metamizol-infarma-lapp-cofb-temes-mes-destacats-als-mitjans\/\" \/>\n<meta property=\"og:locale\" content=\"es_ES\" \/>\n<meta property=\"og:type\" content=\"article\" \/>\n<meta property=\"og:title\" content=\"Novembre: efectes secundaris del metamizol, Infarma i l\u2019app del COFB, temes m\u00e9s destacats als mitjans - Col\u00b7legi de Farmac\u00e8utics de Barcelona\" \/>\n<meta property=\"og:description\" content=\"Efectes secundaris del metamizol (Nolotil) Maria Perell\u00f3, responsable del Centre d\u2019Informaci\u00f3 del Medicament (CIM) del Col\u00b7legi de Farmac\u00e8utics de Barcelona, va ser la portaveu en relaci\u00f3 a l\u2019alerta sobre els efectes secundaris del Nolotil (metamizol), que havien provocat la mort d\u2019una desena de turistes brit\u00e0nics. En concret, Perell\u00f3 va proporcionar [&hellip;]\" \/>\n<meta property=\"og:url\" content=\"https:\/\/novaorg.cofb.net\/2018\/12\/27\/novembre-efectes-secundaris-metamizol-infarma-lapp-cofb-temes-mes-destacats-als-mitjans\/\" \/>\n<meta property=\"og:site_name\" content=\"Col\u00b7legi de Farmac\u00e8utics de Barcelona\" \/>\n<meta property=\"article:publisher\" content=\"https:\/\/www.facebook.com\/farmaceuticsbcn\/\" \/>\n<meta property=\"article:published_time\" content=\"2018-12-27T12:53:11+00:00\" \/>\n<meta name=\"author\" content=\"wpAdminCofbOrg\" \/>\n<meta name=\"twitter:card\" content=\"summary_large_image\" \/>\n<meta name=\"twitter:creator\" content=\"@farmaceuticsbcn\" \/>\n<meta name=\"twitter:site\" content=\"@farmaceuticsbcn\" \/>\n<meta name=\"twitter:label1\" content=\"Escrito por\" \/>\n\t<meta name=\"twitter:data1\" content=\"wpAdminCofbOrg\" \/>\n\t<meta name=\"twitter:label2\" content=\"Tiempo de lectura\" \/>\n\t<meta name=\"twitter:data2\" content=\"5 minutos\" \/>\n<script type=\"application\/ld+json\" class=\"yoast-schema-graph\">{\"@context\":\"https:\/\/schema.org\",\"@graph\":[{\"@type\":\"Article\",\"@id\":\"https:\/\/novaorg.cofb.net\/2018\/12\/27\/novembre-efectes-secundaris-metamizol-infarma-lapp-cofb-temes-mes-destacats-als-mitjans\/#article\",\"isPartOf\":{\"@id\":\"https:\/\/novaorg.cofb.net\/2018\/12\/27\/novembre-efectes-secundaris-metamizol-infarma-lapp-cofb-temes-mes-destacats-als-mitjans\/\"},\"author\":{\"name\":\"wpAdminCofbOrg\",\"@id\":\"https:\/\/www.cofb.org\/#\/schema\/person\/22ed7eea88da74b0fa4d3154ad87ffcb\"},\"headline\":\"Novembre: efectes secundaris del metamizol, Infarma i l\u2019app del COFB, temes m\u00e9s destacats als mitjans\",\"datePublished\":\"2018-12-27T12:53:11+00:00\",\"dateModified\":\"2018-12-27T12:53:11+00:00\",\"mainEntityOfPage\":{\"@id\":\"https:\/\/novaorg.cofb.net\/2018\/12\/27\/novembre-efectes-secundaris-metamizol-infarma-lapp-cofb-temes-mes-destacats-als-mitjans\/\"},\"wordCount\":956,\"commentCount\":0,\"publisher\":{\"@id\":\"https:\/\/www.cofb.org\/#organization\"},\"image\":{\"@id\":\"https:\/\/novaorg.cofb.net\/2018\/12\/27\/novembre-efectes-secundaris-metamizol-infarma-lapp-cofb-temes-mes-destacats-als-mitjans\/#primaryimage\"},\"thumbnailUrl\":\"\",\"keywords\":[\"3a Jornada del Consell de Col\u00b7legis Farmac\u00e8utics de Catalunya\",\"Adiro\",\"App del COFB\",\"campanyes\",\"COFB\",\"Col\u00b7legi de Farmac\u00e8utics de Barcelona\",\"Dalsy\",\"Gesti\u00f3 de protecci\u00f3 de dades a l\u2019oficina de farm\u00e0cia\",\"infarma barcelona 2019\",\"Infarma Solidari\",\"Mitjans\",\"mitjans de comunicaci\u00f3\",\"Nolotil\",\"noticia mitjans\",\"protecci\u00f3 de dades\",\"recull de mitjans\",\"reglament europeu de protecci\u00f3 de dades\"],\"articleSection\":[\"Not\u00edcies farm\u00e0cia\"],\"inLanguage\":\"es\",\"potentialAction\":[{\"@type\":\"CommentAction\",\"name\":\"Comment\",\"target\":[\"https:\/\/novaorg.cofb.net\/2018\/12\/27\/novembre-efectes-secundaris-metamizol-infarma-lapp-cofb-temes-mes-destacats-als-mitjans\/#respond\"]}]},{\"@type\":\"WebPage\",\"@id\":\"https:\/\/novaorg.cofb.net\/2018\/12\/27\/novembre-efectes-secundaris-metamizol-infarma-lapp-cofb-temes-mes-destacats-als-mitjans\/\",\"url\":\"https:\/\/novaorg.cofb.net\/2018\/12\/27\/novembre-efectes-secundaris-metamizol-infarma-lapp-cofb-temes-mes-destacats-als-mitjans\/\",\"name\":\"Novembre: efectes secundaris del metamizol, Infarma i l\u2019app del COFB, temes m\u00e9s destacats als mitjans - Col\u00b7legi de Farmac\u00e8utics de Barcelona\",\"isPartOf\":{\"@id\":\"https:\/\/www.cofb.org\/#website\"},\"primaryImageOfPage\":{\"@id\":\"https:\/\/novaorg.cofb.net\/2018\/12\/27\/novembre-efectes-secundaris-metamizol-infarma-lapp-cofb-temes-mes-destacats-als-mitjans\/#primaryimage\"},\"image\":{\"@id\":\"https:\/\/novaorg.cofb.net\/2018\/12\/27\/novembre-efectes-secundaris-metamizol-infarma-lapp-cofb-temes-mes-destacats-als-mitjans\/#primaryimage\"},\"thumbnailUrl\":\"\",\"datePublished\":\"2018-12-27T12:53:11+00:00\",\"dateModified\":\"2018-12-27T12:53:11+00:00\",\"breadcrumb\":{\"@id\":\"https:\/\/novaorg.cofb.net\/2018\/12\/27\/novembre-efectes-secundaris-metamizol-infarma-lapp-cofb-temes-mes-destacats-als-mitjans\/#breadcrumb\"},\"inLanguage\":\"es\",\"potentialAction\":[{\"@type\":\"ReadAction\",\"target\":[\"https:\/\/novaorg.cofb.net\/2018\/12\/27\/novembre-efectes-secundaris-metamizol-infarma-lapp-cofb-temes-mes-destacats-als-mitjans\/\"]}]},{\"@type\":\"ImageObject\",\"inLanguage\":\"es\",\"@id\":\"https:\/\/novaorg.cofb.net\/2018\/12\/27\/novembre-efectes-secundaris-metamizol-infarma-lapp-cofb-temes-mes-destacats-als-mitjans\/#primaryimage\",\"url\":\"\",\"contentUrl\":\"\"},{\"@type\":\"BreadcrumbList\",\"@id\":\"https:\/\/novaorg.cofb.net\/2018\/12\/27\/novembre-efectes-secundaris-metamizol-infarma-lapp-cofb-temes-mes-destacats-als-mitjans\/#breadcrumb\",\"itemListElement\":[{\"@type\":\"ListItem\",\"position\":1,\"name\":\"Inici\",\"item\":\"https:\/\/novaorg.cofb.net\/\"},{\"@type\":\"ListItem\",\"position\":2,\"name\":\"Novembre: efectes secundaris del metamizol, Infarma i l\u2019app del COFB, temes m\u00e9s destacats als mitjans\"}]},{\"@type\":\"WebSite\",\"@id\":\"https:\/\/www.cofb.org\/#website\",\"url\":\"https:\/\/www.cofb.org\/\",\"name\":\"Col\u00b7legi de Farmac\u00e8utics de Barcelona\",\"description\":\"\",\"publisher\":{\"@id\":\"https:\/\/www.cofb.org\/#organization\"},\"potentialAction\":[{\"@type\":\"SearchAction\",\"target\":{\"@type\":\"EntryPoint\",\"urlTemplate\":\"https:\/\/www.cofb.org\/?s={search_term_string}\"},\"query-input\":\"required name=search_term_string\"}],\"inLanguage\":\"es\"},{\"@type\":\"Organization\",\"@id\":\"https:\/\/www.cofb.org\/#organization\",\"name\":\"Col\u00b7legi de Farmac\u00e8utics de Barcelona\",\"url\":\"https:\/\/www.cofb.org\/\",\"logo\":{\"@type\":\"ImageObject\",\"inLanguage\":\"es\",\"@id\":\"https:\/\/www.cofb.org\/#\/schema\/logo\/image\/\",\"url\":\"https:\/\/www.cofb.org\/wp-content\/uploads\/2023\/11\/cropped-Logotip-COFB.png\",\"contentUrl\":\"https:\/\/www.cofb.org\/wp-content\/uploads\/2023\/11\/cropped-Logotip-COFB.png\",\"width\":500,\"height\":105,\"caption\":\"Col\u00b7legi de Farmac\u00e8utics de Barcelona\"},\"image\":{\"@id\":\"https:\/\/www.cofb.org\/#\/schema\/logo\/image\/\"},\"sameAs\":[\"https:\/\/www.facebook.com\/farmaceuticsbcn\/\",\"https:\/\/twitter.com\/farmaceuticsbcn\",\"https:\/\/www.instagram.com\/farmaceuticsbcn\/\",\"https:\/\/www.linkedin.com\/company\/farmaceuticsbcn\/\"]},{\"@type\":\"Person\",\"@id\":\"https:\/\/www.cofb.org\/#\/schema\/person\/22ed7eea88da74b0fa4d3154ad87ffcb\",\"name\":\"wpAdminCofbOrg\",\"image\":{\"@type\":\"ImageObject\",\"inLanguage\":\"es\",\"@id\":\"https:\/\/www.cofb.org\/#\/schema\/person\/image\/\",\"url\":\"https:\/\/secure.gravatar.com\/avatar\/1721b20b3b8ca882c3b56ec6c978c594fff670e40c0718e9190eaeeb76aae7d8?s=96&d=mm&r=g\",\"contentUrl\":\"https:\/\/secure.gravatar.com\/avatar\/1721b20b3b8ca882c3b56ec6c978c594fff670e40c0718e9190eaeeb76aae7d8?s=96&d=mm&r=g\",\"caption\":\"wpAdminCofbOrg\"},\"sameAs\":[\"http:\/\/192.168.64.122\/wordpress\"],\"url\":\"https:\/\/www.cofb.org\/es\/author\/wpadmincofborg\/\"}]}<\/script>\n<!-- \/ Yoast SEO plugin. -->","yoast_head_json":{"title":"Novembre: efectes secundaris del metamizol, Infarma i l\u2019app del COFB, temes m\u00e9s destacats als mitjans - Col\u00b7legi de Farmac\u00e8utics de Barcelona","robots":{"index":"index","follow":"follow","max-snippet":"max-snippet:-1","max-image-preview":"max-image-preview:large","max-video-preview":"max-video-preview:-1"},"canonical":"https:\/\/novaorg.cofb.net\/2018\/12\/27\/novembre-efectes-secundaris-metamizol-infarma-lapp-cofb-temes-mes-destacats-als-mitjans\/","og_locale":"es_ES","og_type":"article","og_title":"Novembre: efectes secundaris del metamizol, Infarma i l\u2019app del COFB, temes m\u00e9s destacats als mitjans - Col\u00b7legi de Farmac\u00e8utics de Barcelona","og_description":"Efectes secundaris del metamizol (Nolotil) Maria Perell\u00f3, responsable del Centre d\u2019Informaci\u00f3 del Medicament (CIM) del Col\u00b7legi de Farmac\u00e8utics de Barcelona, va ser la portaveu en relaci\u00f3 a l\u2019alerta sobre els efectes secundaris del Nolotil (metamizol), que havien provocat la mort d\u2019una desena de turistes brit\u00e0nics. En concret, Perell\u00f3 va proporcionar [&hellip;]","og_url":"https:\/\/novaorg.cofb.net\/2018\/12\/27\/novembre-efectes-secundaris-metamizol-infarma-lapp-cofb-temes-mes-destacats-als-mitjans\/","og_site_name":"Col\u00b7legi de Farmac\u00e8utics de Barcelona","article_publisher":"https:\/\/www.facebook.com\/farmaceuticsbcn\/","article_published_time":"2018-12-27T12:53:11+00:00","author":"wpAdminCofbOrg","twitter_card":"summary_large_image","twitter_creator":"@farmaceuticsbcn","twitter_site":"@farmaceuticsbcn","twitter_misc":{"Escrito por":"wpAdminCofbOrg","Tiempo de lectura":"5 minutos"},"schema":{"@context":"https:\/\/schema.org","@graph":[{"@type":"Article","@id":"https:\/\/novaorg.cofb.net\/2018\/12\/27\/novembre-efectes-secundaris-metamizol-infarma-lapp-cofb-temes-mes-destacats-als-mitjans\/#article","isPartOf":{"@id":"https:\/\/novaorg.cofb.net\/2018\/12\/27\/novembre-efectes-secundaris-metamizol-infarma-lapp-cofb-temes-mes-destacats-als-mitjans\/"},"author":{"name":"wpAdminCofbOrg","@id":"https:\/\/www.cofb.org\/#\/schema\/person\/22ed7eea88da74b0fa4d3154ad87ffcb"},"headline":"Novembre: efectes secundaris del metamizol, Infarma i l\u2019app del COFB, temes m\u00e9s destacats als mitjans","datePublished":"2018-12-27T12:53:11+00:00","dateModified":"2018-12-27T12:53:11+00:00","mainEntityOfPage":{"@id":"https:\/\/novaorg.cofb.net\/2018\/12\/27\/novembre-efectes-secundaris-metamizol-infarma-lapp-cofb-temes-mes-destacats-als-mitjans\/"},"wordCount":956,"commentCount":0,"publisher":{"@id":"https:\/\/www.cofb.org\/#organization"},"image":{"@id":"https:\/\/novaorg.cofb.net\/2018\/12\/27\/novembre-efectes-secundaris-metamizol-infarma-lapp-cofb-temes-mes-destacats-als-mitjans\/#primaryimage"},"thumbnailUrl":"","keywords":["3a Jornada del Consell de Col\u00b7legis Farmac\u00e8utics de Catalunya","Adiro","App del COFB","campanyes","COFB","Col\u00b7legi de Farmac\u00e8utics de Barcelona","Dalsy","Gesti\u00f3 de protecci\u00f3 de dades a l\u2019oficina de farm\u00e0cia","infarma barcelona 2019","Infarma Solidari","Mitjans","mitjans de comunicaci\u00f3","Nolotil","noticia mitjans","protecci\u00f3 de dades","recull de mitjans","reglament europeu de protecci\u00f3 de dades"],"articleSection":["Not\u00edcies farm\u00e0cia"],"inLanguage":"es","potentialAction":[{"@type":"CommentAction","name":"Comment","target":["https:\/\/novaorg.cofb.net\/2018\/12\/27\/novembre-efectes-secundaris-metamizol-infarma-lapp-cofb-temes-mes-destacats-als-mitjans\/#respond"]}]},{"@type":"WebPage","@id":"https:\/\/novaorg.cofb.net\/2018\/12\/27\/novembre-efectes-secundaris-metamizol-infarma-lapp-cofb-temes-mes-destacats-als-mitjans\/","url":"https:\/\/novaorg.cofb.net\/2018\/12\/27\/novembre-efectes-secundaris-metamizol-infarma-lapp-cofb-temes-mes-destacats-als-mitjans\/","name":"Novembre: efectes secundaris del metamizol, Infarma i l\u2019app del COFB, temes m\u00e9s destacats als mitjans - Col\u00b7legi de Farmac\u00e8utics de Barcelona","isPartOf":{"@id":"https:\/\/www.cofb.org\/#website"},"primaryImageOfPage":{"@id":"https:\/\/novaorg.cofb.net\/2018\/12\/27\/novembre-efectes-secundaris-metamizol-infarma-lapp-cofb-temes-mes-destacats-als-mitjans\/#primaryimage"},"image":{"@id":"https:\/\/novaorg.cofb.net\/2018\/12\/27\/novembre-efectes-secundaris-metamizol-infarma-lapp-cofb-temes-mes-destacats-als-mitjans\/#primaryimage"},"thumbnailUrl":"","datePublished":"2018-12-27T12:53:11+00:00","dateModified":"2018-12-27T12:53:11+00:00","breadcrumb":{"@id":"https:\/\/novaorg.cofb.net\/2018\/12\/27\/novembre-efectes-secundaris-metamizol-infarma-lapp-cofb-temes-mes-destacats-als-mitjans\/#breadcrumb"},"inLanguage":"es","potentialAction":[{"@type":"ReadAction","target":["https:\/\/novaorg.cofb.net\/2018\/12\/27\/novembre-efectes-secundaris-metamizol-infarma-lapp-cofb-temes-mes-destacats-als-mitjans\/"]}]},{"@type":"ImageObject","inLanguage":"es","@id":"https:\/\/novaorg.cofb.net\/2018\/12\/27\/novembre-efectes-secundaris-metamizol-infarma-lapp-cofb-temes-mes-destacats-als-mitjans\/#primaryimage","url":"","contentUrl":""},{"@type":"BreadcrumbList","@id":"https:\/\/novaorg.cofb.net\/2018\/12\/27\/novembre-efectes-secundaris-metamizol-infarma-lapp-cofb-temes-mes-destacats-als-mitjans\/#breadcrumb","itemListElement":[{"@type":"ListItem","position":1,"name":"Inici","item":"https:\/\/novaorg.cofb.net\/"},{"@type":"ListItem","position":2,"name":"Novembre: efectes secundaris del metamizol, Infarma i l\u2019app del COFB, temes m\u00e9s destacats als mitjans"}]},{"@type":"WebSite","@id":"https:\/\/www.cofb.org\/#website","url":"https:\/\/www.cofb.org\/","name":"Col\u00b7legi de Farmac\u00e8utics de Barcelona","description":"","publisher":{"@id":"https:\/\/www.cofb.org\/#organization"},"potentialAction":[{"@type":"SearchAction","target":{"@type":"EntryPoint","urlTemplate":"https:\/\/www.cofb.org\/?s={search_term_string}"},"query-input":"required name=search_term_string"}],"inLanguage":"es"},{"@type":"Organization","@id":"https:\/\/www.cofb.org\/#organization","name":"Col\u00b7legi de Farmac\u00e8utics de Barcelona","url":"https:\/\/www.cofb.org\/","logo":{"@type":"ImageObject","inLanguage":"es","@id":"https:\/\/www.cofb.org\/#\/schema\/logo\/image\/","url":"https:\/\/www.cofb.org\/wp-content\/uploads\/2023\/11\/cropped-Logotip-COFB.png","contentUrl":"https:\/\/www.cofb.org\/wp-content\/uploads\/2023\/11\/cropped-Logotip-COFB.png","width":500,"height":105,"caption":"Col\u00b7legi de Farmac\u00e8utics de Barcelona"},"image":{"@id":"https:\/\/www.cofb.org\/#\/schema\/logo\/image\/"},"sameAs":["https:\/\/www.facebook.com\/farmaceuticsbcn\/","https:\/\/twitter.com\/farmaceuticsbcn","https:\/\/www.instagram.com\/farmaceuticsbcn\/","https:\/\/www.linkedin.com\/company\/farmaceuticsbcn\/"]},{"@type":"Person","@id":"https:\/\/www.cofb.org\/#\/schema\/person\/22ed7eea88da74b0fa4d3154ad87ffcb","name":"wpAdminCofbOrg","image":{"@type":"ImageObject","inLanguage":"es","@id":"https:\/\/www.cofb.org\/#\/schema\/person\/image\/","url":"https:\/\/secure.gravatar.com\/avatar\/1721b20b3b8ca882c3b56ec6c978c594fff670e40c0718e9190eaeeb76aae7d8?s=96&d=mm&r=g","contentUrl":"https:\/\/secure.gravatar.com\/avatar\/1721b20b3b8ca882c3b56ec6c978c594fff670e40c0718e9190eaeeb76aae7d8?s=96&d=mm&r=g","caption":"wpAdminCofbOrg"},"sameAs":["http:\/\/192.168.64.122\/wordpress"],"url":"https:\/\/www.cofb.org\/es\/author\/wpadmincofborg\/"}]}},"uagb_featured_image_src":{"full":false,"thumbnail":false,"medium":false,"medium_large":false,"large":false,"1536x1536":false,"2048x2048":false,"trp-custom-language-flag":false},"uagb_author_info":{"display_name":"wpAdminCofbOrg","author_link":"https:\/\/www.cofb.org\/es\/author\/wpadmincofborg\/"},"uagb_comment_info":0,"uagb_excerpt":"Efectes secundaris del metamizol (Nolotil) Maria Perell\u00f3, responsable del Centre d\u2019Informaci\u00f3 del Medicament (CIM) del Col\u00b7legi de Farmac\u00e8utics de Barcelona, va ser la portaveu en relaci\u00f3 a l\u2019alerta sobre els efectes secundaris del Nolotil (metamizol), que havien provocat la mort d\u2019una desena de turistes brit\u00e0nics. En concret, Perell\u00f3 va proporcionar [&hellip;]","_links":{"self":[{"href":"https:\/\/www.cofb.org\/es\/wp-json\/wp\/v2\/posts\/43419","targetHints":{"allow":["GET"]}}],"collection":[{"href":"https:\/\/www.cofb.org\/es\/wp-json\/wp\/v2\/posts"}],"about":[{"href":"https:\/\/www.cofb.org\/es\/wp-json\/wp\/v2\/types\/post"}],"author":[{"embeddable":true,"href":"https:\/\/www.cofb.org\/es\/wp-json\/wp\/v2\/users\/1"}],"replies":[{"embeddable":true,"href":"https:\/\/www.cofb.org\/es\/wp-json\/wp\/v2\/comments?post=43419"}],"version-history":[{"count":0,"href":"https:\/\/www.cofb.org\/es\/wp-json\/wp\/v2\/posts\/43419\/revisions"}],"wp:featuredmedia":[{"embeddable":true,"href":"https:\/\/www.cofb.org\/es\/wp-json\/"}],"wp:attachment":[{"href":"https:\/\/www.cofb.org\/es\/wp-json\/wp\/v2\/media?parent=43419"}],"wp:term":[{"taxonomy":"category","embeddable":true,"href":"https:\/\/www.cofb.org\/es\/wp-json\/wp\/v2\/categories?post=43419"},{"taxonomy":"post_tag","embeddable":true,"href":"https:\/\/www.cofb.org\/es\/wp-json\/wp\/v2\/tags?post=43419"}],"curies":[{"name":"wp","href":"https:\/\/api.w.org\/{rel}","templated":true}]}}