{"id":43260,"date":"2018-12-28T11:23:27","date_gmt":"2018-12-28T09:23:27","guid":{"rendered":"https:\/\/blog.cofb.cat\/?p=43260"},"modified":"2018-12-28T11:23:27","modified_gmt":"2018-12-28T09:23:27","slug":"cofb-vam-abordar-claus-que-afectaran-farmacia-futur-proxim","status":"publish","type":"post","link":"https:\/\/www.cofb.org\/es\/2018\/12\/28\/cofb-vam-abordar-claus-que-afectaran-farmacia-futur-proxim\/","title":{"rendered":"En el COFB abordamos las claves que afectar\u00e1n a la farmacia en un futuro pr\u00f3ximo"},"content":{"rendered":"<p>El pasado 10 de diciembre el\u00a0<strong>Colegio de Farmac\u00e9uticos de Barcelona (COFB),<\/strong> <a href=\"http:\/\/www.diariofarma.com\" target=\"_blank\" rel=\"noopener\">Diariofarma<\/a> y <a href=\"https:\/\/www.tevapharma.es\/\" target=\"_blank\" rel=\"noopener\">Tuya<\/a>\u00a0organizaron el coloquio <strong>&quot;Las claves que afectar\u00e1n a la farmacia&quot;. <\/strong>Planteado como un repaso a las iniciativas con mayor impacto en el sector, cont\u00f3 con las intervenciones de\u00a0<strong>Jordi De Dalmases<\/strong>, presidente del COFB,\u00a0<strong>Josep Torrent-Farnell<\/strong>, director del \u00c1rea del Medicamento del CatSalut, y <strong>Rafael Borr\u00e1s<\/strong>, director de Relaciones Institucionales de Teva.\u00a0<strong>Jos\u00e9 Mar\u00eda L\u00f3pez Alem\u00e1n<\/strong>, director de Diariofarma, moder\u00f3 la sesi\u00f3n.<\/p>\n<p>En el marco del coloquio, se abordaron algunos de los aspectos claves de <strong>presente<\/strong> y <strong>futuro<\/strong> de la <strong>farmacia comunitaria<\/strong>, c\u00f3mo pueden afectar los cambios y cu\u00e1les <strong>medidas se pueden adoptar<\/strong>\u00a0para afrontarlos.<\/p>\n<figure id=\"attachment_43336\" aria-describedby=\"caption-attachment-43336\" style=\"width: 620px\" class=\"wp-caption aligncenter\"><a href=\"https:\/\/blog.cofb.cat\/wp-content\/uploads\/2018\/12\/cofb.col\u00b7loqui-Diariofarma181210-19.jpg\"><img fetchpriority=\"high\" decoding=\"async\" class=\"wp-image-43336 size-large\" title=\"Coloquio &quot;Las claves afectar\u00e1n a la farmacia&quot;, celebrado el pasado 10 de diciembre en el COFB.\" src=\"https:\/\/blog.cofb.cat\/wp-content\/uploads\/2018\/12\/cofb.col\u00b7loqui-Diariofarma181210-19-1024x683.jpg\" alt=\"Col\u00b7loqui &quot;Les claus afectaran la farm\u00e0cia&quot;, celebrat el passat 10 de desembre al COFB. \" width=\"620\" height=\"414\" \/><\/a><figcaption id=\"caption-attachment-43336\" class=\"wp-caption-text\">Coloquio &quot;Las claves afectar\u00e1n a la farmacia&quot;, celebrado el pasado 10 de diciembre en el COFB.<\/figcaption><\/figure>\n<p>En concreto, los <strong>5 grandes bloques<\/strong> en la que se estructur\u00f3 la sesi\u00f3n fueron: <strong>verificaci\u00f3n unitaria y otros sistemas antifalsificaci\u00f3n de medicamentos<\/strong>, <strong>desabastecimiento de medicamentos<\/strong>, <strong>servicios profesionales farmac\u00e9uticos asistenciales<\/strong>, el estado de las <strong>relaciones con otras profesiones sanitarias<\/strong> como la<strong>\u00a0<\/strong>enfermer\u00eda y los\u00a0<strong>medicamentos gen\u00e9ricos<\/strong>.<\/p>\n<h1><span style=\"color: #008080;\"><strong>Verificaci\u00f3n unitaria y otros sistemas antifalsificaci\u00f3n de medicamentos<\/strong><\/span><\/h1>\n<p>El primer tema abordado gir\u00f3 en torno a los cambios que implicar\u00e1 la entrada en vigor el 9 de febrero de 2019 de la obligaci\u00f3n de verificar la autenticidad y ausencia de manipulaci\u00f3n de cada uno de los medicamentos dispensados. Cuestionado sobre el tema, <strong>Jordi de Dalmases<\/strong> entiende que todav\u00eda hay inc\u00f3gnitas en muchos aspectos, pero que \u201c<strong>este trabajo de verificaci\u00f3n por el farmac\u00e9utico debe ser neutro<\/strong>\u201c. Si bien coment\u00f3 que no sabemos c\u00f3mo afectar\u00e1 el tiempo de dedicaci\u00f3n, <strong>&quot;no deber\u00edamos hacer cosas diferentes&quot;<\/strong>.<\/p>\n<p>Por su parte,<strong> Torrent-Farnell<\/strong> manifest\u00f3 su <strong>preocupaci\u00f3n<\/strong> debido a que, en los dos meses que faltan por el inicio de la implantaci\u00f3n de la norma, el<strong> Ministerio de Sanidad y el CGCOF sean capaces de encontrar un sistema<\/strong> \u201cque sea mucho <strong>permeable<\/strong> y que las <strong>diferentes tareas<\/strong>, si no fusionar, al menos s\u00ed que <strong>se puedan compartir en parte o todo el recorrido<\/strong>\u201d.<\/p>\n<h1><strong><span style=\"color: #008080;\">Desabastecimientos<\/span><\/strong><\/h1>\n<p>En los \u00faltimos tiempos las farmacias y, por tanto, los pacientes, est\u00e1n sufriendo un incremento de los casos de desabastecimientos. Como representante de la industria, <strong>Rafael Borr\u00e1s<\/strong>, enfoca la situaci\u00f3n desde que \u201c<strong>el medicamento no es un recurso ilimitado<\/strong>\u201d, ya que su producci\u00f3n \u201cnecesita tiempo y recursos\u201d. Admite que algunos casos tienen su origen en la misma industria, ya que muchas veces es complicado hacer una previsi\u00f3n de la producci\u00f3n, y remarca, como parte de la soluci\u00f3n, el <strong>papel esencial que debe tener la oficina de farmacia<\/strong>, \u201ca partir de la informaci\u00f3n al paciente\u201d, ya que \u201chay <strong>muchos de estos medicamentos que tienen sustituci\u00f3n<\/strong>, y hay un <strong>elemento pedag\u00f3gico del farmac\u00e9utico<\/strong> que nos puede ayudar\u201d. En este sentido, concluy\u00f3 que \u201c<strong>debemos volver al origen y dar valor al medicamento, al profesional ya la cadena de distribuci\u00f3n<\/strong>\u201d.<\/p>\n<figure id=\"attachment_43532\" aria-describedby=\"caption-attachment-43532\" style=\"width: 620px\" class=\"wp-caption aligncenter\"><a href=\"https:\/\/blog.cofb.cat\/wp-content\/uploads\/2018\/12\/cofb.col\u00b7loqui-Diariofarma181210-01.jpg\"><img decoding=\"async\" class=\"wp-image-43532 size-large\" title=\"Rafael Borr\u00e0s, director de Relaciones Institucionales de Teva.\" src=\"https:\/\/blog.cofb.cat\/wp-content\/uploads\/2018\/12\/cofb.col\u00b7loqui-Diariofarma181210-01-1024x683.jpg\" alt=\"Rafael Borr\u00e0s, director de Relacions Institucionals de Teva.\" width=\"620\" height=\"414\" \/><\/a><figcaption id=\"caption-attachment-43532\" class=\"wp-caption-text\">Rafael Borr\u00e0s, director de Relaciones Institucionales de Teva.<\/figcaption><\/figure>\n<div class=\"mceTemp\"><\/div>\n<p>El presidente del\u00a0<span class=\"hiddenSpellError\">COFB<\/span>, por su parte, manifest\u00f3 que \u201c<strong>los desabastecimientos generan una inseguridad muy grande<\/strong>\u201d, no s\u00f3lo a los <strong>pacientes<\/strong> \u201csino tambi\u00e9n en la <strong>trabajo diario del farmac\u00e9utico<\/strong>\u201d.\u00a0<span class=\"hiddenSpellError\">Dalmases<\/span>\u00a0record\u00f3 que el Colegio de Farmac\u00e9uticos de Barcelona fue pionero en idear un procedimiento para controlar los desabastecimientos y que, hoy en d\u00eda, \u00e9sta <strong>herramienta<\/strong>, en el \u00e1mbito estatal, se llama\u00a0<strong><span class=\"hiddenSpellError\">CISMED<\/span><\/strong>, para<strong>evidenciar la falta de abastecimiento<\/strong>. Aprovech\u00f3 para <strong>animar a las farmacias a incorporarse al sistema,\u00a0<\/strong>ya que \u201ces nuestro altavoz,<strong> por<\/strong><strong>\u00a0para cambiar la situaci\u00f3n que estamos viviendo<\/strong>\u201d.<\/p>\n<h1><span style=\"color: #008080;\"><strong>Servicios Profesionales Farmac\u00e9uticos Asistenciales (SPFA)<\/strong><\/span><\/h1>\n<p>A trav\u00e9s de los <strong>Servicios Profesionales Farmac\u00e9uticos Asistenciales (SPFA)<\/strong> los farmac\u00e9uticos contribuyen a <strong>mejorar la salud de las personas\u00a0<\/strong>haciendo, entre otros, tareas de <strong>cribado<\/strong> y <strong>prevenci\u00f3n<\/strong>. En relaci\u00f3n a esta cuesti\u00f3n, Jordi De Dalmases afirm\u00f3 que \u201ctenemos que pensar que <strong>nadie est\u00e1 esperando qu\u00e9 va a hacer el farmac\u00e9utico<\/strong>. Somos nosotros los que intentamos <strong>hacer valer nuestra profesi\u00f3n<\/strong>. En segundo lugar, la nuestra <strong>localizaci\u00f3n en una red perfectamente capilar<\/strong>, distribuida en todo el territorio y la nuestra <strong>capacidad para habernos organizado<\/strong> en una red de tecnolog\u00edas de la informaci\u00f3n es muy importante y nos da un gran valor para ofrecer servicios sanitarios que nos hagan crecer profesionalmente y ser m\u00e1s \u00fatiles en nuestra labor de un objetivo compartido, que es <strong>mejorar la salud de la poblaci\u00f3n<\/strong>&#8220;.<\/p>\n<p>El presidente del COFB puso como ejemplo el <strong>Programa de Detecci\u00f3n precoz del c\u00e1ncer de colon y recto<\/strong> en qu\u00e9 <strong>&quot;farmacias de Barcelona ciudad y Baix Llobregat participaron en una prueba piloto para demostrar la eficiencia del circuito&quot;.<\/strong> \u201cConseguimos demostrar que \u2013<strong>a trav\u00e9s de la farmacia- la participaci\u00f3n del p\u00fablico objetivo era mucho m\u00e1s alta que por cualquier otro sistema\u201d.<\/strong><\/p>\n<p>Torrent-Farnell hizo hincapi\u00e9 en el <strong>valor<\/strong>, el <strong>conocimiento<\/strong> y las<strong> sinergias<\/strong> que suponen estos servicios. \u201cRefuerzan los <strong>lazos entre el profesional<\/strong> que atiende a la oficina de farmacia y aqu\u00e9l que prescribe desde el ambulatorio. No podemos renunciar en absoluto a trabajar esta sinergia, que debe estar ante todo.<strong> No puede que la farmacia se vea que dispensa medicamentos de forma aislada del Sistema Nacional de Salud<\/strong>&#8220;.<\/p>\n<p>Sobre los SPFA, Borr\u00e0s destac\u00f3 que la industria puede desempe\u00f1ar un papel importante en su implementaci\u00f3n, ya que \u201cha demostrado muchas veces que apoya la <strong>cartera de servicio<\/strong>s\u201d.<\/p>\n<h1><span style=\"color: #008080;\"><strong>Relaciones con otras profesiones sanitarias<\/strong><\/span><\/h1>\n<p>En relaci\u00f3n a las<strong> cr\u00edticas que enfermer\u00eda ha lanzado en los \u00faltimos meses contra los servicios profesionales farmac\u00e9uticos (SPFA)<\/strong>, tanto Jordi De Dalmases como Josep Torrent-Farnell aseguraron que <strong>en Catalu\u00f1a no se espera que haya ning\u00fan conflicto con los representantes de este colectivo<\/strong>. El presidente del COFB tambi\u00e9n apunt\u00f3 que <strong>el rol de los profesionales de la salud ha cambiado de forma sustancial<\/strong> y que se ha pasado a una situaci\u00f3n en la que m\u00e9dicos, enfermeros y farmac\u00e9uticos trabajan estrechamente y con responsabilidades propias.<\/p>\n<figure id=\"attachment_43338\" aria-describedby=\"caption-attachment-43338\" style=\"width: 620px\" class=\"wp-caption aligncenter\"><a href=\"https:\/\/blog.cofb.cat\/wp-content\/uploads\/2018\/12\/cofb.col\u00b7loqui-Diariofarma181210-14.jpg\"><img decoding=\"async\" class=\"wp-image-43338 size-large\" title=\"Jordi De Dalmases, presidente del COFB, en un momento del coloquio. \" src=\"https:\/\/blog.cofb.cat\/wp-content\/uploads\/2018\/12\/cofb.col\u00b7loqui-Diariofarma181210-14-1024x683.jpg\" alt=\"Jordi De Dalmases, president del COFB, en un moment del col\u00b7loqui. \" width=\"620\" height=\"414\" \/><\/a><figcaption id=\"caption-attachment-43338\" class=\"wp-caption-text\">Jordi De Dalmases, presidente del COFB, en un momento del coloquio.<\/figcaption><\/figure>\n<p>\u201cSimplemente hablando de esta campa\u00f1a ya estamos haciendo el juego a alguien que ha elaborado una estrategia de enfrentamiento. No debe hacerse del crecimiento profesional una acci\u00f3n de robo de \u00e1reas de otros profesionales\u201d, explic\u00f3 De Dalmases. Torrent-Farnell tambi\u00e9n afirm\u00f3 que \u201cen Catalu\u00f1a tanto desde el Colegio de Enfermeras de Barcelona como desde el Consejo de Colegios de Enfermeras y Enfermeros de Catalu\u00f1a <strong>la posici\u00f3n es radicalmente diferente a la que tienen otros colectivos en el \u00e1mbito del Estado espa\u00f1ol<\/strong>. La disponibilidad del<strong> Consejo de Colegios Farmac\u00e9uticos de Catalu\u00f1a y el de Enfermeras y Enfermeros es positiva<\/strong> a colaborar, <strong>compartir sinergias y sumar<\/strong>&#8220;.<\/p>\n<h1><span style=\"color: #008080;\"><strong>Medicamentos gen\u00e9ricos<\/strong><\/span><\/h1>\n<p>El \u00faltimo tema que se abord\u00f3 en el coloquio fue el de los <strong>medicamentos gen\u00e9ricos<\/strong>. En los \u00faltimos a\u00f1os, el <strong>mercado de gen\u00e9ricos en las farmacias<\/strong> se ha visto <strong>congelado<\/strong> o, incluso, <strong>reducido<\/strong>. Esta situaci\u00f3n, junto con el deterioro de los precios que impulsa la legislaci\u00f3n espa\u00f1ola sobre gen\u00e9ricos, <strong>est\u00e1 suponiendo un problema para los laboratorios de gen\u00e9ricos.<\/strong><\/p>\n<p>Dentro de este blog, Borr\u00e0s apunt\u00f3 que \u201cla <strong>situaci\u00f3n de los gen\u00e9ricos en Espa\u00f1a y Catalu\u00f1a<\/strong> es mala. Hacer innovaci\u00f3n de calidad, no s\u00f3lo es pagarla, sino ayudar a invertir en innovaci\u00f3n y que esto sea un catalizador. Llega un momento en que el gen\u00e9rico no crece y no puede competir con una marca que lleva a\u00f1os en la cabeza del m\u00e9dico y del paciente. Pedimos a los farmac\u00e9uticos que intenten dar gen\u00e9ricos y que pese a que el paciente pida marcas hagan pedagog\u00eda\u201d. Y a\u00f1adi\u00f3: \u201cEspa\u00f1a est\u00e1 en porcentaje de gen\u00e9ricos entre <strong>25 y 30 puntos por debajo del resto de Europa<\/strong>\u201c. Por su parte, Torrent-Farnell subray\u00f3 que la <strong>cuota de gen\u00e9ricos<\/strong> en Catalu\u00f1a es la m\u00e1s elevada de toda Espa\u00f1a, con un 53%.<\/p>\n<p>El director del \u00c1rea del Medicamento del CatSalut tambi\u00e9n expuso que \u201chay que mirar la situaci\u00f3n de los gen\u00e9ricos desde una foto mucho m\u00e1s <strong>amplia<\/strong>. Si al final despu\u00e9s no existe una provisi\u00f3n de servicios, mal. Si despu\u00e9s el servicio que se puede proveer se rompe y existe un desabastecimiento y no se explica, mal. Si al final se acaba generando toda esa secuencia de eventos negativos, no se entender\u00eda. Desde Catalu\u00f1a defendemos que no es cierto que lo gen\u00e9rico y lo biosimilar son medidas de contenci\u00f3n del gasto. Son aliados del SNS que permiten que la innovaci\u00f3n entre y fluya de forma natural en un sistema maduro.\u00a0<strong>Cuando el sistema de salud no est\u00e1 maduro es cuando aparecen estas rupturas<\/strong>&#8220;.<\/p>\n<figure id=\"attachment_43533\" aria-describedby=\"caption-attachment-43533\" style=\"width: 620px\" class=\"wp-caption aligncenter\"><a href=\"https:\/\/blog.cofb.cat\/wp-content\/uploads\/2018\/12\/cofb.col\u00b7loqui-Diariofarma181210-22.jpg\"><img loading=\"lazy\" decoding=\"async\" class=\"wp-image-43533 size-large\" title=\"Josep Torrent-Farnell, responsable del \u00c1rea del Medicamento del CatSalut.\" src=\"https:\/\/blog.cofb.cat\/wp-content\/uploads\/2018\/12\/cofb.col\u00b7loqui-Diariofarma181210-22-1024x683.jpg\" alt=\"Josep Torrent-Farnell, responsable de l'\u00c0rea del Medicament del CatSalut.\" width=\"620\" height=\"414\" \/><\/a><figcaption id=\"caption-attachment-43533\" class=\"wp-caption-text\">Josep Torrent-Farnell, responsable del \u00c1rea del Medicamento del CatSalut.<\/figcaption><\/figure>\n<p>De Dalmases destac\u00f3 que <strong>&quot;el gen\u00e9rico supuso la soluci\u00f3n estructural para mantener sostenible el sistema sanitario&quot;<\/strong> pero que \u201cahora <strong>han cambiado las reglas del juego de forma unilateral<\/strong>, ya que no existe prescripci\u00f3n por principio activo y <strong>no es obligatorio prescribirlo a igualdad de precio<\/strong>. Por tanto, volveremos a \u00e9pocas anteriores. Los gen\u00e9ricos deben cuidarse por parte de la Administraci\u00f3n porque son los que hacen que el sistema sea sostenible\u201d.<strong>\u00a0<\/strong><\/p>\n<p style=\"text-align: right;\"><strong>Coorganizado por:<\/strong><\/p>\n<p style=\"text-align: right;\"><a href=\"https:\/\/blog.cofb.cat\/wp-content\/uploads\/2018\/12\/Diariofarma_Teva.jpg\"><img loading=\"lazy\" decoding=\"async\" class=\"wp-image-43525 alignright\" src=\"https:\/\/blog.cofb.cat\/wp-content\/uploads\/2018\/12\/Diariofarma_Teva.jpg\" alt=\"\" width=\"234\" height=\"80\" \/><\/a><\/p>\n<p>&nbsp;<\/p>\n<p>&nbsp;<\/p>\n<p><strong>Otras publicaciones de inter\u00e9s:<\/strong><\/p>\n<ul>\n<li><a href=\"https:\/\/blog.cofb.cat\/presentacio-del-llibre-de-jose-martinez-olmos-primera-trobada-amb-la-sanitat-del-cofb\/\" target=\"_blank\" rel=\"noopener\">Primero de los \u201cEncuentros con la Sanidad\u201d del COFB: presentaci\u00f3n de \u201cEl futuro de la Sanidad en Espa\u00f1a\u201d de Jos\u00e9 Mart\u00ednez-Olmos (Enero 2018)<\/a><\/li>\n<li><a href=\"https:\/\/blog.cofb.cat\/tiburones-en-la-farmacia-analisi-de-la-situacio-actual-i-les-perspectives-de-futur-de-loficina-de-farmacia\/\" target=\"_blank\" rel=\"noopener\">Tiburones en la farmacia: an\u00e1lisis de la situaci\u00f3n actual y de las perspectivas de futuro de la oficina de farmacia (Julio 2016)<\/a><\/li>\n<\/ul>","protected":false},"excerpt":{"rendered":"<p>El pasado 10 de diciembre el Colegio de Farmac\u00e9uticos de Barcelona (COFB), Diariofarma y Teva organizaron el coloquio &quot;Las claves que afectar\u00e1n a la farmacia&quot;. Planteado como un repaso a las iniciativas con mayor impacto en el sector, cont\u00f3 con las intervenciones de Jordi De Dalmases, presidente del COFB, Josep Torrent-Farnell, director de [\u2026]<\/p>","protected":false},"author":1,"featured_media":43336,"comment_status":"open","ping_status":"open","sticky":false,"template":"","format":"standard","meta":{"_uag_custom_page_level_css":"","site-sidebar-layout":"default","site-content-layout":"","ast-site-content-layout":"default","site-content-style":"default","site-sidebar-style":"default","ast-global-header-display":"","ast-banner-title-visibility":"","ast-main-header-display":"","ast-hfb-above-header-display":"","ast-hfb-below-header-display":"","ast-hfb-mobile-header-display":"","site-post-title":"","ast-breadcrumbs-content":"","ast-featured-img":"disabled","footer-sml-layout":"","theme-transparent-header-meta":"","adv-header-id-meta":"","stick-header-meta":"","header-above-stick-meta":"","header-main-stick-meta":"","header-below-stick-meta":"","astra-migrate-meta-layouts":"default","ast-page-background-enabled":"default","ast-page-background-meta":{"desktop":{"background-color":"var(--ast-global-color-4)","background-image":"","background-repeat":"repeat","background-position":"center center","background-size":"auto","background-attachment":"scroll","background-type":"","background-media":"","overlay-type":"","overlay-color":"","overlay-opacity":"","overlay-gradient":""},"tablet":{"background-color":"","background-image":"","background-repeat":"repeat","background-position":"center center","background-size":"auto","background-attachment":"scroll","background-type":"","background-media":"","overlay-type":"","overlay-color":"","overlay-opacity":"","overlay-gradient":""},"mobile":{"background-color":"","background-image":"","background-repeat":"repeat","background-position":"center center","background-size":"auto","background-attachment":"scroll","background-type":"","background-media":"","overlay-type":"","overlay-color":"","overlay-opacity":"","overlay-gradient":""}},"ast-content-background-meta":{"desktop":{"background-color":"var(--ast-global-color-5)","background-image":"","background-repeat":"repeat","background-position":"center center","background-size":"auto","background-attachment":"scroll","background-type":"","background-media":"","overlay-type":"","overlay-color":"","overlay-opacity":"","overlay-gradient":""},"tablet":{"background-color":"var(--ast-global-color-5)","background-image":"","background-repeat":"repeat","background-position":"center center","background-size":"auto","background-attachment":"scroll","background-type":"","background-media":"","overlay-type":"","overlay-color":"","overlay-opacity":"","overlay-gradient":""},"mobile":{"background-color":"var(--ast-global-color-5)","background-image":"","background-repeat":"repeat","background-position":"center center","background-size":"auto","background-attachment":"scroll","background-type":"","background-media":"","overlay-type":"","overlay-color":"","overlay-opacity":"","overlay-gradient":""}},"footnotes":""},"categories":[23,32],"tags":[3384,18,19,3385,520,53,68,113,69,853,3386,3387,1018,3388,196,253],"class_list":["post-43260","post","type-post","status-publish","format-standard","has-post-thumbnail","hentry","category-destacats","category-noticies-farmacia","tag-claus","tag-cofb","tag-collegi-de-farmaceutics-de-barcelona","tag-colloqui","tag-conferencia","tag-farmaceutics","tag-farmacia","tag-farmacia-assistencial","tag-farmacia-comunitaria","tag-futur","tag-generics","tag-medicaments-generics","tag-reptes","tag-reptes-de-futur","tag-sector-farmaceutic","tag-sistema-sanitari"],"yoast_head":"<!-- This site is optimized with the Yoast SEO plugin v22.4 - https:\/\/yoast.com\/wordpress\/plugins\/seo\/ -->\n<title>Al COFB vam abordar les claus que afectaran la farm\u00e0cia en un futur pr\u00f2xim - Col\u00b7legi de Farmac\u00e8utics de Barcelona<\/title>\n<meta name=\"description\" content=\"El passat 10 de desembre el Col\u00b7legi de Farmac\u00e8utics de Barcelona (COFB) va organitzar amb la col\u00b7laboraci\u00f3 de Diariofarma i Teva el col\u00b7loqui &quot;Les claus que afectaran la farm\u00e0cia&quot;.\" \/>\n<meta name=\"robots\" content=\"index, follow, max-snippet:-1, max-image-preview:large, max-video-preview:-1\" \/>\n<link rel=\"canonical\" href=\"https:\/\/novaorg.cofb.net\/2018\/12\/28\/cofb-vam-abordar-claus-que-afectaran-farmacia-futur-proxim\/\" \/>\n<meta property=\"og:locale\" content=\"es_ES\" \/>\n<meta property=\"og:type\" content=\"article\" \/>\n<meta property=\"og:title\" content=\"Al COFB vam abordar les claus que afectaran la farm\u00e0cia en un futur pr\u00f2xim - Col\u00b7legi de Farmac\u00e8utics de Barcelona\" \/>\n<meta property=\"og:description\" content=\"El passat 10 de desembre el Col\u00b7legi de Farmac\u00e8utics de Barcelona (COFB) va organitzar amb la col\u00b7laboraci\u00f3 de Diariofarma i Teva el col\u00b7loqui &quot;Les claus que afectaran la farm\u00e0cia&quot;.\" \/>\n<meta property=\"og:url\" content=\"https:\/\/novaorg.cofb.net\/2018\/12\/28\/cofb-vam-abordar-claus-que-afectaran-farmacia-futur-proxim\/\" \/>\n<meta property=\"og:site_name\" content=\"Col\u00b7legi de Farmac\u00e8utics de Barcelona\" \/>\n<meta property=\"article:publisher\" content=\"https:\/\/www.facebook.com\/farmaceuticsbcn\/\" \/>\n<meta property=\"article:published_time\" content=\"2018-12-28T09:23:27+00:00\" \/>\n<meta name=\"author\" content=\"wpAdminCofbOrg\" \/>\n<meta name=\"twitter:card\" content=\"summary_large_image\" \/>\n<meta name=\"twitter:creator\" content=\"@farmaceuticsbcn\" \/>\n<meta name=\"twitter:site\" content=\"@farmaceuticsbcn\" \/>\n<meta name=\"twitter:label1\" content=\"Escrito por\" \/>\n\t<meta name=\"twitter:data1\" content=\"wpAdminCofbOrg\" \/>\n\t<meta name=\"twitter:label2\" content=\"Tiempo de lectura\" \/>\n\t<meta name=\"twitter:data2\" content=\"8 minutos\" \/>\n<script type=\"application\/ld+json\" class=\"yoast-schema-graph\">{\"@context\":\"https:\/\/schema.org\",\"@graph\":[{\"@type\":\"Article\",\"@id\":\"https:\/\/novaorg.cofb.net\/2018\/12\/28\/cofb-vam-abordar-claus-que-afectaran-farmacia-futur-proxim\/#article\",\"isPartOf\":{\"@id\":\"https:\/\/novaorg.cofb.net\/2018\/12\/28\/cofb-vam-abordar-claus-que-afectaran-farmacia-futur-proxim\/\"},\"author\":{\"name\":\"wpAdminCofbOrg\",\"@id\":\"https:\/\/www.cofb.org\/#\/schema\/person\/22ed7eea88da74b0fa4d3154ad87ffcb\"},\"headline\":\"Al COFB vam abordar les claus que afectaran la farm\u00e0cia en un futur pr\u00f2xim\",\"datePublished\":\"2018-12-28T09:23:27+00:00\",\"dateModified\":\"2018-12-28T09:23:27+00:00\",\"mainEntityOfPage\":{\"@id\":\"https:\/\/novaorg.cofb.net\/2018\/12\/28\/cofb-vam-abordar-claus-que-afectaran-farmacia-futur-proxim\/\"},\"wordCount\":1703,\"commentCount\":0,\"publisher\":{\"@id\":\"https:\/\/www.cofb.org\/#organization\"},\"image\":{\"@id\":\"https:\/\/novaorg.cofb.net\/2018\/12\/28\/cofb-vam-abordar-claus-que-afectaran-farmacia-futur-proxim\/#primaryimage\"},\"thumbnailUrl\":\"\",\"keywords\":[\"claus\",\"COFB\",\"Col\u00b7legi de Farmac\u00e8utics de Barcelona\",\"col\u00b7loqui\",\"confer\u00e8ncia\",\"farmac\u00e8utics\",\"Farm\u00e0cia\",\"farm\u00e0cia assistencial\",\"farm\u00e0cia comunit\u00e0ria\",\"futur\",\"gen\u00e8rics\",\"medicaments gen\u00e8rics\",\"Reptes\",\"reptes de futur\",\"sector farmac\u00e8utic\",\"sistema sanitari\"],\"articleSection\":[\"Destacats\",\"Not\u00edcies farm\u00e0cia\"],\"inLanguage\":\"es\",\"potentialAction\":[{\"@type\":\"CommentAction\",\"name\":\"Comment\",\"target\":[\"https:\/\/novaorg.cofb.net\/2018\/12\/28\/cofb-vam-abordar-claus-que-afectaran-farmacia-futur-proxim\/#respond\"]}]},{\"@type\":\"WebPage\",\"@id\":\"https:\/\/novaorg.cofb.net\/2018\/12\/28\/cofb-vam-abordar-claus-que-afectaran-farmacia-futur-proxim\/\",\"url\":\"https:\/\/novaorg.cofb.net\/2018\/12\/28\/cofb-vam-abordar-claus-que-afectaran-farmacia-futur-proxim\/\",\"name\":\"Al COFB vam abordar les claus que afectaran la farm\u00e0cia en un futur pr\u00f2xim - Col\u00b7legi de Farmac\u00e8utics de Barcelona\",\"isPartOf\":{\"@id\":\"https:\/\/www.cofb.org\/#website\"},\"primaryImageOfPage\":{\"@id\":\"https:\/\/novaorg.cofb.net\/2018\/12\/28\/cofb-vam-abordar-claus-que-afectaran-farmacia-futur-proxim\/#primaryimage\"},\"image\":{\"@id\":\"https:\/\/novaorg.cofb.net\/2018\/12\/28\/cofb-vam-abordar-claus-que-afectaran-farmacia-futur-proxim\/#primaryimage\"},\"thumbnailUrl\":\"\",\"datePublished\":\"2018-12-28T09:23:27+00:00\",\"dateModified\":\"2018-12-28T09:23:27+00:00\",\"description\":\"El passat 10 de desembre el Col\u00b7legi de Farmac\u00e8utics de Barcelona (COFB) va organitzar amb la col\u00b7laboraci\u00f3 de Diariofarma i Teva el col\u00b7loqui \\\"Les claus que afectaran la farm\u00e0cia\\\".\",\"breadcrumb\":{\"@id\":\"https:\/\/novaorg.cofb.net\/2018\/12\/28\/cofb-vam-abordar-claus-que-afectaran-farmacia-futur-proxim\/#breadcrumb\"},\"inLanguage\":\"es\",\"potentialAction\":[{\"@type\":\"ReadAction\",\"target\":[\"https:\/\/novaorg.cofb.net\/2018\/12\/28\/cofb-vam-abordar-claus-que-afectaran-farmacia-futur-proxim\/\"]}]},{\"@type\":\"ImageObject\",\"inLanguage\":\"es\",\"@id\":\"https:\/\/novaorg.cofb.net\/2018\/12\/28\/cofb-vam-abordar-claus-que-afectaran-farmacia-futur-proxim\/#primaryimage\",\"url\":\"\",\"contentUrl\":\"\"},{\"@type\":\"BreadcrumbList\",\"@id\":\"https:\/\/novaorg.cofb.net\/2018\/12\/28\/cofb-vam-abordar-claus-que-afectaran-farmacia-futur-proxim\/#breadcrumb\",\"itemListElement\":[{\"@type\":\"ListItem\",\"position\":1,\"name\":\"Inici\",\"item\":\"https:\/\/novaorg.cofb.net\/\"},{\"@type\":\"ListItem\",\"position\":2,\"name\":\"Al COFB vam abordar les claus que afectaran la farm\u00e0cia en un futur pr\u00f2xim\"}]},{\"@type\":\"WebSite\",\"@id\":\"https:\/\/www.cofb.org\/#website\",\"url\":\"https:\/\/www.cofb.org\/\",\"name\":\"Col\u00b7legi de Farmac\u00e8utics de Barcelona\",\"description\":\"\",\"publisher\":{\"@id\":\"https:\/\/www.cofb.org\/#organization\"},\"potentialAction\":[{\"@type\":\"SearchAction\",\"target\":{\"@type\":\"EntryPoint\",\"urlTemplate\":\"https:\/\/www.cofb.org\/?s={search_term_string}\"},\"query-input\":\"required name=search_term_string\"}],\"inLanguage\":\"es\"},{\"@type\":\"Organization\",\"@id\":\"https:\/\/www.cofb.org\/#organization\",\"name\":\"Col\u00b7legi de Farmac\u00e8utics de Barcelona\",\"url\":\"https:\/\/www.cofb.org\/\",\"logo\":{\"@type\":\"ImageObject\",\"inLanguage\":\"es\",\"@id\":\"https:\/\/www.cofb.org\/#\/schema\/logo\/image\/\",\"url\":\"https:\/\/www.cofb.org\/wp-content\/uploads\/2023\/11\/cropped-Logotip-COFB.png\",\"contentUrl\":\"https:\/\/www.cofb.org\/wp-content\/uploads\/2023\/11\/cropped-Logotip-COFB.png\",\"width\":500,\"height\":105,\"caption\":\"Col\u00b7legi de Farmac\u00e8utics de Barcelona\"},\"image\":{\"@id\":\"https:\/\/www.cofb.org\/#\/schema\/logo\/image\/\"},\"sameAs\":[\"https:\/\/www.facebook.com\/farmaceuticsbcn\/\",\"https:\/\/twitter.com\/farmaceuticsbcn\",\"https:\/\/www.instagram.com\/farmaceuticsbcn\/\",\"https:\/\/www.linkedin.com\/company\/farmaceuticsbcn\/\"]},{\"@type\":\"Person\",\"@id\":\"https:\/\/www.cofb.org\/#\/schema\/person\/22ed7eea88da74b0fa4d3154ad87ffcb\",\"name\":\"wpAdminCofbOrg\",\"image\":{\"@type\":\"ImageObject\",\"inLanguage\":\"es\",\"@id\":\"https:\/\/www.cofb.org\/#\/schema\/person\/image\/\",\"url\":\"https:\/\/secure.gravatar.com\/avatar\/1721b20b3b8ca882c3b56ec6c978c594fff670e40c0718e9190eaeeb76aae7d8?s=96&d=mm&r=g\",\"contentUrl\":\"https:\/\/secure.gravatar.com\/avatar\/1721b20b3b8ca882c3b56ec6c978c594fff670e40c0718e9190eaeeb76aae7d8?s=96&d=mm&r=g\",\"caption\":\"wpAdminCofbOrg\"},\"sameAs\":[\"http:\/\/192.168.64.122\/wordpress\"],\"url\":\"https:\/\/www.cofb.org\/es\/author\/wpadmincofborg\/\"}]}<\/script>\n<!-- \/ Yoast SEO plugin. -->","yoast_head_json":{"title":"Al COFB vam abordar les claus que afectaran la farm\u00e0cia en un futur pr\u00f2xim - Col\u00b7legi de Farmac\u00e8utics de Barcelona","description":"El passat 10 de desembre el Col\u00b7legi de Farmac\u00e8utics de Barcelona (COFB) va organitzar amb la col\u00b7laboraci\u00f3 de Diariofarma i Teva el col\u00b7loqui \"Les claus que afectaran la farm\u00e0cia\".","robots":{"index":"index","follow":"follow","max-snippet":"max-snippet:-1","max-image-preview":"max-image-preview:large","max-video-preview":"max-video-preview:-1"},"canonical":"https:\/\/novaorg.cofb.net\/2018\/12\/28\/cofb-vam-abordar-claus-que-afectaran-farmacia-futur-proxim\/","og_locale":"es_ES","og_type":"article","og_title":"Al COFB vam abordar les claus que afectaran la farm\u00e0cia en un futur pr\u00f2xim - Col\u00b7legi de Farmac\u00e8utics de Barcelona","og_description":"El passat 10 de desembre el Col\u00b7legi de Farmac\u00e8utics de Barcelona (COFB) va organitzar amb la col\u00b7laboraci\u00f3 de Diariofarma i Teva el col\u00b7loqui \"Les claus que afectaran la farm\u00e0cia\".","og_url":"https:\/\/novaorg.cofb.net\/2018\/12\/28\/cofb-vam-abordar-claus-que-afectaran-farmacia-futur-proxim\/","og_site_name":"Col\u00b7legi de Farmac\u00e8utics de Barcelona","article_publisher":"https:\/\/www.facebook.com\/farmaceuticsbcn\/","article_published_time":"2018-12-28T09:23:27+00:00","author":"wpAdminCofbOrg","twitter_card":"summary_large_image","twitter_creator":"@farmaceuticsbcn","twitter_site":"@farmaceuticsbcn","twitter_misc":{"Escrito por":"wpAdminCofbOrg","Tiempo de lectura":"8 minutos"},"schema":{"@context":"https:\/\/schema.org","@graph":[{"@type":"Article","@id":"https:\/\/novaorg.cofb.net\/2018\/12\/28\/cofb-vam-abordar-claus-que-afectaran-farmacia-futur-proxim\/#article","isPartOf":{"@id":"https:\/\/novaorg.cofb.net\/2018\/12\/28\/cofb-vam-abordar-claus-que-afectaran-farmacia-futur-proxim\/"},"author":{"name":"wpAdminCofbOrg","@id":"https:\/\/www.cofb.org\/#\/schema\/person\/22ed7eea88da74b0fa4d3154ad87ffcb"},"headline":"Al COFB vam abordar les claus que afectaran la farm\u00e0cia en un futur pr\u00f2xim","datePublished":"2018-12-28T09:23:27+00:00","dateModified":"2018-12-28T09:23:27+00:00","mainEntityOfPage":{"@id":"https:\/\/novaorg.cofb.net\/2018\/12\/28\/cofb-vam-abordar-claus-que-afectaran-farmacia-futur-proxim\/"},"wordCount":1703,"commentCount":0,"publisher":{"@id":"https:\/\/www.cofb.org\/#organization"},"image":{"@id":"https:\/\/novaorg.cofb.net\/2018\/12\/28\/cofb-vam-abordar-claus-que-afectaran-farmacia-futur-proxim\/#primaryimage"},"thumbnailUrl":"","keywords":["claus","COFB","Col\u00b7legi de Farmac\u00e8utics de Barcelona","col\u00b7loqui","confer\u00e8ncia","farmac\u00e8utics","Farm\u00e0cia","farm\u00e0cia assistencial","farm\u00e0cia comunit\u00e0ria","futur","gen\u00e8rics","medicaments gen\u00e8rics","Reptes","reptes de futur","sector farmac\u00e8utic","sistema sanitari"],"articleSection":["Destacats","Not\u00edcies farm\u00e0cia"],"inLanguage":"es","potentialAction":[{"@type":"CommentAction","name":"Comment","target":["https:\/\/novaorg.cofb.net\/2018\/12\/28\/cofb-vam-abordar-claus-que-afectaran-farmacia-futur-proxim\/#respond"]}]},{"@type":"WebPage","@id":"https:\/\/novaorg.cofb.net\/2018\/12\/28\/cofb-vam-abordar-claus-que-afectaran-farmacia-futur-proxim\/","url":"https:\/\/novaorg.cofb.net\/2018\/12\/28\/cofb-vam-abordar-claus-que-afectaran-farmacia-futur-proxim\/","name":"Al COFB vam abordar les claus que afectaran la farm\u00e0cia en un futur pr\u00f2xim - Col\u00b7legi de Farmac\u00e8utics de Barcelona","isPartOf":{"@id":"https:\/\/www.cofb.org\/#website"},"primaryImageOfPage":{"@id":"https:\/\/novaorg.cofb.net\/2018\/12\/28\/cofb-vam-abordar-claus-que-afectaran-farmacia-futur-proxim\/#primaryimage"},"image":{"@id":"https:\/\/novaorg.cofb.net\/2018\/12\/28\/cofb-vam-abordar-claus-que-afectaran-farmacia-futur-proxim\/#primaryimage"},"thumbnailUrl":"","datePublished":"2018-12-28T09:23:27+00:00","dateModified":"2018-12-28T09:23:27+00:00","description":"El passat 10 de desembre el Col\u00b7legi de Farmac\u00e8utics de Barcelona (COFB) va organitzar amb la col\u00b7laboraci\u00f3 de Diariofarma i Teva el col\u00b7loqui \"Les claus que afectaran la farm\u00e0cia\".","breadcrumb":{"@id":"https:\/\/novaorg.cofb.net\/2018\/12\/28\/cofb-vam-abordar-claus-que-afectaran-farmacia-futur-proxim\/#breadcrumb"},"inLanguage":"es","potentialAction":[{"@type":"ReadAction","target":["https:\/\/novaorg.cofb.net\/2018\/12\/28\/cofb-vam-abordar-claus-que-afectaran-farmacia-futur-proxim\/"]}]},{"@type":"ImageObject","inLanguage":"es","@id":"https:\/\/novaorg.cofb.net\/2018\/12\/28\/cofb-vam-abordar-claus-que-afectaran-farmacia-futur-proxim\/#primaryimage","url":"","contentUrl":""},{"@type":"BreadcrumbList","@id":"https:\/\/novaorg.cofb.net\/2018\/12\/28\/cofb-vam-abordar-claus-que-afectaran-farmacia-futur-proxim\/#breadcrumb","itemListElement":[{"@type":"ListItem","position":1,"name":"Inici","item":"https:\/\/novaorg.cofb.net\/"},{"@type":"ListItem","position":2,"name":"Al COFB vam abordar les claus que afectaran la farm\u00e0cia en un futur pr\u00f2xim"}]},{"@type":"WebSite","@id":"https:\/\/www.cofb.org\/#website","url":"https:\/\/www.cofb.org\/","name":"Col\u00b7legi de Farmac\u00e8utics de Barcelona","description":"","publisher":{"@id":"https:\/\/www.cofb.org\/#organization"},"potentialAction":[{"@type":"SearchAction","target":{"@type":"EntryPoint","urlTemplate":"https:\/\/www.cofb.org\/?s={search_term_string}"},"query-input":"required name=search_term_string"}],"inLanguage":"es"},{"@type":"Organization","@id":"https:\/\/www.cofb.org\/#organization","name":"Col\u00b7legi de Farmac\u00e8utics de Barcelona","url":"https:\/\/www.cofb.org\/","logo":{"@type":"ImageObject","inLanguage":"es","@id":"https:\/\/www.cofb.org\/#\/schema\/logo\/image\/","url":"https:\/\/www.cofb.org\/wp-content\/uploads\/2023\/11\/cropped-Logotip-COFB.png","contentUrl":"https:\/\/www.cofb.org\/wp-content\/uploads\/2023\/11\/cropped-Logotip-COFB.png","width":500,"height":105,"caption":"Col\u00b7legi de Farmac\u00e8utics de Barcelona"},"image":{"@id":"https:\/\/www.cofb.org\/#\/schema\/logo\/image\/"},"sameAs":["https:\/\/www.facebook.com\/farmaceuticsbcn\/","https:\/\/twitter.com\/farmaceuticsbcn","https:\/\/www.instagram.com\/farmaceuticsbcn\/","https:\/\/www.linkedin.com\/company\/farmaceuticsbcn\/"]},{"@type":"Person","@id":"https:\/\/www.cofb.org\/#\/schema\/person\/22ed7eea88da74b0fa4d3154ad87ffcb","name":"wpAdminCofbOrg","image":{"@type":"ImageObject","inLanguage":"es","@id":"https:\/\/www.cofb.org\/#\/schema\/person\/image\/","url":"https:\/\/secure.gravatar.com\/avatar\/1721b20b3b8ca882c3b56ec6c978c594fff670e40c0718e9190eaeeb76aae7d8?s=96&d=mm&r=g","contentUrl":"https:\/\/secure.gravatar.com\/avatar\/1721b20b3b8ca882c3b56ec6c978c594fff670e40c0718e9190eaeeb76aae7d8?s=96&d=mm&r=g","caption":"wpAdminCofbOrg"},"sameAs":["http:\/\/192.168.64.122\/wordpress"],"url":"https:\/\/www.cofb.org\/es\/author\/wpadmincofborg\/"}]}},"uagb_featured_image_src":{"full":false,"thumbnail":false,"medium":false,"medium_large":false,"large":false,"1536x1536":false,"2048x2048":false,"trp-custom-language-flag":false},"uagb_author_info":{"display_name":"wpAdminCofbOrg","author_link":"https:\/\/www.cofb.org\/es\/author\/wpadmincofborg\/"},"uagb_comment_info":0,"uagb_excerpt":"El passat 10 de desembre el\u00a0Col\u00b7legi de Farmac\u00e8utics de Barcelona (COFB), Diariofarma i Teva\u00a0van organitzar el col\u00b7loqui &#8220;Les claus que afectaran la farm\u00e0cia&#8221;. Plantejat com un rep\u00e0s a les iniciatives amb m\u00e9s gran impacte al sector, va comptar amb les intervencions de\u00a0Jordi De Dalmases, president del COFB,\u00a0Josep Torrent-Farnell, director de [&hellip;]","_links":{"self":[{"href":"https:\/\/www.cofb.org\/es\/wp-json\/wp\/v2\/posts\/43260","targetHints":{"allow":["GET"]}}],"collection":[{"href":"https:\/\/www.cofb.org\/es\/wp-json\/wp\/v2\/posts"}],"about":[{"href":"https:\/\/www.cofb.org\/es\/wp-json\/wp\/v2\/types\/post"}],"author":[{"embeddable":true,"href":"https:\/\/www.cofb.org\/es\/wp-json\/wp\/v2\/users\/1"}],"replies":[{"embeddable":true,"href":"https:\/\/www.cofb.org\/es\/wp-json\/wp\/v2\/comments?post=43260"}],"version-history":[{"count":0,"href":"https:\/\/www.cofb.org\/es\/wp-json\/wp\/v2\/posts\/43260\/revisions"}],"wp:featuredmedia":[{"embeddable":true,"href":"https:\/\/www.cofb.org\/es\/wp-json\/"}],"wp:attachment":[{"href":"https:\/\/www.cofb.org\/es\/wp-json\/wp\/v2\/media?parent=43260"}],"wp:term":[{"taxonomy":"category","embeddable":true,"href":"https:\/\/www.cofb.org\/es\/wp-json\/wp\/v2\/categories?post=43260"},{"taxonomy":"post_tag","embeddable":true,"href":"https:\/\/www.cofb.org\/es\/wp-json\/wp\/v2\/tags?post=43260"}],"curies":[{"name":"wp","href":"https:\/\/api.w.org\/{rel}","templated":true}]}}