{"id":43159,"date":"2018-12-19T16:00:52","date_gmt":"2018-12-19T14:00:52","guid":{"rendered":"https:\/\/blog.cofb.cat\/?p=43159"},"modified":"2018-12-19T16:00:52","modified_gmt":"2018-12-19T14:00:52","slug":"junta-general-ordinaria-aprovats-per-unanimitat-els-pressupostos-del-collegi-per-al-2019","status":"publish","type":"post","link":"https:\/\/www.cofb.org\/es\/2018\/12\/19\/junta-general-ordinaria-aprovats-per-unanimitat-els-pressupostos-del-collegi-per-al-2019\/","title":{"rendered":"Junta General Ordinaria: Aprobados por unanimidad los presupuestos del Colegio para 2019"},"content":{"rendered":"<p><strong>Todo listo para el inicio de un nuevo a\u00f1o en el Colegio<\/strong>. Los colegiados aprobaron por unanimidad ayer, 18 de diciembre, durante la <strong>Junta General Ordinaria<\/strong>, la <strong>propuesta de presupuestos<\/strong> de la instituci\u00f3n para el pr\u00f3ximo a\u00f1o, expuestos por el<strong>equipo econ\u00f3mico<\/strong> del COFB. Durante el acto estuvieron presentes el presidente, Jordi De Dalmases; la vicepresidenta, N\u00faria Bosch; el secretario, Jordi Casas; el tesorero, Joan Calduch y el vicetesorero, Guillermo Bagaria.<\/p>\n<figure id=\"attachment_43290\" aria-describedby=\"caption-attachment-43290\" style=\"width: 620px\" class=\"wp-caption aligncenter\"><a href=\"https:\/\/blog.cofb.cat\/wp-content\/uploads\/2018\/12\/cofb.JGO-01.jpg\"><img fetchpriority=\"high\" decoding=\"async\" class=\"wp-image-43290 size-large\" title=\"La Junta de Gobierno del COFB (de izquierda a derecha): Jordi Casas, secretario; N\u00faria Bosch, vicepresidenta; Jordi De Dalmases, presidente; Joan Calduch, tesorero y Guillermo Bagaria, vicetesorero. \" src=\"https:\/\/blog.cofb.cat\/wp-content\/uploads\/2018\/12\/cofb.JGO-01-1024x618.jpg\" alt=\"La Junta de Govern del COFB (d'esquerra a dreta): Jordi Casas, secretari; N\u00faria Bosch, vicepresidenta; Jordi De Dalmases, president; Joan Calduch, tresorer i Guillermo Bagaria, vicetresorer. \" width=\"620\" height=\"374\" \/><\/a><figcaption id=\"caption-attachment-43290\" class=\"wp-caption-text\">De izquierda a derecha, los miembros de la Junta de Gobierno que presidieron la Junta General Ordinaria celebrada ayer: Jordi Casas, secretario; N\u00faria Bosch, vicepresidenta; Jordi De Dalmases, presidente; Joan Calduch, tesorero y Guillermo Bagaria, vicetesorero.<\/figcaption><\/figure>\n<h1><span style=\"color: #008080;\"><strong>Farmaservicios, registro de actividad de los Servicios Profesionales Farmac\u00e9uticos\u00a0<\/strong><\/span><\/h1>\n<p>Guillermo Bagaria fue el <strong>primero de los miembros<\/strong> a intervenir y habl\u00f3 de <strong>Farmaserveis<\/strong>, un proyecto que se llevar\u00e1 a cabo en <strong>4 Colegios catalanes<\/strong>, bajo el paraguas del <strong>Consell de Col\u00b7legis Farmac\u00e8utics de Catalunya (CCFC)<\/strong>.<\/p>\n<p>Bagaria explic\u00f3 que el<strong>objetivo principal<\/strong> de este <strong>proyecto<\/strong> es el <strong>registro de actividad<\/strong> de los <strong>Servicios Profesionales Farmac\u00e9uticos (SPFA)<\/strong>, sin el cual el valor de estos servicios que se realizan en las farmacias se pierde. El vicetesorero, adem\u00e1s, present\u00f3 un <strong>v\u00eddeo<\/strong> <strong>que recog\u00eda c\u00f3mo se lleva a cabo desde la tableta el procedimiento\u00a0<\/strong>\u00a0de\u00a0<strong>registro de la actividad profesional<\/strong>. Para concluir, el vicetesorero del COFB afirm\u00f3 que <strong>Farmaserveis<\/strong>\u00a0es de <strong>gran utilidad<\/strong> porque <strong>facilita la tarea del registro<\/strong>, <strong>aporta valor al usuario<\/strong> y que <strong>uno de los retos es que el proyecto se extienda y cada vez sea m\u00e1s universal<\/strong>. Todo ello, por <strong>reforzar la imagen de los profesionales farmac\u00e9uticos<\/strong> como colectivo sanitario.<\/p>\n<figure id=\"attachment_43291\" aria-describedby=\"caption-attachment-43291\" style=\"width: 620px\" class=\"wp-caption aligncenter\"><a href=\"https:\/\/blog.cofb.cat\/wp-content\/uploads\/2018\/12\/cofb.JGO-06.jpg\"><img decoding=\"async\" class=\"wp-image-43291 size-large\" src=\"https:\/\/blog.cofb.cat\/wp-content\/uploads\/2018\/12\/cofb.JGO-06-1024x683.jpg\" alt=\"\" width=\"620\" height=\"414\" \/><\/a><figcaption id=\"caption-attachment-43291\" class=\"wp-caption-text\">Guillermo Bagaria, vicetesorero del COFB durante su intervenci\u00f3n.<\/figcaption><\/figure>\n<h1><span style=\"color: #008080;\"><strong>Informe econ\u00f3mico: propuesta de presupuesto 2019<\/strong><\/span><\/h1>\n<p>A continuaci\u00f3n, Joan Calduch expuso la <strong>propuesta<\/strong>\u00a0de <strong>presupuestos para 2019.<\/strong>\u00a0El tesorero del COFB destac\u00f3 el registro digital a trav\u00e9s del despliegue de Farmaserveis y el incremento de la partida presupuestaria en el desarrollo de nuevos proyectos profesionales. Adem\u00e1s, explic\u00f3 que <strong>uno de los objetivos de 2019<\/strong> es <strong>coordinar toda la actividad de los Colegios y el Consejo<\/strong> y destinar recursos, entre otros, a definir las bases y la arquitectura de c\u00f3mo trasladar la informaci\u00f3n al usuario final en el entorno digital y al despliegue del proyecto de la oficina de farmacia libre de papeles.<\/p>\n<p>Por otra parte, inform\u00f3 del<strong>incremento del presupuesto de comunicaci\u00f3n del COFB<\/strong>, con el objetivo de <strong>seguir comunicando<\/strong> a trav\u00e9s de los medios el rol y la eficacia de los <strong>servicios profesionales farmac\u00e9uticos<\/strong> en la prevenci\u00f3n y gesti\u00f3n de la enfermedad. Calduch tambi\u00e9n se refiri\u00f3 a la nueva apuesta del COFB en<strong>\u00a0Infarma Barcelona 2019\u00a0<\/strong>porque<strong>\u00a0siga siendo un Congreso y Sal\u00f3n de referencia de la farmacia espa\u00f1ola<\/strong>. Adem\u00e1s, destac\u00f3 la continuaci\u00f3n y <strong>finalizaci\u00f3n de las reformas de las aulas formativas<\/strong> de la sede colegial o el <strong>desarrollo de la plataforma \u00c1gora<\/strong>\u00a0<strong>Sanitaria<\/strong>\u00a0con mayores prestaciones conjuntamente con el COFM.<\/p>\n<p>Asimismo, resalt\u00f3 que se ha continuado apostando por las <strong>becas<\/strong> y el <strong>premio innovaci\u00f3n<\/strong> y el <strong>compromiso por la cultura y la vertiente social de la profesi\u00f3n.<\/strong><\/p>\n<p>En relaci\u00f3n a los costes colegiales, para 2019 se propuso la <strong>reducci\u00f3n de la cuota de colegiaci\u00f3n del 100%<\/strong> para farmac\u00e9uticos con <strong>licenciatura obtenida<\/strong> durante el \u00faltimo a\u00f1o y la reducci\u00f3n del coste por gestionar PAO&#039;s que pasar\u00e1 del 1.75 al 1%. En cuanto al <strong>coste del servicio de facturaci\u00f3n de RE<\/strong> \u00e9ste se ver\u00e1 incrementado en 0,001\u20ac pasando las recetas electr\u00f3nicas a tener un coste de 0,015 y las de papel insertadas a 0,036\u20ac.<\/p>\n<h1><span style=\"color: #008080;\"><strong>Informe de Presidencia<\/strong><\/span><\/h1>\n<p>En el marco del<strong>Informe de Presidencia<\/strong>, el presidente del COFB, Jordi De Dalmases se refiri\u00f3 a <strong>diversas cuestiones<\/strong>. En primer lugar, en la reuni\u00f3n que mantuvo con el nuevo director del CatSalut, Adri\u00e0 Comella, en la que se abord\u00f3 la recuperaci\u00f3n de la fecha de cobro de la prestaci\u00f3n farmac\u00e9utica, la prestaci\u00f3n farmac\u00e9utica en centros residenciales para las personas mayores, adecuaci\u00f3n del Concierto de Atenci\u00f3n Farmac\u00e9utica y la Carpeta Mi Salud. A continuaci\u00f3n, el presidente del COFB trat\u00f3 al <strong>Servicio de Verificaci\u00f3n de Medicamentos (SEVeM),<\/strong>\u00a0en cuyo marco se han organizado 3 sesiones informativas en el COFB (farmacia comunitaria, distribuci\u00f3n y hospitales), ya que la puesta en marcha est\u00e1 prevista a partir de febrero de 2019.<\/p>\n<figure id=\"attachment_43292\" aria-describedby=\"caption-attachment-43292\" style=\"width: 620px\" class=\"wp-caption aligncenter\"><a href=\"https:\/\/blog.cofb.cat\/wp-content\/uploads\/2018\/12\/cofb.JGO-28.jpg\"><img decoding=\"async\" class=\"wp-image-43292 size-large\" title=\"Jordi De Dalmases, presidente del COFB, durante la exposici\u00f3n del Informe de Presidencia el pasado 18 de diciembre.\" src=\"https:\/\/blog.cofb.cat\/wp-content\/uploads\/2018\/12\/cofb.JGO-28-1024x683.jpg\" alt=\"Jordi De Dalmases, president del COFB, durant l'exposici\u00f3 de l'Informe de Presid\u00e8ncia el passat 18 de desembre.\" width=\"620\" height=\"414\" \/><\/a><figcaption id=\"caption-attachment-43292\" class=\"wp-caption-text\">Jordi De Dalmases, presidente del COFB, durante la exposici\u00f3n del Informe de Presidencia el pasado 18 de diciembre.<\/figcaption><\/figure>\n<p>Tambi\u00e9n hizo menci\u00f3n a la <strong>interoperabilidad de la receta electr\u00f3nica,<\/strong> que ha permitido a las farmacias catalanas realizar m\u00e1s de 78.000 dispensaciones a pacientes de otras Comunidades Aut\u00f3nomas; y en la <b>reuni\u00f3n que mantuvo con los representantes de enfermer\u00eda en Catalunya,\u00a0<\/b>en el que desde ambos colectivos se emplazaron a \u201ccontinuar <strong>estableciendo sinergias<\/strong> para contribuir, desde los diferentes \u00e1mbitos a <strong>mejorar la calidad de vida<\/strong> de la poblaci\u00f3n\u201d. Otro de los temas abordados por De Dalmases fue la <strong><em>Compliance<\/em><\/strong>, que nace \u201cde la <strong>necesidad de justificar<\/strong> que la persona jur\u00eddica ha establecido un conjunto de normas, procesos recogidos en un protocolo de obligado cumplimiento por los miembros de la organizaci\u00f3n, con el fin de evitar la participaci\u00f3n de \u00e9stos en la comisi\u00f3n de delitos e incurrir en estas responsabilidades\u201d y que <strong>en 2019 est\u00e1 previsto que se empiece a aplicar al COFB<\/strong>.<\/p>\n<p>De Dalmases tambi\u00e9n inform\u00f3 a los colegiados de las <strong>&quot;Encuentros con la Sanidad&quot;<\/strong> realizadas hasta ahora. Una serie de conferencias que se iniciaron el pasado 24 de enero, con la presentaci\u00f3n del libro <em><strong>El futuro de la Sanidad en Espa\u00f1a.<\/strong> <strong>Propuestas y reflexiones para una sanidad p\u00fablica solvente<\/strong><\/em> de Jos\u00e9 Mart\u00ednez-Olmos. La siguieron la conferencia del exconsejero de Salud de la Generalitat de Catalunya <strong>&quot;Cambiar de paradigma, un reto permanente en la gesti\u00f3n y la pol\u00edtica sanitarias&quot;<\/strong>, Boi Ruiz, el pasado 13 de junio y la de I\u00f1aki Betolaza, que el pasado 29 de noviembre realiz\u00f3 la conferencia <strong>&quot;La farmacia, un agente m\u00e1s de salud en Euskadi&quot;<\/strong>.<strong>\u00a0<\/strong>Se han realizado <strong>3 encuentros<\/strong> y la primera prevista para 2019 es con Maria Jes\u00fas Lamas, directora del<strong>Agencia Espa\u00f1ola del Medicamento y Productos Sanitarios (AEMPS)<\/strong>.<\/p>\n<p>En cuanto a <strong>CISMED<\/strong>, el presidente destac\u00f3 que hay <strong>257 farmacias adheridas <\/strong>y anim\u00f3 a los farmac\u00e9uticos a adherirse para notificar las incidencias de desabastecimiento de medicamentos.<\/p>\n<div class=\"destacat-blog\">\n<h2><strong><span style=\"color: #008080;\">Comunicaci\u00f3n<\/span><\/strong><\/h2>\n<p>En la parte final de la Junta, la vicepresidenta del COFB, N\u00faria Bosch, expuso que el Colegio sigue siendo <strong>fuente de referencia en los medios de comunicaci\u00f3n<\/strong> y, concretamente, expuso <strong>dos casos destacados del \u00faltimo semestre<\/strong> -retirada de\u00a0<strong>lotes de medicamentos con valsart\u00e1n y reacciones adversas en el Metamizol-<\/strong>, en las que la <strong>intervenci\u00f3n del farmac\u00e9utico\u00a0<\/strong>fue clave para <strong>trasladar a la sociedad un mensaje comprensible y homog\u00e9neo<\/strong>. Bosch tambi\u00e9n comunic\u00f3 a los asistentes que est\u00e1 prevista en 2019 la<strong> renovaci\u00f3n de la web www.cofb.org<\/strong> con el objetivo de que sea la puerta de entrada de los colegiados.<\/p>\n<p>En cuanto a la comunicaci\u00f3n interna, Bosch destac\u00f3 la <strong>renovaci\u00f3n de la app<\/strong> <strong>del COFB<\/strong>, que facilita, entre otros aspectos, un acceso r\u00e1pido con huella digital, agilidad en la inscripci\u00f3n de actividades y personalizaci\u00f3n en funci\u00f3n de las preferencias del farmac\u00e9utico. Por \u00faltimo, hizo referencia a la <strong>utilizaci\u00f3n de medios telem\u00e1ticos<\/strong> \u2013 a trav\u00e9s de Logalty- <strong>para enviar notificaciones<\/strong> de los tr\u00e1mites y resoluciones que dicta la Junta de Gobierno, tal y como contempla la normativa actualmente vigente.<\/p>\n<\/div>\n<div class=\"box info\"><\/div>\n<p><strong>Cada a\u00f1o, el Colegio lleva a cabo dos Juntas Generales<\/strong> relacionadas con el presupuesto del COFB en las que se presenta a los colegiados la<strong> liquidaci\u00f3n del a\u00f1o anterior (Junta de junio)<\/strong> y<strong> la propuesta de presupuesto para el a\u00f1o siguiente (Junta del mes de diciembre)<\/strong>. El<strong>aprobaci\u00f3n de los presupuestos se somete a la votaci\u00f3n de los colegiados<\/strong> que asisten por su aprobaci\u00f3n.<\/p>\n<\/div>\n<p><strong>Otras publicaciones de inter\u00e9s:<\/strong><\/p>\n<ul>\n<li><a href=\"https:\/\/blog.cofb.cat\/junta-general-ordinaria-els-col%C2%B7legiats-aproven-la-liquidacio-del-pressupost-2016\/\" target=\"_blank\" rel=\"noopener\">Junta General Ordinaria: los colegiados aprueban la liquidaci\u00f3n del presupuesto 2016 (Junio 2017)<\/a><\/li>\n<li><a href=\"https:\/\/blog.cofb.cat\/aprovada-la-proposta-de-pressupostos-del-col%C2%B7legi-per-al-2018\/\" target=\"_blank\" rel=\"noopener\">Aprobada la propuesta del Colegio para 2018 (Diciembre 2017)<\/a><\/li>\n<li><a href=\"https:\/\/blog.cofb.cat\/junta-general-ordinaria-collegiats-aproven-liquidacio-pressupost-2017\/\" target=\"_blank\" rel=\"noopener\">Junta General Ordinaria: los colegiados aprueban la liquidaci\u00f3n del presupuesto 2017 (Junio 2018)<\/a><\/li>\n<\/ul>","protected":false},"excerpt":{"rendered":"<p>Todo listo para el inicio de un nuevo a\u00f1o en el Colegio. Los colegiados aprobaron por unanimidad ayer, 18 de diciembre, durante la Junta General Ordinaria, la propuesta de presupuestos de la instituci\u00f3n para el pr\u00f3ximo a\u00f1o, expuestos por el equipo econ\u00f3mico del COFB. Durante el acto estuvieron presentes el presidente, Jordi [\u2026]<\/p>","protected":false},"author":1,"featured_media":43302,"comment_status":"open","ping_status":"open","sticky":false,"template":"","format":"standard","meta":{"_uag_custom_page_level_css":"","site-sidebar-layout":"default","site-content-layout":"","ast-site-content-layout":"default","site-content-style":"default","site-sidebar-style":"default","ast-global-header-display":"","ast-banner-title-visibility":"","ast-main-header-display":"","ast-hfb-above-header-display":"","ast-hfb-below-header-display":"","ast-hfb-mobile-header-display":"","site-post-title":"","ast-breadcrumbs-content":"","ast-featured-img":"disabled","footer-sml-layout":"","theme-transparent-header-meta":"","adv-header-id-meta":"","stick-header-meta":"","header-above-stick-meta":"","header-main-stick-meta":"","header-below-stick-meta":"","astra-migrate-meta-layouts":"default","ast-page-background-enabled":"default","ast-page-background-meta":{"desktop":{"background-color":"var(--ast-global-color-4)","background-image":"","background-repeat":"repeat","background-position":"center center","background-size":"auto","background-attachment":"scroll","background-type":"","background-media":"","overlay-type":"","overlay-color":"","overlay-opacity":"","overlay-gradient":""},"tablet":{"background-color":"","background-image":"","background-repeat":"repeat","background-position":"center center","background-size":"auto","background-attachment":"scroll","background-type":"","background-media":"","overlay-type":"","overlay-color":"","overlay-opacity":"","overlay-gradient":""},"mobile":{"background-color":"","background-image":"","background-repeat":"repeat","background-position":"center center","background-size":"auto","background-attachment":"scroll","background-type":"","background-media":"","overlay-type":"","overlay-color":"","overlay-opacity":"","overlay-gradient":""}},"ast-content-background-meta":{"desktop":{"background-color":"var(--ast-global-color-5)","background-image":"","background-repeat":"repeat","background-position":"center center","background-size":"auto","background-attachment":"scroll","background-type":"","background-media":"","overlay-type":"","overlay-color":"","overlay-opacity":"","overlay-gradient":""},"tablet":{"background-color":"var(--ast-global-color-5)","background-image":"","background-repeat":"repeat","background-position":"center center","background-size":"auto","background-attachment":"scroll","background-type":"","background-media":"","overlay-type":"","overlay-color":"","overlay-opacity":"","overlay-gradient":""},"mobile":{"background-color":"var(--ast-global-color-5)","background-image":"","background-repeat":"repeat","background-position":"center center","background-size":"auto","background-attachment":"scroll","background-type":"","background-media":"","overlay-type":"","overlay-color":"","overlay-opacity":"","overlay-gradient":""}},"footnotes":""},"categories":[57],"tags":[18,356,19,692,417,419,420,3381,3382,1026,3383],"class_list":["post-43159","post","type-post","status-publish","format-standard","has-post-thumbnail","hentry","category-mon-collegial","tag-cofb","tag-collegi","tag-collegi-de-farmaceutics-de-barcelona","tag-collegiats","tag-junta-de-govern","tag-junta-general","tag-junta-general-ordinaria","tag-normes-pressupostaries","tag-partides","tag-pressupost","tag-pressupost-cofb"],"yoast_head":"<!-- This site is optimized with the Yoast SEO plugin v22.4 - https:\/\/yoast.com\/wordpress\/plugins\/seo\/ -->\n<title>Junta General Ordin\u00e0ria: Aprovats per unanimitat els pressupostos del Col\u00b7legi per al 2019 - Col\u00b7legi de Farmac\u00e8utics de Barcelona<\/title>\n<meta name=\"robots\" content=\"index, follow, max-snippet:-1, max-image-preview:large, max-video-preview:-1\" \/>\n<link rel=\"canonical\" href=\"https:\/\/novaorg.cofb.net\/2018\/12\/19\/junta-general-ordinaria-aprovats-per-unanimitat-els-pressupostos-del-collegi-per-al-2019\/\" \/>\n<meta property=\"og:locale\" content=\"es_ES\" \/>\n<meta property=\"og:type\" content=\"article\" \/>\n<meta property=\"og:title\" content=\"Junta General Ordin\u00e0ria: Aprovats per unanimitat els pressupostos del Col\u00b7legi per al 2019 - Col\u00b7legi de Farmac\u00e8utics de Barcelona\" \/>\n<meta property=\"og:description\" content=\"Tot a punt per a l&#8217;inici d&#8217;un nou any al Col\u00b7legi.\u00a0Els col\u00b7legiats van aprovar per unanimitat ahir, 18 de desembre, durant la Junta General Ordin\u00e0ria, la proposta de pressupostos de la instituci\u00f3 per a l&#8217;any vinent, exposats per l&#8217;equip econ\u00f2mic del COFB. Durant l&#8217;acte van estar presents el president, Jordi [&hellip;]\" \/>\n<meta property=\"og:url\" content=\"https:\/\/novaorg.cofb.net\/2018\/12\/19\/junta-general-ordinaria-aprovats-per-unanimitat-els-pressupostos-del-collegi-per-al-2019\/\" \/>\n<meta property=\"og:site_name\" content=\"Col\u00b7legi de Farmac\u00e8utics de Barcelona\" \/>\n<meta property=\"article:publisher\" content=\"https:\/\/www.facebook.com\/farmaceuticsbcn\/\" \/>\n<meta property=\"article:published_time\" content=\"2018-12-19T14:00:52+00:00\" \/>\n<meta name=\"author\" content=\"wpAdminCofbOrg\" \/>\n<meta name=\"twitter:card\" content=\"summary_large_image\" \/>\n<meta name=\"twitter:creator\" content=\"@farmaceuticsbcn\" \/>\n<meta name=\"twitter:site\" content=\"@farmaceuticsbcn\" \/>\n<meta name=\"twitter:label1\" content=\"Escrito por\" \/>\n\t<meta name=\"twitter:data1\" content=\"wpAdminCofbOrg\" \/>\n\t<meta name=\"twitter:label2\" content=\"Tiempo de lectura\" \/>\n\t<meta name=\"twitter:data2\" content=\"7 minutos\" \/>\n<script type=\"application\/ld+json\" class=\"yoast-schema-graph\">{\"@context\":\"https:\/\/schema.org\",\"@graph\":[{\"@type\":\"Article\",\"@id\":\"https:\/\/novaorg.cofb.net\/2018\/12\/19\/junta-general-ordinaria-aprovats-per-unanimitat-els-pressupostos-del-collegi-per-al-2019\/#article\",\"isPartOf\":{\"@id\":\"https:\/\/novaorg.cofb.net\/2018\/12\/19\/junta-general-ordinaria-aprovats-per-unanimitat-els-pressupostos-del-collegi-per-al-2019\/\"},\"author\":{\"name\":\"wpAdminCofbOrg\",\"@id\":\"https:\/\/www.cofb.org\/#\/schema\/person\/22ed7eea88da74b0fa4d3154ad87ffcb\"},\"headline\":\"Junta General Ordin\u00e0ria: Aprovats per unanimitat els pressupostos del Col\u00b7legi per al 2019\",\"datePublished\":\"2018-12-19T14:00:52+00:00\",\"dateModified\":\"2018-12-19T14:00:52+00:00\",\"mainEntityOfPage\":{\"@id\":\"https:\/\/novaorg.cofb.net\/2018\/12\/19\/junta-general-ordinaria-aprovats-per-unanimitat-els-pressupostos-del-collegi-per-al-2019\/\"},\"wordCount\":1454,\"commentCount\":0,\"publisher\":{\"@id\":\"https:\/\/www.cofb.org\/#organization\"},\"image\":{\"@id\":\"https:\/\/novaorg.cofb.net\/2018\/12\/19\/junta-general-ordinaria-aprovats-per-unanimitat-els-pressupostos-del-collegi-per-al-2019\/#primaryimage\"},\"thumbnailUrl\":\"\",\"keywords\":[\"COFB\",\"Col\u00b7legi\",\"Col\u00b7legi de Farmac\u00e8utics de Barcelona\",\"col\u00b7legiats\",\"Junta de Govern\",\"Junta General\",\"Junta General Ordin\u00e0ria\",\"normes pressupost\u00e0ries\",\"partides\",\"pressupost\",\"pressupost COFB\"],\"articleSection\":[\"M\u00f3n col\u00b7legial\"],\"inLanguage\":\"es\",\"potentialAction\":[{\"@type\":\"CommentAction\",\"name\":\"Comment\",\"target\":[\"https:\/\/novaorg.cofb.net\/2018\/12\/19\/junta-general-ordinaria-aprovats-per-unanimitat-els-pressupostos-del-collegi-per-al-2019\/#respond\"]}]},{\"@type\":\"WebPage\",\"@id\":\"https:\/\/novaorg.cofb.net\/2018\/12\/19\/junta-general-ordinaria-aprovats-per-unanimitat-els-pressupostos-del-collegi-per-al-2019\/\",\"url\":\"https:\/\/novaorg.cofb.net\/2018\/12\/19\/junta-general-ordinaria-aprovats-per-unanimitat-els-pressupostos-del-collegi-per-al-2019\/\",\"name\":\"Junta General Ordin\u00e0ria: Aprovats per unanimitat els pressupostos del Col\u00b7legi per al 2019 - Col\u00b7legi de Farmac\u00e8utics de Barcelona\",\"isPartOf\":{\"@id\":\"https:\/\/www.cofb.org\/#website\"},\"primaryImageOfPage\":{\"@id\":\"https:\/\/novaorg.cofb.net\/2018\/12\/19\/junta-general-ordinaria-aprovats-per-unanimitat-els-pressupostos-del-collegi-per-al-2019\/#primaryimage\"},\"image\":{\"@id\":\"https:\/\/novaorg.cofb.net\/2018\/12\/19\/junta-general-ordinaria-aprovats-per-unanimitat-els-pressupostos-del-collegi-per-al-2019\/#primaryimage\"},\"thumbnailUrl\":\"\",\"datePublished\":\"2018-12-19T14:00:52+00:00\",\"dateModified\":\"2018-12-19T14:00:52+00:00\",\"breadcrumb\":{\"@id\":\"https:\/\/novaorg.cofb.net\/2018\/12\/19\/junta-general-ordinaria-aprovats-per-unanimitat-els-pressupostos-del-collegi-per-al-2019\/#breadcrumb\"},\"inLanguage\":\"es\",\"potentialAction\":[{\"@type\":\"ReadAction\",\"target\":[\"https:\/\/novaorg.cofb.net\/2018\/12\/19\/junta-general-ordinaria-aprovats-per-unanimitat-els-pressupostos-del-collegi-per-al-2019\/\"]}]},{\"@type\":\"ImageObject\",\"inLanguage\":\"es\",\"@id\":\"https:\/\/novaorg.cofb.net\/2018\/12\/19\/junta-general-ordinaria-aprovats-per-unanimitat-els-pressupostos-del-collegi-per-al-2019\/#primaryimage\",\"url\":\"\",\"contentUrl\":\"\"},{\"@type\":\"BreadcrumbList\",\"@id\":\"https:\/\/novaorg.cofb.net\/2018\/12\/19\/junta-general-ordinaria-aprovats-per-unanimitat-els-pressupostos-del-collegi-per-al-2019\/#breadcrumb\",\"itemListElement\":[{\"@type\":\"ListItem\",\"position\":1,\"name\":\"Inici\",\"item\":\"https:\/\/novaorg.cofb.net\/\"},{\"@type\":\"ListItem\",\"position\":2,\"name\":\"Junta General Ordin\u00e0ria: Aprovats per unanimitat els pressupostos del Col\u00b7legi per al 2019\"}]},{\"@type\":\"WebSite\",\"@id\":\"https:\/\/www.cofb.org\/#website\",\"url\":\"https:\/\/www.cofb.org\/\",\"name\":\"Col\u00b7legi de Farmac\u00e8utics de Barcelona\",\"description\":\"\",\"publisher\":{\"@id\":\"https:\/\/www.cofb.org\/#organization\"},\"potentialAction\":[{\"@type\":\"SearchAction\",\"target\":{\"@type\":\"EntryPoint\",\"urlTemplate\":\"https:\/\/www.cofb.org\/?s={search_term_string}\"},\"query-input\":\"required name=search_term_string\"}],\"inLanguage\":\"es\"},{\"@type\":\"Organization\",\"@id\":\"https:\/\/www.cofb.org\/#organization\",\"name\":\"Col\u00b7legi de Farmac\u00e8utics de Barcelona\",\"url\":\"https:\/\/www.cofb.org\/\",\"logo\":{\"@type\":\"ImageObject\",\"inLanguage\":\"es\",\"@id\":\"https:\/\/www.cofb.org\/#\/schema\/logo\/image\/\",\"url\":\"https:\/\/www.cofb.org\/wp-content\/uploads\/2023\/11\/cropped-Logotip-COFB.png\",\"contentUrl\":\"https:\/\/www.cofb.org\/wp-content\/uploads\/2023\/11\/cropped-Logotip-COFB.png\",\"width\":500,\"height\":105,\"caption\":\"Col\u00b7legi de Farmac\u00e8utics de Barcelona\"},\"image\":{\"@id\":\"https:\/\/www.cofb.org\/#\/schema\/logo\/image\/\"},\"sameAs\":[\"https:\/\/www.facebook.com\/farmaceuticsbcn\/\",\"https:\/\/twitter.com\/farmaceuticsbcn\",\"https:\/\/www.instagram.com\/farmaceuticsbcn\/\",\"https:\/\/www.linkedin.com\/company\/farmaceuticsbcn\/\"]},{\"@type\":\"Person\",\"@id\":\"https:\/\/www.cofb.org\/#\/schema\/person\/22ed7eea88da74b0fa4d3154ad87ffcb\",\"name\":\"wpAdminCofbOrg\",\"image\":{\"@type\":\"ImageObject\",\"inLanguage\":\"es\",\"@id\":\"https:\/\/www.cofb.org\/#\/schema\/person\/image\/\",\"url\":\"https:\/\/secure.gravatar.com\/avatar\/1721b20b3b8ca882c3b56ec6c978c594fff670e40c0718e9190eaeeb76aae7d8?s=96&d=mm&r=g\",\"contentUrl\":\"https:\/\/secure.gravatar.com\/avatar\/1721b20b3b8ca882c3b56ec6c978c594fff670e40c0718e9190eaeeb76aae7d8?s=96&d=mm&r=g\",\"caption\":\"wpAdminCofbOrg\"},\"sameAs\":[\"http:\/\/192.168.64.122\/wordpress\"],\"url\":\"https:\/\/www.cofb.org\/es\/author\/wpadmincofborg\/\"}]}<\/script>\n<!-- \/ Yoast SEO plugin. -->","yoast_head_json":{"title":"Junta General Ordin\u00e0ria: Aprovats per unanimitat els pressupostos del Col\u00b7legi per al 2019 - Col\u00b7legi de Farmac\u00e8utics de Barcelona","robots":{"index":"index","follow":"follow","max-snippet":"max-snippet:-1","max-image-preview":"max-image-preview:large","max-video-preview":"max-video-preview:-1"},"canonical":"https:\/\/novaorg.cofb.net\/2018\/12\/19\/junta-general-ordinaria-aprovats-per-unanimitat-els-pressupostos-del-collegi-per-al-2019\/","og_locale":"es_ES","og_type":"article","og_title":"Junta General Ordin\u00e0ria: Aprovats per unanimitat els pressupostos del Col\u00b7legi per al 2019 - Col\u00b7legi de Farmac\u00e8utics de Barcelona","og_description":"Tot a punt per a l&#8217;inici d&#8217;un nou any al Col\u00b7legi.\u00a0Els col\u00b7legiats van aprovar per unanimitat ahir, 18 de desembre, durant la Junta General Ordin\u00e0ria, la proposta de pressupostos de la instituci\u00f3 per a l&#8217;any vinent, exposats per l&#8217;equip econ\u00f2mic del COFB. Durant l&#8217;acte van estar presents el president, Jordi [&hellip;]","og_url":"https:\/\/novaorg.cofb.net\/2018\/12\/19\/junta-general-ordinaria-aprovats-per-unanimitat-els-pressupostos-del-collegi-per-al-2019\/","og_site_name":"Col\u00b7legi de Farmac\u00e8utics de Barcelona","article_publisher":"https:\/\/www.facebook.com\/farmaceuticsbcn\/","article_published_time":"2018-12-19T14:00:52+00:00","author":"wpAdminCofbOrg","twitter_card":"summary_large_image","twitter_creator":"@farmaceuticsbcn","twitter_site":"@farmaceuticsbcn","twitter_misc":{"Escrito por":"wpAdminCofbOrg","Tiempo de lectura":"7 minutos"},"schema":{"@context":"https:\/\/schema.org","@graph":[{"@type":"Article","@id":"https:\/\/novaorg.cofb.net\/2018\/12\/19\/junta-general-ordinaria-aprovats-per-unanimitat-els-pressupostos-del-collegi-per-al-2019\/#article","isPartOf":{"@id":"https:\/\/novaorg.cofb.net\/2018\/12\/19\/junta-general-ordinaria-aprovats-per-unanimitat-els-pressupostos-del-collegi-per-al-2019\/"},"author":{"name":"wpAdminCofbOrg","@id":"https:\/\/www.cofb.org\/#\/schema\/person\/22ed7eea88da74b0fa4d3154ad87ffcb"},"headline":"Junta General Ordin\u00e0ria: Aprovats per unanimitat els pressupostos del Col\u00b7legi per al 2019","datePublished":"2018-12-19T14:00:52+00:00","dateModified":"2018-12-19T14:00:52+00:00","mainEntityOfPage":{"@id":"https:\/\/novaorg.cofb.net\/2018\/12\/19\/junta-general-ordinaria-aprovats-per-unanimitat-els-pressupostos-del-collegi-per-al-2019\/"},"wordCount":1454,"commentCount":0,"publisher":{"@id":"https:\/\/www.cofb.org\/#organization"},"image":{"@id":"https:\/\/novaorg.cofb.net\/2018\/12\/19\/junta-general-ordinaria-aprovats-per-unanimitat-els-pressupostos-del-collegi-per-al-2019\/#primaryimage"},"thumbnailUrl":"","keywords":["COFB","Col\u00b7legi","Col\u00b7legi de Farmac\u00e8utics de Barcelona","col\u00b7legiats","Junta de Govern","Junta General","Junta General Ordin\u00e0ria","normes pressupost\u00e0ries","partides","pressupost","pressupost COFB"],"articleSection":["M\u00f3n col\u00b7legial"],"inLanguage":"es","potentialAction":[{"@type":"CommentAction","name":"Comment","target":["https:\/\/novaorg.cofb.net\/2018\/12\/19\/junta-general-ordinaria-aprovats-per-unanimitat-els-pressupostos-del-collegi-per-al-2019\/#respond"]}]},{"@type":"WebPage","@id":"https:\/\/novaorg.cofb.net\/2018\/12\/19\/junta-general-ordinaria-aprovats-per-unanimitat-els-pressupostos-del-collegi-per-al-2019\/","url":"https:\/\/novaorg.cofb.net\/2018\/12\/19\/junta-general-ordinaria-aprovats-per-unanimitat-els-pressupostos-del-collegi-per-al-2019\/","name":"Junta General Ordin\u00e0ria: Aprovats per unanimitat els pressupostos del Col\u00b7legi per al 2019 - Col\u00b7legi de Farmac\u00e8utics de Barcelona","isPartOf":{"@id":"https:\/\/www.cofb.org\/#website"},"primaryImageOfPage":{"@id":"https:\/\/novaorg.cofb.net\/2018\/12\/19\/junta-general-ordinaria-aprovats-per-unanimitat-els-pressupostos-del-collegi-per-al-2019\/#primaryimage"},"image":{"@id":"https:\/\/novaorg.cofb.net\/2018\/12\/19\/junta-general-ordinaria-aprovats-per-unanimitat-els-pressupostos-del-collegi-per-al-2019\/#primaryimage"},"thumbnailUrl":"","datePublished":"2018-12-19T14:00:52+00:00","dateModified":"2018-12-19T14:00:52+00:00","breadcrumb":{"@id":"https:\/\/novaorg.cofb.net\/2018\/12\/19\/junta-general-ordinaria-aprovats-per-unanimitat-els-pressupostos-del-collegi-per-al-2019\/#breadcrumb"},"inLanguage":"es","potentialAction":[{"@type":"ReadAction","target":["https:\/\/novaorg.cofb.net\/2018\/12\/19\/junta-general-ordinaria-aprovats-per-unanimitat-els-pressupostos-del-collegi-per-al-2019\/"]}]},{"@type":"ImageObject","inLanguage":"es","@id":"https:\/\/novaorg.cofb.net\/2018\/12\/19\/junta-general-ordinaria-aprovats-per-unanimitat-els-pressupostos-del-collegi-per-al-2019\/#primaryimage","url":"","contentUrl":""},{"@type":"BreadcrumbList","@id":"https:\/\/novaorg.cofb.net\/2018\/12\/19\/junta-general-ordinaria-aprovats-per-unanimitat-els-pressupostos-del-collegi-per-al-2019\/#breadcrumb","itemListElement":[{"@type":"ListItem","position":1,"name":"Inici","item":"https:\/\/novaorg.cofb.net\/"},{"@type":"ListItem","position":2,"name":"Junta General Ordin\u00e0ria: Aprovats per unanimitat els pressupostos del Col\u00b7legi per al 2019"}]},{"@type":"WebSite","@id":"https:\/\/www.cofb.org\/#website","url":"https:\/\/www.cofb.org\/","name":"Col\u00b7legi de Farmac\u00e8utics de Barcelona","description":"","publisher":{"@id":"https:\/\/www.cofb.org\/#organization"},"potentialAction":[{"@type":"SearchAction","target":{"@type":"EntryPoint","urlTemplate":"https:\/\/www.cofb.org\/?s={search_term_string}"},"query-input":"required name=search_term_string"}],"inLanguage":"es"},{"@type":"Organization","@id":"https:\/\/www.cofb.org\/#organization","name":"Col\u00b7legi de Farmac\u00e8utics de Barcelona","url":"https:\/\/www.cofb.org\/","logo":{"@type":"ImageObject","inLanguage":"es","@id":"https:\/\/www.cofb.org\/#\/schema\/logo\/image\/","url":"https:\/\/www.cofb.org\/wp-content\/uploads\/2023\/11\/cropped-Logotip-COFB.png","contentUrl":"https:\/\/www.cofb.org\/wp-content\/uploads\/2023\/11\/cropped-Logotip-COFB.png","width":500,"height":105,"caption":"Col\u00b7legi de Farmac\u00e8utics de Barcelona"},"image":{"@id":"https:\/\/www.cofb.org\/#\/schema\/logo\/image\/"},"sameAs":["https:\/\/www.facebook.com\/farmaceuticsbcn\/","https:\/\/twitter.com\/farmaceuticsbcn","https:\/\/www.instagram.com\/farmaceuticsbcn\/","https:\/\/www.linkedin.com\/company\/farmaceuticsbcn\/"]},{"@type":"Person","@id":"https:\/\/www.cofb.org\/#\/schema\/person\/22ed7eea88da74b0fa4d3154ad87ffcb","name":"wpAdminCofbOrg","image":{"@type":"ImageObject","inLanguage":"es","@id":"https:\/\/www.cofb.org\/#\/schema\/person\/image\/","url":"https:\/\/secure.gravatar.com\/avatar\/1721b20b3b8ca882c3b56ec6c978c594fff670e40c0718e9190eaeeb76aae7d8?s=96&d=mm&r=g","contentUrl":"https:\/\/secure.gravatar.com\/avatar\/1721b20b3b8ca882c3b56ec6c978c594fff670e40c0718e9190eaeeb76aae7d8?s=96&d=mm&r=g","caption":"wpAdminCofbOrg"},"sameAs":["http:\/\/192.168.64.122\/wordpress"],"url":"https:\/\/www.cofb.org\/es\/author\/wpadmincofborg\/"}]}},"uagb_featured_image_src":{"full":false,"thumbnail":false,"medium":false,"medium_large":false,"large":false,"1536x1536":false,"2048x2048":false,"trp-custom-language-flag":false},"uagb_author_info":{"display_name":"wpAdminCofbOrg","author_link":"https:\/\/www.cofb.org\/es\/author\/wpadmincofborg\/"},"uagb_comment_info":0,"uagb_excerpt":"Tot a punt per a l&#8217;inici d&#8217;un nou any al Col\u00b7legi.\u00a0Els col\u00b7legiats van aprovar per unanimitat ahir, 18 de desembre, durant la Junta General Ordin\u00e0ria, la proposta de pressupostos de la instituci\u00f3 per a l&#8217;any vinent, exposats per l&#8217;equip econ\u00f2mic del COFB. Durant l&#8217;acte van estar presents el president, Jordi [&hellip;]","_links":{"self":[{"href":"https:\/\/www.cofb.org\/es\/wp-json\/wp\/v2\/posts\/43159","targetHints":{"allow":["GET"]}}],"collection":[{"href":"https:\/\/www.cofb.org\/es\/wp-json\/wp\/v2\/posts"}],"about":[{"href":"https:\/\/www.cofb.org\/es\/wp-json\/wp\/v2\/types\/post"}],"author":[{"embeddable":true,"href":"https:\/\/www.cofb.org\/es\/wp-json\/wp\/v2\/users\/1"}],"replies":[{"embeddable":true,"href":"https:\/\/www.cofb.org\/es\/wp-json\/wp\/v2\/comments?post=43159"}],"version-history":[{"count":0,"href":"https:\/\/www.cofb.org\/es\/wp-json\/wp\/v2\/posts\/43159\/revisions"}],"wp:featuredmedia":[{"embeddable":true,"href":"https:\/\/www.cofb.org\/es\/wp-json\/"}],"wp:attachment":[{"href":"https:\/\/www.cofb.org\/es\/wp-json\/wp\/v2\/media?parent=43159"}],"wp:term":[{"taxonomy":"category","embeddable":true,"href":"https:\/\/www.cofb.org\/es\/wp-json\/wp\/v2\/categories?post=43159"},{"taxonomy":"post_tag","embeddable":true,"href":"https:\/\/www.cofb.org\/es\/wp-json\/wp\/v2\/tags?post=43159"}],"curies":[{"name":"wp","href":"https:\/\/api.w.org\/{rel}","templated":true}]}}