{"id":42994,"date":"2018-12-18T16:10:32","date_gmt":"2018-12-18T14:10:32","guid":{"rendered":"https:\/\/blog.cofb.cat\/?p=42994"},"modified":"2018-12-18T16:10:32","modified_gmt":"2018-12-18T14:10:32","slug":"quins-aspectes-cal-tenir-compte-rendibilitat-formulacio-magistral-farmacia-comunitaria","status":"publish","type":"post","link":"https:\/\/www.cofb.org\/es\/2018\/12\/18\/quins-aspectes-cal-tenir-compte-rendibilitat-formulacio-magistral-farmacia-comunitaria\/","title":{"rendered":"\u00bfQu\u00e9 aspectos debe tenerse en cuenta en la rentabilidad de la formulaci\u00f3n magistral en la farmacia comunitaria?"},"content":{"rendered":"<p>El pasado 26 de noviembre el COFB acogi\u00f3 la sesi\u00f3n <strong>&quot;Rentabilidad de la formulaci\u00f3n magistral en la farmacia comunitaria, aspectos a tener en cuenta&quot;<\/strong>, que corri\u00f3 a cargo de Ariadna Crusellas, farmac\u00e9utica comunitaria, formulista, m\u00e1ster de experto en f\u00f3rmulas magistrales de la Universidad San Jorge de Zaragoza y presidenta de Aprofarm y Josep Pedrals, farmac\u00e9utico comunitario, formulista y vicepresidente de Aprofarm. El moderador fue Francesc Llamb\u00ed, vocal del COFB y profesor asociado de la Unidad de Tecnolog\u00eda Farmac\u00e9utica de la Facultad de Farmacia de la UB.<\/p>\n<h1><span style=\"color: #008080;\"><strong>La formulaci\u00f3n magistral, tarea inherente a la actividad profesional de la oficina de farmacia<\/strong><\/span><\/h1>\n<p>La<strong> formulaci\u00f3n magistral<\/strong> forma parte de \u201c<strong>la esencia\u201d de la actividad profesional de la oficina de farmacia<\/strong> y los farmac\u00e9uticos son los &quot;t\u00e9cnicos-garantes-especialistas&quot; de los medicamentos. Durante la sesi\u00f3n, se puso de manifiesto que todo lo que un d\u00eda eran <strong>tratamientos individualizados<\/strong> o <strong>f\u00f3rmulas magistrales<\/strong> ahora son todo (o casi todo) <strong>especialidades<\/strong> (medicamentos comercializados).<\/p>\n<p>Aunque las <strong>especialidades<\/strong> han comportado progreso, eficacia y universalidad en la medicina, siempre ha habido y habr\u00e1 sitio para los tratamientos individualizados, ya que:<\/p>\n<ul>\n<li>los individuos tienen diferente <strong>edad<\/strong>, <strong>peso<\/strong> y no todos reaccionan por igual<\/li>\n<li>la industria no puede<strong> rentabilizar tratamientos minoritarios<\/strong><\/li>\n<\/ul>\n<figure id=\"attachment_43169\" aria-describedby=\"caption-attachment-43169\" style=\"width: 620px\" class=\"wp-caption aligncenter\"><a href=\"https:\/\/blog.cofb.cat\/wp-content\/uploads\/2018\/12\/cofb.formulaci\u00f3-magistral.181126-10.jpg\"><img fetchpriority=\"high\" decoding=\"async\" class=\"wp-image-43169 size-large\" title=\"Los farmac\u00e9uticos comunitarios y formulistas Ariadna Crusellas y Josep Pedrals, presidenta y vicepresidente de Aprofarm, durante la sesi\u00f3n.\" src=\"https:\/\/blog.cofb.cat\/wp-content\/uploads\/2018\/12\/cofb.formulaci\u00f3-magistral.181126-10-1024x683.jpg\" alt=\"Els farmac\u00e8utics comunitaris i formulistes Ariadna Crusellas i Josep Pedrals, presidenta i vicepresident d'Aprofarm, durant la sessi\u00f3.\" width=\"620\" height=\"414\" \/><\/a><figcaption id=\"caption-attachment-43169\" class=\"wp-caption-text\">Los farmac\u00e9uticos comunitarios y formulistas Ariadna Crusellas y Josep Pedrals, presidenta y vicepresidente de Aprofarm, durante la sesi\u00f3n.<\/figcaption><\/figure>\n<p>Por este motivo, durante el acto se incidi\u00f3 en que la <strong>formulaci\u00f3n magistral es un \u00e1rea que en funci\u00f3n de c\u00f3mo se gestione puede tener una rentabilidad<\/strong>, por ejemplo, si tenemos en cuenta aspectos como el<strong>optimizaci\u00f3n de recursos<\/strong> o el<strong>an\u00e1lisis de costes<\/strong>.<\/p>\n<h1><strong><span style=\"color: #008080;\">An\u00e1lisis de costes de los laboratorios<\/span><\/strong><\/h1>\n<p><strong>\u00bfQu\u00e9 inversiones y gastos m\u00ednimos tienen los laboratorios?<\/strong> Para dar respuesta a esta cuesti\u00f3n se puso de manifiesto cu\u00e1les <strong>inversiones m\u00ednimas<\/strong> requieren los laboratorios y cu\u00e1les <strong>gastos m\u00ednimos<\/strong> comportan.<\/p>\n<div class=\"box success\"><\/p>\n<p>La <strong>gesti\u00f3n del laboratorio<\/strong> es lo suficientemente importante y \u00fatil para sustentar la tarea de la <strong>formulaci\u00f3n magistral\u00a0<\/strong>y permite valorar con <strong>par\u00e1metros propios<\/strong> cu\u00e1l es la <strong>rentabilidad de la formulaci\u00f3n magistral<\/strong>.<\/p>\n<p><\/div>\n<p>Entre las<strong> inversiones<\/strong> se remarcaron el<strong>espacio<\/strong>, la<strong>utillaje<\/strong>, los <strong>aparatos<\/strong>, los <strong>costes de inventario inicial<\/strong>, el<strong> material inform\u00e1tico<\/strong> y de<strong>oficina<\/strong>, los <strong>envases<\/strong> y el <strong>material de embalaje<\/strong>. Como <strong>gastos m\u00ednimos<\/strong> se destacaron las de personal, luz y climatizaci\u00f3n, agua y tel\u00e9fono, espacio, costes directos de fabricaci\u00f3n, gesti\u00f3n de residuos\u2026<\/p>\n<h1><strong><span style=\"color: #008080;\">F\u00f3rmulas magistrales\u00a0<\/span><\/strong><\/h1>\n<p>A continuaci\u00f3n, se repasaron los aspectos a tener en cuenta de las <strong>f\u00f3rmulas magistrales<\/strong>. En concreto, el <strong>precio de los principios activos<\/strong> (pol\u00edtica de compras, negociaci\u00f3n con los proveedores de materias primas y envases, c\u00e1lculo de las necesidades para nuestra realidad\u2026), precio de los <strong>excipientes<\/strong>, precio de los <strong>utillajes\/aparatos<\/strong>, precio del<strong>elaborador<\/strong> (tiempo que requiere cada f\u00f3rmula, coste de hacer un control espec\u00edfico de la f\u00f3rmula, coste del personal que la elabora\u2026), precio del<strong>envase<\/strong> (elecci\u00f3n del mejor envase y el mejor precio, stock \u00f3ptimo para nuestra labor, coste del stock inmovilizado en el laboratorio\u2026), precio del<strong>etiqueta<\/strong>, precio de la <strong>documentaci\u00f3n<\/strong> (tiempo dedicado a generar informaci\u00f3n ya tenerla actualizada\u2026) y precio de la <strong>infraestructura<\/strong> (coste fijo, espacio ocupado por nuestro laboratorio\u2026).<\/p>\n<p>La presidenta y el vicepresidente de Aprofarm recalcaron que \u201cla <strong>formulaci\u00f3n magistral es lo \u00fanico exclusivamente de la oficina de farmacia que no se puede encontrar en ning\u00fan otro sitio<\/strong>, lo que supone una <strong>oportunidad<\/strong> por <strong>trabajar la formulaci\u00f3n magistral<\/strong> con la <strong>dispensaci\u00f3n activa<\/strong> y atender directamente la necesidad del cliente que pide una formulaci\u00f3n magistral y darle un servicio\u201d.<\/p>\n<h1><strong><span style=\"color: #008080;\">Reflexiones sobre la jornada<\/span><\/strong><\/h1>\n<p>Francesc Llamb\u00ed, vocal del COFB y profesor asociado de la Unidad de Tecnolog\u00eda Farmac\u00e9utica de la Facultad de Farmacia de la UB, destac\u00f3 que <strong>durante la sesi\u00f3n se repasaron<\/strong> \u201cuna<strong> serie de puntos<\/strong> que, ciertamente, todo el mundo que tenga un laboratorio de formulaci\u00f3n, peri\u00f3dicamente, debe<strong>incidir<\/strong>\u201d y que considera <strong>&quot;muy \u00fatiles para los farmac\u00e9uticos&quot;<\/strong>.<\/p>\n<figure id=\"attachment_42999\" aria-describedby=\"caption-attachment-42999\" style=\"width: 620px\" class=\"wp-caption aligncenter\"><a href=\"https:\/\/blog.cofb.cat\/wp-content\/uploads\/2018\/12\/cofb.formulaci\u00f3-magsitral.181126-01.jpg\"><img decoding=\"async\" class=\"wp-image-42999 size-large\" title=\"De izquierda a derecha: Josep Pedrals, farmac\u00e9utico comunitario, formulista y vicepresidente de Aprofarm; Ariadna Crusellas, farmac\u00e9utica comunitaria, formulista y presidenta de Aprofarm y Francesc Llamb\u00ed, vocal del COFB y profesor asociado de la Unidad de Tecnolog\u00eda Farmac\u00e9utica de la Facultad de Farmacia de la UB.\" src=\"https:\/\/blog.cofb.cat\/wp-content\/uploads\/2018\/12\/cofb.formulaci\u00f3-magsitral.181126-01-1024x683.jpg\" alt=\"D'esquerra a dreta:\u00a0 Josep Pedrals, farmac\u00e8utic comunitari, formulista i vicepresident d'Aprofarm;Ariadna Crusellas, farmac\u00e8utica comunit\u00e0ria, formulista i presidenta d'Aprofarm i Francesc Llamb\u00ed, vocal del COFB i professor associat de la Unitat de Tecnologia Farmac\u00e8utica de la Facultat de Farm\u00e0cia de la UB.\" width=\"620\" height=\"414\" \/><\/a><figcaption id=\"caption-attachment-42999\" class=\"wp-caption-text\">De izquierda a derecha: Josep Pedrals, farmac\u00e9utico comunitario, formulista y vicepresidente de Aprofarm; Ariadna Crusellas, farmac\u00e9utica comunitaria, formulista y presidenta de Aprofarm y Francesc Llamb\u00ed, vocal del COFB y profesor asociado de la Unidad de Tecnolog\u00eda Farmac\u00e9utica de la Facultad de Farmacia de la UB.<\/figcaption><\/figure>\n<p>\u201cEl <strong>funcionamiento de cada laboratorio es diferente<\/strong> y <strong>cada uno debe aplicar las reflexiones que haya hecho<\/strong>. Respecto a incrementar el n\u00famero de formulaciones, en este punto influyen <strong>decisiones propias de cada uno en la oficina de farmacia<\/strong> y tambi\u00e9n <strong>temas m\u00e1s generales <\/strong>que debemos saber tratar\u201d, concluy\u00f3.<\/p>\n<p>&nbsp;<\/p>\n<p style=\"text-align: right;\"><strong>Actividad organizada conjuntamente con:<\/strong><\/p>\n<p style=\"text-align: right;\"><a href=\"http:\/\/www.fefac.cat\/\" target=\"_blank\" rel=\"noopener\"><img decoding=\"async\" class=\"wp-image-43022 alignright\" src=\"https:\/\/blog.cofb.cat\/wp-content\/uploads\/2018\/12\/FEFAC-1024x401.jpg\" alt=\"\" width=\"169\" height=\"66\" \/><\/a><\/p>\n<p>&nbsp;<\/p>\n<p>&nbsp;<\/p>\n<p style=\"text-align: right;\"><strong>Con la colaboraci\u00f3n de:<\/strong><\/p>\n<p><a href=\"http:\/\/aprofarm.com\/\" target=\"_blank\" rel=\"noopener\"><img loading=\"lazy\" decoding=\"async\" class=\"wp-image-43021 alignright\" src=\"https:\/\/blog.cofb.cat\/wp-content\/uploads\/2018\/12\/aprofarm-1024x230.jpg\" alt=\"\" width=\"214\" height=\"48\" \/><\/a><\/p>\n<p>&nbsp;<\/p>\n<p><strong>Otras publicaciones de inter\u00e9s:<\/strong><\/p>\n<ul>\n<li><a href=\"https:\/\/blog.cofb.cat\/formules-magistrals-per-la-mucosa-oral-formacio-amb-especial-significacio-dins-la-farmacia\/\" target=\"_blank\" rel=\"noopener\">F\u00f3rmulas magistrales para la mucosa oral: formaci\u00f3n con especial significaci\u00f3n en la farmacia (Marzo 2018)<\/a><\/li>\n<li><a href=\"https:\/\/blog.cofb.cat\/ix-forum-aprofarm-20-anys-al-costat-del-formulador\/\" target=\"_blank\" rel=\"noopener\">IX Foro Aprofarm: \u201c20 a\u00f1os junto al formulador\u201d (Junio 2016)<\/a><\/li>\n<li><a href=\"https:\/\/blog.cofb.cat\/mes-col%C2%B7laboracio-per-implementar-la-formulacio-magistral-una-tendencia-a-lalca\/#prettyPhoto\" target=\"_blank\" rel=\"noopener\">M\u00e1s colaboraci\u00f3n para implementar la formulaci\u00f3n magistral, una tendencia al alza (Junio 2014)<\/a><\/li>\n<\/ul>","protected":false},"excerpt":{"rendered":"<p>El pasado 26 de noviembre el COFB acogi\u00f3 la sesi\u00f3n \u201cRentabilidad de la formulaci\u00f3n magistral en la farmacia comunitaria, aspectos a tener en cuenta\u201d, que corri\u00f3 a cargo de Ariadna Crusellas, farmac\u00e9utica comunitaria, formulista, m\u00e1ster de experto en f\u00f3rmulas magistrales de la Universidad San Jorge de Zaragoza y presidenta de Aprofarm [\u2026]<\/p>","protected":false},"author":1,"featured_media":43169,"comment_status":"open","ping_status":"open","sticky":false,"template":"","format":"standard","meta":{"_uag_custom_page_level_css":"","site-sidebar-layout":"default","site-content-layout":"","ast-site-content-layout":"default","site-content-style":"default","site-sidebar-style":"default","ast-global-header-display":"","ast-banner-title-visibility":"","ast-main-header-display":"","ast-hfb-above-header-display":"","ast-hfb-below-header-display":"","ast-hfb-mobile-header-display":"","site-post-title":"","ast-breadcrumbs-content":"","ast-featured-img":"disabled","footer-sml-layout":"","theme-transparent-header-meta":"","adv-header-id-meta":"","stick-header-meta":"","header-above-stick-meta":"","header-main-stick-meta":"","header-below-stick-meta":"","astra-migrate-meta-layouts":"default","ast-page-background-enabled":"default","ast-page-background-meta":{"desktop":{"background-color":"var(--ast-global-color-4)","background-image":"","background-repeat":"repeat","background-position":"center center","background-size":"auto","background-attachment":"scroll","background-type":"","background-media":"","overlay-type":"","overlay-color":"","overlay-opacity":"","overlay-gradient":""},"tablet":{"background-color":"","background-image":"","background-repeat":"repeat","background-position":"center center","background-size":"auto","background-attachment":"scroll","background-type":"","background-media":"","overlay-type":"","overlay-color":"","overlay-opacity":"","overlay-gradient":""},"mobile":{"background-color":"","background-image":"","background-repeat":"repeat","background-position":"center center","background-size":"auto","background-attachment":"scroll","background-type":"","background-media":"","overlay-type":"","overlay-color":"","overlay-opacity":"","overlay-gradient":""}},"ast-content-background-meta":{"desktop":{"background-color":"var(--ast-global-color-5)","background-image":"","background-repeat":"repeat","background-position":"center center","background-size":"auto","background-attachment":"scroll","background-type":"","background-media":"","overlay-type":"","overlay-color":"","overlay-opacity":"","overlay-gradient":""},"tablet":{"background-color":"var(--ast-global-color-5)","background-image":"","background-repeat":"repeat","background-position":"center center","background-size":"auto","background-attachment":"scroll","background-type":"","background-media":"","overlay-type":"","overlay-color":"","overlay-opacity":"","overlay-gradient":""},"mobile":{"background-color":"var(--ast-global-color-5)","background-image":"","background-repeat":"repeat","background-position":"center center","background-size":"auto","background-attachment":"scroll","background-type":"","background-media":"","overlay-type":"","overlay-color":"","overlay-opacity":"","overlay-gradient":""}},"footnotes":""},"categories":[57],"tags":[18,19,3367,3368,53,24,69,3369,154,650,3370,3371,2163,3311,45,76,3372],"class_list":["post-42994","post","type-post","status-publish","format-standard","has-post-thumbnail","hentry","category-mon-collegial","tag-cofb","tag-collegi-de-farmaceutics-de-barcelona","tag-especialitats","tag-excipients","tag-farmaceutics","tag-farmaceutics-comunitaris","tag-farmacia-comunitaria","tag-formula-magistral","tag-formulacio","tag-formulacio-magistral","tag-formulacio-personalitzada","tag-formules","tag-laboratori-clinic","tag-laboratoris","tag-medicaments","tag-oficina-de-farmacia","tag-rendibilitat"],"yoast_head":"<!-- This site is optimized with the Yoast SEO plugin v22.4 - https:\/\/yoast.com\/wordpress\/plugins\/seo\/ -->\n<title>Quins aspectes cal tenir en compte en la rendibilitat de la formulaci\u00f3 magistral a la farm\u00e0cia comunit\u00e0ria? - Col\u00b7legi de Farmac\u00e8utics de Barcelona<\/title>\n<meta name=\"description\" content=\"El passat 26 de novembre el COFB va acollir la sessi\u00f3 &quot;Rendibilitat de la formulaci\u00f3 magistral a la farm\u00e0cia comunit\u00e0ria, aspectes a tenir en compte&quot;, que va anar a c\u00e0rrec d&#039;Ariadna Crusellas, Josep Pedrals i Francesc Llamb\u00ed.\" \/>\n<meta name=\"robots\" content=\"index, follow, max-snippet:-1, max-image-preview:large, max-video-preview:-1\" \/>\n<link rel=\"canonical\" href=\"https:\/\/novaorg.cofb.net\/2018\/12\/18\/quins-aspectes-cal-tenir-compte-rendibilitat-formulacio-magistral-farmacia-comunitaria\/\" \/>\n<meta property=\"og:locale\" content=\"es_ES\" \/>\n<meta property=\"og:type\" content=\"article\" \/>\n<meta property=\"og:title\" content=\"Quins aspectes cal tenir en compte en la rendibilitat de la formulaci\u00f3 magistral a la farm\u00e0cia comunit\u00e0ria? - Col\u00b7legi de Farmac\u00e8utics de Barcelona\" \/>\n<meta property=\"og:description\" content=\"El passat 26 de novembre el COFB va acollir la sessi\u00f3 &quot;Rendibilitat de la formulaci\u00f3 magistral a la farm\u00e0cia comunit\u00e0ria, aspectes a tenir en compte&quot;, que va anar a c\u00e0rrec d&#039;Ariadna Crusellas, Josep Pedrals i Francesc Llamb\u00ed.\" \/>\n<meta property=\"og:url\" content=\"https:\/\/novaorg.cofb.net\/2018\/12\/18\/quins-aspectes-cal-tenir-compte-rendibilitat-formulacio-magistral-farmacia-comunitaria\/\" \/>\n<meta property=\"og:site_name\" content=\"Col\u00b7legi de Farmac\u00e8utics de Barcelona\" \/>\n<meta property=\"article:publisher\" content=\"https:\/\/www.facebook.com\/farmaceuticsbcn\/\" \/>\n<meta property=\"article:published_time\" content=\"2018-12-18T14:10:32+00:00\" \/>\n<meta name=\"author\" content=\"wpAdminCofbOrg\" \/>\n<meta name=\"twitter:card\" content=\"summary_large_image\" \/>\n<meta name=\"twitter:creator\" content=\"@farmaceuticsbcn\" \/>\n<meta name=\"twitter:site\" content=\"@farmaceuticsbcn\" \/>\n<meta name=\"twitter:label1\" content=\"Escrito por\" \/>\n\t<meta name=\"twitter:data1\" content=\"wpAdminCofbOrg\" \/>\n\t<meta name=\"twitter:label2\" content=\"Tiempo de lectura\" \/>\n\t<meta name=\"twitter:data2\" content=\"4 minutos\" \/>\n<script type=\"application\/ld+json\" class=\"yoast-schema-graph\">{\"@context\":\"https:\/\/schema.org\",\"@graph\":[{\"@type\":\"Article\",\"@id\":\"https:\/\/novaorg.cofb.net\/2018\/12\/18\/quins-aspectes-cal-tenir-compte-rendibilitat-formulacio-magistral-farmacia-comunitaria\/#article\",\"isPartOf\":{\"@id\":\"https:\/\/novaorg.cofb.net\/2018\/12\/18\/quins-aspectes-cal-tenir-compte-rendibilitat-formulacio-magistral-farmacia-comunitaria\/\"},\"author\":{\"name\":\"wpAdminCofbOrg\",\"@id\":\"https:\/\/www.cofb.org\/#\/schema\/person\/22ed7eea88da74b0fa4d3154ad87ffcb\"},\"headline\":\"Quins aspectes cal tenir en compte en la rendibilitat de la formulaci\u00f3 magistral a la farm\u00e0cia comunit\u00e0ria?\",\"datePublished\":\"2018-12-18T14:10:32+00:00\",\"dateModified\":\"2018-12-18T14:10:32+00:00\",\"mainEntityOfPage\":{\"@id\":\"https:\/\/novaorg.cofb.net\/2018\/12\/18\/quins-aspectes-cal-tenir-compte-rendibilitat-formulacio-magistral-farmacia-comunitaria\/\"},\"wordCount\":888,\"commentCount\":0,\"publisher\":{\"@id\":\"https:\/\/www.cofb.org\/#organization\"},\"image\":{\"@id\":\"https:\/\/novaorg.cofb.net\/2018\/12\/18\/quins-aspectes-cal-tenir-compte-rendibilitat-formulacio-magistral-farmacia-comunitaria\/#primaryimage\"},\"thumbnailUrl\":\"\",\"keywords\":[\"COFB\",\"Col\u00b7legi de Farmac\u00e8utics de Barcelona\",\"especialitats\",\"excipients\",\"farmac\u00e8utics\",\"farmac\u00e8utics comunitaris\",\"farm\u00e0cia comunit\u00e0ria\",\"f\u00f3rmula magistral\",\"formulaci\u00f3\",\"Formulaci\u00f3 magistral\",\"formulaci\u00f3 personalitzada\",\"f\u00f3rmules\",\"Laboratori cl\u00ednic\",\"laboratoris\",\"medicaments\",\"Oficina de farm\u00e0cia\",\"rendibilitat\"],\"articleSection\":[\"M\u00f3n col\u00b7legial\"],\"inLanguage\":\"es\",\"potentialAction\":[{\"@type\":\"CommentAction\",\"name\":\"Comment\",\"target\":[\"https:\/\/novaorg.cofb.net\/2018\/12\/18\/quins-aspectes-cal-tenir-compte-rendibilitat-formulacio-magistral-farmacia-comunitaria\/#respond\"]}]},{\"@type\":\"WebPage\",\"@id\":\"https:\/\/novaorg.cofb.net\/2018\/12\/18\/quins-aspectes-cal-tenir-compte-rendibilitat-formulacio-magistral-farmacia-comunitaria\/\",\"url\":\"https:\/\/novaorg.cofb.net\/2018\/12\/18\/quins-aspectes-cal-tenir-compte-rendibilitat-formulacio-magistral-farmacia-comunitaria\/\",\"name\":\"Quins aspectes cal tenir en compte en la rendibilitat de la formulaci\u00f3 magistral a la farm\u00e0cia comunit\u00e0ria? - Col\u00b7legi de Farmac\u00e8utics de Barcelona\",\"isPartOf\":{\"@id\":\"https:\/\/www.cofb.org\/#website\"},\"primaryImageOfPage\":{\"@id\":\"https:\/\/novaorg.cofb.net\/2018\/12\/18\/quins-aspectes-cal-tenir-compte-rendibilitat-formulacio-magistral-farmacia-comunitaria\/#primaryimage\"},\"image\":{\"@id\":\"https:\/\/novaorg.cofb.net\/2018\/12\/18\/quins-aspectes-cal-tenir-compte-rendibilitat-formulacio-magistral-farmacia-comunitaria\/#primaryimage\"},\"thumbnailUrl\":\"\",\"datePublished\":\"2018-12-18T14:10:32+00:00\",\"dateModified\":\"2018-12-18T14:10:32+00:00\",\"description\":\"El passat 26 de novembre el COFB va acollir la sessi\u00f3 \\\"Rendibilitat de la formulaci\u00f3 magistral a la farm\u00e0cia comunit\u00e0ria, aspectes a tenir en compte\\\", que va anar a c\u00e0rrec d'Ariadna Crusellas, Josep Pedrals i Francesc Llamb\u00ed.\",\"breadcrumb\":{\"@id\":\"https:\/\/novaorg.cofb.net\/2018\/12\/18\/quins-aspectes-cal-tenir-compte-rendibilitat-formulacio-magistral-farmacia-comunitaria\/#breadcrumb\"},\"inLanguage\":\"es\",\"potentialAction\":[{\"@type\":\"ReadAction\",\"target\":[\"https:\/\/novaorg.cofb.net\/2018\/12\/18\/quins-aspectes-cal-tenir-compte-rendibilitat-formulacio-magistral-farmacia-comunitaria\/\"]}]},{\"@type\":\"ImageObject\",\"inLanguage\":\"es\",\"@id\":\"https:\/\/novaorg.cofb.net\/2018\/12\/18\/quins-aspectes-cal-tenir-compte-rendibilitat-formulacio-magistral-farmacia-comunitaria\/#primaryimage\",\"url\":\"\",\"contentUrl\":\"\"},{\"@type\":\"BreadcrumbList\",\"@id\":\"https:\/\/novaorg.cofb.net\/2018\/12\/18\/quins-aspectes-cal-tenir-compte-rendibilitat-formulacio-magistral-farmacia-comunitaria\/#breadcrumb\",\"itemListElement\":[{\"@type\":\"ListItem\",\"position\":1,\"name\":\"Inici\",\"item\":\"https:\/\/novaorg.cofb.net\/\"},{\"@type\":\"ListItem\",\"position\":2,\"name\":\"Quins aspectes cal tenir en compte en la rendibilitat de la formulaci\u00f3 magistral a la farm\u00e0cia comunit\u00e0ria?\"}]},{\"@type\":\"WebSite\",\"@id\":\"https:\/\/www.cofb.org\/#website\",\"url\":\"https:\/\/www.cofb.org\/\",\"name\":\"Col\u00b7legi de Farmac\u00e8utics de Barcelona\",\"description\":\"\",\"publisher\":{\"@id\":\"https:\/\/www.cofb.org\/#organization\"},\"potentialAction\":[{\"@type\":\"SearchAction\",\"target\":{\"@type\":\"EntryPoint\",\"urlTemplate\":\"https:\/\/www.cofb.org\/?s={search_term_string}\"},\"query-input\":\"required name=search_term_string\"}],\"inLanguage\":\"es\"},{\"@type\":\"Organization\",\"@id\":\"https:\/\/www.cofb.org\/#organization\",\"name\":\"Col\u00b7legi de Farmac\u00e8utics de Barcelona\",\"url\":\"https:\/\/www.cofb.org\/\",\"logo\":{\"@type\":\"ImageObject\",\"inLanguage\":\"es\",\"@id\":\"https:\/\/www.cofb.org\/#\/schema\/logo\/image\/\",\"url\":\"https:\/\/www.cofb.org\/wp-content\/uploads\/2023\/11\/cropped-Logotip-COFB.png\",\"contentUrl\":\"https:\/\/www.cofb.org\/wp-content\/uploads\/2023\/11\/cropped-Logotip-COFB.png\",\"width\":500,\"height\":105,\"caption\":\"Col\u00b7legi de Farmac\u00e8utics de Barcelona\"},\"image\":{\"@id\":\"https:\/\/www.cofb.org\/#\/schema\/logo\/image\/\"},\"sameAs\":[\"https:\/\/www.facebook.com\/farmaceuticsbcn\/\",\"https:\/\/twitter.com\/farmaceuticsbcn\",\"https:\/\/www.instagram.com\/farmaceuticsbcn\/\",\"https:\/\/www.linkedin.com\/company\/farmaceuticsbcn\/\"]},{\"@type\":\"Person\",\"@id\":\"https:\/\/www.cofb.org\/#\/schema\/person\/22ed7eea88da74b0fa4d3154ad87ffcb\",\"name\":\"wpAdminCofbOrg\",\"image\":{\"@type\":\"ImageObject\",\"inLanguage\":\"es\",\"@id\":\"https:\/\/www.cofb.org\/#\/schema\/person\/image\/\",\"url\":\"https:\/\/secure.gravatar.com\/avatar\/1721b20b3b8ca882c3b56ec6c978c594fff670e40c0718e9190eaeeb76aae7d8?s=96&d=mm&r=g\",\"contentUrl\":\"https:\/\/secure.gravatar.com\/avatar\/1721b20b3b8ca882c3b56ec6c978c594fff670e40c0718e9190eaeeb76aae7d8?s=96&d=mm&r=g\",\"caption\":\"wpAdminCofbOrg\"},\"sameAs\":[\"http:\/\/192.168.64.122\/wordpress\"],\"url\":\"https:\/\/www.cofb.org\/es\/author\/wpadmincofborg\/\"}]}<\/script>\n<!-- \/ Yoast SEO plugin. -->","yoast_head_json":{"title":"Quins aspectes cal tenir en compte en la rendibilitat de la formulaci\u00f3 magistral a la farm\u00e0cia comunit\u00e0ria? - Col\u00b7legi de Farmac\u00e8utics de Barcelona","description":"El passat 26 de novembre el COFB va acollir la sessi\u00f3 \"Rendibilitat de la formulaci\u00f3 magistral a la farm\u00e0cia comunit\u00e0ria, aspectes a tenir en compte\", que va anar a c\u00e0rrec d'Ariadna Crusellas, Josep Pedrals i Francesc Llamb\u00ed.","robots":{"index":"index","follow":"follow","max-snippet":"max-snippet:-1","max-image-preview":"max-image-preview:large","max-video-preview":"max-video-preview:-1"},"canonical":"https:\/\/novaorg.cofb.net\/2018\/12\/18\/quins-aspectes-cal-tenir-compte-rendibilitat-formulacio-magistral-farmacia-comunitaria\/","og_locale":"es_ES","og_type":"article","og_title":"Quins aspectes cal tenir en compte en la rendibilitat de la formulaci\u00f3 magistral a la farm\u00e0cia comunit\u00e0ria? - Col\u00b7legi de Farmac\u00e8utics de Barcelona","og_description":"El passat 26 de novembre el COFB va acollir la sessi\u00f3 \"Rendibilitat de la formulaci\u00f3 magistral a la farm\u00e0cia comunit\u00e0ria, aspectes a tenir en compte\", que va anar a c\u00e0rrec d'Ariadna Crusellas, Josep Pedrals i Francesc Llamb\u00ed.","og_url":"https:\/\/novaorg.cofb.net\/2018\/12\/18\/quins-aspectes-cal-tenir-compte-rendibilitat-formulacio-magistral-farmacia-comunitaria\/","og_site_name":"Col\u00b7legi de Farmac\u00e8utics de Barcelona","article_publisher":"https:\/\/www.facebook.com\/farmaceuticsbcn\/","article_published_time":"2018-12-18T14:10:32+00:00","author":"wpAdminCofbOrg","twitter_card":"summary_large_image","twitter_creator":"@farmaceuticsbcn","twitter_site":"@farmaceuticsbcn","twitter_misc":{"Escrito por":"wpAdminCofbOrg","Tiempo de lectura":"4 minutos"},"schema":{"@context":"https:\/\/schema.org","@graph":[{"@type":"Article","@id":"https:\/\/novaorg.cofb.net\/2018\/12\/18\/quins-aspectes-cal-tenir-compte-rendibilitat-formulacio-magistral-farmacia-comunitaria\/#article","isPartOf":{"@id":"https:\/\/novaorg.cofb.net\/2018\/12\/18\/quins-aspectes-cal-tenir-compte-rendibilitat-formulacio-magistral-farmacia-comunitaria\/"},"author":{"name":"wpAdminCofbOrg","@id":"https:\/\/www.cofb.org\/#\/schema\/person\/22ed7eea88da74b0fa4d3154ad87ffcb"},"headline":"Quins aspectes cal tenir en compte en la rendibilitat de la formulaci\u00f3 magistral a la farm\u00e0cia comunit\u00e0ria?","datePublished":"2018-12-18T14:10:32+00:00","dateModified":"2018-12-18T14:10:32+00:00","mainEntityOfPage":{"@id":"https:\/\/novaorg.cofb.net\/2018\/12\/18\/quins-aspectes-cal-tenir-compte-rendibilitat-formulacio-magistral-farmacia-comunitaria\/"},"wordCount":888,"commentCount":0,"publisher":{"@id":"https:\/\/www.cofb.org\/#organization"},"image":{"@id":"https:\/\/novaorg.cofb.net\/2018\/12\/18\/quins-aspectes-cal-tenir-compte-rendibilitat-formulacio-magistral-farmacia-comunitaria\/#primaryimage"},"thumbnailUrl":"","keywords":["COFB","Col\u00b7legi de Farmac\u00e8utics de Barcelona","especialitats","excipients","farmac\u00e8utics","farmac\u00e8utics comunitaris","farm\u00e0cia comunit\u00e0ria","f\u00f3rmula magistral","formulaci\u00f3","Formulaci\u00f3 magistral","formulaci\u00f3 personalitzada","f\u00f3rmules","Laboratori cl\u00ednic","laboratoris","medicaments","Oficina de farm\u00e0cia","rendibilitat"],"articleSection":["M\u00f3n col\u00b7legial"],"inLanguage":"es","potentialAction":[{"@type":"CommentAction","name":"Comment","target":["https:\/\/novaorg.cofb.net\/2018\/12\/18\/quins-aspectes-cal-tenir-compte-rendibilitat-formulacio-magistral-farmacia-comunitaria\/#respond"]}]},{"@type":"WebPage","@id":"https:\/\/novaorg.cofb.net\/2018\/12\/18\/quins-aspectes-cal-tenir-compte-rendibilitat-formulacio-magistral-farmacia-comunitaria\/","url":"https:\/\/novaorg.cofb.net\/2018\/12\/18\/quins-aspectes-cal-tenir-compte-rendibilitat-formulacio-magistral-farmacia-comunitaria\/","name":"Quins aspectes cal tenir en compte en la rendibilitat de la formulaci\u00f3 magistral a la farm\u00e0cia comunit\u00e0ria? - Col\u00b7legi de Farmac\u00e8utics de Barcelona","isPartOf":{"@id":"https:\/\/www.cofb.org\/#website"},"primaryImageOfPage":{"@id":"https:\/\/novaorg.cofb.net\/2018\/12\/18\/quins-aspectes-cal-tenir-compte-rendibilitat-formulacio-magistral-farmacia-comunitaria\/#primaryimage"},"image":{"@id":"https:\/\/novaorg.cofb.net\/2018\/12\/18\/quins-aspectes-cal-tenir-compte-rendibilitat-formulacio-magistral-farmacia-comunitaria\/#primaryimage"},"thumbnailUrl":"","datePublished":"2018-12-18T14:10:32+00:00","dateModified":"2018-12-18T14:10:32+00:00","description":"El passat 26 de novembre el COFB va acollir la sessi\u00f3 \"Rendibilitat de la formulaci\u00f3 magistral a la farm\u00e0cia comunit\u00e0ria, aspectes a tenir en compte\", que va anar a c\u00e0rrec d'Ariadna Crusellas, Josep Pedrals i Francesc Llamb\u00ed.","breadcrumb":{"@id":"https:\/\/novaorg.cofb.net\/2018\/12\/18\/quins-aspectes-cal-tenir-compte-rendibilitat-formulacio-magistral-farmacia-comunitaria\/#breadcrumb"},"inLanguage":"es","potentialAction":[{"@type":"ReadAction","target":["https:\/\/novaorg.cofb.net\/2018\/12\/18\/quins-aspectes-cal-tenir-compte-rendibilitat-formulacio-magistral-farmacia-comunitaria\/"]}]},{"@type":"ImageObject","inLanguage":"es","@id":"https:\/\/novaorg.cofb.net\/2018\/12\/18\/quins-aspectes-cal-tenir-compte-rendibilitat-formulacio-magistral-farmacia-comunitaria\/#primaryimage","url":"","contentUrl":""},{"@type":"BreadcrumbList","@id":"https:\/\/novaorg.cofb.net\/2018\/12\/18\/quins-aspectes-cal-tenir-compte-rendibilitat-formulacio-magistral-farmacia-comunitaria\/#breadcrumb","itemListElement":[{"@type":"ListItem","position":1,"name":"Inici","item":"https:\/\/novaorg.cofb.net\/"},{"@type":"ListItem","position":2,"name":"Quins aspectes cal tenir en compte en la rendibilitat de la formulaci\u00f3 magistral a la farm\u00e0cia comunit\u00e0ria?"}]},{"@type":"WebSite","@id":"https:\/\/www.cofb.org\/#website","url":"https:\/\/www.cofb.org\/","name":"Col\u00b7legi de Farmac\u00e8utics de Barcelona","description":"","publisher":{"@id":"https:\/\/www.cofb.org\/#organization"},"potentialAction":[{"@type":"SearchAction","target":{"@type":"EntryPoint","urlTemplate":"https:\/\/www.cofb.org\/?s={search_term_string}"},"query-input":"required name=search_term_string"}],"inLanguage":"es"},{"@type":"Organization","@id":"https:\/\/www.cofb.org\/#organization","name":"Col\u00b7legi de Farmac\u00e8utics de Barcelona","url":"https:\/\/www.cofb.org\/","logo":{"@type":"ImageObject","inLanguage":"es","@id":"https:\/\/www.cofb.org\/#\/schema\/logo\/image\/","url":"https:\/\/www.cofb.org\/wp-content\/uploads\/2023\/11\/cropped-Logotip-COFB.png","contentUrl":"https:\/\/www.cofb.org\/wp-content\/uploads\/2023\/11\/cropped-Logotip-COFB.png","width":500,"height":105,"caption":"Col\u00b7legi de Farmac\u00e8utics de Barcelona"},"image":{"@id":"https:\/\/www.cofb.org\/#\/schema\/logo\/image\/"},"sameAs":["https:\/\/www.facebook.com\/farmaceuticsbcn\/","https:\/\/twitter.com\/farmaceuticsbcn","https:\/\/www.instagram.com\/farmaceuticsbcn\/","https:\/\/www.linkedin.com\/company\/farmaceuticsbcn\/"]},{"@type":"Person","@id":"https:\/\/www.cofb.org\/#\/schema\/person\/22ed7eea88da74b0fa4d3154ad87ffcb","name":"wpAdminCofbOrg","image":{"@type":"ImageObject","inLanguage":"es","@id":"https:\/\/www.cofb.org\/#\/schema\/person\/image\/","url":"https:\/\/secure.gravatar.com\/avatar\/1721b20b3b8ca882c3b56ec6c978c594fff670e40c0718e9190eaeeb76aae7d8?s=96&d=mm&r=g","contentUrl":"https:\/\/secure.gravatar.com\/avatar\/1721b20b3b8ca882c3b56ec6c978c594fff670e40c0718e9190eaeeb76aae7d8?s=96&d=mm&r=g","caption":"wpAdminCofbOrg"},"sameAs":["http:\/\/192.168.64.122\/wordpress"],"url":"https:\/\/www.cofb.org\/es\/author\/wpadmincofborg\/"}]}},"uagb_featured_image_src":{"full":false,"thumbnail":false,"medium":false,"medium_large":false,"large":false,"1536x1536":false,"2048x2048":false,"trp-custom-language-flag":false},"uagb_author_info":{"display_name":"wpAdminCofbOrg","author_link":"https:\/\/www.cofb.org\/es\/author\/wpadmincofborg\/"},"uagb_comment_info":0,"uagb_excerpt":"El passat 26 de novembre el COFB va acollir la sessi\u00f3 &#8220;Rendibilitat de la formulaci\u00f3 magistral a la farm\u00e0cia comunit\u00e0ria, aspectes a tenir en compte&#8221;, que va anar a c\u00e0rrec d&#8217;Ariadna Crusellas, farmac\u00e8utica comunit\u00e0ria, formulista, m\u00e0ster d&#8217;expert en f\u00f3rmules magistrals de la Universitat San Jorge de Saragossa i presidenta d&#8217;Aprofarm [&hellip;]","_links":{"self":[{"href":"https:\/\/www.cofb.org\/es\/wp-json\/wp\/v2\/posts\/42994","targetHints":{"allow":["GET"]}}],"collection":[{"href":"https:\/\/www.cofb.org\/es\/wp-json\/wp\/v2\/posts"}],"about":[{"href":"https:\/\/www.cofb.org\/es\/wp-json\/wp\/v2\/types\/post"}],"author":[{"embeddable":true,"href":"https:\/\/www.cofb.org\/es\/wp-json\/wp\/v2\/users\/1"}],"replies":[{"embeddable":true,"href":"https:\/\/www.cofb.org\/es\/wp-json\/wp\/v2\/comments?post=42994"}],"version-history":[{"count":0,"href":"https:\/\/www.cofb.org\/es\/wp-json\/wp\/v2\/posts\/42994\/revisions"}],"wp:featuredmedia":[{"embeddable":true,"href":"https:\/\/www.cofb.org\/es\/wp-json\/"}],"wp:attachment":[{"href":"https:\/\/www.cofb.org\/es\/wp-json\/wp\/v2\/media?parent=42994"}],"wp:term":[{"taxonomy":"category","embeddable":true,"href":"https:\/\/www.cofb.org\/es\/wp-json\/wp\/v2\/categories?post=42994"},{"taxonomy":"post_tag","embeddable":true,"href":"https:\/\/www.cofb.org\/es\/wp-json\/wp\/v2\/tags?post=42994"}],"curies":[{"name":"wp","href":"https:\/\/api.w.org\/{rel}","templated":true}]}}