{"id":42797,"date":"2018-11-30T15:54:41","date_gmt":"2018-11-30T13:54:41","guid":{"rendered":"https:\/\/blog.cofb.cat\/?p=42797"},"modified":"2024-08-22T11:56:00","modified_gmt":"2024-08-22T11:56:00","slug":"dia-mundial-sida-2018-mes-120-farmacies-catalanes-realitzen-proves-detectar-precocment-risc-dinfeccio-vih","status":"publish","type":"post","link":"https:\/\/www.cofb.org\/es\/2018\/11\/30\/dia-mundial-sida-2018-mes-120-farmacies-catalanes-realitzen-proves-detectar-precocment-risc-dinfeccio-vih\/","title":{"rendered":"D\u00eda Mundial del Sida 2018: M\u00e1s de 120 farmacias catalanas realizan pruebas para detectar precozmente el riesgo de infecci\u00f3n por VIH"},"content":{"rendered":"<p>Desde el a\u00f1o 2012, las <strong>farmacias catalanas<\/strong> participantes en el <strong>Programa de detecci\u00f3n precoz del VIH <\/strong>(actualmente 127 en toda Catalu\u00f1a) han hecho m\u00e1s de <strong>13.700 pruebas<\/strong> -m\u00e1s de 3.400 durante el 2017-. Este Programa <strong>facilita el conocimiento del estado serol\u00f3gico<\/strong> <strong>con pruebas r\u00e1pidas del VIH de 4a generaci\u00f3n<\/strong> (gracias a la detecci\u00f3n del ant\u00edgeno p24)<strong> frente a una posible infecci\u00f3n en personas con mayor vulnerabilidad.<\/strong><\/p>\n\n\n\n<p>De mayo de 2012 -fecha en la que se concert\u00f3 el servicio- hasta diciembre de 2017, se han detectado <strong>135 resultados reactivos<\/strong> <strong>(10 por cada 1.000 pruebas)<\/strong>. Por otra parte, entre 2014 y 2017 se ha incrementado un <strong>54, 9% el n\u00famero de farmacias<\/strong> que ofrecen el servicio y uno <strong>111,2% el n\u00famero de pruebas<\/strong>.<\/p>\n\n\n\n<figure class=\"wp-block-image is-resized\"><a href=\"https:\/\/blog.cofb.cat\/wp-content\/uploads\/2018\/11\/VIH.jpg\"><img decoding=\"async\" src=\"https:\/\/blog.cofb.cat\/wp-content\/uploads\/2018\/11\/VIH-1024x683.jpg\" alt=\"Usu\u00e0ria fent-se la prova del VIH en una farm\u00e0cia.\" class=\"wp-image-42806\" style=\"width:727px;height:auto\" title=\"Usuaria haci\u00e9ndose la prueba del VIH en una farmacia.\"\/><\/a><\/figure>\n\n\n\n<h2 class=\"wp-block-heading\"><strong>Programas de reducci\u00f3n de da\u00f1os<\/strong><\/h2>\n\n\n\n<p>Aparte del <strong>Programa de detecci\u00f3n precoz del VIH<\/strong> <strong>con test r\u00e1pido<\/strong>, otros programas de reducci\u00f3n de da\u00f1os que se realizan en las farmacias comunitarias de Catalu\u00f1a son:<\/p>\n\n\n\n<ul class=\"wp-block-list\">\n<li>el <strong>Programa de intercambio de jeringuillas<\/strong>. Se lleva a cabo por <strong>reducir la prevalencia de infecci\u00f3n por VIH<\/strong> <strong>en personas adictas a drogas por v\u00eda parenteral<\/strong>. Colaboran <strong>288 farmacias de la provincia de Barcelona<\/strong>.<\/li>\n\n\n\n<li>el <strong>Programa de Mantenimiento con Metadona<\/strong>. Tiene por objetivo acercar los tratamientos de mantenimiento con agonistas opi\u00e1ceos a los usuarios, haci\u00e9ndolos m\u00e1s accesibles e incrementando la cobertura por <strong>mejorar el cumplimiento del tratamiento<\/strong> y <strong>modificar las pr\u00e1cticas de riesgo<\/strong>. Colaboran <strong>158 farmacias de Catalu\u00f1a<\/strong>, que han atendido una media de <strong>1.026 pacientes<\/strong> al mes <strong>durante el 2017<\/strong>.<\/li>\n<\/ul>\n\n\n\n<div class=\"destacat-blog\">\n\n\n\n<h2 class=\"wp-block-heading\"><strong>\u00bfEn qu\u00e9 consiste la prueba?<\/strong><\/h2>\n\n\n\n<p>La prueba consiste en una peque\u00f1a punci\u00f3n en el dedo y permite conocer el resultado en 20 minutos, con un alto valor predictivo, y siempre con la garant\u00eda de confidencialidad y el anonimato. En caso de resultado reactivo, el paciente es derivado en el hospital de referencia para realizar la confirmaci\u00f3n del resultado, previo consentimiento informado.<\/p>\n\n\n\n<p>Se ha constatado que\u2026<\/p>\n\n\n\n<ul class=\"wp-block-list\">\n<li>la media de edad de las personas que va a la farmacia a hac\u00e9rsela se sit\u00faa entre los 29 y los 33 a\u00f1os.<\/li>\n\n\n\n<li>el principal motivo es mantener relaciones sexuales sin protecci\u00f3n con personas que se desconoce si pueden presentar infecci\u00f3n por VIH.<\/li>\n\n\n\n<li>el colectivo m\u00e1s vulnerable sigue siendo el de hombres que tienen sexo con hombres.<\/li>\n<\/ul>\n\n\n\n<\/div>\n\n\n\n<h2 class=\"wp-block-heading\"><strong>Comunicado del D\u00eda Mundial del Sida 2018<\/strong><\/h2>\n\n\n\n<p>En el marco de la lucha contra el Sida, el <strong>Consell de Col\u00b7legis Farmac\u00e8utics de Catalunya (CCFC)<\/strong> es una de las m\u00e1s de 100 entidades, empresas e instituciones que se han adherido al comunicado conjunto del D\u00eda Mundial del Sida 2018, titulado <a href=\"http:\/\/canalsalut.gencat.cat\/web\/.content\/_Actualitat\/DiesMundials\/docs_sida\/2018\/manifest-dm-18.pdf\" target=\"_blank\" rel=\"noreferrer noopener\">&quot;El esfuerzo conjunto hacia una respuesta positiva&quot;<\/a>. Los firmantes del comunicado hacen referencia al <strong>Plan de acci\u00f3n frente al VIH y otras ITS 2016-2020<\/strong> que marca \u201clas actuaciones que en nuestro pa\u00eds se dedican a este fin, con especial \u00e9nfasis en las que facilitan que todas las personas puedan conocer su estado serol\u00f3gico y tener acceso a un tratamiento precoz mejorando la calidad de vida y disminuyendo dr\u00e1sticamente la posibilidad de transmisi\u00f3n\u201d.<\/p>\n\n\n\n<p>Por eso, se insta a \u201caprovechar el <strong>D\u00eda Mundial del Sida<\/strong> por reflexionar y a\u00f1adirnos a un esfuerzo conjunto que nos d\u00e9 respuestas positivas para todas las personas\u201d.<\/p>\n\n\n\n<p><strong>Para m\u00e1s informaci\u00f3n, puede consultar la <a href=\"http:\/\/www.cofb.org\/es\/web\/guest\/Noticia\/-\/journal_content\/56_INSTANCE_V6ao\/10136\/1074167\/\" target=\"_blank\" rel=\"noreferrer noopener\">nota de prensa<\/a> enviada a los medios de comunicaci\u00f3n.<\/strong><\/p>\n\n\n\n<p><\/p>\n\n\n\n<p><strong>Otras publicaciones de inter\u00e9s:<\/strong><\/p>\n\n\n\n<ul class=\"wp-block-list\">\n<li><a href=\"https:\/\/blog.cofb.cat\/infeccions-de-transmissio-sexual-tenim-moltes-oportunitats-per-parlar-dits-al-taulell-de-la-farmacia\/\" target=\"_blank\" rel=\"noreferrer noopener\">Infecciones de transmisi\u00f3n sexual: tenemos muchas oportunidades para hablar de ITS en el mostrador de la farmacia (Febrero 2018)<\/a><\/li>\n\n\n\n<li><a href=\"https:\/\/blog.cofb.cat\/dia-mundial-de-la-sida-el-paper-de-les-farmacies-per-fer-un-salt-endavant-cap-la-fi-de-la-sida\/\" target=\"_blank\" rel=\"noreferrer noopener\">D\u00eda Mundial del Sida: El papel de las farmacias para dar \u201cun salto adelante hacia el fin del Sida\u201d (Diciembre 2017)<\/a><\/li>\n\n\n\n<li><a href=\"https:\/\/blog.cofb.cat\/dia-mundial-de-la-sida-les-farmacies-faciliten-la-prevencio-precoc-del-vih\/\" target=\"_blank\" rel=\"noreferrer noopener\">D\u00eda Mundial del Sida: Las farmacias facilitan la prevenci\u00f3n precoz del VIH (Diciembre 2016)<\/a><\/li>\n<\/ul>","protected":false},"excerpt":{"rendered":"<p>Desde el a\u00f1o 2012, las farmacias catalanas participantes en el Programa de detecci\u00f3n precoz del VIH (actualmente 127 en toda Catalu\u00f1a) han realizado m\u00e1s de 13.700 pruebas \u2013m\u00e1s de 3.400 durante el 2017-. Este Programa facilita el conocimiento del estado serol\u00f3gico con pruebas r\u00e1pidas del VIH de 4\u00aa generaci\u00f3n (gracias [\u2026]<\/p>","protected":false},"author":1,"featured_media":42806,"comment_status":"open","ping_status":"open","sticky":false,"template":"","format":"standard","meta":{"_uag_custom_page_level_css":"","site-sidebar-layout":"default","site-content-layout":"","ast-site-content-layout":"default","site-content-style":"default","site-sidebar-style":"default","ast-global-header-display":"","ast-banner-title-visibility":"","ast-main-header-display":"","ast-hfb-above-header-display":"","ast-hfb-below-header-display":"","ast-hfb-mobile-header-display":"","site-post-title":"","ast-breadcrumbs-content":"","ast-featured-img":"disabled","footer-sml-layout":"","theme-transparent-header-meta":"","adv-header-id-meta":"","stick-header-meta":"","header-above-stick-meta":"","header-main-stick-meta":"","header-below-stick-meta":"","astra-migrate-meta-layouts":"set","ast-page-background-enabled":"default","ast-page-background-meta":{"desktop":{"background-color":"var(--ast-global-color-4)","background-image":"","background-repeat":"repeat","background-position":"center center","background-size":"auto","background-attachment":"scroll","background-type":"","background-media":"","overlay-type":"","overlay-color":"","overlay-opacity":"","overlay-gradient":""},"tablet":{"background-color":"","background-image":"","background-repeat":"repeat","background-position":"center center","background-size":"auto","background-attachment":"scroll","background-type":"","background-media":"","overlay-type":"","overlay-color":"","overlay-opacity":"","overlay-gradient":""},"mobile":{"background-color":"","background-image":"","background-repeat":"repeat","background-position":"center center","background-size":"auto","background-attachment":"scroll","background-type":"","background-media":"","overlay-type":"","overlay-color":"","overlay-opacity":"","overlay-gradient":""}},"ast-content-background-meta":{"desktop":{"background-color":"var(--ast-global-color-5)","background-image":"","background-repeat":"repeat","background-position":"center center","background-size":"auto","background-attachment":"scroll","background-type":"","background-media":"","overlay-type":"","overlay-color":"","overlay-opacity":"","overlay-gradient":""},"tablet":{"background-color":"var(--ast-global-color-5)","background-image":"","background-repeat":"repeat","background-position":"center center","background-size":"auto","background-attachment":"scroll","background-type":"","background-media":"","overlay-type":"","overlay-color":"","overlay-opacity":"","overlay-gradient":""},"mobile":{"background-color":"var(--ast-global-color-5)","background-image":"","background-repeat":"repeat","background-position":"center center","background-size":"auto","background-attachment":"scroll","background-type":"","background-media":"","overlay-type":"","overlay-color":"","overlay-opacity":"","overlay-gradient":""}},"footnotes":""},"categories":[32],"tags":[2584,25,257,2645,3355,2172,232],"class_list":["post-42797","post","type-post","status-publish","format-standard","has-post-thumbnail","hentry","category-noticies-farmacia","tag-dia-mundial-de-la-sida","tag-farmacies","tag-infeccio-vih","tag-programa-deteccio-precoc-vih","tag-prova-rapida-del-vih","tag-sida","tag-vih"],"yoast_head":"<!-- This site is optimized with the Yoast SEO plugin v22.4 - https:\/\/yoast.com\/wordpress\/plugins\/seo\/ -->\n<title>Dia Mundial de la Sida 2018: M\u00e9s de 120 farm\u00e0cies catalanes realitzen proves per detectar preco\u00e7ment el risc d\u2019infecci\u00f3 per VIH - Col\u00b7legi de Farmac\u00e8utics de Barcelona<\/title>\n<meta name=\"description\" content=\"Des de l\u2019any 2012, les farm\u00e0cies catalanes participants en el Programa de detecci\u00f3 preco\u00e7 del VIH (actualment 127 a tot Catalunya) han fet m\u00e9s de 13.700 proves \u2013m\u00e9s de 3.400 durant el 2017-.\" \/>\n<meta name=\"robots\" content=\"index, follow, max-snippet:-1, max-image-preview:large, max-video-preview:-1\" \/>\n<link rel=\"canonical\" href=\"https:\/\/www.cofb.org\/es\/2018\/11\/30\/dia-mundial-sida-2018-mes-120-farmacies-catalanes-realitzen-proves-detectar-precocment-risc-dinfeccio-vih\/\" \/>\n<meta property=\"og:locale\" content=\"es_ES\" \/>\n<meta property=\"og:type\" content=\"article\" \/>\n<meta property=\"og:title\" content=\"Dia Mundial de la Sida 2018: M\u00e9s de 120 farm\u00e0cies catalanes realitzen proves per detectar preco\u00e7ment el risc d\u2019infecci\u00f3 per VIH - Col\u00b7legi de Farmac\u00e8utics de Barcelona\" \/>\n<meta property=\"og:description\" content=\"Des de l\u2019any 2012, les farm\u00e0cies catalanes participants en el Programa de detecci\u00f3 preco\u00e7 del VIH (actualment 127 a tot Catalunya) han fet m\u00e9s de 13.700 proves \u2013m\u00e9s de 3.400 durant el 2017-.\" \/>\n<meta property=\"og:url\" content=\"https:\/\/www.cofb.org\/es\/2018\/11\/30\/dia-mundial-sida-2018-mes-120-farmacies-catalanes-realitzen-proves-detectar-precocment-risc-dinfeccio-vih\/\" \/>\n<meta property=\"og:site_name\" content=\"Col\u00b7legi de Farmac\u00e8utics de Barcelona\" \/>\n<meta property=\"article:publisher\" content=\"https:\/\/www.facebook.com\/farmaceuticsbcn\/\" \/>\n<meta property=\"article:published_time\" content=\"2018-11-30T13:54:41+00:00\" \/>\n<meta property=\"article:modified_time\" content=\"2024-08-22T11:56:00+00:00\" \/>\n<meta name=\"author\" content=\"wpAdminCofbOrg\" \/>\n<meta name=\"twitter:card\" content=\"summary_large_image\" \/>\n<meta name=\"twitter:creator\" content=\"@farmaceuticsbcn\" \/>\n<meta name=\"twitter:site\" content=\"@farmaceuticsbcn\" \/>\n<meta name=\"twitter:label1\" content=\"Escrito por\" \/>\n\t<meta name=\"twitter:data1\" content=\"wpAdminCofbOrg\" \/>\n\t<meta name=\"twitter:label2\" content=\"Tiempo de lectura\" \/>\n\t<meta name=\"twitter:data2\" content=\"4 minutos\" \/>\n<script type=\"application\/ld+json\" class=\"yoast-schema-graph\">{\"@context\":\"https:\/\/schema.org\",\"@graph\":[{\"@type\":\"Article\",\"@id\":\"https:\/\/www.cofb.org\/2018\/11\/30\/dia-mundial-sida-2018-mes-120-farmacies-catalanes-realitzen-proves-detectar-precocment-risc-dinfeccio-vih\/#article\",\"isPartOf\":{\"@id\":\"https:\/\/www.cofb.org\/2018\/11\/30\/dia-mundial-sida-2018-mes-120-farmacies-catalanes-realitzen-proves-detectar-precocment-risc-dinfeccio-vih\/\"},\"author\":{\"name\":\"wpAdminCofbOrg\",\"@id\":\"https:\/\/www.cofb.org\/#\/schema\/person\/22ed7eea88da74b0fa4d3154ad87ffcb\"},\"headline\":\"Dia Mundial de la Sida 2018: M\u00e9s de 120 farm\u00e0cies catalanes realitzen proves per detectar preco\u00e7ment el risc d\u2019infecci\u00f3 per VIH\",\"datePublished\":\"2018-11-30T13:54:41+00:00\",\"dateModified\":\"2024-08-22T11:56:00+00:00\",\"mainEntityOfPage\":{\"@id\":\"https:\/\/www.cofb.org\/2018\/11\/30\/dia-mundial-sida-2018-mes-120-farmacies-catalanes-realitzen-proves-detectar-precocment-risc-dinfeccio-vih\/\"},\"wordCount\":637,\"commentCount\":0,\"publisher\":{\"@id\":\"https:\/\/www.cofb.org\/#organization\"},\"image\":{\"@id\":\"https:\/\/www.cofb.org\/2018\/11\/30\/dia-mundial-sida-2018-mes-120-farmacies-catalanes-realitzen-proves-detectar-precocment-risc-dinfeccio-vih\/#primaryimage\"},\"thumbnailUrl\":\"\",\"keywords\":[\"dia mundial de la sida\",\"farm\u00e0cies\",\"infecci\u00f3 VIH\",\"Programa detecci\u00f3 preco\u00e7 VIH\",\"prova r\u00e0pida del VIH\",\"sida\",\"VIH\"],\"articleSection\":[\"Not\u00edcies farm\u00e0cia\"],\"inLanguage\":\"es\",\"potentialAction\":[{\"@type\":\"CommentAction\",\"name\":\"Comment\",\"target\":[\"https:\/\/www.cofb.org\/2018\/11\/30\/dia-mundial-sida-2018-mes-120-farmacies-catalanes-realitzen-proves-detectar-precocment-risc-dinfeccio-vih\/#respond\"]}]},{\"@type\":\"WebPage\",\"@id\":\"https:\/\/www.cofb.org\/2018\/11\/30\/dia-mundial-sida-2018-mes-120-farmacies-catalanes-realitzen-proves-detectar-precocment-risc-dinfeccio-vih\/\",\"url\":\"https:\/\/www.cofb.org\/2018\/11\/30\/dia-mundial-sida-2018-mes-120-farmacies-catalanes-realitzen-proves-detectar-precocment-risc-dinfeccio-vih\/\",\"name\":\"Dia Mundial de la Sida 2018: M\u00e9s de 120 farm\u00e0cies catalanes realitzen proves per detectar preco\u00e7ment el risc d\u2019infecci\u00f3 per VIH - Col\u00b7legi de Farmac\u00e8utics de Barcelona\",\"isPartOf\":{\"@id\":\"https:\/\/www.cofb.org\/#website\"},\"primaryImageOfPage\":{\"@id\":\"https:\/\/www.cofb.org\/2018\/11\/30\/dia-mundial-sida-2018-mes-120-farmacies-catalanes-realitzen-proves-detectar-precocment-risc-dinfeccio-vih\/#primaryimage\"},\"image\":{\"@id\":\"https:\/\/www.cofb.org\/2018\/11\/30\/dia-mundial-sida-2018-mes-120-farmacies-catalanes-realitzen-proves-detectar-precocment-risc-dinfeccio-vih\/#primaryimage\"},\"thumbnailUrl\":\"\",\"datePublished\":\"2018-11-30T13:54:41+00:00\",\"dateModified\":\"2024-08-22T11:56:00+00:00\",\"description\":\"Des de l\u2019any 2012, les farm\u00e0cies catalanes participants en el Programa de detecci\u00f3 preco\u00e7 del VIH (actualment 127 a tot Catalunya) han fet m\u00e9s de 13.700 proves \u2013m\u00e9s de 3.400 durant el 2017-.\",\"breadcrumb\":{\"@id\":\"https:\/\/www.cofb.org\/2018\/11\/30\/dia-mundial-sida-2018-mes-120-farmacies-catalanes-realitzen-proves-detectar-precocment-risc-dinfeccio-vih\/#breadcrumb\"},\"inLanguage\":\"es\",\"potentialAction\":[{\"@type\":\"ReadAction\",\"target\":[\"https:\/\/www.cofb.org\/2018\/11\/30\/dia-mundial-sida-2018-mes-120-farmacies-catalanes-realitzen-proves-detectar-precocment-risc-dinfeccio-vih\/\"]}]},{\"@type\":\"ImageObject\",\"inLanguage\":\"es\",\"@id\":\"https:\/\/www.cofb.org\/2018\/11\/30\/dia-mundial-sida-2018-mes-120-farmacies-catalanes-realitzen-proves-detectar-precocment-risc-dinfeccio-vih\/#primaryimage\",\"url\":\"\",\"contentUrl\":\"\"},{\"@type\":\"BreadcrumbList\",\"@id\":\"https:\/\/www.cofb.org\/2018\/11\/30\/dia-mundial-sida-2018-mes-120-farmacies-catalanes-realitzen-proves-detectar-precocment-risc-dinfeccio-vih\/#breadcrumb\",\"itemListElement\":[{\"@type\":\"ListItem\",\"position\":1,\"name\":\"Inici\",\"item\":\"https:\/\/novaorg.cofb.net\/\"},{\"@type\":\"ListItem\",\"position\":2,\"name\":\"Dia Mundial de la Sida 2018: M\u00e9s de 120 farm\u00e0cies catalanes realitzen proves per detectar preco\u00e7ment el risc d\u2019infecci\u00f3 per VIH\"}]},{\"@type\":\"WebSite\",\"@id\":\"https:\/\/www.cofb.org\/#website\",\"url\":\"https:\/\/www.cofb.org\/\",\"name\":\"Col\u00b7legi de Farmac\u00e8utics de Barcelona\",\"description\":\"\",\"publisher\":{\"@id\":\"https:\/\/www.cofb.org\/#organization\"},\"potentialAction\":[{\"@type\":\"SearchAction\",\"target\":{\"@type\":\"EntryPoint\",\"urlTemplate\":\"https:\/\/www.cofb.org\/?s={search_term_string}\"},\"query-input\":\"required name=search_term_string\"}],\"inLanguage\":\"es\"},{\"@type\":\"Organization\",\"@id\":\"https:\/\/www.cofb.org\/#organization\",\"name\":\"Col\u00b7legi de Farmac\u00e8utics de Barcelona\",\"url\":\"https:\/\/www.cofb.org\/\",\"logo\":{\"@type\":\"ImageObject\",\"inLanguage\":\"es\",\"@id\":\"https:\/\/www.cofb.org\/#\/schema\/logo\/image\/\",\"url\":\"https:\/\/www.cofb.org\/wp-content\/uploads\/2023\/11\/cropped-Logotip-COFB.png\",\"contentUrl\":\"https:\/\/www.cofb.org\/wp-content\/uploads\/2023\/11\/cropped-Logotip-COFB.png\",\"width\":500,\"height\":105,\"caption\":\"Col\u00b7legi de Farmac\u00e8utics de Barcelona\"},\"image\":{\"@id\":\"https:\/\/www.cofb.org\/#\/schema\/logo\/image\/\"},\"sameAs\":[\"https:\/\/www.facebook.com\/farmaceuticsbcn\/\",\"https:\/\/twitter.com\/farmaceuticsbcn\",\"https:\/\/www.instagram.com\/farmaceuticsbcn\/\",\"https:\/\/www.linkedin.com\/company\/farmaceuticsbcn\/\"]},{\"@type\":\"Person\",\"@id\":\"https:\/\/www.cofb.org\/#\/schema\/person\/22ed7eea88da74b0fa4d3154ad87ffcb\",\"name\":\"wpAdminCofbOrg\",\"image\":{\"@type\":\"ImageObject\",\"inLanguage\":\"es\",\"@id\":\"https:\/\/www.cofb.org\/#\/schema\/person\/image\/\",\"url\":\"https:\/\/secure.gravatar.com\/avatar\/1721b20b3b8ca882c3b56ec6c978c594fff670e40c0718e9190eaeeb76aae7d8?s=96&d=mm&r=g\",\"contentUrl\":\"https:\/\/secure.gravatar.com\/avatar\/1721b20b3b8ca882c3b56ec6c978c594fff670e40c0718e9190eaeeb76aae7d8?s=96&d=mm&r=g\",\"caption\":\"wpAdminCofbOrg\"},\"sameAs\":[\"http:\/\/192.168.64.122\/wordpress\"],\"url\":\"https:\/\/www.cofb.org\/es\/author\/wpadmincofborg\/\"}]}<\/script>\n<!-- \/ Yoast SEO plugin. -->","yoast_head_json":{"title":"Dia Mundial de la Sida 2018: M\u00e9s de 120 farm\u00e0cies catalanes realitzen proves per detectar preco\u00e7ment el risc d\u2019infecci\u00f3 per VIH - Col\u00b7legi de Farmac\u00e8utics de Barcelona","description":"Des de l\u2019any 2012, les farm\u00e0cies catalanes participants en el Programa de detecci\u00f3 preco\u00e7 del VIH (actualment 127 a tot Catalunya) han fet m\u00e9s de 13.700 proves \u2013m\u00e9s de 3.400 durant el 2017-.","robots":{"index":"index","follow":"follow","max-snippet":"max-snippet:-1","max-image-preview":"max-image-preview:large","max-video-preview":"max-video-preview:-1"},"canonical":"https:\/\/www.cofb.org\/es\/2018\/11\/30\/dia-mundial-sida-2018-mes-120-farmacies-catalanes-realitzen-proves-detectar-precocment-risc-dinfeccio-vih\/","og_locale":"es_ES","og_type":"article","og_title":"Dia Mundial de la Sida 2018: M\u00e9s de 120 farm\u00e0cies catalanes realitzen proves per detectar preco\u00e7ment el risc d\u2019infecci\u00f3 per VIH - Col\u00b7legi de Farmac\u00e8utics de Barcelona","og_description":"Des de l\u2019any 2012, les farm\u00e0cies catalanes participants en el Programa de detecci\u00f3 preco\u00e7 del VIH (actualment 127 a tot Catalunya) han fet m\u00e9s de 13.700 proves \u2013m\u00e9s de 3.400 durant el 2017-.","og_url":"https:\/\/www.cofb.org\/es\/2018\/11\/30\/dia-mundial-sida-2018-mes-120-farmacies-catalanes-realitzen-proves-detectar-precocment-risc-dinfeccio-vih\/","og_site_name":"Col\u00b7legi de Farmac\u00e8utics de Barcelona","article_publisher":"https:\/\/www.facebook.com\/farmaceuticsbcn\/","article_published_time":"2018-11-30T13:54:41+00:00","article_modified_time":"2024-08-22T11:56:00+00:00","author":"wpAdminCofbOrg","twitter_card":"summary_large_image","twitter_creator":"@farmaceuticsbcn","twitter_site":"@farmaceuticsbcn","twitter_misc":{"Escrito por":"wpAdminCofbOrg","Tiempo de lectura":"4 minutos"},"schema":{"@context":"https:\/\/schema.org","@graph":[{"@type":"Article","@id":"https:\/\/www.cofb.org\/2018\/11\/30\/dia-mundial-sida-2018-mes-120-farmacies-catalanes-realitzen-proves-detectar-precocment-risc-dinfeccio-vih\/#article","isPartOf":{"@id":"https:\/\/www.cofb.org\/2018\/11\/30\/dia-mundial-sida-2018-mes-120-farmacies-catalanes-realitzen-proves-detectar-precocment-risc-dinfeccio-vih\/"},"author":{"name":"wpAdminCofbOrg","@id":"https:\/\/www.cofb.org\/#\/schema\/person\/22ed7eea88da74b0fa4d3154ad87ffcb"},"headline":"Dia Mundial de la Sida 2018: M\u00e9s de 120 farm\u00e0cies catalanes realitzen proves per detectar preco\u00e7ment el risc d\u2019infecci\u00f3 per VIH","datePublished":"2018-11-30T13:54:41+00:00","dateModified":"2024-08-22T11:56:00+00:00","mainEntityOfPage":{"@id":"https:\/\/www.cofb.org\/2018\/11\/30\/dia-mundial-sida-2018-mes-120-farmacies-catalanes-realitzen-proves-detectar-precocment-risc-dinfeccio-vih\/"},"wordCount":637,"commentCount":0,"publisher":{"@id":"https:\/\/www.cofb.org\/#organization"},"image":{"@id":"https:\/\/www.cofb.org\/2018\/11\/30\/dia-mundial-sida-2018-mes-120-farmacies-catalanes-realitzen-proves-detectar-precocment-risc-dinfeccio-vih\/#primaryimage"},"thumbnailUrl":"","keywords":["dia mundial de la sida","farm\u00e0cies","infecci\u00f3 VIH","Programa detecci\u00f3 preco\u00e7 VIH","prova r\u00e0pida del VIH","sida","VIH"],"articleSection":["Not\u00edcies farm\u00e0cia"],"inLanguage":"es","potentialAction":[{"@type":"CommentAction","name":"Comment","target":["https:\/\/www.cofb.org\/2018\/11\/30\/dia-mundial-sida-2018-mes-120-farmacies-catalanes-realitzen-proves-detectar-precocment-risc-dinfeccio-vih\/#respond"]}]},{"@type":"WebPage","@id":"https:\/\/www.cofb.org\/2018\/11\/30\/dia-mundial-sida-2018-mes-120-farmacies-catalanes-realitzen-proves-detectar-precocment-risc-dinfeccio-vih\/","url":"https:\/\/www.cofb.org\/2018\/11\/30\/dia-mundial-sida-2018-mes-120-farmacies-catalanes-realitzen-proves-detectar-precocment-risc-dinfeccio-vih\/","name":"Dia Mundial de la Sida 2018: M\u00e9s de 120 farm\u00e0cies catalanes realitzen proves per detectar preco\u00e7ment el risc d\u2019infecci\u00f3 per VIH - Col\u00b7legi de Farmac\u00e8utics de Barcelona","isPartOf":{"@id":"https:\/\/www.cofb.org\/#website"},"primaryImageOfPage":{"@id":"https:\/\/www.cofb.org\/2018\/11\/30\/dia-mundial-sida-2018-mes-120-farmacies-catalanes-realitzen-proves-detectar-precocment-risc-dinfeccio-vih\/#primaryimage"},"image":{"@id":"https:\/\/www.cofb.org\/2018\/11\/30\/dia-mundial-sida-2018-mes-120-farmacies-catalanes-realitzen-proves-detectar-precocment-risc-dinfeccio-vih\/#primaryimage"},"thumbnailUrl":"","datePublished":"2018-11-30T13:54:41+00:00","dateModified":"2024-08-22T11:56:00+00:00","description":"Des de l\u2019any 2012, les farm\u00e0cies catalanes participants en el Programa de detecci\u00f3 preco\u00e7 del VIH (actualment 127 a tot Catalunya) han fet m\u00e9s de 13.700 proves \u2013m\u00e9s de 3.400 durant el 2017-.","breadcrumb":{"@id":"https:\/\/www.cofb.org\/2018\/11\/30\/dia-mundial-sida-2018-mes-120-farmacies-catalanes-realitzen-proves-detectar-precocment-risc-dinfeccio-vih\/#breadcrumb"},"inLanguage":"es","potentialAction":[{"@type":"ReadAction","target":["https:\/\/www.cofb.org\/2018\/11\/30\/dia-mundial-sida-2018-mes-120-farmacies-catalanes-realitzen-proves-detectar-precocment-risc-dinfeccio-vih\/"]}]},{"@type":"ImageObject","inLanguage":"es","@id":"https:\/\/www.cofb.org\/2018\/11\/30\/dia-mundial-sida-2018-mes-120-farmacies-catalanes-realitzen-proves-detectar-precocment-risc-dinfeccio-vih\/#primaryimage","url":"","contentUrl":""},{"@type":"BreadcrumbList","@id":"https:\/\/www.cofb.org\/2018\/11\/30\/dia-mundial-sida-2018-mes-120-farmacies-catalanes-realitzen-proves-detectar-precocment-risc-dinfeccio-vih\/#breadcrumb","itemListElement":[{"@type":"ListItem","position":1,"name":"Inici","item":"https:\/\/novaorg.cofb.net\/"},{"@type":"ListItem","position":2,"name":"Dia Mundial de la Sida 2018: M\u00e9s de 120 farm\u00e0cies catalanes realitzen proves per detectar preco\u00e7ment el risc d\u2019infecci\u00f3 per VIH"}]},{"@type":"WebSite","@id":"https:\/\/www.cofb.org\/#website","url":"https:\/\/www.cofb.org\/","name":"Col\u00b7legi de Farmac\u00e8utics de Barcelona","description":"","publisher":{"@id":"https:\/\/www.cofb.org\/#organization"},"potentialAction":[{"@type":"SearchAction","target":{"@type":"EntryPoint","urlTemplate":"https:\/\/www.cofb.org\/?s={search_term_string}"},"query-input":"required name=search_term_string"}],"inLanguage":"es"},{"@type":"Organization","@id":"https:\/\/www.cofb.org\/#organization","name":"Col\u00b7legi de Farmac\u00e8utics de Barcelona","url":"https:\/\/www.cofb.org\/","logo":{"@type":"ImageObject","inLanguage":"es","@id":"https:\/\/www.cofb.org\/#\/schema\/logo\/image\/","url":"https:\/\/www.cofb.org\/wp-content\/uploads\/2023\/11\/cropped-Logotip-COFB.png","contentUrl":"https:\/\/www.cofb.org\/wp-content\/uploads\/2023\/11\/cropped-Logotip-COFB.png","width":500,"height":105,"caption":"Col\u00b7legi de Farmac\u00e8utics de Barcelona"},"image":{"@id":"https:\/\/www.cofb.org\/#\/schema\/logo\/image\/"},"sameAs":["https:\/\/www.facebook.com\/farmaceuticsbcn\/","https:\/\/twitter.com\/farmaceuticsbcn","https:\/\/www.instagram.com\/farmaceuticsbcn\/","https:\/\/www.linkedin.com\/company\/farmaceuticsbcn\/"]},{"@type":"Person","@id":"https:\/\/www.cofb.org\/#\/schema\/person\/22ed7eea88da74b0fa4d3154ad87ffcb","name":"wpAdminCofbOrg","image":{"@type":"ImageObject","inLanguage":"es","@id":"https:\/\/www.cofb.org\/#\/schema\/person\/image\/","url":"https:\/\/secure.gravatar.com\/avatar\/1721b20b3b8ca882c3b56ec6c978c594fff670e40c0718e9190eaeeb76aae7d8?s=96&d=mm&r=g","contentUrl":"https:\/\/secure.gravatar.com\/avatar\/1721b20b3b8ca882c3b56ec6c978c594fff670e40c0718e9190eaeeb76aae7d8?s=96&d=mm&r=g","caption":"wpAdminCofbOrg"},"sameAs":["http:\/\/192.168.64.122\/wordpress"],"url":"https:\/\/www.cofb.org\/es\/author\/wpadmincofborg\/"}]}},"uagb_featured_image_src":{"full":false,"thumbnail":false,"medium":false,"medium_large":false,"large":false,"1536x1536":false,"2048x2048":false,"trp-custom-language-flag":false},"uagb_author_info":{"display_name":"wpAdminCofbOrg","author_link":"https:\/\/www.cofb.org\/es\/author\/wpadmincofborg\/"},"uagb_comment_info":0,"uagb_excerpt":"Des de l\u2019any 2012, les farm\u00e0cies catalanes participants en el Programa de detecci\u00f3 preco\u00e7 del VIH (actualment 127 a tot Catalunya) han fet m\u00e9s de 13.700 proves \u2013m\u00e9s de 3.400 durant el 2017-. Aquest Programa facilita el coneixement de l\u2019estat serol\u00f2gic amb proves r\u00e0pides del VIH de 4a generaci\u00f3 (gr\u00e0cies [&hellip;]","_links":{"self":[{"href":"https:\/\/www.cofb.org\/es\/wp-json\/wp\/v2\/posts\/42797","targetHints":{"allow":["GET"]}}],"collection":[{"href":"https:\/\/www.cofb.org\/es\/wp-json\/wp\/v2\/posts"}],"about":[{"href":"https:\/\/www.cofb.org\/es\/wp-json\/wp\/v2\/types\/post"}],"author":[{"embeddable":true,"href":"https:\/\/www.cofb.org\/es\/wp-json\/wp\/v2\/users\/1"}],"replies":[{"embeddable":true,"href":"https:\/\/www.cofb.org\/es\/wp-json\/wp\/v2\/comments?post=42797"}],"version-history":[{"count":1,"href":"https:\/\/www.cofb.org\/es\/wp-json\/wp\/v2\/posts\/42797\/revisions"}],"predecessor-version":[{"id":79358,"href":"https:\/\/www.cofb.org\/es\/wp-json\/wp\/v2\/posts\/42797\/revisions\/79358"}],"wp:featuredmedia":[{"embeddable":true,"href":"https:\/\/www.cofb.org\/es\/wp-json\/"}],"wp:attachment":[{"href":"https:\/\/www.cofb.org\/es\/wp-json\/wp\/v2\/media?parent=42797"}],"wp:term":[{"taxonomy":"category","embeddable":true,"href":"https:\/\/www.cofb.org\/es\/wp-json\/wp\/v2\/categories?post=42797"},{"taxonomy":"post_tag","embeddable":true,"href":"https:\/\/www.cofb.org\/es\/wp-json\/wp\/v2\/tags?post=42797"}],"curies":[{"name":"wp","href":"https:\/\/api.w.org\/{rel}","templated":true}]}}