{"id":42690,"date":"2018-11-28T19:48:11","date_gmt":"2018-11-28T17:48:11","guid":{"rendered":"https:\/\/blog.cofb.cat\/?p=42690"},"modified":"2018-11-28T19:48:11","modified_gmt":"2018-11-28T17:48:11","slug":"vacunes-paper-farmaceutic-consultes-mes-frequents","status":"publish","type":"post","link":"https:\/\/www.cofb.org\/es\/2018\/11\/28\/vacunes-paper-farmaceutic-consultes-mes-frequents\/","title":{"rendered":"Las vacunas. El papel del farmac\u00e9utico y las consultas m\u00e1s frecuentes"},"content":{"rendered":"<p>El pasado martes 21 de noviembre tuvo lugar en el COFB el curso <strong>\u201cPracticamos con las vacunas. Cuando debemos vacunar ya qui\u00e9n\u201d<\/strong> impartido por la Dra. Magda Campins, del Servicio de Medicina Preventiva y Epidemiolog\u00eda del Hospital Universitari Vall d&#039;Hebron y Salvador Tous, farmac\u00e9utico comunitario, titular de oficina de farmacia en Barcelona. El moderador del curso fue Guillermo Bagaria, vicetesorero del COFB y responsable de Atenci\u00f3n Farmac\u00e9utica.<\/p>\n<h1><span style=\"color: #008080;\"><strong>L<\/strong><\/span><strong><span style=\"color: #008080;\">a importancia de las vacunas y el papel del farmac\u00e9utico<\/span><\/strong><\/h1>\n<p>Durante su intervenci\u00f3n, la Dra. Campins se refiri\u00f3 al <strong>papel de la farmacia comunitaria<\/strong> en la <strong>inmunizaci\u00f3n<\/strong> y cit\u00f3 algunos estudios relacionados con esta cuesti\u00f3n, que demostraban que <strong>los farmac\u00e9uticos influyen en las actividades de inmunizaci\u00f3n<\/strong>, independientemente de la vacuna proporcionada y de su rol (educador, facilitador o administrador).<\/p>\n<figure id=\"attachment_42734\" aria-describedby=\"caption-attachment-42734\" style=\"width: 620px\" class=\"wp-caption aligncenter\"><a href=\"https:\/\/blog.cofb.cat\/wp-content\/uploads\/2018\/11\/cofb.181121-15.jpg\"><img fetchpriority=\"high\" decoding=\"async\" class=\"Dra. Magda Campins, del Servei de Medicina Preventiva i Epidemiologia de l\u2019Hospital Universitari Vall d\u2019Hebron i Salvador Tous, farmac\u00e8utic comunitari, titular d\u2019oficina de farm\u00e0cia a Barcelona. El moderador del curs va ser Guillermo Bagaria, vicetresorer del COFB i responsable d\u2019Atenci\u00f3 Farmac\u00e8utica. wp-image-42734 size-large\" title=\"La Dra. Magda Campins, Guillermo Bagaria y Salvador Tous en un momento de la sesi\u00f3n.\" src=\"https:\/\/blog.cofb.cat\/wp-content\/uploads\/2018\/11\/cofb.181121-15-1024x683.jpg\" alt=\"La Dra. Magda Campins, Guillermo Bagaria i Salvador Tous en un moment de la sessi\u00f3.\" width=\"620\" height=\"414\" \/><\/a><figcaption id=\"caption-attachment-42734\" class=\"wp-caption-text\">La Dra. Magda Campins, Guillermo Bagaria y Salvador Tous en un momento de la sesi\u00f3n.<\/figcaption><\/figure>\n<p>Seg\u00fan los trabajos presentados por Campins, los farmac\u00e9uticos:<\/p>\n<ul>\n<li>se perciben como <strong>profesionales de la salud de confianza<\/strong><\/li>\n<li>la <strong>conveniencia<\/strong> y el<strong>accesibilidad<\/strong> de las farmacias contribuyen a <strong>aumentar la inmunizaci\u00f3n de los pacientes <\/strong><\/li>\n<li>las <strong>largas horas de apertura de las farmacias<\/strong> y su <strong>localizaci\u00f3n<\/strong> en zonas urbanas tambi\u00e9n son factores facilitadores<\/li>\n<\/ul>\n<p>En la misma l\u00ednea, Bagaria se mostr\u00f3 <strong>convencido del papel que pueden desarrollar los farmac\u00e9uticos comunitarios en el campo de la vacunaci\u00f3n<\/strong> y expuso cuatro grandes responsabilidades:<\/p>\n<ul>\n<li><strong>promover la vacunaci\u00f3n poblacional<\/strong><\/li>\n<li>hacer <strong>vigilancia epidemiol\u00f3gica de la gripe<\/strong><\/li>\n<li><strong>promover la cobertura vacunal de los farmac\u00e9uticos<\/strong> como agentes sanitarios<\/li>\n<li>preconizar<strong> el lavado de manos<\/strong><\/li>\n<\/ul>\n<p>\u201cNos queda un gran recorrido por delante y hay que hacer una <strong>importante labor de divulgaci\u00f3n sanitaria<\/strong>\u201c, a\u00f1adi\u00f3.<\/p>\n<p>A continuaci\u00f3n, la doctora Campins expuso la importancia de la vacunaci\u00f3n en todas las edades e hizo referencia a las <strong>vacunas pedi\u00e1tricas sistem\u00e1ticas <\/strong>y las <strong>no sistem\u00e1ticas<\/strong> (meningococo y rotavirus); las <strong>vacunas del adolescente<\/strong> (vacunas sistem\u00e1ticas como la del VPH) y las vacunas del adulto. Dentro de este \u00faltimo grupo, hizo referencia a las <strong>vacunas sistem\u00e1ticas<\/strong> (gripe y neumococo), las <strong>vacunas no sistem\u00e1ticas<\/strong> (herpes z\u00f3ster).<\/p>\n<h1><strong><span style=\"color: #008080;\">Consultas m\u00e1s frecuentes en la farmacia<\/span><\/strong><\/h1>\n<p>La parte final del curso estuvo dedicada a los <strong>aspectos pr\u00e1cticos para la farmacia\u00a0<\/strong>en el campo de las vacunas. Tous afirm\u00f3 que \u201cmuchas veces, <strong>desde la farmacia<\/strong>, lo que podemos hacer es una <strong>escucha activa<\/strong> sobre qu\u00e9 le hace <strong>miedo a las vacunas<\/strong> a la persona que nos hace una consulta y, a partir de ah\u00ed, <strong>desmontar<\/strong> uno por uno <strong>sus argumentos<\/strong>\u201c. A continuaci\u00f3n, la doctora Campins dio respuesta a las <strong>consultas m\u00e1s frecuentes<\/strong>\u00a0que los farmac\u00e9uticos suelen recibir en la farmacia, especialmente por parte de personas que tienen\u00a0<strong>dudas sobre la vacunaci\u00f3n <\/strong>o que<strong> son antivacunas ac\u00e9rrimos<\/strong>.<\/p>\n<figure id=\"attachment_42736\" aria-describedby=\"caption-attachment-42736\" style=\"width: 620px\" class=\"wp-caption aligncenter\"><a href=\"https:\/\/blog.cofb.cat\/wp-content\/uploads\/2018\/11\/cofb.181121-20.jpg\"><img decoding=\"async\" class=\"wp-image-42736 size-large\" title=\"El farmac\u00e9utico comunitario Salvador Tous en un momento de su presentaci\u00f3n.\" src=\"https:\/\/blog.cofb.cat\/wp-content\/uploads\/2018\/11\/cofb.181121-20-1024x683.jpg\" alt=\"El farmac\u00e8utic comunitari Salvador Tous en un moment de la seva presentaci\u00f3.\" width=\"620\" height=\"414\" \/><\/a><figcaption id=\"caption-attachment-42736\" class=\"wp-caption-text\">El farmac\u00e9utico comunitario Salvador Tous en un momento de su presentaci\u00f3n.<\/figcaption><\/figure>\n<h3><strong>\u00bfLa vacunaci\u00f3n corta realmente la transmisi\u00f3n?<\/strong><\/h3>\n<p>Ante esta cuesti\u00f3n, que muchas veces se recibe en la farmacia, la Dra. Campins destac\u00f3 que \u201cen varios trabajos diversos hechos en centros sociosanitarios se ha visto claramente que hay una <strong>reducci\u00f3n de mortalidad<\/strong> por todas las causas <strong>durante la temporada de gripe en pacientes institucionalizados si el<\/strong> <strong>personal sanitario que les atiende est\u00e1 vacunado<\/strong>\u201c. &quot;En estos momentos, tenemos evidencias claras en centros de cr\u00f3nicos&quot;, afirm\u00f3. Y Tous a\u00f1adi\u00f3: <strong>&quot;Todo nos hace pensar que tiene sentido que nos vacunamos&quot;<\/strong>.<\/p>\n<h3><strong>El tiomersal\u00a0<\/strong><\/h3>\n<p>La doctora Campins dej\u00f3 claro que \u201c<strong>en estos momentos, en nuestro pa\u00eds, no hay ninguna vacuna que lleve tiomersal<\/strong>\u201c. Por tanto, no tienen sentido las <strong>miedos<\/strong> sobre si \u201clas vacunas con <strong>tiomersal<\/strong> pueden <strong>alterar el desarrollo neurol\u00f3gico<\/strong> de los ni\u00f1os\u201d.<\/p>\n<h3><strong>El aluminio<\/strong><\/h3>\n<p>La Dra. Campins explic\u00f3 que el<strong>aluminio como adyuvante<\/strong> de las vacunas se utiliza desde los a\u00f1os 40 y que hay vacunas que llevan, por ejemplo, todos los toxoides. Sin embargo, recalc\u00f3 que \u201c<strong>no se ha demostrado que la cantidad que contienen las vacunas surta efecto nocivo<\/strong>. Las vacunas adyuvadas en aluminio <strong>provocan m\u00e1s reacci\u00f3n local<\/strong>, pero nada m\u00e1s\u201d, destac\u00f3.<\/p>\n<h3><strong>Los antibi\u00f3ticos\u00a0<\/strong><\/h3>\n<p>\u201cLas<strong> vacunas<\/strong> que dentro de su composici\u00f3n llevan alguno <strong>antibi\u00f3tico<\/strong> como conservante, <strong>l\u00f3gicamente, est\u00e1n contraindicadas a las personas que tengan alergia a los antibi\u00f3ticos<\/strong>\u201c, explic\u00f3 la Dra. Campines. Sin embargo, dej\u00f3 claro que <strong>&quot;los antibi\u00f3ticos que llevan las vacunas son muy pocos&quot;<\/strong> y que \u201c<strong>la \u00fanica vacuna que estar\u00eda contraindicada por una persona que est\u00e1 tom\u00e1ndola<\/strong> es la <strong>vacuna de la fiebre tifoidea<\/strong>, porque <strong>el antibi\u00f3tico podr\u00eda inactivarla<\/strong>&#8220;.<\/p>\n<figure id=\"attachment_42737\" aria-describedby=\"caption-attachment-42737\" style=\"width: 620px\" class=\"wp-caption aligncenter\"><a href=\"https:\/\/blog.cofb.cat\/wp-content\/uploads\/2018\/11\/cofb.181121-29.jpg\"><img decoding=\"async\" class=\"wp-image-42737 size-large\" title=\"La Dra. Magda Campins, del Servicio de Medicina Preventiva y Epidemiolog\u00eda del Hospital Universitari Vall d&#039;Hebron, durante su intervenci\u00f3n.\" src=\"https:\/\/blog.cofb.cat\/wp-content\/uploads\/2018\/11\/cofb.181121-29-1024x683.jpg\" alt=\"La Dra. Magda Campins, del Servei de Medicina Preventiva i Epidemiologia de l\u2019Hospital Universitari Vall d\u2019Hebron, durant la seva intervenci\u00f3.\" width=\"620\" height=\"414\" \/><\/a><figcaption id=\"caption-attachment-42737\" class=\"wp-caption-text\">La Dra. Magda Campins, del Servicio de Medicina Preventiva y Epidemiolog\u00eda del Hospital Universitari Vall d&#039;Hebron, durante su intervenci\u00f3n.<\/figcaption><\/figure>\n<h3><strong>El huevo\u00a0<\/strong><\/h3>\n<p>\u201cEn estos momentos, las vacunas que est\u00e1n fabricadas con huevo son la <strong>vacuna de la gripe<\/strong>, la <strong>vacuna de la fiebre amarilla<\/strong> y la <strong>triple v\u00edrica<\/strong>\u201c, expuso Campins. \u201cSe puede poner la <strong>triple v\u00edrica<\/strong> a un ni\u00f1o al\u00e9rgico al huevo, a excepci\u00f3n de que haya hecho un <strong>choque anafil\u00e1ctico<\/strong> cuando haya comido alg\u00fan producto que lo contuviera, pero eso es rar\u00edsimo\u201d, afirm\u00f3. Por otra parte, \u201cactualmente, se recomienda <strong>vacunar de la gripe<\/strong> -a pesar de que la vacuna est\u00e9 fabricada con huevos embrionados- incluso a las personas al\u00e9rgicas al huevo, salvo que haya sido una alergia grave\u201d. Sobre la vacuna de la <strong>fiebre amarilla<\/strong>, Campins afirm\u00f3 que <strong>\u201ces la \u00fanica que est\u00e1 absolutamente contraindicada en personas al\u00e9rgicas al huevo<\/strong>, porque la cantidad de prote\u00ednas de huevo que lleva es mucho m\u00e1s alta\u201d.<\/p>\n<h3><strong>El l\u00e1tex<\/strong><\/h3>\n<p>Si una persona tiene <strong>alergia al l\u00e1tex<\/strong>, \u201cque haya dentro del \u00e9mbolo de la vacuna es de dif\u00edcil soluci\u00f3n. Debemos buscar alternativas a la vacuna u otras marcas comerciales que no las tengan\u201d, afirm\u00f3 Campins.<\/p>\n<h3><strong>Muerte s\u00fabita del lactante\u00a0<\/strong><\/h3>\n<p>La doctora Campins record\u00f3 que \u201cen los a\u00f1os 60, se hab\u00eda asociado la <strong>vacuna de la tos ferina<\/strong> en la <strong>muerte s\u00fabita del lactante<\/strong>\u201c. Sin embargo, \u201cestudios cient\u00edficos realizados a\u00f1os m\u00e1s tarde en Estados Unidos o en Inglaterra han demostrado que <strong>no hay ninguna asociaci\u00f3n<\/strong>&#8220;.<\/p>\n<h3><strong>La gripe\u00a0<\/strong><\/h3>\n<p>Por \u00faltimo, Campins expuso que desde la farmacia conviene recordar que <strong>\u201cla vacuna de la gripe s\u00f3lo evita infecciones por virus <em>influenza<\/em>&#8220;<\/strong> y que, por tanto, quien se le haya puesto puede coger un resfriado, ya que \u00e9ste \u201cest\u00e1 producido por <em>rinoviru<\/em>s, <em>adenovirus<\/em>, <em>virus parainfluenza<\/em>&#8230;&#8221;.<\/p>\n<p style=\"text-align: right;\"><strong>Con el patrocinio de:<\/strong><\/p>\n<p><img loading=\"lazy\" decoding=\"async\" class=\"wp-image-42712 alignright\" src=\"https:\/\/blog.cofb.cat\/wp-content\/uploads\/2018\/11\/MSD_Sharp__Dohme_GmbH_logo.svg_-1024x399.png\" alt=\"\" width=\"157\" height=\"61\" \/><\/p>\n<p>&nbsp;<\/p>\n<p>&nbsp;<\/p>\n<p><strong>Otras publicaciones de inter\u00e9s:<\/strong><\/p>\n<ul>\n<li style=\"text-align: left;\"><a href=\"https:\/\/blog.cofb.cat\/pneumonia-pneumococcica-estrategies-de-prevencio-per-vacunacio\/\" target=\"_blank\" rel=\"noopener\">Neumon\u00eda neumococia: estrategias de prevenci\u00f3n por vacunaci\u00f3n (Enero 2017)<\/a><\/li>\n<li><a href=\"https:\/\/blog.cofb.cat\/paper-del-farmaceutic-en-els-programes-de-vacunacio\/\" target=\"_blank\" rel=\"noopener\">Papel del farmac\u00e9utico en los programas de vacunaci\u00f3n (Enero 2016)<\/a><\/li>\n<li><a href=\"https:\/\/blog.cofb.cat\/campanyes-informatives-a-favor-de-la-vacunacio\/\" target=\"_blank\" rel=\"noopener\">Campa\u00f1as informativas a favor de la vacunaci\u00f3n (Julio 2015)<\/a><\/li>\n<\/ul>","protected":false},"excerpt":{"rendered":"<p>El pasado martes 21 de noviembre tuvo lugar en el COFB el curso \u201cPracticamos con las vacunas. Cuando debemos vacunar ya qui\u00e9n\u201d impartido por la Dra. Magda Campins, del Servicio de Medicina Preventiva y Epidemiolog\u00eda del Hospital Universitario Vall d&#039;Hebron y Salvador Tous, farmac\u00e9utico comunitario, titular de oficina de [\u2026]<\/p>","protected":false},"author":1,"featured_media":42735,"comment_status":"open","ping_status":"open","sticky":false,"template":"","format":"standard","meta":{"_uag_custom_page_level_css":"","site-sidebar-layout":"default","site-content-layout":"","ast-site-content-layout":"default","site-content-style":"default","site-sidebar-style":"default","ast-global-header-display":"","ast-banner-title-visibility":"","ast-main-header-display":"","ast-hfb-above-header-display":"","ast-hfb-below-header-display":"","ast-hfb-mobile-header-display":"","site-post-title":"","ast-breadcrumbs-content":"","ast-featured-img":"disabled","footer-sml-layout":"","theme-transparent-header-meta":"","adv-header-id-meta":"","stick-header-meta":"","header-above-stick-meta":"","header-main-stick-meta":"","header-below-stick-meta":"","astra-migrate-meta-layouts":"default","ast-page-background-enabled":"default","ast-page-background-meta":{"desktop":{"background-color":"var(--ast-global-color-4)","background-image":"","background-repeat":"repeat","background-position":"center center","background-size":"auto","background-attachment":"scroll","background-type":"","background-media":"","overlay-type":"","overlay-color":"","overlay-opacity":"","overlay-gradient":""},"tablet":{"background-color":"","background-image":"","background-repeat":"repeat","background-position":"center center","background-size":"auto","background-attachment":"scroll","background-type":"","background-media":"","overlay-type":"","overlay-color":"","overlay-opacity":"","overlay-gradient":""},"mobile":{"background-color":"","background-image":"","background-repeat":"repeat","background-position":"center center","background-size":"auto","background-attachment":"scroll","background-type":"","background-media":"","overlay-type":"","overlay-color":"","overlay-opacity":"","overlay-gradient":""}},"ast-content-background-meta":{"desktop":{"background-color":"var(--ast-global-color-5)","background-image":"","background-repeat":"repeat","background-position":"center center","background-size":"auto","background-attachment":"scroll","background-type":"","background-media":"","overlay-type":"","overlay-color":"","overlay-opacity":"","overlay-gradient":""},"tablet":{"background-color":"var(--ast-global-color-5)","background-image":"","background-repeat":"repeat","background-position":"center center","background-size":"auto","background-attachment":"scroll","background-type":"","background-media":"","overlay-type":"","overlay-color":"","overlay-opacity":"","overlay-gradient":""},"mobile":{"background-color":"var(--ast-global-color-5)","background-image":"","background-repeat":"repeat","background-position":"center center","background-size":"auto","background-attachment":"scroll","background-type":"","background-media":"","overlay-type":"","overlay-color":"","overlay-opacity":"","overlay-gradient":""}},"footnotes":""},"categories":[23,57],"tags":[2192,18,19,520,527,53,113,69,70,813,814,2784,2194,2573],"class_list":["post-42690","post","type-post","status-publish","format-standard","has-post-thumbnail","hentry","category-destacats","category-mon-collegial","tag-allergia","tag-cofb","tag-collegi-de-farmaceutics-de-barcelona","tag-conferencia","tag-curs","tag-farmaceutics","tag-farmacia-assistencial","tag-farmacia-comunitaria","tag-formacio","tag-vacuna","tag-vacunacio","tag-vacunacio-farmacia","tag-vacunes","tag-vacunes-antigripals"],"yoast_head":"<!-- This site is optimized with the Yoast SEO plugin v22.4 - https:\/\/yoast.com\/wordpress\/plugins\/seo\/ -->\n<title>Les vacunes. El paper del farmac\u00e8utic i les consultes m\u00e9s freq\u00fcents - Col\u00b7legi de Farmac\u00e8utics de Barcelona<\/title>\n<meta name=\"description\" content=\"El passat dimarts 21 de novembre va tenir lloc al COFB el curs \u201cPractiquem amb les vacunes. Quan hem de vacunar i a qui\u201d\" \/>\n<meta name=\"robots\" content=\"index, follow, max-snippet:-1, max-image-preview:large, max-video-preview:-1\" \/>\n<link rel=\"canonical\" href=\"https:\/\/novaorg.cofb.net\/2018\/11\/28\/vacunes-paper-farmaceutic-consultes-mes-frequents\/\" \/>\n<meta property=\"og:locale\" content=\"es_ES\" \/>\n<meta property=\"og:type\" content=\"article\" \/>\n<meta property=\"og:title\" content=\"Les vacunes. El paper del farmac\u00e8utic i les consultes m\u00e9s freq\u00fcents - Col\u00b7legi de Farmac\u00e8utics de Barcelona\" \/>\n<meta property=\"og:description\" content=\"El passat dimarts 21 de novembre va tenir lloc al COFB el curs \u201cPractiquem amb les vacunes. Quan hem de vacunar i a qui\u201d\" \/>\n<meta property=\"og:url\" content=\"https:\/\/novaorg.cofb.net\/2018\/11\/28\/vacunes-paper-farmaceutic-consultes-mes-frequents\/\" \/>\n<meta property=\"og:site_name\" content=\"Col\u00b7legi de Farmac\u00e8utics de Barcelona\" \/>\n<meta property=\"article:publisher\" content=\"https:\/\/www.facebook.com\/farmaceuticsbcn\/\" \/>\n<meta property=\"article:published_time\" content=\"2018-11-28T17:48:11+00:00\" \/>\n<meta name=\"author\" content=\"wpAdminCofbOrg\" \/>\n<meta name=\"twitter:card\" content=\"summary_large_image\" \/>\n<meta name=\"twitter:creator\" content=\"@farmaceuticsbcn\" \/>\n<meta name=\"twitter:site\" content=\"@farmaceuticsbcn\" \/>\n<meta name=\"twitter:label1\" content=\"Escrito por\" \/>\n\t<meta name=\"twitter:data1\" content=\"wpAdminCofbOrg\" \/>\n\t<meta name=\"twitter:label2\" content=\"Tiempo de lectura\" \/>\n\t<meta name=\"twitter:data2\" content=\"6 minutos\" \/>\n<script type=\"application\/ld+json\" class=\"yoast-schema-graph\">{\"@context\":\"https:\/\/schema.org\",\"@graph\":[{\"@type\":\"Article\",\"@id\":\"https:\/\/novaorg.cofb.net\/2018\/11\/28\/vacunes-paper-farmaceutic-consultes-mes-frequents\/#article\",\"isPartOf\":{\"@id\":\"https:\/\/novaorg.cofb.net\/2018\/11\/28\/vacunes-paper-farmaceutic-consultes-mes-frequents\/\"},\"author\":{\"name\":\"wpAdminCofbOrg\",\"@id\":\"https:\/\/www.cofb.org\/#\/schema\/person\/22ed7eea88da74b0fa4d3154ad87ffcb\"},\"headline\":\"Les vacunes. El paper del farmac\u00e8utic i les consultes m\u00e9s freq\u00fcents\",\"datePublished\":\"2018-11-28T17:48:11+00:00\",\"dateModified\":\"2018-11-28T17:48:11+00:00\",\"mainEntityOfPage\":{\"@id\":\"https:\/\/novaorg.cofb.net\/2018\/11\/28\/vacunes-paper-farmaceutic-consultes-mes-frequents\/\"},\"wordCount\":1202,\"commentCount\":0,\"publisher\":{\"@id\":\"https:\/\/www.cofb.org\/#organization\"},\"image\":{\"@id\":\"https:\/\/novaorg.cofb.net\/2018\/11\/28\/vacunes-paper-farmaceutic-consultes-mes-frequents\/#primaryimage\"},\"thumbnailUrl\":\"\",\"keywords\":[\"al\u00b7l\u00e8rgia\",\"COFB\",\"Col\u00b7legi de Farmac\u00e8utics de Barcelona\",\"confer\u00e8ncia\",\"curs\",\"farmac\u00e8utics\",\"farm\u00e0cia assistencial\",\"farm\u00e0cia comunit\u00e0ria\",\"Formaci\u00f3\",\"vacuna\",\"vacunaci\u00f3\",\"Vacunaci\u00f3 farm\u00e0cia\",\"vacunes\",\"vacunes antigripals\"],\"articleSection\":[\"Destacats\",\"M\u00f3n col\u00b7legial\"],\"inLanguage\":\"es\",\"potentialAction\":[{\"@type\":\"CommentAction\",\"name\":\"Comment\",\"target\":[\"https:\/\/novaorg.cofb.net\/2018\/11\/28\/vacunes-paper-farmaceutic-consultes-mes-frequents\/#respond\"]}]},{\"@type\":\"WebPage\",\"@id\":\"https:\/\/novaorg.cofb.net\/2018\/11\/28\/vacunes-paper-farmaceutic-consultes-mes-frequents\/\",\"url\":\"https:\/\/novaorg.cofb.net\/2018\/11\/28\/vacunes-paper-farmaceutic-consultes-mes-frequents\/\",\"name\":\"Les vacunes. El paper del farmac\u00e8utic i les consultes m\u00e9s freq\u00fcents - Col\u00b7legi de Farmac\u00e8utics de Barcelona\",\"isPartOf\":{\"@id\":\"https:\/\/www.cofb.org\/#website\"},\"primaryImageOfPage\":{\"@id\":\"https:\/\/novaorg.cofb.net\/2018\/11\/28\/vacunes-paper-farmaceutic-consultes-mes-frequents\/#primaryimage\"},\"image\":{\"@id\":\"https:\/\/novaorg.cofb.net\/2018\/11\/28\/vacunes-paper-farmaceutic-consultes-mes-frequents\/#primaryimage\"},\"thumbnailUrl\":\"\",\"datePublished\":\"2018-11-28T17:48:11+00:00\",\"dateModified\":\"2018-11-28T17:48:11+00:00\",\"description\":\"El passat dimarts 21 de novembre va tenir lloc al COFB el curs \u201cPractiquem amb les vacunes. Quan hem de vacunar i a qui\u201d\",\"breadcrumb\":{\"@id\":\"https:\/\/novaorg.cofb.net\/2018\/11\/28\/vacunes-paper-farmaceutic-consultes-mes-frequents\/#breadcrumb\"},\"inLanguage\":\"es\",\"potentialAction\":[{\"@type\":\"ReadAction\",\"target\":[\"https:\/\/novaorg.cofb.net\/2018\/11\/28\/vacunes-paper-farmaceutic-consultes-mes-frequents\/\"]}]},{\"@type\":\"ImageObject\",\"inLanguage\":\"es\",\"@id\":\"https:\/\/novaorg.cofb.net\/2018\/11\/28\/vacunes-paper-farmaceutic-consultes-mes-frequents\/#primaryimage\",\"url\":\"\",\"contentUrl\":\"\"},{\"@type\":\"BreadcrumbList\",\"@id\":\"https:\/\/novaorg.cofb.net\/2018\/11\/28\/vacunes-paper-farmaceutic-consultes-mes-frequents\/#breadcrumb\",\"itemListElement\":[{\"@type\":\"ListItem\",\"position\":1,\"name\":\"Inici\",\"item\":\"https:\/\/novaorg.cofb.net\/\"},{\"@type\":\"ListItem\",\"position\":2,\"name\":\"Les vacunes. El paper del farmac\u00e8utic i les consultes m\u00e9s freq\u00fcents\"}]},{\"@type\":\"WebSite\",\"@id\":\"https:\/\/www.cofb.org\/#website\",\"url\":\"https:\/\/www.cofb.org\/\",\"name\":\"Col\u00b7legi de Farmac\u00e8utics de Barcelona\",\"description\":\"\",\"publisher\":{\"@id\":\"https:\/\/www.cofb.org\/#organization\"},\"potentialAction\":[{\"@type\":\"SearchAction\",\"target\":{\"@type\":\"EntryPoint\",\"urlTemplate\":\"https:\/\/www.cofb.org\/?s={search_term_string}\"},\"query-input\":\"required name=search_term_string\"}],\"inLanguage\":\"es\"},{\"@type\":\"Organization\",\"@id\":\"https:\/\/www.cofb.org\/#organization\",\"name\":\"Col\u00b7legi de Farmac\u00e8utics de Barcelona\",\"url\":\"https:\/\/www.cofb.org\/\",\"logo\":{\"@type\":\"ImageObject\",\"inLanguage\":\"es\",\"@id\":\"https:\/\/www.cofb.org\/#\/schema\/logo\/image\/\",\"url\":\"https:\/\/www.cofb.org\/wp-content\/uploads\/2023\/11\/cropped-Logotip-COFB.png\",\"contentUrl\":\"https:\/\/www.cofb.org\/wp-content\/uploads\/2023\/11\/cropped-Logotip-COFB.png\",\"width\":500,\"height\":105,\"caption\":\"Col\u00b7legi de Farmac\u00e8utics de Barcelona\"},\"image\":{\"@id\":\"https:\/\/www.cofb.org\/#\/schema\/logo\/image\/\"},\"sameAs\":[\"https:\/\/www.facebook.com\/farmaceuticsbcn\/\",\"https:\/\/twitter.com\/farmaceuticsbcn\",\"https:\/\/www.instagram.com\/farmaceuticsbcn\/\",\"https:\/\/www.linkedin.com\/company\/farmaceuticsbcn\/\"]},{\"@type\":\"Person\",\"@id\":\"https:\/\/www.cofb.org\/#\/schema\/person\/22ed7eea88da74b0fa4d3154ad87ffcb\",\"name\":\"wpAdminCofbOrg\",\"image\":{\"@type\":\"ImageObject\",\"inLanguage\":\"es\",\"@id\":\"https:\/\/www.cofb.org\/#\/schema\/person\/image\/\",\"url\":\"https:\/\/secure.gravatar.com\/avatar\/1721b20b3b8ca882c3b56ec6c978c594fff670e40c0718e9190eaeeb76aae7d8?s=96&d=mm&r=g\",\"contentUrl\":\"https:\/\/secure.gravatar.com\/avatar\/1721b20b3b8ca882c3b56ec6c978c594fff670e40c0718e9190eaeeb76aae7d8?s=96&d=mm&r=g\",\"caption\":\"wpAdminCofbOrg\"},\"sameAs\":[\"http:\/\/192.168.64.122\/wordpress\"],\"url\":\"https:\/\/www.cofb.org\/es\/author\/wpadmincofborg\/\"}]}<\/script>\n<!-- \/ Yoast SEO plugin. -->","yoast_head_json":{"title":"Les vacunes. El paper del farmac\u00e8utic i les consultes m\u00e9s freq\u00fcents - Col\u00b7legi de Farmac\u00e8utics de Barcelona","description":"El passat dimarts 21 de novembre va tenir lloc al COFB el curs \u201cPractiquem amb les vacunes. Quan hem de vacunar i a qui\u201d","robots":{"index":"index","follow":"follow","max-snippet":"max-snippet:-1","max-image-preview":"max-image-preview:large","max-video-preview":"max-video-preview:-1"},"canonical":"https:\/\/novaorg.cofb.net\/2018\/11\/28\/vacunes-paper-farmaceutic-consultes-mes-frequents\/","og_locale":"es_ES","og_type":"article","og_title":"Les vacunes. El paper del farmac\u00e8utic i les consultes m\u00e9s freq\u00fcents - Col\u00b7legi de Farmac\u00e8utics de Barcelona","og_description":"El passat dimarts 21 de novembre va tenir lloc al COFB el curs \u201cPractiquem amb les vacunes. Quan hem de vacunar i a qui\u201d","og_url":"https:\/\/novaorg.cofb.net\/2018\/11\/28\/vacunes-paper-farmaceutic-consultes-mes-frequents\/","og_site_name":"Col\u00b7legi de Farmac\u00e8utics de Barcelona","article_publisher":"https:\/\/www.facebook.com\/farmaceuticsbcn\/","article_published_time":"2018-11-28T17:48:11+00:00","author":"wpAdminCofbOrg","twitter_card":"summary_large_image","twitter_creator":"@farmaceuticsbcn","twitter_site":"@farmaceuticsbcn","twitter_misc":{"Escrito por":"wpAdminCofbOrg","Tiempo de lectura":"6 minutos"},"schema":{"@context":"https:\/\/schema.org","@graph":[{"@type":"Article","@id":"https:\/\/novaorg.cofb.net\/2018\/11\/28\/vacunes-paper-farmaceutic-consultes-mes-frequents\/#article","isPartOf":{"@id":"https:\/\/novaorg.cofb.net\/2018\/11\/28\/vacunes-paper-farmaceutic-consultes-mes-frequents\/"},"author":{"name":"wpAdminCofbOrg","@id":"https:\/\/www.cofb.org\/#\/schema\/person\/22ed7eea88da74b0fa4d3154ad87ffcb"},"headline":"Les vacunes. El paper del farmac\u00e8utic i les consultes m\u00e9s freq\u00fcents","datePublished":"2018-11-28T17:48:11+00:00","dateModified":"2018-11-28T17:48:11+00:00","mainEntityOfPage":{"@id":"https:\/\/novaorg.cofb.net\/2018\/11\/28\/vacunes-paper-farmaceutic-consultes-mes-frequents\/"},"wordCount":1202,"commentCount":0,"publisher":{"@id":"https:\/\/www.cofb.org\/#organization"},"image":{"@id":"https:\/\/novaorg.cofb.net\/2018\/11\/28\/vacunes-paper-farmaceutic-consultes-mes-frequents\/#primaryimage"},"thumbnailUrl":"","keywords":["al\u00b7l\u00e8rgia","COFB","Col\u00b7legi de Farmac\u00e8utics de Barcelona","confer\u00e8ncia","curs","farmac\u00e8utics","farm\u00e0cia assistencial","farm\u00e0cia comunit\u00e0ria","Formaci\u00f3","vacuna","vacunaci\u00f3","Vacunaci\u00f3 farm\u00e0cia","vacunes","vacunes antigripals"],"articleSection":["Destacats","M\u00f3n col\u00b7legial"],"inLanguage":"es","potentialAction":[{"@type":"CommentAction","name":"Comment","target":["https:\/\/novaorg.cofb.net\/2018\/11\/28\/vacunes-paper-farmaceutic-consultes-mes-frequents\/#respond"]}]},{"@type":"WebPage","@id":"https:\/\/novaorg.cofb.net\/2018\/11\/28\/vacunes-paper-farmaceutic-consultes-mes-frequents\/","url":"https:\/\/novaorg.cofb.net\/2018\/11\/28\/vacunes-paper-farmaceutic-consultes-mes-frequents\/","name":"Les vacunes. El paper del farmac\u00e8utic i les consultes m\u00e9s freq\u00fcents - Col\u00b7legi de Farmac\u00e8utics de Barcelona","isPartOf":{"@id":"https:\/\/www.cofb.org\/#website"},"primaryImageOfPage":{"@id":"https:\/\/novaorg.cofb.net\/2018\/11\/28\/vacunes-paper-farmaceutic-consultes-mes-frequents\/#primaryimage"},"image":{"@id":"https:\/\/novaorg.cofb.net\/2018\/11\/28\/vacunes-paper-farmaceutic-consultes-mes-frequents\/#primaryimage"},"thumbnailUrl":"","datePublished":"2018-11-28T17:48:11+00:00","dateModified":"2018-11-28T17:48:11+00:00","description":"El passat dimarts 21 de novembre va tenir lloc al COFB el curs \u201cPractiquem amb les vacunes. Quan hem de vacunar i a qui\u201d","breadcrumb":{"@id":"https:\/\/novaorg.cofb.net\/2018\/11\/28\/vacunes-paper-farmaceutic-consultes-mes-frequents\/#breadcrumb"},"inLanguage":"es","potentialAction":[{"@type":"ReadAction","target":["https:\/\/novaorg.cofb.net\/2018\/11\/28\/vacunes-paper-farmaceutic-consultes-mes-frequents\/"]}]},{"@type":"ImageObject","inLanguage":"es","@id":"https:\/\/novaorg.cofb.net\/2018\/11\/28\/vacunes-paper-farmaceutic-consultes-mes-frequents\/#primaryimage","url":"","contentUrl":""},{"@type":"BreadcrumbList","@id":"https:\/\/novaorg.cofb.net\/2018\/11\/28\/vacunes-paper-farmaceutic-consultes-mes-frequents\/#breadcrumb","itemListElement":[{"@type":"ListItem","position":1,"name":"Inici","item":"https:\/\/novaorg.cofb.net\/"},{"@type":"ListItem","position":2,"name":"Les vacunes. El paper del farmac\u00e8utic i les consultes m\u00e9s freq\u00fcents"}]},{"@type":"WebSite","@id":"https:\/\/www.cofb.org\/#website","url":"https:\/\/www.cofb.org\/","name":"Col\u00b7legi de Farmac\u00e8utics de Barcelona","description":"","publisher":{"@id":"https:\/\/www.cofb.org\/#organization"},"potentialAction":[{"@type":"SearchAction","target":{"@type":"EntryPoint","urlTemplate":"https:\/\/www.cofb.org\/?s={search_term_string}"},"query-input":"required name=search_term_string"}],"inLanguage":"es"},{"@type":"Organization","@id":"https:\/\/www.cofb.org\/#organization","name":"Col\u00b7legi de Farmac\u00e8utics de Barcelona","url":"https:\/\/www.cofb.org\/","logo":{"@type":"ImageObject","inLanguage":"es","@id":"https:\/\/www.cofb.org\/#\/schema\/logo\/image\/","url":"https:\/\/www.cofb.org\/wp-content\/uploads\/2023\/11\/cropped-Logotip-COFB.png","contentUrl":"https:\/\/www.cofb.org\/wp-content\/uploads\/2023\/11\/cropped-Logotip-COFB.png","width":500,"height":105,"caption":"Col\u00b7legi de Farmac\u00e8utics de Barcelona"},"image":{"@id":"https:\/\/www.cofb.org\/#\/schema\/logo\/image\/"},"sameAs":["https:\/\/www.facebook.com\/farmaceuticsbcn\/","https:\/\/twitter.com\/farmaceuticsbcn","https:\/\/www.instagram.com\/farmaceuticsbcn\/","https:\/\/www.linkedin.com\/company\/farmaceuticsbcn\/"]},{"@type":"Person","@id":"https:\/\/www.cofb.org\/#\/schema\/person\/22ed7eea88da74b0fa4d3154ad87ffcb","name":"wpAdminCofbOrg","image":{"@type":"ImageObject","inLanguage":"es","@id":"https:\/\/www.cofb.org\/#\/schema\/person\/image\/","url":"https:\/\/secure.gravatar.com\/avatar\/1721b20b3b8ca882c3b56ec6c978c594fff670e40c0718e9190eaeeb76aae7d8?s=96&d=mm&r=g","contentUrl":"https:\/\/secure.gravatar.com\/avatar\/1721b20b3b8ca882c3b56ec6c978c594fff670e40c0718e9190eaeeb76aae7d8?s=96&d=mm&r=g","caption":"wpAdminCofbOrg"},"sameAs":["http:\/\/192.168.64.122\/wordpress"],"url":"https:\/\/www.cofb.org\/es\/author\/wpadmincofborg\/"}]}},"uagb_featured_image_src":{"full":false,"thumbnail":false,"medium":false,"medium_large":false,"large":false,"1536x1536":false,"2048x2048":false,"trp-custom-language-flag":false},"uagb_author_info":{"display_name":"wpAdminCofbOrg","author_link":"https:\/\/www.cofb.org\/es\/author\/wpadmincofborg\/"},"uagb_comment_info":0,"uagb_excerpt":"El passat dimarts 21 de novembre va tenir lloc al COFB el curs \u201cPractiquem amb les vacunes. Quan hem de vacunar i a qui\u201d impartit per la Dra. Magda Campins, del Servei de Medicina Preventiva i Epidemiologia de l\u2019Hospital Universitari Vall d\u2019Hebron i Salvador Tous, farmac\u00e8utic comunitari, titular d\u2019oficina de [&hellip;]","_links":{"self":[{"href":"https:\/\/www.cofb.org\/es\/wp-json\/wp\/v2\/posts\/42690","targetHints":{"allow":["GET"]}}],"collection":[{"href":"https:\/\/www.cofb.org\/es\/wp-json\/wp\/v2\/posts"}],"about":[{"href":"https:\/\/www.cofb.org\/es\/wp-json\/wp\/v2\/types\/post"}],"author":[{"embeddable":true,"href":"https:\/\/www.cofb.org\/es\/wp-json\/wp\/v2\/users\/1"}],"replies":[{"embeddable":true,"href":"https:\/\/www.cofb.org\/es\/wp-json\/wp\/v2\/comments?post=42690"}],"version-history":[{"count":0,"href":"https:\/\/www.cofb.org\/es\/wp-json\/wp\/v2\/posts\/42690\/revisions"}],"wp:featuredmedia":[{"embeddable":true,"href":"https:\/\/www.cofb.org\/es\/wp-json\/"}],"wp:attachment":[{"href":"https:\/\/www.cofb.org\/es\/wp-json\/wp\/v2\/media?parent=42690"}],"wp:term":[{"taxonomy":"category","embeddable":true,"href":"https:\/\/www.cofb.org\/es\/wp-json\/wp\/v2\/categories?post=42690"},{"taxonomy":"post_tag","embeddable":true,"href":"https:\/\/www.cofb.org\/es\/wp-json\/wp\/v2\/tags?post=42690"}],"curies":[{"name":"wp","href":"https:\/\/api.w.org\/{rel}","templated":true}]}}