{"id":42616,"date":"2018-12-05T19:57:05","date_gmt":"2018-12-05T17:57:05","guid":{"rendered":"https:\/\/blog.cofb.cat\/?p=42616"},"modified":"2018-12-05T19:57:05","modified_gmt":"2018-12-05T17:57:05","slug":"arrenca-tallers-de-bones-practiques-de-distribucio-de-medicaments","status":"publish","type":"post","link":"https:\/\/www.cofb.org\/es\/2018\/12\/05\/arrenca-tallers-de-bones-practiques-de-distribucio-de-medicaments\/","title":{"rendered":"Arranca la quinta edici\u00f3n de los talleres de buenas pr\u00e1cticas de distribuci\u00f3n de medicamentos"},"content":{"rendered":"<p>La quinta edici\u00f3n de<strong> talleres de buenas pr\u00e1cticas de distribuci\u00f3n de medicamentos\u00a0<\/strong>(BPD) comenz\u00f3 el <strong>29 de noviembre de 2018<\/strong> con el primero <strong>taller<\/strong> sobre la <strong><a href=\"http:\/\/www.cofb.org\/es\/web\/guest\/cursos\/?p_p_id=portletllistatactivitats_WAR_portletllistatactivitats_INSTANCE_Au9v&amp;p_p_lifecycle=0&amp;p_p_state=normal&amp;p_p_mode=view&amp;p_p_col_id=column-2&amp;p_p_col_pos=1&amp;p_p_col_count=2&amp;_portletllistatactivitats_WAR_portletllistatactivitats_INSTANCE_Au9v_strutsAction=%2Fview%2Fdetall&amp;_portletllistatactivitats_WAR_portletllistatactivitats_INSTANCE_Au9v_id=2459\" target=\"_blank\" rel=\"noopener\">Gesti\u00f3n del Sistema de Garant\u00eda de Calidad<\/a>, <\/strong>y<strong>\u00a0<\/strong>contar\u00e1 con cuatro m\u00e1s que se impartir\u00e1n hasta el 25 de abril en la sede del <strong>Col\u00b7legi de Farmac\u00e8utics de Barcelona<\/strong>.<\/p>\n<p>El <strong>COFB<\/strong>\u00a0conjuntamente con el <a href=\"http:\/\/salutweb.gencat.cat\/ca\/inici\/\" target=\"_blank\" rel=\"noopener\">Departamento de la Generalidad de Catalu\u00f1a<\/a> y la selecci\u00f3n catalana del<a href=\"http:\/\/www.aefi.org\/\" target=\"_blank\" rel=\"noopener\">Asociaci\u00f3n Espa\u00f1ola de Farmac\u00e9uticos de la Industria (AEFI)<\/a>, organizan los <strong>talleres<\/strong>\u00a0<b>con el objetivo de informar y formar sobre las demandas y necesidades relacionadas con este \u00e1mbito.<\/b><\/p>\n<div class=\"box success\"><\/div>\n<p>Las <strong>buenas pr\u00e1cticas de distribuci\u00f3n de medicamentos (BPD)<\/strong> son un <strong>marco de referencia<\/strong>, de obligado cumplimiento en la normativa para desarrollar los sistemas de garant\u00eda de calidad <strong>que deben seguir las empresas que distribuyen medicamentos de uso humano en la Uni\u00f3n Europea<\/strong>. Entre otros, esta responsabilidad sirve para <strong>garantizar la calidad y la autenticidad de los medicamentos<\/strong> distribuidos,\u00a0<strong>evitar la entrada de medicamentos falsificados en el canal legal <\/strong>de distribuci\u00f3n y venta y <strong>proteger la salud de la poblaci\u00f3n<\/strong>.<\/p>\n<\/div>\n<figure id=\"attachment_42874\" aria-describedby=\"caption-attachment-42874\" style=\"width: 620px\" class=\"wp-caption aligncenter\"><a href=\"https:\/\/blog.cofb.cat\/wp-content\/uploads\/2018\/12\/cofb.181129-06.jpg\"><img fetchpriority=\"high\" decoding=\"async\" class=\"wp-image-42874 size-large\" title=\"Anna Maria Culler\u00e9, vocal de Distribuci\u00f3n del COFB, durante la presentaci\u00f3n del primero de los talleres de buenas pr\u00e1cticas de distribuci\u00f3n de medicamentos.\" src=\"https:\/\/blog.cofb.cat\/wp-content\/uploads\/2018\/12\/cofb.181129-06-1024x605.jpg\" alt=\"Anna Maria Culler\u00e9, vocal de Distribuci\u00f3 del COFB, durant la presentaci\u00f3 del primer dels tallers de bones pr\u00e0ctiques de distribuci\u00f3 de medicaments.\" width=\"620\" height=\"366\" \/><\/a><figcaption id=\"caption-attachment-42874\" class=\"wp-caption-text\">Anna Maria Culler\u00e9, vocal de Distribuci\u00f3n del COFB, durante la presentaci\u00f3n del primero de los talleres de buenas pr\u00e1cticas de distribuci\u00f3n de medicamentos.<\/figcaption><\/figure>\n<h2><strong><span style=\"color: #008080;\">\u00bfA qui\u00e9n va dirigido y c\u00f3mo se plantea la docencia?<\/span><\/strong><\/h2>\n<p><strong>Estos talleres est\u00e1n dirigidos<\/strong> a <strong>directores t\u00e9cnicos de entidades de distribuci\u00f3n de medicamentos<\/strong> y<strong> laboratorios farmac\u00e9uticos<\/strong>, as\u00ed como otros <strong>t\u00e9cnicos responsables de la distribuci\u00f3n farmac\u00e9utica<\/strong> y de los <strong>titulares de la autorizaci\u00f3n de comercializaci\u00f3n de medicamentos<\/strong>.<\/p>\n<p>La docencia consta de<strong> teor\u00eda y pr\u00e1ctica<\/strong> para que los participantes <strong>adquieran la informaci\u00f3n y los recursos necesarios<\/strong> a la hora de establecer contacto con las <strong>entidades de distribuci\u00f3n<\/strong> a las que est\u00e1n vinculados.<\/p>\n<div class=\"destacat-blog\">\n<h2><strong><span style=\"color: #008080;\">C<\/span><\/strong><strong><span style=\"color: #008080;\">alendario e inscripciones de los\u00a0<\/span><\/strong><strong><span style=\"color: #008080;\">Talleres BPD 2018-<\/span><\/strong><strong><span style=\"color: #008080;\">2019<\/span><\/strong><\/h2>\n<p><a href=\"https:\/\/blog.cofb.cat\/wp-content\/uploads\/2018\/11\/captura.png\"><img decoding=\"async\" class=\"aligncenter size-full wp-image-42750\" src=\"https:\/\/blog.cofb.cat\/wp-content\/uploads\/2018\/11\/captura.png\" alt=\"\" width=\"555\" height=\"256\" \/><\/a><\/p>\n<p><strong><span class=\"highlight-text\">Taller 1. Gesti\u00f3n del Sistema de Garant\u00eda de Calidad<\/span> <\/strong><\/p>\n<ul>\n<li>Elementos esenciales de un sistema de calidad en la empresa. Ejemplos de deficiencias observadas en las inspecciones y acciones correctoras propuestas.<\/li>\n<li>Sesi\u00f3n te\u00f3rica y pr\u00e1ctica dedicada a la definici\u00f3n y puesta en marcha de un sistema de calidad en una entidad de distribuci\u00f3n de medicamentos.<br \/>\n<strong>Profesorado:<\/strong><em><br \/>\n<\/em>&#8211;<strong>Concepci\u00f3n Bet\u00e9s<\/strong>, inspectora farmac\u00e9utica del Servicio de Control Farmac\u00e9utico y Productos Sanitarios del Departamento de Salud.<br \/>\n&#8211;<strong>Mar\u00eda del Mar Conejo<\/strong>, responsable de direcci\u00f3n farmac\u00e9utica, calidad y medio ambiente del <a href=\"https:\/\/www.hefame.es\/\" target=\"_blank\" rel=\"noopener\">Grupo Hefame<\/a>.<\/li>\n<\/ul>\n<p style=\"text-align: center;\"><strong style=\"text-align: center;\"><em>Realizado\u00a0 \u00a0 \u00a0\u00a0<\/em><em>Fecha: 29 de noviembre de 2018<\/em><\/strong><\/p>\n<p><strong><span class=\"highlight-text\">Taller 2. Validaci\u00f3n de Sistemas Informatizados<\/span><\/strong><\/p>\n<ul>\n<li>Requisitos y pasos para validar un programa inform\u00e1tico de gesti\u00f3n. Gesti\u00f3n de cambios.<\/li>\n<li>Primera sesi\u00f3n te\u00f3rica y pr\u00e1ctica sobre c\u00f3mo validar un programa inform\u00e1tico, documentaci\u00f3n y pruebas m\u00ednimas necesarias. Comprobaci\u00f3n de la integridad de los datos.<\/li>\n<li>Segunda sesi\u00f3n te\u00f3rica y pr\u00e1ctica dedicada al mantenimiento de la validaci\u00f3n del sistema inform\u00e1tico. Valoraci\u00f3n de los cambios, an\u00e1lisis de riesgos y documentaci\u00f3n relacionada.<br \/>\n<strong>Profesorado<\/strong>:<br \/>\n&#8211;<strong>Guillermo Beltran<\/strong>, responsable de calidad de <a href=\"http:\/\/www.fedefarma.com\/ca\/fedefarma.htm\" target=\"_blank\" rel=\"noopener\">Federaci\u00f3n Farmac\u00e9utica.<\/a><br \/>\n&#8211;<strong>Concepci\u00f3n Bet\u00e9s<\/strong>, inspectora farmac\u00e9utica del Servicio de Control Farmac\u00e9utico y Productos Sanitarios del <a href=\"http:\/\/salutweb.gencat.cat\/ca\/inici\" target=\"_blank\" rel=\"noopener\">Departamento de Salud.<\/a><br \/>\n&#8211;<strong>Anna Maria Culler\u00e9<\/strong>, directora t\u00e9cnica de <a href=\"http:\/\/www.fedefarma.com\/ca\/fedefarma.htm\" target=\"_blank\" rel=\"noopener\">Federaci\u00f3n Farmac\u00e9utica.<\/a><br \/>\n&#8211;<strong>Ferran Parrilla<\/strong>, inspector farmac\u00e9utico del Servicio de Control Farmac\u00e9utico y Productos Sanitarios del <a href=\"http:\/\/salutweb.gencat.cat\/ca\/inici\" target=\"_blank\" rel=\"noopener\">Departamento de Salud.<\/a><\/li>\n<\/ul>\n<p style=\"text-align: center;\"><strong><em>Fecha: 15 y 17 de enero 2019 Inscripciones del 05\/12\/2018 al 15\/01\/2019 <a href=\"http:\/\/www.cofb.org\/es\/web\/guest\/cursos\/?p_p_id=portletllistatactivitats_WAR_portletllistatactivitats_INSTANCE_Au9v&amp;p_p_lifecycle=0&amp;p_p_state=normal&amp;p_p_mode=view&amp;p_p_col_id=column-2&amp;p_p_col_pos=1&amp;p_p_col_count=2&amp;_portletllistatactivitats_WAR_portletllistatactivitats_INSTANCE_Au9v_strutsAction=%2Fview%2Fdetall&amp;_portletllistatactivitats_WAR_portletllistatactivitats_INSTANCE_Au9v_id=2460\" target=\"_blank\" rel=\"noopener\">aqu\u00ed.<\/a> \u00a0 \u00a0<\/em><\/strong><\/p>\n<p><strong><span class=\"highlight-text\">Taller 3. Gesti\u00f3n de las Auditor\u00edas a terceros\u00a0<\/span><\/strong><\/p>\n<ul>\n<li>Requisitos para realizar auditor\u00edas a terceros de acuerdo con las BPD. Deficiencias observadas en las inspecciones.<\/li>\n<li>Sesi\u00f3n te\u00f3rica y pr\u00e1ctica en torno a la forma de realizar auditor\u00edas efectivas. Elaboraci\u00f3n de informes, gesti\u00f3n de las deficiencias observadas y homologaci\u00f3n de proveedores.<br \/>\n<strong>Profesorado<\/strong>:<br \/>\n&#8211;<strong>Rosa Dalmau<\/strong>, directora t\u00e9cnica,<a href=\"http:\/\/www.disalfarm.com\/\" target=\"_blank\" rel=\"noopener\"> Disalfarm SA.<\/a><br \/>\n&#8211;<strong>Concepci\u00f3n Bet\u00e9s<\/strong>, inspectora farmac\u00e9utica del Servicio de Control Farmac\u00e9utico y Productos Sanitarios del <a href=\"http:\/\/salutweb.gencat.cat\/ca\/inici\" target=\"_blank\" rel=\"noopener\">Departamento de Salud.<\/a><\/li>\n<\/ul>\n<p style=\"text-align: center;\"><strong><em>Fecha: 14 de febrero de 2019 Inscripciones: del 16\/01\/2019 al 14\/02\/2019 <a href=\"http:\/\/www.cofb.org\/es\/web\/guest\/cursos\/?p_p_id=portletllistatactivitats_WAR_portletllistatactivitats_INSTANCE_Au9v&amp;p_p_lifecycle=0&amp;p_p_state=normal&amp;p_p_mode=view&amp;p_p_col_id=column-2&amp;p_p_col_pos=1&amp;p_p_col_count=2&amp;_portletllistatactivitats_WAR_portletllistatactivitats_INSTANCE_Au9v_strutsAction=%2Fview%2Fdetall&amp;_portletllistatactivitats_WAR_portletllistatactivitats_INSTANCE_Au9v_id=2461\" target=\"_blank\" rel=\"noopener\">aqu\u00ed.<\/a><\/em><\/strong><\/p>\n<p><strong><span class=\"highlight-text\">Taller 4. Mantenimiento de la calificaci\u00f3n del almac\u00e9n<\/span> <\/strong><\/p>\n<ul>\n<li>Mantenimiento del almac\u00e9n de acuerdo a las BPD.<\/li>\n<li>Ejemplos de deficiencias observadas en las inspecciones.<\/li>\n<li>Sesi\u00f3n te\u00f3rica y pr\u00e1ctica referida a c\u00f3mo mantener la calificaci\u00f3n del Almac\u00e9n, gestionar correctamente los cambios. Valoraci\u00f3n de las desviaciones de temperatura.<br \/>\n<strong>Profesorado<\/strong>:<br \/>\n&#8211;<strong>Ignacio Ferr\u00e9<\/strong>, director de Calidad y Atenci\u00f3n al Cliente de<a href=\"http:\/\/www.alliance-healthcare.es\/\" target=\"_blank\" rel=\"noopener\">Alianza Healthcare Espa\u00f1a.<\/a><br \/>\n&#8211;<strong>Victoria Mart\u00ednez<\/strong>, directora t\u00e9cnica de<a href=\"http:\/\/www.alliance-healthcare.es\/\" target=\"_blank\" rel=\"noopener\">Alianza Healthcare Espa\u00f1a.<\/a><br \/>\n&#8211;<strong>Ferran Parrilla<\/strong>, inspector farmac\u00e9utico del Servicio de Control Farmac\u00e9utico y Productos Sanitarios del <a href=\"http:\/\/salutweb.gencat.cat\/ca\/inici\" target=\"_blank\" rel=\"noopener\">Departamento de Salud.<\/a><\/li>\n<\/ul>\n<p style=\"text-align: center;\"><strong><em>Fecha: 14 de marzo de 2019 Inscripciones: del 13\/02\/2019 al 14\/03\/2019 <a href=\"http:\/\/www.cofb.org\/es\/web\/guest\/cursos\/?p_p_id=portletllistatactivitats_WAR_portletllistatactivitats_INSTANCE_Au9v&amp;p_p_lifecycle=0&amp;p_p_state=normal&amp;p_p_mode=view&amp;p_p_col_id=column-2&amp;p_p_col_pos=1&amp;p_p_col_count=2&amp;_portletllistatactivitats_WAR_portletllistatactivitats_INSTANCE_Au9v_strutsAction=%2Fview%2Fdetall&amp;_portletllistatactivitats_WAR_portletllistatactivitats_INSTANCE_Au9v_id=2462\" target=\"_blank\" rel=\"noopener\">aqu\u00ed<\/a>.<\/em><\/strong><\/p>\n<p style=\"text-align: left;\"><strong><span class=\"highlight-text\">Taller 5. Validaci\u00f3n de las rutas de transporte<\/span><\/strong><\/p>\n<ul>\n<li>Aspectos esenciales en la validaci\u00f3n de las rutas de acuerdo a las BPD. Ejemplos de deficiencias observadas en las inspecciones y medidas correctoras propuestas. Sesi\u00f3n te\u00f3rica y pr\u00e1ctica dedicada a caracterizar la cadena de suministro, realizar un an\u00e1lisis de riesgos, efectuar la validaci\u00f3n, evaluar los resultados y redactar el informe de validaci\u00f3n.<br \/>\n<strong>Profesorado<\/strong>:<br \/>\n&#8211;<strong>Concepci\u00f3n Bet\u00e9s<\/strong>, inspectora farmac\u00e9utica del Servicio de Control Farmac\u00e9utico y Productos Sanitarios del <a href=\"http:\/\/salutweb.gencat.cat\/ca\/inici\" target=\"_blank\" rel=\"noopener\">Departamento de Salud.<\/a><br \/>\n&#8211;<strong>Meritxell Marfil<\/strong>, jefe de calidad de <a href=\"https:\/\/www.logistapharma.com\/es\/Home\/Paginas\/default.aspx\" target=\"_blank\" rel=\"noopener\">LOGISTA PHARMA.<\/a><\/li>\n<\/ul>\n<p style=\"text-align: center;\"><strong><em>Fecha: 25 de abril de 2019 Inscripciones: del 27\/03\/2019 al 25\/04\/2019 <a href=\"http:\/\/www.cofb.org\/es\/web\/guest\/cursos\/?p_p_id=portletllistatactivitats_WAR_portletllistatactivitats_INSTANCE_Au9v&amp;p_p_lifecycle=0&amp;p_p_state=normal&amp;p_p_mode=view&amp;p_p_col_id=column-2&amp;p_p_col_pos=1&amp;p_p_col_count=2&amp;_portletllistatactivitats_WAR_portletllistatactivitats_INSTANCE_Au9v_strutsAction=%2Fview%2Fdetall&amp;_portletllistatactivitats_WAR_portletllistatactivitats_INSTANCE_Au9v_id=2463\" target=\"_blank\" rel=\"noopener\">aqu\u00ed.<\/a><\/em><\/strong><\/p>\n<p><b>Coordinaci\u00f3n:<\/b><br \/>\n<strong>Anna Maria Culler\u00e9<\/strong>, vocal de Distribuci\u00f3n del Colegio de Farmac\u00e9uticos de Barcelona.<br \/>\n<strong>Raquel Aren\u00f3s<\/strong>, vocal de Garant\u00eda de Calidad de la Asociaci\u00f3n Espa\u00f1ola de Farmac\u00e9uticos de la Industria - Secci\u00f3n Catalana.<br \/>\n<strong>Salvador Cassany<\/strong>, jefe del Servicio de Control Farmac\u00e9utico y Productos Sanitarios del Departamento de Salud.<\/p>\n<\/div>\n<p style=\"text-align: right;\"><strong>Actividades organizadas en colaboraci\u00f3n con:<\/strong><\/p>\n<p><a href=\"http:\/\/www.aefi.org\/\" target=\"_blank\" rel=\"noopener\"><img decoding=\"async\" class=\"alignright wp-image-32582 size-thumbnail\" title=\"Asociaci\u00f3n Espa\u00f1ola de Farmac\u00e9uticos de la Industria \u2013 Secci\u00f3n catalana\" src=\"https:\/\/blog.cofb.cat\/wp-content\/uploads\/2017\/09\/logo-aefi-150x71.gif\" alt=\"Logo Asociaci\u00f3n Espa\u00f1ola de Farmac\u00e9uticos de la Ind\u00fastria. \" width=\"150\" height=\"71\" \/><\/a><strong><a href=\"http:\/\/salutweb.gencat.cat\/ca\/inici\/\" target=\"_blank\" rel=\"noopener\"><img loading=\"lazy\" decoding=\"async\" class=\"alignright wp-image-32591 size-medium\" title=\"Generalitat de Catalunya Departamento de Salud\" src=\"https:\/\/blog.cofb.cat\/wp-content\/uploads\/2017\/09\/logo_departament_salut-300x68.jpg\" alt=\"Logo Departament de Salut\" width=\"300\" height=\"68\" \/><\/a><\/strong><\/p>\n<p>&nbsp;<\/p>\n<p>&nbsp;<\/p>\n<p>&nbsp;<\/p>\n<p><strong>Otras informaciones de los talleres recogidas en el Blog:\u00a0\u00a0\u00a0\u00a0\u00a0\u00a0\u00a0\u00a0\u00a0\u00a0\u00a0\u00a0\u00a0\u00a0\u00a0\u00a0\u00a0\u00a0\u00a0\u00a0\u00a0\u00a0\u00a0\u00a0\u00a0\u00a0\u00a0\u00a0\u00a0\u00a0\u00a0\u00a0\u00a0<\/strong><\/p>\n<ul>\n<li><a href=\"https:\/\/blog.cofb.cat\/comenca-la-quarta-edicio-dels-tallers-de-bones-practiques-de-distribucio-de-medicaments\/\" target=\"_blank\" rel=\"noopener\">Empieza la cuarta edici\u00f3n de los talleres de buenas pr\u00e1cticas de distribuci\u00f3n de medicamentos (2017)<\/a><\/li>\n<li><a href=\"http:\/\/blog.cofb.cat\/la-implementacio-de-les-bones-practiques-de-distribucio-de-medicaments-a-debat-entre-els-professionals-farmaceutics\/\" target=\"_blank\" rel=\"noopener\">La implementaci\u00f3n de las buenas pr\u00e1cticas de distribuci\u00f3n de medicamentos, a debate entre los profesionales farmac\u00e9uticos (2016)<\/a><\/li>\n<li><a href=\"http:\/\/blog.cofb.cat\/tornen-els-tallers-de-bones-practiques-de-distribucio-de-medicaments-despres-duna-primera-edicio-exitosa\/\" target=\"_blank\" rel=\"noopener\">Vuelven los talleres de buenas pr\u00e1cticas de distribuci\u00f3n de medicamentos despu\u00e9s de una primera edici\u00f3n exitosa (2016)<\/a><\/li>\n<\/ul>","protected":false},"excerpt":{"rendered":"<p>La quinta edici\u00f3n de talleres de buenas pr\u00e1cticas de distribuci\u00f3n de medicamentos (BPD) comenz\u00f3 el 29 de noviembre de 2018 con el primer taller sobre la Gesti\u00f3n del Sistema de Garant\u00eda de Calidad, y contar\u00e1 con otros cuatro que se impartir\u00e1n hasta el 25 d abril en la sede del Colegio de Farmac\u00e9uticos [\u2026]<\/p>","protected":false},"author":1,"featured_media":42750,"comment_status":"open","ping_status":"open","sticky":false,"template":"","format":"standard","meta":{"_uag_custom_page_level_css":"","site-sidebar-layout":"default","site-content-layout":"","ast-site-content-layout":"default","site-content-style":"default","site-sidebar-style":"default","ast-global-header-display":"","ast-banner-title-visibility":"","ast-main-header-display":"","ast-hfb-above-header-display":"","ast-hfb-below-header-display":"","ast-hfb-mobile-header-display":"","site-post-title":"","ast-breadcrumbs-content":"","ast-featured-img":"disabled","footer-sml-layout":"","theme-transparent-header-meta":"","adv-header-id-meta":"","stick-header-meta":"","header-above-stick-meta":"","header-main-stick-meta":"","header-below-stick-meta":"","astra-migrate-meta-layouts":"default","ast-page-background-enabled":"default","ast-page-background-meta":{"desktop":{"background-color":"var(--ast-global-color-4)","background-image":"","background-repeat":"repeat","background-position":"center center","background-size":"auto","background-attachment":"scroll","background-type":"","background-media":"","overlay-type":"","overlay-color":"","overlay-opacity":"","overlay-gradient":""},"tablet":{"background-color":"","background-image":"","background-repeat":"repeat","background-position":"center center","background-size":"auto","background-attachment":"scroll","background-type":"","background-media":"","overlay-type":"","overlay-color":"","overlay-opacity":"","overlay-gradient":""},"mobile":{"background-color":"","background-image":"","background-repeat":"repeat","background-position":"center center","background-size":"auto","background-attachment":"scroll","background-type":"","background-media":"","overlay-type":"","overlay-color":"","overlay-opacity":"","overlay-gradient":""}},"ast-content-background-meta":{"desktop":{"background-color":"var(--ast-global-color-5)","background-image":"","background-repeat":"repeat","background-position":"center center","background-size":"auto","background-attachment":"scroll","background-type":"","background-media":"","overlay-type":"","overlay-color":"","overlay-opacity":"","overlay-gradient":""},"tablet":{"background-color":"var(--ast-global-color-5)","background-image":"","background-repeat":"repeat","background-position":"center center","background-size":"auto","background-attachment":"scroll","background-type":"","background-media":"","overlay-type":"","overlay-color":"","overlay-opacity":"","overlay-gradient":""},"mobile":{"background-color":"var(--ast-global-color-5)","background-image":"","background-repeat":"repeat","background-position":"center center","background-size":"auto","background-attachment":"scroll","background-type":"","background-media":"","overlay-type":"","overlay-color":"","overlay-opacity":"","overlay-gradient":""}},"footnotes":""},"categories":[57],"tags":[3337,3338,2230,3339,19,3340,2157,3265,3341,3342,3343],"class_list":["post-42616","post","type-post","status-publish","format-standard","has-post-thumbnail","hentry","category-mon-collegial","tag-associacio-espanyola-de-farmaceutics-de-la-industria-seccio-catalana","tag-bones-practiques-distribucio","tag-bpd","tag-cap-del-servei-de-control-farmaceutic-i-productes-sanitaris-del-departament-de-salut","tag-collegi-de-farmaceutics-de-barcelona","tag-departament-de-la-generalitat-de-catalunya","tag-distribucio","tag-distribucio-i-venda-online","tag-gestio-del-sistema-de-garantia-de-qualitat","tag-tallers-de-bones-practiques-de-distribucio-de-medicaments-bpd","tag-vocal-de-garantia-de-qualitat-de-lassociacio-espanyola-de-farmaceutics-de-la-industria-seccio-catalana"],"yoast_head":"<!-- This site is optimized with the Yoast SEO plugin v22.4 - https:\/\/yoast.com\/wordpress\/plugins\/seo\/ -->\n<title>Arrenca la cinquena edici\u00f3 dels tallers de bones pr\u00e0ctiques de distribuci\u00f3 de medicaments - Col\u00b7legi de Farmac\u00e8utics de Barcelona<\/title>\n<meta name=\"description\" content=\"La doc\u00e8ncia consta de teoria i pr\u00e0ctica per tal que els participants adquireixin la informaci\u00f3 i els recursos necessaris a l&#039;hora d&#039;establir contacte amb les entitats de distribuci\u00f3 a les quals estan vinculats.\" \/>\n<meta name=\"robots\" content=\"index, follow, max-snippet:-1, max-image-preview:large, max-video-preview:-1\" \/>\n<link rel=\"canonical\" href=\"https:\/\/novaorg.cofb.net\/2018\/12\/05\/arrenca-tallers-de-bones-practiques-de-distribucio-de-medicaments\/\" \/>\n<meta property=\"og:locale\" content=\"es_ES\" \/>\n<meta property=\"og:type\" content=\"article\" \/>\n<meta property=\"og:title\" content=\"Arrenca la cinquena edici\u00f3 dels tallers de bones pr\u00e0ctiques de distribuci\u00f3 de medicaments - Col\u00b7legi de Farmac\u00e8utics de Barcelona\" \/>\n<meta property=\"og:description\" content=\"La doc\u00e8ncia consta de teoria i pr\u00e0ctica per tal que els participants adquireixin la informaci\u00f3 i els recursos necessaris a l&#039;hora d&#039;establir contacte amb les entitats de distribuci\u00f3 a les quals estan vinculats.\" \/>\n<meta property=\"og:url\" content=\"https:\/\/novaorg.cofb.net\/2018\/12\/05\/arrenca-tallers-de-bones-practiques-de-distribucio-de-medicaments\/\" \/>\n<meta property=\"og:site_name\" content=\"Col\u00b7legi de Farmac\u00e8utics de Barcelona\" \/>\n<meta property=\"article:publisher\" content=\"https:\/\/www.facebook.com\/farmaceuticsbcn\/\" \/>\n<meta property=\"article:published_time\" content=\"2018-12-05T17:57:05+00:00\" \/>\n<meta name=\"author\" content=\"wpAdminCofbOrg\" \/>\n<meta name=\"twitter:card\" content=\"summary_large_image\" \/>\n<meta name=\"twitter:creator\" content=\"@farmaceuticsbcn\" \/>\n<meta name=\"twitter:site\" content=\"@farmaceuticsbcn\" \/>\n<meta name=\"twitter:label1\" content=\"Escrito por\" \/>\n\t<meta name=\"twitter:data1\" content=\"wpAdminCofbOrg\" \/>\n\t<meta name=\"twitter:label2\" content=\"Tiempo de lectura\" \/>\n\t<meta name=\"twitter:data2\" content=\"5 minutos\" \/>\n<script type=\"application\/ld+json\" class=\"yoast-schema-graph\">{\"@context\":\"https:\/\/schema.org\",\"@graph\":[{\"@type\":\"Article\",\"@id\":\"https:\/\/novaorg.cofb.net\/2018\/12\/05\/arrenca-tallers-de-bones-practiques-de-distribucio-de-medicaments\/#article\",\"isPartOf\":{\"@id\":\"https:\/\/novaorg.cofb.net\/2018\/12\/05\/arrenca-tallers-de-bones-practiques-de-distribucio-de-medicaments\/\"},\"author\":{\"name\":\"wpAdminCofbOrg\",\"@id\":\"https:\/\/www.cofb.org\/#\/schema\/person\/22ed7eea88da74b0fa4d3154ad87ffcb\"},\"headline\":\"Arrenca la cinquena edici\u00f3 dels tallers de bones pr\u00e0ctiques de distribuci\u00f3 de medicaments\",\"datePublished\":\"2018-12-05T17:57:05+00:00\",\"dateModified\":\"2018-12-05T17:57:05+00:00\",\"mainEntityOfPage\":{\"@id\":\"https:\/\/novaorg.cofb.net\/2018\/12\/05\/arrenca-tallers-de-bones-practiques-de-distribucio-de-medicaments\/\"},\"wordCount\":986,\"commentCount\":0,\"publisher\":{\"@id\":\"https:\/\/www.cofb.org\/#organization\"},\"image\":{\"@id\":\"https:\/\/novaorg.cofb.net\/2018\/12\/05\/arrenca-tallers-de-bones-practiques-de-distribucio-de-medicaments\/#primaryimage\"},\"thumbnailUrl\":\"\",\"keywords\":[\"Associaci\u00f3 Espanyola de Farmac\u00e8utics de la Ind\u00fastria \u2013 Secci\u00f3 catalana\",\"bones pr\u00e0ctiques distribuci\u00f3\",\"BPD\",\"cap del Servei de Control Farmac\u00e8utic i Productes Sanitaris del Departament de Salut\",\"Col\u00b7legi de Farmac\u00e8utics de Barcelona\",\"Departament de la Generalitat de Catalunya\",\"Distribuci\u00f3\",\"distribucio i venda online\",\"Gesti\u00f3 del Sistema de Garantia de Qualitat\",\"tallers de bones pr\u00e0ctiques de distribuci\u00f3 de medicaments\u00a0(BPD)\",\"vocal de Garantia de Qualitat de l\u2019Associaci\u00f3 Espanyola de Farmac\u00e8utics de la Ind\u00fastria \u2013 Secci\u00f3 Catalana\"],\"articleSection\":[\"M\u00f3n col\u00b7legial\"],\"inLanguage\":\"es\",\"potentialAction\":[{\"@type\":\"CommentAction\",\"name\":\"Comment\",\"target\":[\"https:\/\/novaorg.cofb.net\/2018\/12\/05\/arrenca-tallers-de-bones-practiques-de-distribucio-de-medicaments\/#respond\"]}]},{\"@type\":\"WebPage\",\"@id\":\"https:\/\/novaorg.cofb.net\/2018\/12\/05\/arrenca-tallers-de-bones-practiques-de-distribucio-de-medicaments\/\",\"url\":\"https:\/\/novaorg.cofb.net\/2018\/12\/05\/arrenca-tallers-de-bones-practiques-de-distribucio-de-medicaments\/\",\"name\":\"Arrenca la cinquena edici\u00f3 dels tallers de bones pr\u00e0ctiques de distribuci\u00f3 de medicaments - Col\u00b7legi de Farmac\u00e8utics de Barcelona\",\"isPartOf\":{\"@id\":\"https:\/\/www.cofb.org\/#website\"},\"primaryImageOfPage\":{\"@id\":\"https:\/\/novaorg.cofb.net\/2018\/12\/05\/arrenca-tallers-de-bones-practiques-de-distribucio-de-medicaments\/#primaryimage\"},\"image\":{\"@id\":\"https:\/\/novaorg.cofb.net\/2018\/12\/05\/arrenca-tallers-de-bones-practiques-de-distribucio-de-medicaments\/#primaryimage\"},\"thumbnailUrl\":\"\",\"datePublished\":\"2018-12-05T17:57:05+00:00\",\"dateModified\":\"2018-12-05T17:57:05+00:00\",\"description\":\"La doc\u00e8ncia consta de teoria i pr\u00e0ctica per tal que els participants adquireixin la informaci\u00f3 i els recursos necessaris a l'hora d'establir contacte amb les entitats de distribuci\u00f3 a les quals estan vinculats.\",\"breadcrumb\":{\"@id\":\"https:\/\/novaorg.cofb.net\/2018\/12\/05\/arrenca-tallers-de-bones-practiques-de-distribucio-de-medicaments\/#breadcrumb\"},\"inLanguage\":\"es\",\"potentialAction\":[{\"@type\":\"ReadAction\",\"target\":[\"https:\/\/novaorg.cofb.net\/2018\/12\/05\/arrenca-tallers-de-bones-practiques-de-distribucio-de-medicaments\/\"]}]},{\"@type\":\"ImageObject\",\"inLanguage\":\"es\",\"@id\":\"https:\/\/novaorg.cofb.net\/2018\/12\/05\/arrenca-tallers-de-bones-practiques-de-distribucio-de-medicaments\/#primaryimage\",\"url\":\"\",\"contentUrl\":\"\"},{\"@type\":\"BreadcrumbList\",\"@id\":\"https:\/\/novaorg.cofb.net\/2018\/12\/05\/arrenca-tallers-de-bones-practiques-de-distribucio-de-medicaments\/#breadcrumb\",\"itemListElement\":[{\"@type\":\"ListItem\",\"position\":1,\"name\":\"Inici\",\"item\":\"https:\/\/novaorg.cofb.net\/\"},{\"@type\":\"ListItem\",\"position\":2,\"name\":\"Arrenca la cinquena edici\u00f3 dels tallers de bones pr\u00e0ctiques de distribuci\u00f3 de medicaments\"}]},{\"@type\":\"WebSite\",\"@id\":\"https:\/\/www.cofb.org\/#website\",\"url\":\"https:\/\/www.cofb.org\/\",\"name\":\"Col\u00b7legi de Farmac\u00e8utics de Barcelona\",\"description\":\"\",\"publisher\":{\"@id\":\"https:\/\/www.cofb.org\/#organization\"},\"potentialAction\":[{\"@type\":\"SearchAction\",\"target\":{\"@type\":\"EntryPoint\",\"urlTemplate\":\"https:\/\/www.cofb.org\/?s={search_term_string}\"},\"query-input\":\"required name=search_term_string\"}],\"inLanguage\":\"es\"},{\"@type\":\"Organization\",\"@id\":\"https:\/\/www.cofb.org\/#organization\",\"name\":\"Col\u00b7legi de Farmac\u00e8utics de Barcelona\",\"url\":\"https:\/\/www.cofb.org\/\",\"logo\":{\"@type\":\"ImageObject\",\"inLanguage\":\"es\",\"@id\":\"https:\/\/www.cofb.org\/#\/schema\/logo\/image\/\",\"url\":\"https:\/\/www.cofb.org\/wp-content\/uploads\/2023\/11\/cropped-Logotip-COFB.png\",\"contentUrl\":\"https:\/\/www.cofb.org\/wp-content\/uploads\/2023\/11\/cropped-Logotip-COFB.png\",\"width\":500,\"height\":105,\"caption\":\"Col\u00b7legi de Farmac\u00e8utics de Barcelona\"},\"image\":{\"@id\":\"https:\/\/www.cofb.org\/#\/schema\/logo\/image\/\"},\"sameAs\":[\"https:\/\/www.facebook.com\/farmaceuticsbcn\/\",\"https:\/\/twitter.com\/farmaceuticsbcn\",\"https:\/\/www.instagram.com\/farmaceuticsbcn\/\",\"https:\/\/www.linkedin.com\/company\/farmaceuticsbcn\/\"]},{\"@type\":\"Person\",\"@id\":\"https:\/\/www.cofb.org\/#\/schema\/person\/22ed7eea88da74b0fa4d3154ad87ffcb\",\"name\":\"wpAdminCofbOrg\",\"image\":{\"@type\":\"ImageObject\",\"inLanguage\":\"es\",\"@id\":\"https:\/\/www.cofb.org\/#\/schema\/person\/image\/\",\"url\":\"https:\/\/secure.gravatar.com\/avatar\/1721b20b3b8ca882c3b56ec6c978c594fff670e40c0718e9190eaeeb76aae7d8?s=96&d=mm&r=g\",\"contentUrl\":\"https:\/\/secure.gravatar.com\/avatar\/1721b20b3b8ca882c3b56ec6c978c594fff670e40c0718e9190eaeeb76aae7d8?s=96&d=mm&r=g\",\"caption\":\"wpAdminCofbOrg\"},\"sameAs\":[\"http:\/\/192.168.64.122\/wordpress\"],\"url\":\"https:\/\/www.cofb.org\/es\/author\/wpadmincofborg\/\"}]}<\/script>\n<!-- \/ Yoast SEO plugin. -->","yoast_head_json":{"title":"Arrenca la cinquena edici\u00f3 dels tallers de bones pr\u00e0ctiques de distribuci\u00f3 de medicaments - Col\u00b7legi de Farmac\u00e8utics de Barcelona","description":"La doc\u00e8ncia consta de teoria i pr\u00e0ctica per tal que els participants adquireixin la informaci\u00f3 i els recursos necessaris a l'hora d'establir contacte amb les entitats de distribuci\u00f3 a les quals estan vinculats.","robots":{"index":"index","follow":"follow","max-snippet":"max-snippet:-1","max-image-preview":"max-image-preview:large","max-video-preview":"max-video-preview:-1"},"canonical":"https:\/\/novaorg.cofb.net\/2018\/12\/05\/arrenca-tallers-de-bones-practiques-de-distribucio-de-medicaments\/","og_locale":"es_ES","og_type":"article","og_title":"Arrenca la cinquena edici\u00f3 dels tallers de bones pr\u00e0ctiques de distribuci\u00f3 de medicaments - Col\u00b7legi de Farmac\u00e8utics de Barcelona","og_description":"La doc\u00e8ncia consta de teoria i pr\u00e0ctica per tal que els participants adquireixin la informaci\u00f3 i els recursos necessaris a l'hora d'establir contacte amb les entitats de distribuci\u00f3 a les quals estan vinculats.","og_url":"https:\/\/novaorg.cofb.net\/2018\/12\/05\/arrenca-tallers-de-bones-practiques-de-distribucio-de-medicaments\/","og_site_name":"Col\u00b7legi de Farmac\u00e8utics de Barcelona","article_publisher":"https:\/\/www.facebook.com\/farmaceuticsbcn\/","article_published_time":"2018-12-05T17:57:05+00:00","author":"wpAdminCofbOrg","twitter_card":"summary_large_image","twitter_creator":"@farmaceuticsbcn","twitter_site":"@farmaceuticsbcn","twitter_misc":{"Escrito por":"wpAdminCofbOrg","Tiempo de lectura":"5 minutos"},"schema":{"@context":"https:\/\/schema.org","@graph":[{"@type":"Article","@id":"https:\/\/novaorg.cofb.net\/2018\/12\/05\/arrenca-tallers-de-bones-practiques-de-distribucio-de-medicaments\/#article","isPartOf":{"@id":"https:\/\/novaorg.cofb.net\/2018\/12\/05\/arrenca-tallers-de-bones-practiques-de-distribucio-de-medicaments\/"},"author":{"name":"wpAdminCofbOrg","@id":"https:\/\/www.cofb.org\/#\/schema\/person\/22ed7eea88da74b0fa4d3154ad87ffcb"},"headline":"Arrenca la cinquena edici\u00f3 dels tallers de bones pr\u00e0ctiques de distribuci\u00f3 de medicaments","datePublished":"2018-12-05T17:57:05+00:00","dateModified":"2018-12-05T17:57:05+00:00","mainEntityOfPage":{"@id":"https:\/\/novaorg.cofb.net\/2018\/12\/05\/arrenca-tallers-de-bones-practiques-de-distribucio-de-medicaments\/"},"wordCount":986,"commentCount":0,"publisher":{"@id":"https:\/\/www.cofb.org\/#organization"},"image":{"@id":"https:\/\/novaorg.cofb.net\/2018\/12\/05\/arrenca-tallers-de-bones-practiques-de-distribucio-de-medicaments\/#primaryimage"},"thumbnailUrl":"","keywords":["Associaci\u00f3 Espanyola de Farmac\u00e8utics de la Ind\u00fastria \u2013 Secci\u00f3 catalana","bones pr\u00e0ctiques distribuci\u00f3","BPD","cap del Servei de Control Farmac\u00e8utic i Productes Sanitaris del Departament de Salut","Col\u00b7legi de Farmac\u00e8utics de Barcelona","Departament de la Generalitat de Catalunya","Distribuci\u00f3","distribucio i venda online","Gesti\u00f3 del Sistema de Garantia de Qualitat","tallers de bones pr\u00e0ctiques de distribuci\u00f3 de medicaments\u00a0(BPD)","vocal de Garantia de Qualitat de l\u2019Associaci\u00f3 Espanyola de Farmac\u00e8utics de la Ind\u00fastria \u2013 Secci\u00f3 Catalana"],"articleSection":["M\u00f3n col\u00b7legial"],"inLanguage":"es","potentialAction":[{"@type":"CommentAction","name":"Comment","target":["https:\/\/novaorg.cofb.net\/2018\/12\/05\/arrenca-tallers-de-bones-practiques-de-distribucio-de-medicaments\/#respond"]}]},{"@type":"WebPage","@id":"https:\/\/novaorg.cofb.net\/2018\/12\/05\/arrenca-tallers-de-bones-practiques-de-distribucio-de-medicaments\/","url":"https:\/\/novaorg.cofb.net\/2018\/12\/05\/arrenca-tallers-de-bones-practiques-de-distribucio-de-medicaments\/","name":"Arrenca la cinquena edici\u00f3 dels tallers de bones pr\u00e0ctiques de distribuci\u00f3 de medicaments - Col\u00b7legi de Farmac\u00e8utics de Barcelona","isPartOf":{"@id":"https:\/\/www.cofb.org\/#website"},"primaryImageOfPage":{"@id":"https:\/\/novaorg.cofb.net\/2018\/12\/05\/arrenca-tallers-de-bones-practiques-de-distribucio-de-medicaments\/#primaryimage"},"image":{"@id":"https:\/\/novaorg.cofb.net\/2018\/12\/05\/arrenca-tallers-de-bones-practiques-de-distribucio-de-medicaments\/#primaryimage"},"thumbnailUrl":"","datePublished":"2018-12-05T17:57:05+00:00","dateModified":"2018-12-05T17:57:05+00:00","description":"La doc\u00e8ncia consta de teoria i pr\u00e0ctica per tal que els participants adquireixin la informaci\u00f3 i els recursos necessaris a l'hora d'establir contacte amb les entitats de distribuci\u00f3 a les quals estan vinculats.","breadcrumb":{"@id":"https:\/\/novaorg.cofb.net\/2018\/12\/05\/arrenca-tallers-de-bones-practiques-de-distribucio-de-medicaments\/#breadcrumb"},"inLanguage":"es","potentialAction":[{"@type":"ReadAction","target":["https:\/\/novaorg.cofb.net\/2018\/12\/05\/arrenca-tallers-de-bones-practiques-de-distribucio-de-medicaments\/"]}]},{"@type":"ImageObject","inLanguage":"es","@id":"https:\/\/novaorg.cofb.net\/2018\/12\/05\/arrenca-tallers-de-bones-practiques-de-distribucio-de-medicaments\/#primaryimage","url":"","contentUrl":""},{"@type":"BreadcrumbList","@id":"https:\/\/novaorg.cofb.net\/2018\/12\/05\/arrenca-tallers-de-bones-practiques-de-distribucio-de-medicaments\/#breadcrumb","itemListElement":[{"@type":"ListItem","position":1,"name":"Inici","item":"https:\/\/novaorg.cofb.net\/"},{"@type":"ListItem","position":2,"name":"Arrenca la cinquena edici\u00f3 dels tallers de bones pr\u00e0ctiques de distribuci\u00f3 de medicaments"}]},{"@type":"WebSite","@id":"https:\/\/www.cofb.org\/#website","url":"https:\/\/www.cofb.org\/","name":"Col\u00b7legi de Farmac\u00e8utics de Barcelona","description":"","publisher":{"@id":"https:\/\/www.cofb.org\/#organization"},"potentialAction":[{"@type":"SearchAction","target":{"@type":"EntryPoint","urlTemplate":"https:\/\/www.cofb.org\/?s={search_term_string}"},"query-input":"required name=search_term_string"}],"inLanguage":"es"},{"@type":"Organization","@id":"https:\/\/www.cofb.org\/#organization","name":"Col\u00b7legi de Farmac\u00e8utics de Barcelona","url":"https:\/\/www.cofb.org\/","logo":{"@type":"ImageObject","inLanguage":"es","@id":"https:\/\/www.cofb.org\/#\/schema\/logo\/image\/","url":"https:\/\/www.cofb.org\/wp-content\/uploads\/2023\/11\/cropped-Logotip-COFB.png","contentUrl":"https:\/\/www.cofb.org\/wp-content\/uploads\/2023\/11\/cropped-Logotip-COFB.png","width":500,"height":105,"caption":"Col\u00b7legi de Farmac\u00e8utics de Barcelona"},"image":{"@id":"https:\/\/www.cofb.org\/#\/schema\/logo\/image\/"},"sameAs":["https:\/\/www.facebook.com\/farmaceuticsbcn\/","https:\/\/twitter.com\/farmaceuticsbcn","https:\/\/www.instagram.com\/farmaceuticsbcn\/","https:\/\/www.linkedin.com\/company\/farmaceuticsbcn\/"]},{"@type":"Person","@id":"https:\/\/www.cofb.org\/#\/schema\/person\/22ed7eea88da74b0fa4d3154ad87ffcb","name":"wpAdminCofbOrg","image":{"@type":"ImageObject","inLanguage":"es","@id":"https:\/\/www.cofb.org\/#\/schema\/person\/image\/","url":"https:\/\/secure.gravatar.com\/avatar\/1721b20b3b8ca882c3b56ec6c978c594fff670e40c0718e9190eaeeb76aae7d8?s=96&d=mm&r=g","contentUrl":"https:\/\/secure.gravatar.com\/avatar\/1721b20b3b8ca882c3b56ec6c978c594fff670e40c0718e9190eaeeb76aae7d8?s=96&d=mm&r=g","caption":"wpAdminCofbOrg"},"sameAs":["http:\/\/192.168.64.122\/wordpress"],"url":"https:\/\/www.cofb.org\/es\/author\/wpadmincofborg\/"}]}},"uagb_featured_image_src":{"full":false,"thumbnail":false,"medium":false,"medium_large":false,"large":false,"1536x1536":false,"2048x2048":false,"trp-custom-language-flag":false},"uagb_author_info":{"display_name":"wpAdminCofbOrg","author_link":"https:\/\/www.cofb.org\/es\/author\/wpadmincofborg\/"},"uagb_comment_info":0,"uagb_excerpt":"La cinquena edici\u00f3 de tallers de bones pr\u00e0ctiques de distribuci\u00f3 de medicaments\u00a0(BPD) va comen\u00e7ar el 29 de novembre de 2018 amb el primer taller sobre la Gesti\u00f3 del Sistema de Garantia de Qualitat, i\u00a0comptar\u00e0 amb quatre m\u00e9s que s&#8217;impartiran fins al 25 d&#8217;abril a la seu del Col\u00b7legi de Farmac\u00e8utics [&hellip;]","_links":{"self":[{"href":"https:\/\/www.cofb.org\/es\/wp-json\/wp\/v2\/posts\/42616","targetHints":{"allow":["GET"]}}],"collection":[{"href":"https:\/\/www.cofb.org\/es\/wp-json\/wp\/v2\/posts"}],"about":[{"href":"https:\/\/www.cofb.org\/es\/wp-json\/wp\/v2\/types\/post"}],"author":[{"embeddable":true,"href":"https:\/\/www.cofb.org\/es\/wp-json\/wp\/v2\/users\/1"}],"replies":[{"embeddable":true,"href":"https:\/\/www.cofb.org\/es\/wp-json\/wp\/v2\/comments?post=42616"}],"version-history":[{"count":0,"href":"https:\/\/www.cofb.org\/es\/wp-json\/wp\/v2\/posts\/42616\/revisions"}],"wp:featuredmedia":[{"embeddable":true,"href":"https:\/\/www.cofb.org\/es\/wp-json\/"}],"wp:attachment":[{"href":"https:\/\/www.cofb.org\/es\/wp-json\/wp\/v2\/media?parent=42616"}],"wp:term":[{"taxonomy":"category","embeddable":true,"href":"https:\/\/www.cofb.org\/es\/wp-json\/wp\/v2\/categories?post=42616"},{"taxonomy":"post_tag","embeddable":true,"href":"https:\/\/www.cofb.org\/es\/wp-json\/wp\/v2\/tags?post=42616"}],"curies":[{"name":"wp","href":"https:\/\/api.w.org\/{rel}","templated":true}]}}