{"id":42505,"date":"2018-11-26T19:05:34","date_gmt":"2018-11-26T17:05:34","guid":{"rendered":"https:\/\/blog.cofb.cat\/?p=42505"},"modified":"2018-11-26T19:05:34","modified_gmt":"2018-11-26T17:05:34","slug":"presentacio-dels-resultats-finals-dels-treballs-becats-en-la-convocatoria-2017-18","status":"publish","type":"post","link":"https:\/\/www.cofb.org\/es\/2018\/11\/26\/presentacio-dels-resultats-finals-dels-treballs-becats-en-la-convocatoria-2017-18\/","title":{"rendered":"Presentaci\u00f3n de los resultados finales de los trabajos becados en la convocatoria 2017-18"},"content":{"rendered":"<p>El pasado 12 de noviembre los farmac\u00e9uticos que obtuvieron una <strong>beca del Colegio<\/strong> para realizar un <strong>proyecto de investigaci\u00f3n<\/strong> presentaron los <strong>resultados finales<\/strong> a los miembros del Tribunal. El acto cont\u00f3 con la presencia del Presidente del Colegio, Jordi de Dalmases y del Decano de la Facultad de Farmacia, Jordi Camarasa.<\/p>\n<h1><span style=\"color: #008080;\"><strong>\u00bfQu\u00e9 trabajos se expusieron?<\/strong><\/span><\/h1>\n<p>\u2022 <strong>Efecto del tratamiento biol\u00f3gico con anticitocinas inflamatorias en el sistema inmunol\u00f3gico del paciente psori\u00e1tico.<\/strong> <em>Investigadores:<\/em> Joan Climent Mart\u00ed, N\u00faria Padull\u00e9s Zamora, Montserrat Colls, Jaime Notario Rosa, Jordi Bas Minguet, Francisco Morandeira Rego, Virginia Mas Bosch y Concepci\u00f3 Soler Prat.<\/p>\n<p><strong>\u2022 Efecto de los \u03b2-bloqueadores en los niveles del neurotransmisor sustancia P y su implicaci\u00f3n en el proceso de la degluci\u00f3n.<\/strong> <em>Investigadores:<\/em> Marta Miarons Font, Lluis Campins Bernad\u00e0s, Noem\u00ed Tomsen Ferr\u00e9, Weslana Nascimiento, Laia Rofes Salsench y David L\u00f3pez Faix\u00f3.<\/p>\n<p>\u2022 <strong>Bicarbonato nebulizado, una de las piezas que faltaba para evitar infecciones en fibrosis qu\u00edstica.<\/strong> <em>Investigadoras:<\/em> N\u00faria Rudi Sola, Amalui Vasquez P\u00e9rez, Montserrat Bosque Garc\u00eda, Anna Estefanel Tejero y Maria Queralt Gorgas Torner.<\/p>\n<figure id=\"attachment_42609\" aria-describedby=\"caption-attachment-42609\" style=\"width: 620px\" class=\"wp-caption aligncenter\"><a href=\"https:\/\/blog.cofb.cat\/wp-content\/uploads\/2018\/11\/cofb.beques.181112-21-1.jpg\"><img fetchpriority=\"high\" decoding=\"async\" class=\"wp-image-42609 size-large\" title=\"Josep Manel Llop, vocal del COFB responsable de la Comisi\u00f3n de Becas, Jordi De Dalmases, presidente del COFB, Jordi Camarasa, decano de la Facultad de Farmacia de la UB y Diego Mu\u00f1oz-Torrero, miembro externo del Tribunal de Becas, representante de la Facultad de Farmacia de la UB.\" src=\"https:\/\/blog.cofb.cat\/wp-content\/uploads\/2018\/11\/cofb.beques.181112-21-1-1024x408.jpg\" alt=\"Josep Manel Llop, vocal del COFB responsable de la Comissi\u00f3 de Beques, Jordi De Dalmases, president del COFB, Jordi Camarasa, deg\u00e0 de la Facultat de Farm\u00e0cia de la UB i Diego Mu\u00f1oz-Torrero, membre extern del Tribunal de Beques, representant de la Facultat de Farm\u00e0cia de la UB.\" width=\"620\" height=\"247\" \/><\/a><figcaption id=\"caption-attachment-42609\" class=\"wp-caption-text\">Josep Manel Llop, vocal del COFB responsable de la Comisi\u00f3n de Becas, Jordi De Dalmases, presidente del COFB, Jordi Camarasa, decano de la Facultad de Farmacia de la UB y Diego Mu\u00f1oz-Torrero, miembro externo del Tribunal de Becas, representante de la Facultad de Farmacia de la UB.<\/figcaption><\/figure>\n<h1><span style=\"color: #008080;\"><strong>Efecto del tratamiento biol\u00f3gico con anticitocinas inflamatorias en el sistema inmunol\u00f3gico del paciente psori\u00e1tico<\/strong><\/span><\/h1>\n<p>Al comienzo de la sesi\u00f3n, intervino Joan Climent, farmac\u00e9utico especialista en inmunolog\u00eda, para exponer los resultados del<strong>&#039;Efecto del tratamiento biol\u00f3gico con anticitocinas inflamatorias en el sistema inmunol\u00f3gico del paciente psori\u00e1tico\u201d<\/strong>.<\/p>\n<div class=\"destacat-blog\">\n<p>La <strong>psoriasis<\/strong> es una <strong>enfermedad inflamatoria de la piel<\/strong> que afecta al<strong>1,5%<\/strong> de la poblaci\u00f3n espa\u00f1ola. El<strong>avance en el conocimiento de la inmunopatogenia de la enfermedad de la psoriasis<\/strong> junto con el <strong>desarrollo de los f\u00e1rmacos biol\u00f3gicos<\/strong> ha dado lugar a tratamientos mucho m\u00e1s espec\u00edficos que los actuales, cuyo seguimiento es dificultoso debido a los frecuentes y graves efectos adversos, la tasa de reca\u00eddas y la insatisfacci\u00f3n de los pacientes.<\/p>\n<\/div>\n<p>El estudio incluy\u00f3 en el grupo intervenci\u00f3n, a 19 pacientes tratados con adalimumab y 20 tratados con ustekinumab; en el grupo control, 21 pacientes. El<strong>an\u00e1lisis estad\u00edstico<\/strong> permite concluir que el estudio de las poblaciones linfocitarias confirma que existen <strong>cambios en la distribuci\u00f3n de las subpoblaciones de linfocitos<\/strong> entre los pacientes tratados y los controles, que no se traducen en mayor tasa de infecciones o malignidad.<\/p>\n<p>El <strong>trabajo becado<\/strong> significa <strong>el inicio de una l\u00ednea de investigaci\u00f3n<\/strong> que podr\u00eda <strong>ayudar a desarrollar biomarcadores de actividad inflamatoria<\/strong> o respuesta al tratamiento mejorando el manejo cl\u00ednico del paciente. El estudio del <strong>perfil inmunitario<\/strong> en cada paciente previo al inicio de tratamiento podr\u00eda servir de ayuda en la selecci\u00f3n individualizada del tratamiento m\u00e1s adecuado para cada paciente.<\/p>\n<figure id=\"attachment_42612\" aria-describedby=\"caption-attachment-42612\" style=\"width: 620px\" class=\"wp-caption aligncenter\"><a href=\"https:\/\/blog.cofb.cat\/wp-content\/uploads\/2018\/11\/cofb.beques.181112-30.jpg\"><img decoding=\"async\" class=\"wp-image-42612 size-large\" title=\"Joan Climent Mart\u00ed, durante su exposici\u00f3n.\" src=\"https:\/\/blog.cofb.cat\/wp-content\/uploads\/2018\/11\/cofb.beques.181112-30-1024x683.jpg\" alt=\"Joan Climent Mart\u00ed, durant la seva exposici\u00f3.\" width=\"620\" height=\"414\" \/><\/a><figcaption id=\"caption-attachment-42612\" class=\"wp-caption-text\">Joan Climent Mart\u00ed, durante su exposici\u00f3n.<\/figcaption><\/figure>\n<h1><strong><span style=\"color: #008080;\">El efecto de los \u03b2-bloqueadores en los niveles del neurotransmisor sustancia P y su implicaci\u00f3n en el proceso de la degluci\u00f3n<\/span><\/strong><\/h1>\n<p>A continuaci\u00f3n, Marta Miarons, investigadora principal del trabajo sobre el<strong>efecto de los \u03b2-blocadores en los niveles del neurotransmisor sustancia P<\/strong> y su implicaci\u00f3n en el <strong>proceso de la degluci\u00f3n<\/strong>, expuso sus resultados.<\/p>\n<div class=\"destacat-blog\">\n<p>La <strong>disfagia orofaringea<\/strong> supone un <strong>problema sanitario<\/strong>, tanto para los pacientes como para las organizaciones e instituciones sanitarias, como consecuencia de ser un <strong>factor de riesgo importante<\/strong> tanto para la neumon\u00eda por aspiraci\u00f3n como para la malnutrici\u00f3n que se asocian, aumentando la multimorbilidad de los pacientes y los gastos por hospitalizaci\u00f3n.<\/p>\n<\/div>\n<p>En un estudio previo, se observ\u00f3 que los <strong>\u03b2-blocadores<\/strong>, que tienen un <strong>papel importante<\/strong> en el <strong>tratamiento de diversos problemas de salud cardiovascular y no cardiovascular<\/strong>, ten\u00edan un efecto protector en la disfagia orofaringea. La mejora de la disfagia estar\u00eda relacionada con las concentraciones en sangre y saliva del neurop\u00e9ptido sustancia P (SP).<\/p>\n<p>Se estudiaron <strong>56 pacientes adultos<\/strong>, de los que <strong>28 estaban en tratamiento con estos medicamentos<\/strong>. El an\u00e1lisis de los resultados obtenidos permite concluir que los \u03b2-bloqueadores pueden aumentar los niveles de SP en suero y en saliva, lo que justifica la menor prevalencia de disfagia orofar\u00edngea en los pacientes en tratamiento con estos medicamentos, como sucede con la capsaicina, la piperina, el mentol o el \u00e1cido c\u00edtrico que tambi\u00e9n aumentan la liberaci\u00f3n de SP facilitando el reflejo de la degluci\u00f3n.<\/p>\n<figure id=\"attachment_42515\" aria-describedby=\"caption-attachment-42515\" style=\"width: 620px\" class=\"wp-caption aligncenter\"><a href=\"https:\/\/blog.cofb.cat\/wp-content\/uploads\/2018\/11\/cofb.beques.181112-34.jpg\"><img decoding=\"async\" class=\"wp-image-42515 size-large\" title=\"Los miembros del tribunal de becas felicitaron a los investigadores por su rigor y profesionalidad.\" src=\"https:\/\/blog.cofb.cat\/wp-content\/uploads\/2018\/11\/cofb.beques.181112-34-1024x683.jpg\" alt=\"Els membres del tribunal de beques van felicitar els investigadors pel seu rigor i professionalitat.\" width=\"620\" height=\"414\" \/><\/a><figcaption id=\"caption-attachment-42515\" class=\"wp-caption-text\">Los miembros del tribunal de becas felicitaron a los investigadores por su rigor y profesionalidad.<\/figcaption><\/figure>\n<h1><span style=\"color: #008080;\"><strong>Bicarbonato nebulizado, una de las piezas que faltaba para evitar las infecciones en fibrosis qu\u00edstica<\/strong><\/span><\/h1>\n<p>A continuaci\u00f3n, Amalui V\u00e1squez expuso los resultados del trabajo sobre el<strong>efecto del bicarbonato nebulizado<\/strong>, una de las piezas que faltaba para evitar las infecciones en <strong>fibrosis qu\u00edstica<\/strong>.<\/p>\n<div class=\"destacat-blog\">\n<p>La <strong>fibrosis qu\u00edstica<\/strong> es una enfermedad que presenta una morbimortalidad elevada con un \u00edndice de supervivencia en torno a los 40 a\u00f1os.<\/p>\n<\/div>\n<p>El<strong>estudio se lleva a cabo en 15 pacientes<\/strong>, de los cuales 7 reciben un suero hipert\u00f3nico en el 7% (grupo A) y 8 una soluci\u00f3n bicarbonatada (grupo B). Las investigadoras de este proyecto becado consideran que la alcalinizaci\u00f3n mediante bicarbonato nebulizado, del l\u00edquido periciliar de las c\u00e9lulas epiteliales de las v\u00edas a\u00e9reas, dificulta <strong>la adherencia bacteriana<\/strong> y la <strong>infecci\u00f3n endobronquial consecuente<\/strong>.<\/p>\n<p>Se realizan <strong>seis visitas de seguimiento<\/strong> despu\u00e9s de la visita de inicio en la que el paciente acepta participar en el estudio, se recogen los datos de diversas valoraciones (tratamiento actual, sobreinfecci\u00f3n respiratoria, esputo, espirometr\u00eda, test de calidad de vida, de adherencia, de Sobel, de Leicester, entre otros), se entrega el<em> kit<\/em> de tratamiento y la formaci\u00f3n correspondiente para utilizarlo correctamente. Los<strong> resultados obtenidos<\/strong> despu\u00e9s de cuatro visitas de seguimiento permiten concluir que en el grupo con la nebulizaci\u00f3n de la soluci\u00f3n bicarbonatada se observa una tendencia al aumento del pH, una mejora de la funci\u00f3n pulmonar y del aspecto f\u00edsico de la tos. Por lo que respecta al grupo A, se observa una tendencia a la <strong>mejor adherencia al tratamiento nebulizador<\/strong>.<\/p>\n<h1><strong><span style=\"color: #008080;\">Investigaci\u00f3n e investigaci\u00f3n<\/span><\/strong><\/h1>\n<p>Los miembros del <strong>Tribunal de becas 2017-18<\/strong> felicitaron a los investigadores por el <strong>&quot;trabajo desarrollado con rigor y profesionalidad&quot;<\/strong>, felicitaci\u00f3n a la que se sum\u00f3 el dr. Camarasa. Jordi de Dalmases alent\u00f3 a los farmac\u00e9uticos <strong>&quot;a continuar con la investigaci\u00f3n, actividad actualmente muy dif\u00edcil y complicada&quot;<\/strong>.<\/p>\n<p><strong>Otras publicaciones de inter\u00e9s:<\/strong><\/p>\n<ul>\n<li><a href=\"https:\/\/blog.cofb.cat\/beques-collegials-cofb-projectes-becats-convocatoria-2018-2019\/\" target=\"_blank\" rel=\"noopener\">Becas colegiales del COFB: proyectos becados en la convocatoria 2018-2019 (Julio 2018)<\/a><\/li>\n<li><a href=\"https:\/\/blog.cofb.cat\/sexposen-els-resultats-finals-dels-treballs-becats-pel-cofb-el-curs-2016-2017\/\" target=\"_blank\" rel=\"noopener\">Se exponen los resultados de los trabajos becados por el COFB en el curso 2016-2017 (Noviembre 2017)<\/a><\/li>\n<li><a href=\"https:\/\/blog.cofb.cat\/beques-col%c2%b7legials-quins-resultats-shan-obtingut\/\" target=\"_blank\" rel=\"noopener\">Becas colegiales: \u00bfqu\u00e9 resultados se han obtenido? (Mayo 2017)<\/a><\/li>\n<\/ul>","protected":false},"excerpt":{"rendered":"<p>El pasado 12 de noviembre, los farmac\u00e9uticos que obtuvieron una beca del Colegio para realizar un proyecto de investigaci\u00f3n presentaron los resultados finales a los miembros del Tribunal. El acto cont\u00f3 con la presencia del Presidente del Colegio, Jordi de Dalmases y del Decano de la Facultad de Farmacia, Jordi [\u2026]<\/p>","protected":false},"author":1,"featured_media":42612,"comment_status":"open","ping_status":"open","sticky":false,"template":"","format":"standard","meta":{"_uag_custom_page_level_css":"","site-sidebar-layout":"default","site-content-layout":"","ast-site-content-layout":"default","site-content-style":"default","site-sidebar-style":"default","ast-global-header-display":"","ast-banner-title-visibility":"","ast-main-header-display":"","ast-hfb-above-header-display":"","ast-hfb-below-header-display":"","ast-hfb-mobile-header-display":"","site-post-title":"","ast-breadcrumbs-content":"","ast-featured-img":"disabled","footer-sml-layout":"","theme-transparent-header-meta":"","adv-header-id-meta":"","stick-header-meta":"","header-above-stick-meta":"","header-main-stick-meta":"","header-below-stick-meta":"","astra-migrate-meta-layouts":"default","ast-page-background-enabled":"default","ast-page-background-meta":{"desktop":{"background-color":"var(--ast-global-color-4)","background-image":"","background-repeat":"repeat","background-position":"center center","background-size":"auto","background-attachment":"scroll","background-type":"","background-media":"","overlay-type":"","overlay-color":"","overlay-opacity":"","overlay-gradient":""},"tablet":{"background-color":"","background-image":"","background-repeat":"repeat","background-position":"center center","background-size":"auto","background-attachment":"scroll","background-type":"","background-media":"","overlay-type":"","overlay-color":"","overlay-opacity":"","overlay-gradient":""},"mobile":{"background-color":"","background-image":"","background-repeat":"repeat","background-position":"center center","background-size":"auto","background-attachment":"scroll","background-type":"","background-media":"","overlay-type":"","overlay-color":"","overlay-opacity":"","overlay-gradient":""}},"ast-content-background-meta":{"desktop":{"background-color":"var(--ast-global-color-5)","background-image":"","background-repeat":"repeat","background-position":"center center","background-size":"auto","background-attachment":"scroll","background-type":"","background-media":"","overlay-type":"","overlay-color":"","overlay-opacity":"","overlay-gradient":""},"tablet":{"background-color":"var(--ast-global-color-5)","background-image":"","background-repeat":"repeat","background-position":"center center","background-size":"auto","background-attachment":"scroll","background-type":"","background-media":"","overlay-type":"","overlay-color":"","overlay-opacity":"","overlay-gradient":""},"mobile":{"background-color":"var(--ast-global-color-5)","background-image":"","background-repeat":"repeat","background-position":"center center","background-size":"auto","background-attachment":"scroll","background-type":"","background-media":"","overlay-type":"","overlay-color":"","overlay-opacity":"","overlay-gradient":""}},"footnotes":""},"categories":[57],"tags":[354,513,18,19,49,70,56],"class_list":["post-42505","post","type-post","status-publish","format-standard","has-post-thumbnail","hentry","category-mon-collegial","tag-beques","tag-beques-collegials","tag-cofb","tag-collegi-de-farmaceutics-de-barcelona","tag-comissio-de-beques","tag-formacio","tag-investigacio"],"yoast_head":"<!-- This site is optimized with the Yoast SEO plugin v22.4 - https:\/\/yoast.com\/wordpress\/plugins\/seo\/ -->\n<title>Presentaci\u00f3 dels resultats finals dels treballs becats en la convocat\u00f2ria 2017-18 - Col\u00b7legi de Farmac\u00e8utics de Barcelona<\/title>\n<meta name=\"description\" content=\"El passat 12 de novembre les farmac\u00e8utiques que van obtenir una beca del Col\u00b7legi per realitzar un projecte d\u2019investigaci\u00f3 van presentar els resultats finals als membres del Tribunal.\" \/>\n<meta name=\"robots\" content=\"index, follow, max-snippet:-1, max-image-preview:large, max-video-preview:-1\" \/>\n<link rel=\"canonical\" href=\"https:\/\/novaorg.cofb.net\/2018\/11\/26\/presentacio-dels-resultats-finals-dels-treballs-becats-en-la-convocatoria-2017-18\/\" \/>\n<meta property=\"og:locale\" content=\"es_ES\" \/>\n<meta property=\"og:type\" content=\"article\" \/>\n<meta property=\"og:title\" content=\"Presentaci\u00f3 dels resultats finals dels treballs becats en la convocat\u00f2ria 2017-18 - Col\u00b7legi de Farmac\u00e8utics de Barcelona\" \/>\n<meta property=\"og:description\" content=\"El passat 12 de novembre les farmac\u00e8utiques que van obtenir una beca del Col\u00b7legi per realitzar un projecte d\u2019investigaci\u00f3 van presentar els resultats finals als membres del Tribunal.\" \/>\n<meta property=\"og:url\" content=\"https:\/\/novaorg.cofb.net\/2018\/11\/26\/presentacio-dels-resultats-finals-dels-treballs-becats-en-la-convocatoria-2017-18\/\" \/>\n<meta property=\"og:site_name\" content=\"Col\u00b7legi de Farmac\u00e8utics de Barcelona\" \/>\n<meta property=\"article:publisher\" content=\"https:\/\/www.facebook.com\/farmaceuticsbcn\/\" \/>\n<meta property=\"article:published_time\" content=\"2018-11-26T17:05:34+00:00\" \/>\n<meta name=\"author\" content=\"wpAdminCofbOrg\" \/>\n<meta name=\"twitter:card\" content=\"summary_large_image\" \/>\n<meta name=\"twitter:creator\" content=\"@farmaceuticsbcn\" \/>\n<meta name=\"twitter:site\" content=\"@farmaceuticsbcn\" \/>\n<meta name=\"twitter:label1\" content=\"Escrito por\" \/>\n\t<meta name=\"twitter:data1\" content=\"wpAdminCofbOrg\" \/>\n\t<meta name=\"twitter:label2\" content=\"Tiempo de lectura\" \/>\n\t<meta name=\"twitter:data2\" content=\"6 minutos\" \/>\n<script type=\"application\/ld+json\" class=\"yoast-schema-graph\">{\"@context\":\"https:\/\/schema.org\",\"@graph\":[{\"@type\":\"Article\",\"@id\":\"https:\/\/novaorg.cofb.net\/2018\/11\/26\/presentacio-dels-resultats-finals-dels-treballs-becats-en-la-convocatoria-2017-18\/#article\",\"isPartOf\":{\"@id\":\"https:\/\/novaorg.cofb.net\/2018\/11\/26\/presentacio-dels-resultats-finals-dels-treballs-becats-en-la-convocatoria-2017-18\/\"},\"author\":{\"name\":\"wpAdminCofbOrg\",\"@id\":\"https:\/\/www.cofb.org\/#\/schema\/person\/22ed7eea88da74b0fa4d3154ad87ffcb\"},\"headline\":\"Presentaci\u00f3 dels resultats finals dels treballs becats en la convocat\u00f2ria 2017-18\",\"datePublished\":\"2018-11-26T17:05:34+00:00\",\"dateModified\":\"2018-11-26T17:05:34+00:00\",\"mainEntityOfPage\":{\"@id\":\"https:\/\/novaorg.cofb.net\/2018\/11\/26\/presentacio-dels-resultats-finals-dels-treballs-becats-en-la-convocatoria-2017-18\/\"},\"wordCount\":1177,\"commentCount\":0,\"publisher\":{\"@id\":\"https:\/\/www.cofb.org\/#organization\"},\"image\":{\"@id\":\"https:\/\/novaorg.cofb.net\/2018\/11\/26\/presentacio-dels-resultats-finals-dels-treballs-becats-en-la-convocatoria-2017-18\/#primaryimage\"},\"thumbnailUrl\":\"\",\"keywords\":[\"beques\",\"Beques col\u00b7legials\",\"COFB\",\"Col\u00b7legi de Farmac\u00e8utics de Barcelona\",\"Comissi\u00f3 de Beques\",\"Formaci\u00f3\",\"Investigaci\u00f3\"],\"articleSection\":[\"M\u00f3n col\u00b7legial\"],\"inLanguage\":\"es\",\"potentialAction\":[{\"@type\":\"CommentAction\",\"name\":\"Comment\",\"target\":[\"https:\/\/novaorg.cofb.net\/2018\/11\/26\/presentacio-dels-resultats-finals-dels-treballs-becats-en-la-convocatoria-2017-18\/#respond\"]}]},{\"@type\":\"WebPage\",\"@id\":\"https:\/\/novaorg.cofb.net\/2018\/11\/26\/presentacio-dels-resultats-finals-dels-treballs-becats-en-la-convocatoria-2017-18\/\",\"url\":\"https:\/\/novaorg.cofb.net\/2018\/11\/26\/presentacio-dels-resultats-finals-dels-treballs-becats-en-la-convocatoria-2017-18\/\",\"name\":\"Presentaci\u00f3 dels resultats finals dels treballs becats en la convocat\u00f2ria 2017-18 - Col\u00b7legi de Farmac\u00e8utics de Barcelona\",\"isPartOf\":{\"@id\":\"https:\/\/www.cofb.org\/#website\"},\"primaryImageOfPage\":{\"@id\":\"https:\/\/novaorg.cofb.net\/2018\/11\/26\/presentacio-dels-resultats-finals-dels-treballs-becats-en-la-convocatoria-2017-18\/#primaryimage\"},\"image\":{\"@id\":\"https:\/\/novaorg.cofb.net\/2018\/11\/26\/presentacio-dels-resultats-finals-dels-treballs-becats-en-la-convocatoria-2017-18\/#primaryimage\"},\"thumbnailUrl\":\"\",\"datePublished\":\"2018-11-26T17:05:34+00:00\",\"dateModified\":\"2018-11-26T17:05:34+00:00\",\"description\":\"El passat 12 de novembre les farmac\u00e8utiques que van obtenir una beca del Col\u00b7legi per realitzar un projecte d\u2019investigaci\u00f3 van presentar els resultats finals als membres del Tribunal.\",\"breadcrumb\":{\"@id\":\"https:\/\/novaorg.cofb.net\/2018\/11\/26\/presentacio-dels-resultats-finals-dels-treballs-becats-en-la-convocatoria-2017-18\/#breadcrumb\"},\"inLanguage\":\"es\",\"potentialAction\":[{\"@type\":\"ReadAction\",\"target\":[\"https:\/\/novaorg.cofb.net\/2018\/11\/26\/presentacio-dels-resultats-finals-dels-treballs-becats-en-la-convocatoria-2017-18\/\"]}]},{\"@type\":\"ImageObject\",\"inLanguage\":\"es\",\"@id\":\"https:\/\/novaorg.cofb.net\/2018\/11\/26\/presentacio-dels-resultats-finals-dels-treballs-becats-en-la-convocatoria-2017-18\/#primaryimage\",\"url\":\"\",\"contentUrl\":\"\"},{\"@type\":\"BreadcrumbList\",\"@id\":\"https:\/\/novaorg.cofb.net\/2018\/11\/26\/presentacio-dels-resultats-finals-dels-treballs-becats-en-la-convocatoria-2017-18\/#breadcrumb\",\"itemListElement\":[{\"@type\":\"ListItem\",\"position\":1,\"name\":\"Inici\",\"item\":\"https:\/\/novaorg.cofb.net\/\"},{\"@type\":\"ListItem\",\"position\":2,\"name\":\"Presentaci\u00f3 dels resultats finals dels treballs becats en la convocat\u00f2ria 2017-18\"}]},{\"@type\":\"WebSite\",\"@id\":\"https:\/\/www.cofb.org\/#website\",\"url\":\"https:\/\/www.cofb.org\/\",\"name\":\"Col\u00b7legi de Farmac\u00e8utics de Barcelona\",\"description\":\"\",\"publisher\":{\"@id\":\"https:\/\/www.cofb.org\/#organization\"},\"potentialAction\":[{\"@type\":\"SearchAction\",\"target\":{\"@type\":\"EntryPoint\",\"urlTemplate\":\"https:\/\/www.cofb.org\/?s={search_term_string}\"},\"query-input\":\"required name=search_term_string\"}],\"inLanguage\":\"es\"},{\"@type\":\"Organization\",\"@id\":\"https:\/\/www.cofb.org\/#organization\",\"name\":\"Col\u00b7legi de Farmac\u00e8utics de Barcelona\",\"url\":\"https:\/\/www.cofb.org\/\",\"logo\":{\"@type\":\"ImageObject\",\"inLanguage\":\"es\",\"@id\":\"https:\/\/www.cofb.org\/#\/schema\/logo\/image\/\",\"url\":\"https:\/\/www.cofb.org\/wp-content\/uploads\/2023\/11\/cropped-Logotip-COFB.png\",\"contentUrl\":\"https:\/\/www.cofb.org\/wp-content\/uploads\/2023\/11\/cropped-Logotip-COFB.png\",\"width\":500,\"height\":105,\"caption\":\"Col\u00b7legi de Farmac\u00e8utics de Barcelona\"},\"image\":{\"@id\":\"https:\/\/www.cofb.org\/#\/schema\/logo\/image\/\"},\"sameAs\":[\"https:\/\/www.facebook.com\/farmaceuticsbcn\/\",\"https:\/\/twitter.com\/farmaceuticsbcn\",\"https:\/\/www.instagram.com\/farmaceuticsbcn\/\",\"https:\/\/www.linkedin.com\/company\/farmaceuticsbcn\/\"]},{\"@type\":\"Person\",\"@id\":\"https:\/\/www.cofb.org\/#\/schema\/person\/22ed7eea88da74b0fa4d3154ad87ffcb\",\"name\":\"wpAdminCofbOrg\",\"image\":{\"@type\":\"ImageObject\",\"inLanguage\":\"es\",\"@id\":\"https:\/\/www.cofb.org\/#\/schema\/person\/image\/\",\"url\":\"https:\/\/secure.gravatar.com\/avatar\/1721b20b3b8ca882c3b56ec6c978c594fff670e40c0718e9190eaeeb76aae7d8?s=96&d=mm&r=g\",\"contentUrl\":\"https:\/\/secure.gravatar.com\/avatar\/1721b20b3b8ca882c3b56ec6c978c594fff670e40c0718e9190eaeeb76aae7d8?s=96&d=mm&r=g\",\"caption\":\"wpAdminCofbOrg\"},\"sameAs\":[\"http:\/\/192.168.64.122\/wordpress\"],\"url\":\"https:\/\/www.cofb.org\/es\/author\/wpadmincofborg\/\"}]}<\/script>\n<!-- \/ Yoast SEO plugin. -->","yoast_head_json":{"title":"Presentaci\u00f3 dels resultats finals dels treballs becats en la convocat\u00f2ria 2017-18 - Col\u00b7legi de Farmac\u00e8utics de Barcelona","description":"El passat 12 de novembre les farmac\u00e8utiques que van obtenir una beca del Col\u00b7legi per realitzar un projecte d\u2019investigaci\u00f3 van presentar els resultats finals als membres del Tribunal.","robots":{"index":"index","follow":"follow","max-snippet":"max-snippet:-1","max-image-preview":"max-image-preview:large","max-video-preview":"max-video-preview:-1"},"canonical":"https:\/\/novaorg.cofb.net\/2018\/11\/26\/presentacio-dels-resultats-finals-dels-treballs-becats-en-la-convocatoria-2017-18\/","og_locale":"es_ES","og_type":"article","og_title":"Presentaci\u00f3 dels resultats finals dels treballs becats en la convocat\u00f2ria 2017-18 - Col\u00b7legi de Farmac\u00e8utics de Barcelona","og_description":"El passat 12 de novembre les farmac\u00e8utiques que van obtenir una beca del Col\u00b7legi per realitzar un projecte d\u2019investigaci\u00f3 van presentar els resultats finals als membres del Tribunal.","og_url":"https:\/\/novaorg.cofb.net\/2018\/11\/26\/presentacio-dels-resultats-finals-dels-treballs-becats-en-la-convocatoria-2017-18\/","og_site_name":"Col\u00b7legi de Farmac\u00e8utics de Barcelona","article_publisher":"https:\/\/www.facebook.com\/farmaceuticsbcn\/","article_published_time":"2018-11-26T17:05:34+00:00","author":"wpAdminCofbOrg","twitter_card":"summary_large_image","twitter_creator":"@farmaceuticsbcn","twitter_site":"@farmaceuticsbcn","twitter_misc":{"Escrito por":"wpAdminCofbOrg","Tiempo de lectura":"6 minutos"},"schema":{"@context":"https:\/\/schema.org","@graph":[{"@type":"Article","@id":"https:\/\/novaorg.cofb.net\/2018\/11\/26\/presentacio-dels-resultats-finals-dels-treballs-becats-en-la-convocatoria-2017-18\/#article","isPartOf":{"@id":"https:\/\/novaorg.cofb.net\/2018\/11\/26\/presentacio-dels-resultats-finals-dels-treballs-becats-en-la-convocatoria-2017-18\/"},"author":{"name":"wpAdminCofbOrg","@id":"https:\/\/www.cofb.org\/#\/schema\/person\/22ed7eea88da74b0fa4d3154ad87ffcb"},"headline":"Presentaci\u00f3 dels resultats finals dels treballs becats en la convocat\u00f2ria 2017-18","datePublished":"2018-11-26T17:05:34+00:00","dateModified":"2018-11-26T17:05:34+00:00","mainEntityOfPage":{"@id":"https:\/\/novaorg.cofb.net\/2018\/11\/26\/presentacio-dels-resultats-finals-dels-treballs-becats-en-la-convocatoria-2017-18\/"},"wordCount":1177,"commentCount":0,"publisher":{"@id":"https:\/\/www.cofb.org\/#organization"},"image":{"@id":"https:\/\/novaorg.cofb.net\/2018\/11\/26\/presentacio-dels-resultats-finals-dels-treballs-becats-en-la-convocatoria-2017-18\/#primaryimage"},"thumbnailUrl":"","keywords":["beques","Beques col\u00b7legials","COFB","Col\u00b7legi de Farmac\u00e8utics de Barcelona","Comissi\u00f3 de Beques","Formaci\u00f3","Investigaci\u00f3"],"articleSection":["M\u00f3n col\u00b7legial"],"inLanguage":"es","potentialAction":[{"@type":"CommentAction","name":"Comment","target":["https:\/\/novaorg.cofb.net\/2018\/11\/26\/presentacio-dels-resultats-finals-dels-treballs-becats-en-la-convocatoria-2017-18\/#respond"]}]},{"@type":"WebPage","@id":"https:\/\/novaorg.cofb.net\/2018\/11\/26\/presentacio-dels-resultats-finals-dels-treballs-becats-en-la-convocatoria-2017-18\/","url":"https:\/\/novaorg.cofb.net\/2018\/11\/26\/presentacio-dels-resultats-finals-dels-treballs-becats-en-la-convocatoria-2017-18\/","name":"Presentaci\u00f3 dels resultats finals dels treballs becats en la convocat\u00f2ria 2017-18 - Col\u00b7legi de Farmac\u00e8utics de Barcelona","isPartOf":{"@id":"https:\/\/www.cofb.org\/#website"},"primaryImageOfPage":{"@id":"https:\/\/novaorg.cofb.net\/2018\/11\/26\/presentacio-dels-resultats-finals-dels-treballs-becats-en-la-convocatoria-2017-18\/#primaryimage"},"image":{"@id":"https:\/\/novaorg.cofb.net\/2018\/11\/26\/presentacio-dels-resultats-finals-dels-treballs-becats-en-la-convocatoria-2017-18\/#primaryimage"},"thumbnailUrl":"","datePublished":"2018-11-26T17:05:34+00:00","dateModified":"2018-11-26T17:05:34+00:00","description":"El passat 12 de novembre les farmac\u00e8utiques que van obtenir una beca del Col\u00b7legi per realitzar un projecte d\u2019investigaci\u00f3 van presentar els resultats finals als membres del Tribunal.","breadcrumb":{"@id":"https:\/\/novaorg.cofb.net\/2018\/11\/26\/presentacio-dels-resultats-finals-dels-treballs-becats-en-la-convocatoria-2017-18\/#breadcrumb"},"inLanguage":"es","potentialAction":[{"@type":"ReadAction","target":["https:\/\/novaorg.cofb.net\/2018\/11\/26\/presentacio-dels-resultats-finals-dels-treballs-becats-en-la-convocatoria-2017-18\/"]}]},{"@type":"ImageObject","inLanguage":"es","@id":"https:\/\/novaorg.cofb.net\/2018\/11\/26\/presentacio-dels-resultats-finals-dels-treballs-becats-en-la-convocatoria-2017-18\/#primaryimage","url":"","contentUrl":""},{"@type":"BreadcrumbList","@id":"https:\/\/novaorg.cofb.net\/2018\/11\/26\/presentacio-dels-resultats-finals-dels-treballs-becats-en-la-convocatoria-2017-18\/#breadcrumb","itemListElement":[{"@type":"ListItem","position":1,"name":"Inici","item":"https:\/\/novaorg.cofb.net\/"},{"@type":"ListItem","position":2,"name":"Presentaci\u00f3 dels resultats finals dels treballs becats en la convocat\u00f2ria 2017-18"}]},{"@type":"WebSite","@id":"https:\/\/www.cofb.org\/#website","url":"https:\/\/www.cofb.org\/","name":"Col\u00b7legi de Farmac\u00e8utics de Barcelona","description":"","publisher":{"@id":"https:\/\/www.cofb.org\/#organization"},"potentialAction":[{"@type":"SearchAction","target":{"@type":"EntryPoint","urlTemplate":"https:\/\/www.cofb.org\/?s={search_term_string}"},"query-input":"required name=search_term_string"}],"inLanguage":"es"},{"@type":"Organization","@id":"https:\/\/www.cofb.org\/#organization","name":"Col\u00b7legi de Farmac\u00e8utics de Barcelona","url":"https:\/\/www.cofb.org\/","logo":{"@type":"ImageObject","inLanguage":"es","@id":"https:\/\/www.cofb.org\/#\/schema\/logo\/image\/","url":"https:\/\/www.cofb.org\/wp-content\/uploads\/2023\/11\/cropped-Logotip-COFB.png","contentUrl":"https:\/\/www.cofb.org\/wp-content\/uploads\/2023\/11\/cropped-Logotip-COFB.png","width":500,"height":105,"caption":"Col\u00b7legi de Farmac\u00e8utics de Barcelona"},"image":{"@id":"https:\/\/www.cofb.org\/#\/schema\/logo\/image\/"},"sameAs":["https:\/\/www.facebook.com\/farmaceuticsbcn\/","https:\/\/twitter.com\/farmaceuticsbcn","https:\/\/www.instagram.com\/farmaceuticsbcn\/","https:\/\/www.linkedin.com\/company\/farmaceuticsbcn\/"]},{"@type":"Person","@id":"https:\/\/www.cofb.org\/#\/schema\/person\/22ed7eea88da74b0fa4d3154ad87ffcb","name":"wpAdminCofbOrg","image":{"@type":"ImageObject","inLanguage":"es","@id":"https:\/\/www.cofb.org\/#\/schema\/person\/image\/","url":"https:\/\/secure.gravatar.com\/avatar\/1721b20b3b8ca882c3b56ec6c978c594fff670e40c0718e9190eaeeb76aae7d8?s=96&d=mm&r=g","contentUrl":"https:\/\/secure.gravatar.com\/avatar\/1721b20b3b8ca882c3b56ec6c978c594fff670e40c0718e9190eaeeb76aae7d8?s=96&d=mm&r=g","caption":"wpAdminCofbOrg"},"sameAs":["http:\/\/192.168.64.122\/wordpress"],"url":"https:\/\/www.cofb.org\/es\/author\/wpadmincofborg\/"}]}},"uagb_featured_image_src":{"full":false,"thumbnail":false,"medium":false,"medium_large":false,"large":false,"1536x1536":false,"2048x2048":false,"trp-custom-language-flag":false},"uagb_author_info":{"display_name":"wpAdminCofbOrg","author_link":"https:\/\/www.cofb.org\/es\/author\/wpadmincofborg\/"},"uagb_comment_info":0,"uagb_excerpt":"El passat 12 de novembre els farmac\u00e8utics que van obtenir una beca del Col\u00b7legi per realitzar un projecte d\u2019investigaci\u00f3 van presentar els resultats finals als membres del Tribunal. L&#8217;acte va comptar amb la pres\u00e8ncia del President del Col\u00b7legi, Jordi de Dalmases i del Deg\u00e0 de la Facultat de Farm\u00e0cia, Jordi [&hellip;]","_links":{"self":[{"href":"https:\/\/www.cofb.org\/es\/wp-json\/wp\/v2\/posts\/42505","targetHints":{"allow":["GET"]}}],"collection":[{"href":"https:\/\/www.cofb.org\/es\/wp-json\/wp\/v2\/posts"}],"about":[{"href":"https:\/\/www.cofb.org\/es\/wp-json\/wp\/v2\/types\/post"}],"author":[{"embeddable":true,"href":"https:\/\/www.cofb.org\/es\/wp-json\/wp\/v2\/users\/1"}],"replies":[{"embeddable":true,"href":"https:\/\/www.cofb.org\/es\/wp-json\/wp\/v2\/comments?post=42505"}],"version-history":[{"count":0,"href":"https:\/\/www.cofb.org\/es\/wp-json\/wp\/v2\/posts\/42505\/revisions"}],"wp:featuredmedia":[{"embeddable":true,"href":"https:\/\/www.cofb.org\/es\/wp-json\/"}],"wp:attachment":[{"href":"https:\/\/www.cofb.org\/es\/wp-json\/wp\/v2\/media?parent=42505"}],"wp:term":[{"taxonomy":"category","embeddable":true,"href":"https:\/\/www.cofb.org\/es\/wp-json\/wp\/v2\/categories?post=42505"},{"taxonomy":"post_tag","embeddable":true,"href":"https:\/\/www.cofb.org\/es\/wp-json\/wp\/v2\/tags?post=42505"}],"curies":[{"name":"wp","href":"https:\/\/api.w.org\/{rel}","templated":true}]}}