{"id":42489,"date":"2018-12-13T15:16:46","date_gmt":"2018-12-13T13:16:46","guid":{"rendered":"https:\/\/blog.cofb.cat\/?p=42489"},"modified":"2018-12-13T15:16:46","modified_gmt":"2018-12-13T13:16:46","slug":"mes-1-300-inscrits-sessions-informatives-sobre-implementacio-sevem-celebrades-cofb","status":"publish","type":"post","link":"https:\/\/www.cofb.org\/es\/2018\/12\/13\/mes-1-300-inscrits-sessions-informatives-sobre-implementacio-sevem-celebrades-cofb\/","title":{"rendered":"M\u00e1s de 1.300 inscritos en las sesiones informativas sobre la implementaci\u00f3n del SEVeM celebradas en el COFB"},"content":{"rendered":"<p>En las \u00faltimas semanas, el\u00a0<strong>Col\u00b7legi de Farmac\u00e8utics de Barcelona (COFB)\u00a0<\/strong>ha organizado varias <strong>sesiones informativas<\/strong> para explicar los <strong>retos y oportunidades<\/strong>, as\u00ed como dar respuesta a los<strong> dudas<\/strong> que genera\u00a0<strong>la serializaci\u00f3n de medicamentos y la implantaci\u00f3n del SEVeM<\/strong>.<strong>\u00a0<\/strong>Los <strong>m\u00e1s de 1.300 inscrip<\/strong><strong>its <\/strong>en las <strong>tres sesiones celebradas <\/strong>hasta ahora<strong>,<\/strong>\u00a0en los \u00e1mbitos de la <strong>farmacia comunitaria<\/strong>, la<strong>atenci\u00f3n hospitalaria<\/strong>\u00a0y la\u00a0<strong>distribuci\u00f3n<\/strong>, reflejan el <strong>grande y<\/strong><strong>nter\u00e9s<\/strong> despertado por este tema entre los colegiados.<\/p>\n<figure id=\"attachment_42770\" aria-describedby=\"caption-attachment-42770\" style=\"width: 945px\" class=\"wp-caption aligncenter\"><a href=\"https:\/\/blog.cofb.cat\/wp-content\/uploads\/2018\/11\/cofb.181122-61.jpg\"><img fetchpriority=\"high\" decoding=\"async\" class=\"wp-image-42770 size-full\" title=\"La sesi\u00f3n informativa cont\u00f3 con una alt\u00edsima asistencia.\" src=\"https:\/\/blog.cofb.cat\/wp-content\/uploads\/2018\/11\/cofb.181122-61.jpg\" alt=\"La sessi\u00f3 informativa va comptar amb una alt\u00edssima assist\u00e8ncia.\" width=\"945\" height=\"630\" \/><\/a><figcaption id=\"caption-attachment-42770\" class=\"wp-caption-text\">La sesi\u00f3n informativa cont\u00f3 con una alt\u00edsima asistencia.<\/figcaption><\/figure>\n<h1><span style=\"color: #008080;\"><strong>Farmaco<\/strong><\/span><span style=\"color: #008080;\"><strong>ya c<\/strong><\/span><span style=\"color: #008080;\"><strong>comunitaria<\/strong><\/span><\/h1>\n<p>El pasado jueves <strong>22 de noviembre<\/strong> se celebr\u00f3 en <strong>COFB\u00a0<\/strong>la sesi\u00f3n informativa\u00a0<strong>&quot;Implantaci\u00f3n del SEVeM en la farmacia comunitaria&quot;\u00a0<\/strong>para explicar los <strong>aspectos pr\u00e1cticos a implantar en las farmacias<\/strong>, encarar los retos y repasar las oportunidades que ofrece la <strong>implantaci\u00f3n del SEVeM<\/strong> en este \u00e1mbito. La sesi\u00f3n cont\u00f3 con <strong>341 inscritos<\/strong> en la<strong> modalidad presencial<\/strong> y <strong>892<\/strong> en la <strong>modalidad Webinar<\/strong>. Los ponentes fueron\u00a0<strong>Jordi De Dalmases<\/strong>, presidente del COFB; <strong>Mar\u00eda \u00c1ngeles Figuerola<\/strong>, directora general del SEVeM;\u00a0<strong>Sonia Ruiz<\/strong>, directora del Departamento Internacional del Consejo (CGCOF) y\u00a0<strong>Joan Calduch<\/strong>, vocal del Consejo de Colegios Farmac\u00e9uticos de Catalu\u00f1a (CCFC) responsable del \u00e1rea tecnol\u00f3gica. El presidente del COFB resalt\u00f3 que \u201c<strong>la serializaci\u00f3n es un paso muy importante de implicaci\u00f3n de las tecnolog\u00edas<\/strong> en el <strong>trabajo diario<\/strong> <strong>de los farmac\u00e9uticos.<\/strong> Hab\u00eda que generar la oportunidad de explicar <strong>qu\u00e9 significar\u00e1 la serializaci\u00f3n<\/strong> y la <strong>verificaci\u00f3n<\/strong> en el momento de <strong>dispensar los medicamentos<\/strong>&#8220;.<\/p>\n<figure id=\"attachment_42768\" aria-describedby=\"caption-attachment-42768\" style=\"width: 945px\" class=\"wp-caption aligncenter\"><a href=\"https:\/\/blog.cofb.cat\/wp-content\/uploads\/2018\/11\/cofb.181122-31.jpg\"><img decoding=\"async\" class=\"wp-image-42768 size-full\" title=\"Maria \u00c1ngeles Figuerola acompa\u00f1ada de Jordi De Dalmases. \" src=\"https:\/\/blog.cofb.cat\/wp-content\/uploads\/2018\/11\/cofb.181122-31.jpg\" alt=\"Maria \u00c1ngeles Figuerola acompanyada de Jordi De Dalmases. \" width=\"945\" height=\"630\" \/><\/a><figcaption id=\"caption-attachment-42768\" class=\"wp-caption-text\">Mar\u00eda \u00c1ngeles Figuerola, directora general del SEVeM acompa\u00f1ada de Jordi De Dalmases, presidente del COFB.<\/figcaption><\/figure>\n<p>A continuaci\u00f3n, M. \u00c1ngeles Figuerola habl\u00f3 del<strong>entorno normativo<\/strong> y la <strong>creaci\u00f3n del SEVeM<\/strong> as\u00ed como el estado del proyecto. \u201cHoy en d\u00eda, nos faltan casi 3 meses para la <strong>fecha prevista<\/strong> <strong>de aplicaci\u00f3n del reglamento<\/strong>. Ahora mismo, ya est\u00e1n conectados todos los pa\u00edses con la plataforma europea, excepto Malta que estar\u00e1 all\u00ed en cualquier momento e Italia y Grecia, que tienen un per\u00edodo m\u00e1s largo\u201d. Y a\u00f1adi\u00f3 que en Espa\u00f1a \u201cya hemos entrado en la \u00faltima fase que es la <strong>fase de los pilotos<\/strong> y la <strong>fase de operaci\u00f3n<\/strong>. Nosotros estamos <strong>desde agosto en fase de operaci\u00f3n<\/strong>, y le llamamos as\u00ed a partir de que la estructura de SEVeM ya estaba integrada con la plataforma europea en producci\u00f3n, de tal modo que ya nos pueden llegar todos los envases que cargan los laboratorios\u201d.<\/p>\n<p>Por \u00faltimo, destac\u00f3 que \u201c<strong>tenemos acabados todos los pilotos que correspond\u00edan a la conexi\u00f3n de SEVeM<\/strong>. Tambi\u00e9n hemos terminado los pilotos de conexi\u00f3n con los titulares de autorizaci\u00f3n de comercializaci\u00f3n de medicamentos que ya han cargado cerca de 2.000 productos y m\u00e1s de 5 millones y medio de envases en el repositorio. <strong>El camino est\u00e1 iniciado y avanza bien<\/strong>\u201c, concluy\u00f3.<\/p>\n<figure id=\"attachment_42769\" aria-describedby=\"caption-attachment-42769\" style=\"width: 945px\" class=\"wp-caption aligncenter\"><a href=\"https:\/\/blog.cofb.cat\/wp-content\/uploads\/2018\/11\/cofb.181122-59.jpg\"><img decoding=\"async\" class=\"wp-image-42769 size-full\" title=\"Sonia Ruiz, directora del Departamento Internacional del Consejo General de Colegios Oficiales de Farmac\u00e9uticos (CGCOF) y Joan Calduch, vocal del CCFC responsable del \u00e1rea tecnol\u00f3gica.\" src=\"https:\/\/blog.cofb.cat\/wp-content\/uploads\/2018\/11\/cofb.181122-59.jpg\" alt=\"Sonia Ruiz,\u00a0directora del Departamento Internacional del\u00a0Consejo General de Colegios Oficiales de Farmac\u00e9uticos (CGCOF) i Joan Calduch, vocal del CCFC responsable de l'\u00e0rea tecnol\u00f2gica.\" width=\"945\" height=\"630\" \/><\/a><figcaption id=\"caption-attachment-42769\" class=\"wp-caption-text\">Sonia Ruiz, directora del Departamento Internacional del Consejo General de Colegios Oficiales de Farmac\u00e9uticos (CGCOF) y Joan Calduch, vocal del CCFC responsable del \u00e1rea tecnol\u00f3gica.<\/figcaption><\/figure>\n<p>Tras la intervenci\u00f3n de Figuerola, Sonia Ruiz, directora del Departamento Internacional del Consejo General de Colegios Oficiales de Farmac\u00e9uticos (CGCOF) expuso el <strong>papel del CGCOF en la verificaci\u00f3n de medicamentos y se bas\u00f3 en el modelo organizativo y operativo. <\/strong>\u00a0\u201cNodofarma es la<strong>\u00a0plataforma electr\u00f3nica de servicios farmac\u00e9uticos<\/strong>.<strong>\u00a0<\/strong>El CGCOF como socio de SEVeM participa en la toma de decisiones en lo que respecta al establecimiento y gesti\u00f3n del sistema de verificaci\u00f3n, colabora con los Colegios y los Consejos para dise\u00f1ar las especificaciones t\u00e9cnicas que faciliten el acceso al sistema de las farmacias. En tercer lugar, colabora con las <strong>autoridades competentes<\/strong> para la definici\u00f3n de los procedimientos que deben adecuarse a la normativa nacional y, en cuarto lugar, gestiona una parte del repositorio principal que es Nodofarma Verificaci\u00f3n (interfaz del SEVem que da acceso a las oficinas de farmacia)\u201d, explic\u00f3 . A continuaci\u00f3n, detall\u00f3 que Nodofarma \u201csupone dotarse de unos <strong>procesos automatizados<\/strong> y responde a una <strong>l\u00f3gica de eficiencia<\/strong> y <strong>seguridad<\/strong> en los accesos y da seguridad a estos flujos de informaci\u00f3n para tener los servicios interoperables, eficientes y seguros y que tengan una <strong>informaci\u00f3n relevante<\/strong> y la podamos consolidar considerando la <strong>red de trabajo de farmacias que hay en Espa\u00f1a<\/strong>&#8220;.<\/p>\n<p>Por \u00faltimo, Joan Calduch, responsable del \u00e1rea tecnol\u00f3gica del CCFC, expuso el<strong>adaptaci\u00f3n de los profesionales de Catalu\u00f1a<\/strong> en el \u00e1mbito de actuaci\u00f3n de la farmacia comunitaria, centr\u00e1ndose en la estructura tecnol\u00f3gica que deber\u00e1 adaptarse a Catalu\u00f1a y de c\u00f3mo las farmacias acceder\u00e1n al SEVeM desde la red de receta electr\u00f3nica del Consejo de Colegios Farmac\u00e9uticos de Catalu\u00f1a (CCFC). Seg\u00fan Calduch, \u201ccon el acceso a trav\u00e9s de la red de receta electr\u00f3nica (RE) se aprovechan <strong>infraestructuras<\/strong> y <strong>servicios de alta seguridad y disponibilidad<\/strong> as\u00ed como el<strong>experiencia del factor humano en el \u00e1mbito tecnol\u00f3gico de la receta electr\u00f3nica<\/strong> y, por \u00faltimo, tambi\u00e9n se aprovechan los sistemas de credenciales del sistema de RE\u201d.<\/p>\n<figure id=\"attachment_42767\" aria-describedby=\"caption-attachment-42767\" style=\"width: 945px\" class=\"wp-caption aligncenter\"><a href=\"https:\/\/blog.cofb.cat\/wp-content\/uploads\/2018\/11\/cofb.181122-23.jpg\" rel=\"Diverses sales del COFB van omplir-se amb la sessi\u00f3 sobre la implantaci\u00f3 de SEVeM a la farm\u00e0cia comunit\u00e0ria.\"><img loading=\"lazy\" decoding=\"async\" class=\"wp-image-42767 size-full\" title=\"Varias salas del COFB se llenaron con la sesi\u00f3n sobre la implantaci\u00f3n de SEVeM en la farmacia comunitaria.\" src=\"https:\/\/blog.cofb.cat\/wp-content\/uploads\/2018\/11\/cofb.181122-23.jpg\" alt=\"\" width=\"945\" height=\"630\" \/><\/a><figcaption id=\"caption-attachment-42767\" class=\"wp-caption-text\">Varias salas del COFB se llenaron con la sesi\u00f3n sobre la implantaci\u00f3n de SEVeM en la farmacia comunitaria.<\/figcaption><\/figure>\n<h1><span style=\"color: #008080;\"><strong>Distribuci\u00f3n<\/strong><\/span><\/h1>\n<p>Seguidamente en la sesi\u00f3n de farmacia comunitaria, el mismo mi\u00e9rcoles 22 de noviembre, farmac\u00e9uticos del \u00e1mbito de la distribuci\u00f3n asistieron a la sesi\u00f3n <b>\u201cSerializaci\u00f3n de medicamentos. Implantaci\u00f3n del SEVeM en la distribuci\u00f3n farmac\u00e9utica\u201d <\/b>organizada por el COFB y moderada por Ana Mar\u00eda Culler\u00e9, vocal de Distribuci\u00f3n.<\/p>\n<p>El jefe del Servicio de Control Farmac\u00e9utico y Productos Sanitarios del Departamento de Salud de la Generalitat de Catalunya, <strong>Salvador Cassany,<\/strong> y la directora general del SEVEM, Mar\u00eda <strong>\u00c1ngeles Figuerola<\/strong> abordaron la <strong>serializaci\u00f3n<\/strong> dentro de las <strong>acciones que se llevan a cabo para evitar medicamentos falsificados<\/strong> en el mercado, as\u00ed como los controles que la serializaci\u00f3n comporta para su distribuci\u00f3n.<\/p>\n<figure id=\"attachment_42781\" aria-describedby=\"caption-attachment-42781\" style=\"width: 945px\" class=\"wp-caption aligncenter\"><a href=\"https:\/\/blog.cofb.cat\/wp-content\/uploads\/2018\/11\/cofb.181122-73.jpg\"><img loading=\"lazy\" decoding=\"async\" class=\"wp-image-42781 size-full\" title=\"Inicio de la sesi\u00f3n &quot;Serializaci\u00f3n de Medicamentos en la distribuci\u00f3n&quot;, celebrada el pasado 22 de noviembre en el COFB.\" src=\"https:\/\/blog.cofb.cat\/wp-content\/uploads\/2018\/11\/cofb.181122-73.jpg\" alt=\"Inici de la sessi\u00f3 &quot;Serialitzaci\u00f3 de Medicaments en la distribuci\u00f3&quot;, celebrada el passat 22 de novembre al COFB.\" width=\"945\" height=\"630\" \/><\/a><figcaption id=\"caption-attachment-42781\" class=\"wp-caption-text\">Inicio de la sesi\u00f3n &quot;Serializaci\u00f3n de Medicamentos en la distribuci\u00f3n&quot;, celebrada el pasado 22 de noviembre en el COFB.<\/figcaption><\/figure>\n<p>En la segunda parte de la sesi\u00f3n, se cont\u00f3 con la presencia del director de An\u00e1lisis y desarrollo de Soluciones Log\u00edsticas de Grupo Cofares, \u00d3scar Joaqu\u00edn Crist\u00f3bal, y de la directora t\u00e9cnica de Fedefarma, Laura Rodr\u00edguez. Entre ambos expusieron la <strong>implantaci\u00f3n del seguimiento de la serializaci\u00f3n<\/strong> en una entidad de distribuci\u00f3n. En este punto, se gener\u00f3 un debate sobre aspectos que no figuran en el Reglamento Delegado (UE) 2016\/161 y que se est\u00e1n trabajando, como quien debe anular los c\u00f3digos de serializaci\u00f3n de los medicamentos, o si se incluye en los paquetes la agregaci\u00f3n de c\u00f3digos o no.<\/p>\n<p>Culler\u00e9 destac\u00f3 que \u201ces interesante el <strong>debate sobre dudas actuales<\/strong> que se han encontrado durante la implantaci\u00f3n, como es el caso de n\u00fameros de serie no aleatorios, GTIN con c\u00f3digos ilegibles\u201d. En el mismo sentido, Salvador Cassany plante\u00f3 la necesidad de crear <strong>una comisi\u00f3n de trabajo<\/strong> <strong>para interpretar los procedimientos <\/strong>e implantar indicadores. Un reto que, en palabras de Ana Mar\u00eda Culler\u00e9, \u201c<strong>ha sido asumido por la Vocal\u00eda de Distribuci\u00f3n del COFB, que pronto se pondr\u00e1 a trabajar en ella<\/strong>&#8220;.<\/p>\n<h1><span style=\"color: #008080;\"><strong>Atenci\u00f3n hospitalaria<\/strong><\/span><\/h1>\n<p>Previamente a estas dos sesiones, organizada conjuntamente con la Sociedad Catalana de Farmacia Cl\u00ednica (SCFC) el Colegio program\u00f3 una <strong>sesi\u00f3n informativa<\/strong> el pasado 30 de octubre dirigida a farmac\u00e9uticos del<strong>\u00e1mbito de la atenci\u00f3n hospitalaria<\/strong>. Ana Mar\u00eda Herranz, vocal de Farmacia Hospitalaria del Consejo General de Colegios Oficiales de Farmac\u00e9uticos, fue la encargada de explicar los <strong>detalles de la Directiva sobre Falsificaci\u00f3n de Medicamentos (FMD)<\/strong>, de compartir los <strong>elementos claves del sistema<\/strong> y de responder a las dudas planteadas por los asistentes.<\/p>\n<figure id=\"attachment_42777\" aria-describedby=\"caption-attachment-42777\" style=\"width: 945px\" class=\"wp-caption aligncenter\"><a href=\"https:\/\/blog.cofb.cat\/wp-content\/uploads\/2018\/11\/cofb.181030-16.jpg\"><img loading=\"lazy\" decoding=\"async\" class=\"wp-image-42777 size-full\" title=\"Ana Mar\u00eda Herranz, vocal nacional de Farmacia Hospitalaria del CGCOF, en un momento de su intervenci\u00f3n.\" src=\"https:\/\/blog.cofb.cat\/wp-content\/uploads\/2018\/11\/cofb.181030-16.jpg\" alt=\"Ana Mar\u00eda Herranz, vocal nacional de Farm\u00e0cia Hospital\u00e0ria del CGCOF, en un moment de la seva intervenci\u00f3.\" width=\"945\" height=\"630\" \/><\/a><figcaption id=\"caption-attachment-42777\" class=\"wp-caption-text\">Ana Mar\u00eda Herranz, vocal nacional de Farmacia Hospitalaria del CGCOF, en un momento de su intervenci\u00f3n.<\/figcaption><\/figure>\n<p>Durante la charla, Herranz destac\u00f3 que \u201c<strong>el 84% de medicamentos que gestionamos en los Servicios de Farmacia Hospitalaria (SFH) est\u00e1n afectados por la FMD\u201d<\/strong>. Respecto al impacto que supondr\u00e1 la adaptaci\u00f3n a la Directiva, con implicaciones como la \u201c<strong>compra de tecnolog\u00eda, la adaptaci\u00f3n del software, el cambio de los procesos o la formaci\u00f3n espec\u00edfica<\/strong>\u201c, la vocal del CGCOF expuso que se viera esta situaci\u00f3n como \u201c<strong>oportunidades y no s\u00f3lo obligaciones<\/strong>\u201c, recordando que las <strong>vocal\u00edas provinciales y la SEFH<\/strong> (Sociedad Espa\u00f1ola de Farmacia Hospitalaria) dar\u00e1n\u00a0<strong>apoyo, especialmente en el \u00e1mbito de la formaci\u00f3n<\/strong>.<\/p>\n<div class=\"box success\"><\/p>\n<p style=\"text-align: center;\"><strong>Para m\u00e1s informaci\u00f3n <\/strong>puede consultar<strong> <a href=\"https:\/\/farmaceutics.cofb.net\/group\/guest\/ultims-comunicats\/-\/asset_publisher\/H4sC0W15BZtR\/content\/video-sevem-quins-passos-haura-de-seguir-la-farmacia-9-febrer-implementacio\/maximized?_101_INSTANCE_H4sC0W15BZtR_redirect=\/group\/guest\/activitat-de-l-oficina\" target=\"_blank\" rel=\"noopener\">esta p\u00e1gina<\/a>\u00a0<\/strong>de la intranet colegial con las<strong> \u00faltimas actualizaciones <\/strong>sobre este tema <strong>(exclusivo colegiados).\u00a0<\/strong><\/p>\n<p><\/div>\n<p><strong>Otras publicaciones de inter\u00e9s:<\/strong><\/p>\n<ul>\n<li><a href=\"https:\/\/blog.cofb.cat\/transformacio-digital-dels-collegis-professionals\/\" target=\"_blank\" rel=\"noopener\">La transformaci\u00f3n digital de los Colegios profesionales (Agosto 2018)<\/a><\/li>\n<li><a href=\"https:\/\/blog.cofb.cat\/entrevista-ramon-bonet-vocal-de-dindustria-del-cofb\/\" target=\"_blank\" rel=\"noopener\">Entrevista a Ramon Bonet, vocal de Industria del COFB (Enero 2017)<\/a><\/li>\n<\/ul>","protected":false},"excerpt":{"rendered":"<p>En las \u00faltimas semanas, el Colegio de Farmac\u00e9uticos de Barcelona (COFB) ha organizado diversas sesiones informativas para explicar los retos y oportunidades, as\u00ed como dar respuesta a las dudas que genera la serializaci\u00f3n de medicamentos y la implantaci\u00f3n del SEVeM. Los m\u00e1s de 1.300 inscritos en las tres sesiones celebradas hasta ahora, en los \u00e1mbitos de [\u2026]<\/p>","protected":false},"author":1,"featured_media":43051,"comment_status":"open","ping_status":"open","sticky":false,"template":"","format":"standard","meta":{"_uag_custom_page_level_css":"","site-sidebar-layout":"default","site-content-layout":"","ast-site-content-layout":"default","site-content-style":"default","site-sidebar-style":"default","ast-global-header-display":"","ast-banner-title-visibility":"","ast-main-header-display":"","ast-hfb-above-header-display":"","ast-hfb-below-header-display":"","ast-hfb-mobile-header-display":"","site-post-title":"","ast-breadcrumbs-content":"","ast-featured-img":"disabled","footer-sml-layout":"","theme-transparent-header-meta":"","adv-header-id-meta":"","stick-header-meta":"","header-above-stick-meta":"","header-main-stick-meta":"","header-below-stick-meta":"","astra-migrate-meta-layouts":"default","ast-page-background-enabled":"default","ast-page-background-meta":{"desktop":{"background-color":"var(--ast-global-color-4)","background-image":"","background-repeat":"repeat","background-position":"center center","background-size":"auto","background-attachment":"scroll","background-type":"","background-media":"","overlay-type":"","overlay-color":"","overlay-opacity":"","overlay-gradient":""},"tablet":{"background-color":"","background-image":"","background-repeat":"repeat","background-position":"center center","background-size":"auto","background-attachment":"scroll","background-type":"","background-media":"","overlay-type":"","overlay-color":"","overlay-opacity":"","overlay-gradient":""},"mobile":{"background-color":"","background-image":"","background-repeat":"repeat","background-position":"center center","background-size":"auto","background-attachment":"scroll","background-type":"","background-media":"","overlay-type":"","overlay-color":"","overlay-opacity":"","overlay-gradient":""}},"ast-content-background-meta":{"desktop":{"background-color":"var(--ast-global-color-5)","background-image":"","background-repeat":"repeat","background-position":"center center","background-size":"auto","background-attachment":"scroll","background-type":"","background-media":"","overlay-type":"","overlay-color":"","overlay-opacity":"","overlay-gradient":""},"tablet":{"background-color":"var(--ast-global-color-5)","background-image":"","background-repeat":"repeat","background-position":"center center","background-size":"auto","background-attachment":"scroll","background-type":"","background-media":"","overlay-type":"","overlay-color":"","overlay-opacity":"","overlay-gradient":""},"mobile":{"background-color":"var(--ast-global-color-5)","background-image":"","background-repeat":"repeat","background-position":"center center","background-size":"auto","background-attachment":"scroll","background-type":"","background-media":"","overlay-type":"","overlay-color":"","overlay-opacity":"","overlay-gradient":""}},"footnotes":""},"categories":[57],"tags":[18,19,2157,53,68,69,480,335,45,3331,837,2710],"class_list":["post-42489","post","type-post","status-publish","format-standard","has-post-thumbnail","hentry","category-mon-collegial","tag-cofb","tag-collegi-de-farmaceutics-de-barcelona","tag-distribucio","tag-farmaceutics","tag-farmacia","tag-farmacia-comunitaria","tag-farmacia-hospitalaria","tag-medicacio","tag-medicaments","tag-serialitzacio","tag-sevem","tag-verificacio-de-medicaments"],"yoast_head":"<!-- This site is optimized with the Yoast SEO plugin v22.4 - https:\/\/yoast.com\/wordpress\/plugins\/seo\/ -->\n<title>M\u00e9s de 1.300 inscrits a les sessions informatives sobre la implementaci\u00f3 del SEVeM celebrades al COFB - Col\u00b7legi de Farmac\u00e8utics de Barcelona<\/title>\n<meta name=\"description\" content=\"Les darreres setmanes, el\u00a0Col\u00b7legi de Farmac\u00e8utics de Barcelona (COFB)\u00a0ha organitzat diverses sessions informatives per tal d\u2019explicar els reptes i oportunitats, aix\u00ed com, respondre als dubtes que genera\u00a0la serialitzaci\u00f3 de medicaments i la implantaci\u00f3 del SEVeM en diferents \u00e0mbits de la professi\u00f3.\" \/>\n<meta name=\"robots\" content=\"index, follow, max-snippet:-1, max-image-preview:large, max-video-preview:-1\" \/>\n<link rel=\"canonical\" href=\"https:\/\/novaorg.cofb.net\/2018\/12\/13\/mes-1-300-inscrits-sessions-informatives-sobre-implementacio-sevem-celebrades-cofb\/\" \/>\n<meta property=\"og:locale\" content=\"es_ES\" \/>\n<meta property=\"og:type\" content=\"article\" \/>\n<meta property=\"og:title\" content=\"M\u00e9s de 1.300 inscrits a les sessions informatives sobre la implementaci\u00f3 del SEVeM celebrades al COFB - Col\u00b7legi de Farmac\u00e8utics de Barcelona\" \/>\n<meta property=\"og:description\" content=\"Les darreres setmanes, el\u00a0Col\u00b7legi de Farmac\u00e8utics de Barcelona (COFB)\u00a0ha organitzat diverses sessions informatives per tal d\u2019explicar els reptes i oportunitats, aix\u00ed com, respondre als dubtes que genera\u00a0la serialitzaci\u00f3 de medicaments i la implantaci\u00f3 del SEVeM en diferents \u00e0mbits de la professi\u00f3.\" \/>\n<meta property=\"og:url\" content=\"https:\/\/novaorg.cofb.net\/2018\/12\/13\/mes-1-300-inscrits-sessions-informatives-sobre-implementacio-sevem-celebrades-cofb\/\" \/>\n<meta property=\"og:site_name\" content=\"Col\u00b7legi de Farmac\u00e8utics de Barcelona\" \/>\n<meta property=\"article:publisher\" content=\"https:\/\/www.facebook.com\/farmaceuticsbcn\/\" \/>\n<meta property=\"article:published_time\" content=\"2018-12-13T13:16:46+00:00\" \/>\n<meta name=\"author\" content=\"wpAdminCofbOrg\" \/>\n<meta name=\"twitter:card\" content=\"summary_large_image\" \/>\n<meta name=\"twitter:creator\" content=\"@farmaceuticsbcn\" \/>\n<meta name=\"twitter:site\" content=\"@farmaceuticsbcn\" \/>\n<meta name=\"twitter:label1\" content=\"Escrito por\" \/>\n\t<meta name=\"twitter:data1\" content=\"wpAdminCofbOrg\" \/>\n\t<meta name=\"twitter:label2\" content=\"Tiempo de lectura\" \/>\n\t<meta name=\"twitter:data2\" content=\"7 minutos\" \/>\n<script type=\"application\/ld+json\" class=\"yoast-schema-graph\">{\"@context\":\"https:\/\/schema.org\",\"@graph\":[{\"@type\":\"Article\",\"@id\":\"https:\/\/novaorg.cofb.net\/2018\/12\/13\/mes-1-300-inscrits-sessions-informatives-sobre-implementacio-sevem-celebrades-cofb\/#article\",\"isPartOf\":{\"@id\":\"https:\/\/novaorg.cofb.net\/2018\/12\/13\/mes-1-300-inscrits-sessions-informatives-sobre-implementacio-sevem-celebrades-cofb\/\"},\"author\":{\"name\":\"wpAdminCofbOrg\",\"@id\":\"https:\/\/www.cofb.org\/#\/schema\/person\/22ed7eea88da74b0fa4d3154ad87ffcb\"},\"headline\":\"M\u00e9s de 1.300 inscrits a les sessions informatives sobre la implementaci\u00f3 del SEVeM celebrades al COFB\",\"datePublished\":\"2018-12-13T13:16:46+00:00\",\"dateModified\":\"2018-12-13T13:16:46+00:00\",\"mainEntityOfPage\":{\"@id\":\"https:\/\/novaorg.cofb.net\/2018\/12\/13\/mes-1-300-inscrits-sessions-informatives-sobre-implementacio-sevem-celebrades-cofb\/\"},\"wordCount\":1535,\"commentCount\":0,\"publisher\":{\"@id\":\"https:\/\/www.cofb.org\/#organization\"},\"image\":{\"@id\":\"https:\/\/novaorg.cofb.net\/2018\/12\/13\/mes-1-300-inscrits-sessions-informatives-sobre-implementacio-sevem-celebrades-cofb\/#primaryimage\"},\"thumbnailUrl\":\"\",\"keywords\":[\"COFB\",\"Col\u00b7legi de Farmac\u00e8utics de Barcelona\",\"Distribuci\u00f3\",\"farmac\u00e8utics\",\"Farm\u00e0cia\",\"farm\u00e0cia comunit\u00e0ria\",\"farm\u00e0cia hospital\u00e0ria\",\"medicaci\u00f3\",\"medicaments\",\"serialitzaci\u00f3\",\"SEVeM\",\"verificaci\u00f3 de medicaments\"],\"articleSection\":[\"M\u00f3n col\u00b7legial\"],\"inLanguage\":\"es\",\"potentialAction\":[{\"@type\":\"CommentAction\",\"name\":\"Comment\",\"target\":[\"https:\/\/novaorg.cofb.net\/2018\/12\/13\/mes-1-300-inscrits-sessions-informatives-sobre-implementacio-sevem-celebrades-cofb\/#respond\"]}]},{\"@type\":\"WebPage\",\"@id\":\"https:\/\/novaorg.cofb.net\/2018\/12\/13\/mes-1-300-inscrits-sessions-informatives-sobre-implementacio-sevem-celebrades-cofb\/\",\"url\":\"https:\/\/novaorg.cofb.net\/2018\/12\/13\/mes-1-300-inscrits-sessions-informatives-sobre-implementacio-sevem-celebrades-cofb\/\",\"name\":\"M\u00e9s de 1.300 inscrits a les sessions informatives sobre la implementaci\u00f3 del SEVeM celebrades al COFB - Col\u00b7legi de Farmac\u00e8utics de Barcelona\",\"isPartOf\":{\"@id\":\"https:\/\/www.cofb.org\/#website\"},\"primaryImageOfPage\":{\"@id\":\"https:\/\/novaorg.cofb.net\/2018\/12\/13\/mes-1-300-inscrits-sessions-informatives-sobre-implementacio-sevem-celebrades-cofb\/#primaryimage\"},\"image\":{\"@id\":\"https:\/\/novaorg.cofb.net\/2018\/12\/13\/mes-1-300-inscrits-sessions-informatives-sobre-implementacio-sevem-celebrades-cofb\/#primaryimage\"},\"thumbnailUrl\":\"\",\"datePublished\":\"2018-12-13T13:16:46+00:00\",\"dateModified\":\"2018-12-13T13:16:46+00:00\",\"description\":\"Les darreres setmanes, el\u00a0Col\u00b7legi de Farmac\u00e8utics de Barcelona (COFB)\u00a0ha organitzat diverses sessions informatives per tal d\u2019explicar els reptes i oportunitats, aix\u00ed com, respondre als dubtes que genera\u00a0la serialitzaci\u00f3 de medicaments i la implantaci\u00f3 del SEVeM en diferents \u00e0mbits de la professi\u00f3.\",\"breadcrumb\":{\"@id\":\"https:\/\/novaorg.cofb.net\/2018\/12\/13\/mes-1-300-inscrits-sessions-informatives-sobre-implementacio-sevem-celebrades-cofb\/#breadcrumb\"},\"inLanguage\":\"es\",\"potentialAction\":[{\"@type\":\"ReadAction\",\"target\":[\"https:\/\/novaorg.cofb.net\/2018\/12\/13\/mes-1-300-inscrits-sessions-informatives-sobre-implementacio-sevem-celebrades-cofb\/\"]}]},{\"@type\":\"ImageObject\",\"inLanguage\":\"es\",\"@id\":\"https:\/\/novaorg.cofb.net\/2018\/12\/13\/mes-1-300-inscrits-sessions-informatives-sobre-implementacio-sevem-celebrades-cofb\/#primaryimage\",\"url\":\"\",\"contentUrl\":\"\"},{\"@type\":\"BreadcrumbList\",\"@id\":\"https:\/\/novaorg.cofb.net\/2018\/12\/13\/mes-1-300-inscrits-sessions-informatives-sobre-implementacio-sevem-celebrades-cofb\/#breadcrumb\",\"itemListElement\":[{\"@type\":\"ListItem\",\"position\":1,\"name\":\"Inici\",\"item\":\"https:\/\/novaorg.cofb.net\/\"},{\"@type\":\"ListItem\",\"position\":2,\"name\":\"M\u00e9s de 1.300 inscrits a les sessions informatives sobre la implementaci\u00f3 del SEVeM celebrades al COFB\"}]},{\"@type\":\"WebSite\",\"@id\":\"https:\/\/www.cofb.org\/#website\",\"url\":\"https:\/\/www.cofb.org\/\",\"name\":\"Col\u00b7legi de Farmac\u00e8utics de Barcelona\",\"description\":\"\",\"publisher\":{\"@id\":\"https:\/\/www.cofb.org\/#organization\"},\"potentialAction\":[{\"@type\":\"SearchAction\",\"target\":{\"@type\":\"EntryPoint\",\"urlTemplate\":\"https:\/\/www.cofb.org\/?s={search_term_string}\"},\"query-input\":\"required name=search_term_string\"}],\"inLanguage\":\"es\"},{\"@type\":\"Organization\",\"@id\":\"https:\/\/www.cofb.org\/#organization\",\"name\":\"Col\u00b7legi de Farmac\u00e8utics de Barcelona\",\"url\":\"https:\/\/www.cofb.org\/\",\"logo\":{\"@type\":\"ImageObject\",\"inLanguage\":\"es\",\"@id\":\"https:\/\/www.cofb.org\/#\/schema\/logo\/image\/\",\"url\":\"https:\/\/www.cofb.org\/wp-content\/uploads\/2023\/11\/cropped-Logotip-COFB.png\",\"contentUrl\":\"https:\/\/www.cofb.org\/wp-content\/uploads\/2023\/11\/cropped-Logotip-COFB.png\",\"width\":500,\"height\":105,\"caption\":\"Col\u00b7legi de Farmac\u00e8utics de Barcelona\"},\"image\":{\"@id\":\"https:\/\/www.cofb.org\/#\/schema\/logo\/image\/\"},\"sameAs\":[\"https:\/\/www.facebook.com\/farmaceuticsbcn\/\",\"https:\/\/twitter.com\/farmaceuticsbcn\",\"https:\/\/www.instagram.com\/farmaceuticsbcn\/\",\"https:\/\/www.linkedin.com\/company\/farmaceuticsbcn\/\"]},{\"@type\":\"Person\",\"@id\":\"https:\/\/www.cofb.org\/#\/schema\/person\/22ed7eea88da74b0fa4d3154ad87ffcb\",\"name\":\"wpAdminCofbOrg\",\"image\":{\"@type\":\"ImageObject\",\"inLanguage\":\"es\",\"@id\":\"https:\/\/www.cofb.org\/#\/schema\/person\/image\/\",\"url\":\"https:\/\/secure.gravatar.com\/avatar\/1721b20b3b8ca882c3b56ec6c978c594fff670e40c0718e9190eaeeb76aae7d8?s=96&d=mm&r=g\",\"contentUrl\":\"https:\/\/secure.gravatar.com\/avatar\/1721b20b3b8ca882c3b56ec6c978c594fff670e40c0718e9190eaeeb76aae7d8?s=96&d=mm&r=g\",\"caption\":\"wpAdminCofbOrg\"},\"sameAs\":[\"http:\/\/192.168.64.122\/wordpress\"],\"url\":\"https:\/\/www.cofb.org\/es\/author\/wpadmincofborg\/\"}]}<\/script>\n<!-- \/ Yoast SEO plugin. -->","yoast_head_json":{"title":"M\u00e9s de 1.300 inscrits a les sessions informatives sobre la implementaci\u00f3 del SEVeM celebrades al COFB - Col\u00b7legi de Farmac\u00e8utics de Barcelona","description":"Les darreres setmanes, el\u00a0Col\u00b7legi de Farmac\u00e8utics de Barcelona (COFB)\u00a0ha organitzat diverses sessions informatives per tal d\u2019explicar els reptes i oportunitats, aix\u00ed com, respondre als dubtes que genera\u00a0la serialitzaci\u00f3 de medicaments i la implantaci\u00f3 del SEVeM en diferents \u00e0mbits de la professi\u00f3.","robots":{"index":"index","follow":"follow","max-snippet":"max-snippet:-1","max-image-preview":"max-image-preview:large","max-video-preview":"max-video-preview:-1"},"canonical":"https:\/\/novaorg.cofb.net\/2018\/12\/13\/mes-1-300-inscrits-sessions-informatives-sobre-implementacio-sevem-celebrades-cofb\/","og_locale":"es_ES","og_type":"article","og_title":"M\u00e9s de 1.300 inscrits a les sessions informatives sobre la implementaci\u00f3 del SEVeM celebrades al COFB - Col\u00b7legi de Farmac\u00e8utics de Barcelona","og_description":"Les darreres setmanes, el\u00a0Col\u00b7legi de Farmac\u00e8utics de Barcelona (COFB)\u00a0ha organitzat diverses sessions informatives per tal d\u2019explicar els reptes i oportunitats, aix\u00ed com, respondre als dubtes que genera\u00a0la serialitzaci\u00f3 de medicaments i la implantaci\u00f3 del SEVeM en diferents \u00e0mbits de la professi\u00f3.","og_url":"https:\/\/novaorg.cofb.net\/2018\/12\/13\/mes-1-300-inscrits-sessions-informatives-sobre-implementacio-sevem-celebrades-cofb\/","og_site_name":"Col\u00b7legi de Farmac\u00e8utics de Barcelona","article_publisher":"https:\/\/www.facebook.com\/farmaceuticsbcn\/","article_published_time":"2018-12-13T13:16:46+00:00","author":"wpAdminCofbOrg","twitter_card":"summary_large_image","twitter_creator":"@farmaceuticsbcn","twitter_site":"@farmaceuticsbcn","twitter_misc":{"Escrito por":"wpAdminCofbOrg","Tiempo de lectura":"7 minutos"},"schema":{"@context":"https:\/\/schema.org","@graph":[{"@type":"Article","@id":"https:\/\/novaorg.cofb.net\/2018\/12\/13\/mes-1-300-inscrits-sessions-informatives-sobre-implementacio-sevem-celebrades-cofb\/#article","isPartOf":{"@id":"https:\/\/novaorg.cofb.net\/2018\/12\/13\/mes-1-300-inscrits-sessions-informatives-sobre-implementacio-sevem-celebrades-cofb\/"},"author":{"name":"wpAdminCofbOrg","@id":"https:\/\/www.cofb.org\/#\/schema\/person\/22ed7eea88da74b0fa4d3154ad87ffcb"},"headline":"M\u00e9s de 1.300 inscrits a les sessions informatives sobre la implementaci\u00f3 del SEVeM celebrades al COFB","datePublished":"2018-12-13T13:16:46+00:00","dateModified":"2018-12-13T13:16:46+00:00","mainEntityOfPage":{"@id":"https:\/\/novaorg.cofb.net\/2018\/12\/13\/mes-1-300-inscrits-sessions-informatives-sobre-implementacio-sevem-celebrades-cofb\/"},"wordCount":1535,"commentCount":0,"publisher":{"@id":"https:\/\/www.cofb.org\/#organization"},"image":{"@id":"https:\/\/novaorg.cofb.net\/2018\/12\/13\/mes-1-300-inscrits-sessions-informatives-sobre-implementacio-sevem-celebrades-cofb\/#primaryimage"},"thumbnailUrl":"","keywords":["COFB","Col\u00b7legi de Farmac\u00e8utics de Barcelona","Distribuci\u00f3","farmac\u00e8utics","Farm\u00e0cia","farm\u00e0cia comunit\u00e0ria","farm\u00e0cia hospital\u00e0ria","medicaci\u00f3","medicaments","serialitzaci\u00f3","SEVeM","verificaci\u00f3 de medicaments"],"articleSection":["M\u00f3n col\u00b7legial"],"inLanguage":"es","potentialAction":[{"@type":"CommentAction","name":"Comment","target":["https:\/\/novaorg.cofb.net\/2018\/12\/13\/mes-1-300-inscrits-sessions-informatives-sobre-implementacio-sevem-celebrades-cofb\/#respond"]}]},{"@type":"WebPage","@id":"https:\/\/novaorg.cofb.net\/2018\/12\/13\/mes-1-300-inscrits-sessions-informatives-sobre-implementacio-sevem-celebrades-cofb\/","url":"https:\/\/novaorg.cofb.net\/2018\/12\/13\/mes-1-300-inscrits-sessions-informatives-sobre-implementacio-sevem-celebrades-cofb\/","name":"M\u00e9s de 1.300 inscrits a les sessions informatives sobre la implementaci\u00f3 del SEVeM celebrades al COFB - Col\u00b7legi de Farmac\u00e8utics de Barcelona","isPartOf":{"@id":"https:\/\/www.cofb.org\/#website"},"primaryImageOfPage":{"@id":"https:\/\/novaorg.cofb.net\/2018\/12\/13\/mes-1-300-inscrits-sessions-informatives-sobre-implementacio-sevem-celebrades-cofb\/#primaryimage"},"image":{"@id":"https:\/\/novaorg.cofb.net\/2018\/12\/13\/mes-1-300-inscrits-sessions-informatives-sobre-implementacio-sevem-celebrades-cofb\/#primaryimage"},"thumbnailUrl":"","datePublished":"2018-12-13T13:16:46+00:00","dateModified":"2018-12-13T13:16:46+00:00","description":"Les darreres setmanes, el\u00a0Col\u00b7legi de Farmac\u00e8utics de Barcelona (COFB)\u00a0ha organitzat diverses sessions informatives per tal d\u2019explicar els reptes i oportunitats, aix\u00ed com, respondre als dubtes que genera\u00a0la serialitzaci\u00f3 de medicaments i la implantaci\u00f3 del SEVeM en diferents \u00e0mbits de la professi\u00f3.","breadcrumb":{"@id":"https:\/\/novaorg.cofb.net\/2018\/12\/13\/mes-1-300-inscrits-sessions-informatives-sobre-implementacio-sevem-celebrades-cofb\/#breadcrumb"},"inLanguage":"es","potentialAction":[{"@type":"ReadAction","target":["https:\/\/novaorg.cofb.net\/2018\/12\/13\/mes-1-300-inscrits-sessions-informatives-sobre-implementacio-sevem-celebrades-cofb\/"]}]},{"@type":"ImageObject","inLanguage":"es","@id":"https:\/\/novaorg.cofb.net\/2018\/12\/13\/mes-1-300-inscrits-sessions-informatives-sobre-implementacio-sevem-celebrades-cofb\/#primaryimage","url":"","contentUrl":""},{"@type":"BreadcrumbList","@id":"https:\/\/novaorg.cofb.net\/2018\/12\/13\/mes-1-300-inscrits-sessions-informatives-sobre-implementacio-sevem-celebrades-cofb\/#breadcrumb","itemListElement":[{"@type":"ListItem","position":1,"name":"Inici","item":"https:\/\/novaorg.cofb.net\/"},{"@type":"ListItem","position":2,"name":"M\u00e9s de 1.300 inscrits a les sessions informatives sobre la implementaci\u00f3 del SEVeM celebrades al COFB"}]},{"@type":"WebSite","@id":"https:\/\/www.cofb.org\/#website","url":"https:\/\/www.cofb.org\/","name":"Col\u00b7legi de Farmac\u00e8utics de Barcelona","description":"","publisher":{"@id":"https:\/\/www.cofb.org\/#organization"},"potentialAction":[{"@type":"SearchAction","target":{"@type":"EntryPoint","urlTemplate":"https:\/\/www.cofb.org\/?s={search_term_string}"},"query-input":"required name=search_term_string"}],"inLanguage":"es"},{"@type":"Organization","@id":"https:\/\/www.cofb.org\/#organization","name":"Col\u00b7legi de Farmac\u00e8utics de Barcelona","url":"https:\/\/www.cofb.org\/","logo":{"@type":"ImageObject","inLanguage":"es","@id":"https:\/\/www.cofb.org\/#\/schema\/logo\/image\/","url":"https:\/\/www.cofb.org\/wp-content\/uploads\/2023\/11\/cropped-Logotip-COFB.png","contentUrl":"https:\/\/www.cofb.org\/wp-content\/uploads\/2023\/11\/cropped-Logotip-COFB.png","width":500,"height":105,"caption":"Col\u00b7legi de Farmac\u00e8utics de Barcelona"},"image":{"@id":"https:\/\/www.cofb.org\/#\/schema\/logo\/image\/"},"sameAs":["https:\/\/www.facebook.com\/farmaceuticsbcn\/","https:\/\/twitter.com\/farmaceuticsbcn","https:\/\/www.instagram.com\/farmaceuticsbcn\/","https:\/\/www.linkedin.com\/company\/farmaceuticsbcn\/"]},{"@type":"Person","@id":"https:\/\/www.cofb.org\/#\/schema\/person\/22ed7eea88da74b0fa4d3154ad87ffcb","name":"wpAdminCofbOrg","image":{"@type":"ImageObject","inLanguage":"es","@id":"https:\/\/www.cofb.org\/#\/schema\/person\/image\/","url":"https:\/\/secure.gravatar.com\/avatar\/1721b20b3b8ca882c3b56ec6c978c594fff670e40c0718e9190eaeeb76aae7d8?s=96&d=mm&r=g","contentUrl":"https:\/\/secure.gravatar.com\/avatar\/1721b20b3b8ca882c3b56ec6c978c594fff670e40c0718e9190eaeeb76aae7d8?s=96&d=mm&r=g","caption":"wpAdminCofbOrg"},"sameAs":["http:\/\/192.168.64.122\/wordpress"],"url":"https:\/\/www.cofb.org\/es\/author\/wpadmincofborg\/"}]}},"uagb_featured_image_src":{"full":false,"thumbnail":false,"medium":false,"medium_large":false,"large":false,"1536x1536":false,"2048x2048":false,"trp-custom-language-flag":false},"uagb_author_info":{"display_name":"wpAdminCofbOrg","author_link":"https:\/\/www.cofb.org\/es\/author\/wpadmincofborg\/"},"uagb_comment_info":0,"uagb_excerpt":"Les darreres setmanes, el\u00a0Col\u00b7legi de Farmac\u00e8utics de Barcelona (COFB)\u00a0ha organitzat diverses sessions informatives per tal d\u2019explicar els reptes i oportunitats, aix\u00ed com donar resposta als dubtes que genera\u00a0la serialitzaci\u00f3 de medicaments i la implantaci\u00f3 del SEVeM.\u00a0Els m\u00e9s de 1.300 inscrits en les tres sessions celebrades fins ara,\u00a0en els \u00e0mbits de [&hellip;]","_links":{"self":[{"href":"https:\/\/www.cofb.org\/es\/wp-json\/wp\/v2\/posts\/42489","targetHints":{"allow":["GET"]}}],"collection":[{"href":"https:\/\/www.cofb.org\/es\/wp-json\/wp\/v2\/posts"}],"about":[{"href":"https:\/\/www.cofb.org\/es\/wp-json\/wp\/v2\/types\/post"}],"author":[{"embeddable":true,"href":"https:\/\/www.cofb.org\/es\/wp-json\/wp\/v2\/users\/1"}],"replies":[{"embeddable":true,"href":"https:\/\/www.cofb.org\/es\/wp-json\/wp\/v2\/comments?post=42489"}],"version-history":[{"count":0,"href":"https:\/\/www.cofb.org\/es\/wp-json\/wp\/v2\/posts\/42489\/revisions"}],"wp:featuredmedia":[{"embeddable":true,"href":"https:\/\/www.cofb.org\/es\/wp-json\/"}],"wp:attachment":[{"href":"https:\/\/www.cofb.org\/es\/wp-json\/wp\/v2\/media?parent=42489"}],"wp:term":[{"taxonomy":"category","embeddable":true,"href":"https:\/\/www.cofb.org\/es\/wp-json\/wp\/v2\/categories?post=42489"},{"taxonomy":"post_tag","embeddable":true,"href":"https:\/\/www.cofb.org\/es\/wp-json\/wp\/v2\/tags?post=42489"}],"curies":[{"name":"wp","href":"https:\/\/api.w.org\/{rel}","templated":true}]}}