{"id":42034,"date":"2018-11-16T15:23:53","date_gmt":"2018-11-16T13:23:53","guid":{"rendered":"https:\/\/blog.cofb.cat\/?p=42034"},"modified":"2018-11-16T15:23:53","modified_gmt":"2018-11-16T13:23:53","slug":"reneixer-reflexions-president-jordi-dalmases-sobre-recuperacio-data-cobrament-receptes","status":"publish","type":"post","link":"https:\/\/www.cofb.org\/es\/2018\/11\/16\/reneixer-reflexions-president-jordi-dalmases-sobre-recuperacio-data-cobrament-receptes\/","title":{"rendered":"&quot;Renacer&quot;. Reflexiones del presidente Jordi de Dalmases sobre la recuperaci\u00f3n de la fecha de cobro de recetas"},"content":{"rendered":"<h3><\/h3>\n<h3><strong>Art\u00edculo de Jordi de Dalmases, presidente del Colegio de Farmac\u00e9uticos de Barcelona y del Consejo de Colegios de Farmac\u00e9uticos de Catalunya.<br \/>\n<\/strong><\/h3>\n<div class=\"box shadow\"><span style=\"color: #333333;\">\u00a0<\/span><strong><span style=\"color: #008080;\">&quot;Estaremos siempre orgullosos de que, a pesar de estas situaciones complejas, los farmac\u00e9uticos hayan mantenido en todo momento el compromiso con la raz\u00f3n de ser de la profesi\u00f3n, que es el ciudadano, sin que el servicio asistencial se viera afectado&quot;.\u00a0<\/span><\/strong><\/div>\n<p><strong><em>Renacer<\/em><\/strong> es de esas palabras que es dif\u00edcil explicar todo lo que abarca, pero podr\u00eda concluirse que s\u00f3lo aquellos que han estado antes al borde del abismo pueden entender realmente su magnitud.<\/p>\n<p>Los <strong>farmac\u00e9uticos catalanes, <a href=\"https:\/\/www.correofarmaceutico.com\/profesion\/finalizan-los-retrasos-en-los-pagos-a-las-farmacias-en-cataluna.html\" target=\"_blank\" rel=\"noopener\"><u>con la recuperaci\u00f3n de la fecha de cobro de recetas dispensadas<\/u> <\/a>despu\u00e9s de ocho a\u00f1os<\/strong>, podemos apropiarnos de estas ocho letras y decir que <strong>hemos vuelto a nacer<\/strong>; que por fin ha llegado este \u00faltimo cap\u00edtulo de una historia que parec\u00eda interminable. Y que, gracias a ese final, ver\u00e1n la luz nuevos principios.<\/p>\n<p><a href=\"https:\/\/blog.cofb.cat\/wp-content\/uploads\/2018\/11\/Oficina-de-Farmacia_-1.jpg\"><img fetchpriority=\"high\" decoding=\"async\" class=\"aligncenter wp-image-42248 size-full\" title=\"Imagen del s\u00edmbolo de una farmacia \" src=\"https:\/\/blog.cofb.cat\/wp-content\/uploads\/2018\/11\/Oficina-de-Farmacia_-1.jpg\" alt=\"\" width=\"1016\" height=\"620\" \/><\/a><\/p>\n<p><strong>En julio de 2010 comenzaban las <a href=\"https:\/\/www.correofarmaceutico.com\/politica-sanitaria\/crece-la-tension-en-cataluna-por-el-pago-de-las-recetas.html\" target=\"_blank\" rel=\"noopener\">primeras dificultades en el pago de las facturas<\/a><\/strong> <strong>por los medicamentos dispensados en las farmacias catalanas<\/strong>. Fue entonces cuando<strong> empez\u00f3 una carrera de fondo<\/strong> <strong>para conseguir que<\/strong> <strong>aquella situaci\u00f3n<span style=\"color: #000000;\"> se extinguiera<\/span>\u00a0lo antes posible<\/strong>, o, al menos, no empeorara.<\/p>\n<h1><span style=\"color: #008080;\"><strong>El medicamento, una prioridad<\/strong><\/span><\/h1>\n<p style=\"text-align: left;\">Durante todo este tiempo <strong>hemos luchado para que los medicamentos fueran una prioridad para las administraciones al igual que lo es para los pacientes<\/strong>. Y lo hemos hecho, entre otras muchas acciones, <strong>impulsando diferentes <a href=\"https:\/\/www.correofarmaceutico.com\/politica-sanitaria\/las-farmacias-de-cataluna-expondran-carteles-denunciando-los-impagos.html\">campa\u00f1as de sensibilizaci\u00f3n<\/a> y denuncia<\/strong>; <strong>negociando con la Administraci\u00f3n<\/strong> central y auton\u00f3mica; <strong>organizando dos concentraciones<\/strong> \u2013una frente a la Generalitat y otra ante la Delegaci\u00f3n del Gobierno de Catalu\u00f1a\u2013, y <strong><a href=\"https:\/\/www.correofarmaceutico.com\/politica-sanitaria\/400000-firmas-de-ciudadanos-contra-impagos-en-cataluna.html\" target=\"_blank\" rel=\"noopener\">recogiendo 400.000 firmas<\/a> para presentarlas en\u00a0<em>Parlamento<\/em><\/strong>.<\/p>\n<p style=\"text-align: center;\"><a href=\"https:\/\/blog.cofb.cat\/wp-content\/uploads\/2018\/11\/Jordi-de-Dalmases.jpg\"><img decoding=\"async\" class=\"aligncenter wp-image-42230 size-full\" title=\"Jordi de Dalmases, presidente del Colegio de Farmac\u00e9uticos de Barcelona y del Consejo de Colegios de Farmac\u00e9uticos de Catalunya\" src=\"https:\/\/blog.cofb.cat\/wp-content\/uploads\/2018\/11\/Jordi-de-Dalmases.jpg\" alt=\"\" width=\"862\" height=\"616\" \/><\/a>Jordi de Dalmases, presidente del Consejo de COF de Catalunya.<\/p>\n<p>En esta <strong>lucha por los impagos<\/strong>, y tambi\u00e9n en la <a href=\"https:\/\/www.correofarmaceutico.com\/politica-sanitaria\/primeros-avales-juridicos-cataluna-reclamaciones-intereses.html\">reclamaci\u00f3n de los intereses<\/a> por los retrasos, sin duda, ha sido imprescindible el trabajo conjunto del <a href=\"http:\/\/www.ccfc.cat\/\">Consejo de Colegios de Farmac\u00e9uticos de Catalu\u00f1a<\/a> con la Federaci\u00f3n de Farmacias de Catalu\u00f1a (FEFAC).<\/p>\n<p><strong>Fueron momentos cr\u00edticos<\/strong> en los que se hace notable<strong> la importancia<\/strong> <strong>de actuar de la mano hacia una misma direcci\u00f3n<\/strong> y aunar fuerzas para conseguir resolver la problem\u00e1tica con las menores repercusiones posibles para el sector. <strong>Muestra de este trabajo en equipo fue el <a href=\"https:\/\/www.correofarmaceutico.com\/politica-sanitaria\/ocho-entidades-del-sector-sociosanitario-se-unen-en-cataluna-para-reclamar-el-pago-de-la-deuda.html\">clamor unitario que protagonizamos en 2015 junto con Pimec<\/a>\u00a0<\/strong>(patronal de la peque\u00f1a y mediana empresa de Catalu\u00f1a) <strong>y otras entidades del sector sanitario, farmac\u00e9utico y de la dependencia<\/strong> para denunciar que <strong>las administraciones estaban poniendo la salud en una situaci\u00f3n de quiebra.<\/strong><\/p>\n<h1><span style=\"color: #008080;\"><strong>Retrasos de hasta cuatro meses<\/strong><\/span><\/h1>\n<p><strong>Y es que en estos ocho a\u00f1os no ha sido f\u00e1cil hacer frente a los retrasos constantes de entre 25 y 55 d\u00edas, hasta alcanzar un m\u00e1ximo hist\u00f3rico de cuatro meses en 2013.<\/strong> <strong>Tampoco<\/strong> lo ha sido <strong>conseguir alternativas de financiaci\u00f3n para minimizar el impacto econ\u00f3mico sobre los farmac\u00e9uticos<\/strong>. Pero, sobre todo, lo que no ha sido f\u00e1cil es tener que decir adi\u00f3s a farmacias que han tenido que bajar la persiana porque ya no pod\u00edan aguantar m\u00e1s. Desde el Consejo de Colegios de Farmac\u00e9uticos de Catalu\u00f1a estaremos siempre orgullosos de que, <strong>a pesar de estas situaciones complejas, los farmac\u00e9uticos hayan mantenido en todo momento el compromiso con la raz\u00f3n de ser de la profesi\u00f3n<span style=\"color: #000000;\">, que es el ciudadano,<\/span> sin que el servicio asistencial se viera afectado<\/strong>. Han blindado la <strong>profesionalidad y la entereza, y no han olvidado que lo importante es seguir trabajando por y para el paciente<\/strong>, implicarse en la mejora de los resultados de salud, en los que los medicamentos tengan los efectos deseados y conseguir, con todo ello, mejorar la calidad de vida de las personas. Con esta actitud la profesi\u00f3n ha vuelto a ganar y <strong>ha reforzado los valores<\/strong> <strong>que caracterizan a la farmacia.<\/strong><\/p>\n<p>Celebramos que la Generalitat <strong>vuelva a pagar el d\u00eda 5 de cada mes<\/strong>, tal y como contempla el <em>Concierto<\/em> <em>de Atenci\u00f3n Farmac\u00e9utica<\/em>, y tal y como lo dec\u00eda al principio, gracias a este final,<strong> se abre la posibilidad de volver a crear proyectos de futuro para la farmacia catalana<\/strong>, en un clima de colaboraci\u00f3n con la Administraci\u00f3n que nos ha caracterizado siempre. Con la energ\u00eda que nos ha proporcionado esta buena noticia, es momento de mirar hacia delante y dar respuesta a los nuevos retos. <strong>Los farmac\u00e9uticos tenemos mucho que aportar y es hora de seguir demostr\u00e1ndolo.<\/strong><\/p>\n<p><strong>Traducci\u00f3n del art\u00edculo publicado en\u00a0<a href=\"https:\/\/www.correofarmaceutico.com\/opinion\/tribunas\/renacer.html\" target=\"_blank\" rel=\"noopener\">Correo Farmac\u00e9utico<\/a>\u00a0el 30\/10\/2018<\/strong><\/p>","protected":false},"excerpt":{"rendered":"<p>Art\u00edculo de Jordi de Dalmases, presidente del Colegio de Farmac\u00e9uticos de Barcelona y del Consejo de Colegios de Farmac\u00e9uticos de Catalunya. Renacer es de esas palabras que es dif\u00edcil explicar todo lo que abarca, pero podr\u00eda concluirse que s\u00f3lo aquellos que han estado antes al borde del abismo pueden [\u2026]<\/p>","protected":false},"author":1,"featured_media":42248,"comment_status":"open","ping_status":"open","sticky":false,"template":"","format":"standard","meta":{"_uag_custom_page_level_css":"","site-sidebar-layout":"default","site-content-layout":"","ast-site-content-layout":"default","site-content-style":"default","site-sidebar-style":"default","ast-global-header-display":"","ast-banner-title-visibility":"","ast-main-header-display":"","ast-hfb-above-header-display":"","ast-hfb-below-header-display":"","ast-hfb-mobile-header-display":"","site-post-title":"","ast-breadcrumbs-content":"","ast-featured-img":"disabled","footer-sml-layout":"","theme-transparent-header-meta":"","adv-header-id-meta":"","stick-header-meta":"","header-above-stick-meta":"","header-main-stick-meta":"","header-below-stick-meta":"","astra-migrate-meta-layouts":"default","ast-page-background-enabled":"default","ast-page-background-meta":{"desktop":{"background-color":"var(--ast-global-color-4)","background-image":"","background-repeat":"repeat","background-position":"center center","background-size":"auto","background-attachment":"scroll","background-type":"","background-media":"","overlay-type":"","overlay-color":"","overlay-opacity":"","overlay-gradient":""},"tablet":{"background-color":"","background-image":"","background-repeat":"repeat","background-position":"center center","background-size":"auto","background-attachment":"scroll","background-type":"","background-media":"","overlay-type":"","overlay-color":"","overlay-opacity":"","overlay-gradient":""},"mobile":{"background-color":"","background-image":"","background-repeat":"repeat","background-position":"center center","background-size":"auto","background-attachment":"scroll","background-type":"","background-media":"","overlay-type":"","overlay-color":"","overlay-opacity":"","overlay-gradient":""}},"ast-content-background-meta":{"desktop":{"background-color":"var(--ast-global-color-5)","background-image":"","background-repeat":"repeat","background-position":"center center","background-size":"auto","background-attachment":"scroll","background-type":"","background-media":"","overlay-type":"","overlay-color":"","overlay-opacity":"","overlay-gradient":""},"tablet":{"background-color":"var(--ast-global-color-5)","background-image":"","background-repeat":"repeat","background-position":"center center","background-size":"auto","background-attachment":"scroll","background-type":"","background-media":"","overlay-type":"","overlay-color":"","overlay-opacity":"","overlay-gradient":""},"mobile":{"background-color":"var(--ast-global-color-5)","background-image":"","background-repeat":"repeat","background-position":"center center","background-size":"auto","background-attachment":"scroll","background-type":"","background-media":"","overlay-type":"","overlay-color":"","overlay-opacity":"","overlay-gradient":""}},"footnotes":""},"categories":[489],"tags":[18,19,3316,311,52,3317,914,2123,3318,3278],"class_list":["post-42034","post","type-post","status-publish","format-standard","has-post-thumbnail","hentry","category-opinions-del-collegi","tag-cofb","tag-collegi-de-farmaceutics-de-barcelona","tag-consell-de-collegis-de-farmaceutics-de-catalunya","tag-departament-de-salut","tag-farmaceutic","tag-federacio-de-farmacies-de-catalunya","tag-generalitat-de-catalunya","tag-jordi-de-dalmases","tag-pimec","tag-retards-pagaments"],"yoast_head":"<!-- This site is optimized with the Yoast SEO plugin v22.4 - https:\/\/yoast.com\/wordpress\/plugins\/seo\/ -->\n<title>&quot;Ren\u00e9ixer&quot;. Reflexions del president Jordi de Dalmases sobre la recuperaci\u00f3 de la data de cobrament de receptes - Col\u00b7legi de Farmac\u00e8utics de Barcelona<\/title>\n<meta name=\"description\" content=\"Reflexions del president del Col\u00b7legi de Farmac\u00e8utics de Barcelona i del Consell de Col\u00b7legis de Farmac\u00e8utics de Catalunya,Jordi de Dalmases, sobre la recuperaci\u00f3 de la data de cobrament de receptes dispensades.\" \/>\n<meta name=\"robots\" content=\"index, follow, max-snippet:-1, max-image-preview:large, max-video-preview:-1\" \/>\n<link rel=\"canonical\" href=\"https:\/\/novaorg.cofb.net\/2018\/11\/16\/reneixer-reflexions-president-jordi-dalmases-sobre-recuperacio-data-cobrament-receptes\/\" \/>\n<meta property=\"og:locale\" content=\"es_ES\" \/>\n<meta property=\"og:type\" content=\"article\" \/>\n<meta property=\"og:title\" content=\"&quot;Ren\u00e9ixer&quot;. Reflexions del president Jordi de Dalmases sobre la recuperaci\u00f3 de la data de cobrament de receptes - Col\u00b7legi de Farmac\u00e8utics de Barcelona\" \/>\n<meta property=\"og:description\" content=\"Reflexions del president del Col\u00b7legi de Farmac\u00e8utics de Barcelona i del Consell de Col\u00b7legis de Farmac\u00e8utics de Catalunya,Jordi de Dalmases, sobre la recuperaci\u00f3 de la data de cobrament de receptes dispensades.\" \/>\n<meta property=\"og:url\" content=\"https:\/\/novaorg.cofb.net\/2018\/11\/16\/reneixer-reflexions-president-jordi-dalmases-sobre-recuperacio-data-cobrament-receptes\/\" \/>\n<meta property=\"og:site_name\" content=\"Col\u00b7legi de Farmac\u00e8utics de Barcelona\" \/>\n<meta property=\"article:publisher\" content=\"https:\/\/www.facebook.com\/farmaceuticsbcn\/\" \/>\n<meta property=\"article:published_time\" content=\"2018-11-16T13:23:53+00:00\" \/>\n<meta name=\"author\" content=\"wpAdminCofbOrg\" \/>\n<meta name=\"twitter:card\" content=\"summary_large_image\" \/>\n<meta name=\"twitter:creator\" content=\"@farmaceuticsbcn\" \/>\n<meta name=\"twitter:site\" content=\"@farmaceuticsbcn\" \/>\n<meta name=\"twitter:label1\" content=\"Escrito por\" \/>\n\t<meta name=\"twitter:data1\" content=\"wpAdminCofbOrg\" \/>\n\t<meta name=\"twitter:label2\" content=\"Tiempo de lectura\" \/>\n\t<meta name=\"twitter:data2\" content=\"4 minutos\" \/>\n<script type=\"application\/ld+json\" class=\"yoast-schema-graph\">{\"@context\":\"https:\/\/schema.org\",\"@graph\":[{\"@type\":\"Article\",\"@id\":\"https:\/\/novaorg.cofb.net\/2018\/11\/16\/reneixer-reflexions-president-jordi-dalmases-sobre-recuperacio-data-cobrament-receptes\/#article\",\"isPartOf\":{\"@id\":\"https:\/\/novaorg.cofb.net\/2018\/11\/16\/reneixer-reflexions-president-jordi-dalmases-sobre-recuperacio-data-cobrament-receptes\/\"},\"author\":{\"name\":\"wpAdminCofbOrg\",\"@id\":\"https:\/\/www.cofb.org\/#\/schema\/person\/22ed7eea88da74b0fa4d3154ad87ffcb\"},\"headline\":\"&#8220;Ren\u00e9ixer&#8221;. Reflexions del president Jordi de Dalmases sobre la recuperaci\u00f3 de la data de cobrament de receptes\",\"datePublished\":\"2018-11-16T13:23:53+00:00\",\"dateModified\":\"2018-11-16T13:23:53+00:00\",\"mainEntityOfPage\":{\"@id\":\"https:\/\/novaorg.cofb.net\/2018\/11\/16\/reneixer-reflexions-president-jordi-dalmases-sobre-recuperacio-data-cobrament-receptes\/\"},\"wordCount\":790,\"commentCount\":0,\"publisher\":{\"@id\":\"https:\/\/www.cofb.org\/#organization\"},\"image\":{\"@id\":\"https:\/\/novaorg.cofb.net\/2018\/11\/16\/reneixer-reflexions-president-jordi-dalmases-sobre-recuperacio-data-cobrament-receptes\/#primaryimage\"},\"thumbnailUrl\":\"\",\"keywords\":[\"COFB\",\"Col\u00b7legi de Farmac\u00e8utics de Barcelona\",\"Consell de Col\u00b7legis de Farmac\u00e8utics de Catalunya\",\"Departament de Salut\",\"farmac\u00e8utic\",\"Federaci\u00f3 de Farm\u00e0cies de Catalunya\",\"Generalitat de Catalunya\",\"Jordi de Dalmases\",\"Pimec\",\"retards pagaments\"],\"articleSection\":[\"Opinions del Col\u00b7legi\"],\"inLanguage\":\"es\",\"potentialAction\":[{\"@type\":\"CommentAction\",\"name\":\"Comment\",\"target\":[\"https:\/\/novaorg.cofb.net\/2018\/11\/16\/reneixer-reflexions-president-jordi-dalmases-sobre-recuperacio-data-cobrament-receptes\/#respond\"]}]},{\"@type\":\"WebPage\",\"@id\":\"https:\/\/novaorg.cofb.net\/2018\/11\/16\/reneixer-reflexions-president-jordi-dalmases-sobre-recuperacio-data-cobrament-receptes\/\",\"url\":\"https:\/\/novaorg.cofb.net\/2018\/11\/16\/reneixer-reflexions-president-jordi-dalmases-sobre-recuperacio-data-cobrament-receptes\/\",\"name\":\"\\\"Ren\u00e9ixer\\\". Reflexions del president Jordi de Dalmases sobre la recuperaci\u00f3 de la data de cobrament de receptes - Col\u00b7legi de Farmac\u00e8utics de Barcelona\",\"isPartOf\":{\"@id\":\"https:\/\/www.cofb.org\/#website\"},\"primaryImageOfPage\":{\"@id\":\"https:\/\/novaorg.cofb.net\/2018\/11\/16\/reneixer-reflexions-president-jordi-dalmases-sobre-recuperacio-data-cobrament-receptes\/#primaryimage\"},\"image\":{\"@id\":\"https:\/\/novaorg.cofb.net\/2018\/11\/16\/reneixer-reflexions-president-jordi-dalmases-sobre-recuperacio-data-cobrament-receptes\/#primaryimage\"},\"thumbnailUrl\":\"\",\"datePublished\":\"2018-11-16T13:23:53+00:00\",\"dateModified\":\"2018-11-16T13:23:53+00:00\",\"description\":\"Reflexions del president del Col\u00b7legi de Farmac\u00e8utics de Barcelona i del Consell de Col\u00b7legis de Farmac\u00e8utics de Catalunya,Jordi de Dalmases, sobre la recuperaci\u00f3 de la data de cobrament de receptes dispensades.\",\"breadcrumb\":{\"@id\":\"https:\/\/novaorg.cofb.net\/2018\/11\/16\/reneixer-reflexions-president-jordi-dalmases-sobre-recuperacio-data-cobrament-receptes\/#breadcrumb\"},\"inLanguage\":\"es\",\"potentialAction\":[{\"@type\":\"ReadAction\",\"target\":[\"https:\/\/novaorg.cofb.net\/2018\/11\/16\/reneixer-reflexions-president-jordi-dalmases-sobre-recuperacio-data-cobrament-receptes\/\"]}]},{\"@type\":\"ImageObject\",\"inLanguage\":\"es\",\"@id\":\"https:\/\/novaorg.cofb.net\/2018\/11\/16\/reneixer-reflexions-president-jordi-dalmases-sobre-recuperacio-data-cobrament-receptes\/#primaryimage\",\"url\":\"\",\"contentUrl\":\"\"},{\"@type\":\"BreadcrumbList\",\"@id\":\"https:\/\/novaorg.cofb.net\/2018\/11\/16\/reneixer-reflexions-president-jordi-dalmases-sobre-recuperacio-data-cobrament-receptes\/#breadcrumb\",\"itemListElement\":[{\"@type\":\"ListItem\",\"position\":1,\"name\":\"Inici\",\"item\":\"https:\/\/novaorg.cofb.net\/\"},{\"@type\":\"ListItem\",\"position\":2,\"name\":\"&#8220;Ren\u00e9ixer&#8221;. Reflexions del president Jordi de Dalmases sobre la recuperaci\u00f3 de la data de cobrament de receptes\"}]},{\"@type\":\"WebSite\",\"@id\":\"https:\/\/www.cofb.org\/#website\",\"url\":\"https:\/\/www.cofb.org\/\",\"name\":\"Col\u00b7legi de Farmac\u00e8utics de Barcelona\",\"description\":\"\",\"publisher\":{\"@id\":\"https:\/\/www.cofb.org\/#organization\"},\"potentialAction\":[{\"@type\":\"SearchAction\",\"target\":{\"@type\":\"EntryPoint\",\"urlTemplate\":\"https:\/\/www.cofb.org\/?s={search_term_string}\"},\"query-input\":\"required name=search_term_string\"}],\"inLanguage\":\"es\"},{\"@type\":\"Organization\",\"@id\":\"https:\/\/www.cofb.org\/#organization\",\"name\":\"Col\u00b7legi de Farmac\u00e8utics de Barcelona\",\"url\":\"https:\/\/www.cofb.org\/\",\"logo\":{\"@type\":\"ImageObject\",\"inLanguage\":\"es\",\"@id\":\"https:\/\/www.cofb.org\/#\/schema\/logo\/image\/\",\"url\":\"https:\/\/www.cofb.org\/wp-content\/uploads\/2023\/11\/cropped-Logotip-COFB.png\",\"contentUrl\":\"https:\/\/www.cofb.org\/wp-content\/uploads\/2023\/11\/cropped-Logotip-COFB.png\",\"width\":500,\"height\":105,\"caption\":\"Col\u00b7legi de Farmac\u00e8utics de Barcelona\"},\"image\":{\"@id\":\"https:\/\/www.cofb.org\/#\/schema\/logo\/image\/\"},\"sameAs\":[\"https:\/\/www.facebook.com\/farmaceuticsbcn\/\",\"https:\/\/twitter.com\/farmaceuticsbcn\",\"https:\/\/www.instagram.com\/farmaceuticsbcn\/\",\"https:\/\/www.linkedin.com\/company\/farmaceuticsbcn\/\"]},{\"@type\":\"Person\",\"@id\":\"https:\/\/www.cofb.org\/#\/schema\/person\/22ed7eea88da74b0fa4d3154ad87ffcb\",\"name\":\"wpAdminCofbOrg\",\"image\":{\"@type\":\"ImageObject\",\"inLanguage\":\"es\",\"@id\":\"https:\/\/www.cofb.org\/#\/schema\/person\/image\/\",\"url\":\"https:\/\/secure.gravatar.com\/avatar\/1721b20b3b8ca882c3b56ec6c978c594fff670e40c0718e9190eaeeb76aae7d8?s=96&d=mm&r=g\",\"contentUrl\":\"https:\/\/secure.gravatar.com\/avatar\/1721b20b3b8ca882c3b56ec6c978c594fff670e40c0718e9190eaeeb76aae7d8?s=96&d=mm&r=g\",\"caption\":\"wpAdminCofbOrg\"},\"sameAs\":[\"http:\/\/192.168.64.122\/wordpress\"],\"url\":\"https:\/\/www.cofb.org\/es\/author\/wpadmincofborg\/\"}]}<\/script>\n<!-- \/ Yoast SEO plugin. -->","yoast_head_json":{"title":"\"Ren\u00e9ixer\". Reflexions del president Jordi de Dalmases sobre la recuperaci\u00f3 de la data de cobrament de receptes - Col\u00b7legi de Farmac\u00e8utics de Barcelona","description":"Reflexions del president del Col\u00b7legi de Farmac\u00e8utics de Barcelona i del Consell de Col\u00b7legis de Farmac\u00e8utics de Catalunya,Jordi de Dalmases, sobre la recuperaci\u00f3 de la data de cobrament de receptes dispensades.","robots":{"index":"index","follow":"follow","max-snippet":"max-snippet:-1","max-image-preview":"max-image-preview:large","max-video-preview":"max-video-preview:-1"},"canonical":"https:\/\/novaorg.cofb.net\/2018\/11\/16\/reneixer-reflexions-president-jordi-dalmases-sobre-recuperacio-data-cobrament-receptes\/","og_locale":"es_ES","og_type":"article","og_title":"\"Ren\u00e9ixer\". Reflexions del president Jordi de Dalmases sobre la recuperaci\u00f3 de la data de cobrament de receptes - Col\u00b7legi de Farmac\u00e8utics de Barcelona","og_description":"Reflexions del president del Col\u00b7legi de Farmac\u00e8utics de Barcelona i del Consell de Col\u00b7legis de Farmac\u00e8utics de Catalunya,Jordi de Dalmases, sobre la recuperaci\u00f3 de la data de cobrament de receptes dispensades.","og_url":"https:\/\/novaorg.cofb.net\/2018\/11\/16\/reneixer-reflexions-president-jordi-dalmases-sobre-recuperacio-data-cobrament-receptes\/","og_site_name":"Col\u00b7legi de Farmac\u00e8utics de Barcelona","article_publisher":"https:\/\/www.facebook.com\/farmaceuticsbcn\/","article_published_time":"2018-11-16T13:23:53+00:00","author":"wpAdminCofbOrg","twitter_card":"summary_large_image","twitter_creator":"@farmaceuticsbcn","twitter_site":"@farmaceuticsbcn","twitter_misc":{"Escrito por":"wpAdminCofbOrg","Tiempo de lectura":"4 minutos"},"schema":{"@context":"https:\/\/schema.org","@graph":[{"@type":"Article","@id":"https:\/\/novaorg.cofb.net\/2018\/11\/16\/reneixer-reflexions-president-jordi-dalmases-sobre-recuperacio-data-cobrament-receptes\/#article","isPartOf":{"@id":"https:\/\/novaorg.cofb.net\/2018\/11\/16\/reneixer-reflexions-president-jordi-dalmases-sobre-recuperacio-data-cobrament-receptes\/"},"author":{"name":"wpAdminCofbOrg","@id":"https:\/\/www.cofb.org\/#\/schema\/person\/22ed7eea88da74b0fa4d3154ad87ffcb"},"headline":"&#8220;Ren\u00e9ixer&#8221;. Reflexions del president Jordi de Dalmases sobre la recuperaci\u00f3 de la data de cobrament de receptes","datePublished":"2018-11-16T13:23:53+00:00","dateModified":"2018-11-16T13:23:53+00:00","mainEntityOfPage":{"@id":"https:\/\/novaorg.cofb.net\/2018\/11\/16\/reneixer-reflexions-president-jordi-dalmases-sobre-recuperacio-data-cobrament-receptes\/"},"wordCount":790,"commentCount":0,"publisher":{"@id":"https:\/\/www.cofb.org\/#organization"},"image":{"@id":"https:\/\/novaorg.cofb.net\/2018\/11\/16\/reneixer-reflexions-president-jordi-dalmases-sobre-recuperacio-data-cobrament-receptes\/#primaryimage"},"thumbnailUrl":"","keywords":["COFB","Col\u00b7legi de Farmac\u00e8utics de Barcelona","Consell de Col\u00b7legis de Farmac\u00e8utics de Catalunya","Departament de Salut","farmac\u00e8utic","Federaci\u00f3 de Farm\u00e0cies de Catalunya","Generalitat de Catalunya","Jordi de Dalmases","Pimec","retards pagaments"],"articleSection":["Opinions del Col\u00b7legi"],"inLanguage":"es","potentialAction":[{"@type":"CommentAction","name":"Comment","target":["https:\/\/novaorg.cofb.net\/2018\/11\/16\/reneixer-reflexions-president-jordi-dalmases-sobre-recuperacio-data-cobrament-receptes\/#respond"]}]},{"@type":"WebPage","@id":"https:\/\/novaorg.cofb.net\/2018\/11\/16\/reneixer-reflexions-president-jordi-dalmases-sobre-recuperacio-data-cobrament-receptes\/","url":"https:\/\/novaorg.cofb.net\/2018\/11\/16\/reneixer-reflexions-president-jordi-dalmases-sobre-recuperacio-data-cobrament-receptes\/","name":"\"Ren\u00e9ixer\". Reflexions del president Jordi de Dalmases sobre la recuperaci\u00f3 de la data de cobrament de receptes - Col\u00b7legi de Farmac\u00e8utics de Barcelona","isPartOf":{"@id":"https:\/\/www.cofb.org\/#website"},"primaryImageOfPage":{"@id":"https:\/\/novaorg.cofb.net\/2018\/11\/16\/reneixer-reflexions-president-jordi-dalmases-sobre-recuperacio-data-cobrament-receptes\/#primaryimage"},"image":{"@id":"https:\/\/novaorg.cofb.net\/2018\/11\/16\/reneixer-reflexions-president-jordi-dalmases-sobre-recuperacio-data-cobrament-receptes\/#primaryimage"},"thumbnailUrl":"","datePublished":"2018-11-16T13:23:53+00:00","dateModified":"2018-11-16T13:23:53+00:00","description":"Reflexions del president del Col\u00b7legi de Farmac\u00e8utics de Barcelona i del Consell de Col\u00b7legis de Farmac\u00e8utics de Catalunya,Jordi de Dalmases, sobre la recuperaci\u00f3 de la data de cobrament de receptes dispensades.","breadcrumb":{"@id":"https:\/\/novaorg.cofb.net\/2018\/11\/16\/reneixer-reflexions-president-jordi-dalmases-sobre-recuperacio-data-cobrament-receptes\/#breadcrumb"},"inLanguage":"es","potentialAction":[{"@type":"ReadAction","target":["https:\/\/novaorg.cofb.net\/2018\/11\/16\/reneixer-reflexions-president-jordi-dalmases-sobre-recuperacio-data-cobrament-receptes\/"]}]},{"@type":"ImageObject","inLanguage":"es","@id":"https:\/\/novaorg.cofb.net\/2018\/11\/16\/reneixer-reflexions-president-jordi-dalmases-sobre-recuperacio-data-cobrament-receptes\/#primaryimage","url":"","contentUrl":""},{"@type":"BreadcrumbList","@id":"https:\/\/novaorg.cofb.net\/2018\/11\/16\/reneixer-reflexions-president-jordi-dalmases-sobre-recuperacio-data-cobrament-receptes\/#breadcrumb","itemListElement":[{"@type":"ListItem","position":1,"name":"Inici","item":"https:\/\/novaorg.cofb.net\/"},{"@type":"ListItem","position":2,"name":"&#8220;Ren\u00e9ixer&#8221;. Reflexions del president Jordi de Dalmases sobre la recuperaci\u00f3 de la data de cobrament de receptes"}]},{"@type":"WebSite","@id":"https:\/\/www.cofb.org\/#website","url":"https:\/\/www.cofb.org\/","name":"Col\u00b7legi de Farmac\u00e8utics de Barcelona","description":"","publisher":{"@id":"https:\/\/www.cofb.org\/#organization"},"potentialAction":[{"@type":"SearchAction","target":{"@type":"EntryPoint","urlTemplate":"https:\/\/www.cofb.org\/?s={search_term_string}"},"query-input":"required name=search_term_string"}],"inLanguage":"es"},{"@type":"Organization","@id":"https:\/\/www.cofb.org\/#organization","name":"Col\u00b7legi de Farmac\u00e8utics de Barcelona","url":"https:\/\/www.cofb.org\/","logo":{"@type":"ImageObject","inLanguage":"es","@id":"https:\/\/www.cofb.org\/#\/schema\/logo\/image\/","url":"https:\/\/www.cofb.org\/wp-content\/uploads\/2023\/11\/cropped-Logotip-COFB.png","contentUrl":"https:\/\/www.cofb.org\/wp-content\/uploads\/2023\/11\/cropped-Logotip-COFB.png","width":500,"height":105,"caption":"Col\u00b7legi de Farmac\u00e8utics de Barcelona"},"image":{"@id":"https:\/\/www.cofb.org\/#\/schema\/logo\/image\/"},"sameAs":["https:\/\/www.facebook.com\/farmaceuticsbcn\/","https:\/\/twitter.com\/farmaceuticsbcn","https:\/\/www.instagram.com\/farmaceuticsbcn\/","https:\/\/www.linkedin.com\/company\/farmaceuticsbcn\/"]},{"@type":"Person","@id":"https:\/\/www.cofb.org\/#\/schema\/person\/22ed7eea88da74b0fa4d3154ad87ffcb","name":"wpAdminCofbOrg","image":{"@type":"ImageObject","inLanguage":"es","@id":"https:\/\/www.cofb.org\/#\/schema\/person\/image\/","url":"https:\/\/secure.gravatar.com\/avatar\/1721b20b3b8ca882c3b56ec6c978c594fff670e40c0718e9190eaeeb76aae7d8?s=96&d=mm&r=g","contentUrl":"https:\/\/secure.gravatar.com\/avatar\/1721b20b3b8ca882c3b56ec6c978c594fff670e40c0718e9190eaeeb76aae7d8?s=96&d=mm&r=g","caption":"wpAdminCofbOrg"},"sameAs":["http:\/\/192.168.64.122\/wordpress"],"url":"https:\/\/www.cofb.org\/es\/author\/wpadmincofborg\/"}]}},"uagb_featured_image_src":{"full":false,"thumbnail":false,"medium":false,"medium_large":false,"large":false,"1536x1536":false,"2048x2048":false,"trp-custom-language-flag":false},"uagb_author_info":{"display_name":"wpAdminCofbOrg","author_link":"https:\/\/www.cofb.org\/es\/author\/wpadmincofborg\/"},"uagb_comment_info":0,"uagb_excerpt":"Article de Jordi de Dalmases, president del Col\u00b7legi de Farmac\u00e8utics de Barcelona i del Consell de Col\u00b7legis de Farmac\u00e8utics de Catalunya. Ren\u00e9ixer \u00e9s d&#8217;aquelles paraules que \u00e9s dif\u00edcil explicar tot el que abasta, per\u00f2 es podria concloure que nom\u00e9s aquells que han estat abans a la vora de l&#8217;abisme poden [&hellip;]","_links":{"self":[{"href":"https:\/\/www.cofb.org\/es\/wp-json\/wp\/v2\/posts\/42034","targetHints":{"allow":["GET"]}}],"collection":[{"href":"https:\/\/www.cofb.org\/es\/wp-json\/wp\/v2\/posts"}],"about":[{"href":"https:\/\/www.cofb.org\/es\/wp-json\/wp\/v2\/types\/post"}],"author":[{"embeddable":true,"href":"https:\/\/www.cofb.org\/es\/wp-json\/wp\/v2\/users\/1"}],"replies":[{"embeddable":true,"href":"https:\/\/www.cofb.org\/es\/wp-json\/wp\/v2\/comments?post=42034"}],"version-history":[{"count":0,"href":"https:\/\/www.cofb.org\/es\/wp-json\/wp\/v2\/posts\/42034\/revisions"}],"wp:featuredmedia":[{"embeddable":true,"href":"https:\/\/www.cofb.org\/es\/wp-json\/"}],"wp:attachment":[{"href":"https:\/\/www.cofb.org\/es\/wp-json\/wp\/v2\/media?parent=42034"}],"wp:term":[{"taxonomy":"category","embeddable":true,"href":"https:\/\/www.cofb.org\/es\/wp-json\/wp\/v2\/categories?post=42034"},{"taxonomy":"post_tag","embeddable":true,"href":"https:\/\/www.cofb.org\/es\/wp-json\/wp\/v2\/tags?post=42034"}],"curies":[{"name":"wp","href":"https:\/\/api.w.org\/{rel}","templated":true}]}}