{"id":41238,"date":"2018-09-27T17:45:48","date_gmt":"2018-09-27T15:45:48","guid":{"rendered":"https:\/\/blog.cofb.cat\/?p=41238"},"modified":"2018-09-27T17:45:48","modified_gmt":"2018-09-27T15:45:48","slug":"infarma-2019-marxa-comite-cientific","status":"publish","type":"post","link":"https:\/\/www.cofb.org\/es\/2018\/09\/27\/infarma-2019-marxa-comite-cientific\/","title":{"rendered":"Infarma 2019: En marcha el Comit\u00e9 Cient\u00edfico"},"content":{"rendered":"<p>El <strong>Comit\u00e9 Cient\u00edfico de<a href=\"http:\/\/www.infarma.es\/\" target=\"_blank\" rel=\"noopener\">Infarma 2019<\/a><\/strong> ya ha celebrado la primera reuni\u00f3n por <strong>preparar la nueva<\/strong> <strong>encuentro europeo de farmacia<\/strong>, que tendr\u00e1 lugar los d\u00edas <strong>19, 20 y 21 de marzo de 2019\u00a0<\/strong>en el recinto de Gran V\u00eda de Fira de Barcelona y que llega a la <strong>31a edici\u00f3n<\/strong>. Organizado conjuntamente por <strong>Col\u00b7legi de Farmac\u00e8utics de Barcelona<\/strong> (COFB), el <strong>Colegio de Farmac\u00e9uticos de Madrid<\/strong> (COFM) y<strong> Interalia<\/strong>, Infarma es una de las <strong>principales encuentros profesionales del sector de la<\/strong> <strong>farmacia comunitaria<\/strong> en Europa.<\/p>\n<figure id=\"attachment_41262\" aria-describedby=\"caption-attachment-41262\" style=\"width: 620px\" class=\"wp-caption aligncenter\"><a href=\"https:\/\/blog.cofb.cat\/wp-content\/uploads\/2018\/09\/comit\u00e8-cient\u00edfic-infarma-2019.jpg\"><img fetchpriority=\"high\" decoding=\"async\" class=\"wp-image-41262 size-large\" title=\"Miembros del Comit\u00e9 Cient\u00edfico de Infarma Barcelona 2019, con la directora del Congreso, Francisca Aranzana en el centro.\" src=\"https:\/\/blog.cofb.cat\/wp-content\/uploads\/2018\/09\/comit\u00e8-cient\u00edfic-infarma-2019-1024x683.jpg\" alt=\"Membres del Comit\u00e8 Cient\u00edfic d'Infarma Barcelona 2019, amb la directora del Congr\u00e9s, Francisca Aranzana al centre.\" width=\"620\" height=\"414\" \/><\/a><figcaption id=\"caption-attachment-41262\" class=\"wp-caption-text\">Miembros del Comit\u00e9 Cient\u00edfico de Infarma Barcelona 2019, con la directora del Congreso, Francisca Aranzana en el centro.<\/figcaption><\/figure>\n<h1><strong><span style=\"color: #008080;\">Objetivos de la reuni\u00f3n<\/span><\/strong><\/h1>\n<p>La reuni\u00f3n del Comit\u00e9 Cient\u00edfico ten\u00eda por objetivo iniciar el <strong>dise\u00f1o y la estructura del programa cient\u00edfico<\/strong> que permitir\u00e1, entre otros, el<strong>intercambio de experiencias<\/strong> e inquietudes de los profesionales y tambi\u00e9n <strong>debatir en torno a las principales novedades del sector<\/strong>. Por otra parte, a lo largo del encuentro, tambi\u00e9n se trataron las <strong>novedades en innovaci\u00f3n<\/strong> que tendr\u00e1n lugar en esta edici\u00f3n, se debatieron propuestas en torno a la <strong>conferencia inaugural <\/strong> y se abordaron aspectos relacionados con la <strong>presentaci\u00f3n de los p\u00f3sters<\/strong>.<\/p>\n<p>Previamente a la reuni\u00f3n del Comit\u00e9 Cient\u00edfico de Infarma 2019, en el mes de junio de este a\u00f1o tuvo lugar la <strong><a href=\"https:\/\/blog.cofb.cat\/primera-reunio-comite-organitzador-dinfarma-2019\/\" target=\"_blank\" rel=\"noopener\">primera reuni\u00f3n del Comit\u00e9 Organizador<\/a><\/strong>, que cont\u00f3 con la asistencia de los <strong>presidentes de los Colegios de Farmac\u00e9uticos de Madrid y Barcelona<\/strong>, as\u00ed como de miembros de ambas instituciones y de Interalia, coorganizadora del evento.<\/p>\n<p><strong>Otras publicaciones de inter\u00e9s:<\/strong><\/p>\n<ul>\n<li><a href=\"https:\/\/blog.cofb.cat\/primera-reunio-comite-organitzador-dinfarma-2019\/\" target=\"_blank\" rel=\"noopener\">Primera reuni\u00f3n del Comit\u00e9 Organizador de Infarma 2019 (Junio 2018)<\/a><\/li>\n<li><a href=\"https:\/\/blog.cofb.cat\/infarma-madrid-2018-tanca-amb-gran-exit-una-edicio-marcada-per-la-innovacio\/\" target=\"_blank\" rel=\"noopener\">Infarma Madrid 2018 cierra con gran \u00e9xito una edici\u00f3n marcada por la innovaci\u00f3n (Marzo 2018)<\/a><\/li>\n<li><a href=\"https:\/\/blog.cofb.cat\/infarma-2018-cites-imprescindibles-novetats\/\" target=\"_blank\" rel=\"noopener\">Infarma 2018: Citas imprescindibles y novedades (Febrero 2018)<\/a><\/li>\n<\/ul>\n<p><strong>Todas las noticias de Infarma en\u00a0<a href=\"https:\/\/blog.cofb.cat\/category\/infarma-2015\/\" target=\"_blank\" rel=\"noopener\">esta secci\u00f3n<\/a>\u00a0del Blog.<\/strong><\/p>","protected":false},"excerpt":{"rendered":"<p>El Comit\u00e9 Cient\u00edfico de Infarma 2019 ya ha celebrado la primera reuni\u00f3n para preparar el nuevo encuentro europeo de farmacia, que tendr\u00e1 lugar los d\u00edas 19, 20 y 21 de marzo de 2019 en el recinto de Gran V\u00eda de Fira de Barcelona y que llega a la 31a edici\u00f3n. Organizado conjuntamente por el [\u2026]<\/p>","protected":false},"author":1,"featured_media":41247,"comment_status":"open","ping_status":"open","sticky":false,"template":"","format":"standard","meta":{"_uag_custom_page_level_css":"","site-sidebar-layout":"default","site-content-layout":"","ast-site-content-layout":"default","site-content-style":"default","site-sidebar-style":"default","ast-global-header-display":"","ast-banner-title-visibility":"","ast-main-header-display":"","ast-hfb-above-header-display":"","ast-hfb-below-header-display":"","ast-hfb-mobile-header-display":"","site-post-title":"","ast-breadcrumbs-content":"","ast-featured-img":"disabled","footer-sml-layout":"","theme-transparent-header-meta":"","adv-header-id-meta":"","stick-header-meta":"","header-above-stick-meta":"","header-main-stick-meta":"","header-below-stick-meta":"","astra-migrate-meta-layouts":"default","ast-page-background-enabled":"default","ast-page-background-meta":{"desktop":{"background-color":"var(--ast-global-color-4)","background-image":"","background-repeat":"repeat","background-position":"center center","background-size":"auto","background-attachment":"scroll","background-type":"","background-media":"","overlay-type":"","overlay-color":"","overlay-opacity":"","overlay-gradient":""},"tablet":{"background-color":"","background-image":"","background-repeat":"repeat","background-position":"center center","background-size":"auto","background-attachment":"scroll","background-type":"","background-media":"","overlay-type":"","overlay-color":"","overlay-opacity":"","overlay-gradient":""},"mobile":{"background-color":"","background-image":"","background-repeat":"repeat","background-position":"center center","background-size":"auto","background-attachment":"scroll","background-type":"","background-media":"","overlay-type":"","overlay-color":"","overlay-opacity":"","overlay-gradient":""}},"ast-content-background-meta":{"desktop":{"background-color":"var(--ast-global-color-5)","background-image":"","background-repeat":"repeat","background-position":"center center","background-size":"auto","background-attachment":"scroll","background-type":"","background-media":"","overlay-type":"","overlay-color":"","overlay-opacity":"","overlay-gradient":""},"tablet":{"background-color":"var(--ast-global-color-5)","background-image":"","background-repeat":"repeat","background-position":"center center","background-size":"auto","background-attachment":"scroll","background-type":"","background-media":"","overlay-type":"","overlay-color":"","overlay-opacity":"","overlay-gradient":""},"mobile":{"background-color":"var(--ast-global-color-5)","background-image":"","background-repeat":"repeat","background-position":"center center","background-size":"auto","background-attachment":"scroll","background-type":"","background-media":"","overlay-type":"","overlay-color":"","overlay-opacity":"","overlay-gradient":""}},"footnotes":""},"categories":[2165],"tags":[18,110,3256,19,1014,111,53,68,3176,29,508,115],"class_list":["post-41238","post","type-post","status-publish","format-standard","has-post-thumbnail","hentry","category-infarma","tag-cofb","tag-cofm","tag-collegi-de-farmacetuics-de-madrid","tag-collegi-de-farmaceutics-de-barcelona","tag-comite-cientific","tag-congres","tag-farmaceutics","tag-farmacia","tag-infarma-2019","tag-infarma-barcelona","tag-infarma-madrid","tag-interalia"],"yoast_head":"<!-- This site is optimized with the Yoast SEO plugin v22.4 - https:\/\/yoast.com\/wordpress\/plugins\/seo\/ -->\n<title>Infarma 2019: En marxa el Comit\u00e8 Cient\u00edfic - Col\u00b7legi de Farmac\u00e8utics de Barcelona<\/title>\n<meta name=\"robots\" content=\"index, follow, max-snippet:-1, max-image-preview:large, max-video-preview:-1\" \/>\n<link rel=\"canonical\" href=\"https:\/\/www.cofb.org\/es\/2018\/09\/27\/infarma-2019-marxa-comite-cientific\/\" \/>\n<meta property=\"og:locale\" content=\"es_ES\" \/>\n<meta property=\"og:type\" content=\"article\" \/>\n<meta property=\"og:title\" content=\"Infarma 2019: En marxa el Comit\u00e8 Cient\u00edfic - Col\u00b7legi de Farmac\u00e8utics de Barcelona\" \/>\n<meta property=\"og:description\" content=\"El Comit\u00e8 Cient\u00edfic d&#8217;Infarma 2019 ja ha celebrat la primera reuni\u00f3 per preparar la nova trobada europea de farm\u00e0cia, que tindr\u00e0 lloc els dies 19, 20 i 21 de mar\u00e7 de 2019\u00a0al recinte de Gran Via de Fira de Barcelona i que arriba a la 31a edici\u00f3. Organitzat conjuntament pel [&hellip;]\" \/>\n<meta property=\"og:url\" content=\"https:\/\/www.cofb.org\/es\/2018\/09\/27\/infarma-2019-marxa-comite-cientific\/\" \/>\n<meta property=\"og:site_name\" content=\"Col\u00b7legi de Farmac\u00e8utics de Barcelona\" \/>\n<meta property=\"article:publisher\" content=\"https:\/\/www.facebook.com\/farmaceuticsbcn\/\" \/>\n<meta property=\"article:published_time\" content=\"2018-09-27T15:45:48+00:00\" \/>\n<meta name=\"author\" content=\"wpAdminCofbOrg\" \/>\n<meta name=\"twitter:card\" content=\"summary_large_image\" \/>\n<meta name=\"twitter:creator\" content=\"@farmaceuticsbcn\" \/>\n<meta name=\"twitter:site\" content=\"@farmaceuticsbcn\" \/>\n<meta name=\"twitter:label1\" content=\"Escrito por\" \/>\n\t<meta name=\"twitter:data1\" content=\"wpAdminCofbOrg\" \/>\n\t<meta name=\"twitter:label2\" content=\"Tiempo de lectura\" \/>\n\t<meta name=\"twitter:data2\" content=\"1 minuto\" \/>\n<script type=\"application\/ld+json\" class=\"yoast-schema-graph\">{\"@context\":\"https:\/\/schema.org\",\"@graph\":[{\"@type\":\"Article\",\"@id\":\"https:\/\/www.cofb.org\/2018\/09\/27\/infarma-2019-marxa-comite-cientific\/#article\",\"isPartOf\":{\"@id\":\"https:\/\/www.cofb.org\/2018\/09\/27\/infarma-2019-marxa-comite-cientific\/\"},\"author\":{\"name\":\"wpAdminCofbOrg\",\"@id\":\"https:\/\/www.cofb.org\/#\/schema\/person\/22ed7eea88da74b0fa4d3154ad87ffcb\"},\"headline\":\"Infarma 2019: En marxa el Comit\u00e8 Cient\u00edfic\",\"datePublished\":\"2018-09-27T15:45:48+00:00\",\"dateModified\":\"2018-09-27T15:45:48+00:00\",\"mainEntityOfPage\":{\"@id\":\"https:\/\/www.cofb.org\/2018\/09\/27\/infarma-2019-marxa-comite-cientific\/\"},\"wordCount\":313,\"commentCount\":0,\"publisher\":{\"@id\":\"https:\/\/www.cofb.org\/#organization\"},\"image\":{\"@id\":\"https:\/\/www.cofb.org\/2018\/09\/27\/infarma-2019-marxa-comite-cientific\/#primaryimage\"},\"thumbnailUrl\":\"\",\"keywords\":[\"COFB\",\"COFM\",\"Col\u00b7legi de Farmac\u00e8tuics de Madrid\",\"Col\u00b7legi de Farmac\u00e8utics de Barcelona\",\"Comit\u00e8 cient\u00edfic\",\"Congr\u00e8s\",\"farmac\u00e8utics\",\"Farm\u00e0cia\",\"Infarma 2019\",\"Infarma Barcelona\",\"Infarma Madrid\",\"Interalia\"],\"articleSection\":[\"Infarma\"],\"inLanguage\":\"es\",\"potentialAction\":[{\"@type\":\"CommentAction\",\"name\":\"Comment\",\"target\":[\"https:\/\/www.cofb.org\/2018\/09\/27\/infarma-2019-marxa-comite-cientific\/#respond\"]}]},{\"@type\":\"WebPage\",\"@id\":\"https:\/\/www.cofb.org\/2018\/09\/27\/infarma-2019-marxa-comite-cientific\/\",\"url\":\"https:\/\/www.cofb.org\/2018\/09\/27\/infarma-2019-marxa-comite-cientific\/\",\"name\":\"Infarma 2019: En marxa el Comit\u00e8 Cient\u00edfic - Col\u00b7legi de Farmac\u00e8utics de Barcelona\",\"isPartOf\":{\"@id\":\"https:\/\/www.cofb.org\/#website\"},\"primaryImageOfPage\":{\"@id\":\"https:\/\/www.cofb.org\/2018\/09\/27\/infarma-2019-marxa-comite-cientific\/#primaryimage\"},\"image\":{\"@id\":\"https:\/\/www.cofb.org\/2018\/09\/27\/infarma-2019-marxa-comite-cientific\/#primaryimage\"},\"thumbnailUrl\":\"\",\"datePublished\":\"2018-09-27T15:45:48+00:00\",\"dateModified\":\"2018-09-27T15:45:48+00:00\",\"breadcrumb\":{\"@id\":\"https:\/\/www.cofb.org\/2018\/09\/27\/infarma-2019-marxa-comite-cientific\/#breadcrumb\"},\"inLanguage\":\"es\",\"potentialAction\":[{\"@type\":\"ReadAction\",\"target\":[\"https:\/\/www.cofb.org\/2018\/09\/27\/infarma-2019-marxa-comite-cientific\/\"]}]},{\"@type\":\"ImageObject\",\"inLanguage\":\"es\",\"@id\":\"https:\/\/www.cofb.org\/2018\/09\/27\/infarma-2019-marxa-comite-cientific\/#primaryimage\",\"url\":\"\",\"contentUrl\":\"\"},{\"@type\":\"BreadcrumbList\",\"@id\":\"https:\/\/www.cofb.org\/2018\/09\/27\/infarma-2019-marxa-comite-cientific\/#breadcrumb\",\"itemListElement\":[{\"@type\":\"ListItem\",\"position\":1,\"name\":\"Inici\",\"item\":\"https:\/\/novaorg.cofb.net\/\"},{\"@type\":\"ListItem\",\"position\":2,\"name\":\"Infarma 2019: En marxa el Comit\u00e8 Cient\u00edfic\"}]},{\"@type\":\"WebSite\",\"@id\":\"https:\/\/www.cofb.org\/#website\",\"url\":\"https:\/\/www.cofb.org\/\",\"name\":\"Col\u00b7legi de Farmac\u00e8utics de Barcelona\",\"description\":\"\",\"publisher\":{\"@id\":\"https:\/\/www.cofb.org\/#organization\"},\"potentialAction\":[{\"@type\":\"SearchAction\",\"target\":{\"@type\":\"EntryPoint\",\"urlTemplate\":\"https:\/\/www.cofb.org\/?s={search_term_string}\"},\"query-input\":\"required name=search_term_string\"}],\"inLanguage\":\"es\"},{\"@type\":\"Organization\",\"@id\":\"https:\/\/www.cofb.org\/#organization\",\"name\":\"Col\u00b7legi de Farmac\u00e8utics de Barcelona\",\"url\":\"https:\/\/www.cofb.org\/\",\"logo\":{\"@type\":\"ImageObject\",\"inLanguage\":\"es\",\"@id\":\"https:\/\/www.cofb.org\/#\/schema\/logo\/image\/\",\"url\":\"https:\/\/www.cofb.org\/wp-content\/uploads\/2023\/11\/cropped-Logotip-COFB.png\",\"contentUrl\":\"https:\/\/www.cofb.org\/wp-content\/uploads\/2023\/11\/cropped-Logotip-COFB.png\",\"width\":500,\"height\":105,\"caption\":\"Col\u00b7legi de Farmac\u00e8utics de Barcelona\"},\"image\":{\"@id\":\"https:\/\/www.cofb.org\/#\/schema\/logo\/image\/\"},\"sameAs\":[\"https:\/\/www.facebook.com\/farmaceuticsbcn\/\",\"https:\/\/twitter.com\/farmaceuticsbcn\",\"https:\/\/www.instagram.com\/farmaceuticsbcn\/\",\"https:\/\/www.linkedin.com\/company\/farmaceuticsbcn\/\"]},{\"@type\":\"Person\",\"@id\":\"https:\/\/www.cofb.org\/#\/schema\/person\/22ed7eea88da74b0fa4d3154ad87ffcb\",\"name\":\"wpAdminCofbOrg\",\"image\":{\"@type\":\"ImageObject\",\"inLanguage\":\"es\",\"@id\":\"https:\/\/www.cofb.org\/#\/schema\/person\/image\/\",\"url\":\"https:\/\/secure.gravatar.com\/avatar\/1721b20b3b8ca882c3b56ec6c978c594fff670e40c0718e9190eaeeb76aae7d8?s=96&d=mm&r=g\",\"contentUrl\":\"https:\/\/secure.gravatar.com\/avatar\/1721b20b3b8ca882c3b56ec6c978c594fff670e40c0718e9190eaeeb76aae7d8?s=96&d=mm&r=g\",\"caption\":\"wpAdminCofbOrg\"},\"sameAs\":[\"http:\/\/192.168.64.122\/wordpress\"],\"url\":\"https:\/\/www.cofb.org\/es\/author\/wpadmincofborg\/\"}]}<\/script>\n<!-- \/ Yoast SEO plugin. -->","yoast_head_json":{"title":"Infarma 2019: En marxa el Comit\u00e8 Cient\u00edfic - Col\u00b7legi de Farmac\u00e8utics de Barcelona","robots":{"index":"index","follow":"follow","max-snippet":"max-snippet:-1","max-image-preview":"max-image-preview:large","max-video-preview":"max-video-preview:-1"},"canonical":"https:\/\/www.cofb.org\/es\/2018\/09\/27\/infarma-2019-marxa-comite-cientific\/","og_locale":"es_ES","og_type":"article","og_title":"Infarma 2019: En marxa el Comit\u00e8 Cient\u00edfic - Col\u00b7legi de Farmac\u00e8utics de Barcelona","og_description":"El Comit\u00e8 Cient\u00edfic d&#8217;Infarma 2019 ja ha celebrat la primera reuni\u00f3 per preparar la nova trobada europea de farm\u00e0cia, que tindr\u00e0 lloc els dies 19, 20 i 21 de mar\u00e7 de 2019\u00a0al recinte de Gran Via de Fira de Barcelona i que arriba a la 31a edici\u00f3. Organitzat conjuntament pel [&hellip;]","og_url":"https:\/\/www.cofb.org\/es\/2018\/09\/27\/infarma-2019-marxa-comite-cientific\/","og_site_name":"Col\u00b7legi de Farmac\u00e8utics de Barcelona","article_publisher":"https:\/\/www.facebook.com\/farmaceuticsbcn\/","article_published_time":"2018-09-27T15:45:48+00:00","author":"wpAdminCofbOrg","twitter_card":"summary_large_image","twitter_creator":"@farmaceuticsbcn","twitter_site":"@farmaceuticsbcn","twitter_misc":{"Escrito por":"wpAdminCofbOrg","Tiempo de lectura":"1 minuto"},"schema":{"@context":"https:\/\/schema.org","@graph":[{"@type":"Article","@id":"https:\/\/www.cofb.org\/2018\/09\/27\/infarma-2019-marxa-comite-cientific\/#article","isPartOf":{"@id":"https:\/\/www.cofb.org\/2018\/09\/27\/infarma-2019-marxa-comite-cientific\/"},"author":{"name":"wpAdminCofbOrg","@id":"https:\/\/www.cofb.org\/#\/schema\/person\/22ed7eea88da74b0fa4d3154ad87ffcb"},"headline":"Infarma 2019: En marxa el Comit\u00e8 Cient\u00edfic","datePublished":"2018-09-27T15:45:48+00:00","dateModified":"2018-09-27T15:45:48+00:00","mainEntityOfPage":{"@id":"https:\/\/www.cofb.org\/2018\/09\/27\/infarma-2019-marxa-comite-cientific\/"},"wordCount":313,"commentCount":0,"publisher":{"@id":"https:\/\/www.cofb.org\/#organization"},"image":{"@id":"https:\/\/www.cofb.org\/2018\/09\/27\/infarma-2019-marxa-comite-cientific\/#primaryimage"},"thumbnailUrl":"","keywords":["COFB","COFM","Col\u00b7legi de Farmac\u00e8tuics de Madrid","Col\u00b7legi de Farmac\u00e8utics de Barcelona","Comit\u00e8 cient\u00edfic","Congr\u00e8s","farmac\u00e8utics","Farm\u00e0cia","Infarma 2019","Infarma Barcelona","Infarma Madrid","Interalia"],"articleSection":["Infarma"],"inLanguage":"es","potentialAction":[{"@type":"CommentAction","name":"Comment","target":["https:\/\/www.cofb.org\/2018\/09\/27\/infarma-2019-marxa-comite-cientific\/#respond"]}]},{"@type":"WebPage","@id":"https:\/\/www.cofb.org\/2018\/09\/27\/infarma-2019-marxa-comite-cientific\/","url":"https:\/\/www.cofb.org\/2018\/09\/27\/infarma-2019-marxa-comite-cientific\/","name":"Infarma 2019: En marxa el Comit\u00e8 Cient\u00edfic - Col\u00b7legi de Farmac\u00e8utics de Barcelona","isPartOf":{"@id":"https:\/\/www.cofb.org\/#website"},"primaryImageOfPage":{"@id":"https:\/\/www.cofb.org\/2018\/09\/27\/infarma-2019-marxa-comite-cientific\/#primaryimage"},"image":{"@id":"https:\/\/www.cofb.org\/2018\/09\/27\/infarma-2019-marxa-comite-cientific\/#primaryimage"},"thumbnailUrl":"","datePublished":"2018-09-27T15:45:48+00:00","dateModified":"2018-09-27T15:45:48+00:00","breadcrumb":{"@id":"https:\/\/www.cofb.org\/2018\/09\/27\/infarma-2019-marxa-comite-cientific\/#breadcrumb"},"inLanguage":"es","potentialAction":[{"@type":"ReadAction","target":["https:\/\/www.cofb.org\/2018\/09\/27\/infarma-2019-marxa-comite-cientific\/"]}]},{"@type":"ImageObject","inLanguage":"es","@id":"https:\/\/www.cofb.org\/2018\/09\/27\/infarma-2019-marxa-comite-cientific\/#primaryimage","url":"","contentUrl":""},{"@type":"BreadcrumbList","@id":"https:\/\/www.cofb.org\/2018\/09\/27\/infarma-2019-marxa-comite-cientific\/#breadcrumb","itemListElement":[{"@type":"ListItem","position":1,"name":"Inici","item":"https:\/\/novaorg.cofb.net\/"},{"@type":"ListItem","position":2,"name":"Infarma 2019: En marxa el Comit\u00e8 Cient\u00edfic"}]},{"@type":"WebSite","@id":"https:\/\/www.cofb.org\/#website","url":"https:\/\/www.cofb.org\/","name":"Col\u00b7legi de Farmac\u00e8utics de Barcelona","description":"","publisher":{"@id":"https:\/\/www.cofb.org\/#organization"},"potentialAction":[{"@type":"SearchAction","target":{"@type":"EntryPoint","urlTemplate":"https:\/\/www.cofb.org\/?s={search_term_string}"},"query-input":"required name=search_term_string"}],"inLanguage":"es"},{"@type":"Organization","@id":"https:\/\/www.cofb.org\/#organization","name":"Col\u00b7legi de Farmac\u00e8utics de Barcelona","url":"https:\/\/www.cofb.org\/","logo":{"@type":"ImageObject","inLanguage":"es","@id":"https:\/\/www.cofb.org\/#\/schema\/logo\/image\/","url":"https:\/\/www.cofb.org\/wp-content\/uploads\/2023\/11\/cropped-Logotip-COFB.png","contentUrl":"https:\/\/www.cofb.org\/wp-content\/uploads\/2023\/11\/cropped-Logotip-COFB.png","width":500,"height":105,"caption":"Col\u00b7legi de Farmac\u00e8utics de Barcelona"},"image":{"@id":"https:\/\/www.cofb.org\/#\/schema\/logo\/image\/"},"sameAs":["https:\/\/www.facebook.com\/farmaceuticsbcn\/","https:\/\/twitter.com\/farmaceuticsbcn","https:\/\/www.instagram.com\/farmaceuticsbcn\/","https:\/\/www.linkedin.com\/company\/farmaceuticsbcn\/"]},{"@type":"Person","@id":"https:\/\/www.cofb.org\/#\/schema\/person\/22ed7eea88da74b0fa4d3154ad87ffcb","name":"wpAdminCofbOrg","image":{"@type":"ImageObject","inLanguage":"es","@id":"https:\/\/www.cofb.org\/#\/schema\/person\/image\/","url":"https:\/\/secure.gravatar.com\/avatar\/1721b20b3b8ca882c3b56ec6c978c594fff670e40c0718e9190eaeeb76aae7d8?s=96&d=mm&r=g","contentUrl":"https:\/\/secure.gravatar.com\/avatar\/1721b20b3b8ca882c3b56ec6c978c594fff670e40c0718e9190eaeeb76aae7d8?s=96&d=mm&r=g","caption":"wpAdminCofbOrg"},"sameAs":["http:\/\/192.168.64.122\/wordpress"],"url":"https:\/\/www.cofb.org\/es\/author\/wpadmincofborg\/"}]}},"uagb_featured_image_src":{"full":false,"thumbnail":false,"medium":false,"medium_large":false,"large":false,"1536x1536":false,"2048x2048":false,"trp-custom-language-flag":false},"uagb_author_info":{"display_name":"wpAdminCofbOrg","author_link":"https:\/\/www.cofb.org\/es\/author\/wpadmincofborg\/"},"uagb_comment_info":0,"uagb_excerpt":"El Comit\u00e8 Cient\u00edfic d&#8217;Infarma 2019 ja ha celebrat la primera reuni\u00f3 per preparar la nova trobada europea de farm\u00e0cia, que tindr\u00e0 lloc els dies 19, 20 i 21 de mar\u00e7 de 2019\u00a0al recinte de Gran Via de Fira de Barcelona i que arriba a la 31a edici\u00f3. Organitzat conjuntament pel [&hellip;]","_links":{"self":[{"href":"https:\/\/www.cofb.org\/es\/wp-json\/wp\/v2\/posts\/41238","targetHints":{"allow":["GET"]}}],"collection":[{"href":"https:\/\/www.cofb.org\/es\/wp-json\/wp\/v2\/posts"}],"about":[{"href":"https:\/\/www.cofb.org\/es\/wp-json\/wp\/v2\/types\/post"}],"author":[{"embeddable":true,"href":"https:\/\/www.cofb.org\/es\/wp-json\/wp\/v2\/users\/1"}],"replies":[{"embeddable":true,"href":"https:\/\/www.cofb.org\/es\/wp-json\/wp\/v2\/comments?post=41238"}],"version-history":[{"count":0,"href":"https:\/\/www.cofb.org\/es\/wp-json\/wp\/v2\/posts\/41238\/revisions"}],"wp:featuredmedia":[{"embeddable":true,"href":"https:\/\/www.cofb.org\/es\/wp-json\/"}],"wp:attachment":[{"href":"https:\/\/www.cofb.org\/es\/wp-json\/wp\/v2\/media?parent=41238"}],"wp:term":[{"taxonomy":"category","embeddable":true,"href":"https:\/\/www.cofb.org\/es\/wp-json\/wp\/v2\/categories?post=41238"},{"taxonomy":"post_tag","embeddable":true,"href":"https:\/\/www.cofb.org\/es\/wp-json\/wp\/v2\/tags?post=41238"}],"curies":[{"name":"wp","href":"https:\/\/api.w.org\/{rel}","templated":true}]}}