{"id":38785,"date":"2018-04-30T12:52:40","date_gmt":"2018-04-30T10:52:40","guid":{"rendered":"https:\/\/blog.cofb.cat\/?p=38785"},"modified":"2018-04-30T12:52:40","modified_gmt":"2018-04-30T10:52:40","slug":"dermofarmacia-aplicacio-practica-higiene-bucal-atopia-higiene-intima-tractaments-facials","status":"publish","type":"post","link":"https:\/\/www.cofb.org\/es\/2018\/04\/30\/dermofarmacia-aplicacio-practica-higiene-bucal-atopia-higiene-intima-tractaments-facials\/","title":{"rendered":"Dermofarmacia: aplicaci\u00f3n pr\u00e1ctica en higiene bucal, atopia, higiene \u00edntima y tratamientos faciales"},"content":{"rendered":"<p>El Colegio de Farmac\u00e9uticos de Barcelona (COFB) organiz\u00f3 el pasado mes de abril un total de <strong>4 sesiones<\/strong> dedicadas a la <strong>dermofarmacia<\/strong>, enmarcadas en el curso <strong>\u201cDermofarmacia: consejos y recomendaciones\u201d, <\/strong>dirigido a<strong> t\u00e9cnicos<\/strong> y <strong>auxiliares de farmacia<\/strong>.<strong><br \/>\n<\/strong><\/p>\n<p>En cada sesi\u00f3n se trat\u00f3 un tema diferente, de entre los siguientes: <strong>higiene bucal<\/strong>, <strong>atopia<\/strong>, <strong>higiene \u00edntima en las diversas etapas de la vida <\/strong>y\u00a0 <strong>consejos de tratamientos faciales<\/strong>.<\/p>\n<figure id=\"attachment_38824\" aria-describedby=\"caption-attachment-38824\" style=\"width: 620px\" class=\"wp-caption aligncenter\"><a href=\"https:\/\/blog.cofb.cat\/wp-content\/uploads\/2018\/04\/cofb.180417-08.jpg\"><img fetchpriority=\"high\" decoding=\"async\" class=\"wp-image-38824 size-large\" title=\"El curso &quot;Recomendaciones y Consejos en Dermofarmacia&quot; se sigui\u00f3 con gran inter\u00e9s.\" src=\"https:\/\/blog.cofb.cat\/wp-content\/uploads\/2018\/04\/cofb.180417-08-1024x683.jpg\" alt=\"El curs &quot;Recomanacions i Consells en Dermofarm\u00e0cia&quot; es va seguir amb un gran inter\u00e8s. \" width=\"620\" height=\"414\" \/><\/a><figcaption id=\"caption-attachment-38824\" class=\"wp-caption-text\">El curso \u201cRecomendaciones y Consejos en Dermofarmacia\u201d se sigui\u00f3 con gran inter\u00e9s.<\/figcaption><\/figure>\n<h1><span style=\"color: #008080;\"><strong>Recomendaciones frecuentes en dermofarmacia<\/strong><\/span><\/h1>\n<h2><strong><span style=\"color: #008080;\">Higiene bucal<\/span><\/strong><\/h2>\n<p>En la primera sesi\u00f3n, Xavier Calvo, odont\u00f3logo y <em>medical advisor<\/em> de Dentaid, hizo un <strong>repaso de la anatom\u00eda de la cavidad oral<\/strong>, las <strong>principales patolog\u00edas que afectan a los dientes<\/strong>, los diferentes productos que existen para cuidarlos y c\u00f3mo recomendarlos.<\/p>\n<h2><span style=\"color: #008080;\"><strong>Atop\u00eda<\/strong><\/span><\/h2>\n<p>Durante la segunda jornada, Marta Bajona <em>medical advisor<\/em> de Laboratorios Ferrer, habl\u00f3 de la <strong>dermatitis at\u00f3pica<\/strong>, las causas y manifestaciones de la patolog\u00eda y los productos dermocosm\u00e9ticos que se pueden recomendar desde la farmacia para aligerar y espaciar los brotes. Tambi\u00e9n dio consejos de <strong>recomendaci\u00f3n sobre estilos de vida<\/strong>, a fin de <strong>mejorar la calidad de vida de los pacientes<\/strong>.<\/p>\n<figure id=\"attachment_38822\" aria-describedby=\"caption-attachment-38822\" style=\"width: 620px\" class=\"wp-caption aligncenter\"><a href=\"https:\/\/blog.cofb.cat\/wp-content\/uploads\/2018\/04\/cofb.180417-02.jpg\"><img decoding=\"async\" class=\"wp-image-38822 size-large\" title=\"Marta Alcalde, vocal de Dermofarmacia y Productos Sanitarios del COFB, acompa\u00f1ada del odont\u00f3logo y medical advisor de Dentaid, Xavier Calvo.\" src=\"https:\/\/blog.cofb.cat\/wp-content\/uploads\/2018\/04\/cofb.180417-02-1024x683.jpg\" alt=\"Marta Alcalde, vocal de Dermofarm\u00e0cia i Productes Sanitaris del COFB, acompanyada de l'odont\u00f2leg i medical advisor de Dentaid, Xavier Calvo.\" width=\"620\" height=\"414\" \/><\/a><figcaption id=\"caption-attachment-38822\" class=\"wp-caption-text\">Marta Alcalde, vocal de Dermofarmacia y Productos Sanitarios del COFB, acompa\u00f1ada del odont\u00f3logo y medical advisor de Dentaid, Xavier Calvo.<\/figcaption><\/figure>\n<h2><span style=\"color: #008080;\"><strong>Higiene \u00edntima<\/strong><\/span><\/h2>\n<p>La tercera sesi\u00f3n, dedicada a la <strong>higiene \u00edntima<\/strong>, la imparti\u00f3 Noem\u00ed Serra-Baldrich, farmac\u00e9utica R&amp;D de laboratorios Leti. Serra-Baldrich explic\u00f3 las <strong>diferencias de la mucosa en las diferentes etapas vitales de la mujer<\/strong>, hecho que es necesario conocer para recomendar productos adecuados en cada caso. Tambi\u00e9n se refiri\u00f3 a los <strong>productos <\/strong>que existen para tratar las <strong>patolog\u00edas<\/strong> de la zona \u00edntima y c\u00f3mo utilizarlos.<\/p>\n<h2><span style=\"color: #008080;\"><strong>Tratamientos faciales<\/strong><\/span><\/h2>\n<p>El \u00faltimo d\u00eda de curso, se abordaron los<strong> tratamientos faciales,<\/strong> a cargo de Gemma M\u00e1rquez, dermat\u00f3loga adjunta del servicio de dermatolog\u00eda del Instituto de Dermatolog\u00eda Avanzada (IDERMA). A lo largo de su exposici\u00f3n, M\u00e1rquez se centr\u00f3 en las diferencias de la piel a lo largo de la vida, las principales patolog\u00edas de \u00e9sta en el \u00e1mbito facial (ros\u00e1cea, acn\u00e9, vit\u00edligo\u2026). Por \u00faltimo, habl\u00f3 de consejos aplicables a las<strong> rutinas cosm\u00e9ticas<\/strong> por los <strong>diferentes tipos de piel<\/strong>.<\/p>\n<div class=\"destacat-blog\">\n<h1><span style=\"color: #008080;\"><strong>Objetivos del curso<\/strong><\/span><\/h1>\n<p>Los <strong>objetivos del curso <\/strong>fueron los siguientes:<\/p>\n<ul>\n<li><strong>Adquirir<\/strong> los <strong>conocimientos<\/strong>, las <strong>habilidades<\/strong> y las <strong>t\u00e9cnicas necesarias<\/strong> para ofrecer el consejo m\u00e1s adecuado en cada una de las \u00e1reas y productos tratados en el curso.<\/li>\n<li>Saber <strong>recomendar<\/strong> los<strong> productos<\/strong> y los <strong>tratamientos dermofarmac\u00e9uticos<\/strong> adecuados en cada situaci\u00f3n.<\/li>\n<\/ul>\n<p>Estos objetivos, seg\u00fan Marta Alcalde, vocal de Dermofarmacia y Productos Sanitarios del COFB, reflejan que \u201c<strong>el Colegio es consciente de la necesidad de que todo el personal de la oficina de farmacia debe saber responder a las consultas que hacen los pacientes mediante un consejo de calidad y bien argumentado\u201d<\/strong>.<\/p>\n<\/div>\n<h1><span style=\"color: #008080;\"><strong>\u201cBuena acogida entre los alumnos\u201d<\/strong><\/span><\/h1>\n<p>Por otra parte, la vocal de Dermofarmacia y Productos Sanitarios del COFB hizo una valoraci\u00f3n positiva del curso: \u201cLa formaci\u00f3n ha tenido una<strong> buena acogida <\/strong>entre los alumnos, que han hecho muchas preguntas y han asistido con <strong>gran inter\u00e9s<\/strong> en todas las sesiones programadas\u201d, explic\u00f3.<\/p>\n<p>&nbsp;<\/p>\n<p style=\"text-align: right;\"><strong>Con la colaboraci\u00f3n de:<\/strong><\/p>\n<p><a href=\"https:\/\/blog.cofb.cat\/wp-content\/uploads\/2018\/04\/Patrocini-Curs-Dermofarm\u00e0cia.jpg\"><img decoding=\"async\" class=\"wp-image-38793 alignright\" src=\"https:\/\/blog.cofb.cat\/wp-content\/uploads\/2018\/04\/Patrocini-Curs-Dermofarm\u00e0cia.jpg\" alt=\"\" width=\"552\" height=\"65\" \/><\/a><\/p>\n<p>&nbsp;<\/p>\n<p><strong>Otras publicaciones de inter\u00e9s:<\/strong><\/p>\n<ul>\n<li><a href=\"https:\/\/blog.cofb.cat\/dermofarmacia-dermoanalitzadors-medicina-estetica-i-gestio-per-categories\/\" target=\"_blank\" rel=\"noopener\">Dermofarmacia: dermoanalizadores, medicina est\u00e9tica y gesti\u00f3n por categor\u00edas (Julio 2016)<\/a><\/li>\n<li><a href=\"https:\/\/blog.cofb.cat\/dermofarmacia-consells-i-recomanacions-actius-polivalents-i-nanoparticules-naturals-i-alteracions-del-cuir-cabellut\/\" target=\"_blank\" rel=\"noopener\">Dermofarmacia: consejos y recomendaciones, activos polivalentes y nanopart\u00edculas naturales, y alteraciones del cuero cabelludo (Agosto 2016)<\/a><\/li>\n<li><a href=\"https:\/\/blog.cofb.cat\/inauguracio-del-nou-curs-sobre-dermofarmacia-programa-dermoexpert\/\" target=\"_blank\" rel=\"noopener\">Inauguraci\u00f3n del nuevo curso sobre dermofarmacia, programa Dermoexpert (Marzo 2017)<\/a><\/li>\n<li><a href=\"https:\/\/blog.cofb.cat\/actualitzant-al-farmaceutic-per-atendre-consultes-frequents-en-dermofarmacia\/\" target=\"_blank\" rel=\"noopener\">Actualizando al farmac\u00e9utico para atender consultas frecuentes en dermofarmacia (Noviembre 2017)<\/a><\/li>\n<\/ul>","protected":false},"excerpt":{"rendered":"<p>El Colegio de Farmac\u00e9uticos de Barcelona (COFB) organiz\u00f3 el pasado mes de abril un total de 4 sesiones dedicadas a la dermofarmacia, enmarcadas en el curso \u201cDermofarmacia: consejos y recomendaciones\u201d, dirigido a t\u00e9cnicos y auxiliares de farmacia. En cada sesi\u00f3n se trat\u00f3 un tema diferente, entre los siguientes: higiene [\u2026]<\/p>","protected":false},"author":1,"featured_media":38824,"comment_status":"open","ping_status":"open","sticky":false,"template":"","format":"standard","meta":{"_uag_custom_page_level_css":"","site-sidebar-layout":"default","site-content-layout":"","ast-site-content-layout":"default","site-content-style":"default","site-sidebar-style":"default","ast-global-header-display":"","ast-banner-title-visibility":"","ast-main-header-display":"","ast-hfb-above-header-display":"","ast-hfb-below-header-display":"","ast-hfb-mobile-header-display":"","site-post-title":"","ast-breadcrumbs-content":"","ast-featured-img":"disabled","footer-sml-layout":"","theme-transparent-header-meta":"","adv-header-id-meta":"","stick-header-meta":"","header-above-stick-meta":"","header-main-stick-meta":"","header-below-stick-meta":"","astra-migrate-meta-layouts":"default","ast-page-background-enabled":"default","ast-page-background-meta":{"desktop":{"background-color":"var(--ast-global-color-4)","background-image":"","background-repeat":"repeat","background-position":"center center","background-size":"auto","background-attachment":"scroll","background-type":"","background-media":"","overlay-type":"","overlay-color":"","overlay-opacity":"","overlay-gradient":""},"tablet":{"background-color":"","background-image":"","background-repeat":"repeat","background-position":"center center","background-size":"auto","background-attachment":"scroll","background-type":"","background-media":"","overlay-type":"","overlay-color":"","overlay-opacity":"","overlay-gradient":""},"mobile":{"background-color":"","background-image":"","background-repeat":"repeat","background-position":"center center","background-size":"auto","background-attachment":"scroll","background-type":"","background-media":"","overlay-type":"","overlay-color":"","overlay-opacity":"","overlay-gradient":""}},"ast-content-background-meta":{"desktop":{"background-color":"var(--ast-global-color-5)","background-image":"","background-repeat":"repeat","background-position":"center center","background-size":"auto","background-attachment":"scroll","background-type":"","background-media":"","overlay-type":"","overlay-color":"","overlay-opacity":"","overlay-gradient":""},"tablet":{"background-color":"var(--ast-global-color-5)","background-image":"","background-repeat":"repeat","background-position":"center center","background-size":"auto","background-attachment":"scroll","background-type":"","background-media":"","overlay-type":"","overlay-color":"","overlay-opacity":"","overlay-gradient":""},"mobile":{"background-color":"var(--ast-global-color-5)","background-image":"","background-repeat":"repeat","background-position":"center center","background-size":"auto","background-attachment":"scroll","background-type":"","background-media":"","overlay-type":"","overlay-color":"","overlay-opacity":"","overlay-gradient":""}},"footnotes":""},"categories":[57],"tags":[3095,18,19,38,81,70,300,3096,2302,3097,237,789,3098,727],"class_list":["post-38785","post","type-post","status-publish","format-standard","has-post-thumbnail","hentry","category-mon-collegial","tag-auxiliars-de-farmacia","tag-cofb","tag-collegi-de-farmaceutics-de-barcelona","tag-consells","tag-dermofarmacia","tag-formacio","tag-formacio-continuada","tag-higiene-bucal","tag-higiene-facial","tag-higiene-intima","tag-productes-sanitaris","tag-recomanacions","tag-tecnics-de-farmacia","tag-vocalia-de-dermofarmacia-i-productes-sanitaris"],"yoast_head":"<!-- This site is optimized with the Yoast SEO plugin v22.4 - https:\/\/yoast.com\/wordpress\/plugins\/seo\/ -->\n<title>Dermofarm\u00e0cia: aplicaci\u00f3 pr\u00e0ctica en higiene bucal, at\u00f2pia, higiene \u00edntima i tractaments facials - Col\u00b7legi de Farmac\u00e8utics de Barcelona<\/title>\n<meta name=\"robots\" content=\"index, follow, max-snippet:-1, max-image-preview:large, max-video-preview:-1\" \/>\n<link rel=\"canonical\" href=\"https:\/\/novaorg.cofb.net\/2018\/04\/30\/dermofarmacia-aplicacio-practica-higiene-bucal-atopia-higiene-intima-tractaments-facials\/\" \/>\n<meta property=\"og:locale\" content=\"es_ES\" \/>\n<meta property=\"og:type\" content=\"article\" \/>\n<meta property=\"og:title\" content=\"Dermofarm\u00e0cia: aplicaci\u00f3 pr\u00e0ctica en higiene bucal, at\u00f2pia, higiene \u00edntima i tractaments facials - Col\u00b7legi de Farmac\u00e8utics de Barcelona\" \/>\n<meta property=\"og:description\" content=\"El Col\u00b7legi de Farmac\u00e8utics de Barcelona (COFB) va organitzar el passat mes d&#8217;abril un total de 4 sessions dedicades a la dermofarm\u00e0cia, emmarcades en el curs &#8220;Dermofarm\u00e0cia: consells i recomanacions&#8221;, adre\u00e7at a t\u00e8cnics i auxiliars de farm\u00e0cia. A cada sessi\u00f3 es va tractar un tema diferent, d&#8217;entre els seg\u00fcents: higiene [&hellip;]\" \/>\n<meta property=\"og:url\" content=\"https:\/\/novaorg.cofb.net\/2018\/04\/30\/dermofarmacia-aplicacio-practica-higiene-bucal-atopia-higiene-intima-tractaments-facials\/\" \/>\n<meta property=\"og:site_name\" content=\"Col\u00b7legi de Farmac\u00e8utics de Barcelona\" \/>\n<meta property=\"article:publisher\" content=\"https:\/\/www.facebook.com\/farmaceuticsbcn\/\" \/>\n<meta property=\"article:published_time\" content=\"2018-04-30T10:52:40+00:00\" \/>\n<meta name=\"author\" content=\"wpAdminCofbOrg\" \/>\n<meta name=\"twitter:card\" content=\"summary_large_image\" \/>\n<meta name=\"twitter:creator\" content=\"@farmaceuticsbcn\" \/>\n<meta name=\"twitter:site\" content=\"@farmaceuticsbcn\" \/>\n<meta name=\"twitter:label1\" content=\"Escrito por\" \/>\n\t<meta name=\"twitter:data1\" content=\"wpAdminCofbOrg\" \/>\n\t<meta name=\"twitter:label2\" content=\"Tiempo de lectura\" \/>\n\t<meta name=\"twitter:data2\" content=\"3 minutos\" \/>\n<script type=\"application\/ld+json\" class=\"yoast-schema-graph\">{\"@context\":\"https:\/\/schema.org\",\"@graph\":[{\"@type\":\"Article\",\"@id\":\"https:\/\/novaorg.cofb.net\/2018\/04\/30\/dermofarmacia-aplicacio-practica-higiene-bucal-atopia-higiene-intima-tractaments-facials\/#article\",\"isPartOf\":{\"@id\":\"https:\/\/novaorg.cofb.net\/2018\/04\/30\/dermofarmacia-aplicacio-practica-higiene-bucal-atopia-higiene-intima-tractaments-facials\/\"},\"author\":{\"name\":\"wpAdminCofbOrg\",\"@id\":\"https:\/\/www.cofb.org\/#\/schema\/person\/22ed7eea88da74b0fa4d3154ad87ffcb\"},\"headline\":\"Dermofarm\u00e0cia: aplicaci\u00f3 pr\u00e0ctica en higiene bucal, at\u00f2pia, higiene \u00edntima i tractaments facials\",\"datePublished\":\"2018-04-30T10:52:40+00:00\",\"dateModified\":\"2018-04-30T10:52:40+00:00\",\"mainEntityOfPage\":{\"@id\":\"https:\/\/novaorg.cofb.net\/2018\/04\/30\/dermofarmacia-aplicacio-practica-higiene-bucal-atopia-higiene-intima-tractaments-facials\/\"},\"wordCount\":652,\"commentCount\":0,\"publisher\":{\"@id\":\"https:\/\/www.cofb.org\/#organization\"},\"image\":{\"@id\":\"https:\/\/novaorg.cofb.net\/2018\/04\/30\/dermofarmacia-aplicacio-practica-higiene-bucal-atopia-higiene-intima-tractaments-facials\/#primaryimage\"},\"thumbnailUrl\":\"\",\"keywords\":[\"auxiliars de farm\u00e0cia\",\"COFB\",\"Col\u00b7legi de Farmac\u00e8utics de Barcelona\",\"consells\",\"Dermofarm\u00e0cia\",\"Formaci\u00f3\",\"formaci\u00f3 continuada\",\"higiene bucal\",\"higiene facial\",\"higiene \u00edntima\",\"productes sanitaris\",\"Recomanacions\",\"t\u00e8cnics de farm\u00e0cia\",\"Vocalia de Dermofarm\u00e0cia i Productes Sanitaris\"],\"articleSection\":[\"M\u00f3n col\u00b7legial\"],\"inLanguage\":\"es\",\"potentialAction\":[{\"@type\":\"CommentAction\",\"name\":\"Comment\",\"target\":[\"https:\/\/novaorg.cofb.net\/2018\/04\/30\/dermofarmacia-aplicacio-practica-higiene-bucal-atopia-higiene-intima-tractaments-facials\/#respond\"]}]},{\"@type\":\"WebPage\",\"@id\":\"https:\/\/novaorg.cofb.net\/2018\/04\/30\/dermofarmacia-aplicacio-practica-higiene-bucal-atopia-higiene-intima-tractaments-facials\/\",\"url\":\"https:\/\/novaorg.cofb.net\/2018\/04\/30\/dermofarmacia-aplicacio-practica-higiene-bucal-atopia-higiene-intima-tractaments-facials\/\",\"name\":\"Dermofarm\u00e0cia: aplicaci\u00f3 pr\u00e0ctica en higiene bucal, at\u00f2pia, higiene \u00edntima i tractaments facials - Col\u00b7legi de Farmac\u00e8utics de Barcelona\",\"isPartOf\":{\"@id\":\"https:\/\/www.cofb.org\/#website\"},\"primaryImageOfPage\":{\"@id\":\"https:\/\/novaorg.cofb.net\/2018\/04\/30\/dermofarmacia-aplicacio-practica-higiene-bucal-atopia-higiene-intima-tractaments-facials\/#primaryimage\"},\"image\":{\"@id\":\"https:\/\/novaorg.cofb.net\/2018\/04\/30\/dermofarmacia-aplicacio-practica-higiene-bucal-atopia-higiene-intima-tractaments-facials\/#primaryimage\"},\"thumbnailUrl\":\"\",\"datePublished\":\"2018-04-30T10:52:40+00:00\",\"dateModified\":\"2018-04-30T10:52:40+00:00\",\"breadcrumb\":{\"@id\":\"https:\/\/novaorg.cofb.net\/2018\/04\/30\/dermofarmacia-aplicacio-practica-higiene-bucal-atopia-higiene-intima-tractaments-facials\/#breadcrumb\"},\"inLanguage\":\"es\",\"potentialAction\":[{\"@type\":\"ReadAction\",\"target\":[\"https:\/\/novaorg.cofb.net\/2018\/04\/30\/dermofarmacia-aplicacio-practica-higiene-bucal-atopia-higiene-intima-tractaments-facials\/\"]}]},{\"@type\":\"ImageObject\",\"inLanguage\":\"es\",\"@id\":\"https:\/\/novaorg.cofb.net\/2018\/04\/30\/dermofarmacia-aplicacio-practica-higiene-bucal-atopia-higiene-intima-tractaments-facials\/#primaryimage\",\"url\":\"\",\"contentUrl\":\"\"},{\"@type\":\"BreadcrumbList\",\"@id\":\"https:\/\/novaorg.cofb.net\/2018\/04\/30\/dermofarmacia-aplicacio-practica-higiene-bucal-atopia-higiene-intima-tractaments-facials\/#breadcrumb\",\"itemListElement\":[{\"@type\":\"ListItem\",\"position\":1,\"name\":\"Inici\",\"item\":\"https:\/\/novaorg.cofb.net\/\"},{\"@type\":\"ListItem\",\"position\":2,\"name\":\"Dermofarm\u00e0cia: aplicaci\u00f3 pr\u00e0ctica en higiene bucal, at\u00f2pia, higiene \u00edntima i tractaments facials\"}]},{\"@type\":\"WebSite\",\"@id\":\"https:\/\/www.cofb.org\/#website\",\"url\":\"https:\/\/www.cofb.org\/\",\"name\":\"Col\u00b7legi de Farmac\u00e8utics de Barcelona\",\"description\":\"\",\"publisher\":{\"@id\":\"https:\/\/www.cofb.org\/#organization\"},\"potentialAction\":[{\"@type\":\"SearchAction\",\"target\":{\"@type\":\"EntryPoint\",\"urlTemplate\":\"https:\/\/www.cofb.org\/?s={search_term_string}\"},\"query-input\":\"required name=search_term_string\"}],\"inLanguage\":\"es\"},{\"@type\":\"Organization\",\"@id\":\"https:\/\/www.cofb.org\/#organization\",\"name\":\"Col\u00b7legi de Farmac\u00e8utics de Barcelona\",\"url\":\"https:\/\/www.cofb.org\/\",\"logo\":{\"@type\":\"ImageObject\",\"inLanguage\":\"es\",\"@id\":\"https:\/\/www.cofb.org\/#\/schema\/logo\/image\/\",\"url\":\"https:\/\/www.cofb.org\/wp-content\/uploads\/2023\/11\/cropped-Logotip-COFB.png\",\"contentUrl\":\"https:\/\/www.cofb.org\/wp-content\/uploads\/2023\/11\/cropped-Logotip-COFB.png\",\"width\":500,\"height\":105,\"caption\":\"Col\u00b7legi de Farmac\u00e8utics de Barcelona\"},\"image\":{\"@id\":\"https:\/\/www.cofb.org\/#\/schema\/logo\/image\/\"},\"sameAs\":[\"https:\/\/www.facebook.com\/farmaceuticsbcn\/\",\"https:\/\/twitter.com\/farmaceuticsbcn\",\"https:\/\/www.instagram.com\/farmaceuticsbcn\/\",\"https:\/\/www.linkedin.com\/company\/farmaceuticsbcn\/\"]},{\"@type\":\"Person\",\"@id\":\"https:\/\/www.cofb.org\/#\/schema\/person\/22ed7eea88da74b0fa4d3154ad87ffcb\",\"name\":\"wpAdminCofbOrg\",\"image\":{\"@type\":\"ImageObject\",\"inLanguage\":\"es\",\"@id\":\"https:\/\/www.cofb.org\/#\/schema\/person\/image\/\",\"url\":\"https:\/\/secure.gravatar.com\/avatar\/1721b20b3b8ca882c3b56ec6c978c594fff670e40c0718e9190eaeeb76aae7d8?s=96&d=mm&r=g\",\"contentUrl\":\"https:\/\/secure.gravatar.com\/avatar\/1721b20b3b8ca882c3b56ec6c978c594fff670e40c0718e9190eaeeb76aae7d8?s=96&d=mm&r=g\",\"caption\":\"wpAdminCofbOrg\"},\"sameAs\":[\"http:\/\/192.168.64.122\/wordpress\"],\"url\":\"https:\/\/www.cofb.org\/es\/author\/wpadmincofborg\/\"}]}<\/script>\n<!-- \/ Yoast SEO plugin. -->","yoast_head_json":{"title":"Dermofarm\u00e0cia: aplicaci\u00f3 pr\u00e0ctica en higiene bucal, at\u00f2pia, higiene \u00edntima i tractaments facials - Col\u00b7legi de Farmac\u00e8utics de Barcelona","robots":{"index":"index","follow":"follow","max-snippet":"max-snippet:-1","max-image-preview":"max-image-preview:large","max-video-preview":"max-video-preview:-1"},"canonical":"https:\/\/novaorg.cofb.net\/2018\/04\/30\/dermofarmacia-aplicacio-practica-higiene-bucal-atopia-higiene-intima-tractaments-facials\/","og_locale":"es_ES","og_type":"article","og_title":"Dermofarm\u00e0cia: aplicaci\u00f3 pr\u00e0ctica en higiene bucal, at\u00f2pia, higiene \u00edntima i tractaments facials - Col\u00b7legi de Farmac\u00e8utics de Barcelona","og_description":"El Col\u00b7legi de Farmac\u00e8utics de Barcelona (COFB) va organitzar el passat mes d&#8217;abril un total de 4 sessions dedicades a la dermofarm\u00e0cia, emmarcades en el curs &#8220;Dermofarm\u00e0cia: consells i recomanacions&#8221;, adre\u00e7at a t\u00e8cnics i auxiliars de farm\u00e0cia. A cada sessi\u00f3 es va tractar un tema diferent, d&#8217;entre els seg\u00fcents: higiene [&hellip;]","og_url":"https:\/\/novaorg.cofb.net\/2018\/04\/30\/dermofarmacia-aplicacio-practica-higiene-bucal-atopia-higiene-intima-tractaments-facials\/","og_site_name":"Col\u00b7legi de Farmac\u00e8utics de Barcelona","article_publisher":"https:\/\/www.facebook.com\/farmaceuticsbcn\/","article_published_time":"2018-04-30T10:52:40+00:00","author":"wpAdminCofbOrg","twitter_card":"summary_large_image","twitter_creator":"@farmaceuticsbcn","twitter_site":"@farmaceuticsbcn","twitter_misc":{"Escrito por":"wpAdminCofbOrg","Tiempo de lectura":"3 minutos"},"schema":{"@context":"https:\/\/schema.org","@graph":[{"@type":"Article","@id":"https:\/\/novaorg.cofb.net\/2018\/04\/30\/dermofarmacia-aplicacio-practica-higiene-bucal-atopia-higiene-intima-tractaments-facials\/#article","isPartOf":{"@id":"https:\/\/novaorg.cofb.net\/2018\/04\/30\/dermofarmacia-aplicacio-practica-higiene-bucal-atopia-higiene-intima-tractaments-facials\/"},"author":{"name":"wpAdminCofbOrg","@id":"https:\/\/www.cofb.org\/#\/schema\/person\/22ed7eea88da74b0fa4d3154ad87ffcb"},"headline":"Dermofarm\u00e0cia: aplicaci\u00f3 pr\u00e0ctica en higiene bucal, at\u00f2pia, higiene \u00edntima i tractaments facials","datePublished":"2018-04-30T10:52:40+00:00","dateModified":"2018-04-30T10:52:40+00:00","mainEntityOfPage":{"@id":"https:\/\/novaorg.cofb.net\/2018\/04\/30\/dermofarmacia-aplicacio-practica-higiene-bucal-atopia-higiene-intima-tractaments-facials\/"},"wordCount":652,"commentCount":0,"publisher":{"@id":"https:\/\/www.cofb.org\/#organization"},"image":{"@id":"https:\/\/novaorg.cofb.net\/2018\/04\/30\/dermofarmacia-aplicacio-practica-higiene-bucal-atopia-higiene-intima-tractaments-facials\/#primaryimage"},"thumbnailUrl":"","keywords":["auxiliars de farm\u00e0cia","COFB","Col\u00b7legi de Farmac\u00e8utics de Barcelona","consells","Dermofarm\u00e0cia","Formaci\u00f3","formaci\u00f3 continuada","higiene bucal","higiene facial","higiene \u00edntima","productes sanitaris","Recomanacions","t\u00e8cnics de farm\u00e0cia","Vocalia de Dermofarm\u00e0cia i Productes Sanitaris"],"articleSection":["M\u00f3n col\u00b7legial"],"inLanguage":"es","potentialAction":[{"@type":"CommentAction","name":"Comment","target":["https:\/\/novaorg.cofb.net\/2018\/04\/30\/dermofarmacia-aplicacio-practica-higiene-bucal-atopia-higiene-intima-tractaments-facials\/#respond"]}]},{"@type":"WebPage","@id":"https:\/\/novaorg.cofb.net\/2018\/04\/30\/dermofarmacia-aplicacio-practica-higiene-bucal-atopia-higiene-intima-tractaments-facials\/","url":"https:\/\/novaorg.cofb.net\/2018\/04\/30\/dermofarmacia-aplicacio-practica-higiene-bucal-atopia-higiene-intima-tractaments-facials\/","name":"Dermofarm\u00e0cia: aplicaci\u00f3 pr\u00e0ctica en higiene bucal, at\u00f2pia, higiene \u00edntima i tractaments facials - Col\u00b7legi de Farmac\u00e8utics de Barcelona","isPartOf":{"@id":"https:\/\/www.cofb.org\/#website"},"primaryImageOfPage":{"@id":"https:\/\/novaorg.cofb.net\/2018\/04\/30\/dermofarmacia-aplicacio-practica-higiene-bucal-atopia-higiene-intima-tractaments-facials\/#primaryimage"},"image":{"@id":"https:\/\/novaorg.cofb.net\/2018\/04\/30\/dermofarmacia-aplicacio-practica-higiene-bucal-atopia-higiene-intima-tractaments-facials\/#primaryimage"},"thumbnailUrl":"","datePublished":"2018-04-30T10:52:40+00:00","dateModified":"2018-04-30T10:52:40+00:00","breadcrumb":{"@id":"https:\/\/novaorg.cofb.net\/2018\/04\/30\/dermofarmacia-aplicacio-practica-higiene-bucal-atopia-higiene-intima-tractaments-facials\/#breadcrumb"},"inLanguage":"es","potentialAction":[{"@type":"ReadAction","target":["https:\/\/novaorg.cofb.net\/2018\/04\/30\/dermofarmacia-aplicacio-practica-higiene-bucal-atopia-higiene-intima-tractaments-facials\/"]}]},{"@type":"ImageObject","inLanguage":"es","@id":"https:\/\/novaorg.cofb.net\/2018\/04\/30\/dermofarmacia-aplicacio-practica-higiene-bucal-atopia-higiene-intima-tractaments-facials\/#primaryimage","url":"","contentUrl":""},{"@type":"BreadcrumbList","@id":"https:\/\/novaorg.cofb.net\/2018\/04\/30\/dermofarmacia-aplicacio-practica-higiene-bucal-atopia-higiene-intima-tractaments-facials\/#breadcrumb","itemListElement":[{"@type":"ListItem","position":1,"name":"Inici","item":"https:\/\/novaorg.cofb.net\/"},{"@type":"ListItem","position":2,"name":"Dermofarm\u00e0cia: aplicaci\u00f3 pr\u00e0ctica en higiene bucal, at\u00f2pia, higiene \u00edntima i tractaments facials"}]},{"@type":"WebSite","@id":"https:\/\/www.cofb.org\/#website","url":"https:\/\/www.cofb.org\/","name":"Col\u00b7legi de Farmac\u00e8utics de Barcelona","description":"","publisher":{"@id":"https:\/\/www.cofb.org\/#organization"},"potentialAction":[{"@type":"SearchAction","target":{"@type":"EntryPoint","urlTemplate":"https:\/\/www.cofb.org\/?s={search_term_string}"},"query-input":"required name=search_term_string"}],"inLanguage":"es"},{"@type":"Organization","@id":"https:\/\/www.cofb.org\/#organization","name":"Col\u00b7legi de Farmac\u00e8utics de Barcelona","url":"https:\/\/www.cofb.org\/","logo":{"@type":"ImageObject","inLanguage":"es","@id":"https:\/\/www.cofb.org\/#\/schema\/logo\/image\/","url":"https:\/\/www.cofb.org\/wp-content\/uploads\/2023\/11\/cropped-Logotip-COFB.png","contentUrl":"https:\/\/www.cofb.org\/wp-content\/uploads\/2023\/11\/cropped-Logotip-COFB.png","width":500,"height":105,"caption":"Col\u00b7legi de Farmac\u00e8utics de Barcelona"},"image":{"@id":"https:\/\/www.cofb.org\/#\/schema\/logo\/image\/"},"sameAs":["https:\/\/www.facebook.com\/farmaceuticsbcn\/","https:\/\/twitter.com\/farmaceuticsbcn","https:\/\/www.instagram.com\/farmaceuticsbcn\/","https:\/\/www.linkedin.com\/company\/farmaceuticsbcn\/"]},{"@type":"Person","@id":"https:\/\/www.cofb.org\/#\/schema\/person\/22ed7eea88da74b0fa4d3154ad87ffcb","name":"wpAdminCofbOrg","image":{"@type":"ImageObject","inLanguage":"es","@id":"https:\/\/www.cofb.org\/#\/schema\/person\/image\/","url":"https:\/\/secure.gravatar.com\/avatar\/1721b20b3b8ca882c3b56ec6c978c594fff670e40c0718e9190eaeeb76aae7d8?s=96&d=mm&r=g","contentUrl":"https:\/\/secure.gravatar.com\/avatar\/1721b20b3b8ca882c3b56ec6c978c594fff670e40c0718e9190eaeeb76aae7d8?s=96&d=mm&r=g","caption":"wpAdminCofbOrg"},"sameAs":["http:\/\/192.168.64.122\/wordpress"],"url":"https:\/\/www.cofb.org\/es\/author\/wpadmincofborg\/"}]}},"uagb_featured_image_src":{"full":false,"thumbnail":false,"medium":false,"medium_large":false,"large":false,"1536x1536":false,"2048x2048":false,"trp-custom-language-flag":false},"uagb_author_info":{"display_name":"wpAdminCofbOrg","author_link":"https:\/\/www.cofb.org\/es\/author\/wpadmincofborg\/"},"uagb_comment_info":0,"uagb_excerpt":"El Col\u00b7legi de Farmac\u00e8utics de Barcelona (COFB) va organitzar el passat mes d&#8217;abril un total de 4 sessions dedicades a la dermofarm\u00e0cia, emmarcades en el curs &#8220;Dermofarm\u00e0cia: consells i recomanacions&#8221;, adre\u00e7at a t\u00e8cnics i auxiliars de farm\u00e0cia. A cada sessi\u00f3 es va tractar un tema diferent, d&#8217;entre els seg\u00fcents: higiene [&hellip;]","_links":{"self":[{"href":"https:\/\/www.cofb.org\/es\/wp-json\/wp\/v2\/posts\/38785","targetHints":{"allow":["GET"]}}],"collection":[{"href":"https:\/\/www.cofb.org\/es\/wp-json\/wp\/v2\/posts"}],"about":[{"href":"https:\/\/www.cofb.org\/es\/wp-json\/wp\/v2\/types\/post"}],"author":[{"embeddable":true,"href":"https:\/\/www.cofb.org\/es\/wp-json\/wp\/v2\/users\/1"}],"replies":[{"embeddable":true,"href":"https:\/\/www.cofb.org\/es\/wp-json\/wp\/v2\/comments?post=38785"}],"version-history":[{"count":0,"href":"https:\/\/www.cofb.org\/es\/wp-json\/wp\/v2\/posts\/38785\/revisions"}],"wp:featuredmedia":[{"embeddable":true,"href":"https:\/\/www.cofb.org\/es\/wp-json\/"}],"wp:attachment":[{"href":"https:\/\/www.cofb.org\/es\/wp-json\/wp\/v2\/media?parent=38785"}],"wp:term":[{"taxonomy":"category","embeddable":true,"href":"https:\/\/www.cofb.org\/es\/wp-json\/wp\/v2\/categories?post=38785"},{"taxonomy":"post_tag","embeddable":true,"href":"https:\/\/www.cofb.org\/es\/wp-json\/wp\/v2\/tags?post=38785"}],"curies":[{"name":"wp","href":"https:\/\/api.w.org\/{rel}","templated":true}]}}