{"id":38696,"date":"2018-04-26T14:11:15","date_gmt":"2018-04-26T12:11:15","guid":{"rendered":"https:\/\/blog.cofb.cat\/?p=38696"},"modified":"2018-04-26T14:11:15","modified_gmt":"2018-04-26T12:11:15","slug":"marxa-campanya-atenciomedicacio-cofb","status":"publish","type":"post","link":"https:\/\/www.cofb.org\/es\/2018\/04\/26\/marxa-campanya-atenciomedicacio-cofb\/","title":{"rendered":"En marcha la campa\u00f1a #Atenci\u00f3Medicaci\u00f3n del COFB"},"content":{"rendered":"<p>El COFB ha puesto en marcha <strong>la campa\u00f1a &quot;Atenci\u00f3 Medicaci\u00f3n&quot;<\/strong>, que tiene por objetivos <strong>dar a conocer el servicio de dosificaci\u00f3n y seguimiento personalizado de la medicaci\u00f3n <\/strong>-que ofrecen m\u00e1s de <strong>1.200 farmacias de la provincia de Barcelona <\/strong>(puedes consultar <strong><a href=\"https:\/\/www.google.com\/maps\/d\/viewer?mid=1PMNwdw1xtuEHTwqh-YXo1TghAlhg7TFX&amp;ll=41.638485642728014%2C2.024052951757767&amp;z=7\" target=\"_blank\" rel=\"noopener\">aqu\u00ed<\/a> <\/strong>el <strong>mapa de farmacias adheridas<\/strong>)- y <strong>mejorar la calidad de vida y la adherencia a los tratamientos<\/strong> de las personas usuarias (pacientes cr\u00f3nicos y polimedicados).<\/p>\n<div style=\"padding: 56.25% 0 0 0; position: relative;\"><iframe style=\"position: absolute; top: 0; left: 0; width: 100%; height: 100%;\" src=\"https:\/\/player.vimeo.com\/video\/266866659\" width=\"300\" height=\"150\" frameborder=\"0\" allowfullscreen=\"allowfullscreen\"><\/iframe><\/div>\n<p><script src=\"https:\/\/player.vimeo.com\/api\/player.js\"><\/script><\/p>\n<p>De hecho, se calcula que <strong>el 50% de los pacientes con tratamientos de larga duraci\u00f3n en enfermedades cr\u00f3nicas<\/strong> no toma los medicamentos tal y como le han prescrito.<\/p>\n<h1><span style=\"color: #008080;\"><strong>&quot;Los farmac\u00e9uticos somos profesionales cercanos y de confianza, y podemos ayudar a los pacientes a gestionar mejor la medicaci\u00f3n&quot;<br \/>\n<\/strong><\/span><\/h1>\n<p><strong>Francisca Aranzana, vocal de Oficina de Farmacia del COFB<\/strong>, valora muy positivamente la campa\u00f1a <strong>#Atenci\u00f3nmedicaci\u00f3n<\/strong> que difunde el <strong>servicio de dosificaci\u00f3n y seguimiento personalizado de la medicaci\u00f3n<\/strong>. Para ella, es importante darlo a conocer, sobre todo, en<strong> \u201cpersonas polimedicadas, cuidadores, familiares\u2026\u201d<\/strong> y \u201ca todas aquellas personas que lo necesitan\u201d, para hacerles llegar que <strong>&quot;la farmacia les puede ayudar en el buen control de su medicaci\u00f3n&quot;<\/strong>.<\/p>\n<p>Aranzana tambi\u00e9n destaca el bagaje del COFB en la implementaci\u00f3n de esta iniciativa. En el a\u00f1o 2000, \u201c<strong>los farmac\u00e9uticos nos dimos cuenta de que hab\u00eda personas polimedicadas que no sab\u00edan gestionar su medicaci\u00f3n<\/strong> y que pod\u00edamos ayudarlas mediante la utilizaci\u00f3n de un <strong>bl\u00edster llamado SPD (<em>Sistema Personalizado de Dosificaci\u00f3n<\/em>)<\/strong>, que ordena los medicamentos en funci\u00f3n de los d\u00edas de la semana y los horarios\u201d, relata.<\/p>\n<figure id=\"attachment_38749\" aria-describedby=\"caption-attachment-38749\" style=\"width: 620px\" class=\"wp-caption aligncenter\"><a href=\"https:\/\/blog.cofb.cat\/wp-content\/uploads\/2018\/04\/Porta-farm\u00e0cia-SPD-1.jpg\"><img fetchpriority=\"high\" decoding=\"async\" class=\"wp-image-38749 size-large\" title=\"Presencia de la campa\u00f1a &quot;Atenci\u00f3 Medicaci\u00f3&quot; en una farmacia de Barcelona.\" src=\"https:\/\/blog.cofb.cat\/wp-content\/uploads\/2018\/04\/Porta-farm\u00e0cia-SPD-1-1024x576.jpg\" alt=\"Pres\u00e8ncia de la campanya &quot;Atenci\u00f3 Medicaci\u00f3&quot; en una farm\u00e0cia de Barcelona.\" width=\"620\" height=\"349\" \/><\/a><figcaption id=\"caption-attachment-38749\" class=\"wp-caption-text\">Presencia de la campa\u00f1a &quot;Atenci\u00f3 Medicaci\u00f3&quot; en una farmacia de Barcelona.<\/figcaption><\/figure>\n<p>Por otra parte, la vocal de Oficina de Farmacia de COFB tambi\u00e9n afirma que, con la campa\u00f1a, desde el Colegio se quiere trasladar <strong>&quot;que los farmac\u00e9uticos somos expertos en el medicamento, que podemos ayudar a mejorar la calidad de vida de los pacientes que no se saben gestionar su medicaci\u00f3n y no la toman correctamente&quot;<\/strong>. Adem\u00e1s, considera que es importante resaltar <strong>&quot;el papel del farmac\u00e9utico como agente de salud en el territorio&quot;<\/strong>. \u201cSomos <strong>profesionales cercanos, de confianza, que podemos facilitar la vida de los pacientes y evitar errores<\/strong>, duplicidades, etc. en sus tratamientos\u201d, a\u00f1ade.<\/p>\n<p>Aranzana remarca la <strong>calidad<\/strong> del servicio: \u201cLos 3.546 farmac\u00e9uticos que le ofrecemos tenemos una formaci\u00f3n acreditada. Las farmacias adheridas realizamos un servicio protocolizado para que todas ofrezcamos la misma calidad\u201d. Y, por \u00faltimo, destaca la <strong>difusi\u00f3n entre los profesionales m\u00e9dicos y de enfermer\u00eda<\/strong>: \u201cEntre todos podemos colaborar para facilitar la vida de los pacientes polimedicados\u201d.<\/p>\n<h1><span style=\"color: #008080;\"><strong>\u00bfC\u00f3mo funciona el servicio?<\/strong><\/span><\/h1>\n<p>El <strong>servicio de dosificaci\u00f3n y seguimiento personalizado<\/strong> <strong>de la medicaci\u00f3n<\/strong> sigue los siguientes pasos:<\/p>\n<ul>\n<li><strong>Entrevista<\/strong> con el paciente<\/li>\n<li><strong>Coordinaci\u00f3n<\/strong> con el <strong>m\u00e9dico<\/strong><\/li>\n<li><strong>Revisi\u00f3n<\/strong> y conciliaci\u00f3n de la<strong> medicaci\u00f3n<\/strong><\/li>\n<li><strong>Preparaci\u00f3n personalizada de la medicaci\u00f3n de forma peri\u00f3dica con el SPD<\/strong> (<em>Sistema Personalizado de Dosificaci\u00f3n<\/em>)<\/li>\n<li><strong>Provisi\u00f3n de informaci\u00f3n<\/strong> sobre los tratamientos prescritos<\/li>\n<li><strong>Seguimiento y control<\/strong> del tratamiento farmacol\u00f3gico<\/li>\n<\/ul>\n<div class=\"destacat-blog\">\n<h1><span style=\"color: #008080;\"><strong>Los materiales de la campa\u00f1a<\/strong><\/span><\/h1>\n<p>El COFB ha elaborado un conjunto de materiales distribuidos entre las farmacias que participan en la campa\u00f1a. Se trata de:<\/p>\n<ul>\n<li><strong>P\u00f3ster explicativo<\/strong> del servicio con el lema <strong>\u201cMi medicaci\u00f3n, c\u00f3mo toca<\/strong><strong>\u201d<\/strong><\/li>\n<li><strong>Adhesivo de la campa\u00f1a<\/strong> con el logotipo <strong>&quot;Atenci\u00f3n Medicaci\u00f3n&quot;<\/strong><\/li>\n<li><strong>V\u00eddeo divulgativo<\/strong><\/li>\n<li><strong>Folletos<\/strong> para hacer difusi\u00f3n<\/li>\n<\/ul>\n<p><a href=\"https:\/\/blog.cofb.cat\/wp-content\/uploads\/2018\/04\/P\u00f2ster-a-la-farm\u00e0cia.jpg\"><img decoding=\"async\" class=\"wp-image-38745 size-large\" title=\"P\u00f3ster de la campa\u00f1a #Atenci\u00f3nmedicaci\u00f3n con el lema &quot;Mi medicaci\u00f3n, como toca&quot;.\" src=\"https:\/\/blog.cofb.cat\/wp-content\/uploads\/2018\/04\/P\u00f2ster-a-la-farm\u00e0cia-1024x576.jpg\" alt=\"P\u00f2ster de la campanya #Atenci\u00f3medicaci\u00f3 amb el lema &quot;La meva medicaci\u00f3, com toca&quot;. \" width=\"620\" height=\"349\" \/><\/a><\/p>\n<p>Por otra parte, la web de salud del COFB, www.farmaceuticonline.com tiene un <a href=\"https:\/\/www.farmaceuticonline.com\/ca\/component\/content\/article\/20-varios\/740\" target=\"_blank\" rel=\"noopener\"><strong>espacio dedicado a la campa\u00f1a<\/strong><\/a> y los perfiles del COFB en las redes sociales (<strong><a href=\"https:\/\/twitter.com\/farmaceuticsbcn\" target=\"_blank\" rel=\"noopener\">Twitter<\/a> y <a href=\"https:\/\/www.facebook.com\/farmaceuticsbcn\/\" target=\"_blank\" rel=\"noopener\">Facebook<\/a><\/strong>) hacen difusi\u00f3n con el hashtag <strong><a href=\"https:\/\/twitter.com\/search?f=tweets&amp;vertical=default&amp;q=%23Atenci%C3%B3Medicaci%C3%B3&amp;src=savs\" target=\"_blank\" rel=\"noopener\">#Atenci\u00f3nmedicaci\u00f3n<\/a><\/strong>.<\/p>\n<\/div>\n<h1><span style=\"color: #008080;\"><strong>\u00bfQu\u00e9 beneficios aporta al paciente?<\/strong><\/span><\/h1>\n<p>El servicio de dosificaci\u00f3n y seguimiento personalizado de la medicaci\u00f3n con SPD, cuyas condiciones deben consultarse con el farmac\u00e9utico, permite visualizar toda la medicaci\u00f3n que toma el paciente (independientemente del m\u00e9dico que la prescriba), detectar problemas relacionados con los medicamentos , incrementar la adherencia a los tratamientos y hacerlos m\u00e1s efectivos. Adem\u00e1s, el servicio <strong>integra la actividad asistencial de los diversos agentes involucrados en el cuidado del paciente<\/strong> y mejora su calidad de vida.<\/p>\n<p style=\"text-align: center;\"><strong>Puede consultar <a href=\"http:\/\/www.cofb.org\/es\/web\/guest\/Noticia\/-\/journal_content\/56_INSTANCE_V6ao\/10136\/1039436\/\" target=\"_blank\" rel=\"noopener\">aqu\u00ed<\/a> la nota de prensa enviada a los medios de comunicaci\u00f3n.<\/strong><\/p>\n<p><strong>Otras publicaciones de inter\u00e9s:<\/strong><\/p>\n<ul>\n<li><a href=\"https:\/\/blog.cofb.cat\/tecnics-i-auxiliars-de-farmacia-de-barcelona-es-formen-en-sistemes-personalitzats-de-dosificacio\/\" target=\"_blank\" rel=\"noopener\">T\u00e9cnicos y auxiliares de farmacia se forman en Sistemas Personalizados de Dosificaci\u00f3n (Mayo 2016)<\/a><\/li>\n<li><a href=\"https:\/\/blog.cofb.cat\/el-seguiment-farmacoterapeutic-des-de-les-farmacies-comunitaries-podria-estalviar-2-272-milions-deuros-anuals-al-sistema-sanitari\/\" target=\"_blank\" rel=\"noopener\">El seguimiento farmacoterap\u00e9utico desde las farmacias comunitarias podr\u00eda ahorrar 2.272 millones de euros anuales en el sistema sanitario (Febrero 2017)<\/a><\/li>\n<li><a href=\"https:\/\/blog.cofb.cat\/mes-de-300-farmacies-de-barcelona-contribuiran-la-prevencio-deteccio-precoc-dels-riscos-de-patir-un-cancer-de-pell\/\" target=\"_blank\" rel=\"noopener\">M\u00e1s de 300 farmacias de Barcelona contribuir\u00e1n a la prevenci\u00f3n y detecci\u00f3n precoz de los riesgos de padecer un c\u00e1ncer de piel (Mayo 2017)<\/a><\/li>\n<li><a href=\"https:\/\/blog.cofb.cat\/mes-de-700-farmaceutics-de-barcelona-ajudaran-detectar-el-risc-de-patir-diabetis-la-campanya-atenciodiabetis\/\" target=\"_blank\" rel=\"noopener\">M\u00e1s de 700 farmac\u00e9uticos de Barcelona ayudan a detectar el riesgo de sufrir diabetes en la campa\u00f1a #Atenci\u00f3Diabetis (Noviembre 2017)<\/a><\/li>\n<li><a href=\"https:\/\/blog.cofb.cat\/campanya-atenciodiabetis-present-diabetes-experience-day\/\" target=\"_blank\" rel=\"noopener\">La campa\u00f1a #Atenci\u00f3Diabetis presente en el Diabetes Experience Day (Abril 2018)<\/a><\/li>\n<\/ul>","protected":false},"excerpt":{"rendered":"<p>El COFB ha puesto en marcha la campa\u00f1a &quot;Atenci\u00f3 Medicaci\u00f3&quot;, que tiene por objetivos dar a conocer el servicio de dosificaci\u00f3n y seguimiento personalizado de la medicaci\u00f3n -que ofrecen m\u00e1s de 1.200 farmacias de la provincia de Barcelona (puedes consultar aqu\u00ed el mapa de farmacias adheridas)- y mejorar la calidad [\u2026]<\/p>","protected":false},"author":1,"featured_media":38749,"comment_status":"open","ping_status":"open","sticky":false,"template":"","format":"standard","meta":{"_uag_custom_page_level_css":"","site-sidebar-layout":"default","site-content-layout":"","ast-site-content-layout":"default","site-content-style":"default","site-sidebar-style":"default","ast-global-header-display":"","ast-banner-title-visibility":"","ast-main-header-display":"","ast-hfb-above-header-display":"","ast-hfb-below-header-display":"","ast-hfb-mobile-header-display":"","site-post-title":"","ast-breadcrumbs-content":"","ast-featured-img":"disabled","footer-sml-layout":"","theme-transparent-header-meta":"","adv-header-id-meta":"","stick-header-meta":"","header-above-stick-meta":"","header-main-stick-meta":"","header-below-stick-meta":"","astra-migrate-meta-layouts":"default","ast-page-background-enabled":"default","ast-page-background-meta":{"desktop":{"background-color":"var(--ast-global-color-4)","background-image":"","background-repeat":"repeat","background-position":"center center","background-size":"auto","background-attachment":"scroll","background-type":"","background-media":"","overlay-type":"","overlay-color":"","overlay-opacity":"","overlay-gradient":""},"tablet":{"background-color":"","background-image":"","background-repeat":"repeat","background-position":"center center","background-size":"auto","background-attachment":"scroll","background-type":"","background-media":"","overlay-type":"","overlay-color":"","overlay-opacity":"","overlay-gradient":""},"mobile":{"background-color":"","background-image":"","background-repeat":"repeat","background-position":"center center","background-size":"auto","background-attachment":"scroll","background-type":"","background-media":"","overlay-type":"","overlay-color":"","overlay-opacity":"","overlay-gradient":""}},"ast-content-background-meta":{"desktop":{"background-color":"var(--ast-global-color-5)","background-image":"","background-repeat":"repeat","background-position":"center center","background-size":"auto","background-attachment":"scroll","background-type":"","background-media":"","overlay-type":"","overlay-color":"","overlay-opacity":"","overlay-gradient":""},"tablet":{"background-color":"var(--ast-global-color-5)","background-image":"","background-repeat":"repeat","background-position":"center center","background-size":"auto","background-attachment":"scroll","background-type":"","background-media":"","overlay-type":"","overlay-color":"","overlay-opacity":"","overlay-gradient":""},"mobile":{"background-color":"var(--ast-global-color-5)","background-image":"","background-repeat":"repeat","background-position":"center center","background-size":"auto","background-attachment":"scroll","background-type":"","background-media":"","overlay-type":"","overlay-color":"","overlay-opacity":"","overlay-gradient":""}},"footnotes":""},"categories":[57,32],"tags":[3092,884,18,19,53,25,54,335,45,76,3093,2693,926,2216,3094],"class_list":["post-38696","post","type-post","status-publish","format-standard","has-post-thumbnail","hentry","category-mon-collegial","category-noticies-farmacia","tag-atencio-medicacio","tag-campanya","tag-cofb","tag-collegi-de-farmaceutics-de-barcelona","tag-farmaceutics","tag-farmacies","tag-farmacs","tag-medicacio","tag-medicaments","tag-oficina-de-farmacia","tag-servei-de-dosificacio-i-seguiment-personalitzat","tag-servei-de-seguiment-farmacoterapeutico-sft","tag-sistema-personalitzat-de-dosificacio","tag-spd","tag-tractaments"],"yoast_head":"<!-- This site is optimized with the Yoast SEO plugin v22.4 - https:\/\/yoast.com\/wordpress\/plugins\/seo\/ -->\n<title>En marxa la campanya #Atenci\u00f3Medicaci\u00f3 del COFB -<\/title>\n<meta name=\"description\" content=\"El COFB ha posat en marxa la campanya &quot;Atenci\u00f3 Medicaci\u00f3&quot;, que t\u00e9 per objectius donar a con\u00e8ixer el servei de dosificaci\u00f3 i seguiment personalitzat de la medicaci\u00f3 -que ofereixen m\u00e9s de 1.200 farm\u00e0cies de la prov\u00edncia de Barcelona- i millorar la qualitat de vida i l&#039;adher\u00e8ncia als tractaments de les persones usu\u00e0ries.\" \/>\n<meta name=\"robots\" content=\"index, follow, max-snippet:-1, max-image-preview:large, max-video-preview:-1\" \/>\n<link rel=\"canonical\" href=\"https:\/\/novaorg.cofb.net\/2018\/04\/26\/marxa-campanya-atenciomedicacio-cofb\/\" \/>\n<meta property=\"og:locale\" content=\"es_ES\" \/>\n<meta property=\"og:type\" content=\"article\" \/>\n<meta property=\"og:title\" content=\"En marxa la campanya #Atenci\u00f3Medicaci\u00f3 del COFB -\" \/>\n<meta property=\"og:description\" content=\"El COFB ha posat en marxa la campanya &quot;Atenci\u00f3 Medicaci\u00f3&quot;, que t\u00e9 per objectius donar a con\u00e8ixer el servei de dosificaci\u00f3 i seguiment personalitzat de la medicaci\u00f3 -que ofereixen m\u00e9s de 1.200 farm\u00e0cies de la prov\u00edncia de Barcelona- i millorar la qualitat de vida i l&#039;adher\u00e8ncia als tractaments de les persones usu\u00e0ries.\" \/>\n<meta property=\"og:url\" content=\"https:\/\/novaorg.cofb.net\/2018\/04\/26\/marxa-campanya-atenciomedicacio-cofb\/\" \/>\n<meta property=\"og:site_name\" content=\"Col\u00b7legi de Farmac\u00e8utics de Barcelona\" \/>\n<meta property=\"article:publisher\" content=\"https:\/\/www.facebook.com\/farmaceuticsbcn\/\" \/>\n<meta property=\"article:published_time\" content=\"2018-04-26T12:11:15+00:00\" \/>\n<meta name=\"author\" content=\"wpAdminCofbOrg\" \/>\n<meta name=\"twitter:card\" content=\"summary_large_image\" \/>\n<meta name=\"twitter:creator\" content=\"@farmaceuticsbcn\" \/>\n<meta name=\"twitter:site\" content=\"@farmaceuticsbcn\" \/>\n<meta name=\"twitter:label1\" content=\"Escrito por\" \/>\n\t<meta name=\"twitter:data1\" content=\"wpAdminCofbOrg\" \/>\n\t<meta name=\"twitter:label2\" content=\"Tiempo de lectura\" \/>\n\t<meta name=\"twitter:data2\" content=\"4 minutos\" \/>\n<script type=\"application\/ld+json\" class=\"yoast-schema-graph\">{\"@context\":\"https:\/\/schema.org\",\"@graph\":[{\"@type\":\"Article\",\"@id\":\"https:\/\/novaorg.cofb.net\/2018\/04\/26\/marxa-campanya-atenciomedicacio-cofb\/#article\",\"isPartOf\":{\"@id\":\"https:\/\/novaorg.cofb.net\/2018\/04\/26\/marxa-campanya-atenciomedicacio-cofb\/\"},\"author\":{\"name\":\"wpAdminCofbOrg\",\"@id\":\"https:\/\/www.cofb.org\/#\/schema\/person\/22ed7eea88da74b0fa4d3154ad87ffcb\"},\"headline\":\"En marxa la campanya #Atenci\u00f3Medicaci\u00f3 del COFB\",\"datePublished\":\"2018-04-26T12:11:15+00:00\",\"dateModified\":\"2018-04-26T12:11:15+00:00\",\"mainEntityOfPage\":{\"@id\":\"https:\/\/novaorg.cofb.net\/2018\/04\/26\/marxa-campanya-atenciomedicacio-cofb\/\"},\"wordCount\":801,\"commentCount\":2,\"publisher\":{\"@id\":\"https:\/\/www.cofb.org\/#organization\"},\"image\":{\"@id\":\"https:\/\/novaorg.cofb.net\/2018\/04\/26\/marxa-campanya-atenciomedicacio-cofb\/#primaryimage\"},\"thumbnailUrl\":\"\",\"keywords\":[\"atenci\u00f3 medicaci\u00f3\",\"campanya\",\"COFB\",\"Col\u00b7legi de Farmac\u00e8utics de Barcelona\",\"farmac\u00e8utics\",\"farm\u00e0cies\",\"f\u00e0rmacs\",\"medicaci\u00f3\",\"medicaments\",\"Oficina de farm\u00e0cia\",\"servei de dosificaci\u00f3 i seguiment personalitzat\",\"Servei de Seguiment Farmacoterap\u00e9utico (SFT)\",\"sistema personalitzat de dosificaci\u00f3\",\"SPD\",\"tractaments\"],\"articleSection\":[\"M\u00f3n col\u00b7legial\",\"Not\u00edcies farm\u00e0cia\"],\"inLanguage\":\"es\",\"potentialAction\":[{\"@type\":\"CommentAction\",\"name\":\"Comment\",\"target\":[\"https:\/\/novaorg.cofb.net\/2018\/04\/26\/marxa-campanya-atenciomedicacio-cofb\/#respond\"]}]},{\"@type\":\"WebPage\",\"@id\":\"https:\/\/novaorg.cofb.net\/2018\/04\/26\/marxa-campanya-atenciomedicacio-cofb\/\",\"url\":\"https:\/\/novaorg.cofb.net\/2018\/04\/26\/marxa-campanya-atenciomedicacio-cofb\/\",\"name\":\"En marxa la campanya #Atenci\u00f3Medicaci\u00f3 del COFB -\",\"isPartOf\":{\"@id\":\"https:\/\/www.cofb.org\/#website\"},\"primaryImageOfPage\":{\"@id\":\"https:\/\/novaorg.cofb.net\/2018\/04\/26\/marxa-campanya-atenciomedicacio-cofb\/#primaryimage\"},\"image\":{\"@id\":\"https:\/\/novaorg.cofb.net\/2018\/04\/26\/marxa-campanya-atenciomedicacio-cofb\/#primaryimage\"},\"thumbnailUrl\":\"\",\"datePublished\":\"2018-04-26T12:11:15+00:00\",\"dateModified\":\"2018-04-26T12:11:15+00:00\",\"description\":\"El COFB ha posat en marxa la campanya \\\"Atenci\u00f3 Medicaci\u00f3\\\", que t\u00e9 per objectius donar a con\u00e8ixer el servei de dosificaci\u00f3 i seguiment personalitzat de la medicaci\u00f3 -que ofereixen m\u00e9s de 1.200 farm\u00e0cies de la prov\u00edncia de Barcelona- i millorar la qualitat de vida i l'adher\u00e8ncia als tractaments de les persones usu\u00e0ries.\",\"breadcrumb\":{\"@id\":\"https:\/\/novaorg.cofb.net\/2018\/04\/26\/marxa-campanya-atenciomedicacio-cofb\/#breadcrumb\"},\"inLanguage\":\"es\",\"potentialAction\":[{\"@type\":\"ReadAction\",\"target\":[\"https:\/\/novaorg.cofb.net\/2018\/04\/26\/marxa-campanya-atenciomedicacio-cofb\/\"]}]},{\"@type\":\"ImageObject\",\"inLanguage\":\"es\",\"@id\":\"https:\/\/novaorg.cofb.net\/2018\/04\/26\/marxa-campanya-atenciomedicacio-cofb\/#primaryimage\",\"url\":\"\",\"contentUrl\":\"\"},{\"@type\":\"BreadcrumbList\",\"@id\":\"https:\/\/novaorg.cofb.net\/2018\/04\/26\/marxa-campanya-atenciomedicacio-cofb\/#breadcrumb\",\"itemListElement\":[{\"@type\":\"ListItem\",\"position\":1,\"name\":\"Inici\",\"item\":\"https:\/\/novaorg.cofb.net\/\"},{\"@type\":\"ListItem\",\"position\":2,\"name\":\"En marxa la campanya #Atenci\u00f3Medicaci\u00f3 del COFB\"}]},{\"@type\":\"WebSite\",\"@id\":\"https:\/\/www.cofb.org\/#website\",\"url\":\"https:\/\/www.cofb.org\/\",\"name\":\"Col\u00b7legi de Farmac\u00e8utics de Barcelona\",\"description\":\"\",\"publisher\":{\"@id\":\"https:\/\/www.cofb.org\/#organization\"},\"potentialAction\":[{\"@type\":\"SearchAction\",\"target\":{\"@type\":\"EntryPoint\",\"urlTemplate\":\"https:\/\/www.cofb.org\/?s={search_term_string}\"},\"query-input\":\"required name=search_term_string\"}],\"inLanguage\":\"es\"},{\"@type\":\"Organization\",\"@id\":\"https:\/\/www.cofb.org\/#organization\",\"name\":\"Col\u00b7legi de Farmac\u00e8utics de Barcelona\",\"url\":\"https:\/\/www.cofb.org\/\",\"logo\":{\"@type\":\"ImageObject\",\"inLanguage\":\"es\",\"@id\":\"https:\/\/www.cofb.org\/#\/schema\/logo\/image\/\",\"url\":\"https:\/\/www.cofb.org\/wp-content\/uploads\/2023\/11\/cropped-Logotip-COFB.png\",\"contentUrl\":\"https:\/\/www.cofb.org\/wp-content\/uploads\/2023\/11\/cropped-Logotip-COFB.png\",\"width\":500,\"height\":105,\"caption\":\"Col\u00b7legi de Farmac\u00e8utics de Barcelona\"},\"image\":{\"@id\":\"https:\/\/www.cofb.org\/#\/schema\/logo\/image\/\"},\"sameAs\":[\"https:\/\/www.facebook.com\/farmaceuticsbcn\/\",\"https:\/\/twitter.com\/farmaceuticsbcn\",\"https:\/\/www.instagram.com\/farmaceuticsbcn\/\",\"https:\/\/www.linkedin.com\/company\/farmaceuticsbcn\/\"]},{\"@type\":\"Person\",\"@id\":\"https:\/\/www.cofb.org\/#\/schema\/person\/22ed7eea88da74b0fa4d3154ad87ffcb\",\"name\":\"wpAdminCofbOrg\",\"image\":{\"@type\":\"ImageObject\",\"inLanguage\":\"es\",\"@id\":\"https:\/\/www.cofb.org\/#\/schema\/person\/image\/\",\"url\":\"https:\/\/secure.gravatar.com\/avatar\/1721b20b3b8ca882c3b56ec6c978c594fff670e40c0718e9190eaeeb76aae7d8?s=96&d=mm&r=g\",\"contentUrl\":\"https:\/\/secure.gravatar.com\/avatar\/1721b20b3b8ca882c3b56ec6c978c594fff670e40c0718e9190eaeeb76aae7d8?s=96&d=mm&r=g\",\"caption\":\"wpAdminCofbOrg\"},\"sameAs\":[\"http:\/\/192.168.64.122\/wordpress\"],\"url\":\"https:\/\/www.cofb.org\/es\/author\/wpadmincofborg\/\"}]}<\/script>\n<!-- \/ Yoast SEO plugin. -->","yoast_head_json":{"title":"En marxa la campanya #Atenci\u00f3Medicaci\u00f3 del COFB -","description":"El COFB ha posat en marxa la campanya \"Atenci\u00f3 Medicaci\u00f3\", que t\u00e9 per objectius donar a con\u00e8ixer el servei de dosificaci\u00f3 i seguiment personalitzat de la medicaci\u00f3 -que ofereixen m\u00e9s de 1.200 farm\u00e0cies de la prov\u00edncia de Barcelona- i millorar la qualitat de vida i l'adher\u00e8ncia als tractaments de les persones usu\u00e0ries.","robots":{"index":"index","follow":"follow","max-snippet":"max-snippet:-1","max-image-preview":"max-image-preview:large","max-video-preview":"max-video-preview:-1"},"canonical":"https:\/\/novaorg.cofb.net\/2018\/04\/26\/marxa-campanya-atenciomedicacio-cofb\/","og_locale":"es_ES","og_type":"article","og_title":"En marxa la campanya #Atenci\u00f3Medicaci\u00f3 del COFB -","og_description":"El COFB ha posat en marxa la campanya \"Atenci\u00f3 Medicaci\u00f3\", que t\u00e9 per objectius donar a con\u00e8ixer el servei de dosificaci\u00f3 i seguiment personalitzat de la medicaci\u00f3 -que ofereixen m\u00e9s de 1.200 farm\u00e0cies de la prov\u00edncia de Barcelona- i millorar la qualitat de vida i l'adher\u00e8ncia als tractaments de les persones usu\u00e0ries.","og_url":"https:\/\/novaorg.cofb.net\/2018\/04\/26\/marxa-campanya-atenciomedicacio-cofb\/","og_site_name":"Col\u00b7legi de Farmac\u00e8utics de Barcelona","article_publisher":"https:\/\/www.facebook.com\/farmaceuticsbcn\/","article_published_time":"2018-04-26T12:11:15+00:00","author":"wpAdminCofbOrg","twitter_card":"summary_large_image","twitter_creator":"@farmaceuticsbcn","twitter_site":"@farmaceuticsbcn","twitter_misc":{"Escrito por":"wpAdminCofbOrg","Tiempo de lectura":"4 minutos"},"schema":{"@context":"https:\/\/schema.org","@graph":[{"@type":"Article","@id":"https:\/\/novaorg.cofb.net\/2018\/04\/26\/marxa-campanya-atenciomedicacio-cofb\/#article","isPartOf":{"@id":"https:\/\/novaorg.cofb.net\/2018\/04\/26\/marxa-campanya-atenciomedicacio-cofb\/"},"author":{"name":"wpAdminCofbOrg","@id":"https:\/\/www.cofb.org\/#\/schema\/person\/22ed7eea88da74b0fa4d3154ad87ffcb"},"headline":"En marxa la campanya #Atenci\u00f3Medicaci\u00f3 del COFB","datePublished":"2018-04-26T12:11:15+00:00","dateModified":"2018-04-26T12:11:15+00:00","mainEntityOfPage":{"@id":"https:\/\/novaorg.cofb.net\/2018\/04\/26\/marxa-campanya-atenciomedicacio-cofb\/"},"wordCount":801,"commentCount":2,"publisher":{"@id":"https:\/\/www.cofb.org\/#organization"},"image":{"@id":"https:\/\/novaorg.cofb.net\/2018\/04\/26\/marxa-campanya-atenciomedicacio-cofb\/#primaryimage"},"thumbnailUrl":"","keywords":["atenci\u00f3 medicaci\u00f3","campanya","COFB","Col\u00b7legi de Farmac\u00e8utics de Barcelona","farmac\u00e8utics","farm\u00e0cies","f\u00e0rmacs","medicaci\u00f3","medicaments","Oficina de farm\u00e0cia","servei de dosificaci\u00f3 i seguiment personalitzat","Servei de Seguiment Farmacoterap\u00e9utico (SFT)","sistema personalitzat de dosificaci\u00f3","SPD","tractaments"],"articleSection":["M\u00f3n col\u00b7legial","Not\u00edcies farm\u00e0cia"],"inLanguage":"es","potentialAction":[{"@type":"CommentAction","name":"Comment","target":["https:\/\/novaorg.cofb.net\/2018\/04\/26\/marxa-campanya-atenciomedicacio-cofb\/#respond"]}]},{"@type":"WebPage","@id":"https:\/\/novaorg.cofb.net\/2018\/04\/26\/marxa-campanya-atenciomedicacio-cofb\/","url":"https:\/\/novaorg.cofb.net\/2018\/04\/26\/marxa-campanya-atenciomedicacio-cofb\/","name":"En marxa la campanya #Atenci\u00f3Medicaci\u00f3 del COFB -","isPartOf":{"@id":"https:\/\/www.cofb.org\/#website"},"primaryImageOfPage":{"@id":"https:\/\/novaorg.cofb.net\/2018\/04\/26\/marxa-campanya-atenciomedicacio-cofb\/#primaryimage"},"image":{"@id":"https:\/\/novaorg.cofb.net\/2018\/04\/26\/marxa-campanya-atenciomedicacio-cofb\/#primaryimage"},"thumbnailUrl":"","datePublished":"2018-04-26T12:11:15+00:00","dateModified":"2018-04-26T12:11:15+00:00","description":"El COFB ha posat en marxa la campanya \"Atenci\u00f3 Medicaci\u00f3\", que t\u00e9 per objectius donar a con\u00e8ixer el servei de dosificaci\u00f3 i seguiment personalitzat de la medicaci\u00f3 -que ofereixen m\u00e9s de 1.200 farm\u00e0cies de la prov\u00edncia de Barcelona- i millorar la qualitat de vida i l'adher\u00e8ncia als tractaments de les persones usu\u00e0ries.","breadcrumb":{"@id":"https:\/\/novaorg.cofb.net\/2018\/04\/26\/marxa-campanya-atenciomedicacio-cofb\/#breadcrumb"},"inLanguage":"es","potentialAction":[{"@type":"ReadAction","target":["https:\/\/novaorg.cofb.net\/2018\/04\/26\/marxa-campanya-atenciomedicacio-cofb\/"]}]},{"@type":"ImageObject","inLanguage":"es","@id":"https:\/\/novaorg.cofb.net\/2018\/04\/26\/marxa-campanya-atenciomedicacio-cofb\/#primaryimage","url":"","contentUrl":""},{"@type":"BreadcrumbList","@id":"https:\/\/novaorg.cofb.net\/2018\/04\/26\/marxa-campanya-atenciomedicacio-cofb\/#breadcrumb","itemListElement":[{"@type":"ListItem","position":1,"name":"Inici","item":"https:\/\/novaorg.cofb.net\/"},{"@type":"ListItem","position":2,"name":"En marxa la campanya #Atenci\u00f3Medicaci\u00f3 del COFB"}]},{"@type":"WebSite","@id":"https:\/\/www.cofb.org\/#website","url":"https:\/\/www.cofb.org\/","name":"Col\u00b7legi de Farmac\u00e8utics de Barcelona","description":"","publisher":{"@id":"https:\/\/www.cofb.org\/#organization"},"potentialAction":[{"@type":"SearchAction","target":{"@type":"EntryPoint","urlTemplate":"https:\/\/www.cofb.org\/?s={search_term_string}"},"query-input":"required name=search_term_string"}],"inLanguage":"es"},{"@type":"Organization","@id":"https:\/\/www.cofb.org\/#organization","name":"Col\u00b7legi de Farmac\u00e8utics de Barcelona","url":"https:\/\/www.cofb.org\/","logo":{"@type":"ImageObject","inLanguage":"es","@id":"https:\/\/www.cofb.org\/#\/schema\/logo\/image\/","url":"https:\/\/www.cofb.org\/wp-content\/uploads\/2023\/11\/cropped-Logotip-COFB.png","contentUrl":"https:\/\/www.cofb.org\/wp-content\/uploads\/2023\/11\/cropped-Logotip-COFB.png","width":500,"height":105,"caption":"Col\u00b7legi de Farmac\u00e8utics de Barcelona"},"image":{"@id":"https:\/\/www.cofb.org\/#\/schema\/logo\/image\/"},"sameAs":["https:\/\/www.facebook.com\/farmaceuticsbcn\/","https:\/\/twitter.com\/farmaceuticsbcn","https:\/\/www.instagram.com\/farmaceuticsbcn\/","https:\/\/www.linkedin.com\/company\/farmaceuticsbcn\/"]},{"@type":"Person","@id":"https:\/\/www.cofb.org\/#\/schema\/person\/22ed7eea88da74b0fa4d3154ad87ffcb","name":"wpAdminCofbOrg","image":{"@type":"ImageObject","inLanguage":"es","@id":"https:\/\/www.cofb.org\/#\/schema\/person\/image\/","url":"https:\/\/secure.gravatar.com\/avatar\/1721b20b3b8ca882c3b56ec6c978c594fff670e40c0718e9190eaeeb76aae7d8?s=96&d=mm&r=g","contentUrl":"https:\/\/secure.gravatar.com\/avatar\/1721b20b3b8ca882c3b56ec6c978c594fff670e40c0718e9190eaeeb76aae7d8?s=96&d=mm&r=g","caption":"wpAdminCofbOrg"},"sameAs":["http:\/\/192.168.64.122\/wordpress"],"url":"https:\/\/www.cofb.org\/es\/author\/wpadmincofborg\/"}]}},"uagb_featured_image_src":{"full":false,"thumbnail":false,"medium":false,"medium_large":false,"large":false,"1536x1536":false,"2048x2048":false,"trp-custom-language-flag":false},"uagb_author_info":{"display_name":"wpAdminCofbOrg","author_link":"https:\/\/www.cofb.org\/es\/author\/wpadmincofborg\/"},"uagb_comment_info":2,"uagb_excerpt":"El COFB ha posat en marxa la campanya &#8220;Atenci\u00f3 Medicaci\u00f3&#8221;, que t\u00e9 per objectius donar a con\u00e8ixer el servei de dosificaci\u00f3 i seguiment personalitzat de la medicaci\u00f3 -que ofereixen m\u00e9s de 1.200 farm\u00e0cies de la prov\u00edncia de Barcelona (pots consultar aqu\u00ed el mapa de farm\u00e0cies adherides)- i millorar la qualitat [&hellip;]","_links":{"self":[{"href":"https:\/\/www.cofb.org\/es\/wp-json\/wp\/v2\/posts\/38696","targetHints":{"allow":["GET"]}}],"collection":[{"href":"https:\/\/www.cofb.org\/es\/wp-json\/wp\/v2\/posts"}],"about":[{"href":"https:\/\/www.cofb.org\/es\/wp-json\/wp\/v2\/types\/post"}],"author":[{"embeddable":true,"href":"https:\/\/www.cofb.org\/es\/wp-json\/wp\/v2\/users\/1"}],"replies":[{"embeddable":true,"href":"https:\/\/www.cofb.org\/es\/wp-json\/wp\/v2\/comments?post=38696"}],"version-history":[{"count":0,"href":"https:\/\/www.cofb.org\/es\/wp-json\/wp\/v2\/posts\/38696\/revisions"}],"wp:featuredmedia":[{"embeddable":true,"href":"https:\/\/www.cofb.org\/es\/wp-json\/"}],"wp:attachment":[{"href":"https:\/\/www.cofb.org\/es\/wp-json\/wp\/v2\/media?parent=38696"}],"wp:term":[{"taxonomy":"category","embeddable":true,"href":"https:\/\/www.cofb.org\/es\/wp-json\/wp\/v2\/categories?post=38696"},{"taxonomy":"post_tag","embeddable":true,"href":"https:\/\/www.cofb.org\/es\/wp-json\/wp\/v2\/tags?post=38696"}],"curies":[{"name":"wp","href":"https:\/\/api.w.org\/{rel}","templated":true}]}}