{"id":38668,"date":"2018-04-24T20:46:01","date_gmt":"2018-04-24T18:46:01","guid":{"rendered":"https:\/\/blog.cofb.cat\/?p=38668"},"modified":"2018-04-24T20:46:01","modified_gmt":"2018-04-24T18:46:01","slug":"la-fatiga-abordatge-des-de-la-micronutricio-i-la-fitoterapia","status":"publish","type":"post","link":"https:\/\/www.cofb.org\/es\/2018\/04\/24\/la-fatiga-abordatge-des-de-la-micronutricio-i-la-fitoterapia\/","title":{"rendered":"La fatiga: abordaje desde la micronutrici\u00f3n y la fitoterapia"},"content":{"rendered":"<p>\u00bfQu\u00e9 es la fatiga? \u00bfQu\u00e9 tipos de fatiga hay? \u00bfC\u00f3mo diferenciar una fatiga fisiol\u00f3gica de una patol\u00f3gica? \u00bfY una fatiga f\u00edsica de una ps\u00edquica? La resoluci\u00f3n de cuestiones como \u00e9stas se dio en el curso <strong>&quot;La fatiga, consejos de micronutrici\u00f3n y fitoterapia&quot;<\/strong>, que tuvo lugar el pasado 19 de abril en el Colegio de Farmac\u00e9uticos de Barcelona (COFB).<\/p>\n<p>El docente fue <strong>Francesco Borella<\/strong>, licenciado en medicina y cirug\u00eda, especialista en acupuntura, homeopat\u00eda, fitoterapia, naturopat\u00eda y psicoterapia, y miembro del Instituto Europeo de Diet\u00e9tica y Micronutrici\u00f3n (IEDM). La formaci\u00f3n estuvo coordinada por la vocal de Alimentaci\u00f3n y Nutrici\u00f3n del COFB, Anna Bach, y el vocal de Plantas Medicinales y Homeopat\u00eda del COFB, Josep Allu\u00e9.<\/p>\n<h1><span style=\"color: #008080;\"><strong>Objetivos principales y programa del curso<\/strong><\/span><\/h1>\n<p>La sesi\u00f3n tuvo como <strong>objetivos principales<\/strong> profundizar en la fisiopatolog\u00eda de la fatiga, saber dar un consejo cuidadoso en micronutrici\u00f3n y fitoterapia mediante el reajuste de los h\u00e1bitos alimenticios y contribuir a mejorar la calidad de vida de los pacientes con afecciones relacionadas con la fatiga, el estr\u00e9s y el sue\u00f1o.<\/p>\n<figure id=\"attachment_38688\" aria-describedby=\"caption-attachment-38688\" style=\"width: 620px\" class=\"wp-caption aligncenter\"><a href=\"https:\/\/blog.cofb.cat\/wp-content\/uploads\/2018\/04\/cofb.180419-45.jpg\"><img fetchpriority=\"high\" decoding=\"async\" class=\"wp-image-38688 size-large\" title=\"Durante el curso se profundiz\u00f3 en la fisiopatolog\u00eda de la fatiga.\" src=\"https:\/\/blog.cofb.cat\/wp-content\/uploads\/2018\/04\/cofb.180419-45-1024x683.jpg\" alt=\"Durant el curs es va aprofundir en la fisiopatologia de la fatiga.\" width=\"620\" height=\"414\" \/><\/a><figcaption id=\"caption-attachment-38688\" class=\"wp-caption-text\">Durante el curso se profundiz\u00f3 en la fisiopatolog\u00eda de la fatiga.<\/figcaption><\/figure>\n<p>En la parte inicial de la formaci\u00f3n, se explic\u00f3 <strong>qu\u00e9 es la fatiga<\/strong>, <strong>qu\u00e9 tipos hay<\/strong> y <strong>en la que se diferencia la fatiga fisiol\u00f3gica de la patol\u00f3gica y la f\u00edsica de la ps\u00edquica<\/strong>. A continuaci\u00f3n, se hizo referencia a la fatiga con un origen funcional que puede ser causada por el uso de algunos f\u00e1rmacos, por un<strong> d\u00e9ficit micronutricional<\/strong> (vitaminas y minerales, hierro y yodo) y la fatiga ps\u00edquica debida a los trastornos de adaptaci\u00f3n, ansiedad, depresi\u00f3n o insomnio.<\/p>\n<div class=\"destacat-blog\">\n<h1><span style=\"color: #008080;\"><strong>Micronutrici\u00f3n y fitoterapia<\/strong><\/span><\/h1>\n<p>La <strong>micronutrici\u00f3n<\/strong> se interesa por el<strong>impacto de los micronutrientes<\/strong> sobre la salud, eval\u00faa las carencias y desequilibrios y busca los medios para repararlos. La <strong>fitoterapia estandarizada<\/strong> puede ayudarle a complementar los tratamientos.<\/p>\n<\/div>\n<figure id=\"attachment_38692\" aria-describedby=\"caption-attachment-38692\" style=\"width: 620px\" class=\"wp-caption aligncenter\"><a href=\"https:\/\/blog.cofb.cat\/wp-content\/uploads\/2018\/04\/cofb.180419-50.jpg\"><img decoding=\"async\" class=\"wp-image-38692 size-large\" title=\"Francesco Borella durante un momento de la formaci\u00f3n. \" src=\"https:\/\/blog.cofb.cat\/wp-content\/uploads\/2018\/04\/cofb.180419-50-1024x683.jpg\" alt=\"Francesco Borella, durant un moment de la formaci\u00f3. \" width=\"620\" height=\"414\" \/><\/a><figcaption id=\"caption-attachment-38692\" class=\"wp-caption-text\">Francesco Borella durante un momento de la formaci\u00f3n.<\/figcaption><\/figure>\n<p>Por \u00faltimo, se abord\u00f3 la <strong>fatiga ps\u00edquica<\/strong> ligada al estr\u00e9s (y sus diferentes etapas), los trastornos del sue\u00f1o y el estado de \u00e1nimo. Para concluir, se trataron <strong>las caracter\u00edsticas de la fatiga f\u00edsica<\/strong> y se dieron <strong>soluciones de acompa\u00f1amiento en micronutrici\u00f3n y fitoterapia<\/strong> por cada uno de los tipos de fatiga y cada uno de los casos.<\/p>\n<h1><strong><span style=\"color: #008080;\">Aplicaci\u00f3n pr\u00e1ctica en la farmacia<\/span><\/strong><\/h1>\n<p>El curso incorpor\u00f3 <strong>la presentaci\u00f3n de casos pr\u00e1cticos<\/strong>, a trav\u00e9s de los cuales se desglosaron los aspectos fisiol\u00f3gicos de cada situaci\u00f3n y se aportaron las soluciones complementarias en micronutrici\u00f3n y fitoterapia. De esta forma, se pudieron resolver algunas situaciones sobre consultas relacionadas con la fatiga de tipo funcional que, a menudo, se plantean en la farmacia.<\/p>\n<p><strong>Otras publicaciones de inter\u00e9s:<\/strong><\/p>\n<ul>\n<li><a href=\"https:\/\/blog.cofb.cat\/fitoterapia-usos-i-aplicacions-dels-olis-essencials-en-lembaras-i-la-lactancia\/\" target=\"_blank\" rel=\"noopener\">Fitoterapia: usos y aplicaciones de los aceites esenciales en el embarazo y la lactancia (Marzo 2018)<\/a><\/li>\n<li><a href=\"https:\/\/blog.cofb.cat\/fitoterapia-usos-i-aplicacions-dels-olis-essencials\/\" target=\"_blank\" rel=\"noopener\">Fitoterapia: usos y aplicaciones de los aceites esenciales (Febrero 2018)<\/a><\/li>\n<li><a href=\"https:\/\/blog.cofb.cat\/consells-en-micronutricio-i-fitoterapia-per-a-les-al%C2%B7lergies\/\" target=\"_blank\" rel=\"noopener\">Consejos en micronutrici\u00f3n y fitoterapia para las alergias (Mayo 2015)<\/a><\/li>\n<li><a href=\"https:\/\/blog.cofb.cat\/les-darreres-formacions-en-fitoterapia-al-cofb\/\" target=\"_blank\" rel=\"noopener\">Las \u00faltimas formaciones en fitoterapia en el COFB (Agosto 2016)<\/a><\/li>\n<li><a href=\"https:\/\/blog.cofb.cat\/lestres-i-els-trastorns-del-son\/\" target=\"_blank\" rel=\"noopener\">El estr\u00e9s y los trastornos del sue\u00f1o (Mayo 2013)<\/a><\/li>\n<\/ul>\n<p style=\"text-align: right;\"><strong>Con la colaboraci\u00f3n de:<\/strong><\/p>\n<p style=\"text-align: right;\"><a href=\"http:\/\/www.pileje.es\/\" target=\"_blank\" rel=\"noopener\"><img decoding=\"async\" class=\"size-full wp-image-37737 alignright\" src=\"https:\/\/blog.cofb.cat\/wp-content\/uploads\/2018\/03\/PiLeJe.jpg\" alt=\"\" width=\"130\" height=\"48\" \/><\/a><\/p>","protected":false},"excerpt":{"rendered":"<p>\u00bfQu\u00e9 es la fatiga? \u00bfQu\u00e9 tipos de fatiga hay? \u00bfC\u00f3mo diferenciar una fatiga fisiol\u00f3gica de una patol\u00f3gica? \u00bfY una fatiga f\u00edsica de una ps\u00edquica? La resoluci\u00f3n de cuestiones como \u00e9stas se dio en el curso \u201cLa fatiga, consejos de micronutrici\u00f3n y fitoterapia\u201d, que tuvo lugar el pasado 19 de abril [\u2026]<\/p>","protected":false},"author":1,"featured_media":38694,"comment_status":"open","ping_status":"open","sticky":false,"template":"","format":"standard","meta":{"_uag_custom_page_level_css":"","site-sidebar-layout":"default","site-content-layout":"","ast-site-content-layout":"default","site-content-style":"default","site-sidebar-style":"default","ast-global-header-display":"","ast-banner-title-visibility":"","ast-main-header-display":"","ast-hfb-above-header-display":"","ast-hfb-below-header-display":"","ast-hfb-mobile-header-display":"","site-post-title":"","ast-breadcrumbs-content":"","ast-featured-img":"disabled","footer-sml-layout":"","theme-transparent-header-meta":"","adv-header-id-meta":"","stick-header-meta":"","header-above-stick-meta":"","header-main-stick-meta":"","header-below-stick-meta":"","astra-migrate-meta-layouts":"default","ast-page-background-enabled":"default","ast-page-background-meta":{"desktop":{"background-color":"var(--ast-global-color-4)","background-image":"","background-repeat":"repeat","background-position":"center center","background-size":"auto","background-attachment":"scroll","background-type":"","background-media":"","overlay-type":"","overlay-color":"","overlay-opacity":"","overlay-gradient":""},"tablet":{"background-color":"","background-image":"","background-repeat":"repeat","background-position":"center center","background-size":"auto","background-attachment":"scroll","background-type":"","background-media":"","overlay-type":"","overlay-color":"","overlay-opacity":"","overlay-gradient":""},"mobile":{"background-color":"","background-image":"","background-repeat":"repeat","background-position":"center center","background-size":"auto","background-attachment":"scroll","background-type":"","background-media":"","overlay-type":"","overlay-color":"","overlay-opacity":"","overlay-gradient":""}},"ast-content-background-meta":{"desktop":{"background-color":"var(--ast-global-color-5)","background-image":"","background-repeat":"repeat","background-position":"center center","background-size":"auto","background-attachment":"scroll","background-type":"","background-media":"","overlay-type":"","overlay-color":"","overlay-opacity":"","overlay-gradient":""},"tablet":{"background-color":"var(--ast-global-color-5)","background-image":"","background-repeat":"repeat","background-position":"center center","background-size":"auto","background-attachment":"scroll","background-type":"","background-media":"","overlay-type":"","overlay-color":"","overlay-opacity":"","overlay-gradient":""},"mobile":{"background-color":"var(--ast-global-color-5)","background-image":"","background-repeat":"repeat","background-position":"center center","background-size":"auto","background-attachment":"scroll","background-type":"","background-media":"","overlay-type":"","overlay-color":"","overlay-opacity":"","overlay-gradient":""}},"footnotes":""},"categories":[57],"tags":[36,16,18,3015,19,3086,3087,786,3088,3089,3090,3091,349,123,46,94,389,2976],"class_list":["post-38668","post","type-post","status-publish","format-standard","has-post-thumbnail","hentry","category-mon-collegial","tag-alimentacio","tag-alimentacio-i-nutricio","tag-cofb","tag-collegi-de-farmaceutics","tag-collegi-de-farmaceutics-de-barcelona","tag-consells-de-micronutricio-i-fitoterapia","tag-deficit-micronutricional","tag-fatiga","tag-fatiga-fisica","tag-fatiga-fisiologica","tag-fatiga-patologica","tag-fatiga-psiquica","tag-fitoterapia","tag-micronutricio","tag-nutricio","tag-plantes-medicinals","tag-vocalia-dalimentacio-i-nutricio","tag-vocalia-de-plantes-medicinals"],"yoast_head":"<!-- This site is optimized with the Yoast SEO plugin v22.4 - https:\/\/yoast.com\/wordpress\/plugins\/seo\/ -->\n<title>La fatiga: abordatge des de la micronutrici\u00f3 i la fitoter\u00e0pia - Col\u00b7legi de Farmac\u00e8utics de Barcelona<\/title>\n<meta name=\"description\" content=\"El passat 19 d&#039;abril al Col\u00b7legi de Farmac\u00e8utics de Barcelona (COFB) va tenir lloc el curs &quot;La fatiga, consells de micronutrici\u00f3 i fitoter\u00e0pia&quot;.\" \/>\n<meta name=\"robots\" content=\"index, follow, max-snippet:-1, max-image-preview:large, max-video-preview:-1\" \/>\n<link rel=\"canonical\" href=\"https:\/\/novaorg.cofb.net\/2018\/04\/24\/la-fatiga-abordatge-des-de-la-micronutricio-i-la-fitoterapia\/\" \/>\n<meta property=\"og:locale\" content=\"es_ES\" \/>\n<meta property=\"og:type\" content=\"article\" \/>\n<meta property=\"og:title\" content=\"La fatiga: abordatge des de la micronutrici\u00f3 i la fitoter\u00e0pia - Col\u00b7legi de Farmac\u00e8utics de Barcelona\" \/>\n<meta property=\"og:description\" content=\"El passat 19 d&#039;abril al Col\u00b7legi de Farmac\u00e8utics de Barcelona (COFB) va tenir lloc el curs &quot;La fatiga, consells de micronutrici\u00f3 i fitoter\u00e0pia&quot;.\" \/>\n<meta property=\"og:url\" content=\"https:\/\/novaorg.cofb.net\/2018\/04\/24\/la-fatiga-abordatge-des-de-la-micronutricio-i-la-fitoterapia\/\" \/>\n<meta property=\"og:site_name\" content=\"Col\u00b7legi de Farmac\u00e8utics de Barcelona\" \/>\n<meta property=\"article:publisher\" content=\"https:\/\/www.facebook.com\/farmaceuticsbcn\/\" \/>\n<meta property=\"article:published_time\" content=\"2018-04-24T18:46:01+00:00\" \/>\n<meta name=\"author\" content=\"wpAdminCofbOrg\" \/>\n<meta name=\"twitter:card\" content=\"summary_large_image\" \/>\n<meta name=\"twitter:creator\" content=\"@farmaceuticsbcn\" \/>\n<meta name=\"twitter:site\" content=\"@farmaceuticsbcn\" \/>\n<meta name=\"twitter:label1\" content=\"Escrito por\" \/>\n\t<meta name=\"twitter:data1\" content=\"wpAdminCofbOrg\" \/>\n\t<meta name=\"twitter:label2\" content=\"Tiempo de lectura\" \/>\n\t<meta name=\"twitter:data2\" content=\"3 minutos\" \/>\n<script type=\"application\/ld+json\" class=\"yoast-schema-graph\">{\"@context\":\"https:\/\/schema.org\",\"@graph\":[{\"@type\":\"Article\",\"@id\":\"https:\/\/novaorg.cofb.net\/2018\/04\/24\/la-fatiga-abordatge-des-de-la-micronutricio-i-la-fitoterapia\/#article\",\"isPartOf\":{\"@id\":\"https:\/\/novaorg.cofb.net\/2018\/04\/24\/la-fatiga-abordatge-des-de-la-micronutricio-i-la-fitoterapia\/\"},\"author\":{\"name\":\"wpAdminCofbOrg\",\"@id\":\"https:\/\/www.cofb.org\/#\/schema\/person\/22ed7eea88da74b0fa4d3154ad87ffcb\"},\"headline\":\"La fatiga: abordatge des de la micronutrici\u00f3 i la fitoter\u00e0pia\",\"datePublished\":\"2018-04-24T18:46:01+00:00\",\"dateModified\":\"2018-04-24T18:46:01+00:00\",\"mainEntityOfPage\":{\"@id\":\"https:\/\/novaorg.cofb.net\/2018\/04\/24\/la-fatiga-abordatge-des-de-la-micronutricio-i-la-fitoterapia\/\"},\"wordCount\":566,\"commentCount\":0,\"publisher\":{\"@id\":\"https:\/\/www.cofb.org\/#organization\"},\"image\":{\"@id\":\"https:\/\/novaorg.cofb.net\/2018\/04\/24\/la-fatiga-abordatge-des-de-la-micronutricio-i-la-fitoterapia\/#primaryimage\"},\"thumbnailUrl\":\"\",\"keywords\":[\"alimentaci\u00f3\",\"Alimentaci\u00f3 i nutrici\u00f3\",\"COFB\",\"Col\u00b7legi de Farmac\u00e8utics\",\"Col\u00b7legi de Farmac\u00e8utics de Barcelona\",\"consells de micronutrici\u00f3 i fitoter\u00e0pia\",\"d\u00e8ficit micronutricional\",\"fatiga\",\"fatiga f\u00edsica\",\"fatiga fisiol\u00f2gica\",\"fatiga patol\u00f2gica\",\"fatiga ps\u00edquica\",\"Fitoter\u00e0pia\",\"micronutrici\u00f3\",\"Nutrici\u00f3\",\"Plantes Medicinals\",\"vocalia d'alimentaci\u00f3 i nutrici\u00f3\",\"Vocalia de Plantes Medicinals\"],\"articleSection\":[\"M\u00f3n col\u00b7legial\"],\"inLanguage\":\"es\",\"potentialAction\":[{\"@type\":\"CommentAction\",\"name\":\"Comment\",\"target\":[\"https:\/\/novaorg.cofb.net\/2018\/04\/24\/la-fatiga-abordatge-des-de-la-micronutricio-i-la-fitoterapia\/#respond\"]}]},{\"@type\":\"WebPage\",\"@id\":\"https:\/\/novaorg.cofb.net\/2018\/04\/24\/la-fatiga-abordatge-des-de-la-micronutricio-i-la-fitoterapia\/\",\"url\":\"https:\/\/novaorg.cofb.net\/2018\/04\/24\/la-fatiga-abordatge-des-de-la-micronutricio-i-la-fitoterapia\/\",\"name\":\"La fatiga: abordatge des de la micronutrici\u00f3 i la fitoter\u00e0pia - Col\u00b7legi de Farmac\u00e8utics de Barcelona\",\"isPartOf\":{\"@id\":\"https:\/\/www.cofb.org\/#website\"},\"primaryImageOfPage\":{\"@id\":\"https:\/\/novaorg.cofb.net\/2018\/04\/24\/la-fatiga-abordatge-des-de-la-micronutricio-i-la-fitoterapia\/#primaryimage\"},\"image\":{\"@id\":\"https:\/\/novaorg.cofb.net\/2018\/04\/24\/la-fatiga-abordatge-des-de-la-micronutricio-i-la-fitoterapia\/#primaryimage\"},\"thumbnailUrl\":\"\",\"datePublished\":\"2018-04-24T18:46:01+00:00\",\"dateModified\":\"2018-04-24T18:46:01+00:00\",\"description\":\"El passat 19 d'abril al Col\u00b7legi de Farmac\u00e8utics de Barcelona (COFB) va tenir lloc el curs \\\"La fatiga, consells de micronutrici\u00f3 i fitoter\u00e0pia\\\".\",\"breadcrumb\":{\"@id\":\"https:\/\/novaorg.cofb.net\/2018\/04\/24\/la-fatiga-abordatge-des-de-la-micronutricio-i-la-fitoterapia\/#breadcrumb\"},\"inLanguage\":\"es\",\"potentialAction\":[{\"@type\":\"ReadAction\",\"target\":[\"https:\/\/novaorg.cofb.net\/2018\/04\/24\/la-fatiga-abordatge-des-de-la-micronutricio-i-la-fitoterapia\/\"]}]},{\"@type\":\"ImageObject\",\"inLanguage\":\"es\",\"@id\":\"https:\/\/novaorg.cofb.net\/2018\/04\/24\/la-fatiga-abordatge-des-de-la-micronutricio-i-la-fitoterapia\/#primaryimage\",\"url\":\"\",\"contentUrl\":\"\"},{\"@type\":\"BreadcrumbList\",\"@id\":\"https:\/\/novaorg.cofb.net\/2018\/04\/24\/la-fatiga-abordatge-des-de-la-micronutricio-i-la-fitoterapia\/#breadcrumb\",\"itemListElement\":[{\"@type\":\"ListItem\",\"position\":1,\"name\":\"Inici\",\"item\":\"https:\/\/novaorg.cofb.net\/\"},{\"@type\":\"ListItem\",\"position\":2,\"name\":\"La fatiga: abordatge des de la micronutrici\u00f3 i la fitoter\u00e0pia\"}]},{\"@type\":\"WebSite\",\"@id\":\"https:\/\/www.cofb.org\/#website\",\"url\":\"https:\/\/www.cofb.org\/\",\"name\":\"Col\u00b7legi de Farmac\u00e8utics de Barcelona\",\"description\":\"\",\"publisher\":{\"@id\":\"https:\/\/www.cofb.org\/#organization\"},\"potentialAction\":[{\"@type\":\"SearchAction\",\"target\":{\"@type\":\"EntryPoint\",\"urlTemplate\":\"https:\/\/www.cofb.org\/?s={search_term_string}\"},\"query-input\":\"required name=search_term_string\"}],\"inLanguage\":\"es\"},{\"@type\":\"Organization\",\"@id\":\"https:\/\/www.cofb.org\/#organization\",\"name\":\"Col\u00b7legi de Farmac\u00e8utics de Barcelona\",\"url\":\"https:\/\/www.cofb.org\/\",\"logo\":{\"@type\":\"ImageObject\",\"inLanguage\":\"es\",\"@id\":\"https:\/\/www.cofb.org\/#\/schema\/logo\/image\/\",\"url\":\"https:\/\/www.cofb.org\/wp-content\/uploads\/2023\/11\/cropped-Logotip-COFB.png\",\"contentUrl\":\"https:\/\/www.cofb.org\/wp-content\/uploads\/2023\/11\/cropped-Logotip-COFB.png\",\"width\":500,\"height\":105,\"caption\":\"Col\u00b7legi de Farmac\u00e8utics de Barcelona\"},\"image\":{\"@id\":\"https:\/\/www.cofb.org\/#\/schema\/logo\/image\/\"},\"sameAs\":[\"https:\/\/www.facebook.com\/farmaceuticsbcn\/\",\"https:\/\/twitter.com\/farmaceuticsbcn\",\"https:\/\/www.instagram.com\/farmaceuticsbcn\/\",\"https:\/\/www.linkedin.com\/company\/farmaceuticsbcn\/\"]},{\"@type\":\"Person\",\"@id\":\"https:\/\/www.cofb.org\/#\/schema\/person\/22ed7eea88da74b0fa4d3154ad87ffcb\",\"name\":\"wpAdminCofbOrg\",\"image\":{\"@type\":\"ImageObject\",\"inLanguage\":\"es\",\"@id\":\"https:\/\/www.cofb.org\/#\/schema\/person\/image\/\",\"url\":\"https:\/\/secure.gravatar.com\/avatar\/1721b20b3b8ca882c3b56ec6c978c594fff670e40c0718e9190eaeeb76aae7d8?s=96&d=mm&r=g\",\"contentUrl\":\"https:\/\/secure.gravatar.com\/avatar\/1721b20b3b8ca882c3b56ec6c978c594fff670e40c0718e9190eaeeb76aae7d8?s=96&d=mm&r=g\",\"caption\":\"wpAdminCofbOrg\"},\"sameAs\":[\"http:\/\/192.168.64.122\/wordpress\"],\"url\":\"https:\/\/www.cofb.org\/es\/author\/wpadmincofborg\/\"}]}<\/script>\n<!-- \/ Yoast SEO plugin. -->","yoast_head_json":{"title":"La fatiga: abordatge des de la micronutrici\u00f3 i la fitoter\u00e0pia - Col\u00b7legi de Farmac\u00e8utics de Barcelona","description":"El passat 19 d'abril al Col\u00b7legi de Farmac\u00e8utics de Barcelona (COFB) va tenir lloc el curs \"La fatiga, consells de micronutrici\u00f3 i fitoter\u00e0pia\".","robots":{"index":"index","follow":"follow","max-snippet":"max-snippet:-1","max-image-preview":"max-image-preview:large","max-video-preview":"max-video-preview:-1"},"canonical":"https:\/\/novaorg.cofb.net\/2018\/04\/24\/la-fatiga-abordatge-des-de-la-micronutricio-i-la-fitoterapia\/","og_locale":"es_ES","og_type":"article","og_title":"La fatiga: abordatge des de la micronutrici\u00f3 i la fitoter\u00e0pia - Col\u00b7legi de Farmac\u00e8utics de Barcelona","og_description":"El passat 19 d'abril al Col\u00b7legi de Farmac\u00e8utics de Barcelona (COFB) va tenir lloc el curs \"La fatiga, consells de micronutrici\u00f3 i fitoter\u00e0pia\".","og_url":"https:\/\/novaorg.cofb.net\/2018\/04\/24\/la-fatiga-abordatge-des-de-la-micronutricio-i-la-fitoterapia\/","og_site_name":"Col\u00b7legi de Farmac\u00e8utics de Barcelona","article_publisher":"https:\/\/www.facebook.com\/farmaceuticsbcn\/","article_published_time":"2018-04-24T18:46:01+00:00","author":"wpAdminCofbOrg","twitter_card":"summary_large_image","twitter_creator":"@farmaceuticsbcn","twitter_site":"@farmaceuticsbcn","twitter_misc":{"Escrito por":"wpAdminCofbOrg","Tiempo de lectura":"3 minutos"},"schema":{"@context":"https:\/\/schema.org","@graph":[{"@type":"Article","@id":"https:\/\/novaorg.cofb.net\/2018\/04\/24\/la-fatiga-abordatge-des-de-la-micronutricio-i-la-fitoterapia\/#article","isPartOf":{"@id":"https:\/\/novaorg.cofb.net\/2018\/04\/24\/la-fatiga-abordatge-des-de-la-micronutricio-i-la-fitoterapia\/"},"author":{"name":"wpAdminCofbOrg","@id":"https:\/\/www.cofb.org\/#\/schema\/person\/22ed7eea88da74b0fa4d3154ad87ffcb"},"headline":"La fatiga: abordatge des de la micronutrici\u00f3 i la fitoter\u00e0pia","datePublished":"2018-04-24T18:46:01+00:00","dateModified":"2018-04-24T18:46:01+00:00","mainEntityOfPage":{"@id":"https:\/\/novaorg.cofb.net\/2018\/04\/24\/la-fatiga-abordatge-des-de-la-micronutricio-i-la-fitoterapia\/"},"wordCount":566,"commentCount":0,"publisher":{"@id":"https:\/\/www.cofb.org\/#organization"},"image":{"@id":"https:\/\/novaorg.cofb.net\/2018\/04\/24\/la-fatiga-abordatge-des-de-la-micronutricio-i-la-fitoterapia\/#primaryimage"},"thumbnailUrl":"","keywords":["alimentaci\u00f3","Alimentaci\u00f3 i nutrici\u00f3","COFB","Col\u00b7legi de Farmac\u00e8utics","Col\u00b7legi de Farmac\u00e8utics de Barcelona","consells de micronutrici\u00f3 i fitoter\u00e0pia","d\u00e8ficit micronutricional","fatiga","fatiga f\u00edsica","fatiga fisiol\u00f2gica","fatiga patol\u00f2gica","fatiga ps\u00edquica","Fitoter\u00e0pia","micronutrici\u00f3","Nutrici\u00f3","Plantes Medicinals","vocalia d'alimentaci\u00f3 i nutrici\u00f3","Vocalia de Plantes Medicinals"],"articleSection":["M\u00f3n col\u00b7legial"],"inLanguage":"es","potentialAction":[{"@type":"CommentAction","name":"Comment","target":["https:\/\/novaorg.cofb.net\/2018\/04\/24\/la-fatiga-abordatge-des-de-la-micronutricio-i-la-fitoterapia\/#respond"]}]},{"@type":"WebPage","@id":"https:\/\/novaorg.cofb.net\/2018\/04\/24\/la-fatiga-abordatge-des-de-la-micronutricio-i-la-fitoterapia\/","url":"https:\/\/novaorg.cofb.net\/2018\/04\/24\/la-fatiga-abordatge-des-de-la-micronutricio-i-la-fitoterapia\/","name":"La fatiga: abordatge des de la micronutrici\u00f3 i la fitoter\u00e0pia - Col\u00b7legi de Farmac\u00e8utics de Barcelona","isPartOf":{"@id":"https:\/\/www.cofb.org\/#website"},"primaryImageOfPage":{"@id":"https:\/\/novaorg.cofb.net\/2018\/04\/24\/la-fatiga-abordatge-des-de-la-micronutricio-i-la-fitoterapia\/#primaryimage"},"image":{"@id":"https:\/\/novaorg.cofb.net\/2018\/04\/24\/la-fatiga-abordatge-des-de-la-micronutricio-i-la-fitoterapia\/#primaryimage"},"thumbnailUrl":"","datePublished":"2018-04-24T18:46:01+00:00","dateModified":"2018-04-24T18:46:01+00:00","description":"El passat 19 d'abril al Col\u00b7legi de Farmac\u00e8utics de Barcelona (COFB) va tenir lloc el curs \"La fatiga, consells de micronutrici\u00f3 i fitoter\u00e0pia\".","breadcrumb":{"@id":"https:\/\/novaorg.cofb.net\/2018\/04\/24\/la-fatiga-abordatge-des-de-la-micronutricio-i-la-fitoterapia\/#breadcrumb"},"inLanguage":"es","potentialAction":[{"@type":"ReadAction","target":["https:\/\/novaorg.cofb.net\/2018\/04\/24\/la-fatiga-abordatge-des-de-la-micronutricio-i-la-fitoterapia\/"]}]},{"@type":"ImageObject","inLanguage":"es","@id":"https:\/\/novaorg.cofb.net\/2018\/04\/24\/la-fatiga-abordatge-des-de-la-micronutricio-i-la-fitoterapia\/#primaryimage","url":"","contentUrl":""},{"@type":"BreadcrumbList","@id":"https:\/\/novaorg.cofb.net\/2018\/04\/24\/la-fatiga-abordatge-des-de-la-micronutricio-i-la-fitoterapia\/#breadcrumb","itemListElement":[{"@type":"ListItem","position":1,"name":"Inici","item":"https:\/\/novaorg.cofb.net\/"},{"@type":"ListItem","position":2,"name":"La fatiga: abordatge des de la micronutrici\u00f3 i la fitoter\u00e0pia"}]},{"@type":"WebSite","@id":"https:\/\/www.cofb.org\/#website","url":"https:\/\/www.cofb.org\/","name":"Col\u00b7legi de Farmac\u00e8utics de Barcelona","description":"","publisher":{"@id":"https:\/\/www.cofb.org\/#organization"},"potentialAction":[{"@type":"SearchAction","target":{"@type":"EntryPoint","urlTemplate":"https:\/\/www.cofb.org\/?s={search_term_string}"},"query-input":"required name=search_term_string"}],"inLanguage":"es"},{"@type":"Organization","@id":"https:\/\/www.cofb.org\/#organization","name":"Col\u00b7legi de Farmac\u00e8utics de Barcelona","url":"https:\/\/www.cofb.org\/","logo":{"@type":"ImageObject","inLanguage":"es","@id":"https:\/\/www.cofb.org\/#\/schema\/logo\/image\/","url":"https:\/\/www.cofb.org\/wp-content\/uploads\/2023\/11\/cropped-Logotip-COFB.png","contentUrl":"https:\/\/www.cofb.org\/wp-content\/uploads\/2023\/11\/cropped-Logotip-COFB.png","width":500,"height":105,"caption":"Col\u00b7legi de Farmac\u00e8utics de Barcelona"},"image":{"@id":"https:\/\/www.cofb.org\/#\/schema\/logo\/image\/"},"sameAs":["https:\/\/www.facebook.com\/farmaceuticsbcn\/","https:\/\/twitter.com\/farmaceuticsbcn","https:\/\/www.instagram.com\/farmaceuticsbcn\/","https:\/\/www.linkedin.com\/company\/farmaceuticsbcn\/"]},{"@type":"Person","@id":"https:\/\/www.cofb.org\/#\/schema\/person\/22ed7eea88da74b0fa4d3154ad87ffcb","name":"wpAdminCofbOrg","image":{"@type":"ImageObject","inLanguage":"es","@id":"https:\/\/www.cofb.org\/#\/schema\/person\/image\/","url":"https:\/\/secure.gravatar.com\/avatar\/1721b20b3b8ca882c3b56ec6c978c594fff670e40c0718e9190eaeeb76aae7d8?s=96&d=mm&r=g","contentUrl":"https:\/\/secure.gravatar.com\/avatar\/1721b20b3b8ca882c3b56ec6c978c594fff670e40c0718e9190eaeeb76aae7d8?s=96&d=mm&r=g","caption":"wpAdminCofbOrg"},"sameAs":["http:\/\/192.168.64.122\/wordpress"],"url":"https:\/\/www.cofb.org\/es\/author\/wpadmincofborg\/"}]}},"uagb_featured_image_src":{"full":false,"thumbnail":false,"medium":false,"medium_large":false,"large":false,"1536x1536":false,"2048x2048":false,"trp-custom-language-flag":false},"uagb_author_info":{"display_name":"wpAdminCofbOrg","author_link":"https:\/\/www.cofb.org\/es\/author\/wpadmincofborg\/"},"uagb_comment_info":0,"uagb_excerpt":"Qu\u00e8 \u00e9s la fatiga? Quins tipus de fatiga hi ha? Com podem diferenciar una fatiga fisiol\u00f2gica d&#8217;una patol\u00f2gica? I una fatiga f\u00edsica d&#8217;una ps\u00edquica?\u00a0 La resoluci\u00f3 de q\u00fcestions com aquestes es va donar al curs &#8220;La fatiga, consells de micronutrici\u00f3 i fitoter\u00e0pia&#8221;, que va tenir lloc el passat 19 d&#8217;abril [&hellip;]","_links":{"self":[{"href":"https:\/\/www.cofb.org\/es\/wp-json\/wp\/v2\/posts\/38668","targetHints":{"allow":["GET"]}}],"collection":[{"href":"https:\/\/www.cofb.org\/es\/wp-json\/wp\/v2\/posts"}],"about":[{"href":"https:\/\/www.cofb.org\/es\/wp-json\/wp\/v2\/types\/post"}],"author":[{"embeddable":true,"href":"https:\/\/www.cofb.org\/es\/wp-json\/wp\/v2\/users\/1"}],"replies":[{"embeddable":true,"href":"https:\/\/www.cofb.org\/es\/wp-json\/wp\/v2\/comments?post=38668"}],"version-history":[{"count":0,"href":"https:\/\/www.cofb.org\/es\/wp-json\/wp\/v2\/posts\/38668\/revisions"}],"wp:featuredmedia":[{"embeddable":true,"href":"https:\/\/www.cofb.org\/es\/wp-json\/"}],"wp:attachment":[{"href":"https:\/\/www.cofb.org\/es\/wp-json\/wp\/v2\/media?parent=38668"}],"wp:term":[{"taxonomy":"category","embeddable":true,"href":"https:\/\/www.cofb.org\/es\/wp-json\/wp\/v2\/categories?post=38668"},{"taxonomy":"post_tag","embeddable":true,"href":"https:\/\/www.cofb.org\/es\/wp-json\/wp\/v2\/tags?post=38668"}],"curies":[{"name":"wp","href":"https:\/\/api.w.org\/{rel}","templated":true}]}}