{"id":38632,"date":"2018-04-26T13:29:37","date_gmt":"2018-04-26T11:29:37","guid":{"rendered":"https:\/\/blog.cofb.cat\/?p=38632"},"modified":"2018-04-26T13:29:37","modified_gmt":"2018-04-26T11:29:37","slug":"noticia-mitjans-marc","status":"publish","type":"post","link":"https:\/\/www.cofb.org\/es\/2018\/04\/26\/noticia-mitjans-marc\/","title":{"rendered":"Marzo: Infarma Madrid 2018, gu\u00eda de salud bucodental y Plenufar 6, temas destacados en los medios de comunicaci\u00f3n"},"content":{"rendered":"<h1><span style=\"color: #008080;\"><a style=\"color: #008080;\" href=\"https:\/\/blog.cofb.cat\/infarma-madrid-2018-tanca-amb-gran-exit-una-edicio-marcada-per-la-innovacio\/\" target=\"_blank\" rel=\"noopener\"><strong>Infarma Madrid 2018<\/strong><\/a><\/span><\/h1>\n<p>En los d\u00edas previos al inicio del Congreso y Sal\u00f3n de Medicamentos Infarma, la prensa destac\u00f3 algunas de las novedades de la edici\u00f3n de este a\u00f1o, como <strong>el espacio <em>speaker corner<\/em>, los ocho retos formativos del portal formativo \u00c0gora Sanit\u00e0ria o las 387 empresas y 30.000 profesionales que reuni\u00f3 el evento.<\/strong> <strong>N\u00faria Bosch<\/strong>, vicepresidenta del Colegio, fue entrevistada por la revista Acofar y, a su vez, se le recogieron declaraciones a varias noticias de Correo Farmac\u00e9utico, El Global y Sanifax. <strong>Guillermo Bagaria<\/strong>, vicetesorero de Colegio, y <strong>Rafael Guayta-Escolies<\/strong>, director de Proyectos e Investigaci\u00f3n del Consejo, <strong>tambi\u00e9n tuvieron presencia en los medios<\/strong>. Concretamente, por parte de Correo Farmac\u00e9utico, que public\u00f3 una previa de la <strong>mesa sobre resistencia a los antibi\u00f3ticos en la que ambos participaron. <\/strong><\/p>\n<figure id=\"attachment_38774\" aria-describedby=\"caption-attachment-38774\" style=\"width: 618px\" class=\"wp-caption aligncenter\"><a href=\"https:\/\/blog.cofb.cat\/wp-content\/uploads\/2018\/04\/1-1.jpg\"><img fetchpriority=\"high\" decoding=\"async\" class=\"size-full wp-image-38774\" src=\"https:\/\/blog.cofb.cat\/wp-content\/uploads\/2018\/04\/1-1.jpg\" alt=\"\" width=\"618\" height=\"240\" \/><\/a><figcaption id=\"caption-attachment-38774\" class=\"wp-caption-text\">Repercusiones previas al inicio de Infarma Madrid 2018<\/figcaption><\/figure>\n<p>La prensa, sobre todo la especializada, hizo un especial seguimiento a lo sucedido durante los tres d\u00edas del Congreso. El Colegio estuvo presente en los medios en el marco <strong>de los actos de inauguraci\u00f3n y clausura<\/strong>, que hicieron menci\u00f3n <strong>en el discurso de Bosch<\/strong>, y<strong>\u00a0de las distintas conferencias y mesas redondas que contaron con miembros del COFB.<\/strong> En este sentido, se compartieron las declaraciones tambi\u00e9n de la <strong>vicepresidenta<\/strong> por la mesa de debate<strong>Recertificaci\u00f3n competencial de los profesionales<\/strong>, de <strong>Bagaria y Guayta-Escolies<\/strong> por la <strong>mesa redonda sobre antibi\u00f3ticos mencionada en el p\u00e1rrafo anterior<\/strong>, y de\u00a0<strong>Mercedes Graso<\/strong>, directora del \u00c1rea Jur\u00eddica, Administrativa, Deontol\u00f3gica y de Inspecci\u00f3n del COFB, en relaci\u00f3n a la mesa redonda <strong>&quot;Acceso a la historia cl\u00ednica: c\u00f3mo, cu\u00e1ndo y por qu\u00e9&quot;.<\/strong><\/p>\n<figure id=\"attachment_38773\" aria-describedby=\"caption-attachment-38773\" style=\"width: 618px\" class=\"wp-caption aligncenter\"><a href=\"https:\/\/blog.cofb.cat\/wp-content\/uploads\/2018\/04\/1.2.jpg\"><img decoding=\"async\" class=\"size-full wp-image-38773\" src=\"https:\/\/blog.cofb.cat\/wp-content\/uploads\/2018\/04\/1.2.jpg\" alt=\"\" width=\"618\" height=\"240\" \/><\/a><figcaption id=\"caption-attachment-38773\" class=\"wp-caption-text\">Los actos de inauguraci\u00f3n y el de clausura y las mesas redondas del Congreso, en la prensa especializada<\/figcaption><\/figure>\n<p>Por \u00faltimo, <a href=\"http:\/\/www.correofarmaceutico.com\/2018\/03\/19\/al-dia\/profesion\/proxima-cita-infarma-2019-del-12-al-14-de-marzo\" target=\"_blank\" rel=\"noopener\">Correo Farmac\u00e9utico<\/a> y <a href=\"https:\/\/www.diariofarma.com\/2018\/03\/15\/infarma-2018-pasa-testigo-barcelona-los-objetivos-superados\" target=\"_blank\" rel=\"noopener\">Diariofarma<\/a> informaron de la <strong>pr\u00f3xima edici\u00f3n de Infarma<\/strong>, que se celebrar\u00e1 en <strong>Barcelona<\/strong>\u00a0del <strong>19 al 21 de marzo de 2019.<\/strong><\/p>\n<div class=\"custom-divider\"><\/div>\n<h1><span style=\"color: #008080;\"><a style=\"color: #008080;\" href=\"https:\/\/blog.cofb.cat\/primera-guia-actuar-farmacia-davant-consultes-salut-bucodental\/\" target=\"_blank\" rel=\"noopener\"><strong>Gu\u00eda de salud bucodental<\/strong><\/a><\/span><\/h1>\n<p>Uno de los temas con m\u00e1s eco en marzo fue la presentaci\u00f3n de <strong>la gu\u00eda de actuaci\u00f3n farmac\u00e9utica sobre salud bucodental<\/strong>, confeccionada e ideada por el Consejo de Colegios Farmac\u00e9uticos de Catalu\u00f1a (CCFC) y el Colegio Oficial de Odont\u00f3logos y Estomat\u00f3logos de Catalu\u00f1a (COEC), con la colaboraci\u00f3n y apoyo del Departamento de Salud. Se trata de la primera vez que se crea una herramienta para que se puedan\u00a0<strong>abordar este tipo de consultas desde las farmacias,\u00a0<\/strong>y as\u00ed lo resalt\u00f3 la prensa que hizo difusi\u00f3n. Concretamente, hablaron de ello <a href=\"https:\/\/www.aldia.cat\/gent\/noticia-farmaceutics-odontolegs-creen-guia-consultes-salut-bucodental-20180320130100.html\" target=\"_blank\" rel=\"noopener\">En el D\u00eda<\/a>, Correo Farmac\u00e9utico \u2013 por partida doble (<a href=\"http:\/\/www.correofarmaceutico.com\/2018\/03\/20\/al-dia\/entorno\/farmaceuticos-y-odontologos-elaboran-una-guia-sobre-salud-bucodental-\" target=\"_blank\" rel=\"noopener\">1<\/a> y <a href=\"http:\/\/www.correofarmaceutico.com\/2018\/03\/26\/al-dia\/entorno\/botica-y-dentistas-se-alian-a-la-larga-en-salud-bucodental\" target=\"_blank\" rel=\"noopener\">2<\/a>) -, <a href=\"http:\/\/www.elglobal.net\/farmacia\/farmaceuticos-y-odontoestomatologos-colaboran-por-una-correcta-actuacion-en-salud-bucodental-XC1466145\" target=\"_blank\" rel=\"noopener\">El Global<\/a>, <a href=\"http:\/\/www.elfarmaceutico.es\/index.php\/noticias-actualidad-farmaceutica\/item\/8916-farmaceuticos-y-odontoestomatologos-de-cataluna-crean-una-guia-sobre-salud-bucodental#.WrEDfWrOWUk\" target=\"_blank\" rel=\"noopener\">El Farmac\u00e9utico<\/a>, <a href=\"http:\/\/www.imfarmacias.es\/noticia\/14857\/el-ccfc-crea-la-primera-guia-que-da-respuesta-a-las-consultas-de-salu\" target=\"_blank\" rel=\"noopener\">imFarmacias<\/a>, <a href=\"http:\/\/revistafarmanatur.com\/gestion-farmaceutica\/primera-guia-actuar-desde-la-farmacia-ante-consultas-salud-bucodental\/\" target=\"_blank\" rel=\"noopener\">Farmanaturo<\/a>, <a href=\"https:\/\/www.diariofarma.com\/2018\/03\/20\/los-farmaceuticos-cataluna-disponen-una-nueva-guia-dar-af-salud-bucodental\" target=\"_blank\" rel=\"noopener\">Diariofarma<\/a>, <a href=\"https:\/\/www.consalud.es\/autonomias\/cataluna\/farmaceuticos-y-odontoestomatologos-crean-la-primera-guia-de-actuacion-en-salud-bucodental_48510_102.html\" target=\"_blank\" rel=\"noopener\">ConSalud<\/a>, <a href=\"http:\/\/www.revistaacofar.com\/revista\/actualidad\/actualidades\/10284-farmaceuticos-y-odontoestomatologos-de-catalunya-crean-la-primera-guia-sobre-como-actuar-desde-la-farmacia-ante-consultas-de-salud-bucodental\" target=\"_blank\" rel=\"noopener\">Acostar<\/a> y <a href=\"http:\/\/farmacosalud.com\/un-guia-pionera-podria-servir-para-potenciar-desde-la-farmacia-las-visitas-al-dentista\/\" target=\"_blank\" rel=\"noopener\">Farmacosalud<\/a>.<\/p>\n<p>Dos de estos medios -Farmanatur y Correo Farmac\u00e9utico- profundizaron en el tema incluyendo<strong> declaraciones de la secretaria del Consejo, Pilar Gasc\u00f3n<\/strong>, quien destac\u00f3\u00a0<strong>la colaboraci\u00f3n conseguida con el Colegio de Odont\u00f3logos y Estomat\u00f3logos, encar\u00e1ndolo tambi\u00e9n a futuras actividades conjuntas,\u00a0<\/strong>y el\u00a0<strong>presidente del COEC, Antoni G\u00f3mez.<\/strong><\/p>\n<figure id=\"attachment_38775\" aria-describedby=\"caption-attachment-38775\" style=\"width: 618px\" class=\"wp-caption aligncenter\"><a href=\"https:\/\/blog.cofb.cat\/wp-content\/uploads\/2018\/04\/2.jpg\"><img decoding=\"async\" class=\"size-full wp-image-38775\" src=\"https:\/\/blog.cofb.cat\/wp-content\/uploads\/2018\/04\/2.jpg\" alt=\"\" width=\"618\" height=\"240\" \/><\/a><figcaption id=\"caption-attachment-38775\" class=\"wp-caption-text\">Varias noticias sobre la nueva gu\u00eda de salud bucodental para farmacias<\/figcaption><\/figure>\n<div class=\"custom-divider\"><\/div>\n<h1><span style=\"color: #008080;\"><a style=\"color: #008080;\" href=\"https:\/\/blog.cofb.cat\/enquesta-plenufar-6-nomes-142-persones-que-practiquen-esport-catalunya-segueixen-dieta-completament-adequada\/\" target=\"_blank\" rel=\"noopener\"><strong>Resultados del Plenufar 6<\/strong><\/a><\/span><\/h1>\n<p>A principios de marzo enviamos una <a href=\"http:\/\/www.cofb.org\/es\/web\/guest\/notes-de-premsa\/\" target=\"_blank\" rel=\"noopener\">nota de prensa<\/a> para dar a conocer <strong>los resultados obtenidos de la iniciativa Plenufar<\/strong>, que celebraba su 6\u00aa edici\u00f3n. <a href=\"http:\/\/www.lavanguardia.com\/deportes\/20180307\/441333573269\/solo-un-14--de-los-deportistas-sigue-una-dieta-adecuada-segun-una-encuesta.html\" target=\"_blank\" rel=\"noopener\">La Vanguardia<\/a>, <a href=\"https:\/\/www.aldia.cat\/gent\/noticia-142-dels-esportistes-catalans-segueixen-dieta-completament-adequada-20180307164322.html\" target=\"_blank\" rel=\"noopener\">En el D\u00eda<\/a>, <a href=\"http:\/\/www.correofarmaceutico.com\/2018\/03\/07\/al-dia\/salud-publica\/cataluna-solo-el-142-de-las-personas-que-practican-deporte-sigue-una-dieta-adecuada\" target=\"_blank\" rel=\"noopener\">Correo Farmac\u00e9utico<\/a>, <a href=\"http:\/\/www.imfarmacias.es\/noticia\/14740\/solo-el-14-de-los-deportistas-catalanesnbspsiguen-una-dieta-complet\" target=\"_blank\" rel=\"noopener\">imFarmacias<\/a> y Sanifax fueron algunos de los medios que resaltaron, en sus respectivos titulares,<strong>\u00a0que tan s\u00f3lo el 14,2% de los deportistas sigue una dieta adecuada<\/strong>. Esta cifra, entre otras muchas, se ha obtenido gracias a esta iniciativa del Consejo General de Colegios Oficiales de Farmac\u00e9uticos, en colaboraci\u00f3n con las Vocal\u00edas de Alimentaci\u00f3n y Nutrici\u00f3n de los COFs de Barcelona, Girona, Lleida y Tarragona.<\/p>\n<p><a href=\"http:\/\/farmacosalud.com\/un-guia-pionera-podria-servir-para-potenciar-desde-la-farmacia-las-visitas-al-dentista\/\" target=\"_blank\" rel=\"noopener\">Farmacosalud<\/a> tambi\u00e9n quiso analizar la tem\u00e1tica a partir de entrevistas a los distintos implicados. Por eso, recogieron <strong>declaraciones de los responsables de las Vocal\u00edas de Alimentaci\u00f3n de los COFs de Catalu\u00f1a<\/strong>: <strong>Anna Bach<\/strong>, por parte del de <strong>Barcelona<\/strong>; <strong>Nieves Valveny<\/strong>, responsable de la de <strong>Tarragona<\/strong>; y <strong>Joan Llu\u00eds Purgimon Feliu<\/strong>, de <strong>Lleida<\/strong>.<\/p>\n<figure id=\"attachment_38776\" aria-describedby=\"caption-attachment-38776\" style=\"width: 618px\" class=\"wp-caption aligncenter\"><a href=\"https:\/\/blog.cofb.cat\/wp-content\/uploads\/2018\/04\/3.jpg\"><img loading=\"lazy\" decoding=\"async\" class=\"size-full wp-image-38776\" src=\"https:\/\/blog.cofb.cat\/wp-content\/uploads\/2018\/04\/3.jpg\" alt=\"\" width=\"618\" height=\"240\" \/><\/a><figcaption id=\"caption-attachment-38776\" class=\"wp-caption-text\">Los resultados del Plenufar6, en la prensa<\/figcaption><\/figure>\n<div class=\"custom-divider\"><\/div>\n<h1><strong>Art\u00edculos en <em>El Farmac\u00e9utico<\/em> de Jordi Casas y Rafael Guayta-Escolies<\/strong><\/h1>\n<p><a href=\"http:\/\/elfarmaceutico.es\/index.php\/profesion\/item\/8891-la-transformacion-digital-de-los-colegios-profesionales#.Wqjk6mrOWUk\" target=\"_blank\" rel=\"noopener\">\u201c<strong>La transformaci\u00f3n digital de los colegios profesionales\u201d<\/strong><\/a> y <a href=\"http:\/\/elfarmaceutico.es\/index.php\/profesion\/item\/8894-gestion-compartida-de-procesos-asistenciales-cooperacion-o-competicion#.Wqjk3WrOWUk\" target=\"_blank\" rel=\"noopener\"><strong>\u201cGesti\u00f3n compartida de procesos asistenciales: \u00bfcooperaci\u00f3n o competici\u00f3n?\u201d<\/strong><\/a>. De esta forma titularon, respectivamente, <strong>Jordi Casas<\/strong>, secretario del Colegio, y <strong>Rafael Guayta-Escolies<\/strong>, director de Proyectos e Investigaci\u00f3n del Consejo, las tribunas que escribieron por el medio especializado El Farmac\u00e9utico.<\/p>\n<p>Casas destaca la importancia de transformarse en el mundo digital. Asegura que no se trata simplemente de adherir herramientas, sino <strong>&quot;de un cambio mucho m\u00e1s profundo que afecta a la manera de proceder de toda estructura&quot;<\/strong>. Casas lo explica para asegurar que <strong>los colegios profesionales &quot;no son una excepci\u00f3n&quot;<\/strong> y que <strong>&quot;si quieren seguir siendo herramientas eficaces para el desarrollo profesional y \u00fatiles para la poblaci\u00f3n, deben adaptarse a la realidad sociales y tecnol\u00f3gica que les rodea&quot;.<\/strong> La implementaci\u00f3n de un cambio como el de la receta electr\u00f3nica sirve al Secretario para ejemplificar estas transformaciones.<\/p>\n<p>El art\u00edculo de Guayta-Escolies se centra en <strong>el servicio asistencial de las oficinas de farmacia<\/strong>. Concretamente, se trata de una reflexi\u00f3n que el director de Proyectos e Investigaci\u00f3n del Consejo comparte sobre <strong>hacia d\u00f3nde debe derivar este rol profesional<\/strong>. En el ensayo se contextualiza al lector y se exponen desde las <strong>&quot;dificultades operativas&quot; vigentes hasta los aspectos estructurales y econ\u00f3micos. <\/strong><\/p>\n<figure id=\"attachment_38777\" aria-describedby=\"caption-attachment-38777\" style=\"width: 618px\" class=\"wp-caption aligncenter\"><a href=\"https:\/\/blog.cofb.cat\/wp-content\/uploads\/2018\/04\/4.jpg\"><img loading=\"lazy\" decoding=\"async\" class=\"size-full wp-image-38777\" src=\"https:\/\/blog.cofb.cat\/wp-content\/uploads\/2018\/04\/4.jpg\" alt=\"\" width=\"618\" height=\"240\" \/><\/a><figcaption id=\"caption-attachment-38777\" class=\"wp-caption-text\">Las dos tribunas de El Farmac\u00e9utico escritas por Jordi Casas y Rafel Guayta-Escolies<\/figcaption><\/figure>\n<div class=\"custom-divider\"><\/div>\n<h1><strong>Fuentes de referencia<\/strong><\/h1>\n<p>Durante el mes de marzo, los medios consultaron al COFB en diferentes temas y compartieron lo que se les traslad\u00f3:<\/p>\n<h2><span style=\"color: #000000;\"><strong>Farmacia comunitaria y comunicaci\u00f3n digital. Con declaraciones de Aina Surroca, vocal de la Junta de Gobierno\u00a0<\/strong><\/span><\/h2>\n<p>Aina Surroca fue una de las fuentes consultadas por <a href=\"http:\/\/www.elglobal.net\/suplementos-y-especiales\/gestion-farmaceutica\/como-y-por-que-crear-un-blog-sanitario-asociado-a-la-farmacia-YY1436735\" target=\"_blank\" rel=\"noopener\">El Global<\/a> en la pieza del 2 de marzo sobre comunicaci\u00f3n digital y farmacia. La vocal, como responsable de la Comisi\u00f3n delegada de Formaci\u00f3n Continua del COFB, puntualiz\u00f3 la importancia que los colegios proporcionen <strong>&quot;herramientas formativas que le permitan al farmac\u00e9utico desarrollar su estrategia online&quot;<\/strong>. Surroca tambi\u00e9n hac\u00eda referencia al Blog ya las redes sociales del Colegio.<\/p>\n<figure id=\"attachment_38778\" aria-describedby=\"caption-attachment-38778\" style=\"width: 618px\" class=\"wp-caption aligncenter\"><a href=\"https:\/\/blog.cofb.cat\/wp-content\/uploads\/2018\/04\/5.11.jpg\"><img loading=\"lazy\" decoding=\"async\" class=\"size-full wp-image-38778\" src=\"https:\/\/blog.cofb.cat\/wp-content\/uploads\/2018\/04\/5.11.jpg\" alt=\"\" width=\"618\" height=\"240\" \/><\/a><figcaption id=\"caption-attachment-38778\" class=\"wp-caption-text\">Noticia de El Global sobre blogs asociados a las farmacias donde se recogen declaraciones de Aina Surroca<\/figcaption><\/figure>\n<h2><span style=\"color: #000000;\"><strong>Mantener el cabello sano y brillante y ti\u00f1a inguinal. Con declaraciones de Marta Alcalde, vocal de Dermofarmacia y Productos Sanitarios del COFB<\/strong><\/span><\/h2>\n<p>La secci\u00f3n Tododermo de Correo Farmac\u00e9utico contact\u00f3 por partida doble con Marta Alcalde, vocal de Dermofarmacia y Productos Sanitais del COFB. <strong>Ambas piezas compartieron, respectivamente, los consejos de salud de Alcalde<\/strong> sobre <strong>c\u00f3mo mantener un cabello sano y brillante y el <a href=\"http:\/\/www.correofarmaceutico.com\/tododermo\/enfermedades-de-la-piel\/contra-la-tina-inguinal-una-buena-higiene-y-un-tratamiento-adecuado\" target=\"_blank\" rel=\"noopener\">tratamiento adecuado contra la ti\u00f1a inguinal<\/a>.<\/strong><\/p>\n<figure id=\"attachment_38779\" aria-describedby=\"caption-attachment-38779\" style=\"width: 618px\" class=\"wp-caption aligncenter\"><a href=\"https:\/\/blog.cofb.cat\/wp-content\/uploads\/2018\/04\/5.22.jpg\"><img loading=\"lazy\" decoding=\"async\" class=\"wp-image-38779 size-full\" src=\"https:\/\/blog.cofb.cat\/wp-content\/uploads\/2018\/04\/5.22.jpg\" alt=\"\" width=\"618\" height=\"240\" \/><\/a><figcaption id=\"caption-attachment-38779\" class=\"wp-caption-text\">Marta Alcalde, en la noticia de TodoDermo sobre ti\u00f1a inguinal<\/figcaption><\/figure>\n<h2><span style=\"color: #000000;\"><strong>Historia cl\u00ednica. Con declaraciones de Merc\u00e8 Gras,<\/strong> <strong>directora del \u00c1rea Jur\u00eddica, Administrativa, Deontol\u00f3gica y de Inspecci\u00f3n del COFB<\/strong><\/span><\/h2>\n<p><a href=\"http:\/\/www.correofarmaceutico.com\/2018\/03\/23\/al-dia\/entorno\/con-el-acceso-al-historial-clinico-del-paciente-se-haria-mejor-atencion-farmaceutica\" target=\"_blank\" rel=\"noopener\">Correo Farmac\u00e9utico<\/a> aprovech\u00f3 la mesa de debate \u201cAcceso a la historia cl\u00ednica: c\u00f3mo, cu\u00e1ndo y por qu\u00e9\u201d en la que Merc\u00e8 Gras, directora del \u00c1rea Jur\u00eddica, Administrativa, Deontol\u00f3gica y de Inspecci\u00f3n del COFB, particip\u00f3 como ponente, por compartir declaraciones suyas. Una de las ideas que Gras quiso trasladar es que <strong>&quot;no es lo mismo que el paciente explique qu\u00e9 enfermedad padece que el farmac\u00e9utico lo pueda consultar directamente, siempre con la autorizaci\u00f3n del usuario&quot;.<\/strong><\/p>\n<figure id=\"attachment_38780\" aria-describedby=\"caption-attachment-38780\" style=\"width: 618px\" class=\"wp-caption aligncenter\"><a href=\"https:\/\/blog.cofb.cat\/wp-content\/uploads\/2018\/04\/5.33.jpg\"><img loading=\"lazy\" decoding=\"async\" class=\"size-full wp-image-38780\" src=\"https:\/\/blog.cofb.cat\/wp-content\/uploads\/2018\/04\/5.33.jpg\" alt=\"\" width=\"618\" height=\"240\" \/><\/a><figcaption id=\"caption-attachment-38780\" class=\"wp-caption-text\">Correo Farmac\u00e9utico y la historia cl\u00ednica, con declaraciones de Merc\u00e8 Gras<\/figcaption><\/figure>\n<h2><span style=\"color: #000000;\"><strong>Vales de estupefacientes y diferencias ling\u00fc\u00edsticas a la hora de tener acceso a una farmacia: noticias con declaraciones institucionales del Consell y el Colegio<\/strong><\/span><\/h2>\n<p>El 12 de marzo, tambi\u00e9n Correo Farmac\u00e9utico (<a href=\"http:\/\/www.correofarmaceutico.com\/2018\/03\/12\/al-dia\/profesion\/cataluna-en-vias-de-definir-su-propio-sistema-electronico-de-estupefacientes\" target=\"_blank\" rel=\"noopener\">1<\/a> y <a href=\"http:\/\/www.correofarmaceutico.com\/2018\/03\/12\/al-dia\/profesion\/en-el-acceso-a-botica-la-lengua-regional-pesa-mas-que-una-tesis\" target=\"_blank\" rel=\"noopener\">2<\/a>), public\u00f3 dos noticias que recog\u00edan declaraciones del Consejo y del Colegio . Por un lado, el medio inform\u00f3 de que, a nivel Catalu\u00f1a, <strong>se est\u00e1 trabajando para poner en marcha un proyecto en el que, entre otros aspectos, se contempla la gesti\u00f3n electr\u00f3nica de los vales estupefacientes.<\/strong> La otra prenda se centr\u00f3 en la importancia de la lengua regional a la hora de adquirir una farmacia. Correo Farmac\u00e9utico pregunt\u00f3 al COFB y se les respondi\u00f3, tal y como comparten en la noticia, que \u201cen Catalunya la baremaci\u00f3n no tiene tanto peso como en el resto de Espa\u00f1a. Tiene vigencia en caso de que se hagan dos o m\u00e1s peticiones en el mismo d\u00eda\u201d.<\/p>\n<figure id=\"attachment_38781\" aria-describedby=\"caption-attachment-38781\" style=\"width: 618px\" class=\"wp-caption aligncenter\"><a href=\"https:\/\/blog.cofb.cat\/wp-content\/uploads\/2018\/04\/5.44.jpg\"><img loading=\"lazy\" decoding=\"async\" class=\"size-full wp-image-38781\" src=\"https:\/\/blog.cofb.cat\/wp-content\/uploads\/2018\/04\/5.44.jpg\" alt=\"\" width=\"618\" height=\"240\" \/><\/a><figcaption id=\"caption-attachment-38781\" class=\"wp-caption-text\">Declaraciones del COFB a dos repercusiones de Correo Farmac\u00e9utico<\/figcaption><\/figure>\n<p><strong>\u00a0<div class=\"custom-divider\"><\/div><\/strong><\/p>\n<h1><strong>Menciones en los medios<\/strong><\/h1>\n<p>Adem\u00e1s de las declaraciones del COFB, que ya se han mencionado en el anterior punto, los farmac\u00e9uticos tambi\u00e9n hemos estado presentes en forma de menci\u00f3n:<\/p>\n<p>Es el caso de la noticia de<a href=\"https:\/\/www.elnacional.cat\/ca\/societat\/llista-espera-vacuna-meningitisb-bexsero_246792_102.html\" target=\"_blank\" rel=\"noopener\">El Nacional<\/a> del 10 de marzo sobre la vacuna de la meningitis B.<strong> Se informa que ya no hay problemas para adquirir este f\u00e1rmaco y se corrobora con lo que se les traslad\u00f3 desde el COFB, mencionando que la Agencia Espa\u00f1ola del Medicamento le ha sacado de la lista de medicamentos con problemas de suministro.<\/strong><\/p>\n<figure id=\"attachment_38834\" aria-describedby=\"caption-attachment-38834\" style=\"width: 618px\" class=\"wp-caption aligncenter\"><a href=\"https:\/\/blog.cofb.cat\/wp-content\/uploads\/2018\/04\/666.jpg\"><img loading=\"lazy\" decoding=\"async\" class=\"size-full wp-image-38834\" src=\"https:\/\/blog.cofb.cat\/wp-content\/uploads\/2018\/04\/666.jpg\" alt=\"\" width=\"618\" height=\"240\" \/><\/a><figcaption id=\"caption-attachment-38834\" class=\"wp-caption-text\">La noticia de El Nacional sobre Bexsero en la que se hace menci\u00f3n al Colegio<\/figcaption><\/figure>","protected":false},"excerpt":{"rendered":"<p>Infarma Madrid 2018 Los d\u00edas previos al inicio del Congreso y Sal\u00f3n de Medicamentos Infarma, la prensa destac\u00f3 algunas de las novedades de la edici\u00f3n de este a\u00f1o, como el espacio speaker corner, los ocho retos formativos del portal formativo \u00c1gora Sanitaria o las 387 empresas y 30.000 profesionales que reuni\u00f3 [\u2026]<\/p>","protected":false},"author":1,"featured_media":38828,"comment_status":"open","ping_status":"open","sticky":false,"template":"","format":"standard","meta":{"_uag_custom_page_level_css":"","site-sidebar-layout":"default","site-content-layout":"","ast-site-content-layout":"default","site-content-style":"default","site-sidebar-style":"default","ast-global-header-display":"","ast-banner-title-visibility":"","ast-main-header-display":"","ast-hfb-above-header-display":"","ast-hfb-below-header-display":"","ast-hfb-mobile-header-display":"","site-post-title":"","ast-breadcrumbs-content":"","ast-featured-img":"disabled","footer-sml-layout":"","theme-transparent-header-meta":"","adv-header-id-meta":"","stick-header-meta":"","header-above-stick-meta":"","header-main-stick-meta":"","header-below-stick-meta":"","astra-migrate-meta-layouts":"default","ast-page-background-enabled":"default","ast-page-background-meta":{"desktop":{"background-color":"var(--ast-global-color-4)","background-image":"","background-repeat":"repeat","background-position":"center center","background-size":"auto","background-attachment":"scroll","background-type":"","background-media":"","overlay-type":"","overlay-color":"","overlay-opacity":"","overlay-gradient":""},"tablet":{"background-color":"","background-image":"","background-repeat":"repeat","background-position":"center center","background-size":"auto","background-attachment":"scroll","background-type":"","background-media":"","overlay-type":"","overlay-color":"","overlay-opacity":"","overlay-gradient":""},"mobile":{"background-color":"","background-image":"","background-repeat":"repeat","background-position":"center center","background-size":"auto","background-attachment":"scroll","background-type":"","background-media":"","overlay-type":"","overlay-color":"","overlay-opacity":"","overlay-gradient":""}},"ast-content-background-meta":{"desktop":{"background-color":"var(--ast-global-color-5)","background-image":"","background-repeat":"repeat","background-position":"center center","background-size":"auto","background-attachment":"scroll","background-type":"","background-media":"","overlay-type":"","overlay-color":"","overlay-opacity":"","overlay-gradient":""},"tablet":{"background-color":"var(--ast-global-color-5)","background-image":"","background-repeat":"repeat","background-position":"center center","background-size":"auto","background-attachment":"scroll","background-type":"","background-media":"","overlay-type":"","overlay-color":"","overlay-opacity":"","overlay-gradient":""},"mobile":{"background-color":"var(--ast-global-color-5)","background-image":"","background-repeat":"repeat","background-position":"center center","background-size":"auto","background-attachment":"scroll","background-type":"","background-media":"","overlay-type":"","overlay-color":"","overlay-opacity":"","overlay-gradient":""}},"footnotes":""},"categories":[23,32],"tags":[3083,3011,3084,2890,459,2587,3085,913,866],"class_list":["post-38632","post","type-post","status-publish","format-standard","has-post-thumbnail","hentry","category-destacats","category-noticies-farmacia","tag-comunicacio-digital","tag-guia-de-salut-bucodental","tag-historia-clinica","tag-infarma-madrid-2018","tag-mitjans","tag-plenufar-6","tag-serveis-assistencials","tag-transformacio-digital","tag-vals-destupefaents"],"yoast_head":"<!-- This site is optimized with the Yoast SEO plugin v22.4 - https:\/\/yoast.com\/wordpress\/plugins\/seo\/ -->\n<title>El Col\u00b7legi als mitjans: mar\u00e7<\/title>\n<meta name=\"description\" content=\"El Col\u00b7legi ha estat not\u00edcia als mitjans de comunicaci\u00f3 durant el mar\u00e7 per diversos temes. Els que van tenir m\u00e9s repercussi\u00f3 van ser Infarma Madrid 2018, la nova guia de salut bucodental per a farm\u00e0cies i el projecte Plenufar.\" \/>\n<meta name=\"robots\" content=\"index, follow, max-snippet:-1, max-image-preview:large, max-video-preview:-1\" \/>\n<link rel=\"canonical\" href=\"https:\/\/novaorg.cofb.net\/2018\/04\/26\/noticia-mitjans-marc\/\" \/>\n<meta property=\"og:locale\" content=\"es_ES\" \/>\n<meta property=\"og:type\" content=\"article\" \/>\n<meta property=\"og:title\" content=\"El Col\u00b7legi als mitjans: mar\u00e7\" \/>\n<meta property=\"og:description\" content=\"El Col\u00b7legi ha estat not\u00edcia als mitjans de comunicaci\u00f3 durant el mar\u00e7 per diversos temes. Els que van tenir m\u00e9s repercussi\u00f3 van ser Infarma Madrid 2018, la nova guia de salut bucodental per a farm\u00e0cies i el projecte Plenufar.\" \/>\n<meta property=\"og:url\" content=\"https:\/\/novaorg.cofb.net\/2018\/04\/26\/noticia-mitjans-marc\/\" \/>\n<meta property=\"og:site_name\" content=\"Col\u00b7legi de Farmac\u00e8utics de Barcelona\" \/>\n<meta property=\"article:publisher\" content=\"https:\/\/www.facebook.com\/farmaceuticsbcn\/\" \/>\n<meta property=\"article:published_time\" content=\"2018-04-26T11:29:37+00:00\" \/>\n<meta name=\"author\" content=\"wpAdminCofbOrg\" \/>\n<meta name=\"twitter:card\" content=\"summary_large_image\" \/>\n<meta name=\"twitter:creator\" content=\"@farmaceuticsbcn\" \/>\n<meta name=\"twitter:site\" content=\"@farmaceuticsbcn\" \/>\n<meta name=\"twitter:label1\" content=\"Escrito por\" \/>\n\t<meta name=\"twitter:data1\" content=\"wpAdminCofbOrg\" \/>\n\t<meta name=\"twitter:label2\" content=\"Tiempo de lectura\" \/>\n\t<meta name=\"twitter:data2\" content=\"8 minutos\" \/>\n<script type=\"application\/ld+json\" class=\"yoast-schema-graph\">{\"@context\":\"https:\/\/schema.org\",\"@graph\":[{\"@type\":\"Article\",\"@id\":\"https:\/\/novaorg.cofb.net\/2018\/04\/26\/noticia-mitjans-marc\/#article\",\"isPartOf\":{\"@id\":\"https:\/\/novaorg.cofb.net\/2018\/04\/26\/noticia-mitjans-marc\/\"},\"author\":{\"name\":\"wpAdminCofbOrg\",\"@id\":\"https:\/\/www.cofb.org\/#\/schema\/person\/22ed7eea88da74b0fa4d3154ad87ffcb\"},\"headline\":\"Mar\u00e7: Infarma Madrid 2018, guia de salut bucodental i Plenufar 6, temes destacats als mitjans de comunicaci\u00f3\",\"datePublished\":\"2018-04-26T11:29:37+00:00\",\"dateModified\":\"2018-04-26T11:29:37+00:00\",\"mainEntityOfPage\":{\"@id\":\"https:\/\/novaorg.cofb.net\/2018\/04\/26\/noticia-mitjans-marc\/\"},\"wordCount\":1664,\"commentCount\":0,\"publisher\":{\"@id\":\"https:\/\/www.cofb.org\/#organization\"},\"image\":{\"@id\":\"https:\/\/novaorg.cofb.net\/2018\/04\/26\/noticia-mitjans-marc\/#primaryimage\"},\"thumbnailUrl\":\"\",\"keywords\":[\"comunicaci\u00f3 digital\",\"Guia de Salut Bucodental\",\"hist\u00f2ria cl\u00ednica\",\"Infarma Madrid 2018\",\"Mitjans\",\"plenufar 6\",\"serveis assistencials\",\"transformaci\u00f3 digital\",\"vals d'estupefaents\"],\"articleSection\":[\"Destacats\",\"Not\u00edcies farm\u00e0cia\"],\"inLanguage\":\"es\",\"potentialAction\":[{\"@type\":\"CommentAction\",\"name\":\"Comment\",\"target\":[\"https:\/\/novaorg.cofb.net\/2018\/04\/26\/noticia-mitjans-marc\/#respond\"]}]},{\"@type\":\"WebPage\",\"@id\":\"https:\/\/novaorg.cofb.net\/2018\/04\/26\/noticia-mitjans-marc\/\",\"url\":\"https:\/\/novaorg.cofb.net\/2018\/04\/26\/noticia-mitjans-marc\/\",\"name\":\"El Col\u00b7legi als mitjans: mar\u00e7\",\"isPartOf\":{\"@id\":\"https:\/\/www.cofb.org\/#website\"},\"primaryImageOfPage\":{\"@id\":\"https:\/\/novaorg.cofb.net\/2018\/04\/26\/noticia-mitjans-marc\/#primaryimage\"},\"image\":{\"@id\":\"https:\/\/novaorg.cofb.net\/2018\/04\/26\/noticia-mitjans-marc\/#primaryimage\"},\"thumbnailUrl\":\"\",\"datePublished\":\"2018-04-26T11:29:37+00:00\",\"dateModified\":\"2018-04-26T11:29:37+00:00\",\"description\":\"El Col\u00b7legi ha estat not\u00edcia als mitjans de comunicaci\u00f3 durant el mar\u00e7 per diversos temes. Els que van tenir m\u00e9s repercussi\u00f3 van ser Infarma Madrid 2018, la nova guia de salut bucodental per a farm\u00e0cies i el projecte Plenufar.\",\"breadcrumb\":{\"@id\":\"https:\/\/novaorg.cofb.net\/2018\/04\/26\/noticia-mitjans-marc\/#breadcrumb\"},\"inLanguage\":\"es\",\"potentialAction\":[{\"@type\":\"ReadAction\",\"target\":[\"https:\/\/novaorg.cofb.net\/2018\/04\/26\/noticia-mitjans-marc\/\"]}]},{\"@type\":\"ImageObject\",\"inLanguage\":\"es\",\"@id\":\"https:\/\/novaorg.cofb.net\/2018\/04\/26\/noticia-mitjans-marc\/#primaryimage\",\"url\":\"\",\"contentUrl\":\"\"},{\"@type\":\"BreadcrumbList\",\"@id\":\"https:\/\/novaorg.cofb.net\/2018\/04\/26\/noticia-mitjans-marc\/#breadcrumb\",\"itemListElement\":[{\"@type\":\"ListItem\",\"position\":1,\"name\":\"Inici\",\"item\":\"https:\/\/novaorg.cofb.net\/\"},{\"@type\":\"ListItem\",\"position\":2,\"name\":\"Mar\u00e7: Infarma Madrid 2018, guia de salut bucodental i Plenufar 6, temes destacats als mitjans de comunicaci\u00f3\"}]},{\"@type\":\"WebSite\",\"@id\":\"https:\/\/www.cofb.org\/#website\",\"url\":\"https:\/\/www.cofb.org\/\",\"name\":\"Col\u00b7legi de Farmac\u00e8utics de Barcelona\",\"description\":\"\",\"publisher\":{\"@id\":\"https:\/\/www.cofb.org\/#organization\"},\"potentialAction\":[{\"@type\":\"SearchAction\",\"target\":{\"@type\":\"EntryPoint\",\"urlTemplate\":\"https:\/\/www.cofb.org\/?s={search_term_string}\"},\"query-input\":\"required name=search_term_string\"}],\"inLanguage\":\"es\"},{\"@type\":\"Organization\",\"@id\":\"https:\/\/www.cofb.org\/#organization\",\"name\":\"Col\u00b7legi de Farmac\u00e8utics de Barcelona\",\"url\":\"https:\/\/www.cofb.org\/\",\"logo\":{\"@type\":\"ImageObject\",\"inLanguage\":\"es\",\"@id\":\"https:\/\/www.cofb.org\/#\/schema\/logo\/image\/\",\"url\":\"https:\/\/www.cofb.org\/wp-content\/uploads\/2023\/11\/cropped-Logotip-COFB.png\",\"contentUrl\":\"https:\/\/www.cofb.org\/wp-content\/uploads\/2023\/11\/cropped-Logotip-COFB.png\",\"width\":500,\"height\":105,\"caption\":\"Col\u00b7legi de Farmac\u00e8utics de Barcelona\"},\"image\":{\"@id\":\"https:\/\/www.cofb.org\/#\/schema\/logo\/image\/\"},\"sameAs\":[\"https:\/\/www.facebook.com\/farmaceuticsbcn\/\",\"https:\/\/twitter.com\/farmaceuticsbcn\",\"https:\/\/www.instagram.com\/farmaceuticsbcn\/\",\"https:\/\/www.linkedin.com\/company\/farmaceuticsbcn\/\"]},{\"@type\":\"Person\",\"@id\":\"https:\/\/www.cofb.org\/#\/schema\/person\/22ed7eea88da74b0fa4d3154ad87ffcb\",\"name\":\"wpAdminCofbOrg\",\"image\":{\"@type\":\"ImageObject\",\"inLanguage\":\"es\",\"@id\":\"https:\/\/www.cofb.org\/#\/schema\/person\/image\/\",\"url\":\"https:\/\/secure.gravatar.com\/avatar\/1721b20b3b8ca882c3b56ec6c978c594fff670e40c0718e9190eaeeb76aae7d8?s=96&d=mm&r=g\",\"contentUrl\":\"https:\/\/secure.gravatar.com\/avatar\/1721b20b3b8ca882c3b56ec6c978c594fff670e40c0718e9190eaeeb76aae7d8?s=96&d=mm&r=g\",\"caption\":\"wpAdminCofbOrg\"},\"sameAs\":[\"http:\/\/192.168.64.122\/wordpress\"],\"url\":\"https:\/\/www.cofb.org\/es\/author\/wpadmincofborg\/\"}]}<\/script>\n<!-- \/ Yoast SEO plugin. -->","yoast_head_json":{"title":"El Col\u00b7legi als mitjans: mar\u00e7","description":"El Col\u00b7legi ha estat not\u00edcia als mitjans de comunicaci\u00f3 durant el mar\u00e7 per diversos temes. Els que van tenir m\u00e9s repercussi\u00f3 van ser Infarma Madrid 2018, la nova guia de salut bucodental per a farm\u00e0cies i el projecte Plenufar.","robots":{"index":"index","follow":"follow","max-snippet":"max-snippet:-1","max-image-preview":"max-image-preview:large","max-video-preview":"max-video-preview:-1"},"canonical":"https:\/\/novaorg.cofb.net\/2018\/04\/26\/noticia-mitjans-marc\/","og_locale":"es_ES","og_type":"article","og_title":"El Col\u00b7legi als mitjans: mar\u00e7","og_description":"El Col\u00b7legi ha estat not\u00edcia als mitjans de comunicaci\u00f3 durant el mar\u00e7 per diversos temes. Els que van tenir m\u00e9s repercussi\u00f3 van ser Infarma Madrid 2018, la nova guia de salut bucodental per a farm\u00e0cies i el projecte Plenufar.","og_url":"https:\/\/novaorg.cofb.net\/2018\/04\/26\/noticia-mitjans-marc\/","og_site_name":"Col\u00b7legi de Farmac\u00e8utics de Barcelona","article_publisher":"https:\/\/www.facebook.com\/farmaceuticsbcn\/","article_published_time":"2018-04-26T11:29:37+00:00","author":"wpAdminCofbOrg","twitter_card":"summary_large_image","twitter_creator":"@farmaceuticsbcn","twitter_site":"@farmaceuticsbcn","twitter_misc":{"Escrito por":"wpAdminCofbOrg","Tiempo de lectura":"8 minutos"},"schema":{"@context":"https:\/\/schema.org","@graph":[{"@type":"Article","@id":"https:\/\/novaorg.cofb.net\/2018\/04\/26\/noticia-mitjans-marc\/#article","isPartOf":{"@id":"https:\/\/novaorg.cofb.net\/2018\/04\/26\/noticia-mitjans-marc\/"},"author":{"name":"wpAdminCofbOrg","@id":"https:\/\/www.cofb.org\/#\/schema\/person\/22ed7eea88da74b0fa4d3154ad87ffcb"},"headline":"Mar\u00e7: Infarma Madrid 2018, guia de salut bucodental i Plenufar 6, temes destacats als mitjans de comunicaci\u00f3","datePublished":"2018-04-26T11:29:37+00:00","dateModified":"2018-04-26T11:29:37+00:00","mainEntityOfPage":{"@id":"https:\/\/novaorg.cofb.net\/2018\/04\/26\/noticia-mitjans-marc\/"},"wordCount":1664,"commentCount":0,"publisher":{"@id":"https:\/\/www.cofb.org\/#organization"},"image":{"@id":"https:\/\/novaorg.cofb.net\/2018\/04\/26\/noticia-mitjans-marc\/#primaryimage"},"thumbnailUrl":"","keywords":["comunicaci\u00f3 digital","Guia de Salut Bucodental","hist\u00f2ria cl\u00ednica","Infarma Madrid 2018","Mitjans","plenufar 6","serveis assistencials","transformaci\u00f3 digital","vals d'estupefaents"],"articleSection":["Destacats","Not\u00edcies farm\u00e0cia"],"inLanguage":"es","potentialAction":[{"@type":"CommentAction","name":"Comment","target":["https:\/\/novaorg.cofb.net\/2018\/04\/26\/noticia-mitjans-marc\/#respond"]}]},{"@type":"WebPage","@id":"https:\/\/novaorg.cofb.net\/2018\/04\/26\/noticia-mitjans-marc\/","url":"https:\/\/novaorg.cofb.net\/2018\/04\/26\/noticia-mitjans-marc\/","name":"El Col\u00b7legi als mitjans: mar\u00e7","isPartOf":{"@id":"https:\/\/www.cofb.org\/#website"},"primaryImageOfPage":{"@id":"https:\/\/novaorg.cofb.net\/2018\/04\/26\/noticia-mitjans-marc\/#primaryimage"},"image":{"@id":"https:\/\/novaorg.cofb.net\/2018\/04\/26\/noticia-mitjans-marc\/#primaryimage"},"thumbnailUrl":"","datePublished":"2018-04-26T11:29:37+00:00","dateModified":"2018-04-26T11:29:37+00:00","description":"El Col\u00b7legi ha estat not\u00edcia als mitjans de comunicaci\u00f3 durant el mar\u00e7 per diversos temes. Els que van tenir m\u00e9s repercussi\u00f3 van ser Infarma Madrid 2018, la nova guia de salut bucodental per a farm\u00e0cies i el projecte Plenufar.","breadcrumb":{"@id":"https:\/\/novaorg.cofb.net\/2018\/04\/26\/noticia-mitjans-marc\/#breadcrumb"},"inLanguage":"es","potentialAction":[{"@type":"ReadAction","target":["https:\/\/novaorg.cofb.net\/2018\/04\/26\/noticia-mitjans-marc\/"]}]},{"@type":"ImageObject","inLanguage":"es","@id":"https:\/\/novaorg.cofb.net\/2018\/04\/26\/noticia-mitjans-marc\/#primaryimage","url":"","contentUrl":""},{"@type":"BreadcrumbList","@id":"https:\/\/novaorg.cofb.net\/2018\/04\/26\/noticia-mitjans-marc\/#breadcrumb","itemListElement":[{"@type":"ListItem","position":1,"name":"Inici","item":"https:\/\/novaorg.cofb.net\/"},{"@type":"ListItem","position":2,"name":"Mar\u00e7: Infarma Madrid 2018, guia de salut bucodental i Plenufar 6, temes destacats als mitjans de comunicaci\u00f3"}]},{"@type":"WebSite","@id":"https:\/\/www.cofb.org\/#website","url":"https:\/\/www.cofb.org\/","name":"Col\u00b7legi de Farmac\u00e8utics de Barcelona","description":"","publisher":{"@id":"https:\/\/www.cofb.org\/#organization"},"potentialAction":[{"@type":"SearchAction","target":{"@type":"EntryPoint","urlTemplate":"https:\/\/www.cofb.org\/?s={search_term_string}"},"query-input":"required name=search_term_string"}],"inLanguage":"es"},{"@type":"Organization","@id":"https:\/\/www.cofb.org\/#organization","name":"Col\u00b7legi de Farmac\u00e8utics de Barcelona","url":"https:\/\/www.cofb.org\/","logo":{"@type":"ImageObject","inLanguage":"es","@id":"https:\/\/www.cofb.org\/#\/schema\/logo\/image\/","url":"https:\/\/www.cofb.org\/wp-content\/uploads\/2023\/11\/cropped-Logotip-COFB.png","contentUrl":"https:\/\/www.cofb.org\/wp-content\/uploads\/2023\/11\/cropped-Logotip-COFB.png","width":500,"height":105,"caption":"Col\u00b7legi de Farmac\u00e8utics de Barcelona"},"image":{"@id":"https:\/\/www.cofb.org\/#\/schema\/logo\/image\/"},"sameAs":["https:\/\/www.facebook.com\/farmaceuticsbcn\/","https:\/\/twitter.com\/farmaceuticsbcn","https:\/\/www.instagram.com\/farmaceuticsbcn\/","https:\/\/www.linkedin.com\/company\/farmaceuticsbcn\/"]},{"@type":"Person","@id":"https:\/\/www.cofb.org\/#\/schema\/person\/22ed7eea88da74b0fa4d3154ad87ffcb","name":"wpAdminCofbOrg","image":{"@type":"ImageObject","inLanguage":"es","@id":"https:\/\/www.cofb.org\/#\/schema\/person\/image\/","url":"https:\/\/secure.gravatar.com\/avatar\/1721b20b3b8ca882c3b56ec6c978c594fff670e40c0718e9190eaeeb76aae7d8?s=96&d=mm&r=g","contentUrl":"https:\/\/secure.gravatar.com\/avatar\/1721b20b3b8ca882c3b56ec6c978c594fff670e40c0718e9190eaeeb76aae7d8?s=96&d=mm&r=g","caption":"wpAdminCofbOrg"},"sameAs":["http:\/\/192.168.64.122\/wordpress"],"url":"https:\/\/www.cofb.org\/es\/author\/wpadmincofborg\/"}]}},"uagb_featured_image_src":{"full":false,"thumbnail":false,"medium":false,"medium_large":false,"large":false,"1536x1536":false,"2048x2048":false,"trp-custom-language-flag":false},"uagb_author_info":{"display_name":"wpAdminCofbOrg","author_link":"https:\/\/www.cofb.org\/es\/author\/wpadmincofborg\/"},"uagb_comment_info":0,"uagb_excerpt":"Infarma Madrid 2018 Els dies previs a l\u2019inici del Congr\u00e9s i Sal\u00f3 de Medicaments Infarma, la premsa va destacar algunes de les novetats de l\u2019edici\u00f3 d\u2019aquest any, com l\u2019espai speaker corner, els vuit reptes formatius del portal formatiu \u00c0gora Sanit\u00e0ria o les 387 empreses i 30.000 professionals que va reunir [&hellip;]","_links":{"self":[{"href":"https:\/\/www.cofb.org\/es\/wp-json\/wp\/v2\/posts\/38632","targetHints":{"allow":["GET"]}}],"collection":[{"href":"https:\/\/www.cofb.org\/es\/wp-json\/wp\/v2\/posts"}],"about":[{"href":"https:\/\/www.cofb.org\/es\/wp-json\/wp\/v2\/types\/post"}],"author":[{"embeddable":true,"href":"https:\/\/www.cofb.org\/es\/wp-json\/wp\/v2\/users\/1"}],"replies":[{"embeddable":true,"href":"https:\/\/www.cofb.org\/es\/wp-json\/wp\/v2\/comments?post=38632"}],"version-history":[{"count":0,"href":"https:\/\/www.cofb.org\/es\/wp-json\/wp\/v2\/posts\/38632\/revisions"}],"wp:featuredmedia":[{"embeddable":true,"href":"https:\/\/www.cofb.org\/es\/wp-json\/"}],"wp:attachment":[{"href":"https:\/\/www.cofb.org\/es\/wp-json\/wp\/v2\/media?parent=38632"}],"wp:term":[{"taxonomy":"category","embeddable":true,"href":"https:\/\/www.cofb.org\/es\/wp-json\/wp\/v2\/categories?post=38632"},{"taxonomy":"post_tag","embeddable":true,"href":"https:\/\/www.cofb.org\/es\/wp-json\/wp\/v2\/tags?post=38632"}],"curies":[{"name":"wp","href":"https:\/\/api.w.org\/{rel}","templated":true}]}}