{"id":38524,"date":"2018-04-19T11:02:37","date_gmt":"2018-04-19T09:02:37","guid":{"rendered":"https:\/\/blog.cofb.cat\/?p=38524"},"modified":"2018-04-19T11:02:37","modified_gmt":"2018-04-19T09:02:37","slug":"comunicacio-cientifica-proces-publicacio-gestio-bibliografia","status":"publish","type":"post","link":"https:\/\/www.cofb.org\/es\/2018\/04\/19\/comunicacio-cientifica-proces-publicacio-gestio-bibliografia\/","title":{"rendered":"La comunicaci\u00f3n cient\u00edfica: proceso de publicaci\u00f3n y gesti\u00f3n de bibliograf\u00eda"},"content":{"rendered":"<p>\u00bfQu\u00e9 son los <strong>gestores de referencias bibliogr\u00e1ficas<\/strong> que permiten <strong>almacenar y gestionar<\/strong> de forma eficaz las citas localizadas en diferentes fuentes de informaci\u00f3n como Pubmed, Google Acad\u00e9mico o en las mismas revistas m\u00e9dicas? <strong> C\u00f3mo se integran con Word y otros procesadores de texto<\/strong> \u00bfpara permitir generar la bibliograf\u00eda en diferentes estilos de forma autom\u00e1tica (Vancouver, NLM, BMJ, etc.)?<\/p>\n<p>La respuesta a estas y otras cuestiones se dio en el curso <strong>&quot;Introducci\u00f3n al proceso de publicaci\u00f3n y gesti\u00f3n de bibliograf\u00eda&quot; <\/strong>del pasado 11 de abril, organizado conjuntamente por <strong>Col\u00b7legi de Farmac\u00e8utics de Barcelona<\/strong> (COFB) y la <strong>Sociedad Catalana de Farmacia Cl\u00ednica <\/strong>(SCFC). Las <strong>encargadas de coordinar la formaci\u00f3n<\/strong> fueron <strong>Cristina Roure<\/strong>, vocal de Hospitales del COFB y\u00a0<strong>Roser Vall\u00e8s<\/strong>, vocal de Atenci\u00f3n Primaria del COFB quien tambi\u00e9n la introdujo.<\/p>\n<figure id=\"attachment_38575\" aria-describedby=\"caption-attachment-38575\" style=\"width: 620px\" class=\"wp-caption aligncenter\"><a href=\"https:\/\/blog.cofb.cat\/wp-content\/uploads\/2018\/04\/cofb.180411-32.jpg\"><img fetchpriority=\"high\" decoding=\"async\" class=\"wp-image-38575 size-large\" src=\"https:\/\/blog.cofb.cat\/wp-content\/uploads\/2018\/04\/cofb.180411-32-1024x683.jpg\" alt=\"\" width=\"620\" height=\"414\" \/><\/a><figcaption id=\"caption-attachment-38575\" class=\"wp-caption-text\">Roser Vall\u00e8s, vocal de Atenci\u00f3n Primaria del COFB y El\u00eda Almaz\u00e1n, docente del curso.<\/figcaption><\/figure>\n<h1><strong><span style=\"color: #008080;\">Obtenci\u00f3n de una visi\u00f3n global del proceso de comunicaci\u00f3n cient\u00edfica<\/span><\/strong><\/h1>\n<p>La<strong>objetivo<\/strong> de la formaci\u00f3n era ofrecer a los farmac\u00e9uticos de hospital, de centros de atenci\u00f3n y de la administraci\u00f3n sanitaria, <strong>la posibilidad de seleccionar, recopilar y organizar las publicaciones<\/strong> m\u00e1s adecuadas a sus necesidades. Si no se tiene una <strong>visi\u00f3n global del proceso de comunicaci\u00f3n cient\u00edfica<\/strong>, este procedimiento puede resultar dificultoso. El curso, que combin\u00f3 teor\u00eda y pr\u00e1ctica, lo imparti\u00f3 <strong>Elia Almaz\u00e1n<\/strong>, documentalista especializada en fondos de informaci\u00f3n biom\u00e9dica.<\/p>\n<figure id=\"attachment_38577\" aria-describedby=\"caption-attachment-38577\" style=\"width: 620px\" class=\"wp-caption aligncenter\"><a href=\"https:\/\/blog.cofb.cat\/wp-content\/uploads\/2018\/04\/cofb.180411-36.jpg\"><img decoding=\"async\" class=\"wp-image-38577 size-large\" title=\"En la parte pr\u00e1ctica de la formaci\u00f3n, los alumnos realizaron ejercicios con los programas Zotero y Mendeley, de gesti\u00f3n de referencias bibliogr\u00e1ficas. \" src=\"https:\/\/blog.cofb.cat\/wp-content\/uploads\/2018\/04\/cofb.180411-36-1024x683.jpg\" alt=\"A la part pr\u00e0ctica de la formaci\u00f3, els alumnes van realitzar exercicis amb els programes Zotero i Mendeley, de gesti\u00f3 de refer\u00e8ncies bibliogr\u00e0fiques. \" width=\"620\" height=\"414\" \/><\/a><figcaption id=\"caption-attachment-38577\" class=\"wp-caption-text\">En la parte pr\u00e1ctica de la formaci\u00f3n, los alumnos realizaron ejercicios con los programas Zotero y Mendeley, de gesti\u00f3n de referencias bibliogr\u00e1ficas.<\/figcaption><\/figure>\n<p>En primer lugar, se trat\u00f3 la cuesti\u00f3n<strong> &quot;\u00bfQu\u00e9 es publicar?&quot;<\/strong>, as\u00ed como la <strong>finalidad y<\/strong> <strong>el sitio de publicaci\u00f3n<\/strong>, la forma de hacerlo y el contenido final. Seguidamente, se habl\u00f3 de las <strong>revistas biom\u00e9dicas<\/strong> y su <strong>calidad<\/strong>. En este punto, se hizo referencia a dos bloques principales: el <strong>proceso editorial<\/strong> (el comit\u00e9 editorial y la revisi\u00f3n por pares) y la <strong>distinci\u00f3n<\/strong> entre el <strong>factor de impacto de las revistas<\/strong> y el<strong>impacto de los art\u00edculos<\/strong>. A continuaci\u00f3n, Almaz\u00e1n expuso los diversos <strong>niveles de evidencia<\/strong> y los <strong>grados de recomendaci\u00f3n<\/strong> que permiten establecer la <strong>calidad de la informaci\u00f3n publicada<\/strong>. Por \u00faltimo, en la parte pr\u00e1ctica, se realizaron varios ejercicios con los programas<a href=\"https:\/\/www.zotero.org\/\" target=\"_blank\" rel=\"noopener\"> Zotero <\/a>y <a href=\"https:\/\/www.mendeley.com\/\" target=\"_blank\" rel=\"noopener\">Mendeley,<\/a> que permiten la <strong>gesti\u00f3n de referencias bibliogr\u00e1ficas<\/strong>.<\/p>\n<p style=\"text-align: right;\"><strong>Con la colaboraci\u00f3n de:<\/strong><\/p>\n<p style=\"text-align: right;\"><a href=\"https:\/\/www.lilly.es\/es\/sobre-lilly\/index.aspx\" target=\"_blank\" rel=\"noopener\"><img decoding=\"async\" class=\"alignright wp-image-38558\" src=\"https:\/\/blog.cofb.cat\/wp-content\/uploads\/2018\/04\/Lilly-1024x570.png\" alt=\"\" width=\"109\" height=\"61\" \/><\/a><\/p>\n<p>&nbsp;<\/p>\n<p><strong>Otras publicaciones de inter\u00e9s:<\/strong><\/p>\n<ul>\n<li><a href=\"https:\/\/blog.cofb.cat\/recerques-bibliografiques-mes-acurades-amb-pubmed\/\" target=\"_blank\" rel=\"noopener\">B\u00fasquedas bibliogr\u00e1ficas m\u00e1s detalladas con PubMed (Julio 2015)<\/a><\/li>\n<li><a href=\"https:\/\/blog.cofb.cat\/optimitzar-la-recerca-bibliografica-amb-medes\/\" target=\"_blank\" rel=\"noopener\">Optimizar la b\u00fasqueda bibliogr\u00e1fica con Medes (Febrero 2015)<\/a><\/li>\n<\/ul>","protected":false},"excerpt":{"rendered":"<p>\u00bfQu\u00e9 son los gestores de referencias bibliogr\u00e1ficas que permiten almacenar y gestionar de forma eficaz las citas localizadas en diferentes fuentes de informaci\u00f3n como Pubmed, Google Acad\u00e9mico o en las mismas revistas m\u00e9dicas? C\u00f3mo se integran con Word y otros procesadores de texto para permitir generar la bibliograf\u00eda en diferentes estilos de [\u2026]<\/p>","protected":false},"author":1,"featured_media":38585,"comment_status":"open","ping_status":"open","sticky":false,"template":"","format":"standard","meta":{"_uag_custom_page_level_css":"","site-sidebar-layout":"default","site-content-layout":"","ast-site-content-layout":"default","site-content-style":"default","site-sidebar-style":"default","ast-global-header-display":"","ast-banner-title-visibility":"","ast-main-header-display":"","ast-hfb-above-header-display":"","ast-hfb-below-header-display":"","ast-hfb-mobile-header-display":"","site-post-title":"","ast-breadcrumbs-content":"","ast-featured-img":"disabled","footer-sml-layout":"","theme-transparent-header-meta":"","adv-header-id-meta":"","stick-header-meta":"","header-above-stick-meta":"","header-main-stick-meta":"","header-below-stick-meta":"","astra-migrate-meta-layouts":"default","ast-page-background-enabled":"default","ast-page-background-meta":{"desktop":{"background-color":"var(--ast-global-color-4)","background-image":"","background-repeat":"repeat","background-position":"center center","background-size":"auto","background-attachment":"scroll","background-type":"","background-media":"","overlay-type":"","overlay-color":"","overlay-opacity":"","overlay-gradient":""},"tablet":{"background-color":"","background-image":"","background-repeat":"repeat","background-position":"center center","background-size":"auto","background-attachment":"scroll","background-type":"","background-media":"","overlay-type":"","overlay-color":"","overlay-opacity":"","overlay-gradient":""},"mobile":{"background-color":"","background-image":"","background-repeat":"repeat","background-position":"center center","background-size":"auto","background-attachment":"scroll","background-type":"","background-media":"","overlay-type":"","overlay-color":"","overlay-opacity":"","overlay-gradient":""}},"ast-content-background-meta":{"desktop":{"background-color":"var(--ast-global-color-5)","background-image":"","background-repeat":"repeat","background-position":"center center","background-size":"auto","background-attachment":"scroll","background-type":"","background-media":"","overlay-type":"","overlay-color":"","overlay-opacity":"","overlay-gradient":""},"tablet":{"background-color":"var(--ast-global-color-5)","background-image":"","background-repeat":"repeat","background-position":"center center","background-size":"auto","background-attachment":"scroll","background-type":"","background-media":"","overlay-type":"","overlay-color":"","overlay-opacity":"","overlay-gradient":""},"mobile":{"background-color":"var(--ast-global-color-5)","background-image":"","background-repeat":"repeat","background-position":"center center","background-size":"auto","background-attachment":"scroll","background-type":"","background-media":"","overlay-type":"","overlay-color":"","overlay-opacity":"","overlay-gradient":""}},"footnotes":""},"categories":[57],"tags":[3056,18,19,3057,3016,3058,3059,3060,3061,3062,70,3063,3064,3065,3066,286,1013,484],"class_list":["post-38524","post","type-post","status-publish","format-standard","has-post-thumbnail","hentry","category-mon-collegial","tag-articles-cientifics","tag-cofb","tag-collegi-de-farmaceutics-de-barcelona","tag-comunicacio-cientifica","tag-cursos","tag-documentacio","tag-documentalista","tag-documents-cientifics","tag-fons-dinformacio-biomedica","tag-fonts-dinformacio","tag-formacio","tag-gestio-de-bibliografia","tag-referencies-bibliografiques","tag-revisio-bibliografica","tag-revistes-mediques","tag-societat-catalana-de-farmacia-clinica","tag-vocalia-datencio-primaria","tag-vocalia-dhospitals"],"yoast_head":"<!-- This site is optimized with the Yoast SEO plugin v22.4 - https:\/\/yoast.com\/wordpress\/plugins\/seo\/ -->\n<title>La comunicaci\u00f3 cient\u00edfica: proc\u00e9s de publicaci\u00f3 i gesti\u00f3 de bibliografia - Col\u00b7legi de Farmac\u00e8utics de Barcelona<\/title>\n<meta name=\"robots\" content=\"index, follow, max-snippet:-1, max-image-preview:large, max-video-preview:-1\" \/>\n<link rel=\"canonical\" href=\"https:\/\/novaorg.cofb.net\/2018\/04\/19\/comunicacio-cientifica-proces-publicacio-gestio-bibliografia\/\" \/>\n<meta property=\"og:locale\" content=\"es_ES\" \/>\n<meta property=\"og:type\" content=\"article\" \/>\n<meta property=\"og:title\" content=\"La comunicaci\u00f3 cient\u00edfica: proc\u00e9s de publicaci\u00f3 i gesti\u00f3 de bibliografia - Col\u00b7legi de Farmac\u00e8utics de Barcelona\" \/>\n<meta property=\"og:description\" content=\"Qu\u00e8 s\u00f3n els gestors de refer\u00e8ncies bibliogr\u00e0fiques que permeten emmagatzemar i gestionar de manera efica\u00e7 les cites localitzades en diferents fonts d&#8217;informaci\u00f3 com Pubmed, Google Acad\u00e8mic o en les mateixes revistes m\u00e8diques? Com s&#8217;integren amb Word i altres processadors de text per permetre generar la bibliografia en diferents estils de [&hellip;]\" \/>\n<meta property=\"og:url\" content=\"https:\/\/novaorg.cofb.net\/2018\/04\/19\/comunicacio-cientifica-proces-publicacio-gestio-bibliografia\/\" \/>\n<meta property=\"og:site_name\" content=\"Col\u00b7legi de Farmac\u00e8utics de Barcelona\" \/>\n<meta property=\"article:publisher\" content=\"https:\/\/www.facebook.com\/farmaceuticsbcn\/\" \/>\n<meta property=\"article:published_time\" content=\"2018-04-19T09:02:37+00:00\" \/>\n<meta name=\"author\" content=\"wpAdminCofbOrg\" \/>\n<meta name=\"twitter:card\" content=\"summary_large_image\" \/>\n<meta name=\"twitter:creator\" content=\"@farmaceuticsbcn\" \/>\n<meta name=\"twitter:site\" content=\"@farmaceuticsbcn\" \/>\n<meta name=\"twitter:label1\" content=\"Escrito por\" \/>\n\t<meta name=\"twitter:data1\" content=\"wpAdminCofbOrg\" \/>\n\t<meta name=\"twitter:label2\" content=\"Tiempo de lectura\" \/>\n\t<meta name=\"twitter:data2\" content=\"2 minutos\" \/>\n<script type=\"application\/ld+json\" class=\"yoast-schema-graph\">{\"@context\":\"https:\/\/schema.org\",\"@graph\":[{\"@type\":\"Article\",\"@id\":\"https:\/\/novaorg.cofb.net\/2018\/04\/19\/comunicacio-cientifica-proces-publicacio-gestio-bibliografia\/#article\",\"isPartOf\":{\"@id\":\"https:\/\/novaorg.cofb.net\/2018\/04\/19\/comunicacio-cientifica-proces-publicacio-gestio-bibliografia\/\"},\"author\":{\"name\":\"wpAdminCofbOrg\",\"@id\":\"https:\/\/www.cofb.org\/#\/schema\/person\/22ed7eea88da74b0fa4d3154ad87ffcb\"},\"headline\":\"La comunicaci\u00f3 cient\u00edfica: proc\u00e9s de publicaci\u00f3 i gesti\u00f3 de bibliografia\",\"datePublished\":\"2018-04-19T09:02:37+00:00\",\"dateModified\":\"2018-04-19T09:02:37+00:00\",\"mainEntityOfPage\":{\"@id\":\"https:\/\/novaorg.cofb.net\/2018\/04\/19\/comunicacio-cientifica-proces-publicacio-gestio-bibliografia\/\"},\"wordCount\":469,\"commentCount\":0,\"publisher\":{\"@id\":\"https:\/\/www.cofb.org\/#organization\"},\"image\":{\"@id\":\"https:\/\/novaorg.cofb.net\/2018\/04\/19\/comunicacio-cientifica-proces-publicacio-gestio-bibliografia\/#primaryimage\"},\"thumbnailUrl\":\"\",\"keywords\":[\"articles cient\u00edfics\",\"COFB\",\"Col\u00b7legi de Farmac\u00e8utics de Barcelona\",\"comunicaci\u00f3 cient\u00edfica\",\"cursos\",\"documentaci\u00f3\",\"documentalista\",\"documents cient\u00edfics\",\"fons d'informaci\u00f3 biom\u00e8dica\",\"fonts d'informaci\u00f3\",\"Formaci\u00f3\",\"gesti\u00f3 de bibliografia\",\"refer\u00e8ncies bibliogr\u00e0fiques\",\"revisi\u00f3 bibliogr\u00e0fica\",\"revistes m\u00e8diques\",\"Societat Catalana de Farm\u00e0cia Cl\u00ednica\",\"Vocalia d'Atenci\u00f3 Prim\u00e0ria\",\"Vocalia d'Hospitals\"],\"articleSection\":[\"M\u00f3n col\u00b7legial\"],\"inLanguage\":\"es\",\"potentialAction\":[{\"@type\":\"CommentAction\",\"name\":\"Comment\",\"target\":[\"https:\/\/novaorg.cofb.net\/2018\/04\/19\/comunicacio-cientifica-proces-publicacio-gestio-bibliografia\/#respond\"]}]},{\"@type\":\"WebPage\",\"@id\":\"https:\/\/novaorg.cofb.net\/2018\/04\/19\/comunicacio-cientifica-proces-publicacio-gestio-bibliografia\/\",\"url\":\"https:\/\/novaorg.cofb.net\/2018\/04\/19\/comunicacio-cientifica-proces-publicacio-gestio-bibliografia\/\",\"name\":\"La comunicaci\u00f3 cient\u00edfica: proc\u00e9s de publicaci\u00f3 i gesti\u00f3 de bibliografia - Col\u00b7legi de Farmac\u00e8utics de Barcelona\",\"isPartOf\":{\"@id\":\"https:\/\/www.cofb.org\/#website\"},\"primaryImageOfPage\":{\"@id\":\"https:\/\/novaorg.cofb.net\/2018\/04\/19\/comunicacio-cientifica-proces-publicacio-gestio-bibliografia\/#primaryimage\"},\"image\":{\"@id\":\"https:\/\/novaorg.cofb.net\/2018\/04\/19\/comunicacio-cientifica-proces-publicacio-gestio-bibliografia\/#primaryimage\"},\"thumbnailUrl\":\"\",\"datePublished\":\"2018-04-19T09:02:37+00:00\",\"dateModified\":\"2018-04-19T09:02:37+00:00\",\"breadcrumb\":{\"@id\":\"https:\/\/novaorg.cofb.net\/2018\/04\/19\/comunicacio-cientifica-proces-publicacio-gestio-bibliografia\/#breadcrumb\"},\"inLanguage\":\"es\",\"potentialAction\":[{\"@type\":\"ReadAction\",\"target\":[\"https:\/\/novaorg.cofb.net\/2018\/04\/19\/comunicacio-cientifica-proces-publicacio-gestio-bibliografia\/\"]}]},{\"@type\":\"ImageObject\",\"inLanguage\":\"es\",\"@id\":\"https:\/\/novaorg.cofb.net\/2018\/04\/19\/comunicacio-cientifica-proces-publicacio-gestio-bibliografia\/#primaryimage\",\"url\":\"\",\"contentUrl\":\"\"},{\"@type\":\"BreadcrumbList\",\"@id\":\"https:\/\/novaorg.cofb.net\/2018\/04\/19\/comunicacio-cientifica-proces-publicacio-gestio-bibliografia\/#breadcrumb\",\"itemListElement\":[{\"@type\":\"ListItem\",\"position\":1,\"name\":\"Inici\",\"item\":\"https:\/\/novaorg.cofb.net\/\"},{\"@type\":\"ListItem\",\"position\":2,\"name\":\"La comunicaci\u00f3 cient\u00edfica: proc\u00e9s de publicaci\u00f3 i gesti\u00f3 de bibliografia\"}]},{\"@type\":\"WebSite\",\"@id\":\"https:\/\/www.cofb.org\/#website\",\"url\":\"https:\/\/www.cofb.org\/\",\"name\":\"Col\u00b7legi de Farmac\u00e8utics de Barcelona\",\"description\":\"\",\"publisher\":{\"@id\":\"https:\/\/www.cofb.org\/#organization\"},\"potentialAction\":[{\"@type\":\"SearchAction\",\"target\":{\"@type\":\"EntryPoint\",\"urlTemplate\":\"https:\/\/www.cofb.org\/?s={search_term_string}\"},\"query-input\":\"required name=search_term_string\"}],\"inLanguage\":\"es\"},{\"@type\":\"Organization\",\"@id\":\"https:\/\/www.cofb.org\/#organization\",\"name\":\"Col\u00b7legi de Farmac\u00e8utics de Barcelona\",\"url\":\"https:\/\/www.cofb.org\/\",\"logo\":{\"@type\":\"ImageObject\",\"inLanguage\":\"es\",\"@id\":\"https:\/\/www.cofb.org\/#\/schema\/logo\/image\/\",\"url\":\"https:\/\/www.cofb.org\/wp-content\/uploads\/2023\/11\/cropped-Logotip-COFB.png\",\"contentUrl\":\"https:\/\/www.cofb.org\/wp-content\/uploads\/2023\/11\/cropped-Logotip-COFB.png\",\"width\":500,\"height\":105,\"caption\":\"Col\u00b7legi de Farmac\u00e8utics de Barcelona\"},\"image\":{\"@id\":\"https:\/\/www.cofb.org\/#\/schema\/logo\/image\/\"},\"sameAs\":[\"https:\/\/www.facebook.com\/farmaceuticsbcn\/\",\"https:\/\/twitter.com\/farmaceuticsbcn\",\"https:\/\/www.instagram.com\/farmaceuticsbcn\/\",\"https:\/\/www.linkedin.com\/company\/farmaceuticsbcn\/\"]},{\"@type\":\"Person\",\"@id\":\"https:\/\/www.cofb.org\/#\/schema\/person\/22ed7eea88da74b0fa4d3154ad87ffcb\",\"name\":\"wpAdminCofbOrg\",\"image\":{\"@type\":\"ImageObject\",\"inLanguage\":\"es\",\"@id\":\"https:\/\/www.cofb.org\/#\/schema\/person\/image\/\",\"url\":\"https:\/\/secure.gravatar.com\/avatar\/1721b20b3b8ca882c3b56ec6c978c594fff670e40c0718e9190eaeeb76aae7d8?s=96&d=mm&r=g\",\"contentUrl\":\"https:\/\/secure.gravatar.com\/avatar\/1721b20b3b8ca882c3b56ec6c978c594fff670e40c0718e9190eaeeb76aae7d8?s=96&d=mm&r=g\",\"caption\":\"wpAdminCofbOrg\"},\"sameAs\":[\"http:\/\/192.168.64.122\/wordpress\"],\"url\":\"https:\/\/www.cofb.org\/es\/author\/wpadmincofborg\/\"}]}<\/script>\n<!-- \/ Yoast SEO plugin. -->","yoast_head_json":{"title":"La comunicaci\u00f3 cient\u00edfica: proc\u00e9s de publicaci\u00f3 i gesti\u00f3 de bibliografia - Col\u00b7legi de Farmac\u00e8utics de Barcelona","robots":{"index":"index","follow":"follow","max-snippet":"max-snippet:-1","max-image-preview":"max-image-preview:large","max-video-preview":"max-video-preview:-1"},"canonical":"https:\/\/novaorg.cofb.net\/2018\/04\/19\/comunicacio-cientifica-proces-publicacio-gestio-bibliografia\/","og_locale":"es_ES","og_type":"article","og_title":"La comunicaci\u00f3 cient\u00edfica: proc\u00e9s de publicaci\u00f3 i gesti\u00f3 de bibliografia - Col\u00b7legi de Farmac\u00e8utics de Barcelona","og_description":"Qu\u00e8 s\u00f3n els gestors de refer\u00e8ncies bibliogr\u00e0fiques que permeten emmagatzemar i gestionar de manera efica\u00e7 les cites localitzades en diferents fonts d&#8217;informaci\u00f3 com Pubmed, Google Acad\u00e8mic o en les mateixes revistes m\u00e8diques? Com s&#8217;integren amb Word i altres processadors de text per permetre generar la bibliografia en diferents estils de [&hellip;]","og_url":"https:\/\/novaorg.cofb.net\/2018\/04\/19\/comunicacio-cientifica-proces-publicacio-gestio-bibliografia\/","og_site_name":"Col\u00b7legi de Farmac\u00e8utics de Barcelona","article_publisher":"https:\/\/www.facebook.com\/farmaceuticsbcn\/","article_published_time":"2018-04-19T09:02:37+00:00","author":"wpAdminCofbOrg","twitter_card":"summary_large_image","twitter_creator":"@farmaceuticsbcn","twitter_site":"@farmaceuticsbcn","twitter_misc":{"Escrito por":"wpAdminCofbOrg","Tiempo de lectura":"2 minutos"},"schema":{"@context":"https:\/\/schema.org","@graph":[{"@type":"Article","@id":"https:\/\/novaorg.cofb.net\/2018\/04\/19\/comunicacio-cientifica-proces-publicacio-gestio-bibliografia\/#article","isPartOf":{"@id":"https:\/\/novaorg.cofb.net\/2018\/04\/19\/comunicacio-cientifica-proces-publicacio-gestio-bibliografia\/"},"author":{"name":"wpAdminCofbOrg","@id":"https:\/\/www.cofb.org\/#\/schema\/person\/22ed7eea88da74b0fa4d3154ad87ffcb"},"headline":"La comunicaci\u00f3 cient\u00edfica: proc\u00e9s de publicaci\u00f3 i gesti\u00f3 de bibliografia","datePublished":"2018-04-19T09:02:37+00:00","dateModified":"2018-04-19T09:02:37+00:00","mainEntityOfPage":{"@id":"https:\/\/novaorg.cofb.net\/2018\/04\/19\/comunicacio-cientifica-proces-publicacio-gestio-bibliografia\/"},"wordCount":469,"commentCount":0,"publisher":{"@id":"https:\/\/www.cofb.org\/#organization"},"image":{"@id":"https:\/\/novaorg.cofb.net\/2018\/04\/19\/comunicacio-cientifica-proces-publicacio-gestio-bibliografia\/#primaryimage"},"thumbnailUrl":"","keywords":["articles cient\u00edfics","COFB","Col\u00b7legi de Farmac\u00e8utics de Barcelona","comunicaci\u00f3 cient\u00edfica","cursos","documentaci\u00f3","documentalista","documents cient\u00edfics","fons d'informaci\u00f3 biom\u00e8dica","fonts d'informaci\u00f3","Formaci\u00f3","gesti\u00f3 de bibliografia","refer\u00e8ncies bibliogr\u00e0fiques","revisi\u00f3 bibliogr\u00e0fica","revistes m\u00e8diques","Societat Catalana de Farm\u00e0cia Cl\u00ednica","Vocalia d'Atenci\u00f3 Prim\u00e0ria","Vocalia d'Hospitals"],"articleSection":["M\u00f3n col\u00b7legial"],"inLanguage":"es","potentialAction":[{"@type":"CommentAction","name":"Comment","target":["https:\/\/novaorg.cofb.net\/2018\/04\/19\/comunicacio-cientifica-proces-publicacio-gestio-bibliografia\/#respond"]}]},{"@type":"WebPage","@id":"https:\/\/novaorg.cofb.net\/2018\/04\/19\/comunicacio-cientifica-proces-publicacio-gestio-bibliografia\/","url":"https:\/\/novaorg.cofb.net\/2018\/04\/19\/comunicacio-cientifica-proces-publicacio-gestio-bibliografia\/","name":"La comunicaci\u00f3 cient\u00edfica: proc\u00e9s de publicaci\u00f3 i gesti\u00f3 de bibliografia - Col\u00b7legi de Farmac\u00e8utics de Barcelona","isPartOf":{"@id":"https:\/\/www.cofb.org\/#website"},"primaryImageOfPage":{"@id":"https:\/\/novaorg.cofb.net\/2018\/04\/19\/comunicacio-cientifica-proces-publicacio-gestio-bibliografia\/#primaryimage"},"image":{"@id":"https:\/\/novaorg.cofb.net\/2018\/04\/19\/comunicacio-cientifica-proces-publicacio-gestio-bibliografia\/#primaryimage"},"thumbnailUrl":"","datePublished":"2018-04-19T09:02:37+00:00","dateModified":"2018-04-19T09:02:37+00:00","breadcrumb":{"@id":"https:\/\/novaorg.cofb.net\/2018\/04\/19\/comunicacio-cientifica-proces-publicacio-gestio-bibliografia\/#breadcrumb"},"inLanguage":"es","potentialAction":[{"@type":"ReadAction","target":["https:\/\/novaorg.cofb.net\/2018\/04\/19\/comunicacio-cientifica-proces-publicacio-gestio-bibliografia\/"]}]},{"@type":"ImageObject","inLanguage":"es","@id":"https:\/\/novaorg.cofb.net\/2018\/04\/19\/comunicacio-cientifica-proces-publicacio-gestio-bibliografia\/#primaryimage","url":"","contentUrl":""},{"@type":"BreadcrumbList","@id":"https:\/\/novaorg.cofb.net\/2018\/04\/19\/comunicacio-cientifica-proces-publicacio-gestio-bibliografia\/#breadcrumb","itemListElement":[{"@type":"ListItem","position":1,"name":"Inici","item":"https:\/\/novaorg.cofb.net\/"},{"@type":"ListItem","position":2,"name":"La comunicaci\u00f3 cient\u00edfica: proc\u00e9s de publicaci\u00f3 i gesti\u00f3 de bibliografia"}]},{"@type":"WebSite","@id":"https:\/\/www.cofb.org\/#website","url":"https:\/\/www.cofb.org\/","name":"Col\u00b7legi de Farmac\u00e8utics de Barcelona","description":"","publisher":{"@id":"https:\/\/www.cofb.org\/#organization"},"potentialAction":[{"@type":"SearchAction","target":{"@type":"EntryPoint","urlTemplate":"https:\/\/www.cofb.org\/?s={search_term_string}"},"query-input":"required name=search_term_string"}],"inLanguage":"es"},{"@type":"Organization","@id":"https:\/\/www.cofb.org\/#organization","name":"Col\u00b7legi de Farmac\u00e8utics de Barcelona","url":"https:\/\/www.cofb.org\/","logo":{"@type":"ImageObject","inLanguage":"es","@id":"https:\/\/www.cofb.org\/#\/schema\/logo\/image\/","url":"https:\/\/www.cofb.org\/wp-content\/uploads\/2023\/11\/cropped-Logotip-COFB.png","contentUrl":"https:\/\/www.cofb.org\/wp-content\/uploads\/2023\/11\/cropped-Logotip-COFB.png","width":500,"height":105,"caption":"Col\u00b7legi de Farmac\u00e8utics de Barcelona"},"image":{"@id":"https:\/\/www.cofb.org\/#\/schema\/logo\/image\/"},"sameAs":["https:\/\/www.facebook.com\/farmaceuticsbcn\/","https:\/\/twitter.com\/farmaceuticsbcn","https:\/\/www.instagram.com\/farmaceuticsbcn\/","https:\/\/www.linkedin.com\/company\/farmaceuticsbcn\/"]},{"@type":"Person","@id":"https:\/\/www.cofb.org\/#\/schema\/person\/22ed7eea88da74b0fa4d3154ad87ffcb","name":"wpAdminCofbOrg","image":{"@type":"ImageObject","inLanguage":"es","@id":"https:\/\/www.cofb.org\/#\/schema\/person\/image\/","url":"https:\/\/secure.gravatar.com\/avatar\/1721b20b3b8ca882c3b56ec6c978c594fff670e40c0718e9190eaeeb76aae7d8?s=96&d=mm&r=g","contentUrl":"https:\/\/secure.gravatar.com\/avatar\/1721b20b3b8ca882c3b56ec6c978c594fff670e40c0718e9190eaeeb76aae7d8?s=96&d=mm&r=g","caption":"wpAdminCofbOrg"},"sameAs":["http:\/\/192.168.64.122\/wordpress"],"url":"https:\/\/www.cofb.org\/es\/author\/wpadmincofborg\/"}]}},"uagb_featured_image_src":{"full":false,"thumbnail":false,"medium":false,"medium_large":false,"large":false,"1536x1536":false,"2048x2048":false,"trp-custom-language-flag":false},"uagb_author_info":{"display_name":"wpAdminCofbOrg","author_link":"https:\/\/www.cofb.org\/es\/author\/wpadmincofborg\/"},"uagb_comment_info":0,"uagb_excerpt":"Qu\u00e8 s\u00f3n els gestors de refer\u00e8ncies bibliogr\u00e0fiques que permeten emmagatzemar i gestionar de manera efica\u00e7 les cites localitzades en diferents fonts d&#8217;informaci\u00f3 com Pubmed, Google Acad\u00e8mic o en les mateixes revistes m\u00e8diques? Com s&#8217;integren amb Word i altres processadors de text per permetre generar la bibliografia en diferents estils de [&hellip;]","_links":{"self":[{"href":"https:\/\/www.cofb.org\/es\/wp-json\/wp\/v2\/posts\/38524","targetHints":{"allow":["GET"]}}],"collection":[{"href":"https:\/\/www.cofb.org\/es\/wp-json\/wp\/v2\/posts"}],"about":[{"href":"https:\/\/www.cofb.org\/es\/wp-json\/wp\/v2\/types\/post"}],"author":[{"embeddable":true,"href":"https:\/\/www.cofb.org\/es\/wp-json\/wp\/v2\/users\/1"}],"replies":[{"embeddable":true,"href":"https:\/\/www.cofb.org\/es\/wp-json\/wp\/v2\/comments?post=38524"}],"version-history":[{"count":0,"href":"https:\/\/www.cofb.org\/es\/wp-json\/wp\/v2\/posts\/38524\/revisions"}],"wp:featuredmedia":[{"embeddable":true,"href":"https:\/\/www.cofb.org\/es\/wp-json\/"}],"wp:attachment":[{"href":"https:\/\/www.cofb.org\/es\/wp-json\/wp\/v2\/media?parent=38524"}],"wp:term":[{"taxonomy":"category","embeddable":true,"href":"https:\/\/www.cofb.org\/es\/wp-json\/wp\/v2\/categories?post=38524"},{"taxonomy":"post_tag","embeddable":true,"href":"https:\/\/www.cofb.org\/es\/wp-json\/wp\/v2\/tags?post=38524"}],"curies":[{"name":"wp","href":"https:\/\/api.w.org\/{rel}","templated":true}]}}