{"id":38500,"date":"2018-04-18T19:00:10","date_gmt":"2018-04-18T17:00:10","guid":{"rendered":"https:\/\/blog.cofb.cat\/?p=38500"},"modified":"2018-04-18T19:00:10","modified_gmt":"2018-04-18T17:00:10","slug":"patologies-oftalmologiques-de-mes-prevalenca-i-altres-alteracions-oculars","status":"publish","type":"post","link":"https:\/\/www.cofb.org\/es\/2018\/04\/18\/patologies-oftalmologiques-de-mes-prevalenca-i-altres-alteracions-oculars\/","title":{"rendered":"Patolog\u00edas oftalmol\u00f3gicas de mayor prevalencia y otras alteraciones oculares"},"content":{"rendered":"<p>Saber <strong>aconsejar las medidas de prevenci\u00f3n y recomendaci\u00f3n sanitaria<\/strong>, hacer una <strong>atenci\u00f3n farmac\u00e9utica correcta<\/strong>,<strong> identificar cu\u00e1ndo debe derivarse al especialista<\/strong> y <strong>reconocer la sintomatolog\u00eda com\u00fan y diferencial de cada una de las patolog\u00edas oftalmol\u00f3gicas<\/strong> tratadas durante la formaci\u00f3n, as\u00ed como los tratamientos farmacol\u00f3gicos asociados. Estos eran los objetivos principales del curso <strong>\u201cPatolog\u00edas oftalmol\u00f3gicas de mayor prevalencia y otras alteraciones oculares\u201d <\/strong>que tuvo lugar en el COFB los pasados 10 y 12 de abril.<\/p>\n<figure id=\"attachment_38519\" aria-describedby=\"caption-attachment-38519\" style=\"width: 620px\" class=\"wp-caption aligncenter\"><a href=\"https:\/\/blog.cofb.cat\/wp-content\/uploads\/2018\/04\/cofb.180410-07.jpg\"><img fetchpriority=\"high\" decoding=\"async\" class=\"wp-image-38519 size-large\" title=\"El curso &quot;Patolog\u00edas oftalmol\u00f3gicas de mayor prevalencia y otras alteraciones oculares&quot; despert\u00f3 un gran inter\u00e9s.\" src=\"https:\/\/blog.cofb.cat\/wp-content\/uploads\/2018\/04\/cofb.180410-07-1024x683.jpg\" alt=\"El curs &quot;Patologies oftalmol\u00f2giques de m\u00e9s prevalen\u00e7a i altres alteracions oculars&quot; va despertar un gran inter\u00e8s. \" width=\"620\" height=\"414\" \/><\/a><figcaption id=\"caption-attachment-38519\" class=\"wp-caption-text\">El curso \u201cPatolog\u00edas oftalmol\u00f3gicas de mayor prevalencia y otras alteraciones oculares\u201d despert\u00f3 un gran inter\u00e9s.<\/figcaption><\/figure>\n<h1><span style=\"color: #008080;\"><strong>El programa<\/strong><\/span><\/h1>\n<p>Durante la formaci\u00f3n, se hizo referencia a temas como <strong>la conjuntivitis<\/strong> y en las diferentes tipolog\u00edas (v\u00edricas, bacterianas, al\u00e9rgicas, blefaroconjuntivitis, qu\u00edmicas, irritativas o por enfermedades sist\u00e9micas), el <strong>glaucoma<\/strong> y la <strong>degeneraci\u00f3n macular asociada a la edad (DMAE)<\/strong>, las <strong>cataratas<\/strong>, la <strong>retinopat\u00eda diab\u00e9tica<\/strong>, las <strong>alteraciones del sistema lagrimal<\/strong>, las <strong>enfermedades de los p\u00e1rpados<\/strong>, otras alteraciones oculares y <strong>recomendaciones de salud ocular en la infancia, la edad adulta y la gente mayor.<\/strong><\/p>\n<p>&nbsp;<\/p>\n<figure id=\"attachment_38520\" aria-describedby=\"caption-attachment-38520\" style=\"width: 620px\" class=\"wp-caption aligncenter\"><a href=\"https:\/\/blog.cofb.cat\/wp-content\/uploads\/2018\/04\/cofb.180410-09.jpg\"><img decoding=\"async\" class=\"wp-image-38520 size-large\" title=\"Doctor Pablo Infiesta, del Servicio de Oftalmolog\u00eda del Hospital de Manresa, durante un momento de la formaci\u00f3n. \" src=\"https:\/\/blog.cofb.cat\/wp-content\/uploads\/2018\/04\/cofb.180410-09-1024x683.jpg\" alt=\"El doctor Pablo Infiesta, del Servei d'Oftalmologia de l'Hospital de Manresa, durant un moment de la formaci\u00f3. \" width=\"620\" height=\"414\" \/><\/a><figcaption id=\"caption-attachment-38520\" class=\"wp-caption-text\">Doctor Pablo Infiesta, del Servicio de Oftalmolog\u00eda del Hospital de Manresa, durante un momento de la formaci\u00f3n.<\/figcaption><\/figure>\n<p>El cuadro docente estuvo formado por los m\u00e9dicos <strong>Sandra G\u00f3mez<\/strong> (Servicio de Oftalmolog\u00eda del Hospital Germans Trias i Pujol de Badalona) y <strong>Pablo Infiesta<\/strong> (Servicio de Oftalmolog\u00eda del Hospital de Manresa).<\/p>\n<p style=\"text-align: right;\"><strong>Con la colaboraci\u00f3n de:<\/strong><\/p>\n<p><a href=\"https:\/\/www.angelini.es\/\" target=\"_blank\" rel=\"noopener\"><img decoding=\"async\" class=\"alignright wp-image-38516\" title=\"Angelini\" src=\"https:\/\/blog.cofb.cat\/wp-content\/uploads\/2018\/04\/Angelini.jpg\" alt=\"Angelini\" width=\"135\" height=\"90\" \/><\/a><\/p>\n<p>&nbsp;<\/p>\n<p>&nbsp;<\/p>\n<p><strong>Otras publicaciones de inter\u00e9s:<\/strong><\/p>\n<ul>\n<li><a href=\"https:\/\/blog.cofb.cat\/formacions-cofb-quines-son-les-patologies-oftalmologiques-de-mes-prevalenca\/\" target=\"_blank\" rel=\"noopener\">Formaciones COFB: \u00bfCu\u00e1les son las patolog\u00edas oftalmol\u00f3gicas de mayor prevalencia? (Mayo 2017)<\/a><\/li>\n<\/ul>","protected":false},"excerpt":{"rendered":"<p>Saber aconsejar las medidas de prevenci\u00f3n y recomendaci\u00f3n sanitaria, prestar una atenci\u00f3n farmac\u00e9utica correcta, identificar cu\u00e1ndo debe derivarse al especialista y reconocer la sintomatolog\u00eda com\u00fan y diferencial de cada una de las patolog\u00edas oftalmol\u00f3gicas tratadas durante la formaci\u00f3n, as\u00ed como los tratamientos farmacol\u00f3gicos asociados. Estos eran los objetivos principales del curso [\u2026]<\/p>","protected":false},"author":1,"featured_media":38520,"comment_status":"open","ping_status":"open","sticky":false,"template":"","format":"standard","meta":{"_uag_custom_page_level_css":"","site-sidebar-layout":"default","site-content-layout":"","ast-site-content-layout":"default","site-content-style":"default","site-sidebar-style":"default","ast-global-header-display":"","ast-banner-title-visibility":"","ast-main-header-display":"","ast-hfb-above-header-display":"","ast-hfb-below-header-display":"","ast-hfb-mobile-header-display":"","site-post-title":"","ast-breadcrumbs-content":"","ast-featured-img":"disabled","footer-sml-layout":"","theme-transparent-header-meta":"","adv-header-id-meta":"","stick-header-meta":"","header-above-stick-meta":"","header-main-stick-meta":"","header-below-stick-meta":"","astra-migrate-meta-layouts":"default","ast-page-background-enabled":"default","ast-page-background-meta":{"desktop":{"background-color":"var(--ast-global-color-4)","background-image":"","background-repeat":"repeat","background-position":"center center","background-size":"auto","background-attachment":"scroll","background-type":"","background-media":"","overlay-type":"","overlay-color":"","overlay-opacity":"","overlay-gradient":""},"tablet":{"background-color":"","background-image":"","background-repeat":"repeat","background-position":"center center","background-size":"auto","background-attachment":"scroll","background-type":"","background-media":"","overlay-type":"","overlay-color":"","overlay-opacity":"","overlay-gradient":""},"mobile":{"background-color":"","background-image":"","background-repeat":"repeat","background-position":"center center","background-size":"auto","background-attachment":"scroll","background-type":"","background-media":"","overlay-type":"","overlay-color":"","overlay-opacity":"","overlay-gradient":""}},"ast-content-background-meta":{"desktop":{"background-color":"var(--ast-global-color-5)","background-image":"","background-repeat":"repeat","background-position":"center center","background-size":"auto","background-attachment":"scroll","background-type":"","background-media":"","overlay-type":"","overlay-color":"","overlay-opacity":"","overlay-gradient":""},"tablet":{"background-color":"var(--ast-global-color-5)","background-image":"","background-repeat":"repeat","background-position":"center center","background-size":"auto","background-attachment":"scroll","background-type":"","background-media":"","overlay-type":"","overlay-color":"","overlay-opacity":"","overlay-gradient":""},"mobile":{"background-color":"var(--ast-global-color-5)","background-image":"","background-repeat":"repeat","background-position":"center center","background-size":"auto","background-attachment":"scroll","background-type":"","background-media":"","overlay-type":"","overlay-color":"","overlay-opacity":"","overlay-gradient":""}},"footnotes":""},"categories":[57],"tags":[2764,2765,18,19,2766,70,2768,2769,2771,2772,3051,3052,3053,3054,3055],"class_list":["post-38500","post","type-post","status-publish","format-standard","has-post-thumbnail","hentry","category-mon-collegial","tag-alteracions-oculars","tag-catarates","tag-cofb","tag-collegi-de-farmaceutics-de-barcelona","tag-conjuntivitis","tag-formacio","tag-glaucoma","tag-malalties-de-les-parpelles","tag-patologies-oftalmologiques","tag-retinopatia-diabetica","tag-salut-ocular-en-ledat-adulta","tag-salut-ocular-en-la-gent-gran","tag-salut-ocular-en-la-infancia","tag-tractaments-farmacologics","tag-vista"],"yoast_head":"<!-- This site is optimized with the Yoast SEO plugin v22.4 - https:\/\/yoast.com\/wordpress\/plugins\/seo\/ -->\n<title>Patologies oftalmol\u00f2giques de m\u00e9s prevalen\u00e7a i altres alteracions oculars - Col\u00b7legi de Farmac\u00e8utics de Barcelona<\/title>\n<meta name=\"description\" content=\"El curs &quot;Patologies oftalmol\u00f2giques de m\u00e9s prevalen\u00e7a i altres alteracions oculars&quot; va tenir lloc al COFB els passats 10 i 12 d&#039;abril.\" \/>\n<meta name=\"robots\" content=\"index, follow, max-snippet:-1, max-image-preview:large, max-video-preview:-1\" \/>\n<link rel=\"canonical\" href=\"https:\/\/novaorg.cofb.net\/2018\/04\/18\/patologies-oftalmologiques-de-mes-prevalenca-i-altres-alteracions-oculars\/\" \/>\n<meta property=\"og:locale\" content=\"es_ES\" \/>\n<meta property=\"og:type\" content=\"article\" \/>\n<meta property=\"og:title\" content=\"Patologies oftalmol\u00f2giques de m\u00e9s prevalen\u00e7a i altres alteracions oculars - Col\u00b7legi de Farmac\u00e8utics de Barcelona\" \/>\n<meta property=\"og:description\" content=\"El curs &quot;Patologies oftalmol\u00f2giques de m\u00e9s prevalen\u00e7a i altres alteracions oculars&quot; va tenir lloc al COFB els passats 10 i 12 d&#039;abril.\" \/>\n<meta property=\"og:url\" content=\"https:\/\/novaorg.cofb.net\/2018\/04\/18\/patologies-oftalmologiques-de-mes-prevalenca-i-altres-alteracions-oculars\/\" \/>\n<meta property=\"og:site_name\" content=\"Col\u00b7legi de Farmac\u00e8utics de Barcelona\" \/>\n<meta property=\"article:publisher\" content=\"https:\/\/www.facebook.com\/farmaceuticsbcn\/\" \/>\n<meta property=\"article:published_time\" content=\"2018-04-18T17:00:10+00:00\" \/>\n<meta name=\"author\" content=\"wpAdminCofbOrg\" \/>\n<meta name=\"twitter:card\" content=\"summary_large_image\" \/>\n<meta name=\"twitter:creator\" content=\"@farmaceuticsbcn\" \/>\n<meta name=\"twitter:site\" content=\"@farmaceuticsbcn\" \/>\n<meta name=\"twitter:label1\" content=\"Escrito por\" \/>\n\t<meta name=\"twitter:data1\" content=\"wpAdminCofbOrg\" \/>\n\t<meta name=\"twitter:label2\" content=\"Tiempo de lectura\" \/>\n\t<meta name=\"twitter:data2\" content=\"1 minuto\" \/>\n<script type=\"application\/ld+json\" class=\"yoast-schema-graph\">{\"@context\":\"https:\/\/schema.org\",\"@graph\":[{\"@type\":\"Article\",\"@id\":\"https:\/\/novaorg.cofb.net\/2018\/04\/18\/patologies-oftalmologiques-de-mes-prevalenca-i-altres-alteracions-oculars\/#article\",\"isPartOf\":{\"@id\":\"https:\/\/novaorg.cofb.net\/2018\/04\/18\/patologies-oftalmologiques-de-mes-prevalenca-i-altres-alteracions-oculars\/\"},\"author\":{\"name\":\"wpAdminCofbOrg\",\"@id\":\"https:\/\/www.cofb.org\/#\/schema\/person\/22ed7eea88da74b0fa4d3154ad87ffcb\"},\"headline\":\"Patologies oftalmol\u00f2giques de m\u00e9s prevalen\u00e7a i altres alteracions oculars\",\"datePublished\":\"2018-04-18T17:00:10+00:00\",\"dateModified\":\"2018-04-18T17:00:10+00:00\",\"mainEntityOfPage\":{\"@id\":\"https:\/\/novaorg.cofb.net\/2018\/04\/18\/patologies-oftalmologiques-de-mes-prevalenca-i-altres-alteracions-oculars\/\"},\"wordCount\":288,\"commentCount\":0,\"publisher\":{\"@id\":\"https:\/\/www.cofb.org\/#organization\"},\"image\":{\"@id\":\"https:\/\/novaorg.cofb.net\/2018\/04\/18\/patologies-oftalmologiques-de-mes-prevalenca-i-altres-alteracions-oculars\/#primaryimage\"},\"thumbnailUrl\":\"\",\"keywords\":[\"alteracions oculars\",\"catarates\",\"COFB\",\"Col\u00b7legi de Farmac\u00e8utics de Barcelona\",\"conjuntivitis\",\"Formaci\u00f3\",\"glaucoma\",\"malalties de les parpelles\",\"patologies oftalmol\u00f2giques\",\"retinopatia diab\u00e8tica\",\"salut ocular en l'edat adulta\",\"salut ocular en la gent gran\",\"salut ocular en la inf\u00e0ncia\",\"tractaments farmacol\u00f2gics\",\"vista\"],\"articleSection\":[\"M\u00f3n col\u00b7legial\"],\"inLanguage\":\"es\",\"potentialAction\":[{\"@type\":\"CommentAction\",\"name\":\"Comment\",\"target\":[\"https:\/\/novaorg.cofb.net\/2018\/04\/18\/patologies-oftalmologiques-de-mes-prevalenca-i-altres-alteracions-oculars\/#respond\"]}]},{\"@type\":\"WebPage\",\"@id\":\"https:\/\/novaorg.cofb.net\/2018\/04\/18\/patologies-oftalmologiques-de-mes-prevalenca-i-altres-alteracions-oculars\/\",\"url\":\"https:\/\/novaorg.cofb.net\/2018\/04\/18\/patologies-oftalmologiques-de-mes-prevalenca-i-altres-alteracions-oculars\/\",\"name\":\"Patologies oftalmol\u00f2giques de m\u00e9s prevalen\u00e7a i altres alteracions oculars - Col\u00b7legi de Farmac\u00e8utics de Barcelona\",\"isPartOf\":{\"@id\":\"https:\/\/www.cofb.org\/#website\"},\"primaryImageOfPage\":{\"@id\":\"https:\/\/novaorg.cofb.net\/2018\/04\/18\/patologies-oftalmologiques-de-mes-prevalenca-i-altres-alteracions-oculars\/#primaryimage\"},\"image\":{\"@id\":\"https:\/\/novaorg.cofb.net\/2018\/04\/18\/patologies-oftalmologiques-de-mes-prevalenca-i-altres-alteracions-oculars\/#primaryimage\"},\"thumbnailUrl\":\"\",\"datePublished\":\"2018-04-18T17:00:10+00:00\",\"dateModified\":\"2018-04-18T17:00:10+00:00\",\"description\":\"El curs \\\"Patologies oftalmol\u00f2giques de m\u00e9s prevalen\u00e7a i altres alteracions oculars\\\" va tenir lloc al COFB els passats 10 i 12 d'abril.\",\"breadcrumb\":{\"@id\":\"https:\/\/novaorg.cofb.net\/2018\/04\/18\/patologies-oftalmologiques-de-mes-prevalenca-i-altres-alteracions-oculars\/#breadcrumb\"},\"inLanguage\":\"es\",\"potentialAction\":[{\"@type\":\"ReadAction\",\"target\":[\"https:\/\/novaorg.cofb.net\/2018\/04\/18\/patologies-oftalmologiques-de-mes-prevalenca-i-altres-alteracions-oculars\/\"]}]},{\"@type\":\"ImageObject\",\"inLanguage\":\"es\",\"@id\":\"https:\/\/novaorg.cofb.net\/2018\/04\/18\/patologies-oftalmologiques-de-mes-prevalenca-i-altres-alteracions-oculars\/#primaryimage\",\"url\":\"\",\"contentUrl\":\"\"},{\"@type\":\"BreadcrumbList\",\"@id\":\"https:\/\/novaorg.cofb.net\/2018\/04\/18\/patologies-oftalmologiques-de-mes-prevalenca-i-altres-alteracions-oculars\/#breadcrumb\",\"itemListElement\":[{\"@type\":\"ListItem\",\"position\":1,\"name\":\"Inici\",\"item\":\"https:\/\/novaorg.cofb.net\/\"},{\"@type\":\"ListItem\",\"position\":2,\"name\":\"Patologies oftalmol\u00f2giques de m\u00e9s prevalen\u00e7a i altres alteracions oculars\"}]},{\"@type\":\"WebSite\",\"@id\":\"https:\/\/www.cofb.org\/#website\",\"url\":\"https:\/\/www.cofb.org\/\",\"name\":\"Col\u00b7legi de Farmac\u00e8utics de Barcelona\",\"description\":\"\",\"publisher\":{\"@id\":\"https:\/\/www.cofb.org\/#organization\"},\"potentialAction\":[{\"@type\":\"SearchAction\",\"target\":{\"@type\":\"EntryPoint\",\"urlTemplate\":\"https:\/\/www.cofb.org\/?s={search_term_string}\"},\"query-input\":\"required name=search_term_string\"}],\"inLanguage\":\"es\"},{\"@type\":\"Organization\",\"@id\":\"https:\/\/www.cofb.org\/#organization\",\"name\":\"Col\u00b7legi de Farmac\u00e8utics de Barcelona\",\"url\":\"https:\/\/www.cofb.org\/\",\"logo\":{\"@type\":\"ImageObject\",\"inLanguage\":\"es\",\"@id\":\"https:\/\/www.cofb.org\/#\/schema\/logo\/image\/\",\"url\":\"https:\/\/www.cofb.org\/wp-content\/uploads\/2023\/11\/cropped-Logotip-COFB.png\",\"contentUrl\":\"https:\/\/www.cofb.org\/wp-content\/uploads\/2023\/11\/cropped-Logotip-COFB.png\",\"width\":500,\"height\":105,\"caption\":\"Col\u00b7legi de Farmac\u00e8utics de Barcelona\"},\"image\":{\"@id\":\"https:\/\/www.cofb.org\/#\/schema\/logo\/image\/\"},\"sameAs\":[\"https:\/\/www.facebook.com\/farmaceuticsbcn\/\",\"https:\/\/twitter.com\/farmaceuticsbcn\",\"https:\/\/www.instagram.com\/farmaceuticsbcn\/\",\"https:\/\/www.linkedin.com\/company\/farmaceuticsbcn\/\"]},{\"@type\":\"Person\",\"@id\":\"https:\/\/www.cofb.org\/#\/schema\/person\/22ed7eea88da74b0fa4d3154ad87ffcb\",\"name\":\"wpAdminCofbOrg\",\"image\":{\"@type\":\"ImageObject\",\"inLanguage\":\"es\",\"@id\":\"https:\/\/www.cofb.org\/#\/schema\/person\/image\/\",\"url\":\"https:\/\/secure.gravatar.com\/avatar\/1721b20b3b8ca882c3b56ec6c978c594fff670e40c0718e9190eaeeb76aae7d8?s=96&d=mm&r=g\",\"contentUrl\":\"https:\/\/secure.gravatar.com\/avatar\/1721b20b3b8ca882c3b56ec6c978c594fff670e40c0718e9190eaeeb76aae7d8?s=96&d=mm&r=g\",\"caption\":\"wpAdminCofbOrg\"},\"sameAs\":[\"http:\/\/192.168.64.122\/wordpress\"],\"url\":\"https:\/\/www.cofb.org\/es\/author\/wpadmincofborg\/\"}]}<\/script>\n<!-- \/ Yoast SEO plugin. -->","yoast_head_json":{"title":"Patologies oftalmol\u00f2giques de m\u00e9s prevalen\u00e7a i altres alteracions oculars - Col\u00b7legi de Farmac\u00e8utics de Barcelona","description":"El curs \"Patologies oftalmol\u00f2giques de m\u00e9s prevalen\u00e7a i altres alteracions oculars\" va tenir lloc al COFB els passats 10 i 12 d'abril.","robots":{"index":"index","follow":"follow","max-snippet":"max-snippet:-1","max-image-preview":"max-image-preview:large","max-video-preview":"max-video-preview:-1"},"canonical":"https:\/\/novaorg.cofb.net\/2018\/04\/18\/patologies-oftalmologiques-de-mes-prevalenca-i-altres-alteracions-oculars\/","og_locale":"es_ES","og_type":"article","og_title":"Patologies oftalmol\u00f2giques de m\u00e9s prevalen\u00e7a i altres alteracions oculars - Col\u00b7legi de Farmac\u00e8utics de Barcelona","og_description":"El curs \"Patologies oftalmol\u00f2giques de m\u00e9s prevalen\u00e7a i altres alteracions oculars\" va tenir lloc al COFB els passats 10 i 12 d'abril.","og_url":"https:\/\/novaorg.cofb.net\/2018\/04\/18\/patologies-oftalmologiques-de-mes-prevalenca-i-altres-alteracions-oculars\/","og_site_name":"Col\u00b7legi de Farmac\u00e8utics de Barcelona","article_publisher":"https:\/\/www.facebook.com\/farmaceuticsbcn\/","article_published_time":"2018-04-18T17:00:10+00:00","author":"wpAdminCofbOrg","twitter_card":"summary_large_image","twitter_creator":"@farmaceuticsbcn","twitter_site":"@farmaceuticsbcn","twitter_misc":{"Escrito por":"wpAdminCofbOrg","Tiempo de lectura":"1 minuto"},"schema":{"@context":"https:\/\/schema.org","@graph":[{"@type":"Article","@id":"https:\/\/novaorg.cofb.net\/2018\/04\/18\/patologies-oftalmologiques-de-mes-prevalenca-i-altres-alteracions-oculars\/#article","isPartOf":{"@id":"https:\/\/novaorg.cofb.net\/2018\/04\/18\/patologies-oftalmologiques-de-mes-prevalenca-i-altres-alteracions-oculars\/"},"author":{"name":"wpAdminCofbOrg","@id":"https:\/\/www.cofb.org\/#\/schema\/person\/22ed7eea88da74b0fa4d3154ad87ffcb"},"headline":"Patologies oftalmol\u00f2giques de m\u00e9s prevalen\u00e7a i altres alteracions oculars","datePublished":"2018-04-18T17:00:10+00:00","dateModified":"2018-04-18T17:00:10+00:00","mainEntityOfPage":{"@id":"https:\/\/novaorg.cofb.net\/2018\/04\/18\/patologies-oftalmologiques-de-mes-prevalenca-i-altres-alteracions-oculars\/"},"wordCount":288,"commentCount":0,"publisher":{"@id":"https:\/\/www.cofb.org\/#organization"},"image":{"@id":"https:\/\/novaorg.cofb.net\/2018\/04\/18\/patologies-oftalmologiques-de-mes-prevalenca-i-altres-alteracions-oculars\/#primaryimage"},"thumbnailUrl":"","keywords":["alteracions oculars","catarates","COFB","Col\u00b7legi de Farmac\u00e8utics de Barcelona","conjuntivitis","Formaci\u00f3","glaucoma","malalties de les parpelles","patologies oftalmol\u00f2giques","retinopatia diab\u00e8tica","salut ocular en l'edat adulta","salut ocular en la gent gran","salut ocular en la inf\u00e0ncia","tractaments farmacol\u00f2gics","vista"],"articleSection":["M\u00f3n col\u00b7legial"],"inLanguage":"es","potentialAction":[{"@type":"CommentAction","name":"Comment","target":["https:\/\/novaorg.cofb.net\/2018\/04\/18\/patologies-oftalmologiques-de-mes-prevalenca-i-altres-alteracions-oculars\/#respond"]}]},{"@type":"WebPage","@id":"https:\/\/novaorg.cofb.net\/2018\/04\/18\/patologies-oftalmologiques-de-mes-prevalenca-i-altres-alteracions-oculars\/","url":"https:\/\/novaorg.cofb.net\/2018\/04\/18\/patologies-oftalmologiques-de-mes-prevalenca-i-altres-alteracions-oculars\/","name":"Patologies oftalmol\u00f2giques de m\u00e9s prevalen\u00e7a i altres alteracions oculars - Col\u00b7legi de Farmac\u00e8utics de Barcelona","isPartOf":{"@id":"https:\/\/www.cofb.org\/#website"},"primaryImageOfPage":{"@id":"https:\/\/novaorg.cofb.net\/2018\/04\/18\/patologies-oftalmologiques-de-mes-prevalenca-i-altres-alteracions-oculars\/#primaryimage"},"image":{"@id":"https:\/\/novaorg.cofb.net\/2018\/04\/18\/patologies-oftalmologiques-de-mes-prevalenca-i-altres-alteracions-oculars\/#primaryimage"},"thumbnailUrl":"","datePublished":"2018-04-18T17:00:10+00:00","dateModified":"2018-04-18T17:00:10+00:00","description":"El curs \"Patologies oftalmol\u00f2giques de m\u00e9s prevalen\u00e7a i altres alteracions oculars\" va tenir lloc al COFB els passats 10 i 12 d'abril.","breadcrumb":{"@id":"https:\/\/novaorg.cofb.net\/2018\/04\/18\/patologies-oftalmologiques-de-mes-prevalenca-i-altres-alteracions-oculars\/#breadcrumb"},"inLanguage":"es","potentialAction":[{"@type":"ReadAction","target":["https:\/\/novaorg.cofb.net\/2018\/04\/18\/patologies-oftalmologiques-de-mes-prevalenca-i-altres-alteracions-oculars\/"]}]},{"@type":"ImageObject","inLanguage":"es","@id":"https:\/\/novaorg.cofb.net\/2018\/04\/18\/patologies-oftalmologiques-de-mes-prevalenca-i-altres-alteracions-oculars\/#primaryimage","url":"","contentUrl":""},{"@type":"BreadcrumbList","@id":"https:\/\/novaorg.cofb.net\/2018\/04\/18\/patologies-oftalmologiques-de-mes-prevalenca-i-altres-alteracions-oculars\/#breadcrumb","itemListElement":[{"@type":"ListItem","position":1,"name":"Inici","item":"https:\/\/novaorg.cofb.net\/"},{"@type":"ListItem","position":2,"name":"Patologies oftalmol\u00f2giques de m\u00e9s prevalen\u00e7a i altres alteracions oculars"}]},{"@type":"WebSite","@id":"https:\/\/www.cofb.org\/#website","url":"https:\/\/www.cofb.org\/","name":"Col\u00b7legi de Farmac\u00e8utics de Barcelona","description":"","publisher":{"@id":"https:\/\/www.cofb.org\/#organization"},"potentialAction":[{"@type":"SearchAction","target":{"@type":"EntryPoint","urlTemplate":"https:\/\/www.cofb.org\/?s={search_term_string}"},"query-input":"required name=search_term_string"}],"inLanguage":"es"},{"@type":"Organization","@id":"https:\/\/www.cofb.org\/#organization","name":"Col\u00b7legi de Farmac\u00e8utics de Barcelona","url":"https:\/\/www.cofb.org\/","logo":{"@type":"ImageObject","inLanguage":"es","@id":"https:\/\/www.cofb.org\/#\/schema\/logo\/image\/","url":"https:\/\/www.cofb.org\/wp-content\/uploads\/2023\/11\/cropped-Logotip-COFB.png","contentUrl":"https:\/\/www.cofb.org\/wp-content\/uploads\/2023\/11\/cropped-Logotip-COFB.png","width":500,"height":105,"caption":"Col\u00b7legi de Farmac\u00e8utics de Barcelona"},"image":{"@id":"https:\/\/www.cofb.org\/#\/schema\/logo\/image\/"},"sameAs":["https:\/\/www.facebook.com\/farmaceuticsbcn\/","https:\/\/twitter.com\/farmaceuticsbcn","https:\/\/www.instagram.com\/farmaceuticsbcn\/","https:\/\/www.linkedin.com\/company\/farmaceuticsbcn\/"]},{"@type":"Person","@id":"https:\/\/www.cofb.org\/#\/schema\/person\/22ed7eea88da74b0fa4d3154ad87ffcb","name":"wpAdminCofbOrg","image":{"@type":"ImageObject","inLanguage":"es","@id":"https:\/\/www.cofb.org\/#\/schema\/person\/image\/","url":"https:\/\/secure.gravatar.com\/avatar\/1721b20b3b8ca882c3b56ec6c978c594fff670e40c0718e9190eaeeb76aae7d8?s=96&d=mm&r=g","contentUrl":"https:\/\/secure.gravatar.com\/avatar\/1721b20b3b8ca882c3b56ec6c978c594fff670e40c0718e9190eaeeb76aae7d8?s=96&d=mm&r=g","caption":"wpAdminCofbOrg"},"sameAs":["http:\/\/192.168.64.122\/wordpress"],"url":"https:\/\/www.cofb.org\/es\/author\/wpadmincofborg\/"}]}},"uagb_featured_image_src":{"full":false,"thumbnail":false,"medium":false,"medium_large":false,"large":false,"1536x1536":false,"2048x2048":false,"trp-custom-language-flag":false},"uagb_author_info":{"display_name":"wpAdminCofbOrg","author_link":"https:\/\/www.cofb.org\/es\/author\/wpadmincofborg\/"},"uagb_comment_info":0,"uagb_excerpt":"Saber aconsellar les mesures de prevenci\u00f3 i recomanaci\u00f3 sanit\u00e0ria, fer una atenci\u00f3 farmac\u00e8utica correcta, identificar quan cal derivar a l&#8217;especialista i recon\u00e8ixer la simptomatologia comuna i diferencial de cada una de les patologies oftalmol\u00f2giques tractades durant la formaci\u00f3, aix\u00ed com els tractaments farmacol\u00f2gics associats.\u00a0Aquests eren els objectius principals del curs [&hellip;]","_links":{"self":[{"href":"https:\/\/www.cofb.org\/es\/wp-json\/wp\/v2\/posts\/38500","targetHints":{"allow":["GET"]}}],"collection":[{"href":"https:\/\/www.cofb.org\/es\/wp-json\/wp\/v2\/posts"}],"about":[{"href":"https:\/\/www.cofb.org\/es\/wp-json\/wp\/v2\/types\/post"}],"author":[{"embeddable":true,"href":"https:\/\/www.cofb.org\/es\/wp-json\/wp\/v2\/users\/1"}],"replies":[{"embeddable":true,"href":"https:\/\/www.cofb.org\/es\/wp-json\/wp\/v2\/comments?post=38500"}],"version-history":[{"count":0,"href":"https:\/\/www.cofb.org\/es\/wp-json\/wp\/v2\/posts\/38500\/revisions"}],"wp:featuredmedia":[{"embeddable":true,"href":"https:\/\/www.cofb.org\/es\/wp-json\/"}],"wp:attachment":[{"href":"https:\/\/www.cofb.org\/es\/wp-json\/wp\/v2\/media?parent=38500"}],"wp:term":[{"taxonomy":"category","embeddable":true,"href":"https:\/\/www.cofb.org\/es\/wp-json\/wp\/v2\/categories?post=38500"},{"taxonomy":"post_tag","embeddable":true,"href":"https:\/\/www.cofb.org\/es\/wp-json\/wp\/v2\/tags?post=38500"}],"curies":[{"name":"wp","href":"https:\/\/api.w.org\/{rel}","templated":true}]}}