{"id":38461,"date":"2018-04-16T18:08:06","date_gmt":"2018-04-16T16:08:06","guid":{"rendered":"https:\/\/blog.cofb.cat\/?p=38461"},"modified":"2018-04-16T18:08:06","modified_gmt":"2018-04-16T16:08:06","slug":"el-microbioma-de-la-pell-tema-principal-del-tercer-forum-dermoexpert","status":"publish","type":"post","link":"https:\/\/www.cofb.org\/es\/2018\/04\/16\/el-microbioma-de-la-pell-tema-principal-del-tercer-forum-dermoexpert\/","title":{"rendered":"El microbioma de la piel: tema principal del tercer Foro Dermoexpert"},"content":{"rendered":"<p>El <strong>tercer Foro Dermoexpert del curso 2017 \u2013 2018<\/strong>, que se celebr\u00f3 el pasado 11 de abril, tuvo como tema principal el <strong>microbioma de la piel<\/strong>.<\/p>\n<p>El acto cont\u00f3 con <strong>las aportaciones<\/strong> de <strong>Mercedes Abarquero<\/strong>, farmac\u00e9utica y responsable cient\u00edfica de Laboratorios Vichy; <strong>Mercedes Berlanga<\/strong>, profesora del Departamento de Biolog\u00eda, Sanidad y Medio Ambiente de la Universidad de Barcelona; <strong>Mar Blanco<\/strong>, farmac\u00e9utica comunitaria, responsable del Departamento T\u00e9cnico de la Asociaci\u00f3n Espa\u00f1ola de Fitoterapia y Nutrici\u00f3n (AFINUR) y consultora alimentaria y <strong>Leonor Prieto<\/strong>, farmac\u00e9utica, directora cient\u00edfica de Laboratorios La Roche Posay. La encargada de moderar el acto fue <strong>Marta Alcalde<\/strong>, vocal de Dermofarmacia y Productos Sanitarios del COFB.<\/p>\n<figure id=\"attachment_38472\" aria-describedby=\"caption-attachment-38472\" style=\"width: 620px\" class=\"wp-caption aligncenter\"><a href=\"https:\/\/blog.cofb.cat\/wp-content\/uploads\/2018\/04\/cofb.180411-15.jpg\"><img fetchpriority=\"high\" decoding=\"async\" class=\"wp-image-38472 size-large\" title=\"El tercer Foro Dermoexpert tuvo como tema principal el microbioma y la piel.\" src=\"https:\/\/blog.cofb.cat\/wp-content\/uploads\/2018\/04\/cofb.180411-15-1024x683.jpg\" alt=\"El tercer F\u00f2rum Dermoexpert va tenir com a tema principal el microbioma i la pell.\" width=\"620\" height=\"414\" \/><\/a><figcaption id=\"caption-attachment-38472\" class=\"wp-caption-text\">El tercer Foro Dermoexpert tuvo como tema principal el microbioma y la piel.<\/figcaption><\/figure>\n<h1><span style=\"color: #008080;\"><strong>Las aportaciones de las ponentes<br \/>\n<\/strong><\/span><\/h1>\n<h2><strong><span style=\"color: #008080;\">Principales grupos de microorganismos que colonizan la piel<\/span><\/strong><\/h2>\n<p>La profesora <strong>Mercedes Berlanga<\/strong>, a lo largo de su exposici\u00f3n, explic\u00f3 cu\u00e1les son los <strong>principales grupos de microorganismos que colonizan nuestra piel<\/strong>, c\u00f3mo los adquirimos a lo largo de nuestra vida, c\u00f3mo se distribuyen en las diferentes zonas del cuerpo y qu\u00e9 funciones tienen.<\/p>\n<h2><strong><span style=\"color: #008080;\">Factores externos que condicionan el ecosistema cut\u00e1neo<\/span><\/strong><\/h2>\n<p>La farmac\u00e9utica <strong>Mar Blanco<\/strong> puso el \u00e9nfasis en <strong>cu\u00e1les son los factores externos que condicionan nuestro ecosistema de la piel<\/strong>.<\/p>\n<p>Tenemos un 80% de flora residente y un 20% de flora que va variando en funci\u00f3n de factores iatrog\u00e9nicos, farmacol\u00f3gicos, ambientales, higi\u00e9nico-diet\u00e9ticos, y en funci\u00f3n de los estilos de vida de la persona. Durante su exposici\u00f3n tambi\u00e9n se dio mucha importancia a la<span style=\"color: #333333;\"><strong>eje intestino-cerebro-piel<\/strong> <\/span>ya la interrelaci\u00f3n que cada vez se ve m\u00e1s evidente entre estos distintos ecosistemas. Blanco tambi\u00e9n habl\u00f3 de la<span style=\"color: #333333;\"><strong> relaci\u00f3n que existe entre alteraciones en el microbioma y diferentes patolog\u00edas cut\u00e1neas como la dermatitis at\u00f3pica<\/strong>,<\/span> el acn\u00e9 o la psoriasis.<\/p>\n<div class=\"destacat-blog\">\n<h2><span style=\"color: #008080;\"><strong>La piel, una defensa natural de nuestro organismo<\/strong><\/span><\/h2>\n<p><strong>Nuestro organismo<\/strong> es una <strong>zona colonizable, <\/strong>ya que<strong> todas nuestras superficies externas <\/strong>(trato intestinal, genitourinario, mucosas y piel) tienen microorganismos. <strong>La piel act\u00faa como barrera de defensa natural del organismo.<\/strong> Actualmente, se han desarrollado cosm\u00e9ticos innovadores que mejoran los sistemas de protecci\u00f3n de la piel frente a las agresiones externas, mediante la regulaci\u00f3n del ecosistema cut\u00e1neo y la mejora de la respuesta inmunitaria.<\/p>\n<\/div>\n<h2><strong><span style=\"color: #008080;\">Desequilibrios del microbioma en el cuero cabelludo<\/span><\/strong><\/h2>\n<p>La responsable cient\u00edfica de los laboratorios Vichy, <strong>Mercedes Abarquero,<\/strong> habl\u00f3 de los <strong>desequilibrios del microbioma en el cuero cabelludo<\/strong> <strong>y de c\u00f3mo se traducen en la aparici\u00f3n de una patolog\u00eda dermatol\u00f3gica muy frecuente: la caspa.<\/strong><\/p>\n<p>Desde la industria, se buscan productos que act\u00faen sobre esta patolog\u00eda desde diferentes frentes para que realicen una exfoliaci\u00f3n, protejan ante la lipoperoxidaci\u00f3n lip\u00eddica y reequilibren el microbioma. \u00c9sta<strong> utilizaci\u00f3n de activos que surten efecto sobre la regulaci\u00f3n del microbioma ha dado mejores resultados que los tratamientos cl\u00e1sicos <\/strong>en donde s\u00f3lo se trataba la inflamaci\u00f3n y la producci\u00f3n de grasa.<\/p>\n<figure id=\"attachment_38496\" aria-describedby=\"caption-attachment-38496\" style=\"width: 620px\" class=\"wp-caption aligncenter\"><a href=\"https:\/\/blog.cofb.cat\/wp-content\/uploads\/2018\/04\/cofb.180411-03.jpg\"><img decoding=\"async\" class=\"wp-image-38496 size-large\" title=\"Mercedes Berlanga, profesora del Departamento de Biolog\u00eda, Sanidad y Medio Ambiente de la Universidad de Barcelona; Mar Blanco, farmac\u00e9utica comunitaria, responsable del Departamento T\u00e9cnico de la Asociaci\u00f3n Espa\u00f1ola de Fitoterapia y Nutrici\u00f3n (AFINUR) y consultora alimentaria; Marta Alcalde, vocal de Dermofarmacia y Productos Sanitarios del COFB; Mercedes Abarquero, farmac\u00e9utica y responsable cient\u00edfica de Laboratorios Vichy y Leonor Prieto, farmac\u00e9utica, directora cient\u00edfica de Laboratorios La Roche Posay.\" src=\"https:\/\/blog.cofb.cat\/wp-content\/uploads\/2018\/04\/cofb.180411-03-1024x683.jpg\" alt=\"Mercedes Berlanga, professora del Departament de Biologia, Sanitat i Medi Ambient de la Universitat de Barcelona; Mar Blanco, farmac\u00e8utica comunit\u00e0ria, responsable del Departament T\u00e8cnic de l\u2019Associaci\u00f3n Espa\u00f1ola de Fitoter\u00e0pia i Nutrici\u00f3n (AFINUR) i consultora aliment\u00e0ria; Marta Alcalde, vocal de Dermofarm\u00e0cia i Productes Sanitaris del COFB; Mercedes Abarquero, farmac\u00e8utica i responsable cient\u00edfica de Laboratorios Vichy i Leonor Prieto, farmac\u00e8utica, directora cient\u00edfica de Laboratoris La Roche Posay.\" width=\"620\" height=\"414\" \/><\/a><figcaption id=\"caption-attachment-38496\" class=\"wp-caption-text\">Mercedes Berlanga, Mar Blanco, Marta Alcalde, Mercedes Abarquero y Leonor Prieto, al inicio del tercer Foro Dermoexpert.<\/figcaption><\/figure>\n<h2><span style=\"color: #008080;\"><strong>Pieles at\u00f3picas, acn\u00e9 y microbioma<\/strong><\/span><\/h2>\n<p><strong>Leonor Prieto<\/strong>, directora Cient\u00edfica de La Roche Posay, explic\u00f3 c\u00f3mo <strong>la diversidad del microbioma es un marcador de salud de la piel.<\/strong> Su exposici\u00f3n se centr\u00f3 en las<strong> pieles at\u00f3picas<\/strong> y puso de manifiesto que este tipo de pieles tienen una <strong>diversidad de microorganismos inferior a una piel normal,<\/strong> y dentro del propio paciente at\u00f3pico las zonas de brote todav\u00eda tienen una diversidad inferior en comparaci\u00f3n con las zonas sanas.<\/p>\n<p>Prieto present\u00f3 estudios que muestran c\u00f3mo el uso de un emoliente espec\u00edfico con activos que tengan efecto sobre esta disbiosis, da muy buenos resultados en cuanto a la disminuci\u00f3n de brotes y en relaci\u00f3n al prurito t\u00edpico de esta enfermedad.<\/p>\n<p>En el caso del<strong>acn\u00e9, la distribuci\u00f3n de determinadas bacterias en relaci\u00f3n a una piel normal tambi\u00e9n est\u00e1 alterada<\/strong> y el uso de productos cosm\u00e9ticos que act\u00faen sobre esta disbiosis es muy positivo a la hora de restablecer el estado de salud de la piel.<\/p>\n<p style=\"text-align: right;\"><strong>Con la colaboraci\u00f3n de:<\/strong><\/p>\n<p style=\"text-align: right;\">\u00a0<a href=\"http:\/\/www.loreal.es\/brand\/cosmetic\" target=\"_blank\" rel=\"noopener\"><img decoding=\"async\" class=\"alignright wp-image-38504\" src=\"https:\/\/blog.cofb.cat\/wp-content\/uploads\/2018\/04\/L\u00d3r\u00e9al-Cosm\u00e9tica-Activa.jpg\" alt=\"L'Or\u00e9al Cosm\u00e9tica Activa\" width=\"163\" height=\"74\" \/><\/a><\/p>\n<p>&nbsp;<\/p>\n<p>&nbsp;<\/p>\n<div class=\"box note\"><\/div>\n<h1><strong><span style=\"color: #008080;\">16 de mayo: 4\u00ba Foro Dermoexpert<\/span><\/strong><\/h1>\n<p>El pr\u00f3ximo 16 de mayo tendr\u00e1 lugar el 4\u00ba F\u00f3rum Dermoexpert, que lleva por t\u00edtulo <a href=\"http:\/\/www.cofb.org\/es\/web\/guest\/cursos\/?p_p_id=portletllistatactivitats_WAR_portletllistatactivitats_INSTANCE_Au9v&amp;p_p_lifecycle=0&amp;p_p_state=normal&amp;p_p_mode=view&amp;p_p_col_id=column-2&amp;p_p_col_pos=1&amp;p_p_col_count=2&amp;_portletllistatactivitats_WAR_portletllistatactivitats_INSTANCE_Au9v_strutsAction=%2Fview%2Fdetall&amp;_portletllistatactivitats_WAR_portletllistatactivitats_INSTANCE_Au9v_id=2199\" target=\"_blank\" rel=\"noopener\"><strong>&quot;Cosm\u00e9tica Antipollution&quot;<\/strong><\/a>. Se abordar\u00e1, entre otras cuestiones, <strong>c\u00f3mo proteger la piel del impacto del medio ambiente y el entorno.<\/strong><\/p>\n<p>El acto estar\u00e1 moderado por <strong>Marta Alcalde<\/strong>, y contar\u00e1 con las aportaciones de <strong>David Gonz\u00e1lez<\/strong> y <strong>Jos\u00e9 L. Mullor<\/strong>, director de desarrollo y director cient\u00edfico de Bionos Biotech SL, respectivamente.<\/p>\n<\/div>\n<p><strong>Otras publicaciones de inter\u00e9s:<\/strong><\/p>\n<ul>\n<li><a href=\"https:\/\/blog.cofb.cat\/jornada-dermoexpert-un-viatge-per-la-vida-de-la-pell\/\">Jornada Dermoexpert: Un viaje por la vida de la piel (Octubre 2017)<\/a><\/li>\n<li><a href=\"https:\/\/blog.cofb.cat\/finalitza-la-primera-edicio-del-programa-formatiu-dermoexpert\/\">Finaliza la primera edici\u00f3n del programa formativo Dermoexpert (Octubre 2017)<\/a><\/li>\n<li><a href=\"https:\/\/blog.cofb.cat\/jornada-dermoexpert-un-viatge-per-la-vida-de-la-pell\/\">Antienvejecimiento del cabello. Primer tema del Foro Dermoexpert 2017\/2018 (Diciembre 2017)<\/a><\/li>\n<li><a href=\"https:\/\/blog.cofb.cat\/segon-forum-dermoexpert-estrategies-mercat-dermocosmetica-oportunitats-farmacia\/\" target=\"_blank\" rel=\"noopener\">Segundo Foro Dermoexpert: estrategias de mercado en Dermocosm\u00e9tica y oportunidades para la farmacia (Febrero 2018)<\/a><\/li>\n<\/ul>","protected":false},"excerpt":{"rendered":"<p>El tercer Foro Dermoexpert del curso 2017-2018, que se celebr\u00f3 el pasado 11 de abril, tuvo como tema principal el microbioma de la piel. El acto cont\u00f3 con las aportaciones de Mercedes Abarquero, farmac\u00e9utica y responsable cient\u00edfica de Laboratorios Vichy; Mercedes Berlanga, profesora del Departamento de [\u2026]<\/p>","protected":false},"author":1,"featured_media":38462,"comment_status":"open","ping_status":"open","sticky":false,"template":"","format":"standard","meta":{"_uag_custom_page_level_css":"","site-sidebar-layout":"default","site-content-layout":"","ast-site-content-layout":"default","site-content-style":"default","site-sidebar-style":"default","ast-global-header-display":"","ast-banner-title-visibility":"","ast-main-header-display":"","ast-hfb-above-header-display":"","ast-hfb-below-header-display":"","ast-hfb-mobile-header-display":"","site-post-title":"","ast-breadcrumbs-content":"","ast-featured-img":"disabled","footer-sml-layout":"","theme-transparent-header-meta":"","adv-header-id-meta":"","stick-header-meta":"","header-above-stick-meta":"","header-main-stick-meta":"","header-below-stick-meta":"","astra-migrate-meta-layouts":"default","ast-page-background-enabled":"default","ast-page-background-meta":{"desktop":{"background-color":"var(--ast-global-color-4)","background-image":"","background-repeat":"repeat","background-position":"center center","background-size":"auto","background-attachment":"scroll","background-type":"","background-media":"","overlay-type":"","overlay-color":"","overlay-opacity":"","overlay-gradient":""},"tablet":{"background-color":"","background-image":"","background-repeat":"repeat","background-position":"center center","background-size":"auto","background-attachment":"scroll","background-type":"","background-media":"","overlay-type":"","overlay-color":"","overlay-opacity":"","overlay-gradient":""},"mobile":{"background-color":"","background-image":"","background-repeat":"repeat","background-position":"center center","background-size":"auto","background-attachment":"scroll","background-type":"","background-media":"","overlay-type":"","overlay-color":"","overlay-opacity":"","overlay-gradient":""}},"ast-content-background-meta":{"desktop":{"background-color":"var(--ast-global-color-5)","background-image":"","background-repeat":"repeat","background-position":"center center","background-size":"auto","background-attachment":"scroll","background-type":"","background-media":"","overlay-type":"","overlay-color":"","overlay-opacity":"","overlay-gradient":""},"tablet":{"background-color":"var(--ast-global-color-5)","background-image":"","background-repeat":"repeat","background-position":"center center","background-size":"auto","background-attachment":"scroll","background-type":"","background-media":"","overlay-type":"","overlay-color":"","overlay-opacity":"","overlay-gradient":""},"mobile":{"background-color":"var(--ast-global-color-5)","background-image":"","background-repeat":"repeat","background-position":"center center","background-size":"auto","background-attachment":"scroll","background-type":"","background-media":"","overlay-type":"","overlay-color":"","overlay-opacity":"","overlay-gradient":""}},"footnotes":""},"categories":[57],"tags":[439,18,19,2837,70,3046,155,743,3047,3048,710,3049,3050,727],"class_list":["post-38461","post","type-post","status-publish","format-standard","has-post-thumbnail","hentry","category-mon-collegial","tag-acne","tag-cofb","tag-collegi-de-farmaceutics-de-barcelona","tag-dermoexpert","tag-formacio","tag-forum","tag-forum-dermoexpert","tag-microbioma","tag-patologies-cutanies","tag-patologies-dermatologiques","tag-pell","tag-pells-atopiques","tag-productes-cosmetics","tag-vocalia-de-dermofarmacia-i-productes-sanitaris"],"yoast_head":"<!-- This site is optimized with the Yoast SEO plugin v22.4 - https:\/\/yoast.com\/wordpress\/plugins\/seo\/ -->\n<title>El microbioma de la pell: tema principal del tercer F\u00f2rum Dermoexpert - Col\u00b7legi de Farmac\u00e8utics de Barcelona<\/title>\n<meta name=\"description\" content=\"El tercer F\u00f2rum Dermoexpert del curs 2017 - 2018, que es va celebrar el passat 11 d&#039;abril, va tenir com a tema principal el microbioma de la pell.\" \/>\n<meta name=\"robots\" content=\"index, follow, max-snippet:-1, max-image-preview:large, max-video-preview:-1\" \/>\n<link rel=\"canonical\" href=\"https:\/\/novaorg.cofb.net\/2018\/04\/16\/el-microbioma-de-la-pell-tema-principal-del-tercer-forum-dermoexpert\/\" \/>\n<meta property=\"og:locale\" content=\"es_ES\" \/>\n<meta property=\"og:type\" content=\"article\" \/>\n<meta property=\"og:title\" content=\"El microbioma de la pell: tema principal del tercer F\u00f2rum Dermoexpert - Col\u00b7legi de Farmac\u00e8utics de Barcelona\" \/>\n<meta property=\"og:description\" content=\"El tercer F\u00f2rum Dermoexpert del curs 2017 - 2018, que es va celebrar el passat 11 d&#039;abril, va tenir com a tema principal el microbioma de la pell.\" \/>\n<meta property=\"og:url\" content=\"https:\/\/novaorg.cofb.net\/2018\/04\/16\/el-microbioma-de-la-pell-tema-principal-del-tercer-forum-dermoexpert\/\" \/>\n<meta property=\"og:site_name\" content=\"Col\u00b7legi de Farmac\u00e8utics de Barcelona\" \/>\n<meta property=\"article:publisher\" content=\"https:\/\/www.facebook.com\/farmaceuticsbcn\/\" \/>\n<meta property=\"article:published_time\" content=\"2018-04-16T16:08:06+00:00\" \/>\n<meta name=\"author\" content=\"wpAdminCofbOrg\" \/>\n<meta name=\"twitter:card\" content=\"summary_large_image\" \/>\n<meta name=\"twitter:creator\" content=\"@farmaceuticsbcn\" \/>\n<meta name=\"twitter:site\" content=\"@farmaceuticsbcn\" \/>\n<meta name=\"twitter:label1\" content=\"Escrito por\" \/>\n\t<meta name=\"twitter:data1\" content=\"wpAdminCofbOrg\" \/>\n\t<meta name=\"twitter:label2\" content=\"Tiempo de lectura\" \/>\n\t<meta name=\"twitter:data2\" content=\"4 minutos\" \/>\n<script type=\"application\/ld+json\" class=\"yoast-schema-graph\">{\"@context\":\"https:\/\/schema.org\",\"@graph\":[{\"@type\":\"Article\",\"@id\":\"https:\/\/novaorg.cofb.net\/2018\/04\/16\/el-microbioma-de-la-pell-tema-principal-del-tercer-forum-dermoexpert\/#article\",\"isPartOf\":{\"@id\":\"https:\/\/novaorg.cofb.net\/2018\/04\/16\/el-microbioma-de-la-pell-tema-principal-del-tercer-forum-dermoexpert\/\"},\"author\":{\"name\":\"wpAdminCofbOrg\",\"@id\":\"https:\/\/www.cofb.org\/#\/schema\/person\/22ed7eea88da74b0fa4d3154ad87ffcb\"},\"headline\":\"El microbioma de la pell: tema principal del tercer F\u00f2rum Dermoexpert\",\"datePublished\":\"2018-04-16T16:08:06+00:00\",\"dateModified\":\"2018-04-16T16:08:06+00:00\",\"mainEntityOfPage\":{\"@id\":\"https:\/\/novaorg.cofb.net\/2018\/04\/16\/el-microbioma-de-la-pell-tema-principal-del-tercer-forum-dermoexpert\/\"},\"wordCount\":878,\"commentCount\":0,\"publisher\":{\"@id\":\"https:\/\/www.cofb.org\/#organization\"},\"image\":{\"@id\":\"https:\/\/novaorg.cofb.net\/2018\/04\/16\/el-microbioma-de-la-pell-tema-principal-del-tercer-forum-dermoexpert\/#primaryimage\"},\"thumbnailUrl\":\"\",\"keywords\":[\"acne\",\"COFB\",\"Col\u00b7legi de Farmac\u00e8utics de Barcelona\",\"DermoExpert\",\"Formaci\u00f3\",\"f\u00f2rum\",\"f\u00f2rum dermoexpert\",\"microbioma\",\"patologies cut\u00e0nies\",\"patologies dermatol\u00f2giques\",\"pell\",\"pells at\u00f2piques\",\"productes cosm\u00e8tics\",\"Vocalia de Dermofarm\u00e0cia i Productes Sanitaris\"],\"articleSection\":[\"M\u00f3n col\u00b7legial\"],\"inLanguage\":\"es\",\"potentialAction\":[{\"@type\":\"CommentAction\",\"name\":\"Comment\",\"target\":[\"https:\/\/novaorg.cofb.net\/2018\/04\/16\/el-microbioma-de-la-pell-tema-principal-del-tercer-forum-dermoexpert\/#respond\"]}]},{\"@type\":\"WebPage\",\"@id\":\"https:\/\/novaorg.cofb.net\/2018\/04\/16\/el-microbioma-de-la-pell-tema-principal-del-tercer-forum-dermoexpert\/\",\"url\":\"https:\/\/novaorg.cofb.net\/2018\/04\/16\/el-microbioma-de-la-pell-tema-principal-del-tercer-forum-dermoexpert\/\",\"name\":\"El microbioma de la pell: tema principal del tercer F\u00f2rum Dermoexpert - Col\u00b7legi de Farmac\u00e8utics de Barcelona\",\"isPartOf\":{\"@id\":\"https:\/\/www.cofb.org\/#website\"},\"primaryImageOfPage\":{\"@id\":\"https:\/\/novaorg.cofb.net\/2018\/04\/16\/el-microbioma-de-la-pell-tema-principal-del-tercer-forum-dermoexpert\/#primaryimage\"},\"image\":{\"@id\":\"https:\/\/novaorg.cofb.net\/2018\/04\/16\/el-microbioma-de-la-pell-tema-principal-del-tercer-forum-dermoexpert\/#primaryimage\"},\"thumbnailUrl\":\"\",\"datePublished\":\"2018-04-16T16:08:06+00:00\",\"dateModified\":\"2018-04-16T16:08:06+00:00\",\"description\":\"El tercer F\u00f2rum Dermoexpert del curs 2017 - 2018, que es va celebrar el passat 11 d'abril, va tenir com a tema principal el microbioma de la pell.\",\"breadcrumb\":{\"@id\":\"https:\/\/novaorg.cofb.net\/2018\/04\/16\/el-microbioma-de-la-pell-tema-principal-del-tercer-forum-dermoexpert\/#breadcrumb\"},\"inLanguage\":\"es\",\"potentialAction\":[{\"@type\":\"ReadAction\",\"target\":[\"https:\/\/novaorg.cofb.net\/2018\/04\/16\/el-microbioma-de-la-pell-tema-principal-del-tercer-forum-dermoexpert\/\"]}]},{\"@type\":\"ImageObject\",\"inLanguage\":\"es\",\"@id\":\"https:\/\/novaorg.cofb.net\/2018\/04\/16\/el-microbioma-de-la-pell-tema-principal-del-tercer-forum-dermoexpert\/#primaryimage\",\"url\":\"\",\"contentUrl\":\"\"},{\"@type\":\"BreadcrumbList\",\"@id\":\"https:\/\/novaorg.cofb.net\/2018\/04\/16\/el-microbioma-de-la-pell-tema-principal-del-tercer-forum-dermoexpert\/#breadcrumb\",\"itemListElement\":[{\"@type\":\"ListItem\",\"position\":1,\"name\":\"Inici\",\"item\":\"https:\/\/novaorg.cofb.net\/\"},{\"@type\":\"ListItem\",\"position\":2,\"name\":\"El microbioma de la pell: tema principal del tercer F\u00f2rum Dermoexpert\"}]},{\"@type\":\"WebSite\",\"@id\":\"https:\/\/www.cofb.org\/#website\",\"url\":\"https:\/\/www.cofb.org\/\",\"name\":\"Col\u00b7legi de Farmac\u00e8utics de Barcelona\",\"description\":\"\",\"publisher\":{\"@id\":\"https:\/\/www.cofb.org\/#organization\"},\"potentialAction\":[{\"@type\":\"SearchAction\",\"target\":{\"@type\":\"EntryPoint\",\"urlTemplate\":\"https:\/\/www.cofb.org\/?s={search_term_string}\"},\"query-input\":\"required name=search_term_string\"}],\"inLanguage\":\"es\"},{\"@type\":\"Organization\",\"@id\":\"https:\/\/www.cofb.org\/#organization\",\"name\":\"Col\u00b7legi de Farmac\u00e8utics de Barcelona\",\"url\":\"https:\/\/www.cofb.org\/\",\"logo\":{\"@type\":\"ImageObject\",\"inLanguage\":\"es\",\"@id\":\"https:\/\/www.cofb.org\/#\/schema\/logo\/image\/\",\"url\":\"https:\/\/www.cofb.org\/wp-content\/uploads\/2023\/11\/cropped-Logotip-COFB.png\",\"contentUrl\":\"https:\/\/www.cofb.org\/wp-content\/uploads\/2023\/11\/cropped-Logotip-COFB.png\",\"width\":500,\"height\":105,\"caption\":\"Col\u00b7legi de Farmac\u00e8utics de Barcelona\"},\"image\":{\"@id\":\"https:\/\/www.cofb.org\/#\/schema\/logo\/image\/\"},\"sameAs\":[\"https:\/\/www.facebook.com\/farmaceuticsbcn\/\",\"https:\/\/twitter.com\/farmaceuticsbcn\",\"https:\/\/www.instagram.com\/farmaceuticsbcn\/\",\"https:\/\/www.linkedin.com\/company\/farmaceuticsbcn\/\"]},{\"@type\":\"Person\",\"@id\":\"https:\/\/www.cofb.org\/#\/schema\/person\/22ed7eea88da74b0fa4d3154ad87ffcb\",\"name\":\"wpAdminCofbOrg\",\"image\":{\"@type\":\"ImageObject\",\"inLanguage\":\"es\",\"@id\":\"https:\/\/www.cofb.org\/#\/schema\/person\/image\/\",\"url\":\"https:\/\/secure.gravatar.com\/avatar\/1721b20b3b8ca882c3b56ec6c978c594fff670e40c0718e9190eaeeb76aae7d8?s=96&d=mm&r=g\",\"contentUrl\":\"https:\/\/secure.gravatar.com\/avatar\/1721b20b3b8ca882c3b56ec6c978c594fff670e40c0718e9190eaeeb76aae7d8?s=96&d=mm&r=g\",\"caption\":\"wpAdminCofbOrg\"},\"sameAs\":[\"http:\/\/192.168.64.122\/wordpress\"],\"url\":\"https:\/\/www.cofb.org\/es\/author\/wpadmincofborg\/\"}]}<\/script>\n<!-- \/ Yoast SEO plugin. -->","yoast_head_json":{"title":"El microbioma de la pell: tema principal del tercer F\u00f2rum Dermoexpert - Col\u00b7legi de Farmac\u00e8utics de Barcelona","description":"El tercer F\u00f2rum Dermoexpert del curs 2017 - 2018, que es va celebrar el passat 11 d'abril, va tenir com a tema principal el microbioma de la pell.","robots":{"index":"index","follow":"follow","max-snippet":"max-snippet:-1","max-image-preview":"max-image-preview:large","max-video-preview":"max-video-preview:-1"},"canonical":"https:\/\/novaorg.cofb.net\/2018\/04\/16\/el-microbioma-de-la-pell-tema-principal-del-tercer-forum-dermoexpert\/","og_locale":"es_ES","og_type":"article","og_title":"El microbioma de la pell: tema principal del tercer F\u00f2rum Dermoexpert - Col\u00b7legi de Farmac\u00e8utics de Barcelona","og_description":"El tercer F\u00f2rum Dermoexpert del curs 2017 - 2018, que es va celebrar el passat 11 d'abril, va tenir com a tema principal el microbioma de la pell.","og_url":"https:\/\/novaorg.cofb.net\/2018\/04\/16\/el-microbioma-de-la-pell-tema-principal-del-tercer-forum-dermoexpert\/","og_site_name":"Col\u00b7legi de Farmac\u00e8utics de Barcelona","article_publisher":"https:\/\/www.facebook.com\/farmaceuticsbcn\/","article_published_time":"2018-04-16T16:08:06+00:00","author":"wpAdminCofbOrg","twitter_card":"summary_large_image","twitter_creator":"@farmaceuticsbcn","twitter_site":"@farmaceuticsbcn","twitter_misc":{"Escrito por":"wpAdminCofbOrg","Tiempo de lectura":"4 minutos"},"schema":{"@context":"https:\/\/schema.org","@graph":[{"@type":"Article","@id":"https:\/\/novaorg.cofb.net\/2018\/04\/16\/el-microbioma-de-la-pell-tema-principal-del-tercer-forum-dermoexpert\/#article","isPartOf":{"@id":"https:\/\/novaorg.cofb.net\/2018\/04\/16\/el-microbioma-de-la-pell-tema-principal-del-tercer-forum-dermoexpert\/"},"author":{"name":"wpAdminCofbOrg","@id":"https:\/\/www.cofb.org\/#\/schema\/person\/22ed7eea88da74b0fa4d3154ad87ffcb"},"headline":"El microbioma de la pell: tema principal del tercer F\u00f2rum Dermoexpert","datePublished":"2018-04-16T16:08:06+00:00","dateModified":"2018-04-16T16:08:06+00:00","mainEntityOfPage":{"@id":"https:\/\/novaorg.cofb.net\/2018\/04\/16\/el-microbioma-de-la-pell-tema-principal-del-tercer-forum-dermoexpert\/"},"wordCount":878,"commentCount":0,"publisher":{"@id":"https:\/\/www.cofb.org\/#organization"},"image":{"@id":"https:\/\/novaorg.cofb.net\/2018\/04\/16\/el-microbioma-de-la-pell-tema-principal-del-tercer-forum-dermoexpert\/#primaryimage"},"thumbnailUrl":"","keywords":["acne","COFB","Col\u00b7legi de Farmac\u00e8utics de Barcelona","DermoExpert","Formaci\u00f3","f\u00f2rum","f\u00f2rum dermoexpert","microbioma","patologies cut\u00e0nies","patologies dermatol\u00f2giques","pell","pells at\u00f2piques","productes cosm\u00e8tics","Vocalia de Dermofarm\u00e0cia i Productes Sanitaris"],"articleSection":["M\u00f3n col\u00b7legial"],"inLanguage":"es","potentialAction":[{"@type":"CommentAction","name":"Comment","target":["https:\/\/novaorg.cofb.net\/2018\/04\/16\/el-microbioma-de-la-pell-tema-principal-del-tercer-forum-dermoexpert\/#respond"]}]},{"@type":"WebPage","@id":"https:\/\/novaorg.cofb.net\/2018\/04\/16\/el-microbioma-de-la-pell-tema-principal-del-tercer-forum-dermoexpert\/","url":"https:\/\/novaorg.cofb.net\/2018\/04\/16\/el-microbioma-de-la-pell-tema-principal-del-tercer-forum-dermoexpert\/","name":"El microbioma de la pell: tema principal del tercer F\u00f2rum Dermoexpert - Col\u00b7legi de Farmac\u00e8utics de Barcelona","isPartOf":{"@id":"https:\/\/www.cofb.org\/#website"},"primaryImageOfPage":{"@id":"https:\/\/novaorg.cofb.net\/2018\/04\/16\/el-microbioma-de-la-pell-tema-principal-del-tercer-forum-dermoexpert\/#primaryimage"},"image":{"@id":"https:\/\/novaorg.cofb.net\/2018\/04\/16\/el-microbioma-de-la-pell-tema-principal-del-tercer-forum-dermoexpert\/#primaryimage"},"thumbnailUrl":"","datePublished":"2018-04-16T16:08:06+00:00","dateModified":"2018-04-16T16:08:06+00:00","description":"El tercer F\u00f2rum Dermoexpert del curs 2017 - 2018, que es va celebrar el passat 11 d'abril, va tenir com a tema principal el microbioma de la pell.","breadcrumb":{"@id":"https:\/\/novaorg.cofb.net\/2018\/04\/16\/el-microbioma-de-la-pell-tema-principal-del-tercer-forum-dermoexpert\/#breadcrumb"},"inLanguage":"es","potentialAction":[{"@type":"ReadAction","target":["https:\/\/novaorg.cofb.net\/2018\/04\/16\/el-microbioma-de-la-pell-tema-principal-del-tercer-forum-dermoexpert\/"]}]},{"@type":"ImageObject","inLanguage":"es","@id":"https:\/\/novaorg.cofb.net\/2018\/04\/16\/el-microbioma-de-la-pell-tema-principal-del-tercer-forum-dermoexpert\/#primaryimage","url":"","contentUrl":""},{"@type":"BreadcrumbList","@id":"https:\/\/novaorg.cofb.net\/2018\/04\/16\/el-microbioma-de-la-pell-tema-principal-del-tercer-forum-dermoexpert\/#breadcrumb","itemListElement":[{"@type":"ListItem","position":1,"name":"Inici","item":"https:\/\/novaorg.cofb.net\/"},{"@type":"ListItem","position":2,"name":"El microbioma de la pell: tema principal del tercer F\u00f2rum Dermoexpert"}]},{"@type":"WebSite","@id":"https:\/\/www.cofb.org\/#website","url":"https:\/\/www.cofb.org\/","name":"Col\u00b7legi de Farmac\u00e8utics de Barcelona","description":"","publisher":{"@id":"https:\/\/www.cofb.org\/#organization"},"potentialAction":[{"@type":"SearchAction","target":{"@type":"EntryPoint","urlTemplate":"https:\/\/www.cofb.org\/?s={search_term_string}"},"query-input":"required name=search_term_string"}],"inLanguage":"es"},{"@type":"Organization","@id":"https:\/\/www.cofb.org\/#organization","name":"Col\u00b7legi de Farmac\u00e8utics de Barcelona","url":"https:\/\/www.cofb.org\/","logo":{"@type":"ImageObject","inLanguage":"es","@id":"https:\/\/www.cofb.org\/#\/schema\/logo\/image\/","url":"https:\/\/www.cofb.org\/wp-content\/uploads\/2023\/11\/cropped-Logotip-COFB.png","contentUrl":"https:\/\/www.cofb.org\/wp-content\/uploads\/2023\/11\/cropped-Logotip-COFB.png","width":500,"height":105,"caption":"Col\u00b7legi de Farmac\u00e8utics de Barcelona"},"image":{"@id":"https:\/\/www.cofb.org\/#\/schema\/logo\/image\/"},"sameAs":["https:\/\/www.facebook.com\/farmaceuticsbcn\/","https:\/\/twitter.com\/farmaceuticsbcn","https:\/\/www.instagram.com\/farmaceuticsbcn\/","https:\/\/www.linkedin.com\/company\/farmaceuticsbcn\/"]},{"@type":"Person","@id":"https:\/\/www.cofb.org\/#\/schema\/person\/22ed7eea88da74b0fa4d3154ad87ffcb","name":"wpAdminCofbOrg","image":{"@type":"ImageObject","inLanguage":"es","@id":"https:\/\/www.cofb.org\/#\/schema\/person\/image\/","url":"https:\/\/secure.gravatar.com\/avatar\/1721b20b3b8ca882c3b56ec6c978c594fff670e40c0718e9190eaeeb76aae7d8?s=96&d=mm&r=g","contentUrl":"https:\/\/secure.gravatar.com\/avatar\/1721b20b3b8ca882c3b56ec6c978c594fff670e40c0718e9190eaeeb76aae7d8?s=96&d=mm&r=g","caption":"wpAdminCofbOrg"},"sameAs":["http:\/\/192.168.64.122\/wordpress"],"url":"https:\/\/www.cofb.org\/es\/author\/wpadmincofborg\/"}]}},"uagb_featured_image_src":{"full":false,"thumbnail":false,"medium":false,"medium_large":false,"large":false,"1536x1536":false,"2048x2048":false,"trp-custom-language-flag":false},"uagb_author_info":{"display_name":"wpAdminCofbOrg","author_link":"https:\/\/www.cofb.org\/es\/author\/wpadmincofborg\/"},"uagb_comment_info":0,"uagb_excerpt":"El tercer F\u00f2rum Dermoexpert del curs 2017 &#8211; 2018, que es va celebrar el passat 11 d&#8217;abril, va tenir com a tema principal el microbioma de la pell. L&#8217;acte va comptar amb les aportacions de Mercedes Abarquero, farmac\u00e8utica i responsable cient\u00edfica de Laboratorios Vichy; Mercedes Berlanga, professora del Departament de [&hellip;]","_links":{"self":[{"href":"https:\/\/www.cofb.org\/es\/wp-json\/wp\/v2\/posts\/38461","targetHints":{"allow":["GET"]}}],"collection":[{"href":"https:\/\/www.cofb.org\/es\/wp-json\/wp\/v2\/posts"}],"about":[{"href":"https:\/\/www.cofb.org\/es\/wp-json\/wp\/v2\/types\/post"}],"author":[{"embeddable":true,"href":"https:\/\/www.cofb.org\/es\/wp-json\/wp\/v2\/users\/1"}],"replies":[{"embeddable":true,"href":"https:\/\/www.cofb.org\/es\/wp-json\/wp\/v2\/comments?post=38461"}],"version-history":[{"count":0,"href":"https:\/\/www.cofb.org\/es\/wp-json\/wp\/v2\/posts\/38461\/revisions"}],"wp:featuredmedia":[{"embeddable":true,"href":"https:\/\/www.cofb.org\/es\/wp-json\/"}],"wp:attachment":[{"href":"https:\/\/www.cofb.org\/es\/wp-json\/wp\/v2\/media?parent=38461"}],"wp:term":[{"taxonomy":"category","embeddable":true,"href":"https:\/\/www.cofb.org\/es\/wp-json\/wp\/v2\/categories?post=38461"},{"taxonomy":"post_tag","embeddable":true,"href":"https:\/\/www.cofb.org\/es\/wp-json\/wp\/v2\/tags?post=38461"}],"curies":[{"name":"wp","href":"https:\/\/api.w.org\/{rel}","templated":true}]}}