{"id":38327,"date":"2018-04-10T15:18:50","date_gmt":"2018-04-10T13:18:50","guid":{"rendered":"https:\/\/blog.cofb.cat\/?p=38327"},"modified":"2018-04-10T15:18:50","modified_gmt":"2018-04-10T13:18:50","slug":"campanya-atenciodiabetis-present-diabetes-experience-day","status":"publish","type":"post","link":"https:\/\/www.cofb.org\/es\/2018\/04\/10\/campanya-atenciodiabetis-present-diabetes-experience-day\/","title":{"rendered":"La campa\u00f1a #Atenci\u00f3Diabetis presente en la Diabetes Experience Day"},"content":{"rendered":"<p>El pasado 7 de abril,<a href=\"https:\/\/blog.cofb.cat\/mes-de-700-farmaceutics-de-barcelona-ajudaran-detectar-el-risc-de-patir-diabetis-la-campanya-atenciodiabetis\/\" target=\"_blank\" rel=\"noopener\"><strong> la campa\u00f1a #Atenci\u00f3Diabetis impulsada por el COFB<\/strong><\/a>, tuvo en su espacio en el\u00a0<a href=\"http:\/\/www.diabetesexperienceday.com\/\" target=\"_blank\" rel=\"noopener\"><strong>Diabetes Experience Day 2018<\/strong><\/a> celebrado este a\u00f1o en el Palacio de Congresos de la Fira de Barcelona. \u00c9ste <strong>evento, ya de referencia en el \u00e1mbito europeo por las personas con diabetes, reuni\u00f3 a 1.500 asistentes<\/strong> vinculados a esta patolog\u00eda -personas con diabetes, familiares, industria, profesionales sanitarios, administraci\u00f3n p\u00fablica adem\u00e1s de la presencia por primera vez de una instituci\u00f3n colegial farmac\u00e9utica como el COFB-.<\/p>\n<figure id=\"attachment_38530\" aria-describedby=\"caption-attachment-38530\" style=\"width: 620px\" class=\"wp-caption aligncenter\"><a href=\"https:\/\/blog.cofb.cat\/wp-content\/uploads\/2018\/04\/DED_04.jpg\"><img fetchpriority=\"high\" decoding=\"async\" class=\"wp-image-38530 size-large\" title=\"1.500 personas llenaron el Palacio de Congresos de la Fira de Barcelona con motivo del Diabetes Experience Day.\" src=\"https:\/\/blog.cofb.cat\/wp-content\/uploads\/2018\/04\/DED_04-1024x682.jpg\" alt=\"1.500 persones van omplir el Palau de Congressos de la Fira de Barcelona amb motiu del Diabetes Experience Day.\" width=\"620\" height=\"413\" \/><\/a><figcaption id=\"caption-attachment-38530\" class=\"wp-caption-text\">1.500 personas llenaron el Palacio de Congresos de la Fira de Barcelona con motivo del Diabetes Experience Day.<\/figcaption><\/figure>\n<h1><strong>El alcance de la campa\u00f1a #Atenci\u00f3Diabetis<\/strong><\/h1>\n<p><span class=\"hiddenSpellError\">Guillermo<\/span>\u00a0<span class=\"hiddenSpellError\">Bagar\u00eda<\/span>, vicetesorero y responsable de Atenci\u00f3n Farmac\u00e9utica del\u00a0<span class=\"hiddenSpellError\">Col\u00b7legi<\/span>, fue el encargado de explicar el alcance y los objetivos del proyecto. Enmarcada su intervenci\u00f3n en un formato de entrevista bajo el t\u00edtulo <strong>&quot;El papel del farmac\u00e9utico en diabetes&quot;<\/strong>, comparti\u00f3 que, en primer lugar, aprovechando la\u00a0<strong>capilaridad y la proximidad del farmac\u00e9utico<\/strong> a la posible persona con diabetes, se pretend\u00eda averiguar si en la farmacia \u201ccab\u00eda un <strong>escenario de prevenci\u00f3n respecto a los pacientes que visitaban la farmacia en cuanto a la diabetes o\u00a0<span class=\"hiddenSpellError\">prediabetes<\/span><\/strong>&#8220;.<\/p>\n<figure id=\"attachment_38529\" aria-describedby=\"caption-attachment-38529\" style=\"width: 620px\" class=\"wp-caption aligncenter\"><a href=\"https:\/\/blog.cofb.cat\/wp-content\/uploads\/2018\/04\/DED_01.jpg\"><img decoding=\"async\" class=\"wp-image-38529 size-large\" title=\"Guillermo Bagaria en un momento de su intervenci\u00f3n en el Diabetes Experience Day.\" src=\"https:\/\/blog.cofb.cat\/wp-content\/uploads\/2018\/04\/DED_01-1024x682.jpg\" alt=\"Guillermo\u00a0Bagaria en un moment de la seva intervenci\u00f3 al Diabetes Experience Day.\" width=\"620\" height=\"413\" \/><\/a><figcaption id=\"caption-attachment-38529\" class=\"wp-caption-text\">Guillermo Bagaria en un momento de su intervenci\u00f3n en el Diabetes Experience Day.<\/figcaption><\/figure>\n<p>Adem\u00e1s, se pretend\u00eda \u201c<strong>validar una serie de cuestionarios que nos permitieran tambi\u00e9n trasladar informaci\u00f3n al usuario<\/strong>\u201c. A escala cuantitativa,\u00a0<span class=\"hiddenSpellError\">Bagar\u00eda<\/span>\u00a0calific\u00f3 #<span class=\"hiddenSpellError\">Atenci\u00f3nDiabetes<\/span>\u00a0como uno <strong>&quot;gran \u00e9xito de participaci\u00f3n&quot; tanto en el \u00e1mbito de farmacias voluntarias implicadas como de usuarios<\/strong>.<\/p>\n<div class=\"box info\"><\/p>\n<h2><strong>Primeros datos preliminares de la campa\u00f1a #Atenci\u00f3Diabetis:<\/strong><\/h2>\n<ul>\n<li>Participaron<strong> 322 farmacias<\/strong> de la provincia de Barcelona.<\/li>\n<li><strong>801 farmac\u00e9uticos<\/strong>.<\/li>\n<li><strong>2354 usuarios<\/strong> logrados.<\/li>\n<li>Uno <strong>20%<\/strong> tuvieron valores <strong>compatibles con prediabetes<\/strong>.<\/li>\n<li>Uno <strong>8,75% con diabetes<\/strong>.<\/li>\n<\/ul>\n<p><\/div>\n<p>Tambi\u00e9n destac\u00f3 <strong>la relevancia de que ha sido una intervenci\u00f3n conjunta, consensuada y elaborada junto con otros actores relevantes<\/strong> como la Agencia de Salud P\u00fablica de Catalu\u00f1a (<span class=\"hiddenSpellError\">ASPCAT<\/span>), la Sociedad Catalana de Medicina Familiar y Comunitaria (<span class=\"hiddenSpellError\">CAMFiC<\/span>), la Asociaci\u00f3n Catalana de Diabetes, la Asociaci\u00f3n de Diab\u00e9ticos de Catalu\u00f1a (<span class=\"hiddenSpellError\">Adc<\/span>) y la Asociaci\u00f3n de Enfermer\u00eda Familiar y Comunitaria de Catalu\u00f1a (<span class=\"hiddenSpellError\">AIFiCC<\/span>).<\/p>\n<h1><strong>El papel del farmac\u00e9utico en la diabetes<\/strong><\/h1>\n<p>Bagaria puso de manifiesto <strong>la capacidad del farmac\u00e9utico para pasar a desempe\u00f1ar un papel m\u00e1s activo<\/strong>, m\u00e1s all\u00e1 de la tradicional dispensaci\u00f3n del medicamento. En esta l\u00ednea, considera que el hecho de que el profesional \u201cpueda <strong>cuestionar al usuario sobre ciertos aspectos y que le pueda ofrecer informaci\u00f3n de cara a prevenir un posible problema de salud<\/strong>, es algo por lo que vale la pena apostar\u201d. Incidi\u00f3 especialmente en el <strong>potencial del farmac\u00e9utico como aliado en la educaci\u00f3n en diversos aspectos de la salud<\/strong>, y de c\u00f3mo los tests realizados a los usuarios y la informaci\u00f3n adicional que se les facilitaba, centrada en los h\u00e1bitos saludables, pueden <strong>ayudar en la prevenci\u00f3n de la patolog\u00eda<\/strong>. Para finalizar, a\u00f1adi\u00f3 que, como profesional especialista en el medicamento, se puede tener \u201cun <strong>papel importante en el acompa\u00f1amiento de la persona diagnosticada para garantizar la adherencia al tratamiento y uso racional y adecuado de los medicamentos<\/strong>&#8220;.<\/p>\n<p>Puede <strong>revivir la entrevista<\/strong> con Guillermo Bagaria aqu\u00ed:<\/p>\n<div class=\"ast-oembed-container\" style=\"height: 100%;\"><iframe title=\"Diabetes Experience Day 5: Guillermo Bagar\u00eda\" width=\"500\" height=\"281\" src=\"https:\/\/www.youtube.com\/embed\/bek-CglQC_A?feature=oembed\" frameborder=\"0\" allow=\"accelerometer; autoplay; clipboard-write; encrypted-media; gyroscope; picture-in-picture; web-share\" referrerpolicy=\"strict-origin-when-cross-origin\" allowfullscreen><\/iframe><\/div>\n<p><strong>Otras publicaciones relacionadas recogidas en el Blog:<br \/>\n<\/strong><\/p>\n<ul>\n<li><a href=\"https:\/\/blog.cofb.cat\/mes-de-700-farmaceutics-de-barcelona-ajudaran-detectar-el-risc-de-patir-diabetis-la-campanya-atenciodiabetis\" target=\"_blank\" rel=\"noopener\">M\u00e1s de 700 farmac\u00e9uticos de Barcelona ayudan a detectar el riesgo de sufrir diabetes en la campa\u00f1a #Atenci\u00f3Diabetis (Noviembre 2017)<\/a><\/li>\n<li><a href=\"http:\/\/blog.cofb.cat\/diabetis-puc-fer-alguna-cosa-per-prevenir-la\/\" target=\"_blank\" rel=\"noopener\">Diabetes: puedo hacer algo para prevenirlo (Noviembre 2017)<\/a><\/li>\n<li><a href=\"https:\/\/blog.cofb.cat\/diabetis-malaltia-cardiovascular-mes-enlla-control-glucemia\/\" target=\"_blank\" rel=\"noopener\">Diabetes y enfermedad cardiovascular: m\u00e1s all\u00e1 del control de la glucemia (Febrero 2018).<\/a><\/li>\n<\/ul>","protected":false},"excerpt":{"rendered":"<p>El pasado 7 de abril, la campa\u00f1a #Atenci\u00f3Diabetis impulsada por el COFB, tuvo en su espacio en el Diabetes Experience Day 2018 celebrado este a\u00f1o en el Palacio de Congresos de la Fira de Barcelona. Este evento, ya de referencia en el \u00e1mbito europeo por las personas con diabetes, reuni\u00f3 a 1.500 asistentes vinculados a esta patolog\u00eda -personas con diabetes, familiares, [\u2026]<\/p>","protected":false},"author":1,"featured_media":38329,"comment_status":"open","ping_status":"open","sticky":false,"template":"","format":"standard","meta":{"_uag_custom_page_level_css":"","site-sidebar-layout":"default","site-content-layout":"","ast-site-content-layout":"default","site-content-style":"default","site-sidebar-style":"default","ast-global-header-display":"","ast-banner-title-visibility":"","ast-main-header-display":"","ast-hfb-above-header-display":"","ast-hfb-below-header-display":"","ast-hfb-mobile-header-display":"","site-post-title":"","ast-breadcrumbs-content":"","ast-featured-img":"disabled","footer-sml-layout":"","theme-transparent-header-meta":"","adv-header-id-meta":"","stick-header-meta":"","header-above-stick-meta":"","header-main-stick-meta":"","header-below-stick-meta":"","astra-migrate-meta-layouts":"default","ast-page-background-enabled":"default","ast-page-background-meta":{"desktop":{"background-color":"var(--ast-global-color-4)","background-image":"","background-repeat":"repeat","background-position":"center center","background-size":"auto","background-attachment":"scroll","background-type":"","background-media":"","overlay-type":"","overlay-color":"","overlay-opacity":"","overlay-gradient":""},"tablet":{"background-color":"","background-image":"","background-repeat":"repeat","background-position":"center center","background-size":"auto","background-attachment":"scroll","background-type":"","background-media":"","overlay-type":"","overlay-color":"","overlay-opacity":"","overlay-gradient":""},"mobile":{"background-color":"","background-image":"","background-repeat":"repeat","background-position":"center center","background-size":"auto","background-attachment":"scroll","background-type":"","background-media":"","overlay-type":"","overlay-color":"","overlay-opacity":"","overlay-gradient":""}},"ast-content-background-meta":{"desktop":{"background-color":"var(--ast-global-color-5)","background-image":"","background-repeat":"repeat","background-position":"center center","background-size":"auto","background-attachment":"scroll","background-type":"","background-media":"","overlay-type":"","overlay-color":"","overlay-opacity":"","overlay-gradient":""},"tablet":{"background-color":"var(--ast-global-color-5)","background-image":"","background-repeat":"repeat","background-position":"center center","background-size":"auto","background-attachment":"scroll","background-type":"","background-media":"","overlay-type":"","overlay-color":"","overlay-opacity":"","overlay-gradient":""},"mobile":{"background-color":"var(--ast-global-color-5)","background-image":"","background-repeat":"repeat","background-position":"center center","background-size":"auto","background-attachment":"scroll","background-type":"","background-media":"","overlay-type":"","overlay-color":"","overlay-opacity":"","overlay-gradient":""}},"footnotes":""},"categories":[23,57],"tags":[3039,2912,64,2936,3040,197,68,76,2914],"class_list":["post-38327","post","type-post","status-publish","format-standard","has-post-thumbnail","hentry","category-destacats","category-mon-collegial","tag-associacio-de-diabetics-de-catalunya","tag-atencio-diabetis","tag-atencio-farmaceutica","tag-campanya-prevencio-diabetis","tag-diabetes-experience-day","tag-diabetis","tag-farmacia","tag-oficina-de-farmacia","tag-prediabetis"],"yoast_head":"<!-- This site is optimized with the Yoast SEO plugin v22.4 - https:\/\/yoast.com\/wordpress\/plugins\/seo\/ -->\n<title>La campanya #Atenci\u00f3Diabetis present al Diabetes Experience Day - Col\u00b7legi de Farmac\u00e8utics de Barcelona<\/title>\n<meta name=\"robots\" content=\"index, follow, max-snippet:-1, max-image-preview:large, max-video-preview:-1\" \/>\n<link rel=\"canonical\" href=\"https:\/\/novaorg.cofb.net\/2018\/04\/10\/campanya-atenciodiabetis-present-diabetes-experience-day\/\" \/>\n<meta property=\"og:locale\" content=\"es_ES\" \/>\n<meta property=\"og:type\" content=\"article\" \/>\n<meta property=\"og:title\" content=\"La campanya #Atenci\u00f3Diabetis present al Diabetes Experience Day - Col\u00b7legi de Farmac\u00e8utics de Barcelona\" \/>\n<meta property=\"og:description\" content=\"El passat 7 d&#8217;abril, la campanya #Atenci\u00f3Diabetis\u00a0impulsada pel\u00a0COFB, va tenir al seu espai al\u00a0Diabetes\u00a0Experience\u00a0Day\u00a02018 celebrat aquest any al Palau de Congressos de la Fira de Barcelona. Aquest esdeveniment, ja de refer\u00e8ncia\u00a0en l&#8217;\u00e0mbit europeu\u00a0per les persones amb diabetis, va reunir a 1.500 assistents vinculats a aquesta patologia -persones amb diabetis, familiars, [&hellip;]\" \/>\n<meta property=\"og:url\" content=\"https:\/\/novaorg.cofb.net\/2018\/04\/10\/campanya-atenciodiabetis-present-diabetes-experience-day\/\" \/>\n<meta property=\"og:site_name\" content=\"Col\u00b7legi de Farmac\u00e8utics de Barcelona\" \/>\n<meta property=\"article:publisher\" content=\"https:\/\/www.facebook.com\/farmaceuticsbcn\/\" \/>\n<meta property=\"article:published_time\" content=\"2018-04-10T13:18:50+00:00\" \/>\n<meta name=\"author\" content=\"wpAdminCofbOrg\" \/>\n<meta name=\"twitter:card\" content=\"summary_large_image\" \/>\n<meta name=\"twitter:creator\" content=\"@farmaceuticsbcn\" \/>\n<meta name=\"twitter:site\" content=\"@farmaceuticsbcn\" \/>\n<meta name=\"twitter:label1\" content=\"Escrito por\" \/>\n\t<meta name=\"twitter:data1\" content=\"wpAdminCofbOrg\" \/>\n\t<meta name=\"twitter:label2\" content=\"Tiempo de lectura\" \/>\n\t<meta name=\"twitter:data2\" content=\"3 minutos\" \/>\n<script type=\"application\/ld+json\" class=\"yoast-schema-graph\">{\"@context\":\"https:\/\/schema.org\",\"@graph\":[{\"@type\":\"Article\",\"@id\":\"https:\/\/novaorg.cofb.net\/2018\/04\/10\/campanya-atenciodiabetis-present-diabetes-experience-day\/#article\",\"isPartOf\":{\"@id\":\"https:\/\/novaorg.cofb.net\/2018\/04\/10\/campanya-atenciodiabetis-present-diabetes-experience-day\/\"},\"author\":{\"name\":\"wpAdminCofbOrg\",\"@id\":\"https:\/\/www.cofb.org\/#\/schema\/person\/22ed7eea88da74b0fa4d3154ad87ffcb\"},\"headline\":\"La campanya #Atenci\u00f3Diabetis present al Diabetes Experience Day\",\"datePublished\":\"2018-04-10T13:18:50+00:00\",\"dateModified\":\"2018-04-10T13:18:50+00:00\",\"mainEntityOfPage\":{\"@id\":\"https:\/\/novaorg.cofb.net\/2018\/04\/10\/campanya-atenciodiabetis-present-diabetes-experience-day\/\"},\"wordCount\":628,\"commentCount\":1,\"publisher\":{\"@id\":\"https:\/\/www.cofb.org\/#organization\"},\"image\":{\"@id\":\"https:\/\/novaorg.cofb.net\/2018\/04\/10\/campanya-atenciodiabetis-present-diabetes-experience-day\/#primaryimage\"},\"thumbnailUrl\":\"\",\"keywords\":[\"Associaci\u00f3 de Diab\u00e8tics de Catalunya\",\"atenci\u00f3 diabetis\",\"Atenci\u00f3 farmac\u00e8utica\",\"campanya prevenci\u00f3 diabetis\",\"Diabetes Experience Day\",\"diabetis\",\"Farm\u00e0cia\",\"Oficina de farm\u00e0cia\",\"prediabetis\"],\"articleSection\":[\"Destacats\",\"M\u00f3n col\u00b7legial\"],\"inLanguage\":\"es\",\"potentialAction\":[{\"@type\":\"CommentAction\",\"name\":\"Comment\",\"target\":[\"https:\/\/novaorg.cofb.net\/2018\/04\/10\/campanya-atenciodiabetis-present-diabetes-experience-day\/#respond\"]}]},{\"@type\":\"WebPage\",\"@id\":\"https:\/\/novaorg.cofb.net\/2018\/04\/10\/campanya-atenciodiabetis-present-diabetes-experience-day\/\",\"url\":\"https:\/\/novaorg.cofb.net\/2018\/04\/10\/campanya-atenciodiabetis-present-diabetes-experience-day\/\",\"name\":\"La campanya #Atenci\u00f3Diabetis present al Diabetes Experience Day - Col\u00b7legi de Farmac\u00e8utics de Barcelona\",\"isPartOf\":{\"@id\":\"https:\/\/www.cofb.org\/#website\"},\"primaryImageOfPage\":{\"@id\":\"https:\/\/novaorg.cofb.net\/2018\/04\/10\/campanya-atenciodiabetis-present-diabetes-experience-day\/#primaryimage\"},\"image\":{\"@id\":\"https:\/\/novaorg.cofb.net\/2018\/04\/10\/campanya-atenciodiabetis-present-diabetes-experience-day\/#primaryimage\"},\"thumbnailUrl\":\"\",\"datePublished\":\"2018-04-10T13:18:50+00:00\",\"dateModified\":\"2018-04-10T13:18:50+00:00\",\"breadcrumb\":{\"@id\":\"https:\/\/novaorg.cofb.net\/2018\/04\/10\/campanya-atenciodiabetis-present-diabetes-experience-day\/#breadcrumb\"},\"inLanguage\":\"es\",\"potentialAction\":[{\"@type\":\"ReadAction\",\"target\":[\"https:\/\/novaorg.cofb.net\/2018\/04\/10\/campanya-atenciodiabetis-present-diabetes-experience-day\/\"]}]},{\"@type\":\"ImageObject\",\"inLanguage\":\"es\",\"@id\":\"https:\/\/novaorg.cofb.net\/2018\/04\/10\/campanya-atenciodiabetis-present-diabetes-experience-day\/#primaryimage\",\"url\":\"\",\"contentUrl\":\"\"},{\"@type\":\"BreadcrumbList\",\"@id\":\"https:\/\/novaorg.cofb.net\/2018\/04\/10\/campanya-atenciodiabetis-present-diabetes-experience-day\/#breadcrumb\",\"itemListElement\":[{\"@type\":\"ListItem\",\"position\":1,\"name\":\"Inici\",\"item\":\"https:\/\/novaorg.cofb.net\/\"},{\"@type\":\"ListItem\",\"position\":2,\"name\":\"La campanya #Atenci\u00f3Diabetis present al Diabetes Experience Day\"}]},{\"@type\":\"WebSite\",\"@id\":\"https:\/\/www.cofb.org\/#website\",\"url\":\"https:\/\/www.cofb.org\/\",\"name\":\"Col\u00b7legi de Farmac\u00e8utics de Barcelona\",\"description\":\"\",\"publisher\":{\"@id\":\"https:\/\/www.cofb.org\/#organization\"},\"potentialAction\":[{\"@type\":\"SearchAction\",\"target\":{\"@type\":\"EntryPoint\",\"urlTemplate\":\"https:\/\/www.cofb.org\/?s={search_term_string}\"},\"query-input\":\"required name=search_term_string\"}],\"inLanguage\":\"es\"},{\"@type\":\"Organization\",\"@id\":\"https:\/\/www.cofb.org\/#organization\",\"name\":\"Col\u00b7legi de Farmac\u00e8utics de Barcelona\",\"url\":\"https:\/\/www.cofb.org\/\",\"logo\":{\"@type\":\"ImageObject\",\"inLanguage\":\"es\",\"@id\":\"https:\/\/www.cofb.org\/#\/schema\/logo\/image\/\",\"url\":\"https:\/\/www.cofb.org\/wp-content\/uploads\/2023\/11\/cropped-Logotip-COFB.png\",\"contentUrl\":\"https:\/\/www.cofb.org\/wp-content\/uploads\/2023\/11\/cropped-Logotip-COFB.png\",\"width\":500,\"height\":105,\"caption\":\"Col\u00b7legi de Farmac\u00e8utics de Barcelona\"},\"image\":{\"@id\":\"https:\/\/www.cofb.org\/#\/schema\/logo\/image\/\"},\"sameAs\":[\"https:\/\/www.facebook.com\/farmaceuticsbcn\/\",\"https:\/\/twitter.com\/farmaceuticsbcn\",\"https:\/\/www.instagram.com\/farmaceuticsbcn\/\",\"https:\/\/www.linkedin.com\/company\/farmaceuticsbcn\/\"]},{\"@type\":\"Person\",\"@id\":\"https:\/\/www.cofb.org\/#\/schema\/person\/22ed7eea88da74b0fa4d3154ad87ffcb\",\"name\":\"wpAdminCofbOrg\",\"image\":{\"@type\":\"ImageObject\",\"inLanguage\":\"es\",\"@id\":\"https:\/\/www.cofb.org\/#\/schema\/person\/image\/\",\"url\":\"https:\/\/secure.gravatar.com\/avatar\/1721b20b3b8ca882c3b56ec6c978c594fff670e40c0718e9190eaeeb76aae7d8?s=96&d=mm&r=g\",\"contentUrl\":\"https:\/\/secure.gravatar.com\/avatar\/1721b20b3b8ca882c3b56ec6c978c594fff670e40c0718e9190eaeeb76aae7d8?s=96&d=mm&r=g\",\"caption\":\"wpAdminCofbOrg\"},\"sameAs\":[\"http:\/\/192.168.64.122\/wordpress\"],\"url\":\"https:\/\/www.cofb.org\/es\/author\/wpadmincofborg\/\"}]}<\/script>\n<!-- \/ Yoast SEO plugin. -->","yoast_head_json":{"title":"La campanya #Atenci\u00f3Diabetis present al Diabetes Experience Day - Col\u00b7legi de Farmac\u00e8utics de Barcelona","robots":{"index":"index","follow":"follow","max-snippet":"max-snippet:-1","max-image-preview":"max-image-preview:large","max-video-preview":"max-video-preview:-1"},"canonical":"https:\/\/novaorg.cofb.net\/2018\/04\/10\/campanya-atenciodiabetis-present-diabetes-experience-day\/","og_locale":"es_ES","og_type":"article","og_title":"La campanya #Atenci\u00f3Diabetis present al Diabetes Experience Day - Col\u00b7legi de Farmac\u00e8utics de Barcelona","og_description":"El passat 7 d&#8217;abril, la campanya #Atenci\u00f3Diabetis\u00a0impulsada pel\u00a0COFB, va tenir al seu espai al\u00a0Diabetes\u00a0Experience\u00a0Day\u00a02018 celebrat aquest any al Palau de Congressos de la Fira de Barcelona. Aquest esdeveniment, ja de refer\u00e8ncia\u00a0en l&#8217;\u00e0mbit europeu\u00a0per les persones amb diabetis, va reunir a 1.500 assistents vinculats a aquesta patologia -persones amb diabetis, familiars, [&hellip;]","og_url":"https:\/\/novaorg.cofb.net\/2018\/04\/10\/campanya-atenciodiabetis-present-diabetes-experience-day\/","og_site_name":"Col\u00b7legi de Farmac\u00e8utics de Barcelona","article_publisher":"https:\/\/www.facebook.com\/farmaceuticsbcn\/","article_published_time":"2018-04-10T13:18:50+00:00","author":"wpAdminCofbOrg","twitter_card":"summary_large_image","twitter_creator":"@farmaceuticsbcn","twitter_site":"@farmaceuticsbcn","twitter_misc":{"Escrito por":"wpAdminCofbOrg","Tiempo de lectura":"3 minutos"},"schema":{"@context":"https:\/\/schema.org","@graph":[{"@type":"Article","@id":"https:\/\/novaorg.cofb.net\/2018\/04\/10\/campanya-atenciodiabetis-present-diabetes-experience-day\/#article","isPartOf":{"@id":"https:\/\/novaorg.cofb.net\/2018\/04\/10\/campanya-atenciodiabetis-present-diabetes-experience-day\/"},"author":{"name":"wpAdminCofbOrg","@id":"https:\/\/www.cofb.org\/#\/schema\/person\/22ed7eea88da74b0fa4d3154ad87ffcb"},"headline":"La campanya #Atenci\u00f3Diabetis present al Diabetes Experience Day","datePublished":"2018-04-10T13:18:50+00:00","dateModified":"2018-04-10T13:18:50+00:00","mainEntityOfPage":{"@id":"https:\/\/novaorg.cofb.net\/2018\/04\/10\/campanya-atenciodiabetis-present-diabetes-experience-day\/"},"wordCount":628,"commentCount":1,"publisher":{"@id":"https:\/\/www.cofb.org\/#organization"},"image":{"@id":"https:\/\/novaorg.cofb.net\/2018\/04\/10\/campanya-atenciodiabetis-present-diabetes-experience-day\/#primaryimage"},"thumbnailUrl":"","keywords":["Associaci\u00f3 de Diab\u00e8tics de Catalunya","atenci\u00f3 diabetis","Atenci\u00f3 farmac\u00e8utica","campanya prevenci\u00f3 diabetis","Diabetes Experience Day","diabetis","Farm\u00e0cia","Oficina de farm\u00e0cia","prediabetis"],"articleSection":["Destacats","M\u00f3n col\u00b7legial"],"inLanguage":"es","potentialAction":[{"@type":"CommentAction","name":"Comment","target":["https:\/\/novaorg.cofb.net\/2018\/04\/10\/campanya-atenciodiabetis-present-diabetes-experience-day\/#respond"]}]},{"@type":"WebPage","@id":"https:\/\/novaorg.cofb.net\/2018\/04\/10\/campanya-atenciodiabetis-present-diabetes-experience-day\/","url":"https:\/\/novaorg.cofb.net\/2018\/04\/10\/campanya-atenciodiabetis-present-diabetes-experience-day\/","name":"La campanya #Atenci\u00f3Diabetis present al Diabetes Experience Day - Col\u00b7legi de Farmac\u00e8utics de Barcelona","isPartOf":{"@id":"https:\/\/www.cofb.org\/#website"},"primaryImageOfPage":{"@id":"https:\/\/novaorg.cofb.net\/2018\/04\/10\/campanya-atenciodiabetis-present-diabetes-experience-day\/#primaryimage"},"image":{"@id":"https:\/\/novaorg.cofb.net\/2018\/04\/10\/campanya-atenciodiabetis-present-diabetes-experience-day\/#primaryimage"},"thumbnailUrl":"","datePublished":"2018-04-10T13:18:50+00:00","dateModified":"2018-04-10T13:18:50+00:00","breadcrumb":{"@id":"https:\/\/novaorg.cofb.net\/2018\/04\/10\/campanya-atenciodiabetis-present-diabetes-experience-day\/#breadcrumb"},"inLanguage":"es","potentialAction":[{"@type":"ReadAction","target":["https:\/\/novaorg.cofb.net\/2018\/04\/10\/campanya-atenciodiabetis-present-diabetes-experience-day\/"]}]},{"@type":"ImageObject","inLanguage":"es","@id":"https:\/\/novaorg.cofb.net\/2018\/04\/10\/campanya-atenciodiabetis-present-diabetes-experience-day\/#primaryimage","url":"","contentUrl":""},{"@type":"BreadcrumbList","@id":"https:\/\/novaorg.cofb.net\/2018\/04\/10\/campanya-atenciodiabetis-present-diabetes-experience-day\/#breadcrumb","itemListElement":[{"@type":"ListItem","position":1,"name":"Inici","item":"https:\/\/novaorg.cofb.net\/"},{"@type":"ListItem","position":2,"name":"La campanya #Atenci\u00f3Diabetis present al Diabetes Experience Day"}]},{"@type":"WebSite","@id":"https:\/\/www.cofb.org\/#website","url":"https:\/\/www.cofb.org\/","name":"Col\u00b7legi de Farmac\u00e8utics de Barcelona","description":"","publisher":{"@id":"https:\/\/www.cofb.org\/#organization"},"potentialAction":[{"@type":"SearchAction","target":{"@type":"EntryPoint","urlTemplate":"https:\/\/www.cofb.org\/?s={search_term_string}"},"query-input":"required name=search_term_string"}],"inLanguage":"es"},{"@type":"Organization","@id":"https:\/\/www.cofb.org\/#organization","name":"Col\u00b7legi de Farmac\u00e8utics de Barcelona","url":"https:\/\/www.cofb.org\/","logo":{"@type":"ImageObject","inLanguage":"es","@id":"https:\/\/www.cofb.org\/#\/schema\/logo\/image\/","url":"https:\/\/www.cofb.org\/wp-content\/uploads\/2023\/11\/cropped-Logotip-COFB.png","contentUrl":"https:\/\/www.cofb.org\/wp-content\/uploads\/2023\/11\/cropped-Logotip-COFB.png","width":500,"height":105,"caption":"Col\u00b7legi de Farmac\u00e8utics de Barcelona"},"image":{"@id":"https:\/\/www.cofb.org\/#\/schema\/logo\/image\/"},"sameAs":["https:\/\/www.facebook.com\/farmaceuticsbcn\/","https:\/\/twitter.com\/farmaceuticsbcn","https:\/\/www.instagram.com\/farmaceuticsbcn\/","https:\/\/www.linkedin.com\/company\/farmaceuticsbcn\/"]},{"@type":"Person","@id":"https:\/\/www.cofb.org\/#\/schema\/person\/22ed7eea88da74b0fa4d3154ad87ffcb","name":"wpAdminCofbOrg","image":{"@type":"ImageObject","inLanguage":"es","@id":"https:\/\/www.cofb.org\/#\/schema\/person\/image\/","url":"https:\/\/secure.gravatar.com\/avatar\/1721b20b3b8ca882c3b56ec6c978c594fff670e40c0718e9190eaeeb76aae7d8?s=96&d=mm&r=g","contentUrl":"https:\/\/secure.gravatar.com\/avatar\/1721b20b3b8ca882c3b56ec6c978c594fff670e40c0718e9190eaeeb76aae7d8?s=96&d=mm&r=g","caption":"wpAdminCofbOrg"},"sameAs":["http:\/\/192.168.64.122\/wordpress"],"url":"https:\/\/www.cofb.org\/es\/author\/wpadmincofborg\/"}]}},"uagb_featured_image_src":{"full":false,"thumbnail":false,"medium":false,"medium_large":false,"large":false,"1536x1536":false,"2048x2048":false,"trp-custom-language-flag":false},"uagb_author_info":{"display_name":"wpAdminCofbOrg","author_link":"https:\/\/www.cofb.org\/es\/author\/wpadmincofborg\/"},"uagb_comment_info":1,"uagb_excerpt":"El passat 7 d&#8217;abril, la campanya #Atenci\u00f3Diabetis\u00a0impulsada pel\u00a0COFB, va tenir al seu espai al\u00a0Diabetes\u00a0Experience\u00a0Day\u00a02018 celebrat aquest any al Palau de Congressos de la Fira de Barcelona. Aquest esdeveniment, ja de refer\u00e8ncia\u00a0en l&#8217;\u00e0mbit europeu\u00a0per les persones amb diabetis, va reunir a 1.500 assistents vinculats a aquesta patologia -persones amb diabetis, familiars, [&hellip;]","_links":{"self":[{"href":"https:\/\/www.cofb.org\/es\/wp-json\/wp\/v2\/posts\/38327","targetHints":{"allow":["GET"]}}],"collection":[{"href":"https:\/\/www.cofb.org\/es\/wp-json\/wp\/v2\/posts"}],"about":[{"href":"https:\/\/www.cofb.org\/es\/wp-json\/wp\/v2\/types\/post"}],"author":[{"embeddable":true,"href":"https:\/\/www.cofb.org\/es\/wp-json\/wp\/v2\/users\/1"}],"replies":[{"embeddable":true,"href":"https:\/\/www.cofb.org\/es\/wp-json\/wp\/v2\/comments?post=38327"}],"version-history":[{"count":0,"href":"https:\/\/www.cofb.org\/es\/wp-json\/wp\/v2\/posts\/38327\/revisions"}],"wp:featuredmedia":[{"embeddable":true,"href":"https:\/\/www.cofb.org\/es\/wp-json\/"}],"wp:attachment":[{"href":"https:\/\/www.cofb.org\/es\/wp-json\/wp\/v2\/media?parent=38327"}],"wp:term":[{"taxonomy":"category","embeddable":true,"href":"https:\/\/www.cofb.org\/es\/wp-json\/wp\/v2\/categories?post=38327"},{"taxonomy":"post_tag","embeddable":true,"href":"https:\/\/www.cofb.org\/es\/wp-json\/wp\/v2\/tags?post=38327"}],"curies":[{"name":"wp","href":"https:\/\/api.w.org\/{rel}","templated":true}]}}