{"id":38171,"date":"2018-04-05T19:00:26","date_gmt":"2018-04-05T17:00:26","guid":{"rendered":"https:\/\/blog.cofb.cat\/?p=38171"},"modified":"2018-04-05T19:00:26","modified_gmt":"2018-04-05T17:00:26","slug":"farmaceutic-agent-important-sistema-sanitari-latencio-cronicitat-entrevista-senador-jose-martinez-olmos","status":"publish","type":"post","link":"https:\/\/www.cofb.org\/es\/2018\/04\/05\/farmaceutic-agent-important-sistema-sanitari-latencio-cronicitat-entrevista-senador-jose-martinez-olmos\/","title":{"rendered":"\u201cEl farmac\u00e9utico es un agente importante del sistema sanitario en la atenci\u00f3n a la cronicidad\u201d [Entrevista en el senador Jos\u00e9 Mart\u00ednez Olmos]"},"content":{"rendered":"<p>Jos\u00e9 Mart\u00ednez Olmos, senador y m\u00e9dico especialista en Salud P\u00fablica, <a href=\"https:\/\/blog.cofb.cat\/presentacio-del-llibre-de-jose-martinez-olmos-primera-trobada-amb-la-sanitat-del-cofb\/\" target=\"_blank\" rel=\"noopener\">present\u00f3 al <strong>Col\u00b7legi de Farmac\u00e8utics de Barcelona<\/strong> el libro <em><strong>El futuro de la Sanidad en Espa\u00f1a <\/strong><\/em><\/a>el pasado 24 de enero. Se trata de un conjunto de reflexiones y propuestas que Olmos ha realizado despu\u00e9s de dedicar buena parte de su trayectoria profesional al mundo pol\u00edtico que, desde sus inicios, ha estado muy vinculada con la sanidad.<br \/>\nTras la presentaci\u00f3n, el senador concedi\u00f3 una entrevista a este blog, que recogemos a continuaci\u00f3n:<\/p>\n<p><iframe src=\"https:\/\/player.vimeo.com\/video\/263168626\" width=\"640\" height=\"360\" frameborder=\"0\" allowfullscreen=\"allowfullscreen\"><\/iframe><\/p>\n<h1><span style=\"color: #008080;\"><strong>La Sanidad en Espa\u00f1a<\/strong><\/span><\/h1>\n<p>Con \u00e9l, pudimos conversar sobre varios aspectos del <strong>mundo de la Sanidad en Espa\u00f1a<\/strong>. Desde su punto de vista, hacer una definici\u00f3n de la situaci\u00f3n de \u00e9sta actualmente &quot;no es f\u00e1cil&quot; porque <strong>&quot;es verdad que tenemos un buen sistema sanitario, pero tambi\u00e9n lo es que se han deteriorado algunos de sus componentes&quot;<\/strong>.<\/p>\n<p>Mart\u00ednez Olmos hizo referencia a dos tipos de <strong>retos que tiene el sistema sanitario<\/strong>: los <strong>espec\u00edficos de la situaci\u00f3n de Espa\u00f1a<\/strong> y otros que son <strong>propios de las sociedades desarrolladas de la Uni\u00f3n Europea<\/strong>. Los primeros est\u00e1n relacionados con una financiaci\u00f3n &quot;ineficiente y que no es equitativa&quot;. En cuanto a los segundos, el senador destac\u00f3 &quot;el envejecimiento poblacional, la cronicidad y la innovaci\u00f3n en \u00e1mbitos como la gen\u00f3mica&quot;.<\/p>\n<p>Por otro lado, tambi\u00e9n valor\u00f3 los efectos de la falta de planificaci\u00f3n estrat\u00e9gica en el \u00e1mbito de la sanidad: &quot;Se pone en riesgo de que no alcancemos los objetivos de la sociedad espa\u00f1ola de tener un sistema sanitario de calidad, universal y equitativo&quot; . Un objetivo que tambi\u00e9n se lograr\u00eda, desde su punto de vista, si se produjera un pacto de Estado por la Sanidad.<\/p>\n<h1><strong><span style=\"color: #008080;\">La importancia del farmac\u00e9utico en el sistema sanitario<\/span><\/strong><\/h1>\n<p>Mart\u00ednez Olmos hizo hincapi\u00e9 en la importancia de los farmac\u00e9uticos en el sistema sanitario, ya que los diversos profesionales constituyen \u201c<strong>una red capilar de enorme importancia, que hace accesible el medicamento a la ciudadan\u00eda\u201d y \u201cun volumen importante de profesionales cualificados que prestan atenci\u00f3n farmac\u00e9utica, prevenci\u00f3n, promoci\u00f3n, colaboran en programas de Salud P\u00fablica\u2026\u201d.<\/strong> Y a\u00f1adi\u00f3: \u201cCreo que <strong>el farmac\u00e9utico es un agente importante<\/strong> para poder trabajar en la necesaria adaptaci\u00f3n que debe tener el sistema hacia l<strong>atenci\u00f3n a la cronicidad<\/strong> y que puede <strong>contribuir a la eficiencia del uso de los medicamentos<\/strong>&#8220;.<\/p>\n<p>En cuanto a los <strong>copagos<\/strong>, destac\u00f3 que &quot;no son una buena manera de financiar el sistema sanitario ni a\u00f1aden mucho valor a la sostenibilidad del sistema&quot; y que &quot;har\u00eda falta que en Espa\u00f1a hubiera un debate&quot; en relaci\u00f3n a este tema.<\/p>\n<figure id=\"attachment_38234\" aria-describedby=\"caption-attachment-38234\" style=\"width: 620px\" class=\"wp-caption aligncenter\"><a href=\"https:\/\/blog.cofb.cat\/wp-content\/uploads\/2018\/03\/cofb.180124-024.jpg\" target=\"_blank\" rel=\"noopener\"><img fetchpriority=\"high\" decoding=\"async\" class=\"wp-image-38234 size-large\" title=\"Jos\u00e9 Mart\u00ednez Olmos, senador y autor del libro El futuro de Sanidad en Espa\u00f1a, en un momento de la presentaci\u00f3n, acompa\u00f1ado de Jordi De Dalmases, presidente del COFB.\" src=\"https:\/\/blog.cofb.cat\/wp-content\/uploads\/2018\/03\/cofb.180124-024-1024x683.jpg\" alt=\"Jos\u00e9 Mart\u00ednez Olmos, senador i autor del llibre El futuro de la Sanidad en Espa\u00f1a, en un moment de la presentaci\u00f3, acompanyat de Jordi De Dalmases, president del COFB.\" width=\"620\" height=\"414\" \/><\/a><figcaption id=\"caption-attachment-38234\" class=\"wp-caption-text\">Jos\u00e9 Mart\u00ednez Olmos, senador y autor del libro El futuro de Sanidad en Espa\u00f1a, en un momento de la presentaci\u00f3n, acompa\u00f1ado de Jordi De Dalmases, presidente del COFB.<\/figcaption><\/figure>\n<h1><span style=\"color: #008080;\"><strong>El futuro del sector farmac\u00e9utico<\/strong><\/span><\/h1>\n<p>En la parte final de la conversaci\u00f3n, se abord\u00f3 <strong>el futuro del sector farmac\u00e9utico<\/strong>. Seg\u00fan el senador, debe ser el mismo sector el que decida hacia d\u00f3nde debe encaminarse la profesi\u00f3n durante los pr\u00f3ximos a\u00f1os. \u201cSiempre he planteado que esta reflexi\u00f3n, el sector debe hacerla con una visi\u00f3n estrat\u00e9gica de medio-largo plazo\u201d, concluy\u00f3.<\/p>\n<div class=\"destacat-blog\"> <span style=\"color: #008080;\"><strong>Una trayectoria pol\u00edtica ligada a la sanidad<\/strong><\/span><\/p>\n<p>El actual senador del PSOE ha desarrollado los cargos de<strong> Director General de Farmacia y Productos Sanitarios del Ministerio de Sanidad y Consumo <\/strong>(2004 \u2013 2005), <strong>Secretario General de Sanidad<\/strong> (2005 \u2013 2011) y <strong>portavoz de Sanidad del grupo parlamentario socialista en el Congreso de los Diputados<\/strong> (2011 \u2013 2015), entre otras responsabilidades.<br \/>\nDurante su per\u00edodo en el Ministerio de Sanidad particip\u00f3 en la elaboraci\u00f3n de leyes como la de Garant\u00edas y Uso Racional de los Medicamentos, la Ley del Tabaco, la Ley General de Salud P\u00fablica o la Ley de Interrupci\u00f3n Voluntaria del Embarazo, entre otras normas sanitarias. <\/div>\n<p><strong>\u00a0Otras publicaciones de inter\u00e9s:<br \/>\n<\/strong><br \/>\n<a href=\"https:\/\/blog.cofb.cat\/presentacio-del-llibre-de-jose-martinez-olmos-primera-trobada-amb-la-sanitat-del-cofb\/\" target=\"_blank\" rel=\"noopener\">Primero de los \u201cEncuentros con la Sanidad\u201d del COFB: Presentaci\u00f3n de \u201cEl futuro de la Sanidad en Espa\u00f1a\u201d de Jos\u00e9 Mart\u00ednez Olmos (Enero 2018)<\/a><\/p>\n<p><strong>\u00daltimas entrevistas en v\u00eddeo publicadas en el Blog: <\/strong><\/p>\n<ul>\n<li><a href=\"https:\/\/blog.cofb.cat\/posada-dia-sobre-vih-eines-cribratge-prevencio-tractament-video-entrevista\/\" target=\"_blank\" rel=\"noopener\">Puesta al d\u00eda sobre el VIH: herramientas de cribado, prevenci\u00f3n y tratamiento [V\u00eddeo Entrevista] (Febrero 2018)<\/a><\/li>\n<li><a href=\"https:\/\/blog.cofb.cat\/?p=36122&amp;preview=true\" target=\"_blank\" rel=\"noopener\">Tertulia de actualidad: Cronobiolog\u00eda, hora de las comidas y obesidad (Enero 2018)<\/a><\/li>\n<li><a href=\"http:\/\/blog.cofb.cat\/tertulia-dactualitat-desmitificant-els-antibiotics-video-entrevista\/\" target=\"_blank\" rel=\"noopener\">Tertulia de actualidad: desmitificando los antibi\u00f3ticos (v\u00eddeo entrevista) (Agosto 2017)<\/a><\/li>\n<li><a href=\"http:\/\/blog.cofb.cat\/entrevista-manel-esteller-director-del-programa-depigenetica-biologia-didibell-video\/\" target=\"_blank\" rel=\"noopener\">Entrevista a Manel Esteller, Director del Programa de Epigen\u00e9tica y Biolog\u00eda de IDIBELL (Junio 2017)<\/a><\/li>\n<li><a href=\"http:\/\/blog.cofb.cat\/tertulia-dactualitat-dolor-cronic-des-de-la-farmacia-video-entrevista\/\" target=\"_blank\" rel=\"noopener\">Tertulia de actualidad: dolor cr\u00f3nico desde la farmacia (v\u00eddeo entrevista) (Febrero 2017)<\/a><\/li>\n<li><a href=\"http:\/\/blog.cofb.cat\/tertulia-dactualitat-desconstruint-lobesitat-video-entrevista-2\/\" target=\"_blank\" rel=\"noopener\">Tertulia de actualidad: deconstruyendo la obesidad (v\u00eddeo entrevista) (Enero 2017)<\/a><\/li>\n<\/ul>","protected":false},"excerpt":{"rendered":"<p>Jos\u00e9 Mart\u00ednez Olmos, senador y m\u00e9dico especialista en Salud P\u00fablica, present\u00f3 en el Colegio de Farmac\u00e9uticos de Barcelona el libro El futuro de la Sanidad en Espa\u00f1a el pasado 24 de enero. Se trata de un conjunto de reflexiones y propuestas que Olmos ha hecho despu\u00e9s de dedicar buena parte de [\u2026]<\/p>","protected":false},"author":1,"featured_media":38283,"comment_status":"open","ping_status":"open","sticky":false,"template":"","format":"standard","meta":{"_uag_custom_page_level_css":"","site-sidebar-layout":"default","site-content-layout":"","ast-site-content-layout":"default","site-content-style":"default","site-sidebar-style":"default","ast-global-header-display":"","ast-banner-title-visibility":"","ast-main-header-display":"","ast-hfb-above-header-display":"","ast-hfb-below-header-display":"","ast-hfb-mobile-header-display":"","site-post-title":"","ast-breadcrumbs-content":"","ast-featured-img":"disabled","footer-sml-layout":"","theme-transparent-header-meta":"","adv-header-id-meta":"","stick-header-meta":"","header-above-stick-meta":"","header-main-stick-meta":"","header-below-stick-meta":"","astra-migrate-meta-layouts":"default","ast-page-background-enabled":"default","ast-page-background-meta":{"desktop":{"background-color":"var(--ast-global-color-4)","background-image":"","background-repeat":"repeat","background-position":"center center","background-size":"auto","background-attachment":"scroll","background-type":"","background-media":"","overlay-type":"","overlay-color":"","overlay-opacity":"","overlay-gradient":""},"tablet":{"background-color":"","background-image":"","background-repeat":"repeat","background-position":"center center","background-size":"auto","background-attachment":"scroll","background-type":"","background-media":"","overlay-type":"","overlay-color":"","overlay-opacity":"","overlay-gradient":""},"mobile":{"background-color":"","background-image":"","background-repeat":"repeat","background-position":"center center","background-size":"auto","background-attachment":"scroll","background-type":"","background-media":"","overlay-type":"","overlay-color":"","overlay-opacity":"","overlay-gradient":""}},"ast-content-background-meta":{"desktop":{"background-color":"var(--ast-global-color-5)","background-image":"","background-repeat":"repeat","background-position":"center center","background-size":"auto","background-attachment":"scroll","background-type":"","background-media":"","overlay-type":"","overlay-color":"","overlay-opacity":"","overlay-gradient":""},"tablet":{"background-color":"var(--ast-global-color-5)","background-image":"","background-repeat":"repeat","background-position":"center center","background-size":"auto","background-attachment":"scroll","background-type":"","background-media":"","overlay-type":"","overlay-color":"","overlay-opacity":"","overlay-gradient":""},"mobile":{"background-color":"var(--ast-global-color-5)","background-image":"","background-repeat":"repeat","background-position":"center center","background-size":"auto","background-attachment":"scroll","background-type":"","background-media":"","overlay-type":"","overlay-color":"","overlay-opacity":"","overlay-gradient":""}},"footnotes":""},"categories":[23,57],"tags":[18,19,2690,449,2134,2955,510,196,3027,253,2960,3028],"class_list":["post-38171","post","type-post","status-publish","format-standard","has-post-thumbnail","hentry","category-destacats","category-mon-collegial","tag-cofb","tag-collegi-de-farmaceutics-de-barcelona","tag-copagament-farmaceutic","tag-cronicitat","tag-entrevista","tag-jose-martinez-olmos","tag-sanitat","tag-sector-farmaceutic","tag-senador","tag-sistema-sanitari","tag-trobades","tag-video"],"yoast_head":"<!-- This site is optimized with the Yoast SEO plugin v22.4 - https:\/\/yoast.com\/wordpress\/plugins\/seo\/ -->\n<title>&quot;El farmac\u00e8utic \u00e9s un agent important del sistema sanitari en l&#039;atenci\u00f3 a la cronicitat&quot; [Entrevista al senador Jos\u00e9 Mart\u00ednez Olmos] - Col\u00b7legi de Farmac\u00e8utics de Barcelona<\/title>\n<meta name=\"robots\" content=\"index, follow, max-snippet:-1, max-image-preview:large, max-video-preview:-1\" \/>\n<link rel=\"canonical\" href=\"https:\/\/novaorg.cofb.net\/2018\/04\/05\/farmaceutic-agent-important-sistema-sanitari-latencio-cronicitat-entrevista-senador-jose-martinez-olmos\/\" \/>\n<meta property=\"og:locale\" content=\"es_ES\" \/>\n<meta property=\"og:type\" content=\"article\" \/>\n<meta property=\"og:title\" content=\"&quot;El farmac\u00e8utic \u00e9s un agent important del sistema sanitari en l&#039;atenci\u00f3 a la cronicitat&quot; [Entrevista al senador Jos\u00e9 Mart\u00ednez Olmos] - Col\u00b7legi de Farmac\u00e8utics de Barcelona\" \/>\n<meta property=\"og:description\" content=\"Jos\u00e9 Mart\u00ednez Olmos, senador i metge especialista en Salut P\u00fablica, va presentar al Col\u00b7legi de Farmac\u00e8utics de Barcelona el llibre El futur de la Sanitat a Espanya el passat 24 de gener. Es tracta d&#8217;un conjunt de reflexions i propostes que Olmos ha fet despr\u00e9s de dedicar bona part de [&hellip;]\" \/>\n<meta property=\"og:url\" content=\"https:\/\/novaorg.cofb.net\/2018\/04\/05\/farmaceutic-agent-important-sistema-sanitari-latencio-cronicitat-entrevista-senador-jose-martinez-olmos\/\" \/>\n<meta property=\"og:site_name\" content=\"Col\u00b7legi de Farmac\u00e8utics de Barcelona\" \/>\n<meta property=\"article:publisher\" content=\"https:\/\/www.facebook.com\/farmaceuticsbcn\/\" \/>\n<meta property=\"article:published_time\" content=\"2018-04-05T17:00:26+00:00\" \/>\n<meta name=\"author\" content=\"wpAdminCofbOrg\" \/>\n<meta name=\"twitter:card\" content=\"summary_large_image\" \/>\n<meta name=\"twitter:creator\" content=\"@farmaceuticsbcn\" \/>\n<meta name=\"twitter:site\" content=\"@farmaceuticsbcn\" \/>\n<meta name=\"twitter:label1\" content=\"Escrito por\" \/>\n\t<meta name=\"twitter:data1\" content=\"wpAdminCofbOrg\" \/>\n\t<meta name=\"twitter:label2\" content=\"Tiempo de lectura\" \/>\n\t<meta name=\"twitter:data2\" content=\"4 minutos\" \/>\n<script type=\"application\/ld+json\" class=\"yoast-schema-graph\">{\"@context\":\"https:\/\/schema.org\",\"@graph\":[{\"@type\":\"Article\",\"@id\":\"https:\/\/novaorg.cofb.net\/2018\/04\/05\/farmaceutic-agent-important-sistema-sanitari-latencio-cronicitat-entrevista-senador-jose-martinez-olmos\/#article\",\"isPartOf\":{\"@id\":\"https:\/\/novaorg.cofb.net\/2018\/04\/05\/farmaceutic-agent-important-sistema-sanitari-latencio-cronicitat-entrevista-senador-jose-martinez-olmos\/\"},\"author\":{\"name\":\"wpAdminCofbOrg\",\"@id\":\"https:\/\/www.cofb.org\/#\/schema\/person\/22ed7eea88da74b0fa4d3154ad87ffcb\"},\"headline\":\"&#8220;El farmac\u00e8utic \u00e9s un agent important del sistema sanitari en l&#8217;atenci\u00f3 a la cronicitat&#8221; [Entrevista al senador Jos\u00e9 Mart\u00ednez Olmos]\",\"datePublished\":\"2018-04-05T17:00:26+00:00\",\"dateModified\":\"2018-04-05T17:00:26+00:00\",\"mainEntityOfPage\":{\"@id\":\"https:\/\/novaorg.cofb.net\/2018\/04\/05\/farmaceutic-agent-important-sistema-sanitari-latencio-cronicitat-entrevista-senador-jose-martinez-olmos\/\"},\"wordCount\":817,\"commentCount\":0,\"publisher\":{\"@id\":\"https:\/\/www.cofb.org\/#organization\"},\"image\":{\"@id\":\"https:\/\/novaorg.cofb.net\/2018\/04\/05\/farmaceutic-agent-important-sistema-sanitari-latencio-cronicitat-entrevista-senador-jose-martinez-olmos\/#primaryimage\"},\"thumbnailUrl\":\"\",\"keywords\":[\"COFB\",\"Col\u00b7legi de Farmac\u00e8utics de Barcelona\",\"copagament farmac\u00e8utic\",\"cronicitat\",\"entrevista\",\"jos\u00e9 mart\u00ednez olmos\",\"sanitat\",\"sector farmac\u00e8utic\",\"senador\",\"sistema sanitari\",\"trobades\",\"v\u00eddeo\"],\"articleSection\":[\"Destacats\",\"M\u00f3n col\u00b7legial\"],\"inLanguage\":\"es\",\"potentialAction\":[{\"@type\":\"CommentAction\",\"name\":\"Comment\",\"target\":[\"https:\/\/novaorg.cofb.net\/2018\/04\/05\/farmaceutic-agent-important-sistema-sanitari-latencio-cronicitat-entrevista-senador-jose-martinez-olmos\/#respond\"]}]},{\"@type\":\"WebPage\",\"@id\":\"https:\/\/novaorg.cofb.net\/2018\/04\/05\/farmaceutic-agent-important-sistema-sanitari-latencio-cronicitat-entrevista-senador-jose-martinez-olmos\/\",\"url\":\"https:\/\/novaorg.cofb.net\/2018\/04\/05\/farmaceutic-agent-important-sistema-sanitari-latencio-cronicitat-entrevista-senador-jose-martinez-olmos\/\",\"name\":\"\\\"El farmac\u00e8utic \u00e9s un agent important del sistema sanitari en l'atenci\u00f3 a la cronicitat\\\" [Entrevista al senador Jos\u00e9 Mart\u00ednez Olmos] - Col\u00b7legi de Farmac\u00e8utics de Barcelona\",\"isPartOf\":{\"@id\":\"https:\/\/www.cofb.org\/#website\"},\"primaryImageOfPage\":{\"@id\":\"https:\/\/novaorg.cofb.net\/2018\/04\/05\/farmaceutic-agent-important-sistema-sanitari-latencio-cronicitat-entrevista-senador-jose-martinez-olmos\/#primaryimage\"},\"image\":{\"@id\":\"https:\/\/novaorg.cofb.net\/2018\/04\/05\/farmaceutic-agent-important-sistema-sanitari-latencio-cronicitat-entrevista-senador-jose-martinez-olmos\/#primaryimage\"},\"thumbnailUrl\":\"\",\"datePublished\":\"2018-04-05T17:00:26+00:00\",\"dateModified\":\"2018-04-05T17:00:26+00:00\",\"breadcrumb\":{\"@id\":\"https:\/\/novaorg.cofb.net\/2018\/04\/05\/farmaceutic-agent-important-sistema-sanitari-latencio-cronicitat-entrevista-senador-jose-martinez-olmos\/#breadcrumb\"},\"inLanguage\":\"es\",\"potentialAction\":[{\"@type\":\"ReadAction\",\"target\":[\"https:\/\/novaorg.cofb.net\/2018\/04\/05\/farmaceutic-agent-important-sistema-sanitari-latencio-cronicitat-entrevista-senador-jose-martinez-olmos\/\"]}]},{\"@type\":\"ImageObject\",\"inLanguage\":\"es\",\"@id\":\"https:\/\/novaorg.cofb.net\/2018\/04\/05\/farmaceutic-agent-important-sistema-sanitari-latencio-cronicitat-entrevista-senador-jose-martinez-olmos\/#primaryimage\",\"url\":\"\",\"contentUrl\":\"\"},{\"@type\":\"BreadcrumbList\",\"@id\":\"https:\/\/novaorg.cofb.net\/2018\/04\/05\/farmaceutic-agent-important-sistema-sanitari-latencio-cronicitat-entrevista-senador-jose-martinez-olmos\/#breadcrumb\",\"itemListElement\":[{\"@type\":\"ListItem\",\"position\":1,\"name\":\"Inici\",\"item\":\"https:\/\/novaorg.cofb.net\/\"},{\"@type\":\"ListItem\",\"position\":2,\"name\":\"&#8220;El farmac\u00e8utic \u00e9s un agent important del sistema sanitari en l&#8217;atenci\u00f3 a la cronicitat&#8221; [Entrevista al senador Jos\u00e9 Mart\u00ednez Olmos]\"}]},{\"@type\":\"WebSite\",\"@id\":\"https:\/\/www.cofb.org\/#website\",\"url\":\"https:\/\/www.cofb.org\/\",\"name\":\"Col\u00b7legi de Farmac\u00e8utics de Barcelona\",\"description\":\"\",\"publisher\":{\"@id\":\"https:\/\/www.cofb.org\/#organization\"},\"potentialAction\":[{\"@type\":\"SearchAction\",\"target\":{\"@type\":\"EntryPoint\",\"urlTemplate\":\"https:\/\/www.cofb.org\/?s={search_term_string}\"},\"query-input\":\"required name=search_term_string\"}],\"inLanguage\":\"es\"},{\"@type\":\"Organization\",\"@id\":\"https:\/\/www.cofb.org\/#organization\",\"name\":\"Col\u00b7legi de Farmac\u00e8utics de Barcelona\",\"url\":\"https:\/\/www.cofb.org\/\",\"logo\":{\"@type\":\"ImageObject\",\"inLanguage\":\"es\",\"@id\":\"https:\/\/www.cofb.org\/#\/schema\/logo\/image\/\",\"url\":\"https:\/\/www.cofb.org\/wp-content\/uploads\/2023\/11\/cropped-Logotip-COFB.png\",\"contentUrl\":\"https:\/\/www.cofb.org\/wp-content\/uploads\/2023\/11\/cropped-Logotip-COFB.png\",\"width\":500,\"height\":105,\"caption\":\"Col\u00b7legi de Farmac\u00e8utics de Barcelona\"},\"image\":{\"@id\":\"https:\/\/www.cofb.org\/#\/schema\/logo\/image\/\"},\"sameAs\":[\"https:\/\/www.facebook.com\/farmaceuticsbcn\/\",\"https:\/\/twitter.com\/farmaceuticsbcn\",\"https:\/\/www.instagram.com\/farmaceuticsbcn\/\",\"https:\/\/www.linkedin.com\/company\/farmaceuticsbcn\/\"]},{\"@type\":\"Person\",\"@id\":\"https:\/\/www.cofb.org\/#\/schema\/person\/22ed7eea88da74b0fa4d3154ad87ffcb\",\"name\":\"wpAdminCofbOrg\",\"image\":{\"@type\":\"ImageObject\",\"inLanguage\":\"es\",\"@id\":\"https:\/\/www.cofb.org\/#\/schema\/person\/image\/\",\"url\":\"https:\/\/secure.gravatar.com\/avatar\/1721b20b3b8ca882c3b56ec6c978c594fff670e40c0718e9190eaeeb76aae7d8?s=96&d=mm&r=g\",\"contentUrl\":\"https:\/\/secure.gravatar.com\/avatar\/1721b20b3b8ca882c3b56ec6c978c594fff670e40c0718e9190eaeeb76aae7d8?s=96&d=mm&r=g\",\"caption\":\"wpAdminCofbOrg\"},\"sameAs\":[\"http:\/\/192.168.64.122\/wordpress\"],\"url\":\"https:\/\/www.cofb.org\/es\/author\/wpadmincofborg\/\"}]}<\/script>\n<!-- \/ Yoast SEO plugin. -->","yoast_head_json":{"title":"\"El farmac\u00e8utic \u00e9s un agent important del sistema sanitari en l'atenci\u00f3 a la cronicitat\" [Entrevista al senador Jos\u00e9 Mart\u00ednez Olmos] - Col\u00b7legi de Farmac\u00e8utics de Barcelona","robots":{"index":"index","follow":"follow","max-snippet":"max-snippet:-1","max-image-preview":"max-image-preview:large","max-video-preview":"max-video-preview:-1"},"canonical":"https:\/\/novaorg.cofb.net\/2018\/04\/05\/farmaceutic-agent-important-sistema-sanitari-latencio-cronicitat-entrevista-senador-jose-martinez-olmos\/","og_locale":"es_ES","og_type":"article","og_title":"\"El farmac\u00e8utic \u00e9s un agent important del sistema sanitari en l'atenci\u00f3 a la cronicitat\" [Entrevista al senador Jos\u00e9 Mart\u00ednez Olmos] - Col\u00b7legi de Farmac\u00e8utics de Barcelona","og_description":"Jos\u00e9 Mart\u00ednez Olmos, senador i metge especialista en Salut P\u00fablica, va presentar al Col\u00b7legi de Farmac\u00e8utics de Barcelona el llibre El futur de la Sanitat a Espanya el passat 24 de gener. Es tracta d&#8217;un conjunt de reflexions i propostes que Olmos ha fet despr\u00e9s de dedicar bona part de [&hellip;]","og_url":"https:\/\/novaorg.cofb.net\/2018\/04\/05\/farmaceutic-agent-important-sistema-sanitari-latencio-cronicitat-entrevista-senador-jose-martinez-olmos\/","og_site_name":"Col\u00b7legi de Farmac\u00e8utics de Barcelona","article_publisher":"https:\/\/www.facebook.com\/farmaceuticsbcn\/","article_published_time":"2018-04-05T17:00:26+00:00","author":"wpAdminCofbOrg","twitter_card":"summary_large_image","twitter_creator":"@farmaceuticsbcn","twitter_site":"@farmaceuticsbcn","twitter_misc":{"Escrito por":"wpAdminCofbOrg","Tiempo de lectura":"4 minutos"},"schema":{"@context":"https:\/\/schema.org","@graph":[{"@type":"Article","@id":"https:\/\/novaorg.cofb.net\/2018\/04\/05\/farmaceutic-agent-important-sistema-sanitari-latencio-cronicitat-entrevista-senador-jose-martinez-olmos\/#article","isPartOf":{"@id":"https:\/\/novaorg.cofb.net\/2018\/04\/05\/farmaceutic-agent-important-sistema-sanitari-latencio-cronicitat-entrevista-senador-jose-martinez-olmos\/"},"author":{"name":"wpAdminCofbOrg","@id":"https:\/\/www.cofb.org\/#\/schema\/person\/22ed7eea88da74b0fa4d3154ad87ffcb"},"headline":"&#8220;El farmac\u00e8utic \u00e9s un agent important del sistema sanitari en l&#8217;atenci\u00f3 a la cronicitat&#8221; [Entrevista al senador Jos\u00e9 Mart\u00ednez Olmos]","datePublished":"2018-04-05T17:00:26+00:00","dateModified":"2018-04-05T17:00:26+00:00","mainEntityOfPage":{"@id":"https:\/\/novaorg.cofb.net\/2018\/04\/05\/farmaceutic-agent-important-sistema-sanitari-latencio-cronicitat-entrevista-senador-jose-martinez-olmos\/"},"wordCount":817,"commentCount":0,"publisher":{"@id":"https:\/\/www.cofb.org\/#organization"},"image":{"@id":"https:\/\/novaorg.cofb.net\/2018\/04\/05\/farmaceutic-agent-important-sistema-sanitari-latencio-cronicitat-entrevista-senador-jose-martinez-olmos\/#primaryimage"},"thumbnailUrl":"","keywords":["COFB","Col\u00b7legi de Farmac\u00e8utics de Barcelona","copagament farmac\u00e8utic","cronicitat","entrevista","jos\u00e9 mart\u00ednez olmos","sanitat","sector farmac\u00e8utic","senador","sistema sanitari","trobades","v\u00eddeo"],"articleSection":["Destacats","M\u00f3n col\u00b7legial"],"inLanguage":"es","potentialAction":[{"@type":"CommentAction","name":"Comment","target":["https:\/\/novaorg.cofb.net\/2018\/04\/05\/farmaceutic-agent-important-sistema-sanitari-latencio-cronicitat-entrevista-senador-jose-martinez-olmos\/#respond"]}]},{"@type":"WebPage","@id":"https:\/\/novaorg.cofb.net\/2018\/04\/05\/farmaceutic-agent-important-sistema-sanitari-latencio-cronicitat-entrevista-senador-jose-martinez-olmos\/","url":"https:\/\/novaorg.cofb.net\/2018\/04\/05\/farmaceutic-agent-important-sistema-sanitari-latencio-cronicitat-entrevista-senador-jose-martinez-olmos\/","name":"\"El farmac\u00e8utic \u00e9s un agent important del sistema sanitari en l'atenci\u00f3 a la cronicitat\" [Entrevista al senador Jos\u00e9 Mart\u00ednez Olmos] - Col\u00b7legi de Farmac\u00e8utics de Barcelona","isPartOf":{"@id":"https:\/\/www.cofb.org\/#website"},"primaryImageOfPage":{"@id":"https:\/\/novaorg.cofb.net\/2018\/04\/05\/farmaceutic-agent-important-sistema-sanitari-latencio-cronicitat-entrevista-senador-jose-martinez-olmos\/#primaryimage"},"image":{"@id":"https:\/\/novaorg.cofb.net\/2018\/04\/05\/farmaceutic-agent-important-sistema-sanitari-latencio-cronicitat-entrevista-senador-jose-martinez-olmos\/#primaryimage"},"thumbnailUrl":"","datePublished":"2018-04-05T17:00:26+00:00","dateModified":"2018-04-05T17:00:26+00:00","breadcrumb":{"@id":"https:\/\/novaorg.cofb.net\/2018\/04\/05\/farmaceutic-agent-important-sistema-sanitari-latencio-cronicitat-entrevista-senador-jose-martinez-olmos\/#breadcrumb"},"inLanguage":"es","potentialAction":[{"@type":"ReadAction","target":["https:\/\/novaorg.cofb.net\/2018\/04\/05\/farmaceutic-agent-important-sistema-sanitari-latencio-cronicitat-entrevista-senador-jose-martinez-olmos\/"]}]},{"@type":"ImageObject","inLanguage":"es","@id":"https:\/\/novaorg.cofb.net\/2018\/04\/05\/farmaceutic-agent-important-sistema-sanitari-latencio-cronicitat-entrevista-senador-jose-martinez-olmos\/#primaryimage","url":"","contentUrl":""},{"@type":"BreadcrumbList","@id":"https:\/\/novaorg.cofb.net\/2018\/04\/05\/farmaceutic-agent-important-sistema-sanitari-latencio-cronicitat-entrevista-senador-jose-martinez-olmos\/#breadcrumb","itemListElement":[{"@type":"ListItem","position":1,"name":"Inici","item":"https:\/\/novaorg.cofb.net\/"},{"@type":"ListItem","position":2,"name":"&#8220;El farmac\u00e8utic \u00e9s un agent important del sistema sanitari en l&#8217;atenci\u00f3 a la cronicitat&#8221; [Entrevista al senador Jos\u00e9 Mart\u00ednez Olmos]"}]},{"@type":"WebSite","@id":"https:\/\/www.cofb.org\/#website","url":"https:\/\/www.cofb.org\/","name":"Col\u00b7legi de Farmac\u00e8utics de Barcelona","description":"","publisher":{"@id":"https:\/\/www.cofb.org\/#organization"},"potentialAction":[{"@type":"SearchAction","target":{"@type":"EntryPoint","urlTemplate":"https:\/\/www.cofb.org\/?s={search_term_string}"},"query-input":"required name=search_term_string"}],"inLanguage":"es"},{"@type":"Organization","@id":"https:\/\/www.cofb.org\/#organization","name":"Col\u00b7legi de Farmac\u00e8utics de Barcelona","url":"https:\/\/www.cofb.org\/","logo":{"@type":"ImageObject","inLanguage":"es","@id":"https:\/\/www.cofb.org\/#\/schema\/logo\/image\/","url":"https:\/\/www.cofb.org\/wp-content\/uploads\/2023\/11\/cropped-Logotip-COFB.png","contentUrl":"https:\/\/www.cofb.org\/wp-content\/uploads\/2023\/11\/cropped-Logotip-COFB.png","width":500,"height":105,"caption":"Col\u00b7legi de Farmac\u00e8utics de Barcelona"},"image":{"@id":"https:\/\/www.cofb.org\/#\/schema\/logo\/image\/"},"sameAs":["https:\/\/www.facebook.com\/farmaceuticsbcn\/","https:\/\/twitter.com\/farmaceuticsbcn","https:\/\/www.instagram.com\/farmaceuticsbcn\/","https:\/\/www.linkedin.com\/company\/farmaceuticsbcn\/"]},{"@type":"Person","@id":"https:\/\/www.cofb.org\/#\/schema\/person\/22ed7eea88da74b0fa4d3154ad87ffcb","name":"wpAdminCofbOrg","image":{"@type":"ImageObject","inLanguage":"es","@id":"https:\/\/www.cofb.org\/#\/schema\/person\/image\/","url":"https:\/\/secure.gravatar.com\/avatar\/1721b20b3b8ca882c3b56ec6c978c594fff670e40c0718e9190eaeeb76aae7d8?s=96&d=mm&r=g","contentUrl":"https:\/\/secure.gravatar.com\/avatar\/1721b20b3b8ca882c3b56ec6c978c594fff670e40c0718e9190eaeeb76aae7d8?s=96&d=mm&r=g","caption":"wpAdminCofbOrg"},"sameAs":["http:\/\/192.168.64.122\/wordpress"],"url":"https:\/\/www.cofb.org\/es\/author\/wpadmincofborg\/"}]}},"uagb_featured_image_src":{"full":false,"thumbnail":false,"medium":false,"medium_large":false,"large":false,"1536x1536":false,"2048x2048":false,"trp-custom-language-flag":false},"uagb_author_info":{"display_name":"wpAdminCofbOrg","author_link":"https:\/\/www.cofb.org\/es\/author\/wpadmincofborg\/"},"uagb_comment_info":0,"uagb_excerpt":"Jos\u00e9 Mart\u00ednez Olmos, senador i metge especialista en Salut P\u00fablica, va presentar al Col\u00b7legi de Farmac\u00e8utics de Barcelona el llibre El futur de la Sanitat a Espanya el passat 24 de gener. Es tracta d&#8217;un conjunt de reflexions i propostes que Olmos ha fet despr\u00e9s de dedicar bona part de [&hellip;]","_links":{"self":[{"href":"https:\/\/www.cofb.org\/es\/wp-json\/wp\/v2\/posts\/38171","targetHints":{"allow":["GET"]}}],"collection":[{"href":"https:\/\/www.cofb.org\/es\/wp-json\/wp\/v2\/posts"}],"about":[{"href":"https:\/\/www.cofb.org\/es\/wp-json\/wp\/v2\/types\/post"}],"author":[{"embeddable":true,"href":"https:\/\/www.cofb.org\/es\/wp-json\/wp\/v2\/users\/1"}],"replies":[{"embeddable":true,"href":"https:\/\/www.cofb.org\/es\/wp-json\/wp\/v2\/comments?post=38171"}],"version-history":[{"count":0,"href":"https:\/\/www.cofb.org\/es\/wp-json\/wp\/v2\/posts\/38171\/revisions"}],"wp:featuredmedia":[{"embeddable":true,"href":"https:\/\/www.cofb.org\/es\/wp-json\/"}],"wp:attachment":[{"href":"https:\/\/www.cofb.org\/es\/wp-json\/wp\/v2\/media?parent=38171"}],"wp:term":[{"taxonomy":"category","embeddable":true,"href":"https:\/\/www.cofb.org\/es\/wp-json\/wp\/v2\/categories?post=38171"},{"taxonomy":"post_tag","embeddable":true,"href":"https:\/\/www.cofb.org\/es\/wp-json\/wp\/v2\/tags?post=38171"}],"curies":[{"name":"wp","href":"https:\/\/api.w.org\/{rel}","templated":true}]}}