{"id":38141,"date":"2018-03-27T17:57:46","date_gmt":"2018-03-27T15:57:46","guid":{"rendered":"https:\/\/blog.cofb.cat\/?p=38141"},"modified":"2018-03-27T17:57:46","modified_gmt":"2018-03-27T15:57:46","slug":"ostomies-actualitzacio-teorica-practica","status":"publish","type":"post","link":"https:\/\/www.cofb.org\/es\/2018\/03\/27\/ostomies-actualitzacio-teorica-practica\/","title":{"rendered":"Ostom\u00edas: actualizaci\u00f3n te\u00f3rica y pr\u00e1ctica"},"content":{"rendered":"<p>El pasado 20 de marzo tuvo lugar en el COFB el Taller de Ostom\u00edas, que combinaba teor\u00eda y pr\u00e1ctica y estaba dirigido a farmac\u00e9uticos, t\u00e9cnicos y auxiliares de farmacia. La formaci\u00f3n corri\u00f3 a cargo de<strong> Patricia L\u00f3pez<\/strong>, coordinadora del Servicio de Atenci\u00f3n de Enfermer\u00eda de Hollister Ib\u00e9rica y <strong>Teresa Poca<\/strong>, enfermera estomaterapeuta, supervisora del Hospital de Barcelona.<\/p>\n<p>Se trataba de una <strong>actividad acreditada por el Consejo Catal\u00e1n de Formaci\u00f3n Continua de las Profesiones Sanitarias - Comisi\u00f3n de Formaci\u00f3n Continua del Sistema Nacional de Salud<\/strong>, con 0,7 cr\u00e9ditos de asistencia. La coordinaci\u00f3n del taller corri\u00f3 a cargo de Montserrat Giron\u00e8s, vocal de Ortopedia del Colegio de Farmac\u00e9uticos de Barcelona.<\/p>\n<figure id=\"attachment_38163\" aria-describedby=\"caption-attachment-38163\" style=\"width: 620px\" class=\"wp-caption aligncenter\"><a href=\"https:\/\/blog.cofb.cat\/wp-content\/uploads\/2018\/03\/aula-plena-al-taller.jpg\" target=\"_blank\" rel=\"noopener\"><img fetchpriority=\"high\" decoding=\"async\" class=\"wp-image-38163 size-large\" title=\"La formaci\u00f3n sobre ostom\u00edas despert\u00f3 un gran inter\u00e9s, llenando el aula donde se celebr\u00f3.\" src=\"https:\/\/blog.cofb.cat\/wp-content\/uploads\/2018\/03\/aula-plena-al-taller-1024x472.jpg\" alt=\"La formaci\u00f3 sobre ostomies va despertar un gran inter\u00e8s, omplint l'aula on es va celebrar.\" width=\"620\" height=\"286\" \/><\/a><figcaption id=\"caption-attachment-38163\" class=\"wp-caption-text\">La formaci\u00f3n sobre ostom\u00edas despert\u00f3 un gran inter\u00e9s, llenando el aula donde se celebr\u00f3.<\/figcaption><\/figure>\n<h1><span style=\"color: #008080;\"><strong>Los objetivos: conocimiento de las ostom\u00edas y el material para tratarlas<br \/>\n<\/strong><\/span><\/h1>\n<p>La formaci\u00f3n ten\u00eda por <strong>objetivos<\/strong>:<\/p>\n<ul>\n<li>Proporcionar informaci\u00f3n sobre qu\u00e9 es y c\u00f3mo funciona una ostom\u00eda.<\/li>\n<li>Conocer el material espec\u00edfico para cuidar el estoma y los beneficios de la irrigaci\u00f3n por colostom\u00eda.<\/li>\n<\/ul>\n<figure id=\"attachment_38160\" aria-describedby=\"caption-attachment-38160\" style=\"width: 620px\" class=\"wp-caption aligncenter\"><a href=\"https:\/\/blog.cofb.cat\/wp-content\/uploads\/2018\/03\/docents.jpg\" target=\"_blank\" rel=\"noopener\"><img decoding=\"async\" class=\"wp-image-38160 size-large\" title=\"La formaci\u00f3n corri\u00f3 a cargo de Teresa Poca, enfermera estomaterap\u00e9uta, supervisora del Hospital de Barcelona y Patricia L\u00f3pez, coordinadora del Servicio de Atenci\u00f3n de Enfermer\u00eda de Hollister Ib\u00e9rica. \" src=\"https:\/\/blog.cofb.cat\/wp-content\/uploads\/2018\/03\/docents-1024x547.jpg\" alt=\"La formaci\u00f3 va anar a c\u00e0rrec de Teresa Poca, infermera estomaterap\u00e8uta, supervisora de l'Hospital de Barcelona i Patricia L\u00f3pez, coordinadora del Servei d'Atenci\u00f3 d'Infermeria de Hollister Ib\u00e9rica. \" width=\"620\" height=\"331\" \/><\/a><figcaption id=\"caption-attachment-38160\" class=\"wp-caption-text\">La formaci\u00f3n corri\u00f3 a cargo de Teresa Poca, enfermera estomaterap\u00e9uta, supervisora del Hospital de Barcelona y Patricia L\u00f3pez, coordinadora del Servicio de Atenci\u00f3n de Enfermer\u00eda de Hollister Ib\u00e9rica.<\/figcaption><\/figure>\n<h1><strong><span style=\"color: #008080;\">Aprendizaje sobre las ostom\u00edas<br \/>\n<\/span><\/strong><\/h1>\n<p>Durante el taller las dos docentes abordaron los <strong>temas<\/strong> varios relacionados con el campo de las ostom\u00edas. Por eso hicieron una <strong>clasificaci\u00f3n de las diferentes ostom\u00edas<\/strong>, describieron las <strong>causas m\u00e1s frecuentes<\/strong>, el <strong>material necesario para su cuidado<\/strong> y las <strong>complicaciones principales<\/strong>. Tambi\u00e9n hicieron referencia a la <strong>preparaci\u00f3n mec\u00e1nica del colon y en los sistemas continentes<\/strong>. Desde la vertiente m\u00e1s pr\u00e1ctica se abord\u00f3 la irrigaci\u00f3n por colostom\u00eda as\u00ed como la<strong> resoluci\u00f3n de diferentes casos relacionados con las tem\u00e1ticas impartidas<\/strong>.<\/p>\n<div class=\"destacat-blog\">\n<h2><strong><span style=\"color: #008080;\">\u00bfQu\u00e9 es una ostom\u00eda?<\/span><\/strong><\/h2>\n<p>Una <strong>ostom\u00eda<\/strong> es una derivaci\u00f3n quir\u00fargica del aparato digestivo o del aparato urinario para eliminar los residuos que el organismo genera por un lugar distinto al natural, cuando no es posible hacerlo por el conducto normal. La persona que lleva una incorporada necesita un material espec\u00edfico para realizar el cuidado diario del estoma.<\/p>\n<\/div>\n<p style=\"text-align: right;\"><strong>Con la colaboraci\u00f3n de:<\/strong><\/p>\n<p style=\"text-align: right;\"><a href=\"https:\/\/www.hollister.es\/es-es\/\" target=\"_blank\" rel=\"noopener\"><img decoding=\"async\" class=\"wp-image-38142 alignright\" src=\"https:\/\/blog.cofb.cat\/wp-content\/uploads\/2018\/03\/hollister.jpg\" alt=\"\" width=\"191\" height=\"50\" \/><\/a><\/p>\n<p>&nbsp;<\/p>\n<p>&nbsp;<\/p>\n<p><strong>Otras publicaciones de inter\u00e9s:<\/strong><\/p>\n<ul>\n<li><a href=\"https:\/\/blog.cofb.cat\/com-tenir-cura-dun-estoma-taller-al-col%C2%B7legi\/\" target=\"_blank\" rel=\"noopener\">C\u00f3mo cuidar un estoma: taller en el Colegio (Abril 2013)<\/a><\/li>\n<li><a href=\"https:\/\/blog.cofb.cat\/activitats-amb-motiu-del-dia-mundial-del-pacient-ostomitzat\/\" target=\"_blank\" rel=\"noopener\">Actividades con motivo del D\u00eda Mundial del Paciente Ostomizado (Septiembre 2015)<\/a><\/li>\n<li><a href=\"https:\/\/blog.cofb.cat\/activitats-amb-motiu-del-dia-mundial-del-pacient-ostomitzat\/\" target=\"_blank\" rel=\"noopener\">Ortopedia: talleres de terapia compresiva, ostom\u00edas y fabricaci\u00f3n de plantillas (Mayo 2017)<\/a><\/li>\n<\/ul>","protected":false},"excerpt":{"rendered":"<p>El pasado 20 de marzo tuvo lugar en el COFB el Taller de Ostom\u00edas, que combinaba teor\u00eda y pr\u00e1ctica y estaba dirigido a farmac\u00e9uticos, t\u00e9cnicos y auxiliares de farmacia. La formaci\u00f3n corri\u00f3 a cargo de Patricia L\u00f3pez, coordinadora del Servicio de Atenci\u00f3n de Enfermer\u00eda de Hollister Ib\u00e9rica y Teresa Poca, enfermera estomaterap\u00e9uta, [\u2026]<\/p>","protected":false},"author":1,"featured_media":38159,"comment_status":"open","ping_status":"open","sticky":false,"template":"","format":"standard","meta":{"_uag_custom_page_level_css":"","site-sidebar-layout":"default","site-content-layout":"","ast-site-content-layout":"default","site-content-style":"default","site-sidebar-style":"default","ast-global-header-display":"","ast-banner-title-visibility":"","ast-main-header-display":"","ast-hfb-above-header-display":"","ast-hfb-below-header-display":"","ast-hfb-mobile-header-display":"","site-post-title":"","ast-breadcrumbs-content":"","ast-featured-img":"disabled","footer-sml-layout":"","theme-transparent-header-meta":"","adv-header-id-meta":"","stick-header-meta":"","header-above-stick-meta":"","header-main-stick-meta":"","header-below-stick-meta":"","astra-migrate-meta-layouts":"default","ast-page-background-enabled":"default","ast-page-background-meta":{"desktop":{"background-color":"var(--ast-global-color-4)","background-image":"","background-repeat":"repeat","background-position":"center center","background-size":"auto","background-attachment":"scroll","background-type":"","background-media":"","overlay-type":"","overlay-color":"","overlay-opacity":"","overlay-gradient":""},"tablet":{"background-color":"","background-image":"","background-repeat":"repeat","background-position":"center center","background-size":"auto","background-attachment":"scroll","background-type":"","background-media":"","overlay-type":"","overlay-color":"","overlay-opacity":"","overlay-gradient":""},"mobile":{"background-color":"","background-image":"","background-repeat":"repeat","background-position":"center center","background-size":"auto","background-attachment":"scroll","background-type":"","background-media":"","overlay-type":"","overlay-color":"","overlay-opacity":"","overlay-gradient":""}},"ast-content-background-meta":{"desktop":{"background-color":"var(--ast-global-color-5)","background-image":"","background-repeat":"repeat","background-position":"center center","background-size":"auto","background-attachment":"scroll","background-type":"","background-media":"","overlay-type":"","overlay-color":"","overlay-opacity":"","overlay-gradient":""},"tablet":{"background-color":"var(--ast-global-color-5)","background-image":"","background-repeat":"repeat","background-position":"center center","background-size":"auto","background-attachment":"scroll","background-type":"","background-media":"","overlay-type":"","overlay-color":"","overlay-opacity":"","overlay-gradient":""},"mobile":{"background-color":"var(--ast-global-color-5)","background-image":"","background-repeat":"repeat","background-position":"center center","background-size":"auto","background-attachment":"scroll","background-type":"","background-media":"","overlay-type":"","overlay-color":"","overlay-opacity":"","overlay-gradient":""}},"footnotes":""},"categories":[57],"tags":[18,19,3026,960,70,300,103,961,962,206,305],"class_list":["post-38141","post","type-post","status-publish","format-standard","has-post-thumbnail","hentry","category-mon-collegial","tag-cofb","tag-collegi-de-farmaceutics-de-barcelona","tag-colon","tag-estoma","tag-formacio","tag-formacio-continuada","tag-ortopedia","tag-ostomia","tag-ostomies","tag-taller","tag-vocal-dortopedia"],"yoast_head":"<!-- This site is optimized with the Yoast SEO plugin v22.4 - https:\/\/yoast.com\/wordpress\/plugins\/seo\/ -->\n<title>Ostomies: actualitzaci\u00f3 te\u00f2rica i pr\u00e0ctica - Col\u00b7legi de Farmac\u00e8utics de Barcelona<\/title>\n<meta name=\"description\" content=\"El passat 20 de mar\u00e7 va tenir lloc al COFB el Taller d&#039;Ostomies, que combinava sessions te\u00f2riques i pr\u00e0ctiques.\" \/>\n<meta name=\"robots\" content=\"index, follow, max-snippet:-1, max-image-preview:large, max-video-preview:-1\" \/>\n<link rel=\"canonical\" href=\"https:\/\/novaorg.cofb.net\/2018\/03\/27\/ostomies-actualitzacio-teorica-practica\/\" \/>\n<meta property=\"og:locale\" content=\"es_ES\" \/>\n<meta property=\"og:type\" content=\"article\" \/>\n<meta property=\"og:title\" content=\"Ostomies: actualitzaci\u00f3 te\u00f2rica i pr\u00e0ctica - Col\u00b7legi de Farmac\u00e8utics de Barcelona\" \/>\n<meta property=\"og:description\" content=\"El passat 20 de mar\u00e7 va tenir lloc al COFB el Taller d&#039;Ostomies, que combinava sessions te\u00f2riques i pr\u00e0ctiques.\" \/>\n<meta property=\"og:url\" content=\"https:\/\/novaorg.cofb.net\/2018\/03\/27\/ostomies-actualitzacio-teorica-practica\/\" \/>\n<meta property=\"og:site_name\" content=\"Col\u00b7legi de Farmac\u00e8utics de Barcelona\" \/>\n<meta property=\"article:publisher\" content=\"https:\/\/www.facebook.com\/farmaceuticsbcn\/\" \/>\n<meta property=\"article:published_time\" content=\"2018-03-27T15:57:46+00:00\" \/>\n<meta name=\"author\" content=\"wpAdminCofbOrg\" \/>\n<meta name=\"twitter:card\" content=\"summary_large_image\" \/>\n<meta name=\"twitter:creator\" content=\"@farmaceuticsbcn\" \/>\n<meta name=\"twitter:site\" content=\"@farmaceuticsbcn\" \/>\n<meta name=\"twitter:label1\" content=\"Escrito por\" \/>\n\t<meta name=\"twitter:data1\" content=\"wpAdminCofbOrg\" \/>\n\t<meta name=\"twitter:label2\" content=\"Tiempo de lectura\" \/>\n\t<meta name=\"twitter:data2\" content=\"2 minutos\" \/>\n<script type=\"application\/ld+json\" class=\"yoast-schema-graph\">{\"@context\":\"https:\/\/schema.org\",\"@graph\":[{\"@type\":\"Article\",\"@id\":\"https:\/\/novaorg.cofb.net\/2018\/03\/27\/ostomies-actualitzacio-teorica-practica\/#article\",\"isPartOf\":{\"@id\":\"https:\/\/novaorg.cofb.net\/2018\/03\/27\/ostomies-actualitzacio-teorica-practica\/\"},\"author\":{\"name\":\"wpAdminCofbOrg\",\"@id\":\"https:\/\/www.cofb.org\/#\/schema\/person\/22ed7eea88da74b0fa4d3154ad87ffcb\"},\"headline\":\"Ostomies: actualitzaci\u00f3 te\u00f2rica i pr\u00e0ctica\",\"datePublished\":\"2018-03-27T15:57:46+00:00\",\"dateModified\":\"2018-03-27T15:57:46+00:00\",\"mainEntityOfPage\":{\"@id\":\"https:\/\/novaorg.cofb.net\/2018\/03\/27\/ostomies-actualitzacio-teorica-practica\/\"},\"wordCount\":452,\"commentCount\":0,\"publisher\":{\"@id\":\"https:\/\/www.cofb.org\/#organization\"},\"image\":{\"@id\":\"https:\/\/novaorg.cofb.net\/2018\/03\/27\/ostomies-actualitzacio-teorica-practica\/#primaryimage\"},\"thumbnailUrl\":\"\",\"keywords\":[\"COFB\",\"Col\u00b7legi de Farmac\u00e8utics de Barcelona\",\"c\u00f2lon\",\"estoma\",\"Formaci\u00f3\",\"formaci\u00f3 continuada\",\"Ortop\u00e8dia\",\"ostomia\",\"ostomies\",\"taller\",\"Vocal d'Ortop\u00e8dia\"],\"articleSection\":[\"M\u00f3n col\u00b7legial\"],\"inLanguage\":\"es\",\"potentialAction\":[{\"@type\":\"CommentAction\",\"name\":\"Comment\",\"target\":[\"https:\/\/novaorg.cofb.net\/2018\/03\/27\/ostomies-actualitzacio-teorica-practica\/#respond\"]}]},{\"@type\":\"WebPage\",\"@id\":\"https:\/\/novaorg.cofb.net\/2018\/03\/27\/ostomies-actualitzacio-teorica-practica\/\",\"url\":\"https:\/\/novaorg.cofb.net\/2018\/03\/27\/ostomies-actualitzacio-teorica-practica\/\",\"name\":\"Ostomies: actualitzaci\u00f3 te\u00f2rica i pr\u00e0ctica - Col\u00b7legi de Farmac\u00e8utics de Barcelona\",\"isPartOf\":{\"@id\":\"https:\/\/www.cofb.org\/#website\"},\"primaryImageOfPage\":{\"@id\":\"https:\/\/novaorg.cofb.net\/2018\/03\/27\/ostomies-actualitzacio-teorica-practica\/#primaryimage\"},\"image\":{\"@id\":\"https:\/\/novaorg.cofb.net\/2018\/03\/27\/ostomies-actualitzacio-teorica-practica\/#primaryimage\"},\"thumbnailUrl\":\"\",\"datePublished\":\"2018-03-27T15:57:46+00:00\",\"dateModified\":\"2018-03-27T15:57:46+00:00\",\"description\":\"El passat 20 de mar\u00e7 va tenir lloc al COFB el Taller d'Ostomies, que combinava sessions te\u00f2riques i pr\u00e0ctiques.\",\"breadcrumb\":{\"@id\":\"https:\/\/novaorg.cofb.net\/2018\/03\/27\/ostomies-actualitzacio-teorica-practica\/#breadcrumb\"},\"inLanguage\":\"es\",\"potentialAction\":[{\"@type\":\"ReadAction\",\"target\":[\"https:\/\/novaorg.cofb.net\/2018\/03\/27\/ostomies-actualitzacio-teorica-practica\/\"]}]},{\"@type\":\"ImageObject\",\"inLanguage\":\"es\",\"@id\":\"https:\/\/novaorg.cofb.net\/2018\/03\/27\/ostomies-actualitzacio-teorica-practica\/#primaryimage\",\"url\":\"\",\"contentUrl\":\"\"},{\"@type\":\"BreadcrumbList\",\"@id\":\"https:\/\/novaorg.cofb.net\/2018\/03\/27\/ostomies-actualitzacio-teorica-practica\/#breadcrumb\",\"itemListElement\":[{\"@type\":\"ListItem\",\"position\":1,\"name\":\"Inici\",\"item\":\"https:\/\/novaorg.cofb.net\/\"},{\"@type\":\"ListItem\",\"position\":2,\"name\":\"Ostomies: actualitzaci\u00f3 te\u00f2rica i pr\u00e0ctica\"}]},{\"@type\":\"WebSite\",\"@id\":\"https:\/\/www.cofb.org\/#website\",\"url\":\"https:\/\/www.cofb.org\/\",\"name\":\"Col\u00b7legi de Farmac\u00e8utics de Barcelona\",\"description\":\"\",\"publisher\":{\"@id\":\"https:\/\/www.cofb.org\/#organization\"},\"potentialAction\":[{\"@type\":\"SearchAction\",\"target\":{\"@type\":\"EntryPoint\",\"urlTemplate\":\"https:\/\/www.cofb.org\/?s={search_term_string}\"},\"query-input\":\"required name=search_term_string\"}],\"inLanguage\":\"es\"},{\"@type\":\"Organization\",\"@id\":\"https:\/\/www.cofb.org\/#organization\",\"name\":\"Col\u00b7legi de Farmac\u00e8utics de Barcelona\",\"url\":\"https:\/\/www.cofb.org\/\",\"logo\":{\"@type\":\"ImageObject\",\"inLanguage\":\"es\",\"@id\":\"https:\/\/www.cofb.org\/#\/schema\/logo\/image\/\",\"url\":\"https:\/\/www.cofb.org\/wp-content\/uploads\/2023\/11\/cropped-Logotip-COFB.png\",\"contentUrl\":\"https:\/\/www.cofb.org\/wp-content\/uploads\/2023\/11\/cropped-Logotip-COFB.png\",\"width\":500,\"height\":105,\"caption\":\"Col\u00b7legi de Farmac\u00e8utics de Barcelona\"},\"image\":{\"@id\":\"https:\/\/www.cofb.org\/#\/schema\/logo\/image\/\"},\"sameAs\":[\"https:\/\/www.facebook.com\/farmaceuticsbcn\/\",\"https:\/\/twitter.com\/farmaceuticsbcn\",\"https:\/\/www.instagram.com\/farmaceuticsbcn\/\",\"https:\/\/www.linkedin.com\/company\/farmaceuticsbcn\/\"]},{\"@type\":\"Person\",\"@id\":\"https:\/\/www.cofb.org\/#\/schema\/person\/22ed7eea88da74b0fa4d3154ad87ffcb\",\"name\":\"wpAdminCofbOrg\",\"image\":{\"@type\":\"ImageObject\",\"inLanguage\":\"es\",\"@id\":\"https:\/\/www.cofb.org\/#\/schema\/person\/image\/\",\"url\":\"https:\/\/secure.gravatar.com\/avatar\/1721b20b3b8ca882c3b56ec6c978c594fff670e40c0718e9190eaeeb76aae7d8?s=96&d=mm&r=g\",\"contentUrl\":\"https:\/\/secure.gravatar.com\/avatar\/1721b20b3b8ca882c3b56ec6c978c594fff670e40c0718e9190eaeeb76aae7d8?s=96&d=mm&r=g\",\"caption\":\"wpAdminCofbOrg\"},\"sameAs\":[\"http:\/\/192.168.64.122\/wordpress\"],\"url\":\"https:\/\/www.cofb.org\/es\/author\/wpadmincofborg\/\"}]}<\/script>\n<!-- \/ Yoast SEO plugin. -->","yoast_head_json":{"title":"Ostomies: actualitzaci\u00f3 te\u00f2rica i pr\u00e0ctica - Col\u00b7legi de Farmac\u00e8utics de Barcelona","description":"El passat 20 de mar\u00e7 va tenir lloc al COFB el Taller d'Ostomies, que combinava sessions te\u00f2riques i pr\u00e0ctiques.","robots":{"index":"index","follow":"follow","max-snippet":"max-snippet:-1","max-image-preview":"max-image-preview:large","max-video-preview":"max-video-preview:-1"},"canonical":"https:\/\/novaorg.cofb.net\/2018\/03\/27\/ostomies-actualitzacio-teorica-practica\/","og_locale":"es_ES","og_type":"article","og_title":"Ostomies: actualitzaci\u00f3 te\u00f2rica i pr\u00e0ctica - Col\u00b7legi de Farmac\u00e8utics de Barcelona","og_description":"El passat 20 de mar\u00e7 va tenir lloc al COFB el Taller d'Ostomies, que combinava sessions te\u00f2riques i pr\u00e0ctiques.","og_url":"https:\/\/novaorg.cofb.net\/2018\/03\/27\/ostomies-actualitzacio-teorica-practica\/","og_site_name":"Col\u00b7legi de Farmac\u00e8utics de Barcelona","article_publisher":"https:\/\/www.facebook.com\/farmaceuticsbcn\/","article_published_time":"2018-03-27T15:57:46+00:00","author":"wpAdminCofbOrg","twitter_card":"summary_large_image","twitter_creator":"@farmaceuticsbcn","twitter_site":"@farmaceuticsbcn","twitter_misc":{"Escrito por":"wpAdminCofbOrg","Tiempo de lectura":"2 minutos"},"schema":{"@context":"https:\/\/schema.org","@graph":[{"@type":"Article","@id":"https:\/\/novaorg.cofb.net\/2018\/03\/27\/ostomies-actualitzacio-teorica-practica\/#article","isPartOf":{"@id":"https:\/\/novaorg.cofb.net\/2018\/03\/27\/ostomies-actualitzacio-teorica-practica\/"},"author":{"name":"wpAdminCofbOrg","@id":"https:\/\/www.cofb.org\/#\/schema\/person\/22ed7eea88da74b0fa4d3154ad87ffcb"},"headline":"Ostomies: actualitzaci\u00f3 te\u00f2rica i pr\u00e0ctica","datePublished":"2018-03-27T15:57:46+00:00","dateModified":"2018-03-27T15:57:46+00:00","mainEntityOfPage":{"@id":"https:\/\/novaorg.cofb.net\/2018\/03\/27\/ostomies-actualitzacio-teorica-practica\/"},"wordCount":452,"commentCount":0,"publisher":{"@id":"https:\/\/www.cofb.org\/#organization"},"image":{"@id":"https:\/\/novaorg.cofb.net\/2018\/03\/27\/ostomies-actualitzacio-teorica-practica\/#primaryimage"},"thumbnailUrl":"","keywords":["COFB","Col\u00b7legi de Farmac\u00e8utics de Barcelona","c\u00f2lon","estoma","Formaci\u00f3","formaci\u00f3 continuada","Ortop\u00e8dia","ostomia","ostomies","taller","Vocal d'Ortop\u00e8dia"],"articleSection":["M\u00f3n col\u00b7legial"],"inLanguage":"es","potentialAction":[{"@type":"CommentAction","name":"Comment","target":["https:\/\/novaorg.cofb.net\/2018\/03\/27\/ostomies-actualitzacio-teorica-practica\/#respond"]}]},{"@type":"WebPage","@id":"https:\/\/novaorg.cofb.net\/2018\/03\/27\/ostomies-actualitzacio-teorica-practica\/","url":"https:\/\/novaorg.cofb.net\/2018\/03\/27\/ostomies-actualitzacio-teorica-practica\/","name":"Ostomies: actualitzaci\u00f3 te\u00f2rica i pr\u00e0ctica - Col\u00b7legi de Farmac\u00e8utics de Barcelona","isPartOf":{"@id":"https:\/\/www.cofb.org\/#website"},"primaryImageOfPage":{"@id":"https:\/\/novaorg.cofb.net\/2018\/03\/27\/ostomies-actualitzacio-teorica-practica\/#primaryimage"},"image":{"@id":"https:\/\/novaorg.cofb.net\/2018\/03\/27\/ostomies-actualitzacio-teorica-practica\/#primaryimage"},"thumbnailUrl":"","datePublished":"2018-03-27T15:57:46+00:00","dateModified":"2018-03-27T15:57:46+00:00","description":"El passat 20 de mar\u00e7 va tenir lloc al COFB el Taller d'Ostomies, que combinava sessions te\u00f2riques i pr\u00e0ctiques.","breadcrumb":{"@id":"https:\/\/novaorg.cofb.net\/2018\/03\/27\/ostomies-actualitzacio-teorica-practica\/#breadcrumb"},"inLanguage":"es","potentialAction":[{"@type":"ReadAction","target":["https:\/\/novaorg.cofb.net\/2018\/03\/27\/ostomies-actualitzacio-teorica-practica\/"]}]},{"@type":"ImageObject","inLanguage":"es","@id":"https:\/\/novaorg.cofb.net\/2018\/03\/27\/ostomies-actualitzacio-teorica-practica\/#primaryimage","url":"","contentUrl":""},{"@type":"BreadcrumbList","@id":"https:\/\/novaorg.cofb.net\/2018\/03\/27\/ostomies-actualitzacio-teorica-practica\/#breadcrumb","itemListElement":[{"@type":"ListItem","position":1,"name":"Inici","item":"https:\/\/novaorg.cofb.net\/"},{"@type":"ListItem","position":2,"name":"Ostomies: actualitzaci\u00f3 te\u00f2rica i pr\u00e0ctica"}]},{"@type":"WebSite","@id":"https:\/\/www.cofb.org\/#website","url":"https:\/\/www.cofb.org\/","name":"Col\u00b7legi de Farmac\u00e8utics de Barcelona","description":"","publisher":{"@id":"https:\/\/www.cofb.org\/#organization"},"potentialAction":[{"@type":"SearchAction","target":{"@type":"EntryPoint","urlTemplate":"https:\/\/www.cofb.org\/?s={search_term_string}"},"query-input":"required name=search_term_string"}],"inLanguage":"es"},{"@type":"Organization","@id":"https:\/\/www.cofb.org\/#organization","name":"Col\u00b7legi de Farmac\u00e8utics de Barcelona","url":"https:\/\/www.cofb.org\/","logo":{"@type":"ImageObject","inLanguage":"es","@id":"https:\/\/www.cofb.org\/#\/schema\/logo\/image\/","url":"https:\/\/www.cofb.org\/wp-content\/uploads\/2023\/11\/cropped-Logotip-COFB.png","contentUrl":"https:\/\/www.cofb.org\/wp-content\/uploads\/2023\/11\/cropped-Logotip-COFB.png","width":500,"height":105,"caption":"Col\u00b7legi de Farmac\u00e8utics de Barcelona"},"image":{"@id":"https:\/\/www.cofb.org\/#\/schema\/logo\/image\/"},"sameAs":["https:\/\/www.facebook.com\/farmaceuticsbcn\/","https:\/\/twitter.com\/farmaceuticsbcn","https:\/\/www.instagram.com\/farmaceuticsbcn\/","https:\/\/www.linkedin.com\/company\/farmaceuticsbcn\/"]},{"@type":"Person","@id":"https:\/\/www.cofb.org\/#\/schema\/person\/22ed7eea88da74b0fa4d3154ad87ffcb","name":"wpAdminCofbOrg","image":{"@type":"ImageObject","inLanguage":"es","@id":"https:\/\/www.cofb.org\/#\/schema\/person\/image\/","url":"https:\/\/secure.gravatar.com\/avatar\/1721b20b3b8ca882c3b56ec6c978c594fff670e40c0718e9190eaeeb76aae7d8?s=96&d=mm&r=g","contentUrl":"https:\/\/secure.gravatar.com\/avatar\/1721b20b3b8ca882c3b56ec6c978c594fff670e40c0718e9190eaeeb76aae7d8?s=96&d=mm&r=g","caption":"wpAdminCofbOrg"},"sameAs":["http:\/\/192.168.64.122\/wordpress"],"url":"https:\/\/www.cofb.org\/es\/author\/wpadmincofborg\/"}]}},"uagb_featured_image_src":{"full":false,"thumbnail":false,"medium":false,"medium_large":false,"large":false,"1536x1536":false,"2048x2048":false,"trp-custom-language-flag":false},"uagb_author_info":{"display_name":"wpAdminCofbOrg","author_link":"https:\/\/www.cofb.org\/es\/author\/wpadmincofborg\/"},"uagb_comment_info":0,"uagb_excerpt":"El passat 20 de mar\u00e7 va tenir lloc al COFB el Taller d&#8217;Ostomies, que combinava teoria i pr\u00e0ctica i estava adre\u00e7at a farmac\u00e8utics, t\u00e8cnics i auxiliars de farm\u00e0cia. La formaci\u00f3 va anar a c\u00e0rrec de Patricia L\u00f3pez, coordinadora del Servei d&#8217;Atenci\u00f3 d&#8217;Infermeria de Hollister Ib\u00e9rica i Teresa Poca, infermera estomaterap\u00e8uta, [&hellip;]","_links":{"self":[{"href":"https:\/\/www.cofb.org\/es\/wp-json\/wp\/v2\/posts\/38141","targetHints":{"allow":["GET"]}}],"collection":[{"href":"https:\/\/www.cofb.org\/es\/wp-json\/wp\/v2\/posts"}],"about":[{"href":"https:\/\/www.cofb.org\/es\/wp-json\/wp\/v2\/types\/post"}],"author":[{"embeddable":true,"href":"https:\/\/www.cofb.org\/es\/wp-json\/wp\/v2\/users\/1"}],"replies":[{"embeddable":true,"href":"https:\/\/www.cofb.org\/es\/wp-json\/wp\/v2\/comments?post=38141"}],"version-history":[{"count":0,"href":"https:\/\/www.cofb.org\/es\/wp-json\/wp\/v2\/posts\/38141\/revisions"}],"wp:featuredmedia":[{"embeddable":true,"href":"https:\/\/www.cofb.org\/es\/wp-json\/"}],"wp:attachment":[{"href":"https:\/\/www.cofb.org\/es\/wp-json\/wp\/v2\/media?parent=38141"}],"wp:term":[{"taxonomy":"category","embeddable":true,"href":"https:\/\/www.cofb.org\/es\/wp-json\/wp\/v2\/categories?post=38141"},{"taxonomy":"post_tag","embeddable":true,"href":"https:\/\/www.cofb.org\/es\/wp-json\/wp\/v2\/tags?post=38141"}],"curies":[{"name":"wp","href":"https:\/\/api.w.org\/{rel}","templated":true}]}}