{"id":38036,"date":"2018-03-22T20:30:58","date_gmt":"2018-03-22T18:30:58","guid":{"rendered":"https:\/\/blog.cofb.cat\/?p=38036"},"modified":"2018-03-22T20:30:58","modified_gmt":"2018-03-22T18:30:58","slug":"introduccio-a-lepigenetica-i-aplicabilitat-en-la-medicina-personalitzada","status":"publish","type":"post","link":"https:\/\/www.cofb.org\/es\/2018\/03\/22\/introduccio-a-lepigenetica-i-aplicabilitat-en-la-medicina-personalitzada\/","title":{"rendered":"Introducci\u00f3n a la epigen\u00e9tica y aplicabilidad en la medicina personalizada"},"content":{"rendered":"<p>Los pasados d\u00edas 5, 7 y 12 de marzo, el COFB, desde su apuesta por la innovaci\u00f3n, acogi\u00f3 el curso<strong> &quot;Introducci\u00f3n a la epigen\u00e9tica y aplicabilidad en la medicina personalizada&quot;<\/strong>, dirigido a farmac\u00e9uticos.<\/p>\n<h1><span style=\"color: #008080;\"><strong>Los objetivos<\/strong><\/span><\/h1>\n<p>El curso ten\u00eda como <strong>objetivos principales:<br \/>\n<\/strong><\/p>\n<ul>\n<li><strong> Introducir al farmac\u00e9utico en el mundo de la epigen\u00e9tica<\/strong>, a trav\u00e9s de una visi\u00f3n general y amplia de cu\u00e1les son los mecanismos epigen\u00e9ticos de la c\u00e9lula y c\u00f3mo podemos estudiarlos para determinar su implicaci\u00f3n en enfermedades.<\/li>\n<li>Ver el<strong>efecto de la epigen\u00e9tica<\/strong> en el desarrollo de enfermedades como el Alzheimer y el c\u00e1ncer, y su papel en la medicina personalizada.<\/li>\n<\/ul>\n<figure id=\"attachment_38048\" aria-describedby=\"caption-attachment-38048\" style=\"width: 620px\" class=\"wp-caption aligncenter\"><a href=\"https:\/\/blog.cofb.cat\/wp-content\/uploads\/2018\/03\/epigen\u00e8ticaretallada.jpg\" target=\"_blank\" rel=\"noopener\"><img fetchpriority=\"high\" decoding=\"async\" class=\"wp-image-38048 size-large\" title=\"Los alumnos del curso &quot;Introducci\u00f3n a la epigen\u00e9tica y aplicabilidad en la medicina personalizada&quot; siguiendo a formaci\u00f3n.\" src=\"https:\/\/blog.cofb.cat\/wp-content\/uploads\/2018\/03\/epigen\u00e8ticaretallada-1024x747.jpg\" alt=\"Els alumnes del curs &quot;Introducci\u00f3 a l'epigen\u00e8tica i aplicabilitat en la medicina personalitzada&quot; seguint a formaci\u00f3. \" width=\"620\" height=\"452\" \/><\/a><figcaption id=\"caption-attachment-38048\" class=\"wp-caption-text\">Los alumnos del curso &quot;Introducci\u00f3n a la epigen\u00e9tica y aplicabilidad en la medicina personalizada&quot; siguiendo a formaci\u00f3n.<\/figcaption><\/figure>\n<div class=\"destacat-blog\">\n<h2><span style=\"color: #008080;\"><strong>El reto de la epigen\u00e9tica<\/strong><\/span><\/h2>\n<p>El<strong>epigen\u00e9tica<\/strong> trata de las <strong>marcas qu\u00edmicas responsables de modificar el ADN<\/strong> y otras mol\u00e9culas que regulan el genoma y que son importantes a la hora de tomar decisiones gen\u00f3micas.<\/p>\n<p>El reto es que<strong>\u00a0se incorpore al \u00e1rea cl\u00ednica<\/strong>, es decir, que los marcadores epigen\u00e9ticos sean utilizados en la toma de decisiones de diagn\u00f3stico y tratamiento. <strong>La investigaci\u00f3n en esta \u00e1rea busca tener m\u00e1s f\u00e1rmacos<\/strong> que a nivel epigen\u00e9tico sean \u00fatiles para tratar determinadas patolog\u00edas.<\/p>\n<\/div>\n<h1><strong><span style=\"color: #008080;\">El programa<\/span><\/strong><\/h1>\n<h2><span style=\"color: #000000;\"><strong>La epigen\u00e9tica y los mecanismos epigen\u00e9ticos<\/strong><\/span><\/h2>\n<p>En este blog, se abordaron <strong>conceptos introductorios de la epigen\u00e9tica<\/strong>, la metilaci\u00f3n del ADN y la modificaci\u00f3n de histonas.<\/p>\n<h2><span style=\"color: #000000;\"><strong>Otros mecanismos epigen\u00e9ticos y tecnolog\u00edas para estudiarlos y aplicarlos<\/strong><\/span><\/h2>\n<p>En este punto, se trataron aspectos como <strong>el mundo de los ARN no codificantes<\/strong> o el estudio de la metilaci\u00f3n y la aplicaci\u00f3n: tecnolog\u00edas de amplio espectro y dirigidas.<\/p>\n<h2><span style=\"color: #000000;\"><strong>Epigen\u00e9tica y enfermedad: hacia una medicina personalizada<\/strong><\/span><\/h2>\n<p>Dentro de este \u00e1mbito, se trataron aspectos como el<strong>epigen\u00e9tica en neurobiolog\u00eda<\/strong>: Alzheimer y el s\u00edndrome de Rett, epigen\u00e9tica y c\u00e1ncer y drogas epigen\u00e9ticas y ensayos cl\u00ednicos.<\/p>\n<figure id=\"attachment_38046\" aria-describedby=\"caption-attachment-38046\" style=\"width: 620px\" class=\"wp-caption aligncenter\"><a href=\"https:\/\/blog.cofb.cat\/wp-content\/uploads\/2018\/03\/cofb.180305-35.jpg\" target=\"_blank\" rel=\"noopener\"><img decoding=\"async\" class=\"wp-image-38046 size-large\" title=\"Guillermo Bagaria, vicetesorero del COFB y responsable de Atenci\u00f3n Farmac\u00e9utica, durante la presentaci\u00f3n del curso &quot;Introducci\u00f3n a la epigen\u00e9tica y aplicabilidad en la medicina personalizada&quot;.\" src=\"https:\/\/blog.cofb.cat\/wp-content\/uploads\/2018\/03\/cofb.180305-35-1024x683.jpg\" alt=\"Guillermo Bagaria, vicetresorer del COFB i responsable d'Atenci\u00f3 Farmac\u00e8utica, durant la presentaci\u00f3 del curs &quot;Introducci\u00f3 a l'epigen\u00e8tica i aplicabilitat en la medicina personalitzada&quot;. \" width=\"620\" height=\"414\" \/><\/a><figcaption id=\"caption-attachment-38046\" class=\"wp-caption-text\">Guillermo Bagaria, vicetesorero del COFB y responsable de Atenci\u00f3n Farmac\u00e9utica, durante la presentaci\u00f3n del curso &quot;Introducci\u00f3n a la epigen\u00e9tica y aplicabilidad en la medicina personalizada&quot;.<\/figcaption><\/figure>\n<h1><span style=\"color: #008080;\"><strong>Valoraci\u00f3n del curso<\/strong><\/span><\/h1>\n<p>Guillermo Bagaria, <strong>vicetesorero y responsable de Atenci\u00f3n Farmac\u00e9utica del COFB<\/strong>, valor\u00f3 positivamente la formaci\u00f3n y destac\u00f3 que las tres jornadas &quot;se hicieron cortas&quot; para abordar &quot;<strong>un mundo apasionante, complejo e interconectado<\/strong> hasta los l\u00edmites de lo comprensible, y con <strong>un potencial muy estimulante de desarrollo de nuevos medicamentos<\/strong>&#8220;.<\/p>\n<p>Adem\u00e1s, Bagaria resalt\u00f3 el prestigio del<strong>Instituto de Investigaci\u00f3n Biom\u00e9dica de Bellvitge (IDIBELL), <\/strong>&quot;uno de los equipos de investigadores m\u00e1s potentes de Europa&quot;, del que formaba parte el cuadro docente del curso.<\/p>\n<p>Por \u00faltimo, expuso tambi\u00e9n que desde el COFB se considera que \u201c<strong>la farmacogen\u00e9tica y la epigen\u00e9tica son disciplinas fundamentales<\/strong> en las que el farmac\u00e9utico debe ser uno de los interlocutores entre avances cient\u00edficos y sociedad y, a\u00fan m\u00e1s, si estos avances permiten vislumbrar escenarios de tratamientos individualizados\u201d. Por eso, \u201c<strong>se seguir\u00e1 acercando formaci\u00f3n de calidad y profundizando en las posibilidades que ofrece este nuevo conocimiento\u201d<\/strong>.<\/p>\n<div class=\"destacat-blog\">\n<h2><span style=\"color: #008080;\"><strong>El cuadro docente estuvo formado por:<\/strong><\/span><\/h2>\n<p><strong>Pau Castillo:<\/strong> Grupo de Biolog\u00eda de la Cromatina, Programa de Epigen\u00e9tica y Biolog\u00eda del C\u00e1ncer, Instituto de Investigaci\u00f3n Biom\u00e9dica de Bellvitge (IDIBELL)<br \/>\n<strong>Ver\u00f3nica D\u00e1valos,\u00a0<\/strong><strong>Raul<\/strong> <strong>Delgado,\u00a0<\/strong><strong>Sonia<\/strong> <strong>Guilo y\u00a0<\/strong><strong>Anna<\/strong> <strong>Mart\u00ednez-Card\u00fas: <\/strong>Grupo de Epigen\u00e9tica del C\u00e1ncer, Programa de Epigen\u00e9tica y Biolog\u00eda del C\u00e1ncer, Instituto de Investigaci\u00f3n Biom\u00e9dica de Bellvitge (IDIBELL)<br \/>\n<strong>Sebasti\u00e1n<\/strong> <strong>Moran: <\/strong>Servicio de Gen\u00f3mica y Epigen\u00f3mica del PEBC, Programa de Epigen\u00e9tica y Biolog\u00eda del C\u00e1ncer, Instituto de Investigaci\u00f3n Biom\u00e9dica de Bellvitge (IDIBELL)<br \/>\n<strong>C\u00e1tia<\/strong> <strong>Moutinho: <\/strong>Centro Nacional de An\u00e1lisis Gen\u00f3mico, Programa de Epigen\u00e9tica y Biolog\u00eda del C\u00e1ncer, Instituto de Investigaci\u00f3n Biom\u00e9dica de Bellvitge (IDIBELL)\n<\/div>\n<p><strong>Otras publicaciones de inter\u00e9s:<\/strong><\/p>\n<ul>\n<li><a href=\"https:\/\/blog.cofb.cat\/fem-cami-cap-la-farmacogenetica\/\" target=\"_blank\" rel=\"noopener\">Caminamos hacia la farmacogen\u00e9tica (Diciembre 2016)<\/a><\/li>\n<li><a href=\"https:\/\/blog.cofb.cat\/farmacogenetica-farmacia-comunitaria-la-seva-relacio-explicada-per-experts\/\" target=\"_blank\" rel=\"noopener\">Farmacogen\u00e9tica y farmacia comunitaria: su relaci\u00f3n explicada por expertos (Noviembre 2017)<\/a><\/li>\n<\/ul>","protected":false},"excerpt":{"rendered":"<p>Los pasados d\u00edas 5, 7 y 12 de marzo, el COFB, desde su apuesta por la innovaci\u00f3n, acogi\u00f3 el curso &quot;Introducci\u00f3n a la epigen\u00e9tica y aplicabilidad en la medicina personalizada&quot;, dirigido a farmac\u00e9uticos. Los objetivos El curso ten\u00eda como objetivos principales: Introducir al farmac\u00e9utico en el mundo [\u2026]<\/p>","protected":false},"author":1,"featured_media":38050,"comment_status":"open","ping_status":"open","sticky":false,"template":"","format":"standard","meta":{"_uag_custom_page_level_css":"","site-sidebar-layout":"default","site-content-layout":"","ast-site-content-layout":"default","site-content-style":"default","site-sidebar-style":"default","ast-global-header-display":"","ast-banner-title-visibility":"","ast-main-header-display":"","ast-hfb-above-header-display":"","ast-hfb-below-header-display":"","ast-hfb-mobile-header-display":"","site-post-title":"","ast-breadcrumbs-content":"","ast-featured-img":"disabled","footer-sml-layout":"","theme-transparent-header-meta":"","adv-header-id-meta":"","stick-header-meta":"","header-above-stick-meta":"","header-main-stick-meta":"","header-below-stick-meta":"","astra-migrate-meta-layouts":"default","ast-page-background-enabled":"default","ast-page-background-meta":{"desktop":{"background-color":"var(--ast-global-color-4)","background-image":"","background-repeat":"repeat","background-position":"center center","background-size":"auto","background-attachment":"scroll","background-type":"","background-media":"","overlay-type":"","overlay-color":"","overlay-opacity":"","overlay-gradient":""},"tablet":{"background-color":"","background-image":"","background-repeat":"repeat","background-position":"center center","background-size":"auto","background-attachment":"scroll","background-type":"","background-media":"","overlay-type":"","overlay-color":"","overlay-opacity":"","overlay-gradient":""},"mobile":{"background-color":"","background-image":"","background-repeat":"repeat","background-position":"center center","background-size":"auto","background-attachment":"scroll","background-type":"","background-media":"","overlay-type":"","overlay-color":"","overlay-opacity":"","overlay-gradient":""}},"ast-content-background-meta":{"desktop":{"background-color":"var(--ast-global-color-5)","background-image":"","background-repeat":"repeat","background-position":"center center","background-size":"auto","background-attachment":"scroll","background-type":"","background-media":"","overlay-type":"","overlay-color":"","overlay-opacity":"","overlay-gradient":""},"tablet":{"background-color":"var(--ast-global-color-5)","background-image":"","background-repeat":"repeat","background-position":"center center","background-size":"auto","background-attachment":"scroll","background-type":"","background-media":"","overlay-type":"","overlay-color":"","overlay-opacity":"","overlay-gradient":""},"mobile":{"background-color":"var(--ast-global-color-5)","background-image":"","background-repeat":"repeat","background-position":"center center","background-size":"auto","background-attachment":"scroll","background-type":"","background-media":"","overlay-type":"","overlay-color":"","overlay-opacity":"","overlay-gradient":""}},"footnotes":""},"categories":[57],"tags":[3022,2819,18,3015,19,2820,53,3023,70,3024,3025],"class_list":["post-38036","post","type-post","status-publish","format-standard","has-post-thumbnail","hentry","category-mon-collegial","tag-assajos-clinics-i-epigenetica","tag-cancer-i-epigenetica","tag-cofb","tag-collegi-de-farmaceutics","tag-collegi-de-farmaceutics-de-barcelona","tag-epigenetica","tag-farmaceutics","tag-farmacia-i-epigenetica","tag-formacio","tag-medicina-personalitzada","tag-tecnologia"],"yoast_head":"<!-- This site is optimized with the Yoast SEO plugin v22.4 - https:\/\/yoast.com\/wordpress\/plugins\/seo\/ -->\n<title>Introducci\u00f3 a l&#039;epigen\u00e8tica i aplicabilitat en la medicina personalitzada - Col\u00b7legi de Farmac\u00e8utics de Barcelona<\/title>\n<meta name=\"description\" content=\"Els passats dies 5, 7 i 12 de mar\u00e7 el COFB va acollir el curs &quot;Introducci\u00f3 a l&#039;epigen\u00e8tica i aplicabilitat en la medicina personalitzada&quot;, adre\u00e7at a farmac\u00e8utics.\" \/>\n<meta name=\"robots\" content=\"index, follow, max-snippet:-1, max-image-preview:large, max-video-preview:-1\" \/>\n<link rel=\"canonical\" href=\"https:\/\/novaorg.cofb.net\/2018\/03\/22\/introduccio-a-lepigenetica-i-aplicabilitat-en-la-medicina-personalitzada\/\" \/>\n<meta property=\"og:locale\" content=\"es_ES\" \/>\n<meta property=\"og:type\" content=\"article\" \/>\n<meta property=\"og:title\" content=\"Introducci\u00f3 a l&#039;epigen\u00e8tica i aplicabilitat en la medicina personalitzada - Col\u00b7legi de Farmac\u00e8utics de Barcelona\" \/>\n<meta property=\"og:description\" content=\"Els passats dies 5, 7 i 12 de mar\u00e7 el COFB va acollir el curs &quot;Introducci\u00f3 a l&#039;epigen\u00e8tica i aplicabilitat en la medicina personalitzada&quot;, adre\u00e7at a farmac\u00e8utics.\" \/>\n<meta property=\"og:url\" content=\"https:\/\/novaorg.cofb.net\/2018\/03\/22\/introduccio-a-lepigenetica-i-aplicabilitat-en-la-medicina-personalitzada\/\" \/>\n<meta property=\"og:site_name\" content=\"Col\u00b7legi de Farmac\u00e8utics de Barcelona\" \/>\n<meta property=\"article:publisher\" content=\"https:\/\/www.facebook.com\/farmaceuticsbcn\/\" \/>\n<meta property=\"article:published_time\" content=\"2018-03-22T18:30:58+00:00\" \/>\n<meta name=\"author\" content=\"wpAdminCofbOrg\" \/>\n<meta name=\"twitter:card\" content=\"summary_large_image\" \/>\n<meta name=\"twitter:creator\" content=\"@farmaceuticsbcn\" \/>\n<meta name=\"twitter:site\" content=\"@farmaceuticsbcn\" \/>\n<meta name=\"twitter:label1\" content=\"Escrito por\" \/>\n\t<meta name=\"twitter:data1\" content=\"wpAdminCofbOrg\" \/>\n\t<meta name=\"twitter:label2\" content=\"Tiempo de lectura\" \/>\n\t<meta name=\"twitter:data2\" content=\"3 minutos\" \/>\n<script type=\"application\/ld+json\" class=\"yoast-schema-graph\">{\"@context\":\"https:\/\/schema.org\",\"@graph\":[{\"@type\":\"Article\",\"@id\":\"https:\/\/novaorg.cofb.net\/2018\/03\/22\/introduccio-a-lepigenetica-i-aplicabilitat-en-la-medicina-personalitzada\/#article\",\"isPartOf\":{\"@id\":\"https:\/\/novaorg.cofb.net\/2018\/03\/22\/introduccio-a-lepigenetica-i-aplicabilitat-en-la-medicina-personalitzada\/\"},\"author\":{\"name\":\"wpAdminCofbOrg\",\"@id\":\"https:\/\/www.cofb.org\/#\/schema\/person\/22ed7eea88da74b0fa4d3154ad87ffcb\"},\"headline\":\"Introducci\u00f3 a l&#8217;epigen\u00e8tica i aplicabilitat en la medicina personalitzada\",\"datePublished\":\"2018-03-22T18:30:58+00:00\",\"dateModified\":\"2018-03-22T18:30:58+00:00\",\"mainEntityOfPage\":{\"@id\":\"https:\/\/novaorg.cofb.net\/2018\/03\/22\/introduccio-a-lepigenetica-i-aplicabilitat-en-la-medicina-personalitzada\/\"},\"wordCount\":720,\"commentCount\":0,\"publisher\":{\"@id\":\"https:\/\/www.cofb.org\/#organization\"},\"image\":{\"@id\":\"https:\/\/novaorg.cofb.net\/2018\/03\/22\/introduccio-a-lepigenetica-i-aplicabilitat-en-la-medicina-personalitzada\/#primaryimage\"},\"thumbnailUrl\":\"\",\"keywords\":[\"assajos cl\u00ednics i epigen\u00e8tica\",\"cancer i epigen\u00e8tica\",\"COFB\",\"Col\u00b7legi de Farmac\u00e8utics\",\"Col\u00b7legi de Farmac\u00e8utics de Barcelona\",\"epigen\u00e8tica\",\"farmac\u00e8utics\",\"farm\u00e0cia i epigen\u00e8tica\",\"Formaci\u00f3\",\"medicina personalitzada\",\"tecnologia\"],\"articleSection\":[\"M\u00f3n col\u00b7legial\"],\"inLanguage\":\"es\",\"potentialAction\":[{\"@type\":\"CommentAction\",\"name\":\"Comment\",\"target\":[\"https:\/\/novaorg.cofb.net\/2018\/03\/22\/introduccio-a-lepigenetica-i-aplicabilitat-en-la-medicina-personalitzada\/#respond\"]}]},{\"@type\":\"WebPage\",\"@id\":\"https:\/\/novaorg.cofb.net\/2018\/03\/22\/introduccio-a-lepigenetica-i-aplicabilitat-en-la-medicina-personalitzada\/\",\"url\":\"https:\/\/novaorg.cofb.net\/2018\/03\/22\/introduccio-a-lepigenetica-i-aplicabilitat-en-la-medicina-personalitzada\/\",\"name\":\"Introducci\u00f3 a l'epigen\u00e8tica i aplicabilitat en la medicina personalitzada - Col\u00b7legi de Farmac\u00e8utics de Barcelona\",\"isPartOf\":{\"@id\":\"https:\/\/www.cofb.org\/#website\"},\"primaryImageOfPage\":{\"@id\":\"https:\/\/novaorg.cofb.net\/2018\/03\/22\/introduccio-a-lepigenetica-i-aplicabilitat-en-la-medicina-personalitzada\/#primaryimage\"},\"image\":{\"@id\":\"https:\/\/novaorg.cofb.net\/2018\/03\/22\/introduccio-a-lepigenetica-i-aplicabilitat-en-la-medicina-personalitzada\/#primaryimage\"},\"thumbnailUrl\":\"\",\"datePublished\":\"2018-03-22T18:30:58+00:00\",\"dateModified\":\"2018-03-22T18:30:58+00:00\",\"description\":\"Els passats dies 5, 7 i 12 de mar\u00e7 el COFB va acollir el curs \\\"Introducci\u00f3 a l'epigen\u00e8tica i aplicabilitat en la medicina personalitzada\\\", adre\u00e7at a farmac\u00e8utics.\",\"breadcrumb\":{\"@id\":\"https:\/\/novaorg.cofb.net\/2018\/03\/22\/introduccio-a-lepigenetica-i-aplicabilitat-en-la-medicina-personalitzada\/#breadcrumb\"},\"inLanguage\":\"es\",\"potentialAction\":[{\"@type\":\"ReadAction\",\"target\":[\"https:\/\/novaorg.cofb.net\/2018\/03\/22\/introduccio-a-lepigenetica-i-aplicabilitat-en-la-medicina-personalitzada\/\"]}]},{\"@type\":\"ImageObject\",\"inLanguage\":\"es\",\"@id\":\"https:\/\/novaorg.cofb.net\/2018\/03\/22\/introduccio-a-lepigenetica-i-aplicabilitat-en-la-medicina-personalitzada\/#primaryimage\",\"url\":\"\",\"contentUrl\":\"\"},{\"@type\":\"BreadcrumbList\",\"@id\":\"https:\/\/novaorg.cofb.net\/2018\/03\/22\/introduccio-a-lepigenetica-i-aplicabilitat-en-la-medicina-personalitzada\/#breadcrumb\",\"itemListElement\":[{\"@type\":\"ListItem\",\"position\":1,\"name\":\"Inici\",\"item\":\"https:\/\/novaorg.cofb.net\/\"},{\"@type\":\"ListItem\",\"position\":2,\"name\":\"Introducci\u00f3 a l&#8217;epigen\u00e8tica i aplicabilitat en la medicina personalitzada\"}]},{\"@type\":\"WebSite\",\"@id\":\"https:\/\/www.cofb.org\/#website\",\"url\":\"https:\/\/www.cofb.org\/\",\"name\":\"Col\u00b7legi de Farmac\u00e8utics de Barcelona\",\"description\":\"\",\"publisher\":{\"@id\":\"https:\/\/www.cofb.org\/#organization\"},\"potentialAction\":[{\"@type\":\"SearchAction\",\"target\":{\"@type\":\"EntryPoint\",\"urlTemplate\":\"https:\/\/www.cofb.org\/?s={search_term_string}\"},\"query-input\":\"required name=search_term_string\"}],\"inLanguage\":\"es\"},{\"@type\":\"Organization\",\"@id\":\"https:\/\/www.cofb.org\/#organization\",\"name\":\"Col\u00b7legi de Farmac\u00e8utics de Barcelona\",\"url\":\"https:\/\/www.cofb.org\/\",\"logo\":{\"@type\":\"ImageObject\",\"inLanguage\":\"es\",\"@id\":\"https:\/\/www.cofb.org\/#\/schema\/logo\/image\/\",\"url\":\"https:\/\/www.cofb.org\/wp-content\/uploads\/2023\/11\/cropped-Logotip-COFB.png\",\"contentUrl\":\"https:\/\/www.cofb.org\/wp-content\/uploads\/2023\/11\/cropped-Logotip-COFB.png\",\"width\":500,\"height\":105,\"caption\":\"Col\u00b7legi de Farmac\u00e8utics de Barcelona\"},\"image\":{\"@id\":\"https:\/\/www.cofb.org\/#\/schema\/logo\/image\/\"},\"sameAs\":[\"https:\/\/www.facebook.com\/farmaceuticsbcn\/\",\"https:\/\/twitter.com\/farmaceuticsbcn\",\"https:\/\/www.instagram.com\/farmaceuticsbcn\/\",\"https:\/\/www.linkedin.com\/company\/farmaceuticsbcn\/\"]},{\"@type\":\"Person\",\"@id\":\"https:\/\/www.cofb.org\/#\/schema\/person\/22ed7eea88da74b0fa4d3154ad87ffcb\",\"name\":\"wpAdminCofbOrg\",\"image\":{\"@type\":\"ImageObject\",\"inLanguage\":\"es\",\"@id\":\"https:\/\/www.cofb.org\/#\/schema\/person\/image\/\",\"url\":\"https:\/\/secure.gravatar.com\/avatar\/1721b20b3b8ca882c3b56ec6c978c594fff670e40c0718e9190eaeeb76aae7d8?s=96&d=mm&r=g\",\"contentUrl\":\"https:\/\/secure.gravatar.com\/avatar\/1721b20b3b8ca882c3b56ec6c978c594fff670e40c0718e9190eaeeb76aae7d8?s=96&d=mm&r=g\",\"caption\":\"wpAdminCofbOrg\"},\"sameAs\":[\"http:\/\/192.168.64.122\/wordpress\"],\"url\":\"https:\/\/www.cofb.org\/es\/author\/wpadmincofborg\/\"}]}<\/script>\n<!-- \/ Yoast SEO plugin. -->","yoast_head_json":{"title":"Introducci\u00f3 a l'epigen\u00e8tica i aplicabilitat en la medicina personalitzada - Col\u00b7legi de Farmac\u00e8utics de Barcelona","description":"Els passats dies 5, 7 i 12 de mar\u00e7 el COFB va acollir el curs \"Introducci\u00f3 a l'epigen\u00e8tica i aplicabilitat en la medicina personalitzada\", adre\u00e7at a farmac\u00e8utics.","robots":{"index":"index","follow":"follow","max-snippet":"max-snippet:-1","max-image-preview":"max-image-preview:large","max-video-preview":"max-video-preview:-1"},"canonical":"https:\/\/novaorg.cofb.net\/2018\/03\/22\/introduccio-a-lepigenetica-i-aplicabilitat-en-la-medicina-personalitzada\/","og_locale":"es_ES","og_type":"article","og_title":"Introducci\u00f3 a l'epigen\u00e8tica i aplicabilitat en la medicina personalitzada - Col\u00b7legi de Farmac\u00e8utics de Barcelona","og_description":"Els passats dies 5, 7 i 12 de mar\u00e7 el COFB va acollir el curs \"Introducci\u00f3 a l'epigen\u00e8tica i aplicabilitat en la medicina personalitzada\", adre\u00e7at a farmac\u00e8utics.","og_url":"https:\/\/novaorg.cofb.net\/2018\/03\/22\/introduccio-a-lepigenetica-i-aplicabilitat-en-la-medicina-personalitzada\/","og_site_name":"Col\u00b7legi de Farmac\u00e8utics de Barcelona","article_publisher":"https:\/\/www.facebook.com\/farmaceuticsbcn\/","article_published_time":"2018-03-22T18:30:58+00:00","author":"wpAdminCofbOrg","twitter_card":"summary_large_image","twitter_creator":"@farmaceuticsbcn","twitter_site":"@farmaceuticsbcn","twitter_misc":{"Escrito por":"wpAdminCofbOrg","Tiempo de lectura":"3 minutos"},"schema":{"@context":"https:\/\/schema.org","@graph":[{"@type":"Article","@id":"https:\/\/novaorg.cofb.net\/2018\/03\/22\/introduccio-a-lepigenetica-i-aplicabilitat-en-la-medicina-personalitzada\/#article","isPartOf":{"@id":"https:\/\/novaorg.cofb.net\/2018\/03\/22\/introduccio-a-lepigenetica-i-aplicabilitat-en-la-medicina-personalitzada\/"},"author":{"name":"wpAdminCofbOrg","@id":"https:\/\/www.cofb.org\/#\/schema\/person\/22ed7eea88da74b0fa4d3154ad87ffcb"},"headline":"Introducci\u00f3 a l&#8217;epigen\u00e8tica i aplicabilitat en la medicina personalitzada","datePublished":"2018-03-22T18:30:58+00:00","dateModified":"2018-03-22T18:30:58+00:00","mainEntityOfPage":{"@id":"https:\/\/novaorg.cofb.net\/2018\/03\/22\/introduccio-a-lepigenetica-i-aplicabilitat-en-la-medicina-personalitzada\/"},"wordCount":720,"commentCount":0,"publisher":{"@id":"https:\/\/www.cofb.org\/#organization"},"image":{"@id":"https:\/\/novaorg.cofb.net\/2018\/03\/22\/introduccio-a-lepigenetica-i-aplicabilitat-en-la-medicina-personalitzada\/#primaryimage"},"thumbnailUrl":"","keywords":["assajos cl\u00ednics i epigen\u00e8tica","cancer i epigen\u00e8tica","COFB","Col\u00b7legi de Farmac\u00e8utics","Col\u00b7legi de Farmac\u00e8utics de Barcelona","epigen\u00e8tica","farmac\u00e8utics","farm\u00e0cia i epigen\u00e8tica","Formaci\u00f3","medicina personalitzada","tecnologia"],"articleSection":["M\u00f3n col\u00b7legial"],"inLanguage":"es","potentialAction":[{"@type":"CommentAction","name":"Comment","target":["https:\/\/novaorg.cofb.net\/2018\/03\/22\/introduccio-a-lepigenetica-i-aplicabilitat-en-la-medicina-personalitzada\/#respond"]}]},{"@type":"WebPage","@id":"https:\/\/novaorg.cofb.net\/2018\/03\/22\/introduccio-a-lepigenetica-i-aplicabilitat-en-la-medicina-personalitzada\/","url":"https:\/\/novaorg.cofb.net\/2018\/03\/22\/introduccio-a-lepigenetica-i-aplicabilitat-en-la-medicina-personalitzada\/","name":"Introducci\u00f3 a l'epigen\u00e8tica i aplicabilitat en la medicina personalitzada - Col\u00b7legi de Farmac\u00e8utics de Barcelona","isPartOf":{"@id":"https:\/\/www.cofb.org\/#website"},"primaryImageOfPage":{"@id":"https:\/\/novaorg.cofb.net\/2018\/03\/22\/introduccio-a-lepigenetica-i-aplicabilitat-en-la-medicina-personalitzada\/#primaryimage"},"image":{"@id":"https:\/\/novaorg.cofb.net\/2018\/03\/22\/introduccio-a-lepigenetica-i-aplicabilitat-en-la-medicina-personalitzada\/#primaryimage"},"thumbnailUrl":"","datePublished":"2018-03-22T18:30:58+00:00","dateModified":"2018-03-22T18:30:58+00:00","description":"Els passats dies 5, 7 i 12 de mar\u00e7 el COFB va acollir el curs \"Introducci\u00f3 a l'epigen\u00e8tica i aplicabilitat en la medicina personalitzada\", adre\u00e7at a farmac\u00e8utics.","breadcrumb":{"@id":"https:\/\/novaorg.cofb.net\/2018\/03\/22\/introduccio-a-lepigenetica-i-aplicabilitat-en-la-medicina-personalitzada\/#breadcrumb"},"inLanguage":"es","potentialAction":[{"@type":"ReadAction","target":["https:\/\/novaorg.cofb.net\/2018\/03\/22\/introduccio-a-lepigenetica-i-aplicabilitat-en-la-medicina-personalitzada\/"]}]},{"@type":"ImageObject","inLanguage":"es","@id":"https:\/\/novaorg.cofb.net\/2018\/03\/22\/introduccio-a-lepigenetica-i-aplicabilitat-en-la-medicina-personalitzada\/#primaryimage","url":"","contentUrl":""},{"@type":"BreadcrumbList","@id":"https:\/\/novaorg.cofb.net\/2018\/03\/22\/introduccio-a-lepigenetica-i-aplicabilitat-en-la-medicina-personalitzada\/#breadcrumb","itemListElement":[{"@type":"ListItem","position":1,"name":"Inici","item":"https:\/\/novaorg.cofb.net\/"},{"@type":"ListItem","position":2,"name":"Introducci\u00f3 a l&#8217;epigen\u00e8tica i aplicabilitat en la medicina personalitzada"}]},{"@type":"WebSite","@id":"https:\/\/www.cofb.org\/#website","url":"https:\/\/www.cofb.org\/","name":"Col\u00b7legi de Farmac\u00e8utics de Barcelona","description":"","publisher":{"@id":"https:\/\/www.cofb.org\/#organization"},"potentialAction":[{"@type":"SearchAction","target":{"@type":"EntryPoint","urlTemplate":"https:\/\/www.cofb.org\/?s={search_term_string}"},"query-input":"required name=search_term_string"}],"inLanguage":"es"},{"@type":"Organization","@id":"https:\/\/www.cofb.org\/#organization","name":"Col\u00b7legi de Farmac\u00e8utics de Barcelona","url":"https:\/\/www.cofb.org\/","logo":{"@type":"ImageObject","inLanguage":"es","@id":"https:\/\/www.cofb.org\/#\/schema\/logo\/image\/","url":"https:\/\/www.cofb.org\/wp-content\/uploads\/2023\/11\/cropped-Logotip-COFB.png","contentUrl":"https:\/\/www.cofb.org\/wp-content\/uploads\/2023\/11\/cropped-Logotip-COFB.png","width":500,"height":105,"caption":"Col\u00b7legi de Farmac\u00e8utics de Barcelona"},"image":{"@id":"https:\/\/www.cofb.org\/#\/schema\/logo\/image\/"},"sameAs":["https:\/\/www.facebook.com\/farmaceuticsbcn\/","https:\/\/twitter.com\/farmaceuticsbcn","https:\/\/www.instagram.com\/farmaceuticsbcn\/","https:\/\/www.linkedin.com\/company\/farmaceuticsbcn\/"]},{"@type":"Person","@id":"https:\/\/www.cofb.org\/#\/schema\/person\/22ed7eea88da74b0fa4d3154ad87ffcb","name":"wpAdminCofbOrg","image":{"@type":"ImageObject","inLanguage":"es","@id":"https:\/\/www.cofb.org\/#\/schema\/person\/image\/","url":"https:\/\/secure.gravatar.com\/avatar\/1721b20b3b8ca882c3b56ec6c978c594fff670e40c0718e9190eaeeb76aae7d8?s=96&d=mm&r=g","contentUrl":"https:\/\/secure.gravatar.com\/avatar\/1721b20b3b8ca882c3b56ec6c978c594fff670e40c0718e9190eaeeb76aae7d8?s=96&d=mm&r=g","caption":"wpAdminCofbOrg"},"sameAs":["http:\/\/192.168.64.122\/wordpress"],"url":"https:\/\/www.cofb.org\/es\/author\/wpadmincofborg\/"}]}},"uagb_featured_image_src":{"full":false,"thumbnail":false,"medium":false,"medium_large":false,"large":false,"1536x1536":false,"2048x2048":false,"trp-custom-language-flag":false},"uagb_author_info":{"display_name":"wpAdminCofbOrg","author_link":"https:\/\/www.cofb.org\/es\/author\/wpadmincofborg\/"},"uagb_comment_info":0,"uagb_excerpt":"Els passats dies 5, 7 i 12 de mar\u00e7, el COFB, des de la seva aposta per la innovaci\u00f3, va acollir el curs &#8220;Introducci\u00f3 a l&#8217;epigen\u00e8tica i aplicabilitat en la medicina personalitzada&#8221;, adre\u00e7at a farmac\u00e8utics. Els objectius El curs tenia com a objectius principals: Introduir el farmac\u00e8utic en el m\u00f3n [&hellip;]","_links":{"self":[{"href":"https:\/\/www.cofb.org\/es\/wp-json\/wp\/v2\/posts\/38036","targetHints":{"allow":["GET"]}}],"collection":[{"href":"https:\/\/www.cofb.org\/es\/wp-json\/wp\/v2\/posts"}],"about":[{"href":"https:\/\/www.cofb.org\/es\/wp-json\/wp\/v2\/types\/post"}],"author":[{"embeddable":true,"href":"https:\/\/www.cofb.org\/es\/wp-json\/wp\/v2\/users\/1"}],"replies":[{"embeddable":true,"href":"https:\/\/www.cofb.org\/es\/wp-json\/wp\/v2\/comments?post=38036"}],"version-history":[{"count":0,"href":"https:\/\/www.cofb.org\/es\/wp-json\/wp\/v2\/posts\/38036\/revisions"}],"wp:featuredmedia":[{"embeddable":true,"href":"https:\/\/www.cofb.org\/es\/wp-json\/"}],"wp:attachment":[{"href":"https:\/\/www.cofb.org\/es\/wp-json\/wp\/v2\/media?parent=38036"}],"wp:term":[{"taxonomy":"category","embeddable":true,"href":"https:\/\/www.cofb.org\/es\/wp-json\/wp\/v2\/categories?post=38036"},{"taxonomy":"post_tag","embeddable":true,"href":"https:\/\/www.cofb.org\/es\/wp-json\/wp\/v2\/tags?post=38036"}],"curies":[{"name":"wp","href":"https:\/\/api.w.org\/{rel}","templated":true}]}}