{"id":37874,"date":"2018-03-16T18:27:26","date_gmt":"2018-03-16T16:27:26","guid":{"rendered":"https:\/\/blog.cofb.cat\/?p=37874"},"modified":"2018-03-16T18:27:26","modified_gmt":"2018-03-16T16:27:26","slug":"infarma-madrid-2018-tanca-amb-gran-exit-una-edicio-marcada-per-la-innovacio","status":"publish","type":"post","link":"https:\/\/www.cofb.org\/es\/2018\/03\/16\/infarma-madrid-2018-tanca-amb-gran-exit-una-edicio-marcada-per-la-innovacio\/","title":{"rendered":"Infarma Madrid 2018 cierra con gran \u00e9xito una edici\u00f3n marcada por la innovaci\u00f3n"},"content":{"rendered":"<p><strong>Infarma Madrid 2018 ha cerrado sus puertas con 33.850 visitantes profesionales -de los que\u00a0<\/strong><strong>3.450 congresistas-<\/strong>\u00a0y <strong>387 empresas<\/strong> del sector farmac\u00e9utico. \u00c9ste ha sido el balance final de un Congreso y Sal\u00f3n que se ha convertido en el <strong>foro farmac\u00e9utico de referencia del sector en Espa\u00f1a<\/strong>.<\/p>\n<p>Las cifras de la edici\u00f3n tambi\u00e9n incluyen <strong>m\u00e1s de 150 horas de an\u00e1lisis y debates sobre los retos a los que se enfrenta la farmacia<\/strong> -a la hora de responder a las necesidades de una poblaci\u00f3n m\u00e1s envejecida y cr\u00f3nica- y cerca de 1.000 marcas expuestas a lo largo de tres pabellones feriales de Ifema. <strong>Infarma ha logrado un nuevo r\u00e9cord de espacio ferial<\/strong>, al contratar 35.000 metros cuadrados, <strong>as\u00ed como de expositores presentes.<\/strong><\/p>\n<p><a href=\"https:\/\/blog.cofb.cat\/wp-content\/uploads\/2018\/02\/Infogr\u00e0fic-Infarma-Madrid-2018.png\"><img fetchpriority=\"high\" decoding=\"async\" class=\"aligncenter size-full wp-image-37916\" src=\"https:\/\/blog.cofb.cat\/wp-content\/uploads\/2018\/02\/Infogr\u00e0fic-Infarma-Madrid-2018.png\" alt=\"\" width=\"1019\" height=\"368\" \/><\/a><\/p>\n<div class=\"ast-oembed-container\" style=\"height: 100%;\"><iframe title=\"Infarma Madrid 2018\" width=\"500\" height=\"281\" src=\"https:\/\/www.youtube.com\/embed\/Eviv1uSJ4Bw?feature=oembed\" frameborder=\"0\" allow=\"accelerometer; autoplay; clipboard-write; encrypted-media; gyroscope; picture-in-picture; web-share\" referrerpolicy=\"strict-origin-when-cross-origin\" allowfullscreen><\/iframe><\/div>\n<p>&nbsp;<\/p>\n<h1><strong>El balance de Infarma 2018<\/strong><\/h1>\n<p>El acto de clausura cont\u00f3 con la presencia del viceconsejero de Sanidad de la Comunidad de Madrid y director general del Servicio Madrile\u00f1o de Salud (Sermas), Manuel Molina, el presidente del Colegio de Farmac\u00e9uticos de Madrid, Luis Gonz\u00e1lez y la vicepresidenta del Col colegio de Farmac\u00e9uticos de Barcelona, N\u00faria Bosch.<\/p>\n<p>Luis Gonz\u00e1lez, resalt\u00f3<strong> la gran participaci\u00f3n registrada<\/strong> durante los tres d\u00edas de Congreso y Sal\u00f3n, que para \u00e9l es \u201cun<strong> se\u00f1al excelente de que el sector de la Farmacia invierte, est\u00e1 al d\u00eda y preparado para competir, y que aspira a seguir creciendo<\/strong>\u201d.<\/p>\n<p>M\u00e1s all\u00e1 de destacar las cifras, el presidente del COFM tambi\u00e9n explic\u00f3 que <strong>esta edici\u00f3n de Infarma ser\u00e1 recordada por su car\u00e1cter innovador<\/strong> y que acredita que &quot;la farmacia vive enganchada a las necesidades de los ciudadanos&quot;. \u201cSabemos cu\u00e1les son los problemas de una poblaci\u00f3n envejecida, dependiente y con enfermedades cr\u00f3nicas, y <strong>estamos pidiendo espacio para plantear soluciones reales y efectivas en colaboraci\u00f3n con la Administraci\u00f3n, los ciudadanos y el resto de profesionales sanitarios<\/strong>\u201d, apunt\u00f3.<\/p>\n<figure id=\"attachment_37926\" aria-describedby=\"caption-attachment-37926\" style=\"width: 680px\" class=\"wp-caption aligncenter\"><a href=\"https:\/\/blog.cofb.cat\/wp-content\/uploads\/2018\/03\/Clausura-Infarma-2018_diariofarma.jpg\"><img decoding=\"async\" class=\"wp-image-37926 size-full\" title=\"Fotograf\u00eda de familia en la clausura de Infarma 2018. Fuente: DiarioFarma\" src=\"https:\/\/blog.cofb.cat\/wp-content\/uploads\/2018\/03\/Clausura-Infarma-2018_diariofarma.jpg\" alt=\"Fotografia de fam\u00edlia a la clausura d'Infarma 2018. Font: DiarioFarma\" width=\"680\" height=\"453\" \/><\/a><figcaption id=\"caption-attachment-37926\" class=\"wp-caption-text\">Fotograf\u00eda de familia en la clausura de Infarma 2018. Fuente: DiarioFarma<\/figcaption><\/figure>\n<p>La intervenci\u00f3n de Gonz\u00e1lez tambi\u00e9n incidi\u00f3 en el<strong>apuesta por la innovaci\u00f3n<\/strong>\u00a0de un evento que \u201cha sabido renovar el inter\u00e9s que despierta con nuevos escenarios como #<em>InfarmaInnova<\/em>, <em>Iniciativas de \u00e9xito<\/em> o el <em>Reto \u00c1gora<\/em> y nuevas actividades para seguir generando mayor valor a los visitantes, congresistas y expositores\u201d.<\/p>\n<p>Por otra parte, N\u00faria Bosch, vicepresidenta del COFB, agradeci\u00f3 a todos los asistentes de los 3 d\u00edas de Infarma que \u201chayan contribuido, de nuevo, al \u00e9xito de esta edici\u00f3n y hayan demostrado que <strong>somos una profesi\u00f3n en movimiento con ganas de seguir aportando valor a nuestro entorno<\/strong>\u201d.<\/p>\n<p>Bosch tambi\u00e9n <strong>destac\u00f3 que durante el Congreso y Sal\u00f3n se haya respirado \u201ccompa\u00f1erismo, inter\u00e9s por estar al d\u00eda de las novedades e ilusi\u00f3n por seguir mejorando la Farmacia<\/strong>\u201d.<\/p>\n<p>&nbsp;<\/p>\n<h1><strong>Presencia activa del COFB en Infarma 2018<\/strong><\/h1>\n<p>Esta edici\u00f3n ha vuelto a poner de manifiesto la estrecha colaboraci\u00f3n del Colegio de Farmac\u00e9uticos de Barcelona con el Colegio de Farmac\u00e9uticos de Madrid e Interalia, en la organizaci\u00f3n de Infarma.<br \/>\nAdem\u00e1s del trabajo organizativo conjunto, el COFB tuvo presencia activa en diversas actividades del Congreso:<\/p>\n<h2><strong>Acto inaugural<\/strong><\/h2>\n<p>El 13 de marzo tuvo lugar el acto de inauguraci\u00f3n de Infarma Madrid 2018 con la presencia del consejero de Sanidad de la Comunidad de Madrid, Enrique Ruiz Escudero. En los parlamentos, la vicepresidenta del COFB destac\u00f3 que <strong>Infarma &quot;es el punto de encuentro del sector para seguir avanzando como profesionales&quot;<\/strong> y que es &quot;una cita que ha sabido adaptarse a las necesidades del sector&quot;, defini\u00e9ndola como &quot;\u00fatil, enriquecedora y vital&quot;.<\/p>\n<figure id=\"attachment_37921\" aria-describedby=\"caption-attachment-37921\" style=\"width: 620px\" class=\"wp-caption aligncenter\"><a href=\"https:\/\/blog.cofb.cat\/wp-content\/uploads\/2018\/03\/Inauguraci\u00f3-Infarma.jpg\"><img decoding=\"async\" class=\"wp-image-37921 size-large\" title=\"\u00d3scar L\u00f3pez, vocal de Titulares de Oficinas de Farmacia del COFM; N\u00faria Bosch, vicepresidenta del COFB; Luis Gonz\u00e1lez, presidente del COFM; Jes\u00fas Aguilar, presidente del Consejo General; y Enrique Ruiz, consejero de Sanidad de la Comunidad de Madrid.\" src=\"https:\/\/blog.cofb.cat\/wp-content\/uploads\/2018\/03\/Inauguraci\u00f3-Infarma-1024x710.jpg\" alt=\"\u00d3scar L\u00f3pez, vocal de Titulares de Oficinas de Farm\u00e0cia del COFM; N\u00faria Bosch, vicepresidenta del COFB; Luis Gonz\u00e1lez, president del COFM; Jes\u00fas Aguilar, president del Consejo General; i Enrique Ruiz, consejero de Sanidad de la Comunidad de Madrid.\" width=\"620\" height=\"430\" \/><\/a><figcaption id=\"caption-attachment-37921\" class=\"wp-caption-text\">\u00d3scar L\u00f3pez, vocal de Titulares de Oficinas de Farmacia del COFM; N\u00faria Bosch, vicepresidenta del COFB; Luis Gonz\u00e1lez, presidente del COFM; Jes\u00fas Aguilar, presidente del Consejo General; y Enrique Ruiz, consejero de Sanidad de la Comunidad de Madrid.<\/figcaption><\/figure>\n<h2><strong>Beneficios de la tecnolog\u00eda en la oficina de farmacia<\/strong><\/h2>\n<p>Joan Calduch, tesorero del COFB, fue el encargado de introducir la conferencia &quot;\u00bfQu\u00e9 beneficios aportan las tecnolog\u00edas en la oficina de farmacia?&quot;.<\/p>\n<figure id=\"attachment_37907\" aria-describedby=\"caption-attachment-37907\" style=\"width: 966px\" class=\"wp-caption aligncenter\"><a href=\"https:\/\/blog.cofb.cat\/wp-content\/uploads\/2018\/03\/Beneficis-Tecnologia_edited.jpg\"><img loading=\"lazy\" decoding=\"async\" class=\"wp-image-37907 size-full\" title=\"Joan Calduch, tesorero del COFB, durante su presentaci\u00f3n de la conferencia.\" src=\"https:\/\/blog.cofb.cat\/wp-content\/uploads\/2018\/03\/Beneficis-Tecnologia_edited.jpg\" alt=\"Joan Calduch, tresorer del COFB, durant la seva presentaci\u00f3 de la confer\u00e8ncia.\" width=\"966\" height=\"640\" \/><\/a><figcaption id=\"caption-attachment-37907\" class=\"wp-caption-text\">Juan Calduch durante su presentaci\u00f3n de la conferencia.<\/figcaption><\/figure>\n<h2><strong>\u00bfC\u00f3mo, cu\u00e1ndo y por qu\u00e9 acceder a la historia cl\u00ednica?<\/strong><\/h2>\n<p>Francisca Aranzana, vocal de Oficina de Farmacia del COFB, present\u00f3 la conferencia \u201cAcceso a la historia cl\u00ednica: c\u00f3mo, cu\u00e1ndo y por qu\u00e9\u201d que cont\u00f3 con la participaci\u00f3n de Merc\u00e8 Gras, directora del \u00c1rea Jur\u00eddica, Administrativa, Deontol\u00f3gica y de Inspecci\u00f3n del COFB.<\/p>\n<figure id=\"attachment_37901\" aria-describedby=\"caption-attachment-37901\" style=\"width: 882px\" class=\"wp-caption aligncenter\"><a href=\"https:\/\/blog.cofb.cat\/wp-content\/uploads\/2018\/03\/Hist\u00f2ria-cl\u00ednica.jpg\"><img loading=\"lazy\" decoding=\"async\" class=\"wp-image-37901 size-full\" title=\"Francisca Aranzana y Merc\u00e8 Gras en un momento de la conferencia.\" src=\"https:\/\/blog.cofb.cat\/wp-content\/uploads\/2018\/03\/Hist\u00f2ria-cl\u00ednica.jpg\" alt=\"Francisca Aranzana i Merc\u00e8 Gras en un moment de la confer\u00e8ncia.\" width=\"882\" height=\"563\" \/><\/a><figcaption id=\"caption-attachment-37901\" class=\"wp-caption-text\">Francisca Aranzana y Merc\u00e8 Gras en un momento de la conferencia.<\/figcaption><\/figure>\n<h2><strong>Reto \u00c1gora<\/strong><\/h2>\n<p>Aina Surroca, vocal de la Junta de Gobierno del COFB y responsable de la Comisi\u00f3n Delegada de Formaci\u00f3n Continuada, inaugur\u00f3 con la charla \u201cViajero. Destino Vietnam\u201d, la actividad impulsada por \u00c1gora Sanitaria, que bajo el nombre de \u201c<strong>Reto \u00c1gora<\/strong>\u201d, puso a prueba los conocimientos de los farmac\u00e9uticos en diferentes casos pr\u00e1cticos relacionados con la oficina de farmacia.<\/p>\n<figure id=\"attachment_37904\" aria-describedby=\"caption-attachment-37904\" style=\"width: 930px\" class=\"wp-caption aligncenter\"><a href=\"https:\/\/blog.cofb.cat\/wp-content\/uploads\/2018\/03\/Reto-\u00c1gora-Aina-Surroca_Infarma.jpg\"><img loading=\"lazy\" decoding=\"async\" class=\"wp-image-37904 size-full\" title=\"Aina Surroca, vocal del COFB y responsable de la Comisi\u00f3n Delegada de Formaci\u00f3n Continuada, antes de empezar su charla.\" src=\"https:\/\/blog.cofb.cat\/wp-content\/uploads\/2018\/03\/Reto-\u00c1gora-Aina-Surroca_Infarma.jpg\" alt=\"Aina Surroca, vocal del COFB i responsable de la Comissi\u00f3 Delegada de Formaci\u00f3 Continuada, abans de comen\u00e7ar la seva xerrada.\" width=\"930\" height=\"670\" \/><\/a><figcaption id=\"caption-attachment-37904\" class=\"wp-caption-text\">Aina Surroca antes de empezar su charla.<\/figcaption><\/figure>\n<h2>\u00a0<strong>Recertificaci\u00f3n competencial del profesional<\/strong><\/h2>\n<p>N\u00faria Bosch, fue la encargada de presentar la conferencia &quot;Recertificaci\u00f3n competencial de los profesionales&quot;, que cont\u00f3 con la participaci\u00f3n del vicepresidente de la Asociaci\u00f3n Espa\u00f1ola de Derecho Sanitario, Julio S\u00e1nchez Fierro<\/p>\n<figure id=\"attachment_37905\" aria-describedby=\"caption-attachment-37905\" style=\"width: 595px\" class=\"wp-caption aligncenter\"><a href=\"https:\/\/blog.cofb.cat\/wp-content\/uploads\/2018\/03\/Recertificaci\u00f3-competencial_IMFarmacias.jpg\"><img loading=\"lazy\" decoding=\"async\" class=\"wp-image-37905 size-full\" title=\"Julio S\u00e1nchez Fierro y N\u00faria Bosch antes de arrancar la conferencia. Fuente: IMFarmacias\" src=\"https:\/\/blog.cofb.cat\/wp-content\/uploads\/2018\/03\/Recertificaci\u00f3-competencial_IMFarmacias.jpg\" alt=\"Julio S\u00e1nchez Fierro i N\u00faria Bosch abans d'arrencar la confer\u00e8ncia. Font: IMFarmacias\" width=\"595\" height=\"386\" \/><\/a><figcaption id=\"caption-attachment-37905\" class=\"wp-caption-text\">Julio S\u00e1nchez Fierro y N\u00faria Bosch antes de arrancar la conferencia. Fuente: IMFarmacias<\/figcaption><\/figure>\n<h2><strong>\u00bfQu\u00e9 se puede hacer desde la farmacia frente a la resistencia a los antibi\u00f3ticos?<\/strong><\/h2>\n<p>\u201cResistencia a los antibi\u00f3ticos: Panorama actual y qu\u00e9 podemos hacer desde la farmacia\u201d fue el t\u00edtulo de la mesa moderada por Pilar Gasc\u00f3n, vocal de Investigaci\u00f3n y Docencia del COFB y secretaria del Consejo de Colegios Farmac\u00e9uticos de Catalunya, en la que participaron Guillermo Bagaria, vicetesorero y responsable de Proyectos Profesionales del COFB, y Rafel Guayta-Escolies, director de Proyectos e Investigaci\u00f3n del Consejo de Colegios Farmac\u00e9uticos de Catalu\u00f1a.<\/p>\n<figure id=\"attachment_37910\" aria-describedby=\"caption-attachment-37910\" style=\"width: 642px\" class=\"wp-caption aligncenter\"><a href=\"https:\/\/blog.cofb.cat\/wp-content\/uploads\/2018\/03\/Resistencia-Antibi\u00f2tics_El-Global__edited.jpg\"><img loading=\"lazy\" decoding=\"async\" class=\"wp-image-37910 size-full\" title=\"Guillermo Bagaria, Rafael Guayta-Escolies y Pilar Gasc\u00f3n durante la mesa sobre antibi\u00f3ticos celebrada en Infarma. Fuente: El Global\" src=\"https:\/\/blog.cofb.cat\/wp-content\/uploads\/2018\/03\/Resistencia-Antibi\u00f2tics_El-Global__edited.jpg\" alt=\"Guillermo Bagaria, Rafel Guayta-Escolies i Pilar Gasc\u00f3n durant la taula sobre antibi\u00f2tics celebrada a Infarma. Font: El Global\" width=\"642\" height=\"350\" \/><\/a><figcaption id=\"caption-attachment-37910\" class=\"wp-caption-text\">Guillermo Bagaria, Rafael Guayta-Escolies y Pilar Gasc\u00f3n durante la mesa sobre antibi\u00f3ticos celebrada en Infarma. Fuente: El Global<\/figcaption><\/figure>\n<h2><strong>Clausura del Congreso<\/strong><\/h2>\n<p>Durante el acto de clausura, el presidente del Colegio de Farmac\u00e9uticos de Madrid, Luis Gonz\u00e1lez cedi\u00f3 el testigo de la organizaci\u00f3n de Infarma 2019 a la vicepresidenta del Colegio de Farmac\u00e9uticos de Barcelona, N\u00faria Bosch.<\/p>\n<figure id=\"attachment_37912\" aria-describedby=\"caption-attachment-37912\" style=\"width: 620px\" class=\"wp-caption aligncenter\"><a href=\"https:\/\/blog.cofb.cat\/wp-content\/uploads\/2018\/03\/Clausura-Infarma-2018.jpg\"><img loading=\"lazy\" decoding=\"async\" class=\"wp-image-37912 size-large\" title=\"Manuel Molina, viceconsejero de Sanidad de la Comunidad de Madrid, Nuria Bosch, vicepresidenta del COFB y Luis Gonz\u00e1lez, presidente del COFM.\" src=\"https:\/\/blog.cofb.cat\/wp-content\/uploads\/2018\/03\/Clausura-Infarma-2018-1024x755.jpg\" alt=\"Manuel Molina, viceconsejero de Sanidad de la Comunidad de Madrid, N\u00faria Bosch, vicepresidenta del COFB i Luis Gonz\u00e1lez, president del COFM.\" width=\"620\" height=\"457\" \/><\/a><figcaption id=\"caption-attachment-37912\" class=\"wp-caption-text\">Manuel Molina, viceconsejero de Sanidad de la Comunidad de Madrid, Nuria Bosch, vicepresidenta del COFB y Luis Gonz\u00e1lez, presidente del COFM.<\/figcaption><\/figure>\n<p><strong><div class=\"box note\"><\/strong><\/p>\n<h1><strong>Infarma Barcelona 2019 ya tiene fechas<\/strong><\/h1>\n<p>La pr\u00f3xima edici\u00f3n <strong>se celebrar\u00e1 en Barcelona\u00a0<span style=\"color: #ff0000;\">NUEVAS FECHAS! Del 19 al 21 de marzo de 2019<\/span>\u00a0\u00a0<\/strong><del>del 12 al 14 de marzo de 2019<\/del>.<br \/>\nEn el acto de clausura el Colegio de Madrid cedi\u00f3 el testigo al Colegio de Barcelona. N\u00faria Bosch, hizo referencia a esta pr\u00f3xima cita con Infarma, que se celebrar\u00e1 en la capital catalana. \u201cAhora, en Barcelona, <strong>tenemos un doble reto: hacer un a\u00f1o m\u00e1s sabio el Congreso y Sal\u00f3n y contribuir a su evoluci\u00f3n<\/strong>, con la mirada puesta en el paciente y en el <strong>valor a\u00f1adido que podemos aportar como profesionales sanitarios, m\u00e1s all\u00e1 de la dispensaci\u00f3n<\/strong>, para mejorar los resultados de salud\u201d. <strong><\/div><\/strong><\/p>\n<p><strong>M\u00e1s informaci\u00f3n sobre Infarma 2018:<\/strong><\/p>\n<ul>\n<li><a href=\"http:\/\/infarma.es\/prensa-videos-y-fotos\" target=\"_blank\" rel=\"noopener\">Consultar todos los v\u00eddeos y fotos de Infarma 2018<\/a><\/li>\n<li><a href=\"http:\/\/infarma.es\/prensa-noticias\" target=\"_blank\" rel=\"noopener\">Consultar todas las notas de prensa de Infarma en la web oficial<\/a><\/li>\n<li>Puedes seguir lo que <a href=\"https:\/\/twitter.com\/search?f=tweets&amp;vertical=default&amp;q=%23infarma2018%20from%3A%40farmaceuticsbcn&amp;src=typd\" target=\"_blank\" rel=\"noopener\">@farmaceuticsbcn ha publicado en Twitter relacionado con #Infarma2018<\/a><\/li>\n<\/ul>","protected":false},"excerpt":{"rendered":"<p>Infarma Madrid 2018 ha cerrado sus puertas con 33.850 visitantes profesionales -de los que 3.450 congresistas- y 387 empresas del sector farmac\u00e9utico. \u00c9ste ha sido el balance final de un Congreso y Sal\u00f3n que se ha convertido en el foro farmac\u00e9utico de referencia del sector en Espa\u00f1a. Las cifras de la edici\u00f3n tambi\u00e9n incluyen m\u00e1s de [\u2026]<\/p>","protected":false},"author":1,"featured_media":37908,"comment_status":"open","ping_status":"open","sticky":false,"template":"","format":"standard","meta":{"_uag_custom_page_level_css":"","site-sidebar-layout":"default","site-content-layout":"","ast-site-content-layout":"default","site-content-style":"default","site-sidebar-style":"default","ast-global-header-display":"","ast-banner-title-visibility":"","ast-main-header-display":"","ast-hfb-above-header-display":"","ast-hfb-below-header-display":"","ast-hfb-mobile-header-display":"","site-post-title":"","ast-breadcrumbs-content":"","ast-featured-img":"disabled","footer-sml-layout":"","theme-transparent-header-meta":"","adv-header-id-meta":"","stick-header-meta":"","header-above-stick-meta":"","header-main-stick-meta":"","header-below-stick-meta":"","astra-migrate-meta-layouts":"default","ast-page-background-enabled":"default","ast-page-background-meta":{"desktop":{"background-color":"var(--ast-global-color-4)","background-image":"","background-repeat":"repeat","background-position":"center center","background-size":"auto","background-attachment":"scroll","background-type":"","background-media":"","overlay-type":"","overlay-color":"","overlay-opacity":"","overlay-gradient":""},"tablet":{"background-color":"","background-image":"","background-repeat":"repeat","background-position":"center center","background-size":"auto","background-attachment":"scroll","background-type":"","background-media":"","overlay-type":"","overlay-color":"","overlay-opacity":"","overlay-gradient":""},"mobile":{"background-color":"","background-image":"","background-repeat":"repeat","background-position":"center center","background-size":"auto","background-attachment":"scroll","background-type":"","background-media":"","overlay-type":"","overlay-color":"","overlay-opacity":"","overlay-gradient":""}},"ast-content-background-meta":{"desktop":{"background-color":"var(--ast-global-color-5)","background-image":"","background-repeat":"repeat","background-position":"center center","background-size":"auto","background-attachment":"scroll","background-type":"","background-media":"","overlay-type":"","overlay-color":"","overlay-opacity":"","overlay-gradient":""},"tablet":{"background-color":"var(--ast-global-color-5)","background-image":"","background-repeat":"repeat","background-position":"center center","background-size":"auto","background-attachment":"scroll","background-type":"","background-media":"","overlay-type":"","overlay-color":"","overlay-opacity":"","overlay-gradient":""},"mobile":{"background-color":"var(--ast-global-color-5)","background-image":"","background-repeat":"repeat","background-position":"center center","background-size":"auto","background-attachment":"scroll","background-type":"","background-media":"","overlay-type":"","overlay-color":"","overlay-opacity":"","overlay-gradient":""}},"footnotes":""},"categories":[23,2165],"tags":[18,110,19,940,111,53,68,28,2890,164,2990,509],"class_list":["post-37874","post","type-post","status-publish","format-standard","has-post-thumbnail","hentry","category-destacats","category-infarma","tag-cofb","tag-cofm","tag-collegi-de-farmaceutics-de-barcelona","tag-conferencies","tag-congres","tag-farmaceutics","tag-farmacia","tag-infarma","tag-infarma-madrid-2018","tag-infarma-solidari","tag-infarmainnova","tag-salo"],"yoast_head":"<!-- This site is optimized with the Yoast SEO plugin v22.4 - https:\/\/yoast.com\/wordpress\/plugins\/seo\/ -->\n<title>Infarma Madrid 2018 tanca amb gran \u00e8xit una edici\u00f3 marcada per la innovaci\u00f3 - Col\u00b7legi de Farmac\u00e8utics de Barcelona<\/title>\n<meta name=\"description\" content=\"Infarma Madrid 2018 ha tancat les seves portes amb 33.850 visitants professionals -dels quals\u00a03.450 congressistes-\u00a0 i 387 empreses del sector farmac\u00e8utic. Aquest ha estat el balan\u00e7 final d un Congr\u00e9s i Sal\u00f3 que ha esdevingut el f\u00f2rum farmac\u00e8utic de refer\u00e8ncia del sector a Espanya.\" \/>\n<meta name=\"robots\" content=\"index, follow, max-snippet:-1, max-image-preview:large, max-video-preview:-1\" \/>\n<link rel=\"canonical\" href=\"https:\/\/www.cofb.org\/es\/2018\/03\/16\/infarma-madrid-2018-tanca-amb-gran-exit-una-edicio-marcada-per-la-innovacio\/\" \/>\n<meta property=\"og:locale\" content=\"es_ES\" \/>\n<meta property=\"og:type\" content=\"article\" \/>\n<meta property=\"og:title\" content=\"Infarma Madrid 2018 tanca amb gran \u00e8xit una edici\u00f3 marcada per la innovaci\u00f3 - Col\u00b7legi de Farmac\u00e8utics de Barcelona\" \/>\n<meta property=\"og:description\" content=\"Infarma Madrid 2018 ha tancat les seves portes amb 33.850 visitants professionals -dels quals\u00a03.450 congressistes-\u00a0 i 387 empreses del sector farmac\u00e8utic. Aquest ha estat el balan\u00e7 final d un Congr\u00e9s i Sal\u00f3 que ha esdevingut el f\u00f2rum farmac\u00e8utic de refer\u00e8ncia del sector a Espanya.\" \/>\n<meta property=\"og:url\" content=\"https:\/\/www.cofb.org\/es\/2018\/03\/16\/infarma-madrid-2018-tanca-amb-gran-exit-una-edicio-marcada-per-la-innovacio\/\" \/>\n<meta property=\"og:site_name\" content=\"Col\u00b7legi de Farmac\u00e8utics de Barcelona\" \/>\n<meta property=\"article:publisher\" content=\"https:\/\/www.facebook.com\/farmaceuticsbcn\/\" \/>\n<meta property=\"article:published_time\" content=\"2018-03-16T16:27:26+00:00\" \/>\n<meta name=\"author\" content=\"wpAdminCofbOrg\" \/>\n<meta name=\"twitter:card\" content=\"summary_large_image\" \/>\n<meta name=\"twitter:creator\" content=\"@farmaceuticsbcn\" \/>\n<meta name=\"twitter:site\" content=\"@farmaceuticsbcn\" \/>\n<meta name=\"twitter:label1\" content=\"Escrito por\" \/>\n\t<meta name=\"twitter:data1\" content=\"wpAdminCofbOrg\" \/>\n\t<meta name=\"twitter:label2\" content=\"Tiempo de lectura\" \/>\n\t<meta name=\"twitter:data2\" content=\"6 minutos\" \/>\n<script type=\"application\/ld+json\" class=\"yoast-schema-graph\">{\"@context\":\"https:\/\/schema.org\",\"@graph\":[{\"@type\":\"Article\",\"@id\":\"https:\/\/www.cofb.org\/2018\/03\/16\/infarma-madrid-2018-tanca-amb-gran-exit-una-edicio-marcada-per-la-innovacio\/#article\",\"isPartOf\":{\"@id\":\"https:\/\/www.cofb.org\/2018\/03\/16\/infarma-madrid-2018-tanca-amb-gran-exit-una-edicio-marcada-per-la-innovacio\/\"},\"author\":{\"name\":\"wpAdminCofbOrg\",\"@id\":\"https:\/\/www.cofb.org\/#\/schema\/person\/22ed7eea88da74b0fa4d3154ad87ffcb\"},\"headline\":\"Infarma Madrid 2018 tanca amb gran \u00e8xit una edici\u00f3 marcada per la innovaci\u00f3\",\"datePublished\":\"2018-03-16T16:27:26+00:00\",\"dateModified\":\"2018-03-16T16:27:26+00:00\",\"mainEntityOfPage\":{\"@id\":\"https:\/\/www.cofb.org\/2018\/03\/16\/infarma-madrid-2018-tanca-amb-gran-exit-una-edicio-marcada-per-la-innovacio\/\"},\"wordCount\":1307,\"commentCount\":0,\"publisher\":{\"@id\":\"https:\/\/www.cofb.org\/#organization\"},\"image\":{\"@id\":\"https:\/\/www.cofb.org\/2018\/03\/16\/infarma-madrid-2018-tanca-amb-gran-exit-una-edicio-marcada-per-la-innovacio\/#primaryimage\"},\"thumbnailUrl\":\"\",\"keywords\":[\"COFB\",\"COFM\",\"Col\u00b7legi de Farmac\u00e8utics de Barcelona\",\"Confer\u00e8ncies\",\"Congr\u00e8s\",\"farmac\u00e8utics\",\"Farm\u00e0cia\",\"Infarma\",\"Infarma Madrid 2018\",\"Infarma Solidari\",\"InfarmaInnova\",\"Sal\u00f3\"],\"articleSection\":[\"Destacats\",\"Infarma\"],\"inLanguage\":\"es\",\"potentialAction\":[{\"@type\":\"CommentAction\",\"name\":\"Comment\",\"target\":[\"https:\/\/www.cofb.org\/2018\/03\/16\/infarma-madrid-2018-tanca-amb-gran-exit-una-edicio-marcada-per-la-innovacio\/#respond\"]}]},{\"@type\":\"WebPage\",\"@id\":\"https:\/\/www.cofb.org\/2018\/03\/16\/infarma-madrid-2018-tanca-amb-gran-exit-una-edicio-marcada-per-la-innovacio\/\",\"url\":\"https:\/\/www.cofb.org\/2018\/03\/16\/infarma-madrid-2018-tanca-amb-gran-exit-una-edicio-marcada-per-la-innovacio\/\",\"name\":\"Infarma Madrid 2018 tanca amb gran \u00e8xit una edici\u00f3 marcada per la innovaci\u00f3 - Col\u00b7legi de Farmac\u00e8utics de Barcelona\",\"isPartOf\":{\"@id\":\"https:\/\/www.cofb.org\/#website\"},\"primaryImageOfPage\":{\"@id\":\"https:\/\/www.cofb.org\/2018\/03\/16\/infarma-madrid-2018-tanca-amb-gran-exit-una-edicio-marcada-per-la-innovacio\/#primaryimage\"},\"image\":{\"@id\":\"https:\/\/www.cofb.org\/2018\/03\/16\/infarma-madrid-2018-tanca-amb-gran-exit-una-edicio-marcada-per-la-innovacio\/#primaryimage\"},\"thumbnailUrl\":\"\",\"datePublished\":\"2018-03-16T16:27:26+00:00\",\"dateModified\":\"2018-03-16T16:27:26+00:00\",\"description\":\"Infarma Madrid 2018 ha tancat les seves portes amb 33.850 visitants professionals -dels quals\u00a03.450 congressistes-\u00a0 i 387 empreses del sector farmac\u00e8utic. Aquest ha estat el balan\u00e7 final d un Congr\u00e9s i Sal\u00f3 que ha esdevingut el f\u00f2rum farmac\u00e8utic de refer\u00e8ncia del sector a Espanya.\",\"breadcrumb\":{\"@id\":\"https:\/\/www.cofb.org\/2018\/03\/16\/infarma-madrid-2018-tanca-amb-gran-exit-una-edicio-marcada-per-la-innovacio\/#breadcrumb\"},\"inLanguage\":\"es\",\"potentialAction\":[{\"@type\":\"ReadAction\",\"target\":[\"https:\/\/www.cofb.org\/2018\/03\/16\/infarma-madrid-2018-tanca-amb-gran-exit-una-edicio-marcada-per-la-innovacio\/\"]}]},{\"@type\":\"ImageObject\",\"inLanguage\":\"es\",\"@id\":\"https:\/\/www.cofb.org\/2018\/03\/16\/infarma-madrid-2018-tanca-amb-gran-exit-una-edicio-marcada-per-la-innovacio\/#primaryimage\",\"url\":\"\",\"contentUrl\":\"\"},{\"@type\":\"BreadcrumbList\",\"@id\":\"https:\/\/www.cofb.org\/2018\/03\/16\/infarma-madrid-2018-tanca-amb-gran-exit-una-edicio-marcada-per-la-innovacio\/#breadcrumb\",\"itemListElement\":[{\"@type\":\"ListItem\",\"position\":1,\"name\":\"Inici\",\"item\":\"https:\/\/novaorg.cofb.net\/\"},{\"@type\":\"ListItem\",\"position\":2,\"name\":\"Infarma Madrid 2018 tanca amb gran \u00e8xit una edici\u00f3 marcada per la innovaci\u00f3\"}]},{\"@type\":\"WebSite\",\"@id\":\"https:\/\/www.cofb.org\/#website\",\"url\":\"https:\/\/www.cofb.org\/\",\"name\":\"Col\u00b7legi de Farmac\u00e8utics de Barcelona\",\"description\":\"\",\"publisher\":{\"@id\":\"https:\/\/www.cofb.org\/#organization\"},\"potentialAction\":[{\"@type\":\"SearchAction\",\"target\":{\"@type\":\"EntryPoint\",\"urlTemplate\":\"https:\/\/www.cofb.org\/?s={search_term_string}\"},\"query-input\":\"required name=search_term_string\"}],\"inLanguage\":\"es\"},{\"@type\":\"Organization\",\"@id\":\"https:\/\/www.cofb.org\/#organization\",\"name\":\"Col\u00b7legi de Farmac\u00e8utics de Barcelona\",\"url\":\"https:\/\/www.cofb.org\/\",\"logo\":{\"@type\":\"ImageObject\",\"inLanguage\":\"es\",\"@id\":\"https:\/\/www.cofb.org\/#\/schema\/logo\/image\/\",\"url\":\"https:\/\/www.cofb.org\/wp-content\/uploads\/2023\/11\/cropped-Logotip-COFB.png\",\"contentUrl\":\"https:\/\/www.cofb.org\/wp-content\/uploads\/2023\/11\/cropped-Logotip-COFB.png\",\"width\":500,\"height\":105,\"caption\":\"Col\u00b7legi de Farmac\u00e8utics de Barcelona\"},\"image\":{\"@id\":\"https:\/\/www.cofb.org\/#\/schema\/logo\/image\/\"},\"sameAs\":[\"https:\/\/www.facebook.com\/farmaceuticsbcn\/\",\"https:\/\/twitter.com\/farmaceuticsbcn\",\"https:\/\/www.instagram.com\/farmaceuticsbcn\/\",\"https:\/\/www.linkedin.com\/company\/farmaceuticsbcn\/\"]},{\"@type\":\"Person\",\"@id\":\"https:\/\/www.cofb.org\/#\/schema\/person\/22ed7eea88da74b0fa4d3154ad87ffcb\",\"name\":\"wpAdminCofbOrg\",\"image\":{\"@type\":\"ImageObject\",\"inLanguage\":\"es\",\"@id\":\"https:\/\/www.cofb.org\/#\/schema\/person\/image\/\",\"url\":\"https:\/\/secure.gravatar.com\/avatar\/1721b20b3b8ca882c3b56ec6c978c594fff670e40c0718e9190eaeeb76aae7d8?s=96&d=mm&r=g\",\"contentUrl\":\"https:\/\/secure.gravatar.com\/avatar\/1721b20b3b8ca882c3b56ec6c978c594fff670e40c0718e9190eaeeb76aae7d8?s=96&d=mm&r=g\",\"caption\":\"wpAdminCofbOrg\"},\"sameAs\":[\"http:\/\/192.168.64.122\/wordpress\"],\"url\":\"https:\/\/www.cofb.org\/es\/author\/wpadmincofborg\/\"}]}<\/script>\n<!-- \/ Yoast SEO plugin. -->","yoast_head_json":{"title":"Infarma Madrid 2018 tanca amb gran \u00e8xit una edici\u00f3 marcada per la innovaci\u00f3 - Col\u00b7legi de Farmac\u00e8utics de Barcelona","description":"Infarma Madrid 2018 ha tancat les seves portes amb 33.850 visitants professionals -dels quals\u00a03.450 congressistes-\u00a0 i 387 empreses del sector farmac\u00e8utic. Aquest ha estat el balan\u00e7 final d un Congr\u00e9s i Sal\u00f3 que ha esdevingut el f\u00f2rum farmac\u00e8utic de refer\u00e8ncia del sector a Espanya.","robots":{"index":"index","follow":"follow","max-snippet":"max-snippet:-1","max-image-preview":"max-image-preview:large","max-video-preview":"max-video-preview:-1"},"canonical":"https:\/\/www.cofb.org\/es\/2018\/03\/16\/infarma-madrid-2018-tanca-amb-gran-exit-una-edicio-marcada-per-la-innovacio\/","og_locale":"es_ES","og_type":"article","og_title":"Infarma Madrid 2018 tanca amb gran \u00e8xit una edici\u00f3 marcada per la innovaci\u00f3 - Col\u00b7legi de Farmac\u00e8utics de Barcelona","og_description":"Infarma Madrid 2018 ha tancat les seves portes amb 33.850 visitants professionals -dels quals\u00a03.450 congressistes-\u00a0 i 387 empreses del sector farmac\u00e8utic. Aquest ha estat el balan\u00e7 final d un Congr\u00e9s i Sal\u00f3 que ha esdevingut el f\u00f2rum farmac\u00e8utic de refer\u00e8ncia del sector a Espanya.","og_url":"https:\/\/www.cofb.org\/es\/2018\/03\/16\/infarma-madrid-2018-tanca-amb-gran-exit-una-edicio-marcada-per-la-innovacio\/","og_site_name":"Col\u00b7legi de Farmac\u00e8utics de Barcelona","article_publisher":"https:\/\/www.facebook.com\/farmaceuticsbcn\/","article_published_time":"2018-03-16T16:27:26+00:00","author":"wpAdminCofbOrg","twitter_card":"summary_large_image","twitter_creator":"@farmaceuticsbcn","twitter_site":"@farmaceuticsbcn","twitter_misc":{"Escrito por":"wpAdminCofbOrg","Tiempo de lectura":"6 minutos"},"schema":{"@context":"https:\/\/schema.org","@graph":[{"@type":"Article","@id":"https:\/\/www.cofb.org\/2018\/03\/16\/infarma-madrid-2018-tanca-amb-gran-exit-una-edicio-marcada-per-la-innovacio\/#article","isPartOf":{"@id":"https:\/\/www.cofb.org\/2018\/03\/16\/infarma-madrid-2018-tanca-amb-gran-exit-una-edicio-marcada-per-la-innovacio\/"},"author":{"name":"wpAdminCofbOrg","@id":"https:\/\/www.cofb.org\/#\/schema\/person\/22ed7eea88da74b0fa4d3154ad87ffcb"},"headline":"Infarma Madrid 2018 tanca amb gran \u00e8xit una edici\u00f3 marcada per la innovaci\u00f3","datePublished":"2018-03-16T16:27:26+00:00","dateModified":"2018-03-16T16:27:26+00:00","mainEntityOfPage":{"@id":"https:\/\/www.cofb.org\/2018\/03\/16\/infarma-madrid-2018-tanca-amb-gran-exit-una-edicio-marcada-per-la-innovacio\/"},"wordCount":1307,"commentCount":0,"publisher":{"@id":"https:\/\/www.cofb.org\/#organization"},"image":{"@id":"https:\/\/www.cofb.org\/2018\/03\/16\/infarma-madrid-2018-tanca-amb-gran-exit-una-edicio-marcada-per-la-innovacio\/#primaryimage"},"thumbnailUrl":"","keywords":["COFB","COFM","Col\u00b7legi de Farmac\u00e8utics de Barcelona","Confer\u00e8ncies","Congr\u00e8s","farmac\u00e8utics","Farm\u00e0cia","Infarma","Infarma Madrid 2018","Infarma Solidari","InfarmaInnova","Sal\u00f3"],"articleSection":["Destacats","Infarma"],"inLanguage":"es","potentialAction":[{"@type":"CommentAction","name":"Comment","target":["https:\/\/www.cofb.org\/2018\/03\/16\/infarma-madrid-2018-tanca-amb-gran-exit-una-edicio-marcada-per-la-innovacio\/#respond"]}]},{"@type":"WebPage","@id":"https:\/\/www.cofb.org\/2018\/03\/16\/infarma-madrid-2018-tanca-amb-gran-exit-una-edicio-marcada-per-la-innovacio\/","url":"https:\/\/www.cofb.org\/2018\/03\/16\/infarma-madrid-2018-tanca-amb-gran-exit-una-edicio-marcada-per-la-innovacio\/","name":"Infarma Madrid 2018 tanca amb gran \u00e8xit una edici\u00f3 marcada per la innovaci\u00f3 - Col\u00b7legi de Farmac\u00e8utics de Barcelona","isPartOf":{"@id":"https:\/\/www.cofb.org\/#website"},"primaryImageOfPage":{"@id":"https:\/\/www.cofb.org\/2018\/03\/16\/infarma-madrid-2018-tanca-amb-gran-exit-una-edicio-marcada-per-la-innovacio\/#primaryimage"},"image":{"@id":"https:\/\/www.cofb.org\/2018\/03\/16\/infarma-madrid-2018-tanca-amb-gran-exit-una-edicio-marcada-per-la-innovacio\/#primaryimage"},"thumbnailUrl":"","datePublished":"2018-03-16T16:27:26+00:00","dateModified":"2018-03-16T16:27:26+00:00","description":"Infarma Madrid 2018 ha tancat les seves portes amb 33.850 visitants professionals -dels quals\u00a03.450 congressistes-\u00a0 i 387 empreses del sector farmac\u00e8utic. Aquest ha estat el balan\u00e7 final d un Congr\u00e9s i Sal\u00f3 que ha esdevingut el f\u00f2rum farmac\u00e8utic de refer\u00e8ncia del sector a Espanya.","breadcrumb":{"@id":"https:\/\/www.cofb.org\/2018\/03\/16\/infarma-madrid-2018-tanca-amb-gran-exit-una-edicio-marcada-per-la-innovacio\/#breadcrumb"},"inLanguage":"es","potentialAction":[{"@type":"ReadAction","target":["https:\/\/www.cofb.org\/2018\/03\/16\/infarma-madrid-2018-tanca-amb-gran-exit-una-edicio-marcada-per-la-innovacio\/"]}]},{"@type":"ImageObject","inLanguage":"es","@id":"https:\/\/www.cofb.org\/2018\/03\/16\/infarma-madrid-2018-tanca-amb-gran-exit-una-edicio-marcada-per-la-innovacio\/#primaryimage","url":"","contentUrl":""},{"@type":"BreadcrumbList","@id":"https:\/\/www.cofb.org\/2018\/03\/16\/infarma-madrid-2018-tanca-amb-gran-exit-una-edicio-marcada-per-la-innovacio\/#breadcrumb","itemListElement":[{"@type":"ListItem","position":1,"name":"Inici","item":"https:\/\/novaorg.cofb.net\/"},{"@type":"ListItem","position":2,"name":"Infarma Madrid 2018 tanca amb gran \u00e8xit una edici\u00f3 marcada per la innovaci\u00f3"}]},{"@type":"WebSite","@id":"https:\/\/www.cofb.org\/#website","url":"https:\/\/www.cofb.org\/","name":"Col\u00b7legi de Farmac\u00e8utics de Barcelona","description":"","publisher":{"@id":"https:\/\/www.cofb.org\/#organization"},"potentialAction":[{"@type":"SearchAction","target":{"@type":"EntryPoint","urlTemplate":"https:\/\/www.cofb.org\/?s={search_term_string}"},"query-input":"required name=search_term_string"}],"inLanguage":"es"},{"@type":"Organization","@id":"https:\/\/www.cofb.org\/#organization","name":"Col\u00b7legi de Farmac\u00e8utics de Barcelona","url":"https:\/\/www.cofb.org\/","logo":{"@type":"ImageObject","inLanguage":"es","@id":"https:\/\/www.cofb.org\/#\/schema\/logo\/image\/","url":"https:\/\/www.cofb.org\/wp-content\/uploads\/2023\/11\/cropped-Logotip-COFB.png","contentUrl":"https:\/\/www.cofb.org\/wp-content\/uploads\/2023\/11\/cropped-Logotip-COFB.png","width":500,"height":105,"caption":"Col\u00b7legi de Farmac\u00e8utics de Barcelona"},"image":{"@id":"https:\/\/www.cofb.org\/#\/schema\/logo\/image\/"},"sameAs":["https:\/\/www.facebook.com\/farmaceuticsbcn\/","https:\/\/twitter.com\/farmaceuticsbcn","https:\/\/www.instagram.com\/farmaceuticsbcn\/","https:\/\/www.linkedin.com\/company\/farmaceuticsbcn\/"]},{"@type":"Person","@id":"https:\/\/www.cofb.org\/#\/schema\/person\/22ed7eea88da74b0fa4d3154ad87ffcb","name":"wpAdminCofbOrg","image":{"@type":"ImageObject","inLanguage":"es","@id":"https:\/\/www.cofb.org\/#\/schema\/person\/image\/","url":"https:\/\/secure.gravatar.com\/avatar\/1721b20b3b8ca882c3b56ec6c978c594fff670e40c0718e9190eaeeb76aae7d8?s=96&d=mm&r=g","contentUrl":"https:\/\/secure.gravatar.com\/avatar\/1721b20b3b8ca882c3b56ec6c978c594fff670e40c0718e9190eaeeb76aae7d8?s=96&d=mm&r=g","caption":"wpAdminCofbOrg"},"sameAs":["http:\/\/192.168.64.122\/wordpress"],"url":"https:\/\/www.cofb.org\/es\/author\/wpadmincofborg\/"}]}},"uagb_featured_image_src":{"full":false,"thumbnail":false,"medium":false,"medium_large":false,"large":false,"1536x1536":false,"2048x2048":false,"trp-custom-language-flag":false},"uagb_author_info":{"display_name":"wpAdminCofbOrg","author_link":"https:\/\/www.cofb.org\/es\/author\/wpadmincofborg\/"},"uagb_comment_info":0,"uagb_excerpt":"Infarma Madrid 2018 ha tancat les seves portes amb 33.850 visitants professionals -dels quals\u00a03.450 congressistes-\u00a0i 387 empreses del sector farmac\u00e8utic. Aquest ha estat el balan\u00e7 final d&#8217;un Congr\u00e9s i Sal\u00f3 que ha esdevingut el f\u00f2rum farmac\u00e8utic de refer\u00e8ncia del sector a Espanya. Les xifres de l\u2019edici\u00f3 tamb\u00e9 inclouen m\u00e9s de [&hellip;]","_links":{"self":[{"href":"https:\/\/www.cofb.org\/es\/wp-json\/wp\/v2\/posts\/37874","targetHints":{"allow":["GET"]}}],"collection":[{"href":"https:\/\/www.cofb.org\/es\/wp-json\/wp\/v2\/posts"}],"about":[{"href":"https:\/\/www.cofb.org\/es\/wp-json\/wp\/v2\/types\/post"}],"author":[{"embeddable":true,"href":"https:\/\/www.cofb.org\/es\/wp-json\/wp\/v2\/users\/1"}],"replies":[{"embeddable":true,"href":"https:\/\/www.cofb.org\/es\/wp-json\/wp\/v2\/comments?post=37874"}],"version-history":[{"count":0,"href":"https:\/\/www.cofb.org\/es\/wp-json\/wp\/v2\/posts\/37874\/revisions"}],"wp:featuredmedia":[{"embeddable":true,"href":"https:\/\/www.cofb.org\/es\/wp-json\/"}],"wp:attachment":[{"href":"https:\/\/www.cofb.org\/es\/wp-json\/wp\/v2\/media?parent=37874"}],"wp:term":[{"taxonomy":"category","embeddable":true,"href":"https:\/\/www.cofb.org\/es\/wp-json\/wp\/v2\/categories?post=37874"},{"taxonomy":"post_tag","embeddable":true,"href":"https:\/\/www.cofb.org\/es\/wp-json\/wp\/v2\/tags?post=37874"}],"curies":[{"name":"wp","href":"https:\/\/api.w.org\/{rel}","templated":true}]}}