{"id":37766,"date":"2018-03-15T20:15:21","date_gmt":"2018-03-15T18:15:21","guid":{"rendered":"https:\/\/blog.cofb.cat\/?p=37766"},"modified":"2018-03-15T20:15:21","modified_gmt":"2018-03-15T18:15:21","slug":"saprova-nou-codi-deontologia-professio-farmaceutica","status":"publish","type":"post","link":"https:\/\/www.cofb.org\/es\/2018\/03\/15\/saprova-nou-codi-deontologia-professio-farmaceutica\/","title":{"rendered":"Se aprueba el nuevo C\u00f3digo de Deontolog\u00eda de la Profesi\u00f3n Farmac\u00e9utica"},"content":{"rendered":"<p>El pasado <strong>7 de marzo<\/strong> se celebr\u00f3 la Asamblea General de Colegios en la que se debati\u00f3 y aprob\u00f3 el nuevo <strong>C\u00f3digo Deontol\u00f3gico de la Profesi\u00f3n<\/strong> <strong>Farmac\u00e9utica<\/strong>. Al acto, asistieron <strong>Nuria Bosch,\u00a0<\/strong>vicepresidenta del COFB, y <strong>Xavier Prat, <\/strong>antiguo vocal de la Junta del COFB y, anteriormente, jefe de la Comisi\u00f3n de Deontolog\u00eda, que ha participado activamente en el Grupo de trabajo para la redacci\u00f3n de este documento.<\/p>\n<p>El objetivo del C\u00f3digo aprobado es <strong>complementar la normativa legal<\/strong> para garantizar la calidad en la atenci\u00f3n y el mantenimiento de los principios \u00e9ticos profesionales que la sociedad demanda en la profesi\u00f3n farmac\u00e9utica. Adem\u00e1s, tambi\u00e9n recoge el <strong>compromiso de los farmac\u00e9uticos con la mejora de la salud y de la calidad de vida de los ciudadanos<\/strong>.<\/p>\n<p>Por un lado,<strong> N\u00faria Bosch<\/strong>, destac\u00f3 que la redacci\u00f3n del documento es <strong>&quot;un gran paso por la profesi\u00f3n, en defensa de la \u00e9tica y profesionalidad de los farmac\u00e9uticos en todos los \u00e1mbitos de actuaci\u00f3n&quot;<\/strong>. Por otra parte, <strong>Xavier Prat <\/strong>explic\u00f3 que la aprobaci\u00f3n del C\u00f3digo supone <strong>&quot;haber puesto orden en aspectos que ya exist\u00edan en el campo de la deontolog\u00eda y haber unificado criterios&quot;<\/strong>.<\/p>\n<figure id=\"attachment_37855\" aria-describedby=\"caption-attachment-37855\" style=\"width: 670px\" class=\"wp-caption aligncenter\"><a href=\"https:\/\/blog.cofb.cat\/wp-content\/uploads\/2018\/03\/2018-Codigo-Deontologico-Profesion-FarmaceuticaRP.jpg\"><img fetchpriority=\"high\" decoding=\"async\" class=\"wp-image-37855 size-full\" src=\"https:\/\/blog.cofb.cat\/wp-content\/uploads\/2018\/03\/2018-Codigo-Deontologico-Profesion-FarmaceuticaRP.jpg\" alt=\"Jes\u00fas Aguilar, president del Consejo Oficial del Colegios Farmac\u00e9uticos, amb la comissi\u00f3 del Consell que va elaborar el Codi Deontol\u00f2gic. \" width=\"670\" height=\"372\" \/><\/a><figcaption id=\"caption-attachment-37855\" class=\"wp-caption-text\">Jes\u00fas Aguilar, presidente del Consejo General de Colegios Farmac\u00e9uticos, con la comisi\u00f3n que elabor\u00f3 el C\u00f3digo Deontol\u00f3gico (con Xavier Prat, antiguo vocal de la Junta del COFB y, anteriormente, jefe de la Comisi\u00f3n de Deontolog\u00eda \u2013 de pie empezando por la derecha ). Fuente: Portalfarma.<\/figcaption><\/figure>\n<p><strong>Jes\u00fas Aguilar<\/strong>, presidente del Consejo General de Colegios Farmac\u00e9uticos, puso de manifiesto la \u201c<strong>importancia de este nuevo marco deontol\u00f3gico<\/strong>, adaptado a la realidad social y sanitaria, y que supone un <strong>ejercicio de buen gobierno y transparencia<\/strong>, en el marco de la Responsabilidad Social de la Profesi\u00f3n Farmac\u00e9utica\u201d. Aguilar a\u00f1adi\u00f3 que <strong>con la presentaci\u00f3n del C\u00f3digo culminaba un trabajo que hab\u00eda comenzado hace dos a\u00f1os, <\/strong>concretamente en abril de 2016. Desde entonces, el texto ha sido debatido en ocho reuniones de la Organizaci\u00f3n Farmac\u00e9utica (llenos, asambleas, reuniones de presidentes y comisiones de coordinaci\u00f3n auton\u00f3mica). Asimismo, tambi\u00e9n resalt\u00f3 la <strong>trabajo llevado a cabo<\/strong> durante este per\u00edodo, <strong>por parte de toda la Organizaci\u00f3n Farmac\u00e9utica Colegial<\/strong>.<\/p>\n<p>Por \u00e9l, la aprobaci\u00f3n del C\u00f3digo Deontol\u00f3gico por unanimidad de toda la Asamblea y con el apoyo de todos los Colegios de Espa\u00f1a supone haber obtenido \u201cun gran <strong>documento necesario para la profesi\u00f3n<\/strong>, que responde a los desaf\u00edos \u00e9ticos actuales\u201d y que ha sido \u201cuna de las prioridades\u201d de la estrategia marcada a lo largo de su mandato.<\/p>\n<p>&nbsp;<\/p>\n<div class=\"box shadow\"><\/p>\n<p style=\"text-align: center;\"><a href=\"http:\/\/www.portalfarma.com\/Profesionales\/organizacionfcolegial\/Documents\/2018-Codigo-Deontologia-Profesion-Farmaceutica-CGCOF.pdf\" target=\"_blank\" rel=\"noopener\"><img decoding=\"async\" class=\"aligncenter wp-image-37859\" src=\"https:\/\/blog.cofb.cat\/wp-content\/uploads\/2018\/03\/Codi-Deontol\u00f2gic-Portada.jpg\" alt=\"\" width=\"341\" height=\"362\" \/><\/a><\/p>\n<p style=\"text-align: center;\">Se puede consultar <a href=\"http:\/\/www.portalfarma.com\/Profesionales\/organizacionfcolegial\/Documents\/2018-Codigo-Deontologia-Profesion-Farmaceutica-CGCOF.pdf\" target=\"_blank\" rel=\"noopener\"><strong>aqu\u00ed<\/strong><\/a> el documento completo del <strong>C\u00f3digo Deontol\u00f3gico<\/strong>.<\/p>\n<p><\/div>\n<h1><span style=\"color: #008080;\"><strong>\u00bfQu\u00e9 incluye el C\u00f3digo Deontol\u00f3gico?<\/strong><\/span><\/h1>\n<p>El C\u00f3digo Deontol\u00f3gico consta de <strong>14 cap\u00edtulos<\/strong> y <strong>54 art\u00edculos<\/strong> que recogen:<\/p>\n<ul>\n<li>los <strong>principios generales del ejercicio<\/strong><\/li>\n<li>el<strong>actuaci\u00f3n responsable e independiente del farmac\u00e9utico<\/strong><\/li>\n<li>las <strong>relaciones con los pacientes\/usuarios<\/strong><\/li>\n<li>la <strong>calidad en la dispensaci\u00f3n <\/strong>y otros servicios profesionales<\/li>\n<li>la <strong>comunicaci\u00f3n y el uso de las nuevas tecnolog\u00edas<\/strong> en el ejercicio profesional<\/li>\n<li>las <strong>relaciones entre farmac\u00e9uticos y con otros profesionales sanitarios<\/strong><\/li>\n<li>las <strong>relaciones con la sociedad y las administraciones p\u00fablicas<\/strong>, con <strong>la organizaci\u00f3n farmac\u00e9utica colegial<\/strong> y con <strong>las instituciones, centros o establecimientos donde se desarrolla la profesi\u00f3n<\/strong><\/li>\n<\/ul>\n<p>Asimismo, contempla <strong>principios \u00e9ticos<\/strong> en otros cuatro cap\u00edtulos en torno a la <strong>publicidad<\/strong>, la<strong>objeci\u00f3n de conciencia<\/strong>, la <strong>investigaci\u00f3n<\/strong> y las <strong>publicaciones profesionales<\/strong> y la <strong>docencia<\/strong>.<\/p>\n<p>El documento se ha elaborado en un proceso participativo en el que se han recibido <strong>m\u00e1s de 250 alegaciones o comentarios<\/strong>, que se han analizado incorporando al m\u00e1ximo los nuevos redactados propuestos. Incluye la formaci\u00f3n continuada como un deber \u00e9tico de los farmac\u00e9uticos y el compromiso de la organizaci\u00f3n farmac\u00e9utica colegial de facilitar su acceso. Contempla tambi\u00e9n el <strong>secreto profesional<\/strong>, la<strong> independencia en el ejercicio<\/strong> y tiene un cap\u00edtulo dedicado \u00edntegramente a la<strong> relaci\u00f3n con los pacientes<\/strong>, en el que se introduce la obligaci\u00f3n de establecer una comunicaci\u00f3n cercana que promueva la humanizaci\u00f3n en el trato con los pacientes.<\/p>\n<h1><strong><span style=\"color: #008080;\">Otros aspectos del C\u00f3digo<\/span><\/strong><\/h1>\n<p>En el C\u00f3digo se abordan igualmente otras cuestiones como la <strong>colaboraci\u00f3n interdisciplinar<\/strong> <strong>con otros profesionales sanitarios<\/strong>, el <strong>compromiso con la vigilancia de la salud p\u00fablica<\/strong>, la <strong>lucha contra el dopaje y la sostenibilidad del sistema sanitario<\/strong>.<\/p>\n<p>Adem\u00e1s, se introduce la <strong>deontolog\u00eda<\/strong> en el uso de las <strong>nuevas tecnolog\u00edas <\/strong>y tambi\u00e9n en los medios de comunicaci\u00f3n, internet y redes sociales, etc. El documento destaca la obligaci\u00f3n de evitar lanzar mensajes de forma indiscriminada que puedan despertar alarma social o sibran confusi\u00f3n o dudas respecto a la salud o la prevenci\u00f3n.<\/p>\n<p>En cuanto al<strong>objeci\u00f3n de conciencia<\/strong>, se reconoce expresamente como derecho del farmac\u00e9utico, siempre que quede garantizado el derecho de los ciudadanos a la protecci\u00f3n de su salud y de acceso a los medicamentos. El C\u00f3digo incluye tambi\u00e9n las <strong>pautas para garantizar la calidad de los Servicios Profesionales<\/strong> y el uso adecuado del historial farmacoterap\u00e9utico.<\/p>\n<p><strong>Otras publicaciones relacionadas:<br \/>\n<\/strong><\/p>\n<ul>\n<li><a href=\"http:\/\/www.portalfarma.com\/Profesionales\/consejoinforma\/Paginas\/2018-Codigo-Deontologico-Profesion-Farmaceutica.aspx\" target=\"_blank\" rel=\"noopener\">Nota de prensa publicada en Portalfarma (Marzo 2018)<\/a><\/li>\n<\/ul>","protected":false},"excerpt":{"rendered":"<p>El pasado 7 de marzo se celebr\u00f3 la Asamblea General de Colegios en la que se debati\u00f3 y aprob\u00f3 el nuevo C\u00f3digo Deontol\u00f3gico de la Profesi\u00f3n Farmac\u00e9utica. Al acto, asistieron N\u00faria Bosch, vicepresidenta del COFB, y Xavier Prat, antiguo vocal de la Junta del COFB y, anteriormente, jefe de [\u2026]<\/p>","protected":false},"author":1,"featured_media":37893,"comment_status":"open","ping_status":"open","sticky":false,"template":"","format":"standard","meta":{"_uag_custom_page_level_css":"","site-sidebar-layout":"default","site-content-layout":"","ast-site-content-layout":"default","site-content-style":"default","site-sidebar-style":"default","ast-global-header-display":"","ast-banner-title-visibility":"","ast-main-header-display":"","ast-hfb-above-header-display":"","ast-hfb-below-header-display":"","ast-hfb-mobile-header-display":"","site-post-title":"","ast-breadcrumbs-content":"","ast-featured-img":"disabled","footer-sml-layout":"","theme-transparent-header-meta":"","adv-header-id-meta":"","stick-header-meta":"","header-above-stick-meta":"","header-main-stick-meta":"","header-below-stick-meta":"","astra-migrate-meta-layouts":"default","ast-page-background-enabled":"default","ast-page-background-meta":{"desktop":{"background-color":"var(--ast-global-color-4)","background-image":"","background-repeat":"repeat","background-position":"center center","background-size":"auto","background-attachment":"scroll","background-type":"","background-media":"","overlay-type":"","overlay-color":"","overlay-opacity":"","overlay-gradient":""},"tablet":{"background-color":"","background-image":"","background-repeat":"repeat","background-position":"center center","background-size":"auto","background-attachment":"scroll","background-type":"","background-media":"","overlay-type":"","overlay-color":"","overlay-opacity":"","overlay-gradient":""},"mobile":{"background-color":"","background-image":"","background-repeat":"repeat","background-position":"center center","background-size":"auto","background-attachment":"scroll","background-type":"","background-media":"","overlay-type":"","overlay-color":"","overlay-opacity":"","overlay-gradient":""}},"ast-content-background-meta":{"desktop":{"background-color":"var(--ast-global-color-5)","background-image":"","background-repeat":"repeat","background-position":"center center","background-size":"auto","background-attachment":"scroll","background-type":"","background-media":"","overlay-type":"","overlay-color":"","overlay-opacity":"","overlay-gradient":""},"tablet":{"background-color":"var(--ast-global-color-5)","background-image":"","background-repeat":"repeat","background-position":"center center","background-size":"auto","background-attachment":"scroll","background-type":"","background-media":"","overlay-type":"","overlay-color":"","overlay-opacity":"","overlay-gradient":""},"mobile":{"background-color":"var(--ast-global-color-5)","background-image":"","background-repeat":"repeat","background-position":"center center","background-size":"auto","background-attachment":"scroll","background-type":"","background-media":"","overlay-type":"","overlay-color":"","overlay-opacity":"","overlay-gradient":""}},"footnotes":""},"categories":[32],"tags":[3007,18,3008,2114,3009,53,68,2188],"class_list":["post-37766","post","type-post","status-publish","format-standard","has-post-thumbnail","hentry","category-noticies-farmacia","tag-codi-deontologic","tag-cofb","tag-comissio-de-deontologia","tag-deontologia","tag-etica","tag-farmaceutics","tag-farmacia","tag-professio"],"yoast_head":"<!-- This site is optimized with the Yoast SEO plugin v22.4 - https:\/\/yoast.com\/wordpress\/plugins\/seo\/ -->\n<title>S&#039;aprova el nou Codi de Deontologia de la Professi\u00f3 Farmac\u00e8utica - Col\u00b7legi de Farmac\u00e8utics de Barcelona<\/title>\n<meta name=\"description\" content=\"El passat 7 de mar\u00e7 es va celebrar l&#039;Assamblea General de Col\u00b7legis en la qual es va debatre i aprovar el nou Codi Deontol\u00f2gic de la Professi\u00f3 Farmac\u00e8utica.\" \/>\n<meta name=\"robots\" content=\"index, follow, max-snippet:-1, max-image-preview:large, max-video-preview:-1\" \/>\n<link rel=\"canonical\" href=\"https:\/\/novaorg.cofb.net\/2018\/03\/15\/saprova-nou-codi-deontologia-professio-farmaceutica\/\" \/>\n<meta property=\"og:locale\" content=\"es_ES\" \/>\n<meta property=\"og:type\" content=\"article\" \/>\n<meta property=\"og:title\" content=\"S&#039;aprova el nou Codi de Deontologia de la Professi\u00f3 Farmac\u00e8utica - Col\u00b7legi de Farmac\u00e8utics de Barcelona\" \/>\n<meta property=\"og:description\" content=\"El passat 7 de mar\u00e7 es va celebrar l&#039;Assamblea General de Col\u00b7legis en la qual es va debatre i aprovar el nou Codi Deontol\u00f2gic de la Professi\u00f3 Farmac\u00e8utica.\" \/>\n<meta property=\"og:url\" content=\"https:\/\/novaorg.cofb.net\/2018\/03\/15\/saprova-nou-codi-deontologia-professio-farmaceutica\/\" \/>\n<meta property=\"og:site_name\" content=\"Col\u00b7legi de Farmac\u00e8utics de Barcelona\" \/>\n<meta property=\"article:publisher\" content=\"https:\/\/www.facebook.com\/farmaceuticsbcn\/\" \/>\n<meta property=\"article:published_time\" content=\"2018-03-15T18:15:21+00:00\" \/>\n<meta name=\"author\" content=\"wpAdminCofbOrg\" \/>\n<meta name=\"twitter:card\" content=\"summary_large_image\" \/>\n<meta name=\"twitter:creator\" content=\"@farmaceuticsbcn\" \/>\n<meta name=\"twitter:site\" content=\"@farmaceuticsbcn\" \/>\n<meta name=\"twitter:label1\" content=\"Escrito por\" \/>\n\t<meta name=\"twitter:data1\" content=\"wpAdminCofbOrg\" \/>\n\t<meta name=\"twitter:label2\" content=\"Tiempo de lectura\" \/>\n\t<meta name=\"twitter:data2\" content=\"4 minutos\" \/>\n<script type=\"application\/ld+json\" class=\"yoast-schema-graph\">{\"@context\":\"https:\/\/schema.org\",\"@graph\":[{\"@type\":\"Article\",\"@id\":\"https:\/\/novaorg.cofb.net\/2018\/03\/15\/saprova-nou-codi-deontologia-professio-farmaceutica\/#article\",\"isPartOf\":{\"@id\":\"https:\/\/novaorg.cofb.net\/2018\/03\/15\/saprova-nou-codi-deontologia-professio-farmaceutica\/\"},\"author\":{\"name\":\"wpAdminCofbOrg\",\"@id\":\"https:\/\/www.cofb.org\/#\/schema\/person\/22ed7eea88da74b0fa4d3154ad87ffcb\"},\"headline\":\"S&#8217;aprova el nou Codi de Deontologia de la Professi\u00f3 Farmac\u00e8utica\",\"datePublished\":\"2018-03-15T18:15:21+00:00\",\"dateModified\":\"2018-03-15T18:15:21+00:00\",\"mainEntityOfPage\":{\"@id\":\"https:\/\/novaorg.cofb.net\/2018\/03\/15\/saprova-nou-codi-deontologia-professio-farmaceutica\/\"},\"wordCount\":884,\"commentCount\":0,\"publisher\":{\"@id\":\"https:\/\/www.cofb.org\/#organization\"},\"image\":{\"@id\":\"https:\/\/novaorg.cofb.net\/2018\/03\/15\/saprova-nou-codi-deontologia-professio-farmaceutica\/#primaryimage\"},\"thumbnailUrl\":\"\",\"keywords\":[\"Codi Deontol\u00f2gic\",\"COFB\",\"Comissi\u00f3 de Deontologia\",\"Deontologia\",\"\u00e8tica\",\"farmac\u00e8utics\",\"Farm\u00e0cia\",\"professi\u00f3\"],\"articleSection\":[\"Not\u00edcies farm\u00e0cia\"],\"inLanguage\":\"es\",\"potentialAction\":[{\"@type\":\"CommentAction\",\"name\":\"Comment\",\"target\":[\"https:\/\/novaorg.cofb.net\/2018\/03\/15\/saprova-nou-codi-deontologia-professio-farmaceutica\/#respond\"]}]},{\"@type\":\"WebPage\",\"@id\":\"https:\/\/novaorg.cofb.net\/2018\/03\/15\/saprova-nou-codi-deontologia-professio-farmaceutica\/\",\"url\":\"https:\/\/novaorg.cofb.net\/2018\/03\/15\/saprova-nou-codi-deontologia-professio-farmaceutica\/\",\"name\":\"S'aprova el nou Codi de Deontologia de la Professi\u00f3 Farmac\u00e8utica - Col\u00b7legi de Farmac\u00e8utics de Barcelona\",\"isPartOf\":{\"@id\":\"https:\/\/www.cofb.org\/#website\"},\"primaryImageOfPage\":{\"@id\":\"https:\/\/novaorg.cofb.net\/2018\/03\/15\/saprova-nou-codi-deontologia-professio-farmaceutica\/#primaryimage\"},\"image\":{\"@id\":\"https:\/\/novaorg.cofb.net\/2018\/03\/15\/saprova-nou-codi-deontologia-professio-farmaceutica\/#primaryimage\"},\"thumbnailUrl\":\"\",\"datePublished\":\"2018-03-15T18:15:21+00:00\",\"dateModified\":\"2018-03-15T18:15:21+00:00\",\"description\":\"El passat 7 de mar\u00e7 es va celebrar l'Assamblea General de Col\u00b7legis en la qual es va debatre i aprovar el nou Codi Deontol\u00f2gic de la Professi\u00f3 Farmac\u00e8utica.\",\"breadcrumb\":{\"@id\":\"https:\/\/novaorg.cofb.net\/2018\/03\/15\/saprova-nou-codi-deontologia-professio-farmaceutica\/#breadcrumb\"},\"inLanguage\":\"es\",\"potentialAction\":[{\"@type\":\"ReadAction\",\"target\":[\"https:\/\/novaorg.cofb.net\/2018\/03\/15\/saprova-nou-codi-deontologia-professio-farmaceutica\/\"]}]},{\"@type\":\"ImageObject\",\"inLanguage\":\"es\",\"@id\":\"https:\/\/novaorg.cofb.net\/2018\/03\/15\/saprova-nou-codi-deontologia-professio-farmaceutica\/#primaryimage\",\"url\":\"\",\"contentUrl\":\"\"},{\"@type\":\"BreadcrumbList\",\"@id\":\"https:\/\/novaorg.cofb.net\/2018\/03\/15\/saprova-nou-codi-deontologia-professio-farmaceutica\/#breadcrumb\",\"itemListElement\":[{\"@type\":\"ListItem\",\"position\":1,\"name\":\"Inici\",\"item\":\"https:\/\/novaorg.cofb.net\/\"},{\"@type\":\"ListItem\",\"position\":2,\"name\":\"S&#8217;aprova el nou Codi de Deontologia de la Professi\u00f3 Farmac\u00e8utica\"}]},{\"@type\":\"WebSite\",\"@id\":\"https:\/\/www.cofb.org\/#website\",\"url\":\"https:\/\/www.cofb.org\/\",\"name\":\"Col\u00b7legi de Farmac\u00e8utics de Barcelona\",\"description\":\"\",\"publisher\":{\"@id\":\"https:\/\/www.cofb.org\/#organization\"},\"potentialAction\":[{\"@type\":\"SearchAction\",\"target\":{\"@type\":\"EntryPoint\",\"urlTemplate\":\"https:\/\/www.cofb.org\/?s={search_term_string}\"},\"query-input\":\"required name=search_term_string\"}],\"inLanguage\":\"es\"},{\"@type\":\"Organization\",\"@id\":\"https:\/\/www.cofb.org\/#organization\",\"name\":\"Col\u00b7legi de Farmac\u00e8utics de Barcelona\",\"url\":\"https:\/\/www.cofb.org\/\",\"logo\":{\"@type\":\"ImageObject\",\"inLanguage\":\"es\",\"@id\":\"https:\/\/www.cofb.org\/#\/schema\/logo\/image\/\",\"url\":\"https:\/\/www.cofb.org\/wp-content\/uploads\/2023\/11\/cropped-Logotip-COFB.png\",\"contentUrl\":\"https:\/\/www.cofb.org\/wp-content\/uploads\/2023\/11\/cropped-Logotip-COFB.png\",\"width\":500,\"height\":105,\"caption\":\"Col\u00b7legi de Farmac\u00e8utics de Barcelona\"},\"image\":{\"@id\":\"https:\/\/www.cofb.org\/#\/schema\/logo\/image\/\"},\"sameAs\":[\"https:\/\/www.facebook.com\/farmaceuticsbcn\/\",\"https:\/\/twitter.com\/farmaceuticsbcn\",\"https:\/\/www.instagram.com\/farmaceuticsbcn\/\",\"https:\/\/www.linkedin.com\/company\/farmaceuticsbcn\/\"]},{\"@type\":\"Person\",\"@id\":\"https:\/\/www.cofb.org\/#\/schema\/person\/22ed7eea88da74b0fa4d3154ad87ffcb\",\"name\":\"wpAdminCofbOrg\",\"image\":{\"@type\":\"ImageObject\",\"inLanguage\":\"es\",\"@id\":\"https:\/\/www.cofb.org\/#\/schema\/person\/image\/\",\"url\":\"https:\/\/secure.gravatar.com\/avatar\/1721b20b3b8ca882c3b56ec6c978c594fff670e40c0718e9190eaeeb76aae7d8?s=96&d=mm&r=g\",\"contentUrl\":\"https:\/\/secure.gravatar.com\/avatar\/1721b20b3b8ca882c3b56ec6c978c594fff670e40c0718e9190eaeeb76aae7d8?s=96&d=mm&r=g\",\"caption\":\"wpAdminCofbOrg\"},\"sameAs\":[\"http:\/\/192.168.64.122\/wordpress\"],\"url\":\"https:\/\/www.cofb.org\/es\/author\/wpadmincofborg\/\"}]}<\/script>\n<!-- \/ Yoast SEO plugin. -->","yoast_head_json":{"title":"S'aprova el nou Codi de Deontologia de la Professi\u00f3 Farmac\u00e8utica - Col\u00b7legi de Farmac\u00e8utics de Barcelona","description":"El passat 7 de mar\u00e7 es va celebrar l'Assamblea General de Col\u00b7legis en la qual es va debatre i aprovar el nou Codi Deontol\u00f2gic de la Professi\u00f3 Farmac\u00e8utica.","robots":{"index":"index","follow":"follow","max-snippet":"max-snippet:-1","max-image-preview":"max-image-preview:large","max-video-preview":"max-video-preview:-1"},"canonical":"https:\/\/novaorg.cofb.net\/2018\/03\/15\/saprova-nou-codi-deontologia-professio-farmaceutica\/","og_locale":"es_ES","og_type":"article","og_title":"S'aprova el nou Codi de Deontologia de la Professi\u00f3 Farmac\u00e8utica - Col\u00b7legi de Farmac\u00e8utics de Barcelona","og_description":"El passat 7 de mar\u00e7 es va celebrar l'Assamblea General de Col\u00b7legis en la qual es va debatre i aprovar el nou Codi Deontol\u00f2gic de la Professi\u00f3 Farmac\u00e8utica.","og_url":"https:\/\/novaorg.cofb.net\/2018\/03\/15\/saprova-nou-codi-deontologia-professio-farmaceutica\/","og_site_name":"Col\u00b7legi de Farmac\u00e8utics de Barcelona","article_publisher":"https:\/\/www.facebook.com\/farmaceuticsbcn\/","article_published_time":"2018-03-15T18:15:21+00:00","author":"wpAdminCofbOrg","twitter_card":"summary_large_image","twitter_creator":"@farmaceuticsbcn","twitter_site":"@farmaceuticsbcn","twitter_misc":{"Escrito por":"wpAdminCofbOrg","Tiempo de lectura":"4 minutos"},"schema":{"@context":"https:\/\/schema.org","@graph":[{"@type":"Article","@id":"https:\/\/novaorg.cofb.net\/2018\/03\/15\/saprova-nou-codi-deontologia-professio-farmaceutica\/#article","isPartOf":{"@id":"https:\/\/novaorg.cofb.net\/2018\/03\/15\/saprova-nou-codi-deontologia-professio-farmaceutica\/"},"author":{"name":"wpAdminCofbOrg","@id":"https:\/\/www.cofb.org\/#\/schema\/person\/22ed7eea88da74b0fa4d3154ad87ffcb"},"headline":"S&#8217;aprova el nou Codi de Deontologia de la Professi\u00f3 Farmac\u00e8utica","datePublished":"2018-03-15T18:15:21+00:00","dateModified":"2018-03-15T18:15:21+00:00","mainEntityOfPage":{"@id":"https:\/\/novaorg.cofb.net\/2018\/03\/15\/saprova-nou-codi-deontologia-professio-farmaceutica\/"},"wordCount":884,"commentCount":0,"publisher":{"@id":"https:\/\/www.cofb.org\/#organization"},"image":{"@id":"https:\/\/novaorg.cofb.net\/2018\/03\/15\/saprova-nou-codi-deontologia-professio-farmaceutica\/#primaryimage"},"thumbnailUrl":"","keywords":["Codi Deontol\u00f2gic","COFB","Comissi\u00f3 de Deontologia","Deontologia","\u00e8tica","farmac\u00e8utics","Farm\u00e0cia","professi\u00f3"],"articleSection":["Not\u00edcies farm\u00e0cia"],"inLanguage":"es","potentialAction":[{"@type":"CommentAction","name":"Comment","target":["https:\/\/novaorg.cofb.net\/2018\/03\/15\/saprova-nou-codi-deontologia-professio-farmaceutica\/#respond"]}]},{"@type":"WebPage","@id":"https:\/\/novaorg.cofb.net\/2018\/03\/15\/saprova-nou-codi-deontologia-professio-farmaceutica\/","url":"https:\/\/novaorg.cofb.net\/2018\/03\/15\/saprova-nou-codi-deontologia-professio-farmaceutica\/","name":"S'aprova el nou Codi de Deontologia de la Professi\u00f3 Farmac\u00e8utica - Col\u00b7legi de Farmac\u00e8utics de Barcelona","isPartOf":{"@id":"https:\/\/www.cofb.org\/#website"},"primaryImageOfPage":{"@id":"https:\/\/novaorg.cofb.net\/2018\/03\/15\/saprova-nou-codi-deontologia-professio-farmaceutica\/#primaryimage"},"image":{"@id":"https:\/\/novaorg.cofb.net\/2018\/03\/15\/saprova-nou-codi-deontologia-professio-farmaceutica\/#primaryimage"},"thumbnailUrl":"","datePublished":"2018-03-15T18:15:21+00:00","dateModified":"2018-03-15T18:15:21+00:00","description":"El passat 7 de mar\u00e7 es va celebrar l'Assamblea General de Col\u00b7legis en la qual es va debatre i aprovar el nou Codi Deontol\u00f2gic de la Professi\u00f3 Farmac\u00e8utica.","breadcrumb":{"@id":"https:\/\/novaorg.cofb.net\/2018\/03\/15\/saprova-nou-codi-deontologia-professio-farmaceutica\/#breadcrumb"},"inLanguage":"es","potentialAction":[{"@type":"ReadAction","target":["https:\/\/novaorg.cofb.net\/2018\/03\/15\/saprova-nou-codi-deontologia-professio-farmaceutica\/"]}]},{"@type":"ImageObject","inLanguage":"es","@id":"https:\/\/novaorg.cofb.net\/2018\/03\/15\/saprova-nou-codi-deontologia-professio-farmaceutica\/#primaryimage","url":"","contentUrl":""},{"@type":"BreadcrumbList","@id":"https:\/\/novaorg.cofb.net\/2018\/03\/15\/saprova-nou-codi-deontologia-professio-farmaceutica\/#breadcrumb","itemListElement":[{"@type":"ListItem","position":1,"name":"Inici","item":"https:\/\/novaorg.cofb.net\/"},{"@type":"ListItem","position":2,"name":"S&#8217;aprova el nou Codi de Deontologia de la Professi\u00f3 Farmac\u00e8utica"}]},{"@type":"WebSite","@id":"https:\/\/www.cofb.org\/#website","url":"https:\/\/www.cofb.org\/","name":"Col\u00b7legi de Farmac\u00e8utics de Barcelona","description":"","publisher":{"@id":"https:\/\/www.cofb.org\/#organization"},"potentialAction":[{"@type":"SearchAction","target":{"@type":"EntryPoint","urlTemplate":"https:\/\/www.cofb.org\/?s={search_term_string}"},"query-input":"required name=search_term_string"}],"inLanguage":"es"},{"@type":"Organization","@id":"https:\/\/www.cofb.org\/#organization","name":"Col\u00b7legi de Farmac\u00e8utics de Barcelona","url":"https:\/\/www.cofb.org\/","logo":{"@type":"ImageObject","inLanguage":"es","@id":"https:\/\/www.cofb.org\/#\/schema\/logo\/image\/","url":"https:\/\/www.cofb.org\/wp-content\/uploads\/2023\/11\/cropped-Logotip-COFB.png","contentUrl":"https:\/\/www.cofb.org\/wp-content\/uploads\/2023\/11\/cropped-Logotip-COFB.png","width":500,"height":105,"caption":"Col\u00b7legi de Farmac\u00e8utics de Barcelona"},"image":{"@id":"https:\/\/www.cofb.org\/#\/schema\/logo\/image\/"},"sameAs":["https:\/\/www.facebook.com\/farmaceuticsbcn\/","https:\/\/twitter.com\/farmaceuticsbcn","https:\/\/www.instagram.com\/farmaceuticsbcn\/","https:\/\/www.linkedin.com\/company\/farmaceuticsbcn\/"]},{"@type":"Person","@id":"https:\/\/www.cofb.org\/#\/schema\/person\/22ed7eea88da74b0fa4d3154ad87ffcb","name":"wpAdminCofbOrg","image":{"@type":"ImageObject","inLanguage":"es","@id":"https:\/\/www.cofb.org\/#\/schema\/person\/image\/","url":"https:\/\/secure.gravatar.com\/avatar\/1721b20b3b8ca882c3b56ec6c978c594fff670e40c0718e9190eaeeb76aae7d8?s=96&d=mm&r=g","contentUrl":"https:\/\/secure.gravatar.com\/avatar\/1721b20b3b8ca882c3b56ec6c978c594fff670e40c0718e9190eaeeb76aae7d8?s=96&d=mm&r=g","caption":"wpAdminCofbOrg"},"sameAs":["http:\/\/192.168.64.122\/wordpress"],"url":"https:\/\/www.cofb.org\/es\/author\/wpadmincofborg\/"}]}},"uagb_featured_image_src":{"full":false,"thumbnail":false,"medium":false,"medium_large":false,"large":false,"1536x1536":false,"2048x2048":false,"trp-custom-language-flag":false},"uagb_author_info":{"display_name":"wpAdminCofbOrg","author_link":"https:\/\/www.cofb.org\/es\/author\/wpadmincofborg\/"},"uagb_comment_info":0,"uagb_excerpt":"El passat 7 de mar\u00e7 es va celebrar l&#8217;Assemblea General de Col\u00b7legis en la qual es va debatre i aprovar el nou Codi Deontol\u00f2gic de la Professi\u00f3 Farmac\u00e8utica. A l&#8217;acte, van assistir-hi N\u00faria Bosch,\u00a0vicepresidenta del COFB, i Xavier Prat, antic vocal de la Junta del COFB i, anteriorment, cap de [&hellip;]","_links":{"self":[{"href":"https:\/\/www.cofb.org\/es\/wp-json\/wp\/v2\/posts\/37766","targetHints":{"allow":["GET"]}}],"collection":[{"href":"https:\/\/www.cofb.org\/es\/wp-json\/wp\/v2\/posts"}],"about":[{"href":"https:\/\/www.cofb.org\/es\/wp-json\/wp\/v2\/types\/post"}],"author":[{"embeddable":true,"href":"https:\/\/www.cofb.org\/es\/wp-json\/wp\/v2\/users\/1"}],"replies":[{"embeddable":true,"href":"https:\/\/www.cofb.org\/es\/wp-json\/wp\/v2\/comments?post=37766"}],"version-history":[{"count":0,"href":"https:\/\/www.cofb.org\/es\/wp-json\/wp\/v2\/posts\/37766\/revisions"}],"wp:featuredmedia":[{"embeddable":true,"href":"https:\/\/www.cofb.org\/es\/wp-json\/"}],"wp:attachment":[{"href":"https:\/\/www.cofb.org\/es\/wp-json\/wp\/v2\/media?parent=37766"}],"wp:term":[{"taxonomy":"category","embeddable":true,"href":"https:\/\/www.cofb.org\/es\/wp-json\/wp\/v2\/categories?post=37766"},{"taxonomy":"post_tag","embeddable":true,"href":"https:\/\/www.cofb.org\/es\/wp-json\/wp\/v2\/tags?post=37766"}],"curies":[{"name":"wp","href":"https:\/\/api.w.org\/{rel}","templated":true}]}}