{"id":37760,"date":"2018-03-14T15:32:33","date_gmt":"2018-03-14T13:32:33","guid":{"rendered":"https:\/\/blog.cofb.cat\/?p=37760"},"modified":"2018-03-14T15:32:33","modified_gmt":"2018-03-14T13:32:33","slug":"model-practiques-tutelades-grau-farmacia-iqs-blanquerna-universitat-ramon-llull-presenta-cofb","status":"publish","type":"post","link":"https:\/\/www.cofb.org\/es\/2018\/03\/14\/model-practiques-tutelades-grau-farmacia-iqs-blanquerna-universitat-ramon-llull-presenta-cofb\/","title":{"rendered":"El modelo de Pr\u00e1cticas Tuteladas del grado de Farmacia IQS-Blanquerna de la Universidad Ramon Llull se presenta en el COFB"},"content":{"rendered":"<p>El pasado jueves 8 de marzo se present\u00f3 al COFB el modelo de <strong>Pr\u00e1cticas Tuteladas del Grado en Farmacia IQS-Blanquerna de la Universidad Ramon Llull.\u00a0 <\/strong><\/p>\n<p>El Grado en Farmacia empez\u00f3 a impartirse en esta universidad en el curso 2014-2015, por lo que, actualmente, <strong>los alumnos de la primera promoci\u00f3n han llegado a cuarto curso. El pr\u00f3ximo a\u00f1o deben cursar la asignatura de pr\u00e1cticas tuteladas durante seis meses<\/strong>, a fin de aproximarse al mundo asistencial profesional, lo que requiere la colaboraci\u00f3n de los farmac\u00e9uticos ejercientes.<\/p>\n<p>Por este motivo, la<strong> comisi\u00f3n mixta<\/strong> de seguimiento integrada por <strong>Departament de Salut<\/strong>, el <strong>Consejo de Colegios Farmac\u00e9uticos de Catalu\u00f1a (CCFC)<\/strong> y la misma <strong>Universidad Ramon Llull<\/strong> van <strong>presentar<\/strong> a los farmac\u00e9uticos de oficina de farmacia <strong>el modelo dise\u00f1ado para formar a los estudiantes del Grado en Farmacia IQS-Blanquerna<\/strong>.<\/p>\n<p><span style=\"color: #008080;\"><strong><div class=\"box shadow\"><\/strong><\/span><\/p>\n<h1><span style=\"color: #008080;\"><strong>Los ponentes<\/strong><\/span><\/h1>\n<p>El acto estuvo conducido por <strong>Jordi Casas<\/strong>, vocal del CCFC y secretario de la Junta de Gobierno del COFB, e intervinieron:<\/p>\n<ul>\n<li><strong>Conchita Maestros<\/strong>, decana de la Facultad de Ciencias de la Salud de Blanquerna-URL<\/li>\n<li><strong>M. Pilar Gasc\u00f3n<\/strong>, coordinadora de pr\u00e1cticas del Grado en Farmacia IQS-Blanquerna (URL)<\/li>\n<li><strong>Mar\u00eda Jos\u00e9 Gaspar<\/strong>, jefe del Servicio de Ordenaci\u00f3n y Calidad Farmac\u00e9uticas del Departamento de Salud de la Generalitat<\/li>\n<\/ul>\n[caption id=&quot;attachment_37809&quot; align=&quot;aligncenter&quot; width=&quot;620&quot;]<a href=\"https:\/\/blog.cofb.cat\/wp-content\/uploads\/2018\/03\/cofb.180308-14.jpg\"><img fetchpriority=\"high\" decoding=\"async\" class=\"wp-image-37809 size-large\" title=\"M. Pilar Gasc\u00f3n, M. Jos\u00e9 Gspar, Jordi Casas y Conxita Mestres, durante la presentaci\u00f3n. \" src=\"https:\/\/blog.cofb.cat\/wp-content\/uploads\/2018\/03\/cofb.180308-14-1024x683.jpg\" alt=\"M. Pilar Gasc\u00f3n, M. Jos\u00e9 Gspar, Jordi Casas i Conxita Mestres, durant la presentaci\u00f3. \" width=\"620\" height=\"414\" \/><\/a> M. Pilar Gasc\u00f3n, M. Jos\u00e9 Gaspar, Jordi Casas y Conxita Mestres, durante la presentaci\u00f3n.[\/caption]\n<p><\/div><\/p>\n<h1><strong><span style=\"color: #008080;\">Conociendo el modelo de pr\u00e1cticas tuteladas<\/span><\/strong><\/h1>\n<p>Al inicio de la sesi\u00f3n, <strong>Jordi Casas<\/strong> explic\u00f3 que el objetivo era dar a <strong>conocer el modelo de pr\u00e1cticas tuteladas<\/strong> que se pondr\u00e1 en marcha desde el Grado en Farmacia IQS-Blanquerna a partir del pr\u00f3ximo a\u00f1o.<\/p>\n<p>A continuaci\u00f3n, <strong>Conchita Maestros<\/strong>, decana de la Facultad Ciencias de la Salud de Blanquerna-URL, explic\u00f3 algunas de las caracter\u00edsticas principales del Grado en Farmacia de la URL como la <strong>formaci\u00f3n de profesionales centrados en el paciente<\/strong>, el <strong>trabajo de forma personalizada con los estudiantes<\/strong> y la <strong>interdisciplinariedad <\/strong>con otras carreras, entre otras. Mestres tambi\u00e9n destac\u00f3 que el plan de estudios de la carrera incluye ya en primer curso la asignatura <strong><em>Seminario Farmac\u00e9utico Interdisciplinario<\/em><\/strong>, para empezar a <strong>introducir a los estudiantes en el mundo profesional<\/strong>.<\/p>\n<figure id=\"attachment_37790\" aria-describedby=\"caption-attachment-37790\" style=\"width: 620px\" class=\"wp-caption aligncenter\"><a href=\"https:\/\/blog.cofb.cat\/wp-content\/uploads\/2018\/03\/cofb.180308-47.jpg\" target=\"_blank\" rel=\"noopener\"><img decoding=\"async\" class=\"wp-image-37790 size-large\" title=\"Momento de la presentaci\u00f3n del programa de Pr\u00e1cticas Tuteladas del Grado de Farmacia IQS \u2013 Blanquerna (URL). \" src=\"https:\/\/blog.cofb.cat\/wp-content\/uploads\/2018\/03\/cofb.180308-47-1024x683.jpg\" alt=\"Moment de la presentaci\u00f3 del programa de Pr\u00e0ctiques Tutelades del Grau de Farm\u00e0cia IQS - Blanquerna (URL). \" width=\"620\" height=\"414\" \/><\/a><figcaption id=\"caption-attachment-37790\" class=\"wp-caption-text\">Sala de actos del COFB llena en la presentaci\u00f3n del programa de Pr\u00e1cticas Tuteladas del Grado de Farmacia IQS \u2013 Blanquerna (URL).<\/figcaption><\/figure>\n<p><strong>Mar\u00eda Jos\u00e9 Gaspar<\/strong>,<strong>\u00a0<\/strong>jefe del Servicio de Ordenaci\u00f3n y Calidad Farmac\u00e9uticas del Departamento de Salud de la Generalitat, destac\u00f3 el <strong>trabajo conjunto de la comisi\u00f3n mixta de las pr\u00e1cticas<\/strong>, la <strong>implicaci\u00f3n del Departamento de la Salud y la voluntad de compartir responsabilidades de las tres instituciones<\/strong>. Tambi\u00e9n valor\u00f3 positivamente el hecho de que el alumno realice una estancia de 3 meses en cada lugar porque \u00e9sta \u201cser\u00e1 la \u00faltima etapa formativa del alumno y la visi\u00f3n que se llevar\u00e1 a su mochila de formaci\u00f3n\u201d. Realizar dos bloques de pr\u00e1cticas, seg\u00fan Gaspar, har\u00e1 que el alumno visualice &quot;la farmacia comunitaria y la hospitalaria&quot;. \u201cAuguro uno <strong>desarrollo exitoso del proyecto<\/strong>\u201c, concluy\u00f3.<\/p>\n<p><strong>Pilar Gasc\u00f3n<\/strong>, coordinadora de pr\u00e1cticas del Grado en Farmacia IQS- Blanquerna (URL), resalt\u00f3 que <strong>la asignatura de Pr\u00e1cticas Tuteladas es la que tiene m\u00e1s cr\u00e9ditos<\/strong>, ya que los estudiantes deben realizar al menos 6 meses de pr\u00e1cticas en una farmacia asistencial o en un hospital. Gasc\u00f3n hizo hincapi\u00e9 en la novedad que supone el modelo organizativo del Grao de IQS-Blanquerna. Y es que se trata de un<strong> modelo mixto<\/strong>, en el que el estudiante pasa <strong>3 meses en farmacia asistencial y 3 meses en hospital<\/strong>. \u201cPensamos que es muy oportuno y enriquecedor que el alumno pueda estar 3 meses en cada sitio. Nuestro modelo de pr\u00e1cticas tuteladas es colaborativo, con el estudiante como centro\u201d, explic\u00f3.<\/p>\n<p>&nbsp;<\/p>\n<div class=\"box info\"><\/p>\n<h3><span style=\"color: #008080;\"><strong>El grado en Farmacia de <\/strong><strong>IQS<\/strong> &#8211; <strong>Blanquerna (URL)<br \/>\n<\/strong><\/span><\/h3>\n<p>El t\u00edtulo de <strong>Grado en Farmacia por la Universidad Ramon Llull (URL)<\/strong> es fruto de la alianza entre <strong>Blanquerna y el Instituto Qu\u00edmico de Sarri\u00e0 (IQS)<\/strong>. El Grado forma <strong>expertos en el medicamento<\/strong>, ofrece un <strong>amplio abanico de salidas profesionales<\/strong> y tiene un <strong>\u00edndice elevado de ocupaci\u00f3n laboral<\/strong>.<\/p>\n<p>La titulaci\u00f3n que ofrecen estas dos instituciones fundadoras de la URL aporta el siguiente valor a\u00f1adido:<\/p>\n<ul>\n<li><span style=\"color: #008080;\"><strong>Marcada orientaci\u00f3n pr\u00e1ctica<\/strong>.<\/span> Los estudiantes realizan <strong>pr\u00e1cticas<\/strong> en una <strong>extensa y consolidada red de instituciones nacionales e internacionales<\/strong> del \u00e1mbito sanitario o industrial.<\/li>\n<li><span style=\"color: #008080;\"><strong>Asignaturas en ingl\u00e9s<\/strong>.<\/span> Al menos uno <strong>20% de las materias se imparten en ingl\u00e9s<\/strong> como lengua de referencia a nivel cient\u00edfico y para favorecer la movilidad internacional de los estudiantes.<\/li>\n<li><span style=\"color: #008080;\"><strong>Asignaturas innovadoras<\/strong>.<\/span> El plan de estudios incluye <strong>asignaturas \u00fanicas en el estado espa\u00f1ol<\/strong> c\u00f3mo <em>Sistemas avanzados de liberaci\u00f3n de f\u00e1rmacos<\/em> o <em>Registro en la industria farmac\u00e9utica y afines<\/em>.<\/li>\n<li><strong><span style=\"color: #008080;\">Modelo did\u00e1ctico genuino.<\/span><\/strong> <strong>Formaci\u00f3n personalizada<\/strong> con una clara orientaci\u00f3n human\u00edstica y cient\u00edfica, y los <strong>seminarios<\/strong> (espacios reducidos de formaci\u00f3n \u2013 aprendizaje) donde se ponen en pr\u00e1ctica los conocimientos adquiridos.<\/li>\n<li><span style=\"color: #008080;\"><strong>Cuatro menciones. <\/strong><\/span>El estudiante termina el Grado en Farmacia de la URL con una especializaci\u00f3n reconocida oficialmente, siendo esta universidad la \u00fanica de Catalu\u00f1a que ofrece <strong>cuatro posibles itinerarios curriculares (menciones)<\/strong>. Estas especializaciones configuran perfiles profesionales con un alto nivel de demanda en el actual sector farmac\u00e9utico. Se trata de: <strong>Alimentaci\u00f3n y Nutrici\u00f3n<\/strong>, <strong>Farmacia Asistencial<\/strong>, <strong>Dise\u00f1o y producci\u00f3n de f\u00e1rmacos<\/strong> y <strong>Gesti\u00f3n y Marketing Farmac\u00e9utico<\/strong>.<\/li>\n<\/ul>\n<p><\/div>\n<p style=\"text-align: left;\"><strong>Otras publicaciones de inter\u00e9s:<br \/>\n<\/strong><\/p>\n<ul>\n<li><a href=\"https:\/\/blog.cofb.cat\/lensenyament-de-latencio-farmaceutica-la-universitat\/\" target=\"_blank\" rel=\"noopener\">La ense\u00f1anza de la atenci\u00f3n farmac\u00e9utica en la universidad (Diciembre 2016)<\/a><\/li>\n<li><a href=\"https:\/\/blog.cofb.cat\/professio-farmaceutica-i-universitat-avancen-en-la-incorporacio-de-lensenyament-de-latencio-farmaceutica-a-les-facultats\/\" target=\"_blank\" rel=\"noopener\">Profesi\u00f3n farmac\u00e9utica y universidad avanzan en la incorporaci\u00f3n de la ense\u00f1anza de la atenci\u00f3n farmac\u00e9utica en las facultades (Diciembre 2014)<\/a><\/li>\n<\/ul>","protected":false},"excerpt":{"rendered":"<p>El pasado jueves 8 de marzo se present\u00f3 en el COFB el modelo de Pr\u00e1cticas Tuteladas del Grado en Farmacia IQS-Blanquerna de la Universidad Ramon Llull. El Grado en Farmacia empez\u00f3 a impartirse en esta universidad en el curso 2014-2015, de modo que, actualmente, los alumnos de la primera [\u2026]<\/p>","protected":false},"author":1,"featured_media":37790,"comment_status":"open","ping_status":"open","sticky":false,"template":"","format":"standard","meta":{"_uag_custom_page_level_css":"","site-sidebar-layout":"default","site-content-layout":"","ast-site-content-layout":"default","site-content-style":"default","site-sidebar-style":"default","ast-global-header-display":"","ast-banner-title-visibility":"","ast-main-header-display":"","ast-hfb-above-header-display":"","ast-hfb-below-header-display":"","ast-hfb-mobile-header-display":"","site-post-title":"","ast-breadcrumbs-content":"","ast-featured-img":"disabled","footer-sml-layout":"","theme-transparent-header-meta":"","adv-header-id-meta":"","stick-header-meta":"","header-above-stick-meta":"","header-main-stick-meta":"","header-below-stick-meta":"","astra-migrate-meta-layouts":"default","ast-page-background-enabled":"default","ast-page-background-meta":{"desktop":{"background-color":"var(--ast-global-color-4)","background-image":"","background-repeat":"repeat","background-position":"center center","background-size":"auto","background-attachment":"scroll","background-type":"","background-media":"","overlay-type":"","overlay-color":"","overlay-opacity":"","overlay-gradient":""},"tablet":{"background-color":"","background-image":"","background-repeat":"repeat","background-position":"center center","background-size":"auto","background-attachment":"scroll","background-type":"","background-media":"","overlay-type":"","overlay-color":"","overlay-opacity":"","overlay-gradient":""},"mobile":{"background-color":"","background-image":"","background-repeat":"repeat","background-position":"center center","background-size":"auto","background-attachment":"scroll","background-type":"","background-media":"","overlay-type":"","overlay-color":"","overlay-opacity":"","overlay-gradient":""}},"ast-content-background-meta":{"desktop":{"background-color":"var(--ast-global-color-5)","background-image":"","background-repeat":"repeat","background-position":"center center","background-size":"auto","background-attachment":"scroll","background-type":"","background-media":"","overlay-type":"","overlay-color":"","overlay-opacity":"","overlay-gradient":""},"tablet":{"background-color":"var(--ast-global-color-5)","background-image":"","background-repeat":"repeat","background-position":"center center","background-size":"auto","background-attachment":"scroll","background-type":"","background-media":"","overlay-type":"","overlay-color":"","overlay-opacity":"","overlay-gradient":""},"mobile":{"background-color":"var(--ast-global-color-5)","background-image":"","background-repeat":"repeat","background-position":"center center","background-size":"auto","background-attachment":"scroll","background-type":"","background-media":"","overlay-type":"","overlay-color":"","overlay-opacity":"","overlay-gradient":""}},"footnotes":""},"categories":[32],"tags":[3002,18,311,53,68,70,3003,3004,3005,2591,3006],"class_list":["post-37760","post","type-post","status-publish","format-standard","has-post-thumbnail","hentry","category-noticies-farmacia","tag-blanquerna-iqs","tag-cofb","tag-departament-de-salut","tag-farmaceutics","tag-farmacia","tag-formacio","tag-practiques","tag-practiques-tutelades","tag-ramon-llull","tag-universitat","tag-url"],"yoast_head":"<!-- This site is optimized with the Yoast SEO plugin v22.4 - https:\/\/yoast.com\/wordpress\/plugins\/seo\/ -->\n<title>El model de Pr\u00e0ctiques Tutelades del grau de Farm\u00e0cia IQS-Blanquerna de la Universitat Ramon Llull es presenta al COFB - Col\u00b7legi de Farmac\u00e8utics de Barcelona<\/title>\n<meta name=\"description\" content=\"El passat dijous 8 de mar\u00e7 es va presentar al COFB el model de Pr\u00e0ctiques Tutelades del Grau en Farm\u00e0cia IQS-Blanquerna de la Universitat Ramon Llull.\" \/>\n<meta name=\"robots\" content=\"index, follow, max-snippet:-1, max-image-preview:large, max-video-preview:-1\" \/>\n<link rel=\"canonical\" href=\"https:\/\/novaorg.cofb.net\/2018\/03\/14\/model-practiques-tutelades-grau-farmacia-iqs-blanquerna-universitat-ramon-llull-presenta-cofb\/\" \/>\n<meta property=\"og:locale\" content=\"es_ES\" \/>\n<meta property=\"og:type\" content=\"article\" \/>\n<meta property=\"og:title\" content=\"El model de Pr\u00e0ctiques Tutelades del grau de Farm\u00e0cia IQS-Blanquerna de la Universitat Ramon Llull es presenta al COFB - Col\u00b7legi de Farmac\u00e8utics de Barcelona\" \/>\n<meta property=\"og:description\" content=\"El passat dijous 8 de mar\u00e7 es va presentar al COFB el model de Pr\u00e0ctiques Tutelades del Grau en Farm\u00e0cia IQS-Blanquerna de la Universitat Ramon Llull.\" \/>\n<meta property=\"og:url\" content=\"https:\/\/novaorg.cofb.net\/2018\/03\/14\/model-practiques-tutelades-grau-farmacia-iqs-blanquerna-universitat-ramon-llull-presenta-cofb\/\" \/>\n<meta property=\"og:site_name\" content=\"Col\u00b7legi de Farmac\u00e8utics de Barcelona\" \/>\n<meta property=\"article:publisher\" content=\"https:\/\/www.facebook.com\/farmaceuticsbcn\/\" \/>\n<meta property=\"article:published_time\" content=\"2018-03-14T13:32:33+00:00\" \/>\n<meta name=\"author\" content=\"wpAdminCofbOrg\" \/>\n<meta name=\"twitter:card\" content=\"summary_large_image\" \/>\n<meta name=\"twitter:creator\" content=\"@farmaceuticsbcn\" \/>\n<meta name=\"twitter:site\" content=\"@farmaceuticsbcn\" \/>\n<meta name=\"twitter:label1\" content=\"Escrito por\" \/>\n\t<meta name=\"twitter:data1\" content=\"wpAdminCofbOrg\" \/>\n\t<meta name=\"twitter:label2\" content=\"Tiempo de lectura\" \/>\n\t<meta name=\"twitter:data2\" content=\"5 minutos\" \/>\n<script type=\"application\/ld+json\" class=\"yoast-schema-graph\">{\"@context\":\"https:\/\/schema.org\",\"@graph\":[{\"@type\":\"Article\",\"@id\":\"https:\/\/novaorg.cofb.net\/2018\/03\/14\/model-practiques-tutelades-grau-farmacia-iqs-blanquerna-universitat-ramon-llull-presenta-cofb\/#article\",\"isPartOf\":{\"@id\":\"https:\/\/novaorg.cofb.net\/2018\/03\/14\/model-practiques-tutelades-grau-farmacia-iqs-blanquerna-universitat-ramon-llull-presenta-cofb\/\"},\"author\":{\"name\":\"wpAdminCofbOrg\",\"@id\":\"https:\/\/www.cofb.org\/#\/schema\/person\/22ed7eea88da74b0fa4d3154ad87ffcb\"},\"headline\":\"El model de Pr\u00e0ctiques Tutelades del grau de Farm\u00e0cia IQS-Blanquerna de la Universitat Ramon Llull es presenta al COFB\",\"datePublished\":\"2018-03-14T13:32:33+00:00\",\"dateModified\":\"2018-03-14T13:32:33+00:00\",\"mainEntityOfPage\":{\"@id\":\"https:\/\/novaorg.cofb.net\/2018\/03\/14\/model-practiques-tutelades-grau-farmacia-iqs-blanquerna-universitat-ramon-llull-presenta-cofb\/\"},\"wordCount\":1004,\"commentCount\":0,\"publisher\":{\"@id\":\"https:\/\/www.cofb.org\/#organization\"},\"image\":{\"@id\":\"https:\/\/novaorg.cofb.net\/2018\/03\/14\/model-practiques-tutelades-grau-farmacia-iqs-blanquerna-universitat-ramon-llull-presenta-cofb\/#primaryimage\"},\"thumbnailUrl\":\"\",\"keywords\":[\"Blanquerna - IQS\",\"COFB\",\"Departament de Salut\",\"farmac\u00e8utics\",\"Farm\u00e0cia\",\"Formaci\u00f3\",\"pr\u00e0ctiques\",\"pr\u00e0ctiques tutelades\",\"Ramon Llull\",\"universitat\",\"URL\"],\"articleSection\":[\"Not\u00edcies farm\u00e0cia\"],\"inLanguage\":\"es\",\"potentialAction\":[{\"@type\":\"CommentAction\",\"name\":\"Comment\",\"target\":[\"https:\/\/novaorg.cofb.net\/2018\/03\/14\/model-practiques-tutelades-grau-farmacia-iqs-blanquerna-universitat-ramon-llull-presenta-cofb\/#respond\"]}]},{\"@type\":\"WebPage\",\"@id\":\"https:\/\/novaorg.cofb.net\/2018\/03\/14\/model-practiques-tutelades-grau-farmacia-iqs-blanquerna-universitat-ramon-llull-presenta-cofb\/\",\"url\":\"https:\/\/novaorg.cofb.net\/2018\/03\/14\/model-practiques-tutelades-grau-farmacia-iqs-blanquerna-universitat-ramon-llull-presenta-cofb\/\",\"name\":\"El model de Pr\u00e0ctiques Tutelades del grau de Farm\u00e0cia IQS-Blanquerna de la Universitat Ramon Llull es presenta al COFB - Col\u00b7legi de Farmac\u00e8utics de Barcelona\",\"isPartOf\":{\"@id\":\"https:\/\/www.cofb.org\/#website\"},\"primaryImageOfPage\":{\"@id\":\"https:\/\/novaorg.cofb.net\/2018\/03\/14\/model-practiques-tutelades-grau-farmacia-iqs-blanquerna-universitat-ramon-llull-presenta-cofb\/#primaryimage\"},\"image\":{\"@id\":\"https:\/\/novaorg.cofb.net\/2018\/03\/14\/model-practiques-tutelades-grau-farmacia-iqs-blanquerna-universitat-ramon-llull-presenta-cofb\/#primaryimage\"},\"thumbnailUrl\":\"\",\"datePublished\":\"2018-03-14T13:32:33+00:00\",\"dateModified\":\"2018-03-14T13:32:33+00:00\",\"description\":\"El passat dijous 8 de mar\u00e7 es va presentar al COFB el model de Pr\u00e0ctiques Tutelades del Grau en Farm\u00e0cia IQS-Blanquerna de la Universitat Ramon Llull.\",\"breadcrumb\":{\"@id\":\"https:\/\/novaorg.cofb.net\/2018\/03\/14\/model-practiques-tutelades-grau-farmacia-iqs-blanquerna-universitat-ramon-llull-presenta-cofb\/#breadcrumb\"},\"inLanguage\":\"es\",\"potentialAction\":[{\"@type\":\"ReadAction\",\"target\":[\"https:\/\/novaorg.cofb.net\/2018\/03\/14\/model-practiques-tutelades-grau-farmacia-iqs-blanquerna-universitat-ramon-llull-presenta-cofb\/\"]}]},{\"@type\":\"ImageObject\",\"inLanguage\":\"es\",\"@id\":\"https:\/\/novaorg.cofb.net\/2018\/03\/14\/model-practiques-tutelades-grau-farmacia-iqs-blanquerna-universitat-ramon-llull-presenta-cofb\/#primaryimage\",\"url\":\"\",\"contentUrl\":\"\"},{\"@type\":\"BreadcrumbList\",\"@id\":\"https:\/\/novaorg.cofb.net\/2018\/03\/14\/model-practiques-tutelades-grau-farmacia-iqs-blanquerna-universitat-ramon-llull-presenta-cofb\/#breadcrumb\",\"itemListElement\":[{\"@type\":\"ListItem\",\"position\":1,\"name\":\"Inici\",\"item\":\"https:\/\/novaorg.cofb.net\/\"},{\"@type\":\"ListItem\",\"position\":2,\"name\":\"El model de Pr\u00e0ctiques Tutelades del grau de Farm\u00e0cia IQS-Blanquerna de la Universitat Ramon Llull es presenta al COFB\"}]},{\"@type\":\"WebSite\",\"@id\":\"https:\/\/www.cofb.org\/#website\",\"url\":\"https:\/\/www.cofb.org\/\",\"name\":\"Col\u00b7legi de Farmac\u00e8utics de Barcelona\",\"description\":\"\",\"publisher\":{\"@id\":\"https:\/\/www.cofb.org\/#organization\"},\"potentialAction\":[{\"@type\":\"SearchAction\",\"target\":{\"@type\":\"EntryPoint\",\"urlTemplate\":\"https:\/\/www.cofb.org\/?s={search_term_string}\"},\"query-input\":\"required name=search_term_string\"}],\"inLanguage\":\"es\"},{\"@type\":\"Organization\",\"@id\":\"https:\/\/www.cofb.org\/#organization\",\"name\":\"Col\u00b7legi de Farmac\u00e8utics de Barcelona\",\"url\":\"https:\/\/www.cofb.org\/\",\"logo\":{\"@type\":\"ImageObject\",\"inLanguage\":\"es\",\"@id\":\"https:\/\/www.cofb.org\/#\/schema\/logo\/image\/\",\"url\":\"https:\/\/www.cofb.org\/wp-content\/uploads\/2023\/11\/cropped-Logotip-COFB.png\",\"contentUrl\":\"https:\/\/www.cofb.org\/wp-content\/uploads\/2023\/11\/cropped-Logotip-COFB.png\",\"width\":500,\"height\":105,\"caption\":\"Col\u00b7legi de Farmac\u00e8utics de Barcelona\"},\"image\":{\"@id\":\"https:\/\/www.cofb.org\/#\/schema\/logo\/image\/\"},\"sameAs\":[\"https:\/\/www.facebook.com\/farmaceuticsbcn\/\",\"https:\/\/twitter.com\/farmaceuticsbcn\",\"https:\/\/www.instagram.com\/farmaceuticsbcn\/\",\"https:\/\/www.linkedin.com\/company\/farmaceuticsbcn\/\"]},{\"@type\":\"Person\",\"@id\":\"https:\/\/www.cofb.org\/#\/schema\/person\/22ed7eea88da74b0fa4d3154ad87ffcb\",\"name\":\"wpAdminCofbOrg\",\"image\":{\"@type\":\"ImageObject\",\"inLanguage\":\"es\",\"@id\":\"https:\/\/www.cofb.org\/#\/schema\/person\/image\/\",\"url\":\"https:\/\/secure.gravatar.com\/avatar\/1721b20b3b8ca882c3b56ec6c978c594fff670e40c0718e9190eaeeb76aae7d8?s=96&d=mm&r=g\",\"contentUrl\":\"https:\/\/secure.gravatar.com\/avatar\/1721b20b3b8ca882c3b56ec6c978c594fff670e40c0718e9190eaeeb76aae7d8?s=96&d=mm&r=g\",\"caption\":\"wpAdminCofbOrg\"},\"sameAs\":[\"http:\/\/192.168.64.122\/wordpress\"],\"url\":\"https:\/\/www.cofb.org\/es\/author\/wpadmincofborg\/\"}]}<\/script>\n<!-- \/ Yoast SEO plugin. -->","yoast_head_json":{"title":"El model de Pr\u00e0ctiques Tutelades del grau de Farm\u00e0cia IQS-Blanquerna de la Universitat Ramon Llull es presenta al COFB - Col\u00b7legi de Farmac\u00e8utics de Barcelona","description":"El passat dijous 8 de mar\u00e7 es va presentar al COFB el model de Pr\u00e0ctiques Tutelades del Grau en Farm\u00e0cia IQS-Blanquerna de la Universitat Ramon Llull.","robots":{"index":"index","follow":"follow","max-snippet":"max-snippet:-1","max-image-preview":"max-image-preview:large","max-video-preview":"max-video-preview:-1"},"canonical":"https:\/\/novaorg.cofb.net\/2018\/03\/14\/model-practiques-tutelades-grau-farmacia-iqs-blanquerna-universitat-ramon-llull-presenta-cofb\/","og_locale":"es_ES","og_type":"article","og_title":"El model de Pr\u00e0ctiques Tutelades del grau de Farm\u00e0cia IQS-Blanquerna de la Universitat Ramon Llull es presenta al COFB - Col\u00b7legi de Farmac\u00e8utics de Barcelona","og_description":"El passat dijous 8 de mar\u00e7 es va presentar al COFB el model de Pr\u00e0ctiques Tutelades del Grau en Farm\u00e0cia IQS-Blanquerna de la Universitat Ramon Llull.","og_url":"https:\/\/novaorg.cofb.net\/2018\/03\/14\/model-practiques-tutelades-grau-farmacia-iqs-blanquerna-universitat-ramon-llull-presenta-cofb\/","og_site_name":"Col\u00b7legi de Farmac\u00e8utics de Barcelona","article_publisher":"https:\/\/www.facebook.com\/farmaceuticsbcn\/","article_published_time":"2018-03-14T13:32:33+00:00","author":"wpAdminCofbOrg","twitter_card":"summary_large_image","twitter_creator":"@farmaceuticsbcn","twitter_site":"@farmaceuticsbcn","twitter_misc":{"Escrito por":"wpAdminCofbOrg","Tiempo de lectura":"5 minutos"},"schema":{"@context":"https:\/\/schema.org","@graph":[{"@type":"Article","@id":"https:\/\/novaorg.cofb.net\/2018\/03\/14\/model-practiques-tutelades-grau-farmacia-iqs-blanquerna-universitat-ramon-llull-presenta-cofb\/#article","isPartOf":{"@id":"https:\/\/novaorg.cofb.net\/2018\/03\/14\/model-practiques-tutelades-grau-farmacia-iqs-blanquerna-universitat-ramon-llull-presenta-cofb\/"},"author":{"name":"wpAdminCofbOrg","@id":"https:\/\/www.cofb.org\/#\/schema\/person\/22ed7eea88da74b0fa4d3154ad87ffcb"},"headline":"El model de Pr\u00e0ctiques Tutelades del grau de Farm\u00e0cia IQS-Blanquerna de la Universitat Ramon Llull es presenta al COFB","datePublished":"2018-03-14T13:32:33+00:00","dateModified":"2018-03-14T13:32:33+00:00","mainEntityOfPage":{"@id":"https:\/\/novaorg.cofb.net\/2018\/03\/14\/model-practiques-tutelades-grau-farmacia-iqs-blanquerna-universitat-ramon-llull-presenta-cofb\/"},"wordCount":1004,"commentCount":0,"publisher":{"@id":"https:\/\/www.cofb.org\/#organization"},"image":{"@id":"https:\/\/novaorg.cofb.net\/2018\/03\/14\/model-practiques-tutelades-grau-farmacia-iqs-blanquerna-universitat-ramon-llull-presenta-cofb\/#primaryimage"},"thumbnailUrl":"","keywords":["Blanquerna - IQS","COFB","Departament de Salut","farmac\u00e8utics","Farm\u00e0cia","Formaci\u00f3","pr\u00e0ctiques","pr\u00e0ctiques tutelades","Ramon Llull","universitat","URL"],"articleSection":["Not\u00edcies farm\u00e0cia"],"inLanguage":"es","potentialAction":[{"@type":"CommentAction","name":"Comment","target":["https:\/\/novaorg.cofb.net\/2018\/03\/14\/model-practiques-tutelades-grau-farmacia-iqs-blanquerna-universitat-ramon-llull-presenta-cofb\/#respond"]}]},{"@type":"WebPage","@id":"https:\/\/novaorg.cofb.net\/2018\/03\/14\/model-practiques-tutelades-grau-farmacia-iqs-blanquerna-universitat-ramon-llull-presenta-cofb\/","url":"https:\/\/novaorg.cofb.net\/2018\/03\/14\/model-practiques-tutelades-grau-farmacia-iqs-blanquerna-universitat-ramon-llull-presenta-cofb\/","name":"El model de Pr\u00e0ctiques Tutelades del grau de Farm\u00e0cia IQS-Blanquerna de la Universitat Ramon Llull es presenta al COFB - Col\u00b7legi de Farmac\u00e8utics de Barcelona","isPartOf":{"@id":"https:\/\/www.cofb.org\/#website"},"primaryImageOfPage":{"@id":"https:\/\/novaorg.cofb.net\/2018\/03\/14\/model-practiques-tutelades-grau-farmacia-iqs-blanquerna-universitat-ramon-llull-presenta-cofb\/#primaryimage"},"image":{"@id":"https:\/\/novaorg.cofb.net\/2018\/03\/14\/model-practiques-tutelades-grau-farmacia-iqs-blanquerna-universitat-ramon-llull-presenta-cofb\/#primaryimage"},"thumbnailUrl":"","datePublished":"2018-03-14T13:32:33+00:00","dateModified":"2018-03-14T13:32:33+00:00","description":"El passat dijous 8 de mar\u00e7 es va presentar al COFB el model de Pr\u00e0ctiques Tutelades del Grau en Farm\u00e0cia IQS-Blanquerna de la Universitat Ramon Llull.","breadcrumb":{"@id":"https:\/\/novaorg.cofb.net\/2018\/03\/14\/model-practiques-tutelades-grau-farmacia-iqs-blanquerna-universitat-ramon-llull-presenta-cofb\/#breadcrumb"},"inLanguage":"es","potentialAction":[{"@type":"ReadAction","target":["https:\/\/novaorg.cofb.net\/2018\/03\/14\/model-practiques-tutelades-grau-farmacia-iqs-blanquerna-universitat-ramon-llull-presenta-cofb\/"]}]},{"@type":"ImageObject","inLanguage":"es","@id":"https:\/\/novaorg.cofb.net\/2018\/03\/14\/model-practiques-tutelades-grau-farmacia-iqs-blanquerna-universitat-ramon-llull-presenta-cofb\/#primaryimage","url":"","contentUrl":""},{"@type":"BreadcrumbList","@id":"https:\/\/novaorg.cofb.net\/2018\/03\/14\/model-practiques-tutelades-grau-farmacia-iqs-blanquerna-universitat-ramon-llull-presenta-cofb\/#breadcrumb","itemListElement":[{"@type":"ListItem","position":1,"name":"Inici","item":"https:\/\/novaorg.cofb.net\/"},{"@type":"ListItem","position":2,"name":"El model de Pr\u00e0ctiques Tutelades del grau de Farm\u00e0cia IQS-Blanquerna de la Universitat Ramon Llull es presenta al COFB"}]},{"@type":"WebSite","@id":"https:\/\/www.cofb.org\/#website","url":"https:\/\/www.cofb.org\/","name":"Col\u00b7legi de Farmac\u00e8utics de Barcelona","description":"","publisher":{"@id":"https:\/\/www.cofb.org\/#organization"},"potentialAction":[{"@type":"SearchAction","target":{"@type":"EntryPoint","urlTemplate":"https:\/\/www.cofb.org\/?s={search_term_string}"},"query-input":"required name=search_term_string"}],"inLanguage":"es"},{"@type":"Organization","@id":"https:\/\/www.cofb.org\/#organization","name":"Col\u00b7legi de Farmac\u00e8utics de Barcelona","url":"https:\/\/www.cofb.org\/","logo":{"@type":"ImageObject","inLanguage":"es","@id":"https:\/\/www.cofb.org\/#\/schema\/logo\/image\/","url":"https:\/\/www.cofb.org\/wp-content\/uploads\/2023\/11\/cropped-Logotip-COFB.png","contentUrl":"https:\/\/www.cofb.org\/wp-content\/uploads\/2023\/11\/cropped-Logotip-COFB.png","width":500,"height":105,"caption":"Col\u00b7legi de Farmac\u00e8utics de Barcelona"},"image":{"@id":"https:\/\/www.cofb.org\/#\/schema\/logo\/image\/"},"sameAs":["https:\/\/www.facebook.com\/farmaceuticsbcn\/","https:\/\/twitter.com\/farmaceuticsbcn","https:\/\/www.instagram.com\/farmaceuticsbcn\/","https:\/\/www.linkedin.com\/company\/farmaceuticsbcn\/"]},{"@type":"Person","@id":"https:\/\/www.cofb.org\/#\/schema\/person\/22ed7eea88da74b0fa4d3154ad87ffcb","name":"wpAdminCofbOrg","image":{"@type":"ImageObject","inLanguage":"es","@id":"https:\/\/www.cofb.org\/#\/schema\/person\/image\/","url":"https:\/\/secure.gravatar.com\/avatar\/1721b20b3b8ca882c3b56ec6c978c594fff670e40c0718e9190eaeeb76aae7d8?s=96&d=mm&r=g","contentUrl":"https:\/\/secure.gravatar.com\/avatar\/1721b20b3b8ca882c3b56ec6c978c594fff670e40c0718e9190eaeeb76aae7d8?s=96&d=mm&r=g","caption":"wpAdminCofbOrg"},"sameAs":["http:\/\/192.168.64.122\/wordpress"],"url":"https:\/\/www.cofb.org\/es\/author\/wpadmincofborg\/"}]}},"uagb_featured_image_src":{"full":false,"thumbnail":false,"medium":false,"medium_large":false,"large":false,"1536x1536":false,"2048x2048":false,"trp-custom-language-flag":false},"uagb_author_info":{"display_name":"wpAdminCofbOrg","author_link":"https:\/\/www.cofb.org\/es\/author\/wpadmincofborg\/"},"uagb_comment_info":0,"uagb_excerpt":"El passat dijous 8 de mar\u00e7 es va presentar al COFB el model de Pr\u00e0ctiques Tutelades del Grau en Farm\u00e0cia IQS-Blanquerna de la Universitat Ramon Llull.\u00a0 El Grau en Farm\u00e0cia va comen\u00e7ar a impartir-se en aquesta universitat el curs 2014- 2015, de manera que, actualment, els alumnes de la primera [&hellip;]","_links":{"self":[{"href":"https:\/\/www.cofb.org\/es\/wp-json\/wp\/v2\/posts\/37760","targetHints":{"allow":["GET"]}}],"collection":[{"href":"https:\/\/www.cofb.org\/es\/wp-json\/wp\/v2\/posts"}],"about":[{"href":"https:\/\/www.cofb.org\/es\/wp-json\/wp\/v2\/types\/post"}],"author":[{"embeddable":true,"href":"https:\/\/www.cofb.org\/es\/wp-json\/wp\/v2\/users\/1"}],"replies":[{"embeddable":true,"href":"https:\/\/www.cofb.org\/es\/wp-json\/wp\/v2\/comments?post=37760"}],"version-history":[{"count":0,"href":"https:\/\/www.cofb.org\/es\/wp-json\/wp\/v2\/posts\/37760\/revisions"}],"wp:featuredmedia":[{"embeddable":true,"href":"https:\/\/www.cofb.org\/es\/wp-json\/"}],"wp:attachment":[{"href":"https:\/\/www.cofb.org\/es\/wp-json\/wp\/v2\/media?parent=37760"}],"wp:term":[{"taxonomy":"category","embeddable":true,"href":"https:\/\/www.cofb.org\/es\/wp-json\/wp\/v2\/categories?post=37760"},{"taxonomy":"post_tag","embeddable":true,"href":"https:\/\/www.cofb.org\/es\/wp-json\/wp\/v2\/tags?post=37760"}],"curies":[{"name":"wp","href":"https:\/\/api.w.org\/{rel}","templated":true}]}}