{"id":37725,"date":"2018-03-13T19:10:12","date_gmt":"2018-03-13T17:10:12","guid":{"rendered":"https:\/\/blog.cofb.cat\/?p=37725"},"modified":"2018-03-13T19:10:12","modified_gmt":"2018-03-13T17:10:12","slug":"ciencia-i-evidencia-dels-probiotics-en-la-infancia","status":"publish","type":"post","link":"https:\/\/www.cofb.org\/es\/2018\/03\/13\/ciencia-i-evidencia-dels-probiotics-en-la-infancia\/","title":{"rendered":"Ciencia y evidencia de los probi\u00f3ticos en la infancia"},"content":{"rendered":"<p>El pasado 6 de marzo, el COFB acogi\u00f3 la conferencia <strong>&quot;Ciencia y evidencia de los probi\u00f3ticos en la infancia&quot;<\/strong>, a cargo de Sophie Holowacz, directora de proyectos de investigaci\u00f3n en probi\u00f3ticos de Laboratorios Pileje. La encargada de moderar la sesi\u00f3n fue Anna Bach, vocal de Alimentaci\u00f3n y Nutrici\u00f3n del COFB.<\/p>\n<p>La conferencia abord\u00f3 la<strong>evoluci\u00f3n de la microbiota intestinal del ni\u00f1o y su impacto en la salud fij\u00e1ndose en tres etapas distintas: antes del embarazo, durante el embarazo y hasta que el ni\u00f1o tiene 4 a\u00f1os.<\/strong><\/p>\n<figure id=\"attachment_37742\" aria-describedby=\"caption-attachment-37742\" style=\"width: 620px\" class=\"wp-caption aligncenter\"><a href=\"https:\/\/blog.cofb.cat\/wp-content\/uploads\/2018\/03\/cofb.180306-18.jpg\"><img fetchpriority=\"high\" decoding=\"async\" class=\"wp-image-37742 size-large\" src=\"https:\/\/blog.cofb.cat\/wp-content\/uploads\/2018\/03\/cofb.180306-18-1024x683.jpg\" alt=\"Sophie Holowacz, directora de projectes d'investigaci\u00f3 en probi\u00f2tics de Laboratoris Pileje, durant un moment de la confer\u00e8ncia. \" width=\"620\" height=\"414\" \/><\/a><figcaption id=\"caption-attachment-37742\" class=\"wp-caption-text\">Sophie Holowacz, directora de proyectos de investigaci\u00f3n en probi\u00f3ticos de Laboratorios Pileje, durante la conferencia<\/figcaption><\/figure>\n<h3><span style=\"color: #008080;\"><strong>\u00bfQu\u00e9 es la microbiota intestinal?<\/strong><\/span><\/h3>\n<p>La <strong>microbiota intestinal<\/strong> es la microbiota m\u00e1s estudiada y el <strong>mayor reservorio de microorganismos del cuerpo humano<\/strong>.<\/p>\n<p>Est\u00e1 relacionada con la <strong>producci\u00f3n de vitaminas<\/strong>, la <strong>digesti\u00f3n de los alimentos<\/strong>, el <strong>desarrollo y mantenimiento de una barrera epitelial intacta y funcional<\/strong>, la <strong>maduraci\u00f3n y estimulaci\u00f3n del sistema inmunitario<\/strong> y las <strong>propiedades antimicrobianas<\/strong>.<\/p>\n<p>La microbiota intestinal est\u00e1 bajo la influencia de m\u00faltiples factores como la <strong>gen\u00e9tica<\/strong>, la<strong>edad<\/strong> y la <strong>dieta alimentaria<\/strong>.<\/p>\n<div class=\"box info\"><\/p>\n<p>La <strong>microbiota<\/strong> es la antigua denominaci\u00f3n de la flora, por tanto, de la microflora. Corresponde a la <strong>poblaci\u00f3n de microorganismos que viven en un ambiente espec\u00edfico llamado microbioma<\/strong>. Las microbiotas, en los seres humanos, est\u00e1n asociadas a las mucosas ya la piel.<\/p>\n<p><\/div>\n<h3><strong><span style=\"color: #008080;\">Factores que influyen en el desarrollo precoz de la microbiota<\/span><\/strong><\/h3>\n<p>Holowacz expuso algunos de los <strong>factores que influyen en el desarrollo precoz de la microbiota, <\/strong>se trata de:<\/p>\n<ul>\n<li>La <strong>contaminaci\u00f3n intrauterina<\/strong>: detecci\u00f3n de microorganismos en la placenta, la sangre del cord\u00f3n umbilical, el l\u00edquido amni\u00f3tico, las membranas fetales y el meconio. Origen materno de los microorganismos presentes en el feto (microbiota oral, microbiota intestinal y microbiota vaginal).<\/li>\n<li>El <strong>tipos de parto<\/strong>: El nacimiento es el verdadero punto de ruptura, ya que se produce el tr\u00e1fico desde un entorno de densidad microbiana muy d\u00e9bil a un entorno rico en microorganismos. La colonizaci\u00f3n por <i>Bifidobacterium<\/i> y <i>Bacteroides<\/i> de los lactantes nacidos por ces\u00e1rea aparece m\u00e1s tarde.<\/li>\n<li>El <strong>tipos de alimentaci\u00f3n y la lactancia: <\/strong>Disminuci\u00f3n de las concentraciones de bifidobacterias en la leche de las madres que padecen enfermedad cel\u00edaca, obesidad o que han recibido una antibioterapia durante el embarazo o la lactancia.<\/li>\n<li>Los <strong>tratamientos: antibi\u00f3ticos y probi\u00f3ticos<\/strong>. Los probi\u00f3ticos son microorganismos vivos que producen un beneficio por la salud del lactante o el ni\u00f1o, cuando son administrados en cantidades adecuadas.<\/li>\n<li>La<strong>entorno familiar. <\/strong>Aqu\u00ed se incluye el contacto con los familiares, los compa\u00f1eros de escuela, la exposici\u00f3n a animales de compa\u00f1\u00eda\u2026<\/li>\n<\/ul>\n<figure id=\"attachment_37744\" aria-describedby=\"caption-attachment-37744\" style=\"width: 620px\" class=\"wp-caption aligncenter\"><a href=\"https:\/\/blog.cofb.cat\/wp-content\/uploads\/2018\/03\/probi\u00f2tics-retallada.jpg\"><img decoding=\"async\" class=\"wp-image-37744 size-large\" title=\"Momento de la conferencia &quot;Ciencia y evidencia de los probi\u00f3ticos en la infancia&quot;.\" src=\"https:\/\/blog.cofb.cat\/wp-content\/uploads\/2018\/03\/probi\u00f2tics-retallada-1024x514.jpg\" alt=\" Moment de la confer\u00e8ncia &quot;Ci\u00e8ncia i evid\u00e8ncia dels probi\u00f2tics en la inf\u00e0ncia&quot;.\" width=\"620\" height=\"311\" \/><\/a><figcaption id=\"caption-attachment-37744\" class=\"wp-caption-text\">Momento de la conferencia &quot;Ciencia y evidencia de los probi\u00f3ticos en la infancia&quot;.<\/figcaption><\/figure>\n<h3><strong><span style=\"color: #008080;\">Disbiosis pedi\u00e1tricas<\/span><\/strong><\/h3>\n<p>Holowacz se refiri\u00f3 tambi\u00e9n a las principales<strong> disbiosis pedi\u00e1tricas <\/strong>(un desequilibrio de la flora intestinal)<strong> que pueden ser provocadas por causas diversas:<\/strong><\/p>\n<ul>\n<li>las <strong>alergias<\/strong><\/li>\n<li>los<strong> c\u00f3licos infantiles<\/strong><\/li>\n<li>las <strong>enfermedades intestinales inflamatorias cr\u00f3nicas<\/strong><\/li>\n<li>el<strong>obesidad<\/strong><\/li>\n<li>las <strong>enfermedades autoinmunes<\/strong>: enfermedad cel\u00edaca, diabetes tipo I, esclerosis m\u00faltiple, artritis juvenil idiop\u00e1tica<\/li>\n<li>el<strong>autismo<\/strong><\/li>\n<\/ul>\n<p>Anna Bach, vocal de Alimentaci\u00f3n y Nutrici\u00f3n del COFB, agradeci\u00f3 que la ponente hubiera podido trasladar a los asistentes <strong>las investigaciones que se est\u00e1n haciendo actualmente en el \u00e1mbito de los probi\u00f3ticos<\/strong>s.<\/p>\n<p>&nbsp;<\/p>\n<p style=\"text-align: right;\"><strong>Con la colaboraci\u00f3n de:<\/strong><\/p>\n<p style=\"text-align: right;\"><a href=\"https:\/\/blog.cofb.cat\/wp-content\/uploads\/2018\/03\/PiLeJe.jpg\" target=\"_blank\" rel=\"noopener\"><img decoding=\"async\" class=\"alignright wp-image-37737 size-full\" src=\"https:\/\/blog.cofb.cat\/wp-content\/uploads\/2018\/03\/PiLeJe.jpg\" alt=\"http:\/\/www.pileje.es\/\" width=\"130\" height=\"48\" \/><\/a><\/p>\n<p>&nbsp;<\/p>\n<p>&nbsp;<\/p>\n<p><div class=\"box shadow\">Otros <strong>fuentes de informaci\u00f3n de inter\u00e9s<\/strong> relacionadas con los <strong>probi\u00f3ticos<\/strong>:<\/p>\n<ul>\n<li style=\"list-style-type: none;\">\n<ul>\n<li><b>S<strong>\u00bfd\u00f3nde seguros los probi\u00f3ticos para los menores de dos a\u00f1os?<\/strong><\/b> <a href=\"https:\/\/www.ncbi.nlm.nih.gov\/pubmed\/24463207\" target=\"_blank\" rel=\"noopener\"><i>Probiotic and synbiotic safety in infants un 2 years of age <\/i><\/a>(v\u00eda PubMed).<\/li>\n<li><strong>Fuentes de informaci\u00f3n adicional<\/strong>: <a href=\"http:\/\/www.sepyp.es\/es\/home\" target=\"_blank\" rel=\"noopener\">Sociedad Espa\u00f1ola de Probi\u00f3ticos y Prebi\u00f3ticos<\/a> (SEPyP), <a href=\"http:\/\/ilsi.eu\/\">International Life Sciences Institutem<\/a> (ILSI), <a href=\"http:\/\/www.worldgastroenterology.org\/\" target=\"_blank\" rel=\"noopener\">World Gastroenterology Organisation<\/a>.<\/li>\n<li><strong>Art\u00edculo de inter\u00e9s<\/strong>: <a href=\"https:\/\/www.ncbi.nlm.nih.gov\/pubmed\/24912386\" target=\"_blank\" rel=\"noopener\"><i>Experto consenso documento. The International Scientific Association for Probiotics and Prebiotics consensus statement on the scope and appropriate use of the term probi\u00f3tic <\/i><\/a>(v\u00eda PubMed) <\/div><\/li>\n<\/ul>\n<\/li>\n<\/ul>\n<p><strong>Otras publicaciones de inter\u00e9s:<\/strong><\/p>\n<ul>\n<li><a href=\"https:\/\/blog.cofb.cat\/la-importancia-de-la-salut-gastrointestinal-als-primers-1-000-dies-de-vida\/\" target=\"_blank\" rel=\"noopener\">La importancia de la salud gastrointestinal en los primeros 1.000 d\u00edas de vida<\/a> (Octubre 2017)<\/li>\n<li><a href=\"https:\/\/blog.cofb.cat\/tractament-de-la-sindrome-de-lintesti-irritable-amb-probiotics\/\" target=\"_blank\" rel=\"noopener\">Tratamiento del s\u00edndrome del intestino irritable con probi\u00f3ticos<\/a> (Julio 2017)<\/li>\n<li><a href=\"https:\/\/blog.cofb.cat\/formacio-en-probiotics-complements-alimentosos\/\" target=\"_blank\" rel=\"noopener\">Formaci\u00f3n en probi\u00f3ticos y complementos alimenticios<\/a> (Mayo 2017)<\/li>\n<li><a href=\"https:\/\/blog.cofb.cat\/probiotics-prebiotics-beneficis-de-loli-doliva-en-dermatologia-nutricio\/\" target=\"_blank\" rel=\"noopener\">Probi\u00f3ticos, prebi\u00f3ticos y beneficios del aceite de oliva en dermatolog\u00eda y nutrici\u00f3n<\/a> (Enero 2017)<\/li>\n<li><a href=\"https:\/\/blog.cofb.cat\/jornada-formativa-sobre-probiotics-i-immunitat\/\" target=\"_blank\" rel=\"noopener\">Jornada formativa sobre probi\u00f3ticos e inmunidad<\/a> (Enero 2015)<\/li>\n<\/ul>","protected":false},"excerpt":{"rendered":"<p>El pasado 6 de marzo, el COFB acogi\u00f3 la conferencia \u201cCiencia y evidencia de los probi\u00f3ticos en la infancia\u201d, a cargo de Sophie Holowacz, directora de proyectos de investigaci\u00f3n en probi\u00f3ticos de Laboratorios Pileje. La encargada de moderar la sesi\u00f3n fue Anna Bach, vocal de Alimentaci\u00f3n y Nutrici\u00f3n del COFB. La conferencia [\u2026]<\/p>","protected":false},"author":1,"featured_media":37744,"comment_status":"open","ping_status":"open","sticky":false,"template":"","format":"standard","meta":{"_uag_custom_page_level_css":"","site-sidebar-layout":"default","site-content-layout":"","ast-site-content-layout":"default","site-content-style":"default","site-sidebar-style":"default","ast-global-header-display":"","ast-banner-title-visibility":"","ast-main-header-display":"","ast-hfb-above-header-display":"","ast-hfb-below-header-display":"","ast-hfb-mobile-header-display":"","site-post-title":"","ast-breadcrumbs-content":"","ast-featured-img":"disabled","footer-sml-layout":"","theme-transparent-header-meta":"","adv-header-id-meta":"","stick-header-meta":"","header-above-stick-meta":"","header-main-stick-meta":"","header-below-stick-meta":"","astra-migrate-meta-layouts":"default","ast-page-background-enabled":"default","ast-page-background-meta":{"desktop":{"background-color":"var(--ast-global-color-4)","background-image":"","background-repeat":"repeat","background-position":"center center","background-size":"auto","background-attachment":"scroll","background-type":"","background-media":"","overlay-type":"","overlay-color":"","overlay-opacity":"","overlay-gradient":""},"tablet":{"background-color":"","background-image":"","background-repeat":"repeat","background-position":"center center","background-size":"auto","background-attachment":"scroll","background-type":"","background-media":"","overlay-type":"","overlay-color":"","overlay-opacity":"","overlay-gradient":""},"mobile":{"background-color":"","background-image":"","background-repeat":"repeat","background-position":"center center","background-size":"auto","background-attachment":"scroll","background-type":"","background-media":"","overlay-type":"","overlay-color":"","overlay-opacity":"","overlay-gradient":""}},"ast-content-background-meta":{"desktop":{"background-color":"var(--ast-global-color-5)","background-image":"","background-repeat":"repeat","background-position":"center center","background-size":"auto","background-attachment":"scroll","background-type":"","background-media":"","overlay-type":"","overlay-color":"","overlay-opacity":"","overlay-gradient":""},"tablet":{"background-color":"var(--ast-global-color-5)","background-image":"","background-repeat":"repeat","background-position":"center center","background-size":"auto","background-attachment":"scroll","background-type":"","background-media":"","overlay-type":"","overlay-color":"","overlay-opacity":"","overlay-gradient":""},"mobile":{"background-color":"var(--ast-global-color-5)","background-image":"","background-repeat":"repeat","background-position":"center center","background-size":"auto","background-attachment":"scroll","background-type":"","background-media":"","overlay-type":"","overlay-color":"","overlay-opacity":"","overlay-gradient":""}},"footnotes":""},"categories":[57],"tags":[18,520,607,608,56,744,2273,997,95,389],"class_list":["post-37725","post","type-post","status-publish","format-standard","has-post-thumbnail","hentry","category-mon-collegial","tag-cofb","tag-conferencia","tag-infancia","tag-infants","tag-investigacio","tag-microbiota","tag-nadons","tag-nens","tag-probiotics","tag-vocalia-dalimentacio-i-nutricio"],"yoast_head":"<!-- This site is optimized with the Yoast SEO plugin v22.4 - https:\/\/yoast.com\/wordpress\/plugins\/seo\/ -->\n<title>Ci\u00e8ncia i evid\u00e8ncia dels probi\u00f2tics en la inf\u00e0ncia - Col\u00b7legi de Farmac\u00e8utics de Barcelona<\/title>\n<meta name=\"description\" content=\"El passat 6 de mar\u00e7, el COFB va acollir la confer\u00e8ncia &quot;Ci\u00e8ncia i evid\u00e8ncia dels probi\u00f2tics en la inf\u00e0ncia&quot;, a c\u00e0rrec de Sophie Holowacz\" \/>\n<meta name=\"robots\" content=\"index, follow, max-snippet:-1, max-image-preview:large, max-video-preview:-1\" \/>\n<link rel=\"canonical\" href=\"https:\/\/novaorg.cofb.net\/2018\/03\/13\/ciencia-i-evidencia-dels-probiotics-en-la-infancia\/\" \/>\n<meta property=\"og:locale\" content=\"es_ES\" \/>\n<meta property=\"og:type\" content=\"article\" \/>\n<meta property=\"og:title\" content=\"Ci\u00e8ncia i evid\u00e8ncia dels probi\u00f2tics en la inf\u00e0ncia - Col\u00b7legi de Farmac\u00e8utics de Barcelona\" \/>\n<meta property=\"og:description\" content=\"El passat 6 de mar\u00e7, el COFB va acollir la confer\u00e8ncia &quot;Ci\u00e8ncia i evid\u00e8ncia dels probi\u00f2tics en la inf\u00e0ncia&quot;, a c\u00e0rrec de Sophie Holowacz\" \/>\n<meta property=\"og:url\" content=\"https:\/\/novaorg.cofb.net\/2018\/03\/13\/ciencia-i-evidencia-dels-probiotics-en-la-infancia\/\" \/>\n<meta property=\"og:site_name\" content=\"Col\u00b7legi de Farmac\u00e8utics de Barcelona\" \/>\n<meta property=\"article:publisher\" content=\"https:\/\/www.facebook.com\/farmaceuticsbcn\/\" \/>\n<meta property=\"article:published_time\" content=\"2018-03-13T17:10:12+00:00\" \/>\n<meta name=\"author\" content=\"wpAdminCofbOrg\" \/>\n<meta name=\"twitter:card\" content=\"summary_large_image\" \/>\n<meta name=\"twitter:creator\" content=\"@farmaceuticsbcn\" \/>\n<meta name=\"twitter:site\" content=\"@farmaceuticsbcn\" \/>\n<meta name=\"twitter:label1\" content=\"Escrito por\" \/>\n\t<meta name=\"twitter:data1\" content=\"wpAdminCofbOrg\" \/>\n\t<meta name=\"twitter:label2\" content=\"Tiempo de lectura\" \/>\n\t<meta name=\"twitter:data2\" content=\"4 minutos\" \/>\n<script type=\"application\/ld+json\" class=\"yoast-schema-graph\">{\"@context\":\"https:\/\/schema.org\",\"@graph\":[{\"@type\":\"Article\",\"@id\":\"https:\/\/novaorg.cofb.net\/2018\/03\/13\/ciencia-i-evidencia-dels-probiotics-en-la-infancia\/#article\",\"isPartOf\":{\"@id\":\"https:\/\/novaorg.cofb.net\/2018\/03\/13\/ciencia-i-evidencia-dels-probiotics-en-la-infancia\/\"},\"author\":{\"name\":\"wpAdminCofbOrg\",\"@id\":\"https:\/\/www.cofb.org\/#\/schema\/person\/22ed7eea88da74b0fa4d3154ad87ffcb\"},\"headline\":\"Ci\u00e8ncia i evid\u00e8ncia dels probi\u00f2tics en la inf\u00e0ncia\",\"datePublished\":\"2018-03-13T17:10:12+00:00\",\"dateModified\":\"2018-03-13T17:10:12+00:00\",\"mainEntityOfPage\":{\"@id\":\"https:\/\/novaorg.cofb.net\/2018\/03\/13\/ciencia-i-evidencia-dels-probiotics-en-la-infancia\/\"},\"wordCount\":758,\"commentCount\":0,\"publisher\":{\"@id\":\"https:\/\/www.cofb.org\/#organization\"},\"image\":{\"@id\":\"https:\/\/novaorg.cofb.net\/2018\/03\/13\/ciencia-i-evidencia-dels-probiotics-en-la-infancia\/#primaryimage\"},\"thumbnailUrl\":\"\",\"keywords\":[\"COFB\",\"confer\u00e8ncia\",\"inf\u00e0ncia\",\"infants\",\"Investigaci\u00f3\",\"microbiota\",\"nadons\",\"nens\",\"probi\u00f2tics\",\"vocalia d'alimentaci\u00f3 i nutrici\u00f3\"],\"articleSection\":[\"M\u00f3n col\u00b7legial\"],\"inLanguage\":\"es\",\"potentialAction\":[{\"@type\":\"CommentAction\",\"name\":\"Comment\",\"target\":[\"https:\/\/novaorg.cofb.net\/2018\/03\/13\/ciencia-i-evidencia-dels-probiotics-en-la-infancia\/#respond\"]}]},{\"@type\":\"WebPage\",\"@id\":\"https:\/\/novaorg.cofb.net\/2018\/03\/13\/ciencia-i-evidencia-dels-probiotics-en-la-infancia\/\",\"url\":\"https:\/\/novaorg.cofb.net\/2018\/03\/13\/ciencia-i-evidencia-dels-probiotics-en-la-infancia\/\",\"name\":\"Ci\u00e8ncia i evid\u00e8ncia dels probi\u00f2tics en la inf\u00e0ncia - Col\u00b7legi de Farmac\u00e8utics de Barcelona\",\"isPartOf\":{\"@id\":\"https:\/\/www.cofb.org\/#website\"},\"primaryImageOfPage\":{\"@id\":\"https:\/\/novaorg.cofb.net\/2018\/03\/13\/ciencia-i-evidencia-dels-probiotics-en-la-infancia\/#primaryimage\"},\"image\":{\"@id\":\"https:\/\/novaorg.cofb.net\/2018\/03\/13\/ciencia-i-evidencia-dels-probiotics-en-la-infancia\/#primaryimage\"},\"thumbnailUrl\":\"\",\"datePublished\":\"2018-03-13T17:10:12+00:00\",\"dateModified\":\"2018-03-13T17:10:12+00:00\",\"description\":\"El passat 6 de mar\u00e7, el COFB va acollir la confer\u00e8ncia \\\"Ci\u00e8ncia i evid\u00e8ncia dels probi\u00f2tics en la inf\u00e0ncia\\\", a c\u00e0rrec de Sophie Holowacz\",\"breadcrumb\":{\"@id\":\"https:\/\/novaorg.cofb.net\/2018\/03\/13\/ciencia-i-evidencia-dels-probiotics-en-la-infancia\/#breadcrumb\"},\"inLanguage\":\"es\",\"potentialAction\":[{\"@type\":\"ReadAction\",\"target\":[\"https:\/\/novaorg.cofb.net\/2018\/03\/13\/ciencia-i-evidencia-dels-probiotics-en-la-infancia\/\"]}]},{\"@type\":\"ImageObject\",\"inLanguage\":\"es\",\"@id\":\"https:\/\/novaorg.cofb.net\/2018\/03\/13\/ciencia-i-evidencia-dels-probiotics-en-la-infancia\/#primaryimage\",\"url\":\"\",\"contentUrl\":\"\"},{\"@type\":\"BreadcrumbList\",\"@id\":\"https:\/\/novaorg.cofb.net\/2018\/03\/13\/ciencia-i-evidencia-dels-probiotics-en-la-infancia\/#breadcrumb\",\"itemListElement\":[{\"@type\":\"ListItem\",\"position\":1,\"name\":\"Inici\",\"item\":\"https:\/\/novaorg.cofb.net\/\"},{\"@type\":\"ListItem\",\"position\":2,\"name\":\"Ci\u00e8ncia i evid\u00e8ncia dels probi\u00f2tics en la inf\u00e0ncia\"}]},{\"@type\":\"WebSite\",\"@id\":\"https:\/\/www.cofb.org\/#website\",\"url\":\"https:\/\/www.cofb.org\/\",\"name\":\"Col\u00b7legi de Farmac\u00e8utics de Barcelona\",\"description\":\"\",\"publisher\":{\"@id\":\"https:\/\/www.cofb.org\/#organization\"},\"potentialAction\":[{\"@type\":\"SearchAction\",\"target\":{\"@type\":\"EntryPoint\",\"urlTemplate\":\"https:\/\/www.cofb.org\/?s={search_term_string}\"},\"query-input\":\"required name=search_term_string\"}],\"inLanguage\":\"es\"},{\"@type\":\"Organization\",\"@id\":\"https:\/\/www.cofb.org\/#organization\",\"name\":\"Col\u00b7legi de Farmac\u00e8utics de Barcelona\",\"url\":\"https:\/\/www.cofb.org\/\",\"logo\":{\"@type\":\"ImageObject\",\"inLanguage\":\"es\",\"@id\":\"https:\/\/www.cofb.org\/#\/schema\/logo\/image\/\",\"url\":\"https:\/\/www.cofb.org\/wp-content\/uploads\/2023\/11\/cropped-Logotip-COFB.png\",\"contentUrl\":\"https:\/\/www.cofb.org\/wp-content\/uploads\/2023\/11\/cropped-Logotip-COFB.png\",\"width\":500,\"height\":105,\"caption\":\"Col\u00b7legi de Farmac\u00e8utics de Barcelona\"},\"image\":{\"@id\":\"https:\/\/www.cofb.org\/#\/schema\/logo\/image\/\"},\"sameAs\":[\"https:\/\/www.facebook.com\/farmaceuticsbcn\/\",\"https:\/\/twitter.com\/farmaceuticsbcn\",\"https:\/\/www.instagram.com\/farmaceuticsbcn\/\",\"https:\/\/www.linkedin.com\/company\/farmaceuticsbcn\/\"]},{\"@type\":\"Person\",\"@id\":\"https:\/\/www.cofb.org\/#\/schema\/person\/22ed7eea88da74b0fa4d3154ad87ffcb\",\"name\":\"wpAdminCofbOrg\",\"image\":{\"@type\":\"ImageObject\",\"inLanguage\":\"es\",\"@id\":\"https:\/\/www.cofb.org\/#\/schema\/person\/image\/\",\"url\":\"https:\/\/secure.gravatar.com\/avatar\/1721b20b3b8ca882c3b56ec6c978c594fff670e40c0718e9190eaeeb76aae7d8?s=96&d=mm&r=g\",\"contentUrl\":\"https:\/\/secure.gravatar.com\/avatar\/1721b20b3b8ca882c3b56ec6c978c594fff670e40c0718e9190eaeeb76aae7d8?s=96&d=mm&r=g\",\"caption\":\"wpAdminCofbOrg\"},\"sameAs\":[\"http:\/\/192.168.64.122\/wordpress\"],\"url\":\"https:\/\/www.cofb.org\/es\/author\/wpadmincofborg\/\"}]}<\/script>\n<!-- \/ Yoast SEO plugin. -->","yoast_head_json":{"title":"Ci\u00e8ncia i evid\u00e8ncia dels probi\u00f2tics en la inf\u00e0ncia - Col\u00b7legi de Farmac\u00e8utics de Barcelona","description":"El passat 6 de mar\u00e7, el COFB va acollir la confer\u00e8ncia \"Ci\u00e8ncia i evid\u00e8ncia dels probi\u00f2tics en la inf\u00e0ncia\", a c\u00e0rrec de Sophie Holowacz","robots":{"index":"index","follow":"follow","max-snippet":"max-snippet:-1","max-image-preview":"max-image-preview:large","max-video-preview":"max-video-preview:-1"},"canonical":"https:\/\/novaorg.cofb.net\/2018\/03\/13\/ciencia-i-evidencia-dels-probiotics-en-la-infancia\/","og_locale":"es_ES","og_type":"article","og_title":"Ci\u00e8ncia i evid\u00e8ncia dels probi\u00f2tics en la inf\u00e0ncia - Col\u00b7legi de Farmac\u00e8utics de Barcelona","og_description":"El passat 6 de mar\u00e7, el COFB va acollir la confer\u00e8ncia \"Ci\u00e8ncia i evid\u00e8ncia dels probi\u00f2tics en la inf\u00e0ncia\", a c\u00e0rrec de Sophie Holowacz","og_url":"https:\/\/novaorg.cofb.net\/2018\/03\/13\/ciencia-i-evidencia-dels-probiotics-en-la-infancia\/","og_site_name":"Col\u00b7legi de Farmac\u00e8utics de Barcelona","article_publisher":"https:\/\/www.facebook.com\/farmaceuticsbcn\/","article_published_time":"2018-03-13T17:10:12+00:00","author":"wpAdminCofbOrg","twitter_card":"summary_large_image","twitter_creator":"@farmaceuticsbcn","twitter_site":"@farmaceuticsbcn","twitter_misc":{"Escrito por":"wpAdminCofbOrg","Tiempo de lectura":"4 minutos"},"schema":{"@context":"https:\/\/schema.org","@graph":[{"@type":"Article","@id":"https:\/\/novaorg.cofb.net\/2018\/03\/13\/ciencia-i-evidencia-dels-probiotics-en-la-infancia\/#article","isPartOf":{"@id":"https:\/\/novaorg.cofb.net\/2018\/03\/13\/ciencia-i-evidencia-dels-probiotics-en-la-infancia\/"},"author":{"name":"wpAdminCofbOrg","@id":"https:\/\/www.cofb.org\/#\/schema\/person\/22ed7eea88da74b0fa4d3154ad87ffcb"},"headline":"Ci\u00e8ncia i evid\u00e8ncia dels probi\u00f2tics en la inf\u00e0ncia","datePublished":"2018-03-13T17:10:12+00:00","dateModified":"2018-03-13T17:10:12+00:00","mainEntityOfPage":{"@id":"https:\/\/novaorg.cofb.net\/2018\/03\/13\/ciencia-i-evidencia-dels-probiotics-en-la-infancia\/"},"wordCount":758,"commentCount":0,"publisher":{"@id":"https:\/\/www.cofb.org\/#organization"},"image":{"@id":"https:\/\/novaorg.cofb.net\/2018\/03\/13\/ciencia-i-evidencia-dels-probiotics-en-la-infancia\/#primaryimage"},"thumbnailUrl":"","keywords":["COFB","confer\u00e8ncia","inf\u00e0ncia","infants","Investigaci\u00f3","microbiota","nadons","nens","probi\u00f2tics","vocalia d'alimentaci\u00f3 i nutrici\u00f3"],"articleSection":["M\u00f3n col\u00b7legial"],"inLanguage":"es","potentialAction":[{"@type":"CommentAction","name":"Comment","target":["https:\/\/novaorg.cofb.net\/2018\/03\/13\/ciencia-i-evidencia-dels-probiotics-en-la-infancia\/#respond"]}]},{"@type":"WebPage","@id":"https:\/\/novaorg.cofb.net\/2018\/03\/13\/ciencia-i-evidencia-dels-probiotics-en-la-infancia\/","url":"https:\/\/novaorg.cofb.net\/2018\/03\/13\/ciencia-i-evidencia-dels-probiotics-en-la-infancia\/","name":"Ci\u00e8ncia i evid\u00e8ncia dels probi\u00f2tics en la inf\u00e0ncia - Col\u00b7legi de Farmac\u00e8utics de Barcelona","isPartOf":{"@id":"https:\/\/www.cofb.org\/#website"},"primaryImageOfPage":{"@id":"https:\/\/novaorg.cofb.net\/2018\/03\/13\/ciencia-i-evidencia-dels-probiotics-en-la-infancia\/#primaryimage"},"image":{"@id":"https:\/\/novaorg.cofb.net\/2018\/03\/13\/ciencia-i-evidencia-dels-probiotics-en-la-infancia\/#primaryimage"},"thumbnailUrl":"","datePublished":"2018-03-13T17:10:12+00:00","dateModified":"2018-03-13T17:10:12+00:00","description":"El passat 6 de mar\u00e7, el COFB va acollir la confer\u00e8ncia \"Ci\u00e8ncia i evid\u00e8ncia dels probi\u00f2tics en la inf\u00e0ncia\", a c\u00e0rrec de Sophie Holowacz","breadcrumb":{"@id":"https:\/\/novaorg.cofb.net\/2018\/03\/13\/ciencia-i-evidencia-dels-probiotics-en-la-infancia\/#breadcrumb"},"inLanguage":"es","potentialAction":[{"@type":"ReadAction","target":["https:\/\/novaorg.cofb.net\/2018\/03\/13\/ciencia-i-evidencia-dels-probiotics-en-la-infancia\/"]}]},{"@type":"ImageObject","inLanguage":"es","@id":"https:\/\/novaorg.cofb.net\/2018\/03\/13\/ciencia-i-evidencia-dels-probiotics-en-la-infancia\/#primaryimage","url":"","contentUrl":""},{"@type":"BreadcrumbList","@id":"https:\/\/novaorg.cofb.net\/2018\/03\/13\/ciencia-i-evidencia-dels-probiotics-en-la-infancia\/#breadcrumb","itemListElement":[{"@type":"ListItem","position":1,"name":"Inici","item":"https:\/\/novaorg.cofb.net\/"},{"@type":"ListItem","position":2,"name":"Ci\u00e8ncia i evid\u00e8ncia dels probi\u00f2tics en la inf\u00e0ncia"}]},{"@type":"WebSite","@id":"https:\/\/www.cofb.org\/#website","url":"https:\/\/www.cofb.org\/","name":"Col\u00b7legi de Farmac\u00e8utics de Barcelona","description":"","publisher":{"@id":"https:\/\/www.cofb.org\/#organization"},"potentialAction":[{"@type":"SearchAction","target":{"@type":"EntryPoint","urlTemplate":"https:\/\/www.cofb.org\/?s={search_term_string}"},"query-input":"required name=search_term_string"}],"inLanguage":"es"},{"@type":"Organization","@id":"https:\/\/www.cofb.org\/#organization","name":"Col\u00b7legi de Farmac\u00e8utics de Barcelona","url":"https:\/\/www.cofb.org\/","logo":{"@type":"ImageObject","inLanguage":"es","@id":"https:\/\/www.cofb.org\/#\/schema\/logo\/image\/","url":"https:\/\/www.cofb.org\/wp-content\/uploads\/2023\/11\/cropped-Logotip-COFB.png","contentUrl":"https:\/\/www.cofb.org\/wp-content\/uploads\/2023\/11\/cropped-Logotip-COFB.png","width":500,"height":105,"caption":"Col\u00b7legi de Farmac\u00e8utics de Barcelona"},"image":{"@id":"https:\/\/www.cofb.org\/#\/schema\/logo\/image\/"},"sameAs":["https:\/\/www.facebook.com\/farmaceuticsbcn\/","https:\/\/twitter.com\/farmaceuticsbcn","https:\/\/www.instagram.com\/farmaceuticsbcn\/","https:\/\/www.linkedin.com\/company\/farmaceuticsbcn\/"]},{"@type":"Person","@id":"https:\/\/www.cofb.org\/#\/schema\/person\/22ed7eea88da74b0fa4d3154ad87ffcb","name":"wpAdminCofbOrg","image":{"@type":"ImageObject","inLanguage":"es","@id":"https:\/\/www.cofb.org\/#\/schema\/person\/image\/","url":"https:\/\/secure.gravatar.com\/avatar\/1721b20b3b8ca882c3b56ec6c978c594fff670e40c0718e9190eaeeb76aae7d8?s=96&d=mm&r=g","contentUrl":"https:\/\/secure.gravatar.com\/avatar\/1721b20b3b8ca882c3b56ec6c978c594fff670e40c0718e9190eaeeb76aae7d8?s=96&d=mm&r=g","caption":"wpAdminCofbOrg"},"sameAs":["http:\/\/192.168.64.122\/wordpress"],"url":"https:\/\/www.cofb.org\/es\/author\/wpadmincofborg\/"}]}},"uagb_featured_image_src":{"full":false,"thumbnail":false,"medium":false,"medium_large":false,"large":false,"1536x1536":false,"2048x2048":false,"trp-custom-language-flag":false},"uagb_author_info":{"display_name":"wpAdminCofbOrg","author_link":"https:\/\/www.cofb.org\/es\/author\/wpadmincofborg\/"},"uagb_comment_info":0,"uagb_excerpt":"El passat 6 de mar\u00e7, el COFB va acollir la confer\u00e8ncia &#8220;Ci\u00e8ncia i evid\u00e8ncia dels probi\u00f2tics en la inf\u00e0ncia&#8221;, a c\u00e0rrec de Sophie Holowacz, directora de projectes d&#8217;investigaci\u00f3 en probi\u00f2tics de Laboratoris Pileje. L&#8217;encarregada de moderar la sessi\u00f3 va ser Anna Bach, vocal d&#8217;Alimentaci\u00f3 i Nutrici\u00f3 del COFB. La confer\u00e8ncia [&hellip;]","_links":{"self":[{"href":"https:\/\/www.cofb.org\/es\/wp-json\/wp\/v2\/posts\/37725","targetHints":{"allow":["GET"]}}],"collection":[{"href":"https:\/\/www.cofb.org\/es\/wp-json\/wp\/v2\/posts"}],"about":[{"href":"https:\/\/www.cofb.org\/es\/wp-json\/wp\/v2\/types\/post"}],"author":[{"embeddable":true,"href":"https:\/\/www.cofb.org\/es\/wp-json\/wp\/v2\/users\/1"}],"replies":[{"embeddable":true,"href":"https:\/\/www.cofb.org\/es\/wp-json\/wp\/v2\/comments?post=37725"}],"version-history":[{"count":0,"href":"https:\/\/www.cofb.org\/es\/wp-json\/wp\/v2\/posts\/37725\/revisions"}],"wp:featuredmedia":[{"embeddable":true,"href":"https:\/\/www.cofb.org\/es\/wp-json\/"}],"wp:attachment":[{"href":"https:\/\/www.cofb.org\/es\/wp-json\/wp\/v2\/media?parent=37725"}],"wp:term":[{"taxonomy":"category","embeddable":true,"href":"https:\/\/www.cofb.org\/es\/wp-json\/wp\/v2\/categories?post=37725"},{"taxonomy":"post_tag","embeddable":true,"href":"https:\/\/www.cofb.org\/es\/wp-json\/wp\/v2\/tags?post=37725"}],"curies":[{"name":"wp","href":"https:\/\/api.w.org\/{rel}","templated":true}]}}