{"id":37718,"date":"2018-03-15T13:58:12","date_gmt":"2018-03-15T11:58:12","guid":{"rendered":"https:\/\/blog.cofb.cat\/?p=37718"},"modified":"2018-03-15T13:58:12","modified_gmt":"2018-03-15T11:58:12","slug":"el-cofb-als-mitjans-de-comunicacio-durant-el-febrer","status":"publish","type":"post","link":"https:\/\/www.cofb.org\/es\/2018\/03\/15\/el-cofb-als-mitjans-de-comunicacio-durant-el-febrer\/","title":{"rendered":"La presencia del Colegio en los medios de comunicaci\u00f3n durante febrero"},"content":{"rendered":"<h1><strong>Presentaci\u00f3n del Plan funcional del Programa de Intercambio de Jeringuillas (PIX)<\/strong><\/h1>\n<p>El pasado 21 de febrero se present\u00f3 el <strong><a href=\"https:\/\/blog.cofb.cat\/programa-dintercanvi-xeringues-farmacies-comunitaries-presenta-pla-funcional\/\" target=\"_blank\" rel=\"noopener\">Plan funcional del Programa de Intercambio de Jeringuillas (PIX)<\/a>.<\/strong> En la <a href=\"http:\/\/premsa.gencat.cat\/pres_fsvp\/AppJava\/salut\/notapremsavw\/304927\/ca\/catalunya-distribueix-mes-750-000-xeringues-lany-persones-sinjecten-drogues-per-prevenir-contagi-malalties-infeccioses.do\" target=\"_blank\" rel=\"noopener\">nota de prensa<\/a> que se envi\u00f3 desde el Departamento de Salud, comunicado en el que se hizo referencia a <strong>la colaboraci\u00f3n del Consejo de Colegios Farmac\u00e9uticos de Catalu\u00f1a en la iniciativa, <\/strong>se destac\u00f3, entre otras cuestiones, <strong>las m\u00e1s de 750.000 jeringuillas que se distribuyen al a\u00f1o en Catalu\u00f1a \u201centre personas que se inyectan drogas para prevenir el contagio de enfermedades infecciosas\u201d.<\/strong><\/p>\n<p>Esta gu\u00eda, <strong>con la que se pretende facilitar a los profesionales de farmacia las herramientas y recursos necesarios para la gesti\u00f3n del programa y mejorar as\u00ed su eficacia<\/strong>, tuvo un fuerte impacto medi\u00e1tico, siendo noticia en <a href=\"http:\/\/www.lavanguardia.com\/politica\/20180221\/44960880665\/cataluna-distribuye-mas-de-750000-jeringuillas-a-personas-drogodependientes.html\" target=\"_blank\" rel=\"noopener\">La Vanguardia<\/a>, <a href=\"http:\/\/agencias.abc.es\/agencias\/noticia.asp?noticia=2745626\" target=\"_blank\" rel=\"noopener\">ABC<\/a>, <a href=\"http:\/\/www.ccma.cat\/324\/catalunya-distribueix-750-000-xeringues-lany-entre-persones-que-sinjecten-drogues-per-evitar-el-contagi-de-malalties\/noticia\/2839563\/\" target=\"_blank\" rel=\"noopener\">3\/24<\/a>, <a href=\"https:\/\/www.vilaweb.cat\/noticies\/catalunya-distribueix-750-000-xeringues-lany-entre-persones-que-sinjecten-drogues-per-evitar-el-contagi-de-malalties\/\" target=\"_blank\" rel=\"noopener\">Vilaweb<\/a>, <a href=\"https:\/\/www.aldia.cat\/gent\/noticia-catalunya-distribueix-750000-xeringues-anuals-drogodependientes-per-evitar-contagis-20180221191727.html\" target=\"_blank\" rel=\"noopener\">En el D\u00eda<\/a>, <a href=\"http:\/\/www.directe.cat\/acn\/786026\/catalunya-distribueix-750.000-xeringues-l-any-entre-persones-que-s-injecten-drogues-per-ev\" target=\"_blank\" rel=\"noopener\">Directo<\/a>, <a href=\"https:\/\/www.social.cat\/noticia\/7859\/750.000-xeringues-a-lany-per-prevenir-el-contagi-de-malalties-entre-persones-que-sinjecten\" target=\"_blank\" rel=\"noopener\">Social.cat<\/a>, <a href=\"https:\/\/www.segre.com\/es\/noticias\/guia\/2018\/02\/22\/mas_puntos_intercambio_jeringas_40082_1111.html\" target=\"_blank\" rel=\"noopener\">Segre<\/a>, La Ma\u00f1ana Diario de Poniente y varios medios locales: <a href=\"http:\/\/manresainforma.com\/2018\/02\/catalunya-distribueix-mes-de-750-000-xeringues-a-lany\/\" target=\"_blank\" rel=\"noopener\">Manresa Informa<\/a>, <a href=\"http:\/\/rubiinforma.com\/2018\/02\/catalunya-distribueix-mes-de-750-000-xeringues-a-lany\/\" target=\"_blank\" rel=\"noopener\">Rub\u00ed Informa<\/a>, <a href=\"http:\/\/granollersinforma.com\/2018\/02\/catalunya-distribueix-mes-de-750-000-xeringues-a-lany\/\" target=\"_blank\" rel=\"noopener\">Granollers Informa<\/a> y <a href=\"http:\/\/cerdanyolainforma.cat\/2018\/02\/catalunya-distribueix-mes-de-750-000-xeringues-a-lany\/\" target=\"_blank\" rel=\"noopener\">Cerdanyola Informa<\/a>. En cuanto a la prensa especializada, hablaron de ello <a href=\"http:\/\/www.correofarmaceutico.com\/2018\/02\/21\/al-dia\/entorno\/cataluna-presenta-su-plan-mejorado-de-intercambio-de-jeringuillas-en-la-farmacia\" target=\"_blank\" rel=\"noopener\">Correo Farmac\u00e9utico<\/a> -tanto en papel como en la p\u00e1gina web- y <a href=\"http:\/\/www.imfarmacias.es\/noticia\/14658\/las-farmacias-catalanas-reciben-el-plan-funcional-del-programa-pix\" target=\"_blank\" rel=\"noopener\">imFarmacias<\/a>.<\/p>\n<p>&nbsp;<\/p>\n<figure id=\"attachment_37771\" aria-describedby=\"caption-attachment-37771\" style=\"width: 618px\" class=\"wp-caption aligncenter\"><a href=\"https:\/\/blog.cofb.cat\/wp-content\/uploads\/2018\/03\/1.jpg\" target=\"_blank\" rel=\"noopener\"><img fetchpriority=\"high\" decoding=\"async\" class=\"wp-image-37771 size-full\" src=\"https:\/\/blog.cofb.cat\/wp-content\/uploads\/2018\/03\/1.jpg\" alt=\"La Vanguardia i 3\/24 informant sobre el Pla funcional del Programa d'Intercanvi de Xeringues (PIX)\" width=\"618\" height=\"240\" \/><\/a><figcaption id=\"caption-attachment-37771\" class=\"wp-caption-text\">La Vanguardia y 3\/24 informando sobre el Plan funcional del Programa de Intercambio de Jeringas (PIX)<\/figcaption><\/figure>\n<div class=\"custom-divider\"><\/div>\n<h1><strong>Farmacia asistencial<\/strong><\/h1>\n<p>El rol asistencial que el farmac\u00e9utico comunitario desarrolla a diario en la oficina de farmacia fue noticia en Correo Farmac\u00e9utico durante el mes de febrero. \u00c9stos son los dos temas que se trataron:<\/p>\n<h2><strong>Pruebas r\u00e1pidas de detecci\u00f3n<br \/>\n<\/strong><\/h2>\n<p><strong>El nuevo test de autodiagn\u00f3stico del VIH coexistir\u00e1 con los programas de detecci\u00f3n precoz de la infecci\u00f3n<\/strong>. As\u00ed lo titul\u00f3 <a href=\"http:\/\/www.correofarmaceutico.com\/2018\/02\/06\/al-dia\/profesion\/las-pruebas-rapidas-de-vih-coexisten-con-los-test-sin-receta\" target=\"_blank\" rel=\"noopener\">Correo Farmac\u00e9utico<\/a>, que aprovech\u00f3 la llegada de la nueva prueba para profundizar sobre <strong>las particularidades y diferencias de ambos servicios <\/strong>con dos expertos del tema, siendo, uno de ellos, la vocal de Oficina de Farmacia del Colegio, <strong>Francisca Aranzana<\/strong>. Aranzana afirm\u00f3, junto con \u00c1ngel Garay, presidente del Consejo Vasco de COF y del COF de Gipuzkoa, quien <strong>la decisi\u00f3n final de escoger una prueba u otra recae en el usuario,<\/strong> ya que <strong>&quot;hay personas que prefieren hacerlo en su intimidad&quot;<\/strong>.<\/p>\n<p>Tambi\u00e9n con la excusa del nuevo autotest del VIH, el <a href=\"http:\/\/www.correofarmaceutico.com\/2018\/02\/05\/al-dia\/profesion\/a-favor-de-eliminar-barreras-en-la-venta-de-test-de-autodiagnostico\" target=\"_blank\" rel=\"noopener\">medio del grupo Unidad Editorial<\/a> public\u00f3 una noticia en la que se planteaba <strong>la opci\u00f3n de ampliar los test de autodiagn\u00f3sticos a otras enfermedades y consultas<\/strong>. <strong>Se compartieron <\/strong>tambi\u00e9n <strong>declaraciones de Aranzana<\/strong>, en las que concret\u00f3 que <strong>\u201cdeber\u00eda estudiarse cada prueba\u201d, <\/strong>pero que, al mismo tiempo, \u201c<strong>se debe ir con cautela\u201d con esta opci\u00f3n.<\/strong><\/p>\n<figure id=\"attachment_37845\" aria-describedby=\"caption-attachment-37845\" style=\"width: 618px\" class=\"wp-caption aligncenter\"><a href=\"https:\/\/blog.cofb.cat\/wp-content\/uploads\/2018\/03\/2.jpg\"><img decoding=\"async\" class=\"wp-image-37845 size-full\" src=\"https:\/\/blog.cofb.cat\/wp-content\/uploads\/2018\/03\/2.jpg\" alt=\"Correo Farmac\u00e9utico i les proves r\u00e0pides de detecci\u00f3\" width=\"618\" height=\"240\" \/><\/a><figcaption id=\"caption-attachment-37845\" class=\"wp-caption-text\">Correo Farmac\u00e9utico y las pruebas r\u00e1pidas de detecci\u00f3n<\/figcaption><\/figure>\n<h2><strong>Cobro servicios profesionales<\/strong><\/h2>\n<p>Tres repercusiones en ese \u00e1mbito. El 12 de febrero <a href=\"http:\/\/www.correofarmaceutico.com\/2018\/02\/12\/al-dia\/profesion\/los-cof-dicen-que-hay-que-hacer-sft-pero-no-necesariamente-gratis\" target=\"_blank\" rel=\"noopener\">el medio<\/a> compart\u00eda las distintas valoraciones de los presidentes de algunos colegios al respecto. En cuanto al COFB, <strong>Jordi de Dalmases<\/strong>, presidente de la instituci\u00f3n, concret\u00f3 que se trata <strong>de un asunto delicado y que quiz\u00e1 deber\u00eda discutirse \u201ccuando Catalu\u00f1a recobre la estabilidad institucional\u201d<\/strong>. A una <a href=\"http:\/\/www.correofarmaceutico.com\/2018\/02\/12\/al-dia\/profesion\/juristas-dicen-que-las-ccaa-no-pueden-modificar-el-margen-de-la-botica\" target=\"_blank\" rel=\"noopener\">otra noticia<\/a> que se public\u00f3 el mismo d\u00eda, <strong>Mercedes Graso<\/strong>, directora del \u00c1rea Jur\u00eddica, Administrativa, Deontol\u00f3gica y de Inspecci\u00f3n del COFB, aport\u00f3 <strong>el punto de vista legal indicando que las competencias profesionales se encuentran bajo el r\u00e9gimen del concierto establecido en cada comunidad aut\u00f3noma<\/strong>. Por \u00faltimo, <a href=\"http:\/\/www.correofarmaceutico.com\/2018\/02\/19\/al-dia\/profesion\/el-tiempo-empleado-en-af-supone-mas-del-75-por-ciento-de-su-coste\" target=\"_blank\" rel=\"noopener\">Correo Farmac\u00e9utico<\/a> tambi\u00e9n habl\u00f3 el 19 de febrero, donde se trasladaron las declaraciones de <strong>Pilar Gasc\u00f3n<\/strong>, secretaria del Consejo. Gasc\u00f3n remarcaba que \u201cdado que no siempre la puesta en marcha de un servicio es rentable, tambi\u00e9n se tiene muy en cuenta lo que puede aportar el farmac\u00e9utico <strong>en la mejora de la salud<\/strong>&#8221;<\/p>\n<figure id=\"attachment_37774\" aria-describedby=\"caption-attachment-37774\" style=\"width: 618px\" class=\"wp-caption aligncenter\"><a href=\"https:\/\/blog.cofb.cat\/wp-content\/uploads\/2018\/03\/2.3.jpg\" target=\"_blank\" rel=\"noopener\"><img decoding=\"async\" class=\"wp-image-37774 size-full\" src=\"https:\/\/blog.cofb.cat\/wp-content\/uploads\/2018\/03\/2.3.jpg\" alt=\"Tres repercussions on es parla del cobrament pels serveis professionals, de Correo Farmac\u00e9utico\" width=\"618\" height=\"240\" \/><\/a><figcaption id=\"caption-attachment-37774\" class=\"wp-caption-text\">Tres repercusiones en las que se habla del cobro por los servicios profesionales, de Correo Farmac\u00e9utico<\/figcaption><\/figure>\n<p><strong>\u00a0<div class=\"custom-divider\"><\/div><\/strong><\/p>\n<h1><strong>Tribuna de Guillermo Bagaria, vicetesorero y responsable de Atenci\u00f3n Farmac\u00e9utica del Colegio, sobre la Naloxona<br \/>\n<\/strong><\/h1>\n<p><a href=\"https:\/\/www.20minutos.es\/opiniones\/guillermo-bagaria-casanova-naloxona-util-necesario-3267044\/\" target=\"_blank\" rel=\"noopener\">20 minutos<\/a> public\u00f3, el pasado 20 de febrero, la tribuna escrita por el vicetesorero y responsable de Atenci\u00f3n Farmac\u00e9utica del COFB, <strong>Guillermo Bagaria<\/strong>, <strong>&quot;Naloxona, ant\u00eddoto \u00fatil y necesario&quot;.<\/strong> Bagaria explic\u00f3 algunos de los programas centrados en <strong>&quot;reducir los riesgos de infecci\u00f3n relacionados con el consumo de sustancias que se inyectan en sangre&quot;<\/strong>, tal y como se puntualiza en la pieza. En este \u00e1mbito, el vicetesorero aprovech\u00f3 para definir, precisamente, el servicio protagonista en el primer tema de esta prenda: <strong>el Programa de Intercambio de Jeringas (PIX). <\/strong><\/p>\n<p>El art\u00edculo informa sobre <strong>la situaci\u00f3n actual del consumo de drogas y algunas medidas que se aplican o pueden aplicarse desde la farmacia.<\/strong><\/p>\n<figure id=\"attachment_37775\" aria-describedby=\"caption-attachment-37775\" style=\"width: 618px\" class=\"wp-caption aligncenter\"><a href=\"https:\/\/blog.cofb.cat\/wp-content\/uploads\/2018\/03\/3.jpg\" target=\"_blank\" rel=\"noopener\"><img loading=\"lazy\" decoding=\"async\" class=\"wp-image-37775 size-full\" src=\"https:\/\/blog.cofb.cat\/wp-content\/uploads\/2018\/03\/3.jpg\" alt=\"La tribuna de Guillermo Bagaria, vicetresorer i responsable d'Atenci\u00f3 Prim\u00e0rua del Col\u00b7legi, a 20 Minutos\" width=\"618\" height=\"240\" \/><\/a><figcaption id=\"caption-attachment-37775\" class=\"wp-caption-text\">La tribuna de Guillermo Bagaria, vicetesorero y responsable de Atenci\u00f3n Prim\u00e1rua del Colegio, a 20 Minutos<\/figcaption><\/figure>\n<div class=\"custom-divider\"><\/div>\n<h1><strong>El Colegio, fuente de informaci\u00f3n por los medios de comunicaci\u00f3n<\/strong><\/h1>\n<p>Durante febrero, el Colegio sirvi\u00f3 como fuente de referencia para algunos medios de comunicaci\u00f3n por diferentes temas, en concreto:<\/p>\n<h2><strong>Medicamentos ilegales. Con declaraciones de Jordi Casas, secretario del Colegio<\/strong><\/h2>\n<p>La <a href=\"https:\/\/edition.cnn.com\/videos\/spanish\/2018\/02\/09\/incautan-miles-de-capsulas-de-viagra-falso-en-espana-natpkg.cnn\" target=\"_blank\" rel=\"noopener\">CNN Espa\u00f1a<\/a> contact\u00f3 con el Colegio para hablar sobre <strong>medicamentos ilegales contra la disfunci\u00f3n er\u00e9ctil<\/strong>. En este caso, <strong>Jordi Casas<\/strong>, secretario del Colegio, fue el portavoz de la petici\u00f3n y detall\u00f3 <strong>aspectos como lo que lleva a clasificar un f\u00e1rmaco como ilegal.<br \/>\n<\/strong><\/p>\n<figure id=\"attachment_37776\" aria-describedby=\"caption-attachment-37776\" style=\"width: 618px\" class=\"wp-caption aligncenter\"><a href=\"https:\/\/blog.cofb.cat\/wp-content\/uploads\/2018\/03\/4.1.jpg\"><img loading=\"lazy\" decoding=\"async\" class=\"wp-image-37776 size-full\" src=\"https:\/\/blog.cofb.cat\/wp-content\/uploads\/2018\/03\/4.1.jpg\" alt=\"Jordi Casas, secretari del Col\u00b7legi, a CNN parlant sobre medicaments il\u00b7legals\" width=\"618\" height=\"240\" \/><\/a><figcaption id=\"caption-attachment-37776\" class=\"wp-caption-text\">Jordi Casas, secretario del Colegio, en CNN hablando sobre medicamentos ilegales<\/figcaption><\/figure>\n<h2><strong>Rol y labores del farmac\u00e9utico. Con declaraciones de Guillermo Bagaria, vicetesorero y responsable de Atenci\u00f3n Farmac\u00e9utica del Colegio<\/strong><\/h2>\n<p>El programa<a href=\"http:\/\/www.estelfitxers.com\/audio\/20180221-17_02HORAMEDICA.MP3\" target=\"_blank\" rel=\"noopener\"> <em>Hora M\u00e9dica <\/em><\/a>de R\u00e0dio Estel entrevist\u00f3 a Guillermo Bagaria, vicetesorero y responsable de Atenci\u00f3n Farmac\u00e9utica del COFB, sobre <strong>las diferentes tareas que desarrolla el farmac\u00e9utico comunitario<\/strong>. Durante la entrevista, el vicetesorero <strong>reafirm\u00f3 el papel del farmac\u00e9utico y posicion\u00f3 al profesional como el agente de salud que es.<\/strong><\/p>\n<h2><strong>Interacciones y plantas medicinales. Con declaraciones de Josep Allu\u00e9, vocal de Plantas Medicinales y Homeopat\u00eda del Colegio<\/strong><\/h2>\n<p><strong>Josep Allu\u00e9<\/strong>, vocal de Plantas Medicinales y Homeopat\u00eda del Colegio, fue consultado por <a href=\"http:\/\/www.correofarmaceutico.com\/2018\/02\/12\/al-dia\/entorno\/los-efectos-adversos-de-las-plantas-medicinales-todavia-infravalorados-\" target=\"_blank\" rel=\"noopener\">Correo Farmac\u00e9utico<\/a> para analizar un trabajo <strong>interacci\u00f3n entre f\u00e1rmacos y fitoterapia y los efectos adversos que se pueden generar, hecho que todav\u00eda se infravalora<\/strong>.<\/p>\n<figure id=\"attachment_37777\" aria-describedby=\"caption-attachment-37777\" style=\"width: 618px\" class=\"wp-caption aligncenter\"><a href=\"https:\/\/blog.cofb.cat\/wp-content\/uploads\/2018\/03\/4.2.jpg\" target=\"_blank\" rel=\"noopener\"><img loading=\"lazy\" decoding=\"async\" class=\"wp-image-37777 size-full\" src=\"https:\/\/blog.cofb.cat\/wp-content\/uploads\/2018\/03\/4.2.jpg\" alt=\"Correo Farmac\u00e9utico i efectes adversos de les plantes medicinals a Correo Farmac\u00e9utico, amb declaracions de Josep Allu\u00e9, vocal d'Homeopatia i Plantes Medicinals del COFB\" width=\"618\" height=\"240\" \/><\/a><figcaption id=\"caption-attachment-37777\" class=\"wp-caption-text\">Correo Farmac\u00e9utico y efectos adversos de las plantas medicinales en Correo Farmac\u00e9utico, con declaraciones de Josep Allu\u00e9, vocal de Homeopat\u00eda y Plantas Medicinales del COFB<\/figcaption><\/figure>\n<h2><strong>Soja y menopausia. Con declaraciones de Maria Jos\u00e9 Alonso, miembro de la Vocal\u00eda de Plantas Medicinales del Colegio<\/strong><\/h2>\n<p><strong>La falta de evidencia cient\u00edfica sobre el uso de la soja para mejorar los s\u00edntomas de la menopausia <\/strong>fue uno de los otros temas tratados en febrero por Correo Farmac\u00e9utico, cuesti\u00f3n que se recogi\u00f3 en una noticia donde se compartieron declaraciones de <strong>Mar\u00eda Jos\u00e9 Alonso<\/strong>, miembro de la Vocal\u00eda de Plantas Medicinales del Colegio. Alonso expuso los problemas que, como experta, observa de esa tem\u00e1tica.<\/p>\n<h2><strong>Consumo y venta code\u00edna. Con declaraciones del Colegio<\/strong><\/h2>\n<p>Cadena Ser contact\u00f3 con el Colegio para averiguar c\u00f3mo se logra una sustancia como la code\u00edna. Desde el COFB se traslad\u00f3 que<strong> para comprar estos medicamentos es necesaria una receta m\u00e9dica y que as\u00ed se hace desde la farmacia. <\/strong>La noticia se locut\u00f3 en el programa <a href=\"http:\/\/play.cadenaser.com\/programa\/hora_14_catalunya\/\" target=\"_blank\" rel=\"noopener\"><em>Hora 14 Catalu\u00f1a<\/em><\/a> (entradita del minuto 1&#039;27\u201d al 1&#039;40\u201d y noticia del 16&#039;52\u201d al 18&#039;45\u201d; programa del 26 de febrero)<em>\u00a0<\/em>y se public\u00f3 en la <a href=\"http:\/\/cadenaser.com\/emisora\/2018\/02\/26\/sercat\/1519641839_923735.html?ssm=tw\" target=\"_blank\" rel=\"noopener\">p\u00e1gina web<\/a> del medio.<\/p>\n<figure id=\"attachment_37778\" aria-describedby=\"caption-attachment-37778\" style=\"width: 618px\" class=\"wp-caption aligncenter\"><a href=\"https:\/\/blog.cofb.cat\/wp-content\/uploads\/2018\/03\/4.3.jpg\" target=\"_blank\" rel=\"noopener\"><img loading=\"lazy\" decoding=\"async\" class=\"wp-image-37778 size-full\" src=\"https:\/\/blog.cofb.cat\/wp-content\/uploads\/2018\/03\/4.3.jpg\" alt=\"Cadena SER explicant el consum i venda de code\u00efna\" width=\"618\" height=\"240\" \/><\/a><figcaption id=\"caption-attachment-37778\" class=\"wp-caption-text\">Cadena SER explicando el consumo y venta de code\u00edna<\/figcaption><\/figure>\n<h2><strong>Inspecci\u00f3n por ausencia de titular. Con informaci\u00f3n proporcionada por el Colegio<\/strong><\/h2>\n<p>La informaci\u00f3n proporcionada por el Colegio sirvi\u00f3 para que <a href=\"http:\/\/www.correofarmaceutico.com\/2018\/02\/26\/al-dia\/profesion\/cof-buscan-agilizar-la-sustitucion-de-titulares-por-causas-urgentes\" target=\"_blank\" rel=\"noopener\">Correo Farmac\u00e9utico<\/a> pudiera detallar <strong>la regulaci\u00f3n establecida en Catalu\u00f1a sobre la inspecci\u00f3n que se lleva a cabo en caso de ausencia del titular de farmacia<\/strong>, detallando y resumiendo la ley que lo rige.<\/p>\n<figure id=\"attachment_37779\" aria-describedby=\"caption-attachment-37779\" style=\"width: 618px\" class=\"wp-caption aligncenter\"><a href=\"https:\/\/blog.cofb.cat\/wp-content\/uploads\/2018\/03\/4.4.jpg\" target=\"_blank\" rel=\"noopener\"><img loading=\"lazy\" decoding=\"async\" class=\"wp-image-37779 size-full\" src=\"https:\/\/blog.cofb.cat\/wp-content\/uploads\/2018\/03\/4.4.jpg\" alt=\"Inspecci\u00f3 de l'abs\u00e8ncia del titular, tema tractat per Correo Farmac\u00e9utico el febrer\" width=\"618\" height=\"240\" \/><\/a><figcaption id=\"caption-attachment-37779\" class=\"wp-caption-text\">Inspecci\u00f3n por la ausencia de titular, tema tratado por Correo Farmac\u00e9utico en febrero<\/figcaption><\/figure>\n<div class=\"custom-divider\"><\/div>\n<h1><strong>Infarma Madrid 2018<\/strong><\/h1>\n<p>Diferentes temas tratados por los medios de comunicaci\u00f3n en el marco de Infarma Madrid 2018.<\/p>\n<p>A destacar, <strong>la entrevista que <a href=\"http:\/\/www.imfarmacias.es\/noticia\/14617\/infarma-es-la-cita-mas-importante-del-sector\" target=\"_blank\" rel=\"noopener\">imFarmacias<\/a> hizo al presidente del Colegio, Jordi de Dalmases<\/strong>, el pasado 20 de febrero. Seg\u00fan el Presidente, se trata de <strong>&quot;la cita m\u00e1s importante del sector&quot;<\/strong> y de un espacio donde \u201c<strong>compartir conocimientos e ideas, para conocer las \u00faltimas novedades para debatir sobre los nuevos roles y problemas de la profesi\u00f3n\u201d.<\/strong><\/p>\n<p>Diariofarma, por su parte, habl\u00f3 en tres ocasiones diferentes (<a href=\"https:\/\/www.diariofarma.com\/2018\/02\/06\/gestion-la-oficina-farmacia-una-las-grandes-lineas-infarma18?&amp;utm_source=nwlt&amp;utm_medium=regular&amp;utm_campaign=07\/02\/18\" target=\"_blank\" rel=\"noopener\">1<\/a>, <a href=\"https:\/\/www.diariofarma.com\/2018\/02\/16\/infarma-crea-espacio-exponer-proyectos-e-iniciativas-exito?&amp;utm_source=nwlt&amp;utm_medium=regular&amp;utm_campaign=19\/02\/18\" target=\"_blank\" rel=\"noopener\">2<\/a> y <a href=\"https:\/\/www.diariofarma.com\/2018\/02\/14\/cofms31-impulsara-la-formacion-del-farmaceutico-infarma-madrid-2018\" target=\"_blank\" rel=\"noopener\">3<\/a>). En una noticia se hizo referencia <strong>a las singularidades del programa cient\u00edfico de este a\u00f1o<\/strong>, en otra sobre <strong>el espacio de iniciativa de \u00e9xito en la farmacia <\/strong>y, finalmente, respecto a <strong>el<em>stand<\/em> que montar\u00e1 la sociedad mercantil del COF de Madrid, CofmS31.<\/strong><\/p>\n<p>Los otros medios que tambi\u00e9n hablaron del Congreso fueron <a href=\"http:\/\/elfarmaceutico.es\/index.php\/noticias-actualidad-farmaceutica\/item\/8824-infarma-solidario-recaudara-fondos-para-apoyar-un-proyecto-de-farmamundi#.Wo14sXyCGUk\" target=\"_blank\" rel=\"noopener\">El Farmac\u00e9utico<\/a> y <a href=\"http:\/\/www.farmaventas.es\/noticias-del-sector\/7409-infarmainnova-sera-el-espacio-del-emprendimiento-digital-en-la-farmacia\">Farmaventas<\/a>, donde se inform\u00f3, respectivamente, <strong>de Infarma Solidario<\/strong> <strong>y la recogida de fondos por la ONG Farmamundi y de una de las novedades de esta nueva edici\u00f3n, #InfarmaInnova.<\/strong><\/p>\n<figure id=\"attachment_37782\" aria-describedby=\"caption-attachment-37782\" style=\"width: 618px\" class=\"wp-caption aligncenter\"><a href=\"https:\/\/blog.cofb.cat\/wp-content\/uploads\/2018\/03\/6.jpg\" target=\"_blank\" rel=\"noopener\"><img loading=\"lazy\" decoding=\"async\" class=\"wp-image-37782 size-full\" src=\"https:\/\/blog.cofb.cat\/wp-content\/uploads\/2018\/03\/6.jpg\" alt=\"Algunes repercussions d'Infarma Madrid 2018\" width=\"618\" height=\"240\" \/><\/a><figcaption id=\"caption-attachment-37782\" class=\"wp-caption-text\">Algunas repercusiones de Infarma Madrid 2018<\/figcaption><\/figure>\n<div class=\"custom-divider\"><\/div>\n<h1><strong>Presencia del Colegio en forma de menci\u00f3n<br \/>\n<\/strong><\/h1>\n<p>La presencia del Colegio y el Consejo en los medios de comunicaci\u00f3n tambi\u00e9n se dio en forma de menci\u00f3n. En este caso, los temas en los que se mencion\u00f3 la instituci\u00f3n fueron:<\/p>\n<h2><strong>Tablas psicoeducativas<\/strong><\/h2>\n<p>Desde hace un par de meses, el Ayuntamiento de Barcelona y el Consorcio Sanitario de Barcelona han activado las llamadas tablas \u201cpsioceducativas\u201d, donde en grupos reducidos, alrededor de diez personas, se tratan y expresan con un psic\u00f3logo las emociones vividas durante en el atentado terrorista que se vivi\u00f3 el pasado 17 de agosto en Barcelona.<\/p>\n<p><strong>Un buen sitio para detectar la situaci\u00f3n de angustia es la farmacia<\/strong>. Por eso, el Colegio y el Ayuntamiento han promovido <strong>que estos profesionales hagan de detectores y deriven a quienes crean conven\u00edan en las tablas.<\/strong><\/p>\n<p>As\u00ed se explic\u00f3 a la <a href=\"http:\/\/ajuntament.barcelona.cat\/premsa\/2018\/02\/17\/lajuntament-es-persona-com-a-acusacio-en-el-judici-per-latemptat-a-les-rambles-de-lagost-de-2017\/\" target=\"_blank\" rel=\"noopener\">nota de prensa<\/a> que se envi\u00f3 desde el Ayuntamiento de Barcelona y que compartieron, haciendo menci\u00f3n al COFB, <a href=\"http:\/\/www.lavanguardia.com\/local\/barcelones-nord\/20180217\/44845209803\/barcelona-crea-taules-psicoeducatives-per-atendre-persones-que-encara-arrosseguin-sequeles-dels-atemptats.html\" target=\"_blank\" rel=\"noopener\">La Vanguardia<\/a> y <a href=\"https:\/\/www.vilaweb.cat\/noticies\/barcelona-crea-taules-psicoeducatives-per-atendre-persones-que-encara-arrosseguin-sequeles-dels-atemptats\/\" target=\"_blank\" rel=\"noopener\">Vilaweb<\/a>.<\/p>\n<figure id=\"attachment_37781\" aria-describedby=\"caption-attachment-37781\" style=\"width: 618px\" class=\"wp-caption aligncenter\"><a href=\"https:\/\/blog.cofb.cat\/wp-content\/uploads\/2018\/03\/5.jpg\" target=\"_blank\" rel=\"noopener\"><img loading=\"lazy\" decoding=\"async\" class=\"wp-image-37781 size-full\" src=\"https:\/\/blog.cofb.cat\/wp-content\/uploads\/2018\/03\/5.jpg\" alt=\"La farm\u00e0cia un espai per derivar a persones que encara arrosseguin seq\u00fceles dels atemptats. Repercussions de La Vanguardia i Vilaweb\" width=\"618\" height=\"240\" \/><\/a><figcaption id=\"caption-attachment-37781\" class=\"wp-caption-text\">La farmacia es un espacio para derivar a personas que todav\u00eda arrastran secuelas de los atentados. Repercusiones de La Vanguardia y Vilaweb<\/figcaption><\/figure>\n<h2><strong>Congresos con terapias pseudocient\u00edficas<\/strong><\/h2>\n<p>En febrero, se cre\u00f3 una comisi\u00f3n con la que se controlar\u00e1n las difusiones de terapias pseudocient\u00edficas, a ra\u00edz de un congreso que se realiz\u00f3 en enero sobre c\u00e1ncer. De entre todas las instituciones adheridas, tal y como remarcan <a href=\"http:\/\/www.eldiario.es\/catalunya\/Catalunya-comision-supervise-alternativas-pseudociencias_0_739826702.html\" target=\"_blank\" rel=\"noopener\">Diario.es<\/a> y <a href=\"http:\/\/diarisanitat.cat\/catalunya-tindra-comissio-vigilar-congressos-terapies-pseudocientifiques\/\" target=\"_blank\" rel=\"noopener\">Diario de Sanidad<\/a>, <strong>el Colegio es una de ellas<\/strong>. Su integraci\u00f3n acontece por ser la representaci\u00f3n de uno de los colectivos sanitarios.<\/p>\n<figure id=\"attachment_37780\" aria-describedby=\"caption-attachment-37780\" style=\"width: 618px\" class=\"wp-caption aligncenter\"><a href=\"https:\/\/blog.cofb.cat\/wp-content\/uploads\/2018\/03\/5.2.jpg\" target=\"_blank\" rel=\"noopener\"><img loading=\"lazy\" decoding=\"async\" class=\"wp-image-37780 size-full\" src=\"https:\/\/blog.cofb.cat\/wp-content\/uploads\/2018\/03\/5.2.jpg\" alt=\"El COF de Barcelona adherit a la comissi\u00f3, com informen Diario.es i Diari de la Sanitat\" width=\"618\" height=\"240\" \/><\/a><figcaption id=\"caption-attachment-37780\" class=\"wp-caption-text\">El COF de Barcelona adherido a la comisi\u00f3n, como informan Diario.es y Diari de la Sanitat<\/figcaption><\/figure>\n<div class=\"mceTemp\"><\/div>","protected":false},"excerpt":{"rendered":"<p>Presentaci\u00f3n del Plan funcional del Programa de Intercambio de Jeringuillas (PIX) El pasado 21 de febrero se present\u00f3 el Plan funcional del Programa de Intercambio de Jeringuillas (PIX). En la nota de prensa que se envi\u00f3 desde el Departamento de Salud, comunicado en el que se hizo referencia a la [\u2026]<\/p>","protected":false},"author":1,"featured_media":37815,"comment_status":"open","ping_status":"open","sticky":false,"template":"","format":"standard","meta":{"_uag_custom_page_level_css":"","site-sidebar-layout":"default","site-content-layout":"","ast-site-content-layout":"default","site-content-style":"default","site-sidebar-style":"default","ast-global-header-display":"","ast-banner-title-visibility":"","ast-main-header-display":"","ast-hfb-above-header-display":"","ast-hfb-below-header-display":"","ast-hfb-mobile-header-display":"","site-post-title":"","ast-breadcrumbs-content":"","ast-featured-img":"disabled","footer-sml-layout":"","theme-transparent-header-meta":"","adv-header-id-meta":"","stick-header-meta":"","header-above-stick-meta":"","header-main-stick-meta":"","header-below-stick-meta":"","astra-migrate-meta-layouts":"default","ast-page-background-enabled":"default","ast-page-background-meta":{"desktop":{"background-color":"var(--ast-global-color-4)","background-image":"","background-repeat":"repeat","background-position":"center center","background-size":"auto","background-attachment":"scroll","background-type":"","background-media":"","overlay-type":"","overlay-color":"","overlay-opacity":"","overlay-gradient":""},"tablet":{"background-color":"","background-image":"","background-repeat":"repeat","background-position":"center center","background-size":"auto","background-attachment":"scroll","background-type":"","background-media":"","overlay-type":"","overlay-color":"","overlay-opacity":"","overlay-gradient":""},"mobile":{"background-color":"","background-image":"","background-repeat":"repeat","background-position":"center center","background-size":"auto","background-attachment":"scroll","background-type":"","background-media":"","overlay-type":"","overlay-color":"","overlay-opacity":"","overlay-gradient":""}},"ast-content-background-meta":{"desktop":{"background-color":"var(--ast-global-color-5)","background-image":"","background-repeat":"repeat","background-position":"center center","background-size":"auto","background-attachment":"scroll","background-type":"","background-media":"","overlay-type":"","overlay-color":"","overlay-opacity":"","overlay-gradient":""},"tablet":{"background-color":"var(--ast-global-color-5)","background-image":"","background-repeat":"repeat","background-position":"center center","background-size":"auto","background-attachment":"scroll","background-type":"","background-media":"","overlay-type":"","overlay-color":"","overlay-opacity":"","overlay-gradient":""},"mobile":{"background-color":"var(--ast-global-color-5)","background-image":"","background-repeat":"repeat","background-position":"center center","background-size":"auto","background-attachment":"scroll","background-type":"","background-media":"","overlay-type":"","overlay-color":"","overlay-opacity":"","overlay-gradient":""}},"footnotes":""},"categories":[23,32],"tags":[2996,2997,52,113,2890,2998,459,2999,94,2981,3000,118,3001,491],"class_list":["post-37718","post","type-post","status-publish","format-standard","has-post-thumbnail","hentry","category-destacats","category-noticies-farmacia","tag-absencia-titular","tag-codeina","tag-farmaceutic","tag-farmacia-assistencial","tag-infarma-madrid-2018","tag-medicaments-ilegals","tag-mitjans","tag-pla-funcional-pix","tag-plantes-medicinals","tag-programa-dintercanvi-de-xeringues","tag-proves-rapides-vih","tag-serveis-professionals","tag-soja-i-menopausa","tag-test-autodiagnostic"],"yoast_head":"<!-- This site is optimized with the Yoast SEO plugin v22.4 - https:\/\/yoast.com\/wordpress\/plugins\/seo\/ -->\n<title>El Col\u00b7legi als mitjans de comunicaci\u00f3 durant el febrer<\/title>\n<meta name=\"description\" content=\"El Pla funcional del PIX, les proves r\u00e0pides de VIH o els tests d&#039;autodiagn\u00f2stics s\u00f3n alguns dels temes que els mitjans de comunicaci\u00f3 han explicat durant el febrer i, en els quals, el Col\u00b7legi n&#039;ha tingut una implicaci\u00f3 directa\" \/>\n<meta name=\"robots\" content=\"index, follow, max-snippet:-1, max-image-preview:large, max-video-preview:-1\" \/>\n<link rel=\"canonical\" href=\"https:\/\/novaorg.cofb.net\/2018\/03\/15\/el-cofb-als-mitjans-de-comunicacio-durant-el-febrer\/\" \/>\n<meta property=\"og:locale\" content=\"es_ES\" \/>\n<meta property=\"og:type\" content=\"article\" \/>\n<meta property=\"og:title\" content=\"El Col\u00b7legi als mitjans de comunicaci\u00f3 durant el febrer\" \/>\n<meta property=\"og:description\" content=\"El Pla funcional del PIX, les proves r\u00e0pides de VIH o els tests d&#039;autodiagn\u00f2stics s\u00f3n alguns dels temes que els mitjans de comunicaci\u00f3 han explicat durant el febrer i, en els quals, el Col\u00b7legi n&#039;ha tingut una implicaci\u00f3 directa\" \/>\n<meta property=\"og:url\" content=\"https:\/\/novaorg.cofb.net\/2018\/03\/15\/el-cofb-als-mitjans-de-comunicacio-durant-el-febrer\/\" \/>\n<meta property=\"og:site_name\" content=\"Col\u00b7legi de Farmac\u00e8utics de Barcelona\" \/>\n<meta property=\"article:publisher\" content=\"https:\/\/www.facebook.com\/farmaceuticsbcn\/\" \/>\n<meta property=\"article:published_time\" content=\"2018-03-15T11:58:12+00:00\" \/>\n<meta name=\"author\" content=\"wpAdminCofbOrg\" \/>\n<meta name=\"twitter:card\" content=\"summary_large_image\" \/>\n<meta name=\"twitter:creator\" content=\"@farmaceuticsbcn\" \/>\n<meta name=\"twitter:site\" content=\"@farmaceuticsbcn\" \/>\n<meta name=\"twitter:label1\" content=\"Escrito por\" \/>\n\t<meta name=\"twitter:data1\" content=\"wpAdminCofbOrg\" \/>\n\t<meta name=\"twitter:label2\" content=\"Tiempo de lectura\" \/>\n\t<meta name=\"twitter:data2\" content=\"9 minutos\" \/>\n<script type=\"application\/ld+json\" class=\"yoast-schema-graph\">{\"@context\":\"https:\/\/schema.org\",\"@graph\":[{\"@type\":\"Article\",\"@id\":\"https:\/\/novaorg.cofb.net\/2018\/03\/15\/el-cofb-als-mitjans-de-comunicacio-durant-el-febrer\/#article\",\"isPartOf\":{\"@id\":\"https:\/\/novaorg.cofb.net\/2018\/03\/15\/el-cofb-als-mitjans-de-comunicacio-durant-el-febrer\/\"},\"author\":{\"name\":\"wpAdminCofbOrg\",\"@id\":\"https:\/\/www.cofb.org\/#\/schema\/person\/22ed7eea88da74b0fa4d3154ad87ffcb\"},\"headline\":\"La pres\u00e8ncia del Col\u00b7legi als mitjans de comunicaci\u00f3 durant el febrer\",\"datePublished\":\"2018-03-15T11:58:12+00:00\",\"dateModified\":\"2018-03-15T11:58:12+00:00\",\"mainEntityOfPage\":{\"@id\":\"https:\/\/novaorg.cofb.net\/2018\/03\/15\/el-cofb-als-mitjans-de-comunicacio-durant-el-febrer\/\"},\"wordCount\":1904,\"commentCount\":0,\"publisher\":{\"@id\":\"https:\/\/www.cofb.org\/#organization\"},\"image\":{\"@id\":\"https:\/\/novaorg.cofb.net\/2018\/03\/15\/el-cofb-als-mitjans-de-comunicacio-durant-el-febrer\/#primaryimage\"},\"thumbnailUrl\":\"\",\"keywords\":[\"absencia titular\",\"code\u00efna\",\"farmac\u00e8utic\",\"farm\u00e0cia assistencial\",\"Infarma Madrid 2018\",\"medicaments ilegals\",\"Mitjans\",\"pla funcional pix\",\"Plantes Medicinals\",\"Programa d'Intercanvi de Xeringues\",\"proves r\u00e0pides VIH\",\"Serveis professionals\",\"soja i menopausa\",\"test autodiagn\u00f2stic\"],\"articleSection\":[\"Destacats\",\"Not\u00edcies farm\u00e0cia\"],\"inLanguage\":\"es\",\"potentialAction\":[{\"@type\":\"CommentAction\",\"name\":\"Comment\",\"target\":[\"https:\/\/novaorg.cofb.net\/2018\/03\/15\/el-cofb-als-mitjans-de-comunicacio-durant-el-febrer\/#respond\"]}]},{\"@type\":\"WebPage\",\"@id\":\"https:\/\/novaorg.cofb.net\/2018\/03\/15\/el-cofb-als-mitjans-de-comunicacio-durant-el-febrer\/\",\"url\":\"https:\/\/novaorg.cofb.net\/2018\/03\/15\/el-cofb-als-mitjans-de-comunicacio-durant-el-febrer\/\",\"name\":\"El Col\u00b7legi als mitjans de comunicaci\u00f3 durant el febrer\",\"isPartOf\":{\"@id\":\"https:\/\/www.cofb.org\/#website\"},\"primaryImageOfPage\":{\"@id\":\"https:\/\/novaorg.cofb.net\/2018\/03\/15\/el-cofb-als-mitjans-de-comunicacio-durant-el-febrer\/#primaryimage\"},\"image\":{\"@id\":\"https:\/\/novaorg.cofb.net\/2018\/03\/15\/el-cofb-als-mitjans-de-comunicacio-durant-el-febrer\/#primaryimage\"},\"thumbnailUrl\":\"\",\"datePublished\":\"2018-03-15T11:58:12+00:00\",\"dateModified\":\"2018-03-15T11:58:12+00:00\",\"description\":\"El Pla funcional del PIX, les proves r\u00e0pides de VIH o els tests d'autodiagn\u00f2stics s\u00f3n alguns dels temes que els mitjans de comunicaci\u00f3 han explicat durant el febrer i, en els quals, el Col\u00b7legi n'ha tingut una implicaci\u00f3 directa\",\"breadcrumb\":{\"@id\":\"https:\/\/novaorg.cofb.net\/2018\/03\/15\/el-cofb-als-mitjans-de-comunicacio-durant-el-febrer\/#breadcrumb\"},\"inLanguage\":\"es\",\"potentialAction\":[{\"@type\":\"ReadAction\",\"target\":[\"https:\/\/novaorg.cofb.net\/2018\/03\/15\/el-cofb-als-mitjans-de-comunicacio-durant-el-febrer\/\"]}]},{\"@type\":\"ImageObject\",\"inLanguage\":\"es\",\"@id\":\"https:\/\/novaorg.cofb.net\/2018\/03\/15\/el-cofb-als-mitjans-de-comunicacio-durant-el-febrer\/#primaryimage\",\"url\":\"\",\"contentUrl\":\"\"},{\"@type\":\"BreadcrumbList\",\"@id\":\"https:\/\/novaorg.cofb.net\/2018\/03\/15\/el-cofb-als-mitjans-de-comunicacio-durant-el-febrer\/#breadcrumb\",\"itemListElement\":[{\"@type\":\"ListItem\",\"position\":1,\"name\":\"Inici\",\"item\":\"https:\/\/novaorg.cofb.net\/\"},{\"@type\":\"ListItem\",\"position\":2,\"name\":\"La pres\u00e8ncia del Col\u00b7legi als mitjans de comunicaci\u00f3 durant el febrer\"}]},{\"@type\":\"WebSite\",\"@id\":\"https:\/\/www.cofb.org\/#website\",\"url\":\"https:\/\/www.cofb.org\/\",\"name\":\"Col\u00b7legi de Farmac\u00e8utics de Barcelona\",\"description\":\"\",\"publisher\":{\"@id\":\"https:\/\/www.cofb.org\/#organization\"},\"potentialAction\":[{\"@type\":\"SearchAction\",\"target\":{\"@type\":\"EntryPoint\",\"urlTemplate\":\"https:\/\/www.cofb.org\/?s={search_term_string}\"},\"query-input\":\"required name=search_term_string\"}],\"inLanguage\":\"es\"},{\"@type\":\"Organization\",\"@id\":\"https:\/\/www.cofb.org\/#organization\",\"name\":\"Col\u00b7legi de Farmac\u00e8utics de Barcelona\",\"url\":\"https:\/\/www.cofb.org\/\",\"logo\":{\"@type\":\"ImageObject\",\"inLanguage\":\"es\",\"@id\":\"https:\/\/www.cofb.org\/#\/schema\/logo\/image\/\",\"url\":\"https:\/\/www.cofb.org\/wp-content\/uploads\/2023\/11\/cropped-Logotip-COFB.png\",\"contentUrl\":\"https:\/\/www.cofb.org\/wp-content\/uploads\/2023\/11\/cropped-Logotip-COFB.png\",\"width\":500,\"height\":105,\"caption\":\"Col\u00b7legi de Farmac\u00e8utics de Barcelona\"},\"image\":{\"@id\":\"https:\/\/www.cofb.org\/#\/schema\/logo\/image\/\"},\"sameAs\":[\"https:\/\/www.facebook.com\/farmaceuticsbcn\/\",\"https:\/\/twitter.com\/farmaceuticsbcn\",\"https:\/\/www.instagram.com\/farmaceuticsbcn\/\",\"https:\/\/www.linkedin.com\/company\/farmaceuticsbcn\/\"]},{\"@type\":\"Person\",\"@id\":\"https:\/\/www.cofb.org\/#\/schema\/person\/22ed7eea88da74b0fa4d3154ad87ffcb\",\"name\":\"wpAdminCofbOrg\",\"image\":{\"@type\":\"ImageObject\",\"inLanguage\":\"es\",\"@id\":\"https:\/\/www.cofb.org\/#\/schema\/person\/image\/\",\"url\":\"https:\/\/secure.gravatar.com\/avatar\/1721b20b3b8ca882c3b56ec6c978c594fff670e40c0718e9190eaeeb76aae7d8?s=96&d=mm&r=g\",\"contentUrl\":\"https:\/\/secure.gravatar.com\/avatar\/1721b20b3b8ca882c3b56ec6c978c594fff670e40c0718e9190eaeeb76aae7d8?s=96&d=mm&r=g\",\"caption\":\"wpAdminCofbOrg\"},\"sameAs\":[\"http:\/\/192.168.64.122\/wordpress\"],\"url\":\"https:\/\/www.cofb.org\/es\/author\/wpadmincofborg\/\"}]}<\/script>\n<!-- \/ Yoast SEO plugin. -->","yoast_head_json":{"title":"El Col\u00b7legi als mitjans de comunicaci\u00f3 durant el febrer","description":"El Pla funcional del PIX, les proves r\u00e0pides de VIH o els tests d'autodiagn\u00f2stics s\u00f3n alguns dels temes que els mitjans de comunicaci\u00f3 han explicat durant el febrer i, en els quals, el Col\u00b7legi n'ha tingut una implicaci\u00f3 directa","robots":{"index":"index","follow":"follow","max-snippet":"max-snippet:-1","max-image-preview":"max-image-preview:large","max-video-preview":"max-video-preview:-1"},"canonical":"https:\/\/novaorg.cofb.net\/2018\/03\/15\/el-cofb-als-mitjans-de-comunicacio-durant-el-febrer\/","og_locale":"es_ES","og_type":"article","og_title":"El Col\u00b7legi als mitjans de comunicaci\u00f3 durant el febrer","og_description":"El Pla funcional del PIX, les proves r\u00e0pides de VIH o els tests d'autodiagn\u00f2stics s\u00f3n alguns dels temes que els mitjans de comunicaci\u00f3 han explicat durant el febrer i, en els quals, el Col\u00b7legi n'ha tingut una implicaci\u00f3 directa","og_url":"https:\/\/novaorg.cofb.net\/2018\/03\/15\/el-cofb-als-mitjans-de-comunicacio-durant-el-febrer\/","og_site_name":"Col\u00b7legi de Farmac\u00e8utics de Barcelona","article_publisher":"https:\/\/www.facebook.com\/farmaceuticsbcn\/","article_published_time":"2018-03-15T11:58:12+00:00","author":"wpAdminCofbOrg","twitter_card":"summary_large_image","twitter_creator":"@farmaceuticsbcn","twitter_site":"@farmaceuticsbcn","twitter_misc":{"Escrito por":"wpAdminCofbOrg","Tiempo de lectura":"9 minutos"},"schema":{"@context":"https:\/\/schema.org","@graph":[{"@type":"Article","@id":"https:\/\/novaorg.cofb.net\/2018\/03\/15\/el-cofb-als-mitjans-de-comunicacio-durant-el-febrer\/#article","isPartOf":{"@id":"https:\/\/novaorg.cofb.net\/2018\/03\/15\/el-cofb-als-mitjans-de-comunicacio-durant-el-febrer\/"},"author":{"name":"wpAdminCofbOrg","@id":"https:\/\/www.cofb.org\/#\/schema\/person\/22ed7eea88da74b0fa4d3154ad87ffcb"},"headline":"La pres\u00e8ncia del Col\u00b7legi als mitjans de comunicaci\u00f3 durant el febrer","datePublished":"2018-03-15T11:58:12+00:00","dateModified":"2018-03-15T11:58:12+00:00","mainEntityOfPage":{"@id":"https:\/\/novaorg.cofb.net\/2018\/03\/15\/el-cofb-als-mitjans-de-comunicacio-durant-el-febrer\/"},"wordCount":1904,"commentCount":0,"publisher":{"@id":"https:\/\/www.cofb.org\/#organization"},"image":{"@id":"https:\/\/novaorg.cofb.net\/2018\/03\/15\/el-cofb-als-mitjans-de-comunicacio-durant-el-febrer\/#primaryimage"},"thumbnailUrl":"","keywords":["absencia titular","code\u00efna","farmac\u00e8utic","farm\u00e0cia assistencial","Infarma Madrid 2018","medicaments ilegals","Mitjans","pla funcional pix","Plantes Medicinals","Programa d'Intercanvi de Xeringues","proves r\u00e0pides VIH","Serveis professionals","soja i menopausa","test autodiagn\u00f2stic"],"articleSection":["Destacats","Not\u00edcies farm\u00e0cia"],"inLanguage":"es","potentialAction":[{"@type":"CommentAction","name":"Comment","target":["https:\/\/novaorg.cofb.net\/2018\/03\/15\/el-cofb-als-mitjans-de-comunicacio-durant-el-febrer\/#respond"]}]},{"@type":"WebPage","@id":"https:\/\/novaorg.cofb.net\/2018\/03\/15\/el-cofb-als-mitjans-de-comunicacio-durant-el-febrer\/","url":"https:\/\/novaorg.cofb.net\/2018\/03\/15\/el-cofb-als-mitjans-de-comunicacio-durant-el-febrer\/","name":"El Col\u00b7legi als mitjans de comunicaci\u00f3 durant el febrer","isPartOf":{"@id":"https:\/\/www.cofb.org\/#website"},"primaryImageOfPage":{"@id":"https:\/\/novaorg.cofb.net\/2018\/03\/15\/el-cofb-als-mitjans-de-comunicacio-durant-el-febrer\/#primaryimage"},"image":{"@id":"https:\/\/novaorg.cofb.net\/2018\/03\/15\/el-cofb-als-mitjans-de-comunicacio-durant-el-febrer\/#primaryimage"},"thumbnailUrl":"","datePublished":"2018-03-15T11:58:12+00:00","dateModified":"2018-03-15T11:58:12+00:00","description":"El Pla funcional del PIX, les proves r\u00e0pides de VIH o els tests d'autodiagn\u00f2stics s\u00f3n alguns dels temes que els mitjans de comunicaci\u00f3 han explicat durant el febrer i, en els quals, el Col\u00b7legi n'ha tingut una implicaci\u00f3 directa","breadcrumb":{"@id":"https:\/\/novaorg.cofb.net\/2018\/03\/15\/el-cofb-als-mitjans-de-comunicacio-durant-el-febrer\/#breadcrumb"},"inLanguage":"es","potentialAction":[{"@type":"ReadAction","target":["https:\/\/novaorg.cofb.net\/2018\/03\/15\/el-cofb-als-mitjans-de-comunicacio-durant-el-febrer\/"]}]},{"@type":"ImageObject","inLanguage":"es","@id":"https:\/\/novaorg.cofb.net\/2018\/03\/15\/el-cofb-als-mitjans-de-comunicacio-durant-el-febrer\/#primaryimage","url":"","contentUrl":""},{"@type":"BreadcrumbList","@id":"https:\/\/novaorg.cofb.net\/2018\/03\/15\/el-cofb-als-mitjans-de-comunicacio-durant-el-febrer\/#breadcrumb","itemListElement":[{"@type":"ListItem","position":1,"name":"Inici","item":"https:\/\/novaorg.cofb.net\/"},{"@type":"ListItem","position":2,"name":"La pres\u00e8ncia del Col\u00b7legi als mitjans de comunicaci\u00f3 durant el febrer"}]},{"@type":"WebSite","@id":"https:\/\/www.cofb.org\/#website","url":"https:\/\/www.cofb.org\/","name":"Col\u00b7legi de Farmac\u00e8utics de Barcelona","description":"","publisher":{"@id":"https:\/\/www.cofb.org\/#organization"},"potentialAction":[{"@type":"SearchAction","target":{"@type":"EntryPoint","urlTemplate":"https:\/\/www.cofb.org\/?s={search_term_string}"},"query-input":"required name=search_term_string"}],"inLanguage":"es"},{"@type":"Organization","@id":"https:\/\/www.cofb.org\/#organization","name":"Col\u00b7legi de Farmac\u00e8utics de Barcelona","url":"https:\/\/www.cofb.org\/","logo":{"@type":"ImageObject","inLanguage":"es","@id":"https:\/\/www.cofb.org\/#\/schema\/logo\/image\/","url":"https:\/\/www.cofb.org\/wp-content\/uploads\/2023\/11\/cropped-Logotip-COFB.png","contentUrl":"https:\/\/www.cofb.org\/wp-content\/uploads\/2023\/11\/cropped-Logotip-COFB.png","width":500,"height":105,"caption":"Col\u00b7legi de Farmac\u00e8utics de Barcelona"},"image":{"@id":"https:\/\/www.cofb.org\/#\/schema\/logo\/image\/"},"sameAs":["https:\/\/www.facebook.com\/farmaceuticsbcn\/","https:\/\/twitter.com\/farmaceuticsbcn","https:\/\/www.instagram.com\/farmaceuticsbcn\/","https:\/\/www.linkedin.com\/company\/farmaceuticsbcn\/"]},{"@type":"Person","@id":"https:\/\/www.cofb.org\/#\/schema\/person\/22ed7eea88da74b0fa4d3154ad87ffcb","name":"wpAdminCofbOrg","image":{"@type":"ImageObject","inLanguage":"es","@id":"https:\/\/www.cofb.org\/#\/schema\/person\/image\/","url":"https:\/\/secure.gravatar.com\/avatar\/1721b20b3b8ca882c3b56ec6c978c594fff670e40c0718e9190eaeeb76aae7d8?s=96&d=mm&r=g","contentUrl":"https:\/\/secure.gravatar.com\/avatar\/1721b20b3b8ca882c3b56ec6c978c594fff670e40c0718e9190eaeeb76aae7d8?s=96&d=mm&r=g","caption":"wpAdminCofbOrg"},"sameAs":["http:\/\/192.168.64.122\/wordpress"],"url":"https:\/\/www.cofb.org\/es\/author\/wpadmincofborg\/"}]}},"uagb_featured_image_src":{"full":false,"thumbnail":false,"medium":false,"medium_large":false,"large":false,"1536x1536":false,"2048x2048":false,"trp-custom-language-flag":false},"uagb_author_info":{"display_name":"wpAdminCofbOrg","author_link":"https:\/\/www.cofb.org\/es\/author\/wpadmincofborg\/"},"uagb_comment_info":0,"uagb_excerpt":"Presentaci\u00f3 del Pla funcional del Programa d\u2019Intercanvi de Xeringues (PIX) El passat 21 de febrer es va presentar el Pla funcional del Programa d\u2019Intercanvi de Xeringues (PIX). A la nota de premsa que es va enviar des del Departament de Salut, comunicat en qu\u00e8 es va fer refer\u00e8ncia a la [&hellip;]","_links":{"self":[{"href":"https:\/\/www.cofb.org\/es\/wp-json\/wp\/v2\/posts\/37718","targetHints":{"allow":["GET"]}}],"collection":[{"href":"https:\/\/www.cofb.org\/es\/wp-json\/wp\/v2\/posts"}],"about":[{"href":"https:\/\/www.cofb.org\/es\/wp-json\/wp\/v2\/types\/post"}],"author":[{"embeddable":true,"href":"https:\/\/www.cofb.org\/es\/wp-json\/wp\/v2\/users\/1"}],"replies":[{"embeddable":true,"href":"https:\/\/www.cofb.org\/es\/wp-json\/wp\/v2\/comments?post=37718"}],"version-history":[{"count":0,"href":"https:\/\/www.cofb.org\/es\/wp-json\/wp\/v2\/posts\/37718\/revisions"}],"wp:featuredmedia":[{"embeddable":true,"href":"https:\/\/www.cofb.org\/es\/wp-json\/"}],"wp:attachment":[{"href":"https:\/\/www.cofb.org\/es\/wp-json\/wp\/v2\/media?parent=37718"}],"wp:term":[{"taxonomy":"category","embeddable":true,"href":"https:\/\/www.cofb.org\/es\/wp-json\/wp\/v2\/categories?post=37718"},{"taxonomy":"post_tag","embeddable":true,"href":"https:\/\/www.cofb.org\/es\/wp-json\/wp\/v2\/tags?post=37718"}],"curies":[{"name":"wp","href":"https:\/\/api.w.org\/{rel}","templated":true}]}}