{"id":37535,"date":"2018-03-08T16:06:18","date_gmt":"2018-03-08T14:06:18","guid":{"rendered":"https:\/\/blog.cofb.cat\/?p=37535"},"modified":"2018-03-08T16:06:18","modified_gmt":"2018-03-08T14:06:18","slug":"20-marc-jornada-prevencio-cancer-colon-recte","status":"publish","type":"post","link":"https:\/\/www.cofb.org\/es\/2018\/03\/08\/20-marc-jornada-prevencio-cancer-colon-recte\/","title":{"rendered":"20 de marzo: Jornada para la prevenci\u00f3n del c\u00e1ncer de colon y recto"},"content":{"rendered":"<p>El pr\u00f3ximo\u00a0<strong>martes 20 de marzo, <\/strong>con motivo del D\u00eda Mundial contra el c\u00e1ncer de colon y recto que se celebra cada 31 de marzo, el Programa de detecci\u00f3n precoz de c\u00e1ncer de colon y recto de Barcelona organiza<strong> la jornada<\/strong> \u201c<strong><em>Actuamos por la prevenci\u00f3n<\/em><\/strong><em>\u201d,\u00a0<\/em>para dar a conocer la prevenci\u00f3n del c\u00e1ncer colorrectal y los factores relacionados con su desarrollo.<\/p>\n<p><a href=\"https:\/\/blog.cofb.cat\/wp-content\/uploads\/2018\/03\/Actuem-per-la-prevenci\u00f3.jpg\"><img fetchpriority=\"high\" decoding=\"async\" class=\"aligncenter wp-image-37542 size-full\" title=\"Actuamos por la prevenci\u00f3n del c\u00e1ncer de colon y recto\" src=\"https:\/\/blog.cofb.cat\/wp-content\/uploads\/2018\/03\/Actuem-per-la-prevenci\u00f3.jpg\" alt=\"Actuem per la prevenci\u00f3 del c\u00e0ncer de c\u00f2lon i recte\" width=\"719\" height=\"449\" \/><\/a><\/p>\n<h3><\/h3>\n<p>El acto, de car\u00e1cter divulgativo, est\u00e1 <strong>dirigido tanto a profesionales como a p\u00fablico en general<\/strong>, y tendr\u00e1 lugar <strong>\u00a0en CaixaForum de Barcelona entre las 17 y 20 h<\/strong>\u00a0contando con la presencia de diferentes profesionales sanitarios y con la actuaci\u00f3n teatral del grupo de teatro La Piscifactoria dirigido por Cristian Ll\u00e0cer.<\/p>\n<p>&nbsp;<\/p>\n<div class=\"box shadow\"><\/p>\n<h1><strong>&quot;Actuamos por la prevenci\u00f3n&quot;: el programa.<\/strong><\/h1>\n<p>El <strong>programa de la jornada<\/strong> se estructurar\u00e1 en <strong>tres blogs<\/strong>:<\/p>\n<ul>\n<li>A modo de introducci\u00f3n, <strong>Xavier Castells<\/strong>, presidente de la Comisi\u00f3n Asesora de Cribados de C\u00e1ncer de Catalu\u00f1a, hablar\u00e1 de\u00a0<strong>&quot;La prevenci\u00f3n del c\u00e1ncer de colon en Catalu\u00f1a&quot;.<br \/>\n<\/strong><\/li>\n<li>A continuaci\u00f3n, bajo el t\u00edtulo <strong>&quot;Factores de riesgo del c\u00e1ncer de colon y recto&quot;<\/strong>, tres especialistas se acercar\u00e1n al tema desde las siguientes presentaciones:\n<p><strong>\u2013 \u00bfLo sabemos todo sobre la formaci\u00f3n de un c\u00e1ncer de colon?<br \/>\n<\/strong><strong>\u00a0 \u00a0Anna Benages<\/strong>, digest\u00f3loga, Hospital Vall d&#039;Hebron<br \/>\n<strong>\u2013 Edad, p\u00f3lipos y familia. \u00bfC\u00f3mo prevenir el c\u00e1ncer de colon?<br \/>\n<\/strong><strong>\u00a0 \u00a0Xavi Bessa<\/strong>, jefe del Servicio de Digestivo, Hospital del Mar<br \/>\n<strong>\u2013 \u00bfMe puede tocar a m\u00ed? Probabilidad real y percibida de padecer un c\u00e1ncer.<br \/>\n<\/strong><strong>\u00a0 \u00a0Teresa Puig<\/strong>, epidemi\u00f3loga, Hospital de Sant Pau<\/li>\n<\/ul>\n<ul>\n<li>Por \u00faltimo, se abrir\u00e1 el espacio de <strong>coloquio \u201cActuamos por la prevenci\u00f3n\u201d<\/strong> con la participaci\u00f3n de Anna Benages, Xavi Bessa, Teresa Puig y Cristian Ll\u00e0cer, moderados por Maria Estrada, farmac\u00e9utica del COFB, y Jaume Grau, epidemi\u00f3logo de la unidad de cribado del Hospital Cl\u00ednic de Barcelona.<\/li>\n<\/ul>\n<p>La clausura ir\u00e1 a cargo de Antoni Castells y Francesc Maci\u00e0, coordinadores del Programa de detecci\u00f3n precoz en Barcelona.<\/p>\n<p><\/div>\n<p>Si es de su inter\u00e9s o quiere hacer difusi\u00f3n en la farmacia entre sus usuarios, <strong>la asistencia es gratuita y es necesario realizar la inscripci\u00f3n<\/strong>*, antes del 16 de marzo, <strong><a href=\"http:\/\/bit.ly\/prevenciocolon\" target=\"_blank\" rel=\"noopener\">aqu\u00ed<\/a><\/strong>.<br \/>\nPuede consultar <strong>todos los detalles<\/strong> del programa <strong>de la jornada<\/strong> en<strong> <a href=\"http:\/\/bit.ly\/2nOVl70\" target=\"_blank\" rel=\"noopener\">este enlace<\/a><\/strong>.<\/p>\n<p><em>*Durante toda la jornada los inscritos podr\u00e1n acceder libremente a las exposiciones del CaixaForum Barcelona.<\/em><\/p>\n<p>&nbsp;<\/p>\n<div class=\"box info\"><\/p>\n<h2><strong>La importancia de los programas poblacionales de prevenci\u00f3n.<\/strong><\/h2>\n<p>El <strong>Prog<\/strong><strong>rama <\/strong><strong>de det<\/strong><strong>ecci\u00f3n precoz de c\u00e1ncer de colo<\/strong><strong>nir<\/strong><strong>ecto est\u00e1 <\/strong><strong>prom<\/strong><strong>o<\/strong><strong>g<\/strong><strong>u<\/strong><strong>tp<\/strong><strong>el <\/strong><strong>Departamento de Salud de la Generalidad de Catalu\u00f1a<\/strong> y su aplicaci\u00f3n en Barcelona corre a cargo del Hospital Cl\u00ednic, el Hospital del Vall d&#039;Hebron, el Hospital del Mar y el Hospital de la Santa Cruz y Sant Pau. El <strong>C<\/strong><strong>onsell <\/strong><strong>de Colegios Farmac\u00e9uticos de Catalu\u00f1a coordina las farmacias implicadas<\/strong> en el proyecto.<\/p>\n<p><a href=\"https:\/\/blog.cofb.cat\/wp-content\/uploads\/2018\/03\/Programa-detecci\u00f3-c\u00e0ncer-c\u00f2lon-i-recte.jpg\"><img decoding=\"async\" class=\"aligncenter wp-image-37545 size-full\" title=\"Programa de detecci\u00f3n precoz de c\u00e1ncer colon y recto\" src=\"https:\/\/blog.cofb.cat\/wp-content\/uploads\/2018\/03\/Programa-detecci\u00f3-c\u00e0ncer-c\u00f2lon-i-recte.jpg\" alt=\"Programa de detecci\u00f3 preco\u00e7 de c\u00e0ncer c\u00f2lon i recte\" width=\"493\" height=\"343\" \/><\/a><\/p>\n<p>La modificaci\u00f3n de algunos estilos de vida y <strong>la participaci\u00f3n en programas poblacionales de prevenci\u00f3n<\/strong> del c\u00e1ncer como \u00e9ste <strong>pueden hacer disminuir el riesgo<\/strong> que tiene una<br \/>\npersona de desarrollar este c\u00e1ncer.<br \/>\n<strong>Puede conocer todos los detalles del programa <a href=\"http:\/\/www.prevenciocolonbcn.org\/ca\/\" target=\"_blank\" rel=\"noopener\">aqu\u00ed<\/a>.<\/strong><\/div>\n<p>&nbsp;<\/p>\n<p><strong>Otras publicaciones relacionadas recogidas en el Blog:<\/strong><\/p>\n<ul>\n<li><a href=\"https:\/\/blog.cofb.cat\/tot-punt-per-la-caminada-per-la-prevencio-del-cancer-de-colon-el-21-de-gener\/\" target=\"_blank\" rel=\"noopener\">Todo listo para la caminata por la prevenci\u00f3n del c\u00e1ncer de colon y recto el 21 de enero (Enero 2018)<\/a><\/li>\n<li><a href=\"http:\/\/blog.cofb.cat\/diumenge-19-de-marc-caminem-plegats-per-la-prevencio-del-cancer-de-colon-recte\/\" target=\"_blank\" rel=\"noopener\">Domingo 19 de marzo: Caminamos juntos por la prevenci\u00f3n del c\u00e1ncer de colon y recto (Marzo 2017)<\/a><\/li>\n<li><a href=\"http:\/\/blog.cofb.cat\/dia-mundial-contra-el-cancer-de-colon-recte-xifres-de-la-prova-de-deteccio-precoc-amb-la-participacio-de-les-farmacies\/\" target=\"_blank\" rel=\"noopener\">D\u00eda Mundial contra el c\u00e1ncer de colon y recto: cifras de la prueba de detecci\u00f3n precoz con la participaci\u00f3n de las farmacias (Marzo 2017)<\/a><\/li>\n<\/ul>","protected":false},"excerpt":{"rendered":"<p>El pr\u00f3ximo martes 20 de marzo, con motivo del D\u00eda Mundial contra el c\u00e1ncer de colon y recto que se celebra cada 31 de marzo, el Programa de detecci\u00f3n precoz de c\u00e1ncer de colon y recto de Barcelona organiza la jornada &quot;Actuamos por la prevenci\u00f3n&quot;, para dar a conocer la prevenci\u00f3n del c\u00e1ncer colorrectal y los factores [\u2026]<\/p>","protected":false},"author":1,"featured_media":37542,"comment_status":"open","ping_status":"open","sticky":false,"template":"","format":"standard","meta":{"_uag_custom_page_level_css":"","site-sidebar-layout":"default","site-content-layout":"","ast-site-content-layout":"default","site-content-style":"default","site-sidebar-style":"default","ast-global-header-display":"","ast-banner-title-visibility":"","ast-main-header-display":"","ast-hfb-above-header-display":"","ast-hfb-below-header-display":"","ast-hfb-mobile-header-display":"","site-post-title":"","ast-breadcrumbs-content":"","ast-featured-img":"disabled","footer-sml-layout":"","theme-transparent-header-meta":"","adv-header-id-meta":"","stick-header-meta":"","header-above-stick-meta":"","header-main-stick-meta":"","header-below-stick-meta":"","astra-migrate-meta-layouts":"default","ast-page-background-enabled":"default","ast-page-background-meta":{"desktop":{"background-color":"var(--ast-global-color-4)","background-image":"","background-repeat":"repeat","background-position":"center center","background-size":"auto","background-attachment":"scroll","background-type":"","background-media":"","overlay-type":"","overlay-color":"","overlay-opacity":"","overlay-gradient":""},"tablet":{"background-color":"","background-image":"","background-repeat":"repeat","background-position":"center center","background-size":"auto","background-attachment":"scroll","background-type":"","background-media":"","overlay-type":"","overlay-color":"","overlay-opacity":"","overlay-gradient":""},"mobile":{"background-color":"","background-image":"","background-repeat":"repeat","background-position":"center center","background-size":"auto","background-attachment":"scroll","background-type":"","background-media":"","overlay-type":"","overlay-color":"","overlay-opacity":"","overlay-gradient":""}},"ast-content-background-meta":{"desktop":{"background-color":"var(--ast-global-color-5)","background-image":"","background-repeat":"repeat","background-position":"center center","background-size":"auto","background-attachment":"scroll","background-type":"","background-media":"","overlay-type":"","overlay-color":"","overlay-opacity":"","overlay-gradient":""},"tablet":{"background-color":"var(--ast-global-color-5)","background-image":"","background-repeat":"repeat","background-position":"center center","background-size":"auto","background-attachment":"scroll","background-type":"","background-media":"","overlay-type":"","overlay-color":"","overlay-opacity":"","overlay-gradient":""},"mobile":{"background-color":"var(--ast-global-color-5)","background-image":"","background-repeat":"repeat","background-position":"center center","background-size":"auto","background-attachment":"scroll","background-type":"","background-media":"","overlay-type":"","overlay-color":"","overlay-opacity":"","overlay-gradient":""}},"footnotes":""},"categories":[32],"tags":[723,956,957,399,163,2992,2993,264,2386],"class_list":["post-37535","post","type-post","status-publish","format-standard","has-post-thumbnail","hentry","category-noticies-farmacia","tag-cancer","tag-cancer-colorrectal","tag-cancer-de-colon","tag-catsalut","tag-consell-de-collegis-farmaceutics-de-catalunya","tag-deteccio-precoc-cancer","tag-jornada-prevencio-cancer-colorrectal","tag-prevencio","tag-programa-de-deteccio-precoc-del-cancer-de-colon"],"yoast_head":"<!-- This site is optimized with the Yoast SEO plugin v22.4 - https:\/\/yoast.com\/wordpress\/plugins\/seo\/ -->\n<title>20 de mar\u00e7: Jornada per la prevenci\u00f3 del c\u00e0ncer de c\u00f2lon i recte - Col\u00b7legi de Farmac\u00e8utics de Barcelona<\/title>\n<meta name=\"robots\" content=\"index, follow, max-snippet:-1, max-image-preview:large, max-video-preview:-1\" \/>\n<link rel=\"canonical\" href=\"https:\/\/novaorg.cofb.net\/2018\/03\/08\/20-marc-jornada-prevencio-cancer-colon-recte\/\" \/>\n<meta property=\"og:locale\" content=\"es_ES\" \/>\n<meta property=\"og:type\" content=\"article\" \/>\n<meta property=\"og:title\" content=\"20 de mar\u00e7: Jornada per la prevenci\u00f3 del c\u00e0ncer de c\u00f2lon i recte - Col\u00b7legi de Farmac\u00e8utics de Barcelona\" \/>\n<meta property=\"og:description\" content=\"El pr\u00f2xim\u00a0dimarts 20 de mar\u00e7, amb motiu del\u00a0Dia Mundial contra el c\u00e0ncer de c\u00f2lon i recte\u00a0que se celebra cada 31 de mar\u00e7, el Programa de detecci\u00f3 preco\u00e7 de c\u00e0ncer de c\u00f2lon i recte de Barcelona organitza la\u00a0jornada \u201cActuem per la prevenci\u00f3\u201d,\u00a0per donar\u00a0a con\u00e8ixer\u00a0la prevenci\u00f3 del c\u00e0ncer colorectal i els factors [&hellip;]\" \/>\n<meta property=\"og:url\" content=\"https:\/\/novaorg.cofb.net\/2018\/03\/08\/20-marc-jornada-prevencio-cancer-colon-recte\/\" \/>\n<meta property=\"og:site_name\" content=\"Col\u00b7legi de Farmac\u00e8utics de Barcelona\" \/>\n<meta property=\"article:publisher\" content=\"https:\/\/www.facebook.com\/farmaceuticsbcn\/\" \/>\n<meta property=\"article:published_time\" content=\"2018-03-08T14:06:18+00:00\" \/>\n<meta name=\"author\" content=\"wpAdminCofbOrg\" \/>\n<meta name=\"twitter:card\" content=\"summary_large_image\" \/>\n<meta name=\"twitter:creator\" content=\"@farmaceuticsbcn\" \/>\n<meta name=\"twitter:site\" content=\"@farmaceuticsbcn\" \/>\n<meta name=\"twitter:label1\" content=\"Escrito por\" \/>\n\t<meta name=\"twitter:data1\" content=\"wpAdminCofbOrg\" \/>\n\t<meta name=\"twitter:label2\" content=\"Tiempo de lectura\" \/>\n\t<meta name=\"twitter:data2\" content=\"3 minutos\" \/>\n<script type=\"application\/ld+json\" class=\"yoast-schema-graph\">{\"@context\":\"https:\/\/schema.org\",\"@graph\":[{\"@type\":\"Article\",\"@id\":\"https:\/\/novaorg.cofb.net\/2018\/03\/08\/20-marc-jornada-prevencio-cancer-colon-recte\/#article\",\"isPartOf\":{\"@id\":\"https:\/\/novaorg.cofb.net\/2018\/03\/08\/20-marc-jornada-prevencio-cancer-colon-recte\/\"},\"author\":{\"name\":\"wpAdminCofbOrg\",\"@id\":\"https:\/\/www.cofb.org\/#\/schema\/person\/22ed7eea88da74b0fa4d3154ad87ffcb\"},\"headline\":\"20 de mar\u00e7: Jornada per la prevenci\u00f3 del c\u00e0ncer de c\u00f2lon i recte\",\"datePublished\":\"2018-03-08T14:06:18+00:00\",\"dateModified\":\"2018-03-08T14:06:18+00:00\",\"mainEntityOfPage\":{\"@id\":\"https:\/\/novaorg.cofb.net\/2018\/03\/08\/20-marc-jornada-prevencio-cancer-colon-recte\/\"},\"wordCount\":634,\"commentCount\":0,\"publisher\":{\"@id\":\"https:\/\/www.cofb.org\/#organization\"},\"image\":{\"@id\":\"https:\/\/novaorg.cofb.net\/2018\/03\/08\/20-marc-jornada-prevencio-cancer-colon-recte\/#primaryimage\"},\"thumbnailUrl\":\"\",\"keywords\":[\"c\u00e0ncer\",\"c\u00e0ncer colorrectal\",\"c\u00e0ncer de c\u00f2lon\",\"catSalut\",\"Consell de Col\u00b7legis Farmac\u00e8utics de Catalunya\",\"Detecci\u00f3 preco\u00e7 c\u00e0ncer\",\"jornada prevenci\u00f3 c\u00e0ncer colorrectal\",\"prevenci\u00f3\",\"Programa de Detecci\u00f3 Preco\u00e7 del C\u00e0ncer de Colon\"],\"articleSection\":[\"Not\u00edcies farm\u00e0cia\"],\"inLanguage\":\"es\",\"potentialAction\":[{\"@type\":\"CommentAction\",\"name\":\"Comment\",\"target\":[\"https:\/\/novaorg.cofb.net\/2018\/03\/08\/20-marc-jornada-prevencio-cancer-colon-recte\/#respond\"]}]},{\"@type\":\"WebPage\",\"@id\":\"https:\/\/novaorg.cofb.net\/2018\/03\/08\/20-marc-jornada-prevencio-cancer-colon-recte\/\",\"url\":\"https:\/\/novaorg.cofb.net\/2018\/03\/08\/20-marc-jornada-prevencio-cancer-colon-recte\/\",\"name\":\"20 de mar\u00e7: Jornada per la prevenci\u00f3 del c\u00e0ncer de c\u00f2lon i recte - Col\u00b7legi de Farmac\u00e8utics de Barcelona\",\"isPartOf\":{\"@id\":\"https:\/\/www.cofb.org\/#website\"},\"primaryImageOfPage\":{\"@id\":\"https:\/\/novaorg.cofb.net\/2018\/03\/08\/20-marc-jornada-prevencio-cancer-colon-recte\/#primaryimage\"},\"image\":{\"@id\":\"https:\/\/novaorg.cofb.net\/2018\/03\/08\/20-marc-jornada-prevencio-cancer-colon-recte\/#primaryimage\"},\"thumbnailUrl\":\"\",\"datePublished\":\"2018-03-08T14:06:18+00:00\",\"dateModified\":\"2018-03-08T14:06:18+00:00\",\"breadcrumb\":{\"@id\":\"https:\/\/novaorg.cofb.net\/2018\/03\/08\/20-marc-jornada-prevencio-cancer-colon-recte\/#breadcrumb\"},\"inLanguage\":\"es\",\"potentialAction\":[{\"@type\":\"ReadAction\",\"target\":[\"https:\/\/novaorg.cofb.net\/2018\/03\/08\/20-marc-jornada-prevencio-cancer-colon-recte\/\"]}]},{\"@type\":\"ImageObject\",\"inLanguage\":\"es\",\"@id\":\"https:\/\/novaorg.cofb.net\/2018\/03\/08\/20-marc-jornada-prevencio-cancer-colon-recte\/#primaryimage\",\"url\":\"\",\"contentUrl\":\"\"},{\"@type\":\"BreadcrumbList\",\"@id\":\"https:\/\/novaorg.cofb.net\/2018\/03\/08\/20-marc-jornada-prevencio-cancer-colon-recte\/#breadcrumb\",\"itemListElement\":[{\"@type\":\"ListItem\",\"position\":1,\"name\":\"Inici\",\"item\":\"https:\/\/novaorg.cofb.net\/\"},{\"@type\":\"ListItem\",\"position\":2,\"name\":\"20 de mar\u00e7: Jornada per la prevenci\u00f3 del c\u00e0ncer de c\u00f2lon i recte\"}]},{\"@type\":\"WebSite\",\"@id\":\"https:\/\/www.cofb.org\/#website\",\"url\":\"https:\/\/www.cofb.org\/\",\"name\":\"Col\u00b7legi de Farmac\u00e8utics de Barcelona\",\"description\":\"\",\"publisher\":{\"@id\":\"https:\/\/www.cofb.org\/#organization\"},\"potentialAction\":[{\"@type\":\"SearchAction\",\"target\":{\"@type\":\"EntryPoint\",\"urlTemplate\":\"https:\/\/www.cofb.org\/?s={search_term_string}\"},\"query-input\":\"required name=search_term_string\"}],\"inLanguage\":\"es\"},{\"@type\":\"Organization\",\"@id\":\"https:\/\/www.cofb.org\/#organization\",\"name\":\"Col\u00b7legi de Farmac\u00e8utics de Barcelona\",\"url\":\"https:\/\/www.cofb.org\/\",\"logo\":{\"@type\":\"ImageObject\",\"inLanguage\":\"es\",\"@id\":\"https:\/\/www.cofb.org\/#\/schema\/logo\/image\/\",\"url\":\"https:\/\/www.cofb.org\/wp-content\/uploads\/2023\/11\/cropped-Logotip-COFB.png\",\"contentUrl\":\"https:\/\/www.cofb.org\/wp-content\/uploads\/2023\/11\/cropped-Logotip-COFB.png\",\"width\":500,\"height\":105,\"caption\":\"Col\u00b7legi de Farmac\u00e8utics de Barcelona\"},\"image\":{\"@id\":\"https:\/\/www.cofb.org\/#\/schema\/logo\/image\/\"},\"sameAs\":[\"https:\/\/www.facebook.com\/farmaceuticsbcn\/\",\"https:\/\/twitter.com\/farmaceuticsbcn\",\"https:\/\/www.instagram.com\/farmaceuticsbcn\/\",\"https:\/\/www.linkedin.com\/company\/farmaceuticsbcn\/\"]},{\"@type\":\"Person\",\"@id\":\"https:\/\/www.cofb.org\/#\/schema\/person\/22ed7eea88da74b0fa4d3154ad87ffcb\",\"name\":\"wpAdminCofbOrg\",\"image\":{\"@type\":\"ImageObject\",\"inLanguage\":\"es\",\"@id\":\"https:\/\/www.cofb.org\/#\/schema\/person\/image\/\",\"url\":\"https:\/\/secure.gravatar.com\/avatar\/1721b20b3b8ca882c3b56ec6c978c594fff670e40c0718e9190eaeeb76aae7d8?s=96&d=mm&r=g\",\"contentUrl\":\"https:\/\/secure.gravatar.com\/avatar\/1721b20b3b8ca882c3b56ec6c978c594fff670e40c0718e9190eaeeb76aae7d8?s=96&d=mm&r=g\",\"caption\":\"wpAdminCofbOrg\"},\"sameAs\":[\"http:\/\/192.168.64.122\/wordpress\"],\"url\":\"https:\/\/www.cofb.org\/es\/author\/wpadmincofborg\/\"}]}<\/script>\n<!-- \/ Yoast SEO plugin. -->","yoast_head_json":{"title":"20 de mar\u00e7: Jornada per la prevenci\u00f3 del c\u00e0ncer de c\u00f2lon i recte - Col\u00b7legi de Farmac\u00e8utics de Barcelona","robots":{"index":"index","follow":"follow","max-snippet":"max-snippet:-1","max-image-preview":"max-image-preview:large","max-video-preview":"max-video-preview:-1"},"canonical":"https:\/\/novaorg.cofb.net\/2018\/03\/08\/20-marc-jornada-prevencio-cancer-colon-recte\/","og_locale":"es_ES","og_type":"article","og_title":"20 de mar\u00e7: Jornada per la prevenci\u00f3 del c\u00e0ncer de c\u00f2lon i recte - Col\u00b7legi de Farmac\u00e8utics de Barcelona","og_description":"El pr\u00f2xim\u00a0dimarts 20 de mar\u00e7, amb motiu del\u00a0Dia Mundial contra el c\u00e0ncer de c\u00f2lon i recte\u00a0que se celebra cada 31 de mar\u00e7, el Programa de detecci\u00f3 preco\u00e7 de c\u00e0ncer de c\u00f2lon i recte de Barcelona organitza la\u00a0jornada \u201cActuem per la prevenci\u00f3\u201d,\u00a0per donar\u00a0a con\u00e8ixer\u00a0la prevenci\u00f3 del c\u00e0ncer colorectal i els factors [&hellip;]","og_url":"https:\/\/novaorg.cofb.net\/2018\/03\/08\/20-marc-jornada-prevencio-cancer-colon-recte\/","og_site_name":"Col\u00b7legi de Farmac\u00e8utics de Barcelona","article_publisher":"https:\/\/www.facebook.com\/farmaceuticsbcn\/","article_published_time":"2018-03-08T14:06:18+00:00","author":"wpAdminCofbOrg","twitter_card":"summary_large_image","twitter_creator":"@farmaceuticsbcn","twitter_site":"@farmaceuticsbcn","twitter_misc":{"Escrito por":"wpAdminCofbOrg","Tiempo de lectura":"3 minutos"},"schema":{"@context":"https:\/\/schema.org","@graph":[{"@type":"Article","@id":"https:\/\/novaorg.cofb.net\/2018\/03\/08\/20-marc-jornada-prevencio-cancer-colon-recte\/#article","isPartOf":{"@id":"https:\/\/novaorg.cofb.net\/2018\/03\/08\/20-marc-jornada-prevencio-cancer-colon-recte\/"},"author":{"name":"wpAdminCofbOrg","@id":"https:\/\/www.cofb.org\/#\/schema\/person\/22ed7eea88da74b0fa4d3154ad87ffcb"},"headline":"20 de mar\u00e7: Jornada per la prevenci\u00f3 del c\u00e0ncer de c\u00f2lon i recte","datePublished":"2018-03-08T14:06:18+00:00","dateModified":"2018-03-08T14:06:18+00:00","mainEntityOfPage":{"@id":"https:\/\/novaorg.cofb.net\/2018\/03\/08\/20-marc-jornada-prevencio-cancer-colon-recte\/"},"wordCount":634,"commentCount":0,"publisher":{"@id":"https:\/\/www.cofb.org\/#organization"},"image":{"@id":"https:\/\/novaorg.cofb.net\/2018\/03\/08\/20-marc-jornada-prevencio-cancer-colon-recte\/#primaryimage"},"thumbnailUrl":"","keywords":["c\u00e0ncer","c\u00e0ncer colorrectal","c\u00e0ncer de c\u00f2lon","catSalut","Consell de Col\u00b7legis Farmac\u00e8utics de Catalunya","Detecci\u00f3 preco\u00e7 c\u00e0ncer","jornada prevenci\u00f3 c\u00e0ncer colorrectal","prevenci\u00f3","Programa de Detecci\u00f3 Preco\u00e7 del C\u00e0ncer de Colon"],"articleSection":["Not\u00edcies farm\u00e0cia"],"inLanguage":"es","potentialAction":[{"@type":"CommentAction","name":"Comment","target":["https:\/\/novaorg.cofb.net\/2018\/03\/08\/20-marc-jornada-prevencio-cancer-colon-recte\/#respond"]}]},{"@type":"WebPage","@id":"https:\/\/novaorg.cofb.net\/2018\/03\/08\/20-marc-jornada-prevencio-cancer-colon-recte\/","url":"https:\/\/novaorg.cofb.net\/2018\/03\/08\/20-marc-jornada-prevencio-cancer-colon-recte\/","name":"20 de mar\u00e7: Jornada per la prevenci\u00f3 del c\u00e0ncer de c\u00f2lon i recte - Col\u00b7legi de Farmac\u00e8utics de Barcelona","isPartOf":{"@id":"https:\/\/www.cofb.org\/#website"},"primaryImageOfPage":{"@id":"https:\/\/novaorg.cofb.net\/2018\/03\/08\/20-marc-jornada-prevencio-cancer-colon-recte\/#primaryimage"},"image":{"@id":"https:\/\/novaorg.cofb.net\/2018\/03\/08\/20-marc-jornada-prevencio-cancer-colon-recte\/#primaryimage"},"thumbnailUrl":"","datePublished":"2018-03-08T14:06:18+00:00","dateModified":"2018-03-08T14:06:18+00:00","breadcrumb":{"@id":"https:\/\/novaorg.cofb.net\/2018\/03\/08\/20-marc-jornada-prevencio-cancer-colon-recte\/#breadcrumb"},"inLanguage":"es","potentialAction":[{"@type":"ReadAction","target":["https:\/\/novaorg.cofb.net\/2018\/03\/08\/20-marc-jornada-prevencio-cancer-colon-recte\/"]}]},{"@type":"ImageObject","inLanguage":"es","@id":"https:\/\/novaorg.cofb.net\/2018\/03\/08\/20-marc-jornada-prevencio-cancer-colon-recte\/#primaryimage","url":"","contentUrl":""},{"@type":"BreadcrumbList","@id":"https:\/\/novaorg.cofb.net\/2018\/03\/08\/20-marc-jornada-prevencio-cancer-colon-recte\/#breadcrumb","itemListElement":[{"@type":"ListItem","position":1,"name":"Inici","item":"https:\/\/novaorg.cofb.net\/"},{"@type":"ListItem","position":2,"name":"20 de mar\u00e7: Jornada per la prevenci\u00f3 del c\u00e0ncer de c\u00f2lon i recte"}]},{"@type":"WebSite","@id":"https:\/\/www.cofb.org\/#website","url":"https:\/\/www.cofb.org\/","name":"Col\u00b7legi de Farmac\u00e8utics de Barcelona","description":"","publisher":{"@id":"https:\/\/www.cofb.org\/#organization"},"potentialAction":[{"@type":"SearchAction","target":{"@type":"EntryPoint","urlTemplate":"https:\/\/www.cofb.org\/?s={search_term_string}"},"query-input":"required name=search_term_string"}],"inLanguage":"es"},{"@type":"Organization","@id":"https:\/\/www.cofb.org\/#organization","name":"Col\u00b7legi de Farmac\u00e8utics de Barcelona","url":"https:\/\/www.cofb.org\/","logo":{"@type":"ImageObject","inLanguage":"es","@id":"https:\/\/www.cofb.org\/#\/schema\/logo\/image\/","url":"https:\/\/www.cofb.org\/wp-content\/uploads\/2023\/11\/cropped-Logotip-COFB.png","contentUrl":"https:\/\/www.cofb.org\/wp-content\/uploads\/2023\/11\/cropped-Logotip-COFB.png","width":500,"height":105,"caption":"Col\u00b7legi de Farmac\u00e8utics de Barcelona"},"image":{"@id":"https:\/\/www.cofb.org\/#\/schema\/logo\/image\/"},"sameAs":["https:\/\/www.facebook.com\/farmaceuticsbcn\/","https:\/\/twitter.com\/farmaceuticsbcn","https:\/\/www.instagram.com\/farmaceuticsbcn\/","https:\/\/www.linkedin.com\/company\/farmaceuticsbcn\/"]},{"@type":"Person","@id":"https:\/\/www.cofb.org\/#\/schema\/person\/22ed7eea88da74b0fa4d3154ad87ffcb","name":"wpAdminCofbOrg","image":{"@type":"ImageObject","inLanguage":"es","@id":"https:\/\/www.cofb.org\/#\/schema\/person\/image\/","url":"https:\/\/secure.gravatar.com\/avatar\/1721b20b3b8ca882c3b56ec6c978c594fff670e40c0718e9190eaeeb76aae7d8?s=96&d=mm&r=g","contentUrl":"https:\/\/secure.gravatar.com\/avatar\/1721b20b3b8ca882c3b56ec6c978c594fff670e40c0718e9190eaeeb76aae7d8?s=96&d=mm&r=g","caption":"wpAdminCofbOrg"},"sameAs":["http:\/\/192.168.64.122\/wordpress"],"url":"https:\/\/www.cofb.org\/es\/author\/wpadmincofborg\/"}]}},"uagb_featured_image_src":{"full":false,"thumbnail":false,"medium":false,"medium_large":false,"large":false,"1536x1536":false,"2048x2048":false,"trp-custom-language-flag":false},"uagb_author_info":{"display_name":"wpAdminCofbOrg","author_link":"https:\/\/www.cofb.org\/es\/author\/wpadmincofborg\/"},"uagb_comment_info":0,"uagb_excerpt":"El pr\u00f2xim\u00a0dimarts 20 de mar\u00e7, amb motiu del\u00a0Dia Mundial contra el c\u00e0ncer de c\u00f2lon i recte\u00a0que se celebra cada 31 de mar\u00e7, el Programa de detecci\u00f3 preco\u00e7 de c\u00e0ncer de c\u00f2lon i recte de Barcelona organitza la\u00a0jornada \u201cActuem per la prevenci\u00f3\u201d,\u00a0per donar\u00a0a con\u00e8ixer\u00a0la prevenci\u00f3 del c\u00e0ncer colorectal i els factors [&hellip;]","_links":{"self":[{"href":"https:\/\/www.cofb.org\/es\/wp-json\/wp\/v2\/posts\/37535","targetHints":{"allow":["GET"]}}],"collection":[{"href":"https:\/\/www.cofb.org\/es\/wp-json\/wp\/v2\/posts"}],"about":[{"href":"https:\/\/www.cofb.org\/es\/wp-json\/wp\/v2\/types\/post"}],"author":[{"embeddable":true,"href":"https:\/\/www.cofb.org\/es\/wp-json\/wp\/v2\/users\/1"}],"replies":[{"embeddable":true,"href":"https:\/\/www.cofb.org\/es\/wp-json\/wp\/v2\/comments?post=37535"}],"version-history":[{"count":0,"href":"https:\/\/www.cofb.org\/es\/wp-json\/wp\/v2\/posts\/37535\/revisions"}],"wp:featuredmedia":[{"embeddable":true,"href":"https:\/\/www.cofb.org\/es\/wp-json\/"}],"wp:attachment":[{"href":"https:\/\/www.cofb.org\/es\/wp-json\/wp\/v2\/media?parent=37535"}],"wp:term":[{"taxonomy":"category","embeddable":true,"href":"https:\/\/www.cofb.org\/es\/wp-json\/wp\/v2\/categories?post=37535"},{"taxonomy":"post_tag","embeddable":true,"href":"https:\/\/www.cofb.org\/es\/wp-json\/wp\/v2\/tags?post=37535"}],"curies":[{"name":"wp","href":"https:\/\/api.w.org\/{rel}","templated":true}]}}