{"id":37420,"date":"2018-03-05T20:46:44","date_gmt":"2018-03-05T18:46:44","guid":{"rendered":"https:\/\/blog.cofb.cat\/?p=37420"},"modified":"2018-03-05T20:46:44","modified_gmt":"2018-03-05T18:46:44","slug":"infarmainnova-innovacio-digitalitzacio-transformacio-lnfarma-2018","status":"publish","type":"post","link":"https:\/\/www.cofb.org\/es\/2018\/03\/05\/infarmainnova-innovacio-digitalitzacio-transformacio-lnfarma-2018\/","title":{"rendered":"#InfarmaInnova: innovaci\u00f3n, digitalizaci\u00f3n y transformaci\u00f3n en Infarma 2018"},"content":{"rendered":"<p>En el marco de Infarma 2018,<strong> #InfarmaInnova<\/strong> tiene por objetivo\u00a0<strong>acercar la innovaci\u00f3n y la transformaci\u00f3n a todos los agentes del sector de farmacia<\/strong>, as\u00ed como facilitarles y realizarles protagonistas como actores de cambio, transformaci\u00f3n e innovaci\u00f3n del sector farmac\u00e9utico.<\/p>\n<p><strong>Ochenta personas podr\u00e1n disfrutar de charlas sobre las \u00faltimas tendencias e innovaciones que tienen impacto sobre el sector farmac\u00e9utico<\/strong>, adquirir habilidades y conocimiento de nuevas metodolog\u00edas de trabajo, explorar y dise\u00f1ar oportunidades de negocio y conocer algunas de las <em>startups<\/em> de salud m\u00e1s interesantes de nuestro pa\u00eds.<\/p>\n<div class=\"box shadow\"><\/p>\n<h2><span style=\"color: #008080;\"><strong>#InfarmaInnova se divide en 4 actividades:<\/strong><\/span><\/h2>\n<p><a href=\"https:\/\/blog.cofb.cat\/wp-content\/uploads\/2018\/03\/Inspira-Crea-Hackathon-Competici\u00f3n-Startups.jpg\" target=\"_blank\" rel=\"noopener\"><img fetchpriority=\"high\" decoding=\"async\" class=\"alignnone wp-image-37493 size-full\" title=\"Inspira - Crea - Hacathon - Competici\u00f3n de startups\" src=\"https:\/\/blog.cofb.cat\/wp-content\/uploads\/2018\/03\/Inspira-Crea-Hackathon-Competici\u00f3n-Startups.jpg\" alt=\"Inspira - Crea - Hackathon - Competici\u00f3n de startups\" width=\"692\" height=\"139\" \/><\/a><\/p>\n<h3><span style=\"color: #008080;\"><strong>Inspira #InfarmaInnova: 13 de marzo (ma\u00f1ana)<\/strong><\/span><\/h3>\n<p>Consiste en una <strong>serie de charlas de innovaci\u00f3n y digitalizaci\u00f3n<\/strong>, de tendencias y buenas pr\u00e1cticas, as\u00ed como de <strong>transformaci\u00f3n del sector farmac\u00e9utico.\u00a0<\/strong><\/p>\n<p>Los ponentes \u2013 de dentro y fuera del sector \u2013 transmitir\u00e1n su visi\u00f3n sobre los <strong>grandes retos a los que se enfrenta el sector farmac\u00e9utico<\/strong>.<\/p>\n<h3><span style=\"color: #008080;\"><strong>Crear #InfarmaInnova: 13 de marzo (tarde)<\/strong><\/span><\/h3>\n<p>Es un <strong>taller de innovaci\u00f3n<\/strong> en el que se facilitar\u00e1 a los participantes informaci\u00f3n, visi\u00f3n, sensibilidad y herramientas para identificar debilidades, amenazas, fortalezas, oportunidades y <strong>retos de la digitalizaci\u00f3n e innovaci\u00f3n del sector<\/strong> y c\u00f3mo trabajarlas en el d\u00eda a d\u00eda.<\/p>\n<h3><span style=\"color: #008080;\"><strong>Hackathon #InfarmaInnova: 14 de marzo (ma\u00f1ana y tarde)<\/strong><\/span><\/h3>\n<p>Es una <strong>actividad que permite involucrar a los participantes en la soluci\u00f3n del reto<\/strong>: &quot;C\u00f3mo ofrecer m\u00e1s valor a\u00f1adido a los pacientes, fomentando la mejora y adquisici\u00f3n de buenas pr\u00e1cticas y la digitalizaci\u00f3n del sector farmac\u00e9utico&quot;.<\/p>\n<p>Por equipos, y utilizando la metodolog\u00eda <em>Customer Development<\/em>, <strong>los protagonistas podr\u00e1n presentar su soluci\u00f3n a un reto planteado<\/strong> por el sector. Un equipo ser\u00e1 elegido ganador por un jurado especializado.<\/p>\n<p>Las personas que quieran participar en <em>Hackathon <\/em>pueden solicitar la<strong><a href=\"http:\/\/infarma.es\/infarmainnova\/registroinnova.aspx\" target=\"_blank\" rel=\"noopener\"> inscripci\u00f3n<\/a> antes del 7 de marzo, a las 24:00 h.<\/strong> Los nombres de los participantes seleccionados se dar\u00e1n a conocer el viernes 9 de marzo.<\/p>\n<h3><span style=\"color: #008080;\"><strong>Competici\u00f3n de<em>startups <\/em>#InfarmaInnova: 15 de marzo (ma\u00f1ana)<\/strong><\/span><\/h3>\n<p>Por primera vez, Infarma presenta la <strong>competici\u00f3n de<em>startups<\/em> #InfarmaInnova<\/strong>, un premio concebido por <strong>apoyar a las startups espa\u00f1olas relacionadas con el sector farmac\u00e9utico<\/strong>. Un jurado profesional seleccionar\u00e1 al ganador, que recibir\u00e1 su reconocimiento y premio.<\/p>\n<p>El premio reconoce un proyecto original e innovador y una propuesta de valor que afronte los retos actuales del mercado. <\/div>\n<h3><strong><span style=\"color: #008080;\">&quot;Somos innovadores, est\u00e1 en nuestro ADN como farmac\u00e9uticos&quot;<\/span><\/strong><\/h3>\n<p><strong>\u201cSomos innovadores, est\u00e1 en nuestro ADN como farmac\u00e9uticos, y queremos demostrar que estamos preparados para emprender e ir m\u00e1s all\u00e1 de la dispensaci\u00f3n tradicional<\/strong> gracias a los nuevos canales digitales que ya nos permiten prestar servicios de mayor valor para nuestros pacientes del futuro y atender nuevas necesidades sociales\u201d. Esta es una de las reflexiones de Rosal\u00eda Gozalo, vocal del COFM y una de las promotoras de este nuevo escenario de Infarma 2018, que encontrar\u00e1 en este v\u00eddeo:<\/p>\n<div class=\"ast-oembed-container\" style=\"height: 100%;\"><iframe title=\"\u00bfSabes qu\u00e9 es InfarmaInnova?\" width=\"500\" height=\"281\" src=\"https:\/\/www.youtube.com\/embed\/pF9aj_Wn5Uo?feature=oembed\" frameborder=\"0\" allow=\"accelerometer; autoplay; clipboard-write; encrypted-media; gyroscope; picture-in-picture; web-share\" referrerpolicy=\"strict-origin-when-cross-origin\" allowfullscreen><\/iframe><\/div>\n<p>&#8220;<strong>El objetivo de #InfarmaInnova es sumar talento innovador<\/strong> y <strong>facilitar la digitalizaci\u00f3n del sector en un formato atractivo de valor compartido dentro del propio Congreso<\/strong> que se convierta en una especie de laboratorio de ideas. Queremos ayudar y animar as\u00ed a todos los farmac\u00e9uticos y estudiante participantes a dar el paso de desarrollar negocios que sean innovadores aprovechando no s\u00f3lo las nuevas tecnolog\u00edas sino nuestro conocimiento experto del medicamento y el autocuidado de la salud\u201d, explica el vicepresidente primero del Col\u00b7 legio Oficial de Farmac\u00e9uticos de Madrid (COFM), Manuel Mart\u00ednez del Peral.<\/p>\n<div class=\"box info\"><\/p>\n<h3><span style=\"color: #008080;\"><strong>\u00bfA qui\u00e9n se dirige #InfarmaInnova?<\/strong><\/span><\/h3>\n<p><a href=\"https:\/\/blog.cofb.cat\/wp-content\/uploads\/2018\/03\/InfarmaInnova_Imagen-gr\u00e1fica.png\"><img decoding=\"async\" class=\"alignleft wp-image-37468\" src=\"https:\/\/blog.cofb.cat\/wp-content\/uploads\/2018\/03\/InfarmaInnova_Imagen-gr\u00e1fica-1024x724.png\" alt=\"#InfarmaInnova\" width=\"246\" height=\"174\" \/><\/a>#<strong>InfarmaInnova<\/strong> est\u00e1 orientado a profesionales del sector, entre los que se seleccionar\u00e1 a personal de oficinas de farmacia, laboratorios farmac\u00e9uticos, distribuidores farmac\u00e9uticos, acad\u00e9micos e investigadores y estudiantes. Para la <strong>selecci\u00f3n se valorar\u00e1 la ocupaci\u00f3n de los candidatos<\/strong>, as\u00ed como su <strong>experiencia en innovaci\u00f3n\/<em>startups<\/em><\/strong>.<\/p>\n<p>&nbsp;<\/p>\n<p><\/div>\n<p><strong>Otras publicaciones de inter\u00e9s:<br \/>\n<\/strong><\/p>\n<ul>\n<li><a href=\"https:\/\/blog.cofb.cat\/infarma-2018-cites-imprescindibles-novetats\/\" target=\"_blank\" rel=\"noopener\">Infarma: Citas imprescindibles y novedades (Febrero 2018)<\/a><\/li>\n<li><a title=\"Link permanente a Infarma 2018: Anunciado el preprograma y la conferencia inaugural\" href=\"https:\/\/blog.cofb.cat\/infarma-2018-pre-programa-i-conferencia-inaugural\/\" target=\"_blank\" rel=\"bookmark noopener\">Infarma Madrid 2018: Anunciado el preprograma y la conferencia inaugural (Enero 2018)<\/a><\/li>\n<li><a href=\"https:\/\/blog.cofb.cat\/infarma-aules-dactualitat-professional-farmaidearium\/\" target=\"_blank\" rel=\"noopener\">Infarma: Aulas de Actualidad Profesional y #Farmaidearium (Marzo 2017)<\/a><\/li>\n<li><a href=\"https:\/\/blog.cofb.cat\/infarma-solidari-farmaidearium-compromis-social-xarxes-socials\/\" target=\"_blank\" rel=\"noopener\">Infarma Solidario y #Farmaidearium: compromiso y redes sociales (Marzo 2017)<\/a><\/li>\n<li><a href=\"https:\/\/blog.cofb.cat\/infarma-tanca-les-seves-portes-amb-la-mirada-posada-en-el-pacient-objectiu-comu-del-sector-farmaceutic\/\" target=\"_blank\" rel=\"noopener\">Infarma cierra sus puertas con la \u201cmirada puesta en el paciente, objetivo com\u00fan del sector farmac\u00e9utico\u201d (Marzo 2017)<\/a><\/li>\n<li><a href=\"https:\/\/blog.cofb.cat\/infarma-barcelona-pre-programa-conferencia-inaugural\/\" target=\"_blank\" rel=\"noopener\">Infarma Barcelona: pre-programa y conferencia inaugural (Febrero 2017)<\/a><\/li>\n<li><a href=\"https:\/\/blog.cofb.cat\/infarma-barcelona-2017-quins-temes-es-tractaran\/\" target=\"_blank\" rel=\"noopener\">Infarma Barcelona 2017: \u00bfqu\u00e9 temas se tratar\u00e1n? (Febrero 2017)<\/a><\/li>\n<\/ul>","protected":false},"excerpt":{"rendered":"<p>En el marco de Infarma 2018, #InfarmaInnova tiene por objetivo acercar la innovaci\u00f3n y la transformaci\u00f3n a todos los agentes del sector de farmacia, as\u00ed como facilitarles y hacerles protagonistas como actores de cambio, transformaci\u00f3n e innovaci\u00f3n del sector farmac\u00e9utico. Ochenta personas podr\u00e1n disfrutar de charlas sobre las \u00faltimas tendencias y [\u2026]<\/p>","protected":false},"author":1,"featured_media":37519,"comment_status":"open","ping_status":"open","sticky":false,"template":"","format":"standard","meta":{"_uag_custom_page_level_css":"","site-sidebar-layout":"default","site-content-layout":"","ast-site-content-layout":"default","site-content-style":"default","site-sidebar-style":"default","ast-global-header-display":"","ast-banner-title-visibility":"","ast-main-header-display":"","ast-hfb-above-header-display":"","ast-hfb-below-header-display":"","ast-hfb-mobile-header-display":"","site-post-title":"","ast-breadcrumbs-content":"","ast-featured-img":"disabled","footer-sml-layout":"","theme-transparent-header-meta":"","adv-header-id-meta":"","stick-header-meta":"","header-above-stick-meta":"","header-main-stick-meta":"","header-below-stick-meta":"","astra-migrate-meta-layouts":"default","ast-page-background-enabled":"default","ast-page-background-meta":{"desktop":{"background-color":"var(--ast-global-color-4)","background-image":"","background-repeat":"repeat","background-position":"center center","background-size":"auto","background-attachment":"scroll","background-type":"","background-media":"","overlay-type":"","overlay-color":"","overlay-opacity":"","overlay-gradient":""},"tablet":{"background-color":"","background-image":"","background-repeat":"repeat","background-position":"center center","background-size":"auto","background-attachment":"scroll","background-type":"","background-media":"","overlay-type":"","overlay-color":"","overlay-opacity":"","overlay-gradient":""},"mobile":{"background-color":"","background-image":"","background-repeat":"repeat","background-position":"center center","background-size":"auto","background-attachment":"scroll","background-type":"","background-media":"","overlay-type":"","overlay-color":"","overlay-opacity":"","overlay-gradient":""}},"ast-content-background-meta":{"desktop":{"background-color":"var(--ast-global-color-5)","background-image":"","background-repeat":"repeat","background-position":"center center","background-size":"auto","background-attachment":"scroll","background-type":"","background-media":"","overlay-type":"","overlay-color":"","overlay-opacity":"","overlay-gradient":""},"tablet":{"background-color":"var(--ast-global-color-5)","background-image":"","background-repeat":"repeat","background-position":"center center","background-size":"auto","background-attachment":"scroll","background-type":"","background-media":"","overlay-type":"","overlay-color":"","overlay-opacity":"","overlay-gradient":""},"mobile":{"background-color":"var(--ast-global-color-5)","background-image":"","background-repeat":"repeat","background-position":"center center","background-size":"auto","background-attachment":"scroll","background-type":"","background-media":"","overlay-type":"","overlay-color":"","overlay-opacity":"","overlay-gradient":""}},"footnotes":""},"categories":[2165],"tags":[18,110,111,112,68,28,2890,2990,575,2188,196,2991],"class_list":["post-37420","post","type-post","status-publish","format-standard","has-post-thumbnail","hentry","category-infarma","tag-cofb","tag-cofm","tag-congres","tag-digitalitzacio","tag-farmacia","tag-infarma","tag-infarma-madrid-2018","tag-infarmainnova","tag-innovacio","tag-professio","tag-sector-farmaceutic","tag-transformacio"],"yoast_head":"<!-- This site is optimized with the Yoast SEO plugin v22.4 - https:\/\/yoast.com\/wordpress\/plugins\/seo\/ -->\n<title>#InfarmaInnova: innovaci\u00f3, digitalitzaci\u00f3 i transformaci\u00f3 a Infarma 2018 - Col\u00b7legi de Farmac\u00e8utics de Barcelona<\/title>\n<meta name=\"robots\" content=\"index, follow, max-snippet:-1, max-image-preview:large, max-video-preview:-1\" \/>\n<link rel=\"canonical\" href=\"https:\/\/www.cofb.org\/es\/2018\/03\/05\/infarmainnova-innovacio-digitalitzacio-transformacio-lnfarma-2018\/\" \/>\n<meta property=\"og:locale\" content=\"es_ES\" \/>\n<meta property=\"og:type\" content=\"article\" \/>\n<meta property=\"og:title\" content=\"#InfarmaInnova: innovaci\u00f3, digitalitzaci\u00f3 i transformaci\u00f3 a Infarma 2018 - Col\u00b7legi de Farmac\u00e8utics de Barcelona\" \/>\n<meta property=\"og:description\" content=\"En el marc d&#8217;Infarma 2018, #InfarmaInnova t\u00e9 per objectiu\u00a0apropar la innovaci\u00f3 i la transformaci\u00f3 a tots els agents del sector de farm\u00e0cia, aix\u00ed com facilitar-los i fer-los protagonistes com a actors de canvi, transformaci\u00f3 i innovaci\u00f3 del sector farmac\u00e8utic. Vuitanta persones podran gaudir de xerrades sobre les \u00faltimes tend\u00e8ncies i [&hellip;]\" \/>\n<meta property=\"og:url\" content=\"https:\/\/www.cofb.org\/es\/2018\/03\/05\/infarmainnova-innovacio-digitalitzacio-transformacio-lnfarma-2018\/\" \/>\n<meta property=\"og:site_name\" content=\"Col\u00b7legi de Farmac\u00e8utics de Barcelona\" \/>\n<meta property=\"article:publisher\" content=\"https:\/\/www.facebook.com\/farmaceuticsbcn\/\" \/>\n<meta property=\"article:published_time\" content=\"2018-03-05T18:46:44+00:00\" \/>\n<meta name=\"author\" content=\"wpAdminCofbOrg\" \/>\n<meta name=\"twitter:card\" content=\"summary_large_image\" \/>\n<meta name=\"twitter:creator\" content=\"@farmaceuticsbcn\" \/>\n<meta name=\"twitter:site\" content=\"@farmaceuticsbcn\" \/>\n<meta name=\"twitter:label1\" content=\"Escrito por\" \/>\n\t<meta name=\"twitter:data1\" content=\"wpAdminCofbOrg\" \/>\n\t<meta name=\"twitter:label2\" content=\"Tiempo de lectura\" \/>\n\t<meta name=\"twitter:data2\" content=\"4 minutos\" \/>\n<script type=\"application\/ld+json\" class=\"yoast-schema-graph\">{\"@context\":\"https:\/\/schema.org\",\"@graph\":[{\"@type\":\"Article\",\"@id\":\"https:\/\/www.cofb.org\/2018\/03\/05\/infarmainnova-innovacio-digitalitzacio-transformacio-lnfarma-2018\/#article\",\"isPartOf\":{\"@id\":\"https:\/\/www.cofb.org\/2018\/03\/05\/infarmainnova-innovacio-digitalitzacio-transformacio-lnfarma-2018\/\"},\"author\":{\"name\":\"wpAdminCofbOrg\",\"@id\":\"https:\/\/www.cofb.org\/#\/schema\/person\/22ed7eea88da74b0fa4d3154ad87ffcb\"},\"headline\":\"#InfarmaInnova: innovaci\u00f3, digitalitzaci\u00f3 i transformaci\u00f3 a Infarma 2018\",\"datePublished\":\"2018-03-05T18:46:44+00:00\",\"dateModified\":\"2018-03-05T18:46:44+00:00\",\"mainEntityOfPage\":{\"@id\":\"https:\/\/www.cofb.org\/2018\/03\/05\/infarmainnova-innovacio-digitalitzacio-transformacio-lnfarma-2018\/\"},\"wordCount\":721,\"commentCount\":0,\"publisher\":{\"@id\":\"https:\/\/www.cofb.org\/#organization\"},\"image\":{\"@id\":\"https:\/\/www.cofb.org\/2018\/03\/05\/infarmainnova-innovacio-digitalitzacio-transformacio-lnfarma-2018\/#primaryimage\"},\"thumbnailUrl\":\"\",\"keywords\":[\"COFB\",\"COFM\",\"Congr\u00e8s\",\"Digitalitzaci\u00f3\",\"Farm\u00e0cia\",\"Infarma\",\"Infarma Madrid 2018\",\"InfarmaInnova\",\"innovaci\u00f3\",\"professi\u00f3\",\"sector farmac\u00e8utic\",\"Transformaci\u00f3\"],\"articleSection\":[\"Infarma\"],\"inLanguage\":\"es\",\"potentialAction\":[{\"@type\":\"CommentAction\",\"name\":\"Comment\",\"target\":[\"https:\/\/www.cofb.org\/2018\/03\/05\/infarmainnova-innovacio-digitalitzacio-transformacio-lnfarma-2018\/#respond\"]}]},{\"@type\":\"WebPage\",\"@id\":\"https:\/\/www.cofb.org\/2018\/03\/05\/infarmainnova-innovacio-digitalitzacio-transformacio-lnfarma-2018\/\",\"url\":\"https:\/\/www.cofb.org\/2018\/03\/05\/infarmainnova-innovacio-digitalitzacio-transformacio-lnfarma-2018\/\",\"name\":\"#InfarmaInnova: innovaci\u00f3, digitalitzaci\u00f3 i transformaci\u00f3 a Infarma 2018 - Col\u00b7legi de Farmac\u00e8utics de Barcelona\",\"isPartOf\":{\"@id\":\"https:\/\/www.cofb.org\/#website\"},\"primaryImageOfPage\":{\"@id\":\"https:\/\/www.cofb.org\/2018\/03\/05\/infarmainnova-innovacio-digitalitzacio-transformacio-lnfarma-2018\/#primaryimage\"},\"image\":{\"@id\":\"https:\/\/www.cofb.org\/2018\/03\/05\/infarmainnova-innovacio-digitalitzacio-transformacio-lnfarma-2018\/#primaryimage\"},\"thumbnailUrl\":\"\",\"datePublished\":\"2018-03-05T18:46:44+00:00\",\"dateModified\":\"2018-03-05T18:46:44+00:00\",\"breadcrumb\":{\"@id\":\"https:\/\/www.cofb.org\/2018\/03\/05\/infarmainnova-innovacio-digitalitzacio-transformacio-lnfarma-2018\/#breadcrumb\"},\"inLanguage\":\"es\",\"potentialAction\":[{\"@type\":\"ReadAction\",\"target\":[\"https:\/\/www.cofb.org\/2018\/03\/05\/infarmainnova-innovacio-digitalitzacio-transformacio-lnfarma-2018\/\"]}]},{\"@type\":\"ImageObject\",\"inLanguage\":\"es\",\"@id\":\"https:\/\/www.cofb.org\/2018\/03\/05\/infarmainnova-innovacio-digitalitzacio-transformacio-lnfarma-2018\/#primaryimage\",\"url\":\"\",\"contentUrl\":\"\"},{\"@type\":\"BreadcrumbList\",\"@id\":\"https:\/\/www.cofb.org\/2018\/03\/05\/infarmainnova-innovacio-digitalitzacio-transformacio-lnfarma-2018\/#breadcrumb\",\"itemListElement\":[{\"@type\":\"ListItem\",\"position\":1,\"name\":\"Inici\",\"item\":\"https:\/\/novaorg.cofb.net\/\"},{\"@type\":\"ListItem\",\"position\":2,\"name\":\"#InfarmaInnova: innovaci\u00f3, digitalitzaci\u00f3 i transformaci\u00f3 a Infarma 2018\"}]},{\"@type\":\"WebSite\",\"@id\":\"https:\/\/www.cofb.org\/#website\",\"url\":\"https:\/\/www.cofb.org\/\",\"name\":\"Col\u00b7legi de Farmac\u00e8utics de Barcelona\",\"description\":\"\",\"publisher\":{\"@id\":\"https:\/\/www.cofb.org\/#organization\"},\"potentialAction\":[{\"@type\":\"SearchAction\",\"target\":{\"@type\":\"EntryPoint\",\"urlTemplate\":\"https:\/\/www.cofb.org\/?s={search_term_string}\"},\"query-input\":\"required name=search_term_string\"}],\"inLanguage\":\"es\"},{\"@type\":\"Organization\",\"@id\":\"https:\/\/www.cofb.org\/#organization\",\"name\":\"Col\u00b7legi de Farmac\u00e8utics de Barcelona\",\"url\":\"https:\/\/www.cofb.org\/\",\"logo\":{\"@type\":\"ImageObject\",\"inLanguage\":\"es\",\"@id\":\"https:\/\/www.cofb.org\/#\/schema\/logo\/image\/\",\"url\":\"https:\/\/www.cofb.org\/wp-content\/uploads\/2023\/11\/cropped-Logotip-COFB.png\",\"contentUrl\":\"https:\/\/www.cofb.org\/wp-content\/uploads\/2023\/11\/cropped-Logotip-COFB.png\",\"width\":500,\"height\":105,\"caption\":\"Col\u00b7legi de Farmac\u00e8utics de Barcelona\"},\"image\":{\"@id\":\"https:\/\/www.cofb.org\/#\/schema\/logo\/image\/\"},\"sameAs\":[\"https:\/\/www.facebook.com\/farmaceuticsbcn\/\",\"https:\/\/twitter.com\/farmaceuticsbcn\",\"https:\/\/www.instagram.com\/farmaceuticsbcn\/\",\"https:\/\/www.linkedin.com\/company\/farmaceuticsbcn\/\"]},{\"@type\":\"Person\",\"@id\":\"https:\/\/www.cofb.org\/#\/schema\/person\/22ed7eea88da74b0fa4d3154ad87ffcb\",\"name\":\"wpAdminCofbOrg\",\"image\":{\"@type\":\"ImageObject\",\"inLanguage\":\"es\",\"@id\":\"https:\/\/www.cofb.org\/#\/schema\/person\/image\/\",\"url\":\"https:\/\/secure.gravatar.com\/avatar\/1721b20b3b8ca882c3b56ec6c978c594fff670e40c0718e9190eaeeb76aae7d8?s=96&d=mm&r=g\",\"contentUrl\":\"https:\/\/secure.gravatar.com\/avatar\/1721b20b3b8ca882c3b56ec6c978c594fff670e40c0718e9190eaeeb76aae7d8?s=96&d=mm&r=g\",\"caption\":\"wpAdminCofbOrg\"},\"sameAs\":[\"http:\/\/192.168.64.122\/wordpress\"],\"url\":\"https:\/\/www.cofb.org\/es\/author\/wpadmincofborg\/\"}]}<\/script>\n<!-- \/ Yoast SEO plugin. -->","yoast_head_json":{"title":"#InfarmaInnova: innovaci\u00f3, digitalitzaci\u00f3 i transformaci\u00f3 a Infarma 2018 - Col\u00b7legi de Farmac\u00e8utics de Barcelona","robots":{"index":"index","follow":"follow","max-snippet":"max-snippet:-1","max-image-preview":"max-image-preview:large","max-video-preview":"max-video-preview:-1"},"canonical":"https:\/\/www.cofb.org\/es\/2018\/03\/05\/infarmainnova-innovacio-digitalitzacio-transformacio-lnfarma-2018\/","og_locale":"es_ES","og_type":"article","og_title":"#InfarmaInnova: innovaci\u00f3, digitalitzaci\u00f3 i transformaci\u00f3 a Infarma 2018 - Col\u00b7legi de Farmac\u00e8utics de Barcelona","og_description":"En el marc d&#8217;Infarma 2018, #InfarmaInnova t\u00e9 per objectiu\u00a0apropar la innovaci\u00f3 i la transformaci\u00f3 a tots els agents del sector de farm\u00e0cia, aix\u00ed com facilitar-los i fer-los protagonistes com a actors de canvi, transformaci\u00f3 i innovaci\u00f3 del sector farmac\u00e8utic. Vuitanta persones podran gaudir de xerrades sobre les \u00faltimes tend\u00e8ncies i [&hellip;]","og_url":"https:\/\/www.cofb.org\/es\/2018\/03\/05\/infarmainnova-innovacio-digitalitzacio-transformacio-lnfarma-2018\/","og_site_name":"Col\u00b7legi de Farmac\u00e8utics de Barcelona","article_publisher":"https:\/\/www.facebook.com\/farmaceuticsbcn\/","article_published_time":"2018-03-05T18:46:44+00:00","author":"wpAdminCofbOrg","twitter_card":"summary_large_image","twitter_creator":"@farmaceuticsbcn","twitter_site":"@farmaceuticsbcn","twitter_misc":{"Escrito por":"wpAdminCofbOrg","Tiempo de lectura":"4 minutos"},"schema":{"@context":"https:\/\/schema.org","@graph":[{"@type":"Article","@id":"https:\/\/www.cofb.org\/2018\/03\/05\/infarmainnova-innovacio-digitalitzacio-transformacio-lnfarma-2018\/#article","isPartOf":{"@id":"https:\/\/www.cofb.org\/2018\/03\/05\/infarmainnova-innovacio-digitalitzacio-transformacio-lnfarma-2018\/"},"author":{"name":"wpAdminCofbOrg","@id":"https:\/\/www.cofb.org\/#\/schema\/person\/22ed7eea88da74b0fa4d3154ad87ffcb"},"headline":"#InfarmaInnova: innovaci\u00f3, digitalitzaci\u00f3 i transformaci\u00f3 a Infarma 2018","datePublished":"2018-03-05T18:46:44+00:00","dateModified":"2018-03-05T18:46:44+00:00","mainEntityOfPage":{"@id":"https:\/\/www.cofb.org\/2018\/03\/05\/infarmainnova-innovacio-digitalitzacio-transformacio-lnfarma-2018\/"},"wordCount":721,"commentCount":0,"publisher":{"@id":"https:\/\/www.cofb.org\/#organization"},"image":{"@id":"https:\/\/www.cofb.org\/2018\/03\/05\/infarmainnova-innovacio-digitalitzacio-transformacio-lnfarma-2018\/#primaryimage"},"thumbnailUrl":"","keywords":["COFB","COFM","Congr\u00e8s","Digitalitzaci\u00f3","Farm\u00e0cia","Infarma","Infarma Madrid 2018","InfarmaInnova","innovaci\u00f3","professi\u00f3","sector farmac\u00e8utic","Transformaci\u00f3"],"articleSection":["Infarma"],"inLanguage":"es","potentialAction":[{"@type":"CommentAction","name":"Comment","target":["https:\/\/www.cofb.org\/2018\/03\/05\/infarmainnova-innovacio-digitalitzacio-transformacio-lnfarma-2018\/#respond"]}]},{"@type":"WebPage","@id":"https:\/\/www.cofb.org\/2018\/03\/05\/infarmainnova-innovacio-digitalitzacio-transformacio-lnfarma-2018\/","url":"https:\/\/www.cofb.org\/2018\/03\/05\/infarmainnova-innovacio-digitalitzacio-transformacio-lnfarma-2018\/","name":"#InfarmaInnova: innovaci\u00f3, digitalitzaci\u00f3 i transformaci\u00f3 a Infarma 2018 - Col\u00b7legi de Farmac\u00e8utics de Barcelona","isPartOf":{"@id":"https:\/\/www.cofb.org\/#website"},"primaryImageOfPage":{"@id":"https:\/\/www.cofb.org\/2018\/03\/05\/infarmainnova-innovacio-digitalitzacio-transformacio-lnfarma-2018\/#primaryimage"},"image":{"@id":"https:\/\/www.cofb.org\/2018\/03\/05\/infarmainnova-innovacio-digitalitzacio-transformacio-lnfarma-2018\/#primaryimage"},"thumbnailUrl":"","datePublished":"2018-03-05T18:46:44+00:00","dateModified":"2018-03-05T18:46:44+00:00","breadcrumb":{"@id":"https:\/\/www.cofb.org\/2018\/03\/05\/infarmainnova-innovacio-digitalitzacio-transformacio-lnfarma-2018\/#breadcrumb"},"inLanguage":"es","potentialAction":[{"@type":"ReadAction","target":["https:\/\/www.cofb.org\/2018\/03\/05\/infarmainnova-innovacio-digitalitzacio-transformacio-lnfarma-2018\/"]}]},{"@type":"ImageObject","inLanguage":"es","@id":"https:\/\/www.cofb.org\/2018\/03\/05\/infarmainnova-innovacio-digitalitzacio-transformacio-lnfarma-2018\/#primaryimage","url":"","contentUrl":""},{"@type":"BreadcrumbList","@id":"https:\/\/www.cofb.org\/2018\/03\/05\/infarmainnova-innovacio-digitalitzacio-transformacio-lnfarma-2018\/#breadcrumb","itemListElement":[{"@type":"ListItem","position":1,"name":"Inici","item":"https:\/\/novaorg.cofb.net\/"},{"@type":"ListItem","position":2,"name":"#InfarmaInnova: innovaci\u00f3, digitalitzaci\u00f3 i transformaci\u00f3 a Infarma 2018"}]},{"@type":"WebSite","@id":"https:\/\/www.cofb.org\/#website","url":"https:\/\/www.cofb.org\/","name":"Col\u00b7legi de Farmac\u00e8utics de Barcelona","description":"","publisher":{"@id":"https:\/\/www.cofb.org\/#organization"},"potentialAction":[{"@type":"SearchAction","target":{"@type":"EntryPoint","urlTemplate":"https:\/\/www.cofb.org\/?s={search_term_string}"},"query-input":"required name=search_term_string"}],"inLanguage":"es"},{"@type":"Organization","@id":"https:\/\/www.cofb.org\/#organization","name":"Col\u00b7legi de Farmac\u00e8utics de Barcelona","url":"https:\/\/www.cofb.org\/","logo":{"@type":"ImageObject","inLanguage":"es","@id":"https:\/\/www.cofb.org\/#\/schema\/logo\/image\/","url":"https:\/\/www.cofb.org\/wp-content\/uploads\/2023\/11\/cropped-Logotip-COFB.png","contentUrl":"https:\/\/www.cofb.org\/wp-content\/uploads\/2023\/11\/cropped-Logotip-COFB.png","width":500,"height":105,"caption":"Col\u00b7legi de Farmac\u00e8utics de Barcelona"},"image":{"@id":"https:\/\/www.cofb.org\/#\/schema\/logo\/image\/"},"sameAs":["https:\/\/www.facebook.com\/farmaceuticsbcn\/","https:\/\/twitter.com\/farmaceuticsbcn","https:\/\/www.instagram.com\/farmaceuticsbcn\/","https:\/\/www.linkedin.com\/company\/farmaceuticsbcn\/"]},{"@type":"Person","@id":"https:\/\/www.cofb.org\/#\/schema\/person\/22ed7eea88da74b0fa4d3154ad87ffcb","name":"wpAdminCofbOrg","image":{"@type":"ImageObject","inLanguage":"es","@id":"https:\/\/www.cofb.org\/#\/schema\/person\/image\/","url":"https:\/\/secure.gravatar.com\/avatar\/1721b20b3b8ca882c3b56ec6c978c594fff670e40c0718e9190eaeeb76aae7d8?s=96&d=mm&r=g","contentUrl":"https:\/\/secure.gravatar.com\/avatar\/1721b20b3b8ca882c3b56ec6c978c594fff670e40c0718e9190eaeeb76aae7d8?s=96&d=mm&r=g","caption":"wpAdminCofbOrg"},"sameAs":["http:\/\/192.168.64.122\/wordpress"],"url":"https:\/\/www.cofb.org\/es\/author\/wpadmincofborg\/"}]}},"uagb_featured_image_src":{"full":false,"thumbnail":false,"medium":false,"medium_large":false,"large":false,"1536x1536":false,"2048x2048":false,"trp-custom-language-flag":false},"uagb_author_info":{"display_name":"wpAdminCofbOrg","author_link":"https:\/\/www.cofb.org\/es\/author\/wpadmincofborg\/"},"uagb_comment_info":0,"uagb_excerpt":"En el marc d&#8217;Infarma 2018, #InfarmaInnova t\u00e9 per objectiu\u00a0apropar la innovaci\u00f3 i la transformaci\u00f3 a tots els agents del sector de farm\u00e0cia, aix\u00ed com facilitar-los i fer-los protagonistes com a actors de canvi, transformaci\u00f3 i innovaci\u00f3 del sector farmac\u00e8utic. Vuitanta persones podran gaudir de xerrades sobre les \u00faltimes tend\u00e8ncies i [&hellip;]","_links":{"self":[{"href":"https:\/\/www.cofb.org\/es\/wp-json\/wp\/v2\/posts\/37420","targetHints":{"allow":["GET"]}}],"collection":[{"href":"https:\/\/www.cofb.org\/es\/wp-json\/wp\/v2\/posts"}],"about":[{"href":"https:\/\/www.cofb.org\/es\/wp-json\/wp\/v2\/types\/post"}],"author":[{"embeddable":true,"href":"https:\/\/www.cofb.org\/es\/wp-json\/wp\/v2\/users\/1"}],"replies":[{"embeddable":true,"href":"https:\/\/www.cofb.org\/es\/wp-json\/wp\/v2\/comments?post=37420"}],"version-history":[{"count":0,"href":"https:\/\/www.cofb.org\/es\/wp-json\/wp\/v2\/posts\/37420\/revisions"}],"wp:featuredmedia":[{"embeddable":true,"href":"https:\/\/www.cofb.org\/es\/wp-json\/"}],"wp:attachment":[{"href":"https:\/\/www.cofb.org\/es\/wp-json\/wp\/v2\/media?parent=37420"}],"wp:term":[{"taxonomy":"category","embeddable":true,"href":"https:\/\/www.cofb.org\/es\/wp-json\/wp\/v2\/categories?post=37420"},{"taxonomy":"post_tag","embeddable":true,"href":"https:\/\/www.cofb.org\/es\/wp-json\/wp\/v2\/tags?post=37420"}],"curies":[{"name":"wp","href":"https:\/\/api.w.org\/{rel}","templated":true}]}}