{"id":37283,"date":"2018-02-27T18:46:50","date_gmt":"2018-02-27T16:46:50","guid":{"rendered":"https:\/\/blog.cofb.cat\/?p=37283"},"modified":"2018-02-27T18:46:50","modified_gmt":"2018-02-27T16:46:50","slug":"infarma-2018-cites-imprescindibles-novetats","status":"publish","type":"post","link":"https:\/\/www.cofb.org\/es\/2018\/02\/27\/infarma-2018-cites-imprescindibles-novetats\/","title":{"rendered":"Infarma 2018: Citas imprescindibles y novedades"},"content":{"rendered":"<p>Ya queda menos por la celebraci\u00f3n de<strong>Infarma Madrid 2018<\/strong>, que este a\u00f1o contar\u00e1 con casi <strong>3.000 congresistas, m\u00e1s de 100 ponentes y 50 actividades<\/strong>. Algunas de las<strong> citas imprescindibles <\/strong>del Congreso y Sal\u00f3n Europeo de Oficina de Farmacia -que se celebrar\u00e1 del 13 al 15 de marzo en el recinto ferial de IFEMA - ser\u00e1n las siguientes:<\/p>\n<h4><span style=\"color: #008080;\"><strong>Nuevo pabell\u00f3n de exposici\u00f3n<\/strong><\/span><\/h4>\n<p>Infarma crece m\u00e1s que nunca y en esta edici\u00f3n ocupar\u00e1 tres pabellones. El espacio dedicado al Sal\u00f3n de Medicamentos y Parafarmacia estar\u00e1 en los pabellones 4 y 6 de Ifema. Uno de ellos estar\u00e1 dedicado \u00edntegramente a productos y el otro a servicios. En total, ser\u00e1n <strong>24.000 metros cuadrados de exposici\u00f3n donde se ubicar\u00e1n cerca de 400 empresas de los principales sectores que abastecen a las oficinas de farmacia<\/strong>.<\/p>\n<h4>\u00a0<img fetchpriority=\"high\" decoding=\"async\" class=\"aligncenter wp-image-37349\" title=\"Infarma Madrid 2018\" src=\"https:\/\/blog.cofb.cat\/wp-content\/uploads\/2018\/02\/infarma-cap\u00e7alera.png\" alt=\"Infarma Madrid 2018\" width=\"601\" height=\"198\" \/><\/h4>\n<h4><span style=\"color: #008080;\"><strong>#InfarmaInnova:<\/strong> <strong>el espacio del emprendimiento digital en la farmacia<\/strong><\/span><\/h4>\n<p><a href=\"http:\/\/infarma.es\/infarmainnova\/registroinnova.aspx\" target=\"_blank\" rel=\"noopener\"><strong>#InfarmaInnova<\/strong><\/a> es, sin duda, una de las grandes novedades de Infarma Madrid 2018. El espacio se ubicar\u00e1 en el pabell\u00f3n 2 de IFEMA y funcionar\u00e1 como un <strong>laboratorio de ideas<\/strong> para estimular el aprendizaje y fomentar la capacidad de innovaci\u00f3n en la oficina de farmacia, de la mano de expertos y empresarios.<\/p>\n<p>Durante los tres d\u00edas de Congreso, #<strong>InfarmaInnova promover\u00e1 la digitalizaci\u00f3n y la necesidad de innovar aprovechando las oportunidades abiertas por las nuevas tecnolog\u00edas para generar nuevos modelos de negocio teniendo presentes los retos que plantea Internet.<\/strong> Por eso, la organizaci\u00f3n ha dise\u00f1ado un escenario modular que se adaptar\u00e1 para acoger las cuatro sesiones programadas.<\/p>\n<h5><strong><span style=\"color: #008080;\">\u00b7 Inspira #InfarmaInnova y Crea #InfarmaInnova<\/span> <\/strong><\/h5>\n<p>El primer taller, <strong>\u201cInspira #InfarmaInnova\u201d,<\/strong>\u00a0 estar\u00e1 abierto al <strong>consejo experto<\/strong> por parte de ponentes de prestigio de distintos \u00e1mbitos y \u00e1reas empresariales, en un formato de charla e intercambio de conocimiento y experiencias con los participantes. Se expondr\u00e1n <strong>casos reales, tendencias y buenas pr\u00e1cticas de innovaci\u00f3n y digitalizaci\u00f3n<\/strong> en comercio electr\u00f3nico o marketing digital, entre otros contenidos, <strong>con aplicaci\u00f3n en la farmacia y el sector de la salud<\/strong>. Por la tarde, este espacio se transformar\u00e1 para acoger \u201c<strong>Crear #InfarmaInnova\u201d<\/strong>. Se trata de un <strong>taller pr\u00e1ctico de innovaci\u00f3n<\/strong> en la que se abordar\u00e1n las claves para elaborar propuestas de valor y planes de negocio, entre otros contenidos.<\/p>\n<h5><span style=\"color: #008080;\"><strong><em>\u00b7 Hackathon<\/em> #InfarmaInnova<\/strong><\/span><\/h5>\n<p>La segunda jornada se reservar\u00e1 por el <strong>&#8220;<em>Hackathon<\/em> #InfarmaInnova\u201d<\/strong>. Esta actividad permite involucrar a los participantes en el <strong>dise\u00f1o de la soluci\u00f3n de un reto real del sector<\/strong>. Por eso, se crear\u00e1n 14 equipos multidisciplinares a los que se les facilitar\u00e1n las herramientas propias de la metodolog\u00eda<em> Customer Development <\/em>a fin de que los protagonistas, al final de la jornada, puedan realizar su propia propuesta.<\/p>\n<h5><strong><span style=\"color: #008080;\">\u00b7 Competici\u00f3n de <em>start-ups<\/em> #InfarmaInnova<\/span><\/strong><\/h5>\n<p>Se trata de una <strong>competici\u00f3n donde varios emprendedores expondr\u00e1n sus ideas empresariales en el sector de la salud<\/strong>, que ser\u00e1n valoradas por un jurado. El equipo ganador del m\u00f3dulo de la segunda jornada \u201c<em>Hackathon<\/em> #InfarmaInnova\u201d y la start-up ganadora de la tercera jornada recibir\u00e1n un premio como reconocimiento de su participaci\u00f3n.<\/p>\n<div class=\"ast-oembed-container\" style=\"height: 100%;\"><iframe title=\"LAS NOVETADES DE INFARMA MADRID 2018\" width=\"500\" height=\"281\" src=\"https:\/\/www.youtube.com\/embed\/ywlaDGGsMQI?feature=oembed\" frameborder=\"0\" allow=\"accelerometer; autoplay; clipboard-write; encrypted-media; gyroscope; picture-in-picture; web-share\" referrerpolicy=\"strict-origin-when-cross-origin\" allowfullscreen><\/iframe><\/div>\n<h4><\/h4>\n<h4><strong><span style=\"color: #008080;\">Infarma Solidario<\/span><\/strong><\/h4>\n<p>En esta edici\u00f3n <a href=\"http:\/\/www.infarma.es\/infarma-solidario\" target=\"_blank\" rel=\"noopener\">Infarma Solidario<\/a> ha seleccionado el <strong>proyecto de Farmamundi de atenci\u00f3n sanitaria de emergencia en la poblaci\u00f3n sur sudanesa refugiada<\/strong> y solicitante de asilo en el distrito de Adjumani (Uganda). Las personas que lo deseen podr\u00e1n colaborar con este proyecto en el stand de Farmamundi oa trav\u00e9s de una transferencia bancaria. <strong>La recaudaci\u00f3n se entregar\u00e1 a la ONG en un evento solidario<\/strong>, que tendr\u00e1 lugar el d\u00eda 14 de marzo a las 21 horas en el teatro Barcel\u00f3 (C\/ Barcel\u00f3, 11).<\/p>\n<h4><\/h4>\n<div class=\"box shadow\">\n<h4>\u00a0<strong><span style=\"color: #008080;\">Espacio \u201cIniciativas de \u00e9xito en las farmacias\u201d: novedad de esta edici\u00f3n\u00a0<\/span> <\/strong><\/h4>\n<p>Infarma Madrid 2018 dedicar\u00e1 un <a href=\"http:\/\/infarma.es\/docs\/default-source\/infarma\/congreso\/formulario-combinado-v2.pdf?sfvrsn=3e37ec65_6\" target=\"_blank\" rel=\"noopener\"><strong>espacio en las farmacias que hayan desarrollado alguna iniciativa en el campo asistencial o de la gesti\u00f3n<\/strong><\/a>. Durante el Congreso se podr\u00e1n dar a conocer estas iniciativas que han supuesto mejoras y que pueden ser aplicadas por otros farmac\u00e9uticos. Los proyectos ser\u00e1n seleccionados por un jurado compuesto por miembros del Comit\u00e9 Organizador.<\/p>\n<h4>\u00a0<\/div><\/h4>\n<h4><span style=\"color: #008080;\"><strong>Aulas silenciosas<\/strong><\/span><\/h4>\n<p>Infarma contar\u00e1 en esta edici\u00f3n con un innovador concepto de aulas para las conferencias: las <strong>aulas silenciosas<\/strong>, un espacio en el que los asistentes dispondr\u00e1n de un <strong>sonido de alta calidad<\/strong> sin necesidad de utilizar altavoces, lo que generar\u00e1 un entorno sin ruido, que favorecer\u00e1 la concentraci\u00f3n y reducir\u00e1 la contaminaci\u00f3n ac\u00fastica.<\/p>\n<h4><span style=\"color: #008080;\"><strong>Sala Exponews<\/strong><\/span><\/h4>\n<p>Infarma Madrid 2018 tendr\u00e1 en esta edici\u00f3n un <strong>nuevo espacio<\/strong> que ofrecer\u00e1 a los congresistas y visitantes la posibilidad de <strong>conocer en profundidad productos o novedades<\/strong> de determinadas empresas. La sala estar\u00e1 ubicada en el pabell\u00f3n 6 y tendr\u00e1 capacidad para 150 personas.<\/p>\n<figure id=\"attachment_37295\" aria-describedby=\"caption-attachment-37295\" style=\"width: 620px\" class=\"wp-caption aligncenter\"><a href=\"https:\/\/blog.cofb.cat\/wp-content\/uploads\/2018\/02\/Sala-Exponews.jpg\" target=\"_blank\" rel=\"noopener\"><img decoding=\"async\" class=\"wp-image-37295 size-large\" title=\"Sala Exponews de la edici\u00f3n de Infarma Barcelona 2017\" src=\"https:\/\/blog.cofb.cat\/wp-content\/uploads\/2018\/02\/Sala-Exponews-1024x683.jpg\" alt=\"Sala Exponews de l'edici\u00f3 d'Infarma Barcelona 2017.\" width=\"620\" height=\"414\" \/><\/a><figcaption id=\"caption-attachment-37295\" class=\"wp-caption-text\">Sala Exponews de la edici\u00f3n de Infarma Barcelona 2017.<\/figcaption><\/figure>\n<h4><\/h4>\n<h4><span style=\"color: #008080;\"><strong>Digitalizaci\u00f3n y nuevas tecnolog\u00edas<br \/>\n<\/strong><\/span><\/h4>\n<p>Infarma avanza en su<strong> digitalizaci\u00f3n<\/strong>. Es por eso que todos<strong> los p\u00f3sters ser\u00e1n expuestos en versi\u00f3n electr\u00f3nica<\/strong>. Adem\u00e1s, durante los tres d\u00edas del Congreso, #InfarmaInnova promover\u00e1 la necesidad de innovar aprovechando las oportunidades abiertas por las <strong>nuevas tecnolog\u00edas<\/strong> para generar <strong>nuevos modelos de negocio<\/strong> teniendo presentes los retos que plantea Internet.<\/p>\n<div class=\"box info\"><\/p>\n<h4><span style=\"color: #008080;\"><strong>Infarma, una de las 10 ferias que aporta mayor valor a los profesionales en Espa\u00f1a<\/strong><\/span><\/h4>\n<p>Uno\u00a0 <strong>ranking<\/strong> elaborado por el Instituto Coordenadas de Gobernanza y Econom\u00eda aplicada sit\u00faa en <strong>Infarma entre las diez ferias y eventos profesionales y comerciales de car\u00e1cter nacional m\u00e1s relevantes para los profesionales<\/strong>.<\/p>\n<p>En concreto, el Congreso y Sal\u00f3n Farmac\u00e9utico que organizan actualmente de forma conjunta los colegios oficiales de farmac\u00e9uticos de Madrid y Barcelona e Interalia figura en la <strong>sexta posici\u00f3n<\/strong> de esta clasificaci\u00f3n que incluye ferias tan consolidadas y de tanta proyecci\u00f3n internacional como Mobile World Congress, Fitur, Alimentaria o Arco, entre otros.<\/p>\n<p><strong>Programa completo de Infarma 2018 disponible <a href=\"http:\/\/www.infarma.es\/infarma2018\/es\/PublicDocs\/GetFile\/programainfarma18\" target=\"_blank\" rel=\"noopener\">aqu\u00ed<\/a>.<\/strong><\/p>\n<p><\/div>\n<p><strong>Otras publicaciones de inter\u00e9s:<\/strong><\/p>\n<ul>\n<li><a title=\"Link permanente a Infarma 2018: Anunciado el preprograma y la conferencia inaugural\" href=\"https:\/\/blog.cofb.cat\/infarma-2018-pre-programa-i-conferencia-inaugural\/\" target=\"_blank\" rel=\"bookmark noopener\">Infarma Madrid 2018: Anunciado el preprograma y la conferencia inaugural (Enero 2018)<\/a><\/li>\n<li><a href=\"https:\/\/blog.cofb.cat\/infarma-aules-dactualitat-professional-farmaidearium\/\" target=\"_blank\" rel=\"noopener\">Infarma: Aulas de Actualidad Profesional y #Farmaidearium (Marzo 2017)<\/a><\/li>\n<li><a href=\"https:\/\/blog.cofb.cat\/infarma-solidari-farmaidearium-compromis-social-xarxes-socials\/\" target=\"_blank\" rel=\"noopener\">Infarma Solidario y #Farmaidearium: compromiso y redes sociales (Marzo 2017)<\/a><\/li>\n<li><a href=\"https:\/\/blog.cofb.cat\/infarma-tanca-les-seves-portes-amb-la-mirada-posada-en-el-pacient-objectiu-comu-del-sector-farmaceutic\/\" target=\"_blank\" rel=\"noopener\">Infarma cierra sus puertas con la \u201cmirada puesta en el paciente, objetivo com\u00fan del sector farmac\u00e9utico\u201d (Marzo 2017)<\/a><\/li>\n<li><a href=\"https:\/\/blog.cofb.cat\/infarma-barcelona-pre-programa-conferencia-inaugural\/\" target=\"_blank\" rel=\"noopener\">Infarma Barcelona: pre-programa y conferencia inaugural (Febrero 2017)<\/a><\/li>\n<li><a href=\"https:\/\/blog.cofb.cat\/infarma-barcelona-2017-quins-temes-es-tractaran\/\" target=\"_blank\" rel=\"noopener\">Infarma Barcelona 2017: \u00bfqu\u00e9 temas se tratar\u00e1n? (Febrero 2017)<\/a><\/li>\n<\/ul>","protected":false},"excerpt":{"rendered":"<p>Ya queda menos por la celebraci\u00f3n de Infarma Madrid 2018, que este a\u00f1o contar\u00e1 con casi 3.000 congresistas, m\u00e1s de 100 ponentes y 50 actividades. Algunas de las citas imprescindibles del Congreso y Sal\u00f3n Europeo de Oficina de Farmacia -que se celebrar\u00e1 del 13 al 15 de marzo en el recinto ferial de IFEMA [\u2026]<\/p>","protected":false},"author":1,"featured_media":37361,"comment_status":"open","ping_status":"open","sticky":false,"template":"","format":"standard","meta":{"_uag_custom_page_level_css":"","site-sidebar-layout":"default","site-content-layout":"","ast-site-content-layout":"default","site-content-style":"default","site-sidebar-style":"default","ast-global-header-display":"","ast-banner-title-visibility":"","ast-main-header-display":"","ast-hfb-above-header-display":"","ast-hfb-below-header-display":"","ast-hfb-mobile-header-display":"","site-post-title":"","ast-breadcrumbs-content":"","ast-featured-img":"disabled","footer-sml-layout":"","theme-transparent-header-meta":"","adv-header-id-meta":"","stick-header-meta":"","header-above-stick-meta":"","header-main-stick-meta":"","header-below-stick-meta":"","astra-migrate-meta-layouts":"default","ast-page-background-enabled":"default","ast-page-background-meta":{"desktop":{"background-color":"var(--ast-global-color-4)","background-image":"","background-repeat":"repeat","background-position":"center center","background-size":"auto","background-attachment":"scroll","background-type":"","background-media":"","overlay-type":"","overlay-color":"","overlay-opacity":"","overlay-gradient":""},"tablet":{"background-color":"","background-image":"","background-repeat":"repeat","background-position":"center center","background-size":"auto","background-attachment":"scroll","background-type":"","background-media":"","overlay-type":"","overlay-color":"","overlay-opacity":"","overlay-gradient":""},"mobile":{"background-color":"","background-image":"","background-repeat":"repeat","background-position":"center center","background-size":"auto","background-attachment":"scroll","background-type":"","background-media":"","overlay-type":"","overlay-color":"","overlay-opacity":"","overlay-gradient":""}},"ast-content-background-meta":{"desktop":{"background-color":"var(--ast-global-color-5)","background-image":"","background-repeat":"repeat","background-position":"center center","background-size":"auto","background-attachment":"scroll","background-type":"","background-media":"","overlay-type":"","overlay-color":"","overlay-opacity":"","overlay-gradient":""},"tablet":{"background-color":"var(--ast-global-color-5)","background-image":"","background-repeat":"repeat","background-position":"center center","background-size":"auto","background-attachment":"scroll","background-type":"","background-media":"","overlay-type":"","overlay-color":"","overlay-opacity":"","overlay-gradient":""},"mobile":{"background-color":"var(--ast-global-color-5)","background-image":"","background-repeat":"repeat","background-position":"center center","background-size":"auto","background-attachment":"scroll","background-type":"","background-media":"","overlay-type":"","overlay-color":"","overlay-opacity":"","overlay-gradient":""}},"footnotes":""},"categories":[23,2165],"tags":[18,110,19,111,25,28,2890,164,575,2317,509,196],"class_list":["post-37283","post","type-post","status-publish","format-standard","has-post-thumbnail","hentry","category-destacats","category-infarma","tag-cofb","tag-cofm","tag-collegi-de-farmaceutics-de-barcelona","tag-congres","tag-farmacies","tag-infarma","tag-infarma-madrid-2018","tag-infarma-solidari","tag-innovacio","tag-parafarmacia","tag-salo","tag-sector-farmaceutic"],"yoast_head":"<!-- This site is optimized with the Yoast SEO plugin v22.4 - https:\/\/yoast.com\/wordpress\/plugins\/seo\/ -->\n<title>Infarma 2018: Cites imprescindibles i novetats - Col\u00b7legi de Farmac\u00e8utics de Barcelona<\/title>\n<meta name=\"description\" content=\"Ja falta menys per la celebraci\u00f3 d&#039;Infarma Madrid 2018, que aquest any comptar\u00e0 amb gaireb\u00e9 3.000 congressistes, m\u00e9s de 100 ponents i 50 activitats.\" \/>\n<meta name=\"robots\" content=\"index, follow, max-snippet:-1, max-image-preview:large, max-video-preview:-1\" \/>\n<link rel=\"canonical\" href=\"https:\/\/www.cofb.org\/es\/2018\/02\/27\/infarma-2018-cites-imprescindibles-novetats\/\" \/>\n<meta property=\"og:locale\" content=\"es_ES\" \/>\n<meta property=\"og:type\" content=\"article\" \/>\n<meta property=\"og:title\" content=\"Infarma 2018: Cites imprescindibles i novetats - Col\u00b7legi de Farmac\u00e8utics de Barcelona\" \/>\n<meta property=\"og:description\" content=\"Ja falta menys per la celebraci\u00f3 d&#039;Infarma Madrid 2018, que aquest any comptar\u00e0 amb gaireb\u00e9 3.000 congressistes, m\u00e9s de 100 ponents i 50 activitats.\" \/>\n<meta property=\"og:url\" content=\"https:\/\/www.cofb.org\/es\/2018\/02\/27\/infarma-2018-cites-imprescindibles-novetats\/\" \/>\n<meta property=\"og:site_name\" content=\"Col\u00b7legi de Farmac\u00e8utics de Barcelona\" \/>\n<meta property=\"article:publisher\" content=\"https:\/\/www.facebook.com\/farmaceuticsbcn\/\" \/>\n<meta property=\"article:published_time\" content=\"2018-02-27T16:46:50+00:00\" \/>\n<meta name=\"author\" content=\"wpAdminCofbOrg\" \/>\n<meta name=\"twitter:card\" content=\"summary_large_image\" \/>\n<meta name=\"twitter:creator\" content=\"@farmaceuticsbcn\" \/>\n<meta name=\"twitter:site\" content=\"@farmaceuticsbcn\" \/>\n<meta name=\"twitter:label1\" content=\"Escrito por\" \/>\n\t<meta name=\"twitter:data1\" content=\"wpAdminCofbOrg\" \/>\n\t<meta name=\"twitter:label2\" content=\"Tiempo de lectura\" \/>\n\t<meta name=\"twitter:data2\" content=\"5 minutos\" \/>\n<script type=\"application\/ld+json\" class=\"yoast-schema-graph\">{\"@context\":\"https:\/\/schema.org\",\"@graph\":[{\"@type\":\"Article\",\"@id\":\"https:\/\/www.cofb.org\/2018\/02\/27\/infarma-2018-cites-imprescindibles-novetats\/#article\",\"isPartOf\":{\"@id\":\"https:\/\/www.cofb.org\/2018\/02\/27\/infarma-2018-cites-imprescindibles-novetats\/\"},\"author\":{\"name\":\"wpAdminCofbOrg\",\"@id\":\"https:\/\/www.cofb.org\/#\/schema\/person\/22ed7eea88da74b0fa4d3154ad87ffcb\"},\"headline\":\"Infarma 2018: Cites imprescindibles i novetats\",\"datePublished\":\"2018-02-27T16:46:50+00:00\",\"dateModified\":\"2018-02-27T16:46:50+00:00\",\"mainEntityOfPage\":{\"@id\":\"https:\/\/www.cofb.org\/2018\/02\/27\/infarma-2018-cites-imprescindibles-novetats\/\"},\"wordCount\":1016,\"commentCount\":0,\"publisher\":{\"@id\":\"https:\/\/www.cofb.org\/#organization\"},\"image\":{\"@id\":\"https:\/\/www.cofb.org\/2018\/02\/27\/infarma-2018-cites-imprescindibles-novetats\/#primaryimage\"},\"thumbnailUrl\":\"\",\"keywords\":[\"COFB\",\"COFM\",\"Col\u00b7legi de Farmac\u00e8utics de Barcelona\",\"Congr\u00e8s\",\"farm\u00e0cies\",\"Infarma\",\"Infarma Madrid 2018\",\"Infarma Solidari\",\"innovaci\u00f3\",\"parafarm\u00e0cia\",\"Sal\u00f3\",\"sector farmac\u00e8utic\"],\"articleSection\":[\"Destacats\",\"Infarma\"],\"inLanguage\":\"es\",\"potentialAction\":[{\"@type\":\"CommentAction\",\"name\":\"Comment\",\"target\":[\"https:\/\/www.cofb.org\/2018\/02\/27\/infarma-2018-cites-imprescindibles-novetats\/#respond\"]}]},{\"@type\":\"WebPage\",\"@id\":\"https:\/\/www.cofb.org\/2018\/02\/27\/infarma-2018-cites-imprescindibles-novetats\/\",\"url\":\"https:\/\/www.cofb.org\/2018\/02\/27\/infarma-2018-cites-imprescindibles-novetats\/\",\"name\":\"Infarma 2018: Cites imprescindibles i novetats - Col\u00b7legi de Farmac\u00e8utics de Barcelona\",\"isPartOf\":{\"@id\":\"https:\/\/www.cofb.org\/#website\"},\"primaryImageOfPage\":{\"@id\":\"https:\/\/www.cofb.org\/2018\/02\/27\/infarma-2018-cites-imprescindibles-novetats\/#primaryimage\"},\"image\":{\"@id\":\"https:\/\/www.cofb.org\/2018\/02\/27\/infarma-2018-cites-imprescindibles-novetats\/#primaryimage\"},\"thumbnailUrl\":\"\",\"datePublished\":\"2018-02-27T16:46:50+00:00\",\"dateModified\":\"2018-02-27T16:46:50+00:00\",\"description\":\"Ja falta menys per la celebraci\u00f3 d'Infarma Madrid 2018, que aquest any comptar\u00e0 amb gaireb\u00e9 3.000 congressistes, m\u00e9s de 100 ponents i 50 activitats.\",\"breadcrumb\":{\"@id\":\"https:\/\/www.cofb.org\/2018\/02\/27\/infarma-2018-cites-imprescindibles-novetats\/#breadcrumb\"},\"inLanguage\":\"es\",\"potentialAction\":[{\"@type\":\"ReadAction\",\"target\":[\"https:\/\/www.cofb.org\/2018\/02\/27\/infarma-2018-cites-imprescindibles-novetats\/\"]}]},{\"@type\":\"ImageObject\",\"inLanguage\":\"es\",\"@id\":\"https:\/\/www.cofb.org\/2018\/02\/27\/infarma-2018-cites-imprescindibles-novetats\/#primaryimage\",\"url\":\"\",\"contentUrl\":\"\"},{\"@type\":\"BreadcrumbList\",\"@id\":\"https:\/\/www.cofb.org\/2018\/02\/27\/infarma-2018-cites-imprescindibles-novetats\/#breadcrumb\",\"itemListElement\":[{\"@type\":\"ListItem\",\"position\":1,\"name\":\"Inici\",\"item\":\"https:\/\/novaorg.cofb.net\/\"},{\"@type\":\"ListItem\",\"position\":2,\"name\":\"Infarma 2018: Cites imprescindibles i novetats\"}]},{\"@type\":\"WebSite\",\"@id\":\"https:\/\/www.cofb.org\/#website\",\"url\":\"https:\/\/www.cofb.org\/\",\"name\":\"Col\u00b7legi de Farmac\u00e8utics de Barcelona\",\"description\":\"\",\"publisher\":{\"@id\":\"https:\/\/www.cofb.org\/#organization\"},\"potentialAction\":[{\"@type\":\"SearchAction\",\"target\":{\"@type\":\"EntryPoint\",\"urlTemplate\":\"https:\/\/www.cofb.org\/?s={search_term_string}\"},\"query-input\":\"required name=search_term_string\"}],\"inLanguage\":\"es\"},{\"@type\":\"Organization\",\"@id\":\"https:\/\/www.cofb.org\/#organization\",\"name\":\"Col\u00b7legi de Farmac\u00e8utics de Barcelona\",\"url\":\"https:\/\/www.cofb.org\/\",\"logo\":{\"@type\":\"ImageObject\",\"inLanguage\":\"es\",\"@id\":\"https:\/\/www.cofb.org\/#\/schema\/logo\/image\/\",\"url\":\"https:\/\/www.cofb.org\/wp-content\/uploads\/2023\/11\/cropped-Logotip-COFB.png\",\"contentUrl\":\"https:\/\/www.cofb.org\/wp-content\/uploads\/2023\/11\/cropped-Logotip-COFB.png\",\"width\":500,\"height\":105,\"caption\":\"Col\u00b7legi de Farmac\u00e8utics de Barcelona\"},\"image\":{\"@id\":\"https:\/\/www.cofb.org\/#\/schema\/logo\/image\/\"},\"sameAs\":[\"https:\/\/www.facebook.com\/farmaceuticsbcn\/\",\"https:\/\/twitter.com\/farmaceuticsbcn\",\"https:\/\/www.instagram.com\/farmaceuticsbcn\/\",\"https:\/\/www.linkedin.com\/company\/farmaceuticsbcn\/\"]},{\"@type\":\"Person\",\"@id\":\"https:\/\/www.cofb.org\/#\/schema\/person\/22ed7eea88da74b0fa4d3154ad87ffcb\",\"name\":\"wpAdminCofbOrg\",\"image\":{\"@type\":\"ImageObject\",\"inLanguage\":\"es\",\"@id\":\"https:\/\/www.cofb.org\/#\/schema\/person\/image\/\",\"url\":\"https:\/\/secure.gravatar.com\/avatar\/1721b20b3b8ca882c3b56ec6c978c594fff670e40c0718e9190eaeeb76aae7d8?s=96&d=mm&r=g\",\"contentUrl\":\"https:\/\/secure.gravatar.com\/avatar\/1721b20b3b8ca882c3b56ec6c978c594fff670e40c0718e9190eaeeb76aae7d8?s=96&d=mm&r=g\",\"caption\":\"wpAdminCofbOrg\"},\"sameAs\":[\"http:\/\/192.168.64.122\/wordpress\"],\"url\":\"https:\/\/www.cofb.org\/es\/author\/wpadmincofborg\/\"}]}<\/script>\n<!-- \/ Yoast SEO plugin. -->","yoast_head_json":{"title":"Infarma 2018: Cites imprescindibles i novetats - Col\u00b7legi de Farmac\u00e8utics de Barcelona","description":"Ja falta menys per la celebraci\u00f3 d'Infarma Madrid 2018, que aquest any comptar\u00e0 amb gaireb\u00e9 3.000 congressistes, m\u00e9s de 100 ponents i 50 activitats.","robots":{"index":"index","follow":"follow","max-snippet":"max-snippet:-1","max-image-preview":"max-image-preview:large","max-video-preview":"max-video-preview:-1"},"canonical":"https:\/\/www.cofb.org\/es\/2018\/02\/27\/infarma-2018-cites-imprescindibles-novetats\/","og_locale":"es_ES","og_type":"article","og_title":"Infarma 2018: Cites imprescindibles i novetats - Col\u00b7legi de Farmac\u00e8utics de Barcelona","og_description":"Ja falta menys per la celebraci\u00f3 d'Infarma Madrid 2018, que aquest any comptar\u00e0 amb gaireb\u00e9 3.000 congressistes, m\u00e9s de 100 ponents i 50 activitats.","og_url":"https:\/\/www.cofb.org\/es\/2018\/02\/27\/infarma-2018-cites-imprescindibles-novetats\/","og_site_name":"Col\u00b7legi de Farmac\u00e8utics de Barcelona","article_publisher":"https:\/\/www.facebook.com\/farmaceuticsbcn\/","article_published_time":"2018-02-27T16:46:50+00:00","author":"wpAdminCofbOrg","twitter_card":"summary_large_image","twitter_creator":"@farmaceuticsbcn","twitter_site":"@farmaceuticsbcn","twitter_misc":{"Escrito por":"wpAdminCofbOrg","Tiempo de lectura":"5 minutos"},"schema":{"@context":"https:\/\/schema.org","@graph":[{"@type":"Article","@id":"https:\/\/www.cofb.org\/2018\/02\/27\/infarma-2018-cites-imprescindibles-novetats\/#article","isPartOf":{"@id":"https:\/\/www.cofb.org\/2018\/02\/27\/infarma-2018-cites-imprescindibles-novetats\/"},"author":{"name":"wpAdminCofbOrg","@id":"https:\/\/www.cofb.org\/#\/schema\/person\/22ed7eea88da74b0fa4d3154ad87ffcb"},"headline":"Infarma 2018: Cites imprescindibles i novetats","datePublished":"2018-02-27T16:46:50+00:00","dateModified":"2018-02-27T16:46:50+00:00","mainEntityOfPage":{"@id":"https:\/\/www.cofb.org\/2018\/02\/27\/infarma-2018-cites-imprescindibles-novetats\/"},"wordCount":1016,"commentCount":0,"publisher":{"@id":"https:\/\/www.cofb.org\/#organization"},"image":{"@id":"https:\/\/www.cofb.org\/2018\/02\/27\/infarma-2018-cites-imprescindibles-novetats\/#primaryimage"},"thumbnailUrl":"","keywords":["COFB","COFM","Col\u00b7legi de Farmac\u00e8utics de Barcelona","Congr\u00e8s","farm\u00e0cies","Infarma","Infarma Madrid 2018","Infarma Solidari","innovaci\u00f3","parafarm\u00e0cia","Sal\u00f3","sector farmac\u00e8utic"],"articleSection":["Destacats","Infarma"],"inLanguage":"es","potentialAction":[{"@type":"CommentAction","name":"Comment","target":["https:\/\/www.cofb.org\/2018\/02\/27\/infarma-2018-cites-imprescindibles-novetats\/#respond"]}]},{"@type":"WebPage","@id":"https:\/\/www.cofb.org\/2018\/02\/27\/infarma-2018-cites-imprescindibles-novetats\/","url":"https:\/\/www.cofb.org\/2018\/02\/27\/infarma-2018-cites-imprescindibles-novetats\/","name":"Infarma 2018: Cites imprescindibles i novetats - Col\u00b7legi de Farmac\u00e8utics de Barcelona","isPartOf":{"@id":"https:\/\/www.cofb.org\/#website"},"primaryImageOfPage":{"@id":"https:\/\/www.cofb.org\/2018\/02\/27\/infarma-2018-cites-imprescindibles-novetats\/#primaryimage"},"image":{"@id":"https:\/\/www.cofb.org\/2018\/02\/27\/infarma-2018-cites-imprescindibles-novetats\/#primaryimage"},"thumbnailUrl":"","datePublished":"2018-02-27T16:46:50+00:00","dateModified":"2018-02-27T16:46:50+00:00","description":"Ja falta menys per la celebraci\u00f3 d'Infarma Madrid 2018, que aquest any comptar\u00e0 amb gaireb\u00e9 3.000 congressistes, m\u00e9s de 100 ponents i 50 activitats.","breadcrumb":{"@id":"https:\/\/www.cofb.org\/2018\/02\/27\/infarma-2018-cites-imprescindibles-novetats\/#breadcrumb"},"inLanguage":"es","potentialAction":[{"@type":"ReadAction","target":["https:\/\/www.cofb.org\/2018\/02\/27\/infarma-2018-cites-imprescindibles-novetats\/"]}]},{"@type":"ImageObject","inLanguage":"es","@id":"https:\/\/www.cofb.org\/2018\/02\/27\/infarma-2018-cites-imprescindibles-novetats\/#primaryimage","url":"","contentUrl":""},{"@type":"BreadcrumbList","@id":"https:\/\/www.cofb.org\/2018\/02\/27\/infarma-2018-cites-imprescindibles-novetats\/#breadcrumb","itemListElement":[{"@type":"ListItem","position":1,"name":"Inici","item":"https:\/\/novaorg.cofb.net\/"},{"@type":"ListItem","position":2,"name":"Infarma 2018: Cites imprescindibles i novetats"}]},{"@type":"WebSite","@id":"https:\/\/www.cofb.org\/#website","url":"https:\/\/www.cofb.org\/","name":"Col\u00b7legi de Farmac\u00e8utics de Barcelona","description":"","publisher":{"@id":"https:\/\/www.cofb.org\/#organization"},"potentialAction":[{"@type":"SearchAction","target":{"@type":"EntryPoint","urlTemplate":"https:\/\/www.cofb.org\/?s={search_term_string}"},"query-input":"required name=search_term_string"}],"inLanguage":"es"},{"@type":"Organization","@id":"https:\/\/www.cofb.org\/#organization","name":"Col\u00b7legi de Farmac\u00e8utics de Barcelona","url":"https:\/\/www.cofb.org\/","logo":{"@type":"ImageObject","inLanguage":"es","@id":"https:\/\/www.cofb.org\/#\/schema\/logo\/image\/","url":"https:\/\/www.cofb.org\/wp-content\/uploads\/2023\/11\/cropped-Logotip-COFB.png","contentUrl":"https:\/\/www.cofb.org\/wp-content\/uploads\/2023\/11\/cropped-Logotip-COFB.png","width":500,"height":105,"caption":"Col\u00b7legi de Farmac\u00e8utics de Barcelona"},"image":{"@id":"https:\/\/www.cofb.org\/#\/schema\/logo\/image\/"},"sameAs":["https:\/\/www.facebook.com\/farmaceuticsbcn\/","https:\/\/twitter.com\/farmaceuticsbcn","https:\/\/www.instagram.com\/farmaceuticsbcn\/","https:\/\/www.linkedin.com\/company\/farmaceuticsbcn\/"]},{"@type":"Person","@id":"https:\/\/www.cofb.org\/#\/schema\/person\/22ed7eea88da74b0fa4d3154ad87ffcb","name":"wpAdminCofbOrg","image":{"@type":"ImageObject","inLanguage":"es","@id":"https:\/\/www.cofb.org\/#\/schema\/person\/image\/","url":"https:\/\/secure.gravatar.com\/avatar\/1721b20b3b8ca882c3b56ec6c978c594fff670e40c0718e9190eaeeb76aae7d8?s=96&d=mm&r=g","contentUrl":"https:\/\/secure.gravatar.com\/avatar\/1721b20b3b8ca882c3b56ec6c978c594fff670e40c0718e9190eaeeb76aae7d8?s=96&d=mm&r=g","caption":"wpAdminCofbOrg"},"sameAs":["http:\/\/192.168.64.122\/wordpress"],"url":"https:\/\/www.cofb.org\/es\/author\/wpadmincofborg\/"}]}},"uagb_featured_image_src":{"full":false,"thumbnail":false,"medium":false,"medium_large":false,"large":false,"1536x1536":false,"2048x2048":false,"trp-custom-language-flag":false},"uagb_author_info":{"display_name":"wpAdminCofbOrg","author_link":"https:\/\/www.cofb.org\/es\/author\/wpadmincofborg\/"},"uagb_comment_info":0,"uagb_excerpt":"Ja queda menys per la celebraci\u00f3 d&#8217;Infarma Madrid 2018, que aquest any comptar\u00e0 amb gaireb\u00e9 3.000 congressistes, m\u00e9s de 100 ponents i 50 activitats. Algunes de les cites imprescindibles del Congr\u00e9s i Sal\u00f3 Europeu d&#8217;Oficina de Farm\u00e0cia -que se celebrar\u00e0 del 13 al 15 de mar\u00e7 al recinte firal d&#8217;IFEMA [&hellip;]","_links":{"self":[{"href":"https:\/\/www.cofb.org\/es\/wp-json\/wp\/v2\/posts\/37283","targetHints":{"allow":["GET"]}}],"collection":[{"href":"https:\/\/www.cofb.org\/es\/wp-json\/wp\/v2\/posts"}],"about":[{"href":"https:\/\/www.cofb.org\/es\/wp-json\/wp\/v2\/types\/post"}],"author":[{"embeddable":true,"href":"https:\/\/www.cofb.org\/es\/wp-json\/wp\/v2\/users\/1"}],"replies":[{"embeddable":true,"href":"https:\/\/www.cofb.org\/es\/wp-json\/wp\/v2\/comments?post=37283"}],"version-history":[{"count":0,"href":"https:\/\/www.cofb.org\/es\/wp-json\/wp\/v2\/posts\/37283\/revisions"}],"wp:featuredmedia":[{"embeddable":true,"href":"https:\/\/www.cofb.org\/es\/wp-json\/"}],"wp:attachment":[{"href":"https:\/\/www.cofb.org\/es\/wp-json\/wp\/v2\/media?parent=37283"}],"wp:term":[{"taxonomy":"category","embeddable":true,"href":"https:\/\/www.cofb.org\/es\/wp-json\/wp\/v2\/categories?post=37283"},{"taxonomy":"post_tag","embeddable":true,"href":"https:\/\/www.cofb.org\/es\/wp-json\/wp\/v2\/tags?post=37283"}],"curies":[{"name":"wp","href":"https:\/\/api.w.org\/{rel}","templated":true}]}}