{"id":36826,"date":"2018-02-07T19:21:12","date_gmt":"2018-02-07T17:21:12","guid":{"rendered":"https:\/\/blog.cofb.cat\/?p=36826"},"modified":"2018-02-07T19:21:12","modified_gmt":"2018-02-07T17:21:12","slug":"registre-dades-nou-escenari-aportar-valor-farmacia","status":"publish","type":"post","link":"https:\/\/www.cofb.org\/es\/2018\/02\/07\/registre-dades-nou-escenari-aportar-valor-farmacia\/","title":{"rendered":"Registro de datos: un nuevo escenario para aportar valor desde la farmacia"},"content":{"rendered":"<p><strong>Art\u00edculo de Joan Calduch i Porta, tesorero del Colegio de Farmac\u00e9uticos de Barcelona y miembro del Consejo de Colegios de Farmac\u00e9uticos de Catalunya.<br \/>\n<\/strong><\/p>\n<div class=\"box shadow\"><\/p>\n<h4><strong><span style=\"color: #008080;\">\u201cEl reto de la digitalizaci\u00f3n integral en nuestra actividad es muy grande y s\u00f3lo puede abordarse de una manera eficaz si la aproximaci\u00f3n, inversi\u00f3n, despliegue y mantenimiento se afrontan de forma colectiva.\u201d<\/span><\/strong><\/h4>\n<p><\/div>\n<p>En un listado empresarial reciente, observ\u00e9 que <strong>las cinco mayores empresas no financieras del mundo<\/strong> por capitalizaci\u00f3n ten\u00edan un denominador com\u00fan: <strong>gestionaban datos de terceros y de forma masiva<\/strong>. \u00bfOs suenan Apple, Alphabet (Google), Microsoft, Amazon, o Facebook? Probablemente est\u00e1n infiltradas ya en los dispositivos m\u00f3viles. Curiosamente nada las relaciona con los puestos de mando de la econom\u00eda que se debat\u00edan durante gran parte del siglo XX.<\/p>\n<h4><span style=\"color: #008080;\"><strong><em>Nuevo paradigma<\/em><\/strong><\/span><\/h4>\n<p>Estamos, pues, frente a un <strong>nuevo paradigma donde la digitalizaci\u00f3n de toda actividad avanza y avanzar\u00e1 en un proceso constante de mejora de valor<\/strong>. Nadie podr\u00e1 tildarme de visionario.<br \/>\nAnte esta realidad presente y futura, los farmac\u00e9uticos <strong>debemos analizar nuestra propuesta de valor y ver c\u00f3mo la podemos potenciar en un mundo digital<\/strong>. Adaptarnos abre las puertas a potentes palancas de crecimiento profesional. Por tanto, es necesario que hagamos nuevos esfuerzos para que la profesi\u00f3n se adapte de forma plena y valiosa.<\/p>\n<p><a href=\"https:\/\/blog.cofb.cat\/wp-content\/uploads\/2018\/02\/ThinkstockPhotos-477248759.jpg\"><img fetchpriority=\"high\" decoding=\"async\" class=\"aligncenter wp-image-36829 size-full\" src=\"https:\/\/blog.cofb.cat\/wp-content\/uploads\/2018\/02\/ThinkstockPhotos-477248759.jpg\" alt=\"Registre de dades i empremta digital\" width=\"778\" height=\"519\" \/><\/a><\/p>\n<h4><\/h4>\n<h4><span style=\"color: #008080;\"><strong><em>Los farmac\u00e9uticos asistenciales del futuro tambi\u00e9n ser\u00e1n digitales<\/em><\/strong><\/span><\/h4>\n<p><strong>Actualmente<\/strong>, los modelos digitales de <strong>registro de datos implantados en nuestra actividad profesional son limitados<\/strong>. Se han centrado en una dispensaci\u00f3n digitalizada en busca de un \u00f3ptimo proceso de acceso a la medicaci\u00f3n, dispensaci\u00f3n facturaci\u00f3n, a trav\u00e9s de la red de la receta. Podr\u00edamos decir que, hasta ahora, hemos dedicado esfuerzos y recursos al optimizar la trastienda (el <em>back office<\/em>). Debemos felicitar y agradecer a todos aquellos que han dedicado esfuerzos a alcanzar este objetivo, ya que <strong>disponemos de una infraestructura tecnol\u00f3gica colectiva y de pa\u00eds, potente, estable y segura que nos permite plantear nuevas etapas <\/strong><strong>de desarrollo profesional<\/strong>. Sin este paso previo, bien dado en el caso de Catalunya, lo que ahora estamos planteando ser\u00eda imposible.<\/p>\n<p>Por suerte, la inquietud est\u00e1 presente entre los profesionales y <strong>algunas actuaciones ya se est\u00e1n digitalizando a trav\u00e9s de la estructura colegial<\/strong>. Son un buen ejemplo de ello <strong><a href=\"https:\/\/blog.cofb.cat\/dia-mundial-contra-el-cancer-de-colon-recte-xifres-de-la-prova-de-deteccio-precoc-amb-la-participacio-de-les-farmacies\/\" target=\"_blank\" rel=\"noopener\">Programa de Prevenci\u00f3n y Detecci\u00f3n Precoz del C\u00e1ncer de Colon y Recto<\/a>, el <a href=\"https:\/\/www.farmaceuticonline.com\/ca\/component\/content\/article\/20-varios\/664-programa-de-mantenimiento-con-metadona-pmm\" target=\"_blank\" rel=\"noopener\">Programa de Mantenimiento con Metadona<\/a>, la actividad de la <a href=\"https:\/\/blog.cofb.cat\/es-posa-en-marxa-la-xarxa-de-farmacies-sentinella-de-catalunya\/\" target=\"_blank\" rel=\"noopener\">red de farmacias centinela<\/a> o campa\u00f1as recientes como las de la <a href=\"https:\/\/blog.cofb.cat\/mes-de-2-000-persones-ja-han-anat-les-farmacies-per-prevenir-detectar-els-riscos-de-patir-un-cancer-de-pell\/\" target=\"_blank\" rel=\"noopener\">detecci\u00f3n precoz del c\u00e1ncer de piel<\/a> o <a href=\"https:\/\/blog.cofb.cat\/mes-de-700-farmaceutics-de-barcelona-ajudaran-detectar-el-risc-de-patir-diabetis-la-campanya-atenciodiabetis\/\" target=\"_blank\" rel=\"noopener\">diabetes<\/a><\/strong>. Los resultados son muy positivos. Pero a\u00fan lo ser\u00e1n m\u00e1s cuando resuelvamos el reto de trabajar en <strong>una base de datos relacional y \u00fanica donde trasladar todas las actuaciones profesionales<\/strong> y donde el paciente pueda acceder tambi\u00e9n a toda la informaci\u00f3n relacionada con su salud.<\/p>\n<p>&nbsp;<\/p>\n<figure id=\"attachment_36844\" aria-describedby=\"caption-attachment-36844\" style=\"width: 790px\" class=\"wp-caption aligncenter\"><a href=\"https:\/\/blog.cofb.cat\/wp-content\/uploads\/2018\/02\/Joan-Calduch.jpg\"><img decoding=\"async\" class=\"size-full wp-image-36844\" src=\"https:\/\/blog.cofb.cat\/wp-content\/uploads\/2018\/02\/Joan-Calduch.jpg\" alt=\"El vocal del COFB i membre del CCFC, Joan Calduch, en un acte recent al COFB.\" width=\"790\" height=\"564\" \/><\/a><figcaption id=\"caption-attachment-36844\" class=\"wp-caption-text\">El vocal del COFB y miembro del CCFC, Joan Calduch, en un acto reciente en el COFB.<\/figcaption><\/figure>\n<p><strong>El reto de la digitalizaci\u00f3n integral en nuestra actividad es muy grande <\/strong>y s\u00f3lo puede abordarse de forma eficaz si la aproximaci\u00f3n, inversi\u00f3n, despliegue y mantenimiento se afrontan de forma colectiva. <strong>Los farmac\u00e9uticos, de forma aislada, poco podremos aportar en el entorno digital lleno de costosos y pesados requisitos t\u00e9cnicos y legales.<\/strong><\/p>\n<p>Es muy deseable que, tanto las instituciones colegiales, como aquellas con voluntad real de impulsar la actuaci\u00f3n profesional farmac\u00e9utica y por tanto nuestro sistema de salud, nos coordinamos, cooperamos y encontramos soluciones a la transferencia de conocimiento entre nosotros, dado que el proyecto es muy ambicioso y requerir\u00e1 cuantiosos recursos y consenso. <strong>La gesti\u00f3n sin\u00e9rgica, aunque compleja, es necesaria y debe ser bienvenida por todos. <\/strong><\/p>\n<h4><span style=\"color: #008080;\"><strong><em>El reto de digitalizar el mostrador de la farmacia<\/em><\/strong><\/span><\/h4>\n<p>Tambi\u00e9n debemos ser conscientes de que la humanidad es novela gestionando datos de los propios humanos de forma masiva. <strong>Es necesario un dec\u00e1logo profesional que defina el planteamiento de los farmac\u00e9uticos en el entorno de los datos de una forma clara y p\u00fablica<\/strong>, m\u00e1s all\u00e1 de las exigencias legales al respecto. Un dec\u00e1logo <strong>que sit\u00fae a la persona en el centro de los beneficios<\/strong> obtenidos <strong>y en el<\/strong> <strong>farmac\u00e9utico en uno de los profesionales sanitarios de referencia<\/strong>.<\/p>\n<p>En un futuro inmediato, <strong>el Colegio, conjuntamente con el Consell, asumen el reto de digitalizar \u201cel mostrador<\/strong>\u201d<strong>, que se traduce en trabajar para un registro de datos de la actuaci\u00f3n profesional<\/strong> que nos permita seguir avanzando en los servicios que ofrecemos y podemos ofrecer a los pacientes y al sistema de salud.<\/p>\n<p><strong>La decisi\u00f3n de trabajar en esta l\u00ednea es firme y, si perseveramos, alcanzaremos grandes metas para la profesi\u00f3n y para el pa\u00eds.<\/strong><\/p>\n<p>&nbsp;<\/p>","protected":false},"excerpt":{"rendered":"<p>Art\u00edculo de Joan Calduch i Porta, tesorero del Colegio de Farmac\u00e9uticos de Barcelona y miembro del Consejo de Colegios de Farmac\u00e9uticos de Catalunya. En un listado empresarial reciente, observ\u00e9 que las cinco mayores empresas no financieras del mundo por capitalizaci\u00f3n ten\u00edan un denominador com\u00fan: gestionaban datos de terceros [\u2026]<\/p>","protected":false},"author":1,"featured_media":36829,"comment_status":"open","ping_status":"open","sticky":false,"template":"","format":"standard","meta":{"_uag_custom_page_level_css":"","site-sidebar-layout":"default","site-content-layout":"","ast-site-content-layout":"default","site-content-style":"default","site-sidebar-style":"default","ast-global-header-display":"","ast-banner-title-visibility":"","ast-main-header-display":"","ast-hfb-above-header-display":"","ast-hfb-below-header-display":"","ast-hfb-mobile-header-display":"","site-post-title":"","ast-breadcrumbs-content":"","ast-featured-img":"disabled","footer-sml-layout":"","theme-transparent-header-meta":"","adv-header-id-meta":"","stick-header-meta":"","header-above-stick-meta":"","header-main-stick-meta":"","header-below-stick-meta":"","astra-migrate-meta-layouts":"default","ast-page-background-enabled":"default","ast-page-background-meta":{"desktop":{"background-color":"var(--ast-global-color-4)","background-image":"","background-repeat":"repeat","background-position":"center center","background-size":"auto","background-attachment":"scroll","background-type":"","background-media":"","overlay-type":"","overlay-color":"","overlay-opacity":"","overlay-gradient":""},"tablet":{"background-color":"","background-image":"","background-repeat":"repeat","background-position":"center center","background-size":"auto","background-attachment":"scroll","background-type":"","background-media":"","overlay-type":"","overlay-color":"","overlay-opacity":"","overlay-gradient":""},"mobile":{"background-color":"","background-image":"","background-repeat":"repeat","background-position":"center center","background-size":"auto","background-attachment":"scroll","background-type":"","background-media":"","overlay-type":"","overlay-color":"","overlay-opacity":"","overlay-gradient":""}},"ast-content-background-meta":{"desktop":{"background-color":"var(--ast-global-color-5)","background-image":"","background-repeat":"repeat","background-position":"center center","background-size":"auto","background-attachment":"scroll","background-type":"","background-media":"","overlay-type":"","overlay-color":"","overlay-opacity":"","overlay-gradient":""},"tablet":{"background-color":"var(--ast-global-color-5)","background-image":"","background-repeat":"repeat","background-position":"center center","background-size":"auto","background-attachment":"scroll","background-type":"","background-media":"","overlay-type":"","overlay-color":"","overlay-opacity":"","overlay-gradient":""},"mobile":{"background-color":"var(--ast-global-color-5)","background-image":"","background-repeat":"repeat","background-position":"center center","background-size":"auto","background-attachment":"scroll","background-type":"","background-media":"","overlay-type":"","overlay-color":"","overlay-opacity":"","overlay-gradient":""}},"footnotes":""},"categories":[23,489],"tags":[64,2435,18,19,2407,112,579,53,68,69,480,54,853,676,2328,2958,2959,2964,117,510],"class_list":["post-36826","post","type-post","status-publish","format-standard","has-post-thumbnail","hentry","category-destacats","category-opinions-del-collegi","tag-atencio-farmaceutica","tag-base-de-dades","tag-cofb","tag-collegi-de-farmaceutics-de-barcelona","tag-conseller-de-salut","tag-digitalitzacio","tag-eines-digitals","tag-farmaceutics","tag-farmacia","tag-farmacia-comunitaria","tag-farmacia-hospitalaria","tag-farmacs","tag-futur","tag-mon-collegial","tag-noves-tecnologies","tag-propostes","tag-reflexions","tag-registre-de-dades","tag-salut","tag-sanitat"],"yoast_head":"<!-- This site is optimized with the Yoast SEO plugin v22.4 - https:\/\/yoast.com\/wordpress\/plugins\/seo\/ -->\n<title>Registre de dades: un nou escenari per aportar valor des de la farm\u00e0cia - Col\u00b7legi de Farmac\u00e8utics de Barcelona<\/title>\n<meta name=\"robots\" content=\"index, follow, max-snippet:-1, max-image-preview:large, max-video-preview:-1\" \/>\n<link rel=\"canonical\" href=\"https:\/\/novaorg.cofb.net\/2018\/02\/07\/registre-dades-nou-escenari-aportar-valor-farmacia\/\" \/>\n<meta property=\"og:locale\" content=\"es_ES\" \/>\n<meta property=\"og:type\" content=\"article\" \/>\n<meta property=\"og:title\" content=\"Registre de dades: un nou escenari per aportar valor des de la farm\u00e0cia - Col\u00b7legi de Farmac\u00e8utics de Barcelona\" \/>\n<meta property=\"og:description\" content=\"Article de Joan Calduch i Porta, tresorer del Col\u00b7legi de Farmac\u00e8utics de Barcelona i membre del Consell de Col\u00b7legis de Farmac\u00e8utics de Catalunya. En un llistat empresarial recent, vaig observar que les cinc empreses no financeres m\u00e9s grans del m\u00f3n per capitalitzaci\u00f3 tenien un denominador com\u00fa: gestionaven dades de tercers [&hellip;]\" \/>\n<meta property=\"og:url\" content=\"https:\/\/novaorg.cofb.net\/2018\/02\/07\/registre-dades-nou-escenari-aportar-valor-farmacia\/\" \/>\n<meta property=\"og:site_name\" content=\"Col\u00b7legi de Farmac\u00e8utics de Barcelona\" \/>\n<meta property=\"article:publisher\" content=\"https:\/\/www.facebook.com\/farmaceuticsbcn\/\" \/>\n<meta property=\"article:published_time\" content=\"2018-02-07T17:21:12+00:00\" \/>\n<meta name=\"author\" content=\"wpAdminCofbOrg\" \/>\n<meta name=\"twitter:card\" content=\"summary_large_image\" \/>\n<meta name=\"twitter:creator\" content=\"@farmaceuticsbcn\" \/>\n<meta name=\"twitter:site\" content=\"@farmaceuticsbcn\" \/>\n<meta name=\"twitter:label1\" content=\"Escrito por\" \/>\n\t<meta name=\"twitter:data1\" content=\"wpAdminCofbOrg\" \/>\n\t<meta name=\"twitter:label2\" content=\"Tiempo de lectura\" \/>\n\t<meta name=\"twitter:data2\" content=\"4 minutos\" \/>\n<script type=\"application\/ld+json\" class=\"yoast-schema-graph\">{\"@context\":\"https:\/\/schema.org\",\"@graph\":[{\"@type\":\"Article\",\"@id\":\"https:\/\/novaorg.cofb.net\/2018\/02\/07\/registre-dades-nou-escenari-aportar-valor-farmacia\/#article\",\"isPartOf\":{\"@id\":\"https:\/\/novaorg.cofb.net\/2018\/02\/07\/registre-dades-nou-escenari-aportar-valor-farmacia\/\"},\"author\":{\"name\":\"wpAdminCofbOrg\",\"@id\":\"https:\/\/www.cofb.org\/#\/schema\/person\/22ed7eea88da74b0fa4d3154ad87ffcb\"},\"headline\":\"Registre de dades: un nou escenari per aportar valor des de la farm\u00e0cia\",\"datePublished\":\"2018-02-07T17:21:12+00:00\",\"dateModified\":\"2018-02-07T17:21:12+00:00\",\"mainEntityOfPage\":{\"@id\":\"https:\/\/novaorg.cofb.net\/2018\/02\/07\/registre-dades-nou-escenari-aportar-valor-farmacia\/\"},\"wordCount\":839,\"commentCount\":0,\"publisher\":{\"@id\":\"https:\/\/www.cofb.org\/#organization\"},\"image\":{\"@id\":\"https:\/\/novaorg.cofb.net\/2018\/02\/07\/registre-dades-nou-escenari-aportar-valor-farmacia\/#primaryimage\"},\"thumbnailUrl\":\"\",\"keywords\":[\"Atenci\u00f3 farmac\u00e8utica\",\"base de dades\",\"COFB\",\"Col\u00b7legi de Farmac\u00e8utics de Barcelona\",\"conseller de salut\",\"Digitalitzaci\u00f3\",\"eines digitals\",\"farmac\u00e8utics\",\"Farm\u00e0cia\",\"farm\u00e0cia comunit\u00e0ria\",\"farm\u00e0cia hospital\u00e0ria\",\"f\u00e0rmacs\",\"futur\",\"m\u00f3n col\u00b7legial\",\"noves tecnologies\",\"propostes\",\"reflexions\",\"Registre de dades\",\"salut\",\"sanitat\"],\"articleSection\":[\"Destacats\",\"Opinions del Col\u00b7legi\"],\"inLanguage\":\"es\",\"potentialAction\":[{\"@type\":\"CommentAction\",\"name\":\"Comment\",\"target\":[\"https:\/\/novaorg.cofb.net\/2018\/02\/07\/registre-dades-nou-escenari-aportar-valor-farmacia\/#respond\"]}]},{\"@type\":\"WebPage\",\"@id\":\"https:\/\/novaorg.cofb.net\/2018\/02\/07\/registre-dades-nou-escenari-aportar-valor-farmacia\/\",\"url\":\"https:\/\/novaorg.cofb.net\/2018\/02\/07\/registre-dades-nou-escenari-aportar-valor-farmacia\/\",\"name\":\"Registre de dades: un nou escenari per aportar valor des de la farm\u00e0cia - Col\u00b7legi de Farmac\u00e8utics de Barcelona\",\"isPartOf\":{\"@id\":\"https:\/\/www.cofb.org\/#website\"},\"primaryImageOfPage\":{\"@id\":\"https:\/\/novaorg.cofb.net\/2018\/02\/07\/registre-dades-nou-escenari-aportar-valor-farmacia\/#primaryimage\"},\"image\":{\"@id\":\"https:\/\/novaorg.cofb.net\/2018\/02\/07\/registre-dades-nou-escenari-aportar-valor-farmacia\/#primaryimage\"},\"thumbnailUrl\":\"\",\"datePublished\":\"2018-02-07T17:21:12+00:00\",\"dateModified\":\"2018-02-07T17:21:12+00:00\",\"breadcrumb\":{\"@id\":\"https:\/\/novaorg.cofb.net\/2018\/02\/07\/registre-dades-nou-escenari-aportar-valor-farmacia\/#breadcrumb\"},\"inLanguage\":\"es\",\"potentialAction\":[{\"@type\":\"ReadAction\",\"target\":[\"https:\/\/novaorg.cofb.net\/2018\/02\/07\/registre-dades-nou-escenari-aportar-valor-farmacia\/\"]}]},{\"@type\":\"ImageObject\",\"inLanguage\":\"es\",\"@id\":\"https:\/\/novaorg.cofb.net\/2018\/02\/07\/registre-dades-nou-escenari-aportar-valor-farmacia\/#primaryimage\",\"url\":\"\",\"contentUrl\":\"\"},{\"@type\":\"BreadcrumbList\",\"@id\":\"https:\/\/novaorg.cofb.net\/2018\/02\/07\/registre-dades-nou-escenari-aportar-valor-farmacia\/#breadcrumb\",\"itemListElement\":[{\"@type\":\"ListItem\",\"position\":1,\"name\":\"Inici\",\"item\":\"https:\/\/novaorg.cofb.net\/\"},{\"@type\":\"ListItem\",\"position\":2,\"name\":\"Registre de dades: un nou escenari per aportar valor des de la farm\u00e0cia\"}]},{\"@type\":\"WebSite\",\"@id\":\"https:\/\/www.cofb.org\/#website\",\"url\":\"https:\/\/www.cofb.org\/\",\"name\":\"Col\u00b7legi de Farmac\u00e8utics de Barcelona\",\"description\":\"\",\"publisher\":{\"@id\":\"https:\/\/www.cofb.org\/#organization\"},\"potentialAction\":[{\"@type\":\"SearchAction\",\"target\":{\"@type\":\"EntryPoint\",\"urlTemplate\":\"https:\/\/www.cofb.org\/?s={search_term_string}\"},\"query-input\":\"required name=search_term_string\"}],\"inLanguage\":\"es\"},{\"@type\":\"Organization\",\"@id\":\"https:\/\/www.cofb.org\/#organization\",\"name\":\"Col\u00b7legi de Farmac\u00e8utics de Barcelona\",\"url\":\"https:\/\/www.cofb.org\/\",\"logo\":{\"@type\":\"ImageObject\",\"inLanguage\":\"es\",\"@id\":\"https:\/\/www.cofb.org\/#\/schema\/logo\/image\/\",\"url\":\"https:\/\/www.cofb.org\/wp-content\/uploads\/2023\/11\/cropped-Logotip-COFB.png\",\"contentUrl\":\"https:\/\/www.cofb.org\/wp-content\/uploads\/2023\/11\/cropped-Logotip-COFB.png\",\"width\":500,\"height\":105,\"caption\":\"Col\u00b7legi de Farmac\u00e8utics de Barcelona\"},\"image\":{\"@id\":\"https:\/\/www.cofb.org\/#\/schema\/logo\/image\/\"},\"sameAs\":[\"https:\/\/www.facebook.com\/farmaceuticsbcn\/\",\"https:\/\/twitter.com\/farmaceuticsbcn\",\"https:\/\/www.instagram.com\/farmaceuticsbcn\/\",\"https:\/\/www.linkedin.com\/company\/farmaceuticsbcn\/\"]},{\"@type\":\"Person\",\"@id\":\"https:\/\/www.cofb.org\/#\/schema\/person\/22ed7eea88da74b0fa4d3154ad87ffcb\",\"name\":\"wpAdminCofbOrg\",\"image\":{\"@type\":\"ImageObject\",\"inLanguage\":\"es\",\"@id\":\"https:\/\/www.cofb.org\/#\/schema\/person\/image\/\",\"url\":\"https:\/\/secure.gravatar.com\/avatar\/1721b20b3b8ca882c3b56ec6c978c594fff670e40c0718e9190eaeeb76aae7d8?s=96&d=mm&r=g\",\"contentUrl\":\"https:\/\/secure.gravatar.com\/avatar\/1721b20b3b8ca882c3b56ec6c978c594fff670e40c0718e9190eaeeb76aae7d8?s=96&d=mm&r=g\",\"caption\":\"wpAdminCofbOrg\"},\"sameAs\":[\"http:\/\/192.168.64.122\/wordpress\"],\"url\":\"https:\/\/www.cofb.org\/es\/author\/wpadmincofborg\/\"}]}<\/script>\n<!-- \/ Yoast SEO plugin. -->","yoast_head_json":{"title":"Registre de dades: un nou escenari per aportar valor des de la farm\u00e0cia - Col\u00b7legi de Farmac\u00e8utics de Barcelona","robots":{"index":"index","follow":"follow","max-snippet":"max-snippet:-1","max-image-preview":"max-image-preview:large","max-video-preview":"max-video-preview:-1"},"canonical":"https:\/\/novaorg.cofb.net\/2018\/02\/07\/registre-dades-nou-escenari-aportar-valor-farmacia\/","og_locale":"es_ES","og_type":"article","og_title":"Registre de dades: un nou escenari per aportar valor des de la farm\u00e0cia - Col\u00b7legi de Farmac\u00e8utics de Barcelona","og_description":"Article de Joan Calduch i Porta, tresorer del Col\u00b7legi de Farmac\u00e8utics de Barcelona i membre del Consell de Col\u00b7legis de Farmac\u00e8utics de Catalunya. En un llistat empresarial recent, vaig observar que les cinc empreses no financeres m\u00e9s grans del m\u00f3n per capitalitzaci\u00f3 tenien un denominador com\u00fa: gestionaven dades de tercers [&hellip;]","og_url":"https:\/\/novaorg.cofb.net\/2018\/02\/07\/registre-dades-nou-escenari-aportar-valor-farmacia\/","og_site_name":"Col\u00b7legi de Farmac\u00e8utics de Barcelona","article_publisher":"https:\/\/www.facebook.com\/farmaceuticsbcn\/","article_published_time":"2018-02-07T17:21:12+00:00","author":"wpAdminCofbOrg","twitter_card":"summary_large_image","twitter_creator":"@farmaceuticsbcn","twitter_site":"@farmaceuticsbcn","twitter_misc":{"Escrito por":"wpAdminCofbOrg","Tiempo de lectura":"4 minutos"},"schema":{"@context":"https:\/\/schema.org","@graph":[{"@type":"Article","@id":"https:\/\/novaorg.cofb.net\/2018\/02\/07\/registre-dades-nou-escenari-aportar-valor-farmacia\/#article","isPartOf":{"@id":"https:\/\/novaorg.cofb.net\/2018\/02\/07\/registre-dades-nou-escenari-aportar-valor-farmacia\/"},"author":{"name":"wpAdminCofbOrg","@id":"https:\/\/www.cofb.org\/#\/schema\/person\/22ed7eea88da74b0fa4d3154ad87ffcb"},"headline":"Registre de dades: un nou escenari per aportar valor des de la farm\u00e0cia","datePublished":"2018-02-07T17:21:12+00:00","dateModified":"2018-02-07T17:21:12+00:00","mainEntityOfPage":{"@id":"https:\/\/novaorg.cofb.net\/2018\/02\/07\/registre-dades-nou-escenari-aportar-valor-farmacia\/"},"wordCount":839,"commentCount":0,"publisher":{"@id":"https:\/\/www.cofb.org\/#organization"},"image":{"@id":"https:\/\/novaorg.cofb.net\/2018\/02\/07\/registre-dades-nou-escenari-aportar-valor-farmacia\/#primaryimage"},"thumbnailUrl":"","keywords":["Atenci\u00f3 farmac\u00e8utica","base de dades","COFB","Col\u00b7legi de Farmac\u00e8utics de Barcelona","conseller de salut","Digitalitzaci\u00f3","eines digitals","farmac\u00e8utics","Farm\u00e0cia","farm\u00e0cia comunit\u00e0ria","farm\u00e0cia hospital\u00e0ria","f\u00e0rmacs","futur","m\u00f3n col\u00b7legial","noves tecnologies","propostes","reflexions","Registre de dades","salut","sanitat"],"articleSection":["Destacats","Opinions del Col\u00b7legi"],"inLanguage":"es","potentialAction":[{"@type":"CommentAction","name":"Comment","target":["https:\/\/novaorg.cofb.net\/2018\/02\/07\/registre-dades-nou-escenari-aportar-valor-farmacia\/#respond"]}]},{"@type":"WebPage","@id":"https:\/\/novaorg.cofb.net\/2018\/02\/07\/registre-dades-nou-escenari-aportar-valor-farmacia\/","url":"https:\/\/novaorg.cofb.net\/2018\/02\/07\/registre-dades-nou-escenari-aportar-valor-farmacia\/","name":"Registre de dades: un nou escenari per aportar valor des de la farm\u00e0cia - Col\u00b7legi de Farmac\u00e8utics de Barcelona","isPartOf":{"@id":"https:\/\/www.cofb.org\/#website"},"primaryImageOfPage":{"@id":"https:\/\/novaorg.cofb.net\/2018\/02\/07\/registre-dades-nou-escenari-aportar-valor-farmacia\/#primaryimage"},"image":{"@id":"https:\/\/novaorg.cofb.net\/2018\/02\/07\/registre-dades-nou-escenari-aportar-valor-farmacia\/#primaryimage"},"thumbnailUrl":"","datePublished":"2018-02-07T17:21:12+00:00","dateModified":"2018-02-07T17:21:12+00:00","breadcrumb":{"@id":"https:\/\/novaorg.cofb.net\/2018\/02\/07\/registre-dades-nou-escenari-aportar-valor-farmacia\/#breadcrumb"},"inLanguage":"es","potentialAction":[{"@type":"ReadAction","target":["https:\/\/novaorg.cofb.net\/2018\/02\/07\/registre-dades-nou-escenari-aportar-valor-farmacia\/"]}]},{"@type":"ImageObject","inLanguage":"es","@id":"https:\/\/novaorg.cofb.net\/2018\/02\/07\/registre-dades-nou-escenari-aportar-valor-farmacia\/#primaryimage","url":"","contentUrl":""},{"@type":"BreadcrumbList","@id":"https:\/\/novaorg.cofb.net\/2018\/02\/07\/registre-dades-nou-escenari-aportar-valor-farmacia\/#breadcrumb","itemListElement":[{"@type":"ListItem","position":1,"name":"Inici","item":"https:\/\/novaorg.cofb.net\/"},{"@type":"ListItem","position":2,"name":"Registre de dades: un nou escenari per aportar valor des de la farm\u00e0cia"}]},{"@type":"WebSite","@id":"https:\/\/www.cofb.org\/#website","url":"https:\/\/www.cofb.org\/","name":"Col\u00b7legi de Farmac\u00e8utics de Barcelona","description":"","publisher":{"@id":"https:\/\/www.cofb.org\/#organization"},"potentialAction":[{"@type":"SearchAction","target":{"@type":"EntryPoint","urlTemplate":"https:\/\/www.cofb.org\/?s={search_term_string}"},"query-input":"required name=search_term_string"}],"inLanguage":"es"},{"@type":"Organization","@id":"https:\/\/www.cofb.org\/#organization","name":"Col\u00b7legi de Farmac\u00e8utics de Barcelona","url":"https:\/\/www.cofb.org\/","logo":{"@type":"ImageObject","inLanguage":"es","@id":"https:\/\/www.cofb.org\/#\/schema\/logo\/image\/","url":"https:\/\/www.cofb.org\/wp-content\/uploads\/2023\/11\/cropped-Logotip-COFB.png","contentUrl":"https:\/\/www.cofb.org\/wp-content\/uploads\/2023\/11\/cropped-Logotip-COFB.png","width":500,"height":105,"caption":"Col\u00b7legi de Farmac\u00e8utics de Barcelona"},"image":{"@id":"https:\/\/www.cofb.org\/#\/schema\/logo\/image\/"},"sameAs":["https:\/\/www.facebook.com\/farmaceuticsbcn\/","https:\/\/twitter.com\/farmaceuticsbcn","https:\/\/www.instagram.com\/farmaceuticsbcn\/","https:\/\/www.linkedin.com\/company\/farmaceuticsbcn\/"]},{"@type":"Person","@id":"https:\/\/www.cofb.org\/#\/schema\/person\/22ed7eea88da74b0fa4d3154ad87ffcb","name":"wpAdminCofbOrg","image":{"@type":"ImageObject","inLanguage":"es","@id":"https:\/\/www.cofb.org\/#\/schema\/person\/image\/","url":"https:\/\/secure.gravatar.com\/avatar\/1721b20b3b8ca882c3b56ec6c978c594fff670e40c0718e9190eaeeb76aae7d8?s=96&d=mm&r=g","contentUrl":"https:\/\/secure.gravatar.com\/avatar\/1721b20b3b8ca882c3b56ec6c978c594fff670e40c0718e9190eaeeb76aae7d8?s=96&d=mm&r=g","caption":"wpAdminCofbOrg"},"sameAs":["http:\/\/192.168.64.122\/wordpress"],"url":"https:\/\/www.cofb.org\/es\/author\/wpadmincofborg\/"}]}},"uagb_featured_image_src":{"full":false,"thumbnail":false,"medium":false,"medium_large":false,"large":false,"1536x1536":false,"2048x2048":false,"trp-custom-language-flag":false},"uagb_author_info":{"display_name":"wpAdminCofbOrg","author_link":"https:\/\/www.cofb.org\/es\/author\/wpadmincofborg\/"},"uagb_comment_info":0,"uagb_excerpt":"Article de Joan Calduch i Porta, tresorer del Col\u00b7legi de Farmac\u00e8utics de Barcelona i membre del Consell de Col\u00b7legis de Farmac\u00e8utics de Catalunya. En un llistat empresarial recent, vaig observar que les cinc empreses no financeres m\u00e9s grans del m\u00f3n per capitalitzaci\u00f3 tenien un denominador com\u00fa: gestionaven dades de tercers [&hellip;]","_links":{"self":[{"href":"https:\/\/www.cofb.org\/es\/wp-json\/wp\/v2\/posts\/36826","targetHints":{"allow":["GET"]}}],"collection":[{"href":"https:\/\/www.cofb.org\/es\/wp-json\/wp\/v2\/posts"}],"about":[{"href":"https:\/\/www.cofb.org\/es\/wp-json\/wp\/v2\/types\/post"}],"author":[{"embeddable":true,"href":"https:\/\/www.cofb.org\/es\/wp-json\/wp\/v2\/users\/1"}],"replies":[{"embeddable":true,"href":"https:\/\/www.cofb.org\/es\/wp-json\/wp\/v2\/comments?post=36826"}],"version-history":[{"count":0,"href":"https:\/\/www.cofb.org\/es\/wp-json\/wp\/v2\/posts\/36826\/revisions"}],"wp:featuredmedia":[{"embeddable":true,"href":"https:\/\/www.cofb.org\/es\/wp-json\/"}],"wp:attachment":[{"href":"https:\/\/www.cofb.org\/es\/wp-json\/wp\/v2\/media?parent=36826"}],"wp:term":[{"taxonomy":"category","embeddable":true,"href":"https:\/\/www.cofb.org\/es\/wp-json\/wp\/v2\/categories?post=36826"},{"taxonomy":"post_tag","embeddable":true,"href":"https:\/\/www.cofb.org\/es\/wp-json\/wp\/v2\/tags?post=36826"}],"curies":[{"name":"wp","href":"https:\/\/api.w.org\/{rel}","templated":true}]}}