{"id":36666,"date":"2018-01-26T14:27:17","date_gmt":"2018-01-26T12:27:17","guid":{"rendered":"http:\/\/blog.cofb.cat\/?p=36666"},"modified":"2018-01-26T14:27:17","modified_gmt":"2018-01-26T12:27:17","slug":"moments-decisius-en-el-futur-de-la-professio","status":"publish","type":"post","link":"https:\/\/www.cofb.org\/es\/2018\/01\/26\/moments-decisius-en-el-futur-de-la-professio\/","title":{"rendered":"Momentos decisivos en el futuro de la profesi\u00f3n"},"content":{"rendered":"<p><strong>Art\u00edculo de Jordi de Dalmases, presidente del Colegio de Farmac\u00e9uticos de Barcelona y del Consejo de Colegios de Farmac\u00e9uticos de Catalunya.<br \/>\n<\/strong><br \/>\n<div class=\"box shadow\"><\/p>\n<h4><span style=\"color: #008080;\"><strong><em>&quot;La farmacia comunitaria tendr\u00e1 el reto de seguir siendo el mejor camino a elegir para la dispensaci\u00f3n de los f\u00e1rmacos, no s\u00f3lo por accesibilidad y profesionalidad, sino porque el motivo que nos ha llevado al desv\u00edo no ha sido sanitario sino econ\u00f3mico&quot;<\/em><\/strong><\/span><\/h4>\n<p><\/div><\/p>\n<p>Todos los que me conocen saben que siempre me ha apasionado el mundo de los trenes. Viajar en tren permite llenarse de im\u00e1genes de los diferentes territorios que se atraviesan. Cuando aparece un cruce de v\u00edas vemos como un peque\u00f1o cambio de unos grados en la direcci\u00f3n, al cabo de unos kil\u00f3metros, nos ha separado much\u00edsimo de la v\u00eda original.<\/p>\n<p>Este s\u00edmil lo podemos aplicar a aquellas <strong>cosas que nos pasan en nuestra profesi\u00f3n de forma silenciosa<\/strong>, casi imperceptible, <strong>pero que a largo plazo tienen efectos decisivos<\/strong>. <strong>Es el caso de lo que est\u00e1 sucediendo con los medicamentos hospitalarios de dispensaci\u00f3n ambulatoria (MHDA)<\/strong>, es decir, con aquellos medicamentos que van destinados a pacientes que viven en su casa, pero que se ven obligados a ir a recoger sus tratamientos a los servicios de farmacia hospitalaria debido a la desviaci\u00f3n de estos f\u00e1rmacos de la farmacia comunitaria.<\/p>\n<figure id=\"attachment_36684\" aria-describedby=\"caption-attachment-36684\" style=\"width: 1221px\" class=\"wp-caption aligncenter\"><a href=\"http:\/\/blog.cofb.cat\/wp-content\/uploads\/2018\/01\/Jordi-de-Dalmases-Presentaci\u00f3-COFB.jpg\"><img fetchpriority=\"high\" decoding=\"async\" class=\"wp-image-36684 size-full\" title=\"El presidente del Colegio de Farmac\u00e9uticos de Barcelona, Jordi De Dalmases, en un acto reciente en el COFB.\" src=\"http:\/\/blog.cofb.cat\/wp-content\/uploads\/2018\/01\/Jordi-de-Dalmases-Presentaci\u00f3-COFB.jpg\" alt=\"El president del Col\u00b7legi de Farmac\u00e8utics de Barcelona, Jordi De Dalmases, en un acte recent al COFB.\" width=\"1221\" height=\"751\" \/><\/a><figcaption id=\"caption-attachment-36684\" class=\"wp-caption-text\">El presidente del Colegio de Farmac\u00e9uticos de Barcelona, Jordi De Dalmases, en un acto reciente en el COFB.<\/figcaption><\/figure>\n<p>\u00bfA qu\u00e9 se debe? En este caso <strong>se han unido dos factores:<\/strong> <strong>la necesidad de tomar medidas econ\u00f3micas para reducir el coste de la prestaci\u00f3n farmac\u00e9utica en plena crisis<\/strong>, 2011\/2012, junto con el<strong>aparici\u00f3n de nuevos medicamentos de alt\u00edsimo coste<\/strong>. Poco a poco, como en el ejemplo del cruce de v\u00edas que describ\u00eda, ciertos medicamentos clasificados por la Agencia Espa\u00f1ola de Medicamentos y Productos Sanitarios (AEMPS) como de diagn\u00f3stico hospitalario \u2013prescripci\u00f3n por especialista\u2013 recibieron posteriormente el apellido complementario de \u00absin cup\u00f3n precinto\u00bb, limit\u00e1ndose, en la mayor parte de los casos por motivos econ\u00f3micos y de gesti\u00f3n, su dispensaci\u00f3n en servicios de farmacia hospitalaria.<\/p>\n<p>Progresivamente, las decisiones puntuales por motivos econ\u00f3micos han hecho que m\u00e1s y m\u00e1s novedades tomen el cruce de v\u00edas que separa estos medicamentos de la accesibilidad para el paciente que ofrece la farmacia comunitaria, con una red de m\u00e1s de 22.000 establecimientos sanitarios.<\/p>\n<p><strong>Los efectos despu\u00e9s de cinco a\u00f1os de tomar este camino se traducen en una subida de la facturaci\u00f3n anual de los MHDA dispensados a trav\u00e9s del hospital, equivalente a pr\u00e1cticamente la mitad de la facturaci\u00f3n de los medicamentos dispensados a trav\u00e9s de la farmacia comunitaria<\/strong>. Todo ello acompa\u00f1ado de un esfuerzo necesario para incrementar los recursos destinados a tal fin en los hospitales.<\/p>\n<p><strong>Llegados a este punto, es necesario tomar altura para ver hacia d\u00f3nde nos conducen estas dos v\u00edas<\/strong> <strong>y tomar decisiones para definir qu\u00e9 modelo de prestaci\u00f3n farmac\u00e9utica queremos para nuestra sociedad.<\/strong> Porque si tal volumen de f\u00e1rmacos se desv\u00eda de la red de farmacia comunitaria, adem\u00e1s de dejar escapar entre los dedos al futuro profesional, <strong>estamos poniendo en riesgo un preciado modelo que prima la accesibilidad para el paciente siempre que el tratamiento lo permita,<\/strong> acompa\u00f1ada de la atenci\u00f3n por parte de excelentes profesionales sanitarios. <strong>Respetando, por supuesto, la aportaci\u00f3n profesional que significa la intervenci\u00f3n de los profesionales farmac\u00e9uticos de hospital y de atenci\u00f3n primaria<\/strong> siempre que la utilizaci\u00f3n \u00f3ptima y segura de un f\u00e1rmaco lo requiera.<\/p>\n<p><strong>Ante los nuevos f\u00e1rmacos que aparecer\u00e1n en breve, la prestaci\u00f3n farmac\u00e9utica requerir\u00e1 la aportaci\u00f3n de los farmac\u00e9uticos que ejercen en los \u00e1mbitos comunitario, hospitalario y de atenci\u00f3n primaria.<\/strong><\/p>\n<p><strong>Y la farmacia comunitaria tendr\u00e1 el reto de seguir siendo el mejor camino a elegir para la dispensaci\u00f3n de los f\u00e1rmacos<\/strong>, <strong>no s\u00f3lo por accesibilidad y profesionalidad, sino porque el motivo que nos ha llevado al desv\u00edo no ha sido sanitario sino econ\u00f3mico<\/strong>, dejando en un segundo plano al paciente y poniendo en riesgo todo lo que la farmacia comunitaria podr\u00e1 ofrecerle en un futuro.<\/p>\n<div class=\"traductor-textarea form-group\">\n<div class=\"textarea-desti col-xs-12 col-sm-6\">\n<div class=\"form-control second-textarea\">\n<p><strong>Traducci\u00f3n del art\u00edculo publicado en <a href=\"http:\/\/www.elfarmaceutico.es\/index.php\/con-firma\/item\/8670-momentos-decisivos-en-el-futuro-de-la-profesion#.Wmr6VDRG0pu\" target=\"_blank\" rel=\"noopener\">El Farmac\u00e9utico<\/a>, 15\/12\/2017<\/strong><\/p>\n<\/div>\n<\/div>\n<\/div>","protected":false},"excerpt":{"rendered":"<p>Art\u00edculo de Jordi de Dalmases, presidente del Colegio de Farmac\u00e9uticos de Barcelona y del Consejo de Colegios de Farmac\u00e9uticos de Catalunya. Todos los que me conocen saben que siempre me ha apasionado el mundo de los trenes. Viajar en tren permite llenarse de im\u00e1genes de los diferentes territorios que se atraviesan. Cuando aparece un [\u2026]<\/p>","protected":false},"author":1,"featured_media":36684,"comment_status":"open","ping_status":"open","sticky":false,"template":"","format":"standard","meta":{"_uag_custom_page_level_css":"","site-sidebar-layout":"default","site-content-layout":"","ast-site-content-layout":"default","site-content-style":"default","site-sidebar-style":"default","ast-global-header-display":"","ast-banner-title-visibility":"","ast-main-header-display":"","ast-hfb-above-header-display":"","ast-hfb-below-header-display":"","ast-hfb-mobile-header-display":"","site-post-title":"","ast-breadcrumbs-content":"","ast-featured-img":"disabled","footer-sml-layout":"","theme-transparent-header-meta":"","adv-header-id-meta":"","stick-header-meta":"","header-above-stick-meta":"","header-main-stick-meta":"","header-below-stick-meta":"","astra-migrate-meta-layouts":"default","ast-page-background-enabled":"default","ast-page-background-meta":{"desktop":{"background-color":"var(--ast-global-color-4)","background-image":"","background-repeat":"repeat","background-position":"center center","background-size":"auto","background-attachment":"scroll","background-type":"","background-media":"","overlay-type":"","overlay-color":"","overlay-opacity":"","overlay-gradient":""},"tablet":{"background-color":"","background-image":"","background-repeat":"repeat","background-position":"center center","background-size":"auto","background-attachment":"scroll","background-type":"","background-media":"","overlay-type":"","overlay-color":"","overlay-opacity":"","overlay-gradient":""},"mobile":{"background-color":"","background-image":"","background-repeat":"repeat","background-position":"center center","background-size":"auto","background-attachment":"scroll","background-type":"","background-media":"","overlay-type":"","overlay-color":"","overlay-opacity":"","overlay-gradient":""}},"ast-content-background-meta":{"desktop":{"background-color":"var(--ast-global-color-5)","background-image":"","background-repeat":"repeat","background-position":"center center","background-size":"auto","background-attachment":"scroll","background-type":"","background-media":"","overlay-type":"","overlay-color":"","overlay-opacity":"","overlay-gradient":""},"tablet":{"background-color":"var(--ast-global-color-5)","background-image":"","background-repeat":"repeat","background-position":"center center","background-size":"auto","background-attachment":"scroll","background-type":"","background-media":"","overlay-type":"","overlay-color":"","overlay-opacity":"","overlay-gradient":""},"mobile":{"background-color":"var(--ast-global-color-5)","background-image":"","background-repeat":"repeat","background-position":"center center","background-size":"auto","background-attachment":"scroll","background-type":"","background-media":"","overlay-type":"","overlay-color":"","overlay-opacity":"","overlay-gradient":""}},"footnotes":""},"categories":[489],"tags":[398,64,938,18,19,2407,53,68,69,480,54,853,229,676,2958,2959,117,510],"class_list":["post-36666","post","type-post","status-publish","format-standard","has-post-thumbnail","hentry","category-opinions-del-collegi","tag-aemps","tag-atencio-farmaceutica","tag-atencio-primaria","tag-cofb","tag-collegi-de-farmaceutics-de-barcelona","tag-conseller-de-salut","tag-farmaceutics","tag-farmacia","tag-farmacia-comunitaria","tag-farmacia-hospitalaria","tag-farmacs","tag-futur","tag-mhda","tag-mon-collegial","tag-propostes","tag-reflexions","tag-salut","tag-sanitat"],"yoast_head":"<!-- This site is optimized with the Yoast SEO plugin v22.4 - https:\/\/yoast.com\/wordpress\/plugins\/seo\/ -->\n<title>Moments decisius en el futur de la professi\u00f3 - Col\u00b7legi de Farmac\u00e8utics de Barcelona<\/title>\n<meta name=\"description\" content=\"&quot;La farm\u00e0cia comunit\u00e0ria tindr\u00e0 el repte de seguir sent el millor cam\u00ed a triar per a la dispensaci\u00f3 dels f\u00e0rmacs, no nom\u00e9s per accessibilitat i professionalitat, sin\u00f3 perqu\u00e8 el motiu que ens ha portat al desviament no ha estat sanitari sin\u00f3 econ\u00f2mic&quot;\" \/>\n<meta name=\"robots\" content=\"index, follow, max-snippet:-1, max-image-preview:large, max-video-preview:-1\" \/>\n<link rel=\"canonical\" href=\"https:\/\/novaorg.cofb.net\/2018\/01\/26\/moments-decisius-en-el-futur-de-la-professio\/\" \/>\n<meta property=\"og:locale\" content=\"es_ES\" \/>\n<meta property=\"og:type\" content=\"article\" \/>\n<meta property=\"og:title\" content=\"Moments decisius en el futur de la professi\u00f3 - Col\u00b7legi de Farmac\u00e8utics de Barcelona\" \/>\n<meta property=\"og:description\" content=\"&quot;La farm\u00e0cia comunit\u00e0ria tindr\u00e0 el repte de seguir sent el millor cam\u00ed a triar per a la dispensaci\u00f3 dels f\u00e0rmacs, no nom\u00e9s per accessibilitat i professionalitat, sin\u00f3 perqu\u00e8 el motiu que ens ha portat al desviament no ha estat sanitari sin\u00f3 econ\u00f2mic&quot;\" \/>\n<meta property=\"og:url\" content=\"https:\/\/novaorg.cofb.net\/2018\/01\/26\/moments-decisius-en-el-futur-de-la-professio\/\" \/>\n<meta property=\"og:site_name\" content=\"Col\u00b7legi de Farmac\u00e8utics de Barcelona\" \/>\n<meta property=\"article:publisher\" content=\"https:\/\/www.facebook.com\/farmaceuticsbcn\/\" \/>\n<meta property=\"article:published_time\" content=\"2018-01-26T12:27:17+00:00\" \/>\n<meta name=\"author\" content=\"wpAdminCofbOrg\" \/>\n<meta name=\"twitter:card\" content=\"summary_large_image\" \/>\n<meta name=\"twitter:creator\" content=\"@farmaceuticsbcn\" \/>\n<meta name=\"twitter:site\" content=\"@farmaceuticsbcn\" \/>\n<meta name=\"twitter:label1\" content=\"Escrito por\" \/>\n\t<meta name=\"twitter:data1\" content=\"wpAdminCofbOrg\" \/>\n\t<meta name=\"twitter:label2\" content=\"Tiempo de lectura\" \/>\n\t<meta name=\"twitter:data2\" content=\"4 minutos\" \/>\n<script type=\"application\/ld+json\" class=\"yoast-schema-graph\">{\"@context\":\"https:\/\/schema.org\",\"@graph\":[{\"@type\":\"Article\",\"@id\":\"https:\/\/novaorg.cofb.net\/2018\/01\/26\/moments-decisius-en-el-futur-de-la-professio\/#article\",\"isPartOf\":{\"@id\":\"https:\/\/novaorg.cofb.net\/2018\/01\/26\/moments-decisius-en-el-futur-de-la-professio\/\"},\"author\":{\"name\":\"wpAdminCofbOrg\",\"@id\":\"https:\/\/www.cofb.org\/#\/schema\/person\/22ed7eea88da74b0fa4d3154ad87ffcb\"},\"headline\":\"Moments decisius en el futur de la professi\u00f3\",\"datePublished\":\"2018-01-26T12:27:17+00:00\",\"dateModified\":\"2018-01-26T12:27:17+00:00\",\"mainEntityOfPage\":{\"@id\":\"https:\/\/novaorg.cofb.net\/2018\/01\/26\/moments-decisius-en-el-futur-de-la-professio\/\"},\"wordCount\":736,\"commentCount\":0,\"publisher\":{\"@id\":\"https:\/\/www.cofb.org\/#organization\"},\"image\":{\"@id\":\"https:\/\/novaorg.cofb.net\/2018\/01\/26\/moments-decisius-en-el-futur-de-la-professio\/#primaryimage\"},\"thumbnailUrl\":\"\",\"keywords\":[\"AEMPS\",\"Atenci\u00f3 farmac\u00e8utica\",\"Atenci\u00f3 prim\u00e0ria\",\"COFB\",\"Col\u00b7legi de Farmac\u00e8utics de Barcelona\",\"conseller de salut\",\"farmac\u00e8utics\",\"Farm\u00e0cia\",\"farm\u00e0cia comunit\u00e0ria\",\"farm\u00e0cia hospital\u00e0ria\",\"f\u00e0rmacs\",\"futur\",\"MHDA\",\"m\u00f3n col\u00b7legial\",\"propostes\",\"reflexions\",\"salut\",\"sanitat\"],\"articleSection\":[\"Opinions del Col\u00b7legi\"],\"inLanguage\":\"es\",\"potentialAction\":[{\"@type\":\"CommentAction\",\"name\":\"Comment\",\"target\":[\"https:\/\/novaorg.cofb.net\/2018\/01\/26\/moments-decisius-en-el-futur-de-la-professio\/#respond\"]}]},{\"@type\":\"WebPage\",\"@id\":\"https:\/\/novaorg.cofb.net\/2018\/01\/26\/moments-decisius-en-el-futur-de-la-professio\/\",\"url\":\"https:\/\/novaorg.cofb.net\/2018\/01\/26\/moments-decisius-en-el-futur-de-la-professio\/\",\"name\":\"Moments decisius en el futur de la professi\u00f3 - Col\u00b7legi de Farmac\u00e8utics de Barcelona\",\"isPartOf\":{\"@id\":\"https:\/\/www.cofb.org\/#website\"},\"primaryImageOfPage\":{\"@id\":\"https:\/\/novaorg.cofb.net\/2018\/01\/26\/moments-decisius-en-el-futur-de-la-professio\/#primaryimage\"},\"image\":{\"@id\":\"https:\/\/novaorg.cofb.net\/2018\/01\/26\/moments-decisius-en-el-futur-de-la-professio\/#primaryimage\"},\"thumbnailUrl\":\"\",\"datePublished\":\"2018-01-26T12:27:17+00:00\",\"dateModified\":\"2018-01-26T12:27:17+00:00\",\"description\":\"\\\"La farm\u00e0cia comunit\u00e0ria tindr\u00e0 el repte de seguir sent el millor cam\u00ed a triar per a la dispensaci\u00f3 dels f\u00e0rmacs, no nom\u00e9s per accessibilitat i professionalitat, sin\u00f3 perqu\u00e8 el motiu que ens ha portat al desviament no ha estat sanitari sin\u00f3 econ\u00f2mic\\\"\",\"breadcrumb\":{\"@id\":\"https:\/\/novaorg.cofb.net\/2018\/01\/26\/moments-decisius-en-el-futur-de-la-professio\/#breadcrumb\"},\"inLanguage\":\"es\",\"potentialAction\":[{\"@type\":\"ReadAction\",\"target\":[\"https:\/\/novaorg.cofb.net\/2018\/01\/26\/moments-decisius-en-el-futur-de-la-professio\/\"]}]},{\"@type\":\"ImageObject\",\"inLanguage\":\"es\",\"@id\":\"https:\/\/novaorg.cofb.net\/2018\/01\/26\/moments-decisius-en-el-futur-de-la-professio\/#primaryimage\",\"url\":\"\",\"contentUrl\":\"\"},{\"@type\":\"BreadcrumbList\",\"@id\":\"https:\/\/novaorg.cofb.net\/2018\/01\/26\/moments-decisius-en-el-futur-de-la-professio\/#breadcrumb\",\"itemListElement\":[{\"@type\":\"ListItem\",\"position\":1,\"name\":\"Inici\",\"item\":\"https:\/\/novaorg.cofb.net\/\"},{\"@type\":\"ListItem\",\"position\":2,\"name\":\"Moments decisius en el futur de la professi\u00f3\"}]},{\"@type\":\"WebSite\",\"@id\":\"https:\/\/www.cofb.org\/#website\",\"url\":\"https:\/\/www.cofb.org\/\",\"name\":\"Col\u00b7legi de Farmac\u00e8utics de Barcelona\",\"description\":\"\",\"publisher\":{\"@id\":\"https:\/\/www.cofb.org\/#organization\"},\"potentialAction\":[{\"@type\":\"SearchAction\",\"target\":{\"@type\":\"EntryPoint\",\"urlTemplate\":\"https:\/\/www.cofb.org\/?s={search_term_string}\"},\"query-input\":\"required name=search_term_string\"}],\"inLanguage\":\"es\"},{\"@type\":\"Organization\",\"@id\":\"https:\/\/www.cofb.org\/#organization\",\"name\":\"Col\u00b7legi de Farmac\u00e8utics de Barcelona\",\"url\":\"https:\/\/www.cofb.org\/\",\"logo\":{\"@type\":\"ImageObject\",\"inLanguage\":\"es\",\"@id\":\"https:\/\/www.cofb.org\/#\/schema\/logo\/image\/\",\"url\":\"https:\/\/www.cofb.org\/wp-content\/uploads\/2023\/11\/cropped-Logotip-COFB.png\",\"contentUrl\":\"https:\/\/www.cofb.org\/wp-content\/uploads\/2023\/11\/cropped-Logotip-COFB.png\",\"width\":500,\"height\":105,\"caption\":\"Col\u00b7legi de Farmac\u00e8utics de Barcelona\"},\"image\":{\"@id\":\"https:\/\/www.cofb.org\/#\/schema\/logo\/image\/\"},\"sameAs\":[\"https:\/\/www.facebook.com\/farmaceuticsbcn\/\",\"https:\/\/twitter.com\/farmaceuticsbcn\",\"https:\/\/www.instagram.com\/farmaceuticsbcn\/\",\"https:\/\/www.linkedin.com\/company\/farmaceuticsbcn\/\"]},{\"@type\":\"Person\",\"@id\":\"https:\/\/www.cofb.org\/#\/schema\/person\/22ed7eea88da74b0fa4d3154ad87ffcb\",\"name\":\"wpAdminCofbOrg\",\"image\":{\"@type\":\"ImageObject\",\"inLanguage\":\"es\",\"@id\":\"https:\/\/www.cofb.org\/#\/schema\/person\/image\/\",\"url\":\"https:\/\/secure.gravatar.com\/avatar\/1721b20b3b8ca882c3b56ec6c978c594fff670e40c0718e9190eaeeb76aae7d8?s=96&d=mm&r=g\",\"contentUrl\":\"https:\/\/secure.gravatar.com\/avatar\/1721b20b3b8ca882c3b56ec6c978c594fff670e40c0718e9190eaeeb76aae7d8?s=96&d=mm&r=g\",\"caption\":\"wpAdminCofbOrg\"},\"sameAs\":[\"http:\/\/192.168.64.122\/wordpress\"],\"url\":\"https:\/\/www.cofb.org\/es\/author\/wpadmincofborg\/\"}]}<\/script>\n<!-- \/ Yoast SEO plugin. -->","yoast_head_json":{"title":"Moments decisius en el futur de la professi\u00f3 - Col\u00b7legi de Farmac\u00e8utics de Barcelona","description":"\"La farm\u00e0cia comunit\u00e0ria tindr\u00e0 el repte de seguir sent el millor cam\u00ed a triar per a la dispensaci\u00f3 dels f\u00e0rmacs, no nom\u00e9s per accessibilitat i professionalitat, sin\u00f3 perqu\u00e8 el motiu que ens ha portat al desviament no ha estat sanitari sin\u00f3 econ\u00f2mic\"","robots":{"index":"index","follow":"follow","max-snippet":"max-snippet:-1","max-image-preview":"max-image-preview:large","max-video-preview":"max-video-preview:-1"},"canonical":"https:\/\/novaorg.cofb.net\/2018\/01\/26\/moments-decisius-en-el-futur-de-la-professio\/","og_locale":"es_ES","og_type":"article","og_title":"Moments decisius en el futur de la professi\u00f3 - Col\u00b7legi de Farmac\u00e8utics de Barcelona","og_description":"\"La farm\u00e0cia comunit\u00e0ria tindr\u00e0 el repte de seguir sent el millor cam\u00ed a triar per a la dispensaci\u00f3 dels f\u00e0rmacs, no nom\u00e9s per accessibilitat i professionalitat, sin\u00f3 perqu\u00e8 el motiu que ens ha portat al desviament no ha estat sanitari sin\u00f3 econ\u00f2mic\"","og_url":"https:\/\/novaorg.cofb.net\/2018\/01\/26\/moments-decisius-en-el-futur-de-la-professio\/","og_site_name":"Col\u00b7legi de Farmac\u00e8utics de Barcelona","article_publisher":"https:\/\/www.facebook.com\/farmaceuticsbcn\/","article_published_time":"2018-01-26T12:27:17+00:00","author":"wpAdminCofbOrg","twitter_card":"summary_large_image","twitter_creator":"@farmaceuticsbcn","twitter_site":"@farmaceuticsbcn","twitter_misc":{"Escrito por":"wpAdminCofbOrg","Tiempo de lectura":"4 minutos"},"schema":{"@context":"https:\/\/schema.org","@graph":[{"@type":"Article","@id":"https:\/\/novaorg.cofb.net\/2018\/01\/26\/moments-decisius-en-el-futur-de-la-professio\/#article","isPartOf":{"@id":"https:\/\/novaorg.cofb.net\/2018\/01\/26\/moments-decisius-en-el-futur-de-la-professio\/"},"author":{"name":"wpAdminCofbOrg","@id":"https:\/\/www.cofb.org\/#\/schema\/person\/22ed7eea88da74b0fa4d3154ad87ffcb"},"headline":"Moments decisius en el futur de la professi\u00f3","datePublished":"2018-01-26T12:27:17+00:00","dateModified":"2018-01-26T12:27:17+00:00","mainEntityOfPage":{"@id":"https:\/\/novaorg.cofb.net\/2018\/01\/26\/moments-decisius-en-el-futur-de-la-professio\/"},"wordCount":736,"commentCount":0,"publisher":{"@id":"https:\/\/www.cofb.org\/#organization"},"image":{"@id":"https:\/\/novaorg.cofb.net\/2018\/01\/26\/moments-decisius-en-el-futur-de-la-professio\/#primaryimage"},"thumbnailUrl":"","keywords":["AEMPS","Atenci\u00f3 farmac\u00e8utica","Atenci\u00f3 prim\u00e0ria","COFB","Col\u00b7legi de Farmac\u00e8utics de Barcelona","conseller de salut","farmac\u00e8utics","Farm\u00e0cia","farm\u00e0cia comunit\u00e0ria","farm\u00e0cia hospital\u00e0ria","f\u00e0rmacs","futur","MHDA","m\u00f3n col\u00b7legial","propostes","reflexions","salut","sanitat"],"articleSection":["Opinions del Col\u00b7legi"],"inLanguage":"es","potentialAction":[{"@type":"CommentAction","name":"Comment","target":["https:\/\/novaorg.cofb.net\/2018\/01\/26\/moments-decisius-en-el-futur-de-la-professio\/#respond"]}]},{"@type":"WebPage","@id":"https:\/\/novaorg.cofb.net\/2018\/01\/26\/moments-decisius-en-el-futur-de-la-professio\/","url":"https:\/\/novaorg.cofb.net\/2018\/01\/26\/moments-decisius-en-el-futur-de-la-professio\/","name":"Moments decisius en el futur de la professi\u00f3 - Col\u00b7legi de Farmac\u00e8utics de Barcelona","isPartOf":{"@id":"https:\/\/www.cofb.org\/#website"},"primaryImageOfPage":{"@id":"https:\/\/novaorg.cofb.net\/2018\/01\/26\/moments-decisius-en-el-futur-de-la-professio\/#primaryimage"},"image":{"@id":"https:\/\/novaorg.cofb.net\/2018\/01\/26\/moments-decisius-en-el-futur-de-la-professio\/#primaryimage"},"thumbnailUrl":"","datePublished":"2018-01-26T12:27:17+00:00","dateModified":"2018-01-26T12:27:17+00:00","description":"\"La farm\u00e0cia comunit\u00e0ria tindr\u00e0 el repte de seguir sent el millor cam\u00ed a triar per a la dispensaci\u00f3 dels f\u00e0rmacs, no nom\u00e9s per accessibilitat i professionalitat, sin\u00f3 perqu\u00e8 el motiu que ens ha portat al desviament no ha estat sanitari sin\u00f3 econ\u00f2mic\"","breadcrumb":{"@id":"https:\/\/novaorg.cofb.net\/2018\/01\/26\/moments-decisius-en-el-futur-de-la-professio\/#breadcrumb"},"inLanguage":"es","potentialAction":[{"@type":"ReadAction","target":["https:\/\/novaorg.cofb.net\/2018\/01\/26\/moments-decisius-en-el-futur-de-la-professio\/"]}]},{"@type":"ImageObject","inLanguage":"es","@id":"https:\/\/novaorg.cofb.net\/2018\/01\/26\/moments-decisius-en-el-futur-de-la-professio\/#primaryimage","url":"","contentUrl":""},{"@type":"BreadcrumbList","@id":"https:\/\/novaorg.cofb.net\/2018\/01\/26\/moments-decisius-en-el-futur-de-la-professio\/#breadcrumb","itemListElement":[{"@type":"ListItem","position":1,"name":"Inici","item":"https:\/\/novaorg.cofb.net\/"},{"@type":"ListItem","position":2,"name":"Moments decisius en el futur de la professi\u00f3"}]},{"@type":"WebSite","@id":"https:\/\/www.cofb.org\/#website","url":"https:\/\/www.cofb.org\/","name":"Col\u00b7legi de Farmac\u00e8utics de Barcelona","description":"","publisher":{"@id":"https:\/\/www.cofb.org\/#organization"},"potentialAction":[{"@type":"SearchAction","target":{"@type":"EntryPoint","urlTemplate":"https:\/\/www.cofb.org\/?s={search_term_string}"},"query-input":"required name=search_term_string"}],"inLanguage":"es"},{"@type":"Organization","@id":"https:\/\/www.cofb.org\/#organization","name":"Col\u00b7legi de Farmac\u00e8utics de Barcelona","url":"https:\/\/www.cofb.org\/","logo":{"@type":"ImageObject","inLanguage":"es","@id":"https:\/\/www.cofb.org\/#\/schema\/logo\/image\/","url":"https:\/\/www.cofb.org\/wp-content\/uploads\/2023\/11\/cropped-Logotip-COFB.png","contentUrl":"https:\/\/www.cofb.org\/wp-content\/uploads\/2023\/11\/cropped-Logotip-COFB.png","width":500,"height":105,"caption":"Col\u00b7legi de Farmac\u00e8utics de Barcelona"},"image":{"@id":"https:\/\/www.cofb.org\/#\/schema\/logo\/image\/"},"sameAs":["https:\/\/www.facebook.com\/farmaceuticsbcn\/","https:\/\/twitter.com\/farmaceuticsbcn","https:\/\/www.instagram.com\/farmaceuticsbcn\/","https:\/\/www.linkedin.com\/company\/farmaceuticsbcn\/"]},{"@type":"Person","@id":"https:\/\/www.cofb.org\/#\/schema\/person\/22ed7eea88da74b0fa4d3154ad87ffcb","name":"wpAdminCofbOrg","image":{"@type":"ImageObject","inLanguage":"es","@id":"https:\/\/www.cofb.org\/#\/schema\/person\/image\/","url":"https:\/\/secure.gravatar.com\/avatar\/1721b20b3b8ca882c3b56ec6c978c594fff670e40c0718e9190eaeeb76aae7d8?s=96&d=mm&r=g","contentUrl":"https:\/\/secure.gravatar.com\/avatar\/1721b20b3b8ca882c3b56ec6c978c594fff670e40c0718e9190eaeeb76aae7d8?s=96&d=mm&r=g","caption":"wpAdminCofbOrg"},"sameAs":["http:\/\/192.168.64.122\/wordpress"],"url":"https:\/\/www.cofb.org\/es\/author\/wpadmincofborg\/"}]}},"uagb_featured_image_src":{"full":false,"thumbnail":false,"medium":false,"medium_large":false,"large":false,"1536x1536":false,"2048x2048":false,"trp-custom-language-flag":false},"uagb_author_info":{"display_name":"wpAdminCofbOrg","author_link":"https:\/\/www.cofb.org\/es\/author\/wpadmincofborg\/"},"uagb_comment_info":0,"uagb_excerpt":"Article de Jordi de Dalmases, president del Col\u00b7legi de Farmac\u00e8utics de Barcelona i del Consell de Col\u00b7legis de Farmac\u00e8utics de Catalunya. Tots aquells que em coneixen saben que sempre m&#8217;ha apassionat el m\u00f3n dels trens. Viatjar amb tren permet omplir-se d&#8217;imatges dels diferents territoris que es travessen. Quan apareix un [&hellip;]","_links":{"self":[{"href":"https:\/\/www.cofb.org\/es\/wp-json\/wp\/v2\/posts\/36666","targetHints":{"allow":["GET"]}}],"collection":[{"href":"https:\/\/www.cofb.org\/es\/wp-json\/wp\/v2\/posts"}],"about":[{"href":"https:\/\/www.cofb.org\/es\/wp-json\/wp\/v2\/types\/post"}],"author":[{"embeddable":true,"href":"https:\/\/www.cofb.org\/es\/wp-json\/wp\/v2\/users\/1"}],"replies":[{"embeddable":true,"href":"https:\/\/www.cofb.org\/es\/wp-json\/wp\/v2\/comments?post=36666"}],"version-history":[{"count":0,"href":"https:\/\/www.cofb.org\/es\/wp-json\/wp\/v2\/posts\/36666\/revisions"}],"wp:featuredmedia":[{"embeddable":true,"href":"https:\/\/www.cofb.org\/es\/wp-json\/"}],"wp:attachment":[{"href":"https:\/\/www.cofb.org\/es\/wp-json\/wp\/v2\/media?parent=36666"}],"wp:term":[{"taxonomy":"category","embeddable":true,"href":"https:\/\/www.cofb.org\/es\/wp-json\/wp\/v2\/categories?post=36666"},{"taxonomy":"post_tag","embeddable":true,"href":"https:\/\/www.cofb.org\/es\/wp-json\/wp\/v2\/tags?post=36666"}],"curies":[{"name":"wp","href":"https:\/\/api.w.org\/{rel}","templated":true}]}}