{"id":36122,"date":"2018-03-07T19:43:59","date_gmt":"2018-03-07T17:43:59","guid":{"rendered":"http:\/\/blog.cofb.cat\/?p=36122"},"modified":"2018-03-07T19:43:59","modified_gmt":"2018-03-07T17:43:59","slug":"tertulia-dactualitat-millorar-comunicacio-farmaceutic-pacient-millora-resultats-salut-video-entrevista","status":"publish","type":"post","link":"https:\/\/www.cofb.org\/es\/2018\/03\/07\/tertulia-dactualitat-millorar-comunicacio-farmaceutic-pacient-millora-resultats-salut-video-entrevista\/","title":{"rendered":"Tertulia de actualidad: mejorar la comunicaci\u00f3n farmac\u00e9utico-paciente, mejora los resultados de salud (v\u00eddeo entrevista)"},"content":{"rendered":"<p style=\"text-align: justify;\">Una de las recientes tertulias de actualidad que tuvo lugar en el COFB fue<strong> &quot;Mejorar la comunicaci\u00f3n farmac\u00e9utico-paciente, mejora los resultados de salud&quot;<\/strong> y corri\u00f3 a cargo de Jos\u00e9 Luis Bimbela, doctor en Psicolog\u00eda, director del M\u00e1ster en Comunicaci\u00f3n para la Salud y el Aprendizaje (MCSA), adem\u00e1s de profesor-investigador de la Escuela Andaluza de Salud P\u00fablica (EASP).<\/p>\n<figure id=\"attachment_37540\" aria-describedby=\"caption-attachment-37540\" style=\"width: 620px\" class=\"wp-caption aligncenter\"><a href=\"https:\/\/blog.cofb.cat\/wp-content\/uploads\/2018\/03\/cofb.171129-05.jpg\" target=\"_blank\" rel=\"noopener\"><img fetchpriority=\"high\" decoding=\"async\" class=\"wp-image-37540 size-large\" title=\"Jos\u00e9 Luis Bimbela, durante un momento de su conferencia. \" src=\"https:\/\/blog.cofb.cat\/wp-content\/uploads\/2018\/03\/cofb.171129-05-1024x683.jpg\" alt=\"Jos\u00e9 Luis Bimbela, durant un moment de la confer\u00e8ncia. \" width=\"620\" height=\"414\" \/><\/a><figcaption id=\"caption-attachment-37540\" class=\"wp-caption-text\">Jos\u00e9 Luis Bimbela, durante un momento de su conferencia.<\/figcaption><\/figure>\n<p style=\"text-align: justify;\">Bimbela bas\u00f3 su conferencia en la exposici\u00f3n de los<strong>\u00a0puntos clave<\/strong> <strong>que ayudan a mejorar la comunicaci\u00f3n entre farmac\u00e9utico y paciente<\/strong>, y que son aplicables y extrapolables tambi\u00e9n al resto de relaciones humanas.<\/p>\n<p style=\"text-align: justify;\"><div class=\"box info\"><\/p>\n<h3><span style=\"color: #008080;\"><strong>Los puntos clave de la comunicaci\u00f3n farmac\u00e9utico-paciente<\/strong><\/span><\/h3>\n<p style=\"text-align: justify;\">1.- <strong>Comunicaci\u00f3n intrapersonal<\/strong>, la idea de \u201cYo conmigo mismo\u201d.<\/p>\n<p style=\"text-align: justify;\">2.- <strong>Comunicaci\u00f3n con los dem\u00e1s<\/strong>, la idea de \u201cYo contigo\u201d, que se refiere a los<strong> verbos clave de la comunicaci\u00f3n<\/strong>.<\/p>\n<p style=\"text-align: justify;\">3.- <strong>Preguntarse por la finalidad con la que nos ponemos en el sitio del paciente.\u00a0<\/strong><\/p>\n<p style=\"text-align: justify;\">4.- <strong>Comunicarse con alma<\/strong> y reflexionar en torno al <strong>papel \u00e9tico fundamental antes de comunicar<\/strong>.<\/p>\n<p style=\"text-align: justify;\">5.- Los <strong>6 verbos clave de la comunicaci\u00f3n<\/strong>: Preguntar, escuchar, empatizar, sintetizar, reforzar y retroalimentar. <\/div><\/p>\n<p>Tras la conferencia, Bimbela concedi\u00f3 una <strong>entrevista a este blog<\/strong>, que recogemos a continuaci\u00f3n:<\/p>\n<p><iframe src=\"https:\/\/player.vimeo.com\/video\/258965254\" width=\"640\" height=\"360\" frameborder=\"0\" allowfullscreen=\"allowfullscreen\"><\/iframe><\/p>\n<p style=\"text-align: justify;\">A lo largo de la entrevista, el doctor en Psicolog\u00eda destac\u00f3 que el <strong>contacto con el farmac\u00e9utico<\/strong> es el <strong>primero <\/strong><strong>contacto de muchos ciudadanos con el sistema sanitario<\/strong> porque es <strong>&quot;familiar&quot;<\/strong> y <strong>&quot;pr\u00f3ximo&quot;. <\/strong>En este sentido, resalt\u00f3 <strong>el papel del farmac\u00e9utico como agente activo de salud<\/strong>.<\/p>\n<p style=\"text-align: justify;\">En la parte final de la entrevista, Bimbela explic\u00f3 c\u00f3mo se pueden<strong> gestionar situaciones complejas\u00a0<\/strong>en las farmacias. Desde su punto de vista, cuando \u00e9stas se producen, es necesario desarrollar la<strong> &quot;mesa de gimnasia emocional&quot;<\/strong> para fortalecer la \u201c<strong>musculatura emocional\u201d<\/strong>. De este modo, explic\u00f3, podremos<strong> salir de las trampas culturales<\/strong> o expresiones como &quot;no lo s\u00e9 hacer&quot;, &quot;seguro que no lo conseguir\u00e9&quot;, etc. y buscar <strong>pensamientos que sean m\u00e1s \u201cobjetivos, justos y realistas\u201d, <\/strong>y por tanto<strong>, \u201cm\u00e1s inteligentes y de mayor calidad\u201d<\/strong>. \u201cAl final<strong>, ante cualquier situaci\u00f3n, yo decido qu\u00e9 pienso, qu\u00e9 siento y qu\u00e9 hago<\/strong>\u201c, concluy\u00f3.<\/p>\n<p><strong>\u00a0Quiz\u00e1s tambi\u00e9n le interesa:<\/strong><\/p>\n<ul>\n<li><a href=\"https:\/\/www.easp.es\/web\/bimbela\/\" target=\"_blank\" rel=\"noopener\">El Blog de Bimbela<\/a><strong><br \/>\n<\/strong><\/li>\n<li><a href=\"https:\/\/bimbela.files.wordpress.com\/2015\/09\/cuidando-al-farmaceutico.pdf\" target=\"_blank\" rel=\"noopener\">Cuidando al farmac\u00e9utico: Habilidades emocionales y de comunicaci\u00f3n. Jos\u00e9 Luis Bimbela<\/a><\/li>\n<\/ul>\n<p><strong>\u00daltimas entrevistas en v\u00eddeo publicadas en el Blog: <\/strong><\/p>\n<ul>\n<li><a href=\"https:\/\/blog.cofb.cat\/posada-dia-sobre-vih-eines-cribratge-prevencio-tractament-video-entrevista\/\" target=\"_blank\" rel=\"noopener\">Puesta al d\u00eda sobre el VIH: herramientas de cribado, prevenci\u00f3n y tratamiento [V\u00eddeo Entrevista] (Febrero 2018)<\/a><\/li>\n<li><a href=\"https:\/\/blog.cofb.cat\/?p=36122&amp;preview=true\" target=\"_blank\" rel=\"noopener\">Tertulia de actualidad: Cronobiolog\u00eda, hora de las comidas y obesidad (Enero 2018)<\/a><\/li>\n<li><a href=\"http:\/\/blog.cofb.cat\/tertulia-dactualitat-desmitificant-els-antibiotics-video-entrevista\/\" target=\"_blank\" rel=\"noopener\">Tertulia de actualidad: desmitificando los antibi\u00f3ticos (v\u00eddeo entrevista) (Agosto 2017)<\/a><\/li>\n<li><a href=\"http:\/\/blog.cofb.cat\/entrevista-manel-esteller-director-del-programa-depigenetica-biologia-didibell-video\/\" target=\"_blank\" rel=\"noopener\">Entrevista a Manel Esteller, Director del Programa de Epigen\u00e9tica y Biolog\u00eda de IDIBELL (Junio 2017)<\/a><\/li>\n<li><a href=\"http:\/\/blog.cofb.cat\/tertulia-dactualitat-dolor-cronic-des-de-la-farmacia-video-entrevista\/\" target=\"_blank\" rel=\"noopener\">Tertulia de actualidad: dolor cr\u00f3nico desde la farmacia (v\u00eddeo entrevista) (Febrero 2017)<\/a><\/li>\n<li><a href=\"http:\/\/blog.cofb.cat\/tertulia-dactualitat-desconstruint-lobesitat-video-entrevista-2\/\" target=\"_blank\" rel=\"noopener\">Tertulia de actualidad: deconstruyendo la obesidad (v\u00eddeo entrevista) (Enero 2017)<\/a><\/li>\n<\/ul>","protected":false},"excerpt":{"rendered":"<p>Una de las recientes tertulias de actualidad que tuvo lugar en el COFB fue \u201cMejorar la comunicaci\u00f3n farmac\u00e9utico-paciente, mejora los resultados de salud\u201d y corri\u00f3 a cargo de Jos\u00e9 Luis Bimbela, doctor en Psicolog\u00eda, director del M\u00e1ster en Comunicaci\u00f3n por en la Salud y el Aprendizaje (MCSA), adem\u00e1s de profesor-investigador [\u2026]<\/p>","protected":false},"author":1,"featured_media":36161,"comment_status":"open","ping_status":"open","sticky":false,"template":"","format":"standard","meta":{"_uag_custom_page_level_css":"","site-sidebar-layout":"default","site-content-layout":"","ast-site-content-layout":"default","site-content-style":"default","site-sidebar-style":"default","ast-global-header-display":"","ast-banner-title-visibility":"","ast-main-header-display":"","ast-hfb-above-header-display":"","ast-hfb-below-header-display":"","ast-hfb-mobile-header-display":"","site-post-title":"","ast-breadcrumbs-content":"","ast-featured-img":"disabled","footer-sml-layout":"","theme-transparent-header-meta":"","adv-header-id-meta":"","stick-header-meta":"","header-above-stick-meta":"","header-main-stick-meta":"","header-below-stick-meta":"","astra-migrate-meta-layouts":"default","ast-page-background-enabled":"default","ast-page-background-meta":{"desktop":{"background-color":"var(--ast-global-color-4)","background-image":"","background-repeat":"repeat","background-position":"center center","background-size":"auto","background-attachment":"scroll","background-type":"","background-media":"","overlay-type":"","overlay-color":"","overlay-opacity":"","overlay-gradient":""},"tablet":{"background-color":"","background-image":"","background-repeat":"repeat","background-position":"center center","background-size":"auto","background-attachment":"scroll","background-type":"","background-media":"","overlay-type":"","overlay-color":"","overlay-opacity":"","overlay-gradient":""},"mobile":{"background-color":"","background-image":"","background-repeat":"repeat","background-position":"center center","background-size":"auto","background-attachment":"scroll","background-type":"","background-media":"","overlay-type":"","overlay-color":"","overlay-opacity":"","overlay-gradient":""}},"ast-content-background-meta":{"desktop":{"background-color":"var(--ast-global-color-5)","background-image":"","background-repeat":"repeat","background-position":"center center","background-size":"auto","background-attachment":"scroll","background-type":"","background-media":"","overlay-type":"","overlay-color":"","overlay-opacity":"","overlay-gradient":""},"tablet":{"background-color":"var(--ast-global-color-5)","background-image":"","background-repeat":"repeat","background-position":"center center","background-size":"auto","background-attachment":"scroll","background-type":"","background-media":"","overlay-type":"","overlay-color":"","overlay-opacity":"","overlay-gradient":""},"mobile":{"background-color":"var(--ast-global-color-5)","background-image":"","background-repeat":"repeat","background-position":"center center","background-size":"auto","background-attachment":"scroll","background-type":"","background-media":"","overlay-type":"","overlay-color":"","overlay-opacity":"","overlay-gradient":""}},"footnotes":""},"categories":[23,57],"tags":[467,18,553,2409,520,53,2970,2971,140],"class_list":["post-36122","post","type-post","status-publish","format-standard","has-post-thumbnail","hentry","category-destacats","category-mon-collegial","tag-activitats-formatives","tag-cofb","tag-comunicacio","tag-comunicacio-eficac","tag-conferencia","tag-farmaceutics","tag-habilitats-socials","tag-jose-luis-bimbela","tag-tertulia-dactualitat"],"yoast_head":"<!-- This site is optimized with the Yoast SEO plugin v22.4 - https:\/\/yoast.com\/wordpress\/plugins\/seo\/ -->\n<title>Tert\u00falia d&#039;actualitat: millorar la comunicaci\u00f3 farmac\u00e8utic-pacient, millora els resultats de salut (v\u00eddeo entrevista) - Col\u00b7legi de Farmac\u00e8utics de Barcelona<\/title>\n<meta name=\"description\" content=\"El passat dimecres 29 de novembre va tenir lloc al COFB la confer\u00e8ncia &quot;Millorar la comunicaci\u00f3 farmac\u00e8utic - pacient, millora els resultats de salut&quot;.\" \/>\n<meta name=\"robots\" content=\"index, follow, max-snippet:-1, max-image-preview:large, max-video-preview:-1\" \/>\n<link rel=\"canonical\" href=\"https:\/\/novaorg.cofb.net\/2018\/03\/07\/tertulia-dactualitat-millorar-comunicacio-farmaceutic-pacient-millora-resultats-salut-video-entrevista\/\" \/>\n<meta property=\"og:locale\" content=\"es_ES\" \/>\n<meta property=\"og:type\" content=\"article\" \/>\n<meta property=\"og:title\" content=\"Tert\u00falia d&#039;actualitat: millorar la comunicaci\u00f3 farmac\u00e8utic-pacient, millora els resultats de salut (v\u00eddeo entrevista) - Col\u00b7legi de Farmac\u00e8utics de Barcelona\" \/>\n<meta property=\"og:description\" content=\"El passat dimecres 29 de novembre va tenir lloc al COFB la confer\u00e8ncia &quot;Millorar la comunicaci\u00f3 farmac\u00e8utic - pacient, millora els resultats de salut&quot;.\" \/>\n<meta property=\"og:url\" content=\"https:\/\/novaorg.cofb.net\/2018\/03\/07\/tertulia-dactualitat-millorar-comunicacio-farmaceutic-pacient-millora-resultats-salut-video-entrevista\/\" \/>\n<meta property=\"og:site_name\" content=\"Col\u00b7legi de Farmac\u00e8utics de Barcelona\" \/>\n<meta property=\"article:publisher\" content=\"https:\/\/www.facebook.com\/farmaceuticsbcn\/\" \/>\n<meta property=\"article:published_time\" content=\"2018-03-07T17:43:59+00:00\" \/>\n<meta name=\"author\" content=\"wpAdminCofbOrg\" \/>\n<meta name=\"twitter:card\" content=\"summary_large_image\" \/>\n<meta name=\"twitter:creator\" content=\"@farmaceuticsbcn\" \/>\n<meta name=\"twitter:site\" content=\"@farmaceuticsbcn\" \/>\n<meta name=\"twitter:label1\" content=\"Escrito por\" \/>\n\t<meta name=\"twitter:data1\" content=\"wpAdminCofbOrg\" \/>\n\t<meta name=\"twitter:label2\" content=\"Tiempo de lectura\" \/>\n\t<meta name=\"twitter:data2\" content=\"2 minutos\" \/>\n<script type=\"application\/ld+json\" class=\"yoast-schema-graph\">{\"@context\":\"https:\/\/schema.org\",\"@graph\":[{\"@type\":\"Article\",\"@id\":\"https:\/\/novaorg.cofb.net\/2018\/03\/07\/tertulia-dactualitat-millorar-comunicacio-farmaceutic-pacient-millora-resultats-salut-video-entrevista\/#article\",\"isPartOf\":{\"@id\":\"https:\/\/novaorg.cofb.net\/2018\/03\/07\/tertulia-dactualitat-millorar-comunicacio-farmaceutic-pacient-millora-resultats-salut-video-entrevista\/\"},\"author\":{\"name\":\"wpAdminCofbOrg\",\"@id\":\"https:\/\/www.cofb.org\/#\/schema\/person\/22ed7eea88da74b0fa4d3154ad87ffcb\"},\"headline\":\"Tert\u00falia d&#8217;actualitat: millorar la comunicaci\u00f3 farmac\u00e8utic-pacient, millora els resultats de salut (v\u00eddeo entrevista)\",\"datePublished\":\"2018-03-07T17:43:59+00:00\",\"dateModified\":\"2018-03-07T17:43:59+00:00\",\"mainEntityOfPage\":{\"@id\":\"https:\/\/novaorg.cofb.net\/2018\/03\/07\/tertulia-dactualitat-millorar-comunicacio-farmaceutic-pacient-millora-resultats-salut-video-entrevista\/\"},\"wordCount\":509,\"commentCount\":0,\"publisher\":{\"@id\":\"https:\/\/www.cofb.org\/#organization\"},\"image\":{\"@id\":\"https:\/\/novaorg.cofb.net\/2018\/03\/07\/tertulia-dactualitat-millorar-comunicacio-farmaceutic-pacient-millora-resultats-salut-video-entrevista\/#primaryimage\"},\"thumbnailUrl\":\"\",\"keywords\":[\"activitats formatives\",\"COFB\",\"comunicaci\u00f3\",\"comunicaci\u00f3 efica\u00e7\",\"confer\u00e8ncia\",\"farmac\u00e8utics\",\"habilitats socials\",\"Jos\u00e9 Luis Bimbela\",\"tert\u00falia d'actualitat\"],\"articleSection\":[\"Destacats\",\"M\u00f3n col\u00b7legial\"],\"inLanguage\":\"es\",\"potentialAction\":[{\"@type\":\"CommentAction\",\"name\":\"Comment\",\"target\":[\"https:\/\/novaorg.cofb.net\/2018\/03\/07\/tertulia-dactualitat-millorar-comunicacio-farmaceutic-pacient-millora-resultats-salut-video-entrevista\/#respond\"]}]},{\"@type\":\"WebPage\",\"@id\":\"https:\/\/novaorg.cofb.net\/2018\/03\/07\/tertulia-dactualitat-millorar-comunicacio-farmaceutic-pacient-millora-resultats-salut-video-entrevista\/\",\"url\":\"https:\/\/novaorg.cofb.net\/2018\/03\/07\/tertulia-dactualitat-millorar-comunicacio-farmaceutic-pacient-millora-resultats-salut-video-entrevista\/\",\"name\":\"Tert\u00falia d'actualitat: millorar la comunicaci\u00f3 farmac\u00e8utic-pacient, millora els resultats de salut (v\u00eddeo entrevista) - Col\u00b7legi de Farmac\u00e8utics de Barcelona\",\"isPartOf\":{\"@id\":\"https:\/\/www.cofb.org\/#website\"},\"primaryImageOfPage\":{\"@id\":\"https:\/\/novaorg.cofb.net\/2018\/03\/07\/tertulia-dactualitat-millorar-comunicacio-farmaceutic-pacient-millora-resultats-salut-video-entrevista\/#primaryimage\"},\"image\":{\"@id\":\"https:\/\/novaorg.cofb.net\/2018\/03\/07\/tertulia-dactualitat-millorar-comunicacio-farmaceutic-pacient-millora-resultats-salut-video-entrevista\/#primaryimage\"},\"thumbnailUrl\":\"\",\"datePublished\":\"2018-03-07T17:43:59+00:00\",\"dateModified\":\"2018-03-07T17:43:59+00:00\",\"description\":\"El passat dimecres 29 de novembre va tenir lloc al COFB la confer\u00e8ncia \\\"Millorar la comunicaci\u00f3 farmac\u00e8utic - pacient, millora els resultats de salut\\\".\",\"breadcrumb\":{\"@id\":\"https:\/\/novaorg.cofb.net\/2018\/03\/07\/tertulia-dactualitat-millorar-comunicacio-farmaceutic-pacient-millora-resultats-salut-video-entrevista\/#breadcrumb\"},\"inLanguage\":\"es\",\"potentialAction\":[{\"@type\":\"ReadAction\",\"target\":[\"https:\/\/novaorg.cofb.net\/2018\/03\/07\/tertulia-dactualitat-millorar-comunicacio-farmaceutic-pacient-millora-resultats-salut-video-entrevista\/\"]}]},{\"@type\":\"ImageObject\",\"inLanguage\":\"es\",\"@id\":\"https:\/\/novaorg.cofb.net\/2018\/03\/07\/tertulia-dactualitat-millorar-comunicacio-farmaceutic-pacient-millora-resultats-salut-video-entrevista\/#primaryimage\",\"url\":\"\",\"contentUrl\":\"\"},{\"@type\":\"BreadcrumbList\",\"@id\":\"https:\/\/novaorg.cofb.net\/2018\/03\/07\/tertulia-dactualitat-millorar-comunicacio-farmaceutic-pacient-millora-resultats-salut-video-entrevista\/#breadcrumb\",\"itemListElement\":[{\"@type\":\"ListItem\",\"position\":1,\"name\":\"Inici\",\"item\":\"https:\/\/novaorg.cofb.net\/\"},{\"@type\":\"ListItem\",\"position\":2,\"name\":\"Tert\u00falia d&#8217;actualitat: millorar la comunicaci\u00f3 farmac\u00e8utic-pacient, millora els resultats de salut (v\u00eddeo entrevista)\"}]},{\"@type\":\"WebSite\",\"@id\":\"https:\/\/www.cofb.org\/#website\",\"url\":\"https:\/\/www.cofb.org\/\",\"name\":\"Col\u00b7legi de Farmac\u00e8utics de Barcelona\",\"description\":\"\",\"publisher\":{\"@id\":\"https:\/\/www.cofb.org\/#organization\"},\"potentialAction\":[{\"@type\":\"SearchAction\",\"target\":{\"@type\":\"EntryPoint\",\"urlTemplate\":\"https:\/\/www.cofb.org\/?s={search_term_string}\"},\"query-input\":\"required name=search_term_string\"}],\"inLanguage\":\"es\"},{\"@type\":\"Organization\",\"@id\":\"https:\/\/www.cofb.org\/#organization\",\"name\":\"Col\u00b7legi de Farmac\u00e8utics de Barcelona\",\"url\":\"https:\/\/www.cofb.org\/\",\"logo\":{\"@type\":\"ImageObject\",\"inLanguage\":\"es\",\"@id\":\"https:\/\/www.cofb.org\/#\/schema\/logo\/image\/\",\"url\":\"https:\/\/www.cofb.org\/wp-content\/uploads\/2023\/11\/cropped-Logotip-COFB.png\",\"contentUrl\":\"https:\/\/www.cofb.org\/wp-content\/uploads\/2023\/11\/cropped-Logotip-COFB.png\",\"width\":500,\"height\":105,\"caption\":\"Col\u00b7legi de Farmac\u00e8utics de Barcelona\"},\"image\":{\"@id\":\"https:\/\/www.cofb.org\/#\/schema\/logo\/image\/\"},\"sameAs\":[\"https:\/\/www.facebook.com\/farmaceuticsbcn\/\",\"https:\/\/twitter.com\/farmaceuticsbcn\",\"https:\/\/www.instagram.com\/farmaceuticsbcn\/\",\"https:\/\/www.linkedin.com\/company\/farmaceuticsbcn\/\"]},{\"@type\":\"Person\",\"@id\":\"https:\/\/www.cofb.org\/#\/schema\/person\/22ed7eea88da74b0fa4d3154ad87ffcb\",\"name\":\"wpAdminCofbOrg\",\"image\":{\"@type\":\"ImageObject\",\"inLanguage\":\"es\",\"@id\":\"https:\/\/www.cofb.org\/#\/schema\/person\/image\/\",\"url\":\"https:\/\/secure.gravatar.com\/avatar\/1721b20b3b8ca882c3b56ec6c978c594fff670e40c0718e9190eaeeb76aae7d8?s=96&d=mm&r=g\",\"contentUrl\":\"https:\/\/secure.gravatar.com\/avatar\/1721b20b3b8ca882c3b56ec6c978c594fff670e40c0718e9190eaeeb76aae7d8?s=96&d=mm&r=g\",\"caption\":\"wpAdminCofbOrg\"},\"sameAs\":[\"http:\/\/192.168.64.122\/wordpress\"],\"url\":\"https:\/\/www.cofb.org\/es\/author\/wpadmincofborg\/\"}]}<\/script>\n<!-- \/ Yoast SEO plugin. -->","yoast_head_json":{"title":"Tert\u00falia d'actualitat: millorar la comunicaci\u00f3 farmac\u00e8utic-pacient, millora els resultats de salut (v\u00eddeo entrevista) - Col\u00b7legi de Farmac\u00e8utics de Barcelona","description":"El passat dimecres 29 de novembre va tenir lloc al COFB la confer\u00e8ncia \"Millorar la comunicaci\u00f3 farmac\u00e8utic - pacient, millora els resultats de salut\".","robots":{"index":"index","follow":"follow","max-snippet":"max-snippet:-1","max-image-preview":"max-image-preview:large","max-video-preview":"max-video-preview:-1"},"canonical":"https:\/\/novaorg.cofb.net\/2018\/03\/07\/tertulia-dactualitat-millorar-comunicacio-farmaceutic-pacient-millora-resultats-salut-video-entrevista\/","og_locale":"es_ES","og_type":"article","og_title":"Tert\u00falia d'actualitat: millorar la comunicaci\u00f3 farmac\u00e8utic-pacient, millora els resultats de salut (v\u00eddeo entrevista) - Col\u00b7legi de Farmac\u00e8utics de Barcelona","og_description":"El passat dimecres 29 de novembre va tenir lloc al COFB la confer\u00e8ncia \"Millorar la comunicaci\u00f3 farmac\u00e8utic - pacient, millora els resultats de salut\".","og_url":"https:\/\/novaorg.cofb.net\/2018\/03\/07\/tertulia-dactualitat-millorar-comunicacio-farmaceutic-pacient-millora-resultats-salut-video-entrevista\/","og_site_name":"Col\u00b7legi de Farmac\u00e8utics de Barcelona","article_publisher":"https:\/\/www.facebook.com\/farmaceuticsbcn\/","article_published_time":"2018-03-07T17:43:59+00:00","author":"wpAdminCofbOrg","twitter_card":"summary_large_image","twitter_creator":"@farmaceuticsbcn","twitter_site":"@farmaceuticsbcn","twitter_misc":{"Escrito por":"wpAdminCofbOrg","Tiempo de lectura":"2 minutos"},"schema":{"@context":"https:\/\/schema.org","@graph":[{"@type":"Article","@id":"https:\/\/novaorg.cofb.net\/2018\/03\/07\/tertulia-dactualitat-millorar-comunicacio-farmaceutic-pacient-millora-resultats-salut-video-entrevista\/#article","isPartOf":{"@id":"https:\/\/novaorg.cofb.net\/2018\/03\/07\/tertulia-dactualitat-millorar-comunicacio-farmaceutic-pacient-millora-resultats-salut-video-entrevista\/"},"author":{"name":"wpAdminCofbOrg","@id":"https:\/\/www.cofb.org\/#\/schema\/person\/22ed7eea88da74b0fa4d3154ad87ffcb"},"headline":"Tert\u00falia d&#8217;actualitat: millorar la comunicaci\u00f3 farmac\u00e8utic-pacient, millora els resultats de salut (v\u00eddeo entrevista)","datePublished":"2018-03-07T17:43:59+00:00","dateModified":"2018-03-07T17:43:59+00:00","mainEntityOfPage":{"@id":"https:\/\/novaorg.cofb.net\/2018\/03\/07\/tertulia-dactualitat-millorar-comunicacio-farmaceutic-pacient-millora-resultats-salut-video-entrevista\/"},"wordCount":509,"commentCount":0,"publisher":{"@id":"https:\/\/www.cofb.org\/#organization"},"image":{"@id":"https:\/\/novaorg.cofb.net\/2018\/03\/07\/tertulia-dactualitat-millorar-comunicacio-farmaceutic-pacient-millora-resultats-salut-video-entrevista\/#primaryimage"},"thumbnailUrl":"","keywords":["activitats formatives","COFB","comunicaci\u00f3","comunicaci\u00f3 efica\u00e7","confer\u00e8ncia","farmac\u00e8utics","habilitats socials","Jos\u00e9 Luis Bimbela","tert\u00falia d'actualitat"],"articleSection":["Destacats","M\u00f3n col\u00b7legial"],"inLanguage":"es","potentialAction":[{"@type":"CommentAction","name":"Comment","target":["https:\/\/novaorg.cofb.net\/2018\/03\/07\/tertulia-dactualitat-millorar-comunicacio-farmaceutic-pacient-millora-resultats-salut-video-entrevista\/#respond"]}]},{"@type":"WebPage","@id":"https:\/\/novaorg.cofb.net\/2018\/03\/07\/tertulia-dactualitat-millorar-comunicacio-farmaceutic-pacient-millora-resultats-salut-video-entrevista\/","url":"https:\/\/novaorg.cofb.net\/2018\/03\/07\/tertulia-dactualitat-millorar-comunicacio-farmaceutic-pacient-millora-resultats-salut-video-entrevista\/","name":"Tert\u00falia d'actualitat: millorar la comunicaci\u00f3 farmac\u00e8utic-pacient, millora els resultats de salut (v\u00eddeo entrevista) - Col\u00b7legi de Farmac\u00e8utics de Barcelona","isPartOf":{"@id":"https:\/\/www.cofb.org\/#website"},"primaryImageOfPage":{"@id":"https:\/\/novaorg.cofb.net\/2018\/03\/07\/tertulia-dactualitat-millorar-comunicacio-farmaceutic-pacient-millora-resultats-salut-video-entrevista\/#primaryimage"},"image":{"@id":"https:\/\/novaorg.cofb.net\/2018\/03\/07\/tertulia-dactualitat-millorar-comunicacio-farmaceutic-pacient-millora-resultats-salut-video-entrevista\/#primaryimage"},"thumbnailUrl":"","datePublished":"2018-03-07T17:43:59+00:00","dateModified":"2018-03-07T17:43:59+00:00","description":"El passat dimecres 29 de novembre va tenir lloc al COFB la confer\u00e8ncia \"Millorar la comunicaci\u00f3 farmac\u00e8utic - pacient, millora els resultats de salut\".","breadcrumb":{"@id":"https:\/\/novaorg.cofb.net\/2018\/03\/07\/tertulia-dactualitat-millorar-comunicacio-farmaceutic-pacient-millora-resultats-salut-video-entrevista\/#breadcrumb"},"inLanguage":"es","potentialAction":[{"@type":"ReadAction","target":["https:\/\/novaorg.cofb.net\/2018\/03\/07\/tertulia-dactualitat-millorar-comunicacio-farmaceutic-pacient-millora-resultats-salut-video-entrevista\/"]}]},{"@type":"ImageObject","inLanguage":"es","@id":"https:\/\/novaorg.cofb.net\/2018\/03\/07\/tertulia-dactualitat-millorar-comunicacio-farmaceutic-pacient-millora-resultats-salut-video-entrevista\/#primaryimage","url":"","contentUrl":""},{"@type":"BreadcrumbList","@id":"https:\/\/novaorg.cofb.net\/2018\/03\/07\/tertulia-dactualitat-millorar-comunicacio-farmaceutic-pacient-millora-resultats-salut-video-entrevista\/#breadcrumb","itemListElement":[{"@type":"ListItem","position":1,"name":"Inici","item":"https:\/\/novaorg.cofb.net\/"},{"@type":"ListItem","position":2,"name":"Tert\u00falia d&#8217;actualitat: millorar la comunicaci\u00f3 farmac\u00e8utic-pacient, millora els resultats de salut (v\u00eddeo entrevista)"}]},{"@type":"WebSite","@id":"https:\/\/www.cofb.org\/#website","url":"https:\/\/www.cofb.org\/","name":"Col\u00b7legi de Farmac\u00e8utics de Barcelona","description":"","publisher":{"@id":"https:\/\/www.cofb.org\/#organization"},"potentialAction":[{"@type":"SearchAction","target":{"@type":"EntryPoint","urlTemplate":"https:\/\/www.cofb.org\/?s={search_term_string}"},"query-input":"required name=search_term_string"}],"inLanguage":"es"},{"@type":"Organization","@id":"https:\/\/www.cofb.org\/#organization","name":"Col\u00b7legi de Farmac\u00e8utics de Barcelona","url":"https:\/\/www.cofb.org\/","logo":{"@type":"ImageObject","inLanguage":"es","@id":"https:\/\/www.cofb.org\/#\/schema\/logo\/image\/","url":"https:\/\/www.cofb.org\/wp-content\/uploads\/2023\/11\/cropped-Logotip-COFB.png","contentUrl":"https:\/\/www.cofb.org\/wp-content\/uploads\/2023\/11\/cropped-Logotip-COFB.png","width":500,"height":105,"caption":"Col\u00b7legi de Farmac\u00e8utics de Barcelona"},"image":{"@id":"https:\/\/www.cofb.org\/#\/schema\/logo\/image\/"},"sameAs":["https:\/\/www.facebook.com\/farmaceuticsbcn\/","https:\/\/twitter.com\/farmaceuticsbcn","https:\/\/www.instagram.com\/farmaceuticsbcn\/","https:\/\/www.linkedin.com\/company\/farmaceuticsbcn\/"]},{"@type":"Person","@id":"https:\/\/www.cofb.org\/#\/schema\/person\/22ed7eea88da74b0fa4d3154ad87ffcb","name":"wpAdminCofbOrg","image":{"@type":"ImageObject","inLanguage":"es","@id":"https:\/\/www.cofb.org\/#\/schema\/person\/image\/","url":"https:\/\/secure.gravatar.com\/avatar\/1721b20b3b8ca882c3b56ec6c978c594fff670e40c0718e9190eaeeb76aae7d8?s=96&d=mm&r=g","contentUrl":"https:\/\/secure.gravatar.com\/avatar\/1721b20b3b8ca882c3b56ec6c978c594fff670e40c0718e9190eaeeb76aae7d8?s=96&d=mm&r=g","caption":"wpAdminCofbOrg"},"sameAs":["http:\/\/192.168.64.122\/wordpress"],"url":"https:\/\/www.cofb.org\/es\/author\/wpadmincofborg\/"}]}},"uagb_featured_image_src":{"full":false,"thumbnail":false,"medium":false,"medium_large":false,"large":false,"1536x1536":false,"2048x2048":false,"trp-custom-language-flag":false},"uagb_author_info":{"display_name":"wpAdminCofbOrg","author_link":"https:\/\/www.cofb.org\/es\/author\/wpadmincofborg\/"},"uagb_comment_info":0,"uagb_excerpt":"Una de les recents tert\u00falies d&#8217;actualitat que va tenir lloc al COFB va ser &#8220;Millorar la comunicaci\u00f3 farmac\u00e8utic-pacient, millora els resultats de salut&#8221; i va anar a c\u00e0rrec de Jos\u00e9 Luis Bimbela,\u00a0doctor en Psicologia, director del M\u00e0ster en Comunicaci\u00f3 per a la Salut i l&#8217;Aprenentatge (MCSA), a m\u00e9s de\u00a0 professor-investigador [&hellip;]","_links":{"self":[{"href":"https:\/\/www.cofb.org\/es\/wp-json\/wp\/v2\/posts\/36122","targetHints":{"allow":["GET"]}}],"collection":[{"href":"https:\/\/www.cofb.org\/es\/wp-json\/wp\/v2\/posts"}],"about":[{"href":"https:\/\/www.cofb.org\/es\/wp-json\/wp\/v2\/types\/post"}],"author":[{"embeddable":true,"href":"https:\/\/www.cofb.org\/es\/wp-json\/wp\/v2\/users\/1"}],"replies":[{"embeddable":true,"href":"https:\/\/www.cofb.org\/es\/wp-json\/wp\/v2\/comments?post=36122"}],"version-history":[{"count":0,"href":"https:\/\/www.cofb.org\/es\/wp-json\/wp\/v2\/posts\/36122\/revisions"}],"wp:featuredmedia":[{"embeddable":true,"href":"https:\/\/www.cofb.org\/es\/wp-json\/"}],"wp:attachment":[{"href":"https:\/\/www.cofb.org\/es\/wp-json\/wp\/v2\/media?parent=36122"}],"wp:term":[{"taxonomy":"category","embeddable":true,"href":"https:\/\/www.cofb.org\/es\/wp-json\/wp\/v2\/categories?post=36122"},{"taxonomy":"post_tag","embeddable":true,"href":"https:\/\/www.cofb.org\/es\/wp-json\/wp\/v2\/tags?post=36122"}],"curies":[{"name":"wp","href":"https:\/\/api.w.org\/{rel}","templated":true}]}}