{"id":36118,"date":"2018-01-10T19:27:37","date_gmt":"2018-01-10T17:27:37","guid":{"rendered":"http:\/\/blog.cofb.cat\/?p=36118"},"modified":"2018-01-10T19:27:37","modified_gmt":"2018-01-10T17:27:37","slug":"tot-punt-per-la-caminada-per-la-prevencio-del-cancer-de-colon-el-21-de-gener","status":"publish","type":"post","link":"https:\/\/www.cofb.org\/es\/2018\/01\/10\/tot-punt-per-la-caminada-per-la-prevencio-del-cancer-de-colon-el-21-de-gener\/","title":{"rendered":"Todo listo para la caminata por la prevenci\u00f3n del c\u00e1ncer de colon y recto el 21 de enero"},"content":{"rendered":"<p>El Programa de detecci\u00f3n precoz de c\u00e1ncer de colon y recto de Barcelona bajo el lema <strong>\u201cCaminamos juntos por la PREVENCI\u00d3N del c\u00e1ncer de colon\u201d<\/strong> se une el pr\u00f3ximo 21 de enero a la caminata de Sant Mart\u00ed de Proven\u00e7als que realiza la Secci\u00f3n Excursionista del Foment Martinenc y organiza la Asociaci\u00f3n de Entidades Excursionistas del Barcelon\u00e8s.<\/p>\n\n<p>La caminata saldr\u00e1 entre las 9 hy las 9.30 h de la plaza de las Gl\u00f2ries Catalanes y finalizar\u00e1 alrededor de la 13 h. Los participantes recorrer\u00e1n en total una distancia de 13,4 kil\u00f3metros, a lo largo de los cuales habr\u00e1 un avituallamiento y control de paso en Sant Mart\u00ed de Proven\u00e7als.<\/p>\n<h4><strong><span style=\"text-decoration: underline;\"><br \/>\nLa importancia de la prevenci\u00f3n<\/span><\/strong><\/h4>\n<p>Aunque no hay ning\u00fan c\u00e1ncer que pueda prevenirse completamente, en el caso del c\u00e1ncer de colon y recto el<strong> largo intervalo que transcurre desde el inicio del proceso hasta el desarrollo de un c\u00e1ncer invasivo permite diferentes medidas de prevenci\u00f3n<\/strong> que pueden reducir el riesgo de desarrollar este tipo de c\u00e1ncer.<\/p>\n<figure id=\"attachment_36131\" aria-describedby=\"caption-attachment-36131\" style=\"width: 360px\" class=\"wp-caption alignright\"><a href=\"http:\/\/blog.cofb.cat\/wp-content\/uploads\/2018\/01\/dietavariada-e1515604852827.jpg\"><img fetchpriority=\"high\" decoding=\"async\" class=\"wp-image-36131 size-full\" src=\"http:\/\/blog.cofb.cat\/wp-content\/uploads\/2018\/01\/dietavariada-e1515604852827.jpg\" alt=\"Una dieta sana i equilibrada pot ajudar a prevenir el c\u00e0ncer de c\u00f2lon.\" width=\"360\" height=\"240\" \/><\/a><figcaption id=\"caption-attachment-36131\" class=\"wp-caption-text\">Una dieta sana y equilibrada puede ayudar a prevenir el c\u00e1ncer de colon.<\/figcaption><\/figure>\n<p>Estas medidas implican <b>promover cambios en el estilo de vida dirigidos a reducir los factores de riesgo y potenciar los factores protectores<\/b> (seguir una dieta rica en fruta, verdura y productos l\u00e1cteos; hacer ejercicio; no fumar, evitar el sobrepeso, etc.). Tambi\u00e9n es importante para la prevenci\u00f3n <b>participaci\u00f3n en programas de detecci\u00f3n precoz<\/b>, que permiten diagnosticar lesiones premalignas de colon y reducir su mortalidad. La mayor\u00eda de c\u00e1nceres colorectales se desarrollan a partir de unas lesiones llamadas p\u00f3lipos adenomatosos, consideradas lesiones precancerosas. Tanto los p\u00f3lipos como los c\u00e1nceres sangran de forma intermitente y es esta sangre la que se puede detectar a trav\u00e9s de la prueba que ofrece el <strong>Programa de detecci\u00f3n precoz<\/strong>. Si se detecta en una fase inicial,<b> es m\u00e1s f\u00e1cil de tratar y m\u00e1s f\u00e1cil que se pueda curar,<\/b> ya que uno de los problemas de este tumor es que puede desarrollarse durante meses sin producir ninguna molestia. \u00c9ste es, probablemente, uno de los mejores ejemplos de c\u00f3mo la detecci\u00f3n precoz mejora el pron\u00f3stico de la enfermedad y reduce la agresividad de los tratamientos.<\/p>\n<div class=\"box info\"> El <strong>Prog<\/strong><strong>rama <\/strong><strong>de det<\/strong><strong>ecci\u00f3n precoz de c\u00e1ncer de colo<\/strong><strong>nir<\/strong><strong>ecto est\u00e1 <\/strong><strong>prom<\/strong><strong>o<\/strong><strong>g<\/strong><strong>u<\/strong><strong>tp<\/strong><strong>el <\/strong><strong>Departamento de Salud de la Generalidad de Catalu\u00f1a<\/strong> y su aplicaci\u00f3n corre a cargo del Hospital Cl\u00ednic, el Hospital del Vall d&#039;Hebron, el Hospital del Mar y el Hospital de la Santa Cruz y Sant Pau. El <strong>C<\/strong><strong>onsell <\/strong><strong>de Colegios Farmac\u00e9uticos de Catalu\u00f1a coordina las farmacias implicadas<\/strong> en el proyecto.<\/p>\n<p><strong><span style=\"text-decoration: underline;\">\u00bfQu\u00e9 es el c\u00e1ncer de colon y recto?<\/span><\/strong><br \/>\nEl <strong>c\u00e1ncer de la tripa gruesa es el m\u00e1s frecuente en el <\/strong><strong>conjunto de hombres y mujeres en Catalu\u00f1a<\/strong>, con m\u00e1s de 6.000 nuevos casos cada a\u00f1o. Adem\u00e1s, supone la segunda causa de muerte por c\u00e1ncer.<\/p>\n<p><strong><span style=\"text-decoration: underline;\">\u00bfQu\u00e9 es el programa?<\/span><\/strong><br \/>\nEl Programa consiste en <strong>diagnosticar y tratar los casos de c\u00e1ncer de colon<\/strong> y recto lo antes posible para que haya muchas m\u00e1s probabilidades de curaci\u00f3n.<strong><a href=\"http:\/\/blog.cofb.cat\/wp-content\/uploads\/2018\/01\/programa-c\u00e0ncer-de-colon.png\"><img decoding=\"async\" class=\"size-full wp-image-36278 alignright\" src=\"http:\/\/blog.cofb.cat\/wp-content\/uploads\/2018\/01\/programa-c\u00e0ncer-de-colon.png\" alt=\"programa c\u00e0ncer de colon\" width=\"243\" height=\"237\" \/><\/a><\/strong><\/p>\n<p><strong><span style=\"text-decoration: underline;\">\u00bfEn qu\u00e9 consiste?<\/span><\/strong><br \/>\nCon una <strong>prueba muy sencilla y c\u00f3moda<\/strong> detectaremos si las deposiciones contienen peque\u00f1as cantidades de sangre que no se ven a simple vista. El resultado se comunicar\u00e1 antes de un mes.<\/p>\n<p><strong><span style=\"text-decoration: underline;\"> \u00bfC\u00f3mo puedo participar?<\/span><\/strong><br \/>\nSi es vecino del Centro de Atenci\u00f3n Primaria en el que se est\u00e1 desarrollando, recibir\u00e1 una carta con las instrucciones que debe seguir para participar.<\/p>\n<p><strong>Puede conocer todos los detalles del programa <a href=\"http:\/\/www.prevenciocolonbcn.org\/ca\/\" target=\"_blank\" rel=\"noopener\">aqu\u00ed<\/a>.<\/strong><\/div>\n<p data-fontsize=\"28\" data-lineheight=\"28\"><strong>Para m\u00e1s informaci\u00f3n sobre esta actividad puede consultar:<\/strong><\/p>\n<ul>\n<li><a href=\"http:\/\/www.prevenciocolonbcn.org\/ca\/caminem-junts-pel-cancer-de-colon-el-proper-21-de-gener-de-2018\/\" target=\"_blank\" rel=\"noopener\">El pr\u00f3ximo 21 de enero de 2018 caminamos juntos por la PREVENCI\u00d3N del c\u00e1ncer de colon<\/a><\/li>\n<\/ul>\n<p><strong>Otras publicaciones relacionadas recogidas en el Blog:<\/strong><\/p>\n<ul>\n<li><a href=\"http:\/\/blog.cofb.cat\/diumenge-19-de-marc-caminem-plegats-per-la-prevencio-del-cancer-de-colon-recte\/\" target=\"_blank\" rel=\"noopener\">Domingo 19 de marzo: Caminamos juntos por la prevenci\u00f3n del c\u00e1ncer de colon y recto (Marzo 2017)<\/a><\/li>\n<li><a href=\"http:\/\/blog.cofb.cat\/dia-mundial-contra-el-cancer-de-colon-recte-xifres-de-la-prova-de-deteccio-precoc-amb-la-participacio-de-les-farmacies\/\" target=\"_blank\" rel=\"noopener\">D\u00eda Mundial contra el c\u00e1ncer de colon y recto: cifras de la prueba de detecci\u00f3n precoz con la participaci\u00f3n de las farmacias<\/a><\/li>\n<\/ul>","protected":false},"excerpt":{"rendered":"<p>El Programa de detecci\u00f3n precoz de c\u00e1ncer de colon y recto de Barcelona bajo el lema \u201cCaminamos juntos por la PREVENCI\u00d3N del c\u00e1ncer de colon\u201d se une el pr\u00f3ximo 21 de enero a la caminata de Sant Mart\u00ed de Proven\u00e7als que realiza la Secci\u00f3n Excursionista del Fomento Martinenc y organiza la Asociaci\u00f3n [\u2026]<\/p>","protected":false},"author":1,"featured_media":36130,"comment_status":"open","ping_status":"open","sticky":false,"template":"","format":"standard","meta":{"_uag_custom_page_level_css":"","site-sidebar-layout":"default","site-content-layout":"","ast-site-content-layout":"default","site-content-style":"default","site-sidebar-style":"default","ast-global-header-display":"","ast-banner-title-visibility":"","ast-main-header-display":"","ast-hfb-above-header-display":"","ast-hfb-below-header-display":"","ast-hfb-mobile-header-display":"","site-post-title":"","ast-breadcrumbs-content":"","ast-featured-img":"disabled","footer-sml-layout":"","theme-transparent-header-meta":"","adv-header-id-meta":"","stick-header-meta":"","header-above-stick-meta":"","header-main-stick-meta":"","header-below-stick-meta":"","astra-migrate-meta-layouts":"default","ast-page-background-enabled":"default","ast-page-background-meta":{"desktop":{"background-color":"var(--ast-global-color-4)","background-image":"","background-repeat":"repeat","background-position":"center center","background-size":"auto","background-attachment":"scroll","background-type":"","background-media":"","overlay-type":"","overlay-color":"","overlay-opacity":"","overlay-gradient":""},"tablet":{"background-color":"","background-image":"","background-repeat":"repeat","background-position":"center center","background-size":"auto","background-attachment":"scroll","background-type":"","background-media":"","overlay-type":"","overlay-color":"","overlay-opacity":"","overlay-gradient":""},"mobile":{"background-color":"","background-image":"","background-repeat":"repeat","background-position":"center center","background-size":"auto","background-attachment":"scroll","background-type":"","background-media":"","overlay-type":"","overlay-color":"","overlay-opacity":"","overlay-gradient":""}},"ast-content-background-meta":{"desktop":{"background-color":"var(--ast-global-color-5)","background-image":"","background-repeat":"repeat","background-position":"center center","background-size":"auto","background-attachment":"scroll","background-type":"","background-media":"","overlay-type":"","overlay-color":"","overlay-opacity":"","overlay-gradient":""},"tablet":{"background-color":"var(--ast-global-color-5)","background-image":"","background-repeat":"repeat","background-position":"center center","background-size":"auto","background-attachment":"scroll","background-type":"","background-media":"","overlay-type":"","overlay-color":"","overlay-opacity":"","overlay-gradient":""},"mobile":{"background-color":"var(--ast-global-color-5)","background-image":"","background-repeat":"repeat","background-position":"center center","background-size":"auto","background-attachment":"scroll","background-type":"","background-media":"","overlay-type":"","overlay-color":"","overlay-opacity":"","overlay-gradient":""}},"footnotes":""},"categories":[23,32],"tags":[559,2950,2719,957,18,163,2386],"class_list":["post-36118","post","type-post","status-publish","format-standard","has-post-thumbnail","hentry","category-destacats","category-noticies-farmacia","tag-activitat-fisica","tag-caminada","tag-caminada-urbana","tag-cancer-de-colon","tag-cofb","tag-consell-de-collegis-farmaceutics-de-catalunya","tag-programa-de-deteccio-precoc-del-cancer-de-colon"],"yoast_head":"<!-- This site is optimized with the Yoast SEO plugin v22.4 - https:\/\/yoast.com\/wordpress\/plugins\/seo\/ -->\n<title>Tot a punt per a la caminada per la prevenci\u00f3 del c\u00e0ncer de c\u00f2lon i recte el 21 de gener - Col\u00b7legi de Farmac\u00e8utics de Barcelona<\/title>\n<meta name=\"description\" content=\"El Programa de detecci\u00f3 preco\u00e7 de c\u00e0ncer de c\u00f2lon i recte de Barcelona sota el lema Caminem plegats per la PREVENCI\u00d3 del c\u00e0ncer de c\u00f2lon s&#039;uneix el pr\u00f2xim 21 de gener a la caminada de Sant Mart\u00ed de Proven\u00e7als.\" \/>\n<meta name=\"robots\" content=\"index, follow, max-snippet:-1, max-image-preview:large, max-video-preview:-1\" \/>\n<link rel=\"canonical\" href=\"https:\/\/novaorg.cofb.net\/2018\/01\/10\/tot-punt-per-la-caminada-per-la-prevencio-del-cancer-de-colon-el-21-de-gener\/\" \/>\n<meta property=\"og:locale\" content=\"es_ES\" \/>\n<meta property=\"og:type\" content=\"article\" \/>\n<meta property=\"og:title\" content=\"Tot a punt per a la caminada per la prevenci\u00f3 del c\u00e0ncer de c\u00f2lon i recte el 21 de gener - Col\u00b7legi de Farmac\u00e8utics de Barcelona\" \/>\n<meta property=\"og:description\" content=\"El Programa de detecci\u00f3 preco\u00e7 de c\u00e0ncer de c\u00f2lon i recte de Barcelona sota el lema Caminem plegats per la PREVENCI\u00d3 del c\u00e0ncer de c\u00f2lon s&#039;uneix el pr\u00f2xim 21 de gener a la caminada de Sant Mart\u00ed de Proven\u00e7als.\" \/>\n<meta property=\"og:url\" content=\"https:\/\/novaorg.cofb.net\/2018\/01\/10\/tot-punt-per-la-caminada-per-la-prevencio-del-cancer-de-colon-el-21-de-gener\/\" \/>\n<meta property=\"og:site_name\" content=\"Col\u00b7legi de Farmac\u00e8utics de Barcelona\" \/>\n<meta property=\"article:publisher\" content=\"https:\/\/www.facebook.com\/farmaceuticsbcn\/\" \/>\n<meta property=\"article:published_time\" content=\"2018-01-10T17:27:37+00:00\" \/>\n<meta name=\"author\" content=\"wpAdminCofbOrg\" \/>\n<meta name=\"twitter:card\" content=\"summary_large_image\" \/>\n<meta name=\"twitter:creator\" content=\"@farmaceuticsbcn\" \/>\n<meta name=\"twitter:site\" content=\"@farmaceuticsbcn\" \/>\n<meta name=\"twitter:label1\" content=\"Escrito por\" \/>\n\t<meta name=\"twitter:data1\" content=\"wpAdminCofbOrg\" \/>\n\t<meta name=\"twitter:label2\" content=\"Tiempo de lectura\" \/>\n\t<meta name=\"twitter:data2\" content=\"4 minutos\" \/>\n<script type=\"application\/ld+json\" class=\"yoast-schema-graph\">{\"@context\":\"https:\/\/schema.org\",\"@graph\":[{\"@type\":\"Article\",\"@id\":\"https:\/\/novaorg.cofb.net\/2018\/01\/10\/tot-punt-per-la-caminada-per-la-prevencio-del-cancer-de-colon-el-21-de-gener\/#article\",\"isPartOf\":{\"@id\":\"https:\/\/novaorg.cofb.net\/2018\/01\/10\/tot-punt-per-la-caminada-per-la-prevencio-del-cancer-de-colon-el-21-de-gener\/\"},\"author\":{\"name\":\"wpAdminCofbOrg\",\"@id\":\"https:\/\/www.cofb.org\/#\/schema\/person\/22ed7eea88da74b0fa4d3154ad87ffcb\"},\"headline\":\"Tot a punt per a la caminada per la prevenci\u00f3 del c\u00e0ncer de c\u00f2lon i recte el 21 de gener\",\"datePublished\":\"2018-01-10T17:27:37+00:00\",\"dateModified\":\"2018-01-10T17:27:37+00:00\",\"mainEntityOfPage\":{\"@id\":\"https:\/\/novaorg.cofb.net\/2018\/01\/10\/tot-punt-per-la-caminada-per-la-prevencio-del-cancer-de-colon-el-21-de-gener\/\"},\"wordCount\":752,\"commentCount\":0,\"publisher\":{\"@id\":\"https:\/\/www.cofb.org\/#organization\"},\"image\":{\"@id\":\"https:\/\/novaorg.cofb.net\/2018\/01\/10\/tot-punt-per-la-caminada-per-la-prevencio-del-cancer-de-colon-el-21-de-gener\/#primaryimage\"},\"thumbnailUrl\":\"\",\"keywords\":[\"activitat f\u00edsica\",\"caminada\",\"caminada urbana\",\"c\u00e0ncer de c\u00f2lon\",\"COFB\",\"Consell de Col\u00b7legis Farmac\u00e8utics de Catalunya\",\"Programa de Detecci\u00f3 Preco\u00e7 del C\u00e0ncer de Colon\"],\"articleSection\":[\"Destacats\",\"Not\u00edcies farm\u00e0cia\"],\"inLanguage\":\"es\",\"potentialAction\":[{\"@type\":\"CommentAction\",\"name\":\"Comment\",\"target\":[\"https:\/\/novaorg.cofb.net\/2018\/01\/10\/tot-punt-per-la-caminada-per-la-prevencio-del-cancer-de-colon-el-21-de-gener\/#respond\"]}]},{\"@type\":\"WebPage\",\"@id\":\"https:\/\/novaorg.cofb.net\/2018\/01\/10\/tot-punt-per-la-caminada-per-la-prevencio-del-cancer-de-colon-el-21-de-gener\/\",\"url\":\"https:\/\/novaorg.cofb.net\/2018\/01\/10\/tot-punt-per-la-caminada-per-la-prevencio-del-cancer-de-colon-el-21-de-gener\/\",\"name\":\"Tot a punt per a la caminada per la prevenci\u00f3 del c\u00e0ncer de c\u00f2lon i recte el 21 de gener - Col\u00b7legi de Farmac\u00e8utics de Barcelona\",\"isPartOf\":{\"@id\":\"https:\/\/www.cofb.org\/#website\"},\"primaryImageOfPage\":{\"@id\":\"https:\/\/novaorg.cofb.net\/2018\/01\/10\/tot-punt-per-la-caminada-per-la-prevencio-del-cancer-de-colon-el-21-de-gener\/#primaryimage\"},\"image\":{\"@id\":\"https:\/\/novaorg.cofb.net\/2018\/01\/10\/tot-punt-per-la-caminada-per-la-prevencio-del-cancer-de-colon-el-21-de-gener\/#primaryimage\"},\"thumbnailUrl\":\"\",\"datePublished\":\"2018-01-10T17:27:37+00:00\",\"dateModified\":\"2018-01-10T17:27:37+00:00\",\"description\":\"El Programa de detecci\u00f3 preco\u00e7 de c\u00e0ncer de c\u00f2lon i recte de Barcelona sota el lema Caminem plegats per la PREVENCI\u00d3 del c\u00e0ncer de c\u00f2lon s'uneix el pr\u00f2xim 21 de gener a la caminada de Sant Mart\u00ed de Proven\u00e7als.\",\"breadcrumb\":{\"@id\":\"https:\/\/novaorg.cofb.net\/2018\/01\/10\/tot-punt-per-la-caminada-per-la-prevencio-del-cancer-de-colon-el-21-de-gener\/#breadcrumb\"},\"inLanguage\":\"es\",\"potentialAction\":[{\"@type\":\"ReadAction\",\"target\":[\"https:\/\/novaorg.cofb.net\/2018\/01\/10\/tot-punt-per-la-caminada-per-la-prevencio-del-cancer-de-colon-el-21-de-gener\/\"]}]},{\"@type\":\"ImageObject\",\"inLanguage\":\"es\",\"@id\":\"https:\/\/novaorg.cofb.net\/2018\/01\/10\/tot-punt-per-la-caminada-per-la-prevencio-del-cancer-de-colon-el-21-de-gener\/#primaryimage\",\"url\":\"\",\"contentUrl\":\"\"},{\"@type\":\"BreadcrumbList\",\"@id\":\"https:\/\/novaorg.cofb.net\/2018\/01\/10\/tot-punt-per-la-caminada-per-la-prevencio-del-cancer-de-colon-el-21-de-gener\/#breadcrumb\",\"itemListElement\":[{\"@type\":\"ListItem\",\"position\":1,\"name\":\"Inici\",\"item\":\"https:\/\/novaorg.cofb.net\/\"},{\"@type\":\"ListItem\",\"position\":2,\"name\":\"Tot a punt per a la caminada per la prevenci\u00f3 del c\u00e0ncer de c\u00f2lon i recte el 21 de gener\"}]},{\"@type\":\"WebSite\",\"@id\":\"https:\/\/www.cofb.org\/#website\",\"url\":\"https:\/\/www.cofb.org\/\",\"name\":\"Col\u00b7legi de Farmac\u00e8utics de Barcelona\",\"description\":\"\",\"publisher\":{\"@id\":\"https:\/\/www.cofb.org\/#organization\"},\"potentialAction\":[{\"@type\":\"SearchAction\",\"target\":{\"@type\":\"EntryPoint\",\"urlTemplate\":\"https:\/\/www.cofb.org\/?s={search_term_string}\"},\"query-input\":\"required name=search_term_string\"}],\"inLanguage\":\"es\"},{\"@type\":\"Organization\",\"@id\":\"https:\/\/www.cofb.org\/#organization\",\"name\":\"Col\u00b7legi de Farmac\u00e8utics de Barcelona\",\"url\":\"https:\/\/www.cofb.org\/\",\"logo\":{\"@type\":\"ImageObject\",\"inLanguage\":\"es\",\"@id\":\"https:\/\/www.cofb.org\/#\/schema\/logo\/image\/\",\"url\":\"https:\/\/www.cofb.org\/wp-content\/uploads\/2023\/11\/cropped-Logotip-COFB.png\",\"contentUrl\":\"https:\/\/www.cofb.org\/wp-content\/uploads\/2023\/11\/cropped-Logotip-COFB.png\",\"width\":500,\"height\":105,\"caption\":\"Col\u00b7legi de Farmac\u00e8utics de Barcelona\"},\"image\":{\"@id\":\"https:\/\/www.cofb.org\/#\/schema\/logo\/image\/\"},\"sameAs\":[\"https:\/\/www.facebook.com\/farmaceuticsbcn\/\",\"https:\/\/twitter.com\/farmaceuticsbcn\",\"https:\/\/www.instagram.com\/farmaceuticsbcn\/\",\"https:\/\/www.linkedin.com\/company\/farmaceuticsbcn\/\"]},{\"@type\":\"Person\",\"@id\":\"https:\/\/www.cofb.org\/#\/schema\/person\/22ed7eea88da74b0fa4d3154ad87ffcb\",\"name\":\"wpAdminCofbOrg\",\"image\":{\"@type\":\"ImageObject\",\"inLanguage\":\"es\",\"@id\":\"https:\/\/www.cofb.org\/#\/schema\/person\/image\/\",\"url\":\"https:\/\/secure.gravatar.com\/avatar\/1721b20b3b8ca882c3b56ec6c978c594fff670e40c0718e9190eaeeb76aae7d8?s=96&d=mm&r=g\",\"contentUrl\":\"https:\/\/secure.gravatar.com\/avatar\/1721b20b3b8ca882c3b56ec6c978c594fff670e40c0718e9190eaeeb76aae7d8?s=96&d=mm&r=g\",\"caption\":\"wpAdminCofbOrg\"},\"sameAs\":[\"http:\/\/192.168.64.122\/wordpress\"],\"url\":\"https:\/\/www.cofb.org\/es\/author\/wpadmincofborg\/\"}]}<\/script>\n<!-- \/ Yoast SEO plugin. -->","yoast_head_json":{"title":"Tot a punt per a la caminada per la prevenci\u00f3 del c\u00e0ncer de c\u00f2lon i recte el 21 de gener - Col\u00b7legi de Farmac\u00e8utics de Barcelona","description":"El Programa de detecci\u00f3 preco\u00e7 de c\u00e0ncer de c\u00f2lon i recte de Barcelona sota el lema Caminem plegats per la PREVENCI\u00d3 del c\u00e0ncer de c\u00f2lon s'uneix el pr\u00f2xim 21 de gener a la caminada de Sant Mart\u00ed de Proven\u00e7als.","robots":{"index":"index","follow":"follow","max-snippet":"max-snippet:-1","max-image-preview":"max-image-preview:large","max-video-preview":"max-video-preview:-1"},"canonical":"https:\/\/novaorg.cofb.net\/2018\/01\/10\/tot-punt-per-la-caminada-per-la-prevencio-del-cancer-de-colon-el-21-de-gener\/","og_locale":"es_ES","og_type":"article","og_title":"Tot a punt per a la caminada per la prevenci\u00f3 del c\u00e0ncer de c\u00f2lon i recte el 21 de gener - Col\u00b7legi de Farmac\u00e8utics de Barcelona","og_description":"El Programa de detecci\u00f3 preco\u00e7 de c\u00e0ncer de c\u00f2lon i recte de Barcelona sota el lema Caminem plegats per la PREVENCI\u00d3 del c\u00e0ncer de c\u00f2lon s'uneix el pr\u00f2xim 21 de gener a la caminada de Sant Mart\u00ed de Proven\u00e7als.","og_url":"https:\/\/novaorg.cofb.net\/2018\/01\/10\/tot-punt-per-la-caminada-per-la-prevencio-del-cancer-de-colon-el-21-de-gener\/","og_site_name":"Col\u00b7legi de Farmac\u00e8utics de Barcelona","article_publisher":"https:\/\/www.facebook.com\/farmaceuticsbcn\/","article_published_time":"2018-01-10T17:27:37+00:00","author":"wpAdminCofbOrg","twitter_card":"summary_large_image","twitter_creator":"@farmaceuticsbcn","twitter_site":"@farmaceuticsbcn","twitter_misc":{"Escrito por":"wpAdminCofbOrg","Tiempo de lectura":"4 minutos"},"schema":{"@context":"https:\/\/schema.org","@graph":[{"@type":"Article","@id":"https:\/\/novaorg.cofb.net\/2018\/01\/10\/tot-punt-per-la-caminada-per-la-prevencio-del-cancer-de-colon-el-21-de-gener\/#article","isPartOf":{"@id":"https:\/\/novaorg.cofb.net\/2018\/01\/10\/tot-punt-per-la-caminada-per-la-prevencio-del-cancer-de-colon-el-21-de-gener\/"},"author":{"name":"wpAdminCofbOrg","@id":"https:\/\/www.cofb.org\/#\/schema\/person\/22ed7eea88da74b0fa4d3154ad87ffcb"},"headline":"Tot a punt per a la caminada per la prevenci\u00f3 del c\u00e0ncer de c\u00f2lon i recte el 21 de gener","datePublished":"2018-01-10T17:27:37+00:00","dateModified":"2018-01-10T17:27:37+00:00","mainEntityOfPage":{"@id":"https:\/\/novaorg.cofb.net\/2018\/01\/10\/tot-punt-per-la-caminada-per-la-prevencio-del-cancer-de-colon-el-21-de-gener\/"},"wordCount":752,"commentCount":0,"publisher":{"@id":"https:\/\/www.cofb.org\/#organization"},"image":{"@id":"https:\/\/novaorg.cofb.net\/2018\/01\/10\/tot-punt-per-la-caminada-per-la-prevencio-del-cancer-de-colon-el-21-de-gener\/#primaryimage"},"thumbnailUrl":"","keywords":["activitat f\u00edsica","caminada","caminada urbana","c\u00e0ncer de c\u00f2lon","COFB","Consell de Col\u00b7legis Farmac\u00e8utics de Catalunya","Programa de Detecci\u00f3 Preco\u00e7 del C\u00e0ncer de Colon"],"articleSection":["Destacats","Not\u00edcies farm\u00e0cia"],"inLanguage":"es","potentialAction":[{"@type":"CommentAction","name":"Comment","target":["https:\/\/novaorg.cofb.net\/2018\/01\/10\/tot-punt-per-la-caminada-per-la-prevencio-del-cancer-de-colon-el-21-de-gener\/#respond"]}]},{"@type":"WebPage","@id":"https:\/\/novaorg.cofb.net\/2018\/01\/10\/tot-punt-per-la-caminada-per-la-prevencio-del-cancer-de-colon-el-21-de-gener\/","url":"https:\/\/novaorg.cofb.net\/2018\/01\/10\/tot-punt-per-la-caminada-per-la-prevencio-del-cancer-de-colon-el-21-de-gener\/","name":"Tot a punt per a la caminada per la prevenci\u00f3 del c\u00e0ncer de c\u00f2lon i recte el 21 de gener - Col\u00b7legi de Farmac\u00e8utics de Barcelona","isPartOf":{"@id":"https:\/\/www.cofb.org\/#website"},"primaryImageOfPage":{"@id":"https:\/\/novaorg.cofb.net\/2018\/01\/10\/tot-punt-per-la-caminada-per-la-prevencio-del-cancer-de-colon-el-21-de-gener\/#primaryimage"},"image":{"@id":"https:\/\/novaorg.cofb.net\/2018\/01\/10\/tot-punt-per-la-caminada-per-la-prevencio-del-cancer-de-colon-el-21-de-gener\/#primaryimage"},"thumbnailUrl":"","datePublished":"2018-01-10T17:27:37+00:00","dateModified":"2018-01-10T17:27:37+00:00","description":"El Programa de detecci\u00f3 preco\u00e7 de c\u00e0ncer de c\u00f2lon i recte de Barcelona sota el lema Caminem plegats per la PREVENCI\u00d3 del c\u00e0ncer de c\u00f2lon s'uneix el pr\u00f2xim 21 de gener a la caminada de Sant Mart\u00ed de Proven\u00e7als.","breadcrumb":{"@id":"https:\/\/novaorg.cofb.net\/2018\/01\/10\/tot-punt-per-la-caminada-per-la-prevencio-del-cancer-de-colon-el-21-de-gener\/#breadcrumb"},"inLanguage":"es","potentialAction":[{"@type":"ReadAction","target":["https:\/\/novaorg.cofb.net\/2018\/01\/10\/tot-punt-per-la-caminada-per-la-prevencio-del-cancer-de-colon-el-21-de-gener\/"]}]},{"@type":"ImageObject","inLanguage":"es","@id":"https:\/\/novaorg.cofb.net\/2018\/01\/10\/tot-punt-per-la-caminada-per-la-prevencio-del-cancer-de-colon-el-21-de-gener\/#primaryimage","url":"","contentUrl":""},{"@type":"BreadcrumbList","@id":"https:\/\/novaorg.cofb.net\/2018\/01\/10\/tot-punt-per-la-caminada-per-la-prevencio-del-cancer-de-colon-el-21-de-gener\/#breadcrumb","itemListElement":[{"@type":"ListItem","position":1,"name":"Inici","item":"https:\/\/novaorg.cofb.net\/"},{"@type":"ListItem","position":2,"name":"Tot a punt per a la caminada per la prevenci\u00f3 del c\u00e0ncer de c\u00f2lon i recte el 21 de gener"}]},{"@type":"WebSite","@id":"https:\/\/www.cofb.org\/#website","url":"https:\/\/www.cofb.org\/","name":"Col\u00b7legi de Farmac\u00e8utics de Barcelona","description":"","publisher":{"@id":"https:\/\/www.cofb.org\/#organization"},"potentialAction":[{"@type":"SearchAction","target":{"@type":"EntryPoint","urlTemplate":"https:\/\/www.cofb.org\/?s={search_term_string}"},"query-input":"required name=search_term_string"}],"inLanguage":"es"},{"@type":"Organization","@id":"https:\/\/www.cofb.org\/#organization","name":"Col\u00b7legi de Farmac\u00e8utics de Barcelona","url":"https:\/\/www.cofb.org\/","logo":{"@type":"ImageObject","inLanguage":"es","@id":"https:\/\/www.cofb.org\/#\/schema\/logo\/image\/","url":"https:\/\/www.cofb.org\/wp-content\/uploads\/2023\/11\/cropped-Logotip-COFB.png","contentUrl":"https:\/\/www.cofb.org\/wp-content\/uploads\/2023\/11\/cropped-Logotip-COFB.png","width":500,"height":105,"caption":"Col\u00b7legi de Farmac\u00e8utics de Barcelona"},"image":{"@id":"https:\/\/www.cofb.org\/#\/schema\/logo\/image\/"},"sameAs":["https:\/\/www.facebook.com\/farmaceuticsbcn\/","https:\/\/twitter.com\/farmaceuticsbcn","https:\/\/www.instagram.com\/farmaceuticsbcn\/","https:\/\/www.linkedin.com\/company\/farmaceuticsbcn\/"]},{"@type":"Person","@id":"https:\/\/www.cofb.org\/#\/schema\/person\/22ed7eea88da74b0fa4d3154ad87ffcb","name":"wpAdminCofbOrg","image":{"@type":"ImageObject","inLanguage":"es","@id":"https:\/\/www.cofb.org\/#\/schema\/person\/image\/","url":"https:\/\/secure.gravatar.com\/avatar\/1721b20b3b8ca882c3b56ec6c978c594fff670e40c0718e9190eaeeb76aae7d8?s=96&d=mm&r=g","contentUrl":"https:\/\/secure.gravatar.com\/avatar\/1721b20b3b8ca882c3b56ec6c978c594fff670e40c0718e9190eaeeb76aae7d8?s=96&d=mm&r=g","caption":"wpAdminCofbOrg"},"sameAs":["http:\/\/192.168.64.122\/wordpress"],"url":"https:\/\/www.cofb.org\/es\/author\/wpadmincofborg\/"}]}},"uagb_featured_image_src":{"full":false,"thumbnail":false,"medium":false,"medium_large":false,"large":false,"1536x1536":false,"2048x2048":false,"trp-custom-language-flag":false},"uagb_author_info":{"display_name":"wpAdminCofbOrg","author_link":"https:\/\/www.cofb.org\/es\/author\/wpadmincofborg\/"},"uagb_comment_info":0,"uagb_excerpt":"El Programa de detecci\u00f3 preco\u00e7 de c\u00e0ncer de c\u00f2lon i recte de Barcelona sota el lema \u201cCaminem plegats per la PREVENCI\u00d3 del c\u00e0ncer de c\u00f2lon\u201d s&#8217;uneix el pr\u00f2xim 21 de gener a la caminada de Sant Mart\u00ed de Proven\u00e7als que realitza la Secci\u00f3 Excursionista del Foment Martinenc i organitza l\u2019Associaci\u00f3 [&hellip;]","_links":{"self":[{"href":"https:\/\/www.cofb.org\/es\/wp-json\/wp\/v2\/posts\/36118","targetHints":{"allow":["GET"]}}],"collection":[{"href":"https:\/\/www.cofb.org\/es\/wp-json\/wp\/v2\/posts"}],"about":[{"href":"https:\/\/www.cofb.org\/es\/wp-json\/wp\/v2\/types\/post"}],"author":[{"embeddable":true,"href":"https:\/\/www.cofb.org\/es\/wp-json\/wp\/v2\/users\/1"}],"replies":[{"embeddable":true,"href":"https:\/\/www.cofb.org\/es\/wp-json\/wp\/v2\/comments?post=36118"}],"version-history":[{"count":0,"href":"https:\/\/www.cofb.org\/es\/wp-json\/wp\/v2\/posts\/36118\/revisions"}],"wp:featuredmedia":[{"embeddable":true,"href":"https:\/\/www.cofb.org\/es\/wp-json\/"}],"wp:attachment":[{"href":"https:\/\/www.cofb.org\/es\/wp-json\/wp\/v2\/media?parent=36118"}],"wp:term":[{"taxonomy":"category","embeddable":true,"href":"https:\/\/www.cofb.org\/es\/wp-json\/wp\/v2\/categories?post=36118"},{"taxonomy":"post_tag","embeddable":true,"href":"https:\/\/www.cofb.org\/es\/wp-json\/wp\/v2\/tags?post=36118"}],"curies":[{"name":"wp","href":"https:\/\/api.w.org\/{rel}","templated":true}]}}