{"id":32590,"date":"2017-09-28T13:41:52","date_gmt":"2017-09-28T12:41:52","guid":{"rendered":"http:\/\/blog.cofb.cat\/?p=32590"},"modified":"2017-09-28T13:41:52","modified_gmt":"2017-09-28T12:41:52","slug":"el-president-del-cof-de-barcelona-jordi-de-dalmases-ingressa-la-reial-academia-de-farmacia-de-catalunya","status":"publish","type":"post","link":"https:\/\/www.cofb.org\/es\/2017\/09\/28\/el-president-del-cof-de-barcelona-jordi-de-dalmases-ingressa-la-reial-academia-de-farmacia-de-catalunya\/","title":{"rendered":"El presidente del COF de Barcelona, Jordi de Dalmases, ingresa en la Real Academia de Farmacia de Catalunya"},"content":{"rendered":"<figure id=\"attachment_32615\" aria-describedby=\"caption-attachment-32615\" style=\"width: 358px\" class=\"wp-caption alignright\"><a href=\"http:\/\/blog.cofb.cat\/wp-content\/uploads\/2017\/09\/cofb.170929-a004.jpg\"><img fetchpriority=\"high\" decoding=\"async\" class=\"wp-image-32615\" title=\"El presidente del Colegio, Jordi de Dalmases, recibiendo la insignia que le acredita como miembro de la Real Academia de Farmacia de Catalu\u00f1a\" alt=\"cofb.170929-a004\" src=\"http:\/\/blog.cofb.cat\/wp-content\/uploads\/2017\/09\/cofb.170929-a004-1024x682.jpg\" width=\"358\" height=\"238\" \/><\/a><figcaption id=\"caption-attachment-32615\" class=\"wp-caption-text\">El presidente del Colegio, Jordi de Dalmases, recibiendo la insignia que le acredita como miembro de la Real Academia de Farmacia de Catalu\u00f1a<\/figcaption><\/figure>\n<p><b>El presidente del Colegio de Farmac\u00e9uticos de Barcelona, Jordi de Dalmases, ingres\u00f3 ayer en la Real Academia de Farmacia de Catalunya (RAFC) como Acad\u00e9mico Correspondiente.<\/b> Durante el acto de ingreso ley\u00f3 <b>el discurso \u201cLa segunda evoluci\u00f3n de la farmacia\u201d,<\/b> con el que abord\u00f3 <b>un repaso hist\u00f3rico, normativo y del papel de los profesionales en el desarrollo de la oficina de farmacia, desde sus inicios hasta la actualidad. <\/b><\/p>\n<p>Tal y como concret\u00f3 el secretario y el Acad\u00e9mico Numerario de la RAFC durante la presentaci\u00f3n, Jaume Casas, este repaso lo ha hecho \u201ccentr\u00e1ndose en la evoluci\u00f3n que ha tenido nuestra profesi\u00f3n, en cuanto a la oficina de farmacia en los \u00faltimos a\u00f1os, prestando especial atenci\u00f3n a la farmacia situada en el contexto actual, para acabar opinando qu\u00e9 hacer, desde su punto de vista, para conseguir ver a d\u00f3nde nos llevar\u00e1 el continuo proceso de cambio, ahora acelerado y que se inici\u00f3 hace unos a\u00f1os\u201d. \u201c<b>Lo que nos se\u00f1ala como la segunda evoluci\u00f3n de la farmacia<\/b> \u2013a\u00f1adi\u00f3 Casas\u2013<b> se basa en el papel del farmac\u00e9utico como servidor de los servicios asistenciales potenciando la prevenci\u00f3n de la enfermedad y la promoci\u00f3n de la salud en colaboraci\u00f3n con otros agentes sanitarios<\/b> <b>para llegar al fin de nuestra profesi\u00f3n, que es el servicio al enfermo ya la sociedad a la que nos debemos\u201d. \u00a0<\/b><\/p>\n<p><b><div class=\"box shadow\">La farmacia ayer, hoy y ma\u00f1ana<\/b><\/p>\n[caption id=&quot;attachment_32614&quot; align=&quot;alignleft&quot; width=&quot;372&quot;]<a href=\"http:\/\/blog.cofb.cat\/wp-content\/uploads\/2017\/09\/cofb.170929-a003.jpg\"><img decoding=\"async\" class=\"wp-image-32614\" title=\"Jordi de Dalmases leyendo el discurso &quot;La segunda evoluci\u00f3n de la farmacia&quot;\" alt=\"cofb.170929-a003\" src=\"http:\/\/blog.cofb.cat\/wp-content\/uploads\/2017\/09\/cofb.170929-a003-1024x682.jpg\" width=\"372\" height=\"247\" \/><\/a> Jordi de Dalmases leyendo el discurso \u201cLa segunda evoluci\u00f3n de la farmacia\u201d[\/caption]\n<p>El discurso, con el que De Dalmases quiso compartir \u201c<b>una reflexi\u00f3n sobre el sitio del farmac\u00e9utico en el siglo XXI\u201d,<\/b> estaba <b>estructurado en cuatro partes: \u201cLa farmacia ayer: evoluci\u00f3n hist\u00f3rica de la farmacia\u201d; &quot;La farmacia hoy: claves del contexto actual&quot;; &quot;La farmacia ma\u00f1ana: la segunda evoluci\u00f3n de la farmacia&quot;; y &quot;Conclusi\u00f3n: visi\u00f3n de futuro&quot;. <\/b><\/p>\n<p>Durante la introducci\u00f3n del parlamento se\u00f1al\u00f3 que\u00a0<b>\u201cveinte a\u00f1os dedicados a la representaci\u00f3n del colectivo farmac\u00e9utico en diferentes \u00e1mbitos, <\/b>junto con la <b>mi dedicaci\u00f3n durante muchos a\u00f1os a la farmacia y las vivencias que guardo en el recuerdo desde mi infancia<\/b> en la farmacia familiar,<b> me han conformado, <\/b>como si de una f\u00f3rmula magistral se tratara,<b> con una visi\u00f3n de la situaci\u00f3n actual del ejercicio de la profesi\u00f3n en la oficina de farmacia,<\/b> de sus puntos fuertes y d\u00e9biles como modelo organizado y un fuerte convencimiento en la idea de que <b>la profesi\u00f3n debe afrontar el presente con un importante esp\u00edritu de cambio, evoluci\u00f3n y crecimiento profesional\u201d.<\/b><\/p>\n<p><b>&quot;Un paso m\u00e1s para hacer crecer la aportaci\u00f3n profesional del farmac\u00e9utico a los ciudadanos&quot;<\/b><\/p>\n<p>Despu\u00e9s de hacer este repaso sobre ayer, hoy y ma\u00f1ana de la farmacia, <b>De Dalmases concluy\u00f3 que se debe dar un paso m\u00e1s \u201ccon este esp\u00edritu de cambio para hacer crecer nuestra aportaci\u00f3n profesional a los ciudadanos a trav\u00e9s de lo nuestro, el medicamento\u201d y poner el foco \u201cen los efectos que \u00e9stos medicamentos tienen en el paciente, en c\u00f3mo podemos contribuir con la gesti\u00f3n de nuestro conocimiento a que este efecto sea el deseado y, m\u00e1s all\u00e1 del medicamento, c\u00f3mo podemos contribuir activamente a la educaci\u00f3n sanitaria, a la promoci\u00f3n de la salud ya la prevenci\u00f3n de la enfermedad\u201d. <\/b>Son ejemplos los cribados en enfermedades como el c\u00e1ncer de colon y recto, el VIH, el c\u00e1ncer de piel, la enfermedad cardiovascular, la diabetes, entre otros muchos que llegar\u00e1n. <b>&quot;Este es s\u00f3lo el principio de la segunda evoluci\u00f3n de la farmacia&quot;,<\/b> afirm\u00f3.<b><\/div><\/b><\/p>\n<p>Jordi de Dalmases ha sido presidente del COFB en los \u00faltimos nueve a\u00f1os. Durante este tiempo tambi\u00e9n ha sido presidente del Consejo de Colegios Farmac\u00e9uticos de Catalu\u00f1a (desde 2008) y vicepresidente del Consejo General de Colegios Farmac\u00e9uticos (desde 2009), \u00f3rgano que representa a todos los colegios de farmac\u00e9uticos del Estado . Previamente fue vicepresidente del COFB (2004-2008); presidente de la Federaci\u00f3n Nacional de Asociaciones de Mayoristas y Distribuidoras de Especialidades Farmac\u00e9uticas (Fedifar) (1999-2003); y presidente de Federaci\u00f3n Farmac\u00e9utica (1996-2004).<\/p>\n<figure id=\"attachment_32628\" aria-describedby=\"caption-attachment-32628\" style=\"width: 620px\" class=\"wp-caption aligncenter\"><a href=\"http:\/\/blog.cofb.cat\/wp-content\/uploads\/2017\/09\/cofb.170929-a001.jpg\"><img decoding=\"async\" class=\"size-large wp-image-32628\" title=\"La Real Academia de Farmacia de Catalu\u00f1a durante el discurso de De Dalmases\" alt=\"cofb.170929-a001\" src=\"http:\/\/blog.cofb.cat\/wp-content\/uploads\/2017\/09\/cofb.170929-a001-1024x476.jpg\" width=\"620\" height=\"288\" \/><\/a><figcaption id=\"caption-attachment-32628\" class=\"wp-caption-text\">La Real Academia de Farmacia de Catalu\u00f1a durante el discurso de De Dalmases<\/figcaption><\/figure>\n<p style=\"text-align: center;\"><strong>Tambi\u00e9n puede consultar la <a href=\"http:\/\/www.cofb.org\/es\/web\/guest\/Noticia\/-\/journal_content\/56_INSTANCE_V6ao\/10136\/1005918\/\" target=\"_blank\" rel=\"noopener\">nota de prensa<\/a> enviada a los medios de comunicaci\u00f3n.<\/strong><\/p>","protected":false},"excerpt":{"rendered":"<p>El presidente del Colegio de Farmac\u00e9uticos de Barcelona, Jordi de Dalmases, ingres\u00f3 ayer en la Real Academia de Farmacia de Catalunya (RAFC) como Acad\u00e9mico Correspondiente. Durante el acto de ingreso ley\u00f3 el discurso \u201cLa segunda evoluci\u00f3n de la farmacia\u201d, con el que abord\u00f3 un repaso hist\u00f3rico, normativo y [\u2026]<\/p>","protected":false},"author":1,"featured_media":32614,"comment_status":"open","ping_status":"open","sticky":false,"template":"","format":"standard","meta":{"_uag_custom_page_level_css":"","site-sidebar-layout":"default","site-content-layout":"","ast-site-content-layout":"default","site-content-style":"default","site-sidebar-style":"default","ast-global-header-display":"","ast-banner-title-visibility":"","ast-main-header-display":"","ast-hfb-above-header-display":"","ast-hfb-below-header-display":"","ast-hfb-mobile-header-display":"","site-post-title":"","ast-breadcrumbs-content":"","ast-featured-img":"disabled","footer-sml-layout":"","theme-transparent-header-meta":"","adv-header-id-meta":"","stick-header-meta":"","header-above-stick-meta":"","header-main-stick-meta":"","header-below-stick-meta":"","astra-migrate-meta-layouts":"default","ast-page-background-enabled":"default","ast-page-background-meta":{"desktop":{"background-color":"var(--ast-global-color-4)","background-image":"","background-repeat":"repeat","background-position":"center center","background-size":"auto","background-attachment":"scroll","background-type":"","background-media":"","overlay-type":"","overlay-color":"","overlay-opacity":"","overlay-gradient":""},"tablet":{"background-color":"","background-image":"","background-repeat":"repeat","background-position":"center center","background-size":"auto","background-attachment":"scroll","background-type":"","background-media":"","overlay-type":"","overlay-color":"","overlay-opacity":"","overlay-gradient":""},"mobile":{"background-color":"","background-image":"","background-repeat":"repeat","background-position":"center center","background-size":"auto","background-attachment":"scroll","background-type":"","background-media":"","overlay-type":"","overlay-color":"","overlay-opacity":"","overlay-gradient":""}},"ast-content-background-meta":{"desktop":{"background-color":"var(--ast-global-color-5)","background-image":"","background-repeat":"repeat","background-position":"center center","background-size":"auto","background-attachment":"scroll","background-type":"","background-media":"","overlay-type":"","overlay-color":"","overlay-opacity":"","overlay-gradient":""},"tablet":{"background-color":"var(--ast-global-color-5)","background-image":"","background-repeat":"repeat","background-position":"center center","background-size":"auto","background-attachment":"scroll","background-type":"","background-media":"","overlay-type":"","overlay-color":"","overlay-opacity":"","overlay-gradient":""},"mobile":{"background-color":"var(--ast-global-color-5)","background-image":"","background-repeat":"repeat","background-position":"center center","background-size":"auto","background-attachment":"scroll","background-type":"","background-media":"","overlay-type":"","overlay-color":"","overlay-opacity":"","overlay-gradient":""}},"footnotes":""},"categories":[32],"tags":[2123,2236,2578],"class_list":["post-32590","post","type-post","status-publish","format-standard","has-post-thumbnail","hentry","category-noticies-farmacia","tag-jordi-de-dalmases","tag-rafc","tag-reial-academia-de-farmacia-de-catalunya"],"yoast_head":"<!-- This site is optimized with the Yoast SEO plugin v22.4 - https:\/\/yoast.com\/wordpress\/plugins\/seo\/ -->\n<title>El president del COF de Barcelona, Jordi de Dalmases, ingressa a la Reial Acad\u00e8mia de Farm\u00e0cia de Catalunya - Col\u00b7legi de Farmac\u00e8utics de Barcelona<\/title>\n<meta name=\"description\" content=\"Jordi de Dalmases, president del Col\u00b7legi de Farmac\u00e8utics de Barcelona, ingressa a la Reial Acad\u00e8mia de Farm\u00e0cia de Catalunya\" \/>\n<meta name=\"robots\" content=\"index, follow, max-snippet:-1, max-image-preview:large, max-video-preview:-1\" \/>\n<link rel=\"canonical\" href=\"https:\/\/novaorg.cofb.net\/2017\/09\/28\/el-president-del-cof-de-barcelona-jordi-de-dalmases-ingressa-la-reial-academia-de-farmacia-de-catalunya\/\" \/>\n<meta property=\"og:locale\" content=\"es_ES\" \/>\n<meta property=\"og:type\" content=\"article\" \/>\n<meta property=\"og:title\" content=\"El president del COF de Barcelona, Jordi de Dalmases, ingressa a la Reial Acad\u00e8mia de Farm\u00e0cia de Catalunya - Col\u00b7legi de Farmac\u00e8utics de Barcelona\" \/>\n<meta property=\"og:description\" content=\"Jordi de Dalmases, president del Col\u00b7legi de Farmac\u00e8utics de Barcelona, ingressa a la Reial Acad\u00e8mia de Farm\u00e0cia de Catalunya\" \/>\n<meta property=\"og:url\" content=\"https:\/\/novaorg.cofb.net\/2017\/09\/28\/el-president-del-cof-de-barcelona-jordi-de-dalmases-ingressa-la-reial-academia-de-farmacia-de-catalunya\/\" \/>\n<meta property=\"og:site_name\" content=\"Col\u00b7legi de Farmac\u00e8utics de Barcelona\" \/>\n<meta property=\"article:publisher\" content=\"https:\/\/www.facebook.com\/farmaceuticsbcn\/\" \/>\n<meta property=\"article:published_time\" content=\"2017-09-28T12:41:52+00:00\" \/>\n<meta name=\"author\" content=\"wpAdminCofbOrg\" \/>\n<meta name=\"twitter:card\" content=\"summary_large_image\" \/>\n<meta name=\"twitter:creator\" content=\"@farmaceuticsbcn\" \/>\n<meta name=\"twitter:site\" content=\"@farmaceuticsbcn\" \/>\n<meta name=\"twitter:label1\" content=\"Escrito por\" \/>\n\t<meta name=\"twitter:data1\" content=\"wpAdminCofbOrg\" \/>\n\t<meta name=\"twitter:label2\" content=\"Tiempo de lectura\" \/>\n\t<meta name=\"twitter:data2\" content=\"4 minutos\" \/>\n<script type=\"application\/ld+json\" class=\"yoast-schema-graph\">{\"@context\":\"https:\/\/schema.org\",\"@graph\":[{\"@type\":\"Article\",\"@id\":\"https:\/\/novaorg.cofb.net\/2017\/09\/28\/el-president-del-cof-de-barcelona-jordi-de-dalmases-ingressa-la-reial-academia-de-farmacia-de-catalunya\/#article\",\"isPartOf\":{\"@id\":\"https:\/\/novaorg.cofb.net\/2017\/09\/28\/el-president-del-cof-de-barcelona-jordi-de-dalmases-ingressa-la-reial-academia-de-farmacia-de-catalunya\/\"},\"author\":{\"name\":\"wpAdminCofbOrg\",\"@id\":\"https:\/\/www.cofb.org\/#\/schema\/person\/22ed7eea88da74b0fa4d3154ad87ffcb\"},\"headline\":\"El president del COF de Barcelona, Jordi de Dalmases, ingressa a la Reial Acad\u00e8mia de Farm\u00e0cia de Catalunya\",\"datePublished\":\"2017-09-28T12:41:52+00:00\",\"dateModified\":\"2017-09-28T12:41:52+00:00\",\"mainEntityOfPage\":{\"@id\":\"https:\/\/novaorg.cofb.net\/2017\/09\/28\/el-president-del-cof-de-barcelona-jordi-de-dalmases-ingressa-la-reial-academia-de-farmacia-de-catalunya\/\"},\"wordCount\":824,\"commentCount\":0,\"publisher\":{\"@id\":\"https:\/\/www.cofb.org\/#organization\"},\"image\":{\"@id\":\"https:\/\/novaorg.cofb.net\/2017\/09\/28\/el-president-del-cof-de-barcelona-jordi-de-dalmases-ingressa-la-reial-academia-de-farmacia-de-catalunya\/#primaryimage\"},\"thumbnailUrl\":\"\",\"keywords\":[\"Jordi de Dalmases\",\"RAFC\",\"Reial Acad\u00e8mia de Farm\u00e0cia de Catalunya\"],\"articleSection\":[\"Not\u00edcies farm\u00e0cia\"],\"inLanguage\":\"es\",\"potentialAction\":[{\"@type\":\"CommentAction\",\"name\":\"Comment\",\"target\":[\"https:\/\/novaorg.cofb.net\/2017\/09\/28\/el-president-del-cof-de-barcelona-jordi-de-dalmases-ingressa-la-reial-academia-de-farmacia-de-catalunya\/#respond\"]}]},{\"@type\":\"WebPage\",\"@id\":\"https:\/\/novaorg.cofb.net\/2017\/09\/28\/el-president-del-cof-de-barcelona-jordi-de-dalmases-ingressa-la-reial-academia-de-farmacia-de-catalunya\/\",\"url\":\"https:\/\/novaorg.cofb.net\/2017\/09\/28\/el-president-del-cof-de-barcelona-jordi-de-dalmases-ingressa-la-reial-academia-de-farmacia-de-catalunya\/\",\"name\":\"El president del COF de Barcelona, Jordi de Dalmases, ingressa a la Reial Acad\u00e8mia de Farm\u00e0cia de Catalunya - Col\u00b7legi de Farmac\u00e8utics de Barcelona\",\"isPartOf\":{\"@id\":\"https:\/\/www.cofb.org\/#website\"},\"primaryImageOfPage\":{\"@id\":\"https:\/\/novaorg.cofb.net\/2017\/09\/28\/el-president-del-cof-de-barcelona-jordi-de-dalmases-ingressa-la-reial-academia-de-farmacia-de-catalunya\/#primaryimage\"},\"image\":{\"@id\":\"https:\/\/novaorg.cofb.net\/2017\/09\/28\/el-president-del-cof-de-barcelona-jordi-de-dalmases-ingressa-la-reial-academia-de-farmacia-de-catalunya\/#primaryimage\"},\"thumbnailUrl\":\"\",\"datePublished\":\"2017-09-28T12:41:52+00:00\",\"dateModified\":\"2017-09-28T12:41:52+00:00\",\"description\":\"Jordi de Dalmases, president del Col\u00b7legi de Farmac\u00e8utics de Barcelona, ingressa a la Reial Acad\u00e8mia de Farm\u00e0cia de Catalunya\",\"breadcrumb\":{\"@id\":\"https:\/\/novaorg.cofb.net\/2017\/09\/28\/el-president-del-cof-de-barcelona-jordi-de-dalmases-ingressa-la-reial-academia-de-farmacia-de-catalunya\/#breadcrumb\"},\"inLanguage\":\"es\",\"potentialAction\":[{\"@type\":\"ReadAction\",\"target\":[\"https:\/\/novaorg.cofb.net\/2017\/09\/28\/el-president-del-cof-de-barcelona-jordi-de-dalmases-ingressa-la-reial-academia-de-farmacia-de-catalunya\/\"]}]},{\"@type\":\"ImageObject\",\"inLanguage\":\"es\",\"@id\":\"https:\/\/novaorg.cofb.net\/2017\/09\/28\/el-president-del-cof-de-barcelona-jordi-de-dalmases-ingressa-la-reial-academia-de-farmacia-de-catalunya\/#primaryimage\",\"url\":\"\",\"contentUrl\":\"\"},{\"@type\":\"BreadcrumbList\",\"@id\":\"https:\/\/novaorg.cofb.net\/2017\/09\/28\/el-president-del-cof-de-barcelona-jordi-de-dalmases-ingressa-la-reial-academia-de-farmacia-de-catalunya\/#breadcrumb\",\"itemListElement\":[{\"@type\":\"ListItem\",\"position\":1,\"name\":\"Inici\",\"item\":\"https:\/\/novaorg.cofb.net\/\"},{\"@type\":\"ListItem\",\"position\":2,\"name\":\"El president del COF de Barcelona, Jordi de Dalmases, ingressa a la Reial Acad\u00e8mia de Farm\u00e0cia de Catalunya\"}]},{\"@type\":\"WebSite\",\"@id\":\"https:\/\/www.cofb.org\/#website\",\"url\":\"https:\/\/www.cofb.org\/\",\"name\":\"Col\u00b7legi de Farmac\u00e8utics de Barcelona\",\"description\":\"\",\"publisher\":{\"@id\":\"https:\/\/www.cofb.org\/#organization\"},\"potentialAction\":[{\"@type\":\"SearchAction\",\"target\":{\"@type\":\"EntryPoint\",\"urlTemplate\":\"https:\/\/www.cofb.org\/?s={search_term_string}\"},\"query-input\":\"required name=search_term_string\"}],\"inLanguage\":\"es\"},{\"@type\":\"Organization\",\"@id\":\"https:\/\/www.cofb.org\/#organization\",\"name\":\"Col\u00b7legi de Farmac\u00e8utics de Barcelona\",\"url\":\"https:\/\/www.cofb.org\/\",\"logo\":{\"@type\":\"ImageObject\",\"inLanguage\":\"es\",\"@id\":\"https:\/\/www.cofb.org\/#\/schema\/logo\/image\/\",\"url\":\"https:\/\/www.cofb.org\/wp-content\/uploads\/2023\/11\/cropped-Logotip-COFB.png\",\"contentUrl\":\"https:\/\/www.cofb.org\/wp-content\/uploads\/2023\/11\/cropped-Logotip-COFB.png\",\"width\":500,\"height\":105,\"caption\":\"Col\u00b7legi de Farmac\u00e8utics de Barcelona\"},\"image\":{\"@id\":\"https:\/\/www.cofb.org\/#\/schema\/logo\/image\/\"},\"sameAs\":[\"https:\/\/www.facebook.com\/farmaceuticsbcn\/\",\"https:\/\/twitter.com\/farmaceuticsbcn\",\"https:\/\/www.instagram.com\/farmaceuticsbcn\/\",\"https:\/\/www.linkedin.com\/company\/farmaceuticsbcn\/\"]},{\"@type\":\"Person\",\"@id\":\"https:\/\/www.cofb.org\/#\/schema\/person\/22ed7eea88da74b0fa4d3154ad87ffcb\",\"name\":\"wpAdminCofbOrg\",\"image\":{\"@type\":\"ImageObject\",\"inLanguage\":\"es\",\"@id\":\"https:\/\/www.cofb.org\/#\/schema\/person\/image\/\",\"url\":\"https:\/\/secure.gravatar.com\/avatar\/1721b20b3b8ca882c3b56ec6c978c594fff670e40c0718e9190eaeeb76aae7d8?s=96&d=mm&r=g\",\"contentUrl\":\"https:\/\/secure.gravatar.com\/avatar\/1721b20b3b8ca882c3b56ec6c978c594fff670e40c0718e9190eaeeb76aae7d8?s=96&d=mm&r=g\",\"caption\":\"wpAdminCofbOrg\"},\"sameAs\":[\"http:\/\/192.168.64.122\/wordpress\"],\"url\":\"https:\/\/www.cofb.org\/es\/author\/wpadmincofborg\/\"}]}<\/script>\n<!-- \/ Yoast SEO plugin. -->","yoast_head_json":{"title":"El president del COF de Barcelona, Jordi de Dalmases, ingressa a la Reial Acad\u00e8mia de Farm\u00e0cia de Catalunya - Col\u00b7legi de Farmac\u00e8utics de Barcelona","description":"Jordi de Dalmases, president del Col\u00b7legi de Farmac\u00e8utics de Barcelona, ingressa a la Reial Acad\u00e8mia de Farm\u00e0cia de Catalunya","robots":{"index":"index","follow":"follow","max-snippet":"max-snippet:-1","max-image-preview":"max-image-preview:large","max-video-preview":"max-video-preview:-1"},"canonical":"https:\/\/novaorg.cofb.net\/2017\/09\/28\/el-president-del-cof-de-barcelona-jordi-de-dalmases-ingressa-la-reial-academia-de-farmacia-de-catalunya\/","og_locale":"es_ES","og_type":"article","og_title":"El president del COF de Barcelona, Jordi de Dalmases, ingressa a la Reial Acad\u00e8mia de Farm\u00e0cia de Catalunya - Col\u00b7legi de Farmac\u00e8utics de Barcelona","og_description":"Jordi de Dalmases, president del Col\u00b7legi de Farmac\u00e8utics de Barcelona, ingressa a la Reial Acad\u00e8mia de Farm\u00e0cia de Catalunya","og_url":"https:\/\/novaorg.cofb.net\/2017\/09\/28\/el-president-del-cof-de-barcelona-jordi-de-dalmases-ingressa-la-reial-academia-de-farmacia-de-catalunya\/","og_site_name":"Col\u00b7legi de Farmac\u00e8utics de Barcelona","article_publisher":"https:\/\/www.facebook.com\/farmaceuticsbcn\/","article_published_time":"2017-09-28T12:41:52+00:00","author":"wpAdminCofbOrg","twitter_card":"summary_large_image","twitter_creator":"@farmaceuticsbcn","twitter_site":"@farmaceuticsbcn","twitter_misc":{"Escrito por":"wpAdminCofbOrg","Tiempo de lectura":"4 minutos"},"schema":{"@context":"https:\/\/schema.org","@graph":[{"@type":"Article","@id":"https:\/\/novaorg.cofb.net\/2017\/09\/28\/el-president-del-cof-de-barcelona-jordi-de-dalmases-ingressa-la-reial-academia-de-farmacia-de-catalunya\/#article","isPartOf":{"@id":"https:\/\/novaorg.cofb.net\/2017\/09\/28\/el-president-del-cof-de-barcelona-jordi-de-dalmases-ingressa-la-reial-academia-de-farmacia-de-catalunya\/"},"author":{"name":"wpAdminCofbOrg","@id":"https:\/\/www.cofb.org\/#\/schema\/person\/22ed7eea88da74b0fa4d3154ad87ffcb"},"headline":"El president del COF de Barcelona, Jordi de Dalmases, ingressa a la Reial Acad\u00e8mia de Farm\u00e0cia de Catalunya","datePublished":"2017-09-28T12:41:52+00:00","dateModified":"2017-09-28T12:41:52+00:00","mainEntityOfPage":{"@id":"https:\/\/novaorg.cofb.net\/2017\/09\/28\/el-president-del-cof-de-barcelona-jordi-de-dalmases-ingressa-la-reial-academia-de-farmacia-de-catalunya\/"},"wordCount":824,"commentCount":0,"publisher":{"@id":"https:\/\/www.cofb.org\/#organization"},"image":{"@id":"https:\/\/novaorg.cofb.net\/2017\/09\/28\/el-president-del-cof-de-barcelona-jordi-de-dalmases-ingressa-la-reial-academia-de-farmacia-de-catalunya\/#primaryimage"},"thumbnailUrl":"","keywords":["Jordi de Dalmases","RAFC","Reial Acad\u00e8mia de Farm\u00e0cia de Catalunya"],"articleSection":["Not\u00edcies farm\u00e0cia"],"inLanguage":"es","potentialAction":[{"@type":"CommentAction","name":"Comment","target":["https:\/\/novaorg.cofb.net\/2017\/09\/28\/el-president-del-cof-de-barcelona-jordi-de-dalmases-ingressa-la-reial-academia-de-farmacia-de-catalunya\/#respond"]}]},{"@type":"WebPage","@id":"https:\/\/novaorg.cofb.net\/2017\/09\/28\/el-president-del-cof-de-barcelona-jordi-de-dalmases-ingressa-la-reial-academia-de-farmacia-de-catalunya\/","url":"https:\/\/novaorg.cofb.net\/2017\/09\/28\/el-president-del-cof-de-barcelona-jordi-de-dalmases-ingressa-la-reial-academia-de-farmacia-de-catalunya\/","name":"El president del COF de Barcelona, Jordi de Dalmases, ingressa a la Reial Acad\u00e8mia de Farm\u00e0cia de Catalunya - Col\u00b7legi de Farmac\u00e8utics de Barcelona","isPartOf":{"@id":"https:\/\/www.cofb.org\/#website"},"primaryImageOfPage":{"@id":"https:\/\/novaorg.cofb.net\/2017\/09\/28\/el-president-del-cof-de-barcelona-jordi-de-dalmases-ingressa-la-reial-academia-de-farmacia-de-catalunya\/#primaryimage"},"image":{"@id":"https:\/\/novaorg.cofb.net\/2017\/09\/28\/el-president-del-cof-de-barcelona-jordi-de-dalmases-ingressa-la-reial-academia-de-farmacia-de-catalunya\/#primaryimage"},"thumbnailUrl":"","datePublished":"2017-09-28T12:41:52+00:00","dateModified":"2017-09-28T12:41:52+00:00","description":"Jordi de Dalmases, president del Col\u00b7legi de Farmac\u00e8utics de Barcelona, ingressa a la Reial Acad\u00e8mia de Farm\u00e0cia de Catalunya","breadcrumb":{"@id":"https:\/\/novaorg.cofb.net\/2017\/09\/28\/el-president-del-cof-de-barcelona-jordi-de-dalmases-ingressa-la-reial-academia-de-farmacia-de-catalunya\/#breadcrumb"},"inLanguage":"es","potentialAction":[{"@type":"ReadAction","target":["https:\/\/novaorg.cofb.net\/2017\/09\/28\/el-president-del-cof-de-barcelona-jordi-de-dalmases-ingressa-la-reial-academia-de-farmacia-de-catalunya\/"]}]},{"@type":"ImageObject","inLanguage":"es","@id":"https:\/\/novaorg.cofb.net\/2017\/09\/28\/el-president-del-cof-de-barcelona-jordi-de-dalmases-ingressa-la-reial-academia-de-farmacia-de-catalunya\/#primaryimage","url":"","contentUrl":""},{"@type":"BreadcrumbList","@id":"https:\/\/novaorg.cofb.net\/2017\/09\/28\/el-president-del-cof-de-barcelona-jordi-de-dalmases-ingressa-la-reial-academia-de-farmacia-de-catalunya\/#breadcrumb","itemListElement":[{"@type":"ListItem","position":1,"name":"Inici","item":"https:\/\/novaorg.cofb.net\/"},{"@type":"ListItem","position":2,"name":"El president del COF de Barcelona, Jordi de Dalmases, ingressa a la Reial Acad\u00e8mia de Farm\u00e0cia de Catalunya"}]},{"@type":"WebSite","@id":"https:\/\/www.cofb.org\/#website","url":"https:\/\/www.cofb.org\/","name":"Col\u00b7legi de Farmac\u00e8utics de Barcelona","description":"","publisher":{"@id":"https:\/\/www.cofb.org\/#organization"},"potentialAction":[{"@type":"SearchAction","target":{"@type":"EntryPoint","urlTemplate":"https:\/\/www.cofb.org\/?s={search_term_string}"},"query-input":"required name=search_term_string"}],"inLanguage":"es"},{"@type":"Organization","@id":"https:\/\/www.cofb.org\/#organization","name":"Col\u00b7legi de Farmac\u00e8utics de Barcelona","url":"https:\/\/www.cofb.org\/","logo":{"@type":"ImageObject","inLanguage":"es","@id":"https:\/\/www.cofb.org\/#\/schema\/logo\/image\/","url":"https:\/\/www.cofb.org\/wp-content\/uploads\/2023\/11\/cropped-Logotip-COFB.png","contentUrl":"https:\/\/www.cofb.org\/wp-content\/uploads\/2023\/11\/cropped-Logotip-COFB.png","width":500,"height":105,"caption":"Col\u00b7legi de Farmac\u00e8utics de Barcelona"},"image":{"@id":"https:\/\/www.cofb.org\/#\/schema\/logo\/image\/"},"sameAs":["https:\/\/www.facebook.com\/farmaceuticsbcn\/","https:\/\/twitter.com\/farmaceuticsbcn","https:\/\/www.instagram.com\/farmaceuticsbcn\/","https:\/\/www.linkedin.com\/company\/farmaceuticsbcn\/"]},{"@type":"Person","@id":"https:\/\/www.cofb.org\/#\/schema\/person\/22ed7eea88da74b0fa4d3154ad87ffcb","name":"wpAdminCofbOrg","image":{"@type":"ImageObject","inLanguage":"es","@id":"https:\/\/www.cofb.org\/#\/schema\/person\/image\/","url":"https:\/\/secure.gravatar.com\/avatar\/1721b20b3b8ca882c3b56ec6c978c594fff670e40c0718e9190eaeeb76aae7d8?s=96&d=mm&r=g","contentUrl":"https:\/\/secure.gravatar.com\/avatar\/1721b20b3b8ca882c3b56ec6c978c594fff670e40c0718e9190eaeeb76aae7d8?s=96&d=mm&r=g","caption":"wpAdminCofbOrg"},"sameAs":["http:\/\/192.168.64.122\/wordpress"],"url":"https:\/\/www.cofb.org\/es\/author\/wpadmincofborg\/"}]}},"uagb_featured_image_src":{"full":false,"thumbnail":false,"medium":false,"medium_large":false,"large":false,"1536x1536":false,"2048x2048":false,"trp-custom-language-flag":false},"uagb_author_info":{"display_name":"wpAdminCofbOrg","author_link":"https:\/\/www.cofb.org\/es\/author\/wpadmincofborg\/"},"uagb_comment_info":0,"uagb_excerpt":"El president del Col\u00b7legi de Farmac\u00e8utics de Barcelona, Jordi de Dalmases, va ingressar ahir a la Reial Acad\u00e8mia de Farm\u00e0cia de Catalunya (RAFC) com a Acad\u00e8mic Corresponent. Durant l\u2019acte d\u2019ingr\u00e9s va llegir el discurs \u201cLa segona evoluci\u00f3 de la farm\u00e0cia\u201d, amb el qual va abordar un rep\u00e0s hist\u00f2ric, normatiu i [&hellip;]","_links":{"self":[{"href":"https:\/\/www.cofb.org\/es\/wp-json\/wp\/v2\/posts\/32590","targetHints":{"allow":["GET"]}}],"collection":[{"href":"https:\/\/www.cofb.org\/es\/wp-json\/wp\/v2\/posts"}],"about":[{"href":"https:\/\/www.cofb.org\/es\/wp-json\/wp\/v2\/types\/post"}],"author":[{"embeddable":true,"href":"https:\/\/www.cofb.org\/es\/wp-json\/wp\/v2\/users\/1"}],"replies":[{"embeddable":true,"href":"https:\/\/www.cofb.org\/es\/wp-json\/wp\/v2\/comments?post=32590"}],"version-history":[{"count":0,"href":"https:\/\/www.cofb.org\/es\/wp-json\/wp\/v2\/posts\/32590\/revisions"}],"wp:featuredmedia":[{"embeddable":true,"href":"https:\/\/www.cofb.org\/es\/wp-json\/"}],"wp:attachment":[{"href":"https:\/\/www.cofb.org\/es\/wp-json\/wp\/v2\/media?parent=32590"}],"wp:term":[{"taxonomy":"category","embeddable":true,"href":"https:\/\/www.cofb.org\/es\/wp-json\/wp\/v2\/categories?post=32590"},{"taxonomy":"post_tag","embeddable":true,"href":"https:\/\/www.cofb.org\/es\/wp-json\/wp\/v2\/tags?post=32590"}],"curies":[{"name":"wp","href":"https:\/\/api.w.org\/{rel}","templated":true}]}}