{"id":32553,"date":"2017-09-29T11:47:48","date_gmt":"2017-09-29T10:47:48","guid":{"rendered":"http:\/\/blog.cofb.cat\/?p=32553"},"modified":"2017-09-29T11:47:48","modified_gmt":"2017-09-29T10:47:48","slug":"jornada-formativa-sobre-psoriasi-el-paper-del-farmaceutic-en-la-millora-del-seu-control","status":"publish","type":"post","link":"https:\/\/www.cofb.org\/es\/2017\/09\/29\/jornada-formativa-sobre-psoriasi-el-paper-del-farmaceutic-en-la-millora-del-seu-control\/","title":{"rendered":"Jornada formativa sobre psoriasis y el papel del farmac\u00e9utico en la mejora de su control"},"content":{"rendered":"<figure id=\"attachment_32671\" aria-describedby=\"caption-attachment-32671\" style=\"width: 372px\" class=\"wp-caption alignright\"><a href=\"http:\/\/blog.cofb.cat\/wp-content\/uploads\/2017\/09\/04B5136.jpg\"><img fetchpriority=\"high\" decoding=\"async\" class=\"wp-image-32671\" title=\"Los tres ponentes de la jornada: Miquel Ribera, Marta Alcalde y Santiago Alfonso (de izquierda a derecha)\" alt=\"_04B5136\" src=\"http:\/\/blog.cofb.cat\/wp-content\/uploads\/2017\/09\/04B5136-1024x682.jpg\" width=\"372\" height=\"247\" \/><\/a><figcaption id=\"caption-attachment-32671\" class=\"wp-caption-text\">Los tres ponentes de la jornada: Miquel Ribera, Marta Alcalde y Santiago Alfonso (de izquierda a derecha)<\/figcaption><\/figure>\n<p>El Colegio acogi\u00f3 ayer, jueves 28 de septiembre, <strong>&quot;El papel del farmac\u00e9utico en la mejora del control de la psoriasis&quot;<\/strong>, una jornada de formaci\u00f3n impulsada por la Asociaci\u00f3n de Pacientes <i>Acci\u00f3n Psoriasis<\/i> con el fin <strong>implicar a los farmac\u00e9uticos comunitarios en el abordaje de esta enfermedad<\/strong>. El acto, que se realiz\u00f3 bajo el marco de la campa\u00f1a <i>Aclara la Psoriasis,<\/i> cont\u00f3 con la presencia de <strong>Marta Alcalde<\/strong>, vocal de Dermofarmacia y Productos Sanitarios del COFB, el doctor <strong>Miquel Ribera<\/strong>, Dermat\u00f3logo del Hospital Universitario de Sabadell Corporaci\u00f3n Parc Taul\u00ed y vicepresidente de <i>la Academia Espa\u00f1ola de Dermatolog\u00eda y Venereolog\u00eda<\/i>, y <strong>Santiago Alfonso<\/strong>, director de la Asociaci\u00f3n de Pacientes <i>Acci\u00f3n Psoriasis<\/i>.<\/p>\n<p>Durante la jornada, los conferenciantes incidieron en la<strong> proximidad del farmac\u00e9utico comunitario con la ciudadan\u00eda<\/strong> y resaltaron que, gracias a este hecho, el profesional puede ser clave en el abordaje de la enfermedad, ya que la implicaci\u00f3n con los pacientes ocurrir\u00eda <strong>directo y constante<\/strong>.  De esta forma, la oficina de farmacia podr\u00eda establecerse como un espacio donde <strong>ofrecer informaci\u00f3n sobre la enfermedad<\/strong> y, al mismo tiempo, d\u00f3nde se <strong>contribuir\u00eda a que las personas afectadas recibieran el tratamiento m\u00e1s id\u00f3neo<\/strong>.<\/p>\n<p>Concretamente, como afirm\u00f3 Marta Alcalde, es <b>fundamental la intervenci\u00f3n del farmac\u00e9utico por la mejora de la adherencia<\/b> del paciente al tratamiento, teniendo muy en cuenta los factores de afectaci\u00f3n psicosocial que comporta la patolog\u00eda, abord\u00e1ndola desde la confianza, la empat\u00eda y la informaci\u00f3n clara y comprensible. En este sentido, Santiago Alfonso, destac\u00f3 la importancia de esta relaci\u00f3n <strong>definiendo a la farmacia<\/strong> c\u00f3mo <b>&quot;la correa de transmisi\u00f3n entre ciencia y pacientes&quot;<\/b>. Sin embargo, el dr. Miquel Ribera, apunt\u00f3 la <b>relevancia del profesional farmac\u00e9utico<\/b> en esta relaci\u00f3n, especialmente a la hora de conseguir <b>una correcta aplicaci\u00f3n de los tratamientos t\u00f3picos<\/b>.<\/p>\n<p><b><div class=\"box shadow\">Campa\u00f1a de concienciaci\u00f3n <i>Aclara la Psoriasis<\/i><\/b><\/p>\n[caption id=&quot;attachment_32670&quot; align=&quot;alignleft&quot; width=&quot;298&quot;]<a href=\"http:\/\/blog.cofb.cat\/wp-content\/uploads\/2017\/09\/04B5079.jpg\"><img decoding=\"async\" class=\"wp-image-32670\" title=\"Materiales divulgativos de la campa\u00f1a\" alt=\"Materials divulgatius de la campanya\" src=\"http:\/\/blog.cofb.cat\/wp-content\/uploads\/2017\/09\/04B5079-1024x682.jpg\" width=\"298\" height=\"198\" \/><\/a> Materiales divulgativos de la campa\u00f1a[\/caption]\n<p><i>Aclara la Psoriasis<\/i> es una campa\u00f1a de concienciaci\u00f3n y activaci\u00f3n impulsada por Acci\u00f3 Psoriasi, que pretende <strong>sensibilizar a la poblaci\u00f3n sobre el impacto social y psicol\u00f3gico de la psoriasis y concienciar a quienes la padecen que es posible conseguir un mejor control de los s\u00edntomas y una mejor calidad de vida teniendo un rol activo frente a esta enfermedad<\/strong>, que afecta al 2,3% de la poblaci\u00f3n oa m\u00e1s de un mill\u00f3n de personas en Espa\u00f1a. En Catalu\u00f1a, la patolog\u00eda afecta a m\u00e1s de 170.000 personas y, en concreto a Barcelona, a unas 37.000.<\/p>\n<p><strong><\/div><\/strong><\/p>\n<p><b>Para m\u00e1s informaci\u00f3n:<\/b><\/p>\n<ul>\n<li><a href=\"https:\/\/www.accionpsoriasis.org\/aclaralapsoriasis\/\">Aclara la Psoriasis<\/a> (v\u00eda Acci\u00f3n Psoriasis)<\/li>\n<li><a title=\"Link permanente en Llega a Barcelona la campa\u00f1a de concienciaci\u00f3n y activaci\u00f3n &#039;Aclara la psoriasis&#039;\" href=\"http:\/\/blog.cofb.cat\/arriba-barcelona-la-campanya-de-conscienciacio-activacio-aclareix-la-psoriasi\/\">Llega a Barcelona la campa\u00f1a de concienciaci\u00f3n y activaci\u00f3n &#039;Aclara la psoriasis&#039;<\/a> (v\u00eda Blog)<\/li>\n<\/ul>","protected":false},"excerpt":{"rendered":"<p>El Colegio acogi\u00f3 ayer, jueves 28 de septiembre, \u201cEl papel del farmac\u00e9utico en la mejora del control de la psoriasis\u201d, una jornada de formaci\u00f3n impulsada por la Asociaci\u00f3n de Pacientes Acci\u00f3n Psoriasis con el fin de implicar a los farmac\u00e9uticos comunitarios en el abordaje de esta enfermedad. El acto, que se realiz\u00f3 bajo el [\u2026]<\/p>","protected":false},"author":1,"featured_media":32670,"comment_status":"open","ping_status":"open","sticky":false,"template":"","format":"standard","meta":{"_uag_custom_page_level_css":"","site-sidebar-layout":"default","site-content-layout":"","ast-site-content-layout":"default","site-content-style":"default","site-sidebar-style":"default","ast-global-header-display":"","ast-banner-title-visibility":"","ast-main-header-display":"","ast-hfb-above-header-display":"","ast-hfb-below-header-display":"","ast-hfb-mobile-header-display":"","site-post-title":"","ast-breadcrumbs-content":"","ast-featured-img":"disabled","footer-sml-layout":"","theme-transparent-header-meta":"","adv-header-id-meta":"","stick-header-meta":"","header-above-stick-meta":"","header-main-stick-meta":"","header-below-stick-meta":"","astra-migrate-meta-layouts":"default","ast-page-background-enabled":"default","ast-page-background-meta":{"desktop":{"background-color":"var(--ast-global-color-4)","background-image":"","background-repeat":"repeat","background-position":"center center","background-size":"auto","background-attachment":"scroll","background-type":"","background-media":"","overlay-type":"","overlay-color":"","overlay-opacity":"","overlay-gradient":""},"tablet":{"background-color":"","background-image":"","background-repeat":"repeat","background-position":"center center","background-size":"auto","background-attachment":"scroll","background-type":"","background-media":"","overlay-type":"","overlay-color":"","overlay-opacity":"","overlay-gradient":""},"mobile":{"background-color":"","background-image":"","background-repeat":"repeat","background-position":"center center","background-size":"auto","background-attachment":"scroll","background-type":"","background-media":"","overlay-type":"","overlay-color":"","overlay-opacity":"","overlay-gradient":""}},"ast-content-background-meta":{"desktop":{"background-color":"var(--ast-global-color-5)","background-image":"","background-repeat":"repeat","background-position":"center center","background-size":"auto","background-attachment":"scroll","background-type":"","background-media":"","overlay-type":"","overlay-color":"","overlay-opacity":"","overlay-gradient":""},"tablet":{"background-color":"var(--ast-global-color-5)","background-image":"","background-repeat":"repeat","background-position":"center center","background-size":"auto","background-attachment":"scroll","background-type":"","background-media":"","overlay-type":"","overlay-color":"","overlay-opacity":"","overlay-gradient":""},"mobile":{"background-color":"var(--ast-global-color-5)","background-image":"","background-repeat":"repeat","background-position":"center center","background-size":"auto","background-attachment":"scroll","background-type":"","background-media":"","overlay-type":"","overlay-color":"","overlay-opacity":"","overlay-gradient":""}},"footnotes":""},"categories":[57],"tags":[802,803,2869,2798,231,436],"class_list":["post-32553","post","type-post","status-publish","format-standard","has-post-thumbnail","hentry","category-mon-collegial","tag-accio-psoriasi","tag-accion-psoriasis","tag-aclarece-la-psoriasis","tag-aclareix-la-psoriasi","tag-psoriasi","tag-serveis"],"yoast_head":"<!-- This site is optimized with the Yoast SEO plugin v22.4 - https:\/\/yoast.com\/wordpress\/plugins\/seo\/ -->\n<title>Jornada formativa sobre psoriasi i el paper del farmac\u00e8utic en la millora del seu control - Col\u00b7legi de Farmac\u00e8utics de Barcelona<\/title>\n<meta name=\"description\" content=\"El Col\u00b7legi va acollir ahir, dijous 28 de setembre, una jornada formativa sobre psoriasi i el paper del farmac\u00e8utic en la millora del seu control\" \/>\n<meta name=\"robots\" content=\"index, follow, max-snippet:-1, max-image-preview:large, max-video-preview:-1\" \/>\n<link rel=\"canonical\" href=\"https:\/\/novaorg.cofb.net\/2017\/09\/29\/jornada-formativa-sobre-psoriasi-el-paper-del-farmaceutic-en-la-millora-del-seu-control\/\" \/>\n<meta property=\"og:locale\" content=\"es_ES\" \/>\n<meta property=\"og:type\" content=\"article\" \/>\n<meta property=\"og:title\" content=\"Jornada formativa sobre psoriasi i el paper del farmac\u00e8utic en la millora del seu control - Col\u00b7legi de Farmac\u00e8utics de Barcelona\" \/>\n<meta property=\"og:description\" content=\"El Col\u00b7legi va acollir ahir, dijous 28 de setembre, una jornada formativa sobre psoriasi i el paper del farmac\u00e8utic en la millora del seu control\" \/>\n<meta property=\"og:url\" content=\"https:\/\/novaorg.cofb.net\/2017\/09\/29\/jornada-formativa-sobre-psoriasi-el-paper-del-farmaceutic-en-la-millora-del-seu-control\/\" \/>\n<meta property=\"og:site_name\" content=\"Col\u00b7legi de Farmac\u00e8utics de Barcelona\" \/>\n<meta property=\"article:publisher\" content=\"https:\/\/www.facebook.com\/farmaceuticsbcn\/\" \/>\n<meta property=\"article:published_time\" content=\"2017-09-29T10:47:48+00:00\" \/>\n<meta name=\"author\" content=\"wpAdminCofbOrg\" \/>\n<meta name=\"twitter:card\" content=\"summary_large_image\" \/>\n<meta name=\"twitter:creator\" content=\"@farmaceuticsbcn\" \/>\n<meta name=\"twitter:site\" content=\"@farmaceuticsbcn\" \/>\n<meta name=\"twitter:label1\" content=\"Escrito por\" \/>\n\t<meta name=\"twitter:data1\" content=\"wpAdminCofbOrg\" \/>\n\t<meta name=\"twitter:label2\" content=\"Tiempo de lectura\" \/>\n\t<meta name=\"twitter:data2\" content=\"2 minutos\" \/>\n<script type=\"application\/ld+json\" class=\"yoast-schema-graph\">{\"@context\":\"https:\/\/schema.org\",\"@graph\":[{\"@type\":\"Article\",\"@id\":\"https:\/\/novaorg.cofb.net\/2017\/09\/29\/jornada-formativa-sobre-psoriasi-el-paper-del-farmaceutic-en-la-millora-del-seu-control\/#article\",\"isPartOf\":{\"@id\":\"https:\/\/novaorg.cofb.net\/2017\/09\/29\/jornada-formativa-sobre-psoriasi-el-paper-del-farmaceutic-en-la-millora-del-seu-control\/\"},\"author\":{\"name\":\"wpAdminCofbOrg\",\"@id\":\"https:\/\/www.cofb.org\/#\/schema\/person\/22ed7eea88da74b0fa4d3154ad87ffcb\"},\"headline\":\"Jornada formativa sobre psoriasi i el paper del farmac\u00e8utic en la millora del seu control\",\"datePublished\":\"2017-09-29T10:47:48+00:00\",\"dateModified\":\"2017-09-29T10:47:48+00:00\",\"mainEntityOfPage\":{\"@id\":\"https:\/\/novaorg.cofb.net\/2017\/09\/29\/jornada-formativa-sobre-psoriasi-el-paper-del-farmaceutic-en-la-millora-del-seu-control\/\"},\"wordCount\":496,\"commentCount\":0,\"publisher\":{\"@id\":\"https:\/\/www.cofb.org\/#organization\"},\"image\":{\"@id\":\"https:\/\/novaorg.cofb.net\/2017\/09\/29\/jornada-formativa-sobre-psoriasi-el-paper-del-farmaceutic-en-la-millora-del-seu-control\/#primaryimage\"},\"thumbnailUrl\":\"\",\"keywords\":[\"Acci\u00f3 Psoriasi\",\"Acci\u00f3n Psoriasis\",\"aclarece la psoriasis\",\"Aclareix la psoriasi\",\"psoriasi\",\"serveis\"],\"articleSection\":[\"M\u00f3n col\u00b7legial\"],\"inLanguage\":\"es\",\"potentialAction\":[{\"@type\":\"CommentAction\",\"name\":\"Comment\",\"target\":[\"https:\/\/novaorg.cofb.net\/2017\/09\/29\/jornada-formativa-sobre-psoriasi-el-paper-del-farmaceutic-en-la-millora-del-seu-control\/#respond\"]}]},{\"@type\":\"WebPage\",\"@id\":\"https:\/\/novaorg.cofb.net\/2017\/09\/29\/jornada-formativa-sobre-psoriasi-el-paper-del-farmaceutic-en-la-millora-del-seu-control\/\",\"url\":\"https:\/\/novaorg.cofb.net\/2017\/09\/29\/jornada-formativa-sobre-psoriasi-el-paper-del-farmaceutic-en-la-millora-del-seu-control\/\",\"name\":\"Jornada formativa sobre psoriasi i el paper del farmac\u00e8utic en la millora del seu control - Col\u00b7legi de Farmac\u00e8utics de Barcelona\",\"isPartOf\":{\"@id\":\"https:\/\/www.cofb.org\/#website\"},\"primaryImageOfPage\":{\"@id\":\"https:\/\/novaorg.cofb.net\/2017\/09\/29\/jornada-formativa-sobre-psoriasi-el-paper-del-farmaceutic-en-la-millora-del-seu-control\/#primaryimage\"},\"image\":{\"@id\":\"https:\/\/novaorg.cofb.net\/2017\/09\/29\/jornada-formativa-sobre-psoriasi-el-paper-del-farmaceutic-en-la-millora-del-seu-control\/#primaryimage\"},\"thumbnailUrl\":\"\",\"datePublished\":\"2017-09-29T10:47:48+00:00\",\"dateModified\":\"2017-09-29T10:47:48+00:00\",\"description\":\"El Col\u00b7legi va acollir ahir, dijous 28 de setembre, una jornada formativa sobre psoriasi i el paper del farmac\u00e8utic en la millora del seu control\",\"breadcrumb\":{\"@id\":\"https:\/\/novaorg.cofb.net\/2017\/09\/29\/jornada-formativa-sobre-psoriasi-el-paper-del-farmaceutic-en-la-millora-del-seu-control\/#breadcrumb\"},\"inLanguage\":\"es\",\"potentialAction\":[{\"@type\":\"ReadAction\",\"target\":[\"https:\/\/novaorg.cofb.net\/2017\/09\/29\/jornada-formativa-sobre-psoriasi-el-paper-del-farmaceutic-en-la-millora-del-seu-control\/\"]}]},{\"@type\":\"ImageObject\",\"inLanguage\":\"es\",\"@id\":\"https:\/\/novaorg.cofb.net\/2017\/09\/29\/jornada-formativa-sobre-psoriasi-el-paper-del-farmaceutic-en-la-millora-del-seu-control\/#primaryimage\",\"url\":\"\",\"contentUrl\":\"\"},{\"@type\":\"BreadcrumbList\",\"@id\":\"https:\/\/novaorg.cofb.net\/2017\/09\/29\/jornada-formativa-sobre-psoriasi-el-paper-del-farmaceutic-en-la-millora-del-seu-control\/#breadcrumb\",\"itemListElement\":[{\"@type\":\"ListItem\",\"position\":1,\"name\":\"Inici\",\"item\":\"https:\/\/novaorg.cofb.net\/\"},{\"@type\":\"ListItem\",\"position\":2,\"name\":\"Jornada formativa sobre psoriasi i el paper del farmac\u00e8utic en la millora del seu control\"}]},{\"@type\":\"WebSite\",\"@id\":\"https:\/\/www.cofb.org\/#website\",\"url\":\"https:\/\/www.cofb.org\/\",\"name\":\"Col\u00b7legi de Farmac\u00e8utics de Barcelona\",\"description\":\"\",\"publisher\":{\"@id\":\"https:\/\/www.cofb.org\/#organization\"},\"potentialAction\":[{\"@type\":\"SearchAction\",\"target\":{\"@type\":\"EntryPoint\",\"urlTemplate\":\"https:\/\/www.cofb.org\/?s={search_term_string}\"},\"query-input\":\"required name=search_term_string\"}],\"inLanguage\":\"es\"},{\"@type\":\"Organization\",\"@id\":\"https:\/\/www.cofb.org\/#organization\",\"name\":\"Col\u00b7legi de Farmac\u00e8utics de Barcelona\",\"url\":\"https:\/\/www.cofb.org\/\",\"logo\":{\"@type\":\"ImageObject\",\"inLanguage\":\"es\",\"@id\":\"https:\/\/www.cofb.org\/#\/schema\/logo\/image\/\",\"url\":\"https:\/\/www.cofb.org\/wp-content\/uploads\/2023\/11\/cropped-Logotip-COFB.png\",\"contentUrl\":\"https:\/\/www.cofb.org\/wp-content\/uploads\/2023\/11\/cropped-Logotip-COFB.png\",\"width\":500,\"height\":105,\"caption\":\"Col\u00b7legi de Farmac\u00e8utics de Barcelona\"},\"image\":{\"@id\":\"https:\/\/www.cofb.org\/#\/schema\/logo\/image\/\"},\"sameAs\":[\"https:\/\/www.facebook.com\/farmaceuticsbcn\/\",\"https:\/\/twitter.com\/farmaceuticsbcn\",\"https:\/\/www.instagram.com\/farmaceuticsbcn\/\",\"https:\/\/www.linkedin.com\/company\/farmaceuticsbcn\/\"]},{\"@type\":\"Person\",\"@id\":\"https:\/\/www.cofb.org\/#\/schema\/person\/22ed7eea88da74b0fa4d3154ad87ffcb\",\"name\":\"wpAdminCofbOrg\",\"image\":{\"@type\":\"ImageObject\",\"inLanguage\":\"es\",\"@id\":\"https:\/\/www.cofb.org\/#\/schema\/person\/image\/\",\"url\":\"https:\/\/secure.gravatar.com\/avatar\/1721b20b3b8ca882c3b56ec6c978c594fff670e40c0718e9190eaeeb76aae7d8?s=96&d=mm&r=g\",\"contentUrl\":\"https:\/\/secure.gravatar.com\/avatar\/1721b20b3b8ca882c3b56ec6c978c594fff670e40c0718e9190eaeeb76aae7d8?s=96&d=mm&r=g\",\"caption\":\"wpAdminCofbOrg\"},\"sameAs\":[\"http:\/\/192.168.64.122\/wordpress\"],\"url\":\"https:\/\/www.cofb.org\/es\/author\/wpadmincofborg\/\"}]}<\/script>\n<!-- \/ Yoast SEO plugin. -->","yoast_head_json":{"title":"Jornada formativa sobre psoriasi i el paper del farmac\u00e8utic en la millora del seu control - Col\u00b7legi de Farmac\u00e8utics de Barcelona","description":"El Col\u00b7legi va acollir ahir, dijous 28 de setembre, una jornada formativa sobre psoriasi i el paper del farmac\u00e8utic en la millora del seu control","robots":{"index":"index","follow":"follow","max-snippet":"max-snippet:-1","max-image-preview":"max-image-preview:large","max-video-preview":"max-video-preview:-1"},"canonical":"https:\/\/novaorg.cofb.net\/2017\/09\/29\/jornada-formativa-sobre-psoriasi-el-paper-del-farmaceutic-en-la-millora-del-seu-control\/","og_locale":"es_ES","og_type":"article","og_title":"Jornada formativa sobre psoriasi i el paper del farmac\u00e8utic en la millora del seu control - Col\u00b7legi de Farmac\u00e8utics de Barcelona","og_description":"El Col\u00b7legi va acollir ahir, dijous 28 de setembre, una jornada formativa sobre psoriasi i el paper del farmac\u00e8utic en la millora del seu control","og_url":"https:\/\/novaorg.cofb.net\/2017\/09\/29\/jornada-formativa-sobre-psoriasi-el-paper-del-farmaceutic-en-la-millora-del-seu-control\/","og_site_name":"Col\u00b7legi de Farmac\u00e8utics de Barcelona","article_publisher":"https:\/\/www.facebook.com\/farmaceuticsbcn\/","article_published_time":"2017-09-29T10:47:48+00:00","author":"wpAdminCofbOrg","twitter_card":"summary_large_image","twitter_creator":"@farmaceuticsbcn","twitter_site":"@farmaceuticsbcn","twitter_misc":{"Escrito por":"wpAdminCofbOrg","Tiempo de lectura":"2 minutos"},"schema":{"@context":"https:\/\/schema.org","@graph":[{"@type":"Article","@id":"https:\/\/novaorg.cofb.net\/2017\/09\/29\/jornada-formativa-sobre-psoriasi-el-paper-del-farmaceutic-en-la-millora-del-seu-control\/#article","isPartOf":{"@id":"https:\/\/novaorg.cofb.net\/2017\/09\/29\/jornada-formativa-sobre-psoriasi-el-paper-del-farmaceutic-en-la-millora-del-seu-control\/"},"author":{"name":"wpAdminCofbOrg","@id":"https:\/\/www.cofb.org\/#\/schema\/person\/22ed7eea88da74b0fa4d3154ad87ffcb"},"headline":"Jornada formativa sobre psoriasi i el paper del farmac\u00e8utic en la millora del seu control","datePublished":"2017-09-29T10:47:48+00:00","dateModified":"2017-09-29T10:47:48+00:00","mainEntityOfPage":{"@id":"https:\/\/novaorg.cofb.net\/2017\/09\/29\/jornada-formativa-sobre-psoriasi-el-paper-del-farmaceutic-en-la-millora-del-seu-control\/"},"wordCount":496,"commentCount":0,"publisher":{"@id":"https:\/\/www.cofb.org\/#organization"},"image":{"@id":"https:\/\/novaorg.cofb.net\/2017\/09\/29\/jornada-formativa-sobre-psoriasi-el-paper-del-farmaceutic-en-la-millora-del-seu-control\/#primaryimage"},"thumbnailUrl":"","keywords":["Acci\u00f3 Psoriasi","Acci\u00f3n Psoriasis","aclarece la psoriasis","Aclareix la psoriasi","psoriasi","serveis"],"articleSection":["M\u00f3n col\u00b7legial"],"inLanguage":"es","potentialAction":[{"@type":"CommentAction","name":"Comment","target":["https:\/\/novaorg.cofb.net\/2017\/09\/29\/jornada-formativa-sobre-psoriasi-el-paper-del-farmaceutic-en-la-millora-del-seu-control\/#respond"]}]},{"@type":"WebPage","@id":"https:\/\/novaorg.cofb.net\/2017\/09\/29\/jornada-formativa-sobre-psoriasi-el-paper-del-farmaceutic-en-la-millora-del-seu-control\/","url":"https:\/\/novaorg.cofb.net\/2017\/09\/29\/jornada-formativa-sobre-psoriasi-el-paper-del-farmaceutic-en-la-millora-del-seu-control\/","name":"Jornada formativa sobre psoriasi i el paper del farmac\u00e8utic en la millora del seu control - Col\u00b7legi de Farmac\u00e8utics de Barcelona","isPartOf":{"@id":"https:\/\/www.cofb.org\/#website"},"primaryImageOfPage":{"@id":"https:\/\/novaorg.cofb.net\/2017\/09\/29\/jornada-formativa-sobre-psoriasi-el-paper-del-farmaceutic-en-la-millora-del-seu-control\/#primaryimage"},"image":{"@id":"https:\/\/novaorg.cofb.net\/2017\/09\/29\/jornada-formativa-sobre-psoriasi-el-paper-del-farmaceutic-en-la-millora-del-seu-control\/#primaryimage"},"thumbnailUrl":"","datePublished":"2017-09-29T10:47:48+00:00","dateModified":"2017-09-29T10:47:48+00:00","description":"El Col\u00b7legi va acollir ahir, dijous 28 de setembre, una jornada formativa sobre psoriasi i el paper del farmac\u00e8utic en la millora del seu control","breadcrumb":{"@id":"https:\/\/novaorg.cofb.net\/2017\/09\/29\/jornada-formativa-sobre-psoriasi-el-paper-del-farmaceutic-en-la-millora-del-seu-control\/#breadcrumb"},"inLanguage":"es","potentialAction":[{"@type":"ReadAction","target":["https:\/\/novaorg.cofb.net\/2017\/09\/29\/jornada-formativa-sobre-psoriasi-el-paper-del-farmaceutic-en-la-millora-del-seu-control\/"]}]},{"@type":"ImageObject","inLanguage":"es","@id":"https:\/\/novaorg.cofb.net\/2017\/09\/29\/jornada-formativa-sobre-psoriasi-el-paper-del-farmaceutic-en-la-millora-del-seu-control\/#primaryimage","url":"","contentUrl":""},{"@type":"BreadcrumbList","@id":"https:\/\/novaorg.cofb.net\/2017\/09\/29\/jornada-formativa-sobre-psoriasi-el-paper-del-farmaceutic-en-la-millora-del-seu-control\/#breadcrumb","itemListElement":[{"@type":"ListItem","position":1,"name":"Inici","item":"https:\/\/novaorg.cofb.net\/"},{"@type":"ListItem","position":2,"name":"Jornada formativa sobre psoriasi i el paper del farmac\u00e8utic en la millora del seu control"}]},{"@type":"WebSite","@id":"https:\/\/www.cofb.org\/#website","url":"https:\/\/www.cofb.org\/","name":"Col\u00b7legi de Farmac\u00e8utics de Barcelona","description":"","publisher":{"@id":"https:\/\/www.cofb.org\/#organization"},"potentialAction":[{"@type":"SearchAction","target":{"@type":"EntryPoint","urlTemplate":"https:\/\/www.cofb.org\/?s={search_term_string}"},"query-input":"required name=search_term_string"}],"inLanguage":"es"},{"@type":"Organization","@id":"https:\/\/www.cofb.org\/#organization","name":"Col\u00b7legi de Farmac\u00e8utics de Barcelona","url":"https:\/\/www.cofb.org\/","logo":{"@type":"ImageObject","inLanguage":"es","@id":"https:\/\/www.cofb.org\/#\/schema\/logo\/image\/","url":"https:\/\/www.cofb.org\/wp-content\/uploads\/2023\/11\/cropped-Logotip-COFB.png","contentUrl":"https:\/\/www.cofb.org\/wp-content\/uploads\/2023\/11\/cropped-Logotip-COFB.png","width":500,"height":105,"caption":"Col\u00b7legi de Farmac\u00e8utics de Barcelona"},"image":{"@id":"https:\/\/www.cofb.org\/#\/schema\/logo\/image\/"},"sameAs":["https:\/\/www.facebook.com\/farmaceuticsbcn\/","https:\/\/twitter.com\/farmaceuticsbcn","https:\/\/www.instagram.com\/farmaceuticsbcn\/","https:\/\/www.linkedin.com\/company\/farmaceuticsbcn\/"]},{"@type":"Person","@id":"https:\/\/www.cofb.org\/#\/schema\/person\/22ed7eea88da74b0fa4d3154ad87ffcb","name":"wpAdminCofbOrg","image":{"@type":"ImageObject","inLanguage":"es","@id":"https:\/\/www.cofb.org\/#\/schema\/person\/image\/","url":"https:\/\/secure.gravatar.com\/avatar\/1721b20b3b8ca882c3b56ec6c978c594fff670e40c0718e9190eaeeb76aae7d8?s=96&d=mm&r=g","contentUrl":"https:\/\/secure.gravatar.com\/avatar\/1721b20b3b8ca882c3b56ec6c978c594fff670e40c0718e9190eaeeb76aae7d8?s=96&d=mm&r=g","caption":"wpAdminCofbOrg"},"sameAs":["http:\/\/192.168.64.122\/wordpress"],"url":"https:\/\/www.cofb.org\/es\/author\/wpadmincofborg\/"}]}},"uagb_featured_image_src":{"full":false,"thumbnail":false,"medium":false,"medium_large":false,"large":false,"1536x1536":false,"2048x2048":false,"trp-custom-language-flag":false},"uagb_author_info":{"display_name":"wpAdminCofbOrg","author_link":"https:\/\/www.cofb.org\/es\/author\/wpadmincofborg\/"},"uagb_comment_info":0,"uagb_excerpt":"El Col\u00b7legi va acollir ahir, dijous 28 de setembre, \u201cEl paper del farmac\u00e8utic en la millora del control de la psoriasi\u201d, una jornada de formaci\u00f3 impulsada per l\u2019Associaci\u00f3 de Pacients Acci\u00f3 Psoriasi amb la finalitat d\u2019implicar els farmac\u00e8utics comunitaris en l\u2019abordatge d\u2019aquesta malaltia. L\u2019acte, que es va realitzar sota el [&hellip;]","_links":{"self":[{"href":"https:\/\/www.cofb.org\/es\/wp-json\/wp\/v2\/posts\/32553","targetHints":{"allow":["GET"]}}],"collection":[{"href":"https:\/\/www.cofb.org\/es\/wp-json\/wp\/v2\/posts"}],"about":[{"href":"https:\/\/www.cofb.org\/es\/wp-json\/wp\/v2\/types\/post"}],"author":[{"embeddable":true,"href":"https:\/\/www.cofb.org\/es\/wp-json\/wp\/v2\/users\/1"}],"replies":[{"embeddable":true,"href":"https:\/\/www.cofb.org\/es\/wp-json\/wp\/v2\/comments?post=32553"}],"version-history":[{"count":0,"href":"https:\/\/www.cofb.org\/es\/wp-json\/wp\/v2\/posts\/32553\/revisions"}],"wp:featuredmedia":[{"embeddable":true,"href":"https:\/\/www.cofb.org\/es\/wp-json\/"}],"wp:attachment":[{"href":"https:\/\/www.cofb.org\/es\/wp-json\/wp\/v2\/media?parent=32553"}],"wp:term":[{"taxonomy":"category","embeddable":true,"href":"https:\/\/www.cofb.org\/es\/wp-json\/wp\/v2\/categories?post=32553"},{"taxonomy":"post_tag","embeddable":true,"href":"https:\/\/www.cofb.org\/es\/wp-json\/wp\/v2\/tags?post=32553"}],"curies":[{"name":"wp","href":"https:\/\/api.w.org\/{rel}","templated":true}]}}