{"id":32440,"date":"2017-09-28T16:48:59","date_gmt":"2017-09-28T15:48:59","guid":{"rendered":"http:\/\/blog.cofb.cat\/?p=32440"},"modified":"2017-09-28T16:48:59","modified_gmt":"2017-09-28T15:48:59","slug":"comenca-la-quarta-edicio-dels-tallers-de-bones-practiques-de-distribucio-de-medicaments","status":"publish","type":"post","link":"https:\/\/www.cofb.org\/es\/2017\/09\/28\/comenca-la-quarta-edicio-dels-tallers-de-bones-practiques-de-distribucio-de-medicaments\/","title":{"rendered":"Empieza la cuarta edici\u00f3n de los talleres de buenas pr\u00e1cticas de distribuci\u00f3n de medicamentos"},"content":{"rendered":"<p>Este 28 de septiembre se ha iniciado la cuarta edici\u00f3n de los talleres de <b>buenas pr\u00e1cticas de distribuci\u00f3n de medicamentos<\/b> (BPD), con un total de seis cursos que tendr\u00e1n lugar a partir de ahora y hasta enero de 2018.<\/p>\n<p>Los talleres est\u00e1n organizados por <b>Col\u00b7legi de Farmac\u00e8utics de Barcelona<\/b> conjuntamente con el <a href=\"http:\/\/salutweb.gencat.cat\/ca\/inici\/\" target=\"_blank\" rel=\"noopener\">Departamento de Salud de la Generalidad de Catalu\u00f1a<\/a> y la secci\u00f3n catalana del<a href=\"http:\/\/www.aefi.org\/\" target=\"_blank\" rel=\"noopener\">Asociaci\u00f3n Espa\u00f1ola de Farmac\u00e9uticos de la Industria (AEFI)<\/a>, y se ofrecen desde 2015 de forma\u00a0<strong>pionera en el estado<\/strong> para responder a las demandas y necesidades del sector.<\/p>\n<p><strong>Los talleres<\/strong>, que han tenido una muy buena acogida en cada edici\u00f3n, <strong>combinan teor\u00eda y pr\u00e1ctica<\/strong> para que los alumnos tengan las herramientas necesarias <strong>para aplicar m\u00e1s f\u00e1cilmente los conocimientos adquiridos<\/strong> a las entidades de distribuci\u00f3n a las que est\u00e1n vinculados. <strong>Las inscripciones<\/strong> en los diferentes cursos disponibles\u00a0<strong>est\u00e1n abiertas a la web<\/strong>\u00a0<strong><a href=\"http:\/\/www.cofb.org\/es\/web\/guest\/cursos\/\" target=\"_blank\" rel=\"noopener\">cofb.org<\/a>.<\/strong><\/p>\n<p>Las <b>buenas pr\u00e1cticas de distribuci\u00f3n de medicamentos<\/b> constituyen un marco de referencia nuevo, de obligado cumplimiento a la normativa europea, para desarrollar los sistemas de garant\u00eda de calidad que deben seguir las empresas que distribuyen medicamentos de uso humano en la Uni\u00f3n Europea.<\/p>\n<div class=\"box info\"> El buen uso en la distribuci\u00f3n de medicamentos sirve para <strong>garantizar la calidad y la autenticidad de los medicamentos<\/strong> distribuidos, evitar la entrada de medicamentos falsificados en el canal legal de distribuci\u00f3n y venta y <strong>proteger la salud<\/strong> de la poblaci\u00f3n.<\/div>\n<p>El <strong>calendario y programa<\/strong> de los talleres son los siguientes:<\/p>\n<p><b><div class=\"box shadow\"> <\/b><\/p>\n<p><b>Taller 1. Validaci\u00f3n del transporte capilar de medicamentos<\/b><\/p>\n<ul>\n<li>Transporte de medicamentos. Qu\u00e9 debe incluir la validaci\u00f3n. Ejemplos de deficiencias halladas en inspecciones.<\/li>\n<li>Sesi\u00f3n pr\u00e1ctica sobre la validaci\u00f3n del transporte capilar en las entidades de distribuci\u00f3n de medicamentos.<\/li>\n<\/ul>\n<p><em>Fecha: 28 de septiembre de 2017. <\/em><\/p>\n<p><strong>Taller 2. Autoinspecciones y auditor\u00edas.\u00a0<\/strong><\/p>\n<ul>\n<li>Autoinspecciones y auditor\u00edas externas. Ejemplos de las deficiencias m\u00e1s relevantes observadas en las inspecciones.<\/li>\n<li>Sesi\u00f3n pr\u00e1ctica sobre c\u00f3mo realizar las autoinspecciones y las auditor\u00edas externas. Revisi\u00f3n y an\u00e1lisis cr\u00edtico de los informes de auditor\u00eda a empresas de transporte de medicamentos.<i><br \/>\n<\/i><\/li>\n<\/ul>\n<p><em>Fecha: 19 de octubre de 2017. <\/em><\/p>\n<p><strong>Taller 3.<\/strong> <b>An\u00e1lisis de riesgos en la distribuci\u00f3n de medicamentos.\u00a0<\/b><\/p>\n<ul>\n<li>El an\u00e1lisis de riesgos en las BPD y ejemplos de deficiencias halladas en inspecciones.<\/li>\n<li>Sesi\u00f3n pr\u00e1ctica para la implantaci\u00f3n del proceso de an\u00e1lisis de riesgos en la distribuci\u00f3n farmac\u00e9utica.<\/li>\n<\/ul>\n<p><i>Fecha: 9 de noviembre de 2017. <\/i><\/p>\n<p><strong>Taller 4.<\/strong> <b>Indicador<\/b><b>Uso de calidad en la distribuci\u00f3n de medicamentos.<\/b><\/p>\n<ul>\n<li>Indicadores de calidad en las BPD y ejemplos de deficiencias halladas en inspecciones.<\/li>\n<li>Sesi\u00f3n pr\u00e1ctica de identificaci\u00f3n de indicadores de calidad y c\u00f3mo gestionarlos.<\/li>\n<\/ul>\n<p><i>D<\/i><i>ata: 23 de noviembre de 2017. <\/i><\/p>\n<p><strong>Taller 5.<\/strong> <b>Calificaci\u00f3n de las instalaciones de almacenamiento.<\/b><\/p>\n<ul>\n<li>Condiciones que deben cumplir las instalaciones dedicadas a conservar y almacenar los medicamentos y ejemplos de deficiencias halladas en inspecciones.<\/li>\n<li>Sesi\u00f3n pr\u00e1ctica sobre la calificaci\u00f3n de las instalaciones de las entidades de distribuci\u00f3n de los medicamentos.<\/li>\n<\/ul>\n<p><i>Fecha: 14 de diciembre de 2<\/i><i>017. <\/i><\/p>\n<p><strong>Taller 6.<\/strong> <b>Validaci\u00f3n de sistemas informatizados.<\/b><\/p>\n<ul>\n<li>Validaci\u00f3n de sistemas informatizados. Ejemplos de deficiencias halladas en inspecciones.<\/li>\n<li>Sesi\u00f3n pr\u00e1ctica sobre la validaci\u00f3n de los sistemas informatizados empleados en procesos de distribuci\u00f3n de medicamentos.<\/li>\n<\/ul>\n<p><i>Fecha: 25 de ge<\/i><i>de 2018.<\/i> <\/div><\/p>\n<p>Las <strong>inscripciones\u00a0<\/strong>se pueden realizar en <a href=\"http:\/\/www.cofb.org\/es\/web\/guest\/cursos\/\" target=\"_blank\" rel=\"noopener\"><strong>cofb.org<\/strong> <\/a><\/p>\n<p>&nbsp;<\/p>\n<figure id=\"attachment_32658\" aria-describedby=\"caption-attachment-32658\" style=\"width: 620px\" class=\"wp-caption aligncenter\"><a href=\"http:\/\/blog.cofb.cat\/wp-content\/uploads\/2017\/09\/Taller-Distribuci\u00f3-Medicaments.jpg\"><img fetchpriority=\"high\" decoding=\"async\" class=\"size-large wp-image-32658\" title=\"Primera sesi\u00f3n de los Talleres de buenas pr\u00e1cticas de distribuci\u00f3n de medicamentos\" alt=\"Primera sessi\u00f3 de la 4a edici\u00f3 dels Tallers de bones pr\u00e0ctiques de distribuci\u00f3 de medicaments\" src=\"http:\/\/blog.cofb.cat\/wp-content\/uploads\/2017\/09\/Taller-Distribuci\u00f3-Medicaments-1024x616.jpg\" width=\"620\" height=\"372\" \/><\/a><figcaption id=\"caption-attachment-32658\" class=\"wp-caption-text\">Primera sesi\u00f3n de la 4a edici\u00f3n de los Talleres de buenas pr\u00e1cticas de distribuci\u00f3n de medicamentos<\/figcaption><\/figure>\n<p>Las plazas est\u00e1n limitadas a 30 personas por grupo y todos los talleres tendr\u00e1n lugar en el Colegio de Farmac\u00e9uticos de Barcelona (C\/Girona, 64-66), de 16 a 19h.<\/p>\n<p><b><div class=\"box shadow\"><br \/>\n<span style=\"text-decoration: underline;\">Coordinaci\u00f3n<\/span><\/b><br \/>\n<strong>Anna Maria Culler\u00e9<\/strong>, vocal de Distribuci\u00f3n del Colegio de Farmac\u00e9uticos de Barcelona.<br \/>\n<strong>Raquel Aren\u00f3s<\/strong>, vocal de Garant\u00eda de Calidad de la Asociaci\u00f3n Espa\u00f1ola de Farmac\u00e9uticos de la Industria - Secci\u00f3n Catalana.<br \/>\n<strong>Salvador Cassany<\/strong>, jefe del Servicio de Control Farmac\u00e9utico y Productos Sanitarios del Departamento de Salud.\u00a0<b><\/div>\u00a0<\/b><\/p>\n<p style=\"text-align: right;\"><strong>En colaboraci\u00f3n con:<\/strong><\/p>\n<p><a href=\"http:\/\/www.aefi.org\/\" target=\"_blank\" rel=\"noopener\"><img decoding=\"async\" class=\"size-medium wp-image-32582 alignright\" alt=\"Logo Asociaci\u00f3n Espa\u00f1ola de Farmac\u00e9uticos de la Ind\u00fastria. \" src=\"http:\/\/blog.cofb.cat\/wp-content\/uploads\/2017\/09\/logo-aefi.gif\" width=\"74\" height=\"32\" \/><\/a><strong><a href=\"http:\/\/salutweb.gencat.cat\/ca\/inici\/\" target=\"_blank\" rel=\"noopener\"><img decoding=\"async\" class=\"size-medium wp-image-32591 alignright\" alt=\"Logo Departament de Salut\" src=\"http:\/\/blog.cofb.cat\/wp-content\/uploads\/2017\/09\/logo_departament_salut-300x68.jpg\" width=\"126\" height=\"35\" \/><\/a><\/strong><\/p>\n<p>&nbsp;<\/p>\n<p><strong>Otras informaciones de los talleres recogidas en el Blog:\u00a0\u00a0\u00a0\u00a0\u00a0\u00a0\u00a0\u00a0\u00a0\u00a0\u00a0\u00a0\u00a0\u00a0\u00a0\u00a0\u00a0\u00a0\u00a0\u00a0\u00a0\u00a0\u00a0\u00a0\u00a0\u00a0\u00a0\u00a0\u00a0\u00a0\u00a0\u00a0\u00a0<\/strong><\/p>\n<ul>\n<li><a href=\"http:\/\/blog.cofb.cat\/tallers-sobre-bones-practiques-de-distribucio-de-medicaments\/\" target=\"_blank\" rel=\"noopener\">Talleres sobre buenas pr\u00e1cticas de distribuci\u00f3n de medicamentos (2015)<\/a><\/li>\n<li><a href=\"http:\/\/blog.cofb.cat\/la-implementacio-de-les-bones-practiques-de-distribucio-de-medicaments-a-debat-entre-els-professionals-farmaceutics\/\" target=\"_blank\" rel=\"noopener\">La implementaci\u00f3n de las buenas pr\u00e1cticas de distribuci\u00f3n de medicamentos, a debate entre los profesionales farmac\u00e9uticos (2016)<\/a><\/li>\n<li><a href=\"http:\/\/blog.cofb.cat\/tornen-els-tallers-de-bones-practiques-de-distribucio-de-medicaments-despres-duna-primera-edicio-exitosa\/\" target=\"_blank\" rel=\"noopener\">Vuelven los talleres de buenas pr\u00e1cticas de distribuci\u00f3n de medicamentos despu\u00e9s de una primera edici\u00f3n exitosa (2016)<\/a><\/li>\n<\/ul>","protected":false},"excerpt":{"rendered":"<p>Este 28 de septiembre se ha iniciado la cuarta edici\u00f3n de los talleres de buenas pr\u00e1cticas de distribuci\u00f3n de medicamentos (BPD), con un total de seis cursos que tendr\u00e1n lugar a partir de ahora y hasta enero de 2018. Los talleres est\u00e1n organizados por Colegio de Farmac\u00e9uticos de Barcelona conjuntamente con el [\u2026]<\/p>","protected":false},"author":1,"featured_media":32658,"comment_status":"open","ping_status":"open","sticky":false,"template":"","format":"standard","meta":{"_uag_custom_page_level_css":"","site-sidebar-layout":"default","site-content-layout":"","ast-site-content-layout":"default","site-content-style":"default","site-sidebar-style":"default","ast-global-header-display":"","ast-banner-title-visibility":"","ast-main-header-display":"","ast-hfb-above-header-display":"","ast-hfb-below-header-display":"","ast-hfb-mobile-header-display":"","site-post-title":"","ast-breadcrumbs-content":"","ast-featured-img":"disabled","footer-sml-layout":"","theme-transparent-header-meta":"","adv-header-id-meta":"","stick-header-meta":"","header-above-stick-meta":"","header-main-stick-meta":"","header-below-stick-meta":"","astra-migrate-meta-layouts":"default","ast-page-background-enabled":"default","ast-page-background-meta":{"desktop":{"background-color":"var(--ast-global-color-4)","background-image":"","background-repeat":"repeat","background-position":"center center","background-size":"auto","background-attachment":"scroll","background-type":"","background-media":"","overlay-type":"","overlay-color":"","overlay-opacity":"","overlay-gradient":""},"tablet":{"background-color":"","background-image":"","background-repeat":"repeat","background-position":"center center","background-size":"auto","background-attachment":"scroll","background-type":"","background-media":"","overlay-type":"","overlay-color":"","overlay-opacity":"","overlay-gradient":""},"mobile":{"background-color":"","background-image":"","background-repeat":"repeat","background-position":"center center","background-size":"auto","background-attachment":"scroll","background-type":"","background-media":"","overlay-type":"","overlay-color":"","overlay-opacity":"","overlay-gradient":""}},"ast-content-background-meta":{"desktop":{"background-color":"var(--ast-global-color-5)","background-image":"","background-repeat":"repeat","background-position":"center center","background-size":"auto","background-attachment":"scroll","background-type":"","background-media":"","overlay-type":"","overlay-color":"","overlay-opacity":"","overlay-gradient":""},"tablet":{"background-color":"var(--ast-global-color-5)","background-image":"","background-repeat":"repeat","background-position":"center center","background-size":"auto","background-attachment":"scroll","background-type":"","background-media":"","overlay-type":"","overlay-color":"","overlay-opacity":"","overlay-gradient":""},"mobile":{"background-color":"var(--ast-global-color-5)","background-image":"","background-repeat":"repeat","background-position":"center center","background-size":"auto","background-attachment":"scroll","background-type":"","background-media":"","overlay-type":"","overlay-color":"","overlay-opacity":"","overlay-gradient":""}},"footnotes":""},"categories":[23,57],"tags":[2137,2257,2229,18,19,70,300,45,2169,2713],"class_list":["post-32440","post","type-post","status-publish","format-standard","has-post-thumbnail","hentry","category-destacats","category-mon-collegial","tag-bon-us-dels-medicaments","tag-bon-us-medicaments","tag-bones-practiques-de-distribucio","tag-cofb","tag-collegi-de-farmaceutics-de-barcelona","tag-formacio","tag-formacio-continuada","tag-medicaments","tag-qualitat","tag-tallers"],"yoast_head":"<!-- This site is optimized with the Yoast SEO plugin v22.4 - https:\/\/yoast.com\/wordpress\/plugins\/seo\/ -->\n<title>Comen\u00e7a la quarta edici\u00f3 dels tallers de bones pr\u00e0ctiques de distribuci\u00f3 de medicaments - Col\u00b7legi de Farmac\u00e8utics de Barcelona<\/title>\n<meta name=\"description\" content=\"S&#039;ha iniciat la 4a edici\u00f3 dels tallers de bones pr\u00e0ctiques de distribuci\u00f3 de medicaments, amb un total de 6 cursos que tindran lloc fins gener de 2018\" \/>\n<meta name=\"robots\" content=\"index, follow, max-snippet:-1, max-image-preview:large, max-video-preview:-1\" \/>\n<link rel=\"canonical\" href=\"https:\/\/novaorg.cofb.net\/2017\/09\/28\/comenca-la-quarta-edicio-dels-tallers-de-bones-practiques-de-distribucio-de-medicaments\/\" \/>\n<meta property=\"og:locale\" content=\"es_ES\" \/>\n<meta property=\"og:type\" content=\"article\" \/>\n<meta property=\"og:title\" content=\"Comen\u00e7a la quarta edici\u00f3 dels tallers de bones pr\u00e0ctiques de distribuci\u00f3 de medicaments - Col\u00b7legi de Farmac\u00e8utics de Barcelona\" \/>\n<meta property=\"og:description\" content=\"S&#039;ha iniciat la 4a edici\u00f3 dels tallers de bones pr\u00e0ctiques de distribuci\u00f3 de medicaments, amb un total de 6 cursos que tindran lloc fins gener de 2018\" \/>\n<meta property=\"og:url\" content=\"https:\/\/novaorg.cofb.net\/2017\/09\/28\/comenca-la-quarta-edicio-dels-tallers-de-bones-practiques-de-distribucio-de-medicaments\/\" \/>\n<meta property=\"og:site_name\" content=\"Col\u00b7legi de Farmac\u00e8utics de Barcelona\" \/>\n<meta property=\"article:publisher\" content=\"https:\/\/www.facebook.com\/farmaceuticsbcn\/\" \/>\n<meta property=\"article:published_time\" content=\"2017-09-28T15:48:59+00:00\" \/>\n<meta name=\"author\" content=\"wpAdminCofbOrg\" \/>\n<meta name=\"twitter:card\" content=\"summary_large_image\" \/>\n<meta name=\"twitter:creator\" content=\"@farmaceuticsbcn\" \/>\n<meta name=\"twitter:site\" content=\"@farmaceuticsbcn\" \/>\n<meta name=\"twitter:label1\" content=\"Escrito por\" \/>\n\t<meta name=\"twitter:data1\" content=\"wpAdminCofbOrg\" \/>\n\t<meta name=\"twitter:label2\" content=\"Tiempo de lectura\" \/>\n\t<meta name=\"twitter:data2\" content=\"4 minutos\" \/>\n<script type=\"application\/ld+json\" class=\"yoast-schema-graph\">{\"@context\":\"https:\/\/schema.org\",\"@graph\":[{\"@type\":\"Article\",\"@id\":\"https:\/\/novaorg.cofb.net\/2017\/09\/28\/comenca-la-quarta-edicio-dels-tallers-de-bones-practiques-de-distribucio-de-medicaments\/#article\",\"isPartOf\":{\"@id\":\"https:\/\/novaorg.cofb.net\/2017\/09\/28\/comenca-la-quarta-edicio-dels-tallers-de-bones-practiques-de-distribucio-de-medicaments\/\"},\"author\":{\"name\":\"wpAdminCofbOrg\",\"@id\":\"https:\/\/www.cofb.org\/#\/schema\/person\/22ed7eea88da74b0fa4d3154ad87ffcb\"},\"headline\":\"Comen\u00e7a la quarta edici\u00f3 dels tallers de bones pr\u00e0ctiques de distribuci\u00f3 de medicaments\",\"datePublished\":\"2017-09-28T15:48:59+00:00\",\"dateModified\":\"2017-09-28T15:48:59+00:00\",\"mainEntityOfPage\":{\"@id\":\"https:\/\/novaorg.cofb.net\/2017\/09\/28\/comenca-la-quarta-edicio-dels-tallers-de-bones-practiques-de-distribucio-de-medicaments\/\"},\"wordCount\":725,\"commentCount\":0,\"publisher\":{\"@id\":\"https:\/\/www.cofb.org\/#organization\"},\"image\":{\"@id\":\"https:\/\/novaorg.cofb.net\/2017\/09\/28\/comenca-la-quarta-edicio-dels-tallers-de-bones-practiques-de-distribucio-de-medicaments\/#primaryimage\"},\"thumbnailUrl\":\"\",\"keywords\":[\"bon \u00fas dels medicaments\",\"bon \u00fas medicaments\",\"bones pr\u00e0ctiques de distribuci\u00f3\",\"COFB\",\"Col\u00b7legi de Farmac\u00e8utics de Barcelona\",\"Formaci\u00f3\",\"formaci\u00f3 continuada\",\"medicaments\",\"qualitat\",\"tallers\"],\"articleSection\":[\"Destacats\",\"M\u00f3n col\u00b7legial\"],\"inLanguage\":\"es\",\"potentialAction\":[{\"@type\":\"CommentAction\",\"name\":\"Comment\",\"target\":[\"https:\/\/novaorg.cofb.net\/2017\/09\/28\/comenca-la-quarta-edicio-dels-tallers-de-bones-practiques-de-distribucio-de-medicaments\/#respond\"]}]},{\"@type\":\"WebPage\",\"@id\":\"https:\/\/novaorg.cofb.net\/2017\/09\/28\/comenca-la-quarta-edicio-dels-tallers-de-bones-practiques-de-distribucio-de-medicaments\/\",\"url\":\"https:\/\/novaorg.cofb.net\/2017\/09\/28\/comenca-la-quarta-edicio-dels-tallers-de-bones-practiques-de-distribucio-de-medicaments\/\",\"name\":\"Comen\u00e7a la quarta edici\u00f3 dels tallers de bones pr\u00e0ctiques de distribuci\u00f3 de medicaments - Col\u00b7legi de Farmac\u00e8utics de Barcelona\",\"isPartOf\":{\"@id\":\"https:\/\/www.cofb.org\/#website\"},\"primaryImageOfPage\":{\"@id\":\"https:\/\/novaorg.cofb.net\/2017\/09\/28\/comenca-la-quarta-edicio-dels-tallers-de-bones-practiques-de-distribucio-de-medicaments\/#primaryimage\"},\"image\":{\"@id\":\"https:\/\/novaorg.cofb.net\/2017\/09\/28\/comenca-la-quarta-edicio-dels-tallers-de-bones-practiques-de-distribucio-de-medicaments\/#primaryimage\"},\"thumbnailUrl\":\"\",\"datePublished\":\"2017-09-28T15:48:59+00:00\",\"dateModified\":\"2017-09-28T15:48:59+00:00\",\"description\":\"S'ha iniciat la 4a edici\u00f3 dels tallers de bones pr\u00e0ctiques de distribuci\u00f3 de medicaments, amb un total de 6 cursos que tindran lloc fins gener de 2018\",\"breadcrumb\":{\"@id\":\"https:\/\/novaorg.cofb.net\/2017\/09\/28\/comenca-la-quarta-edicio-dels-tallers-de-bones-practiques-de-distribucio-de-medicaments\/#breadcrumb\"},\"inLanguage\":\"es\",\"potentialAction\":[{\"@type\":\"ReadAction\",\"target\":[\"https:\/\/novaorg.cofb.net\/2017\/09\/28\/comenca-la-quarta-edicio-dels-tallers-de-bones-practiques-de-distribucio-de-medicaments\/\"]}]},{\"@type\":\"ImageObject\",\"inLanguage\":\"es\",\"@id\":\"https:\/\/novaorg.cofb.net\/2017\/09\/28\/comenca-la-quarta-edicio-dels-tallers-de-bones-practiques-de-distribucio-de-medicaments\/#primaryimage\",\"url\":\"\",\"contentUrl\":\"\"},{\"@type\":\"BreadcrumbList\",\"@id\":\"https:\/\/novaorg.cofb.net\/2017\/09\/28\/comenca-la-quarta-edicio-dels-tallers-de-bones-practiques-de-distribucio-de-medicaments\/#breadcrumb\",\"itemListElement\":[{\"@type\":\"ListItem\",\"position\":1,\"name\":\"Inici\",\"item\":\"https:\/\/novaorg.cofb.net\/\"},{\"@type\":\"ListItem\",\"position\":2,\"name\":\"Comen\u00e7a la quarta edici\u00f3 dels tallers de bones pr\u00e0ctiques de distribuci\u00f3 de medicaments\"}]},{\"@type\":\"WebSite\",\"@id\":\"https:\/\/www.cofb.org\/#website\",\"url\":\"https:\/\/www.cofb.org\/\",\"name\":\"Col\u00b7legi de Farmac\u00e8utics de Barcelona\",\"description\":\"\",\"publisher\":{\"@id\":\"https:\/\/www.cofb.org\/#organization\"},\"potentialAction\":[{\"@type\":\"SearchAction\",\"target\":{\"@type\":\"EntryPoint\",\"urlTemplate\":\"https:\/\/www.cofb.org\/?s={search_term_string}\"},\"query-input\":\"required name=search_term_string\"}],\"inLanguage\":\"es\"},{\"@type\":\"Organization\",\"@id\":\"https:\/\/www.cofb.org\/#organization\",\"name\":\"Col\u00b7legi de Farmac\u00e8utics de Barcelona\",\"url\":\"https:\/\/www.cofb.org\/\",\"logo\":{\"@type\":\"ImageObject\",\"inLanguage\":\"es\",\"@id\":\"https:\/\/www.cofb.org\/#\/schema\/logo\/image\/\",\"url\":\"https:\/\/www.cofb.org\/wp-content\/uploads\/2023\/11\/cropped-Logotip-COFB.png\",\"contentUrl\":\"https:\/\/www.cofb.org\/wp-content\/uploads\/2023\/11\/cropped-Logotip-COFB.png\",\"width\":500,\"height\":105,\"caption\":\"Col\u00b7legi de Farmac\u00e8utics de Barcelona\"},\"image\":{\"@id\":\"https:\/\/www.cofb.org\/#\/schema\/logo\/image\/\"},\"sameAs\":[\"https:\/\/www.facebook.com\/farmaceuticsbcn\/\",\"https:\/\/twitter.com\/farmaceuticsbcn\",\"https:\/\/www.instagram.com\/farmaceuticsbcn\/\",\"https:\/\/www.linkedin.com\/company\/farmaceuticsbcn\/\"]},{\"@type\":\"Person\",\"@id\":\"https:\/\/www.cofb.org\/#\/schema\/person\/22ed7eea88da74b0fa4d3154ad87ffcb\",\"name\":\"wpAdminCofbOrg\",\"image\":{\"@type\":\"ImageObject\",\"inLanguage\":\"es\",\"@id\":\"https:\/\/www.cofb.org\/#\/schema\/person\/image\/\",\"url\":\"https:\/\/secure.gravatar.com\/avatar\/1721b20b3b8ca882c3b56ec6c978c594fff670e40c0718e9190eaeeb76aae7d8?s=96&d=mm&r=g\",\"contentUrl\":\"https:\/\/secure.gravatar.com\/avatar\/1721b20b3b8ca882c3b56ec6c978c594fff670e40c0718e9190eaeeb76aae7d8?s=96&d=mm&r=g\",\"caption\":\"wpAdminCofbOrg\"},\"sameAs\":[\"http:\/\/192.168.64.122\/wordpress\"],\"url\":\"https:\/\/www.cofb.org\/es\/author\/wpadmincofborg\/\"}]}<\/script>\n<!-- \/ Yoast SEO plugin. -->","yoast_head_json":{"title":"Comen\u00e7a la quarta edici\u00f3 dels tallers de bones pr\u00e0ctiques de distribuci\u00f3 de medicaments - Col\u00b7legi de Farmac\u00e8utics de Barcelona","description":"S'ha iniciat la 4a edici\u00f3 dels tallers de bones pr\u00e0ctiques de distribuci\u00f3 de medicaments, amb un total de 6 cursos que tindran lloc fins gener de 2018","robots":{"index":"index","follow":"follow","max-snippet":"max-snippet:-1","max-image-preview":"max-image-preview:large","max-video-preview":"max-video-preview:-1"},"canonical":"https:\/\/novaorg.cofb.net\/2017\/09\/28\/comenca-la-quarta-edicio-dels-tallers-de-bones-practiques-de-distribucio-de-medicaments\/","og_locale":"es_ES","og_type":"article","og_title":"Comen\u00e7a la quarta edici\u00f3 dels tallers de bones pr\u00e0ctiques de distribuci\u00f3 de medicaments - Col\u00b7legi de Farmac\u00e8utics de Barcelona","og_description":"S'ha iniciat la 4a edici\u00f3 dels tallers de bones pr\u00e0ctiques de distribuci\u00f3 de medicaments, amb un total de 6 cursos que tindran lloc fins gener de 2018","og_url":"https:\/\/novaorg.cofb.net\/2017\/09\/28\/comenca-la-quarta-edicio-dels-tallers-de-bones-practiques-de-distribucio-de-medicaments\/","og_site_name":"Col\u00b7legi de Farmac\u00e8utics de Barcelona","article_publisher":"https:\/\/www.facebook.com\/farmaceuticsbcn\/","article_published_time":"2017-09-28T15:48:59+00:00","author":"wpAdminCofbOrg","twitter_card":"summary_large_image","twitter_creator":"@farmaceuticsbcn","twitter_site":"@farmaceuticsbcn","twitter_misc":{"Escrito por":"wpAdminCofbOrg","Tiempo de lectura":"4 minutos"},"schema":{"@context":"https:\/\/schema.org","@graph":[{"@type":"Article","@id":"https:\/\/novaorg.cofb.net\/2017\/09\/28\/comenca-la-quarta-edicio-dels-tallers-de-bones-practiques-de-distribucio-de-medicaments\/#article","isPartOf":{"@id":"https:\/\/novaorg.cofb.net\/2017\/09\/28\/comenca-la-quarta-edicio-dels-tallers-de-bones-practiques-de-distribucio-de-medicaments\/"},"author":{"name":"wpAdminCofbOrg","@id":"https:\/\/www.cofb.org\/#\/schema\/person\/22ed7eea88da74b0fa4d3154ad87ffcb"},"headline":"Comen\u00e7a la quarta edici\u00f3 dels tallers de bones pr\u00e0ctiques de distribuci\u00f3 de medicaments","datePublished":"2017-09-28T15:48:59+00:00","dateModified":"2017-09-28T15:48:59+00:00","mainEntityOfPage":{"@id":"https:\/\/novaorg.cofb.net\/2017\/09\/28\/comenca-la-quarta-edicio-dels-tallers-de-bones-practiques-de-distribucio-de-medicaments\/"},"wordCount":725,"commentCount":0,"publisher":{"@id":"https:\/\/www.cofb.org\/#organization"},"image":{"@id":"https:\/\/novaorg.cofb.net\/2017\/09\/28\/comenca-la-quarta-edicio-dels-tallers-de-bones-practiques-de-distribucio-de-medicaments\/#primaryimage"},"thumbnailUrl":"","keywords":["bon \u00fas dels medicaments","bon \u00fas medicaments","bones pr\u00e0ctiques de distribuci\u00f3","COFB","Col\u00b7legi de Farmac\u00e8utics de Barcelona","Formaci\u00f3","formaci\u00f3 continuada","medicaments","qualitat","tallers"],"articleSection":["Destacats","M\u00f3n col\u00b7legial"],"inLanguage":"es","potentialAction":[{"@type":"CommentAction","name":"Comment","target":["https:\/\/novaorg.cofb.net\/2017\/09\/28\/comenca-la-quarta-edicio-dels-tallers-de-bones-practiques-de-distribucio-de-medicaments\/#respond"]}]},{"@type":"WebPage","@id":"https:\/\/novaorg.cofb.net\/2017\/09\/28\/comenca-la-quarta-edicio-dels-tallers-de-bones-practiques-de-distribucio-de-medicaments\/","url":"https:\/\/novaorg.cofb.net\/2017\/09\/28\/comenca-la-quarta-edicio-dels-tallers-de-bones-practiques-de-distribucio-de-medicaments\/","name":"Comen\u00e7a la quarta edici\u00f3 dels tallers de bones pr\u00e0ctiques de distribuci\u00f3 de medicaments - Col\u00b7legi de Farmac\u00e8utics de Barcelona","isPartOf":{"@id":"https:\/\/www.cofb.org\/#website"},"primaryImageOfPage":{"@id":"https:\/\/novaorg.cofb.net\/2017\/09\/28\/comenca-la-quarta-edicio-dels-tallers-de-bones-practiques-de-distribucio-de-medicaments\/#primaryimage"},"image":{"@id":"https:\/\/novaorg.cofb.net\/2017\/09\/28\/comenca-la-quarta-edicio-dels-tallers-de-bones-practiques-de-distribucio-de-medicaments\/#primaryimage"},"thumbnailUrl":"","datePublished":"2017-09-28T15:48:59+00:00","dateModified":"2017-09-28T15:48:59+00:00","description":"S'ha iniciat la 4a edici\u00f3 dels tallers de bones pr\u00e0ctiques de distribuci\u00f3 de medicaments, amb un total de 6 cursos que tindran lloc fins gener de 2018","breadcrumb":{"@id":"https:\/\/novaorg.cofb.net\/2017\/09\/28\/comenca-la-quarta-edicio-dels-tallers-de-bones-practiques-de-distribucio-de-medicaments\/#breadcrumb"},"inLanguage":"es","potentialAction":[{"@type":"ReadAction","target":["https:\/\/novaorg.cofb.net\/2017\/09\/28\/comenca-la-quarta-edicio-dels-tallers-de-bones-practiques-de-distribucio-de-medicaments\/"]}]},{"@type":"ImageObject","inLanguage":"es","@id":"https:\/\/novaorg.cofb.net\/2017\/09\/28\/comenca-la-quarta-edicio-dels-tallers-de-bones-practiques-de-distribucio-de-medicaments\/#primaryimage","url":"","contentUrl":""},{"@type":"BreadcrumbList","@id":"https:\/\/novaorg.cofb.net\/2017\/09\/28\/comenca-la-quarta-edicio-dels-tallers-de-bones-practiques-de-distribucio-de-medicaments\/#breadcrumb","itemListElement":[{"@type":"ListItem","position":1,"name":"Inici","item":"https:\/\/novaorg.cofb.net\/"},{"@type":"ListItem","position":2,"name":"Comen\u00e7a la quarta edici\u00f3 dels tallers de bones pr\u00e0ctiques de distribuci\u00f3 de medicaments"}]},{"@type":"WebSite","@id":"https:\/\/www.cofb.org\/#website","url":"https:\/\/www.cofb.org\/","name":"Col\u00b7legi de Farmac\u00e8utics de Barcelona","description":"","publisher":{"@id":"https:\/\/www.cofb.org\/#organization"},"potentialAction":[{"@type":"SearchAction","target":{"@type":"EntryPoint","urlTemplate":"https:\/\/www.cofb.org\/?s={search_term_string}"},"query-input":"required name=search_term_string"}],"inLanguage":"es"},{"@type":"Organization","@id":"https:\/\/www.cofb.org\/#organization","name":"Col\u00b7legi de Farmac\u00e8utics de Barcelona","url":"https:\/\/www.cofb.org\/","logo":{"@type":"ImageObject","inLanguage":"es","@id":"https:\/\/www.cofb.org\/#\/schema\/logo\/image\/","url":"https:\/\/www.cofb.org\/wp-content\/uploads\/2023\/11\/cropped-Logotip-COFB.png","contentUrl":"https:\/\/www.cofb.org\/wp-content\/uploads\/2023\/11\/cropped-Logotip-COFB.png","width":500,"height":105,"caption":"Col\u00b7legi de Farmac\u00e8utics de Barcelona"},"image":{"@id":"https:\/\/www.cofb.org\/#\/schema\/logo\/image\/"},"sameAs":["https:\/\/www.facebook.com\/farmaceuticsbcn\/","https:\/\/twitter.com\/farmaceuticsbcn","https:\/\/www.instagram.com\/farmaceuticsbcn\/","https:\/\/www.linkedin.com\/company\/farmaceuticsbcn\/"]},{"@type":"Person","@id":"https:\/\/www.cofb.org\/#\/schema\/person\/22ed7eea88da74b0fa4d3154ad87ffcb","name":"wpAdminCofbOrg","image":{"@type":"ImageObject","inLanguage":"es","@id":"https:\/\/www.cofb.org\/#\/schema\/person\/image\/","url":"https:\/\/secure.gravatar.com\/avatar\/1721b20b3b8ca882c3b56ec6c978c594fff670e40c0718e9190eaeeb76aae7d8?s=96&d=mm&r=g","contentUrl":"https:\/\/secure.gravatar.com\/avatar\/1721b20b3b8ca882c3b56ec6c978c594fff670e40c0718e9190eaeeb76aae7d8?s=96&d=mm&r=g","caption":"wpAdminCofbOrg"},"sameAs":["http:\/\/192.168.64.122\/wordpress"],"url":"https:\/\/www.cofb.org\/es\/author\/wpadmincofborg\/"}]}},"uagb_featured_image_src":{"full":false,"thumbnail":false,"medium":false,"medium_large":false,"large":false,"1536x1536":false,"2048x2048":false,"trp-custom-language-flag":false},"uagb_author_info":{"display_name":"wpAdminCofbOrg","author_link":"https:\/\/www.cofb.org\/es\/author\/wpadmincofborg\/"},"uagb_comment_info":0,"uagb_excerpt":"Aquest 28 de setembre s&#8217;ha iniciat la quarta edici\u00f3 dels tallers de bones pr\u00e0ctiques de distribuci\u00f3 de medicaments (BPD), amb un total de sis cursos que tindran lloc a partir d&#8217;ara i fins el gener de 2018. Els tallers estan organitzats pel Col\u00b7legi de Farmac\u00e8utics de Barcelona conjuntament amb el [&hellip;]","_links":{"self":[{"href":"https:\/\/www.cofb.org\/es\/wp-json\/wp\/v2\/posts\/32440","targetHints":{"allow":["GET"]}}],"collection":[{"href":"https:\/\/www.cofb.org\/es\/wp-json\/wp\/v2\/posts"}],"about":[{"href":"https:\/\/www.cofb.org\/es\/wp-json\/wp\/v2\/types\/post"}],"author":[{"embeddable":true,"href":"https:\/\/www.cofb.org\/es\/wp-json\/wp\/v2\/users\/1"}],"replies":[{"embeddable":true,"href":"https:\/\/www.cofb.org\/es\/wp-json\/wp\/v2\/comments?post=32440"}],"version-history":[{"count":0,"href":"https:\/\/www.cofb.org\/es\/wp-json\/wp\/v2\/posts\/32440\/revisions"}],"wp:featuredmedia":[{"embeddable":true,"href":"https:\/\/www.cofb.org\/es\/wp-json\/"}],"wp:attachment":[{"href":"https:\/\/www.cofb.org\/es\/wp-json\/wp\/v2\/media?parent=32440"}],"wp:term":[{"taxonomy":"category","embeddable":true,"href":"https:\/\/www.cofb.org\/es\/wp-json\/wp\/v2\/categories?post=32440"},{"taxonomy":"post_tag","embeddable":true,"href":"https:\/\/www.cofb.org\/es\/wp-json\/wp\/v2\/tags?post=32440"}],"curies":[{"name":"wp","href":"https:\/\/api.w.org\/{rel}","templated":true}]}}