{"id":32225,"date":"2017-09-22T12:00:59","date_gmt":"2017-09-22T10:00:59","guid":{"rendered":"http:\/\/blog.cofb.cat\/?p=32225"},"modified":"2017-09-22T12:00:59","modified_gmt":"2017-09-22T10:00:59","slug":"agost-polimedicacio-xarxa-de-farmacies-sentinella-horaris-oficines-de-farmacia-com-temes-mes-destacats","status":"publish","type":"post","link":"https:\/\/www.cofb.org\/es\/2017\/09\/22\/agost-polimedicacio-xarxa-de-farmacies-sentinella-horaris-oficines-de-farmacia-com-temes-mes-destacats\/","title":{"rendered":"Agosto: polimedicaci\u00f3n, red de farmacias centinela y temas de verano, los m\u00e1s destacados"},"content":{"rendered":"<p><b><div class=\"box shadow\"><\/b><b>Farmacia asistencial: polimedicaci\u00f3n y red de farmacias centinela<\/b><\/p>\n[caption id=&quot;attachment_32242&quot; align=&quot;alignright&quot; width=&quot;300&quot;]<a href=\"http:\/\/www.ondacero.es\/emisoras\/catalunya\/audios-podcast\/la-ciutat-estiu\/la-ciutat-destiu-1230h-23082017_20170823599d73aa0cf2ba3c4a40ecb6.html\" target=\"_blank\" rel=\"noopener\"><img fetchpriority=\"high\" decoding=\"async\" class=\"size-medium wp-image-32242\" title=\"Agosto: polimedicaci\u00f3n, Red de farmacias centinela y horarios oficinas de farmacia como temas m\u00e1s destacados\" alt=\"La polimedicaci\u00f3 a Onda Cero\" src=\"http:\/\/blog.cofb.cat\/wp-content\/uploads\/2017\/09\/1cf-300x250.png\" width=\"300\" height=\"250\" \/><\/a> La polimedicaci\u00f3n en Onda Cero[\/caption]\n<p>La <b>polimedicaci\u00f3n<\/b> es, \u00faltimamente, uno de los temas recurrentes en los medios de comunicaci\u00f3n y, en agosto, fue por partida doble. Por un lado, el programa <i><a href=\"http:\/\/www.ondacero.es\/emisoras\/catalunya\/audios-podcast\/la-ciutat-estiu\/la-ciutat-destiu-1230h-23082017_20170823599d73aa0cf2ba3c4a40ecb6.html\" target=\"_blank\" rel=\"noopener\">La Ciudad de Verano<\/a><\/i> de Onda Cero reserv\u00f3 parte de su emisi\u00f3n (del minuto 14&#039;35&#039;&#039; al 20&#039;31&#039;&#039;) para hablar de ello. <b>Guillermo Bagaria<\/b>, vicetesorero del Colegio, fue fuente de informaci\u00f3n y explic\u00f3 <b>el papel que el farmac\u00e9utico tiene en coordinaci\u00f3n con el m\u00e9dico <\/b>y comparti\u00f3 <b>algunas recomendaciones<\/b>\u00a0que\u00a0<b>ser\u00eda bueno que los pacientes llevaran a cabo<\/b>.<\/p>\n[caption id=&quot;attachment_32243&quot; align=&quot;alignleft&quot; width=&quot;300&quot;]<a href=\"http:\/\/www.canalblau.cat\/xarxa-farmacies-sentinelles\/\" target=\"_blank\" rel=\"noopener\"><img decoding=\"async\" class=\"size-medium wp-image-32243\" title=\"Agosto: polimedicaci\u00f3n, Red de farmacias centinela y horarios oficinas de farmacia como temas m\u00e1s destacados\" alt=\"Canal Blau informant sobre la Xarxa de farm\u00e0cies sentinelles\" src=\"http:\/\/blog.cofb.cat\/wp-content\/uploads\/2017\/09\/1cnblau-300x258.png\" width=\"300\" height=\"258\" \/><\/a> Canal Blau informando sobre la Red de farmacias centinelas[\/caption]\n<p>En segundo lugar, El Peri\u00f3dico de Catalunya tambi\u00e9n inform\u00f3 sobre esta problem\u00e1tica y <b>profundiz\u00f3 en el<\/b> <b>papel asistencial del farmac\u00e9utico comunitario<\/b>. El rotativo detallaba que\u00a0<b>&quot;son m\u00faltiples las iniciativas llevadas a cabo en estos puntos sanitarios (farmacias comunitarias) para la mejora del uso de los medicamentos&quot;<\/b>, destacando los <b>Sistemas Personalizados de Dosificaci\u00f3n (SPD)<\/b>. En la pieza <b>se define en qu\u00e9 consiste este servicio y se resalta la formaci\u00f3n que el Colegio\u00a0<\/b>ofrece a aquellos farmac\u00e9uticos que le dan.<\/p>\n<p>Por \u00faltimo, <b>la Red de farmacias centinela<\/b>\u00a0tuvo un espacio en <a href=\"http:\/\/www.canalblau.cat\/xarxa-farmacies-sentinelles\/\" target=\"_blank\" rel=\"noopener\">Canal Azul<\/a>. El medio explic\u00f3 el programa, <b>impulsado por el Consejo de Colegios Farmac\u00e9uticos de Catalu\u00f1a<\/b>, <b>y recogi\u00f3 declaraciones de una farmacia de Vilanova y la Geltr\u00fa<\/b> por\u00a0<b>conocer el punto de vista de los profesionales adheridos al mismo.<b><\/div><\/b><\/b><\/p>\n<p><b><div class=\"box shadow\">Horarios de las oficinas de farmacia\u00a0<\/b><\/p>\n[caption id=&quot;attachment_32245&quot; align=&quot;alignright&quot; width=&quot;300&quot;]<a href=\"http:\/\/www.correofarmaceutico.com\/2017\/01\/09\/gestion\/cerrar-a-las-1800-muy-complicado-en-botica-por-un-impedimento-legal-\" target=\"_blank\" rel=\"noopener\"><img decoding=\"async\" class=\"size-medium wp-image-32245\" title=\"Agosto: polimedicaci\u00f3n, Red de farmacias centinela y horarios oficinas de farmacia como temas m\u00e1s destacados\" alt=\"La jornada laboral de les farm\u00e0cies al Correo Farmac\u00e9utico\" src=\"http:\/\/blog.cofb.cat\/wp-content\/uploads\/2017\/09\/2CFF-300x293.png\" width=\"300\" height=\"293\" \/><\/a> La jornada laboral de las farmacias en el Correo Farmac\u00e9utico[\/caption]\n<p>A principios de agosto se conoci\u00f3 la voluntad del Gobierno de Espa\u00f1a <b>de acotar la jornada laboral hasta las 18.00 horas.<\/b> A ra\u00edz de estas informaciones, <a href=\"http:\/\/www.correofarmaceutico.com\/2017\/01\/09\/gestion\/cerrar-a-las-1800-muy-complicado-en-botica-por-un-impedimento-legal-\" target=\"_blank\" rel=\"noopener\">Correo Farmac\u00e9utico<\/a> public\u00f3 una noticia explicando <b>la dificultad de implementar esta nueva medida en las oficinas de farmacia<\/b>. El medio hac\u00eda referencia a <b>diferentes cuestiones legales<\/b> <b>que lo imped\u00edan <\/b>y, para abordar el tema con mayor profundidad, recogi\u00f3 declaraciones de varios responsables de colegios de farmac\u00e9uticos, entre ellos, <b>Jordi Casas<\/b>, secretario del Colegio. Casas concret\u00f3 que estas medidas podr\u00edan modificar los horarios de las farmacias, pero que, <b>&quot;en cualquier caso, el marco legislativo seguir\u00eda asegurando la asistencia al ciudadano 24 horas&quot;.<b><\/div><\/b><\/b><b>\u00a0<\/b><\/p>\n<p><b><div class=\"box shadow\">Atenci\u00f3n a los turistas desde la farmacia\u00a0<\/b><\/p>\n[caption id=&quot;attachment_32266&quot; align=&quot;alignleft&quot; width=&quot;300&quot;]<a href=\"http:\/\/www.correofarmaceutico.com\/2017\/08\/03\/al-dia\/entorno\/las-farmacias-ya-no-son-solo-bilinges\" target=\"_blank\" rel=\"noopener\"><img loading=\"lazy\" decoding=\"async\" class=\"size-medium wp-image-32266\" title=\"Agosto: polimedicaci\u00f3n, Red de farmacias centinela y horarios oficinas de farmacia como temas m\u00e1s destacados\" alt=\"Correo Farmac\u00e9utico i l'atendi\u00f3 del turisme a les farm\u00e0cies \" src=\"http:\/\/blog.cofb.cat\/wp-content\/uploads\/2017\/09\/3CF-300x288.png\" width=\"300\" height=\"288\" \/><\/a> Correo Farmac\u00e9utico y la atenci\u00f3n del turismo en las farmacias[\/caption]\n<p>Aprovechando que era \u00e9poca de verano, <a href=\"http:\/\/www.correofarmaceutico.com\/2017\/08\/03\/al-dia\/entorno\/las-farmacias-ya-no-son-solo-bilinges\" target=\"_blank\" rel=\"noopener\">Correo Farmac\u00e9utico<\/a> realiz\u00f3 una pieza donde se relacionaba <b>turismo y farmacia.<\/b> La noticia se centraba en explicar <b>la atenci\u00f3n que el profesional hace este sector y compart\u00eda experiencias de diferentes farmac\u00e9uticos<\/b>, c\u00f3mo <b>Montserrat Giron\u00e8s<\/b>, vocal de Ortopedia del COFB. Giron\u00e8s resalt\u00f3 <b>el papel asistencial que las farmacias situadas en puntos tur\u00edsticos pueden desempe\u00f1ar<\/b>, tambi\u00e9n, con<b>\u00a0este colectivo<\/b>, poniendo como ejemplo la prueba del VIH. Asimismo, el medio destac\u00f3 algunas iniciativas y proyectos que se llevan a cabo desde el Colegio por la atenci\u00f3n a los turistas. Se inform\u00f3 tambi\u00e9n sobre el curso <b><i>La salud del viajero<\/i> de \u00c1gora Sanitaria<\/b>, <b>el traductor de s\u00edntomas de salud<\/b>, que se encuentra en 18 idiomas en la web de salud del Colegio, el <a href=\"https:\/\/www.farmaceuticonline.com\" target=\"_blank\" rel=\"noopener\">Farmaceuticonline<\/a>, as\u00ed como dos piezas de este portal y, por \u00faltimo, el diccionario <b><i>L\u00e9xico de f\u00e1rmacos<\/i>,<\/b> en el que el Colegio colabor\u00f3.<b><\/div><\/b><b>\u00a0<\/b><\/p>\n<p><b><div class=\"box shadow\">Sol y medicaci\u00f3n<\/b><\/p>\n<p><b>La interacci\u00f3n entre medicaci\u00f3n y sol<\/b> fue uno de los temas que se trataron en el programa <i><a href=\"http:\/\/estaticos.marca.com\/radio\/2017\/08\/22\/media\/22082017153000CUIDATE_e221faa45d00513c0795014b969b1b3f.MP3\" target=\"_blank\" rel=\"noopener\">Cu\u00eddate<\/a> <\/i>de Radio Marca del 22 de agosto, donde se contact\u00f3 con <b>Marta Alcalde<\/b>, vocal de Dermofarmacia y Productos Sanitarios del COFB, como fuente experta para resolver las dudas al respecto. De este modo, Alcalde defini\u00f3, entre otras muchas cuestiones, <b>qu\u00e9 se entiende por efectos fotosensibles de algunos f\u00e1rmacos y comparti\u00f3 algunas medidas de prevenci\u00f3n<\/b>. Si quiere o\u00edrlo, se habl\u00f3 de este tema del minuto 2&#039;19&#039;&#039; al 12&#039; 35&#039;&#039;.<b><\/div><\/b><b>\u00a0<\/b><\/p>\n<p><b><div class=\"box shadow\">Memoria del Colegio\u00a0<\/b><\/p>\n[caption id=&quot;attachment_32267&quot; align=&quot;alignright&quot; width=&quot;300&quot;]<a href=\"http:\/\/revistafarmanatur.com\/gestion-farmaceutica\/cofb-balance-trayectoria-2016\/\" target=\"_blank\" rel=\"noopener\"><img loading=\"lazy\" decoding=\"async\" class=\"size-medium wp-image-32267\" title=\"Agosto: polimedicaci\u00f3n, Red de farmacias centinela y horarios oficinas de farmacia como temas m\u00e1s destacados\" alt=\"La Mem\u00f2ria del COFB a Farmantur\" src=\"http:\/\/blog.cofb.cat\/wp-content\/uploads\/2017\/09\/5farmantur-300x186.png\" width=\"300\" height=\"186\" \/><\/a> La Memoria del COFB en Farmantur[\/caption]\n<p>La revista especializada <a href=\"http:\/\/revistafarmanatur.com\/gestion-farmaceutica\/cofb-balance-trayectoria-2016\/\" target=\"_blank\" rel=\"noopener\">Farmanaturo<\/a> public\u00f3 el pasado 31 de agosto una noticia sobre la <b>Memoria de 2016 del Colegio.<\/b> El medio sintetiz\u00f3 el contenido del documento poniendo el \u00e9nfasis en alguno de los proyectos en los que se ha participado, como <b>la detecci\u00f3n precoz del c\u00e1ncer de colon, prevenci\u00f3n del ictus o la red de farmacias centinelas<\/b>, entre otros. Asimismo destac\u00f3\u00a0<b>la creaci\u00f3n de la Comisi\u00f3n de Compromiso Social<\/b> y comparti\u00f3 parte de <b>la introducci\u00f3n del presidente del COFB, Jordi de Dalmases.<b><\/div><\/b><\/b><\/p>\n<p><b><div class=\"box shadow\">Atentados terroristas en Barcelona y Cambrils<\/b><\/p>\n<p>Desde el Colegio se hizo una pieza por el <a href=\"http:\/\/blog.cofb.cat\/el-cof-de-barcelona-condemna-els-atemptats-reconeix-la-tasca-dels-professionals-sanitaris\/\" target=\"_blank\" rel=\"noopener\">Blog<\/a> condenando los atentados terroristas en Barcelona y Cambrils que se dieron el pasado 17 de agosto. De esta forma, el COFB se adhiri\u00f3 a todos a los profesionales y centros sanitarios que rechazaron estos actos, escenific\u00e1ndolo con un minuto de silencio al d\u00eda siguiente.<b><\/div><\/b><\/p>","protected":false},"excerpt":{"rendered":"<p>\u00a0 \u00a0 \u00a0<\/p>","protected":false},"author":1,"featured_media":32301,"comment_status":"open","ping_status":"open","sticky":false,"template":"","format":"standard","meta":{"_uag_custom_page_level_css":"","site-sidebar-layout":"default","site-content-layout":"","ast-site-content-layout":"default","site-content-style":"default","site-sidebar-style":"default","ast-global-header-display":"","ast-banner-title-visibility":"","ast-main-header-display":"","ast-hfb-above-header-display":"","ast-hfb-below-header-display":"","ast-hfb-mobile-header-display":"","site-post-title":"","ast-breadcrumbs-content":"","ast-featured-img":"disabled","footer-sml-layout":"","theme-transparent-header-meta":"","adv-header-id-meta":"","stick-header-meta":"","header-above-stick-meta":"","header-main-stick-meta":"","header-below-stick-meta":"","astra-migrate-meta-layouts":"default","ast-page-background-enabled":"default","ast-page-background-meta":{"desktop":{"background-color":"var(--ast-global-color-4)","background-image":"","background-repeat":"repeat","background-position":"center center","background-size":"auto","background-attachment":"scroll","background-type":"","background-media":"","overlay-type":"","overlay-color":"","overlay-opacity":"","overlay-gradient":""},"tablet":{"background-color":"","background-image":"","background-repeat":"repeat","background-position":"center center","background-size":"auto","background-attachment":"scroll","background-type":"","background-media":"","overlay-type":"","overlay-color":"","overlay-opacity":"","overlay-gradient":""},"mobile":{"background-color":"","background-image":"","background-repeat":"repeat","background-position":"center center","background-size":"auto","background-attachment":"scroll","background-type":"","background-media":"","overlay-type":"","overlay-color":"","overlay-opacity":"","overlay-gradient":""}},"ast-content-background-meta":{"desktop":{"background-color":"var(--ast-global-color-5)","background-image":"","background-repeat":"repeat","background-position":"center center","background-size":"auto","background-attachment":"scroll","background-type":"","background-media":"","overlay-type":"","overlay-color":"","overlay-opacity":"","overlay-gradient":""},"tablet":{"background-color":"var(--ast-global-color-5)","background-image":"","background-repeat":"repeat","background-position":"center center","background-size":"auto","background-attachment":"scroll","background-type":"","background-media":"","overlay-type":"","overlay-color":"","overlay-opacity":"","overlay-gradient":""},"mobile":{"background-color":"var(--ast-global-color-5)","background-image":"","background-repeat":"repeat","background-position":"center center","background-size":"auto","background-attachment":"scroll","background-type":"","background-media":"","overlay-type":"","overlay-color":"","overlay-opacity":"","overlay-gradient":""}},"footnotes":""},"categories":[23,32],"tags":[2863,113,2845,2864,459,932,2865,2866,2216,2867],"class_list":["post-32225","post","type-post","status-publish","format-standard","has-post-thumbnail","hentry","category-destacats","category-noticies-farmacia","tag-atencio-las-turistes","tag-farmacia-assistencial","tag-memoria-2016","tag-memoria-del-cofb","tag-mitjans","tag-polimedicacio","tag-sistemes-personalitzats-de-d","tag-sol-i-medicacio","tag-spd","tag-xarxa-de-farmacies-sentinelles"],"yoast_head":"<!-- This site is optimized with the Yoast SEO plugin v22.4 - https:\/\/yoast.com\/wordpress\/plugins\/seo\/ -->\n<title>Agost: polimedicaci\u00f3, Xarxa de farm\u00e0cies sentinella i horaris oficines de farm\u00e0cia com a temes m\u00e9s destacats<\/title>\n<meta name=\"description\" content=\"Agost: polimedicaci\u00f3, Xarxa de farm\u00e0cies sentinella i horaris oficines de farm\u00e0cia com a temes m\u00e9s destacats\" \/>\n<meta name=\"robots\" content=\"index, follow, max-snippet:-1, max-image-preview:large, max-video-preview:-1\" \/>\n<link rel=\"canonical\" href=\"https:\/\/novaorg.cofb.net\/2017\/09\/22\/agost-polimedicacio-xarxa-de-farmacies-sentinella-horaris-oficines-de-farmacia-com-temes-mes-destacats\/\" \/>\n<meta property=\"og:locale\" content=\"es_ES\" \/>\n<meta property=\"og:type\" content=\"article\" \/>\n<meta property=\"og:title\" content=\"Agost: polimedicaci\u00f3, Xarxa de farm\u00e0cies sentinella i horaris oficines de farm\u00e0cia com a temes m\u00e9s destacats\" \/>\n<meta property=\"og:description\" content=\"Agost: polimedicaci\u00f3, Xarxa de farm\u00e0cies sentinella i horaris oficines de farm\u00e0cia com a temes m\u00e9s destacats\" \/>\n<meta property=\"og:url\" content=\"https:\/\/novaorg.cofb.net\/2017\/09\/22\/agost-polimedicacio-xarxa-de-farmacies-sentinella-horaris-oficines-de-farmacia-com-temes-mes-destacats\/\" \/>\n<meta property=\"og:site_name\" content=\"Col\u00b7legi de Farmac\u00e8utics de Barcelona\" \/>\n<meta property=\"article:publisher\" content=\"https:\/\/www.facebook.com\/farmaceuticsbcn\/\" \/>\n<meta property=\"article:published_time\" content=\"2017-09-22T10:00:59+00:00\" \/>\n<meta name=\"author\" content=\"wpAdminCofbOrg\" \/>\n<meta name=\"twitter:card\" content=\"summary_large_image\" \/>\n<meta name=\"twitter:creator\" content=\"@farmaceuticsbcn\" \/>\n<meta name=\"twitter:site\" content=\"@farmaceuticsbcn\" \/>\n<meta name=\"twitter:label1\" content=\"Escrito por\" \/>\n\t<meta name=\"twitter:data1\" content=\"wpAdminCofbOrg\" \/>\n\t<meta name=\"twitter:label2\" content=\"Tiempo de lectura\" \/>\n\t<meta name=\"twitter:data2\" content=\"5 minutos\" \/>\n<script type=\"application\/ld+json\" class=\"yoast-schema-graph\">{\"@context\":\"https:\/\/schema.org\",\"@graph\":[{\"@type\":\"Article\",\"@id\":\"https:\/\/novaorg.cofb.net\/2017\/09\/22\/agost-polimedicacio-xarxa-de-farmacies-sentinella-horaris-oficines-de-farmacia-com-temes-mes-destacats\/#article\",\"isPartOf\":{\"@id\":\"https:\/\/novaorg.cofb.net\/2017\/09\/22\/agost-polimedicacio-xarxa-de-farmacies-sentinella-horaris-oficines-de-farmacia-com-temes-mes-destacats\/\"},\"author\":{\"name\":\"wpAdminCofbOrg\",\"@id\":\"https:\/\/www.cofb.org\/#\/schema\/person\/22ed7eea88da74b0fa4d3154ad87ffcb\"},\"headline\":\"Agost: polimedicaci\u00f3, xarxa de farm\u00e0cies sentinella i temes d&#8217;estiu, els m\u00e9s destacats\",\"datePublished\":\"2017-09-22T10:00:59+00:00\",\"dateModified\":\"2017-09-22T10:00:59+00:00\",\"mainEntityOfPage\":{\"@id\":\"https:\/\/novaorg.cofb.net\/2017\/09\/22\/agost-polimedicacio-xarxa-de-farmacies-sentinella-horaris-oficines-de-farmacia-com-temes-mes-destacats\/\"},\"wordCount\":927,\"commentCount\":0,\"publisher\":{\"@id\":\"https:\/\/www.cofb.org\/#organization\"},\"image\":{\"@id\":\"https:\/\/novaorg.cofb.net\/2017\/09\/22\/agost-polimedicacio-xarxa-de-farmacies-sentinella-horaris-oficines-de-farmacia-com-temes-mes-destacats\/#primaryimage\"},\"thumbnailUrl\":\"\",\"keywords\":[\"atenci\u00f3 las turistes\",\"farm\u00e0cia assistencial\",\"Mem\u00f2ria 2016\",\"memoria del cofb\",\"Mitjans\",\"polimedicaci\u00f3\",\"Sistemes personalitzats de d\",\"sol i medicaci\u00f3\",\"SPD\",\"xarxa de farm\u00e0cies sentinelles\"],\"articleSection\":[\"Destacats\",\"Not\u00edcies farm\u00e0cia\"],\"inLanguage\":\"es\",\"potentialAction\":[{\"@type\":\"CommentAction\",\"name\":\"Comment\",\"target\":[\"https:\/\/novaorg.cofb.net\/2017\/09\/22\/agost-polimedicacio-xarxa-de-farmacies-sentinella-horaris-oficines-de-farmacia-com-temes-mes-destacats\/#respond\"]}]},{\"@type\":\"WebPage\",\"@id\":\"https:\/\/novaorg.cofb.net\/2017\/09\/22\/agost-polimedicacio-xarxa-de-farmacies-sentinella-horaris-oficines-de-farmacia-com-temes-mes-destacats\/\",\"url\":\"https:\/\/novaorg.cofb.net\/2017\/09\/22\/agost-polimedicacio-xarxa-de-farmacies-sentinella-horaris-oficines-de-farmacia-com-temes-mes-destacats\/\",\"name\":\"Agost: polimedicaci\u00f3, Xarxa de farm\u00e0cies sentinella i horaris oficines de farm\u00e0cia com a temes m\u00e9s destacats\",\"isPartOf\":{\"@id\":\"https:\/\/www.cofb.org\/#website\"},\"primaryImageOfPage\":{\"@id\":\"https:\/\/novaorg.cofb.net\/2017\/09\/22\/agost-polimedicacio-xarxa-de-farmacies-sentinella-horaris-oficines-de-farmacia-com-temes-mes-destacats\/#primaryimage\"},\"image\":{\"@id\":\"https:\/\/novaorg.cofb.net\/2017\/09\/22\/agost-polimedicacio-xarxa-de-farmacies-sentinella-horaris-oficines-de-farmacia-com-temes-mes-destacats\/#primaryimage\"},\"thumbnailUrl\":\"\",\"datePublished\":\"2017-09-22T10:00:59+00:00\",\"dateModified\":\"2017-09-22T10:00:59+00:00\",\"description\":\"Agost: polimedicaci\u00f3, Xarxa de farm\u00e0cies sentinella i horaris oficines de farm\u00e0cia com a temes m\u00e9s destacats\",\"breadcrumb\":{\"@id\":\"https:\/\/novaorg.cofb.net\/2017\/09\/22\/agost-polimedicacio-xarxa-de-farmacies-sentinella-horaris-oficines-de-farmacia-com-temes-mes-destacats\/#breadcrumb\"},\"inLanguage\":\"es\",\"potentialAction\":[{\"@type\":\"ReadAction\",\"target\":[\"https:\/\/novaorg.cofb.net\/2017\/09\/22\/agost-polimedicacio-xarxa-de-farmacies-sentinella-horaris-oficines-de-farmacia-com-temes-mes-destacats\/\"]}]},{\"@type\":\"ImageObject\",\"inLanguage\":\"es\",\"@id\":\"https:\/\/novaorg.cofb.net\/2017\/09\/22\/agost-polimedicacio-xarxa-de-farmacies-sentinella-horaris-oficines-de-farmacia-com-temes-mes-destacats\/#primaryimage\",\"url\":\"\",\"contentUrl\":\"\"},{\"@type\":\"BreadcrumbList\",\"@id\":\"https:\/\/novaorg.cofb.net\/2017\/09\/22\/agost-polimedicacio-xarxa-de-farmacies-sentinella-horaris-oficines-de-farmacia-com-temes-mes-destacats\/#breadcrumb\",\"itemListElement\":[{\"@type\":\"ListItem\",\"position\":1,\"name\":\"Inici\",\"item\":\"https:\/\/novaorg.cofb.net\/\"},{\"@type\":\"ListItem\",\"position\":2,\"name\":\"Agost: polimedicaci\u00f3, xarxa de farm\u00e0cies sentinella i temes d&#8217;estiu, els m\u00e9s destacats\"}]},{\"@type\":\"WebSite\",\"@id\":\"https:\/\/www.cofb.org\/#website\",\"url\":\"https:\/\/www.cofb.org\/\",\"name\":\"Col\u00b7legi de Farmac\u00e8utics de Barcelona\",\"description\":\"\",\"publisher\":{\"@id\":\"https:\/\/www.cofb.org\/#organization\"},\"potentialAction\":[{\"@type\":\"SearchAction\",\"target\":{\"@type\":\"EntryPoint\",\"urlTemplate\":\"https:\/\/www.cofb.org\/?s={search_term_string}\"},\"query-input\":\"required name=search_term_string\"}],\"inLanguage\":\"es\"},{\"@type\":\"Organization\",\"@id\":\"https:\/\/www.cofb.org\/#organization\",\"name\":\"Col\u00b7legi de Farmac\u00e8utics de Barcelona\",\"url\":\"https:\/\/www.cofb.org\/\",\"logo\":{\"@type\":\"ImageObject\",\"inLanguage\":\"es\",\"@id\":\"https:\/\/www.cofb.org\/#\/schema\/logo\/image\/\",\"url\":\"https:\/\/www.cofb.org\/wp-content\/uploads\/2023\/11\/cropped-Logotip-COFB.png\",\"contentUrl\":\"https:\/\/www.cofb.org\/wp-content\/uploads\/2023\/11\/cropped-Logotip-COFB.png\",\"width\":500,\"height\":105,\"caption\":\"Col\u00b7legi de Farmac\u00e8utics de Barcelona\"},\"image\":{\"@id\":\"https:\/\/www.cofb.org\/#\/schema\/logo\/image\/\"},\"sameAs\":[\"https:\/\/www.facebook.com\/farmaceuticsbcn\/\",\"https:\/\/twitter.com\/farmaceuticsbcn\",\"https:\/\/www.instagram.com\/farmaceuticsbcn\/\",\"https:\/\/www.linkedin.com\/company\/farmaceuticsbcn\/\"]},{\"@type\":\"Person\",\"@id\":\"https:\/\/www.cofb.org\/#\/schema\/person\/22ed7eea88da74b0fa4d3154ad87ffcb\",\"name\":\"wpAdminCofbOrg\",\"image\":{\"@type\":\"ImageObject\",\"inLanguage\":\"es\",\"@id\":\"https:\/\/www.cofb.org\/#\/schema\/person\/image\/\",\"url\":\"https:\/\/secure.gravatar.com\/avatar\/1721b20b3b8ca882c3b56ec6c978c594fff670e40c0718e9190eaeeb76aae7d8?s=96&d=mm&r=g\",\"contentUrl\":\"https:\/\/secure.gravatar.com\/avatar\/1721b20b3b8ca882c3b56ec6c978c594fff670e40c0718e9190eaeeb76aae7d8?s=96&d=mm&r=g\",\"caption\":\"wpAdminCofbOrg\"},\"sameAs\":[\"http:\/\/192.168.64.122\/wordpress\"],\"url\":\"https:\/\/www.cofb.org\/es\/author\/wpadmincofborg\/\"}]}<\/script>\n<!-- \/ Yoast SEO plugin. -->","yoast_head_json":{"title":"Agost: polimedicaci\u00f3, Xarxa de farm\u00e0cies sentinella i horaris oficines de farm\u00e0cia com a temes m\u00e9s destacats","description":"Agost: polimedicaci\u00f3, Xarxa de farm\u00e0cies sentinella i horaris oficines de farm\u00e0cia com a temes m\u00e9s destacats","robots":{"index":"index","follow":"follow","max-snippet":"max-snippet:-1","max-image-preview":"max-image-preview:large","max-video-preview":"max-video-preview:-1"},"canonical":"https:\/\/novaorg.cofb.net\/2017\/09\/22\/agost-polimedicacio-xarxa-de-farmacies-sentinella-horaris-oficines-de-farmacia-com-temes-mes-destacats\/","og_locale":"es_ES","og_type":"article","og_title":"Agost: polimedicaci\u00f3, Xarxa de farm\u00e0cies sentinella i horaris oficines de farm\u00e0cia com a temes m\u00e9s destacats","og_description":"Agost: polimedicaci\u00f3, Xarxa de farm\u00e0cies sentinella i horaris oficines de farm\u00e0cia com a temes m\u00e9s destacats","og_url":"https:\/\/novaorg.cofb.net\/2017\/09\/22\/agost-polimedicacio-xarxa-de-farmacies-sentinella-horaris-oficines-de-farmacia-com-temes-mes-destacats\/","og_site_name":"Col\u00b7legi de Farmac\u00e8utics de Barcelona","article_publisher":"https:\/\/www.facebook.com\/farmaceuticsbcn\/","article_published_time":"2017-09-22T10:00:59+00:00","author":"wpAdminCofbOrg","twitter_card":"summary_large_image","twitter_creator":"@farmaceuticsbcn","twitter_site":"@farmaceuticsbcn","twitter_misc":{"Escrito por":"wpAdminCofbOrg","Tiempo de lectura":"5 minutos"},"schema":{"@context":"https:\/\/schema.org","@graph":[{"@type":"Article","@id":"https:\/\/novaorg.cofb.net\/2017\/09\/22\/agost-polimedicacio-xarxa-de-farmacies-sentinella-horaris-oficines-de-farmacia-com-temes-mes-destacats\/#article","isPartOf":{"@id":"https:\/\/novaorg.cofb.net\/2017\/09\/22\/agost-polimedicacio-xarxa-de-farmacies-sentinella-horaris-oficines-de-farmacia-com-temes-mes-destacats\/"},"author":{"name":"wpAdminCofbOrg","@id":"https:\/\/www.cofb.org\/#\/schema\/person\/22ed7eea88da74b0fa4d3154ad87ffcb"},"headline":"Agost: polimedicaci\u00f3, xarxa de farm\u00e0cies sentinella i temes d&#8217;estiu, els m\u00e9s destacats","datePublished":"2017-09-22T10:00:59+00:00","dateModified":"2017-09-22T10:00:59+00:00","mainEntityOfPage":{"@id":"https:\/\/novaorg.cofb.net\/2017\/09\/22\/agost-polimedicacio-xarxa-de-farmacies-sentinella-horaris-oficines-de-farmacia-com-temes-mes-destacats\/"},"wordCount":927,"commentCount":0,"publisher":{"@id":"https:\/\/www.cofb.org\/#organization"},"image":{"@id":"https:\/\/novaorg.cofb.net\/2017\/09\/22\/agost-polimedicacio-xarxa-de-farmacies-sentinella-horaris-oficines-de-farmacia-com-temes-mes-destacats\/#primaryimage"},"thumbnailUrl":"","keywords":["atenci\u00f3 las turistes","farm\u00e0cia assistencial","Mem\u00f2ria 2016","memoria del cofb","Mitjans","polimedicaci\u00f3","Sistemes personalitzats de d","sol i medicaci\u00f3","SPD","xarxa de farm\u00e0cies sentinelles"],"articleSection":["Destacats","Not\u00edcies farm\u00e0cia"],"inLanguage":"es","potentialAction":[{"@type":"CommentAction","name":"Comment","target":["https:\/\/novaorg.cofb.net\/2017\/09\/22\/agost-polimedicacio-xarxa-de-farmacies-sentinella-horaris-oficines-de-farmacia-com-temes-mes-destacats\/#respond"]}]},{"@type":"WebPage","@id":"https:\/\/novaorg.cofb.net\/2017\/09\/22\/agost-polimedicacio-xarxa-de-farmacies-sentinella-horaris-oficines-de-farmacia-com-temes-mes-destacats\/","url":"https:\/\/novaorg.cofb.net\/2017\/09\/22\/agost-polimedicacio-xarxa-de-farmacies-sentinella-horaris-oficines-de-farmacia-com-temes-mes-destacats\/","name":"Agost: polimedicaci\u00f3, Xarxa de farm\u00e0cies sentinella i horaris oficines de farm\u00e0cia com a temes m\u00e9s destacats","isPartOf":{"@id":"https:\/\/www.cofb.org\/#website"},"primaryImageOfPage":{"@id":"https:\/\/novaorg.cofb.net\/2017\/09\/22\/agost-polimedicacio-xarxa-de-farmacies-sentinella-horaris-oficines-de-farmacia-com-temes-mes-destacats\/#primaryimage"},"image":{"@id":"https:\/\/novaorg.cofb.net\/2017\/09\/22\/agost-polimedicacio-xarxa-de-farmacies-sentinella-horaris-oficines-de-farmacia-com-temes-mes-destacats\/#primaryimage"},"thumbnailUrl":"","datePublished":"2017-09-22T10:00:59+00:00","dateModified":"2017-09-22T10:00:59+00:00","description":"Agost: polimedicaci\u00f3, Xarxa de farm\u00e0cies sentinella i horaris oficines de farm\u00e0cia com a temes m\u00e9s destacats","breadcrumb":{"@id":"https:\/\/novaorg.cofb.net\/2017\/09\/22\/agost-polimedicacio-xarxa-de-farmacies-sentinella-horaris-oficines-de-farmacia-com-temes-mes-destacats\/#breadcrumb"},"inLanguage":"es","potentialAction":[{"@type":"ReadAction","target":["https:\/\/novaorg.cofb.net\/2017\/09\/22\/agost-polimedicacio-xarxa-de-farmacies-sentinella-horaris-oficines-de-farmacia-com-temes-mes-destacats\/"]}]},{"@type":"ImageObject","inLanguage":"es","@id":"https:\/\/novaorg.cofb.net\/2017\/09\/22\/agost-polimedicacio-xarxa-de-farmacies-sentinella-horaris-oficines-de-farmacia-com-temes-mes-destacats\/#primaryimage","url":"","contentUrl":""},{"@type":"BreadcrumbList","@id":"https:\/\/novaorg.cofb.net\/2017\/09\/22\/agost-polimedicacio-xarxa-de-farmacies-sentinella-horaris-oficines-de-farmacia-com-temes-mes-destacats\/#breadcrumb","itemListElement":[{"@type":"ListItem","position":1,"name":"Inici","item":"https:\/\/novaorg.cofb.net\/"},{"@type":"ListItem","position":2,"name":"Agost: polimedicaci\u00f3, xarxa de farm\u00e0cies sentinella i temes d&#8217;estiu, els m\u00e9s destacats"}]},{"@type":"WebSite","@id":"https:\/\/www.cofb.org\/#website","url":"https:\/\/www.cofb.org\/","name":"Col\u00b7legi de Farmac\u00e8utics de Barcelona","description":"","publisher":{"@id":"https:\/\/www.cofb.org\/#organization"},"potentialAction":[{"@type":"SearchAction","target":{"@type":"EntryPoint","urlTemplate":"https:\/\/www.cofb.org\/?s={search_term_string}"},"query-input":"required name=search_term_string"}],"inLanguage":"es"},{"@type":"Organization","@id":"https:\/\/www.cofb.org\/#organization","name":"Col\u00b7legi de Farmac\u00e8utics de Barcelona","url":"https:\/\/www.cofb.org\/","logo":{"@type":"ImageObject","inLanguage":"es","@id":"https:\/\/www.cofb.org\/#\/schema\/logo\/image\/","url":"https:\/\/www.cofb.org\/wp-content\/uploads\/2023\/11\/cropped-Logotip-COFB.png","contentUrl":"https:\/\/www.cofb.org\/wp-content\/uploads\/2023\/11\/cropped-Logotip-COFB.png","width":500,"height":105,"caption":"Col\u00b7legi de Farmac\u00e8utics de Barcelona"},"image":{"@id":"https:\/\/www.cofb.org\/#\/schema\/logo\/image\/"},"sameAs":["https:\/\/www.facebook.com\/farmaceuticsbcn\/","https:\/\/twitter.com\/farmaceuticsbcn","https:\/\/www.instagram.com\/farmaceuticsbcn\/","https:\/\/www.linkedin.com\/company\/farmaceuticsbcn\/"]},{"@type":"Person","@id":"https:\/\/www.cofb.org\/#\/schema\/person\/22ed7eea88da74b0fa4d3154ad87ffcb","name":"wpAdminCofbOrg","image":{"@type":"ImageObject","inLanguage":"es","@id":"https:\/\/www.cofb.org\/#\/schema\/person\/image\/","url":"https:\/\/secure.gravatar.com\/avatar\/1721b20b3b8ca882c3b56ec6c978c594fff670e40c0718e9190eaeeb76aae7d8?s=96&d=mm&r=g","contentUrl":"https:\/\/secure.gravatar.com\/avatar\/1721b20b3b8ca882c3b56ec6c978c594fff670e40c0718e9190eaeeb76aae7d8?s=96&d=mm&r=g","caption":"wpAdminCofbOrg"},"sameAs":["http:\/\/192.168.64.122\/wordpress"],"url":"https:\/\/www.cofb.org\/es\/author\/wpadmincofborg\/"}]}},"uagb_featured_image_src":{"full":false,"thumbnail":false,"medium":false,"medium_large":false,"large":false,"1536x1536":false,"2048x2048":false,"trp-custom-language-flag":false},"uagb_author_info":{"display_name":"wpAdminCofbOrg","author_link":"https:\/\/www.cofb.org\/es\/author\/wpadmincofborg\/"},"uagb_comment_info":0,"uagb_excerpt":"\u00a0 \u00a0 \u00a0","_links":{"self":[{"href":"https:\/\/www.cofb.org\/es\/wp-json\/wp\/v2\/posts\/32225","targetHints":{"allow":["GET"]}}],"collection":[{"href":"https:\/\/www.cofb.org\/es\/wp-json\/wp\/v2\/posts"}],"about":[{"href":"https:\/\/www.cofb.org\/es\/wp-json\/wp\/v2\/types\/post"}],"author":[{"embeddable":true,"href":"https:\/\/www.cofb.org\/es\/wp-json\/wp\/v2\/users\/1"}],"replies":[{"embeddable":true,"href":"https:\/\/www.cofb.org\/es\/wp-json\/wp\/v2\/comments?post=32225"}],"version-history":[{"count":0,"href":"https:\/\/www.cofb.org\/es\/wp-json\/wp\/v2\/posts\/32225\/revisions"}],"wp:featuredmedia":[{"embeddable":true,"href":"https:\/\/www.cofb.org\/es\/wp-json\/"}],"wp:attachment":[{"href":"https:\/\/www.cofb.org\/es\/wp-json\/wp\/v2\/media?parent=32225"}],"wp:term":[{"taxonomy":"category","embeddable":true,"href":"https:\/\/www.cofb.org\/es\/wp-json\/wp\/v2\/categories?post=32225"},{"taxonomy":"post_tag","embeddable":true,"href":"https:\/\/www.cofb.org\/es\/wp-json\/wp\/v2\/tags?post=32225"}],"curies":[{"name":"wp","href":"https:\/\/api.w.org\/{rel}","templated":true}]}}