{"id":32004,"date":"2017-09-14T14:28:16","date_gmt":"2017-09-14T13:28:16","guid":{"rendered":"http:\/\/blog.cofb.cat\/?p=32004"},"modified":"2017-09-14T14:28:16","modified_gmt":"2017-09-14T13:28:16","slug":"que-hem-de-saber-sobre-la-vacuna-del-meningococ-b","status":"publish","type":"post","link":"https:\/\/www.cofb.org\/es\/2017\/09\/14\/que-hem-de-saber-sobre-la-vacuna-del-meningococ-b\/","title":{"rendered":"\u00bfQu\u00e9 debemos saber sobre la vacuna del Meningococo B?"},"content":{"rendered":"<figure id=\"attachment_32009\" aria-describedby=\"caption-attachment-32009\" style=\"width: 340px\" class=\"wp-caption alignright\"><a href=\"http:\/\/blog.cofb.cat\/wp-content\/uploads\/2017\/09\/vacuna-meningococ-C-1.jpg\"><img fetchpriority=\"high\" decoding=\"async\" class=\"wp-image-32009\" alt=\"vacuna meningococ C (1)\" src=\"http:\/\/blog.cofb.cat\/wp-content\/uploads\/2017\/09\/vacuna-meningococ-C-1.jpg\" width=\"340\" height=\"227\" \/><\/a><figcaption id=\"caption-attachment-32009\" class=\"wp-caption-text\">El doctor Antoni Trilla fue uno de los conferenciantes: explic\u00f3 la parte epidemiol\u00f3gica de la enfermedad<\/figcaption><\/figure>\n<p>El COFB organiz\u00f3 una conferencia, el pasado 17 de mayo, para dar herramientas a los farmac\u00e9uticos para entender y abordar la situaci\u00f3n de falta de suministro de la vacuna del meningococo B y el alud de consultas que est\u00e1 recibiendo la farmacia comunitaria. El COFB invit\u00f3 a expertos de la talla de<b>Antoni Trilla<\/b>, epidemi\u00f3logo director de Calidad y Seguridad Asistencial del Hospital Cl\u00ednic, y <b>Miguel Angel Gonz\u00e1lez<\/b>, Asesor m\u00e9dico regional de Vacunas del Departamento M\u00e9dico de GlaxoSmithKline, SA moder\u00f3 el acto N\u00faria Bosch, vicepresidenta del COF de Barcelona.<\/p>\n<p><b>\u00bfQu\u00e9 debemos saber? <\/b><\/p>\n<p>El 1 de octubre de 2015 el Ministerio de Sanidad comunic\u00f3 que las farmacias pod\u00edan vender la vacuna contra la meningitis B. La Agencia Espa\u00f1ola del Medicamento (AEMPS) cambi\u00f3 la calificaci\u00f3n de la vacuna de la meningitis B de uso hospitalario a medicamento sujeto a prescripci\u00f3n m\u00e9dica. Esta calificaci\u00f3n supone que este medicamento pasa a ser dispensado en las farmacias comunitarias. La calificaci\u00f3n del f\u00e1rmaco <b>Bexsero<\/b> (comercializado por laboratorio GlaxoSmith Kline \u2013GSK-) como uso hospitalario fue una decisi\u00f3n \u00fanica de Espa\u00f1a, ya que en el resto de pa\u00edses europeos la calificaci\u00f3n fue de medicamento con receta m\u00e9dica. La AEMPS defendi\u00f3 que la precauci\u00f3n se tomaba para poder estudiar mejor la vacuna y determinar cu\u00e1l es su mejor lugar de uso.<\/p>\n<p>La vacunaci\u00f3n contra la meningitis B <b>no es sistem\u00e1tica<\/b>, es decir, no se incluye en el <a href=\"http:\/\/canalsalut.gencat.cat\/ca\/salut-a-z\/v\/vacunacions\/vacunacions\/calendari-de-vacunacions\/\">calendario de vacunaciones<\/a> porque s\u00f3lo est\u00e1n indicadas por determinadas personas o sectores de poblaci\u00f3n y en determinadas situaciones especiales (<a href=\"http:\/\/canalsalut.gencat.cat\/ca\/salut-a-z\/v\/vacunacions\/vacunacions\/\">apartado Vacunaciones del Departamento de Salud)<\/a> pero s\u00ed la recomiendan los pediatras, de hecho la Asociaci\u00f3n Espa\u00f1ola de Pediatr\u00eda recomienda su inclusi\u00f3n para este a\u00f1o, pero el Ministerio no prev\u00e9 el replanteamiento y el laboratorio tampoco prev\u00e9 un cambio en la situaci\u00f3n de momento.<\/p>\n<p><b>Vacunas en la farmacia<\/b><\/p>\n<p>Las vacunas que se incluyen en el calendario de vacunaciones sistem\u00e1ticas de la Generalitat se dispensan en los CAPs;<b> en la farmacia se dispensan aquellas que no son obligatorias<\/b>, como es el caso de la meningitis B (Bexsero) y el rotavirus (Rotarix y RotaTeq).<\/p>\n<p>Este calendario se actualiz\u00f3 el a\u00f1o pasado, entrando el vigor el 5 de julio, e incorporaba dos vacunas en la primera infancia: contra el neumococo (vacunas comercializadas en Espa\u00f1a: Pneumovax 23, Prevenar13, Pneumo23, Synflorix) y la varicela (vacunas comercializadas en Espa\u00f1a: Varivax y Varilrix). Tambi\u00e9n contemplaba el reajuste de las fechas y las dosis de algunas otras vacunas (<a href=\"http:\/\/premsa.gencat.cat\/pres_fsvp\/AppJava\/salut\/notapremsavw\/294043\/ca\/catalunya-posa-marxa-lactualitzacio-calendari-vacunacions-sistematiques.do\">ver nota de prensa del Departamento de Salud<\/a>).<\/p>\n<p><a href=\"https:\/\/www.msssi.gob.es\/ciudadanos\/proteccionSalud\/vacunaciones\/docs\/VacunacionMeningococo_PoblacionGeneral.pdf\">Preguntas y respuestas sobre la vacunaci\u00f3n frente a la enfermedad meningoc\u00f3cica por serogrupo B<\/a> (Ministerio de Sanidad)<\/p>\n<p style=\"text-align: center;\"><a href=\"http:\/\/blog.cofb.cat\/wp-content\/uploads\/2017\/09\/vacuna-meningococ-C-2.jpg\"><img decoding=\"async\" class=\"wp-image-32010 aligncenter\" alt=\"vacuna meningococ C (2)\" src=\"http:\/\/blog.cofb.cat\/wp-content\/uploads\/2017\/09\/vacuna-meningococ-C-2.jpg\" width=\"567\" height=\"378\" \/><\/a><\/p>\n<p align=\"right\"><b>Con la colaboraci\u00f3n de:<\/b><\/p>\n<p align=\"right\"><a href=\"https:\/\/www.gsk.com\/\" target=\"_blank\" rel=\"noopener\"><img decoding=\"async\" class=\"alignright size-full wp-image-32008\" alt=\"logo GSK\" src=\"http:\/\/blog.cofb.cat\/wp-content\/uploads\/2017\/09\/logo-GSK.jpg\" width=\"108\" height=\"63\" \/><\/a><\/p>","protected":false},"excerpt":{"rendered":"<p>El COFB organiz\u00f3 una conferencia, el pasado 17 de mayo, para dar herramientas a los farmac\u00e9uticos para entender y abordar la situaci\u00f3n de falta de suministro de la vacuna del meningococo B y el alud de consultas que est\u00e1 recibiendo la farmacia comunitaria. El COFB invit\u00f3 a expertos de la [\u2026]<\/p>","protected":false},"author":1,"featured_media":32011,"comment_status":"open","ping_status":"open","sticky":false,"template":"","format":"standard","meta":{"_uag_custom_page_level_css":"","site-sidebar-layout":"default","site-content-layout":"","ast-site-content-layout":"default","site-content-style":"default","site-sidebar-style":"default","ast-global-header-display":"","ast-banner-title-visibility":"","ast-main-header-display":"","ast-hfb-above-header-display":"","ast-hfb-below-header-display":"","ast-hfb-mobile-header-display":"","site-post-title":"","ast-breadcrumbs-content":"","ast-featured-img":"disabled","footer-sml-layout":"","theme-transparent-header-meta":"","adv-header-id-meta":"","stick-header-meta":"","header-above-stick-meta":"","header-main-stick-meta":"","header-below-stick-meta":"","astra-migrate-meta-layouts":"default","ast-page-background-enabled":"default","ast-page-background-meta":{"desktop":{"background-color":"var(--ast-global-color-4)","background-image":"","background-repeat":"repeat","background-position":"center center","background-size":"auto","background-attachment":"scroll","background-type":"","background-media":"","overlay-type":"","overlay-color":"","overlay-opacity":"","overlay-gradient":""},"tablet":{"background-color":"","background-image":"","background-repeat":"repeat","background-position":"center center","background-size":"auto","background-attachment":"scroll","background-type":"","background-media":"","overlay-type":"","overlay-color":"","overlay-opacity":"","overlay-gradient":""},"mobile":{"background-color":"","background-image":"","background-repeat":"repeat","background-position":"center center","background-size":"auto","background-attachment":"scroll","background-type":"","background-media":"","overlay-type":"","overlay-color":"","overlay-opacity":"","overlay-gradient":""}},"ast-content-background-meta":{"desktop":{"background-color":"var(--ast-global-color-5)","background-image":"","background-repeat":"repeat","background-position":"center center","background-size":"auto","background-attachment":"scroll","background-type":"","background-media":"","overlay-type":"","overlay-color":"","overlay-opacity":"","overlay-gradient":""},"tablet":{"background-color":"var(--ast-global-color-5)","background-image":"","background-repeat":"repeat","background-position":"center center","background-size":"auto","background-attachment":"scroll","background-type":"","background-media":"","overlay-type":"","overlay-color":"","overlay-opacity":"","overlay-gradient":""},"mobile":{"background-color":"var(--ast-global-color-5)","background-image":"","background-repeat":"repeat","background-position":"center center","background-size":"auto","background-attachment":"scroll","background-type":"","background-media":"","overlay-type":"","overlay-color":"","overlay-opacity":"","overlay-gradient":""}},"footnotes":""},"categories":[57],"tags":[398,70,2855,813,2387,2194],"class_list":["post-32004","post","type-post","status-publish","format-standard","has-post-thumbnail","hentry","category-mon-collegial","tag-aemps","tag-formacio","tag-meningococ-c","tag-vacuna","tag-vacuna-meningitis","tag-vacunes"],"yoast_head":"<!-- This site is optimized with the Yoast SEO plugin v22.4 - https:\/\/yoast.com\/wordpress\/plugins\/seo\/ -->\n<title>Qu\u00e8 hem de saber sobre la vacuna del Meningococ B?<\/title>\n<meta name=\"description\" content=\"Qu\u00e8 hem de saber sobre la vacuna del Meningococ B?\" \/>\n<meta name=\"robots\" content=\"index, follow, max-snippet:-1, max-image-preview:large, max-video-preview:-1\" \/>\n<link rel=\"canonical\" href=\"https:\/\/novaorg.cofb.net\/2017\/09\/14\/que-hem-de-saber-sobre-la-vacuna-del-meningococ-b\/\" \/>\n<meta property=\"og:locale\" content=\"es_ES\" \/>\n<meta property=\"og:type\" content=\"article\" \/>\n<meta property=\"og:title\" content=\"Qu\u00e8 hem de saber sobre la vacuna del Meningococ B?\" \/>\n<meta property=\"og:description\" content=\"Qu\u00e8 hem de saber sobre la vacuna del Meningococ B?\" \/>\n<meta property=\"og:url\" content=\"https:\/\/novaorg.cofb.net\/2017\/09\/14\/que-hem-de-saber-sobre-la-vacuna-del-meningococ-b\/\" \/>\n<meta property=\"og:site_name\" content=\"Col\u00b7legi de Farmac\u00e8utics de Barcelona\" \/>\n<meta property=\"article:publisher\" content=\"https:\/\/www.facebook.com\/farmaceuticsbcn\/\" \/>\n<meta property=\"article:published_time\" content=\"2017-09-14T13:28:16+00:00\" \/>\n<meta name=\"author\" content=\"wpAdminCofbOrg\" \/>\n<meta name=\"twitter:card\" content=\"summary_large_image\" \/>\n<meta name=\"twitter:creator\" content=\"@farmaceuticsbcn\" \/>\n<meta name=\"twitter:site\" content=\"@farmaceuticsbcn\" \/>\n<meta name=\"twitter:label1\" content=\"Escrito por\" \/>\n\t<meta name=\"twitter:data1\" content=\"wpAdminCofbOrg\" \/>\n\t<meta name=\"twitter:label2\" content=\"Tiempo de lectura\" \/>\n\t<meta name=\"twitter:data2\" content=\"2 minutos\" \/>\n<script type=\"application\/ld+json\" class=\"yoast-schema-graph\">{\"@context\":\"https:\/\/schema.org\",\"@graph\":[{\"@type\":\"Article\",\"@id\":\"https:\/\/novaorg.cofb.net\/2017\/09\/14\/que-hem-de-saber-sobre-la-vacuna-del-meningococ-b\/#article\",\"isPartOf\":{\"@id\":\"https:\/\/novaorg.cofb.net\/2017\/09\/14\/que-hem-de-saber-sobre-la-vacuna-del-meningococ-b\/\"},\"author\":{\"name\":\"wpAdminCofbOrg\",\"@id\":\"https:\/\/www.cofb.org\/#\/schema\/person\/22ed7eea88da74b0fa4d3154ad87ffcb\"},\"headline\":\"Qu\u00e8 hem de saber sobre la vacuna del Meningococ B?\",\"datePublished\":\"2017-09-14T13:28:16+00:00\",\"dateModified\":\"2017-09-14T13:28:16+00:00\",\"mainEntityOfPage\":{\"@id\":\"https:\/\/novaorg.cofb.net\/2017\/09\/14\/que-hem-de-saber-sobre-la-vacuna-del-meningococ-b\/\"},\"wordCount\":496,\"commentCount\":0,\"publisher\":{\"@id\":\"https:\/\/www.cofb.org\/#organization\"},\"image\":{\"@id\":\"https:\/\/novaorg.cofb.net\/2017\/09\/14\/que-hem-de-saber-sobre-la-vacuna-del-meningococ-b\/#primaryimage\"},\"thumbnailUrl\":\"\",\"keywords\":[\"AEMPS\",\"Formaci\u00f3\",\"meningococ C\",\"vacuna\",\"vacuna meningitis\",\"vacunes\"],\"articleSection\":[\"M\u00f3n col\u00b7legial\"],\"inLanguage\":\"es\",\"potentialAction\":[{\"@type\":\"CommentAction\",\"name\":\"Comment\",\"target\":[\"https:\/\/novaorg.cofb.net\/2017\/09\/14\/que-hem-de-saber-sobre-la-vacuna-del-meningococ-b\/#respond\"]}]},{\"@type\":\"WebPage\",\"@id\":\"https:\/\/novaorg.cofb.net\/2017\/09\/14\/que-hem-de-saber-sobre-la-vacuna-del-meningococ-b\/\",\"url\":\"https:\/\/novaorg.cofb.net\/2017\/09\/14\/que-hem-de-saber-sobre-la-vacuna-del-meningococ-b\/\",\"name\":\"Qu\u00e8 hem de saber sobre la vacuna del Meningococ B?\",\"isPartOf\":{\"@id\":\"https:\/\/www.cofb.org\/#website\"},\"primaryImageOfPage\":{\"@id\":\"https:\/\/novaorg.cofb.net\/2017\/09\/14\/que-hem-de-saber-sobre-la-vacuna-del-meningococ-b\/#primaryimage\"},\"image\":{\"@id\":\"https:\/\/novaorg.cofb.net\/2017\/09\/14\/que-hem-de-saber-sobre-la-vacuna-del-meningococ-b\/#primaryimage\"},\"thumbnailUrl\":\"\",\"datePublished\":\"2017-09-14T13:28:16+00:00\",\"dateModified\":\"2017-09-14T13:28:16+00:00\",\"description\":\"Qu\u00e8 hem de saber sobre la vacuna del Meningococ B?\",\"breadcrumb\":{\"@id\":\"https:\/\/novaorg.cofb.net\/2017\/09\/14\/que-hem-de-saber-sobre-la-vacuna-del-meningococ-b\/#breadcrumb\"},\"inLanguage\":\"es\",\"potentialAction\":[{\"@type\":\"ReadAction\",\"target\":[\"https:\/\/novaorg.cofb.net\/2017\/09\/14\/que-hem-de-saber-sobre-la-vacuna-del-meningococ-b\/\"]}]},{\"@type\":\"ImageObject\",\"inLanguage\":\"es\",\"@id\":\"https:\/\/novaorg.cofb.net\/2017\/09\/14\/que-hem-de-saber-sobre-la-vacuna-del-meningococ-b\/#primaryimage\",\"url\":\"\",\"contentUrl\":\"\"},{\"@type\":\"BreadcrumbList\",\"@id\":\"https:\/\/novaorg.cofb.net\/2017\/09\/14\/que-hem-de-saber-sobre-la-vacuna-del-meningococ-b\/#breadcrumb\",\"itemListElement\":[{\"@type\":\"ListItem\",\"position\":1,\"name\":\"Inici\",\"item\":\"https:\/\/novaorg.cofb.net\/\"},{\"@type\":\"ListItem\",\"position\":2,\"name\":\"Qu\u00e8 hem de saber sobre la vacuna del Meningococ B?\"}]},{\"@type\":\"WebSite\",\"@id\":\"https:\/\/www.cofb.org\/#website\",\"url\":\"https:\/\/www.cofb.org\/\",\"name\":\"Col\u00b7legi de Farmac\u00e8utics de Barcelona\",\"description\":\"\",\"publisher\":{\"@id\":\"https:\/\/www.cofb.org\/#organization\"},\"potentialAction\":[{\"@type\":\"SearchAction\",\"target\":{\"@type\":\"EntryPoint\",\"urlTemplate\":\"https:\/\/www.cofb.org\/?s={search_term_string}\"},\"query-input\":\"required name=search_term_string\"}],\"inLanguage\":\"es\"},{\"@type\":\"Organization\",\"@id\":\"https:\/\/www.cofb.org\/#organization\",\"name\":\"Col\u00b7legi de Farmac\u00e8utics de Barcelona\",\"url\":\"https:\/\/www.cofb.org\/\",\"logo\":{\"@type\":\"ImageObject\",\"inLanguage\":\"es\",\"@id\":\"https:\/\/www.cofb.org\/#\/schema\/logo\/image\/\",\"url\":\"https:\/\/www.cofb.org\/wp-content\/uploads\/2023\/11\/cropped-Logotip-COFB.png\",\"contentUrl\":\"https:\/\/www.cofb.org\/wp-content\/uploads\/2023\/11\/cropped-Logotip-COFB.png\",\"width\":500,\"height\":105,\"caption\":\"Col\u00b7legi de Farmac\u00e8utics de Barcelona\"},\"image\":{\"@id\":\"https:\/\/www.cofb.org\/#\/schema\/logo\/image\/\"},\"sameAs\":[\"https:\/\/www.facebook.com\/farmaceuticsbcn\/\",\"https:\/\/twitter.com\/farmaceuticsbcn\",\"https:\/\/www.instagram.com\/farmaceuticsbcn\/\",\"https:\/\/www.linkedin.com\/company\/farmaceuticsbcn\/\"]},{\"@type\":\"Person\",\"@id\":\"https:\/\/www.cofb.org\/#\/schema\/person\/22ed7eea88da74b0fa4d3154ad87ffcb\",\"name\":\"wpAdminCofbOrg\",\"image\":{\"@type\":\"ImageObject\",\"inLanguage\":\"es\",\"@id\":\"https:\/\/www.cofb.org\/#\/schema\/person\/image\/\",\"url\":\"https:\/\/secure.gravatar.com\/avatar\/1721b20b3b8ca882c3b56ec6c978c594fff670e40c0718e9190eaeeb76aae7d8?s=96&d=mm&r=g\",\"contentUrl\":\"https:\/\/secure.gravatar.com\/avatar\/1721b20b3b8ca882c3b56ec6c978c594fff670e40c0718e9190eaeeb76aae7d8?s=96&d=mm&r=g\",\"caption\":\"wpAdminCofbOrg\"},\"sameAs\":[\"http:\/\/192.168.64.122\/wordpress\"],\"url\":\"https:\/\/www.cofb.org\/es\/author\/wpadmincofborg\/\"}]}<\/script>\n<!-- \/ Yoast SEO plugin. -->","yoast_head_json":{"title":"Qu\u00e8 hem de saber sobre la vacuna del Meningococ B?","description":"Qu\u00e8 hem de saber sobre la vacuna del Meningococ B?","robots":{"index":"index","follow":"follow","max-snippet":"max-snippet:-1","max-image-preview":"max-image-preview:large","max-video-preview":"max-video-preview:-1"},"canonical":"https:\/\/novaorg.cofb.net\/2017\/09\/14\/que-hem-de-saber-sobre-la-vacuna-del-meningococ-b\/","og_locale":"es_ES","og_type":"article","og_title":"Qu\u00e8 hem de saber sobre la vacuna del Meningococ B?","og_description":"Qu\u00e8 hem de saber sobre la vacuna del Meningococ B?","og_url":"https:\/\/novaorg.cofb.net\/2017\/09\/14\/que-hem-de-saber-sobre-la-vacuna-del-meningococ-b\/","og_site_name":"Col\u00b7legi de Farmac\u00e8utics de Barcelona","article_publisher":"https:\/\/www.facebook.com\/farmaceuticsbcn\/","article_published_time":"2017-09-14T13:28:16+00:00","author":"wpAdminCofbOrg","twitter_card":"summary_large_image","twitter_creator":"@farmaceuticsbcn","twitter_site":"@farmaceuticsbcn","twitter_misc":{"Escrito por":"wpAdminCofbOrg","Tiempo de lectura":"2 minutos"},"schema":{"@context":"https:\/\/schema.org","@graph":[{"@type":"Article","@id":"https:\/\/novaorg.cofb.net\/2017\/09\/14\/que-hem-de-saber-sobre-la-vacuna-del-meningococ-b\/#article","isPartOf":{"@id":"https:\/\/novaorg.cofb.net\/2017\/09\/14\/que-hem-de-saber-sobre-la-vacuna-del-meningococ-b\/"},"author":{"name":"wpAdminCofbOrg","@id":"https:\/\/www.cofb.org\/#\/schema\/person\/22ed7eea88da74b0fa4d3154ad87ffcb"},"headline":"Qu\u00e8 hem de saber sobre la vacuna del Meningococ B?","datePublished":"2017-09-14T13:28:16+00:00","dateModified":"2017-09-14T13:28:16+00:00","mainEntityOfPage":{"@id":"https:\/\/novaorg.cofb.net\/2017\/09\/14\/que-hem-de-saber-sobre-la-vacuna-del-meningococ-b\/"},"wordCount":496,"commentCount":0,"publisher":{"@id":"https:\/\/www.cofb.org\/#organization"},"image":{"@id":"https:\/\/novaorg.cofb.net\/2017\/09\/14\/que-hem-de-saber-sobre-la-vacuna-del-meningococ-b\/#primaryimage"},"thumbnailUrl":"","keywords":["AEMPS","Formaci\u00f3","meningococ C","vacuna","vacuna meningitis","vacunes"],"articleSection":["M\u00f3n col\u00b7legial"],"inLanguage":"es","potentialAction":[{"@type":"CommentAction","name":"Comment","target":["https:\/\/novaorg.cofb.net\/2017\/09\/14\/que-hem-de-saber-sobre-la-vacuna-del-meningococ-b\/#respond"]}]},{"@type":"WebPage","@id":"https:\/\/novaorg.cofb.net\/2017\/09\/14\/que-hem-de-saber-sobre-la-vacuna-del-meningococ-b\/","url":"https:\/\/novaorg.cofb.net\/2017\/09\/14\/que-hem-de-saber-sobre-la-vacuna-del-meningococ-b\/","name":"Qu\u00e8 hem de saber sobre la vacuna del Meningococ B?","isPartOf":{"@id":"https:\/\/www.cofb.org\/#website"},"primaryImageOfPage":{"@id":"https:\/\/novaorg.cofb.net\/2017\/09\/14\/que-hem-de-saber-sobre-la-vacuna-del-meningococ-b\/#primaryimage"},"image":{"@id":"https:\/\/novaorg.cofb.net\/2017\/09\/14\/que-hem-de-saber-sobre-la-vacuna-del-meningococ-b\/#primaryimage"},"thumbnailUrl":"","datePublished":"2017-09-14T13:28:16+00:00","dateModified":"2017-09-14T13:28:16+00:00","description":"Qu\u00e8 hem de saber sobre la vacuna del Meningococ B?","breadcrumb":{"@id":"https:\/\/novaorg.cofb.net\/2017\/09\/14\/que-hem-de-saber-sobre-la-vacuna-del-meningococ-b\/#breadcrumb"},"inLanguage":"es","potentialAction":[{"@type":"ReadAction","target":["https:\/\/novaorg.cofb.net\/2017\/09\/14\/que-hem-de-saber-sobre-la-vacuna-del-meningococ-b\/"]}]},{"@type":"ImageObject","inLanguage":"es","@id":"https:\/\/novaorg.cofb.net\/2017\/09\/14\/que-hem-de-saber-sobre-la-vacuna-del-meningococ-b\/#primaryimage","url":"","contentUrl":""},{"@type":"BreadcrumbList","@id":"https:\/\/novaorg.cofb.net\/2017\/09\/14\/que-hem-de-saber-sobre-la-vacuna-del-meningococ-b\/#breadcrumb","itemListElement":[{"@type":"ListItem","position":1,"name":"Inici","item":"https:\/\/novaorg.cofb.net\/"},{"@type":"ListItem","position":2,"name":"Qu\u00e8 hem de saber sobre la vacuna del Meningococ B?"}]},{"@type":"WebSite","@id":"https:\/\/www.cofb.org\/#website","url":"https:\/\/www.cofb.org\/","name":"Col\u00b7legi de Farmac\u00e8utics de Barcelona","description":"","publisher":{"@id":"https:\/\/www.cofb.org\/#organization"},"potentialAction":[{"@type":"SearchAction","target":{"@type":"EntryPoint","urlTemplate":"https:\/\/www.cofb.org\/?s={search_term_string}"},"query-input":"required name=search_term_string"}],"inLanguage":"es"},{"@type":"Organization","@id":"https:\/\/www.cofb.org\/#organization","name":"Col\u00b7legi de Farmac\u00e8utics de Barcelona","url":"https:\/\/www.cofb.org\/","logo":{"@type":"ImageObject","inLanguage":"es","@id":"https:\/\/www.cofb.org\/#\/schema\/logo\/image\/","url":"https:\/\/www.cofb.org\/wp-content\/uploads\/2023\/11\/cropped-Logotip-COFB.png","contentUrl":"https:\/\/www.cofb.org\/wp-content\/uploads\/2023\/11\/cropped-Logotip-COFB.png","width":500,"height":105,"caption":"Col\u00b7legi de Farmac\u00e8utics de Barcelona"},"image":{"@id":"https:\/\/www.cofb.org\/#\/schema\/logo\/image\/"},"sameAs":["https:\/\/www.facebook.com\/farmaceuticsbcn\/","https:\/\/twitter.com\/farmaceuticsbcn","https:\/\/www.instagram.com\/farmaceuticsbcn\/","https:\/\/www.linkedin.com\/company\/farmaceuticsbcn\/"]},{"@type":"Person","@id":"https:\/\/www.cofb.org\/#\/schema\/person\/22ed7eea88da74b0fa4d3154ad87ffcb","name":"wpAdminCofbOrg","image":{"@type":"ImageObject","inLanguage":"es","@id":"https:\/\/www.cofb.org\/#\/schema\/person\/image\/","url":"https:\/\/secure.gravatar.com\/avatar\/1721b20b3b8ca882c3b56ec6c978c594fff670e40c0718e9190eaeeb76aae7d8?s=96&d=mm&r=g","contentUrl":"https:\/\/secure.gravatar.com\/avatar\/1721b20b3b8ca882c3b56ec6c978c594fff670e40c0718e9190eaeeb76aae7d8?s=96&d=mm&r=g","caption":"wpAdminCofbOrg"},"sameAs":["http:\/\/192.168.64.122\/wordpress"],"url":"https:\/\/www.cofb.org\/es\/author\/wpadmincofborg\/"}]}},"uagb_featured_image_src":{"full":false,"thumbnail":false,"medium":false,"medium_large":false,"large":false,"1536x1536":false,"2048x2048":false,"trp-custom-language-flag":false},"uagb_author_info":{"display_name":"wpAdminCofbOrg","author_link":"https:\/\/www.cofb.org\/es\/author\/wpadmincofborg\/"},"uagb_comment_info":0,"uagb_excerpt":"El COFB va organitzar una confer\u00e8ncia, el passat 17 de maig, per donar eines als farmac\u00e8utics per entendre i abordar la situaci\u00f3 de manca de subministrament de la vacuna del meningococ B i l\u2019allau de consultes que est\u00e0 rebent la farm\u00e0cia comunit\u00e0ria. El COFB va convidar a experts de la [&hellip;]","_links":{"self":[{"href":"https:\/\/www.cofb.org\/es\/wp-json\/wp\/v2\/posts\/32004","targetHints":{"allow":["GET"]}}],"collection":[{"href":"https:\/\/www.cofb.org\/es\/wp-json\/wp\/v2\/posts"}],"about":[{"href":"https:\/\/www.cofb.org\/es\/wp-json\/wp\/v2\/types\/post"}],"author":[{"embeddable":true,"href":"https:\/\/www.cofb.org\/es\/wp-json\/wp\/v2\/users\/1"}],"replies":[{"embeddable":true,"href":"https:\/\/www.cofb.org\/es\/wp-json\/wp\/v2\/comments?post=32004"}],"version-history":[{"count":0,"href":"https:\/\/www.cofb.org\/es\/wp-json\/wp\/v2\/posts\/32004\/revisions"}],"wp:featuredmedia":[{"embeddable":true,"href":"https:\/\/www.cofb.org\/es\/wp-json\/"}],"wp:attachment":[{"href":"https:\/\/www.cofb.org\/es\/wp-json\/wp\/v2\/media?parent=32004"}],"wp:term":[{"taxonomy":"category","embeddable":true,"href":"https:\/\/www.cofb.org\/es\/wp-json\/wp\/v2\/categories?post=32004"},{"taxonomy":"post_tag","embeddable":true,"href":"https:\/\/www.cofb.org\/es\/wp-json\/wp\/v2\/tags?post=32004"}],"curies":[{"name":"wp","href":"https:\/\/api.w.org\/{rel}","templated":true}]}}