{"id":31697,"date":"2017-09-05T10:16:07","date_gmt":"2017-09-05T09:16:07","guid":{"rendered":"http:\/\/blog.cofb.cat\/?p=31697"},"modified":"2017-09-05T10:16:07","modified_gmt":"2017-09-05T09:16:07","slug":"cinquena-edicio-del-curs-dactualitzacio-en-ciencies-de-laboratori-clinic","status":"publish","type":"post","link":"https:\/\/www.cofb.org\/es\/2017\/09\/05\/cinquena-edicio-del-curs-dactualitzacio-en-ciencies-de-laboratori-clinic\/","title":{"rendered":"Quinta edici\u00f3n del curso de actualizaci\u00f3n en ciencias de laboratorio cl\u00ednico"},"content":{"rendered":"<figure id=\"attachment_31703\" aria-describedby=\"caption-attachment-31703\" style=\"width: 347px\" class=\"wp-caption alignright\"><a href=\"http:\/\/blog.cofb.cat\/wp-content\/uploads\/2017\/07\/curs-ciencies-laboratori-clinic-COFB-1.jpg\"><img fetchpriority=\"high\" decoding=\"async\" class=\"wp-image-31703\" alt=\"curs-ciencies-laboratori-clinic-COFB (1)\" src=\"http:\/\/blog.cofb.cat\/wp-content\/uploads\/2017\/07\/curs-ciencies-laboratori-clinic-COFB-1.jpg\" width=\"347\" height=\"232\" \/><\/a><figcaption id=\"caption-attachment-31703\" class=\"wp-caption-text\">Luisa Juan, coordinadora y vocal de An\u00e1lisis del COFB, present\u00f3 el curso en octubre<\/figcaption><\/figure>\n<p>Este curso, que recientemente ha finalizado la quinta edici\u00f3n, estaba pensado para fomentar la comunicaci\u00f3n de experiencias de cara a <b>tomar decisiones a cualquier nivel de responsabilidad del laboratorio cl\u00ednico<\/b>, puesto que es una de las mejores herramientas para contribuir al progreso de los profesionales y de las organizaciones. Las diferentes sesiones profundizaron en los conceptos de <strong>gesti\u00f3n y organizaci\u00f3n de los laboratorios cl\u00ednicos<\/strong> para llegar a todas las tareas de direcci\u00f3n con la correcta utilizaci\u00f3n de los recursos humanos y t\u00e9cnicos al alcance y proporcionaron a los alumnos los conocimientos para establecer una <strong>mejora continua en la calidad de los laboratorios cl\u00ednicos.<\/strong> Asimismo, el curso permiti\u00f3 abrir un<strong> espacio de di\u00e1logo y de debate<\/strong> a los profesionales interesados en estos temas.<\/p>\n<div class=\"box shadow\">El programa de la formaci\u00f3n repas\u00f3 varios temas de inter\u00e9s: monitorizaci\u00f3n de la inmunoterapia antitumoral; actualizaci\u00f3n del diagn\u00f3stico\/tratamiento del Helicobacter pylori; recomendaciones en el diagn\u00f3stico de las hemoglobinopat\u00edas; \u00faltimas recomendaciones de las gu\u00edas internacionales en el diagn\u00f3stico del mieloma m\u00faltiple; c\u00f3mo obtener el diagn\u00f3stico gen\u00e9tico utilizando <i>Next generation sequencing<\/i>; qu\u00e9 supone la alergia alimentaria: bases fisiopatol\u00f3gicas y diagn\u00f3stico; el diagn\u00f3stico bioqu\u00edmico de la enfermedad de Alzheimer y el estudio de Micro-RNA como nueva herramienta diagn\u00f3stica en la enfermedad de Alzheimer; y el Biobanco y la gesti\u00f3n de colecciones de muestras en los laboratorios cl\u00ednicos.<\/div>\n<figure id=\"attachment_31705\" aria-describedby=\"caption-attachment-31705\" style=\"width: 328px\" class=\"wp-caption alignleft\"><a href=\"http:\/\/blog.cofb.cat\/wp-content\/uploads\/2017\/07\/curs-ciencies-laboratori-clinic-COFB-3.jpg\"><img decoding=\"async\" class=\"wp-image-31705\" alt=\"curs-ciencies-laboratori-clinic-COFB (3)\" src=\"http:\/\/blog.cofb.cat\/wp-content\/uploads\/2017\/07\/curs-ciencies-laboratori-clinic-COFB-3.jpg\" width=\"328\" height=\"219\" \/><\/a><figcaption id=\"caption-attachment-31705\" class=\"wp-caption-text\">Manel Juan (Hospital Cl\u00ednic) durante su sesi\u00f3n del curso<\/figcaption><\/figure>\n<p>El cuadro docente estuvo formado por:<\/p>\n<ul>\n<li><b>Judith Armstrong<\/b>, doctora en gen\u00e9tica, licenciada en biolog\u00eda, facultativa adjunta del Servicio de Medicina Gen\u00e9tica y Molecular del Hospital San Juan de Dios \/ IPER-Instituto Pedi\u00e1trico de Enfermedades Raras del Hospital Universitario San Juan de Dios.<\/li>\n<li><b>David Ben\u00e9itez<\/b>, doctor en medicina y cirug\u00eda del Servicio de Hematolog\u00eda del Hospital Vall d&#039;Hebron.<\/li>\n<li><b>Carme Garc\u00eda<\/b>, licenciada en bioqu\u00edmica, especialista en an\u00e1lisis cl\u00ednicos, profesora asociada de la Universidad Aut\u00f3noma de Barcelona, responsable del Departamento de Biolog\u00eda Molecular, Centro Mas Blau, Laboratorio de Referencia de Catalu\u00f1a.<\/li>\n<li><b>Alejandro Gella<\/b>, doctor en bioqu\u00edmica y biolog\u00eda molecular, investigador Marie Sk\u0142odowska-Curie, Laboratorio de Neuropatolog\u00eda Mitocondrial del Instituto de Neurociencias de la Universidad Aut\u00f3noma de Barcelona.<\/li>\n<li><b>Manel Juan<\/b>, doctor en medicina y cirug\u00eda, jefe de la Secci\u00f3n de Inmunoterapia del Servicio de Inmunolog\u00eda, Centro de Diagn\u00f3stico Biom\u00e9dico del Hospital Cl\u00ednic de Barcelona.<\/li>\n<li><b>Alfredo J Mi\u00f1ano<\/b>, doctor en bioqu\u00edmica y biolog\u00eda molecular, investigador CIBERNED \/ profesor asociado UAB, Laboratorio de mecanismos moleculares implicados en la muerte neuronal, Instituto de Neurociencias de la Universidad Aut\u00f3noma de Barcelona.<\/li>\n<li><b>Mariona Pascal<\/b>, doctora en biomedicina y licenciada en farmacia, especialista en inmunolog\u00eda, Servicio de Inmunolog\u00eda, Centro de Diagn\u00f3stico Biom\u00e9dico del Hospital Cl\u00ednic de Barcelona, responsable del laboratorio de Inmunoalergia, investigadora del grupo de investigaci\u00f3n IRCE del IDIBAPS de la Universidad de Barcelona.<\/li>\n<li><b>Edurne Pedrosa<\/b>, doctora en inmunolog\u00eda, licenciada en biotecnolog\u00eda, m\u00e1ster en biobancos, directora cient\u00edfica del Departamento de Biobanco IGTP-HUGTP de la Fundaci\u00f3n Instituto de Investigaci\u00f3n Germans Trias i Pujol.<\/li>\n<li><b>Edgar Zapico<\/b>, doctor en ciencias qu\u00edmicas, especialista en bioqu\u00edmica cl\u00ednica, adjunto senior del Servicio de Bioqu\u00edmica, profesor asociado cl\u00ednico de la Facultad de Medicina de la UAB, Laboratorio de Sant Pau, Diagn\u00f3stico Biol\u00f3gico del Hospital de la Santa Cruz y Sant Pau.<\/li>\n<\/ul>\n<p>Formaci\u00f3n <b>coordinada por Llu\u00efsa Juan<\/b>, doctora en Farmacia, responsable de Laboratorio de Urgencias de CatLab-Hospital de Martorell, especializada en bioqu\u00edmica cl\u00ednica y vocal de An\u00e1lisis Cl\u00ednicos del COF de Barcelona. Organizado conjuntamente con la Secci\u00f3n de Gesti\u00f3n del<a href=\"http:\/\/www.acclc.cat\/\">Asociaci\u00f3n Catalana de Ciencias del Laboratorio Cl\u00ednic<\/a>.<\/p>\n<p align=\"right\"><b>Con la colaboraci\u00f3n de:<\/b><\/p>\n<p align=\"right\"><a href=\"http:\/\/www.acclc.cat\/\" target=\"_blank\" rel=\"noopener\"><img decoding=\"async\" class=\"alignright size-full wp-image-23707\" alt=\"ACCLC-logo\" src=\"http:\/\/blog.cofb.cat\/wp-content\/uploads\/2016\/07\/ACCLC-logo.jpg\" width=\"100\" height=\"28\" \/><\/a><\/p>","protected":false},"excerpt":{"rendered":"<p>Este curso, que recientemente ha finalizado la quinta edici\u00f3n, estaba pensado para fomentar la comunicaci\u00f3n de experiencias de cara a tomar decisiones a cualquier nivel de responsabilidad del laboratorio cl\u00ednico, ya que es una de las mejores herramientas para contribuir al progreso de los profesionales y de las organizaciones. Las diferentes sesiones [\u2026]<\/p>","protected":false},"author":1,"featured_media":31704,"comment_status":"open","ping_status":"open","sticky":false,"template":"","format":"standard","meta":{"_uag_custom_page_level_css":"","site-sidebar-layout":"default","site-content-layout":"","ast-site-content-layout":"default","site-content-style":"default","site-sidebar-style":"default","ast-global-header-display":"","ast-banner-title-visibility":"","ast-main-header-display":"","ast-hfb-above-header-display":"","ast-hfb-below-header-display":"","ast-hfb-mobile-header-display":"","site-post-title":"","ast-breadcrumbs-content":"","ast-featured-img":"disabled","footer-sml-layout":"","theme-transparent-header-meta":"","adv-header-id-meta":"","stick-header-meta":"","header-above-stick-meta":"","header-main-stick-meta":"","header-below-stick-meta":"","astra-migrate-meta-layouts":"default","ast-page-background-enabled":"default","ast-page-background-meta":{"desktop":{"background-color":"var(--ast-global-color-4)","background-image":"","background-repeat":"repeat","background-position":"center center","background-size":"auto","background-attachment":"scroll","background-type":"","background-media":"","overlay-type":"","overlay-color":"","overlay-opacity":"","overlay-gradient":""},"tablet":{"background-color":"","background-image":"","background-repeat":"repeat","background-position":"center center","background-size":"auto","background-attachment":"scroll","background-type":"","background-media":"","overlay-type":"","overlay-color":"","overlay-opacity":"","overlay-gradient":""},"mobile":{"background-color":"","background-image":"","background-repeat":"repeat","background-position":"center center","background-size":"auto","background-attachment":"scroll","background-type":"","background-media":"","overlay-type":"","overlay-color":"","overlay-opacity":"","overlay-gradient":""}},"ast-content-background-meta":{"desktop":{"background-color":"var(--ast-global-color-5)","background-image":"","background-repeat":"repeat","background-position":"center center","background-size":"auto","background-attachment":"scroll","background-type":"","background-media":"","overlay-type":"","overlay-color":"","overlay-opacity":"","overlay-gradient":""},"tablet":{"background-color":"var(--ast-global-color-5)","background-image":"","background-repeat":"repeat","background-position":"center center","background-size":"auto","background-attachment":"scroll","background-type":"","background-media":"","overlay-type":"","overlay-color":"","overlay-opacity":"","overlay-gradient":""},"mobile":{"background-color":"var(--ast-global-color-5)","background-image":"","background-repeat":"repeat","background-position":"center center","background-size":"auto","background-attachment":"scroll","background-type":"","background-media":"","overlay-type":"","overlay-color":"","overlay-opacity":"","overlay-gradient":""}},"footnotes":""},"categories":[57],"tags":[86,2844,70,2163],"class_list":["post-31697","post","type-post","status-publish","format-standard","has-post-thumbnail","hentry","category-mon-collegial","tag-analisis-cliniques","tag-ciencies-de-laboratori-clinic","tag-formacio","tag-laboratori-clinic"],"yoast_head":"<!-- This site is optimized with the Yoast SEO plugin v22.4 - https:\/\/yoast.com\/wordpress\/plugins\/seo\/ -->\n<title>Cinquena edici\u00f3 del curs d\u2019actualitzaci\u00f3 en ci\u00e8ncies de laboratori cl\u00ednic<\/title>\n<meta name=\"description\" content=\"Cinquena edici\u00f3 del curs d\u2019actualitzaci\u00f3 en ci\u00e8ncies de laboratori cl\u00ednic\" \/>\n<meta name=\"robots\" content=\"index, follow, max-snippet:-1, max-image-preview:large, max-video-preview:-1\" \/>\n<link rel=\"canonical\" href=\"https:\/\/novaorg.cofb.net\/2017\/09\/05\/cinquena-edicio-del-curs-dactualitzacio-en-ciencies-de-laboratori-clinic\/\" \/>\n<meta property=\"og:locale\" content=\"es_ES\" \/>\n<meta property=\"og:type\" content=\"article\" \/>\n<meta property=\"og:title\" content=\"Cinquena edici\u00f3 del curs d\u2019actualitzaci\u00f3 en ci\u00e8ncies de laboratori cl\u00ednic\" \/>\n<meta property=\"og:description\" content=\"Cinquena edici\u00f3 del curs d\u2019actualitzaci\u00f3 en ci\u00e8ncies de laboratori cl\u00ednic\" \/>\n<meta property=\"og:url\" content=\"https:\/\/novaorg.cofb.net\/2017\/09\/05\/cinquena-edicio-del-curs-dactualitzacio-en-ciencies-de-laboratori-clinic\/\" \/>\n<meta property=\"og:site_name\" content=\"Col\u00b7legi de Farmac\u00e8utics de Barcelona\" \/>\n<meta property=\"article:publisher\" content=\"https:\/\/www.facebook.com\/farmaceuticsbcn\/\" \/>\n<meta property=\"article:published_time\" content=\"2017-09-05T09:16:07+00:00\" \/>\n<meta name=\"author\" content=\"wpAdminCofbOrg\" \/>\n<meta name=\"twitter:card\" content=\"summary_large_image\" \/>\n<meta name=\"twitter:creator\" content=\"@farmaceuticsbcn\" \/>\n<meta name=\"twitter:site\" content=\"@farmaceuticsbcn\" \/>\n<meta name=\"twitter:label1\" content=\"Escrito por\" \/>\n\t<meta name=\"twitter:data1\" content=\"wpAdminCofbOrg\" \/>\n\t<meta name=\"twitter:label2\" content=\"Tiempo de lectura\" \/>\n\t<meta name=\"twitter:data2\" content=\"3 minutos\" \/>\n<script type=\"application\/ld+json\" class=\"yoast-schema-graph\">{\"@context\":\"https:\/\/schema.org\",\"@graph\":[{\"@type\":\"Article\",\"@id\":\"https:\/\/novaorg.cofb.net\/2017\/09\/05\/cinquena-edicio-del-curs-dactualitzacio-en-ciencies-de-laboratori-clinic\/#article\",\"isPartOf\":{\"@id\":\"https:\/\/novaorg.cofb.net\/2017\/09\/05\/cinquena-edicio-del-curs-dactualitzacio-en-ciencies-de-laboratori-clinic\/\"},\"author\":{\"name\":\"wpAdminCofbOrg\",\"@id\":\"https:\/\/www.cofb.org\/#\/schema\/person\/22ed7eea88da74b0fa4d3154ad87ffcb\"},\"headline\":\"Cinquena edici\u00f3 del curs d\u2019actualitzaci\u00f3 en ci\u00e8ncies de laboratori cl\u00ednic\",\"datePublished\":\"2017-09-05T09:16:07+00:00\",\"dateModified\":\"2017-09-05T09:16:07+00:00\",\"mainEntityOfPage\":{\"@id\":\"https:\/\/novaorg.cofb.net\/2017\/09\/05\/cinquena-edicio-del-curs-dactualitzacio-en-ciencies-de-laboratori-clinic\/\"},\"wordCount\":699,\"commentCount\":0,\"publisher\":{\"@id\":\"https:\/\/www.cofb.org\/#organization\"},\"image\":{\"@id\":\"https:\/\/novaorg.cofb.net\/2017\/09\/05\/cinquena-edicio-del-curs-dactualitzacio-en-ciencies-de-laboratori-clinic\/#primaryimage\"},\"thumbnailUrl\":\"\",\"keywords\":[\"an\u00e0lisis cl\u00edniques\",\"ci\u00e8ncies de laboratori cl\u00ednic\",\"Formaci\u00f3\",\"Laboratori cl\u00ednic\"],\"articleSection\":[\"M\u00f3n col\u00b7legial\"],\"inLanguage\":\"es\",\"potentialAction\":[{\"@type\":\"CommentAction\",\"name\":\"Comment\",\"target\":[\"https:\/\/novaorg.cofb.net\/2017\/09\/05\/cinquena-edicio-del-curs-dactualitzacio-en-ciencies-de-laboratori-clinic\/#respond\"]}]},{\"@type\":\"WebPage\",\"@id\":\"https:\/\/novaorg.cofb.net\/2017\/09\/05\/cinquena-edicio-del-curs-dactualitzacio-en-ciencies-de-laboratori-clinic\/\",\"url\":\"https:\/\/novaorg.cofb.net\/2017\/09\/05\/cinquena-edicio-del-curs-dactualitzacio-en-ciencies-de-laboratori-clinic\/\",\"name\":\"Cinquena edici\u00f3 del curs d\u2019actualitzaci\u00f3 en ci\u00e8ncies de laboratori cl\u00ednic\",\"isPartOf\":{\"@id\":\"https:\/\/www.cofb.org\/#website\"},\"primaryImageOfPage\":{\"@id\":\"https:\/\/novaorg.cofb.net\/2017\/09\/05\/cinquena-edicio-del-curs-dactualitzacio-en-ciencies-de-laboratori-clinic\/#primaryimage\"},\"image\":{\"@id\":\"https:\/\/novaorg.cofb.net\/2017\/09\/05\/cinquena-edicio-del-curs-dactualitzacio-en-ciencies-de-laboratori-clinic\/#primaryimage\"},\"thumbnailUrl\":\"\",\"datePublished\":\"2017-09-05T09:16:07+00:00\",\"dateModified\":\"2017-09-05T09:16:07+00:00\",\"description\":\"Cinquena edici\u00f3 del curs d\u2019actualitzaci\u00f3 en ci\u00e8ncies de laboratori cl\u00ednic\",\"breadcrumb\":{\"@id\":\"https:\/\/novaorg.cofb.net\/2017\/09\/05\/cinquena-edicio-del-curs-dactualitzacio-en-ciencies-de-laboratori-clinic\/#breadcrumb\"},\"inLanguage\":\"es\",\"potentialAction\":[{\"@type\":\"ReadAction\",\"target\":[\"https:\/\/novaorg.cofb.net\/2017\/09\/05\/cinquena-edicio-del-curs-dactualitzacio-en-ciencies-de-laboratori-clinic\/\"]}]},{\"@type\":\"ImageObject\",\"inLanguage\":\"es\",\"@id\":\"https:\/\/novaorg.cofb.net\/2017\/09\/05\/cinquena-edicio-del-curs-dactualitzacio-en-ciencies-de-laboratori-clinic\/#primaryimage\",\"url\":\"\",\"contentUrl\":\"\"},{\"@type\":\"BreadcrumbList\",\"@id\":\"https:\/\/novaorg.cofb.net\/2017\/09\/05\/cinquena-edicio-del-curs-dactualitzacio-en-ciencies-de-laboratori-clinic\/#breadcrumb\",\"itemListElement\":[{\"@type\":\"ListItem\",\"position\":1,\"name\":\"Inici\",\"item\":\"https:\/\/novaorg.cofb.net\/\"},{\"@type\":\"ListItem\",\"position\":2,\"name\":\"Cinquena edici\u00f3 del curs d\u2019actualitzaci\u00f3 en ci\u00e8ncies de laboratori cl\u00ednic\"}]},{\"@type\":\"WebSite\",\"@id\":\"https:\/\/www.cofb.org\/#website\",\"url\":\"https:\/\/www.cofb.org\/\",\"name\":\"Col\u00b7legi de Farmac\u00e8utics de Barcelona\",\"description\":\"\",\"publisher\":{\"@id\":\"https:\/\/www.cofb.org\/#organization\"},\"potentialAction\":[{\"@type\":\"SearchAction\",\"target\":{\"@type\":\"EntryPoint\",\"urlTemplate\":\"https:\/\/www.cofb.org\/?s={search_term_string}\"},\"query-input\":\"required name=search_term_string\"}],\"inLanguage\":\"es\"},{\"@type\":\"Organization\",\"@id\":\"https:\/\/www.cofb.org\/#organization\",\"name\":\"Col\u00b7legi de Farmac\u00e8utics de Barcelona\",\"url\":\"https:\/\/www.cofb.org\/\",\"logo\":{\"@type\":\"ImageObject\",\"inLanguage\":\"es\",\"@id\":\"https:\/\/www.cofb.org\/#\/schema\/logo\/image\/\",\"url\":\"https:\/\/www.cofb.org\/wp-content\/uploads\/2023\/11\/cropped-Logotip-COFB.png\",\"contentUrl\":\"https:\/\/www.cofb.org\/wp-content\/uploads\/2023\/11\/cropped-Logotip-COFB.png\",\"width\":500,\"height\":105,\"caption\":\"Col\u00b7legi de Farmac\u00e8utics de Barcelona\"},\"image\":{\"@id\":\"https:\/\/www.cofb.org\/#\/schema\/logo\/image\/\"},\"sameAs\":[\"https:\/\/www.facebook.com\/farmaceuticsbcn\/\",\"https:\/\/twitter.com\/farmaceuticsbcn\",\"https:\/\/www.instagram.com\/farmaceuticsbcn\/\",\"https:\/\/www.linkedin.com\/company\/farmaceuticsbcn\/\"]},{\"@type\":\"Person\",\"@id\":\"https:\/\/www.cofb.org\/#\/schema\/person\/22ed7eea88da74b0fa4d3154ad87ffcb\",\"name\":\"wpAdminCofbOrg\",\"image\":{\"@type\":\"ImageObject\",\"inLanguage\":\"es\",\"@id\":\"https:\/\/www.cofb.org\/#\/schema\/person\/image\/\",\"url\":\"https:\/\/secure.gravatar.com\/avatar\/1721b20b3b8ca882c3b56ec6c978c594fff670e40c0718e9190eaeeb76aae7d8?s=96&d=mm&r=g\",\"contentUrl\":\"https:\/\/secure.gravatar.com\/avatar\/1721b20b3b8ca882c3b56ec6c978c594fff670e40c0718e9190eaeeb76aae7d8?s=96&d=mm&r=g\",\"caption\":\"wpAdminCofbOrg\"},\"sameAs\":[\"http:\/\/192.168.64.122\/wordpress\"],\"url\":\"https:\/\/www.cofb.org\/es\/author\/wpadmincofborg\/\"}]}<\/script>\n<!-- \/ Yoast SEO plugin. -->","yoast_head_json":{"title":"Cinquena edici\u00f3 del curs d\u2019actualitzaci\u00f3 en ci\u00e8ncies de laboratori cl\u00ednic","description":"Cinquena edici\u00f3 del curs d\u2019actualitzaci\u00f3 en ci\u00e8ncies de laboratori cl\u00ednic","robots":{"index":"index","follow":"follow","max-snippet":"max-snippet:-1","max-image-preview":"max-image-preview:large","max-video-preview":"max-video-preview:-1"},"canonical":"https:\/\/novaorg.cofb.net\/2017\/09\/05\/cinquena-edicio-del-curs-dactualitzacio-en-ciencies-de-laboratori-clinic\/","og_locale":"es_ES","og_type":"article","og_title":"Cinquena edici\u00f3 del curs d\u2019actualitzaci\u00f3 en ci\u00e8ncies de laboratori cl\u00ednic","og_description":"Cinquena edici\u00f3 del curs d\u2019actualitzaci\u00f3 en ci\u00e8ncies de laboratori cl\u00ednic","og_url":"https:\/\/novaorg.cofb.net\/2017\/09\/05\/cinquena-edicio-del-curs-dactualitzacio-en-ciencies-de-laboratori-clinic\/","og_site_name":"Col\u00b7legi de Farmac\u00e8utics de Barcelona","article_publisher":"https:\/\/www.facebook.com\/farmaceuticsbcn\/","article_published_time":"2017-09-05T09:16:07+00:00","author":"wpAdminCofbOrg","twitter_card":"summary_large_image","twitter_creator":"@farmaceuticsbcn","twitter_site":"@farmaceuticsbcn","twitter_misc":{"Escrito por":"wpAdminCofbOrg","Tiempo de lectura":"3 minutos"},"schema":{"@context":"https:\/\/schema.org","@graph":[{"@type":"Article","@id":"https:\/\/novaorg.cofb.net\/2017\/09\/05\/cinquena-edicio-del-curs-dactualitzacio-en-ciencies-de-laboratori-clinic\/#article","isPartOf":{"@id":"https:\/\/novaorg.cofb.net\/2017\/09\/05\/cinquena-edicio-del-curs-dactualitzacio-en-ciencies-de-laboratori-clinic\/"},"author":{"name":"wpAdminCofbOrg","@id":"https:\/\/www.cofb.org\/#\/schema\/person\/22ed7eea88da74b0fa4d3154ad87ffcb"},"headline":"Cinquena edici\u00f3 del curs d\u2019actualitzaci\u00f3 en ci\u00e8ncies de laboratori cl\u00ednic","datePublished":"2017-09-05T09:16:07+00:00","dateModified":"2017-09-05T09:16:07+00:00","mainEntityOfPage":{"@id":"https:\/\/novaorg.cofb.net\/2017\/09\/05\/cinquena-edicio-del-curs-dactualitzacio-en-ciencies-de-laboratori-clinic\/"},"wordCount":699,"commentCount":0,"publisher":{"@id":"https:\/\/www.cofb.org\/#organization"},"image":{"@id":"https:\/\/novaorg.cofb.net\/2017\/09\/05\/cinquena-edicio-del-curs-dactualitzacio-en-ciencies-de-laboratori-clinic\/#primaryimage"},"thumbnailUrl":"","keywords":["an\u00e0lisis cl\u00edniques","ci\u00e8ncies de laboratori cl\u00ednic","Formaci\u00f3","Laboratori cl\u00ednic"],"articleSection":["M\u00f3n col\u00b7legial"],"inLanguage":"es","potentialAction":[{"@type":"CommentAction","name":"Comment","target":["https:\/\/novaorg.cofb.net\/2017\/09\/05\/cinquena-edicio-del-curs-dactualitzacio-en-ciencies-de-laboratori-clinic\/#respond"]}]},{"@type":"WebPage","@id":"https:\/\/novaorg.cofb.net\/2017\/09\/05\/cinquena-edicio-del-curs-dactualitzacio-en-ciencies-de-laboratori-clinic\/","url":"https:\/\/novaorg.cofb.net\/2017\/09\/05\/cinquena-edicio-del-curs-dactualitzacio-en-ciencies-de-laboratori-clinic\/","name":"Cinquena edici\u00f3 del curs d\u2019actualitzaci\u00f3 en ci\u00e8ncies de laboratori cl\u00ednic","isPartOf":{"@id":"https:\/\/www.cofb.org\/#website"},"primaryImageOfPage":{"@id":"https:\/\/novaorg.cofb.net\/2017\/09\/05\/cinquena-edicio-del-curs-dactualitzacio-en-ciencies-de-laboratori-clinic\/#primaryimage"},"image":{"@id":"https:\/\/novaorg.cofb.net\/2017\/09\/05\/cinquena-edicio-del-curs-dactualitzacio-en-ciencies-de-laboratori-clinic\/#primaryimage"},"thumbnailUrl":"","datePublished":"2017-09-05T09:16:07+00:00","dateModified":"2017-09-05T09:16:07+00:00","description":"Cinquena edici\u00f3 del curs d\u2019actualitzaci\u00f3 en ci\u00e8ncies de laboratori cl\u00ednic","breadcrumb":{"@id":"https:\/\/novaorg.cofb.net\/2017\/09\/05\/cinquena-edicio-del-curs-dactualitzacio-en-ciencies-de-laboratori-clinic\/#breadcrumb"},"inLanguage":"es","potentialAction":[{"@type":"ReadAction","target":["https:\/\/novaorg.cofb.net\/2017\/09\/05\/cinquena-edicio-del-curs-dactualitzacio-en-ciencies-de-laboratori-clinic\/"]}]},{"@type":"ImageObject","inLanguage":"es","@id":"https:\/\/novaorg.cofb.net\/2017\/09\/05\/cinquena-edicio-del-curs-dactualitzacio-en-ciencies-de-laboratori-clinic\/#primaryimage","url":"","contentUrl":""},{"@type":"BreadcrumbList","@id":"https:\/\/novaorg.cofb.net\/2017\/09\/05\/cinquena-edicio-del-curs-dactualitzacio-en-ciencies-de-laboratori-clinic\/#breadcrumb","itemListElement":[{"@type":"ListItem","position":1,"name":"Inici","item":"https:\/\/novaorg.cofb.net\/"},{"@type":"ListItem","position":2,"name":"Cinquena edici\u00f3 del curs d\u2019actualitzaci\u00f3 en ci\u00e8ncies de laboratori cl\u00ednic"}]},{"@type":"WebSite","@id":"https:\/\/www.cofb.org\/#website","url":"https:\/\/www.cofb.org\/","name":"Col\u00b7legi de Farmac\u00e8utics de Barcelona","description":"","publisher":{"@id":"https:\/\/www.cofb.org\/#organization"},"potentialAction":[{"@type":"SearchAction","target":{"@type":"EntryPoint","urlTemplate":"https:\/\/www.cofb.org\/?s={search_term_string}"},"query-input":"required name=search_term_string"}],"inLanguage":"es"},{"@type":"Organization","@id":"https:\/\/www.cofb.org\/#organization","name":"Col\u00b7legi de Farmac\u00e8utics de Barcelona","url":"https:\/\/www.cofb.org\/","logo":{"@type":"ImageObject","inLanguage":"es","@id":"https:\/\/www.cofb.org\/#\/schema\/logo\/image\/","url":"https:\/\/www.cofb.org\/wp-content\/uploads\/2023\/11\/cropped-Logotip-COFB.png","contentUrl":"https:\/\/www.cofb.org\/wp-content\/uploads\/2023\/11\/cropped-Logotip-COFB.png","width":500,"height":105,"caption":"Col\u00b7legi de Farmac\u00e8utics de Barcelona"},"image":{"@id":"https:\/\/www.cofb.org\/#\/schema\/logo\/image\/"},"sameAs":["https:\/\/www.facebook.com\/farmaceuticsbcn\/","https:\/\/twitter.com\/farmaceuticsbcn","https:\/\/www.instagram.com\/farmaceuticsbcn\/","https:\/\/www.linkedin.com\/company\/farmaceuticsbcn\/"]},{"@type":"Person","@id":"https:\/\/www.cofb.org\/#\/schema\/person\/22ed7eea88da74b0fa4d3154ad87ffcb","name":"wpAdminCofbOrg","image":{"@type":"ImageObject","inLanguage":"es","@id":"https:\/\/www.cofb.org\/#\/schema\/person\/image\/","url":"https:\/\/secure.gravatar.com\/avatar\/1721b20b3b8ca882c3b56ec6c978c594fff670e40c0718e9190eaeeb76aae7d8?s=96&d=mm&r=g","contentUrl":"https:\/\/secure.gravatar.com\/avatar\/1721b20b3b8ca882c3b56ec6c978c594fff670e40c0718e9190eaeeb76aae7d8?s=96&d=mm&r=g","caption":"wpAdminCofbOrg"},"sameAs":["http:\/\/192.168.64.122\/wordpress"],"url":"https:\/\/www.cofb.org\/es\/author\/wpadmincofborg\/"}]}},"uagb_featured_image_src":{"full":false,"thumbnail":false,"medium":false,"medium_large":false,"large":false,"1536x1536":false,"2048x2048":false,"trp-custom-language-flag":false},"uagb_author_info":{"display_name":"wpAdminCofbOrg","author_link":"https:\/\/www.cofb.org\/es\/author\/wpadmincofborg\/"},"uagb_comment_info":0,"uagb_excerpt":"Aquest curs, que recentment ha finalitzat la cinquena edici\u00f3, estava pensat per fomentar la comunicaci\u00f3 d\u2019experi\u00e8ncies amb vista a prendre decisions a qualsevol nivell de responsabilitat del laboratori cl\u00ednic, ja que \u00e9s una de les millors eines per contribuir al progr\u00e9s dels professionals i de les organitzacions. Les diferents sessions [&hellip;]","_links":{"self":[{"href":"https:\/\/www.cofb.org\/es\/wp-json\/wp\/v2\/posts\/31697","targetHints":{"allow":["GET"]}}],"collection":[{"href":"https:\/\/www.cofb.org\/es\/wp-json\/wp\/v2\/posts"}],"about":[{"href":"https:\/\/www.cofb.org\/es\/wp-json\/wp\/v2\/types\/post"}],"author":[{"embeddable":true,"href":"https:\/\/www.cofb.org\/es\/wp-json\/wp\/v2\/users\/1"}],"replies":[{"embeddable":true,"href":"https:\/\/www.cofb.org\/es\/wp-json\/wp\/v2\/comments?post=31697"}],"version-history":[{"count":0,"href":"https:\/\/www.cofb.org\/es\/wp-json\/wp\/v2\/posts\/31697\/revisions"}],"wp:featuredmedia":[{"embeddable":true,"href":"https:\/\/www.cofb.org\/es\/wp-json\/"}],"wp:attachment":[{"href":"https:\/\/www.cofb.org\/es\/wp-json\/wp\/v2\/media?parent=31697"}],"wp:term":[{"taxonomy":"category","embeddable":true,"href":"https:\/\/www.cofb.org\/es\/wp-json\/wp\/v2\/categories?post=31697"},{"taxonomy":"post_tag","embeddable":true,"href":"https:\/\/www.cofb.org\/es\/wp-json\/wp\/v2\/tags?post=31697"}],"curies":[{"name":"wp","href":"https:\/\/api.w.org\/{rel}","templated":true}]}}