{"id":30570,"date":"2017-06-07T17:04:17","date_gmt":"2017-06-07T16:04:17","guid":{"rendered":"http:\/\/blog.cofb.cat\/?p=30570"},"modified":"2017-06-07T17:04:17","modified_gmt":"2017-06-07T16:04:17","slug":"arriba-barcelona-la-campanya-de-conscienciacio-activacio-aclareix-la-psoriasi","status":"publish","type":"post","link":"https:\/\/www.cofb.org\/es\/2017\/06\/07\/arriba-barcelona-la-campanya-de-conscienciacio-activacio-aclareix-la-psoriasi\/","title":{"rendered":"Llega a Barcelona la campa\u00f1a de concienciaci\u00f3n y activaci\u00f3n &#039;Aclara la psoriasis&#039;"},"content":{"rendered":"<figure id=\"attachment_30571\" aria-describedby=\"caption-attachment-30571\" style=\"width: 341px\" class=\"wp-caption alignleft\"><a href=\"http:\/\/blog.cofb.cat\/wp-content\/uploads\/2017\/06\/Aclara-la-PsO_Barcelona_1.jpg\"><img fetchpriority=\"high\" decoding=\"async\" class=\"wp-image-30571\" title=\"Llega a Barcelona la campa\u00f1a de concienciaci\u00f3n y activaci\u00f3n &#039;Aclara la psoriasis&#039;\" alt=\"Aclara la PsO_Barcelona_1\" src=\"http:\/\/blog.cofb.cat\/wp-content\/uploads\/2017\/06\/Aclara-la-PsO_Barcelona_1.jpg\" width=\"341\" height=\"227\" \/><\/a><figcaption id=\"caption-attachment-30571\" class=\"wp-caption-text\">Pie, de izquierda a derecha: Miquel Ribera, dermat\u00f3logo Hospital Parc Taul\u00ed (Sabadell); Montse Gin\u00e9s, vicepresidenta Acci\u00f3n Psoriasis; N\u00faria Bosch, vicepresidenta COFB, y Santiago Alfonso, director Acci\u00f3 Psoriasi<\/figcaption><\/figure>\n<p>Esta semana ha llegado a Barcelona la campa\u00f1a de concienciaci\u00f3n y activaci\u00f3n <b><a href=\"http:\/\/www.accionpsoriasis.org\/aclaralapsoriasis\/\">&#039;Aclara la psoriasis&#039;<\/a> <\/b>(www.aclaralapsoriasi.org), impulsada por <b>Acci\u00f3n Psoriasis<\/b>, en colaboraci\u00f3n con Novartis, para sensibilizar a la poblaci\u00f3n sobre el impacto social y psicol\u00f3gico de la psoriasis y concienciar a quienes la padecen que es posible conseguir un mejor control de los s\u00edntomas y una mejor calidad de vida teniendo un rol activo frente a esta enfermedad, que afecta al 2,3% de la poblaci\u00f3n oa <b>m\u00e1s de un mill\u00f3n de personas en Espa\u00f1a<\/b><b>.<\/b> <b>En Catalu\u00f1a, la patolog\u00eda afecta a m\u00e1s de 170.000 personas y, en concreto a Barcelona, a unas 37.000.<\/b><\/p>\n<p>&#039;Aclara la psoriasis&#039; comprende diferentes actividades informativas y formativas dirigidas a pacientes y poblaci\u00f3n general, dermat\u00f3logos y farmac\u00e9uticos que se desarrollar\u00e1n a lo largo del a\u00f1o en diferentes fases y en las 17 comunidades aut\u00f3nomas del territorio espa\u00f1ol. La primera fase, &#039;Pide a tu dermat\u00f3logo un pantal\u00f3n corto&#039;, que visita <b>el Paseo de Llu\u00eds Companys los d\u00edas 8 y 9 de junio y el Portal del \u00c1ngel los d\u00edas 7 y 10<\/b>, <b>en horario de 10h de la ma\u00f1ana a 20h de la tarde<\/b>, llega desde Sevilla y visitar\u00e1 pr\u00f3ximamente en bicicleta Las Palmas de Gran Canaria. Lo har\u00e1 bajo el paraguas de esta prenda, con la que se quiere animar a las personas con psoriasis a tener un buen control de su enfermedad. Una forma de afrontar la patolog\u00eda que se reforzar\u00e1 con la segunda y tercera fase de la iniciativa &#039;Aclara la psoriasis&#039;, que empezar\u00e1n el 20 de julio y el 29 de agosto, respectivamente.<\/p>\n<p>La iniciativa tambi\u00e9n <b>potenciar\u00e1 el rol del farmac\u00e9utico comunitario<\/b> como agente de proximidad que se implica en la atenci\u00f3n a las personas con psoriasis, a trav\u00e9s de la celebraci\u00f3n de una jornada informativa a cargo de especialistas en la materia y dirigida a farmac\u00e9uticos en cada comunidad aut\u00f3noma y del distintivo de \u201cFarmacia solidaria con la psoriasis\u201d. Adem\u00e1s de estas actividades, &#039;Aclara la psoriasis&#039; llegar\u00e1 a todas partes gracias a las redes sociales. Puedes seguir la campa\u00f1a con el <b>hashtag <a href=\"https:\/\/twitter.com\/hashtag\/aclaralapsoriasis?src=hash\">#aclaralapsoriasis<\/a><\/b>. Para las personas con psoriasis y la sociedad, &#039;Aclara la psoriasis&#039; tambi\u00e9n ofrece diferentes contenidos informativos <a href=\"https:\/\/www.accionpsoriasis.org\/aclaralapsoriasis\/\">en su web<\/a>, con informaci\u00f3n, recursos pr\u00e1cticos y servicios para animar a los pacientes a tener control de su enfermedad. Adem\u00e1s, ha creado una <a href=\"https:\/\/www.accionpsoriasis.org\/aclaralapsoriasis\/guia\/\" target=\"_blank\" rel=\"noopener\">gu\u00eda con recomendaciones para mejorar la calidad de las visitas m\u00e9dico-paciente<\/a>.<\/p>\n<p><b><div class=\"box shadow\">Una campa\u00f1a necesaria<\/b><\/p>\n<p>La psoriasis afecta notablemente a la vida de quienes la padecen, tanto f\u00edsica como psicol\u00f3gica y socialmente. Seg\u00fan &#039;Retorno Social de la Inversi\u00f3n de un abordaje ideal de la psoriasis&#039;, el \u00e1rea afectada en mayor medida es la vida emocional del paciente, seguida del ocio, la sexualidad y las relaciones sociales. A estos niveles, la informaci\u00f3n juega un papel clave en el control de la patolog\u00eda, y por eso, se ha puesto en marcha la campa\u00f1a &#039;Aclara la psoriasis&#039;, para concienciar tanto a los pacientes como a la poblaci\u00f3n general, los dermat\u00f3logos, los m\u00e9dicos de atenci\u00f3n primaria y los farmac\u00e9uticos que un buen control de la patolog\u00eda es posible.<\/p>\n<p>En rueda de prensa, celebrada esta ma\u00f1ana, <b>N\u00faria Bosch, vicepresidenta del Colegio Oficial de Farmac\u00e9uticos de Barcelona<\/b>, ha resaltado el papel del farmac\u00e9utico en el abordaje de la psoriasis, <b>subrayando la importancia del consejo farmac\u00e9utico para el buen cumplimiento terap\u00e9utico<\/b>: &#8220;<b>el farmac\u00e9utico es un profesional sanitario de proximidad al que a menudo la sociedad accede en primera instancia. Teniendo en cuenta esto, tiene un papel esencial, siempre en coordinaci\u00f3n con el resto de agentes de salud, en cuanto al seguimiento y orientaci\u00f3n desde la farmacia de los pacientes con psoriasis para conseguir el cumplimiento de tratamientos y utilizaci\u00f3n de productos de dermofarmacia, incluida la formulaci\u00f3n magistral, que puedan mejorar el cuidado diario de la piel y su calidad de vida<\/b>\u201c. \u201cComo prueba del compromiso del colectivo con los pacientes, desde el Colegio tenemos un <b>convenio de colaboraci\u00f3n con la Asociaci\u00f3n de pacientes Acci\u00f3n Psoriasis<\/b>, en cuyo marco cada a\u00f1o acogemos una Jornada dirigida a los pacientes y ofrecemos formaci\u00f3n a los farmac\u00e9uticos\u201d, a\u00f1ade.<b><\/div><\/b><\/p>\n<p><b>La psoriasis<\/b><\/p>\n<p>Esta patolog\u00eda sist\u00e9mica autoinmune que provoca la inflamaci\u00f3n de las capas de la piel, y en ocasiones de las articulaciones, es una enfermedad persistente y cr\u00f3nica con exacerbaciones y remisiones. La patolog\u00eda afecta hasta el 3% de la poblaci\u00f3n mundial, oa m\u00e1s de 125 millones de personas en todo el mundo<sup>.<\/sup> En Espa\u00f1a, la padecen m\u00e1s de un mill\u00f3n de personas, con una prevalencia del 2,3%, y en Catalunya afecta a unas 140.000. La enfermedad se asocia adem\u00e1s al desarrollo de otras afecciones graves, como diabetes, cardiopat\u00edas y depresi\u00f3n.<\/p>\n<p><a href=\"http:\/\/www.farmaceuticonline.com\/ca\/familia\/536-psoriasis-y-plantas-medicinales\" target=\"_blank\" rel=\"noopener\"><strong>M\u00e1s informaci\u00f3n sobre la psoriasis en nuestra web de salud, Farmaceuticonline.<\/strong><\/a><\/p>\n<p><span style=\"color: #888888;\"><strong>Fuente y m\u00e1s informaci\u00f3n:<\/strong> <a href=\"http:\/\/www.accionpsoriasis.org\/\" target=\"_blank\" rel=\"noopener\">Acci\u00f3n Psoriasis<\/a><\/span><\/p>","protected":false},"excerpt":{"rendered":"<p>Esta semana ha llegado a Barcelona la campa\u00f1a de concienciaci\u00f3n y activaci\u00f3n &#039;Aclara la psoriasi&#039; (www.aclaralapsoriasi.org), impulsada por Acci\u00f3 Psoriasi, en colaboraci\u00f3n con Novartis, para sensibilizar a la poblaci\u00f3n sobre el impacto social y psicol\u00f3gico de la psoriasis y concienciar a quienes la padecen que es posible conseguir un [\u2026]<\/p>","protected":false},"author":1,"featured_media":30588,"comment_status":"open","ping_status":"open","sticky":false,"template":"","format":"standard","meta":{"_uag_custom_page_level_css":"","site-sidebar-layout":"default","site-content-layout":"","ast-site-content-layout":"default","site-content-style":"default","site-sidebar-style":"default","ast-global-header-display":"","ast-banner-title-visibility":"","ast-main-header-display":"","ast-hfb-above-header-display":"","ast-hfb-below-header-display":"","ast-hfb-mobile-header-display":"","site-post-title":"","ast-breadcrumbs-content":"","ast-featured-img":"disabled","footer-sml-layout":"","theme-transparent-header-meta":"","adv-header-id-meta":"","stick-header-meta":"","header-above-stick-meta":"","header-main-stick-meta":"","header-below-stick-meta":"","astra-migrate-meta-layouts":"default","ast-page-background-enabled":"default","ast-page-background-meta":{"desktop":{"background-color":"var(--ast-global-color-4)","background-image":"","background-repeat":"repeat","background-position":"center center","background-size":"auto","background-attachment":"scroll","background-type":"","background-media":"","overlay-type":"","overlay-color":"","overlay-opacity":"","overlay-gradient":""},"tablet":{"background-color":"","background-image":"","background-repeat":"repeat","background-position":"center center","background-size":"auto","background-attachment":"scroll","background-type":"","background-media":"","overlay-type":"","overlay-color":"","overlay-opacity":"","overlay-gradient":""},"mobile":{"background-color":"","background-image":"","background-repeat":"repeat","background-position":"center center","background-size":"auto","background-attachment":"scroll","background-type":"","background-media":"","overlay-type":"","overlay-color":"","overlay-opacity":"","overlay-gradient":""}},"ast-content-background-meta":{"desktop":{"background-color":"var(--ast-global-color-5)","background-image":"","background-repeat":"repeat","background-position":"center center","background-size":"auto","background-attachment":"scroll","background-type":"","background-media":"","overlay-type":"","overlay-color":"","overlay-opacity":"","overlay-gradient":""},"tablet":{"background-color":"var(--ast-global-color-5)","background-image":"","background-repeat":"repeat","background-position":"center center","background-size":"auto","background-attachment":"scroll","background-type":"","background-media":"","overlay-type":"","overlay-color":"","overlay-opacity":"","overlay-gradient":""},"mobile":{"background-color":"var(--ast-global-color-5)","background-image":"","background-repeat":"repeat","background-position":"center center","background-size":"auto","background-attachment":"scroll","background-type":"","background-media":"","overlay-type":"","overlay-color":"","overlay-opacity":"","overlay-gradient":""}},"footnotes":""},"categories":[32],"tags":[802,2798,81,2799,69,231],"class_list":["post-30570","post","type-post","status-publish","format-standard","has-post-thumbnail","hentry","category-noticies-farmacia","tag-accio-psoriasi","tag-aclareix-la-psoriasi","tag-dermofarmacia","tag-farmaceutic-comunitari","tag-farmacia-comunitaria","tag-psoriasi"],"yoast_head":"<!-- This site is optimized with the Yoast SEO plugin v22.4 - https:\/\/yoast.com\/wordpress\/plugins\/seo\/ -->\n<title>Arriba a Barcelona la campanya de conscienciaci\u00f3 i activaci\u00f3 \u2018Aclareix la psoriasi\u2019<\/title>\n<meta name=\"description\" content=\"Arriba a Barcelona la campanya de conscienciaci\u00f3 i activaci\u00f3 \u2018Aclareix la psoriasi\u2019\" \/>\n<meta name=\"robots\" content=\"index, follow, max-snippet:-1, max-image-preview:large, max-video-preview:-1\" \/>\n<link rel=\"canonical\" href=\"https:\/\/novaorg.cofb.net\/2017\/06\/07\/arriba-barcelona-la-campanya-de-conscienciacio-activacio-aclareix-la-psoriasi\/\" \/>\n<meta property=\"og:locale\" content=\"es_ES\" \/>\n<meta property=\"og:type\" content=\"article\" \/>\n<meta property=\"og:title\" content=\"Arriba a Barcelona la campanya de conscienciaci\u00f3 i activaci\u00f3 \u2018Aclareix la psoriasi\u2019\" \/>\n<meta property=\"og:description\" content=\"Arriba a Barcelona la campanya de conscienciaci\u00f3 i activaci\u00f3 \u2018Aclareix la psoriasi\u2019\" \/>\n<meta property=\"og:url\" content=\"https:\/\/novaorg.cofb.net\/2017\/06\/07\/arriba-barcelona-la-campanya-de-conscienciacio-activacio-aclareix-la-psoriasi\/\" \/>\n<meta property=\"og:site_name\" content=\"Col\u00b7legi de Farmac\u00e8utics de Barcelona\" \/>\n<meta property=\"article:publisher\" content=\"https:\/\/www.facebook.com\/farmaceuticsbcn\/\" \/>\n<meta property=\"article:published_time\" content=\"2017-06-07T16:04:17+00:00\" \/>\n<meta name=\"author\" content=\"wpAdminCofbOrg\" \/>\n<meta name=\"twitter:card\" content=\"summary_large_image\" \/>\n<meta name=\"twitter:creator\" content=\"@farmaceuticsbcn\" \/>\n<meta name=\"twitter:site\" content=\"@farmaceuticsbcn\" \/>\n<meta name=\"twitter:label1\" content=\"Escrito por\" \/>\n\t<meta name=\"twitter:data1\" content=\"wpAdminCofbOrg\" \/>\n\t<meta name=\"twitter:label2\" content=\"Tiempo de lectura\" \/>\n\t<meta name=\"twitter:data2\" content=\"4 minutos\" \/>\n<script type=\"application\/ld+json\" class=\"yoast-schema-graph\">{\"@context\":\"https:\/\/schema.org\",\"@graph\":[{\"@type\":\"Article\",\"@id\":\"https:\/\/novaorg.cofb.net\/2017\/06\/07\/arriba-barcelona-la-campanya-de-conscienciacio-activacio-aclareix-la-psoriasi\/#article\",\"isPartOf\":{\"@id\":\"https:\/\/novaorg.cofb.net\/2017\/06\/07\/arriba-barcelona-la-campanya-de-conscienciacio-activacio-aclareix-la-psoriasi\/\"},\"author\":{\"name\":\"wpAdminCofbOrg\",\"@id\":\"https:\/\/www.cofb.org\/#\/schema\/person\/22ed7eea88da74b0fa4d3154ad87ffcb\"},\"headline\":\"Arriba a Barcelona la campanya de conscienciaci\u00f3 i activaci\u00f3 \u2018Aclareix la psoriasi\u2019\",\"datePublished\":\"2017-06-07T16:04:17+00:00\",\"dateModified\":\"2017-06-07T16:04:17+00:00\",\"mainEntityOfPage\":{\"@id\":\"https:\/\/novaorg.cofb.net\/2017\/06\/07\/arriba-barcelona-la-campanya-de-conscienciacio-activacio-aclareix-la-psoriasi\/\"},\"wordCount\":885,\"commentCount\":0,\"publisher\":{\"@id\":\"https:\/\/www.cofb.org\/#organization\"},\"image\":{\"@id\":\"https:\/\/novaorg.cofb.net\/2017\/06\/07\/arriba-barcelona-la-campanya-de-conscienciacio-activacio-aclareix-la-psoriasi\/#primaryimage\"},\"thumbnailUrl\":\"\",\"keywords\":[\"Acci\u00f3 Psoriasi\",\"Aclareix la psoriasi\",\"Dermofarm\u00e0cia\",\"farmac\u00e8utic comunitari\",\"farm\u00e0cia comunit\u00e0ria\",\"psoriasi\"],\"articleSection\":[\"Not\u00edcies farm\u00e0cia\"],\"inLanguage\":\"es\",\"potentialAction\":[{\"@type\":\"CommentAction\",\"name\":\"Comment\",\"target\":[\"https:\/\/novaorg.cofb.net\/2017\/06\/07\/arriba-barcelona-la-campanya-de-conscienciacio-activacio-aclareix-la-psoriasi\/#respond\"]}]},{\"@type\":\"WebPage\",\"@id\":\"https:\/\/novaorg.cofb.net\/2017\/06\/07\/arriba-barcelona-la-campanya-de-conscienciacio-activacio-aclareix-la-psoriasi\/\",\"url\":\"https:\/\/novaorg.cofb.net\/2017\/06\/07\/arriba-barcelona-la-campanya-de-conscienciacio-activacio-aclareix-la-psoriasi\/\",\"name\":\"Arriba a Barcelona la campanya de conscienciaci\u00f3 i activaci\u00f3 \u2018Aclareix la psoriasi\u2019\",\"isPartOf\":{\"@id\":\"https:\/\/www.cofb.org\/#website\"},\"primaryImageOfPage\":{\"@id\":\"https:\/\/novaorg.cofb.net\/2017\/06\/07\/arriba-barcelona-la-campanya-de-conscienciacio-activacio-aclareix-la-psoriasi\/#primaryimage\"},\"image\":{\"@id\":\"https:\/\/novaorg.cofb.net\/2017\/06\/07\/arriba-barcelona-la-campanya-de-conscienciacio-activacio-aclareix-la-psoriasi\/#primaryimage\"},\"thumbnailUrl\":\"\",\"datePublished\":\"2017-06-07T16:04:17+00:00\",\"dateModified\":\"2017-06-07T16:04:17+00:00\",\"description\":\"Arriba a Barcelona la campanya de conscienciaci\u00f3 i activaci\u00f3 \u2018Aclareix la psoriasi\u2019\",\"breadcrumb\":{\"@id\":\"https:\/\/novaorg.cofb.net\/2017\/06\/07\/arriba-barcelona-la-campanya-de-conscienciacio-activacio-aclareix-la-psoriasi\/#breadcrumb\"},\"inLanguage\":\"es\",\"potentialAction\":[{\"@type\":\"ReadAction\",\"target\":[\"https:\/\/novaorg.cofb.net\/2017\/06\/07\/arriba-barcelona-la-campanya-de-conscienciacio-activacio-aclareix-la-psoriasi\/\"]}]},{\"@type\":\"ImageObject\",\"inLanguage\":\"es\",\"@id\":\"https:\/\/novaorg.cofb.net\/2017\/06\/07\/arriba-barcelona-la-campanya-de-conscienciacio-activacio-aclareix-la-psoriasi\/#primaryimage\",\"url\":\"\",\"contentUrl\":\"\"},{\"@type\":\"BreadcrumbList\",\"@id\":\"https:\/\/novaorg.cofb.net\/2017\/06\/07\/arriba-barcelona-la-campanya-de-conscienciacio-activacio-aclareix-la-psoriasi\/#breadcrumb\",\"itemListElement\":[{\"@type\":\"ListItem\",\"position\":1,\"name\":\"Inici\",\"item\":\"https:\/\/novaorg.cofb.net\/\"},{\"@type\":\"ListItem\",\"position\":2,\"name\":\"Arriba a Barcelona la campanya de conscienciaci\u00f3 i activaci\u00f3 \u2018Aclareix la psoriasi\u2019\"}]},{\"@type\":\"WebSite\",\"@id\":\"https:\/\/www.cofb.org\/#website\",\"url\":\"https:\/\/www.cofb.org\/\",\"name\":\"Col\u00b7legi de Farmac\u00e8utics de Barcelona\",\"description\":\"\",\"publisher\":{\"@id\":\"https:\/\/www.cofb.org\/#organization\"},\"potentialAction\":[{\"@type\":\"SearchAction\",\"target\":{\"@type\":\"EntryPoint\",\"urlTemplate\":\"https:\/\/www.cofb.org\/?s={search_term_string}\"},\"query-input\":\"required name=search_term_string\"}],\"inLanguage\":\"es\"},{\"@type\":\"Organization\",\"@id\":\"https:\/\/www.cofb.org\/#organization\",\"name\":\"Col\u00b7legi de Farmac\u00e8utics de Barcelona\",\"url\":\"https:\/\/www.cofb.org\/\",\"logo\":{\"@type\":\"ImageObject\",\"inLanguage\":\"es\",\"@id\":\"https:\/\/www.cofb.org\/#\/schema\/logo\/image\/\",\"url\":\"https:\/\/www.cofb.org\/wp-content\/uploads\/2023\/11\/cropped-Logotip-COFB.png\",\"contentUrl\":\"https:\/\/www.cofb.org\/wp-content\/uploads\/2023\/11\/cropped-Logotip-COFB.png\",\"width\":500,\"height\":105,\"caption\":\"Col\u00b7legi de Farmac\u00e8utics de Barcelona\"},\"image\":{\"@id\":\"https:\/\/www.cofb.org\/#\/schema\/logo\/image\/\"},\"sameAs\":[\"https:\/\/www.facebook.com\/farmaceuticsbcn\/\",\"https:\/\/twitter.com\/farmaceuticsbcn\",\"https:\/\/www.instagram.com\/farmaceuticsbcn\/\",\"https:\/\/www.linkedin.com\/company\/farmaceuticsbcn\/\"]},{\"@type\":\"Person\",\"@id\":\"https:\/\/www.cofb.org\/#\/schema\/person\/22ed7eea88da74b0fa4d3154ad87ffcb\",\"name\":\"wpAdminCofbOrg\",\"image\":{\"@type\":\"ImageObject\",\"inLanguage\":\"es\",\"@id\":\"https:\/\/www.cofb.org\/#\/schema\/person\/image\/\",\"url\":\"https:\/\/secure.gravatar.com\/avatar\/1721b20b3b8ca882c3b56ec6c978c594fff670e40c0718e9190eaeeb76aae7d8?s=96&d=mm&r=g\",\"contentUrl\":\"https:\/\/secure.gravatar.com\/avatar\/1721b20b3b8ca882c3b56ec6c978c594fff670e40c0718e9190eaeeb76aae7d8?s=96&d=mm&r=g\",\"caption\":\"wpAdminCofbOrg\"},\"sameAs\":[\"http:\/\/192.168.64.122\/wordpress\"],\"url\":\"https:\/\/www.cofb.org\/es\/author\/wpadmincofborg\/\"}]}<\/script>\n<!-- \/ Yoast SEO plugin. -->","yoast_head_json":{"title":"Arriba a Barcelona la campanya de conscienciaci\u00f3 i activaci\u00f3 \u2018Aclareix la psoriasi\u2019","description":"Arriba a Barcelona la campanya de conscienciaci\u00f3 i activaci\u00f3 \u2018Aclareix la psoriasi\u2019","robots":{"index":"index","follow":"follow","max-snippet":"max-snippet:-1","max-image-preview":"max-image-preview:large","max-video-preview":"max-video-preview:-1"},"canonical":"https:\/\/novaorg.cofb.net\/2017\/06\/07\/arriba-barcelona-la-campanya-de-conscienciacio-activacio-aclareix-la-psoriasi\/","og_locale":"es_ES","og_type":"article","og_title":"Arriba a Barcelona la campanya de conscienciaci\u00f3 i activaci\u00f3 \u2018Aclareix la psoriasi\u2019","og_description":"Arriba a Barcelona la campanya de conscienciaci\u00f3 i activaci\u00f3 \u2018Aclareix la psoriasi\u2019","og_url":"https:\/\/novaorg.cofb.net\/2017\/06\/07\/arriba-barcelona-la-campanya-de-conscienciacio-activacio-aclareix-la-psoriasi\/","og_site_name":"Col\u00b7legi de Farmac\u00e8utics de Barcelona","article_publisher":"https:\/\/www.facebook.com\/farmaceuticsbcn\/","article_published_time":"2017-06-07T16:04:17+00:00","author":"wpAdminCofbOrg","twitter_card":"summary_large_image","twitter_creator":"@farmaceuticsbcn","twitter_site":"@farmaceuticsbcn","twitter_misc":{"Escrito por":"wpAdminCofbOrg","Tiempo de lectura":"4 minutos"},"schema":{"@context":"https:\/\/schema.org","@graph":[{"@type":"Article","@id":"https:\/\/novaorg.cofb.net\/2017\/06\/07\/arriba-barcelona-la-campanya-de-conscienciacio-activacio-aclareix-la-psoriasi\/#article","isPartOf":{"@id":"https:\/\/novaorg.cofb.net\/2017\/06\/07\/arriba-barcelona-la-campanya-de-conscienciacio-activacio-aclareix-la-psoriasi\/"},"author":{"name":"wpAdminCofbOrg","@id":"https:\/\/www.cofb.org\/#\/schema\/person\/22ed7eea88da74b0fa4d3154ad87ffcb"},"headline":"Arriba a Barcelona la campanya de conscienciaci\u00f3 i activaci\u00f3 \u2018Aclareix la psoriasi\u2019","datePublished":"2017-06-07T16:04:17+00:00","dateModified":"2017-06-07T16:04:17+00:00","mainEntityOfPage":{"@id":"https:\/\/novaorg.cofb.net\/2017\/06\/07\/arriba-barcelona-la-campanya-de-conscienciacio-activacio-aclareix-la-psoriasi\/"},"wordCount":885,"commentCount":0,"publisher":{"@id":"https:\/\/www.cofb.org\/#organization"},"image":{"@id":"https:\/\/novaorg.cofb.net\/2017\/06\/07\/arriba-barcelona-la-campanya-de-conscienciacio-activacio-aclareix-la-psoriasi\/#primaryimage"},"thumbnailUrl":"","keywords":["Acci\u00f3 Psoriasi","Aclareix la psoriasi","Dermofarm\u00e0cia","farmac\u00e8utic comunitari","farm\u00e0cia comunit\u00e0ria","psoriasi"],"articleSection":["Not\u00edcies farm\u00e0cia"],"inLanguage":"es","potentialAction":[{"@type":"CommentAction","name":"Comment","target":["https:\/\/novaorg.cofb.net\/2017\/06\/07\/arriba-barcelona-la-campanya-de-conscienciacio-activacio-aclareix-la-psoriasi\/#respond"]}]},{"@type":"WebPage","@id":"https:\/\/novaorg.cofb.net\/2017\/06\/07\/arriba-barcelona-la-campanya-de-conscienciacio-activacio-aclareix-la-psoriasi\/","url":"https:\/\/novaorg.cofb.net\/2017\/06\/07\/arriba-barcelona-la-campanya-de-conscienciacio-activacio-aclareix-la-psoriasi\/","name":"Arriba a Barcelona la campanya de conscienciaci\u00f3 i activaci\u00f3 \u2018Aclareix la psoriasi\u2019","isPartOf":{"@id":"https:\/\/www.cofb.org\/#website"},"primaryImageOfPage":{"@id":"https:\/\/novaorg.cofb.net\/2017\/06\/07\/arriba-barcelona-la-campanya-de-conscienciacio-activacio-aclareix-la-psoriasi\/#primaryimage"},"image":{"@id":"https:\/\/novaorg.cofb.net\/2017\/06\/07\/arriba-barcelona-la-campanya-de-conscienciacio-activacio-aclareix-la-psoriasi\/#primaryimage"},"thumbnailUrl":"","datePublished":"2017-06-07T16:04:17+00:00","dateModified":"2017-06-07T16:04:17+00:00","description":"Arriba a Barcelona la campanya de conscienciaci\u00f3 i activaci\u00f3 \u2018Aclareix la psoriasi\u2019","breadcrumb":{"@id":"https:\/\/novaorg.cofb.net\/2017\/06\/07\/arriba-barcelona-la-campanya-de-conscienciacio-activacio-aclareix-la-psoriasi\/#breadcrumb"},"inLanguage":"es","potentialAction":[{"@type":"ReadAction","target":["https:\/\/novaorg.cofb.net\/2017\/06\/07\/arriba-barcelona-la-campanya-de-conscienciacio-activacio-aclareix-la-psoriasi\/"]}]},{"@type":"ImageObject","inLanguage":"es","@id":"https:\/\/novaorg.cofb.net\/2017\/06\/07\/arriba-barcelona-la-campanya-de-conscienciacio-activacio-aclareix-la-psoriasi\/#primaryimage","url":"","contentUrl":""},{"@type":"BreadcrumbList","@id":"https:\/\/novaorg.cofb.net\/2017\/06\/07\/arriba-barcelona-la-campanya-de-conscienciacio-activacio-aclareix-la-psoriasi\/#breadcrumb","itemListElement":[{"@type":"ListItem","position":1,"name":"Inici","item":"https:\/\/novaorg.cofb.net\/"},{"@type":"ListItem","position":2,"name":"Arriba a Barcelona la campanya de conscienciaci\u00f3 i activaci\u00f3 \u2018Aclareix la psoriasi\u2019"}]},{"@type":"WebSite","@id":"https:\/\/www.cofb.org\/#website","url":"https:\/\/www.cofb.org\/","name":"Col\u00b7legi de Farmac\u00e8utics de Barcelona","description":"","publisher":{"@id":"https:\/\/www.cofb.org\/#organization"},"potentialAction":[{"@type":"SearchAction","target":{"@type":"EntryPoint","urlTemplate":"https:\/\/www.cofb.org\/?s={search_term_string}"},"query-input":"required name=search_term_string"}],"inLanguage":"es"},{"@type":"Organization","@id":"https:\/\/www.cofb.org\/#organization","name":"Col\u00b7legi de Farmac\u00e8utics de Barcelona","url":"https:\/\/www.cofb.org\/","logo":{"@type":"ImageObject","inLanguage":"es","@id":"https:\/\/www.cofb.org\/#\/schema\/logo\/image\/","url":"https:\/\/www.cofb.org\/wp-content\/uploads\/2023\/11\/cropped-Logotip-COFB.png","contentUrl":"https:\/\/www.cofb.org\/wp-content\/uploads\/2023\/11\/cropped-Logotip-COFB.png","width":500,"height":105,"caption":"Col\u00b7legi de Farmac\u00e8utics de Barcelona"},"image":{"@id":"https:\/\/www.cofb.org\/#\/schema\/logo\/image\/"},"sameAs":["https:\/\/www.facebook.com\/farmaceuticsbcn\/","https:\/\/twitter.com\/farmaceuticsbcn","https:\/\/www.instagram.com\/farmaceuticsbcn\/","https:\/\/www.linkedin.com\/company\/farmaceuticsbcn\/"]},{"@type":"Person","@id":"https:\/\/www.cofb.org\/#\/schema\/person\/22ed7eea88da74b0fa4d3154ad87ffcb","name":"wpAdminCofbOrg","image":{"@type":"ImageObject","inLanguage":"es","@id":"https:\/\/www.cofb.org\/#\/schema\/person\/image\/","url":"https:\/\/secure.gravatar.com\/avatar\/1721b20b3b8ca882c3b56ec6c978c594fff670e40c0718e9190eaeeb76aae7d8?s=96&d=mm&r=g","contentUrl":"https:\/\/secure.gravatar.com\/avatar\/1721b20b3b8ca882c3b56ec6c978c594fff670e40c0718e9190eaeeb76aae7d8?s=96&d=mm&r=g","caption":"wpAdminCofbOrg"},"sameAs":["http:\/\/192.168.64.122\/wordpress"],"url":"https:\/\/www.cofb.org\/es\/author\/wpadmincofborg\/"}]}},"uagb_featured_image_src":{"full":false,"thumbnail":false,"medium":false,"medium_large":false,"large":false,"1536x1536":false,"2048x2048":false,"trp-custom-language-flag":false},"uagb_author_info":{"display_name":"wpAdminCofbOrg","author_link":"https:\/\/www.cofb.org\/es\/author\/wpadmincofborg\/"},"uagb_comment_info":0,"uagb_excerpt":"Aquesta setmana ha arribat a Barcelona la campanya de conscienciaci\u00f3 i activaci\u00f3 \u2018Aclareix la psoriasi\u2019 (www.aclaralapsoriasi.org), impulsada per Acci\u00f3 Psoriasi, en col\u00b7laboraci\u00f3 amb Novartis, per tal de sensibilitzar a la poblaci\u00f3 sobre l&#8217;impacte social i psicol\u00f2gic de la psoriasi i conscienciar als qui la pateixen que \u00e9s possible aconseguir un [&hellip;]","_links":{"self":[{"href":"https:\/\/www.cofb.org\/es\/wp-json\/wp\/v2\/posts\/30570","targetHints":{"allow":["GET"]}}],"collection":[{"href":"https:\/\/www.cofb.org\/es\/wp-json\/wp\/v2\/posts"}],"about":[{"href":"https:\/\/www.cofb.org\/es\/wp-json\/wp\/v2\/types\/post"}],"author":[{"embeddable":true,"href":"https:\/\/www.cofb.org\/es\/wp-json\/wp\/v2\/users\/1"}],"replies":[{"embeddable":true,"href":"https:\/\/www.cofb.org\/es\/wp-json\/wp\/v2\/comments?post=30570"}],"version-history":[{"count":0,"href":"https:\/\/www.cofb.org\/es\/wp-json\/wp\/v2\/posts\/30570\/revisions"}],"wp:featuredmedia":[{"embeddable":true,"href":"https:\/\/www.cofb.org\/es\/wp-json\/"}],"wp:attachment":[{"href":"https:\/\/www.cofb.org\/es\/wp-json\/wp\/v2\/media?parent=30570"}],"wp:term":[{"taxonomy":"category","embeddable":true,"href":"https:\/\/www.cofb.org\/es\/wp-json\/wp\/v2\/categories?post=30570"},{"taxonomy":"post_tag","embeddable":true,"href":"https:\/\/www.cofb.org\/es\/wp-json\/wp\/v2\/tags?post=30570"}],"curies":[{"name":"wp","href":"https:\/\/api.w.org\/{rel}","templated":true}]}}