{"id":29682,"date":"2017-04-26T16:37:09","date_gmt":"2017-04-26T15:37:09","guid":{"rendered":"http:\/\/blog.cofb.cat\/?p=29682"},"modified":"2017-04-26T16:37:09","modified_gmt":"2017-04-26T15:37:09","slug":"setmana-internacional-de-la-immunitzacio-del-24-al-30-dabril","status":"publish","type":"post","link":"https:\/\/www.cofb.org\/es\/2017\/04\/26\/setmana-internacional-de-la-immunitzacio-del-24-al-30-dabril\/","title":{"rendered":"Semana Internacional de la Inmunizaci\u00f3n: del 24 al 30 de abril"},"content":{"rendered":"<figure id=\"attachment_29708\" aria-describedby=\"caption-attachment-29708\" style=\"width: 276px\" class=\"wp-caption alignright\"><a href=\"http:\/\/blog.cofb.cat\/wp-content\/uploads\/2017\/04\/infographic-5-facts.jpg\" target=\"_blank\" rel=\"noopener\"><img fetchpriority=\"high\" decoding=\"async\" class=\"wp-image-29708\" alt=\"infographic-5-facts\" src=\"http:\/\/blog.cofb.cat\/wp-content\/uploads\/2017\/04\/infographic-5-facts-345x1024.jpg\" width=\"276\" height=\"819\" \/><\/a><figcaption id=\"caption-attachment-29708\" class=\"wp-caption-text\">Infograf\u00eda 5 hechos sobre las vacunas (v\u00eda OMS)<br \/>Pulsa en la imagen para ampliarla y facilitar su lectura<\/figcaption><\/figure>\n<p>Del d\u00eda 24 al 30 de abril se celebra la <b><a href=\"http:\/\/who.int\/campaigns\/immunization-week\/2017\/es\/\" target=\"_blank\" rel=\"noopener\">Semana Internacional de la Inmunizaci\u00f3n,<\/a><\/b> una iniciativa promovida por la Organizaci\u00f3n Mundial de la Salud (OMS), con el lema: <strong>&quot;Las vacunas funcionan&quot; (#VaccinesWork)<\/strong>. Este a\u00f1o, la Semana se centra en la gran importancia que tiene la vacunaci\u00f3n durante toda la vida y su papel para alcanzar los objetivos del desarrollo sostenible.<\/p>\n<p>Los farmac\u00e9uticos de todo el Estado se suman a la campa\u00f1a: en Espa\u00f1a las farmacias son establecimientos sanitarios \u00f3ptimos para la informaci\u00f3n activa del usuario y aproximadamente el 30% de los pacientes que acuden a las farmacias a diario reciben un consejo sanitario en respuesta a una demanda ajena a la dispensaci\u00f3n de un medicamento.<\/p>\n<p><a href=\"http:\/\/www.portalfarma.com\/Profesionales\/consejoinforma\/Paginas\/2017-Campana-Vacunas-MSSSI.aspx\" target=\"_blank\" rel=\"noopener\">Seg\u00fan traslada el Consejo General de Colegios Farmac\u00e9uticos,<\/a> la informaci\u00f3n adecuada al usuario sobre las vacunas por parte del farmac\u00e9utico puede ayudar a eliminar falsos mitos. <strong>La custodia, conservaci\u00f3n y dispensaci\u00f3n de todas las vacunas debe estar bajo la supervisi\u00f3n de un profesional farmac\u00e9utico<\/strong>. El farmac\u00e9utico comunitario puede desempe\u00f1ar un papel relevante, en colaboraci\u00f3n con el resto de profesionales sanitarios desarrollando funciones como:<\/p>\n<ul>\n<li><b>El seguimiento farmacoterap\u00e9utico del paciente que recibe una vacuna<\/b>: especialmente para la detecci\u00f3n de cualquier reacci\u00f3n adversa que pueda estar asociada a la administraci\u00f3n de la vacuna, en colaboraci\u00f3n con el equipo multidisciplinar de salud.<\/li>\n<li>La <b>notificaci\u00f3n de sospechas de reacciones adversas causadas por vacunas<\/b> en el Sistema Espa\u00f1ol de Farmacovigilancia de Medicamentos de Uso Humano (SEFV-H).<\/li>\n<li>La <b>promoci\u00f3n del uso responsable de las vacunas y la provisi\u00f3n de consejo e informaci\u00f3n sobre este tipo de medicamentos<\/b> (conservaci\u00f3n, mecanismo de acci\u00f3n, posibles reacciones adversas, importancia de su administraci\u00f3n para la prevenci\u00f3n de enfermedades, calendario de vacunaci\u00f3n, v\u00edas de adquisici\u00f3n, etc.), en colaboraci\u00f3n con otros profesionales del equipo multidisciplinar de salud.<\/li>\n<li>La <b>participaci\u00f3n en actividades de promoci\u00f3n de la salud y de prevenci\u00f3n de enfermedades relacionadas con vacunas<\/b>, tan promovidas por la administraci\u00f3n como por otras instituciones.<\/li>\n<\/ul>\n<p><a href=\"http:\/\/blog.cofb.cat\/wp-content\/uploads\/2017\/04\/vacunateSanitarioA4Catalan-CARTELL.jpg\" target=\"_blank\" rel=\"noopener\"><img decoding=\"async\" class=\"alignleft  wp-image-29707\" alt=\"vacunateSanitarioA4Catalan CARTELL\" src=\"http:\/\/blog.cofb.cat\/wp-content\/uploads\/2017\/04\/vacunateSanitarioA4Catalan-CARTELL-724x1024.jpg\" width=\"208\" height=\"294\" \/><\/a>Asimismo, el Ministerio de Sanidad, Servicios Sociales e Igualdad ha impulsado la <b><a href=\"https:\/\/www.msssi.gob.es\/campannas\/campanas17\/vacunacionSanitarios.htm\">campa\u00f1a \u201cVac\u00fanate: por ti, por todos\u201d<\/a><\/b>, en la que ha colaborado el Consejo General junto con cerca de una veintena de sociedades cient\u00edficas. Los programas de vacunaci\u00f3n dirigidos a los trabajadores sanitarios son parte esencial de las estrategias de salud laboral, como se\u00f1ala el Ministerio de Sanidad, Servicios Sociales e Igualdad en<a href=\"http:\/\/www.msssi.gob.es\/profesionales\/saludPublica\/prevPromocion\/vacunaciones\/docs\/Vacunacion_sanitarios.pdf\">informe \u201cVacunaci\u00f3n en trabajadores sanitarios<\/a>\u201d.<\/p>\n<p><a href=\"http:\/\/blog.cofb.cat\/wp-content\/uploads\/2017\/04\/infografiaVacunasA4-infografia-MinisterioS.jpg\" target=\"_blank\" rel=\"noopener\">Infograf\u00eda de la campa\u00f1a<\/a> (JPG)<\/p>\n<p><a href=\"http:\/\/blog.cofb.cat\/wp-content\/uploads\/2017\/04\/vacunateSanitarioA4Catalan-CARTELL.jpg\" target=\"_blank\" rel=\"noopener\">Cartel de la campa\u00f1a <\/a>(JPG)<\/p>\n<p>&nbsp;<\/p>\n<p><b>V\u00eddeo promocional Vacunaci\u00f3n Trabajadores Sanitarios<\/b><\/p>\n<div style=\"position: relative; height: 0; padding-bottom: 56.25%;\"><iframe style=\"position: absolute; width: 100%; height: 100%; left: 0;\" src=\"https:\/\/www.youtube.com\/embed\/xM7mtTopfP0?ecver=2\" height=\"360\" width=\"640\" allowfullscreen=\"\" frameborder=\"0\"><\/iframe><\/div>\n<p><b><div class=\"box shadow\"><\/b>El COFB apuesta por la formaci\u00f3n continua de los farmac\u00e9uticos con varios cursos relacionados con la vacunaci\u00f3n:<\/p>\n<ul>\n<li><a href=\"http:\/\/www.who.int\/campaigns\/immunization-week\/2017\/en\/\" target=\"_blank\" rel=\"noopener\">Neumon\u00eda neumoc\u00f3cica: estrategias de prevenci\u00f3n por vacunaci\u00f3n<\/a><\/li>\n<li><a href=\"http:\/\/blog.cofb.cat\/actualitzacio-en-grip-vacunes-antigripals\/\">Actualizaci\u00f3n en gripe y vacunas antigripales<\/a><\/li>\n<li><a href=\"http:\/\/blog.cofb.cat\/paper-del-farmaceutic-en-els-programes-de-vacunacio\/\">Papel del farmac\u00e9utico en los programas de vacunaci\u00f3n<\/a><\/li>\n<li><a href=\"http:\/\/blog.cofb.cat\/tertulia-dactualitat-quines-novetats-hi-ha-en-les-vacunes-contra-lal%C2%B7lergia\/\">Tertulia de actualidad: \u00bfqu\u00e9 novedades existen en las vacunas contra la alergia?<\/a><\/li>\n<li><a href=\"http:\/\/blog.cofb.cat\/tractament-del-vih-quina-es-la-situacio-de-la-vacuna\/\">Tratamiento del VIH: \u00bfcu\u00e1l es la situaci\u00f3n de la vacuna?<\/a><\/li>\n<\/ul>\n<p><b>Y tambi\u00e9n se ha hecho eco de campa\u00f1as informativas a favor de la vacunaci\u00f3n (<a href=\"http:\/\/blog.cofb.cat\/campanyes-informatives-a-favor-de-la-vacunacio\/\">leer noticia en el Blog<\/a>).<\/b><\/p>\n<p>En la web de salud del Colegio, Farmaceuticonline, encontrar\u00e1 un apartado informativo sobre\u00a0<strong><a href=\"http:\/\/www.farmaceuticonline.com\/ca\/familia\/595-vacunas-infantiles?showall=1\" target=\"_blank\" rel=\"noopener\">Vacunas infantiles<\/a><\/strong>.<b><\/div><\/b><\/p>\n<div class=\"box info\">El <a href=\"http:\/\/canalsalut.gencat.cat\/ca\/detalls\/noticia\/Setmana-Internacional-de-la-Immunitzacio-de-lOMS\">Canal Salud<\/a> de la Generalitat destaca de la campa\u00f1a de la OMS que:<\/p>\n<ul>\n<li>Las vacunas son efectivas y seguras.<\/li>\n<li>Utiliz\u00e1ndolas se han evitado 10 millones de muertes entre 2010 y 2015 en todo el mundo y se han prevenido much\u00edsimos m\u00e1s casos de enfermedad y de sus complicaciones.<\/li>\n<li>Para contrarrestar la informaci\u00f3n incorrecta que existe en muchas webs sobre la seguridad de las vacunas, se ha creado una red de webs con informaci\u00f3n validada: <b><a href=\"http:\/\/www.who.int\/vaccine_safety\/initiative\/communication\/network\/vaccine_safety_websites\/en\/\">Vaccine Safety Net <\/a><\/b>\u00a0(Red de Seguridad vacunal) en la web de la OMS.<\/li>\n<\/ul>\n<p>En el apartado de su web \u201c<a href=\"http:\/\/canalsalut.gencat.cat\/ca\/salut-a-z\/v\/vacunacions\/vacunacions\/sabieu-que...\/\">Sab\u00edais que\u2026\u201d<\/a> se desmitifican falsas creencias y evidencias sobre la vacunaci\u00f3n.<\/div>\n<p><b><a href=\"http:\/\/blog.cofb.cat\/wp-content\/uploads\/2016\/02\/twitter-LOGO.jpg\"><img decoding=\"async\" class=\"alignleft  wp-image-19080\" alt=\"twitter-LOGO\" src=\"http:\/\/blog.cofb.cat\/wp-content\/uploads\/2016\/02\/twitter-LOGO-150x150.jpg\" width=\"43\" height=\"43\" \/><\/a>Sigue el tema en Twitter:<\/b> <a href=\"https:\/\/twitter.com\/hashtag\/vaccineswork?lang=es\">#VaccinesWork<\/a><\/p>\n<p><b><br \/>\nFuentes y m\u00e1s informaci\u00f3n:<\/b><\/p>\n<ul>\n<li><a href=\"http:\/\/who.int\/campaigns\/immunization-week\/2017\/es\/\" target=\"_blank\" rel=\"noopener\">Campa\u00f1a Semana Internacional de la Inmunizaci\u00f3n<\/a> (v\u00eda OMS)<\/li>\n<li>Nota de prensa <a href=\"http:\/\/www.portalfarma.com\/Profesionales\/consejoinforma\/Paginas\/2017-Campana-Vacunas-MSSSI.aspx\">Los farmac\u00e9uticos ponen de manifiesto su labor en la Semana Mundial de la Inmunizaci\u00f3n<\/a> (v\u00eda Consejo General de Colegios Oficiales de Farmac\u00e9uticos)<\/li>\n<li>Campa\u00f1a <a href=\"https:\/\/www.msssi.gob.es\/campannas\/campanas17\/vacunacionSanitarios.htm\">Promoci\u00f3n de los Beneficios de la Vacunaci\u00f3n en Trabajadores Sanitarios<\/a> (v\u00eda Ministerio de Sanidad, Servicios Sociales e Igualdad)<\/li>\n<li><a href=\"http:\/\/canalsalut.gencat.cat\/ca\/detalls\/noticia\/Setmana-Internacional-de-la-Immunitzacio-de-lOMS\">Semana Mundial de la Inmunizaci\u00f3n<\/a> (v\u00eda Canal Salud de la Generalitat)<\/li>\n<li><a href=\"http:\/\/canalsalut.gencat.cat\/ca\/salut-a-z\/v\/vacunacions\/vacunacions\/\">Vacunaciones<\/a> (v\u00eda Canal Salud de la Generalitat)<\/li>\n<\/ul>","protected":false},"excerpt":{"rendered":"<p>Del d\u00eda 24 al 30 de abril se celebra la Semana Internacional de la Inmunizaci\u00f3n, iniciativa promovida por la Organizaci\u00f3n Mundial de la Salud (OMS), con el lema: \u201cLas vacunas funcionan\u201d (#VaccinesWork). Este a\u00f1o la Semana se centra en la gran importancia que tiene la vacunaci\u00f3n durante toda la vida y [\u2026]<\/p>","protected":false},"author":1,"featured_media":29706,"comment_status":"open","ping_status":"open","sticky":false,"template":"","format":"standard","meta":{"_uag_custom_page_level_css":"","site-sidebar-layout":"default","site-content-layout":"","ast-site-content-layout":"default","site-content-style":"default","site-sidebar-style":"default","ast-global-header-display":"","ast-banner-title-visibility":"","ast-main-header-display":"","ast-hfb-above-header-display":"","ast-hfb-below-header-display":"","ast-hfb-mobile-header-display":"","site-post-title":"","ast-breadcrumbs-content":"","ast-featured-img":"disabled","footer-sml-layout":"","theme-transparent-header-meta":"","adv-header-id-meta":"","stick-header-meta":"","header-above-stick-meta":"","header-main-stick-meta":"","header-below-stick-meta":"","astra-migrate-meta-layouts":"default","ast-page-background-enabled":"default","ast-page-background-meta":{"desktop":{"background-color":"var(--ast-global-color-4)","background-image":"","background-repeat":"repeat","background-position":"center center","background-size":"auto","background-attachment":"scroll","background-type":"","background-media":"","overlay-type":"","overlay-color":"","overlay-opacity":"","overlay-gradient":""},"tablet":{"background-color":"","background-image":"","background-repeat":"repeat","background-position":"center center","background-size":"auto","background-attachment":"scroll","background-type":"","background-media":"","overlay-type":"","overlay-color":"","overlay-opacity":"","overlay-gradient":""},"mobile":{"background-color":"","background-image":"","background-repeat":"repeat","background-position":"center center","background-size":"auto","background-attachment":"scroll","background-type":"","background-media":"","overlay-type":"","overlay-color":"","overlay-opacity":"","overlay-gradient":""}},"ast-content-background-meta":{"desktop":{"background-color":"var(--ast-global-color-5)","background-image":"","background-repeat":"repeat","background-position":"center center","background-size":"auto","background-attachment":"scroll","background-type":"","background-media":"","overlay-type":"","overlay-color":"","overlay-opacity":"","overlay-gradient":""},"tablet":{"background-color":"var(--ast-global-color-5)","background-image":"","background-repeat":"repeat","background-position":"center center","background-size":"auto","background-attachment":"scroll","background-type":"","background-media":"","overlay-type":"","overlay-color":"","overlay-opacity":"","overlay-gradient":""},"mobile":{"background-color":"var(--ast-global-color-5)","background-image":"","background-repeat":"repeat","background-position":"center center","background-size":"auto","background-attachment":"scroll","background-type":"","background-media":"","overlay-type":"","overlay-color":"","overlay-opacity":"","overlay-gradient":""}},"footnotes":""},"categories":[32],"tags":[2613,162,602,523,96,2747,814,2194],"class_list":["post-29682","post","type-post","status-publish","format-standard","has-post-thumbnail","hentry","category-noticies-farmacia","tag-canal-salut","tag-consejo-general-de-colegios-farmaceuticos","tag-oms","tag-professionals-sanitaris","tag-salut-publica","tag-setmana-internacional-de-la-immunitzacio","tag-vacunacio","tag-vacunes"],"yoast_head":"<!-- This site is optimized with the Yoast SEO plugin v22.4 - https:\/\/yoast.com\/wordpress\/plugins\/seo\/ -->\n<title>Setmana Internacional de la Immunitzaci\u00f3: del 24 al 30 d&#039;abril - Col\u00b7legi de Farmac\u00e8utics de Barcelona<\/title>\n<meta name=\"description\" content=\"Setmana Internacional de la Immunitzaci\u00f3: del 24 al 30 d&#039;abril\" \/>\n<meta name=\"robots\" content=\"index, follow, max-snippet:-1, max-image-preview:large, max-video-preview:-1\" \/>\n<link rel=\"canonical\" href=\"https:\/\/novaorg.cofb.net\/2017\/04\/26\/setmana-internacional-de-la-immunitzacio-del-24-al-30-dabril\/\" \/>\n<meta property=\"og:locale\" content=\"es_ES\" \/>\n<meta property=\"og:type\" content=\"article\" \/>\n<meta property=\"og:title\" content=\"Setmana Internacional de la Immunitzaci\u00f3: del 24 al 30 d&#039;abril - Col\u00b7legi de Farmac\u00e8utics de Barcelona\" \/>\n<meta property=\"og:description\" content=\"Setmana Internacional de la Immunitzaci\u00f3: del 24 al 30 d&#039;abril\" \/>\n<meta property=\"og:url\" content=\"https:\/\/novaorg.cofb.net\/2017\/04\/26\/setmana-internacional-de-la-immunitzacio-del-24-al-30-dabril\/\" \/>\n<meta property=\"og:site_name\" content=\"Col\u00b7legi de Farmac\u00e8utics de Barcelona\" \/>\n<meta property=\"article:publisher\" content=\"https:\/\/www.facebook.com\/farmaceuticsbcn\/\" \/>\n<meta property=\"article:published_time\" content=\"2017-04-26T15:37:09+00:00\" \/>\n<meta name=\"author\" content=\"wpAdminCofbOrg\" \/>\n<meta name=\"twitter:card\" content=\"summary_large_image\" \/>\n<meta name=\"twitter:creator\" content=\"@farmaceuticsbcn\" \/>\n<meta name=\"twitter:site\" content=\"@farmaceuticsbcn\" \/>\n<meta name=\"twitter:label1\" content=\"Escrito por\" \/>\n\t<meta name=\"twitter:data1\" content=\"wpAdminCofbOrg\" \/>\n\t<meta name=\"twitter:label2\" content=\"Tiempo de lectura\" \/>\n\t<meta name=\"twitter:data2\" content=\"4 minutos\" \/>\n<script type=\"application\/ld+json\" class=\"yoast-schema-graph\">{\"@context\":\"https:\/\/schema.org\",\"@graph\":[{\"@type\":\"Article\",\"@id\":\"https:\/\/novaorg.cofb.net\/2017\/04\/26\/setmana-internacional-de-la-immunitzacio-del-24-al-30-dabril\/#article\",\"isPartOf\":{\"@id\":\"https:\/\/novaorg.cofb.net\/2017\/04\/26\/setmana-internacional-de-la-immunitzacio-del-24-al-30-dabril\/\"},\"author\":{\"name\":\"wpAdminCofbOrg\",\"@id\":\"https:\/\/www.cofb.org\/#\/schema\/person\/22ed7eea88da74b0fa4d3154ad87ffcb\"},\"headline\":\"Setmana Internacional de la Immunitzaci\u00f3: del 24 al 30 d&#8217;abril\",\"datePublished\":\"2017-04-26T15:37:09+00:00\",\"dateModified\":\"2017-04-26T15:37:09+00:00\",\"mainEntityOfPage\":{\"@id\":\"https:\/\/novaorg.cofb.net\/2017\/04\/26\/setmana-internacional-de-la-immunitzacio-del-24-al-30-dabril\/\"},\"wordCount\":769,\"commentCount\":0,\"publisher\":{\"@id\":\"https:\/\/www.cofb.org\/#organization\"},\"image\":{\"@id\":\"https:\/\/novaorg.cofb.net\/2017\/04\/26\/setmana-internacional-de-la-immunitzacio-del-24-al-30-dabril\/#primaryimage\"},\"thumbnailUrl\":\"\",\"keywords\":[\"Canal Salut\",\"Consejo General de Colegios Farmac\u00e9uticos\",\"OMS\",\"professionals sanitaris\",\"Salut p\u00fablica\",\"setmana internacional de la immunitzaci\u00f3\",\"vacunaci\u00f3\",\"vacunes\"],\"articleSection\":[\"Not\u00edcies farm\u00e0cia\"],\"inLanguage\":\"es\",\"potentialAction\":[{\"@type\":\"CommentAction\",\"name\":\"Comment\",\"target\":[\"https:\/\/novaorg.cofb.net\/2017\/04\/26\/setmana-internacional-de-la-immunitzacio-del-24-al-30-dabril\/#respond\"]}]},{\"@type\":\"WebPage\",\"@id\":\"https:\/\/novaorg.cofb.net\/2017\/04\/26\/setmana-internacional-de-la-immunitzacio-del-24-al-30-dabril\/\",\"url\":\"https:\/\/novaorg.cofb.net\/2017\/04\/26\/setmana-internacional-de-la-immunitzacio-del-24-al-30-dabril\/\",\"name\":\"Setmana Internacional de la Immunitzaci\u00f3: del 24 al 30 d'abril - Col\u00b7legi de Farmac\u00e8utics de Barcelona\",\"isPartOf\":{\"@id\":\"https:\/\/www.cofb.org\/#website\"},\"primaryImageOfPage\":{\"@id\":\"https:\/\/novaorg.cofb.net\/2017\/04\/26\/setmana-internacional-de-la-immunitzacio-del-24-al-30-dabril\/#primaryimage\"},\"image\":{\"@id\":\"https:\/\/novaorg.cofb.net\/2017\/04\/26\/setmana-internacional-de-la-immunitzacio-del-24-al-30-dabril\/#primaryimage\"},\"thumbnailUrl\":\"\",\"datePublished\":\"2017-04-26T15:37:09+00:00\",\"dateModified\":\"2017-04-26T15:37:09+00:00\",\"description\":\"Setmana Internacional de la Immunitzaci\u00f3: del 24 al 30 d'abril\",\"breadcrumb\":{\"@id\":\"https:\/\/novaorg.cofb.net\/2017\/04\/26\/setmana-internacional-de-la-immunitzacio-del-24-al-30-dabril\/#breadcrumb\"},\"inLanguage\":\"es\",\"potentialAction\":[{\"@type\":\"ReadAction\",\"target\":[\"https:\/\/novaorg.cofb.net\/2017\/04\/26\/setmana-internacional-de-la-immunitzacio-del-24-al-30-dabril\/\"]}]},{\"@type\":\"ImageObject\",\"inLanguage\":\"es\",\"@id\":\"https:\/\/novaorg.cofb.net\/2017\/04\/26\/setmana-internacional-de-la-immunitzacio-del-24-al-30-dabril\/#primaryimage\",\"url\":\"\",\"contentUrl\":\"\"},{\"@type\":\"BreadcrumbList\",\"@id\":\"https:\/\/novaorg.cofb.net\/2017\/04\/26\/setmana-internacional-de-la-immunitzacio-del-24-al-30-dabril\/#breadcrumb\",\"itemListElement\":[{\"@type\":\"ListItem\",\"position\":1,\"name\":\"Inici\",\"item\":\"https:\/\/novaorg.cofb.net\/\"},{\"@type\":\"ListItem\",\"position\":2,\"name\":\"Setmana Internacional de la Immunitzaci\u00f3: del 24 al 30 d&#8217;abril\"}]},{\"@type\":\"WebSite\",\"@id\":\"https:\/\/www.cofb.org\/#website\",\"url\":\"https:\/\/www.cofb.org\/\",\"name\":\"Col\u00b7legi de Farmac\u00e8utics de Barcelona\",\"description\":\"\",\"publisher\":{\"@id\":\"https:\/\/www.cofb.org\/#organization\"},\"potentialAction\":[{\"@type\":\"SearchAction\",\"target\":{\"@type\":\"EntryPoint\",\"urlTemplate\":\"https:\/\/www.cofb.org\/?s={search_term_string}\"},\"query-input\":\"required name=search_term_string\"}],\"inLanguage\":\"es\"},{\"@type\":\"Organization\",\"@id\":\"https:\/\/www.cofb.org\/#organization\",\"name\":\"Col\u00b7legi de Farmac\u00e8utics de Barcelona\",\"url\":\"https:\/\/www.cofb.org\/\",\"logo\":{\"@type\":\"ImageObject\",\"inLanguage\":\"es\",\"@id\":\"https:\/\/www.cofb.org\/#\/schema\/logo\/image\/\",\"url\":\"https:\/\/www.cofb.org\/wp-content\/uploads\/2023\/11\/cropped-Logotip-COFB.png\",\"contentUrl\":\"https:\/\/www.cofb.org\/wp-content\/uploads\/2023\/11\/cropped-Logotip-COFB.png\",\"width\":500,\"height\":105,\"caption\":\"Col\u00b7legi de Farmac\u00e8utics de Barcelona\"},\"image\":{\"@id\":\"https:\/\/www.cofb.org\/#\/schema\/logo\/image\/\"},\"sameAs\":[\"https:\/\/www.facebook.com\/farmaceuticsbcn\/\",\"https:\/\/twitter.com\/farmaceuticsbcn\",\"https:\/\/www.instagram.com\/farmaceuticsbcn\/\",\"https:\/\/www.linkedin.com\/company\/farmaceuticsbcn\/\"]},{\"@type\":\"Person\",\"@id\":\"https:\/\/www.cofb.org\/#\/schema\/person\/22ed7eea88da74b0fa4d3154ad87ffcb\",\"name\":\"wpAdminCofbOrg\",\"image\":{\"@type\":\"ImageObject\",\"inLanguage\":\"es\",\"@id\":\"https:\/\/www.cofb.org\/#\/schema\/person\/image\/\",\"url\":\"https:\/\/secure.gravatar.com\/avatar\/1721b20b3b8ca882c3b56ec6c978c594fff670e40c0718e9190eaeeb76aae7d8?s=96&d=mm&r=g\",\"contentUrl\":\"https:\/\/secure.gravatar.com\/avatar\/1721b20b3b8ca882c3b56ec6c978c594fff670e40c0718e9190eaeeb76aae7d8?s=96&d=mm&r=g\",\"caption\":\"wpAdminCofbOrg\"},\"sameAs\":[\"http:\/\/192.168.64.122\/wordpress\"],\"url\":\"https:\/\/www.cofb.org\/es\/author\/wpadmincofborg\/\"}]}<\/script>\n<!-- \/ Yoast SEO plugin. -->","yoast_head_json":{"title":"Setmana Internacional de la Immunitzaci\u00f3: del 24 al 30 d'abril - Col\u00b7legi de Farmac\u00e8utics de Barcelona","description":"Setmana Internacional de la Immunitzaci\u00f3: del 24 al 30 d'abril","robots":{"index":"index","follow":"follow","max-snippet":"max-snippet:-1","max-image-preview":"max-image-preview:large","max-video-preview":"max-video-preview:-1"},"canonical":"https:\/\/novaorg.cofb.net\/2017\/04\/26\/setmana-internacional-de-la-immunitzacio-del-24-al-30-dabril\/","og_locale":"es_ES","og_type":"article","og_title":"Setmana Internacional de la Immunitzaci\u00f3: del 24 al 30 d'abril - Col\u00b7legi de Farmac\u00e8utics de Barcelona","og_description":"Setmana Internacional de la Immunitzaci\u00f3: del 24 al 30 d'abril","og_url":"https:\/\/novaorg.cofb.net\/2017\/04\/26\/setmana-internacional-de-la-immunitzacio-del-24-al-30-dabril\/","og_site_name":"Col\u00b7legi de Farmac\u00e8utics de Barcelona","article_publisher":"https:\/\/www.facebook.com\/farmaceuticsbcn\/","article_published_time":"2017-04-26T15:37:09+00:00","author":"wpAdminCofbOrg","twitter_card":"summary_large_image","twitter_creator":"@farmaceuticsbcn","twitter_site":"@farmaceuticsbcn","twitter_misc":{"Escrito por":"wpAdminCofbOrg","Tiempo de lectura":"4 minutos"},"schema":{"@context":"https:\/\/schema.org","@graph":[{"@type":"Article","@id":"https:\/\/novaorg.cofb.net\/2017\/04\/26\/setmana-internacional-de-la-immunitzacio-del-24-al-30-dabril\/#article","isPartOf":{"@id":"https:\/\/novaorg.cofb.net\/2017\/04\/26\/setmana-internacional-de-la-immunitzacio-del-24-al-30-dabril\/"},"author":{"name":"wpAdminCofbOrg","@id":"https:\/\/www.cofb.org\/#\/schema\/person\/22ed7eea88da74b0fa4d3154ad87ffcb"},"headline":"Setmana Internacional de la Immunitzaci\u00f3: del 24 al 30 d&#8217;abril","datePublished":"2017-04-26T15:37:09+00:00","dateModified":"2017-04-26T15:37:09+00:00","mainEntityOfPage":{"@id":"https:\/\/novaorg.cofb.net\/2017\/04\/26\/setmana-internacional-de-la-immunitzacio-del-24-al-30-dabril\/"},"wordCount":769,"commentCount":0,"publisher":{"@id":"https:\/\/www.cofb.org\/#organization"},"image":{"@id":"https:\/\/novaorg.cofb.net\/2017\/04\/26\/setmana-internacional-de-la-immunitzacio-del-24-al-30-dabril\/#primaryimage"},"thumbnailUrl":"","keywords":["Canal Salut","Consejo General de Colegios Farmac\u00e9uticos","OMS","professionals sanitaris","Salut p\u00fablica","setmana internacional de la immunitzaci\u00f3","vacunaci\u00f3","vacunes"],"articleSection":["Not\u00edcies farm\u00e0cia"],"inLanguage":"es","potentialAction":[{"@type":"CommentAction","name":"Comment","target":["https:\/\/novaorg.cofb.net\/2017\/04\/26\/setmana-internacional-de-la-immunitzacio-del-24-al-30-dabril\/#respond"]}]},{"@type":"WebPage","@id":"https:\/\/novaorg.cofb.net\/2017\/04\/26\/setmana-internacional-de-la-immunitzacio-del-24-al-30-dabril\/","url":"https:\/\/novaorg.cofb.net\/2017\/04\/26\/setmana-internacional-de-la-immunitzacio-del-24-al-30-dabril\/","name":"Setmana Internacional de la Immunitzaci\u00f3: del 24 al 30 d'abril - Col\u00b7legi de Farmac\u00e8utics de Barcelona","isPartOf":{"@id":"https:\/\/www.cofb.org\/#website"},"primaryImageOfPage":{"@id":"https:\/\/novaorg.cofb.net\/2017\/04\/26\/setmana-internacional-de-la-immunitzacio-del-24-al-30-dabril\/#primaryimage"},"image":{"@id":"https:\/\/novaorg.cofb.net\/2017\/04\/26\/setmana-internacional-de-la-immunitzacio-del-24-al-30-dabril\/#primaryimage"},"thumbnailUrl":"","datePublished":"2017-04-26T15:37:09+00:00","dateModified":"2017-04-26T15:37:09+00:00","description":"Setmana Internacional de la Immunitzaci\u00f3: del 24 al 30 d'abril","breadcrumb":{"@id":"https:\/\/novaorg.cofb.net\/2017\/04\/26\/setmana-internacional-de-la-immunitzacio-del-24-al-30-dabril\/#breadcrumb"},"inLanguage":"es","potentialAction":[{"@type":"ReadAction","target":["https:\/\/novaorg.cofb.net\/2017\/04\/26\/setmana-internacional-de-la-immunitzacio-del-24-al-30-dabril\/"]}]},{"@type":"ImageObject","inLanguage":"es","@id":"https:\/\/novaorg.cofb.net\/2017\/04\/26\/setmana-internacional-de-la-immunitzacio-del-24-al-30-dabril\/#primaryimage","url":"","contentUrl":""},{"@type":"BreadcrumbList","@id":"https:\/\/novaorg.cofb.net\/2017\/04\/26\/setmana-internacional-de-la-immunitzacio-del-24-al-30-dabril\/#breadcrumb","itemListElement":[{"@type":"ListItem","position":1,"name":"Inici","item":"https:\/\/novaorg.cofb.net\/"},{"@type":"ListItem","position":2,"name":"Setmana Internacional de la Immunitzaci\u00f3: del 24 al 30 d&#8217;abril"}]},{"@type":"WebSite","@id":"https:\/\/www.cofb.org\/#website","url":"https:\/\/www.cofb.org\/","name":"Col\u00b7legi de Farmac\u00e8utics de Barcelona","description":"","publisher":{"@id":"https:\/\/www.cofb.org\/#organization"},"potentialAction":[{"@type":"SearchAction","target":{"@type":"EntryPoint","urlTemplate":"https:\/\/www.cofb.org\/?s={search_term_string}"},"query-input":"required name=search_term_string"}],"inLanguage":"es"},{"@type":"Organization","@id":"https:\/\/www.cofb.org\/#organization","name":"Col\u00b7legi de Farmac\u00e8utics de Barcelona","url":"https:\/\/www.cofb.org\/","logo":{"@type":"ImageObject","inLanguage":"es","@id":"https:\/\/www.cofb.org\/#\/schema\/logo\/image\/","url":"https:\/\/www.cofb.org\/wp-content\/uploads\/2023\/11\/cropped-Logotip-COFB.png","contentUrl":"https:\/\/www.cofb.org\/wp-content\/uploads\/2023\/11\/cropped-Logotip-COFB.png","width":500,"height":105,"caption":"Col\u00b7legi de Farmac\u00e8utics de Barcelona"},"image":{"@id":"https:\/\/www.cofb.org\/#\/schema\/logo\/image\/"},"sameAs":["https:\/\/www.facebook.com\/farmaceuticsbcn\/","https:\/\/twitter.com\/farmaceuticsbcn","https:\/\/www.instagram.com\/farmaceuticsbcn\/","https:\/\/www.linkedin.com\/company\/farmaceuticsbcn\/"]},{"@type":"Person","@id":"https:\/\/www.cofb.org\/#\/schema\/person\/22ed7eea88da74b0fa4d3154ad87ffcb","name":"wpAdminCofbOrg","image":{"@type":"ImageObject","inLanguage":"es","@id":"https:\/\/www.cofb.org\/#\/schema\/person\/image\/","url":"https:\/\/secure.gravatar.com\/avatar\/1721b20b3b8ca882c3b56ec6c978c594fff670e40c0718e9190eaeeb76aae7d8?s=96&d=mm&r=g","contentUrl":"https:\/\/secure.gravatar.com\/avatar\/1721b20b3b8ca882c3b56ec6c978c594fff670e40c0718e9190eaeeb76aae7d8?s=96&d=mm&r=g","caption":"wpAdminCofbOrg"},"sameAs":["http:\/\/192.168.64.122\/wordpress"],"url":"https:\/\/www.cofb.org\/es\/author\/wpadmincofborg\/"}]}},"uagb_featured_image_src":{"full":false,"thumbnail":false,"medium":false,"medium_large":false,"large":false,"1536x1536":false,"2048x2048":false,"trp-custom-language-flag":false},"uagb_author_info":{"display_name":"wpAdminCofbOrg","author_link":"https:\/\/www.cofb.org\/es\/author\/wpadmincofborg\/"},"uagb_comment_info":0,"uagb_excerpt":"Del dia 24 al 30 d\u2019abril se celebra la Setmana Internacional de la Immunitzaci\u00f3, una iniciativa promoguda per l\u2019Organitzaci\u00f3 Mundial de la Salut (OMS), amb el lema: \u201cLes vacunes funcionen\u201d (#VaccinesWork). Aquest any la Setmana se centra en la gran import\u00e0ncia que t\u00e9 la vacunaci\u00f3 durant tota la vida i [&hellip;]","_links":{"self":[{"href":"https:\/\/www.cofb.org\/es\/wp-json\/wp\/v2\/posts\/29682","targetHints":{"allow":["GET"]}}],"collection":[{"href":"https:\/\/www.cofb.org\/es\/wp-json\/wp\/v2\/posts"}],"about":[{"href":"https:\/\/www.cofb.org\/es\/wp-json\/wp\/v2\/types\/post"}],"author":[{"embeddable":true,"href":"https:\/\/www.cofb.org\/es\/wp-json\/wp\/v2\/users\/1"}],"replies":[{"embeddable":true,"href":"https:\/\/www.cofb.org\/es\/wp-json\/wp\/v2\/comments?post=29682"}],"version-history":[{"count":0,"href":"https:\/\/www.cofb.org\/es\/wp-json\/wp\/v2\/posts\/29682\/revisions"}],"wp:featuredmedia":[{"embeddable":true,"href":"https:\/\/www.cofb.org\/es\/wp-json\/"}],"wp:attachment":[{"href":"https:\/\/www.cofb.org\/es\/wp-json\/wp\/v2\/media?parent=29682"}],"wp:term":[{"taxonomy":"category","embeddable":true,"href":"https:\/\/www.cofb.org\/es\/wp-json\/wp\/v2\/categories?post=29682"},{"taxonomy":"post_tag","embeddable":true,"href":"https:\/\/www.cofb.org\/es\/wp-json\/wp\/v2\/tags?post=29682"}],"curies":[{"name":"wp","href":"https:\/\/api.w.org\/{rel}","templated":true}]}}