{"id":29557,"date":"2017-04-27T10:33:40","date_gmt":"2017-04-27T09:33:40","guid":{"rendered":"http:\/\/blog.cofb.cat\/?p=29557"},"modified":"2017-04-27T10:33:40","modified_gmt":"2017-04-27T09:33:40","slug":"la-figura-del-farmaceutic-necessaria-en-la-ruta-assistencial-de-la-insuficiencia-cardiaca-la-fibril%c2%b7lacio-auricular","status":"publish","type":"post","link":"https:\/\/www.cofb.org\/es\/2017\/04\/27\/la-figura-del-farmaceutic-necessaria-en-la-ruta-assistencial-de-la-insuficiencia-cardiaca-la-fibril%c2%b7lacio-auricular\/","title":{"rendered":"La figura del farmac\u00e9utico, necesaria en la ruta asistencial de la insuficiencia card\u00edaca y la fibrilaci\u00f3n auricular"},"content":{"rendered":"<figure id=\"attachment_29564\" aria-describedby=\"caption-attachment-29564\" style=\"width: 268px\" class=\"wp-caption alignleft\"><a href=\"http:\/\/blog.cofb.cat\/wp-content\/uploads\/2017\/04\/curs_IC-2.jpg\"><img decoding=\"async\" class=\"wp-image-29564\" title=\"La figura del farmac\u00e9utico, necesaria en la ruta asistencial de la insuficiencia card\u00edaca y la fibrilaci\u00f3n auricular\" alt=\"curs_IC (2)\" src=\"http:\/\/blog.cofb.cat\/wp-content\/uploads\/2017\/04\/curs_IC-2-1024x683.jpg\" width=\"268\" height=\"178\" \/><\/a><figcaption id=\"caption-attachment-29564\" class=\"wp-caption-text\">Guillermo Bagar\u00eda, vicetesorero del COFB, present\u00f3 el curso<\/figcaption><\/figure>\n<p><b>Es necesario que el farmac\u00e9utico de los distintos \u00e1mbitos asistenciales se integre, junto con el resto de profesionales sanitarios, en la ruta asistencial de la insuficiencia card\u00edaca y la fibrilaci\u00f3n auricular. <\/b>Es una de las conclusiones a las que se lleg\u00f3 a la<b> formaci\u00f3n organizada por el COF de Barcelona, junto a la <a href=\"http:\/\/www.scfarmclin.org\/\" target=\"_blank\" rel=\"noopener\">Sociedad Catalana de Farmacia Cl\u00ednica<\/a>, sobre los pacientes con insuficiencia card\u00edaca (IC).<\/b> Durante el curso, impartido por <b>agentes de salud de diferentes \u00e1mbitos \u2013<\/b>m\u00e9dicos de atenci\u00f3n primaria, cardi\u00f3logos, geriatras, enfermeras, farmac\u00e9uticos hospitalarios, farmac\u00e9uticos de atenci\u00f3n primaria y farmac\u00e9uticos comunitarios- tambi\u00e9n <b>se destac\u00f3 la importancia de la coordinaci\u00f3n entre los distintos profesionales sanitarios a la hora de abordar este tipo de pacientes. <\/b><\/p>\n<p><b><div class=\"box shadow\">Recomendaciones de salud para prevenir la insuficiencia card\u00edaca y detectar problemas relacionados con la medicaci\u00f3n, dos de los objetivos del curso<\/b><\/p>\n<p>Alrededor de un centenar de farmac\u00e9uticos se formaron en este curso, patrocinado por <a href=\"https:\/\/www.novartis.es\/\" target=\"_blank\" rel=\"noopener\">Novartis<\/a>, que tuvo lugar el pasado 6 de abril y estuvo coordinado por<strong> Antonio S\u00e1nchez<\/strong>, jefe de Servicio de Cardiolog\u00eda del Consorcio Sanitario de Terrassa; <strong>Roser Vall\u00e8s<\/strong>, vocal de Atenci\u00f3n Primaria del COFB; <strong>Guillermo Bagar\u00eda<\/strong>, vicetesorero del COFB; <strong>Cristina Roure<\/strong>, vocal de Hospitales del COFB; y <strong>Julio Mart\u00ednez<\/strong>, presidente de la Sociedad Catalana de Farmacia Cl\u00ednica (SCFC).<\/p>\n<p>A lo largo de cuatro horas, los alumnos pudieron <b>profundizar conocimientos ante cuestiones como cu\u00e1les son las recomendaciones de salud y estilo de vida \u00f3ptimo para prevenir o retrasar la aparici\u00f3n de la insuficiencia card\u00edaca<\/b>; <b>los tratamientos farmacoterap\u00e9uticos indicados;<\/b> <b>la evidencia cient\u00edfica de cada tratamiento y la combinaci\u00f3n de estos f\u00e1rmacos<\/b>;<b> la detecci\u00f3n de problemas relacionados con los medicamentos (PRM)<\/b> (las interacciones, la dificultad de adherencia y el incumplimiento terap\u00e9utico, entre otros); as\u00ed como <b>el debate sobre c\u00f3mo integrar y mejorar la comunicaci\u00f3n y la coordinaci\u00f3n del equipo asistencial para mejorar la calidad de vida del paciente con IC.<\/b> Asimismo, tambi\u00e9n se cont\u00f3 con la participaci\u00f3n de una paciente cr\u00f3nica, miembro del programa de pacientes expertos de IC del Departamento de Salud, que dio su testimonio de su paso por el proceso asistencial, desde el diagn\u00f3stico hasta fases avanzadas de la enfermedad.<b><\/div><\/b><\/p>\n<figure id=\"attachment_29565\" aria-describedby=\"caption-attachment-29565\" style=\"width: 268px\" class=\"wp-caption alignleft\"><a href=\"http:\/\/blog.cofb.cat\/wp-content\/uploads\/2017\/04\/curs_IC-3.jpg\"><img decoding=\"async\" class=\"wp-image-29565\" title=\"La figura del farmac\u00e9utico, necesaria en la ruta asistencial de la insuficiencia card\u00edaca y la fibrilaci\u00f3n auricular\" alt=\"curs_IC (3)\" src=\"http:\/\/blog.cofb.cat\/wp-content\/uploads\/2017\/04\/curs_IC-3-1024x683.jpg\" width=\"268\" height=\"178\" \/><\/a><figcaption id=\"caption-attachment-29565\" class=\"wp-caption-text\">El m\u00e9dico Mariano de la Figuera<\/figcaption><\/figure>\n<figure id=\"attachment_29566\" aria-describedby=\"caption-attachment-29566\" style=\"width: 268px\" class=\"wp-caption alignleft\"><a href=\"http:\/\/blog.cofb.cat\/wp-content\/uploads\/2017\/04\/curs_IC-4.jpg\"><img decoding=\"async\" class=\"wp-image-29566\" title=\"La figura del farmac\u00e9utico, necesaria en la ruta asistencial de la insuficiencia card\u00edaca y la fibrilaci\u00f3n auricular\" alt=\"curs_IC (4)\" src=\"http:\/\/blog.cofb.cat\/wp-content\/uploads\/2017\/04\/curs_IC-4-1024x683.jpg\" width=\"268\" height=\"178\" \/><\/a><figcaption id=\"caption-attachment-29566\" class=\"wp-caption-text\">El cardi\u00f3logo Roman Freixa<\/figcaption><\/figure>\n<figure id=\"attachment_29567\" aria-describedby=\"caption-attachment-29567\" style=\"width: 268px\" class=\"wp-caption alignleft\"><a href=\"http:\/\/blog.cofb.cat\/wp-content\/uploads\/2017\/04\/curs_IC-5.jpg\"><img loading=\"lazy\" decoding=\"async\" class=\"wp-image-29567\" title=\"La figura del farmac\u00e9utico, necesaria en la ruta asistencial de la insuficiencia card\u00edaca y la fibrilaci\u00f3n auricular\" alt=\"curs_IC (5)\" src=\"http:\/\/blog.cofb.cat\/wp-content\/uploads\/2017\/04\/curs_IC-5-1024x683.jpg\" width=\"268\" height=\"178\" \/><\/a><figcaption id=\"caption-attachment-29567\" class=\"wp-caption-text\">La farmac\u00e9utica Montserrat Iracheta<\/figcaption><\/figure>\n<figure id=\"attachment_29569\" aria-describedby=\"caption-attachment-29569\" style=\"width: 268px\" class=\"wp-caption alignleft\"><a href=\"http:\/\/blog.cofb.cat\/wp-content\/uploads\/2017\/04\/curs_IC-7.jpg\"><img loading=\"lazy\" decoding=\"async\" class=\"wp-image-29569\" title=\"La figura del farmac\u00e9utico, necesaria en la ruta asistencial de la insuficiencia card\u00edaca y la fibrilaci\u00f3n auricular\" alt=\"curs_IC (7)\" src=\"http:\/\/blog.cofb.cat\/wp-content\/uploads\/2017\/04\/curs_IC-7-1024x683.jpg\" width=\"268\" height=\"178\" \/><\/a><figcaption id=\"caption-attachment-29569\" class=\"wp-caption-text\">La farmac\u00e9utica Mariona Roca<\/figcaption><\/figure>\n<p>&nbsp;<\/p>\n<p>&nbsp;<\/p>\n<p>&nbsp;<\/p>\n<p>&nbsp;<\/p>\n<p>&nbsp;<\/p>\n<p>&nbsp;<\/p>\n<p>&nbsp;<\/p>\n<p>&nbsp;<\/p>\n<p>&nbsp;<\/p>\n<p>&nbsp;<\/p>\n<p>&nbsp;<\/p>\n<p>&nbsp;<\/p>\n<p>El cuadro docente estuvo formado por <strong>Montserrat Brugada<\/strong>, enfermera, gesti\u00f3n de casos en la UGAP 3-4 de Santa Coloma de Gramenet; <strong>Mariano De la Figuera<\/strong>, m\u00e9dico de familia del EAP Cerde\u00f1a de Barcelona; <strong>Mercedes Fernandez,<\/strong> paciente cr\u00f3nica experta; <strong>Permanece Freixa<\/strong>, cardi\u00f3logo, jefe del Servicio de Cardiolog\u00eda del Hospital Mois\u00e8s Broggi de San Juan Desp\u00ed\/Hospitalet de Llobregat; <strong>\u00a0Montse Iracheta<\/strong>, farmac\u00e9utica comunitaria en Santa Coloma de Gramenet, vocal de la ejecutiva catalana de la SEFAC y profesora asociada de la Facultad de Farmacia (UB); \u00a0<strong>N\u00faria Molist<\/strong>, geriatra del Hospital de la Santa Cruz de Vic; <strong>Mariona Roca<\/strong>, farmac\u00e9utica de atenci\u00f3n primaria del Consorcio Sanitario de Terrassa-Servicio de farmacia integral; y <strong>Salvador Tous<\/strong>, farmac\u00e9utico comunitario en Barcelona, vocal de la ejecutiva catalana de la SEFAC y m\u00e1ster de informaci\u00f3n y consejo sanitario en la oficina de farmacia.<\/p>\n<p><b>El aparato circulatorio, una de las prioridades del Plan de Salud 2016-2020<\/b><\/p>\n<p>De acuerdo con los objetivos del <a href=\"http:\/\/salutweb.gencat.cat\/ca\/el_departament\/Pla_salut\/pla-de-salut-2016-2020\/\" target=\"_blank\" rel=\"noopener\">Plan de Salud 2016-2020<\/a> del Departamento de Salud, los principales retos a desarrollar deben servir para dar respuesta a las necesidades de salud de la poblaci\u00f3n y trabajar por la consolidaci\u00f3n de un sistema sanitario centrado en las personas. <b>Entre las \u00e1reas que prioriza el nuevo Plan se encuentra el aparato circulatorio,<\/b> tanto el cardiovascular como el cerebrovascular, es por eso que <b>debe ponerse al alcance de los profesionales herramientas para adquirir, mantener y potenciar las competencias necesarias para llevar a cabo las actuaciones definidas en este Plan. <\/b><\/p>\n<p><b>Un ejemplo de \u00e9xito de la participaci\u00f3n del farmac\u00e9utico en la ruta asistencial de la fibrilaci\u00f3n auricular es la <a href=\"http:\/\/blog.cofb.cat\/ultims-dies-de-la-campanya-pren-te-el-pols-abans-de-la-marato\/\" target=\"_blank\" rel=\"noopener\">campa\u00f1a \u201cT\u00f3mate el pulso\u201d<\/a>,<\/b> organizada por el Departamento de Salud, la Fundaci\u00f3n Ictus y el Consejo de Colegios Farmac\u00e9uticos de Catalunya. En el marco de esta iniciativa, <b>370 farmacias comunitarias, 40 ayuntamientos y 105 centros de salud trabajaron conjuntamente para mejorar la detecci\u00f3n, diagn\u00f3stico y tratamiento de la arritmia card\u00edaca, contribuyendo as\u00ed a prevenir el ictus, <\/b>considerada la primera causa de muerte en las mujeres y la tercera en los varones.<\/p>\n<p><span style=\"color: #888888;\"><strong>Nota de prensa enviada a los medios de comunicaci\u00f3n. Tambi\u00e9n se puede consultar en la <a href=\"http:\/\/www.cofb.org\/es\/web\/guest\/Noticia\/-\/journal_content\/56_INSTANCE_V6ao\/10136\/983626\/\" target=\"_blank\" rel=\"noopener\">Sala de Prensa <\/a>de la web institucional.<\/strong><\/span><\/p>","protected":false},"excerpt":{"rendered":"<p>Es necesario que el farmac\u00e9utico de los distintos \u00e1mbitos asistenciales se integre, junto con el resto de profesionales sanitarios, en la ruta asistencial de la insuficiencia card\u00edaca y la fibrilaci\u00f3n auricular. Es una de las conclusiones a las que se lleg\u00f3 a la formaci\u00f3n organizada por el COF de Barcelona, junto a [\u2026]<\/p>","protected":false},"author":1,"featured_media":29733,"comment_status":"open","ping_status":"open","sticky":false,"template":"","format":"standard","meta":{"_uag_custom_page_level_css":"","site-sidebar-layout":"default","site-content-layout":"","ast-site-content-layout":"default","site-content-style":"default","site-sidebar-style":"default","ast-global-header-display":"","ast-banner-title-visibility":"","ast-main-header-display":"","ast-hfb-above-header-display":"","ast-hfb-below-header-display":"","ast-hfb-mobile-header-display":"","site-post-title":"","ast-breadcrumbs-content":"","ast-featured-img":"disabled","footer-sml-layout":"","theme-transparent-header-meta":"","adv-header-id-meta":"","stick-header-meta":"","header-above-stick-meta":"","header-main-stick-meta":"","header-below-stick-meta":"","astra-migrate-meta-layouts":"default","ast-page-background-enabled":"default","ast-page-background-meta":{"desktop":{"background-color":"var(--ast-global-color-4)","background-image":"","background-repeat":"repeat","background-position":"center center","background-size":"auto","background-attachment":"scroll","background-type":"","background-media":"","overlay-type":"","overlay-color":"","overlay-opacity":"","overlay-gradient":""},"tablet":{"background-color":"","background-image":"","background-repeat":"repeat","background-position":"center center","background-size":"auto","background-attachment":"scroll","background-type":"","background-media":"","overlay-type":"","overlay-color":"","overlay-opacity":"","overlay-gradient":""},"mobile":{"background-color":"","background-image":"","background-repeat":"repeat","background-position":"center center","background-size":"auto","background-attachment":"scroll","background-type":"","background-media":"","overlay-type":"","overlay-color":"","overlay-opacity":"","overlay-gradient":""}},"ast-content-background-meta":{"desktop":{"background-color":"var(--ast-global-color-5)","background-image":"","background-repeat":"repeat","background-position":"center center","background-size":"auto","background-attachment":"scroll","background-type":"","background-media":"","overlay-type":"","overlay-color":"","overlay-opacity":"","overlay-gradient":""},"tablet":{"background-color":"var(--ast-global-color-5)","background-image":"","background-repeat":"repeat","background-position":"center center","background-size":"auto","background-attachment":"scroll","background-type":"","background-media":"","overlay-type":"","overlay-color":"","overlay-opacity":"","overlay-gradient":""},"mobile":{"background-color":"var(--ast-global-color-5)","background-image":"","background-repeat":"repeat","background-position":"center center","background-size":"auto","background-attachment":"scroll","background-type":"","background-media":"","overlay-type":"","overlay-color":"","overlay-opacity":"","overlay-gradient":""}},"footnotes":""},"categories":[57],"tags":[2601,24,2580,70,2743,2554,2744,2177,2132,2582,682,2745],"class_list":["post-29557","post","type-post","status-publish","format-standard","has-post-thumbnail","hentry","category-mon-collegial","tag-aritmia-cardiaca","tag-farmaceutics-comunitaris","tag-fibrillacio-auricular","tag-formacio","tag-ic","tag-ictus","tag-insuficiencia-cardiaca","tag-interaccions","tag-pla-de-salut-2016-2020","tag-pren-te-el-pols","tag-prim","tag-prm"],"yoast_head":"<!-- This site is optimized with the Yoast SEO plugin v22.4 - https:\/\/yoast.com\/wordpress\/plugins\/seo\/ -->\n<title>La figura del farmac\u00e8utic, necess\u00e0ria en la ruta assistencial de la insufici\u00e8ncia card\u00edaca i la fibril\u00b7laci\u00f3 auricular<\/title>\n<meta name=\"description\" content=\"La figura del farmac\u00e8utic, necess\u00e0ria en la ruta assistencial de la insufici\u00e8ncia card\u00edaca i la fibril\u00b7laci\u00f3 auricular\" \/>\n<meta name=\"robots\" content=\"index, follow, max-snippet:-1, max-image-preview:large, max-video-preview:-1\" \/>\n<link rel=\"canonical\" href=\"https:\/\/novaorg.cofb.net\/2017\/04\/27\/la-figura-del-farmaceutic-necessaria-en-la-ruta-assistencial-de-la-insuficiencia-cardiaca-la-fibril\u00b7lacio-auricular\/\" \/>\n<meta property=\"og:locale\" content=\"es_ES\" \/>\n<meta property=\"og:type\" content=\"article\" \/>\n<meta property=\"og:title\" content=\"La figura del farmac\u00e8utic, necess\u00e0ria en la ruta assistencial de la insufici\u00e8ncia card\u00edaca i la fibril\u00b7laci\u00f3 auricular\" \/>\n<meta property=\"og:description\" content=\"La figura del farmac\u00e8utic, necess\u00e0ria en la ruta assistencial de la insufici\u00e8ncia card\u00edaca i la fibril\u00b7laci\u00f3 auricular\" \/>\n<meta property=\"og:url\" content=\"https:\/\/novaorg.cofb.net\/2017\/04\/27\/la-figura-del-farmaceutic-necessaria-en-la-ruta-assistencial-de-la-insuficiencia-cardiaca-la-fibril\u00b7lacio-auricular\/\" \/>\n<meta property=\"og:site_name\" content=\"Col\u00b7legi de Farmac\u00e8utics de Barcelona\" \/>\n<meta property=\"article:publisher\" content=\"https:\/\/www.facebook.com\/farmaceuticsbcn\/\" \/>\n<meta property=\"article:published_time\" content=\"2017-04-27T09:33:40+00:00\" \/>\n<meta name=\"author\" content=\"wpAdminCofbOrg\" \/>\n<meta name=\"twitter:card\" content=\"summary_large_image\" \/>\n<meta name=\"twitter:creator\" content=\"@farmaceuticsbcn\" \/>\n<meta name=\"twitter:site\" content=\"@farmaceuticsbcn\" \/>\n<meta name=\"twitter:label1\" content=\"Escrito por\" \/>\n\t<meta name=\"twitter:data1\" content=\"wpAdminCofbOrg\" \/>\n\t<meta name=\"twitter:label2\" content=\"Tiempo de lectura\" \/>\n\t<meta name=\"twitter:data2\" content=\"4 minutos\" \/>\n<script type=\"application\/ld+json\" class=\"yoast-schema-graph\">{\"@context\":\"https:\/\/schema.org\",\"@graph\":[{\"@type\":\"Article\",\"@id\":\"https:\/\/novaorg.cofb.net\/2017\/04\/27\/la-figura-del-farmaceutic-necessaria-en-la-ruta-assistencial-de-la-insuficiencia-cardiaca-la-fibril%c2%b7lacio-auricular\/#article\",\"isPartOf\":{\"@id\":\"https:\/\/novaorg.cofb.net\/2017\/04\/27\/la-figura-del-farmaceutic-necessaria-en-la-ruta-assistencial-de-la-insuficiencia-cardiaca-la-fibril%c2%b7lacio-auricular\/\"},\"author\":{\"name\":\"wpAdminCofbOrg\",\"@id\":\"https:\/\/www.cofb.org\/#\/schema\/person\/22ed7eea88da74b0fa4d3154ad87ffcb\"},\"headline\":\"La figura del farmac\u00e8utic, necess\u00e0ria en la ruta assistencial de la insufici\u00e8ncia card\u00edaca i la fibril\u00b7laci\u00f3 auricular\",\"datePublished\":\"2017-04-27T09:33:40+00:00\",\"dateModified\":\"2017-04-27T09:33:40+00:00\",\"mainEntityOfPage\":{\"@id\":\"https:\/\/novaorg.cofb.net\/2017\/04\/27\/la-figura-del-farmaceutic-necessaria-en-la-ruta-assistencial-de-la-insuficiencia-cardiaca-la-fibril%c2%b7lacio-auricular\/\"},\"wordCount\":880,\"commentCount\":0,\"publisher\":{\"@id\":\"https:\/\/www.cofb.org\/#organization\"},\"image\":{\"@id\":\"https:\/\/novaorg.cofb.net\/2017\/04\/27\/la-figura-del-farmaceutic-necessaria-en-la-ruta-assistencial-de-la-insuficiencia-cardiaca-la-fibril%c2%b7lacio-auricular\/#primaryimage\"},\"thumbnailUrl\":\"\",\"keywords\":[\"ar\u00edtmia card\u00edaca\",\"farmac\u00e8utics comunitaris\",\"fibril\u00b7laci\u00f3 auricular\",\"Formaci\u00f3\",\"IC\",\"ictus\",\"insufici\u00e8ncia card\u00edaca\",\"interaccions\",\"Pla de Salut 2016-2020\",\"pren-te el pols\",\"prim\",\"PRM\"],\"articleSection\":[\"M\u00f3n col\u00b7legial\"],\"inLanguage\":\"es\",\"potentialAction\":[{\"@type\":\"CommentAction\",\"name\":\"Comment\",\"target\":[\"https:\/\/novaorg.cofb.net\/2017\/04\/27\/la-figura-del-farmaceutic-necessaria-en-la-ruta-assistencial-de-la-insuficiencia-cardiaca-la-fibril%c2%b7lacio-auricular\/#respond\"]}]},{\"@type\":\"WebPage\",\"@id\":\"https:\/\/novaorg.cofb.net\/2017\/04\/27\/la-figura-del-farmaceutic-necessaria-en-la-ruta-assistencial-de-la-insuficiencia-cardiaca-la-fibril%c2%b7lacio-auricular\/\",\"url\":\"https:\/\/novaorg.cofb.net\/2017\/04\/27\/la-figura-del-farmaceutic-necessaria-en-la-ruta-assistencial-de-la-insuficiencia-cardiaca-la-fibril%c2%b7lacio-auricular\/\",\"name\":\"La figura del farmac\u00e8utic, necess\u00e0ria en la ruta assistencial de la insufici\u00e8ncia card\u00edaca i la fibril\u00b7laci\u00f3 auricular\",\"isPartOf\":{\"@id\":\"https:\/\/www.cofb.org\/#website\"},\"primaryImageOfPage\":{\"@id\":\"https:\/\/novaorg.cofb.net\/2017\/04\/27\/la-figura-del-farmaceutic-necessaria-en-la-ruta-assistencial-de-la-insuficiencia-cardiaca-la-fibril%c2%b7lacio-auricular\/#primaryimage\"},\"image\":{\"@id\":\"https:\/\/novaorg.cofb.net\/2017\/04\/27\/la-figura-del-farmaceutic-necessaria-en-la-ruta-assistencial-de-la-insuficiencia-cardiaca-la-fibril%c2%b7lacio-auricular\/#primaryimage\"},\"thumbnailUrl\":\"\",\"datePublished\":\"2017-04-27T09:33:40+00:00\",\"dateModified\":\"2017-04-27T09:33:40+00:00\",\"description\":\"La figura del farmac\u00e8utic, necess\u00e0ria en la ruta assistencial de la insufici\u00e8ncia card\u00edaca i la fibril\u00b7laci\u00f3 auricular\",\"breadcrumb\":{\"@id\":\"https:\/\/novaorg.cofb.net\/2017\/04\/27\/la-figura-del-farmaceutic-necessaria-en-la-ruta-assistencial-de-la-insuficiencia-cardiaca-la-fibril%c2%b7lacio-auricular\/#breadcrumb\"},\"inLanguage\":\"es\",\"potentialAction\":[{\"@type\":\"ReadAction\",\"target\":[\"https:\/\/novaorg.cofb.net\/2017\/04\/27\/la-figura-del-farmaceutic-necessaria-en-la-ruta-assistencial-de-la-insuficiencia-cardiaca-la-fibril%c2%b7lacio-auricular\/\"]}]},{\"@type\":\"ImageObject\",\"inLanguage\":\"es\",\"@id\":\"https:\/\/novaorg.cofb.net\/2017\/04\/27\/la-figura-del-farmaceutic-necessaria-en-la-ruta-assistencial-de-la-insuficiencia-cardiaca-la-fibril%c2%b7lacio-auricular\/#primaryimage\",\"url\":\"\",\"contentUrl\":\"\"},{\"@type\":\"BreadcrumbList\",\"@id\":\"https:\/\/novaorg.cofb.net\/2017\/04\/27\/la-figura-del-farmaceutic-necessaria-en-la-ruta-assistencial-de-la-insuficiencia-cardiaca-la-fibril%c2%b7lacio-auricular\/#breadcrumb\",\"itemListElement\":[{\"@type\":\"ListItem\",\"position\":1,\"name\":\"Inici\",\"item\":\"https:\/\/novaorg.cofb.net\/\"},{\"@type\":\"ListItem\",\"position\":2,\"name\":\"La figura del farmac\u00e8utic, necess\u00e0ria en la ruta assistencial de la insufici\u00e8ncia card\u00edaca i la fibril\u00b7laci\u00f3 auricular\"}]},{\"@type\":\"WebSite\",\"@id\":\"https:\/\/www.cofb.org\/#website\",\"url\":\"https:\/\/www.cofb.org\/\",\"name\":\"Col\u00b7legi de Farmac\u00e8utics de Barcelona\",\"description\":\"\",\"publisher\":{\"@id\":\"https:\/\/www.cofb.org\/#organization\"},\"potentialAction\":[{\"@type\":\"SearchAction\",\"target\":{\"@type\":\"EntryPoint\",\"urlTemplate\":\"https:\/\/www.cofb.org\/?s={search_term_string}\"},\"query-input\":\"required name=search_term_string\"}],\"inLanguage\":\"es\"},{\"@type\":\"Organization\",\"@id\":\"https:\/\/www.cofb.org\/#organization\",\"name\":\"Col\u00b7legi de Farmac\u00e8utics de Barcelona\",\"url\":\"https:\/\/www.cofb.org\/\",\"logo\":{\"@type\":\"ImageObject\",\"inLanguage\":\"es\",\"@id\":\"https:\/\/www.cofb.org\/#\/schema\/logo\/image\/\",\"url\":\"https:\/\/www.cofb.org\/wp-content\/uploads\/2023\/11\/cropped-Logotip-COFB.png\",\"contentUrl\":\"https:\/\/www.cofb.org\/wp-content\/uploads\/2023\/11\/cropped-Logotip-COFB.png\",\"width\":500,\"height\":105,\"caption\":\"Col\u00b7legi de Farmac\u00e8utics de Barcelona\"},\"image\":{\"@id\":\"https:\/\/www.cofb.org\/#\/schema\/logo\/image\/\"},\"sameAs\":[\"https:\/\/www.facebook.com\/farmaceuticsbcn\/\",\"https:\/\/twitter.com\/farmaceuticsbcn\",\"https:\/\/www.instagram.com\/farmaceuticsbcn\/\",\"https:\/\/www.linkedin.com\/company\/farmaceuticsbcn\/\"]},{\"@type\":\"Person\",\"@id\":\"https:\/\/www.cofb.org\/#\/schema\/person\/22ed7eea88da74b0fa4d3154ad87ffcb\",\"name\":\"wpAdminCofbOrg\",\"image\":{\"@type\":\"ImageObject\",\"inLanguage\":\"es\",\"@id\":\"https:\/\/www.cofb.org\/#\/schema\/person\/image\/\",\"url\":\"https:\/\/secure.gravatar.com\/avatar\/1721b20b3b8ca882c3b56ec6c978c594fff670e40c0718e9190eaeeb76aae7d8?s=96&d=mm&r=g\",\"contentUrl\":\"https:\/\/secure.gravatar.com\/avatar\/1721b20b3b8ca882c3b56ec6c978c594fff670e40c0718e9190eaeeb76aae7d8?s=96&d=mm&r=g\",\"caption\":\"wpAdminCofbOrg\"},\"sameAs\":[\"http:\/\/192.168.64.122\/wordpress\"],\"url\":\"https:\/\/www.cofb.org\/es\/author\/wpadmincofborg\/\"}]}<\/script>\n<!-- \/ Yoast SEO plugin. -->","yoast_head_json":{"title":"La figura del farmac\u00e8utic, necess\u00e0ria en la ruta assistencial de la insufici\u00e8ncia card\u00edaca i la fibril\u00b7laci\u00f3 auricular","description":"La figura del farmac\u00e8utic, necess\u00e0ria en la ruta assistencial de la insufici\u00e8ncia card\u00edaca i la fibril\u00b7laci\u00f3 auricular","robots":{"index":"index","follow":"follow","max-snippet":"max-snippet:-1","max-image-preview":"max-image-preview:large","max-video-preview":"max-video-preview:-1"},"canonical":"https:\/\/novaorg.cofb.net\/2017\/04\/27\/la-figura-del-farmaceutic-necessaria-en-la-ruta-assistencial-de-la-insuficiencia-cardiaca-la-fibril\u00b7lacio-auricular\/","og_locale":"es_ES","og_type":"article","og_title":"La figura del farmac\u00e8utic, necess\u00e0ria en la ruta assistencial de la insufici\u00e8ncia card\u00edaca i la fibril\u00b7laci\u00f3 auricular","og_description":"La figura del farmac\u00e8utic, necess\u00e0ria en la ruta assistencial de la insufici\u00e8ncia card\u00edaca i la fibril\u00b7laci\u00f3 auricular","og_url":"https:\/\/novaorg.cofb.net\/2017\/04\/27\/la-figura-del-farmaceutic-necessaria-en-la-ruta-assistencial-de-la-insuficiencia-cardiaca-la-fibril\u00b7lacio-auricular\/","og_site_name":"Col\u00b7legi de Farmac\u00e8utics de Barcelona","article_publisher":"https:\/\/www.facebook.com\/farmaceuticsbcn\/","article_published_time":"2017-04-27T09:33:40+00:00","author":"wpAdminCofbOrg","twitter_card":"summary_large_image","twitter_creator":"@farmaceuticsbcn","twitter_site":"@farmaceuticsbcn","twitter_misc":{"Escrito por":"wpAdminCofbOrg","Tiempo de lectura":"4 minutos"},"schema":{"@context":"https:\/\/schema.org","@graph":[{"@type":"Article","@id":"https:\/\/novaorg.cofb.net\/2017\/04\/27\/la-figura-del-farmaceutic-necessaria-en-la-ruta-assistencial-de-la-insuficiencia-cardiaca-la-fibril%c2%b7lacio-auricular\/#article","isPartOf":{"@id":"https:\/\/novaorg.cofb.net\/2017\/04\/27\/la-figura-del-farmaceutic-necessaria-en-la-ruta-assistencial-de-la-insuficiencia-cardiaca-la-fibril%c2%b7lacio-auricular\/"},"author":{"name":"wpAdminCofbOrg","@id":"https:\/\/www.cofb.org\/#\/schema\/person\/22ed7eea88da74b0fa4d3154ad87ffcb"},"headline":"La figura del farmac\u00e8utic, necess\u00e0ria en la ruta assistencial de la insufici\u00e8ncia card\u00edaca i la fibril\u00b7laci\u00f3 auricular","datePublished":"2017-04-27T09:33:40+00:00","dateModified":"2017-04-27T09:33:40+00:00","mainEntityOfPage":{"@id":"https:\/\/novaorg.cofb.net\/2017\/04\/27\/la-figura-del-farmaceutic-necessaria-en-la-ruta-assistencial-de-la-insuficiencia-cardiaca-la-fibril%c2%b7lacio-auricular\/"},"wordCount":880,"commentCount":0,"publisher":{"@id":"https:\/\/www.cofb.org\/#organization"},"image":{"@id":"https:\/\/novaorg.cofb.net\/2017\/04\/27\/la-figura-del-farmaceutic-necessaria-en-la-ruta-assistencial-de-la-insuficiencia-cardiaca-la-fibril%c2%b7lacio-auricular\/#primaryimage"},"thumbnailUrl":"","keywords":["ar\u00edtmia card\u00edaca","farmac\u00e8utics comunitaris","fibril\u00b7laci\u00f3 auricular","Formaci\u00f3","IC","ictus","insufici\u00e8ncia card\u00edaca","interaccions","Pla de Salut 2016-2020","pren-te el pols","prim","PRM"],"articleSection":["M\u00f3n col\u00b7legial"],"inLanguage":"es","potentialAction":[{"@type":"CommentAction","name":"Comment","target":["https:\/\/novaorg.cofb.net\/2017\/04\/27\/la-figura-del-farmaceutic-necessaria-en-la-ruta-assistencial-de-la-insuficiencia-cardiaca-la-fibril%c2%b7lacio-auricular\/#respond"]}]},{"@type":"WebPage","@id":"https:\/\/novaorg.cofb.net\/2017\/04\/27\/la-figura-del-farmaceutic-necessaria-en-la-ruta-assistencial-de-la-insuficiencia-cardiaca-la-fibril%c2%b7lacio-auricular\/","url":"https:\/\/novaorg.cofb.net\/2017\/04\/27\/la-figura-del-farmaceutic-necessaria-en-la-ruta-assistencial-de-la-insuficiencia-cardiaca-la-fibril%c2%b7lacio-auricular\/","name":"La figura del farmac\u00e8utic, necess\u00e0ria en la ruta assistencial de la insufici\u00e8ncia card\u00edaca i la fibril\u00b7laci\u00f3 auricular","isPartOf":{"@id":"https:\/\/www.cofb.org\/#website"},"primaryImageOfPage":{"@id":"https:\/\/novaorg.cofb.net\/2017\/04\/27\/la-figura-del-farmaceutic-necessaria-en-la-ruta-assistencial-de-la-insuficiencia-cardiaca-la-fibril%c2%b7lacio-auricular\/#primaryimage"},"image":{"@id":"https:\/\/novaorg.cofb.net\/2017\/04\/27\/la-figura-del-farmaceutic-necessaria-en-la-ruta-assistencial-de-la-insuficiencia-cardiaca-la-fibril%c2%b7lacio-auricular\/#primaryimage"},"thumbnailUrl":"","datePublished":"2017-04-27T09:33:40+00:00","dateModified":"2017-04-27T09:33:40+00:00","description":"La figura del farmac\u00e8utic, necess\u00e0ria en la ruta assistencial de la insufici\u00e8ncia card\u00edaca i la fibril\u00b7laci\u00f3 auricular","breadcrumb":{"@id":"https:\/\/novaorg.cofb.net\/2017\/04\/27\/la-figura-del-farmaceutic-necessaria-en-la-ruta-assistencial-de-la-insuficiencia-cardiaca-la-fibril%c2%b7lacio-auricular\/#breadcrumb"},"inLanguage":"es","potentialAction":[{"@type":"ReadAction","target":["https:\/\/novaorg.cofb.net\/2017\/04\/27\/la-figura-del-farmaceutic-necessaria-en-la-ruta-assistencial-de-la-insuficiencia-cardiaca-la-fibril%c2%b7lacio-auricular\/"]}]},{"@type":"ImageObject","inLanguage":"es","@id":"https:\/\/novaorg.cofb.net\/2017\/04\/27\/la-figura-del-farmaceutic-necessaria-en-la-ruta-assistencial-de-la-insuficiencia-cardiaca-la-fibril%c2%b7lacio-auricular\/#primaryimage","url":"","contentUrl":""},{"@type":"BreadcrumbList","@id":"https:\/\/novaorg.cofb.net\/2017\/04\/27\/la-figura-del-farmaceutic-necessaria-en-la-ruta-assistencial-de-la-insuficiencia-cardiaca-la-fibril%c2%b7lacio-auricular\/#breadcrumb","itemListElement":[{"@type":"ListItem","position":1,"name":"Inici","item":"https:\/\/novaorg.cofb.net\/"},{"@type":"ListItem","position":2,"name":"La figura del farmac\u00e8utic, necess\u00e0ria en la ruta assistencial de la insufici\u00e8ncia card\u00edaca i la fibril\u00b7laci\u00f3 auricular"}]},{"@type":"WebSite","@id":"https:\/\/www.cofb.org\/#website","url":"https:\/\/www.cofb.org\/","name":"Col\u00b7legi de Farmac\u00e8utics de Barcelona","description":"","publisher":{"@id":"https:\/\/www.cofb.org\/#organization"},"potentialAction":[{"@type":"SearchAction","target":{"@type":"EntryPoint","urlTemplate":"https:\/\/www.cofb.org\/?s={search_term_string}"},"query-input":"required name=search_term_string"}],"inLanguage":"es"},{"@type":"Organization","@id":"https:\/\/www.cofb.org\/#organization","name":"Col\u00b7legi de Farmac\u00e8utics de Barcelona","url":"https:\/\/www.cofb.org\/","logo":{"@type":"ImageObject","inLanguage":"es","@id":"https:\/\/www.cofb.org\/#\/schema\/logo\/image\/","url":"https:\/\/www.cofb.org\/wp-content\/uploads\/2023\/11\/cropped-Logotip-COFB.png","contentUrl":"https:\/\/www.cofb.org\/wp-content\/uploads\/2023\/11\/cropped-Logotip-COFB.png","width":500,"height":105,"caption":"Col\u00b7legi de Farmac\u00e8utics de Barcelona"},"image":{"@id":"https:\/\/www.cofb.org\/#\/schema\/logo\/image\/"},"sameAs":["https:\/\/www.facebook.com\/farmaceuticsbcn\/","https:\/\/twitter.com\/farmaceuticsbcn","https:\/\/www.instagram.com\/farmaceuticsbcn\/","https:\/\/www.linkedin.com\/company\/farmaceuticsbcn\/"]},{"@type":"Person","@id":"https:\/\/www.cofb.org\/#\/schema\/person\/22ed7eea88da74b0fa4d3154ad87ffcb","name":"wpAdminCofbOrg","image":{"@type":"ImageObject","inLanguage":"es","@id":"https:\/\/www.cofb.org\/#\/schema\/person\/image\/","url":"https:\/\/secure.gravatar.com\/avatar\/1721b20b3b8ca882c3b56ec6c978c594fff670e40c0718e9190eaeeb76aae7d8?s=96&d=mm&r=g","contentUrl":"https:\/\/secure.gravatar.com\/avatar\/1721b20b3b8ca882c3b56ec6c978c594fff670e40c0718e9190eaeeb76aae7d8?s=96&d=mm&r=g","caption":"wpAdminCofbOrg"},"sameAs":["http:\/\/192.168.64.122\/wordpress"],"url":"https:\/\/www.cofb.org\/es\/author\/wpadmincofborg\/"}]}},"uagb_featured_image_src":{"full":false,"thumbnail":false,"medium":false,"medium_large":false,"large":false,"1536x1536":false,"2048x2048":false,"trp-custom-language-flag":false},"uagb_author_info":{"display_name":"wpAdminCofbOrg","author_link":"https:\/\/www.cofb.org\/es\/author\/wpadmincofborg\/"},"uagb_comment_info":0,"uagb_excerpt":"\u00c9s necessari que el farmac\u00e8utic dels diferents \u00e0mbits assistencials s\u2019integri, juntament amb la resta de professionals sanitaris, en la ruta assistencial de la insufici\u00e8ncia card\u00edaca i la fibril\u00b7laci\u00f3 auricular. \u00c9s una de les conclusions a les quals es va arribar a la formaci\u00f3 organitzada pel COF de Barcelona, juntament a [&hellip;]","_links":{"self":[{"href":"https:\/\/www.cofb.org\/es\/wp-json\/wp\/v2\/posts\/29557","targetHints":{"allow":["GET"]}}],"collection":[{"href":"https:\/\/www.cofb.org\/es\/wp-json\/wp\/v2\/posts"}],"about":[{"href":"https:\/\/www.cofb.org\/es\/wp-json\/wp\/v2\/types\/post"}],"author":[{"embeddable":true,"href":"https:\/\/www.cofb.org\/es\/wp-json\/wp\/v2\/users\/1"}],"replies":[{"embeddable":true,"href":"https:\/\/www.cofb.org\/es\/wp-json\/wp\/v2\/comments?post=29557"}],"version-history":[{"count":0,"href":"https:\/\/www.cofb.org\/es\/wp-json\/wp\/v2\/posts\/29557\/revisions"}],"wp:featuredmedia":[{"embeddable":true,"href":"https:\/\/www.cofb.org\/es\/wp-json\/"}],"wp:attachment":[{"href":"https:\/\/www.cofb.org\/es\/wp-json\/wp\/v2\/media?parent=29557"}],"wp:term":[{"taxonomy":"category","embeddable":true,"href":"https:\/\/www.cofb.org\/es\/wp-json\/wp\/v2\/categories?post=29557"},{"taxonomy":"post_tag","embeddable":true,"href":"https:\/\/www.cofb.org\/es\/wp-json\/wp\/v2\/tags?post=29557"}],"curies":[{"name":"wp","href":"https:\/\/api.w.org\/{rel}","templated":true}]}}