{"id":29499,"date":"2017-04-25T16:42:12","date_gmt":"2017-04-25T14:42:12","guid":{"rendered":"http:\/\/blog.cofb.cat\/?p=29499"},"modified":"2017-04-25T16:42:12","modified_gmt":"2017-04-25T14:42:12","slug":"infarma-barcelona-seu-de-lema-agora-sanitaria-temes-destacats-al-marc","status":"publish","type":"post","link":"https:\/\/www.cofb.org\/es\/2017\/04\/25\/infarma-barcelona-seu-de-lema-agora-sanitaria-temes-destacats-al-marc\/","title":{"rendered":"Infarma, Barcelona sede de la EMA y \u00c1gora Sanitaria, temas destacados en marzo"},"content":{"rendered":"<p><strong><div class=\"box shadow\"><a href=\"http:\/\/blog.cofb.cat\/category\/infarma-2015\/\" target=\"_blank\" rel=\"noopener\">Infarma Barcelona 2017<\/a>: m\u00e1s de 500 repercusiones en medios<\/strong><\/p>\n[caption id=&quot;attachment_29507&quot; align=&quot;alignleft&quot; width=&quot;270&quot;]<a href=\"http:\/\/www.correofarmaceutico.com\/2017\/03\/06\/opinion-participacion\/tribunas\/mentes-abiertas-para-trascender\" target=\"_blank\" rel=\"noopener\"><img decoding=\"async\" class=\"wp-image-29507\" title=\"Infarma, Barcelona sede de la EMA y \u00c1gora Sanitaria, temas destacados en marzo \" alt=\"Tribuna de Jordi de Dalmases al Correo Farmac\u00e9utico\" src=\"http:\/\/blog.cofb.cat\/wp-content\/uploads\/2017\/04\/1CF-300x163.jpg\" width=\"270\" height=\"147\" \/><\/a> Tribuna del Presidente del COFB en Correo Farmac\u00e9utico[\/caption]\n<p>Del 21 al 23 de marzo, el recinto ferial Gran Via de Barcelona acogi\u00f3, como cada dos a\u00f1os, una nueva edici\u00f3n de<a href=\"http:\/\/blog.cofb.cat\/category\/infarma-2015\/\" target=\"_blank\" rel=\"noopener\">Infarma<\/a>, cita que tuvo un fuerte impacto en los medios de comunicaci\u00f3n. Estos informaron antes, durante y posterior a la celebraci\u00f3n del Congreso, <b>generando m\u00e1s de 500 repercusiones entre noticias, art\u00edculos, reportajes y entrevistas.<\/b><\/p>\n<p>Destacar la inauguraci\u00f3n, d\u00f3nde va\u00a0<b>asistir al consejero de Salud de la Generalitat, Antoni Com\u00edn<\/b>. Informaron,\u00a0<a href=\"http:\/\/www.rtve.es\/alacarta\/videos\/linformatiu\/linformatiu-21-03-17\/3951548\/\" target=\"_blank\" rel=\"noopener\">TVE1 Catalu\u00f1a<\/a>\u00a0(del minuto 16&#039;41\u201d al (17&#039;28\u201d) en televisi\u00f3n y\u00a0<a href=\"http:\/\/www.rtve.es\/alacarta\/audios\/edicio-migdia-catalunya\/edicio-migdia-troben-indicis-vaixell-enfonsat-podria-haver-estat-localitzat\/3951493\/\" target=\"_blank\" rel=\"noopener\">RNE-1 Catalu\u00f1a<\/a>\u00a0del minuto 32&#039;48\u201d al 34&#039;03\u201d) en radio, a modo de ejemplo, entre otros medios de comunicaci\u00f3n.<\/p>\n[caption id=&quot;attachment_29623&quot; align=&quot;alignright&quot; width=&quot;300&quot;]<a href=\"http:\/\/www.rtve.es\/alacarta\/videos\/linformatiu\/linformatiu-21-03-17\/3951548\/\" target=\"_blank\" rel=\"attachment wp-att-29623 noopener\"><img fetchpriority=\"high\" decoding=\"async\" class=\"size-medium wp-image-29623\" title=\"Infarma, Barcelona sede de la EMA y \u00c1gora Sanitaria, temas destacados en marzo \" alt=\"TVE Catalunya informant de la inauguraci\u00f3 d'Infarma\" src=\"http:\/\/blog.cofb.cat\/wp-content\/uploads\/2017\/04\/1TVE-300x210.jpg\" width=\"300\" height=\"210\" \/><\/a> TVE Catalunya informando de la inauguraci\u00f3n de Infarma[\/caption]\n<p>Previamente al evento, varios medios entrevistaron a organizadores e invitados del Congreso, concretamente a\u00a0<strong>Jordi de Dalmases, Francisca Aranzana<\/strong>, vocal de Oficina de Farmacia y directora de Infarma,\u00a0<strong>Daniel Sarto<\/strong>, director del Sal\u00f3n, ya\u00a0<strong>Antoni Trilla<\/strong>, director de Calidad y Seguridad Asistencial del Hospital Cl\u00ednic de Barcelona y ponente de la conferencia inaugural. Los cuatro fueron entrevistados por El Farmac\u00e9utico (<a href=\"http:\/\/elfarmaceutico.es\/index.php\/canal-ef\/item\/7904-creemos-y-apostamos-por-una-farmacia-asistencial-y-focalizada-en-el-paciente\" target=\"_blank\" rel=\"noopener\">1<\/a>,\u00a0<a href=\"http:\/\/elfarmaceutico.es\/index.php\/canal-ef\/item\/7906-estare-satisfecha-si-todos-los-asistentes-se-van-de-infarma-motivados-y-orgullosos-de-ser-farmaceuticos\" target=\"_blank\" rel=\"noopener\">2<\/a>,\u00a0<a href=\"http:\/\/elfarmaceutico.es\/index.php\/canal-ef\/item\/7907-en-numero-de-expositores-y-en-metros-cuadrados-ocupados-estamos-en-un-crecimiento-de-un-10\" target=\"_blank\" rel=\"noopener\">3<\/a>\u00a0y\u00a0<a href=\"http:\/\/elfarmaceutico.es\/index.php\/canal-ef\/item\/7908-la-peor-noticia-que-se-puede-dar-sobre-una-epidemia-es-no-haberse-preparado-para-prevenirla\" target=\"_blank\" rel=\"noopener\">4<\/a>, ordenadas respectivamente en el orden anterior) en unos v\u00eddeos donde se\u00a0<b>desglosaban los principales objetivos de la cita.\u00a0<\/b><a href=\"http:\/\/www.larazon.es\/damesuplementos\/salud\/2017-03-26_SAL\/files\/assets\/basic-html\/page-1.html\" target=\"_blank\" rel=\"noopener\">La Raz\u00f3n<\/a>,\u00a0<a href=\"http:\/\/www.elglobal.net\/farmacia\/infarma\/algunas-mesas-de-debate-no-seran-comodas-pero-el-objetivo-es-no-esquivar-ningun-tema-EL805170\" target=\"_blank\" rel=\"noopener\">El Global<\/a>, Farmaventas y Acofar tambi\u00e9n hablaron con De Dalmases, El Global (<a href=\"http:\/\/www.elglobal.net\/farmacia\/infarma\/todo-lo-que-el-farmaceutico-se-lleve-de-infarma-repercutira-positivamente-en-su-labor-diaria-FL805214\" target=\"_blank\" rel=\"noopener\">1<\/a>\u00a0y\u00a0<a href=\"http:\/\/www.elglobal.net\/farmacia\/infarma\/hemos-duplicado-las-areas-de-uso-comun-respecto-a-2016-CL805334\" target=\"_blank\" rel=\"noopener\">2<\/a>) con Aranzana y Sarto y\u00a0<a href=\"http:\/\/www.imfarmacias.es\/revista\/73\/?utm_source=phplist1128&amp;utm_medium=email&amp;utm_content=HTML&amp;utm_campaign=Disponible+IM+Farmacias+73#82\/z\" target=\"_blank\" rel=\"noopener\">IMFarmacias<\/a>\u00a0tambi\u00e9n con el director del Sal\u00f3n. Tambi\u00e9n en los d\u00edas previos al Congreso,\u00a0<a href=\"http:\/\/www.correofarmaceutico.com\/2017\/03\/06\/opinion-participacion\/tribunas\/mentes-abiertas-para-trascender\" target=\"_blank\" rel=\"noopener\">Correo Farmac\u00e9utico<\/a>\u00a0public\u00f3 una tribuna escrita por el presidente del Colegio, Jordi de Dalmases,\u00a0<b>donde se hac\u00eda un llamamiento al mundo profesional para que asistiera al evento, s<\/b>ota el\u00a0<b>t\u00edtulo \u201cMentes abiertas para trascender\u201d.<\/b><\/p>\n[caption id=&quot;attachment_29528&quot; align=&quot;alignleft&quot; width=&quot;240&quot;]<a href=\"http:\/\/www.elglobal.net\/farmacia\/infarma\/farmaidearium-y-las-aulas-de-actualidad-estrenos-sobre-2016-XL805275\" target=\"_blank\" rel=\"noopener\"><img decoding=\"async\" class=\"wp-image-29528\" title=\"Infarma, Barcelona sede de la EMA y \u00c1gora Sanitaria, temas destacados en marzo \" alt=\"Repercussi\u00f3 d'El Global explicant les novetats del Congr\u00e9s\" src=\"http:\/\/blog.cofb.cat\/wp-content\/uploads\/2017\/04\/1.1EG1-300x230.jpg\" width=\"240\" height=\"184\" \/><\/a> Repercusi\u00f3n de El Global explicando las novedades del Congreso[\/caption]\n<p>Antes de la cita, se enviaron las dos \u00faltimas notas de prensa (<a href=\"http:\/\/blog.cofb.cat\/infarma-aules-dactualitat-professional-farmaidearium\/\" target=\"_blank\" rel=\"noopener\">1<\/a> y <a href=\"http:\/\/blog.cofb.cat\/infarma-solidari-farmaidearium-compromis-social-xarxes-socials\/\" target=\"_blank\" rel=\"noopener\">2<\/a>) para explicar, por un lado, <b>qu\u00e9 eran y sobre qu\u00e9 ir\u00edan las Aulas de Actualidad Profesional<\/b>, el nuevo nombre que se le otorgaron en las aulas activas, y, por otra, <b>dos proyectos relacionados con el compromiso social y la innovaci\u00f3n: Infarma Solidario y #Farmaidearium<\/b>. Se hicieron eco medios como La Vanguardia (Monogr\u00e1ficos Especiales),\u00a0<a href=\"https:\/\/www.diariofarma.com\/2017\/03\/08\/infarma-50-aulas-programas-farmaceutico-se-actualice?&amp;utm_source=nwlt&amp;utm_medium=regular&amp;utm_campaign=09\/03\/17\" target=\"_blank\" rel=\"noopener\">Correo Farmac\u00e9utico<\/a>, <a href=\"http:\/\/www.imfarmacias.es\/noticia\/11885\/infarma-las-aulas-de-actualidad-profesional-abordaraacuten-todas-las-vertientes-de-la-farmacia-comunitaria?utm_source=news_2017-03-08&amp;utm_medium=2017-03-08&amp;utm_campaign=mailing&amp;email=0\" target=\"_blank\" rel=\"noopener\">IMFarmacias<\/a>, <a href=\"http:\/\/www.farmaventas.es\/noticias-del-sector\/otras-noticias\/5627-infarma-pone-en-marcha-las-aulas-de-actualidad-profesional-para-debatir-sobre-farmacia-comunitaria-su-vertiente-asistencial-y-gestion.html?utm_source=newsletter_765&amp;utm_medium=email&amp;utm_campaign=farmaventas-autocontent-8-9-10-11-12-20-32-max-1-order-id-desc-type-title\" target=\"_blank\" rel=\"noopener\">Farmaventas<\/a>, <a href=\"http:\/\/www.actasanitaria.com\/infarma-aulas-actualidad\/\" target=\"_blank\" rel=\"noopener\">Acta Sanitaria<\/a>, <a href=\"http:\/\/revistafarmanatur.com\/noticias\/infarma-pone-marcha-las-aulas-actualidad-profesional\/\" target=\"_blank\" rel=\"noopener\">Farmanaturo<\/a> y Sanifax,\u00a0<a href=\"https:\/\/www.diariofarma.com\/2017\/03\/16\/infarma-2017-tambien-contara-espacio-iniciativas-solidarias\" target=\"_blank\" rel=\"noopener\">Diariofarma<\/a>, \u00a0<a href=\"http:\/\/www.elglobal.net\/farmacia\/infarma\/farmaidearium-y-las-aulas-de-actualidad-estrenos-sobre-2016-XL805275\" target=\"_blank\" rel=\"noopener\">El Global<\/a>\u00a0o\u00a0<a href=\"http:\/\/www.consejosdetufarmaceutico.com\/infarma-solidario-y-farmaidearium-iniciativas-infarma\/\" target=\"_blank\" rel=\"noopener\">Consejos de ti Farmac\u00e9utico<\/a>, entre otros.<\/p>\n[caption id=&quot;attachment_29541&quot; align=&quot;alignright&quot; width=&quot;227&quot;]<a href=\"https:\/\/www.diariofarma.com\/2017\/03\/23\/infarma-2017-cierra-puertas-la-mirada-puesta-paciente\" target=\"_blank\" rel=\"noopener\"><img loading=\"lazy\" decoding=\"async\" class=\"wp-image-29541\" title=\"Infarma, Barcelona sede de la EMA y \u00c1gora Sanitaria, temas destacados en marzo\" alt=\"La clausura a Diariofarma\" src=\"http:\/\/blog.cofb.cat\/wp-content\/uploads\/2017\/04\/1.2abc1-284x300.jpg\" width=\"227\" height=\"240\" \/><\/a> La clausura en Diariofarma[\/caption]\n<p>Por \u00faltimo, Aranzana clausur\u00f3 la cita afirmando que se cerraban las puertas con la <b>\u201cmirada puesta en el paciente, objetivo com\u00fan del sector farmac\u00e9utico\u201d<\/b>. El acto tambi\u00e9n corri\u00f3 a cargo de De Dalmases, Jes\u00fas Aguilar, presidente del Consejo General de Colegios Oficiales de Farmac\u00e9uticos y Luis Gonz\u00e1lez, presidente del COF de Madrid. El cierre sirvi\u00f3, al mismo tiempo, para pasar el testigo al colegio madrile\u00f1o, que organizar\u00e1 la siguiente edici\u00f3n, la 30a. Lo contaron <a href=\"http:\/\/www.lavanguardia.com\/vida\/20170324\/421143553050\/infarma-supera-los-30000-asistentes-con-la-mirada-fijada-en-el-paciente.html\" target=\"_blank\" rel=\"noopener\">La Vanguardia<\/a>, <a href=\"http:\/\/agencias.abc.es\/agencias\/noticia.asp?noticia=2455336\" target=\"_blank\" rel=\"noopener\">ABC<\/a>, Correo Farmac\u00e9utico, <a href=\"http:\/\/www.elglobal.net\/documents\/10157\/0\/video_content_160384_20170324171646.pdf\" target=\"_blank\" rel=\"noopener\">El Global<\/a>, <a href=\"http:\/\/www.imfarmacias.es\/noticia\/12077\/se-clausura-infarma-con-un-20-de-crecimiento-en-asistentes\" target=\"_blank\" rel=\"noopener\">IMFarmacias<\/a>, <a href=\"http:\/\/www.actasanitaria.com\/infarma-cierra-puertas\/\" target=\"_blank\" rel=\"noopener\">Acta Sanitaria<\/a>, <a href=\"http:\/\/www.farmaventas.es\/noticias-del-sector\/5742-infarma-cierra-sus-puertas-con-la-mirada-puesta-en-el-paciente.html\" target=\"_blank\" rel=\"noopener\">Farmaventas<\/a>, <a href=\"https:\/\/www.diariofarma.com\/2017\/03\/23\/infarma-2017-cierra-puertas-la-mirada-puesta-paciente\" target=\"_blank\" rel=\"noopener\">Diariofarma<\/a>, <a href=\"http:\/\/www.consejosdetufarmaceutico.com\/finaliza-infarma-la-mirada-puesta-paciente-objetivo-comun-del-sector-farmaceutico\/\" target=\"_blank\" rel=\"noopener\">Consejos de ti Farmac\u00e9utico<\/a>, <a href=\"http:\/\/revistafarmanatur.com\/home-drch\/infarma-cierra-puertas-la-mirada-puesta-paciente-objetivo-comun-del-sector-farmaceutico\/\" target=\"_blank\" rel=\"noopener\">Farmanaturo<\/a>\u00a0y Sanifax.<\/p>\n<p><strong><span style=\"color: #888888;\">Durante el Congreso, el COFB envi\u00f3 una veintena de notas de prensa. M\u00e1s de un centenar de periodistas se acreditaron por asistir a Infarma Barcelona.<\/span>\u00a0<\/strong><b><\/div><\/b><\/p>\n<p><b><div class=\"box shadow\"><a href=\"http:\/\/blog.cofb.cat\/els-col%C2%B7legis-de-metges-farmaceutics-economistes-enginyers-donen-suport-la-candidatura-de-barcelona-com-seu-de-lema\/\" target=\"_blank\" rel=\"noopener\">Barcelona como futura sede de la Agencia Europea del Medicamento (EMA)<\/a><\/b><\/p>\n[caption id=&quot;attachment_29508&quot; align=&quot;alignleft&quot; width=&quot;300&quot;]<a href=\"http:\/\/www.lavanguardia.com\/vida\/20170320\/421038485343\/colegios-profesionales-apoyan-barcelona-para-agencia-europea-del-medicamento.html\" target=\"_blank\" rel=\"noopener\"><img loading=\"lazy\" decoding=\"async\" class=\"size-medium wp-image-29508\" alt=\"Not\u00edcia de La Vanguardia explicant el recolzament de diferents col\u00b7legis professionals perqu\u00e8 Barcelona sigui la seu de l'EMA\" src=\"http:\/\/blog.cofb.cat\/wp-content\/uploads\/2017\/04\/2LV-300x120.jpg\" width=\"300\" height=\"120\" \/><\/a> Noticia de La Vanguardia explicando el apoyo de diferentes colegios profesionales[\/caption]\n<p>En marzo se envi\u00f3 un <a href=\"http:\/\/www.cofb.org\/es\/web\/guest\/Noticia\/-\/journal_content\/56_INSTANCE_V6ao\/10136\/977931\/\" target=\"_blank\" rel=\"noopener\">comunicado<\/a> en los medios donde nos posicion\u00e1bamos, junto con el Colegio de<b>\u00a0m\u00e9dicos de Barcelona y el de economistas e ingenieros industriales de Catalu\u00f1a para apoyar a la candidatura de Barcelona como la futura sede de la Agencia Europea del Medicamento (EMA)<\/b>. Las cuatro instituciones coincid\u00edan en que la capital catalana <b>&quot;es el emplazamiento id\u00f3neo por su vinculaci\u00f3n a la industria farmac\u00e9utica y la investigaci\u00f3n en los campos de las ciencias de la salud, las biociencias y la biotecnolog\u00eda&quot;<\/b>. Hicieron difusi\u00f3n de la nota <a href=\"http:\/\/www.lavanguardia.com\/vida\/20170320\/421038485343\/colegios-profesionales-apoyan-barcelona-para-agencia-europea-del-medicamento.html\" target=\"_blank\" rel=\"noopener\">La Vanguardia<\/a>, <a href=\"http:\/\/www.aldia.cat\/gent\/noticia-metges-farmaceutics-economistes-enginyers-demanen-barcelona-aculli-lagencia-europea-medicament-20170320150131.html\" target=\"_blank\" rel=\"noopener\">En el D\u00eda<\/a>, <a href=\"http:\/\/www.elconfidencial.com\/ultima-hora-en-vivo\/2017-03-20\/colegios-profesionales-apoyan-barcelona-para-agencia-europea-del-medicamento_1169022\/\" target=\"_blank\" rel=\"noopener\">El Confidencial<\/a>, <a href=\"http:\/\/eldia.es\/agencias\/9140394-AGENCIA-MEDICAMENTOS-Colegios-profesionales-apoyan-Barcelona-Agencia-Europea-Medicamento\" target=\"_blank\" rel=\"noopener\">El D\u00eda<\/a>, <a href=\"http:\/\/www.elglobal.net\/politica-sanitaria\/farmaceuticos-medicos-ingenieros-y-economistas-catalanes-apoyan-a-barcelona-como-sede-de-la-ema-HX808328\" target=\"_blank\" rel=\"noopener\">El Global<\/a>, <a href=\"http:\/\/www.correofarmaceutico.com\/2017\/03\/21\/al-dia\/profesion\/medicos-farmaceuticos-economistas-e-ingenieros-piden-que-barcelona-acoja-la-ema\" target=\"_blank\" rel=\"noopener\">Correo Farmac\u00e9utico<\/a>, <a href=\"http:\/\/www.elfarmaceutico.es\/index.php\/noticias-actualidad-farmaceutica\/item\/7920-los-colegios-de-medicos-farmaceuticos-economistas-e-ingenieros-apoyan-la-candidatura-de-barcelona-como-sede-de-la-ema#.WM_4-m81-po\" target=\"_blank\" rel=\"noopener\">El Farmac\u00e9utico<\/a>, <a href=\"http:\/\/www.imfarmacias.es\/noticia\/12013\/farmacuticos-mdicos-economistas-e-ingenieros-apoyan-a-barcelona-como-prxima-sede-de-la-ema?utm_source=news_2017-03-21&amp;utm_medium=2017-03-21&amp;utm_campaign=mailing&amp;email=!*email*!\" target=\"_blank\" rel=\"noopener\">IMFarmacias<\/a>, <a href=\"http:\/\/www.diariomedico.com\/2017\/03\/20\/area-profesional\/sanidad\/los-colegios-de-medicos-y-farmaceuticos-de-barcelona-a-favor-de-acoger-la-ema\" target=\"_blank\" rel=\"noopener\">Diario M\u00e9dico<\/a>, <a href=\"http:\/\/www.sietediasmedicos.com\/actualidad\/actualidad-sanitaria\/item\/6854-los-colegios-de-medicos-farmaceuticos-economistas-e-ingenieros-apoyan-la-candidatura-de-barcelona-como-sede-de-la-agencia-europea-del-medicamento#.WM_6Z2_hCpo\" target=\"_blank\" rel=\"noopener\">Siete D\u00edas M\u00e9dicos<\/a>, Cincos D\u00edas y Sanifax, pero la noticia va siguiendo teniendo cabida en otros medios como <a href=\"http:\/\/cat.elpais.com\/cat\/2017\/03\/18\/catalunya\/1489864077_217975.html\" target=\"_blank\" rel=\"noopener\">El Pa\u00eds<\/a>, <a href=\"http:\/\/www.correofarmaceutico.com\/2017\/03\/20\/al-dia\/profesion\/cataluna-gesta-el-rembrionr-de-la-futura-agencia-catalana-del-medicamento\" target=\"_blank\" rel=\"noopener\">Correo Farmac\u00e9utico<\/a>, El Global (<a href=\"http:\/\/www.elglobal.net\/politica-sanitaria\/el-senado-se-une-al-apoyo-del-ministerio-por-barcelona-como-sede-de-la-ema-GL805080\" target=\"_blank\" rel=\"noopener\">1<\/a> y <a href=\"http:\/\/www.elglobal.net\/politica-sanitaria\/barcelona-necesita-presentar-una-propuesta-oficial-para-la-ema-FN816456\" target=\"_blank\" rel=\"noopener\">2<\/a>), entre otros.<b><\/div><\/b><\/p>\n<p><b><b><div class=\"box shadow\"><\/b><\/b><b><a href=\"http:\/\/blog.cofb.cat\/mes-de-12-000-inscrits-shan-format-agora-sanitaria-durant-el-2016\/\" target=\"_blank\" rel=\"noopener\">Cierre de 2016 de \u00c1gora Sanitaria<\/a>\u00a0\u00a0<\/b><\/p>\n[caption id=&quot;attachment_29509&quot; align=&quot;alignright&quot; width=&quot;300&quot;]<a href=\"http:\/\/www.actasanitaria.com\/agora-sanitaria-registro-12-000-inscripciones-en-2016-para-formacion-farmaceutica-y-seguimiento-del-paciente\/\" target=\"_blank\" rel=\"noopener\"><img loading=\"lazy\" decoding=\"async\" class=\"size-medium wp-image-29509\" title=\"Infarma, Barcelona sede de la EMA y \u00c1gora Sanitaria, temas destacados en marzo \" alt=\"Acta Sanitaria i les xifres d'inscripcions d'\u00c0gora Sanit\u00e0ria\" src=\"http:\/\/blog.cofb.cat\/wp-content\/uploads\/2017\/04\/3AS-300x182.jpg\" width=\"300\" height=\"182\" \/><\/a> Acta Sanitaria y las cifras de inscripciones de \u00c0gora Sanit\u00e0ria[\/caption]\n<p>El portal formativo \u00c0gora Sanit\u00e0ria acumul\u00f3\u00a0<b>m\u00e1s de 12.000 inscritos durante 2016<\/b>, cifra que representa <b>un incremento del 16% respecto al a\u00f1o anterior<\/b>. <a href=\"http:\/\/www.actasanitaria.com\/agora-sanitaria-registro-12-000-inscripciones-en-2016-para-formacion-farmaceutica-y-seguimiento-del-paciente\/\" target=\"_blank\" rel=\"noopener\">Acta Sanitaria<\/a>, <a href=\"http:\/\/revistafarmanatur.com\/gestion-farmaceutica\/mas-12-000-inscritos-agora-sanitaria-2016\/\" target=\"_blank\" rel=\"noopener\">Farmanaturo<\/a> y Sanifax informaron y destacaron las diferentes tem\u00e1ticas que m\u00e1s han interesado a los profesionales sanitarios, como las relacionadas <b>con los s\u00edntomas menores<\/b>. Otras formaciones que han obtenido un buen recibimiento son las ligadas <b>con las \u00e1reas de recomendaci\u00f3n, el seguimiento farmacoterap\u00e9utico y las \u00e1reas de gesti\u00f3n de la farmacia<\/b>. Se hizo difusi\u00f3n mediante una nota de prensa enviada desde el Colegio que se puede leer clicando <a href=\"http:\/\/www.cofb.org\/es\/web\/guest\/Noticia\/-\/journal_content\/56_INSTANCE_V6ao\/10136\/971835\/\" target=\"_blank\" rel=\"noopener\">aqu\u00ed<\/a>.<b><\/div><\/b><\/p>\n<p><b><div class=\"box shadow\"><\/b><b>Farmacia asistencial<\/b><\/p>\n[caption id=&quot;attachment_29510&quot; align=&quot;alignleft&quot; width=&quot;300&quot;]<a href=\"http:\/\/www.correofarmaceutico.com\/2017\/03\/21\/gestion\/oficina-de-farmacia\/vender-un-servicio-farmaceutico-implica-creerselo\" target=\"_blank\" rel=\"noopener\"><img loading=\"lazy\" decoding=\"async\" class=\"size-medium wp-image-29510\" title=\"Infarma, Barcelona sede de la EMA y \u00c1gora Sanitaria, temas destacados en marzo \" alt=\"4CF\" src=\"http:\/\/blog.cofb.cat\/wp-content\/uploads\/2017\/04\/4CF-300x261.jpg\" width=\"300\" height=\"261\" \/><\/a> Los servicios profesionales en Correo Farma\u00e9utico[\/caption]\n<p>Durante marzo, el papel asistencial que, cada vez con mayor fuerza, est\u00e1 adoptando el farmac\u00e9utico comunitario, tuvo cabida en dos medios: <a href=\"http:\/\/www.ivoox.com\/2017-01-23-i-com-estas-salut-audios-mp3_rf_16592727_1.html\" target=\"_blank\" rel=\"noopener\">Matar\u00f3 Radio<\/a> y <a href=\"http:\/\/www.correofarmaceutico.com\/2017\/03\/21\/gestion\/oficina-de-farmacia\/vender-un-servicio-farmaceutico-implica-creerselo\" target=\"_blank\" rel=\"noopener\">Correo Farmac\u00e9utico<\/a>. Por un lado, el programa <i>Y\u2026 \u00bfc\u00f3mo est\u00e1s de salud? <\/i>de la radio del Maresme llev\u00f3 a <b>t\u00e9rmino una entrevista en Pilar Gasc\u00f3n<\/b>, vocal del Colegio y secretaria del Consejo de Colegios de Farmac\u00e9uticos (del minuto 16&#039;38\u201d al 40&#039;44\u201d)<b> para conocer qu\u00e9 se quiere decir cuando se habla del papel asistencial del farmac\u00e9utico y qu\u00e9 se lleva a cabo cuando se desarrollan estas funciones<\/b>. En segundo lugar, la publicaci\u00f3n de Correo Farmac\u00e9utico inform\u00f3 sobre <b>los servicios profesionales y c\u00f3mo venderlos; creyendo y \u201cteniendo como finalidad cubrir una necesidad real de un usuario\u201d.<\/b> La pieza recogi\u00f3 declaraciones de Guillermo Bagaria, vicetesorero y responsable de Atenci\u00f3n Farmac\u00e9utica del Colegio, extra\u00eddas de la mesa de Infarma <i>Clavas para gestionar y vender un servicio profesional<\/i>.<b><\/div><\/b><\/p>\n<p><b><div class=\"box shadow\"><a href=\"http:\/\/blog.cofb.cat\/el-cofb-el-consell-premiats-amb-quatre-guardons-per-correo-farmaceutico\/\" target=\"_blank\" rel=\"noopener\">Premios Correo Farmac\u00e9utico a las mejores iniciativas del a\u00f1o<\/a>\u00a0<\/b><\/p>\n[caption id=&quot;attachment_29511&quot; align=&quot;alignright&quot; width=&quot;300&quot;]<a href=\"http:\/\/www.correofarmaceutico.com\/2017\/03\/14\/al-dia\/salud-publica\/gran-exito-de-cf-en-sus-premios-a-las-mejores-iniciativas-de-la-farmacia\" target=\"_blank\" rel=\"noopener\"><img loading=\"lazy\" decoding=\"async\" class=\"wp-image-29511\" title=\"Infarma, Barcelona sede de la EMA y \u00c1gora Sanitaria, temas destacados en marzo \" alt=\"Els premis del Correo Farmac\u00e9utico\" src=\"http:\/\/blog.cofb.cat\/wp-content\/uploads\/2017\/04\/5CF-300x67.jpg\" width=\"300\" height=\"67\" \/><\/a> Los premios del Correo Farmac\u00e9utico[\/caption]\n<p>Como cada a\u00f1o, <a href=\"http:\/\/www.correofarmaceutico.com\/2017\/03\/14\/al-dia\/salud-publica\/gran-exito-de-cf-en-sus-premios-a-las-mejores-iniciativas-de-la-farmacia\" target=\"_blank\" rel=\"noopener\">Correo Farmac\u00e9utico<\/a> concede los galardones a las mejores iniciativas llevadas a cabo durante el a\u00f1o. Este a\u00f1o, <b>el Colegio y el Consejo han obtenido 4 por los proyectos <i>T\u00f3mate el pulso; Antes de dejarte la piel, consulta; Formulario de paliativos <\/i>y <i>Programa de Detecci\u00f3n Precoz del C\u00e1ncer de Colon y Recto<\/i><\/b>. Jordi de Dalmases, presidente del Colegio, Guillermo Bagar\u00eda, vicetesorero del COFB, y Francesc Llamb\u00ed, vocal del Colegio, se trasladaron a Madrid para recoger los distintos premios.<b><\/div><\/b><\/p>\n<p><b><div class=\"box shadow\"><\/b><b>Fuentes de informaci\u00f3n<\/b><\/p>\n[caption id=&quot;attachment_29552&quot; align=&quot;alignleft&quot; width=&quot;270&quot;]<a href=\"http:\/\/www.rac1.cat\/info-rac1\/20170323\/421118603415\/la-vacuna-contra-la-meningitis-b-ja-es-a-les-farmacies.html\" target=\"_blank\" rel=\"noopener\"><img loading=\"lazy\" decoding=\"async\" class=\"wp-image-29552\" title=\"Infarma, Barcelona sede de la EMA y \u00c1gora Sanitaria, temas m\u00e1s destacados en marzo \" alt=\"Not\u00edcia de RAC1 sobre la vacuna contra la meningitis B\" src=\"http:\/\/blog.cofb.cat\/wp-content\/uploads\/2017\/04\/6rac1asdf1-300x188.jpg\" width=\"270\" height=\"169\" \/><\/a> Noticia de RAC1 sobre la vacuna contra la meningitis B[\/caption]\n<p>El Colegio sigui\u00f3 siendo una fuente de referencia por los medios en marzo. Y es que, adem\u00e1s de todas las declaraciones que se han recogido en los temas anteriores, el informativo del programa <a href=\"http:\/\/www.rac1.cat\/info-rac1\/20170323\/421118603415\/la-vacuna-contra-la-meningitis-b-ja-es-a-les-farmacies.html\" target=\"_blank\" rel=\"noopener\"><i>14\/15<\/i> <\/a>de RAC1 tom\u00f3 del vicetesorero del COFB, Guillermo Bagar\u00eda, <b>para entender la situaci\u00f3n del sector en relaci\u00f3n al desabastecimiento de la vacuna contra la meningitis B<\/b>. La noticia surg\u00eda en el momento en que se sab\u00eda que se hab\u00edan puesto a la venta m\u00e1s de 230.000 dosis y, gracias a ello, Bagar\u00eda explicaba que se ten\u00eda <b>la expectativa de apaciguar la gran demanda de la vacuna<\/b>, pero recordaba que <b>&quot;el dise\u00f1o de vacunaci\u00f3n est\u00e1 previsto por grupos de riesgo&quot;<\/b>, es decir, <b>&quot;personas a las que se les recomiende&quot;. <\/b><\/p>\n<p><b><span style=\"color: #888888;\">El COFB tambi\u00e9n fue fuente de informaci\u00f3n sobre esta vacuna para m\u00e1s de una decena de medios de comunicaci\u00f3n<\/span>.<b><\/div><\/b><\/b><\/p>","protected":false},"excerpt":{"rendered":"","protected":false},"author":1,"featured_media":29635,"comment_status":"open","ping_status":"open","sticky":false,"template":"","format":"standard","meta":{"_uag_custom_page_level_css":"","site-sidebar-layout":"default","site-content-layout":"","ast-site-content-layout":"default","site-content-style":"default","site-sidebar-style":"default","ast-global-header-display":"","ast-banner-title-visibility":"","ast-main-header-display":"","ast-hfb-above-header-display":"","ast-hfb-below-header-display":"","ast-hfb-mobile-header-display":"","site-post-title":"","ast-breadcrumbs-content":"","ast-featured-img":"disabled","footer-sml-layout":"","theme-transparent-header-meta":"","adv-header-id-meta":"","stick-header-meta":"","header-above-stick-meta":"","header-main-stick-meta":"","header-below-stick-meta":"","astra-migrate-meta-layouts":"default","ast-page-background-enabled":"default","ast-page-background-meta":{"desktop":{"background-color":"var(--ast-global-color-4)","background-image":"","background-repeat":"repeat","background-position":"center center","background-size":"auto","background-attachment":"scroll","background-type":"","background-media":"","overlay-type":"","overlay-color":"","overlay-opacity":"","overlay-gradient":""},"tablet":{"background-color":"","background-image":"","background-repeat":"repeat","background-position":"center center","background-size":"auto","background-attachment":"scroll","background-type":"","background-media":"","overlay-type":"","overlay-color":"","overlay-opacity":"","overlay-gradient":""},"mobile":{"background-color":"","background-image":"","background-repeat":"repeat","background-position":"center center","background-size":"auto","background-attachment":"scroll","background-type":"","background-media":"","overlay-type":"","overlay-color":"","overlay-opacity":"","overlay-gradient":""}},"ast-content-background-meta":{"desktop":{"background-color":"var(--ast-global-color-5)","background-image":"","background-repeat":"repeat","background-position":"center center","background-size":"auto","background-attachment":"scroll","background-type":"","background-media":"","overlay-type":"","overlay-color":"","overlay-opacity":"","overlay-gradient":""},"tablet":{"background-color":"var(--ast-global-color-5)","background-image":"","background-repeat":"repeat","background-position":"center center","background-size":"auto","background-attachment":"scroll","background-type":"","background-media":"","overlay-type":"","overlay-color":"","overlay-opacity":"","overlay-gradient":""},"mobile":{"background-color":"var(--ast-global-color-5)","background-image":"","background-repeat":"repeat","background-position":"center center","background-size":"auto","background-attachment":"scroll","background-type":"","background-media":"","overlay-type":"","overlay-color":"","overlay-opacity":"","overlay-gradient":""}},"footnotes":""},"categories":[23,32],"tags":[2484,109,424,113,28,2491,459,2371,2387],"class_list":["post-29499","post","type-post","status-publish","format-standard","has-post-thumbnail","hentry","category-destacats","category-noticies-farmacia","tag-agencia-europea-del-medicament","tag-agora-sanitaria","tag-ema","tag-farmacia-assistencial","tag-infarma","tag-infarma-barcelona-2017","tag-mitjans","tag-premis-correo-farmaceutico","tag-vacuna-meningitis"],"yoast_head":"<!-- This site is optimized with the Yoast SEO plugin v22.4 - https:\/\/yoast.com\/wordpress\/plugins\/seo\/ -->\n<title>Infarma, Barcelona seu de l&#039;EMA i \u00c0gora Sanit\u00e0ria, temes destacats al mar\u00e7<\/title>\n<meta name=\"description\" content=\"Infarma, Barcelona seu de l&#039;EMA i \u00c0gora Sanit\u00e0ria, temes destacats al mar\u00e7. Intervencions del COFB \/ farm\u00e0cia als mitjans de comunicaci\u00f3\" \/>\n<meta name=\"robots\" content=\"index, follow, max-snippet:-1, max-image-preview:large, max-video-preview:-1\" \/>\n<link rel=\"canonical\" href=\"https:\/\/novaorg.cofb.net\/2017\/04\/25\/infarma-barcelona-seu-de-lema-agora-sanitaria-temes-destacats-al-marc\/\" \/>\n<meta property=\"og:locale\" content=\"es_ES\" \/>\n<meta property=\"og:type\" content=\"article\" \/>\n<meta property=\"og:title\" content=\"Infarma, Barcelona seu de l&#039;EMA i \u00c0gora Sanit\u00e0ria, temes destacats al mar\u00e7\" \/>\n<meta property=\"og:description\" content=\"Infarma, Barcelona seu de l&#039;EMA i \u00c0gora Sanit\u00e0ria, temes destacats al mar\u00e7. Intervencions del COFB \/ farm\u00e0cia als mitjans de comunicaci\u00f3\" \/>\n<meta property=\"og:url\" content=\"https:\/\/novaorg.cofb.net\/2017\/04\/25\/infarma-barcelona-seu-de-lema-agora-sanitaria-temes-destacats-al-marc\/\" \/>\n<meta property=\"og:site_name\" content=\"Col\u00b7legi de Farmac\u00e8utics de Barcelona\" \/>\n<meta property=\"article:publisher\" content=\"https:\/\/www.facebook.com\/farmaceuticsbcn\/\" \/>\n<meta property=\"article:published_time\" content=\"2017-04-25T14:42:12+00:00\" \/>\n<meta name=\"author\" content=\"wpAdminCofbOrg\" \/>\n<meta name=\"twitter:card\" content=\"summary_large_image\" \/>\n<meta name=\"twitter:creator\" content=\"@farmaceuticsbcn\" \/>\n<meta name=\"twitter:site\" content=\"@farmaceuticsbcn\" \/>\n<meta name=\"twitter:label1\" content=\"Escrito por\" \/>\n\t<meta name=\"twitter:data1\" content=\"wpAdminCofbOrg\" \/>\n\t<meta name=\"twitter:label2\" content=\"Tiempo de lectura\" \/>\n\t<meta name=\"twitter:data2\" content=\"7 minutos\" \/>\n<script type=\"application\/ld+json\" class=\"yoast-schema-graph\">{\"@context\":\"https:\/\/schema.org\",\"@graph\":[{\"@type\":\"Article\",\"@id\":\"https:\/\/novaorg.cofb.net\/2017\/04\/25\/infarma-barcelona-seu-de-lema-agora-sanitaria-temes-destacats-al-marc\/#article\",\"isPartOf\":{\"@id\":\"https:\/\/novaorg.cofb.net\/2017\/04\/25\/infarma-barcelona-seu-de-lema-agora-sanitaria-temes-destacats-al-marc\/\"},\"author\":{\"name\":\"wpAdminCofbOrg\",\"@id\":\"https:\/\/www.cofb.org\/#\/schema\/person\/22ed7eea88da74b0fa4d3154ad87ffcb\"},\"headline\":\"Infarma, Barcelona seu de l&#8217;EMA i \u00c0gora Sanit\u00e0ria, temes destacats al mar\u00e7\",\"datePublished\":\"2017-04-25T14:42:12+00:00\",\"dateModified\":\"2017-04-25T14:42:12+00:00\",\"mainEntityOfPage\":{\"@id\":\"https:\/\/novaorg.cofb.net\/2017\/04\/25\/infarma-barcelona-seu-de-lema-agora-sanitaria-temes-destacats-al-marc\/\"},\"wordCount\":1397,\"commentCount\":0,\"publisher\":{\"@id\":\"https:\/\/www.cofb.org\/#organization\"},\"image\":{\"@id\":\"https:\/\/novaorg.cofb.net\/2017\/04\/25\/infarma-barcelona-seu-de-lema-agora-sanitaria-temes-destacats-al-marc\/#primaryimage\"},\"thumbnailUrl\":\"\",\"keywords\":[\"Ag\u00e8ncia Europea del Medicament\",\"\u00c1gora Sanitaria\",\"EMA\",\"farm\u00e0cia assistencial\",\"Infarma\",\"Infarma Barcelona 2017\",\"Mitjans\",\"Premis Correo Farmac\u00e9utico\",\"vacuna meningitis\"],\"articleSection\":[\"Destacats\",\"Not\u00edcies farm\u00e0cia\"],\"inLanguage\":\"es\",\"potentialAction\":[{\"@type\":\"CommentAction\",\"name\":\"Comment\",\"target\":[\"https:\/\/novaorg.cofb.net\/2017\/04\/25\/infarma-barcelona-seu-de-lema-agora-sanitaria-temes-destacats-al-marc\/#respond\"]}]},{\"@type\":\"WebPage\",\"@id\":\"https:\/\/novaorg.cofb.net\/2017\/04\/25\/infarma-barcelona-seu-de-lema-agora-sanitaria-temes-destacats-al-marc\/\",\"url\":\"https:\/\/novaorg.cofb.net\/2017\/04\/25\/infarma-barcelona-seu-de-lema-agora-sanitaria-temes-destacats-al-marc\/\",\"name\":\"Infarma, Barcelona seu de l'EMA i \u00c0gora Sanit\u00e0ria, temes destacats al mar\u00e7\",\"isPartOf\":{\"@id\":\"https:\/\/www.cofb.org\/#website\"},\"primaryImageOfPage\":{\"@id\":\"https:\/\/novaorg.cofb.net\/2017\/04\/25\/infarma-barcelona-seu-de-lema-agora-sanitaria-temes-destacats-al-marc\/#primaryimage\"},\"image\":{\"@id\":\"https:\/\/novaorg.cofb.net\/2017\/04\/25\/infarma-barcelona-seu-de-lema-agora-sanitaria-temes-destacats-al-marc\/#primaryimage\"},\"thumbnailUrl\":\"\",\"datePublished\":\"2017-04-25T14:42:12+00:00\",\"dateModified\":\"2017-04-25T14:42:12+00:00\",\"description\":\"Infarma, Barcelona seu de l'EMA i \u00c0gora Sanit\u00e0ria, temes destacats al mar\u00e7. Intervencions del COFB \/ farm\u00e0cia als mitjans de comunicaci\u00f3\",\"breadcrumb\":{\"@id\":\"https:\/\/novaorg.cofb.net\/2017\/04\/25\/infarma-barcelona-seu-de-lema-agora-sanitaria-temes-destacats-al-marc\/#breadcrumb\"},\"inLanguage\":\"es\",\"potentialAction\":[{\"@type\":\"ReadAction\",\"target\":[\"https:\/\/novaorg.cofb.net\/2017\/04\/25\/infarma-barcelona-seu-de-lema-agora-sanitaria-temes-destacats-al-marc\/\"]}]},{\"@type\":\"ImageObject\",\"inLanguage\":\"es\",\"@id\":\"https:\/\/novaorg.cofb.net\/2017\/04\/25\/infarma-barcelona-seu-de-lema-agora-sanitaria-temes-destacats-al-marc\/#primaryimage\",\"url\":\"\",\"contentUrl\":\"\"},{\"@type\":\"BreadcrumbList\",\"@id\":\"https:\/\/novaorg.cofb.net\/2017\/04\/25\/infarma-barcelona-seu-de-lema-agora-sanitaria-temes-destacats-al-marc\/#breadcrumb\",\"itemListElement\":[{\"@type\":\"ListItem\",\"position\":1,\"name\":\"Inici\",\"item\":\"https:\/\/novaorg.cofb.net\/\"},{\"@type\":\"ListItem\",\"position\":2,\"name\":\"Infarma, Barcelona seu de l&#8217;EMA i \u00c0gora Sanit\u00e0ria, temes destacats al mar\u00e7\"}]},{\"@type\":\"WebSite\",\"@id\":\"https:\/\/www.cofb.org\/#website\",\"url\":\"https:\/\/www.cofb.org\/\",\"name\":\"Col\u00b7legi de Farmac\u00e8utics de Barcelona\",\"description\":\"\",\"publisher\":{\"@id\":\"https:\/\/www.cofb.org\/#organization\"},\"potentialAction\":[{\"@type\":\"SearchAction\",\"target\":{\"@type\":\"EntryPoint\",\"urlTemplate\":\"https:\/\/www.cofb.org\/?s={search_term_string}\"},\"query-input\":\"required name=search_term_string\"}],\"inLanguage\":\"es\"},{\"@type\":\"Organization\",\"@id\":\"https:\/\/www.cofb.org\/#organization\",\"name\":\"Col\u00b7legi de Farmac\u00e8utics de Barcelona\",\"url\":\"https:\/\/www.cofb.org\/\",\"logo\":{\"@type\":\"ImageObject\",\"inLanguage\":\"es\",\"@id\":\"https:\/\/www.cofb.org\/#\/schema\/logo\/image\/\",\"url\":\"https:\/\/www.cofb.org\/wp-content\/uploads\/2023\/11\/cropped-Logotip-COFB.png\",\"contentUrl\":\"https:\/\/www.cofb.org\/wp-content\/uploads\/2023\/11\/cropped-Logotip-COFB.png\",\"width\":500,\"height\":105,\"caption\":\"Col\u00b7legi de Farmac\u00e8utics de Barcelona\"},\"image\":{\"@id\":\"https:\/\/www.cofb.org\/#\/schema\/logo\/image\/\"},\"sameAs\":[\"https:\/\/www.facebook.com\/farmaceuticsbcn\/\",\"https:\/\/twitter.com\/farmaceuticsbcn\",\"https:\/\/www.instagram.com\/farmaceuticsbcn\/\",\"https:\/\/www.linkedin.com\/company\/farmaceuticsbcn\/\"]},{\"@type\":\"Person\",\"@id\":\"https:\/\/www.cofb.org\/#\/schema\/person\/22ed7eea88da74b0fa4d3154ad87ffcb\",\"name\":\"wpAdminCofbOrg\",\"image\":{\"@type\":\"ImageObject\",\"inLanguage\":\"es\",\"@id\":\"https:\/\/www.cofb.org\/#\/schema\/person\/image\/\",\"url\":\"https:\/\/secure.gravatar.com\/avatar\/1721b20b3b8ca882c3b56ec6c978c594fff670e40c0718e9190eaeeb76aae7d8?s=96&d=mm&r=g\",\"contentUrl\":\"https:\/\/secure.gravatar.com\/avatar\/1721b20b3b8ca882c3b56ec6c978c594fff670e40c0718e9190eaeeb76aae7d8?s=96&d=mm&r=g\",\"caption\":\"wpAdminCofbOrg\"},\"sameAs\":[\"http:\/\/192.168.64.122\/wordpress\"],\"url\":\"https:\/\/www.cofb.org\/es\/author\/wpadmincofborg\/\"}]}<\/script>\n<!-- \/ Yoast SEO plugin. -->","yoast_head_json":{"title":"Infarma, Barcelona seu de l'EMA i \u00c0gora Sanit\u00e0ria, temes destacats al mar\u00e7","description":"Infarma, Barcelona seu de l'EMA i \u00c0gora Sanit\u00e0ria, temes destacats al mar\u00e7. Intervencions del COFB \/ farm\u00e0cia als mitjans de comunicaci\u00f3","robots":{"index":"index","follow":"follow","max-snippet":"max-snippet:-1","max-image-preview":"max-image-preview:large","max-video-preview":"max-video-preview:-1"},"canonical":"https:\/\/novaorg.cofb.net\/2017\/04\/25\/infarma-barcelona-seu-de-lema-agora-sanitaria-temes-destacats-al-marc\/","og_locale":"es_ES","og_type":"article","og_title":"Infarma, Barcelona seu de l'EMA i \u00c0gora Sanit\u00e0ria, temes destacats al mar\u00e7","og_description":"Infarma, Barcelona seu de l'EMA i \u00c0gora Sanit\u00e0ria, temes destacats al mar\u00e7. Intervencions del COFB \/ farm\u00e0cia als mitjans de comunicaci\u00f3","og_url":"https:\/\/novaorg.cofb.net\/2017\/04\/25\/infarma-barcelona-seu-de-lema-agora-sanitaria-temes-destacats-al-marc\/","og_site_name":"Col\u00b7legi de Farmac\u00e8utics de Barcelona","article_publisher":"https:\/\/www.facebook.com\/farmaceuticsbcn\/","article_published_time":"2017-04-25T14:42:12+00:00","author":"wpAdminCofbOrg","twitter_card":"summary_large_image","twitter_creator":"@farmaceuticsbcn","twitter_site":"@farmaceuticsbcn","twitter_misc":{"Escrito por":"wpAdminCofbOrg","Tiempo de lectura":"7 minutos"},"schema":{"@context":"https:\/\/schema.org","@graph":[{"@type":"Article","@id":"https:\/\/novaorg.cofb.net\/2017\/04\/25\/infarma-barcelona-seu-de-lema-agora-sanitaria-temes-destacats-al-marc\/#article","isPartOf":{"@id":"https:\/\/novaorg.cofb.net\/2017\/04\/25\/infarma-barcelona-seu-de-lema-agora-sanitaria-temes-destacats-al-marc\/"},"author":{"name":"wpAdminCofbOrg","@id":"https:\/\/www.cofb.org\/#\/schema\/person\/22ed7eea88da74b0fa4d3154ad87ffcb"},"headline":"Infarma, Barcelona seu de l&#8217;EMA i \u00c0gora Sanit\u00e0ria, temes destacats al mar\u00e7","datePublished":"2017-04-25T14:42:12+00:00","dateModified":"2017-04-25T14:42:12+00:00","mainEntityOfPage":{"@id":"https:\/\/novaorg.cofb.net\/2017\/04\/25\/infarma-barcelona-seu-de-lema-agora-sanitaria-temes-destacats-al-marc\/"},"wordCount":1397,"commentCount":0,"publisher":{"@id":"https:\/\/www.cofb.org\/#organization"},"image":{"@id":"https:\/\/novaorg.cofb.net\/2017\/04\/25\/infarma-barcelona-seu-de-lema-agora-sanitaria-temes-destacats-al-marc\/#primaryimage"},"thumbnailUrl":"","keywords":["Ag\u00e8ncia Europea del Medicament","\u00c1gora Sanitaria","EMA","farm\u00e0cia assistencial","Infarma","Infarma Barcelona 2017","Mitjans","Premis Correo Farmac\u00e9utico","vacuna meningitis"],"articleSection":["Destacats","Not\u00edcies farm\u00e0cia"],"inLanguage":"es","potentialAction":[{"@type":"CommentAction","name":"Comment","target":["https:\/\/novaorg.cofb.net\/2017\/04\/25\/infarma-barcelona-seu-de-lema-agora-sanitaria-temes-destacats-al-marc\/#respond"]}]},{"@type":"WebPage","@id":"https:\/\/novaorg.cofb.net\/2017\/04\/25\/infarma-barcelona-seu-de-lema-agora-sanitaria-temes-destacats-al-marc\/","url":"https:\/\/novaorg.cofb.net\/2017\/04\/25\/infarma-barcelona-seu-de-lema-agora-sanitaria-temes-destacats-al-marc\/","name":"Infarma, Barcelona seu de l'EMA i \u00c0gora Sanit\u00e0ria, temes destacats al mar\u00e7","isPartOf":{"@id":"https:\/\/www.cofb.org\/#website"},"primaryImageOfPage":{"@id":"https:\/\/novaorg.cofb.net\/2017\/04\/25\/infarma-barcelona-seu-de-lema-agora-sanitaria-temes-destacats-al-marc\/#primaryimage"},"image":{"@id":"https:\/\/novaorg.cofb.net\/2017\/04\/25\/infarma-barcelona-seu-de-lema-agora-sanitaria-temes-destacats-al-marc\/#primaryimage"},"thumbnailUrl":"","datePublished":"2017-04-25T14:42:12+00:00","dateModified":"2017-04-25T14:42:12+00:00","description":"Infarma, Barcelona seu de l'EMA i \u00c0gora Sanit\u00e0ria, temes destacats al mar\u00e7. Intervencions del COFB \/ farm\u00e0cia als mitjans de comunicaci\u00f3","breadcrumb":{"@id":"https:\/\/novaorg.cofb.net\/2017\/04\/25\/infarma-barcelona-seu-de-lema-agora-sanitaria-temes-destacats-al-marc\/#breadcrumb"},"inLanguage":"es","potentialAction":[{"@type":"ReadAction","target":["https:\/\/novaorg.cofb.net\/2017\/04\/25\/infarma-barcelona-seu-de-lema-agora-sanitaria-temes-destacats-al-marc\/"]}]},{"@type":"ImageObject","inLanguage":"es","@id":"https:\/\/novaorg.cofb.net\/2017\/04\/25\/infarma-barcelona-seu-de-lema-agora-sanitaria-temes-destacats-al-marc\/#primaryimage","url":"","contentUrl":""},{"@type":"BreadcrumbList","@id":"https:\/\/novaorg.cofb.net\/2017\/04\/25\/infarma-barcelona-seu-de-lema-agora-sanitaria-temes-destacats-al-marc\/#breadcrumb","itemListElement":[{"@type":"ListItem","position":1,"name":"Inici","item":"https:\/\/novaorg.cofb.net\/"},{"@type":"ListItem","position":2,"name":"Infarma, Barcelona seu de l&#8217;EMA i \u00c0gora Sanit\u00e0ria, temes destacats al mar\u00e7"}]},{"@type":"WebSite","@id":"https:\/\/www.cofb.org\/#website","url":"https:\/\/www.cofb.org\/","name":"Col\u00b7legi de Farmac\u00e8utics de Barcelona","description":"","publisher":{"@id":"https:\/\/www.cofb.org\/#organization"},"potentialAction":[{"@type":"SearchAction","target":{"@type":"EntryPoint","urlTemplate":"https:\/\/www.cofb.org\/?s={search_term_string}"},"query-input":"required name=search_term_string"}],"inLanguage":"es"},{"@type":"Organization","@id":"https:\/\/www.cofb.org\/#organization","name":"Col\u00b7legi de Farmac\u00e8utics de Barcelona","url":"https:\/\/www.cofb.org\/","logo":{"@type":"ImageObject","inLanguage":"es","@id":"https:\/\/www.cofb.org\/#\/schema\/logo\/image\/","url":"https:\/\/www.cofb.org\/wp-content\/uploads\/2023\/11\/cropped-Logotip-COFB.png","contentUrl":"https:\/\/www.cofb.org\/wp-content\/uploads\/2023\/11\/cropped-Logotip-COFB.png","width":500,"height":105,"caption":"Col\u00b7legi de Farmac\u00e8utics de Barcelona"},"image":{"@id":"https:\/\/www.cofb.org\/#\/schema\/logo\/image\/"},"sameAs":["https:\/\/www.facebook.com\/farmaceuticsbcn\/","https:\/\/twitter.com\/farmaceuticsbcn","https:\/\/www.instagram.com\/farmaceuticsbcn\/","https:\/\/www.linkedin.com\/company\/farmaceuticsbcn\/"]},{"@type":"Person","@id":"https:\/\/www.cofb.org\/#\/schema\/person\/22ed7eea88da74b0fa4d3154ad87ffcb","name":"wpAdminCofbOrg","image":{"@type":"ImageObject","inLanguage":"es","@id":"https:\/\/www.cofb.org\/#\/schema\/person\/image\/","url":"https:\/\/secure.gravatar.com\/avatar\/1721b20b3b8ca882c3b56ec6c978c594fff670e40c0718e9190eaeeb76aae7d8?s=96&d=mm&r=g","contentUrl":"https:\/\/secure.gravatar.com\/avatar\/1721b20b3b8ca882c3b56ec6c978c594fff670e40c0718e9190eaeeb76aae7d8?s=96&d=mm&r=g","caption":"wpAdminCofbOrg"},"sameAs":["http:\/\/192.168.64.122\/wordpress"],"url":"https:\/\/www.cofb.org\/es\/author\/wpadmincofborg\/"}]}},"uagb_featured_image_src":{"full":false,"thumbnail":false,"medium":false,"medium_large":false,"large":false,"1536x1536":false,"2048x2048":false,"trp-custom-language-flag":false},"uagb_author_info":{"display_name":"wpAdminCofbOrg","author_link":"https:\/\/www.cofb.org\/es\/author\/wpadmincofborg\/"},"uagb_comment_info":0,"uagb_excerpt":null,"_links":{"self":[{"href":"https:\/\/www.cofb.org\/es\/wp-json\/wp\/v2\/posts\/29499","targetHints":{"allow":["GET"]}}],"collection":[{"href":"https:\/\/www.cofb.org\/es\/wp-json\/wp\/v2\/posts"}],"about":[{"href":"https:\/\/www.cofb.org\/es\/wp-json\/wp\/v2\/types\/post"}],"author":[{"embeddable":true,"href":"https:\/\/www.cofb.org\/es\/wp-json\/wp\/v2\/users\/1"}],"replies":[{"embeddable":true,"href":"https:\/\/www.cofb.org\/es\/wp-json\/wp\/v2\/comments?post=29499"}],"version-history":[{"count":0,"href":"https:\/\/www.cofb.org\/es\/wp-json\/wp\/v2\/posts\/29499\/revisions"}],"wp:featuredmedia":[{"embeddable":true,"href":"https:\/\/www.cofb.org\/es\/wp-json\/"}],"wp:attachment":[{"href":"https:\/\/www.cofb.org\/es\/wp-json\/wp\/v2\/media?parent=29499"}],"wp:term":[{"taxonomy":"category","embeddable":true,"href":"https:\/\/www.cofb.org\/es\/wp-json\/wp\/v2\/categories?post=29499"},{"taxonomy":"post_tag","embeddable":true,"href":"https:\/\/www.cofb.org\/es\/wp-json\/wp\/v2\/tags?post=29499"}],"curies":[{"name":"wp","href":"https:\/\/api.w.org\/{rel}","templated":true}]}}