{"id":29399,"date":"2017-04-19T14:31:40","date_gmt":"2017-04-19T13:31:40","guid":{"rendered":"http:\/\/blog.cofb.cat\/?p=29399"},"modified":"2017-04-19T14:31:40","modified_gmt":"2017-04-19T13:31:40","slug":"farmacies-actives-en-el-dia-mundial-de-la-salut","status":"publish","type":"post","link":"https:\/\/www.cofb.org\/es\/2017\/04\/19\/farmacies-actives-en-el-dia-mundial-de-la-salut\/","title":{"rendered":"Farmacias activas en el D\u00eda Mundial de la Salud"},"content":{"rendered":"<p>El 7 de abril se celebr\u00f3 el <a href=\"http:\/\/blog.cofb.cat\/6-7-dabril-dies-mundials-de-lactivitat-fisica-la-salut\/\">D\u00eda Mundial de la Salud<\/a>, en conmemoraci\u00f3n del aniversario de la fundaci\u00f3n de la Organizaci\u00f3n Mundial de la Salud en 1948. Destacamos el papel activo de las farmacias de dos ciudades, Sabadell y L&#039;Hospitalet, para conmemorar esta fecha de concienciaci\u00f3n global en el \u00e1mbito de la salud.<\/p>\n<p><a href=\"http:\/\/blog.cofb.cat\/wp-content\/uploads\/2017\/03\/PROGRAMA-FORUM-SALUT_2017-Sabadell_P\u00e1gina_1.jpg\"><img decoding=\"async\" class=\"alignleft  wp-image-28940\" alt=\"PROGRAMA FORUM SALUT_2017 Sabadell_P\u00e1gina_1\" src=\"http:\/\/blog.cofb.cat\/wp-content\/uploads\/2017\/03\/PROGRAMA-FORUM-SALUT_2017-Sabadell_P\u00e1gina_1.jpg\" width=\"179\" height=\"264\" \/><\/a>El 1 de abril, <a href=\"http:\/\/blog.cofb.cat\/dia-mundial-contra-el-cancer-de-colon-recte-xifres-de-la-prova-de-deteccio-precoc-amb-la-participacio-de-les-farmacies\/\">la farmacia comunitaria estuvo presente en <b>Foro Salud de Sabadell<\/b><\/a>, una jornada que quiso reivindicar la perspectiva de los usuarios en la mejora y transformaci\u00f3n del sistema sanitario. Este foro es un instrumento que naci\u00f3 con la pretensi\u00f3n de que anualmente, en torno al D\u00eda Mundial de la Salud, se articulen una serie de sesiones, mesas y debates que puedan ser de inter\u00e9s a la ciudadan\u00eda, y en las que se tengan en cuenta diferentes perspectivas.<\/p>\n<p><a href=\"http:\/\/www.sabadell.cat\/ca\/forum-salut\">Web del Foro.<\/a><\/p>\n<p>Asimismo, las farmacias de Sabadell<strong> ubicaron un stand<\/strong> en el exterior del F\u00f2rum, junto con otras entidades de la ciudad, <strong>para exponer todos los servicios profesionales que realizan.<\/strong><\/p>\n<div class=\"box shadow\">&quot;Se habl\u00f3 de la humanizaci\u00f3n de la salud y de la sociedad civil organizada. Participaron asociaciones de enfermos, profesionales sanitarios -entre ellos farmac\u00e9uticos y farmac\u00e9uticas de Sabadell-, miembros del ayuntamiento\u2026 fue muy interesante y todo el mundo sali\u00f3 muy contento&quot; explica <b>Meritxell Blanchart, coordinadora de las farmacias del Vall\u00e8s Occidental Este<\/b>.<\/p>\n<p>&quot;En cuanto a las farmacias, ya pesar de la lluvia, tambi\u00e9n fue un \u00e9xito de participaci\u00f3n. Fuimos en total 14 farmac\u00e9uticos de Sabadell y nos organizamos muy bien. Destacar el papel de Rosa Jordana como relatora de una de las mesas redondas, y Olga Codinach y Susa Gonzalez que hicieron las charlas\/ los tratamientos&#039;\u201d.<\/div>\n<figure id=\"attachment_29415\" aria-describedby=\"caption-attachment-29415\" style=\"width: 249px\" class=\"wp-caption alignleft\"><a href=\"http:\/\/blog.cofb.cat\/wp-content\/uploads\/2017\/04\/IMG-20170401-WA0009.jpg\"><img decoding=\"async\" class=\"wp-image-29415\" alt=\"IMG-20170401-WA0009\" src=\"http:\/\/blog.cofb.cat\/wp-content\/uploads\/2017\/04\/IMG-20170401-WA0009.jpg\" width=\"249\" height=\"140\" \/><\/a><figcaption id=\"caption-attachment-29415\" class=\"wp-caption-text\">La farmac\u00e9utica Rosa Jordana<\/figcaption><\/figure>\n<figure id=\"attachment_29494\" aria-describedby=\"caption-attachment-29494\" style=\"width: 322px\" class=\"wp-caption alignleft\"><a href=\"http:\/\/blog.cofb.cat\/wp-content\/uploads\/2017\/04\/IMG-20170404-WA0000.jpg\"><img fetchpriority=\"high\" decoding=\"async\" class=\"wp-image-29494\" alt=\"IMG-20170404-WA0000\" src=\"http:\/\/blog.cofb.cat\/wp-content\/uploads\/2017\/04\/IMG-20170404-WA0000.jpg\" width=\"322\" height=\"181\" \/><\/a><figcaption id=\"caption-attachment-29494\" class=\"wp-caption-text\">Meritxell Blanchart, la segunda empezando por la izquierda, con los participantes del F\u00f2rum Salut de Sabadell<\/figcaption><\/figure>\n<p>&nbsp;<\/p>\n<div class=\"custom-divider\"><\/div>\n<p>Tambi\u00e9n en el marco del D\u00eda Mundial de la Salud y el de la Actividad F\u00edsica (un d\u00eda despu\u00e9s),<strong> farmacias comunitarias de L&#039;Hospitalet participaron el 6 de abril en los talleres de h\u00e1bitos saludables y acciones que promueven la actividad f\u00edsica<\/strong> como fuente de salud que organiza la ciudad con motivo de estos d\u00edas mundiales.<\/p>\n<div class=\"box shadow\"><a href=\"http:\/\/blog.cofb.cat\/wp-content\/uploads\/2017\/04\/farmacies-DMsalut-Hospitalet-3.jpg\"><img loading=\"lazy\" decoding=\"async\" class=\"alignleft  wp-image-29402\" alt=\"farmacies-DMsalut-Hospitalet (3)\" src=\"http:\/\/blog.cofb.cat\/wp-content\/uploads\/2017\/04\/farmacies-DMsalut-Hospitalet-3.jpg\" width=\"266\" height=\"199\" \/><\/a>Las farmacias van<strong>\u00a0estar presentes en una carpa a pie de calle para dar a conocer, de primera mano, las actividades asistenciales que se realizan en las farmacias comunitarias de la ciudad bajo el lema \u201c\u00bfSabes todo lo que un farmac\u00e9utico puede hacer por ti?\u201d.<\/strong><\/div>\n<p>En L&#039;Hospitalet, desde hace 8 a\u00f1os, se celebran estos d\u00edas mundiales con un acto multitudinario en la calle, con distintos talleres de h\u00e1bitos saludables y acciones que promueven la actividad f\u00edsica como fuente de salud. La jornada cont\u00f3 con la colaboraci\u00f3n, entre otras entidades, de las farmacias comunitarias de Hospitalet. M\u00e1s informaci\u00f3n en <a href=\"http:\/\/www.l-h.cat\/agenda\/detallAgenda.aspx?1J1xyVlWu6iMoyrMHvSqazCf5yxyO2mgrmez9xgWVvIqqazAAjnOSjW9HfftDBvDt1WBaJH\" target=\"_blank\" rel=\"noopener\">este enlace<\/a>.<\/p>\n<p>En las im\u00e1genes de abajo puede ver la participaci\u00f3n de las farmacias de L&#039;Hospitalet en la carpa informativa:<\/p>\n<p><a href=\"http:\/\/blog.cofb.cat\/wp-content\/uploads\/2017\/04\/farmacies-DMsalut-Hospitalet-4.jpg\"><img loading=\"lazy\" decoding=\"async\" class=\"alignleft  wp-image-29403\" alt=\"farmacies-DMsalut-Hospitalet (4)\" src=\"http:\/\/blog.cofb.cat\/wp-content\/uploads\/2017\/04\/farmacies-DMsalut-Hospitalet-4.jpg\" width=\"154\" height=\"274\" \/><\/a> <a href=\"http:\/\/blog.cofb.cat\/wp-content\/uploads\/2017\/04\/farmacies-DMsalut-Hospitalet-2.jpg\"><img loading=\"lazy\" decoding=\"async\" class=\"wp-image-29401 alignleft\" alt=\"farmacies-DMsalut-Hospitalet (2)\" src=\"http:\/\/blog.cofb.cat\/wp-content\/uploads\/2017\/04\/farmacies-DMsalut-Hospitalet-2.jpg\" width=\"199\" height=\"266\" \/><\/a> <a href=\"http:\/\/blog.cofb.cat\/wp-content\/uploads\/2017\/04\/farmacies-DMsalut-Hospitalet-1.jpg\"><img loading=\"lazy\" decoding=\"async\" class=\"wp-image-29400 alignleft\" alt=\"farmacies-DMsalut-Hospitalet (1)\" src=\"http:\/\/blog.cofb.cat\/wp-content\/uploads\/2017\/04\/farmacies-DMsalut-Hospitalet-1.jpg\" width=\"201\" height=\"268\" \/><\/a><\/p>\n<p>&nbsp;<\/p>\n<p><strong>Noticias relacionadas, v\u00eda Blog:<\/strong><\/p>\n<ul>\n<li><a href=\"http:\/\/blog.cofb.cat\/6-7-dabril-dies-mundials-de-lactivitat-fisica-la-salut\/\" target=\"_blank\" rel=\"noopener\">6 y 7 de abril: d\u00edas mundiales de la Actividad F\u00edsica y la Salud<\/a><\/li>\n<li><a href=\"http:\/\/blog.cofb.cat\/dia-mundial-contra-el-cancer-de-colon-recte-xifres-de-la-prova-de-deteccio-precoc-amb-la-participacio-de-les-farmacies\/\" target=\"_blank\" rel=\"noopener\">D\u00eda Mundial contra el c\u00e1ncer de colon y recto: cifras de la prueba de detecci\u00f3n precoz con la participaci\u00f3n de las farmacias<\/a><\/li>\n<li><a href=\"http:\/\/blog.cofb.cat\/les-farmacies-participen-en-la-setmana-europea-de-la-prova-del-vih\/\" target=\"_blank\" rel=\"noopener\">Las farmacias participan en la Semana Europea de la prueba del VIH<\/a><\/li>\n<li><a href=\"http:\/\/blog.cofb.cat\/exit-de-participacio-en-la-setmana-sense-fum\/\" target=\"_blank\" rel=\"noopener\">\u00c9xito de participaci\u00f3n en la Semana sin humo<\/a><\/li>\n<\/ul>\n<p>&nbsp;<\/p>","protected":false},"excerpt":{"rendered":"<p>El 7 de abril se celebr\u00f3 el D\u00eda Mundial de la Salud, en conmemoraci\u00f3n del aniversario de la fundaci\u00f3n de la Organizaci\u00f3n Mundial de la Salud en 1948. Destacamos el papel activo de las farmacias de dos ciudades, Sabadell y L&#039; Hospitalet, para conmemorar esta fecha de concienciaci\u00f3n global en el \u00e1mbito de [\u2026]<\/p>","protected":false},"author":1,"featured_media":29402,"comment_status":"open","ping_status":"open","sticky":false,"template":"","format":"standard","meta":{"_uag_custom_page_level_css":"","site-sidebar-layout":"default","site-content-layout":"","ast-site-content-layout":"default","site-content-style":"default","site-sidebar-style":"default","ast-global-header-display":"","ast-banner-title-visibility":"","ast-main-header-display":"","ast-hfb-above-header-display":"","ast-hfb-below-header-display":"","ast-hfb-mobile-header-display":"","site-post-title":"","ast-breadcrumbs-content":"","ast-featured-img":"disabled","footer-sml-layout":"","theme-transparent-header-meta":"","adv-header-id-meta":"","stick-header-meta":"","header-above-stick-meta":"","header-main-stick-meta":"","header-below-stick-meta":"","astra-migrate-meta-layouts":"default","ast-page-background-enabled":"default","ast-page-background-meta":{"desktop":{"background-color":"var(--ast-global-color-4)","background-image":"","background-repeat":"repeat","background-position":"center center","background-size":"auto","background-attachment":"scroll","background-type":"","background-media":"","overlay-type":"","overlay-color":"","overlay-opacity":"","overlay-gradient":""},"tablet":{"background-color":"","background-image":"","background-repeat":"repeat","background-position":"center center","background-size":"auto","background-attachment":"scroll","background-type":"","background-media":"","overlay-type":"","overlay-color":"","overlay-opacity":"","overlay-gradient":""},"mobile":{"background-color":"","background-image":"","background-repeat":"repeat","background-position":"center center","background-size":"auto","background-attachment":"scroll","background-type":"","background-media":"","overlay-type":"","overlay-color":"","overlay-opacity":"","overlay-gradient":""}},"ast-content-background-meta":{"desktop":{"background-color":"var(--ast-global-color-5)","background-image":"","background-repeat":"repeat","background-position":"center center","background-size":"auto","background-attachment":"scroll","background-type":"","background-media":"","overlay-type":"","overlay-color":"","overlay-opacity":"","overlay-gradient":""},"tablet":{"background-color":"var(--ast-global-color-5)","background-image":"","background-repeat":"repeat","background-position":"center center","background-size":"auto","background-attachment":"scroll","background-type":"","background-media":"","overlay-type":"","overlay-color":"","overlay-opacity":"","overlay-gradient":""},"mobile":{"background-color":"var(--ast-global-color-5)","background-image":"","background-repeat":"repeat","background-position":"center center","background-size":"auto","background-attachment":"scroll","background-type":"","background-media":"","overlay-type":"","overlay-color":"","overlay-opacity":"","overlay-gradient":""}},"footnotes":""},"categories":[32],"tags":[2737,2366,69,2742],"class_list":["post-29399","post","type-post","status-publish","format-standard","has-post-thumbnail","hentry","category-noticies-farmacia","tag-dia-mundial-de-lactivitat-fisica","tag-dia-mundial-de-la-salut","tag-farmacia-comunitaria","tag-forum-salut-sabadell"],"yoast_head":"<!-- This site is optimized with the Yoast SEO plugin v22.4 - https:\/\/yoast.com\/wordpress\/plugins\/seo\/ -->\n<title>Farm\u00e0cies actives en el Dia Mundial de la Salut<\/title>\n<meta name=\"description\" content=\"Farm\u00e0cies actives en el Dia Mundial de la Salut. Farm\u00e0cies comunit\u00e0ries de Sabadell i L&#039;Hospitalet\" \/>\n<meta name=\"robots\" content=\"index, follow, max-snippet:-1, max-image-preview:large, max-video-preview:-1\" \/>\n<link rel=\"canonical\" href=\"https:\/\/novaorg.cofb.net\/2017\/04\/19\/farmacies-actives-en-el-dia-mundial-de-la-salut\/\" \/>\n<meta property=\"og:locale\" content=\"es_ES\" \/>\n<meta property=\"og:type\" content=\"article\" \/>\n<meta property=\"og:title\" content=\"Farm\u00e0cies actives en el Dia Mundial de la Salut\" \/>\n<meta property=\"og:description\" content=\"Farm\u00e0cies actives en el Dia Mundial de la Salut. Farm\u00e0cies comunit\u00e0ries de Sabadell i L&#039;Hospitalet\" \/>\n<meta property=\"og:url\" content=\"https:\/\/novaorg.cofb.net\/2017\/04\/19\/farmacies-actives-en-el-dia-mundial-de-la-salut\/\" \/>\n<meta property=\"og:site_name\" content=\"Col\u00b7legi de Farmac\u00e8utics de Barcelona\" \/>\n<meta property=\"article:publisher\" content=\"https:\/\/www.facebook.com\/farmaceuticsbcn\/\" \/>\n<meta property=\"article:published_time\" content=\"2017-04-19T13:31:40+00:00\" \/>\n<meta name=\"author\" content=\"wpAdminCofbOrg\" \/>\n<meta name=\"twitter:card\" content=\"summary_large_image\" \/>\n<meta name=\"twitter:creator\" content=\"@farmaceuticsbcn\" \/>\n<meta name=\"twitter:site\" content=\"@farmaceuticsbcn\" \/>\n<meta name=\"twitter:label1\" content=\"Escrito por\" \/>\n\t<meta name=\"twitter:data1\" content=\"wpAdminCofbOrg\" \/>\n\t<meta name=\"twitter:label2\" content=\"Tiempo de lectura\" \/>\n\t<meta name=\"twitter:data2\" content=\"3 minutos\" \/>\n<script type=\"application\/ld+json\" class=\"yoast-schema-graph\">{\"@context\":\"https:\/\/schema.org\",\"@graph\":[{\"@type\":\"Article\",\"@id\":\"https:\/\/novaorg.cofb.net\/2017\/04\/19\/farmacies-actives-en-el-dia-mundial-de-la-salut\/#article\",\"isPartOf\":{\"@id\":\"https:\/\/novaorg.cofb.net\/2017\/04\/19\/farmacies-actives-en-el-dia-mundial-de-la-salut\/\"},\"author\":{\"name\":\"wpAdminCofbOrg\",\"@id\":\"https:\/\/www.cofb.org\/#\/schema\/person\/22ed7eea88da74b0fa4d3154ad87ffcb\"},\"headline\":\"Farm\u00e0cies actives en el Dia Mundial de la Salut\",\"datePublished\":\"2017-04-19T13:31:40+00:00\",\"dateModified\":\"2017-04-19T13:31:40+00:00\",\"mainEntityOfPage\":{\"@id\":\"https:\/\/novaorg.cofb.net\/2017\/04\/19\/farmacies-actives-en-el-dia-mundial-de-la-salut\/\"},\"wordCount\":631,\"commentCount\":0,\"publisher\":{\"@id\":\"https:\/\/www.cofb.org\/#organization\"},\"image\":{\"@id\":\"https:\/\/novaorg.cofb.net\/2017\/04\/19\/farmacies-actives-en-el-dia-mundial-de-la-salut\/#primaryimage\"},\"thumbnailUrl\":\"\",\"keywords\":[\"Dia Mundial de l'Activitat F\u00edsica\",\"Dia Mundial de la Salut\",\"farm\u00e0cia comunit\u00e0ria\",\"F\u00f2rum Salut Sabadell\"],\"articleSection\":[\"Not\u00edcies farm\u00e0cia\"],\"inLanguage\":\"es\",\"potentialAction\":[{\"@type\":\"CommentAction\",\"name\":\"Comment\",\"target\":[\"https:\/\/novaorg.cofb.net\/2017\/04\/19\/farmacies-actives-en-el-dia-mundial-de-la-salut\/#respond\"]}]},{\"@type\":\"WebPage\",\"@id\":\"https:\/\/novaorg.cofb.net\/2017\/04\/19\/farmacies-actives-en-el-dia-mundial-de-la-salut\/\",\"url\":\"https:\/\/novaorg.cofb.net\/2017\/04\/19\/farmacies-actives-en-el-dia-mundial-de-la-salut\/\",\"name\":\"Farm\u00e0cies actives en el Dia Mundial de la Salut\",\"isPartOf\":{\"@id\":\"https:\/\/www.cofb.org\/#website\"},\"primaryImageOfPage\":{\"@id\":\"https:\/\/novaorg.cofb.net\/2017\/04\/19\/farmacies-actives-en-el-dia-mundial-de-la-salut\/#primaryimage\"},\"image\":{\"@id\":\"https:\/\/novaorg.cofb.net\/2017\/04\/19\/farmacies-actives-en-el-dia-mundial-de-la-salut\/#primaryimage\"},\"thumbnailUrl\":\"\",\"datePublished\":\"2017-04-19T13:31:40+00:00\",\"dateModified\":\"2017-04-19T13:31:40+00:00\",\"description\":\"Farm\u00e0cies actives en el Dia Mundial de la Salut. Farm\u00e0cies comunit\u00e0ries de Sabadell i L'Hospitalet\",\"breadcrumb\":{\"@id\":\"https:\/\/novaorg.cofb.net\/2017\/04\/19\/farmacies-actives-en-el-dia-mundial-de-la-salut\/#breadcrumb\"},\"inLanguage\":\"es\",\"potentialAction\":[{\"@type\":\"ReadAction\",\"target\":[\"https:\/\/novaorg.cofb.net\/2017\/04\/19\/farmacies-actives-en-el-dia-mundial-de-la-salut\/\"]}]},{\"@type\":\"ImageObject\",\"inLanguage\":\"es\",\"@id\":\"https:\/\/novaorg.cofb.net\/2017\/04\/19\/farmacies-actives-en-el-dia-mundial-de-la-salut\/#primaryimage\",\"url\":\"\",\"contentUrl\":\"\"},{\"@type\":\"BreadcrumbList\",\"@id\":\"https:\/\/novaorg.cofb.net\/2017\/04\/19\/farmacies-actives-en-el-dia-mundial-de-la-salut\/#breadcrumb\",\"itemListElement\":[{\"@type\":\"ListItem\",\"position\":1,\"name\":\"Inici\",\"item\":\"https:\/\/novaorg.cofb.net\/\"},{\"@type\":\"ListItem\",\"position\":2,\"name\":\"Farm\u00e0cies actives en el Dia Mundial de la Salut\"}]},{\"@type\":\"WebSite\",\"@id\":\"https:\/\/www.cofb.org\/#website\",\"url\":\"https:\/\/www.cofb.org\/\",\"name\":\"Col\u00b7legi de Farmac\u00e8utics de Barcelona\",\"description\":\"\",\"publisher\":{\"@id\":\"https:\/\/www.cofb.org\/#organization\"},\"potentialAction\":[{\"@type\":\"SearchAction\",\"target\":{\"@type\":\"EntryPoint\",\"urlTemplate\":\"https:\/\/www.cofb.org\/?s={search_term_string}\"},\"query-input\":\"required name=search_term_string\"}],\"inLanguage\":\"es\"},{\"@type\":\"Organization\",\"@id\":\"https:\/\/www.cofb.org\/#organization\",\"name\":\"Col\u00b7legi de Farmac\u00e8utics de Barcelona\",\"url\":\"https:\/\/www.cofb.org\/\",\"logo\":{\"@type\":\"ImageObject\",\"inLanguage\":\"es\",\"@id\":\"https:\/\/www.cofb.org\/#\/schema\/logo\/image\/\",\"url\":\"https:\/\/www.cofb.org\/wp-content\/uploads\/2023\/11\/cropped-Logotip-COFB.png\",\"contentUrl\":\"https:\/\/www.cofb.org\/wp-content\/uploads\/2023\/11\/cropped-Logotip-COFB.png\",\"width\":500,\"height\":105,\"caption\":\"Col\u00b7legi de Farmac\u00e8utics de Barcelona\"},\"image\":{\"@id\":\"https:\/\/www.cofb.org\/#\/schema\/logo\/image\/\"},\"sameAs\":[\"https:\/\/www.facebook.com\/farmaceuticsbcn\/\",\"https:\/\/twitter.com\/farmaceuticsbcn\",\"https:\/\/www.instagram.com\/farmaceuticsbcn\/\",\"https:\/\/www.linkedin.com\/company\/farmaceuticsbcn\/\"]},{\"@type\":\"Person\",\"@id\":\"https:\/\/www.cofb.org\/#\/schema\/person\/22ed7eea88da74b0fa4d3154ad87ffcb\",\"name\":\"wpAdminCofbOrg\",\"image\":{\"@type\":\"ImageObject\",\"inLanguage\":\"es\",\"@id\":\"https:\/\/www.cofb.org\/#\/schema\/person\/image\/\",\"url\":\"https:\/\/secure.gravatar.com\/avatar\/1721b20b3b8ca882c3b56ec6c978c594fff670e40c0718e9190eaeeb76aae7d8?s=96&d=mm&r=g\",\"contentUrl\":\"https:\/\/secure.gravatar.com\/avatar\/1721b20b3b8ca882c3b56ec6c978c594fff670e40c0718e9190eaeeb76aae7d8?s=96&d=mm&r=g\",\"caption\":\"wpAdminCofbOrg\"},\"sameAs\":[\"http:\/\/192.168.64.122\/wordpress\"],\"url\":\"https:\/\/www.cofb.org\/es\/author\/wpadmincofborg\/\"}]}<\/script>\n<!-- \/ Yoast SEO plugin. -->","yoast_head_json":{"title":"Farm\u00e0cies actives en el Dia Mundial de la Salut","description":"Farm\u00e0cies actives en el Dia Mundial de la Salut. Farm\u00e0cies comunit\u00e0ries de Sabadell i L'Hospitalet","robots":{"index":"index","follow":"follow","max-snippet":"max-snippet:-1","max-image-preview":"max-image-preview:large","max-video-preview":"max-video-preview:-1"},"canonical":"https:\/\/novaorg.cofb.net\/2017\/04\/19\/farmacies-actives-en-el-dia-mundial-de-la-salut\/","og_locale":"es_ES","og_type":"article","og_title":"Farm\u00e0cies actives en el Dia Mundial de la Salut","og_description":"Farm\u00e0cies actives en el Dia Mundial de la Salut. Farm\u00e0cies comunit\u00e0ries de Sabadell i L'Hospitalet","og_url":"https:\/\/novaorg.cofb.net\/2017\/04\/19\/farmacies-actives-en-el-dia-mundial-de-la-salut\/","og_site_name":"Col\u00b7legi de Farmac\u00e8utics de Barcelona","article_publisher":"https:\/\/www.facebook.com\/farmaceuticsbcn\/","article_published_time":"2017-04-19T13:31:40+00:00","author":"wpAdminCofbOrg","twitter_card":"summary_large_image","twitter_creator":"@farmaceuticsbcn","twitter_site":"@farmaceuticsbcn","twitter_misc":{"Escrito por":"wpAdminCofbOrg","Tiempo de lectura":"3 minutos"},"schema":{"@context":"https:\/\/schema.org","@graph":[{"@type":"Article","@id":"https:\/\/novaorg.cofb.net\/2017\/04\/19\/farmacies-actives-en-el-dia-mundial-de-la-salut\/#article","isPartOf":{"@id":"https:\/\/novaorg.cofb.net\/2017\/04\/19\/farmacies-actives-en-el-dia-mundial-de-la-salut\/"},"author":{"name":"wpAdminCofbOrg","@id":"https:\/\/www.cofb.org\/#\/schema\/person\/22ed7eea88da74b0fa4d3154ad87ffcb"},"headline":"Farm\u00e0cies actives en el Dia Mundial de la Salut","datePublished":"2017-04-19T13:31:40+00:00","dateModified":"2017-04-19T13:31:40+00:00","mainEntityOfPage":{"@id":"https:\/\/novaorg.cofb.net\/2017\/04\/19\/farmacies-actives-en-el-dia-mundial-de-la-salut\/"},"wordCount":631,"commentCount":0,"publisher":{"@id":"https:\/\/www.cofb.org\/#organization"},"image":{"@id":"https:\/\/novaorg.cofb.net\/2017\/04\/19\/farmacies-actives-en-el-dia-mundial-de-la-salut\/#primaryimage"},"thumbnailUrl":"","keywords":["Dia Mundial de l'Activitat F\u00edsica","Dia Mundial de la Salut","farm\u00e0cia comunit\u00e0ria","F\u00f2rum Salut Sabadell"],"articleSection":["Not\u00edcies farm\u00e0cia"],"inLanguage":"es","potentialAction":[{"@type":"CommentAction","name":"Comment","target":["https:\/\/novaorg.cofb.net\/2017\/04\/19\/farmacies-actives-en-el-dia-mundial-de-la-salut\/#respond"]}]},{"@type":"WebPage","@id":"https:\/\/novaorg.cofb.net\/2017\/04\/19\/farmacies-actives-en-el-dia-mundial-de-la-salut\/","url":"https:\/\/novaorg.cofb.net\/2017\/04\/19\/farmacies-actives-en-el-dia-mundial-de-la-salut\/","name":"Farm\u00e0cies actives en el Dia Mundial de la Salut","isPartOf":{"@id":"https:\/\/www.cofb.org\/#website"},"primaryImageOfPage":{"@id":"https:\/\/novaorg.cofb.net\/2017\/04\/19\/farmacies-actives-en-el-dia-mundial-de-la-salut\/#primaryimage"},"image":{"@id":"https:\/\/novaorg.cofb.net\/2017\/04\/19\/farmacies-actives-en-el-dia-mundial-de-la-salut\/#primaryimage"},"thumbnailUrl":"","datePublished":"2017-04-19T13:31:40+00:00","dateModified":"2017-04-19T13:31:40+00:00","description":"Farm\u00e0cies actives en el Dia Mundial de la Salut. Farm\u00e0cies comunit\u00e0ries de Sabadell i L'Hospitalet","breadcrumb":{"@id":"https:\/\/novaorg.cofb.net\/2017\/04\/19\/farmacies-actives-en-el-dia-mundial-de-la-salut\/#breadcrumb"},"inLanguage":"es","potentialAction":[{"@type":"ReadAction","target":["https:\/\/novaorg.cofb.net\/2017\/04\/19\/farmacies-actives-en-el-dia-mundial-de-la-salut\/"]}]},{"@type":"ImageObject","inLanguage":"es","@id":"https:\/\/novaorg.cofb.net\/2017\/04\/19\/farmacies-actives-en-el-dia-mundial-de-la-salut\/#primaryimage","url":"","contentUrl":""},{"@type":"BreadcrumbList","@id":"https:\/\/novaorg.cofb.net\/2017\/04\/19\/farmacies-actives-en-el-dia-mundial-de-la-salut\/#breadcrumb","itemListElement":[{"@type":"ListItem","position":1,"name":"Inici","item":"https:\/\/novaorg.cofb.net\/"},{"@type":"ListItem","position":2,"name":"Farm\u00e0cies actives en el Dia Mundial de la Salut"}]},{"@type":"WebSite","@id":"https:\/\/www.cofb.org\/#website","url":"https:\/\/www.cofb.org\/","name":"Col\u00b7legi de Farmac\u00e8utics de Barcelona","description":"","publisher":{"@id":"https:\/\/www.cofb.org\/#organization"},"potentialAction":[{"@type":"SearchAction","target":{"@type":"EntryPoint","urlTemplate":"https:\/\/www.cofb.org\/?s={search_term_string}"},"query-input":"required name=search_term_string"}],"inLanguage":"es"},{"@type":"Organization","@id":"https:\/\/www.cofb.org\/#organization","name":"Col\u00b7legi de Farmac\u00e8utics de Barcelona","url":"https:\/\/www.cofb.org\/","logo":{"@type":"ImageObject","inLanguage":"es","@id":"https:\/\/www.cofb.org\/#\/schema\/logo\/image\/","url":"https:\/\/www.cofb.org\/wp-content\/uploads\/2023\/11\/cropped-Logotip-COFB.png","contentUrl":"https:\/\/www.cofb.org\/wp-content\/uploads\/2023\/11\/cropped-Logotip-COFB.png","width":500,"height":105,"caption":"Col\u00b7legi de Farmac\u00e8utics de Barcelona"},"image":{"@id":"https:\/\/www.cofb.org\/#\/schema\/logo\/image\/"},"sameAs":["https:\/\/www.facebook.com\/farmaceuticsbcn\/","https:\/\/twitter.com\/farmaceuticsbcn","https:\/\/www.instagram.com\/farmaceuticsbcn\/","https:\/\/www.linkedin.com\/company\/farmaceuticsbcn\/"]},{"@type":"Person","@id":"https:\/\/www.cofb.org\/#\/schema\/person\/22ed7eea88da74b0fa4d3154ad87ffcb","name":"wpAdminCofbOrg","image":{"@type":"ImageObject","inLanguage":"es","@id":"https:\/\/www.cofb.org\/#\/schema\/person\/image\/","url":"https:\/\/secure.gravatar.com\/avatar\/1721b20b3b8ca882c3b56ec6c978c594fff670e40c0718e9190eaeeb76aae7d8?s=96&d=mm&r=g","contentUrl":"https:\/\/secure.gravatar.com\/avatar\/1721b20b3b8ca882c3b56ec6c978c594fff670e40c0718e9190eaeeb76aae7d8?s=96&d=mm&r=g","caption":"wpAdminCofbOrg"},"sameAs":["http:\/\/192.168.64.122\/wordpress"],"url":"https:\/\/www.cofb.org\/es\/author\/wpadmincofborg\/"}]}},"uagb_featured_image_src":{"full":false,"thumbnail":false,"medium":false,"medium_large":false,"large":false,"1536x1536":false,"2048x2048":false,"trp-custom-language-flag":false},"uagb_author_info":{"display_name":"wpAdminCofbOrg","author_link":"https:\/\/www.cofb.org\/es\/author\/wpadmincofborg\/"},"uagb_comment_info":0,"uagb_excerpt":"El 7 d\u2019abril es va celebrar el Dia Mundial de la Salut, en commemoraci\u00f3 de l&#8217;aniversari de la fundaci\u00f3 de l&#8217;Organitzaci\u00f3 Mundial de la Salut el 1948. Destaquem el paper actiu de les farm\u00e0cies de dues ciutats, Sabadell i L\u2019Hospitalet, per commemorar aquesta data de conscienciaci\u00f3 global en l\u2019\u00e0mbit de [&hellip;]","_links":{"self":[{"href":"https:\/\/www.cofb.org\/es\/wp-json\/wp\/v2\/posts\/29399","targetHints":{"allow":["GET"]}}],"collection":[{"href":"https:\/\/www.cofb.org\/es\/wp-json\/wp\/v2\/posts"}],"about":[{"href":"https:\/\/www.cofb.org\/es\/wp-json\/wp\/v2\/types\/post"}],"author":[{"embeddable":true,"href":"https:\/\/www.cofb.org\/es\/wp-json\/wp\/v2\/users\/1"}],"replies":[{"embeddable":true,"href":"https:\/\/www.cofb.org\/es\/wp-json\/wp\/v2\/comments?post=29399"}],"version-history":[{"count":0,"href":"https:\/\/www.cofb.org\/es\/wp-json\/wp\/v2\/posts\/29399\/revisions"}],"wp:featuredmedia":[{"embeddable":true,"href":"https:\/\/www.cofb.org\/es\/wp-json\/"}],"wp:attachment":[{"href":"https:\/\/www.cofb.org\/es\/wp-json\/wp\/v2\/media?parent=29399"}],"wp:term":[{"taxonomy":"category","embeddable":true,"href":"https:\/\/www.cofb.org\/es\/wp-json\/wp\/v2\/categories?post=29399"},{"taxonomy":"post_tag","embeddable":true,"href":"https:\/\/www.cofb.org\/es\/wp-json\/wp\/v2\/tags?post=29399"}],"curies":[{"name":"wp","href":"https:\/\/api.w.org\/{rel}","templated":true}]}}