{"id":29300,"date":"2017-04-12T11:21:26","date_gmt":"2017-04-12T10:21:26","guid":{"rendered":"http:\/\/blog.cofb.cat\/?p=29300"},"modified":"2017-04-12T11:21:26","modified_gmt":"2017-04-12T10:21:26","slug":"oberta-la-convocatoria-de-beques-col%c2%b7legials-2017-fins-al-18-de-maig","status":"publish","type":"post","link":"https:\/\/www.cofb.org\/es\/2017\/04\/12\/oberta-la-convocatoria-de-beques-col%c2%b7legials-2017-fins-al-18-de-maig\/","title":{"rendered":"Abierta la convocatoria de becas colegiales 2017 (hasta el 18 de mayo)"},"content":{"rendered":"<p><a href=\"http:\/\/blog.cofb.cat\/wp-content\/uploads\/2017\/04\/beques-recerca-2.jpg\"><img fetchpriority=\"high\" decoding=\"async\" class=\"wp-image-29310  alignright\" title=\"Abierta la convocatoria de becas colegiales 2017 (hasta el 18 de mayo)\" alt=\"beques-recerca\" src=\"http:\/\/blog.cofb.cat\/wp-content\/uploads\/2017\/04\/beques-recerca-2.jpg\" width=\"399\" height=\"162\" \/><\/a>Ya est\u00e1 abierta la convocatoria de becas del Colegio de Farmac\u00e9uticos de Barcelona para 2017:\u00a0<strong>dos becas por proyectos profesionales y una beca por innovaci\u00f3n<\/strong>, de 9.000 euros cada una. Cada beca tiene una duraci\u00f3n m\u00e1xima de un a\u00f1o que debe coincidir con el curso acad\u00e9mico 2017\/2018. El plazo de presentaci\u00f3n de la <b>solicitud finaliza el 18 de mayo<\/b>.<\/p>\n<p>Las <b>becas para proyectos profesionales<\/b> se convocan para ayudar al desarrollo de proyectos relacionados con la atenci\u00f3n y la investigaci\u00f3n farmac\u00e9uticas, en el \u00e1mbito de las actividades profesionales del \u00e1rea de la farmacia: an\u00e1lisis, alimentaci\u00f3n y nutrici\u00f3n, atenci\u00f3n primaria, dermofarmacia y productos sanitarios, distribuci\u00f3n, hospitales, plantas medicinales y homeopat\u00eda, industria, investigaci\u00f3n y docencia, oficina de farmacia, ortopedia y salud p\u00fablica.<\/p>\n<p>La <b>beca por innovaci\u00f3n<\/b> est\u00e1 destinada a premiar proyectos innovadores en el \u00e1mbito de productos, servicios, procesos, marketing u organizaci\u00f3n, cuyo resultado haga aumentar el valor a\u00f1adido del ejercicio profesional farmac\u00e9utico.<\/p>\n<p><b><div class=\"box info\">El investigador principal del proyecto debe ser un farmac\u00e9utico colegiado<\/b> en el Colegio en el momento de presentar la solicitud. Todos los farmac\u00e9uticos colegiados pueden optar a ello. <a href=\"http:\/\/blog.cofb.cat\/wp-content\/uploads\/2017\/04\/BASES-BEQ-2017.pdf\" target=\"_blank\" rel=\"noopener\"><strong>Consulta las bases<\/strong><\/a> (PDF).<\/p>\n<p><a href=\"http:\/\/blog.cofb.cat\/wp-content\/uploads\/2017\/04\/Solicitud_Beques_2017-2018.pdf\" target=\"_blank\" rel=\"noopener\">Formulario para formalizar la solicitud de beca correspondiente a la convocatoria 2017-2018<\/a> (PDF) \u2013 los solicitantes pueden optar a la beca para desarrollar un proyecto profesional oa la de innovaci\u00f3n; cabe se\u00f1alar la opci\u00f3n deseada.<b><\/div><\/b><\/p>\n<p><b><div class=\"box shadow\">\u00bfProyectos premiados en ediciones anteriores?<\/b><\/p>\n<p><strong><a href=\"http:\/\/blog.cofb.cat\/quins-son-els-projectes-becats-pel-cofb-a-la-convocatoria-2016-2017\/\" target=\"_blank\" rel=\"noopener\">Convocatoria 2016\/2017<\/a>:<\/strong><\/p>\n<ul>\n<li>Farmacogen\u00e9tica de las estatinas: hacia una medicina personalizada.<\/li>\n<li>Bicarbonato nebulizado, una de las piezas que faltaba para evitar infecciones en fibrosis qu\u00edstica.<\/li>\n<li>Beca innovaci\u00f3n: Desarrollo de una aplicaci\u00f3n por dispositivos m\u00f3viles sobre interacciones entre medicamentos y ejercicio f\u00edsico.<\/li>\n<\/ul>\n<p><strong><a href=\"http:\/\/blog.cofb.cat\/quins-son-els-projectes-becats-a-la-convocatoria-2015-2016\/\" target=\"_blank\" rel=\"noopener\">Convocatoria 2015\/2016<\/a>:<\/strong><\/p>\n<ul>\n<li>Impacto asistencial de la incorporaci\u00f3n de la Salud M\u00f3vil (mHealth) en la pr\u00e1ctica cl\u00ednica del paciente trasplantado card\u00edaco.<\/li>\n<li>Riesgo de sangrado de los nuevos anticoagulantes orales en comparaci\u00f3n con acenocumarol en la pr\u00e1ctica cl\u00ednica habitual.<\/li>\n<\/ul>\n<p><strong><a href=\"http:\/\/blog.cofb.cat\/beques-col%C2%B7legials-2014-2015-reconeixement-a-la-investigacio\/\" target=\"_blank\" rel=\"noopener\">Convocatoria 2014\/2015<\/a><\/strong>:<\/p>\n<ul>\n<li>Evaluaci\u00f3n del seguimiento farmacoterap\u00e9utico realizado en pacientes de una Unidad de Optimizaci\u00f3n de la Farmacoterapia.<\/li>\n<li>Evaluaci\u00f3n de la efectividad y seguridad en la pr\u00e1ctica cl\u00ednica habitual del cinacalcet en pacientes con enfermedad renal cr\u00f3nica e hiperparatiroidismo secundario sin tratamiento renal sustitutivo.<\/li>\n<li>Acc\u00e9sit: Evaluaci\u00f3n cl\u00ednica y econ\u00f3mica de la integraci\u00f3n del farmac\u00e9utico en un equipo de atenci\u00f3n domiciliaria multidisciplinar.<\/li>\n<\/ul>\n<p><b><a href=\"http:\/\/blog.cofb.cat\/beques-col%C2%B7legials-2013-2014-suport-a-noves-investigacions\/\" target=\"_blank\" rel=\"noopener\">Convocatoria 2013\/2014<\/a>:<\/b><\/p>\n<ul>\n<li>Optimizaci\u00f3n del tratamiento con Infliximab para la enfermedad inflamatoria intestinal: implantaci\u00f3n de la monitorizaci\u00f3n farmacocin\u00e9tica e influencia del polimorfismo de IL1\u00df<\/li>\n<li>Evaluaci\u00f3n global de la estabilidad de la hemoglobina en los tests inmunol\u00f3gicos de las pruebas sangre oculta en heces dentro del programa de cribado de c\u00e1ncer colorrectal del ICO: \u00bfpodemos estar tranquilos?<b><\/div><\/b><\/li>\n<\/ul>","protected":false},"excerpt":{"rendered":"<p>Ya est\u00e1 abierta la convocatoria de becas del Colegio de Farmac\u00e9uticos de Barcelona para 2017: dos becas por proyectos profesionales y una beca por innovaci\u00f3n, de 9.000 euros cada una. Cada beca tiene una duraci\u00f3n m\u00e1xima de un a\u00f1o que debe coincidir con el curso acad\u00e9mico 2017\/2018. El plazo de presentaci\u00f3n [\u2026]<\/p>","protected":false},"author":1,"featured_media":29311,"comment_status":"open","ping_status":"open","sticky":false,"template":"","format":"standard","meta":{"_uag_custom_page_level_css":"","site-sidebar-layout":"default","site-content-layout":"","ast-site-content-layout":"default","site-content-style":"default","site-sidebar-style":"default","ast-global-header-display":"","ast-banner-title-visibility":"","ast-main-header-display":"","ast-hfb-above-header-display":"","ast-hfb-below-header-display":"","ast-hfb-mobile-header-display":"","site-post-title":"","ast-breadcrumbs-content":"","ast-featured-img":"disabled","footer-sml-layout":"","theme-transparent-header-meta":"","adv-header-id-meta":"","stick-header-meta":"","header-above-stick-meta":"","header-main-stick-meta":"","header-below-stick-meta":"","astra-migrate-meta-layouts":"default","ast-page-background-enabled":"default","ast-page-background-meta":{"desktop":{"background-color":"var(--ast-global-color-4)","background-image":"","background-repeat":"repeat","background-position":"center center","background-size":"auto","background-attachment":"scroll","background-type":"","background-media":"","overlay-type":"","overlay-color":"","overlay-opacity":"","overlay-gradient":""},"tablet":{"background-color":"","background-image":"","background-repeat":"repeat","background-position":"center center","background-size":"auto","background-attachment":"scroll","background-type":"","background-media":"","overlay-type":"","overlay-color":"","overlay-opacity":"","overlay-gradient":""},"mobile":{"background-color":"","background-image":"","background-repeat":"repeat","background-position":"center center","background-size":"auto","background-attachment":"scroll","background-type":"","background-media":"","overlay-type":"","overlay-color":"","overlay-opacity":"","overlay-gradient":""}},"ast-content-background-meta":{"desktop":{"background-color":"var(--ast-global-color-5)","background-image":"","background-repeat":"repeat","background-position":"center center","background-size":"auto","background-attachment":"scroll","background-type":"","background-media":"","overlay-type":"","overlay-color":"","overlay-opacity":"","overlay-gradient":""},"tablet":{"background-color":"var(--ast-global-color-5)","background-image":"","background-repeat":"repeat","background-position":"center center","background-size":"auto","background-attachment":"scroll","background-type":"","background-media":"","overlay-type":"","overlay-color":"","overlay-opacity":"","overlay-gradient":""},"mobile":{"background-color":"var(--ast-global-color-5)","background-image":"","background-repeat":"repeat","background-position":"center center","background-size":"auto","background-attachment":"scroll","background-type":"","background-media":"","overlay-type":"","overlay-color":"","overlay-opacity":"","overlay-gradient":""}},"footnotes":""},"categories":[57],"tags":[354,513,18,575,56,2609,844],"class_list":["post-29300","post","type-post","status-publish","format-standard","has-post-thumbnail","hentry","category-mon-collegial","tag-beques","tag-beques-collegials","tag-cofb","tag-innovacio","tag-investigacio","tag-projectes-professionals","tag-recerca"],"yoast_head":"<!-- This site is optimized with the Yoast SEO plugin v22.4 - https:\/\/yoast.com\/wordpress\/plugins\/seo\/ -->\n<title>Oberta la convocat\u00f2ria de beques col\u00b7legials 2017 (fins al 18 de maig)<\/title>\n<meta name=\"description\" content=\"Oberta la convocat\u00f2ria de beques col\u00b7legials 2017 (fins al 18 de maig). Dues beques per projectes professionsls i una per innovaci\u00f3\" \/>\n<meta name=\"robots\" content=\"index, follow, max-snippet:-1, max-image-preview:large, max-video-preview:-1\" \/>\n<link rel=\"canonical\" href=\"https:\/\/novaorg.cofb.net\/2017\/04\/12\/oberta-la-convocatoria-de-beques-col\u00b7legials-2017-fins-al-18-de-maig\/\" \/>\n<meta property=\"og:locale\" content=\"es_ES\" \/>\n<meta property=\"og:type\" content=\"article\" \/>\n<meta property=\"og:title\" content=\"Oberta la convocat\u00f2ria de beques col\u00b7legials 2017 (fins al 18 de maig)\" \/>\n<meta property=\"og:description\" content=\"Oberta la convocat\u00f2ria de beques col\u00b7legials 2017 (fins al 18 de maig). Dues beques per projectes professionsls i una per innovaci\u00f3\" \/>\n<meta property=\"og:url\" content=\"https:\/\/novaorg.cofb.net\/2017\/04\/12\/oberta-la-convocatoria-de-beques-col\u00b7legials-2017-fins-al-18-de-maig\/\" \/>\n<meta property=\"og:site_name\" content=\"Col\u00b7legi de Farmac\u00e8utics de Barcelona\" \/>\n<meta property=\"article:publisher\" content=\"https:\/\/www.facebook.com\/farmaceuticsbcn\/\" \/>\n<meta property=\"article:published_time\" content=\"2017-04-12T10:21:26+00:00\" \/>\n<meta name=\"author\" content=\"wpAdminCofbOrg\" \/>\n<meta name=\"twitter:card\" content=\"summary_large_image\" \/>\n<meta name=\"twitter:creator\" content=\"@farmaceuticsbcn\" \/>\n<meta name=\"twitter:site\" content=\"@farmaceuticsbcn\" \/>\n<meta name=\"twitter:label1\" content=\"Escrito por\" \/>\n\t<meta name=\"twitter:data1\" content=\"wpAdminCofbOrg\" \/>\n\t<meta name=\"twitter:label2\" content=\"Tiempo de lectura\" \/>\n\t<meta name=\"twitter:data2\" content=\"2 minutos\" \/>\n<script type=\"application\/ld+json\" class=\"yoast-schema-graph\">{\"@context\":\"https:\/\/schema.org\",\"@graph\":[{\"@type\":\"Article\",\"@id\":\"https:\/\/novaorg.cofb.net\/2017\/04\/12\/oberta-la-convocatoria-de-beques-col%c2%b7legials-2017-fins-al-18-de-maig\/#article\",\"isPartOf\":{\"@id\":\"https:\/\/novaorg.cofb.net\/2017\/04\/12\/oberta-la-convocatoria-de-beques-col%c2%b7legials-2017-fins-al-18-de-maig\/\"},\"author\":{\"name\":\"wpAdminCofbOrg\",\"@id\":\"https:\/\/www.cofb.org\/#\/schema\/person\/22ed7eea88da74b0fa4d3154ad87ffcb\"},\"headline\":\"Oberta la convocat\u00f2ria de beques col\u00b7legials 2017 (fins al 18 de maig)\",\"datePublished\":\"2017-04-12T10:21:26+00:00\",\"dateModified\":\"2017-04-12T10:21:26+00:00\",\"mainEntityOfPage\":{\"@id\":\"https:\/\/novaorg.cofb.net\/2017\/04\/12\/oberta-la-convocatoria-de-beques-col%c2%b7legials-2017-fins-al-18-de-maig\/\"},\"wordCount\":495,\"commentCount\":0,\"publisher\":{\"@id\":\"https:\/\/www.cofb.org\/#organization\"},\"image\":{\"@id\":\"https:\/\/novaorg.cofb.net\/2017\/04\/12\/oberta-la-convocatoria-de-beques-col%c2%b7legials-2017-fins-al-18-de-maig\/#primaryimage\"},\"thumbnailUrl\":\"\",\"keywords\":[\"beques\",\"Beques col\u00b7legials\",\"COFB\",\"innovaci\u00f3\",\"Investigaci\u00f3\",\"projectes professionals\",\"Recerca\"],\"articleSection\":[\"M\u00f3n col\u00b7legial\"],\"inLanguage\":\"es\",\"potentialAction\":[{\"@type\":\"CommentAction\",\"name\":\"Comment\",\"target\":[\"https:\/\/novaorg.cofb.net\/2017\/04\/12\/oberta-la-convocatoria-de-beques-col%c2%b7legials-2017-fins-al-18-de-maig\/#respond\"]}]},{\"@type\":\"WebPage\",\"@id\":\"https:\/\/novaorg.cofb.net\/2017\/04\/12\/oberta-la-convocatoria-de-beques-col%c2%b7legials-2017-fins-al-18-de-maig\/\",\"url\":\"https:\/\/novaorg.cofb.net\/2017\/04\/12\/oberta-la-convocatoria-de-beques-col%c2%b7legials-2017-fins-al-18-de-maig\/\",\"name\":\"Oberta la convocat\u00f2ria de beques col\u00b7legials 2017 (fins al 18 de maig)\",\"isPartOf\":{\"@id\":\"https:\/\/www.cofb.org\/#website\"},\"primaryImageOfPage\":{\"@id\":\"https:\/\/novaorg.cofb.net\/2017\/04\/12\/oberta-la-convocatoria-de-beques-col%c2%b7legials-2017-fins-al-18-de-maig\/#primaryimage\"},\"image\":{\"@id\":\"https:\/\/novaorg.cofb.net\/2017\/04\/12\/oberta-la-convocatoria-de-beques-col%c2%b7legials-2017-fins-al-18-de-maig\/#primaryimage\"},\"thumbnailUrl\":\"\",\"datePublished\":\"2017-04-12T10:21:26+00:00\",\"dateModified\":\"2017-04-12T10:21:26+00:00\",\"description\":\"Oberta la convocat\u00f2ria de beques col\u00b7legials 2017 (fins al 18 de maig). Dues beques per projectes professionsls i una per innovaci\u00f3\",\"breadcrumb\":{\"@id\":\"https:\/\/novaorg.cofb.net\/2017\/04\/12\/oberta-la-convocatoria-de-beques-col%c2%b7legials-2017-fins-al-18-de-maig\/#breadcrumb\"},\"inLanguage\":\"es\",\"potentialAction\":[{\"@type\":\"ReadAction\",\"target\":[\"https:\/\/novaorg.cofb.net\/2017\/04\/12\/oberta-la-convocatoria-de-beques-col%c2%b7legials-2017-fins-al-18-de-maig\/\"]}]},{\"@type\":\"ImageObject\",\"inLanguage\":\"es\",\"@id\":\"https:\/\/novaorg.cofb.net\/2017\/04\/12\/oberta-la-convocatoria-de-beques-col%c2%b7legials-2017-fins-al-18-de-maig\/#primaryimage\",\"url\":\"\",\"contentUrl\":\"\"},{\"@type\":\"BreadcrumbList\",\"@id\":\"https:\/\/novaorg.cofb.net\/2017\/04\/12\/oberta-la-convocatoria-de-beques-col%c2%b7legials-2017-fins-al-18-de-maig\/#breadcrumb\",\"itemListElement\":[{\"@type\":\"ListItem\",\"position\":1,\"name\":\"Inici\",\"item\":\"https:\/\/novaorg.cofb.net\/\"},{\"@type\":\"ListItem\",\"position\":2,\"name\":\"Oberta la convocat\u00f2ria de beques col\u00b7legials 2017 (fins al 18 de maig)\"}]},{\"@type\":\"WebSite\",\"@id\":\"https:\/\/www.cofb.org\/#website\",\"url\":\"https:\/\/www.cofb.org\/\",\"name\":\"Col\u00b7legi de Farmac\u00e8utics de Barcelona\",\"description\":\"\",\"publisher\":{\"@id\":\"https:\/\/www.cofb.org\/#organization\"},\"potentialAction\":[{\"@type\":\"SearchAction\",\"target\":{\"@type\":\"EntryPoint\",\"urlTemplate\":\"https:\/\/www.cofb.org\/?s={search_term_string}\"},\"query-input\":\"required name=search_term_string\"}],\"inLanguage\":\"es\"},{\"@type\":\"Organization\",\"@id\":\"https:\/\/www.cofb.org\/#organization\",\"name\":\"Col\u00b7legi de Farmac\u00e8utics de Barcelona\",\"url\":\"https:\/\/www.cofb.org\/\",\"logo\":{\"@type\":\"ImageObject\",\"inLanguage\":\"es\",\"@id\":\"https:\/\/www.cofb.org\/#\/schema\/logo\/image\/\",\"url\":\"https:\/\/www.cofb.org\/wp-content\/uploads\/2023\/11\/cropped-Logotip-COFB.png\",\"contentUrl\":\"https:\/\/www.cofb.org\/wp-content\/uploads\/2023\/11\/cropped-Logotip-COFB.png\",\"width\":500,\"height\":105,\"caption\":\"Col\u00b7legi de Farmac\u00e8utics de Barcelona\"},\"image\":{\"@id\":\"https:\/\/www.cofb.org\/#\/schema\/logo\/image\/\"},\"sameAs\":[\"https:\/\/www.facebook.com\/farmaceuticsbcn\/\",\"https:\/\/twitter.com\/farmaceuticsbcn\",\"https:\/\/www.instagram.com\/farmaceuticsbcn\/\",\"https:\/\/www.linkedin.com\/company\/farmaceuticsbcn\/\"]},{\"@type\":\"Person\",\"@id\":\"https:\/\/www.cofb.org\/#\/schema\/person\/22ed7eea88da74b0fa4d3154ad87ffcb\",\"name\":\"wpAdminCofbOrg\",\"image\":{\"@type\":\"ImageObject\",\"inLanguage\":\"es\",\"@id\":\"https:\/\/www.cofb.org\/#\/schema\/person\/image\/\",\"url\":\"https:\/\/secure.gravatar.com\/avatar\/1721b20b3b8ca882c3b56ec6c978c594fff670e40c0718e9190eaeeb76aae7d8?s=96&d=mm&r=g\",\"contentUrl\":\"https:\/\/secure.gravatar.com\/avatar\/1721b20b3b8ca882c3b56ec6c978c594fff670e40c0718e9190eaeeb76aae7d8?s=96&d=mm&r=g\",\"caption\":\"wpAdminCofbOrg\"},\"sameAs\":[\"http:\/\/192.168.64.122\/wordpress\"],\"url\":\"https:\/\/www.cofb.org\/es\/author\/wpadmincofborg\/\"}]}<\/script>\n<!-- \/ Yoast SEO plugin. -->","yoast_head_json":{"title":"Oberta la convocat\u00f2ria de beques col\u00b7legials 2017 (fins al 18 de maig)","description":"Oberta la convocat\u00f2ria de beques col\u00b7legials 2017 (fins al 18 de maig). Dues beques per projectes professionsls i una per innovaci\u00f3","robots":{"index":"index","follow":"follow","max-snippet":"max-snippet:-1","max-image-preview":"max-image-preview:large","max-video-preview":"max-video-preview:-1"},"canonical":"https:\/\/novaorg.cofb.net\/2017\/04\/12\/oberta-la-convocatoria-de-beques-col\u00b7legials-2017-fins-al-18-de-maig\/","og_locale":"es_ES","og_type":"article","og_title":"Oberta la convocat\u00f2ria de beques col\u00b7legials 2017 (fins al 18 de maig)","og_description":"Oberta la convocat\u00f2ria de beques col\u00b7legials 2017 (fins al 18 de maig). Dues beques per projectes professionsls i una per innovaci\u00f3","og_url":"https:\/\/novaorg.cofb.net\/2017\/04\/12\/oberta-la-convocatoria-de-beques-col\u00b7legials-2017-fins-al-18-de-maig\/","og_site_name":"Col\u00b7legi de Farmac\u00e8utics de Barcelona","article_publisher":"https:\/\/www.facebook.com\/farmaceuticsbcn\/","article_published_time":"2017-04-12T10:21:26+00:00","author":"wpAdminCofbOrg","twitter_card":"summary_large_image","twitter_creator":"@farmaceuticsbcn","twitter_site":"@farmaceuticsbcn","twitter_misc":{"Escrito por":"wpAdminCofbOrg","Tiempo de lectura":"2 minutos"},"schema":{"@context":"https:\/\/schema.org","@graph":[{"@type":"Article","@id":"https:\/\/novaorg.cofb.net\/2017\/04\/12\/oberta-la-convocatoria-de-beques-col%c2%b7legials-2017-fins-al-18-de-maig\/#article","isPartOf":{"@id":"https:\/\/novaorg.cofb.net\/2017\/04\/12\/oberta-la-convocatoria-de-beques-col%c2%b7legials-2017-fins-al-18-de-maig\/"},"author":{"name":"wpAdminCofbOrg","@id":"https:\/\/www.cofb.org\/#\/schema\/person\/22ed7eea88da74b0fa4d3154ad87ffcb"},"headline":"Oberta la convocat\u00f2ria de beques col\u00b7legials 2017 (fins al 18 de maig)","datePublished":"2017-04-12T10:21:26+00:00","dateModified":"2017-04-12T10:21:26+00:00","mainEntityOfPage":{"@id":"https:\/\/novaorg.cofb.net\/2017\/04\/12\/oberta-la-convocatoria-de-beques-col%c2%b7legials-2017-fins-al-18-de-maig\/"},"wordCount":495,"commentCount":0,"publisher":{"@id":"https:\/\/www.cofb.org\/#organization"},"image":{"@id":"https:\/\/novaorg.cofb.net\/2017\/04\/12\/oberta-la-convocatoria-de-beques-col%c2%b7legials-2017-fins-al-18-de-maig\/#primaryimage"},"thumbnailUrl":"","keywords":["beques","Beques col\u00b7legials","COFB","innovaci\u00f3","Investigaci\u00f3","projectes professionals","Recerca"],"articleSection":["M\u00f3n col\u00b7legial"],"inLanguage":"es","potentialAction":[{"@type":"CommentAction","name":"Comment","target":["https:\/\/novaorg.cofb.net\/2017\/04\/12\/oberta-la-convocatoria-de-beques-col%c2%b7legials-2017-fins-al-18-de-maig\/#respond"]}]},{"@type":"WebPage","@id":"https:\/\/novaorg.cofb.net\/2017\/04\/12\/oberta-la-convocatoria-de-beques-col%c2%b7legials-2017-fins-al-18-de-maig\/","url":"https:\/\/novaorg.cofb.net\/2017\/04\/12\/oberta-la-convocatoria-de-beques-col%c2%b7legials-2017-fins-al-18-de-maig\/","name":"Oberta la convocat\u00f2ria de beques col\u00b7legials 2017 (fins al 18 de maig)","isPartOf":{"@id":"https:\/\/www.cofb.org\/#website"},"primaryImageOfPage":{"@id":"https:\/\/novaorg.cofb.net\/2017\/04\/12\/oberta-la-convocatoria-de-beques-col%c2%b7legials-2017-fins-al-18-de-maig\/#primaryimage"},"image":{"@id":"https:\/\/novaorg.cofb.net\/2017\/04\/12\/oberta-la-convocatoria-de-beques-col%c2%b7legials-2017-fins-al-18-de-maig\/#primaryimage"},"thumbnailUrl":"","datePublished":"2017-04-12T10:21:26+00:00","dateModified":"2017-04-12T10:21:26+00:00","description":"Oberta la convocat\u00f2ria de beques col\u00b7legials 2017 (fins al 18 de maig). Dues beques per projectes professionsls i una per innovaci\u00f3","breadcrumb":{"@id":"https:\/\/novaorg.cofb.net\/2017\/04\/12\/oberta-la-convocatoria-de-beques-col%c2%b7legials-2017-fins-al-18-de-maig\/#breadcrumb"},"inLanguage":"es","potentialAction":[{"@type":"ReadAction","target":["https:\/\/novaorg.cofb.net\/2017\/04\/12\/oberta-la-convocatoria-de-beques-col%c2%b7legials-2017-fins-al-18-de-maig\/"]}]},{"@type":"ImageObject","inLanguage":"es","@id":"https:\/\/novaorg.cofb.net\/2017\/04\/12\/oberta-la-convocatoria-de-beques-col%c2%b7legials-2017-fins-al-18-de-maig\/#primaryimage","url":"","contentUrl":""},{"@type":"BreadcrumbList","@id":"https:\/\/novaorg.cofb.net\/2017\/04\/12\/oberta-la-convocatoria-de-beques-col%c2%b7legials-2017-fins-al-18-de-maig\/#breadcrumb","itemListElement":[{"@type":"ListItem","position":1,"name":"Inici","item":"https:\/\/novaorg.cofb.net\/"},{"@type":"ListItem","position":2,"name":"Oberta la convocat\u00f2ria de beques col\u00b7legials 2017 (fins al 18 de maig)"}]},{"@type":"WebSite","@id":"https:\/\/www.cofb.org\/#website","url":"https:\/\/www.cofb.org\/","name":"Col\u00b7legi de Farmac\u00e8utics de Barcelona","description":"","publisher":{"@id":"https:\/\/www.cofb.org\/#organization"},"potentialAction":[{"@type":"SearchAction","target":{"@type":"EntryPoint","urlTemplate":"https:\/\/www.cofb.org\/?s={search_term_string}"},"query-input":"required name=search_term_string"}],"inLanguage":"es"},{"@type":"Organization","@id":"https:\/\/www.cofb.org\/#organization","name":"Col\u00b7legi de Farmac\u00e8utics de Barcelona","url":"https:\/\/www.cofb.org\/","logo":{"@type":"ImageObject","inLanguage":"es","@id":"https:\/\/www.cofb.org\/#\/schema\/logo\/image\/","url":"https:\/\/www.cofb.org\/wp-content\/uploads\/2023\/11\/cropped-Logotip-COFB.png","contentUrl":"https:\/\/www.cofb.org\/wp-content\/uploads\/2023\/11\/cropped-Logotip-COFB.png","width":500,"height":105,"caption":"Col\u00b7legi de Farmac\u00e8utics de Barcelona"},"image":{"@id":"https:\/\/www.cofb.org\/#\/schema\/logo\/image\/"},"sameAs":["https:\/\/www.facebook.com\/farmaceuticsbcn\/","https:\/\/twitter.com\/farmaceuticsbcn","https:\/\/www.instagram.com\/farmaceuticsbcn\/","https:\/\/www.linkedin.com\/company\/farmaceuticsbcn\/"]},{"@type":"Person","@id":"https:\/\/www.cofb.org\/#\/schema\/person\/22ed7eea88da74b0fa4d3154ad87ffcb","name":"wpAdminCofbOrg","image":{"@type":"ImageObject","inLanguage":"es","@id":"https:\/\/www.cofb.org\/#\/schema\/person\/image\/","url":"https:\/\/secure.gravatar.com\/avatar\/1721b20b3b8ca882c3b56ec6c978c594fff670e40c0718e9190eaeeb76aae7d8?s=96&d=mm&r=g","contentUrl":"https:\/\/secure.gravatar.com\/avatar\/1721b20b3b8ca882c3b56ec6c978c594fff670e40c0718e9190eaeeb76aae7d8?s=96&d=mm&r=g","caption":"wpAdminCofbOrg"},"sameAs":["http:\/\/192.168.64.122\/wordpress"],"url":"https:\/\/www.cofb.org\/es\/author\/wpadmincofborg\/"}]}},"uagb_featured_image_src":{"full":false,"thumbnail":false,"medium":false,"medium_large":false,"large":false,"1536x1536":false,"2048x2048":false,"trp-custom-language-flag":false},"uagb_author_info":{"display_name":"wpAdminCofbOrg","author_link":"https:\/\/www.cofb.org\/es\/author\/wpadmincofborg\/"},"uagb_comment_info":0,"uagb_excerpt":"Ja est\u00e0 oberta la convocat\u00f2ria de beques del Col\u00b7legi de Farmac\u00e8utics de Barcelona per al 2017:\u00a0dues beques per projectes professionals i una beca per innovaci\u00f3, de 9.000 euros cadascuna. Cada beca t\u00e9 una durada m\u00e0xima d\u2019un any que ha de coincidir amb el curs acad\u00e8mic 2017\/2018. El termini de presentaci\u00f3 [&hellip;]","_links":{"self":[{"href":"https:\/\/www.cofb.org\/es\/wp-json\/wp\/v2\/posts\/29300","targetHints":{"allow":["GET"]}}],"collection":[{"href":"https:\/\/www.cofb.org\/es\/wp-json\/wp\/v2\/posts"}],"about":[{"href":"https:\/\/www.cofb.org\/es\/wp-json\/wp\/v2\/types\/post"}],"author":[{"embeddable":true,"href":"https:\/\/www.cofb.org\/es\/wp-json\/wp\/v2\/users\/1"}],"replies":[{"embeddable":true,"href":"https:\/\/www.cofb.org\/es\/wp-json\/wp\/v2\/comments?post=29300"}],"version-history":[{"count":0,"href":"https:\/\/www.cofb.org\/es\/wp-json\/wp\/v2\/posts\/29300\/revisions"}],"wp:featuredmedia":[{"embeddable":true,"href":"https:\/\/www.cofb.org\/es\/wp-json\/"}],"wp:attachment":[{"href":"https:\/\/www.cofb.org\/es\/wp-json\/wp\/v2\/media?parent=29300"}],"wp:term":[{"taxonomy":"category","embeddable":true,"href":"https:\/\/www.cofb.org\/es\/wp-json\/wp\/v2\/categories?post=29300"},{"taxonomy":"post_tag","embeddable":true,"href":"https:\/\/www.cofb.org\/es\/wp-json\/wp\/v2\/tags?post=29300"}],"curies":[{"name":"wp","href":"https:\/\/api.w.org\/{rel}","templated":true}]}}