{"id":29250,"date":"2017-04-11T09:53:01","date_gmt":"2017-04-11T08:53:01","guid":{"rendered":"http:\/\/blog.cofb.cat\/?p=29250"},"modified":"2017-04-11T09:53:01","modified_gmt":"2017-04-11T08:53:01","slug":"noves-denominacions-incloses-al-lexic-de-farmacs-en-linia","status":"publish","type":"post","link":"https:\/\/www.cofb.org\/es\/2017\/04\/11\/noves-denominacions-incloses-al-lexic-de-farmacs-en-linia\/","title":{"rendered":"Nuevas denominaciones incluidas en el &#039;L\u00e9xico de f\u00e1rmacos&#039; online"},"content":{"rendered":"<p><a href=\"http:\/\/www.termcat.cat\/ca\/Diccionaris_En_Linia\/12\/Presentacio\" target=\"_blank\" rel=\"noopener\"><img decoding=\"async\" class=\"alignright\" title=\"Nuevas denominaciones incluidas en el L\u00e9xico de f\u00e1rmacos online\" alt=\"lexic-de-farmacs\" src=\"http:\/\/blog.cofb.cat\/wp-content\/uploads\/2017\/04\/lexic-de-farmacs.jpg\" width=\"305\" height=\"133\" \/><\/a>Coincidiendo con la reciente celebraci\u00f3n en Barcelona del congreso\u00a0<a href=\"http:\/\/blog.cofb.cat\/infarma-tanca-les-seves-portes-amb-la-mirada-posada-en-el-pacient-objectiu-comu-del-sector-farmaceutic\/\" target=\"_blank\" rel=\"noopener\">Infarma 2017<\/a>, el Colegio de Farmac\u00e9uticos de Barcelona y el\u00a0<a href=\"http:\/\/www.termcat.cat\/\">TERMCADO<\/a>\u00a0<strong>han<\/strong><b>\u00a0publicado la actualizaci\u00f3n anual del\u00a0<i><a href=\"http:\/\/www.termcat.cat\/ca\/Diccionaris_En_Linia\/12\/Presentacio\">L\u00e9xico de f\u00e1rmacos<\/a>\u00a0<\/i><\/b><strong>online.\u00a0<\/strong>Concretamente, se han incorporado a la obra las\u00a0<b>nuevas denominaciones comunes internacionales de f\u00e1rmacos aprobadas a lo largo de 2016<\/b>, y es el fruto del trabajo conjunto de ambas instituciones para mantener este repertorio de terminolog\u00eda permanentemente actualizado.<\/p>\n<p>El\u00a0<b><a href=\"http:\/\/www.termcat.cat\/ca\/Diccionaris_En_Linia\/12\/Presentacio\" target=\"_blank\" rel=\"noopener\"><i>L\u00e9xico de f\u00e1rmacos<\/i><\/a>\u00a0contiene m\u00e1s de tres mil t\u00e9rminos<\/b>, con la denominaci\u00f3n catalana y la categor\u00eda l\u00e9xica; los equivalentes en castellano, franc\u00e9s e ingl\u00e9s; las acciones terap\u00e9uticas o los mecanismos de acci\u00f3n m\u00e1s habituales de cada f\u00e1rmaco (antibi\u00f3tico, inmunomodulador, antiv\u00edrico, etc.); y el n\u00famero CAS, una identificaci\u00f3n num\u00e9rica, \u00fanica para cada compuesto qu\u00edmico, que otorga el Servicio de Res\u00famenes Qu\u00edmicos (Chemical Abstracts Service (CAS), la divisi\u00f3n de informaci\u00f3n de la Sociedad Americana de Qu\u00edmica.<\/p>\n<div class=\"box info\">\u00bfEn catal\u00e1n es omperazole u omeprazol? \u00bfC\u00f3mo se llama ibuprofeno o ibuprofeno? En el <a href=\"http:\/\/www.termcat.cat\/dicci\/farmacs\/\" target=\"_blank\" rel=\"noopener\"><em>L\u00e9xico de f\u00e1rmacos<\/em> <\/a>encontrar\u00e1s m\u00e1s de 3000 nombres de principios activos! <a href=\"http:\/\/www.termcat.cat\/ca\/Diccionaris_En_Linia\/12\/Fitxes\/\" target=\"_blank\" rel=\"noopener\"><strong>CONS\u00daLTALO<\/strong><\/a><\/div>\n<p><b>Este l\u00e9xico fue editado en papel en 2008 por el Colegio, y cada a\u00f1o se publica online su actualizaci\u00f3n<\/b>. Este a\u00f1o, se difunde acompa\u00f1ado de un v\u00eddeo que divulga, de forma visual, el contenido y la utilidad del\u00a0<i>L\u00e9xico de f\u00e1rmacos<\/i>.<\/p>\n<p><strong>V\u00eddeo presentaci\u00f3n de la actualizaci\u00f3n del <em>L\u00e9xico de f\u00e1rmacos<\/em><\/strong><\/p>\n<div style=\"position: relative; height: 0; padding-bottom: 56.25%;\"><iframe style=\"position: absolute; width: 100%; height: 100%; left: 0;\" src=\"https:\/\/www.youtube.com\/embed\/dyQxQTVC4pU?ecver=2\" height=\"360\" width=\"640\" allowfullscreen=\"\" frameborder=\"0\"><\/iframe><\/div>\n<p><strong>Fuente de la noticia<\/strong>:\u00a0<a href=\"http:\/\/www.termcat.cat\/ca\/Actualitat\/Noticies\/960\/\" target=\"_blank\" rel=\"noopener\">El TERMCAT actualiza el L\u00e9xico de f\u00e1rmacos online<\/a> (v\u00eda TERMCADO)<\/p>\n<p>Actualizaciones anuales anteriores, v\u00eda Blog:<\/p>\n<ul>\n<li><a href=\"http:\/\/blog.cofb.cat\/el-col%C2%B7legi-col%C2%B7labora-en-les-actualitzacions-de-dos-diccionaris-especialitzats-lexic-de-farmacs-i-demcat\/\" target=\"_blank\" rel=\"noopener\">El Colegio colabora en las actualizaciones de dos diccionarios especializados: L\u00e9xico de f\u00e1rmacos y DEMCA<\/a>T (2016)<\/li>\n<li><a href=\"http:\/\/blog.cofb.cat\/sofosbuvir-plazomicina-cadazolid-nous-medicaments-a-lactualitzacio-del-lexic-de-farmacs\/\" target=\"_blank\" rel=\"noopener\">Sofosbuvir, plazomicina, cadazolido\u2026 nuevos medicamentos en la actualizaci\u00f3n del L\u00e9xico de f\u00e1rmacos <\/a>(2015)<\/li>\n<li><a href=\"http:\/\/blog.cofb.cat\/el-col%C2%B7legi-col%C2%B7labora-en-lactualitzacio-del-diccionari-lexic-de-farmacs\/\" target=\"_blank\" rel=\"noopener\">El Colegio colabora en la actualizaci\u00f3n del diccionario L\u00e9xico de f\u00e1rmacos<\/a> (2014)<\/li>\n<li><a href=\"http:\/\/blog.cofb.cat\/escriu-correctament-els-noms-dels-farmacs-amb-lexic-de-farmacs\/\" target=\"_blank\" rel=\"noopener\">Escribe correctamente los nombres de los f\u00e1rmacos con L\u00e9xico de f\u00e1rmacos<\/a> (2013)<\/li>\n<\/ul>","protected":false},"excerpt":{"rendered":"<p>Coincidiendo con la reciente celebraci\u00f3n en Barcelona del congreso Infarma 2017, el Colegio de Farmac\u00e9uticos de Barcelona y el TERMCAT han publicado la actualizaci\u00f3n anual del L\u00e9xico de f\u00e1rmacos online. Concretamente, se han incorporado a la obra las nuevas denominaciones comunes internacionales de f\u00e1rmacos aprobadas a lo largo de 2016, siendo el fruto del trabajo conjunto de ambas instituciones para [\u2026]<\/p>","protected":false},"author":1,"featured_media":29247,"comment_status":"open","ping_status":"open","sticky":false,"template":"","format":"standard","meta":{"_uag_custom_page_level_css":"","site-sidebar-layout":"default","site-content-layout":"","ast-site-content-layout":"default","site-content-style":"default","site-sidebar-style":"default","ast-global-header-display":"","ast-banner-title-visibility":"","ast-main-header-display":"","ast-hfb-above-header-display":"","ast-hfb-below-header-display":"","ast-hfb-mobile-header-display":"","site-post-title":"","ast-breadcrumbs-content":"","ast-featured-img":"disabled","footer-sml-layout":"","theme-transparent-header-meta":"","adv-header-id-meta":"","stick-header-meta":"","header-above-stick-meta":"","header-main-stick-meta":"","header-below-stick-meta":"","astra-migrate-meta-layouts":"default","ast-page-background-enabled":"default","ast-page-background-meta":{"desktop":{"background-color":"var(--ast-global-color-4)","background-image":"","background-repeat":"repeat","background-position":"center center","background-size":"auto","background-attachment":"scroll","background-type":"","background-media":"","overlay-type":"","overlay-color":"","overlay-opacity":"","overlay-gradient":""},"tablet":{"background-color":"","background-image":"","background-repeat":"repeat","background-position":"center center","background-size":"auto","background-attachment":"scroll","background-type":"","background-media":"","overlay-type":"","overlay-color":"","overlay-opacity":"","overlay-gradient":""},"mobile":{"background-color":"","background-image":"","background-repeat":"repeat","background-position":"center center","background-size":"auto","background-attachment":"scroll","background-type":"","background-media":"","overlay-type":"","overlay-color":"","overlay-opacity":"","overlay-gradient":""}},"ast-content-background-meta":{"desktop":{"background-color":"var(--ast-global-color-5)","background-image":"","background-repeat":"repeat","background-position":"center center","background-size":"auto","background-attachment":"scroll","background-type":"","background-media":"","overlay-type":"","overlay-color":"","overlay-opacity":"","overlay-gradient":""},"tablet":{"background-color":"var(--ast-global-color-5)","background-image":"","background-repeat":"repeat","background-position":"center center","background-size":"auto","background-attachment":"scroll","background-type":"","background-media":"","overlay-type":"","overlay-color":"","overlay-opacity":"","overlay-gradient":""},"mobile":{"background-color":"var(--ast-global-color-5)","background-image":"","background-repeat":"repeat","background-position":"center center","background-size":"auto","background-attachment":"scroll","background-type":"","background-media":"","overlay-type":"","overlay-color":"","overlay-opacity":"","overlay-gradient":""}},"footnotes":""},"categories":[57],"tags":[18,612,601,2149,604],"class_list":["post-29250","post","type-post","status-publish","format-standard","has-post-thumbnail","hentry","category-mon-collegial","tag-cofb","tag-farmacologia","tag-lexic-de-farmacs","tag-publicacions","tag-termcat"],"yoast_head":"<!-- This site is optimized with the Yoast SEO plugin v22.4 - https:\/\/yoast.com\/wordpress\/plugins\/seo\/ -->\n<title>Noves denominacions incloses al &#039;L\u00e8xic de f\u00e0rmacs&#039; en l\u00ednia<\/title>\n<meta name=\"description\" content=\"Noves denominacions incloses al &#039;L\u00e8xic de f\u00e0rmacs&#039; en l\u00ednia. Treball conjunt del Col\u00b7legi de Farmac\u00e8utics de Barcelona i TERMCAT\" \/>\n<meta name=\"robots\" content=\"index, follow, max-snippet:-1, max-image-preview:large, max-video-preview:-1\" \/>\n<link rel=\"canonical\" href=\"https:\/\/novaorg.cofb.net\/2017\/04\/11\/noves-denominacions-incloses-al-lexic-de-farmacs-en-linia\/\" \/>\n<meta property=\"og:locale\" content=\"es_ES\" \/>\n<meta property=\"og:type\" content=\"article\" \/>\n<meta property=\"og:title\" content=\"Noves denominacions incloses al &#039;L\u00e8xic de f\u00e0rmacs&#039; en l\u00ednia\" \/>\n<meta property=\"og:description\" content=\"Noves denominacions incloses al &#039;L\u00e8xic de f\u00e0rmacs&#039; en l\u00ednia. Treball conjunt del Col\u00b7legi de Farmac\u00e8utics de Barcelona i TERMCAT\" \/>\n<meta property=\"og:url\" content=\"https:\/\/novaorg.cofb.net\/2017\/04\/11\/noves-denominacions-incloses-al-lexic-de-farmacs-en-linia\/\" \/>\n<meta property=\"og:site_name\" content=\"Col\u00b7legi de Farmac\u00e8utics de Barcelona\" \/>\n<meta property=\"article:publisher\" content=\"https:\/\/www.facebook.com\/farmaceuticsbcn\/\" \/>\n<meta property=\"article:published_time\" content=\"2017-04-11T08:53:01+00:00\" \/>\n<meta name=\"author\" content=\"wpAdminCofbOrg\" \/>\n<meta name=\"twitter:card\" content=\"summary_large_image\" \/>\n<meta name=\"twitter:creator\" content=\"@farmaceuticsbcn\" \/>\n<meta name=\"twitter:site\" content=\"@farmaceuticsbcn\" \/>\n<meta name=\"twitter:label1\" content=\"Escrito por\" \/>\n\t<meta name=\"twitter:data1\" content=\"wpAdminCofbOrg\" \/>\n\t<meta name=\"twitter:label2\" content=\"Tiempo de lectura\" \/>\n\t<meta name=\"twitter:data2\" content=\"2 minutos\" \/>\n<script type=\"application\/ld+json\" class=\"yoast-schema-graph\">{\"@context\":\"https:\/\/schema.org\",\"@graph\":[{\"@type\":\"Article\",\"@id\":\"https:\/\/novaorg.cofb.net\/2017\/04\/11\/noves-denominacions-incloses-al-lexic-de-farmacs-en-linia\/#article\",\"isPartOf\":{\"@id\":\"https:\/\/novaorg.cofb.net\/2017\/04\/11\/noves-denominacions-incloses-al-lexic-de-farmacs-en-linia\/\"},\"author\":{\"name\":\"wpAdminCofbOrg\",\"@id\":\"https:\/\/www.cofb.org\/#\/schema\/person\/22ed7eea88da74b0fa4d3154ad87ffcb\"},\"headline\":\"Noves denominacions incloses al &#8216;L\u00e8xic de f\u00e0rmacs&#8217; en l\u00ednia\",\"datePublished\":\"2017-04-11T08:53:01+00:00\",\"dateModified\":\"2017-04-11T08:53:01+00:00\",\"mainEntityOfPage\":{\"@id\":\"https:\/\/novaorg.cofb.net\/2017\/04\/11\/noves-denominacions-incloses-al-lexic-de-farmacs-en-linia\/\"},\"wordCount\":356,\"commentCount\":0,\"publisher\":{\"@id\":\"https:\/\/www.cofb.org\/#organization\"},\"image\":{\"@id\":\"https:\/\/novaorg.cofb.net\/2017\/04\/11\/noves-denominacions-incloses-al-lexic-de-farmacs-en-linia\/#primaryimage\"},\"thumbnailUrl\":\"\",\"keywords\":[\"COFB\",\"farmacologia\",\"L\u00e8xic de f\u00e0rmacs\",\"Publicacions\",\"Termcat\"],\"articleSection\":[\"M\u00f3n col\u00b7legial\"],\"inLanguage\":\"es\",\"potentialAction\":[{\"@type\":\"CommentAction\",\"name\":\"Comment\",\"target\":[\"https:\/\/novaorg.cofb.net\/2017\/04\/11\/noves-denominacions-incloses-al-lexic-de-farmacs-en-linia\/#respond\"]}]},{\"@type\":\"WebPage\",\"@id\":\"https:\/\/novaorg.cofb.net\/2017\/04\/11\/noves-denominacions-incloses-al-lexic-de-farmacs-en-linia\/\",\"url\":\"https:\/\/novaorg.cofb.net\/2017\/04\/11\/noves-denominacions-incloses-al-lexic-de-farmacs-en-linia\/\",\"name\":\"Noves denominacions incloses al 'L\u00e8xic de f\u00e0rmacs' en l\u00ednia\",\"isPartOf\":{\"@id\":\"https:\/\/www.cofb.org\/#website\"},\"primaryImageOfPage\":{\"@id\":\"https:\/\/novaorg.cofb.net\/2017\/04\/11\/noves-denominacions-incloses-al-lexic-de-farmacs-en-linia\/#primaryimage\"},\"image\":{\"@id\":\"https:\/\/novaorg.cofb.net\/2017\/04\/11\/noves-denominacions-incloses-al-lexic-de-farmacs-en-linia\/#primaryimage\"},\"thumbnailUrl\":\"\",\"datePublished\":\"2017-04-11T08:53:01+00:00\",\"dateModified\":\"2017-04-11T08:53:01+00:00\",\"description\":\"Noves denominacions incloses al 'L\u00e8xic de f\u00e0rmacs' en l\u00ednia. Treball conjunt del Col\u00b7legi de Farmac\u00e8utics de Barcelona i TERMCAT\",\"breadcrumb\":{\"@id\":\"https:\/\/novaorg.cofb.net\/2017\/04\/11\/noves-denominacions-incloses-al-lexic-de-farmacs-en-linia\/#breadcrumb\"},\"inLanguage\":\"es\",\"potentialAction\":[{\"@type\":\"ReadAction\",\"target\":[\"https:\/\/novaorg.cofb.net\/2017\/04\/11\/noves-denominacions-incloses-al-lexic-de-farmacs-en-linia\/\"]}]},{\"@type\":\"ImageObject\",\"inLanguage\":\"es\",\"@id\":\"https:\/\/novaorg.cofb.net\/2017\/04\/11\/noves-denominacions-incloses-al-lexic-de-farmacs-en-linia\/#primaryimage\",\"url\":\"\",\"contentUrl\":\"\"},{\"@type\":\"BreadcrumbList\",\"@id\":\"https:\/\/novaorg.cofb.net\/2017\/04\/11\/noves-denominacions-incloses-al-lexic-de-farmacs-en-linia\/#breadcrumb\",\"itemListElement\":[{\"@type\":\"ListItem\",\"position\":1,\"name\":\"Inici\",\"item\":\"https:\/\/novaorg.cofb.net\/\"},{\"@type\":\"ListItem\",\"position\":2,\"name\":\"Noves denominacions incloses al &#8216;L\u00e8xic de f\u00e0rmacs&#8217; en l\u00ednia\"}]},{\"@type\":\"WebSite\",\"@id\":\"https:\/\/www.cofb.org\/#website\",\"url\":\"https:\/\/www.cofb.org\/\",\"name\":\"Col\u00b7legi de Farmac\u00e8utics de Barcelona\",\"description\":\"\",\"publisher\":{\"@id\":\"https:\/\/www.cofb.org\/#organization\"},\"potentialAction\":[{\"@type\":\"SearchAction\",\"target\":{\"@type\":\"EntryPoint\",\"urlTemplate\":\"https:\/\/www.cofb.org\/?s={search_term_string}\"},\"query-input\":\"required name=search_term_string\"}],\"inLanguage\":\"es\"},{\"@type\":\"Organization\",\"@id\":\"https:\/\/www.cofb.org\/#organization\",\"name\":\"Col\u00b7legi de Farmac\u00e8utics de Barcelona\",\"url\":\"https:\/\/www.cofb.org\/\",\"logo\":{\"@type\":\"ImageObject\",\"inLanguage\":\"es\",\"@id\":\"https:\/\/www.cofb.org\/#\/schema\/logo\/image\/\",\"url\":\"https:\/\/www.cofb.org\/wp-content\/uploads\/2023\/11\/cropped-Logotip-COFB.png\",\"contentUrl\":\"https:\/\/www.cofb.org\/wp-content\/uploads\/2023\/11\/cropped-Logotip-COFB.png\",\"width\":500,\"height\":105,\"caption\":\"Col\u00b7legi de Farmac\u00e8utics de Barcelona\"},\"image\":{\"@id\":\"https:\/\/www.cofb.org\/#\/schema\/logo\/image\/\"},\"sameAs\":[\"https:\/\/www.facebook.com\/farmaceuticsbcn\/\",\"https:\/\/twitter.com\/farmaceuticsbcn\",\"https:\/\/www.instagram.com\/farmaceuticsbcn\/\",\"https:\/\/www.linkedin.com\/company\/farmaceuticsbcn\/\"]},{\"@type\":\"Person\",\"@id\":\"https:\/\/www.cofb.org\/#\/schema\/person\/22ed7eea88da74b0fa4d3154ad87ffcb\",\"name\":\"wpAdminCofbOrg\",\"image\":{\"@type\":\"ImageObject\",\"inLanguage\":\"es\",\"@id\":\"https:\/\/www.cofb.org\/#\/schema\/person\/image\/\",\"url\":\"https:\/\/secure.gravatar.com\/avatar\/1721b20b3b8ca882c3b56ec6c978c594fff670e40c0718e9190eaeeb76aae7d8?s=96&d=mm&r=g\",\"contentUrl\":\"https:\/\/secure.gravatar.com\/avatar\/1721b20b3b8ca882c3b56ec6c978c594fff670e40c0718e9190eaeeb76aae7d8?s=96&d=mm&r=g\",\"caption\":\"wpAdminCofbOrg\"},\"sameAs\":[\"http:\/\/192.168.64.122\/wordpress\"],\"url\":\"https:\/\/www.cofb.org\/es\/author\/wpadmincofborg\/\"}]}<\/script>\n<!-- \/ Yoast SEO plugin. -->","yoast_head_json":{"title":"Noves denominacions incloses al 'L\u00e8xic de f\u00e0rmacs' en l\u00ednia","description":"Noves denominacions incloses al 'L\u00e8xic de f\u00e0rmacs' en l\u00ednia. Treball conjunt del Col\u00b7legi de Farmac\u00e8utics de Barcelona i TERMCAT","robots":{"index":"index","follow":"follow","max-snippet":"max-snippet:-1","max-image-preview":"max-image-preview:large","max-video-preview":"max-video-preview:-1"},"canonical":"https:\/\/novaorg.cofb.net\/2017\/04\/11\/noves-denominacions-incloses-al-lexic-de-farmacs-en-linia\/","og_locale":"es_ES","og_type":"article","og_title":"Noves denominacions incloses al 'L\u00e8xic de f\u00e0rmacs' en l\u00ednia","og_description":"Noves denominacions incloses al 'L\u00e8xic de f\u00e0rmacs' en l\u00ednia. Treball conjunt del Col\u00b7legi de Farmac\u00e8utics de Barcelona i TERMCAT","og_url":"https:\/\/novaorg.cofb.net\/2017\/04\/11\/noves-denominacions-incloses-al-lexic-de-farmacs-en-linia\/","og_site_name":"Col\u00b7legi de Farmac\u00e8utics de Barcelona","article_publisher":"https:\/\/www.facebook.com\/farmaceuticsbcn\/","article_published_time":"2017-04-11T08:53:01+00:00","author":"wpAdminCofbOrg","twitter_card":"summary_large_image","twitter_creator":"@farmaceuticsbcn","twitter_site":"@farmaceuticsbcn","twitter_misc":{"Escrito por":"wpAdminCofbOrg","Tiempo de lectura":"2 minutos"},"schema":{"@context":"https:\/\/schema.org","@graph":[{"@type":"Article","@id":"https:\/\/novaorg.cofb.net\/2017\/04\/11\/noves-denominacions-incloses-al-lexic-de-farmacs-en-linia\/#article","isPartOf":{"@id":"https:\/\/novaorg.cofb.net\/2017\/04\/11\/noves-denominacions-incloses-al-lexic-de-farmacs-en-linia\/"},"author":{"name":"wpAdminCofbOrg","@id":"https:\/\/www.cofb.org\/#\/schema\/person\/22ed7eea88da74b0fa4d3154ad87ffcb"},"headline":"Noves denominacions incloses al &#8216;L\u00e8xic de f\u00e0rmacs&#8217; en l\u00ednia","datePublished":"2017-04-11T08:53:01+00:00","dateModified":"2017-04-11T08:53:01+00:00","mainEntityOfPage":{"@id":"https:\/\/novaorg.cofb.net\/2017\/04\/11\/noves-denominacions-incloses-al-lexic-de-farmacs-en-linia\/"},"wordCount":356,"commentCount":0,"publisher":{"@id":"https:\/\/www.cofb.org\/#organization"},"image":{"@id":"https:\/\/novaorg.cofb.net\/2017\/04\/11\/noves-denominacions-incloses-al-lexic-de-farmacs-en-linia\/#primaryimage"},"thumbnailUrl":"","keywords":["COFB","farmacologia","L\u00e8xic de f\u00e0rmacs","Publicacions","Termcat"],"articleSection":["M\u00f3n col\u00b7legial"],"inLanguage":"es","potentialAction":[{"@type":"CommentAction","name":"Comment","target":["https:\/\/novaorg.cofb.net\/2017\/04\/11\/noves-denominacions-incloses-al-lexic-de-farmacs-en-linia\/#respond"]}]},{"@type":"WebPage","@id":"https:\/\/novaorg.cofb.net\/2017\/04\/11\/noves-denominacions-incloses-al-lexic-de-farmacs-en-linia\/","url":"https:\/\/novaorg.cofb.net\/2017\/04\/11\/noves-denominacions-incloses-al-lexic-de-farmacs-en-linia\/","name":"Noves denominacions incloses al 'L\u00e8xic de f\u00e0rmacs' en l\u00ednia","isPartOf":{"@id":"https:\/\/www.cofb.org\/#website"},"primaryImageOfPage":{"@id":"https:\/\/novaorg.cofb.net\/2017\/04\/11\/noves-denominacions-incloses-al-lexic-de-farmacs-en-linia\/#primaryimage"},"image":{"@id":"https:\/\/novaorg.cofb.net\/2017\/04\/11\/noves-denominacions-incloses-al-lexic-de-farmacs-en-linia\/#primaryimage"},"thumbnailUrl":"","datePublished":"2017-04-11T08:53:01+00:00","dateModified":"2017-04-11T08:53:01+00:00","description":"Noves denominacions incloses al 'L\u00e8xic de f\u00e0rmacs' en l\u00ednia. Treball conjunt del Col\u00b7legi de Farmac\u00e8utics de Barcelona i TERMCAT","breadcrumb":{"@id":"https:\/\/novaorg.cofb.net\/2017\/04\/11\/noves-denominacions-incloses-al-lexic-de-farmacs-en-linia\/#breadcrumb"},"inLanguage":"es","potentialAction":[{"@type":"ReadAction","target":["https:\/\/novaorg.cofb.net\/2017\/04\/11\/noves-denominacions-incloses-al-lexic-de-farmacs-en-linia\/"]}]},{"@type":"ImageObject","inLanguage":"es","@id":"https:\/\/novaorg.cofb.net\/2017\/04\/11\/noves-denominacions-incloses-al-lexic-de-farmacs-en-linia\/#primaryimage","url":"","contentUrl":""},{"@type":"BreadcrumbList","@id":"https:\/\/novaorg.cofb.net\/2017\/04\/11\/noves-denominacions-incloses-al-lexic-de-farmacs-en-linia\/#breadcrumb","itemListElement":[{"@type":"ListItem","position":1,"name":"Inici","item":"https:\/\/novaorg.cofb.net\/"},{"@type":"ListItem","position":2,"name":"Noves denominacions incloses al &#8216;L\u00e8xic de f\u00e0rmacs&#8217; en l\u00ednia"}]},{"@type":"WebSite","@id":"https:\/\/www.cofb.org\/#website","url":"https:\/\/www.cofb.org\/","name":"Col\u00b7legi de Farmac\u00e8utics de Barcelona","description":"","publisher":{"@id":"https:\/\/www.cofb.org\/#organization"},"potentialAction":[{"@type":"SearchAction","target":{"@type":"EntryPoint","urlTemplate":"https:\/\/www.cofb.org\/?s={search_term_string}"},"query-input":"required name=search_term_string"}],"inLanguage":"es"},{"@type":"Organization","@id":"https:\/\/www.cofb.org\/#organization","name":"Col\u00b7legi de Farmac\u00e8utics de Barcelona","url":"https:\/\/www.cofb.org\/","logo":{"@type":"ImageObject","inLanguage":"es","@id":"https:\/\/www.cofb.org\/#\/schema\/logo\/image\/","url":"https:\/\/www.cofb.org\/wp-content\/uploads\/2023\/11\/cropped-Logotip-COFB.png","contentUrl":"https:\/\/www.cofb.org\/wp-content\/uploads\/2023\/11\/cropped-Logotip-COFB.png","width":500,"height":105,"caption":"Col\u00b7legi de Farmac\u00e8utics de Barcelona"},"image":{"@id":"https:\/\/www.cofb.org\/#\/schema\/logo\/image\/"},"sameAs":["https:\/\/www.facebook.com\/farmaceuticsbcn\/","https:\/\/twitter.com\/farmaceuticsbcn","https:\/\/www.instagram.com\/farmaceuticsbcn\/","https:\/\/www.linkedin.com\/company\/farmaceuticsbcn\/"]},{"@type":"Person","@id":"https:\/\/www.cofb.org\/#\/schema\/person\/22ed7eea88da74b0fa4d3154ad87ffcb","name":"wpAdminCofbOrg","image":{"@type":"ImageObject","inLanguage":"es","@id":"https:\/\/www.cofb.org\/#\/schema\/person\/image\/","url":"https:\/\/secure.gravatar.com\/avatar\/1721b20b3b8ca882c3b56ec6c978c594fff670e40c0718e9190eaeeb76aae7d8?s=96&d=mm&r=g","contentUrl":"https:\/\/secure.gravatar.com\/avatar\/1721b20b3b8ca882c3b56ec6c978c594fff670e40c0718e9190eaeeb76aae7d8?s=96&d=mm&r=g","caption":"wpAdminCofbOrg"},"sameAs":["http:\/\/192.168.64.122\/wordpress"],"url":"https:\/\/www.cofb.org\/es\/author\/wpadmincofborg\/"}]}},"uagb_featured_image_src":{"full":false,"thumbnail":false,"medium":false,"medium_large":false,"large":false,"1536x1536":false,"2048x2048":false,"trp-custom-language-flag":false},"uagb_author_info":{"display_name":"wpAdminCofbOrg","author_link":"https:\/\/www.cofb.org\/es\/author\/wpadmincofborg\/"},"uagb_comment_info":0,"uagb_excerpt":"Coincidint amb la recent celebraci\u00f3 a Barcelona del congr\u00e9s\u00a0Infarma 2017, el Col\u00b7legi de Farmac\u00e8utics de Barcelona i el\u00a0TERMCAT\u00a0han\u00a0publicat l\u2019actualitzaci\u00f3 anual del\u00a0L\u00e8xic de f\u00e0rmacs\u00a0en l\u00ednia.\u00a0Concretament, s\u2019han incorporat a l\u2019obra les\u00a0noves denominacions comunes internacionals de f\u00e0rmacs aprovades al llarg del 2016, i \u00e9s el fruit del treball conjunt d\u2019ambdues institucions per a [&hellip;]","_links":{"self":[{"href":"https:\/\/www.cofb.org\/es\/wp-json\/wp\/v2\/posts\/29250","targetHints":{"allow":["GET"]}}],"collection":[{"href":"https:\/\/www.cofb.org\/es\/wp-json\/wp\/v2\/posts"}],"about":[{"href":"https:\/\/www.cofb.org\/es\/wp-json\/wp\/v2\/types\/post"}],"author":[{"embeddable":true,"href":"https:\/\/www.cofb.org\/es\/wp-json\/wp\/v2\/users\/1"}],"replies":[{"embeddable":true,"href":"https:\/\/www.cofb.org\/es\/wp-json\/wp\/v2\/comments?post=29250"}],"version-history":[{"count":0,"href":"https:\/\/www.cofb.org\/es\/wp-json\/wp\/v2\/posts\/29250\/revisions"}],"wp:featuredmedia":[{"embeddable":true,"href":"https:\/\/www.cofb.org\/es\/wp-json\/"}],"wp:attachment":[{"href":"https:\/\/www.cofb.org\/es\/wp-json\/wp\/v2\/media?parent=29250"}],"wp:term":[{"taxonomy":"category","embeddable":true,"href":"https:\/\/www.cofb.org\/es\/wp-json\/wp\/v2\/categories?post=29250"},{"taxonomy":"post_tag","embeddable":true,"href":"https:\/\/www.cofb.org\/es\/wp-json\/wp\/v2\/tags?post=29250"}],"curies":[{"name":"wp","href":"https:\/\/api.w.org\/{rel}","templated":true}]}}