{"id":29031,"date":"2017-04-05T10:11:53","date_gmt":"2017-04-05T09:11:53","guid":{"rendered":"http:\/\/blog.cofb.cat\/?p=29031"},"modified":"2017-04-05T10:11:53","modified_gmt":"2017-04-05T09:11:53","slug":"viii-cursa-intercol%c2%b7legial-inscripcions-obertes","status":"publish","type":"post","link":"https:\/\/www.cofb.org\/es\/2017\/04\/05\/viii-cursa-intercol%c2%b7legial-inscripcions-obertes\/","title":{"rendered":"VIII Carrera Intercolegial: inscripciones abiertas"},"content":{"rendered":"<p><a href=\"http:\/\/blog.cofb.cat\/wp-content\/uploads\/2017\/04\/C8fSieXXkAAZOOx.jpg\" target=\"_blank\" rel=\"noopener\"><img fetchpriority=\"high\" decoding=\"async\" class=\"alignleft  wp-image-29074\" alt=\"VIII-Cursa-Intercol\u00b7legial-inscripcions-obertes\" src=\"http:\/\/blog.cofb.cat\/wp-content\/uploads\/2017\/04\/C8fSieXXkAAZOOx.jpg\" width=\"334\" height=\"222\" \/><\/a>El pr\u00f3ximo s\u00e1bado 22 de abril el mundo colegial tiene una cita con el deporte. Y es que, un a\u00f1o m\u00e1s, varios colegios y asociaciones profesionales organizan una nueva edici\u00f3n de la\u00a0<a href=\"http:\/\/www.cursaintercol.cat\/\" target=\"_blank\" rel=\"noopener\"><strong>Carrera Intercolegial<\/strong><\/a> con el apoyo del<a href=\"http:\/\/www.barcelona.cat\/ca\/\" target=\"_blank\" rel=\"noopener\">Ayuntamiento de Barcelona<\/a> y la coordinaci\u00f3n t\u00e9cnica de <a href=\"http:\/\/www.gesport.cat\/web\/web\/\" target=\"_blank\" rel=\"noopener\">Gesport<\/a>, as\u00ed como con el patrocinio principal de <a href=\"https:\/\/www.bancsabadell.com\/cs\/Satellite\/SabAtl\/\" target=\"_blank\" rel=\"noopener\">Banco Sabadell<\/a>. El evento, que este a\u00f1o celebra su octava edici\u00f3n, <strong>empezar\u00e1 a las 9:00 horas y tendr\u00e1, como punto de partida (y de llegada), el Paseo Ol\u00edmpico del Port Mar\u00edtim de Barcelona<\/strong>. Se trata de una iniciativa dirigida a colegiados con la posibilidad de que \u00e9stos puedan inscribir a familiares y\/o amigos.<\/p>\n<p>La carrera se dividir\u00e1 en cuatro categor\u00edas,<strong>\u00a0Infantil<\/strong><strong>\u00a0(de 11 a 14 a\u00f1os), Junior (de 15 a 20 a\u00f1os), Senior (de 21 a 49 a\u00f1os) y Veterano (<\/strong><strong>de m\u00e1s de 50 a\u00f1os) <\/strong>y, teniendo en cuenta esta diferenciaci\u00f3n, se realizar\u00e1n dos simult\u00e1neas para hacerlo m\u00e1s accesible a todos los participantes:<strong>\u00a0una de 5 kil\u00f3metros para la categor\u00eda Infantil y, para el resto, una de 10 kil\u00f3metros<\/strong>. Habr\u00e1 primero, segundo y tercero clasificado en las cuatro categor\u00edas tanto en masculino como en femenino.<\/p>\n<p>La recogida del dorsal, la camiseta corporativa y el chip se podr\u00e1 realizar antes de la carrera en la tienda\u00a0<a href=\"http:\/\/www.prorunners.es\/\" target=\"_blank\" rel=\"noopener\"><i>Prorunners <\/i><\/a>Barcelona (Ramon Turr\u00f3, 303. Barcelona) durante el viernes 21 de abril de 10:00 a 20:00 horas o, si se prefiere, el mismo d\u00eda de la carrera de 7:45 a 8:45 horas en el sitio de partida. Los participantes recibir\u00e1n una bolsa con obsequios de los colaboradores que se entregar\u00e1 al final de la carrera.<\/p>\n<p><strong>Las inscripciones ya est\u00e1n abiertas y se cerrar\u00e1n el 21 de abril a las 13:00 horas<\/strong>, es decir, un d\u00eda antes del evento.  Si quieres participar,\u00a0<i>correr<\/i>! Las plazas est\u00e1n limitadas a 500 corredores por orden de inscripci\u00f3n. Para apuntarse: <a href=\"http:\/\/xipgroc.cat\/ca\/curses\/SABADELLPROFESSIONAL2017\/10k\/inscripcio\/run\" target=\"_blank\" rel=\"noopener\">Inscripci\u00f3n Carrera Adultos<\/a> y <a href=\"http:\/\/xipgroc.cat\/ca\/curses\/SABADELLPROFESSIONAL2017\/5k\/inscripcio\/infantils\" target=\"_blank\" rel=\"noopener\">Inscripci\u00f3n Carrera Infantiles<\/a><\/p>\n<div class=\"box note\">\u00a0<strong>SAVE THE DATE: VIII Carrera Intercolegial<\/strong><\/p>\n<ul>\n<li><strong>D\u00eda<\/strong>: S\u00e1bado 22 de abril de 2017<\/li>\n<li><strong>Hora<\/strong>: 9:00 horas<\/li>\n<li><strong>Lugar<\/strong>: Paseo Ol\u00edmpico del Puerto Mar\u00edtimo de Barcelona<\/li>\n<li><strong>Precio<\/strong>: con chip amarillo, 10\u20ac la inscripci\u00f3n de adultos (categor\u00edas Junior, Senior y Veterano); con chip de alquiler 12\u20ac la inscripci\u00f3n de adultos (categor\u00edas Junior, Senior y Veterano); inscripci\u00f3n gratuita por la categor\u00eda infantil (con chip de alquiler: 2\u20ac).<\/li>\n<li><strong>Inscripciones:<\/strong>\u00a0abiertas desde el 23\/03\/2017 hasta el 21\/04\/2017 a las 13:00 horas<\/li>\n<\/ul>\n<p><\/div>\n<figure id=\"attachment_29041\" aria-describedby=\"caption-attachment-29041\" style=\"width: 458px\" class=\"wp-caption alignright\"><a href=\"http:\/\/blog.cofb.cat\/wp-content\/uploads\/2017\/04\/planol-Intercollegial-2016.jpg\" target=\"_blank\" rel=\"noopener\"><img decoding=\"async\" class=\"wp-image-29041\" alt=\"VIII-Cursa-Intercol\u00b7legial-inscripcions-obertes\" src=\"http:\/\/blog.cofb.cat\/wp-content\/uploads\/2017\/04\/planol-Intercollegial-2016.jpg\" width=\"458\" height=\"242\" \/><\/a><figcaption id=\"caption-attachment-29041\" class=\"wp-caption-text\">Plano del recorrido (clicar para aumentarlo)<\/figcaption><\/figure>\n<p>&nbsp;<\/p>\n<p><strong>Recordar que el \u00fanico requisito indispensable para correr en la Cursa es que es necesario estar colegiado e inscribirse siguiendo el proceso establecido en el colegio profesional al que se pertenece.<\/strong><\/p>\n<p>Todas las im\u00e1genes del a\u00f1o pasado, <a href=\"https:\/\/www.flickr.com\/photos\/142100350@N04\/sets\/72157666883004610\/\" target=\"_blank\" rel=\"noopener\">aqu\u00ed<\/a>.<\/p>\n<p>&nbsp;<\/p>\n<p><strong>Para m\u00e1s informaci\u00f3n:\u00a0<\/strong><\/p>\n<ul>\n<li><a href=\"http:\/\/www.cursaintercol.cat\/\" target=\"_blank\" rel=\"noopener\">P\u00e1gina web de la competici\u00f3n<\/a><\/li>\n<\/ul>\n<p><strong>Ediciones pasadas recogidas en el Blog:<\/strong><\/p>\n<ul>\n<li><a title=\"Link permanente a Cuatro farmac\u00e9uticos en el podio de la VII edici\u00f3n de la Carrera Intercolegial\" href=\"http:\/\/blog.cofb.cat\/quatre-farmaceutics-al-podium-de-la-vii-edicio-de-la-cursa-intercol%c2%b7legial\/\" rel=\"bookmark\">Cuatro farmac\u00e9uticos en el podio de la VII edici\u00f3n de la Carrera Intercolegial<\/a>\u00a0(2016)<\/li>\n<li><a title=\"Link permanente a Dos farmac\u00e9uticos, ganadores en la VI carrera intercolegial\" href=\"http:\/\/blog.cofb.cat\/dos-farmaceutics-guanyadors-a-la-vi-cursa-intercol%c2%b7legial\/\" rel=\"bookmark\">Dos farmac\u00e9uticos, ganadores en la VI carrera intercolegial<\/a>\u00a0(2015)<\/li>\n<li><a title=\"Link permanente a La farmac\u00e9utica Aida Arnaiz, ganadora en la V carrera intercolegial en la categor\u00eda de veteranos\" href=\"http:\/\/blog.cofb.cat\/la-farmaceutica-aida-arnaiz-guanyadora-a-la-v-cursa-intercol%c2%b7legial-en-la-categoria-de-veterans\/\" rel=\"bookmark\">La farmac\u00e9utica Aida Arnaiz, ganadora en la V carrera intercolegial en la categor\u00eda de veteranos<\/a>\u00a0(2014)<\/li>\n<li><a title=\"Link permanente a La farmac\u00e9utica Eva Vallcanera, ganadora en la Carrera intercolegial\" href=\"http:\/\/blog.cofb.cat\/la-farmaceutica-eva-vallcanera-guanyadora-a-la-cursa-intercol%c2%b7legial\/\" rel=\"bookmark\">La farmac\u00e9utica Eva Vallcanera, ganadora en la Carrera intercolegial<\/a>\u00a0(2013)<\/li>\n<\/ul>","protected":false},"excerpt":{"rendered":"<p>El pr\u00f3ximo s\u00e1bado 22 de abril el mundo colegial tiene una cita con el deporte. Y es que, un a\u00f1o m\u00e1s, varios colegios y asociaciones profesionales organizan una nueva edici\u00f3n de la Cursa Intercolegial con el apoyo del Ayuntamiento de Barcelona y la coordinaci\u00f3n t\u00e9cnica de Gesport, as\u00ed como con el patrocinio principal [\u2026]<\/p>","protected":false},"author":1,"featured_media":29074,"comment_status":"open","ping_status":"open","sticky":false,"template":"","format":"standard","meta":{"_uag_custom_page_level_css":"","site-sidebar-layout":"default","site-content-layout":"","ast-site-content-layout":"default","site-content-style":"default","site-sidebar-style":"default","ast-global-header-display":"","ast-banner-title-visibility":"","ast-main-header-display":"","ast-hfb-above-header-display":"","ast-hfb-below-header-display":"","ast-hfb-mobile-header-display":"","site-post-title":"","ast-breadcrumbs-content":"","ast-featured-img":"disabled","footer-sml-layout":"","theme-transparent-header-meta":"","adv-header-id-meta":"","stick-header-meta":"","header-above-stick-meta":"","header-main-stick-meta":"","header-below-stick-meta":"","astra-migrate-meta-layouts":"default","ast-page-background-enabled":"default","ast-page-background-meta":{"desktop":{"background-color":"var(--ast-global-color-4)","background-image":"","background-repeat":"repeat","background-position":"center center","background-size":"auto","background-attachment":"scroll","background-type":"","background-media":"","overlay-type":"","overlay-color":"","overlay-opacity":"","overlay-gradient":""},"tablet":{"background-color":"","background-image":"","background-repeat":"repeat","background-position":"center center","background-size":"auto","background-attachment":"scroll","background-type":"","background-media":"","overlay-type":"","overlay-color":"","overlay-opacity":"","overlay-gradient":""},"mobile":{"background-color":"","background-image":"","background-repeat":"repeat","background-position":"center center","background-size":"auto","background-attachment":"scroll","background-type":"","background-media":"","overlay-type":"","overlay-color":"","overlay-opacity":"","overlay-gradient":""}},"ast-content-background-meta":{"desktop":{"background-color":"var(--ast-global-color-5)","background-image":"","background-repeat":"repeat","background-position":"center center","background-size":"auto","background-attachment":"scroll","background-type":"","background-media":"","overlay-type":"","overlay-color":"","overlay-opacity":"","overlay-gradient":""},"tablet":{"background-color":"var(--ast-global-color-5)","background-image":"","background-repeat":"repeat","background-position":"center center","background-size":"auto","background-attachment":"scroll","background-type":"","background-media":"","overlay-type":"","overlay-color":"","overlay-opacity":"","overlay-gradient":""},"mobile":{"background-color":"var(--ast-global-color-5)","background-image":"","background-repeat":"repeat","background-position":"center center","background-size":"auto","background-attachment":"scroll","background-type":"","background-media":"","overlay-type":"","overlay-color":"","overlay-opacity":"","overlay-gradient":""}},"footnotes":""},"categories":[57],"tags":[2734,2735,2736,2190],"class_list":["post-29031","post","type-post","status-publish","format-standard","has-post-thumbnail","hentry","category-mon-collegial","tag-associacions-professionals","tag-collegis-professinals","tag-competicio","tag-cursa-intercollegial"],"yoast_head":"<!-- This site is optimized with the Yoast SEO plugin v22.4 - https:\/\/yoast.com\/wordpress\/plugins\/seo\/ -->\n<title>VIII Cursa Intercol\u00b7legial: inscripcions obertes<\/title>\n<meta name=\"description\" content=\"VIII Cursa Intercol\u00b7legial: inscripcions obertes\" \/>\n<meta name=\"robots\" content=\"index, follow, max-snippet:-1, max-image-preview:large, max-video-preview:-1\" \/>\n<link rel=\"canonical\" href=\"https:\/\/novaorg.cofb.net\/2017\/04\/05\/viii-cursa-intercol\u00b7legial-inscripcions-obertes\/\" \/>\n<meta property=\"og:locale\" content=\"es_ES\" \/>\n<meta property=\"og:type\" content=\"article\" \/>\n<meta property=\"og:title\" content=\"VIII Cursa Intercol\u00b7legial: inscripcions obertes\" \/>\n<meta property=\"og:description\" content=\"VIII Cursa Intercol\u00b7legial: inscripcions obertes\" \/>\n<meta property=\"og:url\" content=\"https:\/\/novaorg.cofb.net\/2017\/04\/05\/viii-cursa-intercol\u00b7legial-inscripcions-obertes\/\" \/>\n<meta property=\"og:site_name\" content=\"Col\u00b7legi de Farmac\u00e8utics de Barcelona\" \/>\n<meta property=\"article:publisher\" content=\"https:\/\/www.facebook.com\/farmaceuticsbcn\/\" \/>\n<meta property=\"article:published_time\" content=\"2017-04-05T09:11:53+00:00\" \/>\n<meta name=\"author\" content=\"wpAdminCofbOrg\" \/>\n<meta name=\"twitter:card\" content=\"summary_large_image\" \/>\n<meta name=\"twitter:creator\" content=\"@farmaceuticsbcn\" \/>\n<meta name=\"twitter:site\" content=\"@farmaceuticsbcn\" \/>\n<meta name=\"twitter:label1\" content=\"Escrito por\" \/>\n\t<meta name=\"twitter:data1\" content=\"wpAdminCofbOrg\" \/>\n\t<meta name=\"twitter:label2\" content=\"Tiempo de lectura\" \/>\n\t<meta name=\"twitter:data2\" content=\"3 minutos\" \/>\n<script type=\"application\/ld+json\" class=\"yoast-schema-graph\">{\"@context\":\"https:\/\/schema.org\",\"@graph\":[{\"@type\":\"Article\",\"@id\":\"https:\/\/novaorg.cofb.net\/2017\/04\/05\/viii-cursa-intercol%c2%b7legial-inscripcions-obertes\/#article\",\"isPartOf\":{\"@id\":\"https:\/\/novaorg.cofb.net\/2017\/04\/05\/viii-cursa-intercol%c2%b7legial-inscripcions-obertes\/\"},\"author\":{\"name\":\"wpAdminCofbOrg\",\"@id\":\"https:\/\/www.cofb.org\/#\/schema\/person\/22ed7eea88da74b0fa4d3154ad87ffcb\"},\"headline\":\"VIII Cursa Intercol\u00b7legial: inscripcions obertes\",\"datePublished\":\"2017-04-05T09:11:53+00:00\",\"dateModified\":\"2017-04-05T09:11:53+00:00\",\"mainEntityOfPage\":{\"@id\":\"https:\/\/novaorg.cofb.net\/2017\/04\/05\/viii-cursa-intercol%c2%b7legial-inscripcions-obertes\/\"},\"wordCount\":529,\"commentCount\":0,\"publisher\":{\"@id\":\"https:\/\/www.cofb.org\/#organization\"},\"image\":{\"@id\":\"https:\/\/novaorg.cofb.net\/2017\/04\/05\/viii-cursa-intercol%c2%b7legial-inscripcions-obertes\/#primaryimage\"},\"thumbnailUrl\":\"\",\"keywords\":[\"Associacions professionals\",\"Col\u00b7legis professinals\",\"Competici\u00f3\",\"Cursa Intercol\u00b7legial\"],\"articleSection\":[\"M\u00f3n col\u00b7legial\"],\"inLanguage\":\"es\",\"potentialAction\":[{\"@type\":\"CommentAction\",\"name\":\"Comment\",\"target\":[\"https:\/\/novaorg.cofb.net\/2017\/04\/05\/viii-cursa-intercol%c2%b7legial-inscripcions-obertes\/#respond\"]}]},{\"@type\":\"WebPage\",\"@id\":\"https:\/\/novaorg.cofb.net\/2017\/04\/05\/viii-cursa-intercol%c2%b7legial-inscripcions-obertes\/\",\"url\":\"https:\/\/novaorg.cofb.net\/2017\/04\/05\/viii-cursa-intercol%c2%b7legial-inscripcions-obertes\/\",\"name\":\"VIII Cursa Intercol\u00b7legial: inscripcions obertes\",\"isPartOf\":{\"@id\":\"https:\/\/www.cofb.org\/#website\"},\"primaryImageOfPage\":{\"@id\":\"https:\/\/novaorg.cofb.net\/2017\/04\/05\/viii-cursa-intercol%c2%b7legial-inscripcions-obertes\/#primaryimage\"},\"image\":{\"@id\":\"https:\/\/novaorg.cofb.net\/2017\/04\/05\/viii-cursa-intercol%c2%b7legial-inscripcions-obertes\/#primaryimage\"},\"thumbnailUrl\":\"\",\"datePublished\":\"2017-04-05T09:11:53+00:00\",\"dateModified\":\"2017-04-05T09:11:53+00:00\",\"description\":\"VIII Cursa Intercol\u00b7legial: inscripcions obertes\",\"breadcrumb\":{\"@id\":\"https:\/\/novaorg.cofb.net\/2017\/04\/05\/viii-cursa-intercol%c2%b7legial-inscripcions-obertes\/#breadcrumb\"},\"inLanguage\":\"es\",\"potentialAction\":[{\"@type\":\"ReadAction\",\"target\":[\"https:\/\/novaorg.cofb.net\/2017\/04\/05\/viii-cursa-intercol%c2%b7legial-inscripcions-obertes\/\"]}]},{\"@type\":\"ImageObject\",\"inLanguage\":\"es\",\"@id\":\"https:\/\/novaorg.cofb.net\/2017\/04\/05\/viii-cursa-intercol%c2%b7legial-inscripcions-obertes\/#primaryimage\",\"url\":\"\",\"contentUrl\":\"\"},{\"@type\":\"BreadcrumbList\",\"@id\":\"https:\/\/novaorg.cofb.net\/2017\/04\/05\/viii-cursa-intercol%c2%b7legial-inscripcions-obertes\/#breadcrumb\",\"itemListElement\":[{\"@type\":\"ListItem\",\"position\":1,\"name\":\"Inici\",\"item\":\"https:\/\/novaorg.cofb.net\/\"},{\"@type\":\"ListItem\",\"position\":2,\"name\":\"VIII Cursa Intercol\u00b7legial: inscripcions obertes\"}]},{\"@type\":\"WebSite\",\"@id\":\"https:\/\/www.cofb.org\/#website\",\"url\":\"https:\/\/www.cofb.org\/\",\"name\":\"Col\u00b7legi de Farmac\u00e8utics de Barcelona\",\"description\":\"\",\"publisher\":{\"@id\":\"https:\/\/www.cofb.org\/#organization\"},\"potentialAction\":[{\"@type\":\"SearchAction\",\"target\":{\"@type\":\"EntryPoint\",\"urlTemplate\":\"https:\/\/www.cofb.org\/?s={search_term_string}\"},\"query-input\":\"required name=search_term_string\"}],\"inLanguage\":\"es\"},{\"@type\":\"Organization\",\"@id\":\"https:\/\/www.cofb.org\/#organization\",\"name\":\"Col\u00b7legi de Farmac\u00e8utics de Barcelona\",\"url\":\"https:\/\/www.cofb.org\/\",\"logo\":{\"@type\":\"ImageObject\",\"inLanguage\":\"es\",\"@id\":\"https:\/\/www.cofb.org\/#\/schema\/logo\/image\/\",\"url\":\"https:\/\/www.cofb.org\/wp-content\/uploads\/2023\/11\/cropped-Logotip-COFB.png\",\"contentUrl\":\"https:\/\/www.cofb.org\/wp-content\/uploads\/2023\/11\/cropped-Logotip-COFB.png\",\"width\":500,\"height\":105,\"caption\":\"Col\u00b7legi de Farmac\u00e8utics de Barcelona\"},\"image\":{\"@id\":\"https:\/\/www.cofb.org\/#\/schema\/logo\/image\/\"},\"sameAs\":[\"https:\/\/www.facebook.com\/farmaceuticsbcn\/\",\"https:\/\/twitter.com\/farmaceuticsbcn\",\"https:\/\/www.instagram.com\/farmaceuticsbcn\/\",\"https:\/\/www.linkedin.com\/company\/farmaceuticsbcn\/\"]},{\"@type\":\"Person\",\"@id\":\"https:\/\/www.cofb.org\/#\/schema\/person\/22ed7eea88da74b0fa4d3154ad87ffcb\",\"name\":\"wpAdminCofbOrg\",\"image\":{\"@type\":\"ImageObject\",\"inLanguage\":\"es\",\"@id\":\"https:\/\/www.cofb.org\/#\/schema\/person\/image\/\",\"url\":\"https:\/\/secure.gravatar.com\/avatar\/1721b20b3b8ca882c3b56ec6c978c594fff670e40c0718e9190eaeeb76aae7d8?s=96&d=mm&r=g\",\"contentUrl\":\"https:\/\/secure.gravatar.com\/avatar\/1721b20b3b8ca882c3b56ec6c978c594fff670e40c0718e9190eaeeb76aae7d8?s=96&d=mm&r=g\",\"caption\":\"wpAdminCofbOrg\"},\"sameAs\":[\"http:\/\/192.168.64.122\/wordpress\"],\"url\":\"https:\/\/www.cofb.org\/es\/author\/wpadmincofborg\/\"}]}<\/script>\n<!-- \/ Yoast SEO plugin. -->","yoast_head_json":{"title":"VIII Cursa Intercol\u00b7legial: inscripcions obertes","description":"VIII Cursa Intercol\u00b7legial: inscripcions obertes","robots":{"index":"index","follow":"follow","max-snippet":"max-snippet:-1","max-image-preview":"max-image-preview:large","max-video-preview":"max-video-preview:-1"},"canonical":"https:\/\/novaorg.cofb.net\/2017\/04\/05\/viii-cursa-intercol\u00b7legial-inscripcions-obertes\/","og_locale":"es_ES","og_type":"article","og_title":"VIII Cursa Intercol\u00b7legial: inscripcions obertes","og_description":"VIII Cursa Intercol\u00b7legial: inscripcions obertes","og_url":"https:\/\/novaorg.cofb.net\/2017\/04\/05\/viii-cursa-intercol\u00b7legial-inscripcions-obertes\/","og_site_name":"Col\u00b7legi de Farmac\u00e8utics de Barcelona","article_publisher":"https:\/\/www.facebook.com\/farmaceuticsbcn\/","article_published_time":"2017-04-05T09:11:53+00:00","author":"wpAdminCofbOrg","twitter_card":"summary_large_image","twitter_creator":"@farmaceuticsbcn","twitter_site":"@farmaceuticsbcn","twitter_misc":{"Escrito por":"wpAdminCofbOrg","Tiempo de lectura":"3 minutos"},"schema":{"@context":"https:\/\/schema.org","@graph":[{"@type":"Article","@id":"https:\/\/novaorg.cofb.net\/2017\/04\/05\/viii-cursa-intercol%c2%b7legial-inscripcions-obertes\/#article","isPartOf":{"@id":"https:\/\/novaorg.cofb.net\/2017\/04\/05\/viii-cursa-intercol%c2%b7legial-inscripcions-obertes\/"},"author":{"name":"wpAdminCofbOrg","@id":"https:\/\/www.cofb.org\/#\/schema\/person\/22ed7eea88da74b0fa4d3154ad87ffcb"},"headline":"VIII Cursa Intercol\u00b7legial: inscripcions obertes","datePublished":"2017-04-05T09:11:53+00:00","dateModified":"2017-04-05T09:11:53+00:00","mainEntityOfPage":{"@id":"https:\/\/novaorg.cofb.net\/2017\/04\/05\/viii-cursa-intercol%c2%b7legial-inscripcions-obertes\/"},"wordCount":529,"commentCount":0,"publisher":{"@id":"https:\/\/www.cofb.org\/#organization"},"image":{"@id":"https:\/\/novaorg.cofb.net\/2017\/04\/05\/viii-cursa-intercol%c2%b7legial-inscripcions-obertes\/#primaryimage"},"thumbnailUrl":"","keywords":["Associacions professionals","Col\u00b7legis professinals","Competici\u00f3","Cursa Intercol\u00b7legial"],"articleSection":["M\u00f3n col\u00b7legial"],"inLanguage":"es","potentialAction":[{"@type":"CommentAction","name":"Comment","target":["https:\/\/novaorg.cofb.net\/2017\/04\/05\/viii-cursa-intercol%c2%b7legial-inscripcions-obertes\/#respond"]}]},{"@type":"WebPage","@id":"https:\/\/novaorg.cofb.net\/2017\/04\/05\/viii-cursa-intercol%c2%b7legial-inscripcions-obertes\/","url":"https:\/\/novaorg.cofb.net\/2017\/04\/05\/viii-cursa-intercol%c2%b7legial-inscripcions-obertes\/","name":"VIII Cursa Intercol\u00b7legial: inscripcions obertes","isPartOf":{"@id":"https:\/\/www.cofb.org\/#website"},"primaryImageOfPage":{"@id":"https:\/\/novaorg.cofb.net\/2017\/04\/05\/viii-cursa-intercol%c2%b7legial-inscripcions-obertes\/#primaryimage"},"image":{"@id":"https:\/\/novaorg.cofb.net\/2017\/04\/05\/viii-cursa-intercol%c2%b7legial-inscripcions-obertes\/#primaryimage"},"thumbnailUrl":"","datePublished":"2017-04-05T09:11:53+00:00","dateModified":"2017-04-05T09:11:53+00:00","description":"VIII Cursa Intercol\u00b7legial: inscripcions obertes","breadcrumb":{"@id":"https:\/\/novaorg.cofb.net\/2017\/04\/05\/viii-cursa-intercol%c2%b7legial-inscripcions-obertes\/#breadcrumb"},"inLanguage":"es","potentialAction":[{"@type":"ReadAction","target":["https:\/\/novaorg.cofb.net\/2017\/04\/05\/viii-cursa-intercol%c2%b7legial-inscripcions-obertes\/"]}]},{"@type":"ImageObject","inLanguage":"es","@id":"https:\/\/novaorg.cofb.net\/2017\/04\/05\/viii-cursa-intercol%c2%b7legial-inscripcions-obertes\/#primaryimage","url":"","contentUrl":""},{"@type":"BreadcrumbList","@id":"https:\/\/novaorg.cofb.net\/2017\/04\/05\/viii-cursa-intercol%c2%b7legial-inscripcions-obertes\/#breadcrumb","itemListElement":[{"@type":"ListItem","position":1,"name":"Inici","item":"https:\/\/novaorg.cofb.net\/"},{"@type":"ListItem","position":2,"name":"VIII Cursa Intercol\u00b7legial: inscripcions obertes"}]},{"@type":"WebSite","@id":"https:\/\/www.cofb.org\/#website","url":"https:\/\/www.cofb.org\/","name":"Col\u00b7legi de Farmac\u00e8utics de Barcelona","description":"","publisher":{"@id":"https:\/\/www.cofb.org\/#organization"},"potentialAction":[{"@type":"SearchAction","target":{"@type":"EntryPoint","urlTemplate":"https:\/\/www.cofb.org\/?s={search_term_string}"},"query-input":"required name=search_term_string"}],"inLanguage":"es"},{"@type":"Organization","@id":"https:\/\/www.cofb.org\/#organization","name":"Col\u00b7legi de Farmac\u00e8utics de Barcelona","url":"https:\/\/www.cofb.org\/","logo":{"@type":"ImageObject","inLanguage":"es","@id":"https:\/\/www.cofb.org\/#\/schema\/logo\/image\/","url":"https:\/\/www.cofb.org\/wp-content\/uploads\/2023\/11\/cropped-Logotip-COFB.png","contentUrl":"https:\/\/www.cofb.org\/wp-content\/uploads\/2023\/11\/cropped-Logotip-COFB.png","width":500,"height":105,"caption":"Col\u00b7legi de Farmac\u00e8utics de Barcelona"},"image":{"@id":"https:\/\/www.cofb.org\/#\/schema\/logo\/image\/"},"sameAs":["https:\/\/www.facebook.com\/farmaceuticsbcn\/","https:\/\/twitter.com\/farmaceuticsbcn","https:\/\/www.instagram.com\/farmaceuticsbcn\/","https:\/\/www.linkedin.com\/company\/farmaceuticsbcn\/"]},{"@type":"Person","@id":"https:\/\/www.cofb.org\/#\/schema\/person\/22ed7eea88da74b0fa4d3154ad87ffcb","name":"wpAdminCofbOrg","image":{"@type":"ImageObject","inLanguage":"es","@id":"https:\/\/www.cofb.org\/#\/schema\/person\/image\/","url":"https:\/\/secure.gravatar.com\/avatar\/1721b20b3b8ca882c3b56ec6c978c594fff670e40c0718e9190eaeeb76aae7d8?s=96&d=mm&r=g","contentUrl":"https:\/\/secure.gravatar.com\/avatar\/1721b20b3b8ca882c3b56ec6c978c594fff670e40c0718e9190eaeeb76aae7d8?s=96&d=mm&r=g","caption":"wpAdminCofbOrg"},"sameAs":["http:\/\/192.168.64.122\/wordpress"],"url":"https:\/\/www.cofb.org\/es\/author\/wpadmincofborg\/"}]}},"uagb_featured_image_src":{"full":false,"thumbnail":false,"medium":false,"medium_large":false,"large":false,"1536x1536":false,"2048x2048":false,"trp-custom-language-flag":false},"uagb_author_info":{"display_name":"wpAdminCofbOrg","author_link":"https:\/\/www.cofb.org\/es\/author\/wpadmincofborg\/"},"uagb_comment_info":0,"uagb_excerpt":"El pr\u00f2xim dissabte 22 d\u2019abril el m\u00f3n col\u00b7legial t\u00e9 una cita amb l\u2019esport. I \u00e9s que, un any m\u00e9s, diversos col\u00b7legis i associacions professionals organitzen una nova edici\u00f3 de la\u00a0Cursa Intercol\u00b7legial amb el suport de l\u2019Ajuntament de Barcelona i la coordinaci\u00f3 t\u00e8cnica de Gesport, aix\u00ed com amb el patrocini principal [&hellip;]","_links":{"self":[{"href":"https:\/\/www.cofb.org\/es\/wp-json\/wp\/v2\/posts\/29031","targetHints":{"allow":["GET"]}}],"collection":[{"href":"https:\/\/www.cofb.org\/es\/wp-json\/wp\/v2\/posts"}],"about":[{"href":"https:\/\/www.cofb.org\/es\/wp-json\/wp\/v2\/types\/post"}],"author":[{"embeddable":true,"href":"https:\/\/www.cofb.org\/es\/wp-json\/wp\/v2\/users\/1"}],"replies":[{"embeddable":true,"href":"https:\/\/www.cofb.org\/es\/wp-json\/wp\/v2\/comments?post=29031"}],"version-history":[{"count":0,"href":"https:\/\/www.cofb.org\/es\/wp-json\/wp\/v2\/posts\/29031\/revisions"}],"wp:featuredmedia":[{"embeddable":true,"href":"https:\/\/www.cofb.org\/es\/wp-json\/"}],"wp:attachment":[{"href":"https:\/\/www.cofb.org\/es\/wp-json\/wp\/v2\/media?parent=29031"}],"wp:term":[{"taxonomy":"category","embeddable":true,"href":"https:\/\/www.cofb.org\/es\/wp-json\/wp\/v2\/categories?post=29031"},{"taxonomy":"post_tag","embeddable":true,"href":"https:\/\/www.cofb.org\/es\/wp-json\/wp\/v2\/tags?post=29031"}],"curies":[{"name":"wp","href":"https:\/\/api.w.org\/{rel}","templated":true}]}}