{"id":28559,"date":"2017-03-27T11:09:41","date_gmt":"2017-03-27T10:09:41","guid":{"rendered":"http:\/\/blog.cofb.cat\/?p=28559"},"modified":"2017-03-27T11:09:41","modified_gmt":"2017-03-27T10:09:41","slug":"inauguracio-del-nou-curs-sobre-dermofarmacia-programa-dermoexpert","status":"publish","type":"post","link":"https:\/\/www.cofb.org\/es\/2017\/03\/27\/inauguracio-del-nou-curs-sobre-dermofarmacia-programa-dermoexpert\/","title":{"rendered":"Inauguraci\u00f3n del nuevo curso sobre dermofarmacia, Programa Dermoexpert"},"content":{"rendered":"<figure id=\"attachment_28574\" aria-describedby=\"caption-attachment-28574\" style=\"width: 300px\" class=\"wp-caption alignleft\"><a href=\"http:\/\/blog.cofb.cat\/wp-content\/uploads\/2017\/03\/cofb.170301-16.jpg\"><img fetchpriority=\"high\" decoding=\"async\" class=\"size-medium wp-image-28574\" src=\"http:\/\/blog.cofb.cat\/wp-content\/uploads\/2017\/03\/cofb.170301-16-300x200.jpg\" alt=\"Inauguraci\u00f3 del nou curs sobre dermofarm\u00e0cia, Programa Dermoexpert\" width=\"300\" height=\"200\" \/><\/a><figcaption id=\"caption-attachment-28574\" class=\"wp-caption-text\">Conferencia inaugural del curso Programa DermoExpert<\/figcaption><\/figure>\n<p><strong>\u201cEl\u00a0<em>Programa DermoExpert<\/em> busca la calidad de nuestro conocimiento profesional en un campo en crecimiento, el de la dermofarmacia\u201d.<\/strong> As\u00ed lo afirmaba el presidente del Colegio,<strong> Jordi de Dalmases<\/strong>, durante la inauguraci\u00f3n del curso\u00a0<a href=\"http:\/\/farmaceutics.cofb.net\/group\/guest\/activitats-col-legials?p_p_id=portletllistatactivitats_WAR_webportletLlistatActivitats_INSTANCE_xJQBT267CooA&amp;p_p_lifecycle=0&amp;p_p_state=normal&amp;p_p_mode=view&amp;p_p_col_id=layout-column_column-1&amp;p_p_col_count=1&amp;_portletllistatactivitats_WAR_webportletLlistatActivitats_INSTANCE_xJQBT267CooA_strutsAction=\/view\/detall&amp;_portletllistatactivitats_WAR_webportletLlistatActivitats_INSTANCE_xJQBT267CooA_id=1886\" target=\"_blank\" rel=\"noopener\"><em>Programa<\/em> <em>DermoExpert<\/em><\/a>\u00a0(v\u00eda intranet colegial) que, este a\u00f1o, celebra su primera edici\u00f3n. De Dalmases enfatiz\u00f3 en que, desde la farmacia, <strong>es necesario proporcionar una respuesta diferencial en este nuevo terreno<\/strong> y, al mismo tiempo, destac\u00f3 que <strong>&quot;queremos canalizar la ilusi\u00f3n del COFB por estar a la altura de los nuevos retos&quot;<\/strong>, palabras que concluy\u00f3 con <strong>&quot;el futuro s\u00f3lo ser\u00e1 para los que se preparan con esta ilusi\u00f3n&quot;<\/strong>.<\/p>\n<p>Junto con el Presidente, el acto tambi\u00e9n corri\u00f3 a cargo de<strong>Eulalia Mateo<\/strong>, directora del curso, <strong>Marta Alcalde<\/strong>, vocal de Dermofarmacia y Productos Sanitarios del Colegio, y <strong>Aina Surroca<\/strong>, vocal de la Junta de Gobierno. Surroca remarc\u00f3 la importancia que deb\u00eda adquirir el curso, afirmando que <strong>\u201chay que impulsar este programa como un tercer brazo formativo de especializaci\u00f3n en el que se encuentran igualmente el M\u00e1ster en Gesti\u00f3n de la Oficina de Farmacia (MGOF) y el M\u00e1ster de Ortopedia, empezando con una parte te\u00f3rica, imprescindible para una buena base y finalizando con un trabajo pr\u00e1ctico para aplicar en la misma oficina de farmacia\u201d<\/strong>. La vocal tambi\u00e9n habl\u00f3 sobre el origen de la formaci\u00f3n y puntualiz\u00f3 que, <strong>&quot;en un momento dado, se detect\u00f3 una carencia en una especializaci\u00f3n \u00fanica en dermofarmacia y, por eso, se decidi\u00f3 tomar el reto de posicionarse como un referente en formaci\u00f3n de salud de la piel&quot;.<\/strong><\/p>\n<div class=\"box shadow\"><\/p>\n<p><strong>\u00bfCu\u00e1les son los principales objetivos de la formaci\u00f3n?<\/strong><\/p>\n<p>[caption id=&quot;attachment_28586&quot; align=&quot;alignright&quot; width=&quot;212&quot;]<a href=\"http:\/\/blog.cofb.cat\/wp-content\/uploads\/2017\/03\/0001.jpg\"><img decoding=\"async\" class=\"size-medium wp-image-28586\" src=\"http:\/\/blog.cofb.cat\/wp-content\/uploads\/2017\/03\/0001-212x300.jpg\" alt=\"Inauguraci\u00f3 del nou curs sobre dermofarm\u00e0cia, Programa Dermoexpert\" width=\"212\" height=\"300\" \/><\/a> Portada del programa de los estudios[\/caption]<\/p>\n<ul>\n<li>Revisar la estructura, fisiolog\u00eda y funciones de la piel para entender bien la aplicabilidad y las funciones de los cosm\u00e9ticos.<\/li>\n<li>Conocer los distintos activos y formas cosm\u00e9ticas y su utilidad en cosm\u00e9tica.<\/li>\n<li>Dotar al farmac\u00e9utico de las herramientas necesarias para asesorar al cliente en el consejo, dispensaci\u00f3n y venta de servicios y productos de dermofarmacia.<\/li>\n<li>Hacer pr\u00e1ctica de la actuaci\u00f3n farmac\u00e9utica en dermofarmacia con t\u00e9cnicas de venta, asesoramiento, espacio de atenci\u00f3n al cliente, merchandising y escaparatismo.<\/li>\n<li>Posicionar al farmac\u00e9utico como experto en esta \u00e1rea dado su conocimiento cient\u00edfico y sanitario y su posici\u00f3n privilegiada.<\/li>\n<\/ul>\n<p>Fuente: <a href=\"https:\/\/farmaceutics.cofb.net\/documents\/10186\/433794\/DERMOEXPERT2017DEF20-01.pdf\/f662e16a-493b-42b0-9bc4-d4ffed20eede\" target=\"_blank\" rel=\"noopener\">Programa del curso<\/a>\u00a0(v\u00eda intranet colegial)<\/p>\n<p><\/div>\n<p>El curso se desarrollar\u00e1 de marzo de 2017 hasta octubre de ese mismo a\u00f1o y est\u00e1 comprendido por cuatro m\u00f3dulos: M\u00f3dulo 1: Piel y cosm\u00e9tica. Conceptos clave para una buena actuaci\u00f3n farmac\u00e9utica en dermofarmacia; M\u00f3dulo 2: Los productos dermofarmac\u00e9uticos. Dermocosm\u00e9tica en las distintas etapas de la vida; M\u00f3dulo 3: Marketing en dermofarmacia; M\u00f3dulo 4: Proyecto final DermoExpert). <strong>Se trata de una formaci\u00f3n dirigida a los farmac\u00e9uticos comunitarios que deseen especializarse en esta \u00e1rea.<\/strong><\/p>\n<figure id=\"attachment_28575\" aria-describedby=\"caption-attachment-28575\" style=\"width: 620px\" class=\"wp-caption alignleft\"><a href=\"http:\/\/blog.cofb.cat\/wp-content\/uploads\/2017\/03\/cofb.170301-38.jpg\"><img decoding=\"async\" class=\"size-large wp-image-28575\" src=\"http:\/\/blog.cofb.cat\/wp-content\/uploads\/2017\/03\/cofb.170301-38-1024x518.jpg\" alt=\"Inauguraci\u00f3 del nou curs sobre dermofarm\u00e0cia, Programa Dermoexpert\" width=\"620\" height=\"313\" \/><\/a><figcaption id=\"caption-attachment-28575\" class=\"wp-caption-text\">Los estudiantes de la primera edici\u00f3n de la formaci\u00f3n<\/figcaption><\/figure>\n<p>&nbsp;<\/p>\n<p>&nbsp;<\/p>","protected":false},"excerpt":{"rendered":"<p>&quot;El Programa DermoExpert busca la calidad de nuestro conocimiento profesional en un campo en crecimiento, el de la dermofarmacia&quot;. As\u00ed lo afirmaba el presidente del Colegio, Jordi de Dalmases, durante la inauguraci\u00f3n del curso Programa DermoExpert (v\u00eda intranet colegial) que, este a\u00f1o, celebra su primera edici\u00f3n. De Dalmases enfatiz\u00f3 en que, desde [\u2026]<\/p>","protected":false},"author":1,"featured_media":28600,"comment_status":"open","ping_status":"open","sticky":false,"template":"","format":"standard","meta":{"_uag_custom_page_level_css":"","site-sidebar-layout":"default","site-content-layout":"","ast-site-content-layout":"default","site-content-style":"default","site-sidebar-style":"default","ast-global-header-display":"","ast-banner-title-visibility":"","ast-main-header-display":"","ast-hfb-above-header-display":"","ast-hfb-below-header-display":"","ast-hfb-mobile-header-display":"","site-post-title":"","ast-breadcrumbs-content":"","ast-featured-img":"disabled","footer-sml-layout":"","theme-transparent-header-meta":"","adv-header-id-meta":"","stick-header-meta":"","header-above-stick-meta":"","header-main-stick-meta":"","header-below-stick-meta":"","astra-migrate-meta-layouts":"default","ast-page-background-enabled":"default","ast-page-background-meta":{"desktop":{"background-color":"var(--ast-global-color-4)","background-image":"","background-repeat":"repeat","background-position":"center center","background-size":"auto","background-attachment":"scroll","background-type":"","background-media":"","overlay-type":"","overlay-color":"","overlay-opacity":"","overlay-gradient":""},"tablet":{"background-color":"","background-image":"","background-repeat":"repeat","background-position":"center center","background-size":"auto","background-attachment":"scroll","background-type":"","background-media":"","overlay-type":"","overlay-color":"","overlay-opacity":"","overlay-gradient":""},"mobile":{"background-color":"","background-image":"","background-repeat":"repeat","background-position":"center center","background-size":"auto","background-attachment":"scroll","background-type":"","background-media":"","overlay-type":"","overlay-color":"","overlay-opacity":"","overlay-gradient":""}},"ast-content-background-meta":{"desktop":{"background-color":"var(--ast-global-color-5)","background-image":"","background-repeat":"repeat","background-position":"center center","background-size":"auto","background-attachment":"scroll","background-type":"","background-media":"","overlay-type":"","overlay-color":"","overlay-opacity":"","overlay-gradient":""},"tablet":{"background-color":"var(--ast-global-color-5)","background-image":"","background-repeat":"repeat","background-position":"center center","background-size":"auto","background-attachment":"scroll","background-type":"","background-media":"","overlay-type":"","overlay-color":"","overlay-opacity":"","overlay-gradient":""},"mobile":{"background-color":"var(--ast-global-color-5)","background-image":"","background-repeat":"repeat","background-position":"center center","background-size":"auto","background-attachment":"scroll","background-type":"","background-media":"","overlay-type":"","overlay-color":"","overlay-opacity":"","overlay-gradient":""}},"footnotes":""},"categories":[57],"tags":[81,70,546,2715,2716],"class_list":["post-28559","post","type-post","status-publish","format-standard","has-post-thumbnail","hentry","category-mon-collegial","tag-dermofarmacia","tag-formacio","tag-inauguracio","tag-programa-dermoexpert","tag-salut-pell"],"yoast_head":"<!-- This site is optimized with the Yoast SEO plugin v22.4 - https:\/\/yoast.com\/wordpress\/plugins\/seo\/ -->\n<title>Inauguraci\u00f3 del nou curs sobre dermofarm\u00e0cia, Programa Dermoexpert<\/title>\n<meta name=\"description\" content=\"Inauguraci\u00f3 del nou curs sobre dermofarm\u00e0cia, Programa Dermoexpert\" \/>\n<meta name=\"robots\" content=\"index, follow, max-snippet:-1, max-image-preview:large, max-video-preview:-1\" \/>\n<link rel=\"canonical\" href=\"https:\/\/novaorg.cofb.net\/2017\/03\/27\/inauguracio-del-nou-curs-sobre-dermofarmacia-programa-dermoexpert\/\" \/>\n<meta property=\"og:locale\" content=\"es_ES\" \/>\n<meta property=\"og:type\" content=\"article\" \/>\n<meta property=\"og:title\" content=\"Inauguraci\u00f3 del nou curs sobre dermofarm\u00e0cia, Programa Dermoexpert\" \/>\n<meta property=\"og:description\" content=\"Inauguraci\u00f3 del nou curs sobre dermofarm\u00e0cia, Programa Dermoexpert\" \/>\n<meta property=\"og:url\" content=\"https:\/\/novaorg.cofb.net\/2017\/03\/27\/inauguracio-del-nou-curs-sobre-dermofarmacia-programa-dermoexpert\/\" \/>\n<meta property=\"og:site_name\" content=\"Col\u00b7legi de Farmac\u00e8utics de Barcelona\" \/>\n<meta property=\"article:publisher\" content=\"https:\/\/www.facebook.com\/farmaceuticsbcn\/\" \/>\n<meta property=\"article:published_time\" content=\"2017-03-27T10:09:41+00:00\" \/>\n<meta name=\"author\" content=\"wpAdminCofbOrg\" \/>\n<meta name=\"twitter:card\" content=\"summary_large_image\" \/>\n<meta name=\"twitter:creator\" content=\"@farmaceuticsbcn\" \/>\n<meta name=\"twitter:site\" content=\"@farmaceuticsbcn\" \/>\n<meta name=\"twitter:label1\" content=\"Escrito por\" \/>\n\t<meta name=\"twitter:data1\" content=\"wpAdminCofbOrg\" \/>\n\t<meta name=\"twitter:label2\" content=\"Tiempo de lectura\" \/>\n\t<meta name=\"twitter:data2\" content=\"3 minutos\" \/>\n<script type=\"application\/ld+json\" class=\"yoast-schema-graph\">{\"@context\":\"https:\/\/schema.org\",\"@graph\":[{\"@type\":\"Article\",\"@id\":\"https:\/\/novaorg.cofb.net\/2017\/03\/27\/inauguracio-del-nou-curs-sobre-dermofarmacia-programa-dermoexpert\/#article\",\"isPartOf\":{\"@id\":\"https:\/\/novaorg.cofb.net\/2017\/03\/27\/inauguracio-del-nou-curs-sobre-dermofarmacia-programa-dermoexpert\/\"},\"author\":{\"name\":\"wpAdminCofbOrg\",\"@id\":\"https:\/\/www.cofb.org\/#\/schema\/person\/22ed7eea88da74b0fa4d3154ad87ffcb\"},\"headline\":\"Inauguraci\u00f3 del nou curs sobre dermofarm\u00e0cia, Programa Dermoexpert\",\"datePublished\":\"2017-03-27T10:09:41+00:00\",\"dateModified\":\"2017-03-27T10:09:41+00:00\",\"mainEntityOfPage\":{\"@id\":\"https:\/\/novaorg.cofb.net\/2017\/03\/27\/inauguracio-del-nou-curs-sobre-dermofarmacia-programa-dermoexpert\/\"},\"wordCount\":551,\"commentCount\":0,\"publisher\":{\"@id\":\"https:\/\/www.cofb.org\/#organization\"},\"image\":{\"@id\":\"https:\/\/novaorg.cofb.net\/2017\/03\/27\/inauguracio-del-nou-curs-sobre-dermofarmacia-programa-dermoexpert\/#primaryimage\"},\"thumbnailUrl\":\"\",\"keywords\":[\"Dermofarm\u00e0cia\",\"Formaci\u00f3\",\"inauguraci\u00f3\",\"Programa DermoExpert\",\"Salut pell\"],\"articleSection\":[\"M\u00f3n col\u00b7legial\"],\"inLanguage\":\"es\",\"potentialAction\":[{\"@type\":\"CommentAction\",\"name\":\"Comment\",\"target\":[\"https:\/\/novaorg.cofb.net\/2017\/03\/27\/inauguracio-del-nou-curs-sobre-dermofarmacia-programa-dermoexpert\/#respond\"]}]},{\"@type\":\"WebPage\",\"@id\":\"https:\/\/novaorg.cofb.net\/2017\/03\/27\/inauguracio-del-nou-curs-sobre-dermofarmacia-programa-dermoexpert\/\",\"url\":\"https:\/\/novaorg.cofb.net\/2017\/03\/27\/inauguracio-del-nou-curs-sobre-dermofarmacia-programa-dermoexpert\/\",\"name\":\"Inauguraci\u00f3 del nou curs sobre dermofarm\u00e0cia, Programa Dermoexpert\",\"isPartOf\":{\"@id\":\"https:\/\/www.cofb.org\/#website\"},\"primaryImageOfPage\":{\"@id\":\"https:\/\/novaorg.cofb.net\/2017\/03\/27\/inauguracio-del-nou-curs-sobre-dermofarmacia-programa-dermoexpert\/#primaryimage\"},\"image\":{\"@id\":\"https:\/\/novaorg.cofb.net\/2017\/03\/27\/inauguracio-del-nou-curs-sobre-dermofarmacia-programa-dermoexpert\/#primaryimage\"},\"thumbnailUrl\":\"\",\"datePublished\":\"2017-03-27T10:09:41+00:00\",\"dateModified\":\"2017-03-27T10:09:41+00:00\",\"description\":\"Inauguraci\u00f3 del nou curs sobre dermofarm\u00e0cia, Programa Dermoexpert\",\"breadcrumb\":{\"@id\":\"https:\/\/novaorg.cofb.net\/2017\/03\/27\/inauguracio-del-nou-curs-sobre-dermofarmacia-programa-dermoexpert\/#breadcrumb\"},\"inLanguage\":\"es\",\"potentialAction\":[{\"@type\":\"ReadAction\",\"target\":[\"https:\/\/novaorg.cofb.net\/2017\/03\/27\/inauguracio-del-nou-curs-sobre-dermofarmacia-programa-dermoexpert\/\"]}]},{\"@type\":\"ImageObject\",\"inLanguage\":\"es\",\"@id\":\"https:\/\/novaorg.cofb.net\/2017\/03\/27\/inauguracio-del-nou-curs-sobre-dermofarmacia-programa-dermoexpert\/#primaryimage\",\"url\":\"\",\"contentUrl\":\"\"},{\"@type\":\"BreadcrumbList\",\"@id\":\"https:\/\/novaorg.cofb.net\/2017\/03\/27\/inauguracio-del-nou-curs-sobre-dermofarmacia-programa-dermoexpert\/#breadcrumb\",\"itemListElement\":[{\"@type\":\"ListItem\",\"position\":1,\"name\":\"Inici\",\"item\":\"https:\/\/novaorg.cofb.net\/\"},{\"@type\":\"ListItem\",\"position\":2,\"name\":\"Inauguraci\u00f3 del nou curs sobre dermofarm\u00e0cia, Programa Dermoexpert\"}]},{\"@type\":\"WebSite\",\"@id\":\"https:\/\/www.cofb.org\/#website\",\"url\":\"https:\/\/www.cofb.org\/\",\"name\":\"Col\u00b7legi de Farmac\u00e8utics de Barcelona\",\"description\":\"\",\"publisher\":{\"@id\":\"https:\/\/www.cofb.org\/#organization\"},\"potentialAction\":[{\"@type\":\"SearchAction\",\"target\":{\"@type\":\"EntryPoint\",\"urlTemplate\":\"https:\/\/www.cofb.org\/?s={search_term_string}\"},\"query-input\":\"required name=search_term_string\"}],\"inLanguage\":\"es\"},{\"@type\":\"Organization\",\"@id\":\"https:\/\/www.cofb.org\/#organization\",\"name\":\"Col\u00b7legi de Farmac\u00e8utics de Barcelona\",\"url\":\"https:\/\/www.cofb.org\/\",\"logo\":{\"@type\":\"ImageObject\",\"inLanguage\":\"es\",\"@id\":\"https:\/\/www.cofb.org\/#\/schema\/logo\/image\/\",\"url\":\"https:\/\/www.cofb.org\/wp-content\/uploads\/2023\/11\/cropped-Logotip-COFB.png\",\"contentUrl\":\"https:\/\/www.cofb.org\/wp-content\/uploads\/2023\/11\/cropped-Logotip-COFB.png\",\"width\":500,\"height\":105,\"caption\":\"Col\u00b7legi de Farmac\u00e8utics de Barcelona\"},\"image\":{\"@id\":\"https:\/\/www.cofb.org\/#\/schema\/logo\/image\/\"},\"sameAs\":[\"https:\/\/www.facebook.com\/farmaceuticsbcn\/\",\"https:\/\/twitter.com\/farmaceuticsbcn\",\"https:\/\/www.instagram.com\/farmaceuticsbcn\/\",\"https:\/\/www.linkedin.com\/company\/farmaceuticsbcn\/\"]},{\"@type\":\"Person\",\"@id\":\"https:\/\/www.cofb.org\/#\/schema\/person\/22ed7eea88da74b0fa4d3154ad87ffcb\",\"name\":\"wpAdminCofbOrg\",\"image\":{\"@type\":\"ImageObject\",\"inLanguage\":\"es\",\"@id\":\"https:\/\/www.cofb.org\/#\/schema\/person\/image\/\",\"url\":\"https:\/\/secure.gravatar.com\/avatar\/1721b20b3b8ca882c3b56ec6c978c594fff670e40c0718e9190eaeeb76aae7d8?s=96&d=mm&r=g\",\"contentUrl\":\"https:\/\/secure.gravatar.com\/avatar\/1721b20b3b8ca882c3b56ec6c978c594fff670e40c0718e9190eaeeb76aae7d8?s=96&d=mm&r=g\",\"caption\":\"wpAdminCofbOrg\"},\"sameAs\":[\"http:\/\/192.168.64.122\/wordpress\"],\"url\":\"https:\/\/www.cofb.org\/es\/author\/wpadmincofborg\/\"}]}<\/script>\n<!-- \/ Yoast SEO plugin. -->","yoast_head_json":{"title":"Inauguraci\u00f3 del nou curs sobre dermofarm\u00e0cia, Programa Dermoexpert","description":"Inauguraci\u00f3 del nou curs sobre dermofarm\u00e0cia, Programa Dermoexpert","robots":{"index":"index","follow":"follow","max-snippet":"max-snippet:-1","max-image-preview":"max-image-preview:large","max-video-preview":"max-video-preview:-1"},"canonical":"https:\/\/novaorg.cofb.net\/2017\/03\/27\/inauguracio-del-nou-curs-sobre-dermofarmacia-programa-dermoexpert\/","og_locale":"es_ES","og_type":"article","og_title":"Inauguraci\u00f3 del nou curs sobre dermofarm\u00e0cia, Programa Dermoexpert","og_description":"Inauguraci\u00f3 del nou curs sobre dermofarm\u00e0cia, Programa Dermoexpert","og_url":"https:\/\/novaorg.cofb.net\/2017\/03\/27\/inauguracio-del-nou-curs-sobre-dermofarmacia-programa-dermoexpert\/","og_site_name":"Col\u00b7legi de Farmac\u00e8utics de Barcelona","article_publisher":"https:\/\/www.facebook.com\/farmaceuticsbcn\/","article_published_time":"2017-03-27T10:09:41+00:00","author":"wpAdminCofbOrg","twitter_card":"summary_large_image","twitter_creator":"@farmaceuticsbcn","twitter_site":"@farmaceuticsbcn","twitter_misc":{"Escrito por":"wpAdminCofbOrg","Tiempo de lectura":"3 minutos"},"schema":{"@context":"https:\/\/schema.org","@graph":[{"@type":"Article","@id":"https:\/\/novaorg.cofb.net\/2017\/03\/27\/inauguracio-del-nou-curs-sobre-dermofarmacia-programa-dermoexpert\/#article","isPartOf":{"@id":"https:\/\/novaorg.cofb.net\/2017\/03\/27\/inauguracio-del-nou-curs-sobre-dermofarmacia-programa-dermoexpert\/"},"author":{"name":"wpAdminCofbOrg","@id":"https:\/\/www.cofb.org\/#\/schema\/person\/22ed7eea88da74b0fa4d3154ad87ffcb"},"headline":"Inauguraci\u00f3 del nou curs sobre dermofarm\u00e0cia, Programa Dermoexpert","datePublished":"2017-03-27T10:09:41+00:00","dateModified":"2017-03-27T10:09:41+00:00","mainEntityOfPage":{"@id":"https:\/\/novaorg.cofb.net\/2017\/03\/27\/inauguracio-del-nou-curs-sobre-dermofarmacia-programa-dermoexpert\/"},"wordCount":551,"commentCount":0,"publisher":{"@id":"https:\/\/www.cofb.org\/#organization"},"image":{"@id":"https:\/\/novaorg.cofb.net\/2017\/03\/27\/inauguracio-del-nou-curs-sobre-dermofarmacia-programa-dermoexpert\/#primaryimage"},"thumbnailUrl":"","keywords":["Dermofarm\u00e0cia","Formaci\u00f3","inauguraci\u00f3","Programa DermoExpert","Salut pell"],"articleSection":["M\u00f3n col\u00b7legial"],"inLanguage":"es","potentialAction":[{"@type":"CommentAction","name":"Comment","target":["https:\/\/novaorg.cofb.net\/2017\/03\/27\/inauguracio-del-nou-curs-sobre-dermofarmacia-programa-dermoexpert\/#respond"]}]},{"@type":"WebPage","@id":"https:\/\/novaorg.cofb.net\/2017\/03\/27\/inauguracio-del-nou-curs-sobre-dermofarmacia-programa-dermoexpert\/","url":"https:\/\/novaorg.cofb.net\/2017\/03\/27\/inauguracio-del-nou-curs-sobre-dermofarmacia-programa-dermoexpert\/","name":"Inauguraci\u00f3 del nou curs sobre dermofarm\u00e0cia, Programa Dermoexpert","isPartOf":{"@id":"https:\/\/www.cofb.org\/#website"},"primaryImageOfPage":{"@id":"https:\/\/novaorg.cofb.net\/2017\/03\/27\/inauguracio-del-nou-curs-sobre-dermofarmacia-programa-dermoexpert\/#primaryimage"},"image":{"@id":"https:\/\/novaorg.cofb.net\/2017\/03\/27\/inauguracio-del-nou-curs-sobre-dermofarmacia-programa-dermoexpert\/#primaryimage"},"thumbnailUrl":"","datePublished":"2017-03-27T10:09:41+00:00","dateModified":"2017-03-27T10:09:41+00:00","description":"Inauguraci\u00f3 del nou curs sobre dermofarm\u00e0cia, Programa Dermoexpert","breadcrumb":{"@id":"https:\/\/novaorg.cofb.net\/2017\/03\/27\/inauguracio-del-nou-curs-sobre-dermofarmacia-programa-dermoexpert\/#breadcrumb"},"inLanguage":"es","potentialAction":[{"@type":"ReadAction","target":["https:\/\/novaorg.cofb.net\/2017\/03\/27\/inauguracio-del-nou-curs-sobre-dermofarmacia-programa-dermoexpert\/"]}]},{"@type":"ImageObject","inLanguage":"es","@id":"https:\/\/novaorg.cofb.net\/2017\/03\/27\/inauguracio-del-nou-curs-sobre-dermofarmacia-programa-dermoexpert\/#primaryimage","url":"","contentUrl":""},{"@type":"BreadcrumbList","@id":"https:\/\/novaorg.cofb.net\/2017\/03\/27\/inauguracio-del-nou-curs-sobre-dermofarmacia-programa-dermoexpert\/#breadcrumb","itemListElement":[{"@type":"ListItem","position":1,"name":"Inici","item":"https:\/\/novaorg.cofb.net\/"},{"@type":"ListItem","position":2,"name":"Inauguraci\u00f3 del nou curs sobre dermofarm\u00e0cia, Programa Dermoexpert"}]},{"@type":"WebSite","@id":"https:\/\/www.cofb.org\/#website","url":"https:\/\/www.cofb.org\/","name":"Col\u00b7legi de Farmac\u00e8utics de Barcelona","description":"","publisher":{"@id":"https:\/\/www.cofb.org\/#organization"},"potentialAction":[{"@type":"SearchAction","target":{"@type":"EntryPoint","urlTemplate":"https:\/\/www.cofb.org\/?s={search_term_string}"},"query-input":"required name=search_term_string"}],"inLanguage":"es"},{"@type":"Organization","@id":"https:\/\/www.cofb.org\/#organization","name":"Col\u00b7legi de Farmac\u00e8utics de Barcelona","url":"https:\/\/www.cofb.org\/","logo":{"@type":"ImageObject","inLanguage":"es","@id":"https:\/\/www.cofb.org\/#\/schema\/logo\/image\/","url":"https:\/\/www.cofb.org\/wp-content\/uploads\/2023\/11\/cropped-Logotip-COFB.png","contentUrl":"https:\/\/www.cofb.org\/wp-content\/uploads\/2023\/11\/cropped-Logotip-COFB.png","width":500,"height":105,"caption":"Col\u00b7legi de Farmac\u00e8utics de Barcelona"},"image":{"@id":"https:\/\/www.cofb.org\/#\/schema\/logo\/image\/"},"sameAs":["https:\/\/www.facebook.com\/farmaceuticsbcn\/","https:\/\/twitter.com\/farmaceuticsbcn","https:\/\/www.instagram.com\/farmaceuticsbcn\/","https:\/\/www.linkedin.com\/company\/farmaceuticsbcn\/"]},{"@type":"Person","@id":"https:\/\/www.cofb.org\/#\/schema\/person\/22ed7eea88da74b0fa4d3154ad87ffcb","name":"wpAdminCofbOrg","image":{"@type":"ImageObject","inLanguage":"es","@id":"https:\/\/www.cofb.org\/#\/schema\/person\/image\/","url":"https:\/\/secure.gravatar.com\/avatar\/1721b20b3b8ca882c3b56ec6c978c594fff670e40c0718e9190eaeeb76aae7d8?s=96&d=mm&r=g","contentUrl":"https:\/\/secure.gravatar.com\/avatar\/1721b20b3b8ca882c3b56ec6c978c594fff670e40c0718e9190eaeeb76aae7d8?s=96&d=mm&r=g","caption":"wpAdminCofbOrg"},"sameAs":["http:\/\/192.168.64.122\/wordpress"],"url":"https:\/\/www.cofb.org\/es\/author\/wpadmincofborg\/"}]}},"uagb_featured_image_src":{"full":false,"thumbnail":false,"medium":false,"medium_large":false,"large":false,"1536x1536":false,"2048x2048":false,"trp-custom-language-flag":false},"uagb_author_info":{"display_name":"wpAdminCofbOrg","author_link":"https:\/\/www.cofb.org\/es\/author\/wpadmincofborg\/"},"uagb_comment_info":0,"uagb_excerpt":"&#8220;El\u00a0Programa DermoExpert busca la qualitat del nostre coneixement professional en un camp en creixement, el de la dermofarm\u00e0cia&#8221;. Aix\u00ed ho afirmava el president del Col\u00b7legi, Jordi de Dalmases, durant la inauguraci\u00f3 del curs\u00a0Programa DermoExpert\u00a0(via intranet col\u00b7legial) que, enguany, celebra la seva primera edici\u00f3. De Dalmases va emfatitzar en qu\u00e8, des [&hellip;]","_links":{"self":[{"href":"https:\/\/www.cofb.org\/es\/wp-json\/wp\/v2\/posts\/28559","targetHints":{"allow":["GET"]}}],"collection":[{"href":"https:\/\/www.cofb.org\/es\/wp-json\/wp\/v2\/posts"}],"about":[{"href":"https:\/\/www.cofb.org\/es\/wp-json\/wp\/v2\/types\/post"}],"author":[{"embeddable":true,"href":"https:\/\/www.cofb.org\/es\/wp-json\/wp\/v2\/users\/1"}],"replies":[{"embeddable":true,"href":"https:\/\/www.cofb.org\/es\/wp-json\/wp\/v2\/comments?post=28559"}],"version-history":[{"count":0,"href":"https:\/\/www.cofb.org\/es\/wp-json\/wp\/v2\/posts\/28559\/revisions"}],"wp:featuredmedia":[{"embeddable":true,"href":"https:\/\/www.cofb.org\/es\/wp-json\/"}],"wp:attachment":[{"href":"https:\/\/www.cofb.org\/es\/wp-json\/wp\/v2\/media?parent=28559"}],"wp:term":[{"taxonomy":"category","embeddable":true,"href":"https:\/\/www.cofb.org\/es\/wp-json\/wp\/v2\/categories?post=28559"},{"taxonomy":"post_tag","embeddable":true,"href":"https:\/\/www.cofb.org\/es\/wp-json\/wp\/v2\/tags?post=28559"}],"curies":[{"name":"wp","href":"https:\/\/api.w.org\/{rel}","templated":true}]}}